{"id":38468,"date":"2023-02-06T09:33:08","date_gmt":"2023-02-06T12:33:08","guid":{"rendered":"https:\/\/jornalfatosenoticias.com.br\/?p=38468"},"modified":"2023-02-06T09:33:09","modified_gmt":"2023-02-06T12:33:09","slug":"lula-usou-ministros-e-turbinou-promessas-de-cargos-para-reeleger-pacheco-no-senado","status":"publish","type":"post","link":"https:\/\/jornalfatosenoticias.com.br\/index.php\/2023\/02\/06\/lula-usou-ministros-e-turbinou-promessas-de-cargos-para-reeleger-pacheco-no-senado\/","title":{"rendered":"Lula usou ministros e turbinou promessas de cargos para reeleger Pacheco no Senado"},"content":{"rendered":"\n<p><em><span class=\"has-inline-color has-black-color\">Parlamentares tamb\u00e9m articularam abertura de espa\u00e7os em comiss\u00f5es<\/span><\/em><\/p>\n\n\n\n<div class=\"wp-block-image\"><figure class=\"aligncenter size-large\"><img loading=\"lazy\" decoding=\"async\" width=\"1024\" height=\"110\" src=\"https:\/\/jornalfatosenoticias.com.br\/wp-content\/uploads\/2022\/10\/Arte-jornal-Zucchi-1120x120_Prancheta-1-1024x110.jpg\" alt=\"\" class=\"wp-image-34772\" srcset=\"https:\/\/jornalfatosenoticias.com.br\/wp-content\/uploads\/2022\/10\/Arte-jornal-Zucchi-1120x120_Prancheta-1-1024x110.jpg 1024w, https:\/\/jornalfatosenoticias.com.br\/wp-content\/uploads\/2022\/10\/Arte-jornal-Zucchi-1120x120_Prancheta-1-300x32.jpg 300w, https:\/\/jornalfatosenoticias.com.br\/wp-content\/uploads\/2022\/10\/Arte-jornal-Zucchi-1120x120_Prancheta-1-768x82.jpg 768w, https:\/\/jornalfatosenoticias.com.br\/wp-content\/uploads\/2022\/10\/Arte-jornal-Zucchi-1120x120_Prancheta-1-1536x165.jpg 1536w, https:\/\/jornalfatosenoticias.com.br\/wp-content\/uploads\/2022\/10\/Arte-jornal-Zucchi-1120x120_Prancheta-1-2048x219.jpg 2048w\" sizes=\"auto, (max-width: 1024px) 100vw, 1024px\" \/><\/figure><\/div>\n\n\n\n<p>Na reta final da disputa no Senado para eleger o presidente da C\u00e2mara, integrantes do governo Luiz In\u00e1cio Lula da Silva (PT) entraram em campo e intensificaram os esfor\u00e7os para garantir a vit\u00f3ria de Rodrigo Pacheco (PSD-MG).<br>Na v\u00e9spera da vota\u00e7\u00e3o, parlamentares da base aliada acionaram o governo e alertaram sobre a possibilidade de crescimento de Rog\u00e9rio Marinho (PL), que foi advers\u00e1rio de Pacheco.<\/p>\n\n\n\n<div class=\"wp-block-image\"><figure class=\"aligncenter size-large is-resized\"><img loading=\"lazy\" decoding=\"async\" src=\"https:\/\/jornalfatosenoticias.com.br\/wp-content\/uploads\/2022\/02\/Precisao-Contabilidade-1024x724.jpg\" alt=\"\" class=\"wp-image-28088\" width=\"293\" height=\"207\"\/><\/figure><\/div>\n\n\n\n<p>Em rea\u00e7\u00e3o, segundo informa\u00e7\u00f5es da Folha de S. Paulo, o Pal\u00e1cio do Planalto acionou dirigentes de partidos como PSD e Uni\u00e3o Brasil para levantar bandeiras de promessas de entregas de cargos. Entre os pedidos, segundo o ve\u00edculo, est\u00e3o pedidos de cargos em empresas p\u00fablicas, como a Funda\u00e7\u00e3o de Assist\u00eancia ao Servidor P\u00fablico (Geap).<\/p>\n\n\n\n<div class=\"wp-block-image\"><figure class=\"aligncenter size-large\"><img decoding=\"async\" src=\"https:\/\/jornalfatosenoticias.com.br\/wp-content\/uploads\/2020\/02\/logo_esteio.jpg\" alt=\"\" class=\"wp-image-1214\"\/><\/figure><\/div>\n\n\n\n<p>Al\u00e9m disso, ministros do governo tamb\u00e9m foram acionados para atuarem em busca de votos para derrotar Marinho.<\/p>\n\n\n\n<p><strong><em>Fonte: <a href=\"https:\/\/www.conexaopolitica.com.br\/congresso\/governo-lula-usou-ministros-e-turbinou-promessas-de-cargos-para-reeleger-pacheco-no-senado\/\">Conex\u00e3o Pol\u00edtica<\/a><\/em><\/strong><\/p>\n","protected":false},"excerpt":{"rendered":"<p>Parlamentares tamb\u00e9m articularam abertura de espa\u00e7os em comiss\u00f5es Na reta final da disputa no Senado para eleger o presidente da C\u00e2mara, integrantes do governo Luiz In\u00e1cio Lula da Silva (PT) entraram em campo e intensificaram os esfor\u00e7os para garantir a vit\u00f3ria de Rodrigo Pacheco (PSD-MG).Na v\u00e9spera da vota\u00e7\u00e3o, parlamentares da base aliada acionaram o governo [&hellip;]<\/p>\n","protected":false},"author":2,"featured_media":38469,"comment_status":"open","ping_status":"open","sticky":false,"template":"","format":"standard","meta":{"footnotes":""},"categories":[10],"tags":[2129,7580,8580,14068],"class_list":["post-38468","post","type-post","status-publish","format-standard","has-post-thumbnail","hentry","category-politica","tag-corrupcao","tag-lula","tag-rodrigo-pacheco","tag-senadores"],"yoast_head":"<!-- This site is optimized with the Yoast SEO plugin v26.5 - https:\/\/yoast.com\/wordpress\/plugins\/seo\/ -->\n<title>Lula usou ministros e turbinou promessas de cargos para reeleger Pacheco no Senado - Jornal Fatos e Not\u00edcias<\/title>\n<meta name=\"robots\" content=\"index, follow, max-snippet:-1, max-image-preview:large, max-video-preview:-1\" \/>\n<link rel=\"canonical\" href=\"https:\/\/jornalfatosenoticias.com.br\/index.php\/2023\/02\/06\/lula-usou-ministros-e-turbinou-promessas-de-cargos-para-reeleger-pacheco-no-senado\/\" \/>\n<meta property=\"og:locale\" content=\"pt_BR\" \/>\n<meta property=\"og:type\" content=\"article\" \/>\n<meta property=\"og:title\" content=\"Lula usou ministros e turbinou promessas de cargos para reeleger Pacheco no Senado - Jornal Fatos e Not\u00edcias\" \/>\n<meta property=\"og:description\" content=\"Parlamentares tamb\u00e9m articularam abertura de espa\u00e7os em comiss\u00f5es Na reta final da disputa no Senado para eleger o presidente da C\u00e2mara, integrantes do governo Luiz In\u00e1cio Lula da Silva (PT) entraram em campo e intensificaram os esfor\u00e7os para garantir a vit\u00f3ria de Rodrigo Pacheco (PSD-MG).Na v\u00e9spera da vota\u00e7\u00e3o, parlamentares da base aliada acionaram o governo [&hellip;]\" \/>\n<meta property=\"og:url\" content=\"https:\/\/jornalfatosenoticias.com.br\/index.php\/2023\/02\/06\/lula-usou-ministros-e-turbinou-promessas-de-cargos-para-reeleger-pacheco-no-senado\/\" \/>\n<meta property=\"og:site_name\" content=\"Jornal Fatos e Not\u00edcias\" \/>\n<meta property=\"article:published_time\" content=\"2023-02-06T12:33:08+00:00\" \/>\n<meta property=\"article:modified_time\" content=\"2023-02-06T12:33:09+00:00\" \/>\n<meta property=\"og:image\" content=\"https:\/\/jornalfatosenoticias.com.br\/wp-content\/uploads\/2023\/02\/qua.dri_.lha_.jpg\" \/>\n\t<meta property=\"og:image:width\" content=\"1000\" \/>\n\t<meta property=\"og:image:height\" content=\"666\" \/>\n\t<meta property=\"og:image:type\" content=\"image\/jpeg\" \/>\n<meta name=\"author\" content=\"Luzimara Fernandes\" \/>\n<meta name=\"twitter:card\" content=\"summary_large_image\" \/>\n<meta name=\"twitter:label1\" content=\"Escrito por\" \/>\n\t<meta name=\"twitter:data1\" content=\"Luzimara Fernandes\" \/>\n\t<meta name=\"twitter:label2\" content=\"Est. tempo de leitura\" \/>\n\t<meta name=\"twitter:data2\" content=\"1 minuto\" \/>\n<script type=\"application\/ld+json\" class=\"yoast-schema-graph\">{\"@context\":\"https:\/\/schema.org\",\"@graph\":[{\"@type\":\"Article\",\"@id\":\"https:\/\/jornalfatosenoticias.com.br\/index.php\/2023\/02\/06\/lula-usou-ministros-e-turbinou-promessas-de-cargos-para-reeleger-pacheco-no-senado\/#article\",\"isPartOf\":{\"@id\":\"https:\/\/jornalfatosenoticias.com.br\/index.php\/2023\/02\/06\/lula-usou-ministros-e-turbinou-promessas-de-cargos-para-reeleger-pacheco-no-senado\/\"},\"author\":{\"name\":\"Luzimara Fernandes\",\"@id\":\"https:\/\/jornalfatosenoticias.com.br\/#\/schema\/person\/d63837fa13ac8666eb9e74e0985d6f81\"},\"headline\":\"Lula usou ministros e turbinou promessas de cargos para reeleger Pacheco no Senado\",\"datePublished\":\"2023-02-06T12:33:08+00:00\",\"dateModified\":\"2023-02-06T12:33:09+00:00\",\"mainEntityOfPage\":{\"@id\":\"https:\/\/jornalfatosenoticias.com.br\/index.php\/2023\/02\/06\/lula-usou-ministros-e-turbinou-promessas-de-cargos-para-reeleger-pacheco-no-senado\/\"},\"wordCount\":183,\"commentCount\":0,\"publisher\":{\"@id\":\"https:\/\/jornalfatosenoticias.com.br\/#organization\"},\"image\":{\"@id\":\"https:\/\/jornalfatosenoticias.com.br\/index.php\/2023\/02\/06\/lula-usou-ministros-e-turbinou-promessas-de-cargos-para-reeleger-pacheco-no-senado\/#primaryimage\"},\"thumbnailUrl\":\"https:\/\/jornalfatosenoticias.com.br\/wp-content\/uploads\/2023\/02\/qua.dri_.lha_.jpg\",\"keywords\":[\"corrup\u00e7\u00e3o\",\"Lula\",\"Rodrigo Pacheco\",\"senadores\"],\"articleSection\":[\"Pol\u00edtica\"],\"inLanguage\":\"pt-BR\",\"potentialAction\":[{\"@type\":\"CommentAction\",\"name\":\"Comment\",\"target\":[\"https:\/\/jornalfatosenoticias.com.br\/index.php\/2023\/02\/06\/lula-usou-ministros-e-turbinou-promessas-de-cargos-para-reeleger-pacheco-no-senado\/#respond\"]}]},{\"@type\":\"WebPage\",\"@id\":\"https:\/\/jornalfatosenoticias.com.br\/index.php\/2023\/02\/06\/lula-usou-ministros-e-turbinou-promessas-de-cargos-para-reeleger-pacheco-no-senado\/\",\"url\":\"https:\/\/jornalfatosenoticias.com.br\/index.php\/2023\/02\/06\/lula-usou-ministros-e-turbinou-promessas-de-cargos-para-reeleger-pacheco-no-senado\/\",\"name\":\"Lula usou ministros e turbinou promessas de cargos para reeleger Pacheco no Senado - Jornal Fatos e Not\u00edcias\",\"isPartOf\":{\"@id\":\"https:\/\/jornalfatosenoticias.com.br\/#website\"},\"primaryImageOfPage\":{\"@id\":\"https:\/\/jornalfatosenoticias.com.br\/index.php\/2023\/02\/06\/lula-usou-ministros-e-turbinou-promessas-de-cargos-para-reeleger-pacheco-no-senado\/#primaryimage\"},\"image\":{\"@id\":\"https:\/\/jornalfatosenoticias.com.br\/index.php\/2023\/02\/06\/lula-usou-ministros-e-turbinou-promessas-de-cargos-para-reeleger-pacheco-no-senado\/#primaryimage\"},\"thumbnailUrl\":\"https:\/\/jornalfatosenoticias.com.br\/wp-content\/uploads\/2023\/02\/qua.dri_.lha_.jpg\",\"datePublished\":\"2023-02-06T12:33:08+00:00\",\"dateModified\":\"2023-02-06T12:33:09+00:00\",\"breadcrumb\":{\"@id\":\"https:\/\/jornalfatosenoticias.com.br\/index.php\/2023\/02\/06\/lula-usou-ministros-e-turbinou-promessas-de-cargos-para-reeleger-pacheco-no-senado\/#breadcrumb\"},\"inLanguage\":\"pt-BR\",\"potentialAction\":[{\"@type\":\"ReadAction\",\"target\":[\"https:\/\/jornalfatosenoticias.com.br\/index.php\/2023\/02\/06\/lula-usou-ministros-e-turbinou-promessas-de-cargos-para-reeleger-pacheco-no-senado\/\"]}]},{\"@type\":\"ImageObject\",\"inLanguage\":\"pt-BR\",\"@id\":\"https:\/\/jornalfatosenoticias.com.br\/index.php\/2023\/02\/06\/lula-usou-ministros-e-turbinou-promessas-de-cargos-para-reeleger-pacheco-no-senado\/#primaryimage\",\"url\":\"https:\/\/jornalfatosenoticias.com.br\/wp-content\/uploads\/2023\/02\/qua.dri_.lha_.jpg\",\"contentUrl\":\"https:\/\/jornalfatosenoticias.com.br\/wp-content\/uploads\/2023\/02\/qua.dri_.lha_.jpg\",\"width\":1000,\"height\":666},{\"@type\":\"BreadcrumbList\",\"@id\":\"https:\/\/jornalfatosenoticias.com.br\/index.php\/2023\/02\/06\/lula-usou-ministros-e-turbinou-promessas-de-cargos-para-reeleger-pacheco-no-senado\/#breadcrumb\",\"itemListElement\":[{\"@type\":\"ListItem\",\"position\":1,\"name\":\"In\u00edcio\",\"item\":\"https:\/\/jornalfatosenoticias.com.br\/\"},{\"@type\":\"ListItem\",\"position\":2,\"name\":\"Lula usou ministros e turbinou promessas de cargos para reeleger Pacheco no Senado\"}]},{\"@type\":\"WebSite\",\"@id\":\"https:\/\/jornalfatosenoticias.com.br\/#website\",\"url\":\"https:\/\/jornalfatosenoticias.com.br\/\",\"name\":\"Jornal Fatos e Not\u00edcias\",\"description\":\"Not\u00edcias em geral\",\"publisher\":{\"@id\":\"https:\/\/jornalfatosenoticias.com.br\/#organization\"},\"potentialAction\":[{\"@type\":\"SearchAction\",\"target\":{\"@type\":\"EntryPoint\",\"urlTemplate\":\"https:\/\/jornalfatosenoticias.com.br\/?s={search_term_string}\"},\"query-input\":{\"@type\":\"PropertyValueSpecification\",\"valueRequired\":true,\"valueName\":\"search_term_string\"}}],\"inLanguage\":\"pt-BR\"},{\"@type\":\"Organization\",\"@id\":\"https:\/\/jornalfatosenoticias.com.br\/#organization\",\"name\":\"Jornal Fatos e Not\u00edcias\",\"url\":\"https:\/\/jornalfatosenoticias.com.br\/\",\"logo\":{\"@type\":\"ImageObject\",\"inLanguage\":\"pt-BR\",\"@id\":\"https:\/\/jornalfatosenoticias.com.br\/#\/schema\/logo\/image\/\",\"url\":\"https:\/\/jornalfatosenoticias.com.br\/wp-content\/uploads\/2020\/02\/logo120.png\",\"contentUrl\":\"https:\/\/jornalfatosenoticias.com.br\/wp-content\/uploads\/2020\/02\/logo120.png\",\"width\":1227,\"height\":120,\"caption\":\"Jornal Fatos e Not\u00edcias\"},\"image\":{\"@id\":\"https:\/\/jornalfatosenoticias.com.br\/#\/schema\/logo\/image\/\"}},{\"@type\":\"Person\",\"@id\":\"https:\/\/jornalfatosenoticias.com.br\/#\/schema\/person\/d63837fa13ac8666eb9e74e0985d6f81\",\"name\":\"Luzimara Fernandes\",\"image\":{\"@type\":\"ImageObject\",\"inLanguage\":\"pt-BR\",\"@id\":\"https:\/\/jornalfatosenoticias.com.br\/#\/schema\/person\/image\/\",\"url\":\"https:\/\/jornalfatosenoticias.com.br\/wp-content\/uploads\/2025\/05\/EU_portal.jpg\",\"contentUrl\":\"https:\/\/jornalfatosenoticias.com.br\/wp-content\/uploads\/2025\/05\/EU_portal.jpg\",\"caption\":\"Luzimara Fernandes\"},\"description\":\"Jornalista MTB 2358-ES\",\"sameAs\":[\"https:\/\/jornalfatosenoticias.com.br\"],\"url\":\"https:\/\/jornalfatosenoticias.com.br\/index.php\/author\/luzimara\/\"}]}<\/script>\n<!-- \/ Yoast SEO plugin. -->","yoast_head_json":{"title":"Lula usou ministros e turbinou promessas de cargos para reeleger Pacheco no Senado - Jornal Fatos e Not\u00edcias","robots":{"index":"index","follow":"follow","max-snippet":"max-snippet:-1","max-image-preview":"max-image-preview:large","max-video-preview":"max-video-preview:-1"},"canonical":"https:\/\/jornalfatosenoticias.com.br\/index.php\/2023\/02\/06\/lula-usou-ministros-e-turbinou-promessas-de-cargos-para-reeleger-pacheco-no-senado\/","og_locale":"pt_BR","og_type":"article","og_title":"Lula usou ministros e turbinou promessas de cargos para reeleger Pacheco no Senado - Jornal Fatos e Not\u00edcias","og_description":"Parlamentares tamb\u00e9m articularam abertura de espa\u00e7os em comiss\u00f5es Na reta final da disputa no Senado para eleger o presidente da C\u00e2mara, integrantes do governo Luiz In\u00e1cio Lula da Silva (PT) entraram em campo e intensificaram os esfor\u00e7os para garantir a vit\u00f3ria de Rodrigo Pacheco (PSD-MG).Na v\u00e9spera da vota\u00e7\u00e3o, parlamentares da base aliada acionaram o governo [&hellip;]","og_url":"https:\/\/jornalfatosenoticias.com.br\/index.php\/2023\/02\/06\/lula-usou-ministros-e-turbinou-promessas-de-cargos-para-reeleger-pacheco-no-senado\/","og_site_name":"Jornal Fatos e Not\u00edcias","article_published_time":"2023-02-06T12:33:08+00:00","article_modified_time":"2023-02-06T12:33:09+00:00","og_image":[{"width":1000,"height":666,"url":"https:\/\/jornalfatosenoticias.com.br\/wp-content\/uploads\/2023\/02\/qua.dri_.lha_.jpg","type":"image\/jpeg"}],"author":"Luzimara Fernandes","twitter_card":"summary_large_image","twitter_misc":{"Escrito por":"Luzimara Fernandes","Est. tempo de leitura":"1 minuto"},"schema":{"@context":"https:\/\/schema.org","@graph":[{"@type":"Article","@id":"https:\/\/jornalfatosenoticias.com.br\/index.php\/2023\/02\/06\/lula-usou-ministros-e-turbinou-promessas-de-cargos-para-reeleger-pacheco-no-senado\/#article","isPartOf":{"@id":"https:\/\/jornalfatosenoticias.com.br\/index.php\/2023\/02\/06\/lula-usou-ministros-e-turbinou-promessas-de-cargos-para-reeleger-pacheco-no-senado\/"},"author":{"name":"Luzimara Fernandes","@id":"https:\/\/jornalfatosenoticias.com.br\/#\/schema\/person\/d63837fa13ac8666eb9e74e0985d6f81"},"headline":"Lula usou ministros e turbinou promessas de cargos para reeleger Pacheco no Senado","datePublished":"2023-02-06T12:33:08+00:00","dateModified":"2023-02-06T12:33:09+00:00","mainEntityOfPage":{"@id":"https:\/\/jornalfatosenoticias.com.br\/index.php\/2023\/02\/06\/lula-usou-ministros-e-turbinou-promessas-de-cargos-para-reeleger-pacheco-no-senado\/"},"wordCount":183,"commentCount":0,"publisher":{"@id":"https:\/\/jornalfatosenoticias.com.br\/#organization"},"image":{"@id":"https:\/\/jornalfatosenoticias.com.br\/index.php\/2023\/02\/06\/lula-usou-ministros-e-turbinou-promessas-de-cargos-para-reeleger-pacheco-no-senado\/#primaryimage"},"thumbnailUrl":"https:\/\/jornalfatosenoticias.com.br\/wp-content\/uploads\/2023\/02\/qua.dri_.lha_.jpg","keywords":["corrup\u00e7\u00e3o","Lula","Rodrigo Pacheco","senadores"],"articleSection":["Pol\u00edtica"],"inLanguage":"pt-BR","potentialAction":[{"@type":"CommentAction","name":"Comment","target":["https:\/\/jornalfatosenoticias.com.br\/index.php\/2023\/02\/06\/lula-usou-ministros-e-turbinou-promessas-de-cargos-para-reeleger-pacheco-no-senado\/#respond"]}]},{"@type":"WebPage","@id":"https:\/\/jornalfatosenoticias.com.br\/index.php\/2023\/02\/06\/lula-usou-ministros-e-turbinou-promessas-de-cargos-para-reeleger-pacheco-no-senado\/","url":"https:\/\/jornalfatosenoticias.com.br\/index.php\/2023\/02\/06\/lula-usou-ministros-e-turbinou-promessas-de-cargos-para-reeleger-pacheco-no-senado\/","name":"Lula usou ministros e turbinou promessas de cargos para reeleger Pacheco no Senado - Jornal Fatos e Not\u00edcias","isPartOf":{"@id":"https:\/\/jornalfatosenoticias.com.br\/#website"},"primaryImageOfPage":{"@id":"https:\/\/jornalfatosenoticias.com.br\/index.php\/2023\/02\/06\/lula-usou-ministros-e-turbinou-promessas-de-cargos-para-reeleger-pacheco-no-senado\/#primaryimage"},"image":{"@id":"https:\/\/jornalfatosenoticias.com.br\/index.php\/2023\/02\/06\/lula-usou-ministros-e-turbinou-promessas-de-cargos-para-reeleger-pacheco-no-senado\/#primaryimage"},"thumbnailUrl":"https:\/\/jornalfatosenoticias.com.br\/wp-content\/uploads\/2023\/02\/qua.dri_.lha_.jpg","datePublished":"2023-02-06T12:33:08+00:00","dateModified":"2023-02-06T12:33:09+00:00","breadcrumb":{"@id":"https:\/\/jornalfatosenoticias.com.br\/index.php\/2023\/02\/06\/lula-usou-ministros-e-turbinou-promessas-de-cargos-para-reeleger-pacheco-no-senado\/#breadcrumb"},"inLanguage":"pt-BR","potentialAction":[{"@type":"ReadAction","target":["https:\/\/jornalfatosenoticias.com.br\/index.php\/2023\/02\/06\/lula-usou-ministros-e-turbinou-promessas-de-cargos-para-reeleger-pacheco-no-senado\/"]}]},{"@type":"ImageObject","inLanguage":"pt-BR","@id":"https:\/\/jornalfatosenoticias.com.br\/index.php\/2023\/02\/06\/lula-usou-ministros-e-turbinou-promessas-de-cargos-para-reeleger-pacheco-no-senado\/#primaryimage","url":"https:\/\/jornalfatosenoticias.com.br\/wp-content\/uploads\/2023\/02\/qua.dri_.lha_.jpg","contentUrl":"https:\/\/jornalfatosenoticias.com.br\/wp-content\/uploads\/2023\/02\/qua.dri_.lha_.jpg","width":1000,"height":666},{"@type":"BreadcrumbList","@id":"https:\/\/jornalfatosenoticias.com.br\/index.php\/2023\/02\/06\/lula-usou-ministros-e-turbinou-promessas-de-cargos-para-reeleger-pacheco-no-senado\/#breadcrumb","itemListElement":[{"@type":"ListItem","position":1,"name":"In\u00edcio","item":"https:\/\/jornalfatosenoticias.com.br\/"},{"@type":"ListItem","position":2,"name":"Lula usou ministros e turbinou promessas de cargos para reeleger Pacheco no Senado"}]},{"@type":"WebSite","@id":"https:\/\/jornalfatosenoticias.com.br\/#website","url":"https:\/\/jornalfatosenoticias.com.br\/","name":"Jornal Fatos e Not\u00edcias","description":"Not\u00edcias em geral","publisher":{"@id":"https:\/\/jornalfatosenoticias.com.br\/#organization"},"potentialAction":[{"@type":"SearchAction","target":{"@type":"EntryPoint","urlTemplate":"https:\/\/jornalfatosenoticias.com.br\/?s={search_term_string}"},"query-input":{"@type":"PropertyValueSpecification","valueRequired":true,"valueName":"search_term_string"}}],"inLanguage":"pt-BR"},{"@type":"Organization","@id":"https:\/\/jornalfatosenoticias.com.br\/#organization","name":"Jornal Fatos e Not\u00edcias","url":"https:\/\/jornalfatosenoticias.com.br\/","logo":{"@type":"ImageObject","inLanguage":"pt-BR","@id":"https:\/\/jornalfatosenoticias.com.br\/#\/schema\/logo\/image\/","url":"https:\/\/jornalfatosenoticias.com.br\/wp-content\/uploads\/2020\/02\/logo120.png","contentUrl":"https:\/\/jornalfatosenoticias.com.br\/wp-content\/uploads\/2020\/02\/logo120.png","width":1227,"height":120,"caption":"Jornal Fatos e Not\u00edcias"},"image":{"@id":"https:\/\/jornalfatosenoticias.com.br\/#\/schema\/logo\/image\/"}},{"@type":"Person","@id":"https:\/\/jornalfatosenoticias.com.br\/#\/schema\/person\/d63837fa13ac8666eb9e74e0985d6f81","name":"Luzimara Fernandes","image":{"@type":"ImageObject","inLanguage":"pt-BR","@id":"https:\/\/jornalfatosenoticias.com.br\/#\/schema\/person\/image\/","url":"https:\/\/jornalfatosenoticias.com.br\/wp-content\/uploads\/2025\/05\/EU_portal.jpg","contentUrl":"https:\/\/jornalfatosenoticias.com.br\/wp-content\/uploads\/2025\/05\/EU_portal.jpg","caption":"Luzimara Fernandes"},"description":"Jornalista MTB 2358-ES","sameAs":["https:\/\/jornalfatosenoticias.com.br"],"url":"https:\/\/jornalfatosenoticias.com.br\/index.php\/author\/luzimara\/"}]}},"cc_featured_image_caption":{"caption_text":"(Foto: Jefferson Rudy\/Ag\u00eancia Senado)","source_text":"","source_url":""},"jetpack_featured_media_url":"https:\/\/jornalfatosenoticias.com.br\/wp-content\/uploads\/2023\/02\/qua.dri_.lha_.jpg","_links":{"self":[{"href":"https:\/\/jornalfatosenoticias.com.br\/index.php\/wp-json\/wp\/v2\/posts\/38468","targetHints":{"allow":["GET"]}}],"collection":[{"href":"https:\/\/jornalfatosenoticias.com.br\/index.php\/wp-json\/wp\/v2\/posts"}],"about":[{"href":"https:\/\/jornalfatosenoticias.com.br\/index.php\/wp-json\/wp\/v2\/types\/post"}],"author":[{"embeddable":true,"href":"https:\/\/jornalfatosenoticias.com.br\/index.php\/wp-json\/wp\/v2\/users\/2"}],"replies":[{"embeddable":true,"href":"https:\/\/jornalfatosenoticias.com.br\/index.php\/wp-json\/wp\/v2\/comments?post=38468"}],"version-history":[{"count":0,"href":"https:\/\/jornalfatosenoticias.com.br\/index.php\/wp-json\/wp\/v2\/posts\/38468\/revisions"}],"wp:featuredmedia":[{"embeddable":true,"href":"https:\/\/jornalfatosenoticias.com.br\/index.php\/wp-json\/wp\/v2\/media\/38469"}],"wp:attachment":[{"href":"https:\/\/jornalfatosenoticias.com.br\/index.php\/wp-json\/wp\/v2\/media?parent=38468"}],"wp:term":[{"taxonomy":"category","embeddable":true,"href":"https:\/\/jornalfatosenoticias.com.br\/index.php\/wp-json\/wp\/v2\/categories?post=38468"},{"taxonomy":"post_tag","embeddable":true,"href":"https:\/\/jornalfatosenoticias.com.br\/index.php\/wp-json\/wp\/v2\/tags?post=38468"}],"curies":[{"name":"wp","href":"https:\/\/api.w.org\/{rel}","templated":true}]}}