{"id":38506,"date":"2023-02-07T08:45:42","date_gmt":"2023-02-07T11:45:42","guid":{"rendered":"https:\/\/jornalfatosenoticias.com.br\/?p=38506"},"modified":"2023-02-07T08:45:43","modified_gmt":"2023-02-07T11:45:43","slug":"arvores-podem-evitar-mortes-por-calor-nas-cidades-reforca-estudo","status":"publish","type":"post","link":"https:\/\/jornalfatosenoticias.com.br\/index.php\/2023\/02\/07\/arvores-podem-evitar-mortes-por-calor-nas-cidades-reforca-estudo\/","title":{"rendered":"\u00c1rvores podem evitar mortes por calor nas cidades, refor\u00e7a estudo"},"content":{"rendered":"\n<p><em><span class=\"has-inline-color has-black-color\">Pesquisadores revelam que um ter\u00e7o das mortes causadas pelo calor na Europa poderiam ser evitadas com cobertura arb\u00f3rea de 30%<\/span><\/em><\/p>\n\n\n\n<div class=\"wp-block-image\"><figure class=\"aligncenter size-large\"><img loading=\"lazy\" decoding=\"async\" width=\"729\" height=\"90\" src=\"https:\/\/jornalfatosenoticias.com.br\/wp-content\/uploads\/2020\/02\/Logo_Mizu.png\" alt=\"\" class=\"wp-image-1441\" srcset=\"https:\/\/jornalfatosenoticias.com.br\/wp-content\/uploads\/2020\/02\/Logo_Mizu.png 729w, https:\/\/jornalfatosenoticias.com.br\/wp-content\/uploads\/2020\/02\/Logo_Mizu-300x37.png 300w\" sizes=\"auto, (max-width: 729px) 100vw, 729px\" \/><\/figure><\/div>\n\n\n\n<p>Mais de 4% das mortes ocorridas nas cidades da Europa durante os meses de ver\u00e3o s\u00e3o devidas a ilhas de calor urbano, e um ter\u00e7o dessas mortes poderiam ser evitadas se a cobertura arb\u00f3rea fosse de 30%. Essas s\u00e3o as principais conclus\u00f5es de um estudo divulgado agora na revista The Lancet e realizado pelo Instituto de Sa\u00fade Global de Barcelona (ISGlobal). A pesquisa fez uma modelagem com base em dados de 93 cidades europeias, destacam os benef\u00edcios substanciais de plantar mais \u00e1rvores nas cidades para atenuar o impacto da mudan\u00e7a clim\u00e1tica.<\/p>\n\n\n\n<div class=\"wp-block-image\"><figure class=\"aligncenter size-large is-resized\"><img loading=\"lazy\" decoding=\"async\" src=\"https:\/\/jornalfatosenoticias.com.br\/wp-content\/uploads\/2020\/02\/logo-Panper_portal.jpg\" alt=\"\" class=\"wp-image-34474\" width=\"345\" height=\"239\" srcset=\"https:\/\/jornalfatosenoticias.com.br\/wp-content\/uploads\/2020\/02\/logo-Panper_portal.jpg 400w, https:\/\/jornalfatosenoticias.com.br\/wp-content\/uploads\/2020\/02\/logo-Panper_portal-300x208.jpg 300w\" sizes=\"auto, (max-width: 345px) 100vw, 345px\" \/><\/figure><\/div>\n\n\n\n<p>A exposi\u00e7\u00e3o ao calor excessivo tem sido associada \u00e0 mortalidade prematura, agravamento de doen\u00e7as cardiorrespirat\u00f3rias e aumento das interna\u00e7\u00f5es hospitalares. Isto \u00e9 particularmente verdadeiro para ondas de calor, mas tamb\u00e9m ocorre com temperaturas moderadamente altas no ver\u00e3o.<\/p>\n\n\n\n<div class=\"wp-block-image\"><figure class=\"aligncenter size-large\"><img decoding=\"async\" src=\"https:\/\/jornalfatosenoticias.com.br\/wp-content\/uploads\/2020\/02\/logo-embacia-1-1024x110.jpg\" alt=\"\" class=\"wp-image-33954\"\/><\/figure><\/div>\n\n\n\n<p>As cidades s\u00e3o especialmente vulner\u00e1veis porque t\u00eam menos vegeta\u00e7\u00e3o, maior densidade populacional e as superf\u00edcies imperme\u00e1veis em edif\u00edcios e estradas criam uma diferen\u00e7a de temperatura entre a cidade e as \u00e1reas circundantes \u2014 um fen\u00f4meno chamado ilha de calor urbano. Segundo o estudo, o aquecimento global cont\u00ednuo deve agravar este efeito nas pr\u00f3ximas d\u00e9cadas.<\/p>\n\n\n\n<div class=\"wp-block-image\"><figure class=\"aligncenter size-large is-resized\"><img loading=\"lazy\" decoding=\"async\" src=\"https:\/\/jornalfatosenoticias.com.br\/wp-content\/uploads\/2022\/02\/Precisao-Contabilidade-1024x724.jpg\" alt=\"\" class=\"wp-image-28088\" width=\"365\" height=\"258\"\/><\/figure><\/div>\n\n\n\n<figure class=\"wp-block-pullquote\"><blockquote><p><span class=\"has-inline-color has-luminous-vivid-orange-color\">As previs\u00f5es baseadas nas emiss\u00f5es atuais revelam que as doen\u00e7as e mortes relacionadas ao calor se tornar\u00e3o um fardo para os servi\u00e7os de sa\u00fade nas pr\u00f3ximas d\u00e9cadas\u201d, diz a pesquisadora do ISGlobal Tamara Iungman, autora principal do estudo.<\/span><\/p><\/blockquote><\/figure>\n\n\n\n<div class=\"wp-block-image\"><figure class=\"alignright size-large is-resized\"><img decoding=\"async\" src=\"https:\/\/jornalfatosenoticias.com.br\/wp-content\/uploads\/2020\/02\/logo-clinica-limoeiro.jpg\" alt=\"\" class=\"wp-image-34610\" width=\"-54\" height=\"-38\"\/><\/figure><\/div>\n\n\n\n<p><strong><span class=\"has-inline-color has-vivid-green-cyan-color\">Mortes evit\u00e1veis<br><\/span><\/strong>Uma equipe internacional liderada por Mark Nieuwenhuijsen, diretor da Iniciativa de Planejamento Urbano, Meio Ambiente e Sa\u00fade do ISGlobal, estimou as taxas de mortalidade de residentes com mais de 20 anos em 93 cidades europeias (um total de 57 milh\u00f5es de habitantes), entre junho e agosto de 2015. Depois, coletou dados sobre as temperaturas rurais e urbanas di\u00e1rias de cada cidade.<\/p>\n\n\n\n<div class=\"wp-block-image\"><figure class=\"aligncenter size-large\"><img decoding=\"async\" src=\"https:\/\/jornalfatosenoticias.com.br\/wp-content\/uploads\/2020\/02\/barao-das-carnes-300x164-1.jpg\" alt=\"\" class=\"wp-image-34339\"\/><\/figure><\/div>\n\n\n\n<p>Eles estimaram a mortalidade prematura simulando um cen\u00e1rio hipot\u00e9tico sem ilha de calor urbana. Em seguida, estimaram a redu\u00e7\u00e3o da temperatura que seria obtida aumentando a cobertura de \u00e1rvores para 30% e a mortalidade associada que poderia ser evitada. <\/p>\n\n\n\n<div class=\"wp-block-image\"><figure class=\"aligncenter size-large\"><img loading=\"lazy\" decoding=\"async\" width=\"300\" height=\"250\" src=\"https:\/\/jornalfatosenoticias.com.br\/wp-content\/uploads\/2022\/08\/arte-Casarao.jpg\" alt=\"\" class=\"wp-image-33178\"\/><\/figure><\/div>\n\n\n\n<figure class=\"wp-block-pullquote\"><blockquote><p><span class=\"has-inline-color has-luminous-vivid-orange-color\">Nosso objetivo \u00e9 informar os tomadores de decis\u00e3o sobre os benef\u00edcios de manter \u00e1reas verdes em todos os bairros para ambientes urbanos mais sustent\u00e1veis, resistentes e saud\u00e1veis\u201d, explica Nieuwenhuijsen.<\/span><\/p><\/blockquote><\/figure>\n\n\n\n<div class=\"wp-block-image\"><figure class=\"aligncenter size-large\"><img loading=\"lazy\" decoding=\"async\" width=\"1024\" height=\"100\" src=\"https:\/\/jornalfatosenoticias.com.br\/wp-content\/uploads\/2020\/02\/banner_ferramentas-1024x100.jpg\" alt=\"\" class=\"wp-image-1258\" srcset=\"https:\/\/jornalfatosenoticias.com.br\/wp-content\/uploads\/2020\/02\/banner_ferramentas-1024x100.jpg 1024w, https:\/\/jornalfatosenoticias.com.br\/wp-content\/uploads\/2020\/02\/banner_ferramentas-300x29.jpg 300w, https:\/\/jornalfatosenoticias.com.br\/wp-content\/uploads\/2020\/02\/banner_ferramentas-768x75.jpg 768w, https:\/\/jornalfatosenoticias.com.br\/wp-content\/uploads\/2020\/02\/banner_ferramentas.jpg 1227w\" sizes=\"auto, (max-width: 1024px) 100vw, 1024px\" \/><\/figure><\/div>\n\n\n\n<p>Os resultados mostram que, de junho a agosto de 2015, as cidades foram em m\u00e9dia 1,5\u00baC mais quentes do que as \u00e1reas rurais vizinhas. No total, 6.700 mortes prematuras poderiam ser atribu\u00eddas \u00e0s temperaturas urbanas mais quentes, o que representa 4,3% da mortalidade total durante os meses de ver\u00e3o e 1,8% da mortalidade durante todo o ano. Um ter\u00e7o dessas mortes (2.644) poderia ter sido evitado aumentando a cobertura arb\u00f3rea at\u00e9 30%, reduzindo assim as temperaturas.<\/p>\n\n\n\n<div class=\"wp-block-image\"><figure class=\"aligncenter size-large is-resized\"><img loading=\"lazy\" decoding=\"async\" src=\"https:\/\/jornalfatosenoticias.com.br\/wp-content\/uploads\/2020\/02\/nova-logo-Marquetti.jpg\" alt=\"\" class=\"wp-image-22331\" width=\"328\" height=\"220\" srcset=\"https:\/\/jornalfatosenoticias.com.br\/wp-content\/uploads\/2020\/02\/nova-logo-Marquetti.jpg 643w, https:\/\/jornalfatosenoticias.com.br\/wp-content\/uploads\/2020\/02\/nova-logo-Marquetti-300x202.jpg 300w\" sizes=\"auto, (max-width: 328px) 100vw, 328px\" \/><\/figure><\/div>\n\n\n\n<p>As cidades com as maiores taxas de excesso de calor-mortalidade estavam no sul do continente e no Leste Europeu, sendo estas as que mais se beneficiaram de um aumento da cobertura arb\u00f3rea. Os autores reconhecem que plantar mais \u00e1rvores pode ser um desafio em algumas cidades devido ao seu projeto. Eles alertam ainda que o plantio deve ser combinado com interven\u00e7\u00f5es adicionais, como telhados verdes.<\/p>\n\n\n\n<div class=\"wp-block-image\"><figure class=\"aligncenter size-large\"><img decoding=\"async\" src=\"https:\/\/jornalfatosenoticias.com.br\/wp-content\/uploads\/2020\/02\/logo_esteio.jpg\" alt=\"\" class=\"wp-image-1214\"\/><\/figure><\/div>\n\n\n\n<figure class=\"wp-block-pullquote\"><blockquote><p><span class=\"has-inline-color has-luminous-vivid-orange-color\">Nossos resultados tamb\u00e9m mostram a necessidade de preservar e manter as \u00e1rvores que j\u00e1 existem, pois elas s\u00e3o um recurso valioso e leva muito tempo para o cultivo de novas \u00e1rvores. N\u00e3o se trata apenas de aumentar as \u00e1rvores na cidade, trata-se tamb\u00e9m de como elas s\u00e3o distribu\u00eddas\u201d, diz Nieuwenhuijsen.<\/span><\/p><\/blockquote><\/figure>\n\n\n\n<div class=\"wp-block-image\"><figure class=\"aligncenter size-large\"><img decoding=\"async\" src=\"https:\/\/jornalfatosenoticias.com.br\/wp-content\/uploads\/2020\/02\/Serra-Grande-1024x160.png\" alt=\"\" class=\"wp-image-7836\"\/><\/figure><\/div>\n\n\n\n<p>As an\u00e1lises foram feitas com dados de 2015 porque os dados populacionais completos n\u00e3o estavam dispon\u00edveis para os anos posteriores, mas, segundo Iungman, o estudo fornece informa\u00e7\u00f5es v\u00e1lidas para adaptar e tornar o meio urbano mais resilientes ao impacto da mudan\u00e7a clim\u00e1tica sobre a sa\u00fade.<\/p>\n\n\n\n<div class=\"wp-block-image\"><figure class=\"aligncenter size-large is-resized\"><img loading=\"lazy\" decoding=\"async\" src=\"https:\/\/jornalfatosenoticias.com.br\/wp-content\/uploads\/2022\/07\/Logo-Grupo-SEI.jpg\" alt=\"\" class=\"wp-image-31973\" width=\"377\" height=\"198\" srcset=\"https:\/\/jornalfatosenoticias.com.br\/wp-content\/uploads\/2022\/07\/Logo-Grupo-SEI.jpg 713w, https:\/\/jornalfatosenoticias.com.br\/wp-content\/uploads\/2022\/07\/Logo-Grupo-SEI-300x158.jpg 300w\" sizes=\"auto, (max-width: 377px) 100vw, 377px\" \/><\/figure><\/div>\n\n\n\n<figure class=\"wp-block-pullquote\"><blockquote><p><span class=\"has-inline-color has-luminous-vivid-orange-color\">Aqui n\u00f3s s\u00f3 analisamos o efeito de resfriamento das \u00e1rvores, mas tornar as cidades mais verdes t\u00eam muitos outros benef\u00edcios \u00e0 sa\u00fade, incluindo maior expectativa de vida, menos problemas de sa\u00fade mental e melhor funcionamento cognitivo\u201d, acrescenta ela.<\/span><\/p><\/blockquote><\/figure>\n\n\n\n<div class=\"wp-block-image\"><figure class=\"aligncenter size-large is-resized\"><img loading=\"lazy\" decoding=\"async\" src=\"https:\/\/jornalfatosenoticias.com.br\/wp-content\/uploads\/2022\/10\/Arte-jornal-Zucchi-600x600_Prancheta-1-1024x1024.jpg\" alt=\"\" class=\"wp-image-34782\" width=\"296\" height=\"296\" srcset=\"https:\/\/jornalfatosenoticias.com.br\/wp-content\/uploads\/2022\/10\/Arte-jornal-Zucchi-600x600_Prancheta-1-1024x1024.jpg 1024w, https:\/\/jornalfatosenoticias.com.br\/wp-content\/uploads\/2022\/10\/Arte-jornal-Zucchi-600x600_Prancheta-1-300x300.jpg 300w, https:\/\/jornalfatosenoticias.com.br\/wp-content\/uploads\/2022\/10\/Arte-jornal-Zucchi-600x600_Prancheta-1-150x150.jpg 150w, https:\/\/jornalfatosenoticias.com.br\/wp-content\/uploads\/2022\/10\/Arte-jornal-Zucchi-600x600_Prancheta-1-768x768.jpg 768w, https:\/\/jornalfatosenoticias.com.br\/wp-content\/uploads\/2022\/10\/Arte-jornal-Zucchi-600x600_Prancheta-1.jpg 1250w\" sizes=\"auto, (max-width: 296px) 100vw, 296px\" \/><\/figure><\/div>\n\n\n\n<p>\u201cEntender os benef\u00edcios de pol\u00edticas como o aumento da cobertura de \u00e1rvores pode ajudar a informar a\u00e7\u00f5es para reduzir riscos e prevenir mortes evit\u00e1veis, especialmente com as mudan\u00e7as clim\u00e1ticas\u201d, diz Antonio Gasparrini, Professor de Bioestat\u00edstica e Epidemiologia da London School of Hygiene &amp; Tropical Medicine (LSHTM) e um dos autores do estudo.<\/p>\n\n\n\n<p><strong><em>Fonte: <a href=\"https:\/\/ciclovivo.com.br\/arq-urb\/urbanismo\/arvores-podem-evitar-mortes-por-calor-nas-cidades-reforca-estudo\/\">CicloVivo<\/a><\/em><\/strong><\/p>\n","protected":false},"excerpt":{"rendered":"<p>Pesquisadores revelam que um ter\u00e7o das mortes causadas pelo calor na Europa poderiam ser evitadas com cobertura arb\u00f3rea de 30% Mais de 4% das mortes ocorridas nas cidades da Europa durante os meses de ver\u00e3o s\u00e3o devidas a ilhas de calor urbano, e um ter\u00e7o dessas mortes poderiam ser evitadas se a cobertura arb\u00f3rea fosse [&hellip;]<\/p>\n","protected":false},"author":2,"featured_media":38507,"comment_status":"open","ping_status":"open","sticky":false,"template":"","format":"standard","meta":{"footnotes":""},"categories":[744],"tags":[5688,781,18021,18022,18023,8659,74,15912],"class_list":["post-38506","post","type-post","status-publish","format-standard","has-post-thumbnail","hentry","category-arq-urbanismo","tag-areas-verdes","tag-arvores","tag-beneficios-de-arvores","tag-calor-nas-cidades","tag-cobertura-arborea","tag-ilhas-de-calor","tag-saude","tag-urbanismo-sustentavel"],"yoast_head":"<!-- This site is optimized with the Yoast SEO plugin v26.5 - https:\/\/yoast.com\/wordpress\/plugins\/seo\/ -->\n<title>\u00c1rvores podem evitar mortes por calor nas cidades, refor\u00e7a estudo - Jornal Fatos e Not\u00edcias<\/title>\n<meta name=\"robots\" content=\"index, follow, max-snippet:-1, max-image-preview:large, max-video-preview:-1\" \/>\n<link rel=\"canonical\" href=\"https:\/\/jornalfatosenoticias.com.br\/index.php\/2023\/02\/07\/arvores-podem-evitar-mortes-por-calor-nas-cidades-reforca-estudo\/\" \/>\n<meta property=\"og:locale\" content=\"pt_BR\" \/>\n<meta property=\"og:type\" content=\"article\" \/>\n<meta property=\"og:title\" content=\"\u00c1rvores podem evitar mortes por calor nas cidades, refor\u00e7a estudo - Jornal Fatos e Not\u00edcias\" \/>\n<meta property=\"og:description\" content=\"Pesquisadores revelam que um ter\u00e7o das mortes causadas pelo calor na Europa poderiam ser evitadas com cobertura arb\u00f3rea de 30% Mais de 4% das mortes ocorridas nas cidades da Europa durante os meses de ver\u00e3o s\u00e3o devidas a ilhas de calor urbano, e um ter\u00e7o dessas mortes poderiam ser evitadas se a cobertura arb\u00f3rea fosse [&hellip;]\" \/>\n<meta property=\"og:url\" content=\"https:\/\/jornalfatosenoticias.com.br\/index.php\/2023\/02\/07\/arvores-podem-evitar-mortes-por-calor-nas-cidades-reforca-estudo\/\" \/>\n<meta property=\"og:site_name\" content=\"Jornal Fatos e Not\u00edcias\" \/>\n<meta property=\"article:published_time\" content=\"2023-02-07T11:45:42+00:00\" \/>\n<meta property=\"article:modified_time\" content=\"2023-02-07T11:45:43+00:00\" \/>\n<meta property=\"og:image\" content=\"https:\/\/jornalfatosenoticias.com.br\/wp-content\/uploads\/2023\/02\/Arvores-podem-evitar-mortes-por-calor-nas-cidades_iStock.jpg\" \/>\n\t<meta property=\"og:image:width\" content=\"1000\" \/>\n\t<meta property=\"og:image:height\" content=\"667\" \/>\n\t<meta property=\"og:image:type\" content=\"image\/jpeg\" \/>\n<meta name=\"author\" content=\"Luzimara Fernandes\" \/>\n<meta name=\"twitter:card\" content=\"summary_large_image\" \/>\n<meta name=\"twitter:label1\" content=\"Escrito por\" \/>\n\t<meta name=\"twitter:data1\" content=\"Luzimara Fernandes\" \/>\n\t<meta name=\"twitter:label2\" content=\"Est. tempo de leitura\" \/>\n\t<meta name=\"twitter:data2\" content=\"4 minutos\" \/>\n<script type=\"application\/ld+json\" class=\"yoast-schema-graph\">{\"@context\":\"https:\/\/schema.org\",\"@graph\":[{\"@type\":\"Article\",\"@id\":\"https:\/\/jornalfatosenoticias.com.br\/index.php\/2023\/02\/07\/arvores-podem-evitar-mortes-por-calor-nas-cidades-reforca-estudo\/#article\",\"isPartOf\":{\"@id\":\"https:\/\/jornalfatosenoticias.com.br\/index.php\/2023\/02\/07\/arvores-podem-evitar-mortes-por-calor-nas-cidades-reforca-estudo\/\"},\"author\":{\"name\":\"Luzimara Fernandes\",\"@id\":\"https:\/\/jornalfatosenoticias.com.br\/#\/schema\/person\/d63837fa13ac8666eb9e74e0985d6f81\"},\"headline\":\"\u00c1rvores podem evitar mortes por calor nas cidades, refor\u00e7a estudo\",\"datePublished\":\"2023-02-07T11:45:42+00:00\",\"dateModified\":\"2023-02-07T11:45:43+00:00\",\"mainEntityOfPage\":{\"@id\":\"https:\/\/jornalfatosenoticias.com.br\/index.php\/2023\/02\/07\/arvores-podem-evitar-mortes-por-calor-nas-cidades-reforca-estudo\/\"},\"wordCount\":771,\"commentCount\":0,\"publisher\":{\"@id\":\"https:\/\/jornalfatosenoticias.com.br\/#organization\"},\"image\":{\"@id\":\"https:\/\/jornalfatosenoticias.com.br\/index.php\/2023\/02\/07\/arvores-podem-evitar-mortes-por-calor-nas-cidades-reforca-estudo\/#primaryimage\"},\"thumbnailUrl\":\"https:\/\/jornalfatosenoticias.com.br\/wp-content\/uploads\/2023\/02\/Arvores-podem-evitar-mortes-por-calor-nas-cidades_iStock.jpg\",\"keywords\":[\"\u00e1reas verdes\",\"\u00e1rvores\",\"benef\u00edcios de \u00e1rvores\",\"calor nas cidades\",\"cobertura arb\u00f3rea\",\"ilhas de calor\",\"sa\u00fade\",\"urbanismo sustent\u00e1vel\"],\"articleSection\":[\"Arq &amp; Urb\"],\"inLanguage\":\"pt-BR\",\"potentialAction\":[{\"@type\":\"CommentAction\",\"name\":\"Comment\",\"target\":[\"https:\/\/jornalfatosenoticias.com.br\/index.php\/2023\/02\/07\/arvores-podem-evitar-mortes-por-calor-nas-cidades-reforca-estudo\/#respond\"]}]},{\"@type\":\"WebPage\",\"@id\":\"https:\/\/jornalfatosenoticias.com.br\/index.php\/2023\/02\/07\/arvores-podem-evitar-mortes-por-calor-nas-cidades-reforca-estudo\/\",\"url\":\"https:\/\/jornalfatosenoticias.com.br\/index.php\/2023\/02\/07\/arvores-podem-evitar-mortes-por-calor-nas-cidades-reforca-estudo\/\",\"name\":\"\u00c1rvores podem evitar mortes por calor nas cidades, refor\u00e7a estudo - Jornal Fatos e Not\u00edcias\",\"isPartOf\":{\"@id\":\"https:\/\/jornalfatosenoticias.com.br\/#website\"},\"primaryImageOfPage\":{\"@id\":\"https:\/\/jornalfatosenoticias.com.br\/index.php\/2023\/02\/07\/arvores-podem-evitar-mortes-por-calor-nas-cidades-reforca-estudo\/#primaryimage\"},\"image\":{\"@id\":\"https:\/\/jornalfatosenoticias.com.br\/index.php\/2023\/02\/07\/arvores-podem-evitar-mortes-por-calor-nas-cidades-reforca-estudo\/#primaryimage\"},\"thumbnailUrl\":\"https:\/\/jornalfatosenoticias.com.br\/wp-content\/uploads\/2023\/02\/Arvores-podem-evitar-mortes-por-calor-nas-cidades_iStock.jpg\",\"datePublished\":\"2023-02-07T11:45:42+00:00\",\"dateModified\":\"2023-02-07T11:45:43+00:00\",\"breadcrumb\":{\"@id\":\"https:\/\/jornalfatosenoticias.com.br\/index.php\/2023\/02\/07\/arvores-podem-evitar-mortes-por-calor-nas-cidades-reforca-estudo\/#breadcrumb\"},\"inLanguage\":\"pt-BR\",\"potentialAction\":[{\"@type\":\"ReadAction\",\"target\":[\"https:\/\/jornalfatosenoticias.com.br\/index.php\/2023\/02\/07\/arvores-podem-evitar-mortes-por-calor-nas-cidades-reforca-estudo\/\"]}]},{\"@type\":\"ImageObject\",\"inLanguage\":\"pt-BR\",\"@id\":\"https:\/\/jornalfatosenoticias.com.br\/index.php\/2023\/02\/07\/arvores-podem-evitar-mortes-por-calor-nas-cidades-reforca-estudo\/#primaryimage\",\"url\":\"https:\/\/jornalfatosenoticias.com.br\/wp-content\/uploads\/2023\/02\/Arvores-podem-evitar-mortes-por-calor-nas-cidades_iStock.jpg\",\"contentUrl\":\"https:\/\/jornalfatosenoticias.com.br\/wp-content\/uploads\/2023\/02\/Arvores-podem-evitar-mortes-por-calor-nas-cidades_iStock.jpg\",\"width\":1000,\"height\":667},{\"@type\":\"BreadcrumbList\",\"@id\":\"https:\/\/jornalfatosenoticias.com.br\/index.php\/2023\/02\/07\/arvores-podem-evitar-mortes-por-calor-nas-cidades-reforca-estudo\/#breadcrumb\",\"itemListElement\":[{\"@type\":\"ListItem\",\"position\":1,\"name\":\"In\u00edcio\",\"item\":\"https:\/\/jornalfatosenoticias.com.br\/\"},{\"@type\":\"ListItem\",\"position\":2,\"name\":\"\u00c1rvores podem evitar mortes por calor nas cidades, refor\u00e7a estudo\"}]},{\"@type\":\"WebSite\",\"@id\":\"https:\/\/jornalfatosenoticias.com.br\/#website\",\"url\":\"https:\/\/jornalfatosenoticias.com.br\/\",\"name\":\"Jornal Fatos e Not\u00edcias\",\"description\":\"Not\u00edcias em geral\",\"publisher\":{\"@id\":\"https:\/\/jornalfatosenoticias.com.br\/#organization\"},\"potentialAction\":[{\"@type\":\"SearchAction\",\"target\":{\"@type\":\"EntryPoint\",\"urlTemplate\":\"https:\/\/jornalfatosenoticias.com.br\/?s={search_term_string}\"},\"query-input\":{\"@type\":\"PropertyValueSpecification\",\"valueRequired\":true,\"valueName\":\"search_term_string\"}}],\"inLanguage\":\"pt-BR\"},{\"@type\":\"Organization\",\"@id\":\"https:\/\/jornalfatosenoticias.com.br\/#organization\",\"name\":\"Jornal Fatos e Not\u00edcias\",\"url\":\"https:\/\/jornalfatosenoticias.com.br\/\",\"logo\":{\"@type\":\"ImageObject\",\"inLanguage\":\"pt-BR\",\"@id\":\"https:\/\/jornalfatosenoticias.com.br\/#\/schema\/logo\/image\/\",\"url\":\"https:\/\/jornalfatosenoticias.com.br\/wp-content\/uploads\/2020\/02\/logo120.png\",\"contentUrl\":\"https:\/\/jornalfatosenoticias.com.br\/wp-content\/uploads\/2020\/02\/logo120.png\",\"width\":1227,\"height\":120,\"caption\":\"Jornal Fatos e Not\u00edcias\"},\"image\":{\"@id\":\"https:\/\/jornalfatosenoticias.com.br\/#\/schema\/logo\/image\/\"}},{\"@type\":\"Person\",\"@id\":\"https:\/\/jornalfatosenoticias.com.br\/#\/schema\/person\/d63837fa13ac8666eb9e74e0985d6f81\",\"name\":\"Luzimara Fernandes\",\"image\":{\"@type\":\"ImageObject\",\"inLanguage\":\"pt-BR\",\"@id\":\"https:\/\/jornalfatosenoticias.com.br\/#\/schema\/person\/image\/\",\"url\":\"https:\/\/jornalfatosenoticias.com.br\/wp-content\/uploads\/2025\/05\/EU_portal.jpg\",\"contentUrl\":\"https:\/\/jornalfatosenoticias.com.br\/wp-content\/uploads\/2025\/05\/EU_portal.jpg\",\"caption\":\"Luzimara Fernandes\"},\"description\":\"Jornalista MTB 2358-ES\",\"sameAs\":[\"https:\/\/jornalfatosenoticias.com.br\"],\"url\":\"https:\/\/jornalfatosenoticias.com.br\/index.php\/author\/luzimara\/\"}]}<\/script>\n<!-- \/ Yoast SEO plugin. -->","yoast_head_json":{"title":"\u00c1rvores podem evitar mortes por calor nas cidades, refor\u00e7a estudo - Jornal Fatos e Not\u00edcias","robots":{"index":"index","follow":"follow","max-snippet":"max-snippet:-1","max-image-preview":"max-image-preview:large","max-video-preview":"max-video-preview:-1"},"canonical":"https:\/\/jornalfatosenoticias.com.br\/index.php\/2023\/02\/07\/arvores-podem-evitar-mortes-por-calor-nas-cidades-reforca-estudo\/","og_locale":"pt_BR","og_type":"article","og_title":"\u00c1rvores podem evitar mortes por calor nas cidades, refor\u00e7a estudo - Jornal Fatos e Not\u00edcias","og_description":"Pesquisadores revelam que um ter\u00e7o das mortes causadas pelo calor na Europa poderiam ser evitadas com cobertura arb\u00f3rea de 30% Mais de 4% das mortes ocorridas nas cidades da Europa durante os meses de ver\u00e3o s\u00e3o devidas a ilhas de calor urbano, e um ter\u00e7o dessas mortes poderiam ser evitadas se a cobertura arb\u00f3rea fosse [&hellip;]","og_url":"https:\/\/jornalfatosenoticias.com.br\/index.php\/2023\/02\/07\/arvores-podem-evitar-mortes-por-calor-nas-cidades-reforca-estudo\/","og_site_name":"Jornal Fatos e Not\u00edcias","article_published_time":"2023-02-07T11:45:42+00:00","article_modified_time":"2023-02-07T11:45:43+00:00","og_image":[{"width":1000,"height":667,"url":"https:\/\/jornalfatosenoticias.com.br\/wp-content\/uploads\/2023\/02\/Arvores-podem-evitar-mortes-por-calor-nas-cidades_iStock.jpg","type":"image\/jpeg"}],"author":"Luzimara Fernandes","twitter_card":"summary_large_image","twitter_misc":{"Escrito por":"Luzimara Fernandes","Est. tempo de leitura":"4 minutos"},"schema":{"@context":"https:\/\/schema.org","@graph":[{"@type":"Article","@id":"https:\/\/jornalfatosenoticias.com.br\/index.php\/2023\/02\/07\/arvores-podem-evitar-mortes-por-calor-nas-cidades-reforca-estudo\/#article","isPartOf":{"@id":"https:\/\/jornalfatosenoticias.com.br\/index.php\/2023\/02\/07\/arvores-podem-evitar-mortes-por-calor-nas-cidades-reforca-estudo\/"},"author":{"name":"Luzimara Fernandes","@id":"https:\/\/jornalfatosenoticias.com.br\/#\/schema\/person\/d63837fa13ac8666eb9e74e0985d6f81"},"headline":"\u00c1rvores podem evitar mortes por calor nas cidades, refor\u00e7a estudo","datePublished":"2023-02-07T11:45:42+00:00","dateModified":"2023-02-07T11:45:43+00:00","mainEntityOfPage":{"@id":"https:\/\/jornalfatosenoticias.com.br\/index.php\/2023\/02\/07\/arvores-podem-evitar-mortes-por-calor-nas-cidades-reforca-estudo\/"},"wordCount":771,"commentCount":0,"publisher":{"@id":"https:\/\/jornalfatosenoticias.com.br\/#organization"},"image":{"@id":"https:\/\/jornalfatosenoticias.com.br\/index.php\/2023\/02\/07\/arvores-podem-evitar-mortes-por-calor-nas-cidades-reforca-estudo\/#primaryimage"},"thumbnailUrl":"https:\/\/jornalfatosenoticias.com.br\/wp-content\/uploads\/2023\/02\/Arvores-podem-evitar-mortes-por-calor-nas-cidades_iStock.jpg","keywords":["\u00e1reas verdes","\u00e1rvores","benef\u00edcios de \u00e1rvores","calor nas cidades","cobertura arb\u00f3rea","ilhas de calor","sa\u00fade","urbanismo sustent\u00e1vel"],"articleSection":["Arq &amp; Urb"],"inLanguage":"pt-BR","potentialAction":[{"@type":"CommentAction","name":"Comment","target":["https:\/\/jornalfatosenoticias.com.br\/index.php\/2023\/02\/07\/arvores-podem-evitar-mortes-por-calor-nas-cidades-reforca-estudo\/#respond"]}]},{"@type":"WebPage","@id":"https:\/\/jornalfatosenoticias.com.br\/index.php\/2023\/02\/07\/arvores-podem-evitar-mortes-por-calor-nas-cidades-reforca-estudo\/","url":"https:\/\/jornalfatosenoticias.com.br\/index.php\/2023\/02\/07\/arvores-podem-evitar-mortes-por-calor-nas-cidades-reforca-estudo\/","name":"\u00c1rvores podem evitar mortes por calor nas cidades, refor\u00e7a estudo - Jornal Fatos e Not\u00edcias","isPartOf":{"@id":"https:\/\/jornalfatosenoticias.com.br\/#website"},"primaryImageOfPage":{"@id":"https:\/\/jornalfatosenoticias.com.br\/index.php\/2023\/02\/07\/arvores-podem-evitar-mortes-por-calor-nas-cidades-reforca-estudo\/#primaryimage"},"image":{"@id":"https:\/\/jornalfatosenoticias.com.br\/index.php\/2023\/02\/07\/arvores-podem-evitar-mortes-por-calor-nas-cidades-reforca-estudo\/#primaryimage"},"thumbnailUrl":"https:\/\/jornalfatosenoticias.com.br\/wp-content\/uploads\/2023\/02\/Arvores-podem-evitar-mortes-por-calor-nas-cidades_iStock.jpg","datePublished":"2023-02-07T11:45:42+00:00","dateModified":"2023-02-07T11:45:43+00:00","breadcrumb":{"@id":"https:\/\/jornalfatosenoticias.com.br\/index.php\/2023\/02\/07\/arvores-podem-evitar-mortes-por-calor-nas-cidades-reforca-estudo\/#breadcrumb"},"inLanguage":"pt-BR","potentialAction":[{"@type":"ReadAction","target":["https:\/\/jornalfatosenoticias.com.br\/index.php\/2023\/02\/07\/arvores-podem-evitar-mortes-por-calor-nas-cidades-reforca-estudo\/"]}]},{"@type":"ImageObject","inLanguage":"pt-BR","@id":"https:\/\/jornalfatosenoticias.com.br\/index.php\/2023\/02\/07\/arvores-podem-evitar-mortes-por-calor-nas-cidades-reforca-estudo\/#primaryimage","url":"https:\/\/jornalfatosenoticias.com.br\/wp-content\/uploads\/2023\/02\/Arvores-podem-evitar-mortes-por-calor-nas-cidades_iStock.jpg","contentUrl":"https:\/\/jornalfatosenoticias.com.br\/wp-content\/uploads\/2023\/02\/Arvores-podem-evitar-mortes-por-calor-nas-cidades_iStock.jpg","width":1000,"height":667},{"@type":"BreadcrumbList","@id":"https:\/\/jornalfatosenoticias.com.br\/index.php\/2023\/02\/07\/arvores-podem-evitar-mortes-por-calor-nas-cidades-reforca-estudo\/#breadcrumb","itemListElement":[{"@type":"ListItem","position":1,"name":"In\u00edcio","item":"https:\/\/jornalfatosenoticias.com.br\/"},{"@type":"ListItem","position":2,"name":"\u00c1rvores podem evitar mortes por calor nas cidades, refor\u00e7a estudo"}]},{"@type":"WebSite","@id":"https:\/\/jornalfatosenoticias.com.br\/#website","url":"https:\/\/jornalfatosenoticias.com.br\/","name":"Jornal Fatos e Not\u00edcias","description":"Not\u00edcias em geral","publisher":{"@id":"https:\/\/jornalfatosenoticias.com.br\/#organization"},"potentialAction":[{"@type":"SearchAction","target":{"@type":"EntryPoint","urlTemplate":"https:\/\/jornalfatosenoticias.com.br\/?s={search_term_string}"},"query-input":{"@type":"PropertyValueSpecification","valueRequired":true,"valueName":"search_term_string"}}],"inLanguage":"pt-BR"},{"@type":"Organization","@id":"https:\/\/jornalfatosenoticias.com.br\/#organization","name":"Jornal Fatos e Not\u00edcias","url":"https:\/\/jornalfatosenoticias.com.br\/","logo":{"@type":"ImageObject","inLanguage":"pt-BR","@id":"https:\/\/jornalfatosenoticias.com.br\/#\/schema\/logo\/image\/","url":"https:\/\/jornalfatosenoticias.com.br\/wp-content\/uploads\/2020\/02\/logo120.png","contentUrl":"https:\/\/jornalfatosenoticias.com.br\/wp-content\/uploads\/2020\/02\/logo120.png","width":1227,"height":120,"caption":"Jornal Fatos e Not\u00edcias"},"image":{"@id":"https:\/\/jornalfatosenoticias.com.br\/#\/schema\/logo\/image\/"}},{"@type":"Person","@id":"https:\/\/jornalfatosenoticias.com.br\/#\/schema\/person\/d63837fa13ac8666eb9e74e0985d6f81","name":"Luzimara Fernandes","image":{"@type":"ImageObject","inLanguage":"pt-BR","@id":"https:\/\/jornalfatosenoticias.com.br\/#\/schema\/person\/image\/","url":"https:\/\/jornalfatosenoticias.com.br\/wp-content\/uploads\/2025\/05\/EU_portal.jpg","contentUrl":"https:\/\/jornalfatosenoticias.com.br\/wp-content\/uploads\/2025\/05\/EU_portal.jpg","caption":"Luzimara Fernandes"},"description":"Jornalista MTB 2358-ES","sameAs":["https:\/\/jornalfatosenoticias.com.br"],"url":"https:\/\/jornalfatosenoticias.com.br\/index.php\/author\/luzimara\/"}]}},"cc_featured_image_caption":{"caption_text":"(Foto: iStock)","source_text":"","source_url":""},"jetpack_featured_media_url":"https:\/\/jornalfatosenoticias.com.br\/wp-content\/uploads\/2023\/02\/Arvores-podem-evitar-mortes-por-calor-nas-cidades_iStock.jpg","_links":{"self":[{"href":"https:\/\/jornalfatosenoticias.com.br\/index.php\/wp-json\/wp\/v2\/posts\/38506","targetHints":{"allow":["GET"]}}],"collection":[{"href":"https:\/\/jornalfatosenoticias.com.br\/index.php\/wp-json\/wp\/v2\/posts"}],"about":[{"href":"https:\/\/jornalfatosenoticias.com.br\/index.php\/wp-json\/wp\/v2\/types\/post"}],"author":[{"embeddable":true,"href":"https:\/\/jornalfatosenoticias.com.br\/index.php\/wp-json\/wp\/v2\/users\/2"}],"replies":[{"embeddable":true,"href":"https:\/\/jornalfatosenoticias.com.br\/index.php\/wp-json\/wp\/v2\/comments?post=38506"}],"version-history":[{"count":0,"href":"https:\/\/jornalfatosenoticias.com.br\/index.php\/wp-json\/wp\/v2\/posts\/38506\/revisions"}],"wp:featuredmedia":[{"embeddable":true,"href":"https:\/\/jornalfatosenoticias.com.br\/index.php\/wp-json\/wp\/v2\/media\/38507"}],"wp:attachment":[{"href":"https:\/\/jornalfatosenoticias.com.br\/index.php\/wp-json\/wp\/v2\/media?parent=38506"}],"wp:term":[{"taxonomy":"category","embeddable":true,"href":"https:\/\/jornalfatosenoticias.com.br\/index.php\/wp-json\/wp\/v2\/categories?post=38506"},{"taxonomy":"post_tag","embeddable":true,"href":"https:\/\/jornalfatosenoticias.com.br\/index.php\/wp-json\/wp\/v2\/tags?post=38506"}],"curies":[{"name":"wp","href":"https:\/\/api.w.org\/{rel}","templated":true}]}}