{"id":38536,"date":"2023-02-07T11:11:02","date_gmt":"2023-02-07T14:11:02","guid":{"rendered":"https:\/\/jornalfatosenoticias.com.br\/?p=38536"},"modified":"2023-02-07T11:11:03","modified_gmt":"2023-02-07T14:11:03","slug":"de-prisao-a-iptu-veja-quais-os-12-ministros-de-lula-enfrentam-acoes-na-justica","status":"publish","type":"post","link":"https:\/\/jornalfatosenoticias.com.br\/index.php\/2023\/02\/07\/de-prisao-a-iptu-veja-quais-os-12-ministros-de-lula-enfrentam-acoes-na-justica\/","title":{"rendered":"De pris\u00e3o a IPTU: veja quais os 12 ministros de Lula enfrentam a\u00e7\u00f5es na Justi\u00e7a"},"content":{"rendered":"\n<p><em><span class=\"has-inline-color has-black-color\">Pesquisa analisou 435 a\u00e7\u00f5es em diversas inst\u00e2ncias; chefes das pastas negam irregularidades<\/span><\/em><\/p>\n\n\n\n<div class=\"wp-block-image\"><figure class=\"aligncenter size-large\"><img loading=\"lazy\" decoding=\"async\" width=\"1024\" height=\"100\" src=\"https:\/\/jornalfatosenoticias.com.br\/wp-content\/uploads\/2022\/05\/NOVA-LOGO-CESCONETTO-1024x100.jpg\" alt=\"\" class=\"wp-image-30792\" srcset=\"https:\/\/jornalfatosenoticias.com.br\/wp-content\/uploads\/2022\/05\/NOVA-LOGO-CESCONETTO-1024x100.jpg 1024w, https:\/\/jornalfatosenoticias.com.br\/wp-content\/uploads\/2022\/05\/NOVA-LOGO-CESCONETTO-300x29.jpg 300w, https:\/\/jornalfatosenoticias.com.br\/wp-content\/uploads\/2022\/05\/NOVA-LOGO-CESCONETTO-768x75.jpg 768w, https:\/\/jornalfatosenoticias.com.br\/wp-content\/uploads\/2022\/05\/NOVA-LOGO-CESCONETTO.jpg 1280w\" sizes=\"auto, (max-width: 1024px) 100vw, 1024px\" \/><\/figure><\/div>\n\n\n\n<p>Dos 37 ministros nomeados por Luiz In\u00e1cio Lula da Silva (PT), ao menos 12 enfrentam processos judiciais que ainda est\u00e3o em andamento.<br>Um levantamento feito pelo Poder360 mostra que existem 22 a\u00e7\u00f5es judiciais ativas em que os chefes das pastas aparecem como r\u00e9us.<\/p>\n\n\n\n<div class=\"wp-block-image\"><figure class=\"aligncenter size-large\"><img loading=\"lazy\" decoding=\"async\" width=\"300\" height=\"300\" src=\"https:\/\/jornalfatosenoticias.com.br\/wp-content\/uploads\/2020\/02\/casa-do-torresmo_portal.jpg\" alt=\"\" class=\"wp-image-34472\" srcset=\"https:\/\/jornalfatosenoticias.com.br\/wp-content\/uploads\/2020\/02\/casa-do-torresmo_portal.jpg 300w, https:\/\/jornalfatosenoticias.com.br\/wp-content\/uploads\/2020\/02\/casa-do-torresmo_portal-150x150.jpg 150w\" sizes=\"auto, (max-width: 300px) 100vw, 300px\" \/><\/figure><\/div>\n\n\n\n<p>Tamb\u00e9m h\u00e1 processos em que a senten\u00e7a j\u00e1 foi proferida, mas aguarda-se o julgamento do recurso em tribunais superiores.<br>Existem diversas demandas judiciais contra os ministros do PT, que variam desde uma a\u00e7\u00e3o de cobran\u00e7a por d\u00edvidas do IPTU, como \u00e9 o caso de Ana Moser (Esporte), a uma condena\u00e7\u00e3o de seis anos e nove meses de pris\u00e3o por desvio de recursos, o que ocorre no caso de Waldez Go\u00e9s (Integra\u00e7\u00e3o e Desenvolvimento Regional).<\/p>\n\n\n\n<div class=\"wp-block-image\"><figure class=\"aligncenter size-large\"><img loading=\"lazy\" decoding=\"async\" width=\"1024\" height=\"100\" src=\"https:\/\/jornalfatosenoticias.com.br\/wp-content\/uploads\/2020\/02\/banner_ferramentas-1024x100.jpg\" alt=\"\" class=\"wp-image-1258\" srcset=\"https:\/\/jornalfatosenoticias.com.br\/wp-content\/uploads\/2020\/02\/banner_ferramentas-1024x100.jpg 1024w, https:\/\/jornalfatosenoticias.com.br\/wp-content\/uploads\/2020\/02\/banner_ferramentas-300x29.jpg 300w, https:\/\/jornalfatosenoticias.com.br\/wp-content\/uploads\/2020\/02\/banner_ferramentas-768x75.jpg 768w, https:\/\/jornalfatosenoticias.com.br\/wp-content\/uploads\/2020\/02\/banner_ferramentas.jpg 1227w\" sizes=\"auto, (max-width: 1024px) 100vw, 1024px\" \/><\/figure><\/div>\n\n\n\n<p><em><span class=\"has-inline-color has-black-color\">A \u00edntegra do levantamento pode ser acessada <a href=\"https:\/\/www.poder360.com.br\/governo\/12-ministros-de-lula-enfrentam-processos-na-justica\/\">neste link<\/a>.<\/span><\/em><\/p>\n\n\n\n<p><strong><em>Fonte: <a href=\"https:\/\/www.conexaopolitica.com.br\/governo\/de-prisao-a-iptu-12-ministros-de-lula-enfrentam-acoes-na-justica\/\">Conex\u00e3o Pol\u00edtica<\/a><\/em><\/strong><\/p>\n","protected":false},"excerpt":{"rendered":"<p>Pesquisa analisou 435 a\u00e7\u00f5es em diversas inst\u00e2ncias; chefes das pastas negam irregularidades Dos 37 ministros nomeados por Luiz In\u00e1cio Lula da Silva (PT), ao menos 12 enfrentam processos judiciais que ainda est\u00e3o em andamento.Um levantamento feito pelo Poder360 mostra que existem 22 a\u00e7\u00f5es judiciais ativas em que os chefes das pastas aparecem como r\u00e9us. Tamb\u00e9m [&hellip;]<\/p>\n","protected":false},"author":2,"featured_media":38537,"comment_status":"open","ping_status":"open","sticky":false,"template":"","format":"standard","meta":{"footnotes":""},"categories":[10],"tags":[985,18037,1345,7580,1800,18038],"class_list":["post-38536","post","type-post","status-publish","format-standard","has-post-thumbnail","hentry","category-politica","tag-dividas","tag-iptu","tag-justica","tag-lula","tag-ministros","tag-processos"],"yoast_head":"<!-- This site is optimized with the Yoast SEO plugin v26.5 - https:\/\/yoast.com\/wordpress\/plugins\/seo\/ -->\n<title>De pris\u00e3o a IPTU: veja quais os 12 ministros de Lula enfrentam a\u00e7\u00f5es na Justi\u00e7a - Jornal Fatos e Not\u00edcias<\/title>\n<meta name=\"robots\" content=\"index, follow, max-snippet:-1, max-image-preview:large, max-video-preview:-1\" \/>\n<link rel=\"canonical\" href=\"https:\/\/jornalfatosenoticias.com.br\/index.php\/2023\/02\/07\/de-prisao-a-iptu-veja-quais-os-12-ministros-de-lula-enfrentam-acoes-na-justica\/\" \/>\n<meta property=\"og:locale\" content=\"pt_BR\" \/>\n<meta property=\"og:type\" content=\"article\" \/>\n<meta property=\"og:title\" content=\"De pris\u00e3o a IPTU: veja quais os 12 ministros de Lula enfrentam a\u00e7\u00f5es na Justi\u00e7a - Jornal Fatos e Not\u00edcias\" \/>\n<meta property=\"og:description\" content=\"Pesquisa analisou 435 a\u00e7\u00f5es em diversas inst\u00e2ncias; chefes das pastas negam irregularidades Dos 37 ministros nomeados por Luiz In\u00e1cio Lula da Silva (PT), ao menos 12 enfrentam processos judiciais que ainda est\u00e3o em andamento.Um levantamento feito pelo Poder360 mostra que existem 22 a\u00e7\u00f5es judiciais ativas em que os chefes das pastas aparecem como r\u00e9us. Tamb\u00e9m [&hellip;]\" \/>\n<meta property=\"og:url\" content=\"https:\/\/jornalfatosenoticias.com.br\/index.php\/2023\/02\/07\/de-prisao-a-iptu-veja-quais-os-12-ministros-de-lula-enfrentam-acoes-na-justica\/\" \/>\n<meta property=\"og:site_name\" content=\"Jornal Fatos e Not\u00edcias\" \/>\n<meta property=\"article:published_time\" content=\"2023-02-07T14:11:02+00:00\" \/>\n<meta property=\"article:modified_time\" content=\"2023-02-07T14:11:03+00:00\" \/>\n<meta property=\"og:image\" content=\"https:\/\/jornalfatosenoticias.com.br\/wp-content\/uploads\/2023\/02\/lula.drao_.jpg\" \/>\n\t<meta property=\"og:image:width\" content=\"1000\" \/>\n\t<meta property=\"og:image:height\" content=\"690\" \/>\n\t<meta property=\"og:image:type\" content=\"image\/jpeg\" \/>\n<meta name=\"author\" content=\"Luzimara Fernandes\" \/>\n<meta name=\"twitter:card\" content=\"summary_large_image\" \/>\n<meta name=\"twitter:label1\" content=\"Escrito por\" \/>\n\t<meta name=\"twitter:data1\" content=\"Luzimara Fernandes\" \/>\n\t<meta name=\"twitter:label2\" content=\"Est. tempo de leitura\" \/>\n\t<meta name=\"twitter:data2\" content=\"1 minuto\" \/>\n<script type=\"application\/ld+json\" class=\"yoast-schema-graph\">{\"@context\":\"https:\/\/schema.org\",\"@graph\":[{\"@type\":\"Article\",\"@id\":\"https:\/\/jornalfatosenoticias.com.br\/index.php\/2023\/02\/07\/de-prisao-a-iptu-veja-quais-os-12-ministros-de-lula-enfrentam-acoes-na-justica\/#article\",\"isPartOf\":{\"@id\":\"https:\/\/jornalfatosenoticias.com.br\/index.php\/2023\/02\/07\/de-prisao-a-iptu-veja-quais-os-12-ministros-de-lula-enfrentam-acoes-na-justica\/\"},\"author\":{\"name\":\"Luzimara Fernandes\",\"@id\":\"https:\/\/jornalfatosenoticias.com.br\/#\/schema\/person\/d63837fa13ac8666eb9e74e0985d6f81\"},\"headline\":\"De pris\u00e3o a IPTU: veja quais os 12 ministros de Lula enfrentam a\u00e7\u00f5es na Justi\u00e7a\",\"datePublished\":\"2023-02-07T14:11:02+00:00\",\"dateModified\":\"2023-02-07T14:11:03+00:00\",\"mainEntityOfPage\":{\"@id\":\"https:\/\/jornalfatosenoticias.com.br\/index.php\/2023\/02\/07\/de-prisao-a-iptu-veja-quais-os-12-ministros-de-lula-enfrentam-acoes-na-justica\/\"},\"wordCount\":170,\"commentCount\":0,\"publisher\":{\"@id\":\"https:\/\/jornalfatosenoticias.com.br\/#organization\"},\"image\":{\"@id\":\"https:\/\/jornalfatosenoticias.com.br\/index.php\/2023\/02\/07\/de-prisao-a-iptu-veja-quais-os-12-ministros-de-lula-enfrentam-acoes-na-justica\/#primaryimage\"},\"thumbnailUrl\":\"https:\/\/jornalfatosenoticias.com.br\/wp-content\/uploads\/2023\/02\/lula.drao_.jpg\",\"keywords\":[\"d\u00edvidas\",\"IPTU\",\"justi\u00e7a\",\"Lula\",\"ministros\",\"processos\"],\"articleSection\":[\"Pol\u00edtica\"],\"inLanguage\":\"pt-BR\",\"potentialAction\":[{\"@type\":\"CommentAction\",\"name\":\"Comment\",\"target\":[\"https:\/\/jornalfatosenoticias.com.br\/index.php\/2023\/02\/07\/de-prisao-a-iptu-veja-quais-os-12-ministros-de-lula-enfrentam-acoes-na-justica\/#respond\"]}]},{\"@type\":\"WebPage\",\"@id\":\"https:\/\/jornalfatosenoticias.com.br\/index.php\/2023\/02\/07\/de-prisao-a-iptu-veja-quais-os-12-ministros-de-lula-enfrentam-acoes-na-justica\/\",\"url\":\"https:\/\/jornalfatosenoticias.com.br\/index.php\/2023\/02\/07\/de-prisao-a-iptu-veja-quais-os-12-ministros-de-lula-enfrentam-acoes-na-justica\/\",\"name\":\"De pris\u00e3o a IPTU: veja quais os 12 ministros de Lula enfrentam a\u00e7\u00f5es na Justi\u00e7a - Jornal Fatos e Not\u00edcias\",\"isPartOf\":{\"@id\":\"https:\/\/jornalfatosenoticias.com.br\/#website\"},\"primaryImageOfPage\":{\"@id\":\"https:\/\/jornalfatosenoticias.com.br\/index.php\/2023\/02\/07\/de-prisao-a-iptu-veja-quais-os-12-ministros-de-lula-enfrentam-acoes-na-justica\/#primaryimage\"},\"image\":{\"@id\":\"https:\/\/jornalfatosenoticias.com.br\/index.php\/2023\/02\/07\/de-prisao-a-iptu-veja-quais-os-12-ministros-de-lula-enfrentam-acoes-na-justica\/#primaryimage\"},\"thumbnailUrl\":\"https:\/\/jornalfatosenoticias.com.br\/wp-content\/uploads\/2023\/02\/lula.drao_.jpg\",\"datePublished\":\"2023-02-07T14:11:02+00:00\",\"dateModified\":\"2023-02-07T14:11:03+00:00\",\"breadcrumb\":{\"@id\":\"https:\/\/jornalfatosenoticias.com.br\/index.php\/2023\/02\/07\/de-prisao-a-iptu-veja-quais-os-12-ministros-de-lula-enfrentam-acoes-na-justica\/#breadcrumb\"},\"inLanguage\":\"pt-BR\",\"potentialAction\":[{\"@type\":\"ReadAction\",\"target\":[\"https:\/\/jornalfatosenoticias.com.br\/index.php\/2023\/02\/07\/de-prisao-a-iptu-veja-quais-os-12-ministros-de-lula-enfrentam-acoes-na-justica\/\"]}]},{\"@type\":\"ImageObject\",\"inLanguage\":\"pt-BR\",\"@id\":\"https:\/\/jornalfatosenoticias.com.br\/index.php\/2023\/02\/07\/de-prisao-a-iptu-veja-quais-os-12-ministros-de-lula-enfrentam-acoes-na-justica\/#primaryimage\",\"url\":\"https:\/\/jornalfatosenoticias.com.br\/wp-content\/uploads\/2023\/02\/lula.drao_.jpg\",\"contentUrl\":\"https:\/\/jornalfatosenoticias.com.br\/wp-content\/uploads\/2023\/02\/lula.drao_.jpg\",\"width\":1000,\"height\":690},{\"@type\":\"BreadcrumbList\",\"@id\":\"https:\/\/jornalfatosenoticias.com.br\/index.php\/2023\/02\/07\/de-prisao-a-iptu-veja-quais-os-12-ministros-de-lula-enfrentam-acoes-na-justica\/#breadcrumb\",\"itemListElement\":[{\"@type\":\"ListItem\",\"position\":1,\"name\":\"In\u00edcio\",\"item\":\"https:\/\/jornalfatosenoticias.com.br\/\"},{\"@type\":\"ListItem\",\"position\":2,\"name\":\"De pris\u00e3o a IPTU: veja quais os 12 ministros de Lula enfrentam a\u00e7\u00f5es na Justi\u00e7a\"}]},{\"@type\":\"WebSite\",\"@id\":\"https:\/\/jornalfatosenoticias.com.br\/#website\",\"url\":\"https:\/\/jornalfatosenoticias.com.br\/\",\"name\":\"Jornal Fatos e Not\u00edcias\",\"description\":\"Not\u00edcias em geral\",\"publisher\":{\"@id\":\"https:\/\/jornalfatosenoticias.com.br\/#organization\"},\"potentialAction\":[{\"@type\":\"SearchAction\",\"target\":{\"@type\":\"EntryPoint\",\"urlTemplate\":\"https:\/\/jornalfatosenoticias.com.br\/?s={search_term_string}\"},\"query-input\":{\"@type\":\"PropertyValueSpecification\",\"valueRequired\":true,\"valueName\":\"search_term_string\"}}],\"inLanguage\":\"pt-BR\"},{\"@type\":\"Organization\",\"@id\":\"https:\/\/jornalfatosenoticias.com.br\/#organization\",\"name\":\"Jornal Fatos e Not\u00edcias\",\"url\":\"https:\/\/jornalfatosenoticias.com.br\/\",\"logo\":{\"@type\":\"ImageObject\",\"inLanguage\":\"pt-BR\",\"@id\":\"https:\/\/jornalfatosenoticias.com.br\/#\/schema\/logo\/image\/\",\"url\":\"https:\/\/jornalfatosenoticias.com.br\/wp-content\/uploads\/2020\/02\/logo120.png\",\"contentUrl\":\"https:\/\/jornalfatosenoticias.com.br\/wp-content\/uploads\/2020\/02\/logo120.png\",\"width\":1227,\"height\":120,\"caption\":\"Jornal Fatos e Not\u00edcias\"},\"image\":{\"@id\":\"https:\/\/jornalfatosenoticias.com.br\/#\/schema\/logo\/image\/\"}},{\"@type\":\"Person\",\"@id\":\"https:\/\/jornalfatosenoticias.com.br\/#\/schema\/person\/d63837fa13ac8666eb9e74e0985d6f81\",\"name\":\"Luzimara Fernandes\",\"image\":{\"@type\":\"ImageObject\",\"inLanguage\":\"pt-BR\",\"@id\":\"https:\/\/jornalfatosenoticias.com.br\/#\/schema\/person\/image\/\",\"url\":\"https:\/\/jornalfatosenoticias.com.br\/wp-content\/uploads\/2025\/05\/EU_portal.jpg\",\"contentUrl\":\"https:\/\/jornalfatosenoticias.com.br\/wp-content\/uploads\/2025\/05\/EU_portal.jpg\",\"caption\":\"Luzimara Fernandes\"},\"description\":\"Jornalista MTB 2358-ES\",\"sameAs\":[\"https:\/\/jornalfatosenoticias.com.br\"],\"url\":\"https:\/\/jornalfatosenoticias.com.br\/index.php\/author\/luzimara\/\"}]}<\/script>\n<!-- \/ Yoast SEO plugin. -->","yoast_head_json":{"title":"De pris\u00e3o a IPTU: veja quais os 12 ministros de Lula enfrentam a\u00e7\u00f5es na Justi\u00e7a - Jornal Fatos e Not\u00edcias","robots":{"index":"index","follow":"follow","max-snippet":"max-snippet:-1","max-image-preview":"max-image-preview:large","max-video-preview":"max-video-preview:-1"},"canonical":"https:\/\/jornalfatosenoticias.com.br\/index.php\/2023\/02\/07\/de-prisao-a-iptu-veja-quais-os-12-ministros-de-lula-enfrentam-acoes-na-justica\/","og_locale":"pt_BR","og_type":"article","og_title":"De pris\u00e3o a IPTU: veja quais os 12 ministros de Lula enfrentam a\u00e7\u00f5es na Justi\u00e7a - Jornal Fatos e Not\u00edcias","og_description":"Pesquisa analisou 435 a\u00e7\u00f5es em diversas inst\u00e2ncias; chefes das pastas negam irregularidades Dos 37 ministros nomeados por Luiz In\u00e1cio Lula da Silva (PT), ao menos 12 enfrentam processos judiciais que ainda est\u00e3o em andamento.Um levantamento feito pelo Poder360 mostra que existem 22 a\u00e7\u00f5es judiciais ativas em que os chefes das pastas aparecem como r\u00e9us. Tamb\u00e9m [&hellip;]","og_url":"https:\/\/jornalfatosenoticias.com.br\/index.php\/2023\/02\/07\/de-prisao-a-iptu-veja-quais-os-12-ministros-de-lula-enfrentam-acoes-na-justica\/","og_site_name":"Jornal Fatos e Not\u00edcias","article_published_time":"2023-02-07T14:11:02+00:00","article_modified_time":"2023-02-07T14:11:03+00:00","og_image":[{"width":1000,"height":690,"url":"https:\/\/jornalfatosenoticias.com.br\/wp-content\/uploads\/2023\/02\/lula.drao_.jpg","type":"image\/jpeg"}],"author":"Luzimara Fernandes","twitter_card":"summary_large_image","twitter_misc":{"Escrito por":"Luzimara Fernandes","Est. tempo de leitura":"1 minuto"},"schema":{"@context":"https:\/\/schema.org","@graph":[{"@type":"Article","@id":"https:\/\/jornalfatosenoticias.com.br\/index.php\/2023\/02\/07\/de-prisao-a-iptu-veja-quais-os-12-ministros-de-lula-enfrentam-acoes-na-justica\/#article","isPartOf":{"@id":"https:\/\/jornalfatosenoticias.com.br\/index.php\/2023\/02\/07\/de-prisao-a-iptu-veja-quais-os-12-ministros-de-lula-enfrentam-acoes-na-justica\/"},"author":{"name":"Luzimara Fernandes","@id":"https:\/\/jornalfatosenoticias.com.br\/#\/schema\/person\/d63837fa13ac8666eb9e74e0985d6f81"},"headline":"De pris\u00e3o a IPTU: veja quais os 12 ministros de Lula enfrentam a\u00e7\u00f5es na Justi\u00e7a","datePublished":"2023-02-07T14:11:02+00:00","dateModified":"2023-02-07T14:11:03+00:00","mainEntityOfPage":{"@id":"https:\/\/jornalfatosenoticias.com.br\/index.php\/2023\/02\/07\/de-prisao-a-iptu-veja-quais-os-12-ministros-de-lula-enfrentam-acoes-na-justica\/"},"wordCount":170,"commentCount":0,"publisher":{"@id":"https:\/\/jornalfatosenoticias.com.br\/#organization"},"image":{"@id":"https:\/\/jornalfatosenoticias.com.br\/index.php\/2023\/02\/07\/de-prisao-a-iptu-veja-quais-os-12-ministros-de-lula-enfrentam-acoes-na-justica\/#primaryimage"},"thumbnailUrl":"https:\/\/jornalfatosenoticias.com.br\/wp-content\/uploads\/2023\/02\/lula.drao_.jpg","keywords":["d\u00edvidas","IPTU","justi\u00e7a","Lula","ministros","processos"],"articleSection":["Pol\u00edtica"],"inLanguage":"pt-BR","potentialAction":[{"@type":"CommentAction","name":"Comment","target":["https:\/\/jornalfatosenoticias.com.br\/index.php\/2023\/02\/07\/de-prisao-a-iptu-veja-quais-os-12-ministros-de-lula-enfrentam-acoes-na-justica\/#respond"]}]},{"@type":"WebPage","@id":"https:\/\/jornalfatosenoticias.com.br\/index.php\/2023\/02\/07\/de-prisao-a-iptu-veja-quais-os-12-ministros-de-lula-enfrentam-acoes-na-justica\/","url":"https:\/\/jornalfatosenoticias.com.br\/index.php\/2023\/02\/07\/de-prisao-a-iptu-veja-quais-os-12-ministros-de-lula-enfrentam-acoes-na-justica\/","name":"De pris\u00e3o a IPTU: veja quais os 12 ministros de Lula enfrentam a\u00e7\u00f5es na Justi\u00e7a - Jornal Fatos e Not\u00edcias","isPartOf":{"@id":"https:\/\/jornalfatosenoticias.com.br\/#website"},"primaryImageOfPage":{"@id":"https:\/\/jornalfatosenoticias.com.br\/index.php\/2023\/02\/07\/de-prisao-a-iptu-veja-quais-os-12-ministros-de-lula-enfrentam-acoes-na-justica\/#primaryimage"},"image":{"@id":"https:\/\/jornalfatosenoticias.com.br\/index.php\/2023\/02\/07\/de-prisao-a-iptu-veja-quais-os-12-ministros-de-lula-enfrentam-acoes-na-justica\/#primaryimage"},"thumbnailUrl":"https:\/\/jornalfatosenoticias.com.br\/wp-content\/uploads\/2023\/02\/lula.drao_.jpg","datePublished":"2023-02-07T14:11:02+00:00","dateModified":"2023-02-07T14:11:03+00:00","breadcrumb":{"@id":"https:\/\/jornalfatosenoticias.com.br\/index.php\/2023\/02\/07\/de-prisao-a-iptu-veja-quais-os-12-ministros-de-lula-enfrentam-acoes-na-justica\/#breadcrumb"},"inLanguage":"pt-BR","potentialAction":[{"@type":"ReadAction","target":["https:\/\/jornalfatosenoticias.com.br\/index.php\/2023\/02\/07\/de-prisao-a-iptu-veja-quais-os-12-ministros-de-lula-enfrentam-acoes-na-justica\/"]}]},{"@type":"ImageObject","inLanguage":"pt-BR","@id":"https:\/\/jornalfatosenoticias.com.br\/index.php\/2023\/02\/07\/de-prisao-a-iptu-veja-quais-os-12-ministros-de-lula-enfrentam-acoes-na-justica\/#primaryimage","url":"https:\/\/jornalfatosenoticias.com.br\/wp-content\/uploads\/2023\/02\/lula.drao_.jpg","contentUrl":"https:\/\/jornalfatosenoticias.com.br\/wp-content\/uploads\/2023\/02\/lula.drao_.jpg","width":1000,"height":690},{"@type":"BreadcrumbList","@id":"https:\/\/jornalfatosenoticias.com.br\/index.php\/2023\/02\/07\/de-prisao-a-iptu-veja-quais-os-12-ministros-de-lula-enfrentam-acoes-na-justica\/#breadcrumb","itemListElement":[{"@type":"ListItem","position":1,"name":"In\u00edcio","item":"https:\/\/jornalfatosenoticias.com.br\/"},{"@type":"ListItem","position":2,"name":"De pris\u00e3o a IPTU: veja quais os 12 ministros de Lula enfrentam a\u00e7\u00f5es na Justi\u00e7a"}]},{"@type":"WebSite","@id":"https:\/\/jornalfatosenoticias.com.br\/#website","url":"https:\/\/jornalfatosenoticias.com.br\/","name":"Jornal Fatos e Not\u00edcias","description":"Not\u00edcias em geral","publisher":{"@id":"https:\/\/jornalfatosenoticias.com.br\/#organization"},"potentialAction":[{"@type":"SearchAction","target":{"@type":"EntryPoint","urlTemplate":"https:\/\/jornalfatosenoticias.com.br\/?s={search_term_string}"},"query-input":{"@type":"PropertyValueSpecification","valueRequired":true,"valueName":"search_term_string"}}],"inLanguage":"pt-BR"},{"@type":"Organization","@id":"https:\/\/jornalfatosenoticias.com.br\/#organization","name":"Jornal Fatos e Not\u00edcias","url":"https:\/\/jornalfatosenoticias.com.br\/","logo":{"@type":"ImageObject","inLanguage":"pt-BR","@id":"https:\/\/jornalfatosenoticias.com.br\/#\/schema\/logo\/image\/","url":"https:\/\/jornalfatosenoticias.com.br\/wp-content\/uploads\/2020\/02\/logo120.png","contentUrl":"https:\/\/jornalfatosenoticias.com.br\/wp-content\/uploads\/2020\/02\/logo120.png","width":1227,"height":120,"caption":"Jornal Fatos e Not\u00edcias"},"image":{"@id":"https:\/\/jornalfatosenoticias.com.br\/#\/schema\/logo\/image\/"}},{"@type":"Person","@id":"https:\/\/jornalfatosenoticias.com.br\/#\/schema\/person\/d63837fa13ac8666eb9e74e0985d6f81","name":"Luzimara Fernandes","image":{"@type":"ImageObject","inLanguage":"pt-BR","@id":"https:\/\/jornalfatosenoticias.com.br\/#\/schema\/person\/image\/","url":"https:\/\/jornalfatosenoticias.com.br\/wp-content\/uploads\/2025\/05\/EU_portal.jpg","contentUrl":"https:\/\/jornalfatosenoticias.com.br\/wp-content\/uploads\/2025\/05\/EU_portal.jpg","caption":"Luzimara Fernandes"},"description":"Jornalista MTB 2358-ES","sameAs":["https:\/\/jornalfatosenoticias.com.br"],"url":"https:\/\/jornalfatosenoticias.com.br\/index.php\/author\/luzimara\/"}]}},"cc_featured_image_caption":{"caption_text":"(Foto: Reprodu\u00e7\u00e3o\/Conex\u00e3o Pol\u00edtica) ","source_text":"","source_url":""},"jetpack_featured_media_url":"https:\/\/jornalfatosenoticias.com.br\/wp-content\/uploads\/2023\/02\/lula.drao_.jpg","_links":{"self":[{"href":"https:\/\/jornalfatosenoticias.com.br\/index.php\/wp-json\/wp\/v2\/posts\/38536","targetHints":{"allow":["GET"]}}],"collection":[{"href":"https:\/\/jornalfatosenoticias.com.br\/index.php\/wp-json\/wp\/v2\/posts"}],"about":[{"href":"https:\/\/jornalfatosenoticias.com.br\/index.php\/wp-json\/wp\/v2\/types\/post"}],"author":[{"embeddable":true,"href":"https:\/\/jornalfatosenoticias.com.br\/index.php\/wp-json\/wp\/v2\/users\/2"}],"replies":[{"embeddable":true,"href":"https:\/\/jornalfatosenoticias.com.br\/index.php\/wp-json\/wp\/v2\/comments?post=38536"}],"version-history":[{"count":0,"href":"https:\/\/jornalfatosenoticias.com.br\/index.php\/wp-json\/wp\/v2\/posts\/38536\/revisions"}],"wp:featuredmedia":[{"embeddable":true,"href":"https:\/\/jornalfatosenoticias.com.br\/index.php\/wp-json\/wp\/v2\/media\/38537"}],"wp:attachment":[{"href":"https:\/\/jornalfatosenoticias.com.br\/index.php\/wp-json\/wp\/v2\/media?parent=38536"}],"wp:term":[{"taxonomy":"category","embeddable":true,"href":"https:\/\/jornalfatosenoticias.com.br\/index.php\/wp-json\/wp\/v2\/categories?post=38536"},{"taxonomy":"post_tag","embeddable":true,"href":"https:\/\/jornalfatosenoticias.com.br\/index.php\/wp-json\/wp\/v2\/tags?post=38536"}],"curies":[{"name":"wp","href":"https:\/\/api.w.org\/{rel}","templated":true}]}}