{"id":38576,"date":"2023-02-08T13:32:42","date_gmt":"2023-02-08T16:32:42","guid":{"rendered":"https:\/\/jornalfatosenoticias.com.br\/?p=38576"},"modified":"2023-02-08T13:32:42","modified_gmt":"2023-02-08T16:32:42","slug":"volta-as-aulas-pode-ser-dificil-mas-e-benefica-para-o-desenvolvimento-das-criancas","status":"publish","type":"post","link":"https:\/\/jornalfatosenoticias.com.br\/index.php\/2023\/02\/08\/volta-as-aulas-pode-ser-dificil-mas-e-benefica-para-o-desenvolvimento-das-criancas\/","title":{"rendered":"Volta \u00e0s aulas pode ser dif\u00edcil, mas \u00e9 ben\u00e9fica para o desenvolvimento das crian\u00e7as"},"content":{"rendered":"\n<p><em><span class=\"has-inline-color has-black-color\">Ansiedade, medo do novo e tamb\u00e9m entusiasmo s\u00e3o algumas das emo\u00e7\u00f5es que costumam ser sentidas pelas crian\u00e7as com a volta \u00e0s aulas<\/span><\/em><\/p>\n\n\n\n<div class=\"wp-block-image\"><figure class=\"aligncenter size-large\"><img loading=\"lazy\" decoding=\"async\" width=\"560\" height=\"60\" src=\"https:\/\/jornalfatosenoticias.com.br\/wp-content\/uploads\/2022\/10\/Propaganda-RC-Radiadores-Jornal_page-0001.jpg\" alt=\"\" class=\"wp-image-35270\" srcset=\"https:\/\/jornalfatosenoticias.com.br\/wp-content\/uploads\/2022\/10\/Propaganda-RC-Radiadores-Jornal_page-0001.jpg 560w, https:\/\/jornalfatosenoticias.com.br\/wp-content\/uploads\/2022\/10\/Propaganda-RC-Radiadores-Jornal_page-0001-300x32.jpg 300w\" sizes=\"auto, (max-width: 560px) 100vw, 560px\" \/><\/figure><\/div>\n\n\n\n<p>Voltar \u00e0 rotina depois de um per\u00edodo de f\u00e9rias n\u00e3o \u00e9 f\u00e1cil. Para crian\u00e7as, pode ser mais dif\u00edcil ainda. \u00c9 que os pequenos se acostumam com a vida boa de poder acordar e dormir mais tarde, brincar o dia todo e passar mais tempo com os pais. Mas, para o desenvolvimento pessoal durante o per\u00edodo de crescimento, a escola \u00e9 superimportante.<\/p>\n\n\n\n<div class=\"wp-block-image\"><figure class=\"aligncenter size-large\"><img loading=\"lazy\" decoding=\"async\" width=\"300\" height=\"250\" src=\"https:\/\/jornalfatosenoticias.com.br\/wp-content\/uploads\/2022\/08\/arte-Casarao.jpg\" alt=\"\" class=\"wp-image-33178\"\/><\/figure><\/div>\n\n\n\n<p>Crian\u00e7as t\u00eam medo de voltar \u00e0 escola? Para <strong>Adriana Coan, <\/strong>coordenadora pedag\u00f3gica dos 1\u00ba e 2\u00ba anos do ensino fundamental I, diversos sentimentos podem ser acender nas crian\u00e7as quando elas precisam voltar \u00e0 rotina escolar. <em>&#8220;Ansiedade, medo do novo e tamb\u00e9m entusiasmo&#8221;,<\/em> s\u00e3o algumas das emo\u00e7\u00f5es, conforme explica\u00e7\u00e3o de Adriana.<\/p>\n\n\n\n<div class=\"wp-block-image\"><figure class=\"aligncenter size-large\"><img decoding=\"async\" src=\"https:\/\/jornalfatosenoticias.com.br\/wp-content\/uploads\/2020\/02\/logo-embacia-1-1024x110.jpg\" alt=\"\" class=\"wp-image-33954\"\/><\/figure><\/div>\n\n\n\n<p>Algumas crian\u00e7as podem at\u00e9 ter uma certa dificuldade de se encaixar no ambiente escolar. Para a coordenadora, \u00e9 poss\u00edvel a crian\u00e7a<em> &#8220;sentir que n\u00e3o \u00e9 pertencente ao grupo, n\u00e3o se sentir acolhida ou n\u00e3o ter as expectativas atendidas&#8221;.<\/em> Isso porque, na escola, os pequenos est\u00e3o mais longe da zona de conforto que s\u00e3o sua casa e seus parentes.<\/p>\n\n\n\n<div class=\"wp-block-image\"><figure class=\"alignright size-large is-resized\"><img decoding=\"async\" src=\"https:\/\/jornalfatosenoticias.com.br\/wp-content\/uploads\/2020\/02\/nova-logo-Marquetti.jpg\" alt=\"\" class=\"wp-image-22331\" width=\"-95\" height=\"-64\" srcset=\"https:\/\/jornalfatosenoticias.com.br\/wp-content\/uploads\/2020\/02\/nova-logo-Marquetti.jpg 643w, https:\/\/jornalfatosenoticias.com.br\/wp-content\/uploads\/2020\/02\/nova-logo-Marquetti-300x202.jpg 300w\" sizes=\"(max-width: 643px) 100vw, 643px\" \/><\/figure><\/div>\n\n\n\n<p><strong><span class=\"has-inline-color has-vivid-cyan-blue-color\">Os pais devem ajudar<br><\/span><\/strong>Mas esse retorno n\u00e3o precisa ser t\u00e3o complicado. Com ajuda dos pais, tudo fica mais f\u00e1cil. Karina Louzado \u00e9 m\u00e3e de Nat\u00e1lia, e conta como auxiliou a filha a se adaptar \u00e0 volta das aulas. &#8220;Conversamos bastante. Eu e o pai fomos com ela at\u00e9 a porta da escola para que ela se sentisse muito segura, est\u00e1vamos l\u00e1 na hora da sa\u00edda. Fizemos um jantar em comemora\u00e7\u00e3o ao primeiro dia de aula&#8221;, relata Karina.<br>E os preparativos n\u00e3o precisam vir apenas no dia que come\u00e7a as aulas. Os pais de Nat\u00e1lia come\u00e7aram a prepara\u00e7\u00e3o previamente. <\/p>\n\n\n\n<div class=\"wp-block-image\"><figure class=\"aligncenter size-large is-resized\"><img loading=\"lazy\" decoding=\"async\" src=\"https:\/\/jornalfatosenoticias.com.br\/wp-content\/uploads\/2022\/02\/Precisao-Contabilidade-1024x724.jpg\" alt=\"\" class=\"wp-image-28088\" width=\"298\" height=\"211\"\/><\/figure><\/div>\n\n\n\n<figure class=\"wp-block-pullquote\"><blockquote><p><span class=\"has-inline-color has-luminous-vivid-orange-color\">Dias antes arrumamos o quarto para ela ter o cantinho dos estudos, j\u00e1 que esse ano ser\u00e1 mais puxado. Mas falamos que se ela prestar aten\u00e7\u00e3o nas aulas e se dedicar, tudo ser\u00e1 tranquilo como sempre foi&#8221;, explica a m\u00e3e.<\/span><\/p><\/blockquote><\/figure>\n\n\n\n<div class=\"wp-block-image\"><figure class=\"aligncenter size-large\"><img loading=\"lazy\" decoding=\"async\" width=\"1024\" height=\"100\" src=\"https:\/\/jornalfatosenoticias.com.br\/wp-content\/uploads\/2020\/02\/banner_ferramentas-1024x100.jpg\" alt=\"\" class=\"wp-image-1258\" srcset=\"https:\/\/jornalfatosenoticias.com.br\/wp-content\/uploads\/2020\/02\/banner_ferramentas-1024x100.jpg 1024w, https:\/\/jornalfatosenoticias.com.br\/wp-content\/uploads\/2020\/02\/banner_ferramentas-300x29.jpg 300w, https:\/\/jornalfatosenoticias.com.br\/wp-content\/uploads\/2020\/02\/banner_ferramentas-768x75.jpg 768w, https:\/\/jornalfatosenoticias.com.br\/wp-content\/uploads\/2020\/02\/banner_ferramentas.jpg 1227w\" sizes=\"auto, (max-width: 1024px) 100vw, 1024px\" \/><\/figure><\/div>\n\n\n\n<p>Todo esse apoio ajuda a construir na cabe\u00e7a da crian\u00e7a um sentimento de seguran\u00e7a e conforto ao redor do ambiente escolar, quebrando paradigmas e medos que talvez tenham sido desenvolvidos em seu imagin\u00e1rio. Conversar e mostrar suporte deixa os pequenos mais confiantes no seu primeiro dia de aula.<\/p>\n\n\n\n<div class=\"wp-block-image\"><figure class=\"aligncenter size-large is-resized\"><img loading=\"lazy\" decoding=\"async\" src=\"https:\/\/jornalfatosenoticias.com.br\/wp-content\/uploads\/2022\/08\/logo-locau-veiculos-1024x573.png\" alt=\"\" class=\"wp-image-33078\" width=\"352\" height=\"196\"\/><\/figure><\/div>\n\n\n\n<p>Dessa forma, o retorno de Nat\u00e1lia foi bem f\u00e1cil. &#8220;Ela n\u00e3o teve nenhuma dificuldade. Dizia querer mais tempo de f\u00e9rias, mas no primeiro dia de aula j\u00e1 levantou cedo, se trocou e estava muito feliz em ir! Queria muito ver os amigos, conhecer os amigos novos e come\u00e7ar a usar o novo material&#8221;, conta Karina.<\/p>\n\n\n\n<div class=\"wp-block-image\"><figure class=\"aligncenter size-large\"><img loading=\"lazy\" decoding=\"async\" width=\"1024\" height=\"100\" src=\"https:\/\/jornalfatosenoticias.com.br\/wp-content\/uploads\/2022\/05\/NOVA-LOGO-CESCONETTO-1024x100.jpg\" alt=\"\" class=\"wp-image-30792\" srcset=\"https:\/\/jornalfatosenoticias.com.br\/wp-content\/uploads\/2022\/05\/NOVA-LOGO-CESCONETTO-1024x100.jpg 1024w, https:\/\/jornalfatosenoticias.com.br\/wp-content\/uploads\/2022\/05\/NOVA-LOGO-CESCONETTO-300x29.jpg 300w, https:\/\/jornalfatosenoticias.com.br\/wp-content\/uploads\/2022\/05\/NOVA-LOGO-CESCONETTO-768x75.jpg 768w, https:\/\/jornalfatosenoticias.com.br\/wp-content\/uploads\/2022\/05\/NOVA-LOGO-CESCONETTO.jpg 1280w\" sizes=\"auto, (max-width: 1024px) 100vw, 1024px\" \/><\/figure><\/div>\n\n\n\n<p><strong><span class=\"has-inline-color has-vivid-cyan-blue-color\">Intera\u00e7\u00e3o entre alunos, professores e ambiente escolar<br><\/span><\/strong>Logo na semana inicial, as escolas se prop\u00f5em a desenvolver atividades para receber seus alunos. Adriana conta que, em sua escola, &#8220;jogos, brincadeiras, leituras e arte&#8221; s\u00e3o algumas das tarefas realizadas com a crian\u00e7ada nos primeiros dias de aula. O apoio e preparo da escola tamb\u00e9m s\u00e3o essenciais para que a crian\u00e7a se sinta confort\u00e1vel e acolhida nessa volta.<br>Apesar do poss\u00edvel receio inicial por parte das crian\u00e7as, as vantagens trazidas pela retomada das aulas s\u00e3o diversas. <\/p>\n\n\n\n<div class=\"wp-block-image\"><figure class=\"aligncenter size-large\"><img decoding=\"async\" src=\"https:\/\/jornalfatosenoticias.com.br\/wp-content\/uploads\/2020\/02\/logo_esteio.jpg\" alt=\"\" class=\"wp-image-1214\"\/><\/figure><\/div>\n\n\n\n<figure class=\"wp-block-pullquote\"><blockquote><p><span class=\"has-inline-color has-luminous-vivid-orange-color\">As rela\u00e7\u00f5es interpessoais s\u00e3o fundamentais na constru\u00e7\u00e3o da boa conviv\u00eancia e essa oportunidade \u00e9 muito ampliada na escola&#8221;, explica a coordenadora. <\/span><\/p><\/blockquote><\/figure>\n\n\n\n<div class=\"wp-block-image\"><figure class=\"aligncenter size-large\"><img loading=\"lazy\" decoding=\"async\" width=\"1024\" height=\"111\" src=\"https:\/\/jornalfatosenoticias.com.br\/wp-content\/uploads\/2020\/02\/WhatsApp-Image-2022-09-23-at-12.09.18-1024x111.jpeg\" alt=\"\" class=\"wp-image-34527\" srcset=\"https:\/\/jornalfatosenoticias.com.br\/wp-content\/uploads\/2020\/02\/WhatsApp-Image-2022-09-23-at-12.09.18-1024x111.jpeg 1024w, https:\/\/jornalfatosenoticias.com.br\/wp-content\/uploads\/2020\/02\/WhatsApp-Image-2022-09-23-at-12.09.18-300x32.jpeg 300w, https:\/\/jornalfatosenoticias.com.br\/wp-content\/uploads\/2020\/02\/WhatsApp-Image-2022-09-23-at-12.09.18-768x83.jpeg 768w, https:\/\/jornalfatosenoticias.com.br\/wp-content\/uploads\/2020\/02\/WhatsApp-Image-2022-09-23-at-12.09.18.jpeg 1121w\" sizes=\"auto, (max-width: 1024px) 100vw, 1024px\" \/><\/figure><\/div>\n\n\n\n<p>A intera\u00e7\u00e3o dos alunos \u00e9 muito ben\u00e9fica para o desenvolvimento e crescimento pessoal de cada um. Karina percebe isso claramente em sua filha. Segundo ela, os pr\u00f3s desse retorno s\u00e3o &#8220;a rotina de hor\u00e1rios, a disciplina de entender que a obriga\u00e7\u00e3o existe e precisa ser cumprida e na maioria das vezes ela vem antes do descanso e do prazer, o reencontro das amizades e a maneira de lidar com elas nos hor\u00e1rios de aula e intervalos&#8221;.<br>Mesmo que nem sempre seja f\u00e1cil se despedir dos filhos na porta da escola, as m\u00e3es entendem essa import\u00e2ncia. <\/p>\n\n\n\n<div class=\"wp-block-image\"><figure class=\"aligncenter size-large\"><img loading=\"lazy\" decoding=\"async\" width=\"300\" height=\"300\" src=\"https:\/\/jornalfatosenoticias.com.br\/wp-content\/uploads\/2020\/02\/casa-do-torresmo_portal.jpg\" alt=\"\" class=\"wp-image-34472\" srcset=\"https:\/\/jornalfatosenoticias.com.br\/wp-content\/uploads\/2020\/02\/casa-do-torresmo_portal.jpg 300w, https:\/\/jornalfatosenoticias.com.br\/wp-content\/uploads\/2020\/02\/casa-do-torresmo_portal-150x150.jpg 150w\" sizes=\"auto, (max-width: 300px) 100vw, 300px\" \/><\/figure><\/div>\n\n\n\n<figure class=\"wp-block-pullquote\"><blockquote><p><span class=\"has-inline-color has-luminous-vivid-orange-color\">O v\u00ednculo com outras crian\u00e7as, aprendizado entre as diferen\u00e7as de pessoas, opini\u00f5es, gostos, cria\u00e7\u00e3o&#8221;, cita Karina, a respeito dos muitos benef\u00edcios que a institui\u00e7\u00e3o agrega para Nat\u00e1lia.<\/span><\/p><\/blockquote><\/figure>\n\n\n\n<p><strong><em>Fonte: <a href=\"https:\/\/www.terra.com.br\/vida-e-estilo\/comportamento\/volta-as-aulas-pode-ser-dificil-mas-e-benefica-para-o-desenvolvimento-das-criancas,5a1f569ae996d5cd87a951b51d93e3bcuexnixrm.html\">Terra<\/a><\/em><\/strong><\/p>\n","protected":false},"excerpt":{"rendered":"<p>Ansiedade, medo do novo e tamb\u00e9m entusiasmo s\u00e3o algumas das emo\u00e7\u00f5es que costumam ser sentidas pelas crian\u00e7as com a volta \u00e0s aulas Voltar \u00e0 rotina depois de um per\u00edodo de f\u00e9rias n\u00e3o \u00e9 f\u00e1cil. Para crian\u00e7as, pode ser mais dif\u00edcil ainda. \u00c9 que os pequenos se acostumam com a vida boa de poder acordar e [&hellip;]<\/p>\n","protected":false},"author":2,"featured_media":38577,"comment_status":"open","ping_status":"open","sticky":false,"template":"","format":"standard","meta":{"footnotes":""},"categories":[7],"tags":[2279,670,5096,2250,1557,18054,4692],"class_list":["post-38576","post","type-post","status-publish","format-standard","has-post-thumbnail","hentry","category-educacao","tag-ansiedade","tag-criancas","tag-emocoes","tag-entusiasmo","tag-medo","tag-medo-do-novo","tag-volta-as-aulas"],"yoast_head":"<!-- This site is optimized with the Yoast SEO plugin v26.5 - https:\/\/yoast.com\/wordpress\/plugins\/seo\/ -->\n<title>Volta \u00e0s aulas pode ser dif\u00edcil, mas \u00e9 ben\u00e9fica para o desenvolvimento das crian\u00e7as - Jornal Fatos e Not\u00edcias<\/title>\n<meta name=\"robots\" content=\"index, follow, max-snippet:-1, max-image-preview:large, max-video-preview:-1\" \/>\n<link rel=\"canonical\" href=\"https:\/\/jornalfatosenoticias.com.br\/index.php\/2023\/02\/08\/volta-as-aulas-pode-ser-dificil-mas-e-benefica-para-o-desenvolvimento-das-criancas\/\" \/>\n<meta property=\"og:locale\" content=\"pt_BR\" \/>\n<meta property=\"og:type\" content=\"article\" \/>\n<meta property=\"og:title\" content=\"Volta \u00e0s aulas pode ser dif\u00edcil, mas \u00e9 ben\u00e9fica para o desenvolvimento das crian\u00e7as - Jornal Fatos e Not\u00edcias\" \/>\n<meta property=\"og:description\" content=\"Ansiedade, medo do novo e tamb\u00e9m entusiasmo s\u00e3o algumas das emo\u00e7\u00f5es que costumam ser sentidas pelas crian\u00e7as com a volta \u00e0s aulas Voltar \u00e0 rotina depois de um per\u00edodo de f\u00e9rias n\u00e3o \u00e9 f\u00e1cil. Para crian\u00e7as, pode ser mais dif\u00edcil ainda. \u00c9 que os pequenos se acostumam com a vida boa de poder acordar e [&hellip;]\" \/>\n<meta property=\"og:url\" content=\"https:\/\/jornalfatosenoticias.com.br\/index.php\/2023\/02\/08\/volta-as-aulas-pode-ser-dificil-mas-e-benefica-para-o-desenvolvimento-das-criancas\/\" \/>\n<meta property=\"og:site_name\" content=\"Jornal Fatos e Not\u00edcias\" \/>\n<meta property=\"article:published_time\" content=\"2023-02-08T16:32:42+00:00\" \/>\n<meta property=\"og:image\" content=\"https:\/\/jornalfatosenoticias.com.br\/wp-content\/uploads\/2023\/02\/VOLTA-AS-AULAS_FREEPIK.jpg\" \/>\n\t<meta property=\"og:image:width\" content=\"1000\" \/>\n\t<meta property=\"og:image:height\" content=\"519\" \/>\n\t<meta property=\"og:image:type\" content=\"image\/jpeg\" \/>\n<meta name=\"author\" content=\"Luzimara Fernandes\" \/>\n<meta name=\"twitter:card\" content=\"summary_large_image\" \/>\n<meta name=\"twitter:label1\" content=\"Escrito por\" \/>\n\t<meta name=\"twitter:data1\" content=\"Luzimara Fernandes\" \/>\n\t<meta name=\"twitter:label2\" content=\"Est. tempo de leitura\" \/>\n\t<meta name=\"twitter:data2\" content=\"4 minutos\" \/>\n<script type=\"application\/ld+json\" class=\"yoast-schema-graph\">{\"@context\":\"https:\/\/schema.org\",\"@graph\":[{\"@type\":\"Article\",\"@id\":\"https:\/\/jornalfatosenoticias.com.br\/index.php\/2023\/02\/08\/volta-as-aulas-pode-ser-dificil-mas-e-benefica-para-o-desenvolvimento-das-criancas\/#article\",\"isPartOf\":{\"@id\":\"https:\/\/jornalfatosenoticias.com.br\/index.php\/2023\/02\/08\/volta-as-aulas-pode-ser-dificil-mas-e-benefica-para-o-desenvolvimento-das-criancas\/\"},\"author\":{\"name\":\"Luzimara Fernandes\",\"@id\":\"https:\/\/jornalfatosenoticias.com.br\/#\/schema\/person\/d63837fa13ac8666eb9e74e0985d6f81\"},\"headline\":\"Volta \u00e0s aulas pode ser dif\u00edcil, mas \u00e9 ben\u00e9fica para o desenvolvimento das crian\u00e7as\",\"datePublished\":\"2023-02-08T16:32:42+00:00\",\"mainEntityOfPage\":{\"@id\":\"https:\/\/jornalfatosenoticias.com.br\/index.php\/2023\/02\/08\/volta-as-aulas-pode-ser-dificil-mas-e-benefica-para-o-desenvolvimento-das-criancas\/\"},\"wordCount\":748,\"commentCount\":0,\"publisher\":{\"@id\":\"https:\/\/jornalfatosenoticias.com.br\/#organization\"},\"image\":{\"@id\":\"https:\/\/jornalfatosenoticias.com.br\/index.php\/2023\/02\/08\/volta-as-aulas-pode-ser-dificil-mas-e-benefica-para-o-desenvolvimento-das-criancas\/#primaryimage\"},\"thumbnailUrl\":\"https:\/\/jornalfatosenoticias.com.br\/wp-content\/uploads\/2023\/02\/VOLTA-AS-AULAS_FREEPIK.jpg\",\"keywords\":[\"ansiedade\",\"crian\u00e7as\",\"emo\u00e7\u00f5es\",\"entusiasmo\",\"medo\",\"medo do novo\",\"volta \u00e0s aulas\"],\"articleSection\":[\"Educa\u00e7\u00e3o\"],\"inLanguage\":\"pt-BR\",\"potentialAction\":[{\"@type\":\"CommentAction\",\"name\":\"Comment\",\"target\":[\"https:\/\/jornalfatosenoticias.com.br\/index.php\/2023\/02\/08\/volta-as-aulas-pode-ser-dificil-mas-e-benefica-para-o-desenvolvimento-das-criancas\/#respond\"]}]},{\"@type\":\"WebPage\",\"@id\":\"https:\/\/jornalfatosenoticias.com.br\/index.php\/2023\/02\/08\/volta-as-aulas-pode-ser-dificil-mas-e-benefica-para-o-desenvolvimento-das-criancas\/\",\"url\":\"https:\/\/jornalfatosenoticias.com.br\/index.php\/2023\/02\/08\/volta-as-aulas-pode-ser-dificil-mas-e-benefica-para-o-desenvolvimento-das-criancas\/\",\"name\":\"Volta \u00e0s aulas pode ser dif\u00edcil, mas \u00e9 ben\u00e9fica para o desenvolvimento das crian\u00e7as - Jornal Fatos e Not\u00edcias\",\"isPartOf\":{\"@id\":\"https:\/\/jornalfatosenoticias.com.br\/#website\"},\"primaryImageOfPage\":{\"@id\":\"https:\/\/jornalfatosenoticias.com.br\/index.php\/2023\/02\/08\/volta-as-aulas-pode-ser-dificil-mas-e-benefica-para-o-desenvolvimento-das-criancas\/#primaryimage\"},\"image\":{\"@id\":\"https:\/\/jornalfatosenoticias.com.br\/index.php\/2023\/02\/08\/volta-as-aulas-pode-ser-dificil-mas-e-benefica-para-o-desenvolvimento-das-criancas\/#primaryimage\"},\"thumbnailUrl\":\"https:\/\/jornalfatosenoticias.com.br\/wp-content\/uploads\/2023\/02\/VOLTA-AS-AULAS_FREEPIK.jpg\",\"datePublished\":\"2023-02-08T16:32:42+00:00\",\"breadcrumb\":{\"@id\":\"https:\/\/jornalfatosenoticias.com.br\/index.php\/2023\/02\/08\/volta-as-aulas-pode-ser-dificil-mas-e-benefica-para-o-desenvolvimento-das-criancas\/#breadcrumb\"},\"inLanguage\":\"pt-BR\",\"potentialAction\":[{\"@type\":\"ReadAction\",\"target\":[\"https:\/\/jornalfatosenoticias.com.br\/index.php\/2023\/02\/08\/volta-as-aulas-pode-ser-dificil-mas-e-benefica-para-o-desenvolvimento-das-criancas\/\"]}]},{\"@type\":\"ImageObject\",\"inLanguage\":\"pt-BR\",\"@id\":\"https:\/\/jornalfatosenoticias.com.br\/index.php\/2023\/02\/08\/volta-as-aulas-pode-ser-dificil-mas-e-benefica-para-o-desenvolvimento-das-criancas\/#primaryimage\",\"url\":\"https:\/\/jornalfatosenoticias.com.br\/wp-content\/uploads\/2023\/02\/VOLTA-AS-AULAS_FREEPIK.jpg\",\"contentUrl\":\"https:\/\/jornalfatosenoticias.com.br\/wp-content\/uploads\/2023\/02\/VOLTA-AS-AULAS_FREEPIK.jpg\",\"width\":1000,\"height\":519,\"caption\":\"Classmates Friends Bag School Education\"},{\"@type\":\"BreadcrumbList\",\"@id\":\"https:\/\/jornalfatosenoticias.com.br\/index.php\/2023\/02\/08\/volta-as-aulas-pode-ser-dificil-mas-e-benefica-para-o-desenvolvimento-das-criancas\/#breadcrumb\",\"itemListElement\":[{\"@type\":\"ListItem\",\"position\":1,\"name\":\"In\u00edcio\",\"item\":\"https:\/\/jornalfatosenoticias.com.br\/\"},{\"@type\":\"ListItem\",\"position\":2,\"name\":\"Volta \u00e0s aulas pode ser dif\u00edcil, mas \u00e9 ben\u00e9fica para o desenvolvimento das crian\u00e7as\"}]},{\"@type\":\"WebSite\",\"@id\":\"https:\/\/jornalfatosenoticias.com.br\/#website\",\"url\":\"https:\/\/jornalfatosenoticias.com.br\/\",\"name\":\"Jornal Fatos e Not\u00edcias\",\"description\":\"Not\u00edcias em geral\",\"publisher\":{\"@id\":\"https:\/\/jornalfatosenoticias.com.br\/#organization\"},\"potentialAction\":[{\"@type\":\"SearchAction\",\"target\":{\"@type\":\"EntryPoint\",\"urlTemplate\":\"https:\/\/jornalfatosenoticias.com.br\/?s={search_term_string}\"},\"query-input\":{\"@type\":\"PropertyValueSpecification\",\"valueRequired\":true,\"valueName\":\"search_term_string\"}}],\"inLanguage\":\"pt-BR\"},{\"@type\":\"Organization\",\"@id\":\"https:\/\/jornalfatosenoticias.com.br\/#organization\",\"name\":\"Jornal Fatos e Not\u00edcias\",\"url\":\"https:\/\/jornalfatosenoticias.com.br\/\",\"logo\":{\"@type\":\"ImageObject\",\"inLanguage\":\"pt-BR\",\"@id\":\"https:\/\/jornalfatosenoticias.com.br\/#\/schema\/logo\/image\/\",\"url\":\"https:\/\/jornalfatosenoticias.com.br\/wp-content\/uploads\/2020\/02\/logo120.png\",\"contentUrl\":\"https:\/\/jornalfatosenoticias.com.br\/wp-content\/uploads\/2020\/02\/logo120.png\",\"width\":1227,\"height\":120,\"caption\":\"Jornal Fatos e Not\u00edcias\"},\"image\":{\"@id\":\"https:\/\/jornalfatosenoticias.com.br\/#\/schema\/logo\/image\/\"}},{\"@type\":\"Person\",\"@id\":\"https:\/\/jornalfatosenoticias.com.br\/#\/schema\/person\/d63837fa13ac8666eb9e74e0985d6f81\",\"name\":\"Luzimara Fernandes\",\"image\":{\"@type\":\"ImageObject\",\"inLanguage\":\"pt-BR\",\"@id\":\"https:\/\/jornalfatosenoticias.com.br\/#\/schema\/person\/image\/\",\"url\":\"https:\/\/jornalfatosenoticias.com.br\/wp-content\/uploads\/2025\/05\/EU_portal.jpg\",\"contentUrl\":\"https:\/\/jornalfatosenoticias.com.br\/wp-content\/uploads\/2025\/05\/EU_portal.jpg\",\"caption\":\"Luzimara Fernandes\"},\"description\":\"Jornalista MTB 2358-ES\",\"sameAs\":[\"https:\/\/jornalfatosenoticias.com.br\"],\"url\":\"https:\/\/jornalfatosenoticias.com.br\/index.php\/author\/luzimara\/\"}]}<\/script>\n<!-- \/ Yoast SEO plugin. -->","yoast_head_json":{"title":"Volta \u00e0s aulas pode ser dif\u00edcil, mas \u00e9 ben\u00e9fica para o desenvolvimento das crian\u00e7as - Jornal Fatos e Not\u00edcias","robots":{"index":"index","follow":"follow","max-snippet":"max-snippet:-1","max-image-preview":"max-image-preview:large","max-video-preview":"max-video-preview:-1"},"canonical":"https:\/\/jornalfatosenoticias.com.br\/index.php\/2023\/02\/08\/volta-as-aulas-pode-ser-dificil-mas-e-benefica-para-o-desenvolvimento-das-criancas\/","og_locale":"pt_BR","og_type":"article","og_title":"Volta \u00e0s aulas pode ser dif\u00edcil, mas \u00e9 ben\u00e9fica para o desenvolvimento das crian\u00e7as - Jornal Fatos e Not\u00edcias","og_description":"Ansiedade, medo do novo e tamb\u00e9m entusiasmo s\u00e3o algumas das emo\u00e7\u00f5es que costumam ser sentidas pelas crian\u00e7as com a volta \u00e0s aulas Voltar \u00e0 rotina depois de um per\u00edodo de f\u00e9rias n\u00e3o \u00e9 f\u00e1cil. Para crian\u00e7as, pode ser mais dif\u00edcil ainda. \u00c9 que os pequenos se acostumam com a vida boa de poder acordar e [&hellip;]","og_url":"https:\/\/jornalfatosenoticias.com.br\/index.php\/2023\/02\/08\/volta-as-aulas-pode-ser-dificil-mas-e-benefica-para-o-desenvolvimento-das-criancas\/","og_site_name":"Jornal Fatos e Not\u00edcias","article_published_time":"2023-02-08T16:32:42+00:00","og_image":[{"width":1000,"height":519,"url":"https:\/\/jornalfatosenoticias.com.br\/wp-content\/uploads\/2023\/02\/VOLTA-AS-AULAS_FREEPIK.jpg","type":"image\/jpeg"}],"author":"Luzimara Fernandes","twitter_card":"summary_large_image","twitter_misc":{"Escrito por":"Luzimara Fernandes","Est. tempo de leitura":"4 minutos"},"schema":{"@context":"https:\/\/schema.org","@graph":[{"@type":"Article","@id":"https:\/\/jornalfatosenoticias.com.br\/index.php\/2023\/02\/08\/volta-as-aulas-pode-ser-dificil-mas-e-benefica-para-o-desenvolvimento-das-criancas\/#article","isPartOf":{"@id":"https:\/\/jornalfatosenoticias.com.br\/index.php\/2023\/02\/08\/volta-as-aulas-pode-ser-dificil-mas-e-benefica-para-o-desenvolvimento-das-criancas\/"},"author":{"name":"Luzimara Fernandes","@id":"https:\/\/jornalfatosenoticias.com.br\/#\/schema\/person\/d63837fa13ac8666eb9e74e0985d6f81"},"headline":"Volta \u00e0s aulas pode ser dif\u00edcil, mas \u00e9 ben\u00e9fica para o desenvolvimento das crian\u00e7as","datePublished":"2023-02-08T16:32:42+00:00","mainEntityOfPage":{"@id":"https:\/\/jornalfatosenoticias.com.br\/index.php\/2023\/02\/08\/volta-as-aulas-pode-ser-dificil-mas-e-benefica-para-o-desenvolvimento-das-criancas\/"},"wordCount":748,"commentCount":0,"publisher":{"@id":"https:\/\/jornalfatosenoticias.com.br\/#organization"},"image":{"@id":"https:\/\/jornalfatosenoticias.com.br\/index.php\/2023\/02\/08\/volta-as-aulas-pode-ser-dificil-mas-e-benefica-para-o-desenvolvimento-das-criancas\/#primaryimage"},"thumbnailUrl":"https:\/\/jornalfatosenoticias.com.br\/wp-content\/uploads\/2023\/02\/VOLTA-AS-AULAS_FREEPIK.jpg","keywords":["ansiedade","crian\u00e7as","emo\u00e7\u00f5es","entusiasmo","medo","medo do novo","volta \u00e0s aulas"],"articleSection":["Educa\u00e7\u00e3o"],"inLanguage":"pt-BR","potentialAction":[{"@type":"CommentAction","name":"Comment","target":["https:\/\/jornalfatosenoticias.com.br\/index.php\/2023\/02\/08\/volta-as-aulas-pode-ser-dificil-mas-e-benefica-para-o-desenvolvimento-das-criancas\/#respond"]}]},{"@type":"WebPage","@id":"https:\/\/jornalfatosenoticias.com.br\/index.php\/2023\/02\/08\/volta-as-aulas-pode-ser-dificil-mas-e-benefica-para-o-desenvolvimento-das-criancas\/","url":"https:\/\/jornalfatosenoticias.com.br\/index.php\/2023\/02\/08\/volta-as-aulas-pode-ser-dificil-mas-e-benefica-para-o-desenvolvimento-das-criancas\/","name":"Volta \u00e0s aulas pode ser dif\u00edcil, mas \u00e9 ben\u00e9fica para o desenvolvimento das crian\u00e7as - Jornal Fatos e Not\u00edcias","isPartOf":{"@id":"https:\/\/jornalfatosenoticias.com.br\/#website"},"primaryImageOfPage":{"@id":"https:\/\/jornalfatosenoticias.com.br\/index.php\/2023\/02\/08\/volta-as-aulas-pode-ser-dificil-mas-e-benefica-para-o-desenvolvimento-das-criancas\/#primaryimage"},"image":{"@id":"https:\/\/jornalfatosenoticias.com.br\/index.php\/2023\/02\/08\/volta-as-aulas-pode-ser-dificil-mas-e-benefica-para-o-desenvolvimento-das-criancas\/#primaryimage"},"thumbnailUrl":"https:\/\/jornalfatosenoticias.com.br\/wp-content\/uploads\/2023\/02\/VOLTA-AS-AULAS_FREEPIK.jpg","datePublished":"2023-02-08T16:32:42+00:00","breadcrumb":{"@id":"https:\/\/jornalfatosenoticias.com.br\/index.php\/2023\/02\/08\/volta-as-aulas-pode-ser-dificil-mas-e-benefica-para-o-desenvolvimento-das-criancas\/#breadcrumb"},"inLanguage":"pt-BR","potentialAction":[{"@type":"ReadAction","target":["https:\/\/jornalfatosenoticias.com.br\/index.php\/2023\/02\/08\/volta-as-aulas-pode-ser-dificil-mas-e-benefica-para-o-desenvolvimento-das-criancas\/"]}]},{"@type":"ImageObject","inLanguage":"pt-BR","@id":"https:\/\/jornalfatosenoticias.com.br\/index.php\/2023\/02\/08\/volta-as-aulas-pode-ser-dificil-mas-e-benefica-para-o-desenvolvimento-das-criancas\/#primaryimage","url":"https:\/\/jornalfatosenoticias.com.br\/wp-content\/uploads\/2023\/02\/VOLTA-AS-AULAS_FREEPIK.jpg","contentUrl":"https:\/\/jornalfatosenoticias.com.br\/wp-content\/uploads\/2023\/02\/VOLTA-AS-AULAS_FREEPIK.jpg","width":1000,"height":519,"caption":"Classmates Friends Bag School Education"},{"@type":"BreadcrumbList","@id":"https:\/\/jornalfatosenoticias.com.br\/index.php\/2023\/02\/08\/volta-as-aulas-pode-ser-dificil-mas-e-benefica-para-o-desenvolvimento-das-criancas\/#breadcrumb","itemListElement":[{"@type":"ListItem","position":1,"name":"In\u00edcio","item":"https:\/\/jornalfatosenoticias.com.br\/"},{"@type":"ListItem","position":2,"name":"Volta \u00e0s aulas pode ser dif\u00edcil, mas \u00e9 ben\u00e9fica para o desenvolvimento das crian\u00e7as"}]},{"@type":"WebSite","@id":"https:\/\/jornalfatosenoticias.com.br\/#website","url":"https:\/\/jornalfatosenoticias.com.br\/","name":"Jornal Fatos e Not\u00edcias","description":"Not\u00edcias em geral","publisher":{"@id":"https:\/\/jornalfatosenoticias.com.br\/#organization"},"potentialAction":[{"@type":"SearchAction","target":{"@type":"EntryPoint","urlTemplate":"https:\/\/jornalfatosenoticias.com.br\/?s={search_term_string}"},"query-input":{"@type":"PropertyValueSpecification","valueRequired":true,"valueName":"search_term_string"}}],"inLanguage":"pt-BR"},{"@type":"Organization","@id":"https:\/\/jornalfatosenoticias.com.br\/#organization","name":"Jornal Fatos e Not\u00edcias","url":"https:\/\/jornalfatosenoticias.com.br\/","logo":{"@type":"ImageObject","inLanguage":"pt-BR","@id":"https:\/\/jornalfatosenoticias.com.br\/#\/schema\/logo\/image\/","url":"https:\/\/jornalfatosenoticias.com.br\/wp-content\/uploads\/2020\/02\/logo120.png","contentUrl":"https:\/\/jornalfatosenoticias.com.br\/wp-content\/uploads\/2020\/02\/logo120.png","width":1227,"height":120,"caption":"Jornal Fatos e Not\u00edcias"},"image":{"@id":"https:\/\/jornalfatosenoticias.com.br\/#\/schema\/logo\/image\/"}},{"@type":"Person","@id":"https:\/\/jornalfatosenoticias.com.br\/#\/schema\/person\/d63837fa13ac8666eb9e74e0985d6f81","name":"Luzimara Fernandes","image":{"@type":"ImageObject","inLanguage":"pt-BR","@id":"https:\/\/jornalfatosenoticias.com.br\/#\/schema\/person\/image\/","url":"https:\/\/jornalfatosenoticias.com.br\/wp-content\/uploads\/2025\/05\/EU_portal.jpg","contentUrl":"https:\/\/jornalfatosenoticias.com.br\/wp-content\/uploads\/2025\/05\/EU_portal.jpg","caption":"Luzimara Fernandes"},"description":"Jornalista MTB 2358-ES","sameAs":["https:\/\/jornalfatosenoticias.com.br"],"url":"https:\/\/jornalfatosenoticias.com.br\/index.php\/author\/luzimara\/"}]}},"cc_featured_image_caption":{"caption_text":"(Foto: Freepik) ","source_text":"","source_url":""},"jetpack_featured_media_url":"https:\/\/jornalfatosenoticias.com.br\/wp-content\/uploads\/2023\/02\/VOLTA-AS-AULAS_FREEPIK.jpg","_links":{"self":[{"href":"https:\/\/jornalfatosenoticias.com.br\/index.php\/wp-json\/wp\/v2\/posts\/38576","targetHints":{"allow":["GET"]}}],"collection":[{"href":"https:\/\/jornalfatosenoticias.com.br\/index.php\/wp-json\/wp\/v2\/posts"}],"about":[{"href":"https:\/\/jornalfatosenoticias.com.br\/index.php\/wp-json\/wp\/v2\/types\/post"}],"author":[{"embeddable":true,"href":"https:\/\/jornalfatosenoticias.com.br\/index.php\/wp-json\/wp\/v2\/users\/2"}],"replies":[{"embeddable":true,"href":"https:\/\/jornalfatosenoticias.com.br\/index.php\/wp-json\/wp\/v2\/comments?post=38576"}],"version-history":[{"count":0,"href":"https:\/\/jornalfatosenoticias.com.br\/index.php\/wp-json\/wp\/v2\/posts\/38576\/revisions"}],"wp:featuredmedia":[{"embeddable":true,"href":"https:\/\/jornalfatosenoticias.com.br\/index.php\/wp-json\/wp\/v2\/media\/38577"}],"wp:attachment":[{"href":"https:\/\/jornalfatosenoticias.com.br\/index.php\/wp-json\/wp\/v2\/media?parent=38576"}],"wp:term":[{"taxonomy":"category","embeddable":true,"href":"https:\/\/jornalfatosenoticias.com.br\/index.php\/wp-json\/wp\/v2\/categories?post=38576"},{"taxonomy":"post_tag","embeddable":true,"href":"https:\/\/jornalfatosenoticias.com.br\/index.php\/wp-json\/wp\/v2\/tags?post=38576"}],"curies":[{"name":"wp","href":"https:\/\/api.w.org\/{rel}","templated":true}]}}