{"id":38596,"date":"2023-02-09T11:36:16","date_gmt":"2023-02-09T14:36:16","guid":{"rendered":"https:\/\/jornalfatosenoticias.com.br\/?p=38596"},"modified":"2023-02-09T11:36:16","modified_gmt":"2023-02-09T14:36:16","slug":"a-barbarie-com-as-criancas-e-adolescentes-ianomamis-e-outras-parte-i","status":"publish","type":"post","link":"https:\/\/jornalfatosenoticias.com.br\/index.php\/2023\/02\/09\/a-barbarie-com-as-criancas-e-adolescentes-ianomamis-e-outras-parte-i\/","title":{"rendered":"A barb\u00e1rie com as Crian\u00e7as e Adolescentes Ianom\u00e2mis, e outras \u2014 Parte I"},"content":{"rendered":"\n<p><em><span class=\"has-inline-color has-black-color\">H\u00e1 um sistema de desprote\u00e7\u00e3o de vulner\u00e1veis, h\u00e1 um sistema predador. E esse sistema n\u00e3o est\u00e1 apenas nas terras de nossos povos origin\u00e1rios. Ele est\u00e1 entre n\u00f3s. Nas grandes cidades, no sistema de justi\u00e7a<\/span><\/em><\/p>\n\n\n\n<div class=\"wp-block-image\"><figure class=\"aligncenter size-large\"><img loading=\"lazy\" decoding=\"async\" width=\"1024\" height=\"100\" src=\"https:\/\/jornalfatosenoticias.com.br\/wp-content\/uploads\/2022\/05\/NOVA-LOGO-CESCONETTO-1024x100.jpg\" alt=\"\" class=\"wp-image-30792\" srcset=\"https:\/\/jornalfatosenoticias.com.br\/wp-content\/uploads\/2022\/05\/NOVA-LOGO-CESCONETTO-1024x100.jpg 1024w, https:\/\/jornalfatosenoticias.com.br\/wp-content\/uploads\/2022\/05\/NOVA-LOGO-CESCONETTO-300x29.jpg 300w, https:\/\/jornalfatosenoticias.com.br\/wp-content\/uploads\/2022\/05\/NOVA-LOGO-CESCONETTO-768x75.jpg 768w, https:\/\/jornalfatosenoticias.com.br\/wp-content\/uploads\/2022\/05\/NOVA-LOGO-CESCONETTO.jpg 1280w\" sizes=\"auto, (max-width: 1024px) 100vw, 1024px\" \/><\/figure><\/div>\n\n\n\n<p>Elas n\u00e3o choram. Elas n\u00e3o emitem sons. Elas n\u00e3o se mexem. Enroladas em torno do abd\u00f4men, \u00fanico volume, s\u00e3o como que aranhinhas paralisadas que se amontoam. Montinhos de aranhinhas. Mas s\u00e3o pessoas! Aquelas aranhinhas s\u00e3o pessoas! Est\u00e3o sendo assassinadas em tortura, pelo merc\u00fario que bebem das \u00e1guas dos rios que j\u00e1 morreram, de verminose \u2014 que tamb\u00e9m vem nas \u00e1guas \u2014 de mal\u00e1ria, que se agrava, rapidamente, pelo estado de severa debilidade org\u00e2nica, de fome porque, quando mataram os rios e as matas, mataram o alimento que forneciam. E passaram a oferecer, compulsoriamente, o merc\u00fario, um metal pesado que mata lentamente.<\/p>\n\n\n\n<div class=\"wp-block-image\"><figure class=\"aligncenter size-large is-resized\"><img loading=\"lazy\" decoding=\"async\" src=\"https:\/\/jornalfatosenoticias.com.br\/wp-content\/uploads\/2020\/02\/logo-clinica-limoeiro.jpg\" alt=\"\" class=\"wp-image-34610\" width=\"260\" height=\"185\"\/><\/figure><\/div>\n\n\n\n<p>N\u00e3o estou me posicionando em nenhum lado pol\u00edtico-partid\u00e1rio, ou de qualquer ideologia. Somente, a Humanit\u00e1ria. Muito me incomodou n\u00e3o ter conhecimento do tamanho da mis\u00e9ria que as Crian\u00e7as ind\u00edgenas estavam sendo submetidas. O exterm\u00ednio de Crian\u00e7as \u00e9 um filic\u00eddio social. Essas Crian\u00e7as s\u00e3o filhas de todos n\u00f3s. Se no ano passado reclamei pela morte de dois meninos que, enquanto tomavam banho num rio, como fazem sempre, foram engolidos por uma m\u00e1quina sugadora que estava submersa para n\u00e3o ser detectada, morreram. Sabia dos garimpos ilegais, mas n\u00e3o que estavam na beira das ocas ind\u00edgenas derramando merc\u00fario que se espalha na capilaridade fluvial da regi\u00e3o. O merc\u00fario, usado para precipitar o ouro, se mistura nas \u00e1guas no local do garimpo e, como \u00e9 perene, desce pelos rios e igarap\u00e9s por quil\u00f4metros e quil\u00f4metros, como uma met\u00e1stase l\u00edquida em meio l\u00edquido. Extremamente expansivo. Dificilmente, control\u00e1vel.<\/p>\n\n\n\n<div class=\"wp-block-image\"><figure class=\"aligncenter size-large\"><img loading=\"lazy\" decoding=\"async\" width=\"1024\" height=\"100\" src=\"https:\/\/jornalfatosenoticias.com.br\/wp-content\/uploads\/2020\/02\/banner_ferramentas-1024x100.jpg\" alt=\"\" class=\"wp-image-1258\" srcset=\"https:\/\/jornalfatosenoticias.com.br\/wp-content\/uploads\/2020\/02\/banner_ferramentas-1024x100.jpg 1024w, https:\/\/jornalfatosenoticias.com.br\/wp-content\/uploads\/2020\/02\/banner_ferramentas-300x29.jpg 300w, https:\/\/jornalfatosenoticias.com.br\/wp-content\/uploads\/2020\/02\/banner_ferramentas-768x75.jpg 768w, https:\/\/jornalfatosenoticias.com.br\/wp-content\/uploads\/2020\/02\/banner_ferramentas.jpg 1227w\" sizes=\"auto, (max-width: 1024px) 100vw, 1024px\" \/><\/figure><\/div>\n\n\n\n<p>Mas, quem derrama merc\u00fario nos rios? A horda, que garimpa sob a prote\u00e7\u00e3o de \u201cseguran\u00e7as\u201d armados, \u00e9 a parte final de uma cadeia que, passando por chefes e gabinetes de diferentes estratos sociais, sobe ao Poder do Planalto Central, longe de \u00e1rvores, rios e ind\u00edgenas. Grupo \u00e0 parte de princ\u00edpios humanit\u00e1rios, formado por alguns, tamb\u00e9m esfomeados, que buscam a sobreviv\u00eancia. E por muitos gananciosos. Predadores por excel\u00eancia n\u00e3o seguem leis. Depredam as florestas, depredam os rios. Depredam as meninas ind\u00edgenas.<\/p>\n\n\n\n<div class=\"wp-block-image\"><figure class=\"aligncenter size-large\"><img decoding=\"async\" src=\"https:\/\/jornalfatosenoticias.com.br\/wp-content\/uploads\/2020\/02\/barao-das-carnes-300x164-1.jpg\" alt=\"\" class=\"wp-image-34339\"\/><\/figure><\/div>\n\n\n\n<div class=\"wp-block-image\"><figure class=\"aligncenter size-large\"><img loading=\"lazy\" decoding=\"async\" width=\"1000\" height=\"670\" src=\"https:\/\/jornalfatosenoticias.com.br\/wp-content\/uploads\/2023\/02\/yanomami-2.jpg\" alt=\"\" class=\"wp-image-38597\" srcset=\"https:\/\/jornalfatosenoticias.com.br\/wp-content\/uploads\/2023\/02\/yanomami-2.jpg 1000w, https:\/\/jornalfatosenoticias.com.br\/wp-content\/uploads\/2023\/02\/yanomami-2-300x201.jpg 300w, https:\/\/jornalfatosenoticias.com.br\/wp-content\/uploads\/2023\/02\/yanomami-2-768x515.jpg 768w\" sizes=\"auto, (max-width: 1000px) 100vw, 1000px\" \/><figcaption><em><span class=\"has-inline-color has-black-color\">At\u00e9 agora, j\u00e1 contam 30 adolescentes gr\u00e1vidas de garimpeiros. S\u00e3o, at\u00e9 agora, 30 Estupros de Vulner\u00e1veis (Foto: Instagram\/Urihi Associa\u00e7\u00e3o Yanomami)<\/span><\/em><\/figcaption><\/figure><\/div>\n\n\n\n<div class=\"wp-block-image\"><figure class=\"aligncenter size-large\"><img loading=\"lazy\" decoding=\"async\" width=\"1024\" height=\"110\" src=\"https:\/\/jornalfatosenoticias.com.br\/wp-content\/uploads\/2022\/10\/Arte-jornal-Zucchi-1120x120_Prancheta-1-1024x110.jpg\" alt=\"\" class=\"wp-image-34772\" srcset=\"https:\/\/jornalfatosenoticias.com.br\/wp-content\/uploads\/2022\/10\/Arte-jornal-Zucchi-1120x120_Prancheta-1-1024x110.jpg 1024w, https:\/\/jornalfatosenoticias.com.br\/wp-content\/uploads\/2022\/10\/Arte-jornal-Zucchi-1120x120_Prancheta-1-300x32.jpg 300w, https:\/\/jornalfatosenoticias.com.br\/wp-content\/uploads\/2022\/10\/Arte-jornal-Zucchi-1120x120_Prancheta-1-768x82.jpg 768w, https:\/\/jornalfatosenoticias.com.br\/wp-content\/uploads\/2022\/10\/Arte-jornal-Zucchi-1120x120_Prancheta-1-1536x165.jpg 1536w, https:\/\/jornalfatosenoticias.com.br\/wp-content\/uploads\/2022\/10\/Arte-jornal-Zucchi-1120x120_Prancheta-1-2048x219.jpg 2048w\" sizes=\"auto, (max-width: 1024px) 100vw, 1024px\" \/><\/figure><\/div>\n\n\n\n<p>At\u00e9 agora, j\u00e1 contam 30 adolescentes gr\u00e1vidas de garimpeiros. S\u00e3o, at\u00e9 agora, 30 Estupros de Vulner\u00e1veis. E ser\u00e3o mais 30 beb\u00eas que nascer\u00e3o sob o dom\u00ednio do merc\u00fario, da mal\u00e1ria, da verminose, da desnutri\u00e7\u00e3o desses ventres onde est\u00e3o sendo gestados. Os que chegarem ao nascimento, nessa condi\u00e7\u00e3o insalubre, ter\u00e3o severas dificuldades cognitivas, psicomotoras, do sistema nervoso central, muito possivelmente, defici\u00eancias do sistema respirat\u00f3rio, defici\u00eancias do sistema digestivo, defici\u00eancias do sistema endocrinol\u00f3gico, enfim, o estrago ser\u00e1 generalizado. Mas, ser\u00e1 que s\u00e3o apenas 30 meninas estupradas e gr\u00e1vidas? Estupro de Vulner\u00e1vel, assim define a lei, para rela\u00e7\u00e3o sexual com menores de 18 anos e, mais grave, com menor de 14 anos, mesmo quando n\u00e3o \u00e9 praticado com viol\u00eancia.<\/p>\n\n\n\n<div class=\"wp-block-image\"><figure class=\"alignleft size-large is-resized\"><img loading=\"lazy\" decoding=\"async\" src=\"https:\/\/jornalfatosenoticias.com.br\/wp-content\/uploads\/2020\/02\/logo-Panper_portal.jpg\" alt=\"\" class=\"wp-image-34474\" width=\"317\" height=\"211\"\/><\/figure><\/div>\n\n\n\n<p>Indubitavelmente, os garimpeiros, que ali est\u00e3o, s\u00e3o predadores. N\u00e3o se trata de demonizar. Mas h\u00e1 outros \u201cdem\u00f4nios\u201d invisibilizados. H\u00e1 um sistema de desprote\u00e7\u00e3o de vulner\u00e1veis, h\u00e1 um sistema predador. E esse sistema n\u00e3o est\u00e1 apenas nas terras de nossos povos origin\u00e1rios. Ele est\u00e1 entre n\u00f3s. Nas grandes cidades, no sistema de justi\u00e7a, onde encontramos tanta misoginia e neglig\u00eancia com a Crian\u00e7a, nos mitos criados para proteger criminosos predadores de mulheres e crian\u00e7as. Temos matado muitas Mulheres, temos matado muitas Crian\u00e7as.<\/p>\n\n\n\n<div class=\"wp-block-image\"><figure class=\"aligncenter size-large\"><img decoding=\"async\" src=\"https:\/\/jornalfatosenoticias.com.br\/wp-content\/uploads\/2020\/02\/Serra-Grande-1024x160.png\" alt=\"\" class=\"wp-image-7836\"\/><\/figure><\/div>\n\n\n\n<p>As Crian\u00e7as aranhinhas s\u00f3 escancararam a dimens\u00e3o primeva de nossa viol\u00eancia. Os garimpos n\u00e3o estavam cobertos com edredons. Estavam a c\u00e9u aberto. As Crian\u00e7as j\u00e1 v\u00eam morrendo h\u00e1 algum tempo. Diferente das Crian\u00e7as que morrem de tiro de fuzil no Rio de Janeiro, as Crian\u00e7as origin\u00e1rias v\u00eam sofrendo um processo de envenenamento lento, mas progressivo, numa condi\u00e7\u00e3o de inseguran\u00e7a alimentar chamada fome.<\/p>\n\n\n\n<div class=\"wp-block-image\"><figure class=\"aligncenter size-large\"><img loading=\"lazy\" decoding=\"async\" width=\"560\" height=\"60\" src=\"https:\/\/jornalfatosenoticias.com.br\/wp-content\/uploads\/2022\/10\/Propaganda-RC-Radiadores-Jornal_page-0001.jpg\" alt=\"\" class=\"wp-image-35270\" srcset=\"https:\/\/jornalfatosenoticias.com.br\/wp-content\/uploads\/2022\/10\/Propaganda-RC-Radiadores-Jornal_page-0001.jpg 560w, https:\/\/jornalfatosenoticias.com.br\/wp-content\/uploads\/2022\/10\/Propaganda-RC-Radiadores-Jornal_page-0001-300x32.jpg 300w\" sizes=\"auto, (max-width: 560px) 100vw, 560px\" \/><\/figure><\/div>\n\n\n\n<div class=\"wp-block-image\"><figure class=\"aligncenter size-large\"><img loading=\"lazy\" decoding=\"async\" width=\"1000\" height=\"461\" src=\"https:\/\/jornalfatosenoticias.com.br\/wp-content\/uploads\/2023\/02\/menina-sophia.jpg\" alt=\"\" class=\"wp-image-38598\" srcset=\"https:\/\/jornalfatosenoticias.com.br\/wp-content\/uploads\/2023\/02\/menina-sophia.jpg 1000w, https:\/\/jornalfatosenoticias.com.br\/wp-content\/uploads\/2023\/02\/menina-sophia-300x138.jpg 300w, https:\/\/jornalfatosenoticias.com.br\/wp-content\/uploads\/2023\/02\/menina-sophia-768x354.jpg 768w\" sizes=\"auto, (max-width: 1000px) 100vw, 1000px\" \/><figcaption><em><span class=\"has-inline-color has-black-color\">A menina Sophia, de dois anos, ao centro. A m\u00e3e e o padrasto completam a imagem (Foto: Reprodu\u00e7\u00e3o)<\/span><\/em><\/figcaption><\/figure><\/div>\n\n\n\n<div class=\"wp-block-image\"><figure class=\"aligncenter size-large is-resized\"><img loading=\"lazy\" decoding=\"async\" src=\"https:\/\/jornalfatosenoticias.com.br\/wp-content\/uploads\/2020\/02\/nova-logo-Marquetti.jpg\" alt=\"\" class=\"wp-image-22331\" width=\"285\" height=\"191\" srcset=\"https:\/\/jornalfatosenoticias.com.br\/wp-content\/uploads\/2020\/02\/nova-logo-Marquetti.jpg 643w, https:\/\/jornalfatosenoticias.com.br\/wp-content\/uploads\/2020\/02\/nova-logo-Marquetti-300x202.jpg 300w\" sizes=\"auto, (max-width: 285px) 100vw, 285px\" \/><\/figure><\/div>\n\n\n\n<p>Nesse ponto h\u00e1 uma conex\u00e3o com as Crian\u00e7as que morrem de espancamento praticado dentro da fam\u00edlia. Como Joanna Marcenal, Henry Borel, e, recentemente, Sophia, de dois anos, no mesmo padr\u00e3o de Henry, ningu\u00e9m percebeu nenhuma marca? E os abusos? Naquelas, as marcas de magreza, nessas as marcas de hematomas. Vis\u00edveis e com materialidade como \u00e9 exigido, e nunca aceito. Mas, ningu\u00e9m v\u00ea. Ningu\u00e9m quer ver. A cegueira deliberada social faz parte dessa engrenagem muito bem-estruturada. As Crian\u00e7as espancadas tamb\u00e9m est\u00e3o a c\u00e9u aberto.<\/p>\n\n\n\n<div class=\"wp-block-image\"><figure class=\"alignright size-large is-resized\"><img decoding=\"async\" src=\"https:\/\/jornalfatosenoticias.com.br\/wp-content\/uploads\/2022\/07\/Logo-Grupo-SEI.jpg\" alt=\"\" class=\"wp-image-31973\" width=\"-140\" height=\"-73\" srcset=\"https:\/\/jornalfatosenoticias.com.br\/wp-content\/uploads\/2022\/07\/Logo-Grupo-SEI.jpg 713w, https:\/\/jornalfatosenoticias.com.br\/wp-content\/uploads\/2022\/07\/Logo-Grupo-SEI-300x158.jpg 300w\" sizes=\"(max-width: 713px) 100vw, 713px\" \/><\/figure><\/div>\n\n\n\n<p>Sophia, com dois anos, era a concretiza\u00e7\u00e3o do Prazer do Poder Absoluto. N\u00e3o \u00e9 f\u00e1cil encontrar alguma desculpa que \u201cjustificasse\u201d, mesmo que de longe, uma irrita\u00e7\u00e3o incontrol\u00e1vel de um adulto, transformada em descarga f\u00edsica agressiva, que deveria proteger a Crian\u00e7a. As reclama\u00e7\u00f5es do pai e de seu companheiro sobre as marcas no corpo da Crian\u00e7a foram desconsideradas. Preconceito, ser\u00e1? Amea\u00e7a de afastamento sempre surge para calar quem est\u00e1 queixando de algum tipo de viol\u00eancia. As marcas hoje s\u00e3o a morte da menina.<\/p>\n\n\n\n<div class=\"wp-block-image\"><figure class=\"aligncenter size-large is-resized\"><img loading=\"lazy\" decoding=\"async\" src=\"https:\/\/jornalfatosenoticias.com.br\/wp-content\/uploads\/2022\/02\/Precisao-Contabilidade-1024x724.jpg\" alt=\"\" class=\"wp-image-28088\" width=\"291\" height=\"206\"\/><\/figure><\/div>\n\n\n\n<p>Quantas Crian\u00e7as v\u00e3o morrer de envenenamento por merc\u00fario? Muitas, durante muitos anos. Quantas Crian\u00e7as v\u00e3o morrer por espancamentos sucessivos? Quantas adolescentes v\u00e3o morrer pela gravidez precoce, resultado de Estupro de Vulner\u00e1vel?<br>Crian\u00e7as que antecipam o sil\u00eancio da morte. V\u00e3o morrer com muitas dores, mas sem conseguir nem mesmo chorar.<\/p>\n\n\n\n<div class=\"wp-block-image\"><figure class=\"aligncenter size-large\"><img decoding=\"async\" src=\"https:\/\/jornalfatosenoticias.com.br\/wp-content\/uploads\/2020\/02\/logo-embacia-1-1024x110.jpg\" alt=\"\" class=\"wp-image-33954\"\/><\/figure><\/div>\n\n\n\n<p><span class=\"has-inline-color has-black-color\"><em>(<strong>Foto de capa:<\/strong> Conselho Distrital de Sa\u00fade Ind\u00edgena Yanomami)<\/em><\/span><\/p>\n","protected":false},"excerpt":{"rendered":"<p>H\u00e1 um sistema de desprote\u00e7\u00e3o de vulner\u00e1veis, h\u00e1 um sistema predador. E esse sistema n\u00e3o est\u00e1 apenas nas terras de nossos povos origin\u00e1rios. Ele est\u00e1 entre n\u00f3s. Nas grandes cidades, no sistema de justi\u00e7a Elas n\u00e3o choram. Elas n\u00e3o emitem sons. Elas n\u00e3o se mexem. Enroladas em torno do abd\u00f4men, \u00fanico volume, s\u00e3o como que [&hellip;]<\/p>\n","protected":false},"author":8,"featured_media":38599,"comment_status":"open","ping_status":"open","sticky":false,"template":"","format":"standard","meta":{"footnotes":""},"categories":[2522],"tags":[13235,8606,4401,1846,1816,4808,942],"class_list":["post-38596","post","type-post","status-publish","format-standard","has-post-thumbnail","hentry","category-comportamento","tag-barbarie","tag-desnutricao-infantil","tag-estupro-de-vulneravel","tag-garimpeiros","tag-indigenas","tag-violencia-sexual","tag-yanomami"],"yoast_head":"<!-- This site is optimized with the Yoast SEO plugin v26.5 - https:\/\/yoast.com\/wordpress\/plugins\/seo\/ -->\n<title>A barb\u00e1rie com as Crian\u00e7as e Adolescentes Ianom\u00e2mis, e outras \u2014 Parte I - Jornal Fatos e Not\u00edcias<\/title>\n<meta name=\"robots\" content=\"index, follow, max-snippet:-1, max-image-preview:large, max-video-preview:-1\" \/>\n<link rel=\"canonical\" href=\"https:\/\/jornalfatosenoticias.com.br\/index.php\/2023\/02\/09\/a-barbarie-com-as-criancas-e-adolescentes-ianomamis-e-outras-parte-i\/\" \/>\n<meta property=\"og:locale\" content=\"pt_BR\" \/>\n<meta property=\"og:type\" content=\"article\" \/>\n<meta property=\"og:title\" content=\"A barb\u00e1rie com as Crian\u00e7as e Adolescentes Ianom\u00e2mis, e outras \u2014 Parte I - Jornal Fatos e Not\u00edcias\" \/>\n<meta property=\"og:description\" content=\"H\u00e1 um sistema de desprote\u00e7\u00e3o de vulner\u00e1veis, h\u00e1 um sistema predador. E esse sistema n\u00e3o est\u00e1 apenas nas terras de nossos povos origin\u00e1rios. Ele est\u00e1 entre n\u00f3s. Nas grandes cidades, no sistema de justi\u00e7a Elas n\u00e3o choram. Elas n\u00e3o emitem sons. Elas n\u00e3o se mexem. Enroladas em torno do abd\u00f4men, \u00fanico volume, s\u00e3o como que [&hellip;]\" \/>\n<meta property=\"og:url\" content=\"https:\/\/jornalfatosenoticias.com.br\/index.php\/2023\/02\/09\/a-barbarie-com-as-criancas-e-adolescentes-ianomamis-e-outras-parte-i\/\" \/>\n<meta property=\"og:site_name\" content=\"Jornal Fatos e Not\u00edcias\" \/>\n<meta property=\"article:published_time\" content=\"2023-02-09T14:36:16+00:00\" \/>\n<meta property=\"og:image\" content=\"https:\/\/jornalfatosenoticias.com.br\/wp-content\/uploads\/2023\/02\/yanomami-fome1.jpg\" \/>\n\t<meta property=\"og:image:width\" content=\"1000\" \/>\n\t<meta property=\"og:image:height\" content=\"546\" \/>\n\t<meta property=\"og:image:type\" content=\"image\/jpeg\" \/>\n<meta name=\"author\" content=\"Ana Maria Iencarelli\" \/>\n<meta name=\"twitter:card\" content=\"summary_large_image\" \/>\n<meta name=\"twitter:label1\" content=\"Escrito por\" \/>\n\t<meta name=\"twitter:data1\" content=\"Ana Maria Iencarelli\" \/>\n\t<meta name=\"twitter:label2\" content=\"Est. tempo de leitura\" \/>\n\t<meta name=\"twitter:data2\" content=\"5 minutos\" \/>\n<script type=\"application\/ld+json\" class=\"yoast-schema-graph\">{\"@context\":\"https:\/\/schema.org\",\"@graph\":[{\"@type\":\"Article\",\"@id\":\"https:\/\/jornalfatosenoticias.com.br\/index.php\/2023\/02\/09\/a-barbarie-com-as-criancas-e-adolescentes-ianomamis-e-outras-parte-i\/#article\",\"isPartOf\":{\"@id\":\"https:\/\/jornalfatosenoticias.com.br\/index.php\/2023\/02\/09\/a-barbarie-com-as-criancas-e-adolescentes-ianomamis-e-outras-parte-i\/\"},\"author\":{\"name\":\"Ana Maria Iencarelli\",\"@id\":\"https:\/\/jornalfatosenoticias.com.br\/#\/schema\/person\/c33fcf5fb02d729d3fec92c6737a22d1\"},\"headline\":\"A barb\u00e1rie com as Crian\u00e7as e Adolescentes Ianom\u00e2mis, e outras \u2014 Parte I\",\"datePublished\":\"2023-02-09T14:36:16+00:00\",\"mainEntityOfPage\":{\"@id\":\"https:\/\/jornalfatosenoticias.com.br\/index.php\/2023\/02\/09\/a-barbarie-com-as-criancas-e-adolescentes-ianomamis-e-outras-parte-i\/\"},\"wordCount\":1026,\"commentCount\":0,\"publisher\":{\"@id\":\"https:\/\/jornalfatosenoticias.com.br\/#organization\"},\"image\":{\"@id\":\"https:\/\/jornalfatosenoticias.com.br\/index.php\/2023\/02\/09\/a-barbarie-com-as-criancas-e-adolescentes-ianomamis-e-outras-parte-i\/#primaryimage\"},\"thumbnailUrl\":\"https:\/\/jornalfatosenoticias.com.br\/wp-content\/uploads\/2023\/02\/yanomami-fome1.jpg\",\"keywords\":[\"barb\u00e1rie\",\"desnutri\u00e7\u00e3o infantil\",\"estupro de vulner\u00e1vel\",\"garimpeiros\",\"ind\u00edgenas\",\"Viol\u00eancia Sexual\",\"Yanomami\"],\"articleSection\":[\"Comportamento &amp; Equil\u00edbrio\"],\"inLanguage\":\"pt-BR\",\"potentialAction\":[{\"@type\":\"CommentAction\",\"name\":\"Comment\",\"target\":[\"https:\/\/jornalfatosenoticias.com.br\/index.php\/2023\/02\/09\/a-barbarie-com-as-criancas-e-adolescentes-ianomamis-e-outras-parte-i\/#respond\"]}]},{\"@type\":\"WebPage\",\"@id\":\"https:\/\/jornalfatosenoticias.com.br\/index.php\/2023\/02\/09\/a-barbarie-com-as-criancas-e-adolescentes-ianomamis-e-outras-parte-i\/\",\"url\":\"https:\/\/jornalfatosenoticias.com.br\/index.php\/2023\/02\/09\/a-barbarie-com-as-criancas-e-adolescentes-ianomamis-e-outras-parte-i\/\",\"name\":\"A barb\u00e1rie com as Crian\u00e7as e Adolescentes Ianom\u00e2mis, e outras \u2014 Parte I - Jornal Fatos e Not\u00edcias\",\"isPartOf\":{\"@id\":\"https:\/\/jornalfatosenoticias.com.br\/#website\"},\"primaryImageOfPage\":{\"@id\":\"https:\/\/jornalfatosenoticias.com.br\/index.php\/2023\/02\/09\/a-barbarie-com-as-criancas-e-adolescentes-ianomamis-e-outras-parte-i\/#primaryimage\"},\"image\":{\"@id\":\"https:\/\/jornalfatosenoticias.com.br\/index.php\/2023\/02\/09\/a-barbarie-com-as-criancas-e-adolescentes-ianomamis-e-outras-parte-i\/#primaryimage\"},\"thumbnailUrl\":\"https:\/\/jornalfatosenoticias.com.br\/wp-content\/uploads\/2023\/02\/yanomami-fome1.jpg\",\"datePublished\":\"2023-02-09T14:36:16+00:00\",\"breadcrumb\":{\"@id\":\"https:\/\/jornalfatosenoticias.com.br\/index.php\/2023\/02\/09\/a-barbarie-com-as-criancas-e-adolescentes-ianomamis-e-outras-parte-i\/#breadcrumb\"},\"inLanguage\":\"pt-BR\",\"potentialAction\":[{\"@type\":\"ReadAction\",\"target\":[\"https:\/\/jornalfatosenoticias.com.br\/index.php\/2023\/02\/09\/a-barbarie-com-as-criancas-e-adolescentes-ianomamis-e-outras-parte-i\/\"]}]},{\"@type\":\"ImageObject\",\"inLanguage\":\"pt-BR\",\"@id\":\"https:\/\/jornalfatosenoticias.com.br\/index.php\/2023\/02\/09\/a-barbarie-com-as-criancas-e-adolescentes-ianomamis-e-outras-parte-i\/#primaryimage\",\"url\":\"https:\/\/jornalfatosenoticias.com.br\/wp-content\/uploads\/2023\/02\/yanomami-fome1.jpg\",\"contentUrl\":\"https:\/\/jornalfatosenoticias.com.br\/wp-content\/uploads\/2023\/02\/yanomami-fome1.jpg\",\"width\":1000,\"height\":546},{\"@type\":\"BreadcrumbList\",\"@id\":\"https:\/\/jornalfatosenoticias.com.br\/index.php\/2023\/02\/09\/a-barbarie-com-as-criancas-e-adolescentes-ianomamis-e-outras-parte-i\/#breadcrumb\",\"itemListElement\":[{\"@type\":\"ListItem\",\"position\":1,\"name\":\"In\u00edcio\",\"item\":\"https:\/\/jornalfatosenoticias.com.br\/\"},{\"@type\":\"ListItem\",\"position\":2,\"name\":\"A barb\u00e1rie com as Crian\u00e7as e Adolescentes Ianom\u00e2mis, e outras \u2014 Parte I\"}]},{\"@type\":\"WebSite\",\"@id\":\"https:\/\/jornalfatosenoticias.com.br\/#website\",\"url\":\"https:\/\/jornalfatosenoticias.com.br\/\",\"name\":\"Jornal Fatos e Not\u00edcias\",\"description\":\"Not\u00edcias em geral\",\"publisher\":{\"@id\":\"https:\/\/jornalfatosenoticias.com.br\/#organization\"},\"potentialAction\":[{\"@type\":\"SearchAction\",\"target\":{\"@type\":\"EntryPoint\",\"urlTemplate\":\"https:\/\/jornalfatosenoticias.com.br\/?s={search_term_string}\"},\"query-input\":{\"@type\":\"PropertyValueSpecification\",\"valueRequired\":true,\"valueName\":\"search_term_string\"}}],\"inLanguage\":\"pt-BR\"},{\"@type\":\"Organization\",\"@id\":\"https:\/\/jornalfatosenoticias.com.br\/#organization\",\"name\":\"Jornal Fatos e Not\u00edcias\",\"url\":\"https:\/\/jornalfatosenoticias.com.br\/\",\"logo\":{\"@type\":\"ImageObject\",\"inLanguage\":\"pt-BR\",\"@id\":\"https:\/\/jornalfatosenoticias.com.br\/#\/schema\/logo\/image\/\",\"url\":\"https:\/\/jornalfatosenoticias.com.br\/wp-content\/uploads\/2020\/02\/logo120.png\",\"contentUrl\":\"https:\/\/jornalfatosenoticias.com.br\/wp-content\/uploads\/2020\/02\/logo120.png\",\"width\":1227,\"height\":120,\"caption\":\"Jornal Fatos e Not\u00edcias\"},\"image\":{\"@id\":\"https:\/\/jornalfatosenoticias.com.br\/#\/schema\/logo\/image\/\"}},{\"@type\":\"Person\",\"@id\":\"https:\/\/jornalfatosenoticias.com.br\/#\/schema\/person\/c33fcf5fb02d729d3fec92c6737a22d1\",\"name\":\"Ana Maria Iencarelli\",\"image\":{\"@type\":\"ImageObject\",\"inLanguage\":\"pt-BR\",\"@id\":\"https:\/\/jornalfatosenoticias.com.br\/#\/schema\/person\/image\/\",\"url\":\"https:\/\/jornalfatosenoticias.com.br\/wp-content\/uploads\/2020\/02\/Ana-Maria-Iencarelli-1-150x150.jpg\",\"contentUrl\":\"https:\/\/jornalfatosenoticias.com.br\/wp-content\/uploads\/2020\/02\/Ana-Maria-Iencarelli-1-150x150.jpg\",\"caption\":\"Ana Maria Iencarelli\"},\"description\":\"Psicanalista Cl\u00ednica, especializada no atendimento a Crian\u00e7as e Adolescentes. Presidente da ONG Vozes de Anjos.\",\"url\":\"https:\/\/jornalfatosenoticias.com.br\/index.php\/author\/anamaria\/\"}]}<\/script>\n<!-- \/ Yoast SEO plugin. -->","yoast_head_json":{"title":"A barb\u00e1rie com as Crian\u00e7as e Adolescentes Ianom\u00e2mis, e outras \u2014 Parte I - Jornal Fatos e Not\u00edcias","robots":{"index":"index","follow":"follow","max-snippet":"max-snippet:-1","max-image-preview":"max-image-preview:large","max-video-preview":"max-video-preview:-1"},"canonical":"https:\/\/jornalfatosenoticias.com.br\/index.php\/2023\/02\/09\/a-barbarie-com-as-criancas-e-adolescentes-ianomamis-e-outras-parte-i\/","og_locale":"pt_BR","og_type":"article","og_title":"A barb\u00e1rie com as Crian\u00e7as e Adolescentes Ianom\u00e2mis, e outras \u2014 Parte I - Jornal Fatos e Not\u00edcias","og_description":"H\u00e1 um sistema de desprote\u00e7\u00e3o de vulner\u00e1veis, h\u00e1 um sistema predador. E esse sistema n\u00e3o est\u00e1 apenas nas terras de nossos povos origin\u00e1rios. Ele est\u00e1 entre n\u00f3s. Nas grandes cidades, no sistema de justi\u00e7a Elas n\u00e3o choram. Elas n\u00e3o emitem sons. Elas n\u00e3o se mexem. Enroladas em torno do abd\u00f4men, \u00fanico volume, s\u00e3o como que [&hellip;]","og_url":"https:\/\/jornalfatosenoticias.com.br\/index.php\/2023\/02\/09\/a-barbarie-com-as-criancas-e-adolescentes-ianomamis-e-outras-parte-i\/","og_site_name":"Jornal Fatos e Not\u00edcias","article_published_time":"2023-02-09T14:36:16+00:00","og_image":[{"width":1000,"height":546,"url":"https:\/\/jornalfatosenoticias.com.br\/wp-content\/uploads\/2023\/02\/yanomami-fome1.jpg","type":"image\/jpeg"}],"author":"Ana Maria Iencarelli","twitter_card":"summary_large_image","twitter_misc":{"Escrito por":"Ana Maria Iencarelli","Est. tempo de leitura":"5 minutos"},"schema":{"@context":"https:\/\/schema.org","@graph":[{"@type":"Article","@id":"https:\/\/jornalfatosenoticias.com.br\/index.php\/2023\/02\/09\/a-barbarie-com-as-criancas-e-adolescentes-ianomamis-e-outras-parte-i\/#article","isPartOf":{"@id":"https:\/\/jornalfatosenoticias.com.br\/index.php\/2023\/02\/09\/a-barbarie-com-as-criancas-e-adolescentes-ianomamis-e-outras-parte-i\/"},"author":{"name":"Ana Maria Iencarelli","@id":"https:\/\/jornalfatosenoticias.com.br\/#\/schema\/person\/c33fcf5fb02d729d3fec92c6737a22d1"},"headline":"A barb\u00e1rie com as Crian\u00e7as e Adolescentes Ianom\u00e2mis, e outras \u2014 Parte I","datePublished":"2023-02-09T14:36:16+00:00","mainEntityOfPage":{"@id":"https:\/\/jornalfatosenoticias.com.br\/index.php\/2023\/02\/09\/a-barbarie-com-as-criancas-e-adolescentes-ianomamis-e-outras-parte-i\/"},"wordCount":1026,"commentCount":0,"publisher":{"@id":"https:\/\/jornalfatosenoticias.com.br\/#organization"},"image":{"@id":"https:\/\/jornalfatosenoticias.com.br\/index.php\/2023\/02\/09\/a-barbarie-com-as-criancas-e-adolescentes-ianomamis-e-outras-parte-i\/#primaryimage"},"thumbnailUrl":"https:\/\/jornalfatosenoticias.com.br\/wp-content\/uploads\/2023\/02\/yanomami-fome1.jpg","keywords":["barb\u00e1rie","desnutri\u00e7\u00e3o infantil","estupro de vulner\u00e1vel","garimpeiros","ind\u00edgenas","Viol\u00eancia Sexual","Yanomami"],"articleSection":["Comportamento &amp; Equil\u00edbrio"],"inLanguage":"pt-BR","potentialAction":[{"@type":"CommentAction","name":"Comment","target":["https:\/\/jornalfatosenoticias.com.br\/index.php\/2023\/02\/09\/a-barbarie-com-as-criancas-e-adolescentes-ianomamis-e-outras-parte-i\/#respond"]}]},{"@type":"WebPage","@id":"https:\/\/jornalfatosenoticias.com.br\/index.php\/2023\/02\/09\/a-barbarie-com-as-criancas-e-adolescentes-ianomamis-e-outras-parte-i\/","url":"https:\/\/jornalfatosenoticias.com.br\/index.php\/2023\/02\/09\/a-barbarie-com-as-criancas-e-adolescentes-ianomamis-e-outras-parte-i\/","name":"A barb\u00e1rie com as Crian\u00e7as e Adolescentes Ianom\u00e2mis, e outras \u2014 Parte I - Jornal Fatos e Not\u00edcias","isPartOf":{"@id":"https:\/\/jornalfatosenoticias.com.br\/#website"},"primaryImageOfPage":{"@id":"https:\/\/jornalfatosenoticias.com.br\/index.php\/2023\/02\/09\/a-barbarie-com-as-criancas-e-adolescentes-ianomamis-e-outras-parte-i\/#primaryimage"},"image":{"@id":"https:\/\/jornalfatosenoticias.com.br\/index.php\/2023\/02\/09\/a-barbarie-com-as-criancas-e-adolescentes-ianomamis-e-outras-parte-i\/#primaryimage"},"thumbnailUrl":"https:\/\/jornalfatosenoticias.com.br\/wp-content\/uploads\/2023\/02\/yanomami-fome1.jpg","datePublished":"2023-02-09T14:36:16+00:00","breadcrumb":{"@id":"https:\/\/jornalfatosenoticias.com.br\/index.php\/2023\/02\/09\/a-barbarie-com-as-criancas-e-adolescentes-ianomamis-e-outras-parte-i\/#breadcrumb"},"inLanguage":"pt-BR","potentialAction":[{"@type":"ReadAction","target":["https:\/\/jornalfatosenoticias.com.br\/index.php\/2023\/02\/09\/a-barbarie-com-as-criancas-e-adolescentes-ianomamis-e-outras-parte-i\/"]}]},{"@type":"ImageObject","inLanguage":"pt-BR","@id":"https:\/\/jornalfatosenoticias.com.br\/index.php\/2023\/02\/09\/a-barbarie-com-as-criancas-e-adolescentes-ianomamis-e-outras-parte-i\/#primaryimage","url":"https:\/\/jornalfatosenoticias.com.br\/wp-content\/uploads\/2023\/02\/yanomami-fome1.jpg","contentUrl":"https:\/\/jornalfatosenoticias.com.br\/wp-content\/uploads\/2023\/02\/yanomami-fome1.jpg","width":1000,"height":546},{"@type":"BreadcrumbList","@id":"https:\/\/jornalfatosenoticias.com.br\/index.php\/2023\/02\/09\/a-barbarie-com-as-criancas-e-adolescentes-ianomamis-e-outras-parte-i\/#breadcrumb","itemListElement":[{"@type":"ListItem","position":1,"name":"In\u00edcio","item":"https:\/\/jornalfatosenoticias.com.br\/"},{"@type":"ListItem","position":2,"name":"A barb\u00e1rie com as Crian\u00e7as e Adolescentes Ianom\u00e2mis, e outras \u2014 Parte I"}]},{"@type":"WebSite","@id":"https:\/\/jornalfatosenoticias.com.br\/#website","url":"https:\/\/jornalfatosenoticias.com.br\/","name":"Jornal Fatos e Not\u00edcias","description":"Not\u00edcias em geral","publisher":{"@id":"https:\/\/jornalfatosenoticias.com.br\/#organization"},"potentialAction":[{"@type":"SearchAction","target":{"@type":"EntryPoint","urlTemplate":"https:\/\/jornalfatosenoticias.com.br\/?s={search_term_string}"},"query-input":{"@type":"PropertyValueSpecification","valueRequired":true,"valueName":"search_term_string"}}],"inLanguage":"pt-BR"},{"@type":"Organization","@id":"https:\/\/jornalfatosenoticias.com.br\/#organization","name":"Jornal Fatos e Not\u00edcias","url":"https:\/\/jornalfatosenoticias.com.br\/","logo":{"@type":"ImageObject","inLanguage":"pt-BR","@id":"https:\/\/jornalfatosenoticias.com.br\/#\/schema\/logo\/image\/","url":"https:\/\/jornalfatosenoticias.com.br\/wp-content\/uploads\/2020\/02\/logo120.png","contentUrl":"https:\/\/jornalfatosenoticias.com.br\/wp-content\/uploads\/2020\/02\/logo120.png","width":1227,"height":120,"caption":"Jornal Fatos e Not\u00edcias"},"image":{"@id":"https:\/\/jornalfatosenoticias.com.br\/#\/schema\/logo\/image\/"}},{"@type":"Person","@id":"https:\/\/jornalfatosenoticias.com.br\/#\/schema\/person\/c33fcf5fb02d729d3fec92c6737a22d1","name":"Ana Maria Iencarelli","image":{"@type":"ImageObject","inLanguage":"pt-BR","@id":"https:\/\/jornalfatosenoticias.com.br\/#\/schema\/person\/image\/","url":"https:\/\/jornalfatosenoticias.com.br\/wp-content\/uploads\/2020\/02\/Ana-Maria-Iencarelli-1-150x150.jpg","contentUrl":"https:\/\/jornalfatosenoticias.com.br\/wp-content\/uploads\/2020\/02\/Ana-Maria-Iencarelli-1-150x150.jpg","caption":"Ana Maria Iencarelli"},"description":"Psicanalista Cl\u00ednica, especializada no atendimento a Crian\u00e7as e Adolescentes. Presidente da ONG Vozes de Anjos.","url":"https:\/\/jornalfatosenoticias.com.br\/index.php\/author\/anamaria\/"}]}},"cc_featured_image_caption":{"caption_text":"","source_text":"","source_url":""},"jetpack_featured_media_url":"https:\/\/jornalfatosenoticias.com.br\/wp-content\/uploads\/2023\/02\/yanomami-fome1.jpg","_links":{"self":[{"href":"https:\/\/jornalfatosenoticias.com.br\/index.php\/wp-json\/wp\/v2\/posts\/38596","targetHints":{"allow":["GET"]}}],"collection":[{"href":"https:\/\/jornalfatosenoticias.com.br\/index.php\/wp-json\/wp\/v2\/posts"}],"about":[{"href":"https:\/\/jornalfatosenoticias.com.br\/index.php\/wp-json\/wp\/v2\/types\/post"}],"author":[{"embeddable":true,"href":"https:\/\/jornalfatosenoticias.com.br\/index.php\/wp-json\/wp\/v2\/users\/8"}],"replies":[{"embeddable":true,"href":"https:\/\/jornalfatosenoticias.com.br\/index.php\/wp-json\/wp\/v2\/comments?post=38596"}],"version-history":[{"count":0,"href":"https:\/\/jornalfatosenoticias.com.br\/index.php\/wp-json\/wp\/v2\/posts\/38596\/revisions"}],"wp:featuredmedia":[{"embeddable":true,"href":"https:\/\/jornalfatosenoticias.com.br\/index.php\/wp-json\/wp\/v2\/media\/38599"}],"wp:attachment":[{"href":"https:\/\/jornalfatosenoticias.com.br\/index.php\/wp-json\/wp\/v2\/media?parent=38596"}],"wp:term":[{"taxonomy":"category","embeddable":true,"href":"https:\/\/jornalfatosenoticias.com.br\/index.php\/wp-json\/wp\/v2\/categories?post=38596"},{"taxonomy":"post_tag","embeddable":true,"href":"https:\/\/jornalfatosenoticias.com.br\/index.php\/wp-json\/wp\/v2\/tags?post=38596"}],"curies":[{"name":"wp","href":"https:\/\/api.w.org\/{rel}","templated":true}]}}