{"id":3860,"date":"2020-04-30T15:28:19","date_gmt":"2020-04-30T18:28:19","guid":{"rendered":"https:\/\/jornalfatosenoticias.com.br\/?p=3860"},"modified":"2020-04-30T15:28:24","modified_gmt":"2020-04-30T18:28:24","slug":"diretor-do-sindirodoviarios-fala-das-lutas-da-categoria","status":"publish","type":"post","link":"https:\/\/jornalfatosenoticias.com.br\/index.php\/2020\/04\/30\/diretor-do-sindirodoviarios-fala-das-lutas-da-categoria\/","title":{"rendered":"Diretor do Sindirodovi\u00e1rios fala das lutas da categoria"},"content":{"rendered":"\n<h6 class=\"wp-block-heading\"><em>De acordo com ele, a categoria est\u00e1 totalmente desprestigiada e sofre com a falta de investimentos e, at\u00e9 mesmo, uma certa precariedade nas condi\u00e7\u00f5es de trabalho<\/em><\/h6>\n\n\n\n<p>Cleber Serrinha, atualmente diretor do Sindicato dos Trabalhadores em Transportes Rodovi\u00e1rios no Esp\u00edrito Santo (Sindirodovi\u00e1rios), aliado na luta por direitos adquiridos pelos dos trabalhadores do segmento, concedeu entrevista ao Fatos &amp; Not\u00edcias para falar da sua luta junto ao Sindicato e de suas pretens\u00f5es pol\u00edticas.<br>De acordo com ele, a categoria est\u00e1 totalmente desprestigiada e sofre com a falta de investimentos e, at\u00e9 mesmo, uma certa precariedade nas condi\u00e7\u00f5es de trabalho. Sal\u00e1rios atrasados, inseguran\u00e7a constante fazem parte da rotina de quem trabalha no setor.<br>\u201cO que temos hoje \u00e9 um governo que apoia mais patr\u00f5es e menos os empregados. Os trabalhadores da \u00e1rea como motoristas, cobradores, fiscais e conferentes, passam no momento por certas dificuldades. A carga hor\u00e1ria \u00e9 desgastante para os motoristas. O risco de inseguran\u00e7a tamb\u00e9m \u00e9 enorme. O sindicato vem apoiando esses profissionais. H\u00e1 seis dias os funcion\u00e1rios da Via\u00e7\u00e3o Tabuazeiro est\u00e3o com suas atividades paralisadas porque sal\u00e1rios, ticket alimenta\u00e7\u00e3o, plano de sa\u00fade e adiantamento de sal\u00e1rio est\u00e3o atrasados e a Via\u00e7\u00e3o Metropolitana, que deveria ter depositado o adiantamento no dia 20, n\u00e3o o fez\u201d.<br>Segundo Cleber, as empresas apresentam como justificativas dificuldades financeiras para honrar os compromissos com os funcion\u00e1rios.<br>\u201cElas est\u00e3o alegando que n\u00e3o t\u00eam dinheiro para arcar com as d\u00edvidas, mas precisamos encontrar uma solu\u00e7\u00e3o para o problema. O prefeito de Vit\u00f3ria, Luciano Rezende, tem que se manifestar porque ele \u00e9 o respons\u00e1vel pelo transporte de uma das empresas, que \u00e9 municipal. As duas via\u00e7\u00f5es totalizam mais de 1200 trabalhadores que precisam pagar suas contas\u201d, critica.<br>Outro ponto bastante reclamado pelos motoristas \u00e9 o tr\u00e2nsito ca\u00f3tico e estressante que precisam enfrentar diariamente. \u201cO tr\u00e2nsito da Grande Vit\u00f3ria \u00e9 desgastante, os profissionais trabalham sob tens\u00e3o a todo instante e isso causa muitos dist\u00farbios, o dia do rodovi\u00e1rio \u00e9 estressante\u201d.<\/p>\n\n\n\n<blockquote class=\"wp-block-quote is-layout-flow wp-block-quote-is-layout-flow\"><p>Alguns candidatos a prefeito s\u00e3o verdadeiros aventureiros. Tem candidato que mora na Praia do Canto e mudou de domic\u00edlio para concorrer ao pleito de outubro, nunca teve v\u00ednculo com o munic\u00edpio e agora se faz candidato, achando que a popula\u00e7\u00e3o serrana \u00e9 trouxa, s\u00f3 que a popula\u00e7\u00e3o est\u00e1 de olhos bem abertos. O serrano vai saber separar o joio do trigo na hora do voto<\/p><\/blockquote>\n\n\n\n<p>Para Cleber, uma sa\u00edda para todos (categoria e popula\u00e7\u00e3o) seria uma moderniza\u00e7\u00e3o do sistema vi\u00e1rio que favore\u00e7a a qualidade do servi\u00e7o prestado. \u201cSeria muito bom para a popula\u00e7\u00e3o se fossem implantadas outras alternativas. A categoria sonha em ter um corredor exclusivo\u2026 temos um sistema vi\u00e1rio atrasado. Todos os secret\u00e1rios que entram n\u00e3o t\u00eam vis\u00e3o, s\u00e3o pol\u00edticos e n\u00e3o conhecedores do assunto. O transporte coletivo deveria ser municipalizado e os prefeitos quem decidiriam a forma mais adequada para o seu munic\u00edpio\u201d, prop\u00f5e. Acrescentando que \u201ca Companhia Estadual de Transportes Coletivos de Passageiros do Estado do Esp\u00edrito Santo (Ceturb-ES) \u00e9 um \u00f3rg\u00e3o meramente arrecadador, \u00e9 s\u00f3 uma forma de tirar dinheiro dos empres\u00e1rios. Quem faz todo o servi\u00e7o s\u00e3o as empresas e 5% da arrecada\u00e7\u00e3o s\u00e3o repassados para a Ceturb, imagina o quanto que o governo ganha com esse \u2018sistema\u2019?\u201d, indaga.<br>Ao relatar as mazelas que a categoria \u00e9 exposta diariamente, Cleber tem em mente um plano para tentar mudar essa realidade. E, para isso, s\u00f3 h\u00e1 uma forma, tentar uma vaga na vida p\u00fablica, ou seja, concorrer a uma cadeira na C\u00e2mara de Vereadores da Serra.<br>\u201cFalando sobre pol\u00edtica, sou pr\u00e9-candidato a vereador pelo PDT. Me identifiquei logo que visitei a diretoria, vi sinceridade. Tem \u00e0 frente, S\u00e9rgio Vidigal, uma pessoa que conhe\u00e7o bem e que, quando esteve \u00e0 frente da prefeitura, fez a cidade desenvolver, progredir\u201d, explica.<br>Cleber aproveita para fazer uma an\u00e1lise sobre a pol\u00edtica na atualidade, onde a polariza\u00e7\u00e3o tem tomado conta e muita discuss\u00e3o sem sentido tem ocupado o espa\u00e7o de debates realmente relevantes para a sociedade e a Serra \u00e9 um t\u00edpico exemplo disso.<br>\u201cFico triste com a atual legislatura, s\u00e3o muitas pol\u00eamicas entre os poderes Legislativo e Executivo, esses poderes devem estar coesos, por\u00e9m independentes para, em conjunto, trabalharem em prol da popula\u00e7\u00e3o serrana. Sou envolvido na pol\u00edtica h\u00e1 anos, na elei\u00e7\u00e3o de 2016 obtive 1427 votos, mas n\u00e3o consegui me eleger, mas agora, creio que ser\u00e1 diferente\u201d, disse confiante.<\/p>\n\n\n\n<figure class=\"wp-block-image size-large\"><img loading=\"lazy\" decoding=\"async\" width=\"1000\" height=\"562\" src=\"https:\/\/jornalfatosenoticias.com.br\/wp-content\/uploads\/2020\/04\/ONIBUS-TABUAZEIRO.jpg\" alt=\"\" class=\"wp-image-3861\" srcset=\"https:\/\/jornalfatosenoticias.com.br\/wp-content\/uploads\/2020\/04\/ONIBUS-TABUAZEIRO.jpg 1000w, https:\/\/jornalfatosenoticias.com.br\/wp-content\/uploads\/2020\/04\/ONIBUS-TABUAZEIRO-300x169.jpg 300w, https:\/\/jornalfatosenoticias.com.br\/wp-content\/uploads\/2020\/04\/ONIBUS-TABUAZEIRO-768x432.jpg 768w\" sizes=\"auto, (max-width: 1000px) 100vw, 1000px\" \/><figcaption><em>\u00d4nibus parado na garagem da Via\u00e7\u00e3o Tabuazeiro (Foto: Divulga\u00e7\u00e3o\/Sindirodovi\u00e1rios)<\/em><\/figcaption><\/figure>\n\n\n\n<p>\u201cSegundo Cleber Serrinha, alguns candidatos a prefeito s\u00e3o verdadeiros aventureiros. Tem candidato que mora na Praia do Canto e mudou de domic\u00edlio para concorrer ao pleito de outubro, nunca teve v\u00ednculo com o munic\u00edpio e agora se faz candidato, achando que a popula\u00e7\u00e3o serrana \u00e9 trouxa, s\u00f3 que a popula\u00e7\u00e3o est\u00e1 de olhos bem abertos. O serrano vai saber separar o joio do trigo na hora do voto\u201d, acredita.<br>Sobre suas pretens\u00f5es, caso seja eleito, Cleber disse que pretende trabalhar bastante na \u00e1rea dele, que \u00e9 o transporte vi\u00e1rio, sem deixar de trabalhar em prol de \u00e1reas essenciais como educa\u00e7\u00e3o, sa\u00fade e seguran\u00e7a, \u00e9 claro. \u201cVou estar presente nas comunidades carentes. Conhe\u00e7o bem as necessidades das pessoas que moram nessas \u00e1reas\u201d.<br>Natural da Bahia e de origem humilde, Cleber chegou ao Esp\u00edrito Santo ainda crian\u00e7a. Sua fam\u00edlia passou por muitas dificuldades e, por isso, ele tem essa vontade de realizar coisas grandes em favor dos menos favorecidos. \u201cTinha nove anos de idade quando cheguei da Bahia, dormi muitas noite na rua, lavei carro para ajudar a minha fam\u00edlia a se manter, as coisas n\u00e3o s\u00e3o f\u00e1ceis para o pobre, s\u00e3o dif\u00edceis. Vivi isso e sei muito bem como \u00e9, sou prova viva dessa realidade\u201d.<br>\u201cNa educa\u00e7\u00e3o, vou lutar pelo modelo de tempo integral. Hoje os pais saem para trabalhar e n\u00e3o t\u00eam onde ou com quem deixar seus filhos. Vejo que essa forma de educa\u00e7\u00e3o \u00e9 uma tend\u00eancia, vai ajudar muito os pais e as crian\u00e7as que, al\u00e9m da grade curricular, poder\u00e3o desenvolver outras atividades no esporte, na cultura, na culin\u00e1ria, no contraturno, acho muito interessante\u201d.<br>\u201cQuanto \u00e0 sa\u00fade, vejo que falta sinceridade do Executivo. Acontece, quando a gente chega numa Unidade de Pronto Atendimento (UPA), levamos uma eternidade para ser atendido. A sa\u00fade precisa trabalhar a preven\u00e7\u00e3o, um plano para atender na casa do cidad\u00e3o, isso acabaria com as enormes filas que vemos nos hospitais todos os dias, \u00e9 uma vergonha\u201d, finaliza.<\/p>\n\n\n\n<figure class=\"wp-block-image size-large\"><img loading=\"lazy\" decoding=\"async\" width=\"1000\" height=\"560\" src=\"https:\/\/jornalfatosenoticias.com.br\/wp-content\/uploads\/2020\/04\/MOTORISTAS-COBRADORES.jpg\" alt=\"\" class=\"wp-image-3862\" srcset=\"https:\/\/jornalfatosenoticias.com.br\/wp-content\/uploads\/2020\/04\/MOTORISTAS-COBRADORES.jpg 1000w, https:\/\/jornalfatosenoticias.com.br\/wp-content\/uploads\/2020\/04\/MOTORISTAS-COBRADORES-300x168.jpg 300w, https:\/\/jornalfatosenoticias.com.br\/wp-content\/uploads\/2020\/04\/MOTORISTAS-COBRADORES-768x430.jpg 768w\" sizes=\"auto, (max-width: 1000px) 100vw, 1000px\" \/><figcaption><em>Motoristas e cobradores cruzam os bra\u00e7os em protesto ao atraso de sal\u00e1rios (Foto: Haroldo Cordeiro Filho)<\/em><\/figcaption><\/figure>\n","protected":false},"excerpt":{"rendered":"<p>De acordo com ele, a categoria est\u00e1 totalmente desprestigiada e sofre com a falta de investimentos e, at\u00e9 mesmo, uma certa precariedade nas condi\u00e7\u00f5es de trabalho Cleber Serrinha, atualmente diretor do Sindicato dos Trabalhadores em Transportes Rodovi\u00e1rios no Esp\u00edrito Santo (Sindirodovi\u00e1rios), aliado na luta por direitos adquiridos pelos dos trabalhadores do segmento, concedeu entrevista ao [&hellip;]<\/p>\n","protected":false},"author":3,"featured_media":3863,"comment_status":"open","ping_status":"open","sticky":false,"template":"","format":"standard","meta":{"footnotes":""},"categories":[10],"tags":[2230,2120,630,2127,2126],"class_list":["post-3860","post","type-post","status-publish","format-standard","has-post-thumbnail","hentry","category-politica","tag-categoria","tag-cleber-serrinha","tag-paralisacao","tag-sindicato","tag-sindirodoviarios"],"yoast_head":"<!-- This site is optimized with the Yoast SEO plugin v26.5 - https:\/\/yoast.com\/wordpress\/plugins\/seo\/ -->\n<title>Diretor do Sindirodovi\u00e1rios fala das lutas da categoria - Jornal Fatos e Not\u00edcias<\/title>\n<meta name=\"robots\" content=\"index, follow, max-snippet:-1, max-image-preview:large, max-video-preview:-1\" \/>\n<link rel=\"canonical\" href=\"https:\/\/jornalfatosenoticias.com.br\/index.php\/2020\/04\/30\/diretor-do-sindirodoviarios-fala-das-lutas-da-categoria\/\" \/>\n<meta property=\"og:locale\" content=\"pt_BR\" \/>\n<meta property=\"og:type\" content=\"article\" \/>\n<meta property=\"og:title\" content=\"Diretor do Sindirodovi\u00e1rios fala das lutas da categoria - Jornal Fatos e Not\u00edcias\" \/>\n<meta property=\"og:description\" content=\"De acordo com ele, a categoria est\u00e1 totalmente desprestigiada e sofre com a falta de investimentos e, at\u00e9 mesmo, uma certa precariedade nas condi\u00e7\u00f5es de trabalho Cleber Serrinha, atualmente diretor do Sindicato dos Trabalhadores em Transportes Rodovi\u00e1rios no Esp\u00edrito Santo (Sindirodovi\u00e1rios), aliado na luta por direitos adquiridos pelos dos trabalhadores do segmento, concedeu entrevista ao [&hellip;]\" \/>\n<meta property=\"og:url\" content=\"https:\/\/jornalfatosenoticias.com.br\/index.php\/2020\/04\/30\/diretor-do-sindirodoviarios-fala-das-lutas-da-categoria\/\" \/>\n<meta property=\"og:site_name\" content=\"Jornal Fatos e Not\u00edcias\" \/>\n<meta property=\"article:published_time\" content=\"2020-04-30T18:28:19+00:00\" \/>\n<meta property=\"article:modified_time\" content=\"2020-04-30T18:28:24+00:00\" \/>\n<meta property=\"og:image\" content=\"https:\/\/jornalfatosenoticias.com.br\/wp-content\/uploads\/2020\/04\/HAROLDO-E-CLEBER.jpg\" \/>\n\t<meta property=\"og:image:width\" content=\"1000\" \/>\n\t<meta property=\"og:image:height\" content=\"635\" \/>\n\t<meta property=\"og:image:type\" content=\"image\/jpeg\" \/>\n<meta name=\"author\" content=\"Haroldo Filho\" \/>\n<meta name=\"twitter:card\" content=\"summary_large_image\" \/>\n<meta name=\"twitter:label1\" content=\"Escrito por\" \/>\n\t<meta name=\"twitter:data1\" content=\"Haroldo Filho\" \/>\n\t<meta name=\"twitter:label2\" content=\"Est. tempo de leitura\" \/>\n\t<meta name=\"twitter:data2\" content=\"6 minutos\" \/>\n<script type=\"application\/ld+json\" class=\"yoast-schema-graph\">{\"@context\":\"https:\/\/schema.org\",\"@graph\":[{\"@type\":\"Article\",\"@id\":\"https:\/\/jornalfatosenoticias.com.br\/index.php\/2020\/04\/30\/diretor-do-sindirodoviarios-fala-das-lutas-da-categoria\/#article\",\"isPartOf\":{\"@id\":\"https:\/\/jornalfatosenoticias.com.br\/index.php\/2020\/04\/30\/diretor-do-sindirodoviarios-fala-das-lutas-da-categoria\/\"},\"author\":{\"name\":\"Haroldo Filho\",\"@id\":\"https:\/\/jornalfatosenoticias.com.br\/#\/schema\/person\/05c46cc25b42a5c27e004fb0fa6b4965\"},\"headline\":\"Diretor do Sindirodovi\u00e1rios fala das lutas da categoria\",\"datePublished\":\"2020-04-30T18:28:19+00:00\",\"dateModified\":\"2020-04-30T18:28:24+00:00\",\"mainEntityOfPage\":{\"@id\":\"https:\/\/jornalfatosenoticias.com.br\/index.php\/2020\/04\/30\/diretor-do-sindirodoviarios-fala-das-lutas-da-categoria\/\"},\"wordCount\":1169,\"commentCount\":0,\"publisher\":{\"@id\":\"https:\/\/jornalfatosenoticias.com.br\/#organization\"},\"image\":{\"@id\":\"https:\/\/jornalfatosenoticias.com.br\/index.php\/2020\/04\/30\/diretor-do-sindirodoviarios-fala-das-lutas-da-categoria\/#primaryimage\"},\"thumbnailUrl\":\"https:\/\/jornalfatosenoticias.com.br\/wp-content\/uploads\/2020\/04\/HAROLDO-E-CLEBER.jpg\",\"keywords\":[\"categoria\",\"Cleber Serrinha\",\"paralisa\u00e7\u00e3o\",\"sindicato\",\"Sindirodovi\u00e1rios\"],\"articleSection\":[\"Pol\u00edtica\"],\"inLanguage\":\"pt-BR\",\"potentialAction\":[{\"@type\":\"CommentAction\",\"name\":\"Comment\",\"target\":[\"https:\/\/jornalfatosenoticias.com.br\/index.php\/2020\/04\/30\/diretor-do-sindirodoviarios-fala-das-lutas-da-categoria\/#respond\"]}]},{\"@type\":\"WebPage\",\"@id\":\"https:\/\/jornalfatosenoticias.com.br\/index.php\/2020\/04\/30\/diretor-do-sindirodoviarios-fala-das-lutas-da-categoria\/\",\"url\":\"https:\/\/jornalfatosenoticias.com.br\/index.php\/2020\/04\/30\/diretor-do-sindirodoviarios-fala-das-lutas-da-categoria\/\",\"name\":\"Diretor do Sindirodovi\u00e1rios fala das lutas da categoria - Jornal Fatos e Not\u00edcias\",\"isPartOf\":{\"@id\":\"https:\/\/jornalfatosenoticias.com.br\/#website\"},\"primaryImageOfPage\":{\"@id\":\"https:\/\/jornalfatosenoticias.com.br\/index.php\/2020\/04\/30\/diretor-do-sindirodoviarios-fala-das-lutas-da-categoria\/#primaryimage\"},\"image\":{\"@id\":\"https:\/\/jornalfatosenoticias.com.br\/index.php\/2020\/04\/30\/diretor-do-sindirodoviarios-fala-das-lutas-da-categoria\/#primaryimage\"},\"thumbnailUrl\":\"https:\/\/jornalfatosenoticias.com.br\/wp-content\/uploads\/2020\/04\/HAROLDO-E-CLEBER.jpg\",\"datePublished\":\"2020-04-30T18:28:19+00:00\",\"dateModified\":\"2020-04-30T18:28:24+00:00\",\"breadcrumb\":{\"@id\":\"https:\/\/jornalfatosenoticias.com.br\/index.php\/2020\/04\/30\/diretor-do-sindirodoviarios-fala-das-lutas-da-categoria\/#breadcrumb\"},\"inLanguage\":\"pt-BR\",\"potentialAction\":[{\"@type\":\"ReadAction\",\"target\":[\"https:\/\/jornalfatosenoticias.com.br\/index.php\/2020\/04\/30\/diretor-do-sindirodoviarios-fala-das-lutas-da-categoria\/\"]}]},{\"@type\":\"ImageObject\",\"inLanguage\":\"pt-BR\",\"@id\":\"https:\/\/jornalfatosenoticias.com.br\/index.php\/2020\/04\/30\/diretor-do-sindirodoviarios-fala-das-lutas-da-categoria\/#primaryimage\",\"url\":\"https:\/\/jornalfatosenoticias.com.br\/wp-content\/uploads\/2020\/04\/HAROLDO-E-CLEBER.jpg\",\"contentUrl\":\"https:\/\/jornalfatosenoticias.com.br\/wp-content\/uploads\/2020\/04\/HAROLDO-E-CLEBER.jpg\",\"width\":1000,\"height\":635},{\"@type\":\"BreadcrumbList\",\"@id\":\"https:\/\/jornalfatosenoticias.com.br\/index.php\/2020\/04\/30\/diretor-do-sindirodoviarios-fala-das-lutas-da-categoria\/#breadcrumb\",\"itemListElement\":[{\"@type\":\"ListItem\",\"position\":1,\"name\":\"In\u00edcio\",\"item\":\"https:\/\/jornalfatosenoticias.com.br\/\"},{\"@type\":\"ListItem\",\"position\":2,\"name\":\"Diretor do Sindirodovi\u00e1rios fala das lutas da categoria\"}]},{\"@type\":\"WebSite\",\"@id\":\"https:\/\/jornalfatosenoticias.com.br\/#website\",\"url\":\"https:\/\/jornalfatosenoticias.com.br\/\",\"name\":\"Jornal Fatos e Not\u00edcias\",\"description\":\"Not\u00edcias em geral\",\"publisher\":{\"@id\":\"https:\/\/jornalfatosenoticias.com.br\/#organization\"},\"potentialAction\":[{\"@type\":\"SearchAction\",\"target\":{\"@type\":\"EntryPoint\",\"urlTemplate\":\"https:\/\/jornalfatosenoticias.com.br\/?s={search_term_string}\"},\"query-input\":{\"@type\":\"PropertyValueSpecification\",\"valueRequired\":true,\"valueName\":\"search_term_string\"}}],\"inLanguage\":\"pt-BR\"},{\"@type\":\"Organization\",\"@id\":\"https:\/\/jornalfatosenoticias.com.br\/#organization\",\"name\":\"Jornal Fatos e Not\u00edcias\",\"url\":\"https:\/\/jornalfatosenoticias.com.br\/\",\"logo\":{\"@type\":\"ImageObject\",\"inLanguage\":\"pt-BR\",\"@id\":\"https:\/\/jornalfatosenoticias.com.br\/#\/schema\/logo\/image\/\",\"url\":\"https:\/\/jornalfatosenoticias.com.br\/wp-content\/uploads\/2020\/02\/logo120.png\",\"contentUrl\":\"https:\/\/jornalfatosenoticias.com.br\/wp-content\/uploads\/2020\/02\/logo120.png\",\"width\":1227,\"height\":120,\"caption\":\"Jornal Fatos e Not\u00edcias\"},\"image\":{\"@id\":\"https:\/\/jornalfatosenoticias.com.br\/#\/schema\/logo\/image\/\"}},{\"@type\":\"Person\",\"@id\":\"https:\/\/jornalfatosenoticias.com.br\/#\/schema\/person\/05c46cc25b42a5c27e004fb0fa6b4965\",\"name\":\"Haroldo Filho\",\"image\":{\"@type\":\"ImageObject\",\"inLanguage\":\"pt-BR\",\"@id\":\"https:\/\/jornalfatosenoticias.com.br\/#\/schema\/person\/image\/\",\"url\":\"https:\/\/jornalfatosenoticias.com.br\/wp-content\/uploads\/2025\/08\/WhatsApp-Image-2025-08-18-at-15.30.28-150x150.jpeg\",\"contentUrl\":\"https:\/\/jornalfatosenoticias.com.br\/wp-content\/uploads\/2025\/08\/WhatsApp-Image-2025-08-18-at-15.30.28-150x150.jpeg\",\"caption\":\"Haroldo Filho\"},\"description\":\"Jornalista \u2013 DRT: 0003818\/ES Coordenador-geral da ONG Educar para Crescer\",\"url\":\"https:\/\/jornalfatosenoticias.com.br\/index.php\/author\/haroldo\/\"}]}<\/script>\n<!-- \/ Yoast SEO plugin. -->","yoast_head_json":{"title":"Diretor do Sindirodovi\u00e1rios fala das lutas da categoria - Jornal Fatos e Not\u00edcias","robots":{"index":"index","follow":"follow","max-snippet":"max-snippet:-1","max-image-preview":"max-image-preview:large","max-video-preview":"max-video-preview:-1"},"canonical":"https:\/\/jornalfatosenoticias.com.br\/index.php\/2020\/04\/30\/diretor-do-sindirodoviarios-fala-das-lutas-da-categoria\/","og_locale":"pt_BR","og_type":"article","og_title":"Diretor do Sindirodovi\u00e1rios fala das lutas da categoria - Jornal Fatos e Not\u00edcias","og_description":"De acordo com ele, a categoria est\u00e1 totalmente desprestigiada e sofre com a falta de investimentos e, at\u00e9 mesmo, uma certa precariedade nas condi\u00e7\u00f5es de trabalho Cleber Serrinha, atualmente diretor do Sindicato dos Trabalhadores em Transportes Rodovi\u00e1rios no Esp\u00edrito Santo (Sindirodovi\u00e1rios), aliado na luta por direitos adquiridos pelos dos trabalhadores do segmento, concedeu entrevista ao [&hellip;]","og_url":"https:\/\/jornalfatosenoticias.com.br\/index.php\/2020\/04\/30\/diretor-do-sindirodoviarios-fala-das-lutas-da-categoria\/","og_site_name":"Jornal Fatos e Not\u00edcias","article_published_time":"2020-04-30T18:28:19+00:00","article_modified_time":"2020-04-30T18:28:24+00:00","og_image":[{"width":1000,"height":635,"url":"https:\/\/jornalfatosenoticias.com.br\/wp-content\/uploads\/2020\/04\/HAROLDO-E-CLEBER.jpg","type":"image\/jpeg"}],"author":"Haroldo Filho","twitter_card":"summary_large_image","twitter_misc":{"Escrito por":"Haroldo Filho","Est. tempo de leitura":"6 minutos"},"schema":{"@context":"https:\/\/schema.org","@graph":[{"@type":"Article","@id":"https:\/\/jornalfatosenoticias.com.br\/index.php\/2020\/04\/30\/diretor-do-sindirodoviarios-fala-das-lutas-da-categoria\/#article","isPartOf":{"@id":"https:\/\/jornalfatosenoticias.com.br\/index.php\/2020\/04\/30\/diretor-do-sindirodoviarios-fala-das-lutas-da-categoria\/"},"author":{"name":"Haroldo Filho","@id":"https:\/\/jornalfatosenoticias.com.br\/#\/schema\/person\/05c46cc25b42a5c27e004fb0fa6b4965"},"headline":"Diretor do Sindirodovi\u00e1rios fala das lutas da categoria","datePublished":"2020-04-30T18:28:19+00:00","dateModified":"2020-04-30T18:28:24+00:00","mainEntityOfPage":{"@id":"https:\/\/jornalfatosenoticias.com.br\/index.php\/2020\/04\/30\/diretor-do-sindirodoviarios-fala-das-lutas-da-categoria\/"},"wordCount":1169,"commentCount":0,"publisher":{"@id":"https:\/\/jornalfatosenoticias.com.br\/#organization"},"image":{"@id":"https:\/\/jornalfatosenoticias.com.br\/index.php\/2020\/04\/30\/diretor-do-sindirodoviarios-fala-das-lutas-da-categoria\/#primaryimage"},"thumbnailUrl":"https:\/\/jornalfatosenoticias.com.br\/wp-content\/uploads\/2020\/04\/HAROLDO-E-CLEBER.jpg","keywords":["categoria","Cleber Serrinha","paralisa\u00e7\u00e3o","sindicato","Sindirodovi\u00e1rios"],"articleSection":["Pol\u00edtica"],"inLanguage":"pt-BR","potentialAction":[{"@type":"CommentAction","name":"Comment","target":["https:\/\/jornalfatosenoticias.com.br\/index.php\/2020\/04\/30\/diretor-do-sindirodoviarios-fala-das-lutas-da-categoria\/#respond"]}]},{"@type":"WebPage","@id":"https:\/\/jornalfatosenoticias.com.br\/index.php\/2020\/04\/30\/diretor-do-sindirodoviarios-fala-das-lutas-da-categoria\/","url":"https:\/\/jornalfatosenoticias.com.br\/index.php\/2020\/04\/30\/diretor-do-sindirodoviarios-fala-das-lutas-da-categoria\/","name":"Diretor do Sindirodovi\u00e1rios fala das lutas da categoria - Jornal Fatos e Not\u00edcias","isPartOf":{"@id":"https:\/\/jornalfatosenoticias.com.br\/#website"},"primaryImageOfPage":{"@id":"https:\/\/jornalfatosenoticias.com.br\/index.php\/2020\/04\/30\/diretor-do-sindirodoviarios-fala-das-lutas-da-categoria\/#primaryimage"},"image":{"@id":"https:\/\/jornalfatosenoticias.com.br\/index.php\/2020\/04\/30\/diretor-do-sindirodoviarios-fala-das-lutas-da-categoria\/#primaryimage"},"thumbnailUrl":"https:\/\/jornalfatosenoticias.com.br\/wp-content\/uploads\/2020\/04\/HAROLDO-E-CLEBER.jpg","datePublished":"2020-04-30T18:28:19+00:00","dateModified":"2020-04-30T18:28:24+00:00","breadcrumb":{"@id":"https:\/\/jornalfatosenoticias.com.br\/index.php\/2020\/04\/30\/diretor-do-sindirodoviarios-fala-das-lutas-da-categoria\/#breadcrumb"},"inLanguage":"pt-BR","potentialAction":[{"@type":"ReadAction","target":["https:\/\/jornalfatosenoticias.com.br\/index.php\/2020\/04\/30\/diretor-do-sindirodoviarios-fala-das-lutas-da-categoria\/"]}]},{"@type":"ImageObject","inLanguage":"pt-BR","@id":"https:\/\/jornalfatosenoticias.com.br\/index.php\/2020\/04\/30\/diretor-do-sindirodoviarios-fala-das-lutas-da-categoria\/#primaryimage","url":"https:\/\/jornalfatosenoticias.com.br\/wp-content\/uploads\/2020\/04\/HAROLDO-E-CLEBER.jpg","contentUrl":"https:\/\/jornalfatosenoticias.com.br\/wp-content\/uploads\/2020\/04\/HAROLDO-E-CLEBER.jpg","width":1000,"height":635},{"@type":"BreadcrumbList","@id":"https:\/\/jornalfatosenoticias.com.br\/index.php\/2020\/04\/30\/diretor-do-sindirodoviarios-fala-das-lutas-da-categoria\/#breadcrumb","itemListElement":[{"@type":"ListItem","position":1,"name":"In\u00edcio","item":"https:\/\/jornalfatosenoticias.com.br\/"},{"@type":"ListItem","position":2,"name":"Diretor do Sindirodovi\u00e1rios fala das lutas da categoria"}]},{"@type":"WebSite","@id":"https:\/\/jornalfatosenoticias.com.br\/#website","url":"https:\/\/jornalfatosenoticias.com.br\/","name":"Jornal Fatos e Not\u00edcias","description":"Not\u00edcias em geral","publisher":{"@id":"https:\/\/jornalfatosenoticias.com.br\/#organization"},"potentialAction":[{"@type":"SearchAction","target":{"@type":"EntryPoint","urlTemplate":"https:\/\/jornalfatosenoticias.com.br\/?s={search_term_string}"},"query-input":{"@type":"PropertyValueSpecification","valueRequired":true,"valueName":"search_term_string"}}],"inLanguage":"pt-BR"},{"@type":"Organization","@id":"https:\/\/jornalfatosenoticias.com.br\/#organization","name":"Jornal Fatos e Not\u00edcias","url":"https:\/\/jornalfatosenoticias.com.br\/","logo":{"@type":"ImageObject","inLanguage":"pt-BR","@id":"https:\/\/jornalfatosenoticias.com.br\/#\/schema\/logo\/image\/","url":"https:\/\/jornalfatosenoticias.com.br\/wp-content\/uploads\/2020\/02\/logo120.png","contentUrl":"https:\/\/jornalfatosenoticias.com.br\/wp-content\/uploads\/2020\/02\/logo120.png","width":1227,"height":120,"caption":"Jornal Fatos e Not\u00edcias"},"image":{"@id":"https:\/\/jornalfatosenoticias.com.br\/#\/schema\/logo\/image\/"}},{"@type":"Person","@id":"https:\/\/jornalfatosenoticias.com.br\/#\/schema\/person\/05c46cc25b42a5c27e004fb0fa6b4965","name":"Haroldo Filho","image":{"@type":"ImageObject","inLanguage":"pt-BR","@id":"https:\/\/jornalfatosenoticias.com.br\/#\/schema\/person\/image\/","url":"https:\/\/jornalfatosenoticias.com.br\/wp-content\/uploads\/2025\/08\/WhatsApp-Image-2025-08-18-at-15.30.28-150x150.jpeg","contentUrl":"https:\/\/jornalfatosenoticias.com.br\/wp-content\/uploads\/2025\/08\/WhatsApp-Image-2025-08-18-at-15.30.28-150x150.jpeg","caption":"Haroldo Filho"},"description":"Jornalista \u2013 DRT: 0003818\/ES Coordenador-geral da ONG Educar para Crescer","url":"https:\/\/jornalfatosenoticias.com.br\/index.php\/author\/haroldo\/"}]}},"cc_featured_image_caption":{"caption_text":"(Foto: Haroldo Cordeiro Filho)","source_text":"","source_url":""},"jetpack_featured_media_url":"https:\/\/jornalfatosenoticias.com.br\/wp-content\/uploads\/2020\/04\/HAROLDO-E-CLEBER.jpg","_links":{"self":[{"href":"https:\/\/jornalfatosenoticias.com.br\/index.php\/wp-json\/wp\/v2\/posts\/3860","targetHints":{"allow":["GET"]}}],"collection":[{"href":"https:\/\/jornalfatosenoticias.com.br\/index.php\/wp-json\/wp\/v2\/posts"}],"about":[{"href":"https:\/\/jornalfatosenoticias.com.br\/index.php\/wp-json\/wp\/v2\/types\/post"}],"author":[{"embeddable":true,"href":"https:\/\/jornalfatosenoticias.com.br\/index.php\/wp-json\/wp\/v2\/users\/3"}],"replies":[{"embeddable":true,"href":"https:\/\/jornalfatosenoticias.com.br\/index.php\/wp-json\/wp\/v2\/comments?post=3860"}],"version-history":[{"count":0,"href":"https:\/\/jornalfatosenoticias.com.br\/index.php\/wp-json\/wp\/v2\/posts\/3860\/revisions"}],"wp:featuredmedia":[{"embeddable":true,"href":"https:\/\/jornalfatosenoticias.com.br\/index.php\/wp-json\/wp\/v2\/media\/3863"}],"wp:attachment":[{"href":"https:\/\/jornalfatosenoticias.com.br\/index.php\/wp-json\/wp\/v2\/media?parent=3860"}],"wp:term":[{"taxonomy":"category","embeddable":true,"href":"https:\/\/jornalfatosenoticias.com.br\/index.php\/wp-json\/wp\/v2\/categories?post=3860"},{"taxonomy":"post_tag","embeddable":true,"href":"https:\/\/jornalfatosenoticias.com.br\/index.php\/wp-json\/wp\/v2\/tags?post=3860"}],"curies":[{"name":"wp","href":"https:\/\/api.w.org\/{rel}","templated":true}]}}