{"id":38620,"date":"2023-02-09T12:19:20","date_gmt":"2023-02-09T15:19:20","guid":{"rendered":"https:\/\/jornalfatosenoticias.com.br\/?p=38620"},"modified":"2023-02-09T12:19:21","modified_gmt":"2023-02-09T15:19:21","slug":"aperte-o-cinto-brasil-o-piloto","status":"publish","type":"post","link":"https:\/\/jornalfatosenoticias.com.br\/index.php\/2023\/02\/09\/aperte-o-cinto-brasil-o-piloto\/","title":{"rendered":"Aperte o cinto Brasil, o piloto&#8230;"},"content":{"rendered":"\n<p><em><span class=\"has-inline-color has-black-color\">Uma coisa \u00e9 certa, para a constru\u00e7\u00e3o de um edif\u00edcio \u00e9 preciso t\u00e9cnica, planejamento e projetos e isso \u00e9 exatamente do que a esquerda \u00e9 desprovida<\/span><\/em><\/p>\n\n\n\n<div class=\"wp-block-image\"><figure class=\"aligncenter size-large\"><img loading=\"lazy\" decoding=\"async\" width=\"1024\" height=\"111\" src=\"https:\/\/jornalfatosenoticias.com.br\/wp-content\/uploads\/2020\/02\/WhatsApp-Image-2022-09-23-at-12.09.18-1024x111.jpeg\" alt=\"\" class=\"wp-image-34527\" srcset=\"https:\/\/jornalfatosenoticias.com.br\/wp-content\/uploads\/2020\/02\/WhatsApp-Image-2022-09-23-at-12.09.18-1024x111.jpeg 1024w, https:\/\/jornalfatosenoticias.com.br\/wp-content\/uploads\/2020\/02\/WhatsApp-Image-2022-09-23-at-12.09.18-300x32.jpeg 300w, https:\/\/jornalfatosenoticias.com.br\/wp-content\/uploads\/2020\/02\/WhatsApp-Image-2022-09-23-at-12.09.18-768x83.jpeg 768w, https:\/\/jornalfatosenoticias.com.br\/wp-content\/uploads\/2020\/02\/WhatsApp-Image-2022-09-23-at-12.09.18.jpeg 1121w\" sizes=\"auto, (max-width: 1024px) 100vw, 1024px\" \/><\/figure><\/div>\n\n\n\n<p>Algu\u00e9m saberia dizer qual a proposta de trabalho do atual (des)governo? Esta pergunta parece um tanto tendenciosa, mas que faz muito sentido se pensarmos no que foi feito ou organizado de projetos importantes para o futuro do Pa\u00eds at\u00e9 agora, em especial na seara econ\u00f4mica, esteio da estrutura de qualquer na\u00e7\u00e3o que tenha como premissa o engajamento e a responsabilidade com seu povo.<\/p>\n\n\n\n<div class=\"wp-block-image\"><figure class=\"aligncenter size-large is-resized\"><img loading=\"lazy\" decoding=\"async\" src=\"https:\/\/jornalfatosenoticias.com.br\/wp-content\/uploads\/2022\/02\/Precisao-Contabilidade-1024x724.jpg\" alt=\"\" class=\"wp-image-28088\" width=\"336\" height=\"238\"\/><\/figure><\/div>\n\n\n\n<p>Iniciamos o segundo m\u00eas de governo ou desgoverno sob a guarda do grupo \u201cvitorioso\u201d que, no per\u00edodo de campanha, prometeu o c\u00e9u, as estrelas e at\u00e9 churrasquinho de picanha aos mais iludidos e mal-informados (deixo claro aqui que, partes de todas as classes, credo e escolaridade, ca\u00edram no \u2018conto do vig\u00e1rio\u2019).<\/p>\n\n\n\n<div class=\"wp-block-image\"><figure class=\"aligncenter size-large\"><img loading=\"lazy\" decoding=\"async\" width=\"1024\" height=\"99\" src=\"https:\/\/jornalfatosenoticias.com.br\/wp-content\/uploads\/2020\/02\/Logo-Mizu-segunda-2-1024x99.png\" alt=\"\" class=\"wp-image-2353\" srcset=\"https:\/\/jornalfatosenoticias.com.br\/wp-content\/uploads\/2020\/02\/Logo-Mizu-segunda-2-1024x99.png 1024w, https:\/\/jornalfatosenoticias.com.br\/wp-content\/uploads\/2020\/02\/Logo-Mizu-segunda-2-300x29.png 300w, https:\/\/jornalfatosenoticias.com.br\/wp-content\/uploads\/2020\/02\/Logo-Mizu-segunda-2-768x74.png 768w, https:\/\/jornalfatosenoticias.com.br\/wp-content\/uploads\/2020\/02\/Logo-Mizu-segunda-2.png 1240w\" sizes=\"auto, (max-width: 1024px) 100vw, 1024px\" \/><\/figure><\/div>\n\n\n\n<p>Sabemos que, para um governo apresentar resultado positivo, \u00e9 necess\u00e1rios algum tempo, mas resultado negativo, basta uma palavra que, em segundos, tudo rui e \u00e9 exatamente o que vem acontecendo nesse in\u00edcio de pseudogoverno petista.<\/p>\n\n\n\n<div class=\"wp-block-image\"><figure class=\"aligncenter size-large is-resized\"><img loading=\"lazy\" decoding=\"async\" src=\"https:\/\/jornalfatosenoticias.com.br\/wp-content\/uploads\/2022\/07\/Logo-Grupo-SEI.jpg\" alt=\"\" class=\"wp-image-31973\" width=\"349\" height=\"183\" srcset=\"https:\/\/jornalfatosenoticias.com.br\/wp-content\/uploads\/2022\/07\/Logo-Grupo-SEI.jpg 713w, https:\/\/jornalfatosenoticias.com.br\/wp-content\/uploads\/2022\/07\/Logo-Grupo-SEI-300x158.jpg 300w\" sizes=\"auto, (max-width: 349px) 100vw, 349px\" \/><\/figure><\/div>\n\n\n\n<p>Uma coisa \u00e9 certa, para a constru\u00e7\u00e3o de um edif\u00edcio \u00e9 preciso t\u00e9cnica, planejamento e projetos e isso \u00e9 exatamente do que a esquerda \u00e9 desprovida, resultado. O que temos vivenciado \u00e9 um verdadeiro festival de horrores, com muitas \u2018autoridades\u2019 batendo cabe\u00e7a. Uma verdadeira fanfarrice com o dinheiro p\u00fablico.<\/p>\n\n\n\n<div class=\"wp-block-image\"><figure class=\"alignleft size-large\"><img loading=\"lazy\" decoding=\"async\" width=\"300\" height=\"300\" src=\"https:\/\/jornalfatosenoticias.com.br\/wp-content\/uploads\/2020\/02\/casa-do-torresmo_portal.jpg\" alt=\"\" class=\"wp-image-34472\" srcset=\"https:\/\/jornalfatosenoticias.com.br\/wp-content\/uploads\/2020\/02\/casa-do-torresmo_portal.jpg 300w, https:\/\/jornalfatosenoticias.com.br\/wp-content\/uploads\/2020\/02\/casa-do-torresmo_portal-150x150.jpg 150w\" sizes=\"auto, (max-width: 300px) 100vw, 300px\" \/><\/figure><\/div>\n\n\n\n<p>Um dos personagens cabe\u00e7a dura desse festival \u00e9 o ministro da Justi\u00e7a, Fl\u00e1vio Dino, quando anunciou que sua pasta estaria elaborando uma proposta para coibir conte\u00fados nas redes sociais, ap\u00f3s manifesta\u00e7\u00f5es de 08 de janeiro, alegando que os manifestantes estariam ferindo o \u201cEstado Democr\u00e1tico de Direito\u201d, vindo de quem veio, parece at\u00e9 piada, mas, creia, n\u00e3o \u00e9. O real significado do termo, bonito e copiado por toda esquerda, \u00e9 sentido e vivenciado na pele por crian\u00e7as, jovens, idosos e trabalhadores, hoje, condenados pela \u201cjusti\u00e7a\u201d por terrorismo, por se manifestarem contra o resultado das urnas na \u00faltima elei\u00e7\u00e3o. Onde est\u00e1 o Estado Democr\u00e1tico de Direito para essas pessoas?<\/p>\n\n\n\n<div class=\"wp-block-image\"><figure class=\"aligncenter size-large\"><img loading=\"lazy\" decoding=\"async\" width=\"1024\" height=\"100\" src=\"https:\/\/jornalfatosenoticias.com.br\/wp-content\/uploads\/2020\/02\/banner_ferramentas-1024x100.jpg\" alt=\"\" class=\"wp-image-1258\" srcset=\"https:\/\/jornalfatosenoticias.com.br\/wp-content\/uploads\/2020\/02\/banner_ferramentas-1024x100.jpg 1024w, https:\/\/jornalfatosenoticias.com.br\/wp-content\/uploads\/2020\/02\/banner_ferramentas-300x29.jpg 300w, https:\/\/jornalfatosenoticias.com.br\/wp-content\/uploads\/2020\/02\/banner_ferramentas-768x75.jpg 768w, https:\/\/jornalfatosenoticias.com.br\/wp-content\/uploads\/2020\/02\/banner_ferramentas.jpg 1227w\" sizes=\"auto, (max-width: 1024px) 100vw, 1024px\" \/><\/figure><\/div>\n\n\n\n<p>Estamos vivendo dias tenebrosos e de total invers\u00e3o dos valores \u00e9ticos, morais, crist\u00e3os e, por que n\u00e3o dizer, de direitos. A nossa realidade, hoje, \u00e9 de bandidos sendo soltos para que cidad\u00e3os de bem, que querem um futuro melhor para seus filhos, ocupem seus lugares atr\u00e1s das grades. \u00c9 estarrecedor, para dizer o m\u00ednimo.<\/p>\n\n\n\n<div class=\"wp-block-image\"><figure class=\"aligncenter size-large is-resized\"><img loading=\"lazy\" decoding=\"async\" src=\"https:\/\/jornalfatosenoticias.com.br\/wp-content\/uploads\/2020\/02\/logo-embacia.jpg\" alt=\"\" class=\"wp-image-33905\" width=\"303\" height=\"303\"\/><\/figure><\/div>\n\n\n\n<p>O brasileiro j\u00e1 est\u00e1 (ou deveria) calejado com os petistas. Em um passado n\u00e3o muito distante, vimos do que s\u00e3o capazes. Seus ideais sempre foram cravados na corrup\u00e7\u00e3o e contra o patrim\u00f4nio p\u00fablico. Foi assim aqui no Brasil e \u00e9 assim em outros pa\u00edses nos quais ela se apossou.<\/p>\n\n\n\n<div class=\"wp-block-image\"><figure class=\"aligncenter size-large\"><img decoding=\"async\" src=\"https:\/\/jornalfatosenoticias.com.br\/wp-content\/uploads\/2020\/02\/barao-das-carnes-300x164-1.jpg\" alt=\"\" class=\"wp-image-34339\"\/><\/figure><\/div>\n\n\n\n<p>O socialismo \u00e9 um sistema fracassado, desprovido de qualquer liberdade e altamente corrupt\u00edvel. A pobreza precisa ser decretada para o sistema funcionar e o assistencialismo, arma essencial para o processo de domina\u00e7\u00e3o, n\u00e3o pode faltar.<\/p>\n\n\n\n<div class=\"wp-block-image\"><figure class=\"aligncenter size-large is-resized\"><img loading=\"lazy\" decoding=\"async\" src=\"https:\/\/jornalfatosenoticias.com.br\/wp-content\/uploads\/2023\/02\/Fuga-Capitais-510-CCC.jpg\" alt=\"\" class=\"wp-image-38621\" width=\"580\" height=\"405\" srcset=\"https:\/\/jornalfatosenoticias.com.br\/wp-content\/uploads\/2023\/02\/Fuga-Capitais-510-CCC.jpg 1000w, https:\/\/jornalfatosenoticias.com.br\/wp-content\/uploads\/2023\/02\/Fuga-Capitais-510-CCC-300x210.jpg 300w, https:\/\/jornalfatosenoticias.com.br\/wp-content\/uploads\/2023\/02\/Fuga-Capitais-510-CCC-768x537.jpg 768w\" sizes=\"auto, (max-width: 580px) 100vw, 580px\" \/><figcaption><em><span class=\"has-inline-color has-black-color\">(Imagem: Reprodu\u00e7\u00e3o Internet)<\/span><\/em><\/figcaption><\/figure><\/div>\n\n\n\n<div class=\"wp-block-image\"><figure class=\"aligncenter size-large\"><img decoding=\"async\" src=\"https:\/\/jornalfatosenoticias.com.br\/wp-content\/uploads\/2020\/02\/Serra-Grande-1024x160.png\" alt=\"\" class=\"wp-image-7836\"\/><\/figure><\/div>\n\n\n\n<p>A fal\u00e1cia do socialismo \u00e9 clara no mundo inteiro. As medidas estadistas v\u00e3o na contram\u00e3o do livre mercado. Prova disso \u00e9 que, ap\u00f3s o an\u00fancio do ministro do Trabalho e Previd\u00eancia, Luiz Marinho, afirmar que sua equipe estaria estudando a melhor forma de regulamenta\u00e7\u00e3o das leis trabalhistas, mais especificamente para o setor dos trabalhadores de aplicativos, a Uber sinalizou sair do Pa\u00eds e, para espanto de todos, o ministro sugere que os Correios substituam essas empresas. Seria c\u00f4mico se n\u00e3o fosse tr\u00e1gico.<\/p>\n\n\n\n<div class=\"wp-block-image\"><figure class=\"aligncenter size-large\"><img loading=\"lazy\" decoding=\"async\" width=\"300\" height=\"250\" src=\"https:\/\/jornalfatosenoticias.com.br\/wp-content\/uploads\/2022\/08\/arte-Casarao.jpg\" alt=\"\" class=\"wp-image-33178\"\/><\/figure><\/div>\n\n\n\n<p>S\u00f3 lembrando que essa mesma estatal, no per\u00edodo dos governos petistas quase quebrou, fazendo seus funcion\u00e1rios pagarem, at\u00e9 hoje, descontos em contracheque por uso indevido do Fundo de Pens\u00e3o da empresa pelos tr\u00e1gicos governos Lula e Dilma.<\/p>\n\n\n\n<div class=\"wp-block-image\"><figure class=\"aligncenter size-large is-resized\"><img loading=\"lazy\" decoding=\"async\" src=\"https:\/\/jornalfatosenoticias.com.br\/wp-content\/uploads\/2020\/02\/nova-logo-Marquetti.jpg\" alt=\"\" class=\"wp-image-22331\" width=\"329\" height=\"221\" srcset=\"https:\/\/jornalfatosenoticias.com.br\/wp-content\/uploads\/2020\/02\/nova-logo-Marquetti.jpg 643w, https:\/\/jornalfatosenoticias.com.br\/wp-content\/uploads\/2020\/02\/nova-logo-Marquetti-300x202.jpg 300w\" sizes=\"auto, (max-width: 329px) 100vw, 329px\" \/><\/figure><\/div>\n\n\n\n<p>O Brasil deu seu primeiro e largo passo rumo \u00e0 mis\u00e9ria e \u00e0 destrui\u00e7\u00e3o, infelizmente. Teve um desastroso \u201cresultado\u201d na elei\u00e7\u00e3o para presidentes da Rep\u00fablica e do Senado Federal; j\u00e1 est\u00e1 sendo cogitado taxar grandes fortunas e confiscar propriedades privadas e at\u00e9 estatiza\u00e7\u00f5es de ind\u00fastrias nacionais (cr\u00edticas j\u00e1 est\u00e3o sendo feitas sobre o processo de privatiza\u00e7\u00e3o da Eletrobras). Todos sabemos o que acontece quando o setor privado n\u00e3o consegue produzir, n\u00e3o \u00e9 mesmo? A fal\u00eancia, \u00e9 certa!<\/p>\n\n\n\n<div class=\"wp-block-image\"><figure class=\"aligncenter size-large\"><img decoding=\"async\" src=\"https:\/\/jornalfatosenoticias.com.br\/wp-content\/uploads\/2020\/02\/logo_esteio.jpg\" alt=\"\" class=\"wp-image-1214\"\/><\/figure><\/div>\n\n\n\n<p>Lembrarei, sempre que puder, que quem gera riqueza \u00e9 a iniciativa privada e n\u00e3o o Estado. Finalizo com uma frase que retrata muito bem a pol\u00edtica econ\u00f4mica socialista. \u201cTodos querem viver \u00e0s custas do Estado, mas esquecem que o Estado vive \u00e0s custa de todos\u201d, Hernandes Nogueira.<br>A prop\u00f3sito, para quem possa achar que sou profeta do Apocalipse, a ZOMM e a Dell tamb\u00e9m est\u00e3o de malas prontas\u2026 bye, bye Brasil.<\/p>\n\n\n\n<div class=\"wp-block-image\"><figure class=\"aligncenter size-large is-resized\"><img loading=\"lazy\" decoding=\"async\" src=\"https:\/\/jornalfatosenoticias.com.br\/wp-content\/uploads\/2022\/08\/logo-locau-veiculos-1024x573.png\" alt=\"\" class=\"wp-image-33078\" width=\"327\" height=\"182\"\/><\/figure><\/div>\n\n\n\n<p><em><span class=\"has-inline-color has-black-color\">At\u00e9 a pr\u00f3xima!<\/span><\/em><\/p>\n","protected":false},"excerpt":{"rendered":"<p>Uma coisa \u00e9 certa, para a constru\u00e7\u00e3o de um edif\u00edcio \u00e9 preciso t\u00e9cnica, planejamento e projetos e isso \u00e9 exatamente do que a esquerda \u00e9 desprovida Algu\u00e9m saberia dizer qual a proposta de trabalho do atual (des)governo? Esta pergunta parece um tanto tendenciosa, mas que faz muito sentido se pensarmos no que foi feito ou [&hellip;]<\/p>\n","protected":false},"author":3,"featured_media":38622,"comment_status":"open","ping_status":"open","sticky":false,"template":"","format":"standard","meta":{"footnotes":""},"categories":[10],"tags":[18068,18066,1202,18067],"class_list":["post-38620","post","type-post","status-publish","format-standard","has-post-thumbnail","hentry","category-politica","tag-desgoverno","tag-fuga-de-capital","tag-pobreza","tag-politica-economica"],"yoast_head":"<!-- This site is optimized with the Yoast SEO plugin v26.5 - https:\/\/yoast.com\/wordpress\/plugins\/seo\/ -->\n<title>Aperte o cinto Brasil, o piloto... - Jornal Fatos e Not\u00edcias<\/title>\n<meta name=\"robots\" content=\"index, follow, max-snippet:-1, max-image-preview:large, max-video-preview:-1\" \/>\n<link rel=\"canonical\" href=\"https:\/\/jornalfatosenoticias.com.br\/index.php\/2023\/02\/09\/aperte-o-cinto-brasil-o-piloto\/\" \/>\n<meta property=\"og:locale\" content=\"pt_BR\" \/>\n<meta property=\"og:type\" content=\"article\" \/>\n<meta property=\"og:title\" content=\"Aperte o cinto Brasil, o piloto... - Jornal Fatos e Not\u00edcias\" \/>\n<meta property=\"og:description\" content=\"Uma coisa \u00e9 certa, para a constru\u00e7\u00e3o de um edif\u00edcio \u00e9 preciso t\u00e9cnica, planejamento e projetos e isso \u00e9 exatamente do que a esquerda \u00e9 desprovida Algu\u00e9m saberia dizer qual a proposta de trabalho do atual (des)governo? Esta pergunta parece um tanto tendenciosa, mas que faz muito sentido se pensarmos no que foi feito ou [&hellip;]\" \/>\n<meta property=\"og:url\" content=\"https:\/\/jornalfatosenoticias.com.br\/index.php\/2023\/02\/09\/aperte-o-cinto-brasil-o-piloto\/\" \/>\n<meta property=\"og:site_name\" content=\"Jornal Fatos e Not\u00edcias\" \/>\n<meta property=\"article:published_time\" content=\"2023-02-09T15:19:20+00:00\" \/>\n<meta property=\"article:modified_time\" content=\"2023-02-09T15:19:21+00:00\" \/>\n<meta property=\"og:image\" content=\"https:\/\/jornalfatosenoticias.com.br\/wp-content\/uploads\/2023\/02\/fuga-de-capital-510.jpg\" \/>\n\t<meta property=\"og:image:width\" content=\"1000\" \/>\n\t<meta property=\"og:image:height\" content=\"562\" \/>\n\t<meta property=\"og:image:type\" content=\"image\/jpeg\" \/>\n<meta name=\"author\" content=\"Haroldo Filho\" \/>\n<meta name=\"twitter:card\" content=\"summary_large_image\" \/>\n<meta name=\"twitter:label1\" content=\"Escrito por\" \/>\n\t<meta name=\"twitter:data1\" content=\"Haroldo Filho\" \/>\n\t<meta name=\"twitter:label2\" content=\"Est. tempo de leitura\" \/>\n\t<meta name=\"twitter:data2\" content=\"4 minutos\" \/>\n<script type=\"application\/ld+json\" class=\"yoast-schema-graph\">{\"@context\":\"https:\/\/schema.org\",\"@graph\":[{\"@type\":\"Article\",\"@id\":\"https:\/\/jornalfatosenoticias.com.br\/index.php\/2023\/02\/09\/aperte-o-cinto-brasil-o-piloto\/#article\",\"isPartOf\":{\"@id\":\"https:\/\/jornalfatosenoticias.com.br\/index.php\/2023\/02\/09\/aperte-o-cinto-brasil-o-piloto\/\"},\"author\":{\"name\":\"Haroldo Filho\",\"@id\":\"https:\/\/jornalfatosenoticias.com.br\/#\/schema\/person\/05c46cc25b42a5c27e004fb0fa6b4965\"},\"headline\":\"Aperte o cinto Brasil, o piloto&#8230;\",\"datePublished\":\"2023-02-09T15:19:20+00:00\",\"dateModified\":\"2023-02-09T15:19:21+00:00\",\"mainEntityOfPage\":{\"@id\":\"https:\/\/jornalfatosenoticias.com.br\/index.php\/2023\/02\/09\/aperte-o-cinto-brasil-o-piloto\/\"},\"wordCount\":804,\"commentCount\":0,\"publisher\":{\"@id\":\"https:\/\/jornalfatosenoticias.com.br\/#organization\"},\"image\":{\"@id\":\"https:\/\/jornalfatosenoticias.com.br\/index.php\/2023\/02\/09\/aperte-o-cinto-brasil-o-piloto\/#primaryimage\"},\"thumbnailUrl\":\"https:\/\/jornalfatosenoticias.com.br\/wp-content\/uploads\/2023\/02\/fuga-de-capital-510.jpg\",\"keywords\":[\"desgoverno\",\"fuga de capital\",\"pobreza\",\"pol\u00edtica econ\u00f4mica\"],\"articleSection\":[\"Pol\u00edtica\"],\"inLanguage\":\"pt-BR\",\"potentialAction\":[{\"@type\":\"CommentAction\",\"name\":\"Comment\",\"target\":[\"https:\/\/jornalfatosenoticias.com.br\/index.php\/2023\/02\/09\/aperte-o-cinto-brasil-o-piloto\/#respond\"]}]},{\"@type\":\"WebPage\",\"@id\":\"https:\/\/jornalfatosenoticias.com.br\/index.php\/2023\/02\/09\/aperte-o-cinto-brasil-o-piloto\/\",\"url\":\"https:\/\/jornalfatosenoticias.com.br\/index.php\/2023\/02\/09\/aperte-o-cinto-brasil-o-piloto\/\",\"name\":\"Aperte o cinto Brasil, o piloto... - Jornal Fatos e Not\u00edcias\",\"isPartOf\":{\"@id\":\"https:\/\/jornalfatosenoticias.com.br\/#website\"},\"primaryImageOfPage\":{\"@id\":\"https:\/\/jornalfatosenoticias.com.br\/index.php\/2023\/02\/09\/aperte-o-cinto-brasil-o-piloto\/#primaryimage\"},\"image\":{\"@id\":\"https:\/\/jornalfatosenoticias.com.br\/index.php\/2023\/02\/09\/aperte-o-cinto-brasil-o-piloto\/#primaryimage\"},\"thumbnailUrl\":\"https:\/\/jornalfatosenoticias.com.br\/wp-content\/uploads\/2023\/02\/fuga-de-capital-510.jpg\",\"datePublished\":\"2023-02-09T15:19:20+00:00\",\"dateModified\":\"2023-02-09T15:19:21+00:00\",\"breadcrumb\":{\"@id\":\"https:\/\/jornalfatosenoticias.com.br\/index.php\/2023\/02\/09\/aperte-o-cinto-brasil-o-piloto\/#breadcrumb\"},\"inLanguage\":\"pt-BR\",\"potentialAction\":[{\"@type\":\"ReadAction\",\"target\":[\"https:\/\/jornalfatosenoticias.com.br\/index.php\/2023\/02\/09\/aperte-o-cinto-brasil-o-piloto\/\"]}]},{\"@type\":\"ImageObject\",\"inLanguage\":\"pt-BR\",\"@id\":\"https:\/\/jornalfatosenoticias.com.br\/index.php\/2023\/02\/09\/aperte-o-cinto-brasil-o-piloto\/#primaryimage\",\"url\":\"https:\/\/jornalfatosenoticias.com.br\/wp-content\/uploads\/2023\/02\/fuga-de-capital-510.jpg\",\"contentUrl\":\"https:\/\/jornalfatosenoticias.com.br\/wp-content\/uploads\/2023\/02\/fuga-de-capital-510.jpg\",\"width\":1000,\"height\":562},{\"@type\":\"BreadcrumbList\",\"@id\":\"https:\/\/jornalfatosenoticias.com.br\/index.php\/2023\/02\/09\/aperte-o-cinto-brasil-o-piloto\/#breadcrumb\",\"itemListElement\":[{\"@type\":\"ListItem\",\"position\":1,\"name\":\"In\u00edcio\",\"item\":\"https:\/\/jornalfatosenoticias.com.br\/\"},{\"@type\":\"ListItem\",\"position\":2,\"name\":\"Aperte o cinto Brasil, o piloto&#8230;\"}]},{\"@type\":\"WebSite\",\"@id\":\"https:\/\/jornalfatosenoticias.com.br\/#website\",\"url\":\"https:\/\/jornalfatosenoticias.com.br\/\",\"name\":\"Jornal Fatos e Not\u00edcias\",\"description\":\"Not\u00edcias em geral\",\"publisher\":{\"@id\":\"https:\/\/jornalfatosenoticias.com.br\/#organization\"},\"potentialAction\":[{\"@type\":\"SearchAction\",\"target\":{\"@type\":\"EntryPoint\",\"urlTemplate\":\"https:\/\/jornalfatosenoticias.com.br\/?s={search_term_string}\"},\"query-input\":{\"@type\":\"PropertyValueSpecification\",\"valueRequired\":true,\"valueName\":\"search_term_string\"}}],\"inLanguage\":\"pt-BR\"},{\"@type\":\"Organization\",\"@id\":\"https:\/\/jornalfatosenoticias.com.br\/#organization\",\"name\":\"Jornal Fatos e Not\u00edcias\",\"url\":\"https:\/\/jornalfatosenoticias.com.br\/\",\"logo\":{\"@type\":\"ImageObject\",\"inLanguage\":\"pt-BR\",\"@id\":\"https:\/\/jornalfatosenoticias.com.br\/#\/schema\/logo\/image\/\",\"url\":\"https:\/\/jornalfatosenoticias.com.br\/wp-content\/uploads\/2020\/02\/logo120.png\",\"contentUrl\":\"https:\/\/jornalfatosenoticias.com.br\/wp-content\/uploads\/2020\/02\/logo120.png\",\"width\":1227,\"height\":120,\"caption\":\"Jornal Fatos e Not\u00edcias\"},\"image\":{\"@id\":\"https:\/\/jornalfatosenoticias.com.br\/#\/schema\/logo\/image\/\"}},{\"@type\":\"Person\",\"@id\":\"https:\/\/jornalfatosenoticias.com.br\/#\/schema\/person\/05c46cc25b42a5c27e004fb0fa6b4965\",\"name\":\"Haroldo Filho\",\"image\":{\"@type\":\"ImageObject\",\"inLanguage\":\"pt-BR\",\"@id\":\"https:\/\/jornalfatosenoticias.com.br\/#\/schema\/person\/image\/\",\"url\":\"https:\/\/jornalfatosenoticias.com.br\/wp-content\/uploads\/2025\/08\/WhatsApp-Image-2025-08-18-at-15.30.28-150x150.jpeg\",\"contentUrl\":\"https:\/\/jornalfatosenoticias.com.br\/wp-content\/uploads\/2025\/08\/WhatsApp-Image-2025-08-18-at-15.30.28-150x150.jpeg\",\"caption\":\"Haroldo Filho\"},\"description\":\"Jornalista \u2013 DRT: 0003818\/ES Coordenador-geral da ONG Educar para Crescer\",\"url\":\"https:\/\/jornalfatosenoticias.com.br\/index.php\/author\/haroldo\/\"}]}<\/script>\n<!-- \/ Yoast SEO plugin. -->","yoast_head_json":{"title":"Aperte o cinto Brasil, o piloto... - Jornal Fatos e Not\u00edcias","robots":{"index":"index","follow":"follow","max-snippet":"max-snippet:-1","max-image-preview":"max-image-preview:large","max-video-preview":"max-video-preview:-1"},"canonical":"https:\/\/jornalfatosenoticias.com.br\/index.php\/2023\/02\/09\/aperte-o-cinto-brasil-o-piloto\/","og_locale":"pt_BR","og_type":"article","og_title":"Aperte o cinto Brasil, o piloto... - Jornal Fatos e Not\u00edcias","og_description":"Uma coisa \u00e9 certa, para a constru\u00e7\u00e3o de um edif\u00edcio \u00e9 preciso t\u00e9cnica, planejamento e projetos e isso \u00e9 exatamente do que a esquerda \u00e9 desprovida Algu\u00e9m saberia dizer qual a proposta de trabalho do atual (des)governo? Esta pergunta parece um tanto tendenciosa, mas que faz muito sentido se pensarmos no que foi feito ou [&hellip;]","og_url":"https:\/\/jornalfatosenoticias.com.br\/index.php\/2023\/02\/09\/aperte-o-cinto-brasil-o-piloto\/","og_site_name":"Jornal Fatos e Not\u00edcias","article_published_time":"2023-02-09T15:19:20+00:00","article_modified_time":"2023-02-09T15:19:21+00:00","og_image":[{"width":1000,"height":562,"url":"https:\/\/jornalfatosenoticias.com.br\/wp-content\/uploads\/2023\/02\/fuga-de-capital-510.jpg","type":"image\/jpeg"}],"author":"Haroldo Filho","twitter_card":"summary_large_image","twitter_misc":{"Escrito por":"Haroldo Filho","Est. tempo de leitura":"4 minutos"},"schema":{"@context":"https:\/\/schema.org","@graph":[{"@type":"Article","@id":"https:\/\/jornalfatosenoticias.com.br\/index.php\/2023\/02\/09\/aperte-o-cinto-brasil-o-piloto\/#article","isPartOf":{"@id":"https:\/\/jornalfatosenoticias.com.br\/index.php\/2023\/02\/09\/aperte-o-cinto-brasil-o-piloto\/"},"author":{"name":"Haroldo Filho","@id":"https:\/\/jornalfatosenoticias.com.br\/#\/schema\/person\/05c46cc25b42a5c27e004fb0fa6b4965"},"headline":"Aperte o cinto Brasil, o piloto&#8230;","datePublished":"2023-02-09T15:19:20+00:00","dateModified":"2023-02-09T15:19:21+00:00","mainEntityOfPage":{"@id":"https:\/\/jornalfatosenoticias.com.br\/index.php\/2023\/02\/09\/aperte-o-cinto-brasil-o-piloto\/"},"wordCount":804,"commentCount":0,"publisher":{"@id":"https:\/\/jornalfatosenoticias.com.br\/#organization"},"image":{"@id":"https:\/\/jornalfatosenoticias.com.br\/index.php\/2023\/02\/09\/aperte-o-cinto-brasil-o-piloto\/#primaryimage"},"thumbnailUrl":"https:\/\/jornalfatosenoticias.com.br\/wp-content\/uploads\/2023\/02\/fuga-de-capital-510.jpg","keywords":["desgoverno","fuga de capital","pobreza","pol\u00edtica econ\u00f4mica"],"articleSection":["Pol\u00edtica"],"inLanguage":"pt-BR","potentialAction":[{"@type":"CommentAction","name":"Comment","target":["https:\/\/jornalfatosenoticias.com.br\/index.php\/2023\/02\/09\/aperte-o-cinto-brasil-o-piloto\/#respond"]}]},{"@type":"WebPage","@id":"https:\/\/jornalfatosenoticias.com.br\/index.php\/2023\/02\/09\/aperte-o-cinto-brasil-o-piloto\/","url":"https:\/\/jornalfatosenoticias.com.br\/index.php\/2023\/02\/09\/aperte-o-cinto-brasil-o-piloto\/","name":"Aperte o cinto Brasil, o piloto... - Jornal Fatos e Not\u00edcias","isPartOf":{"@id":"https:\/\/jornalfatosenoticias.com.br\/#website"},"primaryImageOfPage":{"@id":"https:\/\/jornalfatosenoticias.com.br\/index.php\/2023\/02\/09\/aperte-o-cinto-brasil-o-piloto\/#primaryimage"},"image":{"@id":"https:\/\/jornalfatosenoticias.com.br\/index.php\/2023\/02\/09\/aperte-o-cinto-brasil-o-piloto\/#primaryimage"},"thumbnailUrl":"https:\/\/jornalfatosenoticias.com.br\/wp-content\/uploads\/2023\/02\/fuga-de-capital-510.jpg","datePublished":"2023-02-09T15:19:20+00:00","dateModified":"2023-02-09T15:19:21+00:00","breadcrumb":{"@id":"https:\/\/jornalfatosenoticias.com.br\/index.php\/2023\/02\/09\/aperte-o-cinto-brasil-o-piloto\/#breadcrumb"},"inLanguage":"pt-BR","potentialAction":[{"@type":"ReadAction","target":["https:\/\/jornalfatosenoticias.com.br\/index.php\/2023\/02\/09\/aperte-o-cinto-brasil-o-piloto\/"]}]},{"@type":"ImageObject","inLanguage":"pt-BR","@id":"https:\/\/jornalfatosenoticias.com.br\/index.php\/2023\/02\/09\/aperte-o-cinto-brasil-o-piloto\/#primaryimage","url":"https:\/\/jornalfatosenoticias.com.br\/wp-content\/uploads\/2023\/02\/fuga-de-capital-510.jpg","contentUrl":"https:\/\/jornalfatosenoticias.com.br\/wp-content\/uploads\/2023\/02\/fuga-de-capital-510.jpg","width":1000,"height":562},{"@type":"BreadcrumbList","@id":"https:\/\/jornalfatosenoticias.com.br\/index.php\/2023\/02\/09\/aperte-o-cinto-brasil-o-piloto\/#breadcrumb","itemListElement":[{"@type":"ListItem","position":1,"name":"In\u00edcio","item":"https:\/\/jornalfatosenoticias.com.br\/"},{"@type":"ListItem","position":2,"name":"Aperte o cinto Brasil, o piloto&#8230;"}]},{"@type":"WebSite","@id":"https:\/\/jornalfatosenoticias.com.br\/#website","url":"https:\/\/jornalfatosenoticias.com.br\/","name":"Jornal Fatos e Not\u00edcias","description":"Not\u00edcias em geral","publisher":{"@id":"https:\/\/jornalfatosenoticias.com.br\/#organization"},"potentialAction":[{"@type":"SearchAction","target":{"@type":"EntryPoint","urlTemplate":"https:\/\/jornalfatosenoticias.com.br\/?s={search_term_string}"},"query-input":{"@type":"PropertyValueSpecification","valueRequired":true,"valueName":"search_term_string"}}],"inLanguage":"pt-BR"},{"@type":"Organization","@id":"https:\/\/jornalfatosenoticias.com.br\/#organization","name":"Jornal Fatos e Not\u00edcias","url":"https:\/\/jornalfatosenoticias.com.br\/","logo":{"@type":"ImageObject","inLanguage":"pt-BR","@id":"https:\/\/jornalfatosenoticias.com.br\/#\/schema\/logo\/image\/","url":"https:\/\/jornalfatosenoticias.com.br\/wp-content\/uploads\/2020\/02\/logo120.png","contentUrl":"https:\/\/jornalfatosenoticias.com.br\/wp-content\/uploads\/2020\/02\/logo120.png","width":1227,"height":120,"caption":"Jornal Fatos e Not\u00edcias"},"image":{"@id":"https:\/\/jornalfatosenoticias.com.br\/#\/schema\/logo\/image\/"}},{"@type":"Person","@id":"https:\/\/jornalfatosenoticias.com.br\/#\/schema\/person\/05c46cc25b42a5c27e004fb0fa6b4965","name":"Haroldo Filho","image":{"@type":"ImageObject","inLanguage":"pt-BR","@id":"https:\/\/jornalfatosenoticias.com.br\/#\/schema\/person\/image\/","url":"https:\/\/jornalfatosenoticias.com.br\/wp-content\/uploads\/2025\/08\/WhatsApp-Image-2025-08-18-at-15.30.28-150x150.jpeg","contentUrl":"https:\/\/jornalfatosenoticias.com.br\/wp-content\/uploads\/2025\/08\/WhatsApp-Image-2025-08-18-at-15.30.28-150x150.jpeg","caption":"Haroldo Filho"},"description":"Jornalista \u2013 DRT: 0003818\/ES Coordenador-geral da ONG Educar para Crescer","url":"https:\/\/jornalfatosenoticias.com.br\/index.php\/author\/haroldo\/"}]}},"cc_featured_image_caption":{"caption_text":"(Foto: Jornal O Impacto)\r\n","source_text":"","source_url":""},"jetpack_featured_media_url":"https:\/\/jornalfatosenoticias.com.br\/wp-content\/uploads\/2023\/02\/fuga-de-capital-510.jpg","_links":{"self":[{"href":"https:\/\/jornalfatosenoticias.com.br\/index.php\/wp-json\/wp\/v2\/posts\/38620","targetHints":{"allow":["GET"]}}],"collection":[{"href":"https:\/\/jornalfatosenoticias.com.br\/index.php\/wp-json\/wp\/v2\/posts"}],"about":[{"href":"https:\/\/jornalfatosenoticias.com.br\/index.php\/wp-json\/wp\/v2\/types\/post"}],"author":[{"embeddable":true,"href":"https:\/\/jornalfatosenoticias.com.br\/index.php\/wp-json\/wp\/v2\/users\/3"}],"replies":[{"embeddable":true,"href":"https:\/\/jornalfatosenoticias.com.br\/index.php\/wp-json\/wp\/v2\/comments?post=38620"}],"version-history":[{"count":0,"href":"https:\/\/jornalfatosenoticias.com.br\/index.php\/wp-json\/wp\/v2\/posts\/38620\/revisions"}],"wp:featuredmedia":[{"embeddable":true,"href":"https:\/\/jornalfatosenoticias.com.br\/index.php\/wp-json\/wp\/v2\/media\/38622"}],"wp:attachment":[{"href":"https:\/\/jornalfatosenoticias.com.br\/index.php\/wp-json\/wp\/v2\/media?parent=38620"}],"wp:term":[{"taxonomy":"category","embeddable":true,"href":"https:\/\/jornalfatosenoticias.com.br\/index.php\/wp-json\/wp\/v2\/categories?post=38620"},{"taxonomy":"post_tag","embeddable":true,"href":"https:\/\/jornalfatosenoticias.com.br\/index.php\/wp-json\/wp\/v2\/tags?post=38620"}],"curies":[{"name":"wp","href":"https:\/\/api.w.org\/{rel}","templated":true}]}}