{"id":38624,"date":"2023-02-09T12:30:30","date_gmt":"2023-02-09T15:30:30","guid":{"rendered":"https:\/\/jornalfatosenoticias.com.br\/?p=38624"},"modified":"2023-02-09T12:30:31","modified_gmt":"2023-02-09T15:30:31","slug":"novas-especies-incomuns-de-serpente-sao-encontradas-em-area-ameacada-do-panama","status":"publish","type":"post","link":"https:\/\/jornalfatosenoticias.com.br\/index.php\/2023\/02\/09\/novas-especies-incomuns-de-serpente-sao-encontradas-em-area-ameacada-do-panama\/","title":{"rendered":"Novas esp\u00e9cies &#8216;incomuns&#8217; de serpente s\u00e3o encontradas em \u00e1rea amea\u00e7ada do Panam\u00e1"},"content":{"rendered":"\n<p><em><span class=\"has-inline-color has-black-color\">Ao todo, cinco novas esp\u00e9cies de serpente, de cor e olhos incomuns, foram descobertas nas selvas da Am\u00e9rica Central e do Sul<\/span><\/em><\/p>\n\n\n\n<div class=\"wp-block-image\"><figure class=\"aligncenter size-large\"><img loading=\"lazy\" decoding=\"async\" width=\"1024\" height=\"110\" src=\"https:\/\/jornalfatosenoticias.com.br\/wp-content\/uploads\/2022\/10\/Arte-jornal-Zucchi-1120x120_Prancheta-1-1024x110.jpg\" alt=\"\" class=\"wp-image-34772\" srcset=\"https:\/\/jornalfatosenoticias.com.br\/wp-content\/uploads\/2022\/10\/Arte-jornal-Zucchi-1120x120_Prancheta-1-1024x110.jpg 1024w, https:\/\/jornalfatosenoticias.com.br\/wp-content\/uploads\/2022\/10\/Arte-jornal-Zucchi-1120x120_Prancheta-1-300x32.jpg 300w, https:\/\/jornalfatosenoticias.com.br\/wp-content\/uploads\/2022\/10\/Arte-jornal-Zucchi-1120x120_Prancheta-1-768x82.jpg 768w, https:\/\/jornalfatosenoticias.com.br\/wp-content\/uploads\/2022\/10\/Arte-jornal-Zucchi-1120x120_Prancheta-1-1536x165.jpg 1536w, https:\/\/jornalfatosenoticias.com.br\/wp-content\/uploads\/2022\/10\/Arte-jornal-Zucchi-1120x120_Prancheta-1-2048x219.jpg 2048w\" sizes=\"auto, (max-width: 1024px) 100vw, 1024px\" \/><\/figure><\/div>\n\n\n\n<p>Uma delas, que habita os matagais das florestas do Panam\u00e1, \u00e9 de cor alaranjada e tem os olhos avermelhados, segundo o comunicado emitido por Alejandro Arteaga, autor principal do <a href=\"https:\/\/www.eurekalert.org\/news-releases\/977928\" target=\"_blank\" rel=\"noreferrer noopener\">estudo<\/a>, presidente e diretor de pesquisa da Funda\u00e7\u00e3o Khamai.<\/p>\n\n\n\n<div class=\"wp-block-image\"><figure class=\"aligncenter size-large\"><img loading=\"lazy\" decoding=\"async\" width=\"300\" height=\"300\" src=\"https:\/\/jornalfatosenoticias.com.br\/wp-content\/uploads\/2020\/02\/casa-do-torresmo_portal.jpg\" alt=\"\" class=\"wp-image-34472\" srcset=\"https:\/\/jornalfatosenoticias.com.br\/wp-content\/uploads\/2020\/02\/casa-do-torresmo_portal.jpg 300w, https:\/\/jornalfatosenoticias.com.br\/wp-content\/uploads\/2020\/02\/casa-do-torresmo_portal-150x150.jpg 150w\" sizes=\"auto, (max-width: 300px) 100vw, 300px\" \/><\/figure><\/div>\n\n\n\n<p>A serpente costuma <a href=\"https:\/\/sputniknewsbrasil.com.br\/20230205\/marcas-de-ursos-gigantes-descobertas-em-caverna-na-espanha-abrem-portal-pre-historico-foto-27403070.html\" target=\"_blank\" rel=\"noreferrer noopener\">ca\u00e7ar e se alimentar de carac\u00f3is<\/a> e n\u00e3o \u00e9 perigosa para os humanos. Al\u00e9m disso, esta serpente,<strong> de 38 cent\u00edmetros,<\/strong> passa a maior parte do tempo em \u00e1rvores, a tr\u00eas metros de altura, e se protege dos predadores emitindo um odor desagrad\u00e1vel.<\/p>\n\n\n\n<div class=\"wp-block-image\"><figure class=\"aligncenter size-large\"><img loading=\"lazy\" decoding=\"async\" width=\"560\" height=\"60\" src=\"https:\/\/jornalfatosenoticias.com.br\/wp-content\/uploads\/2022\/10\/Propaganda-RC-Radiadores-Jornal_page-0001.jpg\" alt=\"\" class=\"wp-image-35270\" srcset=\"https:\/\/jornalfatosenoticias.com.br\/wp-content\/uploads\/2022\/10\/Propaganda-RC-Radiadores-Jornal_page-0001.jpg 560w, https:\/\/jornalfatosenoticias.com.br\/wp-content\/uploads\/2022\/10\/Propaganda-RC-Radiadores-Jornal_page-0001-300x32.jpg 300w\" sizes=\"auto, (max-width: 560px) 100vw, 560px\" \/><\/figure><\/div>\n\n\n\n<div class=\"wp-block-image\"><figure class=\"aligncenter size-large\"><img loading=\"lazy\" decoding=\"async\" width=\"1000\" height=\"639\" src=\"https:\/\/jornalfatosenoticias.com.br\/wp-content\/uploads\/2023\/02\/Novas-especies-incomuns-de-serpente2.jpg\" alt=\"\" class=\"wp-image-38625\" srcset=\"https:\/\/jornalfatosenoticias.com.br\/wp-content\/uploads\/2023\/02\/Novas-especies-incomuns-de-serpente2.jpg 1000w, https:\/\/jornalfatosenoticias.com.br\/wp-content\/uploads\/2023\/02\/Novas-especies-incomuns-de-serpente2-300x192.jpg 300w, https:\/\/jornalfatosenoticias.com.br\/wp-content\/uploads\/2023\/02\/Novas-especies-incomuns-de-serpente2-768x491.jpg 768w\" sizes=\"auto, (max-width: 1000px) 100vw, 1000px\" \/><figcaption><em><span class=\"has-inline-color has-black-color\">Novas esp\u00e9cies &#8220;incomuns&#8221; de serpente s\u00e3o encontradas em \u00e1rea amea\u00e7ada do Panam\u00e1 (Foto: ODbL 1.0)<\/span><\/em><\/figcaption><\/figure><\/div>\n\n\n\n<div class=\"wp-block-image\"><figure class=\"aligncenter size-large\"><img decoding=\"async\" src=\"https:\/\/jornalfatosenoticias.com.br\/wp-content\/uploads\/2020\/02\/barao-das-carnes-300x164-1.jpg\" alt=\"\" class=\"wp-image-34339\"\/><\/figure><\/div>\n\n\n\n<p>As cinco <a href=\"https:\/\/sputniknewsbrasil.com.br\/20230204\/descobrem-trecho-subterraneo-desconhecido-de-aqueduto-romano-na-italia-fotos-27391929.html\" target=\"_blank\" rel=\"noreferrer noopener\">esp\u00e9cies rec\u00e9m-descobertas<\/a> s\u00e3o Sibon irmelindicaprioae, Sibon canopy, Sibon marleyae, Sibon vieirai e a Dipsas welborni, segundo o estudo. Apesar da descoberta, os pesquisadores revelaram que estas serpentes vivem em uma \u00e1rea amea\u00e7ada pela minera\u00e7\u00e3o, o que <a href=\"https:\/\/sputniknewsbrasil.com.br\/20230203\/pedras-semipreciosas-de-1800-anos-sao-descobertas-em-termas-romanas-no-reino-unido-fotos-27371105.html\" target=\"_blank\" rel=\"noreferrer noopener\">coloca os animais em perigo<\/a>.<\/p>\n\n\n\n<div class=\"wp-block-image\"><figure class=\"aligncenter size-large\"><img decoding=\"async\" src=\"https:\/\/jornalfatosenoticias.com.br\/wp-content\/uploads\/2020\/02\/logo_esteio.jpg\" alt=\"\" class=\"wp-image-1214\"\/><\/figure><\/div>\n\n\n\n<figure class=\"wp-block-pullquote\"><blockquote><p><span class=\"has-inline-color has-luminous-vivid-orange-color\">Estas novas esp\u00e9cies de cobras s\u00e3o apenas <strong>a ponta do iceberg em termos de descoberta <\/strong>de novas esp\u00e9cies na regi\u00e3o [\u2026] Mas se a minera\u00e7\u00e3o ilegal continuar neste ritmo, pode n\u00e3o haver chance de fazer descobertas no futuro&#8221;, afirmou Arteaga.<\/span><\/p><\/blockquote><\/figure>\n\n\n\n<div class=\"wp-block-image\"><figure class=\"aligncenter size-large\"><img loading=\"lazy\" decoding=\"async\" width=\"729\" height=\"90\" src=\"https:\/\/jornalfatosenoticias.com.br\/wp-content\/uploads\/2020\/02\/Logo_Mizu.png\" alt=\"\" class=\"wp-image-1441\" srcset=\"https:\/\/jornalfatosenoticias.com.br\/wp-content\/uploads\/2020\/02\/Logo_Mizu.png 729w, https:\/\/jornalfatosenoticias.com.br\/wp-content\/uploads\/2020\/02\/Logo_Mizu-300x37.png 300w\" sizes=\"auto, (max-width: 729px) 100vw, 729px\" \/><\/figure><\/div>\n\n\n\n<p><strong><em>Fonte: <a href=\"https:\/\/sputniknewsbrasil.com.br\/20230205\/novas-especies-incomuns-de-serpente-sao-encontradas-em-area-ameacada-do-panama-foto-27403973.html\">Sputnik News Brasil<\/a><\/em><\/strong><\/p>\n","protected":false},"excerpt":{"rendered":"<p>Ao todo, cinco novas esp\u00e9cies de serpente, de cor e olhos incomuns, foram descobertas nas selvas da Am\u00e9rica Central e do Sul Uma delas, que habita os matagais das florestas do Panam\u00e1, \u00e9 de cor alaranjada e tem os olhos avermelhados, segundo o comunicado emitido por Alejandro Arteaga, autor principal do estudo, presidente e diretor [&hellip;]<\/p>\n","protected":false},"author":2,"featured_media":38626,"comment_status":"open","ping_status":"open","sticky":false,"template":"","format":"standard","meta":{"footnotes":""},"categories":[8],"tags":[18069,166,1666,524,714,18070,193,7719],"class_list":["post-38624","post","type-post","status-publish","format-standard","has-post-thumbnail","hentry","category-meio-ambiente","tag-area-ameacada","tag-ciencia","tag-descoberta","tag-especies","tag-estudo","tag-novas-especies-de-serpente","tag-panama","tag-serpentes"],"yoast_head":"<!-- This site is optimized with the Yoast SEO plugin v26.5 - https:\/\/yoast.com\/wordpress\/plugins\/seo\/ -->\n<title>Novas esp\u00e9cies &#039;incomuns&#039; de serpente s\u00e3o encontradas em \u00e1rea amea\u00e7ada do Panam\u00e1 - Jornal Fatos e Not\u00edcias<\/title>\n<meta name=\"robots\" content=\"index, follow, max-snippet:-1, max-image-preview:large, max-video-preview:-1\" \/>\n<link rel=\"canonical\" href=\"https:\/\/jornalfatosenoticias.com.br\/index.php\/2023\/02\/09\/novas-especies-incomuns-de-serpente-sao-encontradas-em-area-ameacada-do-panama\/\" \/>\n<meta property=\"og:locale\" content=\"pt_BR\" \/>\n<meta property=\"og:type\" content=\"article\" \/>\n<meta property=\"og:title\" content=\"Novas esp\u00e9cies &#039;incomuns&#039; de serpente s\u00e3o encontradas em \u00e1rea amea\u00e7ada do Panam\u00e1 - Jornal Fatos e Not\u00edcias\" \/>\n<meta property=\"og:description\" content=\"Ao todo, cinco novas esp\u00e9cies de serpente, de cor e olhos incomuns, foram descobertas nas selvas da Am\u00e9rica Central e do Sul Uma delas, que habita os matagais das florestas do Panam\u00e1, \u00e9 de cor alaranjada e tem os olhos avermelhados, segundo o comunicado emitido por Alejandro Arteaga, autor principal do estudo, presidente e diretor [&hellip;]\" \/>\n<meta property=\"og:url\" content=\"https:\/\/jornalfatosenoticias.com.br\/index.php\/2023\/02\/09\/novas-especies-incomuns-de-serpente-sao-encontradas-em-area-ameacada-do-panama\/\" \/>\n<meta property=\"og:site_name\" content=\"Jornal Fatos e Not\u00edcias\" \/>\n<meta property=\"article:published_time\" content=\"2023-02-09T15:30:30+00:00\" \/>\n<meta property=\"article:modified_time\" content=\"2023-02-09T15:30:31+00:00\" \/>\n<meta property=\"og:image\" content=\"https:\/\/jornalfatosenoticias.com.br\/wp-content\/uploads\/2023\/02\/Novas-especies-incomuns-de-serpente.jpg\" \/>\n\t<meta property=\"og:image:width\" content=\"1000\" \/>\n\t<meta property=\"og:image:height\" content=\"669\" \/>\n\t<meta property=\"og:image:type\" content=\"image\/jpeg\" \/>\n<meta name=\"author\" content=\"Luzimara Fernandes\" \/>\n<meta name=\"twitter:card\" content=\"summary_large_image\" \/>\n<meta name=\"twitter:label1\" content=\"Escrito por\" \/>\n\t<meta name=\"twitter:data1\" content=\"Luzimara Fernandes\" \/>\n\t<meta name=\"twitter:label2\" content=\"Est. tempo de leitura\" \/>\n\t<meta name=\"twitter:data2\" content=\"1 minuto\" \/>\n<script type=\"application\/ld+json\" class=\"yoast-schema-graph\">{\"@context\":\"https:\/\/schema.org\",\"@graph\":[{\"@type\":\"Article\",\"@id\":\"https:\/\/jornalfatosenoticias.com.br\/index.php\/2023\/02\/09\/novas-especies-incomuns-de-serpente-sao-encontradas-em-area-ameacada-do-panama\/#article\",\"isPartOf\":{\"@id\":\"https:\/\/jornalfatosenoticias.com.br\/index.php\/2023\/02\/09\/novas-especies-incomuns-de-serpente-sao-encontradas-em-area-ameacada-do-panama\/\"},\"author\":{\"name\":\"Luzimara Fernandes\",\"@id\":\"https:\/\/jornalfatosenoticias.com.br\/#\/schema\/person\/d63837fa13ac8666eb9e74e0985d6f81\"},\"headline\":\"Novas esp\u00e9cies &#8216;incomuns&#8217; de serpente s\u00e3o encontradas em \u00e1rea amea\u00e7ada do Panam\u00e1\",\"datePublished\":\"2023-02-09T15:30:30+00:00\",\"dateModified\":\"2023-02-09T15:30:31+00:00\",\"mainEntityOfPage\":{\"@id\":\"https:\/\/jornalfatosenoticias.com.br\/index.php\/2023\/02\/09\/novas-especies-incomuns-de-serpente-sao-encontradas-em-area-ameacada-do-panama\/\"},\"wordCount\":241,\"commentCount\":0,\"publisher\":{\"@id\":\"https:\/\/jornalfatosenoticias.com.br\/#organization\"},\"image\":{\"@id\":\"https:\/\/jornalfatosenoticias.com.br\/index.php\/2023\/02\/09\/novas-especies-incomuns-de-serpente-sao-encontradas-em-area-ameacada-do-panama\/#primaryimage\"},\"thumbnailUrl\":\"https:\/\/jornalfatosenoticias.com.br\/wp-content\/uploads\/2023\/02\/Novas-especies-incomuns-de-serpente.jpg\",\"keywords\":[\"\u00e1rea amea\u00e7ada\",\"ci\u00eancia\",\"descoberta\",\"esp\u00e9cies\",\"Estudo\",\"novas esp\u00e9cies de serpente\",\"panam\u00e1\",\"serpentes\"],\"articleSection\":[\"Meio ambiente\"],\"inLanguage\":\"pt-BR\",\"potentialAction\":[{\"@type\":\"CommentAction\",\"name\":\"Comment\",\"target\":[\"https:\/\/jornalfatosenoticias.com.br\/index.php\/2023\/02\/09\/novas-especies-incomuns-de-serpente-sao-encontradas-em-area-ameacada-do-panama\/#respond\"]}]},{\"@type\":\"WebPage\",\"@id\":\"https:\/\/jornalfatosenoticias.com.br\/index.php\/2023\/02\/09\/novas-especies-incomuns-de-serpente-sao-encontradas-em-area-ameacada-do-panama\/\",\"url\":\"https:\/\/jornalfatosenoticias.com.br\/index.php\/2023\/02\/09\/novas-especies-incomuns-de-serpente-sao-encontradas-em-area-ameacada-do-panama\/\",\"name\":\"Novas esp\u00e9cies 'incomuns' de serpente s\u00e3o encontradas em \u00e1rea amea\u00e7ada do Panam\u00e1 - Jornal Fatos e Not\u00edcias\",\"isPartOf\":{\"@id\":\"https:\/\/jornalfatosenoticias.com.br\/#website\"},\"primaryImageOfPage\":{\"@id\":\"https:\/\/jornalfatosenoticias.com.br\/index.php\/2023\/02\/09\/novas-especies-incomuns-de-serpente-sao-encontradas-em-area-ameacada-do-panama\/#primaryimage\"},\"image\":{\"@id\":\"https:\/\/jornalfatosenoticias.com.br\/index.php\/2023\/02\/09\/novas-especies-incomuns-de-serpente-sao-encontradas-em-area-ameacada-do-panama\/#primaryimage\"},\"thumbnailUrl\":\"https:\/\/jornalfatosenoticias.com.br\/wp-content\/uploads\/2023\/02\/Novas-especies-incomuns-de-serpente.jpg\",\"datePublished\":\"2023-02-09T15:30:30+00:00\",\"dateModified\":\"2023-02-09T15:30:31+00:00\",\"breadcrumb\":{\"@id\":\"https:\/\/jornalfatosenoticias.com.br\/index.php\/2023\/02\/09\/novas-especies-incomuns-de-serpente-sao-encontradas-em-area-ameacada-do-panama\/#breadcrumb\"},\"inLanguage\":\"pt-BR\",\"potentialAction\":[{\"@type\":\"ReadAction\",\"target\":[\"https:\/\/jornalfatosenoticias.com.br\/index.php\/2023\/02\/09\/novas-especies-incomuns-de-serpente-sao-encontradas-em-area-ameacada-do-panama\/\"]}]},{\"@type\":\"ImageObject\",\"inLanguage\":\"pt-BR\",\"@id\":\"https:\/\/jornalfatosenoticias.com.br\/index.php\/2023\/02\/09\/novas-especies-incomuns-de-serpente-sao-encontradas-em-area-ameacada-do-panama\/#primaryimage\",\"url\":\"https:\/\/jornalfatosenoticias.com.br\/wp-content\/uploads\/2023\/02\/Novas-especies-incomuns-de-serpente.jpg\",\"contentUrl\":\"https:\/\/jornalfatosenoticias.com.br\/wp-content\/uploads\/2023\/02\/Novas-especies-incomuns-de-serpente.jpg\",\"width\":1000,\"height\":669},{\"@type\":\"BreadcrumbList\",\"@id\":\"https:\/\/jornalfatosenoticias.com.br\/index.php\/2023\/02\/09\/novas-especies-incomuns-de-serpente-sao-encontradas-em-area-ameacada-do-panama\/#breadcrumb\",\"itemListElement\":[{\"@type\":\"ListItem\",\"position\":1,\"name\":\"In\u00edcio\",\"item\":\"https:\/\/jornalfatosenoticias.com.br\/\"},{\"@type\":\"ListItem\",\"position\":2,\"name\":\"Novas esp\u00e9cies &#8216;incomuns&#8217; de serpente s\u00e3o encontradas em \u00e1rea amea\u00e7ada do Panam\u00e1\"}]},{\"@type\":\"WebSite\",\"@id\":\"https:\/\/jornalfatosenoticias.com.br\/#website\",\"url\":\"https:\/\/jornalfatosenoticias.com.br\/\",\"name\":\"Jornal Fatos e Not\u00edcias\",\"description\":\"Not\u00edcias em geral\",\"publisher\":{\"@id\":\"https:\/\/jornalfatosenoticias.com.br\/#organization\"},\"potentialAction\":[{\"@type\":\"SearchAction\",\"target\":{\"@type\":\"EntryPoint\",\"urlTemplate\":\"https:\/\/jornalfatosenoticias.com.br\/?s={search_term_string}\"},\"query-input\":{\"@type\":\"PropertyValueSpecification\",\"valueRequired\":true,\"valueName\":\"search_term_string\"}}],\"inLanguage\":\"pt-BR\"},{\"@type\":\"Organization\",\"@id\":\"https:\/\/jornalfatosenoticias.com.br\/#organization\",\"name\":\"Jornal Fatos e Not\u00edcias\",\"url\":\"https:\/\/jornalfatosenoticias.com.br\/\",\"logo\":{\"@type\":\"ImageObject\",\"inLanguage\":\"pt-BR\",\"@id\":\"https:\/\/jornalfatosenoticias.com.br\/#\/schema\/logo\/image\/\",\"url\":\"https:\/\/jornalfatosenoticias.com.br\/wp-content\/uploads\/2020\/02\/logo120.png\",\"contentUrl\":\"https:\/\/jornalfatosenoticias.com.br\/wp-content\/uploads\/2020\/02\/logo120.png\",\"width\":1227,\"height\":120,\"caption\":\"Jornal Fatos e Not\u00edcias\"},\"image\":{\"@id\":\"https:\/\/jornalfatosenoticias.com.br\/#\/schema\/logo\/image\/\"}},{\"@type\":\"Person\",\"@id\":\"https:\/\/jornalfatosenoticias.com.br\/#\/schema\/person\/d63837fa13ac8666eb9e74e0985d6f81\",\"name\":\"Luzimara Fernandes\",\"image\":{\"@type\":\"ImageObject\",\"inLanguage\":\"pt-BR\",\"@id\":\"https:\/\/jornalfatosenoticias.com.br\/#\/schema\/person\/image\/\",\"url\":\"https:\/\/jornalfatosenoticias.com.br\/wp-content\/uploads\/2025\/05\/EU_portal.jpg\",\"contentUrl\":\"https:\/\/jornalfatosenoticias.com.br\/wp-content\/uploads\/2025\/05\/EU_portal.jpg\",\"caption\":\"Luzimara Fernandes\"},\"description\":\"Jornalista MTB 2358-ES\",\"sameAs\":[\"https:\/\/jornalfatosenoticias.com.br\"],\"url\":\"https:\/\/jornalfatosenoticias.com.br\/index.php\/author\/luzimara\/\"}]}<\/script>\n<!-- \/ Yoast SEO plugin. -->","yoast_head_json":{"title":"Novas esp\u00e9cies 'incomuns' de serpente s\u00e3o encontradas em \u00e1rea amea\u00e7ada do Panam\u00e1 - Jornal Fatos e Not\u00edcias","robots":{"index":"index","follow":"follow","max-snippet":"max-snippet:-1","max-image-preview":"max-image-preview:large","max-video-preview":"max-video-preview:-1"},"canonical":"https:\/\/jornalfatosenoticias.com.br\/index.php\/2023\/02\/09\/novas-especies-incomuns-de-serpente-sao-encontradas-em-area-ameacada-do-panama\/","og_locale":"pt_BR","og_type":"article","og_title":"Novas esp\u00e9cies 'incomuns' de serpente s\u00e3o encontradas em \u00e1rea amea\u00e7ada do Panam\u00e1 - Jornal Fatos e Not\u00edcias","og_description":"Ao todo, cinco novas esp\u00e9cies de serpente, de cor e olhos incomuns, foram descobertas nas selvas da Am\u00e9rica Central e do Sul Uma delas, que habita os matagais das florestas do Panam\u00e1, \u00e9 de cor alaranjada e tem os olhos avermelhados, segundo o comunicado emitido por Alejandro Arteaga, autor principal do estudo, presidente e diretor [&hellip;]","og_url":"https:\/\/jornalfatosenoticias.com.br\/index.php\/2023\/02\/09\/novas-especies-incomuns-de-serpente-sao-encontradas-em-area-ameacada-do-panama\/","og_site_name":"Jornal Fatos e Not\u00edcias","article_published_time":"2023-02-09T15:30:30+00:00","article_modified_time":"2023-02-09T15:30:31+00:00","og_image":[{"width":1000,"height":669,"url":"https:\/\/jornalfatosenoticias.com.br\/wp-content\/uploads\/2023\/02\/Novas-especies-incomuns-de-serpente.jpg","type":"image\/jpeg"}],"author":"Luzimara Fernandes","twitter_card":"summary_large_image","twitter_misc":{"Escrito por":"Luzimara Fernandes","Est. tempo de leitura":"1 minuto"},"schema":{"@context":"https:\/\/schema.org","@graph":[{"@type":"Article","@id":"https:\/\/jornalfatosenoticias.com.br\/index.php\/2023\/02\/09\/novas-especies-incomuns-de-serpente-sao-encontradas-em-area-ameacada-do-panama\/#article","isPartOf":{"@id":"https:\/\/jornalfatosenoticias.com.br\/index.php\/2023\/02\/09\/novas-especies-incomuns-de-serpente-sao-encontradas-em-area-ameacada-do-panama\/"},"author":{"name":"Luzimara Fernandes","@id":"https:\/\/jornalfatosenoticias.com.br\/#\/schema\/person\/d63837fa13ac8666eb9e74e0985d6f81"},"headline":"Novas esp\u00e9cies &#8216;incomuns&#8217; de serpente s\u00e3o encontradas em \u00e1rea amea\u00e7ada do Panam\u00e1","datePublished":"2023-02-09T15:30:30+00:00","dateModified":"2023-02-09T15:30:31+00:00","mainEntityOfPage":{"@id":"https:\/\/jornalfatosenoticias.com.br\/index.php\/2023\/02\/09\/novas-especies-incomuns-de-serpente-sao-encontradas-em-area-ameacada-do-panama\/"},"wordCount":241,"commentCount":0,"publisher":{"@id":"https:\/\/jornalfatosenoticias.com.br\/#organization"},"image":{"@id":"https:\/\/jornalfatosenoticias.com.br\/index.php\/2023\/02\/09\/novas-especies-incomuns-de-serpente-sao-encontradas-em-area-ameacada-do-panama\/#primaryimage"},"thumbnailUrl":"https:\/\/jornalfatosenoticias.com.br\/wp-content\/uploads\/2023\/02\/Novas-especies-incomuns-de-serpente.jpg","keywords":["\u00e1rea amea\u00e7ada","ci\u00eancia","descoberta","esp\u00e9cies","Estudo","novas esp\u00e9cies de serpente","panam\u00e1","serpentes"],"articleSection":["Meio ambiente"],"inLanguage":"pt-BR","potentialAction":[{"@type":"CommentAction","name":"Comment","target":["https:\/\/jornalfatosenoticias.com.br\/index.php\/2023\/02\/09\/novas-especies-incomuns-de-serpente-sao-encontradas-em-area-ameacada-do-panama\/#respond"]}]},{"@type":"WebPage","@id":"https:\/\/jornalfatosenoticias.com.br\/index.php\/2023\/02\/09\/novas-especies-incomuns-de-serpente-sao-encontradas-em-area-ameacada-do-panama\/","url":"https:\/\/jornalfatosenoticias.com.br\/index.php\/2023\/02\/09\/novas-especies-incomuns-de-serpente-sao-encontradas-em-area-ameacada-do-panama\/","name":"Novas esp\u00e9cies 'incomuns' de serpente s\u00e3o encontradas em \u00e1rea amea\u00e7ada do Panam\u00e1 - Jornal Fatos e Not\u00edcias","isPartOf":{"@id":"https:\/\/jornalfatosenoticias.com.br\/#website"},"primaryImageOfPage":{"@id":"https:\/\/jornalfatosenoticias.com.br\/index.php\/2023\/02\/09\/novas-especies-incomuns-de-serpente-sao-encontradas-em-area-ameacada-do-panama\/#primaryimage"},"image":{"@id":"https:\/\/jornalfatosenoticias.com.br\/index.php\/2023\/02\/09\/novas-especies-incomuns-de-serpente-sao-encontradas-em-area-ameacada-do-panama\/#primaryimage"},"thumbnailUrl":"https:\/\/jornalfatosenoticias.com.br\/wp-content\/uploads\/2023\/02\/Novas-especies-incomuns-de-serpente.jpg","datePublished":"2023-02-09T15:30:30+00:00","dateModified":"2023-02-09T15:30:31+00:00","breadcrumb":{"@id":"https:\/\/jornalfatosenoticias.com.br\/index.php\/2023\/02\/09\/novas-especies-incomuns-de-serpente-sao-encontradas-em-area-ameacada-do-panama\/#breadcrumb"},"inLanguage":"pt-BR","potentialAction":[{"@type":"ReadAction","target":["https:\/\/jornalfatosenoticias.com.br\/index.php\/2023\/02\/09\/novas-especies-incomuns-de-serpente-sao-encontradas-em-area-ameacada-do-panama\/"]}]},{"@type":"ImageObject","inLanguage":"pt-BR","@id":"https:\/\/jornalfatosenoticias.com.br\/index.php\/2023\/02\/09\/novas-especies-incomuns-de-serpente-sao-encontradas-em-area-ameacada-do-panama\/#primaryimage","url":"https:\/\/jornalfatosenoticias.com.br\/wp-content\/uploads\/2023\/02\/Novas-especies-incomuns-de-serpente.jpg","contentUrl":"https:\/\/jornalfatosenoticias.com.br\/wp-content\/uploads\/2023\/02\/Novas-especies-incomuns-de-serpente.jpg","width":1000,"height":669},{"@type":"BreadcrumbList","@id":"https:\/\/jornalfatosenoticias.com.br\/index.php\/2023\/02\/09\/novas-especies-incomuns-de-serpente-sao-encontradas-em-area-ameacada-do-panama\/#breadcrumb","itemListElement":[{"@type":"ListItem","position":1,"name":"In\u00edcio","item":"https:\/\/jornalfatosenoticias.com.br\/"},{"@type":"ListItem","position":2,"name":"Novas esp\u00e9cies &#8216;incomuns&#8217; de serpente s\u00e3o encontradas em \u00e1rea amea\u00e7ada do Panam\u00e1"}]},{"@type":"WebSite","@id":"https:\/\/jornalfatosenoticias.com.br\/#website","url":"https:\/\/jornalfatosenoticias.com.br\/","name":"Jornal Fatos e Not\u00edcias","description":"Not\u00edcias em geral","publisher":{"@id":"https:\/\/jornalfatosenoticias.com.br\/#organization"},"potentialAction":[{"@type":"SearchAction","target":{"@type":"EntryPoint","urlTemplate":"https:\/\/jornalfatosenoticias.com.br\/?s={search_term_string}"},"query-input":{"@type":"PropertyValueSpecification","valueRequired":true,"valueName":"search_term_string"}}],"inLanguage":"pt-BR"},{"@type":"Organization","@id":"https:\/\/jornalfatosenoticias.com.br\/#organization","name":"Jornal Fatos e Not\u00edcias","url":"https:\/\/jornalfatosenoticias.com.br\/","logo":{"@type":"ImageObject","inLanguage":"pt-BR","@id":"https:\/\/jornalfatosenoticias.com.br\/#\/schema\/logo\/image\/","url":"https:\/\/jornalfatosenoticias.com.br\/wp-content\/uploads\/2020\/02\/logo120.png","contentUrl":"https:\/\/jornalfatosenoticias.com.br\/wp-content\/uploads\/2020\/02\/logo120.png","width":1227,"height":120,"caption":"Jornal Fatos e Not\u00edcias"},"image":{"@id":"https:\/\/jornalfatosenoticias.com.br\/#\/schema\/logo\/image\/"}},{"@type":"Person","@id":"https:\/\/jornalfatosenoticias.com.br\/#\/schema\/person\/d63837fa13ac8666eb9e74e0985d6f81","name":"Luzimara Fernandes","image":{"@type":"ImageObject","inLanguage":"pt-BR","@id":"https:\/\/jornalfatosenoticias.com.br\/#\/schema\/person\/image\/","url":"https:\/\/jornalfatosenoticias.com.br\/wp-content\/uploads\/2025\/05\/EU_portal.jpg","contentUrl":"https:\/\/jornalfatosenoticias.com.br\/wp-content\/uploads\/2025\/05\/EU_portal.jpg","caption":"Luzimara Fernandes"},"description":"Jornalista MTB 2358-ES","sameAs":["https:\/\/jornalfatosenoticias.com.br"],"url":"https:\/\/jornalfatosenoticias.com.br\/index.php\/author\/luzimara\/"}]}},"cc_featured_image_caption":{"caption_text":"(Foto: Pixabay\/WikiImages) ","source_text":"","source_url":""},"jetpack_featured_media_url":"https:\/\/jornalfatosenoticias.com.br\/wp-content\/uploads\/2023\/02\/Novas-especies-incomuns-de-serpente.jpg","_links":{"self":[{"href":"https:\/\/jornalfatosenoticias.com.br\/index.php\/wp-json\/wp\/v2\/posts\/38624","targetHints":{"allow":["GET"]}}],"collection":[{"href":"https:\/\/jornalfatosenoticias.com.br\/index.php\/wp-json\/wp\/v2\/posts"}],"about":[{"href":"https:\/\/jornalfatosenoticias.com.br\/index.php\/wp-json\/wp\/v2\/types\/post"}],"author":[{"embeddable":true,"href":"https:\/\/jornalfatosenoticias.com.br\/index.php\/wp-json\/wp\/v2\/users\/2"}],"replies":[{"embeddable":true,"href":"https:\/\/jornalfatosenoticias.com.br\/index.php\/wp-json\/wp\/v2\/comments?post=38624"}],"version-history":[{"count":0,"href":"https:\/\/jornalfatosenoticias.com.br\/index.php\/wp-json\/wp\/v2\/posts\/38624\/revisions"}],"wp:featuredmedia":[{"embeddable":true,"href":"https:\/\/jornalfatosenoticias.com.br\/index.php\/wp-json\/wp\/v2\/media\/38626"}],"wp:attachment":[{"href":"https:\/\/jornalfatosenoticias.com.br\/index.php\/wp-json\/wp\/v2\/media?parent=38624"}],"wp:term":[{"taxonomy":"category","embeddable":true,"href":"https:\/\/jornalfatosenoticias.com.br\/index.php\/wp-json\/wp\/v2\/categories?post=38624"},{"taxonomy":"post_tag","embeddable":true,"href":"https:\/\/jornalfatosenoticias.com.br\/index.php\/wp-json\/wp\/v2\/tags?post=38624"}],"curies":[{"name":"wp","href":"https:\/\/api.w.org\/{rel}","templated":true}]}}