{"id":38633,"date":"2023-02-09T14:23:23","date_gmt":"2023-02-09T17:23:23","guid":{"rendered":"https:\/\/jornalfatosenoticias.com.br\/?p=38633"},"modified":"2023-02-09T14:23:23","modified_gmt":"2023-02-09T17:23:23","slug":"surto-de-virose-saiba-identificar-os-sintomas-de-contaminacao","status":"publish","type":"post","link":"https:\/\/jornalfatosenoticias.com.br\/index.php\/2023\/02\/09\/surto-de-virose-saiba-identificar-os-sintomas-de-contaminacao\/","title":{"rendered":"Surto de virose: saiba identificar os sintomas de contamina\u00e7\u00e3o"},"content":{"rendered":"\n<p><em><span class=\"has-inline-color has-black-color\">Casos de virose s\u00e3o mais comuns no ver\u00e3o. Infectologista explica o que causa a contamina\u00e7\u00e3o e como prevenir<\/span><\/em><\/p>\n\n\n\n<div class=\"wp-block-image\"><figure class=\"aligncenter size-large\"><img loading=\"lazy\" decoding=\"async\" width=\"560\" height=\"60\" src=\"https:\/\/jornalfatosenoticias.com.br\/wp-content\/uploads\/2022\/10\/Propaganda-RC-Radiadores-Jornal_page-0001.jpg\" alt=\"\" class=\"wp-image-35270\" srcset=\"https:\/\/jornalfatosenoticias.com.br\/wp-content\/uploads\/2022\/10\/Propaganda-RC-Radiadores-Jornal_page-0001.jpg 560w, https:\/\/jornalfatosenoticias.com.br\/wp-content\/uploads\/2022\/10\/Propaganda-RC-Radiadores-Jornal_page-0001-300x32.jpg 300w\" sizes=\"auto, (max-width: 560px) 100vw, 560px\" \/><\/figure><\/div>\n\n\n\n<p>Durante o ver\u00e3o, \u00e9 comum o n\u00famero de casos de virose subir. Com viagens para outras cidades e uma <a href=\"https:\/\/www.saudeemdia.com.br\/alimentacao\">alimenta\u00e7\u00e3o<\/a> desequilibrada, este \u00e9 o cen\u00e1rio perfeito para novas contamina\u00e7\u00f5es. Florian\u00f3polis, por exemplo, enfrenta um surto de diarreia nos \u00faltimos dias, causado pelo norov\u00edrus \u2014 s\u00e3o em m\u00e9dia 170 casos de diarreia por dia atendidos nas Unidades de Pronto Atendimento (UPA). <\/p>\n\n\n\n<div class=\"wp-block-image\"><figure class=\"aligncenter size-large\"><img loading=\"lazy\" decoding=\"async\" width=\"300\" height=\"250\" src=\"https:\/\/jornalfatosenoticias.com.br\/wp-content\/uploads\/2022\/08\/arte-Casarao.jpg\" alt=\"\" class=\"wp-image-33178\"\/><\/figure><\/div>\n\n\n\n<p>De acordo com dados da Sala de Situa\u00e7\u00e3o da Ger\u00eancia de Vigil\u00e2ncia Epidemiol\u00f3gica, s\u00f3 em janeiro, 5.296 casos foram registrados na Capital catarinense. Sem os devidos cuidados, o mesmo pode ocorrer em outras regi\u00f5es do Pa\u00eds.<\/p>\n\n\n\n<div class=\"wp-block-image\"><figure class=\"alignleft size-large is-resized\"><img decoding=\"async\" src=\"https:\/\/jornalfatosenoticias.com.br\/wp-content\/uploads\/2020\/02\/logo-clinica-limoeiro.jpg\" alt=\"\" class=\"wp-image-34610\" width=\"-73\" height=\"-52\"\/><\/figure><\/div>\n\n\n\n<p>De acordo com o infectologista e diretor m\u00e9dico da Hilab, Dr. Bernardo de Almeida, virose se refere a qualquer doen\u00e7a viral. No entanto, \u00e9 mais comum se restringir a casos leves, que se curam sozinhos. Os <strong>sintomas<\/strong> geralmente incluem febre, dor no corpo e cefaleia. Eventualmente, o paciente pode apresentar ainda sintomas respirat\u00f3rios ou gastrointestinais. Nesses casos, n\u00e3o \u00e9 poss\u00edvel definir clinicamente o agente etiol\u00f3gico com precis\u00e3o.<br>Dificilmente a virose pode se tornar um quadro grave, mas isso pode acontecer, principalmente quando h\u00e1 o <strong>diagn\u00f3stico inadequado<\/strong> \u2014 quando a \u201cvirose\u201d \u00e9 na realidade uma infec\u00e7\u00e3o bacteriana. <\/p>\n\n\n\n<div class=\"wp-block-image\"><figure class=\"aligncenter size-large\"><img loading=\"lazy\" decoding=\"async\" width=\"300\" height=\"300\" src=\"https:\/\/jornalfatosenoticias.com.br\/wp-content\/uploads\/2020\/02\/casa-do-torresmo_portal.jpg\" alt=\"\" class=\"wp-image-34472\" srcset=\"https:\/\/jornalfatosenoticias.com.br\/wp-content\/uploads\/2020\/02\/casa-do-torresmo_portal.jpg 300w, https:\/\/jornalfatosenoticias.com.br\/wp-content\/uploads\/2020\/02\/casa-do-torresmo_portal-150x150.jpg 150w\" sizes=\"auto, (max-width: 300px) 100vw, 300px\" \/><\/figure><\/div>\n\n\n\n<figure class=\"wp-block-pullquote\"><blockquote><p><span class=\"has-inline-color has-luminous-vivid-orange-color\">H\u00e1 tamb\u00e9m situa\u00e7\u00f5es em que a infec\u00e7\u00e3o viral pode evoluir para formas mais graves, como influenza, SARS-CoV-2 ou v\u00edrus sincicial respirat\u00f3rio. Todo v\u00edrus pode potencialmente causar infec\u00e7\u00e3o grave, apesar de ser raro. H\u00e1 condi\u00e7\u00f5es do hospedeiro que predisp\u00f5em a gravidade, como os extremos de idade (rec\u00e9m-nascidos e idosos), pessoas imunossuprimidas ou as que possuem comorbidades\u201d, explica o m\u00e9dico.<\/span><\/p><\/blockquote><\/figure>\n\n\n\n<div class=\"wp-block-image\"><figure class=\"aligncenter size-large\"><img loading=\"lazy\" decoding=\"async\" width=\"729\" height=\"90\" src=\"https:\/\/jornalfatosenoticias.com.br\/wp-content\/uploads\/2020\/02\/Logo_Mizu.png\" alt=\"\" class=\"wp-image-1441\" srcset=\"https:\/\/jornalfatosenoticias.com.br\/wp-content\/uploads\/2020\/02\/Logo_Mizu.png 729w, https:\/\/jornalfatosenoticias.com.br\/wp-content\/uploads\/2020\/02\/Logo_Mizu-300x37.png 300w\" sizes=\"auto, (max-width: 729px) 100vw, 729px\" \/><\/figure><\/div>\n\n\n\n<p><strong><span class=\"has-inline-color has-black-color\">A virose \u00e9 mais comum no ver\u00e3o?<br><\/span><\/strong>Quadros de virose acontecem o ano todo. No entanto, o m\u00e9dico refor\u00e7a que, no <a href=\"https:\/\/sportlife.com.br\/dermatologista-revela-os-principais-cuidados-com-bronze-no-verao\/\">ver\u00e3o<\/a>, com aumento de viagens e consequentemente mudan\u00e7a nos h\u00e1bitos alimentares e de exposi\u00e7\u00e3o a situa\u00e7\u00f5es, com saneamento inadequado, h\u00e1 aumento dos casos de v\u00edrus causadores de <strong>gastroenterite aguda<\/strong> <strong>(Geca)<\/strong>, como as enteroviroses. J\u00e1 no inverno, a situa\u00e7\u00e3o viral \u00e9 outra. Isso porque no frio h\u00e1 maior circula\u00e7\u00e3o de v\u00edrus respirat\u00f3rios como influenza e v\u00edrus sincicial respirat\u00f3rio. <\/p>\n\n\n\n<div class=\"wp-block-image\"><figure class=\"aligncenter size-large\"><img decoding=\"async\" src=\"https:\/\/jornalfatosenoticias.com.br\/wp-content\/uploads\/2020\/02\/logo_esteio.jpg\" alt=\"\" class=\"wp-image-1214\"\/><\/figure><\/div>\n\n\n\n<figure class=\"wp-block-pullquote\"><blockquote><p><span class=\"has-inline-color has-luminous-vivid-orange-color\">Em \u00e9poca de chuva, em regi\u00f5es onde h\u00e1 infesta\u00e7\u00e3o de mosquito Aedes aegypti, boa parte das \u201cviroses\u201d s\u00e3o causadas por Dengue\u201d, exemplifica.<\/span><\/p><\/blockquote><\/figure>\n\n\n\n<div class=\"wp-block-image\"><figure class=\"aligncenter size-large\"><img decoding=\"async\" src=\"https:\/\/jornalfatosenoticias.com.br\/wp-content\/uploads\/2020\/02\/logo-embacia-1-1024x110.jpg\" alt=\"\" class=\"wp-image-33954\"\/><\/figure><\/div>\n\n\n\n<p><span class=\"has-inline-color has-black-color\"><strong>Como tratar prevenir a contamina\u00e7\u00e3o?<br><\/strong><\/span>Para os casos leves de virose, o m\u00e9dico explica que s\u00e3o utilizadas medica\u00e7\u00f5es que aliviam sintomas e previnem complica\u00e7\u00f5es, como hidrata\u00e7\u00e3o e analg\u00e9sicos. <\/p>\n\n\n\n<div class=\"wp-block-image\"><figure class=\"aligncenter size-large is-resized\"><img loading=\"lazy\" decoding=\"async\" src=\"https:\/\/jornalfatosenoticias.com.br\/wp-content\/uploads\/2022\/02\/Precisao-Contabilidade-1024x724.jpg\" alt=\"\" class=\"wp-image-28088\" width=\"314\" height=\"222\"\/><\/figure><\/div>\n\n\n\n<figure class=\"wp-block-pullquote\"><blockquote><p><span class=\"has-inline-color has-luminous-vivid-orange-color\">No caso de presen\u00e7a de sinais de alerta, como mal-estar extremo, desidrata\u00e7\u00e3o ou queda da press\u00e3o, a orienta\u00e7\u00e3o \u00e9 sempre buscar uma assist\u00eancia m\u00e9dica\u201d, alerta.<\/span><\/p><\/blockquote><\/figure>\n\n\n\n<div class=\"wp-block-image\"><figure class=\"aligncenter size-large\"><img decoding=\"async\" src=\"https:\/\/jornalfatosenoticias.com.br\/wp-content\/uploads\/2020\/02\/Serra-Grande-1024x160.png\" alt=\"\" class=\"wp-image-7836\"\/><\/figure><\/div>\n\n\n\n<p><strong><span class=\"has-inline-color has-black-color\">Para prevenir contamina\u00e7\u00f5es, o profissional recomenda:<br><\/span><\/strong>\u2022 Higienizar sempre as m\u00e3os;<br>\u2022 Ingerir alimentos de boa proced\u00eancia;<br>\u2022 Evitar exposi\u00e7\u00e3o em \u00e1reas de saneamento inadequado, com esgotos ou \u00e1gua contaminada.<\/p>\n\n\n\n<div class=\"wp-block-image\"><figure class=\"aligncenter size-large\"><img decoding=\"async\" src=\"https:\/\/jornalfatosenoticias.com.br\/wp-content\/uploads\/2020\/02\/barao-das-carnes-300x164-1.jpg\" alt=\"\" class=\"wp-image-34339\"\/><\/figure><\/div>\n\n\n\n<p><strong><em>Fonte: <a href=\"https:\/\/www.saudeemdia.com.br\/noticias\/surto-de-virose-saiba-identificar-os-sintomas-de-contaminacao.phtml\">Sa\u00fade em Dia<\/a><\/em><\/strong><\/p>\n","protected":false},"excerpt":{"rendered":"<p>Casos de virose s\u00e3o mais comuns no ver\u00e3o. Infectologista explica o que causa a contamina\u00e7\u00e3o e como prevenir Durante o ver\u00e3o, \u00e9 comum o n\u00famero de casos de virose subir. Com viagens para outras cidades e uma alimenta\u00e7\u00e3o desequilibrada, este \u00e9 o cen\u00e1rio perfeito para novas contamina\u00e7\u00f5es. Florian\u00f3polis, por exemplo, enfrenta um surto de diarreia [&hellip;]<\/p>\n","protected":false},"author":2,"featured_media":38634,"comment_status":"open","ping_status":"open","sticky":false,"template":"","format":"standard","meta":{"footnotes":""},"categories":[11],"tags":[18073,392,772,18074,18075,18076,18077],"class_list":["post-38633","post","type-post","status-publish","format-standard","has-post-thumbnail","hentry","category-saude","tag-casos-de-virose","tag-contaminacao","tag-infectologista","tag-sintomas-de-virose","tag-surto-de-virose","tag-virose","tag-virose-no-verao"],"yoast_head":"<!-- This site is optimized with the Yoast SEO plugin v26.5 - https:\/\/yoast.com\/wordpress\/plugins\/seo\/ -->\n<title>Surto de virose: saiba identificar os sintomas de contamina\u00e7\u00e3o - Jornal Fatos e Not\u00edcias<\/title>\n<meta name=\"robots\" content=\"index, follow, max-snippet:-1, max-image-preview:large, max-video-preview:-1\" \/>\n<link rel=\"canonical\" href=\"https:\/\/jornalfatosenoticias.com.br\/index.php\/2023\/02\/09\/surto-de-virose-saiba-identificar-os-sintomas-de-contaminacao\/\" \/>\n<meta property=\"og:locale\" content=\"pt_BR\" \/>\n<meta property=\"og:type\" content=\"article\" \/>\n<meta property=\"og:title\" content=\"Surto de virose: saiba identificar os sintomas de contamina\u00e7\u00e3o - Jornal Fatos e Not\u00edcias\" \/>\n<meta property=\"og:description\" content=\"Casos de virose s\u00e3o mais comuns no ver\u00e3o. Infectologista explica o que causa a contamina\u00e7\u00e3o e como prevenir Durante o ver\u00e3o, \u00e9 comum o n\u00famero de casos de virose subir. Com viagens para outras cidades e uma alimenta\u00e7\u00e3o desequilibrada, este \u00e9 o cen\u00e1rio perfeito para novas contamina\u00e7\u00f5es. Florian\u00f3polis, por exemplo, enfrenta um surto de diarreia [&hellip;]\" \/>\n<meta property=\"og:url\" content=\"https:\/\/jornalfatosenoticias.com.br\/index.php\/2023\/02\/09\/surto-de-virose-saiba-identificar-os-sintomas-de-contaminacao\/\" \/>\n<meta property=\"og:site_name\" content=\"Jornal Fatos e Not\u00edcias\" \/>\n<meta property=\"article:published_time\" content=\"2023-02-09T17:23:23+00:00\" \/>\n<meta property=\"og:image\" content=\"https:\/\/jornalfatosenoticias.com.br\/wp-content\/uploads\/2023\/02\/virose-Shutterstock.jpg\" \/>\n\t<meta property=\"og:image:width\" content=\"1000\" \/>\n\t<meta property=\"og:image:height\" content=\"597\" \/>\n\t<meta property=\"og:image:type\" content=\"image\/jpeg\" \/>\n<meta name=\"author\" content=\"Luzimara Fernandes\" \/>\n<meta name=\"twitter:card\" content=\"summary_large_image\" \/>\n<meta name=\"twitter:label1\" content=\"Escrito por\" \/>\n\t<meta name=\"twitter:data1\" content=\"Luzimara Fernandes\" \/>\n\t<meta name=\"twitter:label2\" content=\"Est. tempo de leitura\" \/>\n\t<meta name=\"twitter:data2\" content=\"3 minutos\" \/>\n<script type=\"application\/ld+json\" class=\"yoast-schema-graph\">{\"@context\":\"https:\/\/schema.org\",\"@graph\":[{\"@type\":\"Article\",\"@id\":\"https:\/\/jornalfatosenoticias.com.br\/index.php\/2023\/02\/09\/surto-de-virose-saiba-identificar-os-sintomas-de-contaminacao\/#article\",\"isPartOf\":{\"@id\":\"https:\/\/jornalfatosenoticias.com.br\/index.php\/2023\/02\/09\/surto-de-virose-saiba-identificar-os-sintomas-de-contaminacao\/\"},\"author\":{\"name\":\"Luzimara Fernandes\",\"@id\":\"https:\/\/jornalfatosenoticias.com.br\/#\/schema\/person\/d63837fa13ac8666eb9e74e0985d6f81\"},\"headline\":\"Surto de virose: saiba identificar os sintomas de contamina\u00e7\u00e3o\",\"datePublished\":\"2023-02-09T17:23:23+00:00\",\"mainEntityOfPage\":{\"@id\":\"https:\/\/jornalfatosenoticias.com.br\/index.php\/2023\/02\/09\/surto-de-virose-saiba-identificar-os-sintomas-de-contaminacao\/\"},\"wordCount\":524,\"commentCount\":0,\"publisher\":{\"@id\":\"https:\/\/jornalfatosenoticias.com.br\/#organization\"},\"image\":{\"@id\":\"https:\/\/jornalfatosenoticias.com.br\/index.php\/2023\/02\/09\/surto-de-virose-saiba-identificar-os-sintomas-de-contaminacao\/#primaryimage\"},\"thumbnailUrl\":\"https:\/\/jornalfatosenoticias.com.br\/wp-content\/uploads\/2023\/02\/virose-Shutterstock.jpg\",\"keywords\":[\"casos de virose\",\"contamina\u00e7\u00e3o\",\"infectologista\",\"sintomas de virose\",\"surto de virose\",\"virose\",\"virose no ver\u00e3o\"],\"articleSection\":[\"Sa\u00fade\"],\"inLanguage\":\"pt-BR\",\"potentialAction\":[{\"@type\":\"CommentAction\",\"name\":\"Comment\",\"target\":[\"https:\/\/jornalfatosenoticias.com.br\/index.php\/2023\/02\/09\/surto-de-virose-saiba-identificar-os-sintomas-de-contaminacao\/#respond\"]}]},{\"@type\":\"WebPage\",\"@id\":\"https:\/\/jornalfatosenoticias.com.br\/index.php\/2023\/02\/09\/surto-de-virose-saiba-identificar-os-sintomas-de-contaminacao\/\",\"url\":\"https:\/\/jornalfatosenoticias.com.br\/index.php\/2023\/02\/09\/surto-de-virose-saiba-identificar-os-sintomas-de-contaminacao\/\",\"name\":\"Surto de virose: saiba identificar os sintomas de contamina\u00e7\u00e3o - Jornal Fatos e Not\u00edcias\",\"isPartOf\":{\"@id\":\"https:\/\/jornalfatosenoticias.com.br\/#website\"},\"primaryImageOfPage\":{\"@id\":\"https:\/\/jornalfatosenoticias.com.br\/index.php\/2023\/02\/09\/surto-de-virose-saiba-identificar-os-sintomas-de-contaminacao\/#primaryimage\"},\"image\":{\"@id\":\"https:\/\/jornalfatosenoticias.com.br\/index.php\/2023\/02\/09\/surto-de-virose-saiba-identificar-os-sintomas-de-contaminacao\/#primaryimage\"},\"thumbnailUrl\":\"https:\/\/jornalfatosenoticias.com.br\/wp-content\/uploads\/2023\/02\/virose-Shutterstock.jpg\",\"datePublished\":\"2023-02-09T17:23:23+00:00\",\"breadcrumb\":{\"@id\":\"https:\/\/jornalfatosenoticias.com.br\/index.php\/2023\/02\/09\/surto-de-virose-saiba-identificar-os-sintomas-de-contaminacao\/#breadcrumb\"},\"inLanguage\":\"pt-BR\",\"potentialAction\":[{\"@type\":\"ReadAction\",\"target\":[\"https:\/\/jornalfatosenoticias.com.br\/index.php\/2023\/02\/09\/surto-de-virose-saiba-identificar-os-sintomas-de-contaminacao\/\"]}]},{\"@type\":\"ImageObject\",\"inLanguage\":\"pt-BR\",\"@id\":\"https:\/\/jornalfatosenoticias.com.br\/index.php\/2023\/02\/09\/surto-de-virose-saiba-identificar-os-sintomas-de-contaminacao\/#primaryimage\",\"url\":\"https:\/\/jornalfatosenoticias.com.br\/wp-content\/uploads\/2023\/02\/virose-Shutterstock.jpg\",\"contentUrl\":\"https:\/\/jornalfatosenoticias.com.br\/wp-content\/uploads\/2023\/02\/virose-Shutterstock.jpg\",\"width\":1000,\"height\":597},{\"@type\":\"BreadcrumbList\",\"@id\":\"https:\/\/jornalfatosenoticias.com.br\/index.php\/2023\/02\/09\/surto-de-virose-saiba-identificar-os-sintomas-de-contaminacao\/#breadcrumb\",\"itemListElement\":[{\"@type\":\"ListItem\",\"position\":1,\"name\":\"In\u00edcio\",\"item\":\"https:\/\/jornalfatosenoticias.com.br\/\"},{\"@type\":\"ListItem\",\"position\":2,\"name\":\"Surto de virose: saiba identificar os sintomas de contamina\u00e7\u00e3o\"}]},{\"@type\":\"WebSite\",\"@id\":\"https:\/\/jornalfatosenoticias.com.br\/#website\",\"url\":\"https:\/\/jornalfatosenoticias.com.br\/\",\"name\":\"Jornal Fatos e Not\u00edcias\",\"description\":\"Not\u00edcias em geral\",\"publisher\":{\"@id\":\"https:\/\/jornalfatosenoticias.com.br\/#organization\"},\"potentialAction\":[{\"@type\":\"SearchAction\",\"target\":{\"@type\":\"EntryPoint\",\"urlTemplate\":\"https:\/\/jornalfatosenoticias.com.br\/?s={search_term_string}\"},\"query-input\":{\"@type\":\"PropertyValueSpecification\",\"valueRequired\":true,\"valueName\":\"search_term_string\"}}],\"inLanguage\":\"pt-BR\"},{\"@type\":\"Organization\",\"@id\":\"https:\/\/jornalfatosenoticias.com.br\/#organization\",\"name\":\"Jornal Fatos e Not\u00edcias\",\"url\":\"https:\/\/jornalfatosenoticias.com.br\/\",\"logo\":{\"@type\":\"ImageObject\",\"inLanguage\":\"pt-BR\",\"@id\":\"https:\/\/jornalfatosenoticias.com.br\/#\/schema\/logo\/image\/\",\"url\":\"https:\/\/jornalfatosenoticias.com.br\/wp-content\/uploads\/2020\/02\/logo120.png\",\"contentUrl\":\"https:\/\/jornalfatosenoticias.com.br\/wp-content\/uploads\/2020\/02\/logo120.png\",\"width\":1227,\"height\":120,\"caption\":\"Jornal Fatos e Not\u00edcias\"},\"image\":{\"@id\":\"https:\/\/jornalfatosenoticias.com.br\/#\/schema\/logo\/image\/\"}},{\"@type\":\"Person\",\"@id\":\"https:\/\/jornalfatosenoticias.com.br\/#\/schema\/person\/d63837fa13ac8666eb9e74e0985d6f81\",\"name\":\"Luzimara Fernandes\",\"image\":{\"@type\":\"ImageObject\",\"inLanguage\":\"pt-BR\",\"@id\":\"https:\/\/jornalfatosenoticias.com.br\/#\/schema\/person\/image\/\",\"url\":\"https:\/\/jornalfatosenoticias.com.br\/wp-content\/uploads\/2025\/05\/EU_portal.jpg\",\"contentUrl\":\"https:\/\/jornalfatosenoticias.com.br\/wp-content\/uploads\/2025\/05\/EU_portal.jpg\",\"caption\":\"Luzimara Fernandes\"},\"description\":\"Jornalista MTB 2358-ES\",\"sameAs\":[\"https:\/\/jornalfatosenoticias.com.br\"],\"url\":\"https:\/\/jornalfatosenoticias.com.br\/index.php\/author\/luzimara\/\"}]}<\/script>\n<!-- \/ Yoast SEO plugin. -->","yoast_head_json":{"title":"Surto de virose: saiba identificar os sintomas de contamina\u00e7\u00e3o - Jornal Fatos e Not\u00edcias","robots":{"index":"index","follow":"follow","max-snippet":"max-snippet:-1","max-image-preview":"max-image-preview:large","max-video-preview":"max-video-preview:-1"},"canonical":"https:\/\/jornalfatosenoticias.com.br\/index.php\/2023\/02\/09\/surto-de-virose-saiba-identificar-os-sintomas-de-contaminacao\/","og_locale":"pt_BR","og_type":"article","og_title":"Surto de virose: saiba identificar os sintomas de contamina\u00e7\u00e3o - Jornal Fatos e Not\u00edcias","og_description":"Casos de virose s\u00e3o mais comuns no ver\u00e3o. Infectologista explica o que causa a contamina\u00e7\u00e3o e como prevenir Durante o ver\u00e3o, \u00e9 comum o n\u00famero de casos de virose subir. Com viagens para outras cidades e uma alimenta\u00e7\u00e3o desequilibrada, este \u00e9 o cen\u00e1rio perfeito para novas contamina\u00e7\u00f5es. Florian\u00f3polis, por exemplo, enfrenta um surto de diarreia [&hellip;]","og_url":"https:\/\/jornalfatosenoticias.com.br\/index.php\/2023\/02\/09\/surto-de-virose-saiba-identificar-os-sintomas-de-contaminacao\/","og_site_name":"Jornal Fatos e Not\u00edcias","article_published_time":"2023-02-09T17:23:23+00:00","og_image":[{"width":1000,"height":597,"url":"https:\/\/jornalfatosenoticias.com.br\/wp-content\/uploads\/2023\/02\/virose-Shutterstock.jpg","type":"image\/jpeg"}],"author":"Luzimara Fernandes","twitter_card":"summary_large_image","twitter_misc":{"Escrito por":"Luzimara Fernandes","Est. tempo de leitura":"3 minutos"},"schema":{"@context":"https:\/\/schema.org","@graph":[{"@type":"Article","@id":"https:\/\/jornalfatosenoticias.com.br\/index.php\/2023\/02\/09\/surto-de-virose-saiba-identificar-os-sintomas-de-contaminacao\/#article","isPartOf":{"@id":"https:\/\/jornalfatosenoticias.com.br\/index.php\/2023\/02\/09\/surto-de-virose-saiba-identificar-os-sintomas-de-contaminacao\/"},"author":{"name":"Luzimara Fernandes","@id":"https:\/\/jornalfatosenoticias.com.br\/#\/schema\/person\/d63837fa13ac8666eb9e74e0985d6f81"},"headline":"Surto de virose: saiba identificar os sintomas de contamina\u00e7\u00e3o","datePublished":"2023-02-09T17:23:23+00:00","mainEntityOfPage":{"@id":"https:\/\/jornalfatosenoticias.com.br\/index.php\/2023\/02\/09\/surto-de-virose-saiba-identificar-os-sintomas-de-contaminacao\/"},"wordCount":524,"commentCount":0,"publisher":{"@id":"https:\/\/jornalfatosenoticias.com.br\/#organization"},"image":{"@id":"https:\/\/jornalfatosenoticias.com.br\/index.php\/2023\/02\/09\/surto-de-virose-saiba-identificar-os-sintomas-de-contaminacao\/#primaryimage"},"thumbnailUrl":"https:\/\/jornalfatosenoticias.com.br\/wp-content\/uploads\/2023\/02\/virose-Shutterstock.jpg","keywords":["casos de virose","contamina\u00e7\u00e3o","infectologista","sintomas de virose","surto de virose","virose","virose no ver\u00e3o"],"articleSection":["Sa\u00fade"],"inLanguage":"pt-BR","potentialAction":[{"@type":"CommentAction","name":"Comment","target":["https:\/\/jornalfatosenoticias.com.br\/index.php\/2023\/02\/09\/surto-de-virose-saiba-identificar-os-sintomas-de-contaminacao\/#respond"]}]},{"@type":"WebPage","@id":"https:\/\/jornalfatosenoticias.com.br\/index.php\/2023\/02\/09\/surto-de-virose-saiba-identificar-os-sintomas-de-contaminacao\/","url":"https:\/\/jornalfatosenoticias.com.br\/index.php\/2023\/02\/09\/surto-de-virose-saiba-identificar-os-sintomas-de-contaminacao\/","name":"Surto de virose: saiba identificar os sintomas de contamina\u00e7\u00e3o - Jornal Fatos e Not\u00edcias","isPartOf":{"@id":"https:\/\/jornalfatosenoticias.com.br\/#website"},"primaryImageOfPage":{"@id":"https:\/\/jornalfatosenoticias.com.br\/index.php\/2023\/02\/09\/surto-de-virose-saiba-identificar-os-sintomas-de-contaminacao\/#primaryimage"},"image":{"@id":"https:\/\/jornalfatosenoticias.com.br\/index.php\/2023\/02\/09\/surto-de-virose-saiba-identificar-os-sintomas-de-contaminacao\/#primaryimage"},"thumbnailUrl":"https:\/\/jornalfatosenoticias.com.br\/wp-content\/uploads\/2023\/02\/virose-Shutterstock.jpg","datePublished":"2023-02-09T17:23:23+00:00","breadcrumb":{"@id":"https:\/\/jornalfatosenoticias.com.br\/index.php\/2023\/02\/09\/surto-de-virose-saiba-identificar-os-sintomas-de-contaminacao\/#breadcrumb"},"inLanguage":"pt-BR","potentialAction":[{"@type":"ReadAction","target":["https:\/\/jornalfatosenoticias.com.br\/index.php\/2023\/02\/09\/surto-de-virose-saiba-identificar-os-sintomas-de-contaminacao\/"]}]},{"@type":"ImageObject","inLanguage":"pt-BR","@id":"https:\/\/jornalfatosenoticias.com.br\/index.php\/2023\/02\/09\/surto-de-virose-saiba-identificar-os-sintomas-de-contaminacao\/#primaryimage","url":"https:\/\/jornalfatosenoticias.com.br\/wp-content\/uploads\/2023\/02\/virose-Shutterstock.jpg","contentUrl":"https:\/\/jornalfatosenoticias.com.br\/wp-content\/uploads\/2023\/02\/virose-Shutterstock.jpg","width":1000,"height":597},{"@type":"BreadcrumbList","@id":"https:\/\/jornalfatosenoticias.com.br\/index.php\/2023\/02\/09\/surto-de-virose-saiba-identificar-os-sintomas-de-contaminacao\/#breadcrumb","itemListElement":[{"@type":"ListItem","position":1,"name":"In\u00edcio","item":"https:\/\/jornalfatosenoticias.com.br\/"},{"@type":"ListItem","position":2,"name":"Surto de virose: saiba identificar os sintomas de contamina\u00e7\u00e3o"}]},{"@type":"WebSite","@id":"https:\/\/jornalfatosenoticias.com.br\/#website","url":"https:\/\/jornalfatosenoticias.com.br\/","name":"Jornal Fatos e Not\u00edcias","description":"Not\u00edcias em geral","publisher":{"@id":"https:\/\/jornalfatosenoticias.com.br\/#organization"},"potentialAction":[{"@type":"SearchAction","target":{"@type":"EntryPoint","urlTemplate":"https:\/\/jornalfatosenoticias.com.br\/?s={search_term_string}"},"query-input":{"@type":"PropertyValueSpecification","valueRequired":true,"valueName":"search_term_string"}}],"inLanguage":"pt-BR"},{"@type":"Organization","@id":"https:\/\/jornalfatosenoticias.com.br\/#organization","name":"Jornal Fatos e Not\u00edcias","url":"https:\/\/jornalfatosenoticias.com.br\/","logo":{"@type":"ImageObject","inLanguage":"pt-BR","@id":"https:\/\/jornalfatosenoticias.com.br\/#\/schema\/logo\/image\/","url":"https:\/\/jornalfatosenoticias.com.br\/wp-content\/uploads\/2020\/02\/logo120.png","contentUrl":"https:\/\/jornalfatosenoticias.com.br\/wp-content\/uploads\/2020\/02\/logo120.png","width":1227,"height":120,"caption":"Jornal Fatos e Not\u00edcias"},"image":{"@id":"https:\/\/jornalfatosenoticias.com.br\/#\/schema\/logo\/image\/"}},{"@type":"Person","@id":"https:\/\/jornalfatosenoticias.com.br\/#\/schema\/person\/d63837fa13ac8666eb9e74e0985d6f81","name":"Luzimara Fernandes","image":{"@type":"ImageObject","inLanguage":"pt-BR","@id":"https:\/\/jornalfatosenoticias.com.br\/#\/schema\/person\/image\/","url":"https:\/\/jornalfatosenoticias.com.br\/wp-content\/uploads\/2025\/05\/EU_portal.jpg","contentUrl":"https:\/\/jornalfatosenoticias.com.br\/wp-content\/uploads\/2025\/05\/EU_portal.jpg","caption":"Luzimara Fernandes"},"description":"Jornalista MTB 2358-ES","sameAs":["https:\/\/jornalfatosenoticias.com.br"],"url":"https:\/\/jornalfatosenoticias.com.br\/index.php\/author\/luzimara\/"}]}},"cc_featured_image_caption":{"caption_text":"(Foto: Shutterstock)","source_text":"","source_url":""},"jetpack_featured_media_url":"https:\/\/jornalfatosenoticias.com.br\/wp-content\/uploads\/2023\/02\/virose-Shutterstock.jpg","_links":{"self":[{"href":"https:\/\/jornalfatosenoticias.com.br\/index.php\/wp-json\/wp\/v2\/posts\/38633","targetHints":{"allow":["GET"]}}],"collection":[{"href":"https:\/\/jornalfatosenoticias.com.br\/index.php\/wp-json\/wp\/v2\/posts"}],"about":[{"href":"https:\/\/jornalfatosenoticias.com.br\/index.php\/wp-json\/wp\/v2\/types\/post"}],"author":[{"embeddable":true,"href":"https:\/\/jornalfatosenoticias.com.br\/index.php\/wp-json\/wp\/v2\/users\/2"}],"replies":[{"embeddable":true,"href":"https:\/\/jornalfatosenoticias.com.br\/index.php\/wp-json\/wp\/v2\/comments?post=38633"}],"version-history":[{"count":0,"href":"https:\/\/jornalfatosenoticias.com.br\/index.php\/wp-json\/wp\/v2\/posts\/38633\/revisions"}],"wp:featuredmedia":[{"embeddable":true,"href":"https:\/\/jornalfatosenoticias.com.br\/index.php\/wp-json\/wp\/v2\/media\/38634"}],"wp:attachment":[{"href":"https:\/\/jornalfatosenoticias.com.br\/index.php\/wp-json\/wp\/v2\/media?parent=38633"}],"wp:term":[{"taxonomy":"category","embeddable":true,"href":"https:\/\/jornalfatosenoticias.com.br\/index.php\/wp-json\/wp\/v2\/categories?post=38633"},{"taxonomy":"post_tag","embeddable":true,"href":"https:\/\/jornalfatosenoticias.com.br\/index.php\/wp-json\/wp\/v2\/tags?post=38633"}],"curies":[{"name":"wp","href":"https:\/\/api.w.org\/{rel}","templated":true}]}}