{"id":38636,"date":"2023-02-09T14:32:56","date_gmt":"2023-02-09T17:32:56","guid":{"rendered":"https:\/\/jornalfatosenoticias.com.br\/?p=38636"},"modified":"2023-02-09T14:32:57","modified_gmt":"2023-02-09T17:32:57","slug":"ia-avancada-pode-acabar-com-a-humanidade-alertam-pesquisadores","status":"publish","type":"post","link":"https:\/\/jornalfatosenoticias.com.br\/index.php\/2023\/02\/09\/ia-avancada-pode-acabar-com-a-humanidade-alertam-pesquisadores\/","title":{"rendered":"IA avan\u00e7ada \u201cpode acabar com a humanidade\u201d, alertam pesquisadores"},"content":{"rendered":"\n<p><em><span class=\"has-inline-color has-black-color\">Especialistas dizem que a intelig\u00eancia artificial avan\u00e7ada deve ser regulada como armas nucleares<\/span><\/em><\/p>\n\n\n\n<div class=\"wp-block-image\"><figure class=\"aligncenter size-large\"><img loading=\"lazy\" decoding=\"async\" width=\"1024\" height=\"100\" src=\"https:\/\/jornalfatosenoticias.com.br\/wp-content\/uploads\/2022\/05\/NOVA-LOGO-CESCONETTO-1024x100.jpg\" alt=\"\" class=\"wp-image-30792\" srcset=\"https:\/\/jornalfatosenoticias.com.br\/wp-content\/uploads\/2022\/05\/NOVA-LOGO-CESCONETTO-1024x100.jpg 1024w, https:\/\/jornalfatosenoticias.com.br\/wp-content\/uploads\/2022\/05\/NOVA-LOGO-CESCONETTO-300x29.jpg 300w, https:\/\/jornalfatosenoticias.com.br\/wp-content\/uploads\/2022\/05\/NOVA-LOGO-CESCONETTO-768x75.jpg 768w, https:\/\/jornalfatosenoticias.com.br\/wp-content\/uploads\/2022\/05\/NOVA-LOGO-CESCONETTO.jpg 1280w\" sizes=\"auto, (max-width: 1024px) 100vw, 1024px\" \/><\/figure><\/div>\n\n\n\n<p>Algoritmos sobre-humanos capazes de superar a nossa capacidade <a href=\"https:\/\/olhardigital.com.br\/2023\/01\/31\/ciencia-e-espaco\/inteligencia-artificial-detecta-sinais-estranhos-em-dados-de-radio\/amp\/\" target=\"_blank\" rel=\"noreferrer noopener\">j\u00e1 est\u00e3o a caminho<\/a>\u00a0e podem representar uma\u00a0<a href=\"https:\/\/olhardigital.com.br\/2022\/09\/15\/ciencia-e-espaco\/humanidade-pode-estar-ameacada-pela-inteligencia-artificial-entenda\/amp\/\" target=\"_blank\" rel=\"noreferrer noopener\">amea\u00e7a mortal<\/a> para a humanidade. Pelo menos \u00e9 o que dizem pesquisadores da Universidade de Oxford.<br>Em uma apresenta\u00e7\u00e3o ao comit\u00ea brit\u00e2nico de Ci\u00eancia e Tecnologia (<em>\u201cScience and Technology Select Committee\u201d<\/em>) os especialistas alertaram que uma IA avan\u00e7ada poderia conseguir tomar o controle da sua programa\u00e7\u00e3o original.<\/p>\n\n\n\n<div class=\"wp-block-image\"><figure class=\"aligncenter size-large is-resized\"><img loading=\"lazy\" decoding=\"async\" src=\"https:\/\/jornalfatosenoticias.com.br\/wp-content\/uploads\/2022\/07\/Logo-Grupo-SEI.jpg\" alt=\"\" class=\"wp-image-31973\" width=\"292\" height=\"153\" srcset=\"https:\/\/jornalfatosenoticias.com.br\/wp-content\/uploads\/2022\/07\/Logo-Grupo-SEI.jpg 713w, https:\/\/jornalfatosenoticias.com.br\/wp-content\/uploads\/2022\/07\/Logo-Grupo-SEI-300x158.jpg 300w\" sizes=\"auto, (max-width: 292px) 100vw, 292px\" \/><\/figure><\/div>\n\n\n\n<p>O que isso significa? Na pr\u00e1tica, rob\u00f4s poderiam aprender a criar e at\u00e9 encontrar maneiras de atingir seus pr\u00f3prios objetivos, por exemplo, bem nos moldes de seriados de fic\u00e7\u00e3o como \u2018<a href=\"https:\/\/olhardigital.com.br\/2022\/11\/04\/cinema-e-streaming\/westworld-e-cancelada-pela-hbo-e-nao-tera-temporada-final\/amp\/\" target=\"_blank\" rel=\"noreferrer noopener\">Westworld<\/a>\u2019. O estudante de doutorado Michael Cohen acrescenta que essa nova classe de IA ser\u00e1 muito mais inteligente, ou seja, seria quase imposs\u00edvel interromper sua a\u00e7\u00e3o depois que o \u201cg\u00eanio sa\u00edsse da garrafa\u201d.<\/p>\n\n\n\n<div class=\"wp-block-image\"><figure class=\"aligncenter size-large is-resized\"><img loading=\"lazy\" decoding=\"async\" src=\"https:\/\/jornalfatosenoticias.com.br\/wp-content\/uploads\/2020\/02\/nova-logo-Marquetti.jpg\" alt=\"\" class=\"wp-image-22331\" width=\"258\" height=\"173\" srcset=\"https:\/\/jornalfatosenoticias.com.br\/wp-content\/uploads\/2020\/02\/nova-logo-Marquetti.jpg 643w, https:\/\/jornalfatosenoticias.com.br\/wp-content\/uploads\/2020\/02\/nova-logo-Marquetti-300x202.jpg 300w\" sizes=\"auto, (max-width: 258px) 100vw, 258px\" \/><\/figure><\/div>\n\n\n\n<figure class=\"wp-block-pullquote\"><blockquote><p><span class=\"has-inline-color has-luminous-vivid-orange-color\">Se eu fosse uma IA tentando criar uma trama tortuosa, copiaria meu c\u00f3digo em alguma outra m\u00e1quina que ningu\u00e9m conhece, ent\u00e3o seria mais dif\u00edcil desligar o plugue\u201d, disse Cohen.<\/span><\/p><\/blockquote><\/figure>\n\n\n\n<div class=\"wp-block-image\"><figure class=\"aligncenter size-large\"><img loading=\"lazy\" decoding=\"async\" width=\"1024\" height=\"110\" src=\"https:\/\/jornalfatosenoticias.com.br\/wp-content\/uploads\/2022\/10\/Arte-jornal-Zucchi-1120x120_Prancheta-1-1024x110.jpg\" alt=\"\" class=\"wp-image-34772\" srcset=\"https:\/\/jornalfatosenoticias.com.br\/wp-content\/uploads\/2022\/10\/Arte-jornal-Zucchi-1120x120_Prancheta-1-1024x110.jpg 1024w, https:\/\/jornalfatosenoticias.com.br\/wp-content\/uploads\/2022\/10\/Arte-jornal-Zucchi-1120x120_Prancheta-1-300x32.jpg 300w, https:\/\/jornalfatosenoticias.com.br\/wp-content\/uploads\/2022\/10\/Arte-jornal-Zucchi-1120x120_Prancheta-1-768x82.jpg 768w, https:\/\/jornalfatosenoticias.com.br\/wp-content\/uploads\/2022\/10\/Arte-jornal-Zucchi-1120x120_Prancheta-1-1536x165.jpg 1536w, https:\/\/jornalfatosenoticias.com.br\/wp-content\/uploads\/2022\/10\/Arte-jornal-Zucchi-1120x120_Prancheta-1-2048x219.jpg 2048w\" sizes=\"auto, (max-width: 1024px) 100vw, 1024px\" \/><\/figure><\/div>\n\n\n\n<p>Os pesquisadores tamb\u00e9m apontam que ainda n\u00e3o h\u00e1 limites conhecidos \u201cpara o avan\u00e7o da IA\u201d, ou seja, o desenvolvimento da tecnologia acabou virando uma esp\u00e9cie de \u201ccorrida armamentista\u201d, com pa\u00edses e empresas de tecnologia competindo para ver quem sai na frente na cria\u00e7\u00e3o de algoritmos de aprendizado de m\u00e1quina mais eficientes.<\/p>\n\n\n\n<div class=\"wp-block-image\"><figure class=\"aligncenter size-large is-resized\"><img loading=\"lazy\" decoding=\"async\" src=\"https:\/\/jornalfatosenoticias.com.br\/wp-content\/uploads\/2022\/08\/logo-locau-veiculos-1024x573.png\" alt=\"\" class=\"wp-image-33078\" width=\"275\" height=\"153\"\/><\/figure><\/div>\n\n\n\n<figure class=\"wp-block-pullquote\"><blockquote><p><span class=\"has-inline-color has-luminous-vivid-orange-color\">Acho que estamos em uma enorme corrida armamentista de IA, geopoliticamente com os EUA contra a China. Entre as empresas de tecnologia parece haver essa disposi\u00e7\u00e3o de jogar seguran\u00e7a e cautela pela janela e correr o mais r\u00e1pido poss\u00edvel para a IA mais avan\u00e7ada\u201d, disse Michael Osborne, professor da disciplina de Aprendizado de M\u00e1quina na Universidade de Oxford. O professor acrescenta ainda que sistemas baseados em intelig\u00eancia artificial podem se tornar especialistas em nos enganar.<\/span><\/p><\/blockquote><\/figure>\n\n\n\n<div class=\"wp-block-image\"><figure class=\"aligncenter size-large\"><img loading=\"lazy\" decoding=\"async\" width=\"1024\" height=\"111\" src=\"https:\/\/jornalfatosenoticias.com.br\/wp-content\/uploads\/2020\/02\/WhatsApp-Image-2022-09-23-at-12.09.18-1024x111.jpeg\" alt=\"\" class=\"wp-image-34527\" srcset=\"https:\/\/jornalfatosenoticias.com.br\/wp-content\/uploads\/2020\/02\/WhatsApp-Image-2022-09-23-at-12.09.18-1024x111.jpeg 1024w, https:\/\/jornalfatosenoticias.com.br\/wp-content\/uploads\/2020\/02\/WhatsApp-Image-2022-09-23-at-12.09.18-300x32.jpeg 300w, https:\/\/jornalfatosenoticias.com.br\/wp-content\/uploads\/2020\/02\/WhatsApp-Image-2022-09-23-at-12.09.18-768x83.jpeg 768w, https:\/\/jornalfatosenoticias.com.br\/wp-content\/uploads\/2020\/02\/WhatsApp-Image-2022-09-23-at-12.09.18.jpeg 1121w\" sizes=\"auto, (max-width: 1024px) 100vw, 1024px\" \/><\/figure><\/div>\n\n\n\n<p>Como evitar o \u201cdom\u00ednio das m\u00e1quinas\u201d? Uma solu\u00e7\u00e3o sugerida para conter os avan\u00e7os desenfreados no campo de IA seria criar uma regulamenta\u00e7\u00e3o global para impedir que empresas criem sistemas com potencial de sair fora de controle. Osborne espera que pa\u00edses em todo o mundo reconhe\u00e7am a \u201camea\u00e7a existencial\u201d da IA avan\u00e7ada e se juntem para estabelecer tratados contra o desenvolvimento de sistemas perigosos. \u201c(\u2026) fomos muito bons em regular o uso de armas nucleares\u201d, finalizou.<\/p>\n\n\n\n<div class=\"wp-block-image\"><figure class=\"alignleft size-large\"><img decoding=\"async\" src=\"https:\/\/jornalfatosenoticias.com.br\/wp-content\/uploads\/2020\/02\/barao-das-carnes-300x164-1.jpg\" alt=\"\" class=\"wp-image-34339\"\/><\/figure><\/div>\n\n\n\n<p>Por fim, os parlamentares tamb\u00e9m foram informados de que em algumas \u00e1reas, como carros aut\u00f4nomos, a IA ainda n\u00e3o avan\u00e7ou como o esperado, entretanto, em outras, como gera\u00e7\u00e3o inteligente de texto, a tecnologia foi muito mais adiante.<br>Uma previs\u00e3o mais positiva \u00e9 que ao menos trabalhos tediosos e tarefas repetitivas logo se tornar\u00e3o automatizados. No entanto, \u00e9 improv\u00e1vel que cargos criativos e de lideran\u00e7a sejam totalmente substitu\u00eddos por IA no curto prazo. <\/p>\n\n\n\n<div class=\"wp-block-image\"><figure class=\"aligncenter size-large\"><img loading=\"lazy\" decoding=\"async\" width=\"1024\" height=\"100\" src=\"https:\/\/jornalfatosenoticias.com.br\/wp-content\/uploads\/2020\/02\/banner_ferramentas-1024x100.jpg\" alt=\"\" class=\"wp-image-1258\" srcset=\"https:\/\/jornalfatosenoticias.com.br\/wp-content\/uploads\/2020\/02\/banner_ferramentas-1024x100.jpg 1024w, https:\/\/jornalfatosenoticias.com.br\/wp-content\/uploads\/2020\/02\/banner_ferramentas-300x29.jpg 300w, https:\/\/jornalfatosenoticias.com.br\/wp-content\/uploads\/2020\/02\/banner_ferramentas-768x75.jpg 768w, https:\/\/jornalfatosenoticias.com.br\/wp-content\/uploads\/2020\/02\/banner_ferramentas.jpg 1227w\" sizes=\"auto, (max-width: 1024px) 100vw, 1024px\" \/><\/figure><\/div>\n\n\n\n<p>Especialista conclu\u00edram que <strong>at\u00e9 o final do s\u00e9culo \u00e9 esperado que a intelig\u00eancia artificial supere a capacidade dos humanos.<\/strong> \u00c9 justamente a\u00ed que o risco de surgir algo parecido com a Skynet deve aumentar.<\/p>\n\n\n\n<p><strong><em>Fonte: <a href=\"https:\/\/olhardigital.com.br\/2023\/02\/03\/internet-e-redes-sociais\/ia-avancada-pode-acabar-com-a-humanidade-alertam-pesquisadores\/amp\/\">Olhar Digital<\/a><\/em><\/strong><\/p>\n","protected":false},"excerpt":{"rendered":"<p>Especialistas dizem que a intelig\u00eancia artificial avan\u00e7ada deve ser regulada como armas nucleares Algoritmos sobre-humanos capazes de superar a nossa capacidade j\u00e1 est\u00e3o a caminho\u00a0e podem representar uma\u00a0amea\u00e7a mortal para a humanidade. Pelo menos \u00e9 o que dizem pesquisadores da Universidade de Oxford.Em uma apresenta\u00e7\u00e3o ao comit\u00ea brit\u00e2nico de Ci\u00eancia e Tecnologia (\u201cScience and Technology [&hellip;]<\/p>\n","protected":false},"author":2,"featured_media":38637,"comment_status":"open","ping_status":"open","sticky":false,"template":"","format":"standard","meta":{"footnotes":""},"categories":[3],"tags":[4055,11652,383,7727,18078,53],"class_list":["post-38636","post","type-post","status-publish","format-standard","has-post-thumbnail","hentry","category-tecnologia","tag-algoritmos","tag-armas-nucleares","tag-humanidade","tag-ia","tag-ia-avancada","tag-inteligencia-artificial"],"yoast_head":"<!-- This site is optimized with the Yoast SEO plugin v26.5 - https:\/\/yoast.com\/wordpress\/plugins\/seo\/ -->\n<title>IA avan\u00e7ada \u201cpode acabar com a humanidade\u201d, alertam pesquisadores - Jornal Fatos e Not\u00edcias<\/title>\n<meta name=\"robots\" content=\"index, follow, max-snippet:-1, max-image-preview:large, max-video-preview:-1\" \/>\n<link rel=\"canonical\" href=\"https:\/\/jornalfatosenoticias.com.br\/index.php\/2023\/02\/09\/ia-avancada-pode-acabar-com-a-humanidade-alertam-pesquisadores\/\" \/>\n<meta property=\"og:locale\" content=\"pt_BR\" \/>\n<meta property=\"og:type\" content=\"article\" \/>\n<meta property=\"og:title\" content=\"IA avan\u00e7ada \u201cpode acabar com a humanidade\u201d, alertam pesquisadores - Jornal Fatos e Not\u00edcias\" \/>\n<meta property=\"og:description\" content=\"Especialistas dizem que a intelig\u00eancia artificial avan\u00e7ada deve ser regulada como armas nucleares Algoritmos sobre-humanos capazes de superar a nossa capacidade j\u00e1 est\u00e3o a caminho\u00a0e podem representar uma\u00a0amea\u00e7a mortal para a humanidade. Pelo menos \u00e9 o que dizem pesquisadores da Universidade de Oxford.Em uma apresenta\u00e7\u00e3o ao comit\u00ea brit\u00e2nico de Ci\u00eancia e Tecnologia (\u201cScience and Technology [&hellip;]\" \/>\n<meta property=\"og:url\" content=\"https:\/\/jornalfatosenoticias.com.br\/index.php\/2023\/02\/09\/ia-avancada-pode-acabar-com-a-humanidade-alertam-pesquisadores\/\" \/>\n<meta property=\"og:site_name\" content=\"Jornal Fatos e Not\u00edcias\" \/>\n<meta property=\"article:published_time\" content=\"2023-02-09T17:32:56+00:00\" \/>\n<meta property=\"article:modified_time\" content=\"2023-02-09T17:32:57+00:00\" \/>\n<meta property=\"og:image\" content=\"https:\/\/jornalfatosenoticias.com.br\/wp-content\/uploads\/2023\/02\/IA-avancada_shutterstock.jpg\" \/>\n\t<meta property=\"og:image:width\" content=\"1000\" \/>\n\t<meta property=\"og:image:height\" content=\"562\" \/>\n\t<meta property=\"og:image:type\" content=\"image\/jpeg\" \/>\n<meta name=\"author\" content=\"Luzimara Fernandes\" \/>\n<meta name=\"twitter:card\" content=\"summary_large_image\" \/>\n<meta name=\"twitter:label1\" content=\"Escrito por\" \/>\n\t<meta name=\"twitter:data1\" content=\"Luzimara Fernandes\" \/>\n\t<meta name=\"twitter:label2\" content=\"Est. tempo de leitura\" \/>\n\t<meta name=\"twitter:data2\" content=\"3 minutos\" \/>\n<script type=\"application\/ld+json\" class=\"yoast-schema-graph\">{\"@context\":\"https:\/\/schema.org\",\"@graph\":[{\"@type\":\"Article\",\"@id\":\"https:\/\/jornalfatosenoticias.com.br\/index.php\/2023\/02\/09\/ia-avancada-pode-acabar-com-a-humanidade-alertam-pesquisadores\/#article\",\"isPartOf\":{\"@id\":\"https:\/\/jornalfatosenoticias.com.br\/index.php\/2023\/02\/09\/ia-avancada-pode-acabar-com-a-humanidade-alertam-pesquisadores\/\"},\"author\":{\"name\":\"Luzimara Fernandes\",\"@id\":\"https:\/\/jornalfatosenoticias.com.br\/#\/schema\/person\/d63837fa13ac8666eb9e74e0985d6f81\"},\"headline\":\"IA avan\u00e7ada \u201cpode acabar com a humanidade\u201d, alertam pesquisadores\",\"datePublished\":\"2023-02-09T17:32:56+00:00\",\"dateModified\":\"2023-02-09T17:32:57+00:00\",\"mainEntityOfPage\":{\"@id\":\"https:\/\/jornalfatosenoticias.com.br\/index.php\/2023\/02\/09\/ia-avancada-pode-acabar-com-a-humanidade-alertam-pesquisadores\/\"},\"wordCount\":540,\"commentCount\":0,\"publisher\":{\"@id\":\"https:\/\/jornalfatosenoticias.com.br\/#organization\"},\"image\":{\"@id\":\"https:\/\/jornalfatosenoticias.com.br\/index.php\/2023\/02\/09\/ia-avancada-pode-acabar-com-a-humanidade-alertam-pesquisadores\/#primaryimage\"},\"thumbnailUrl\":\"https:\/\/jornalfatosenoticias.com.br\/wp-content\/uploads\/2023\/02\/IA-avancada_shutterstock.jpg\",\"keywords\":[\"algoritmos\",\"armas nucleares\",\"humanidade\",\"IA\",\"IA avan\u00e7ada\",\"intelig\u00eancia artificial\"],\"articleSection\":[\"Tecnologia &amp; Inova\u00e7\u00e3o\"],\"inLanguage\":\"pt-BR\",\"potentialAction\":[{\"@type\":\"CommentAction\",\"name\":\"Comment\",\"target\":[\"https:\/\/jornalfatosenoticias.com.br\/index.php\/2023\/02\/09\/ia-avancada-pode-acabar-com-a-humanidade-alertam-pesquisadores\/#respond\"]}]},{\"@type\":\"WebPage\",\"@id\":\"https:\/\/jornalfatosenoticias.com.br\/index.php\/2023\/02\/09\/ia-avancada-pode-acabar-com-a-humanidade-alertam-pesquisadores\/\",\"url\":\"https:\/\/jornalfatosenoticias.com.br\/index.php\/2023\/02\/09\/ia-avancada-pode-acabar-com-a-humanidade-alertam-pesquisadores\/\",\"name\":\"IA avan\u00e7ada \u201cpode acabar com a humanidade\u201d, alertam pesquisadores - Jornal Fatos e Not\u00edcias\",\"isPartOf\":{\"@id\":\"https:\/\/jornalfatosenoticias.com.br\/#website\"},\"primaryImageOfPage\":{\"@id\":\"https:\/\/jornalfatosenoticias.com.br\/index.php\/2023\/02\/09\/ia-avancada-pode-acabar-com-a-humanidade-alertam-pesquisadores\/#primaryimage\"},\"image\":{\"@id\":\"https:\/\/jornalfatosenoticias.com.br\/index.php\/2023\/02\/09\/ia-avancada-pode-acabar-com-a-humanidade-alertam-pesquisadores\/#primaryimage\"},\"thumbnailUrl\":\"https:\/\/jornalfatosenoticias.com.br\/wp-content\/uploads\/2023\/02\/IA-avancada_shutterstock.jpg\",\"datePublished\":\"2023-02-09T17:32:56+00:00\",\"dateModified\":\"2023-02-09T17:32:57+00:00\",\"breadcrumb\":{\"@id\":\"https:\/\/jornalfatosenoticias.com.br\/index.php\/2023\/02\/09\/ia-avancada-pode-acabar-com-a-humanidade-alertam-pesquisadores\/#breadcrumb\"},\"inLanguage\":\"pt-BR\",\"potentialAction\":[{\"@type\":\"ReadAction\",\"target\":[\"https:\/\/jornalfatosenoticias.com.br\/index.php\/2023\/02\/09\/ia-avancada-pode-acabar-com-a-humanidade-alertam-pesquisadores\/\"]}]},{\"@type\":\"ImageObject\",\"inLanguage\":\"pt-BR\",\"@id\":\"https:\/\/jornalfatosenoticias.com.br\/index.php\/2023\/02\/09\/ia-avancada-pode-acabar-com-a-humanidade-alertam-pesquisadores\/#primaryimage\",\"url\":\"https:\/\/jornalfatosenoticias.com.br\/wp-content\/uploads\/2023\/02\/IA-avancada_shutterstock.jpg\",\"contentUrl\":\"https:\/\/jornalfatosenoticias.com.br\/wp-content\/uploads\/2023\/02\/IA-avancada_shutterstock.jpg\",\"width\":1000,\"height\":562},{\"@type\":\"BreadcrumbList\",\"@id\":\"https:\/\/jornalfatosenoticias.com.br\/index.php\/2023\/02\/09\/ia-avancada-pode-acabar-com-a-humanidade-alertam-pesquisadores\/#breadcrumb\",\"itemListElement\":[{\"@type\":\"ListItem\",\"position\":1,\"name\":\"In\u00edcio\",\"item\":\"https:\/\/jornalfatosenoticias.com.br\/\"},{\"@type\":\"ListItem\",\"position\":2,\"name\":\"IA avan\u00e7ada \u201cpode acabar com a humanidade\u201d, alertam pesquisadores\"}]},{\"@type\":\"WebSite\",\"@id\":\"https:\/\/jornalfatosenoticias.com.br\/#website\",\"url\":\"https:\/\/jornalfatosenoticias.com.br\/\",\"name\":\"Jornal Fatos e Not\u00edcias\",\"description\":\"Not\u00edcias em geral\",\"publisher\":{\"@id\":\"https:\/\/jornalfatosenoticias.com.br\/#organization\"},\"potentialAction\":[{\"@type\":\"SearchAction\",\"target\":{\"@type\":\"EntryPoint\",\"urlTemplate\":\"https:\/\/jornalfatosenoticias.com.br\/?s={search_term_string}\"},\"query-input\":{\"@type\":\"PropertyValueSpecification\",\"valueRequired\":true,\"valueName\":\"search_term_string\"}}],\"inLanguage\":\"pt-BR\"},{\"@type\":\"Organization\",\"@id\":\"https:\/\/jornalfatosenoticias.com.br\/#organization\",\"name\":\"Jornal Fatos e Not\u00edcias\",\"url\":\"https:\/\/jornalfatosenoticias.com.br\/\",\"logo\":{\"@type\":\"ImageObject\",\"inLanguage\":\"pt-BR\",\"@id\":\"https:\/\/jornalfatosenoticias.com.br\/#\/schema\/logo\/image\/\",\"url\":\"https:\/\/jornalfatosenoticias.com.br\/wp-content\/uploads\/2020\/02\/logo120.png\",\"contentUrl\":\"https:\/\/jornalfatosenoticias.com.br\/wp-content\/uploads\/2020\/02\/logo120.png\",\"width\":1227,\"height\":120,\"caption\":\"Jornal Fatos e Not\u00edcias\"},\"image\":{\"@id\":\"https:\/\/jornalfatosenoticias.com.br\/#\/schema\/logo\/image\/\"}},{\"@type\":\"Person\",\"@id\":\"https:\/\/jornalfatosenoticias.com.br\/#\/schema\/person\/d63837fa13ac8666eb9e74e0985d6f81\",\"name\":\"Luzimara Fernandes\",\"image\":{\"@type\":\"ImageObject\",\"inLanguage\":\"pt-BR\",\"@id\":\"https:\/\/jornalfatosenoticias.com.br\/#\/schema\/person\/image\/\",\"url\":\"https:\/\/jornalfatosenoticias.com.br\/wp-content\/uploads\/2025\/05\/EU_portal.jpg\",\"contentUrl\":\"https:\/\/jornalfatosenoticias.com.br\/wp-content\/uploads\/2025\/05\/EU_portal.jpg\",\"caption\":\"Luzimara Fernandes\"},\"description\":\"Jornalista MTB 2358-ES\",\"sameAs\":[\"https:\/\/jornalfatosenoticias.com.br\"],\"url\":\"https:\/\/jornalfatosenoticias.com.br\/index.php\/author\/luzimara\/\"}]}<\/script>\n<!-- \/ Yoast SEO plugin. -->","yoast_head_json":{"title":"IA avan\u00e7ada \u201cpode acabar com a humanidade\u201d, alertam pesquisadores - Jornal Fatos e Not\u00edcias","robots":{"index":"index","follow":"follow","max-snippet":"max-snippet:-1","max-image-preview":"max-image-preview:large","max-video-preview":"max-video-preview:-1"},"canonical":"https:\/\/jornalfatosenoticias.com.br\/index.php\/2023\/02\/09\/ia-avancada-pode-acabar-com-a-humanidade-alertam-pesquisadores\/","og_locale":"pt_BR","og_type":"article","og_title":"IA avan\u00e7ada \u201cpode acabar com a humanidade\u201d, alertam pesquisadores - Jornal Fatos e Not\u00edcias","og_description":"Especialistas dizem que a intelig\u00eancia artificial avan\u00e7ada deve ser regulada como armas nucleares Algoritmos sobre-humanos capazes de superar a nossa capacidade j\u00e1 est\u00e3o a caminho\u00a0e podem representar uma\u00a0amea\u00e7a mortal para a humanidade. Pelo menos \u00e9 o que dizem pesquisadores da Universidade de Oxford.Em uma apresenta\u00e7\u00e3o ao comit\u00ea brit\u00e2nico de Ci\u00eancia e Tecnologia (\u201cScience and Technology [&hellip;]","og_url":"https:\/\/jornalfatosenoticias.com.br\/index.php\/2023\/02\/09\/ia-avancada-pode-acabar-com-a-humanidade-alertam-pesquisadores\/","og_site_name":"Jornal Fatos e Not\u00edcias","article_published_time":"2023-02-09T17:32:56+00:00","article_modified_time":"2023-02-09T17:32:57+00:00","og_image":[{"width":1000,"height":562,"url":"https:\/\/jornalfatosenoticias.com.br\/wp-content\/uploads\/2023\/02\/IA-avancada_shutterstock.jpg","type":"image\/jpeg"}],"author":"Luzimara Fernandes","twitter_card":"summary_large_image","twitter_misc":{"Escrito por":"Luzimara Fernandes","Est. tempo de leitura":"3 minutos"},"schema":{"@context":"https:\/\/schema.org","@graph":[{"@type":"Article","@id":"https:\/\/jornalfatosenoticias.com.br\/index.php\/2023\/02\/09\/ia-avancada-pode-acabar-com-a-humanidade-alertam-pesquisadores\/#article","isPartOf":{"@id":"https:\/\/jornalfatosenoticias.com.br\/index.php\/2023\/02\/09\/ia-avancada-pode-acabar-com-a-humanidade-alertam-pesquisadores\/"},"author":{"name":"Luzimara Fernandes","@id":"https:\/\/jornalfatosenoticias.com.br\/#\/schema\/person\/d63837fa13ac8666eb9e74e0985d6f81"},"headline":"IA avan\u00e7ada \u201cpode acabar com a humanidade\u201d, alertam pesquisadores","datePublished":"2023-02-09T17:32:56+00:00","dateModified":"2023-02-09T17:32:57+00:00","mainEntityOfPage":{"@id":"https:\/\/jornalfatosenoticias.com.br\/index.php\/2023\/02\/09\/ia-avancada-pode-acabar-com-a-humanidade-alertam-pesquisadores\/"},"wordCount":540,"commentCount":0,"publisher":{"@id":"https:\/\/jornalfatosenoticias.com.br\/#organization"},"image":{"@id":"https:\/\/jornalfatosenoticias.com.br\/index.php\/2023\/02\/09\/ia-avancada-pode-acabar-com-a-humanidade-alertam-pesquisadores\/#primaryimage"},"thumbnailUrl":"https:\/\/jornalfatosenoticias.com.br\/wp-content\/uploads\/2023\/02\/IA-avancada_shutterstock.jpg","keywords":["algoritmos","armas nucleares","humanidade","IA","IA avan\u00e7ada","intelig\u00eancia artificial"],"articleSection":["Tecnologia &amp; Inova\u00e7\u00e3o"],"inLanguage":"pt-BR","potentialAction":[{"@type":"CommentAction","name":"Comment","target":["https:\/\/jornalfatosenoticias.com.br\/index.php\/2023\/02\/09\/ia-avancada-pode-acabar-com-a-humanidade-alertam-pesquisadores\/#respond"]}]},{"@type":"WebPage","@id":"https:\/\/jornalfatosenoticias.com.br\/index.php\/2023\/02\/09\/ia-avancada-pode-acabar-com-a-humanidade-alertam-pesquisadores\/","url":"https:\/\/jornalfatosenoticias.com.br\/index.php\/2023\/02\/09\/ia-avancada-pode-acabar-com-a-humanidade-alertam-pesquisadores\/","name":"IA avan\u00e7ada \u201cpode acabar com a humanidade\u201d, alertam pesquisadores - Jornal Fatos e Not\u00edcias","isPartOf":{"@id":"https:\/\/jornalfatosenoticias.com.br\/#website"},"primaryImageOfPage":{"@id":"https:\/\/jornalfatosenoticias.com.br\/index.php\/2023\/02\/09\/ia-avancada-pode-acabar-com-a-humanidade-alertam-pesquisadores\/#primaryimage"},"image":{"@id":"https:\/\/jornalfatosenoticias.com.br\/index.php\/2023\/02\/09\/ia-avancada-pode-acabar-com-a-humanidade-alertam-pesquisadores\/#primaryimage"},"thumbnailUrl":"https:\/\/jornalfatosenoticias.com.br\/wp-content\/uploads\/2023\/02\/IA-avancada_shutterstock.jpg","datePublished":"2023-02-09T17:32:56+00:00","dateModified":"2023-02-09T17:32:57+00:00","breadcrumb":{"@id":"https:\/\/jornalfatosenoticias.com.br\/index.php\/2023\/02\/09\/ia-avancada-pode-acabar-com-a-humanidade-alertam-pesquisadores\/#breadcrumb"},"inLanguage":"pt-BR","potentialAction":[{"@type":"ReadAction","target":["https:\/\/jornalfatosenoticias.com.br\/index.php\/2023\/02\/09\/ia-avancada-pode-acabar-com-a-humanidade-alertam-pesquisadores\/"]}]},{"@type":"ImageObject","inLanguage":"pt-BR","@id":"https:\/\/jornalfatosenoticias.com.br\/index.php\/2023\/02\/09\/ia-avancada-pode-acabar-com-a-humanidade-alertam-pesquisadores\/#primaryimage","url":"https:\/\/jornalfatosenoticias.com.br\/wp-content\/uploads\/2023\/02\/IA-avancada_shutterstock.jpg","contentUrl":"https:\/\/jornalfatosenoticias.com.br\/wp-content\/uploads\/2023\/02\/IA-avancada_shutterstock.jpg","width":1000,"height":562},{"@type":"BreadcrumbList","@id":"https:\/\/jornalfatosenoticias.com.br\/index.php\/2023\/02\/09\/ia-avancada-pode-acabar-com-a-humanidade-alertam-pesquisadores\/#breadcrumb","itemListElement":[{"@type":"ListItem","position":1,"name":"In\u00edcio","item":"https:\/\/jornalfatosenoticias.com.br\/"},{"@type":"ListItem","position":2,"name":"IA avan\u00e7ada \u201cpode acabar com a humanidade\u201d, alertam pesquisadores"}]},{"@type":"WebSite","@id":"https:\/\/jornalfatosenoticias.com.br\/#website","url":"https:\/\/jornalfatosenoticias.com.br\/","name":"Jornal Fatos e Not\u00edcias","description":"Not\u00edcias em geral","publisher":{"@id":"https:\/\/jornalfatosenoticias.com.br\/#organization"},"potentialAction":[{"@type":"SearchAction","target":{"@type":"EntryPoint","urlTemplate":"https:\/\/jornalfatosenoticias.com.br\/?s={search_term_string}"},"query-input":{"@type":"PropertyValueSpecification","valueRequired":true,"valueName":"search_term_string"}}],"inLanguage":"pt-BR"},{"@type":"Organization","@id":"https:\/\/jornalfatosenoticias.com.br\/#organization","name":"Jornal Fatos e Not\u00edcias","url":"https:\/\/jornalfatosenoticias.com.br\/","logo":{"@type":"ImageObject","inLanguage":"pt-BR","@id":"https:\/\/jornalfatosenoticias.com.br\/#\/schema\/logo\/image\/","url":"https:\/\/jornalfatosenoticias.com.br\/wp-content\/uploads\/2020\/02\/logo120.png","contentUrl":"https:\/\/jornalfatosenoticias.com.br\/wp-content\/uploads\/2020\/02\/logo120.png","width":1227,"height":120,"caption":"Jornal Fatos e Not\u00edcias"},"image":{"@id":"https:\/\/jornalfatosenoticias.com.br\/#\/schema\/logo\/image\/"}},{"@type":"Person","@id":"https:\/\/jornalfatosenoticias.com.br\/#\/schema\/person\/d63837fa13ac8666eb9e74e0985d6f81","name":"Luzimara Fernandes","image":{"@type":"ImageObject","inLanguage":"pt-BR","@id":"https:\/\/jornalfatosenoticias.com.br\/#\/schema\/person\/image\/","url":"https:\/\/jornalfatosenoticias.com.br\/wp-content\/uploads\/2025\/05\/EU_portal.jpg","contentUrl":"https:\/\/jornalfatosenoticias.com.br\/wp-content\/uploads\/2025\/05\/EU_portal.jpg","caption":"Luzimara Fernandes"},"description":"Jornalista MTB 2358-ES","sameAs":["https:\/\/jornalfatosenoticias.com.br"],"url":"https:\/\/jornalfatosenoticias.com.br\/index.php\/author\/luzimara\/"}]}},"cc_featured_image_caption":{"caption_text":"(Foto: Shutterstock) ","source_text":"","source_url":""},"jetpack_featured_media_url":"https:\/\/jornalfatosenoticias.com.br\/wp-content\/uploads\/2023\/02\/IA-avancada_shutterstock.jpg","_links":{"self":[{"href":"https:\/\/jornalfatosenoticias.com.br\/index.php\/wp-json\/wp\/v2\/posts\/38636","targetHints":{"allow":["GET"]}}],"collection":[{"href":"https:\/\/jornalfatosenoticias.com.br\/index.php\/wp-json\/wp\/v2\/posts"}],"about":[{"href":"https:\/\/jornalfatosenoticias.com.br\/index.php\/wp-json\/wp\/v2\/types\/post"}],"author":[{"embeddable":true,"href":"https:\/\/jornalfatosenoticias.com.br\/index.php\/wp-json\/wp\/v2\/users\/2"}],"replies":[{"embeddable":true,"href":"https:\/\/jornalfatosenoticias.com.br\/index.php\/wp-json\/wp\/v2\/comments?post=38636"}],"version-history":[{"count":0,"href":"https:\/\/jornalfatosenoticias.com.br\/index.php\/wp-json\/wp\/v2\/posts\/38636\/revisions"}],"wp:featuredmedia":[{"embeddable":true,"href":"https:\/\/jornalfatosenoticias.com.br\/index.php\/wp-json\/wp\/v2\/media\/38637"}],"wp:attachment":[{"href":"https:\/\/jornalfatosenoticias.com.br\/index.php\/wp-json\/wp\/v2\/media?parent=38636"}],"wp:term":[{"taxonomy":"category","embeddable":true,"href":"https:\/\/jornalfatosenoticias.com.br\/index.php\/wp-json\/wp\/v2\/categories?post=38636"},{"taxonomy":"post_tag","embeddable":true,"href":"https:\/\/jornalfatosenoticias.com.br\/index.php\/wp-json\/wp\/v2\/tags?post=38636"}],"curies":[{"name":"wp","href":"https:\/\/api.w.org\/{rel}","templated":true}]}}