{"id":38721,"date":"2023-02-14T10:20:41","date_gmt":"2023-02-14T13:20:41","guid":{"rendered":"https:\/\/jornalfatosenoticias.com.br\/?p=38721"},"modified":"2023-02-14T10:20:42","modified_gmt":"2023-02-14T13:20:42","slug":"boto-do-araguaia-e-foco-de-pesquisa-no-para","status":"publish","type":"post","link":"https:\/\/jornalfatosenoticias.com.br\/index.php\/2023\/02\/14\/boto-do-araguaia-e-foco-de-pesquisa-no-para\/","title":{"rendered":"Boto-do-araguaia \u00e9 foco de pesquisa no Par\u00e1"},"content":{"rendered":"\n<p><em><span class=\"has-inline-color has-black-color\">Al\u00e9m de povoarem os rios e o imagin\u00e1rio popular na Amaz\u00f4nia, eles tamb\u00e9m instigam a busca por respostas na ci\u00eancia. Esp\u00e9cie est\u00e1 na Lista Vermelha de Esp\u00e9cies Amea\u00e7adas<\/span><\/em><\/p>\n\n\n\n<div class=\"wp-block-image\"><figure class=\"aligncenter size-large\"><img decoding=\"async\" src=\"https:\/\/jornalfatosenoticias.com.br\/wp-content\/uploads\/2020\/02\/Serra-Grande-1024x160.png\" alt=\"\" class=\"wp-image-7836\"\/><\/figure><\/div>\n\n\n\n<p>Al\u00e9m de povoarem os rios e o imagin\u00e1rio popular na Amaz\u00f4nia, eles tamb\u00e9m instigam a busca por respostas na ci\u00eancia. Os botos, mais especificamente os da esp\u00e9cie boto-do-araguaia (<em>Inia araguaiaensis<\/em>), s\u00e3o o foco de um projeto coordenado pela Universidade Federal Rural da Amaz\u00f4nia (Ufra). O estudo vai fazer um mapeamento da sa\u00fade dos animais, desde aspectos fisiol\u00f3gicos, at\u00e9 vocaliza\u00e7\u00e3o e biologia.<\/p>\n\n\n\n<div class=\"wp-block-image\"><figure class=\"alignleft size-large is-resized\"><img decoding=\"async\" src=\"https:\/\/jornalfatosenoticias.com.br\/wp-content\/uploads\/2022\/07\/Logo-Grupo-SEI.jpg\" alt=\"\" class=\"wp-image-31973\" width=\"-99\" height=\"-51\" srcset=\"https:\/\/jornalfatosenoticias.com.br\/wp-content\/uploads\/2022\/07\/Logo-Grupo-SEI.jpg 713w, https:\/\/jornalfatosenoticias.com.br\/wp-content\/uploads\/2022\/07\/Logo-Grupo-SEI-300x158.jpg 300w\" sizes=\"(max-width: 713px) 100vw, 713px\" \/><\/figure><\/div>\n\n\n\n<p>As d\u00favidas sobre esses animais tem um motivo. O boto-do-araguaia \u00e9 a mais recente esp\u00e9cie de golfinho de rio registrada na Amaz\u00f4nia, sendo identificada por cientistas da Universidade Federal do Amazonas (Ufam) somente em 2014. A esp\u00e9cie se soma \u00e0s j\u00e1 conhecidas nos rios amaz\u00f4nicos: <em>Inia geoffrensis <\/em>e<em> Inia boliviensis, <\/em>al\u00e9m da<em> Sotalia fluviatilis. <\/em>O lar do <em>Inia araguaiaensis<\/em> \u00e9 a bacia Araguaia-Tocantins, que abrange os estados do Par\u00e1, Tocantins, Maranh\u00e3o, Goi\u00e1s e Mato Grosso, al\u00e9m do Distrito Federal. No Par\u00e1, o polo re\u00fane 45 munic\u00edpios, entre eles Mocajuba e Camet\u00e1, onde ser\u00e3o desenvolvidas as atividades de campo da pesquisa. No total, ser\u00e3o avaliados 14 botos de Mocajuba e 13 de Camet\u00e1.<\/p>\n\n\n\n<div class=\"wp-block-image\"><figure class=\"aligncenter size-large\"><img loading=\"lazy\" decoding=\"async\" width=\"300\" height=\"250\" src=\"https:\/\/jornalfatosenoticias.com.br\/wp-content\/uploads\/2022\/08\/arte-Casarao.jpg\" alt=\"\" class=\"wp-image-33178\"\/><\/figure><\/div>\n\n\n\n<figure class=\"wp-block-pullquote\"><blockquote><p><span class=\"has-inline-color has-luminous-vivid-orange-color\">S\u00e3o regi\u00f5es que t\u00eam recebido muitos turistas, especial em Mocajuba, com a regi\u00e3o de mercado, e os animais acostumaram-se com a presen\u00e7a humana, ent\u00e3o n\u00e3o sabemos ao certo como essas intera\u00e7\u00f5es est\u00e3o sendo demonstradas no aspecto fisiol\u00f3gico dos animais. A priori faremos uma an\u00e1lise hormonal, com a avalia\u00e7\u00e3o de dois horm\u00f4nios, o Cortisol e o sulfato de desidroepiandrosterona (DHEAs), para avaliar o n\u00edvel de stress, juntamente com pesquisadores que v\u00e3o fazer a an\u00e1lise ac\u00fastica, al\u00e9m de coleta de sangue, hematologia, bioqu\u00edmica, ou seja, toda a sa\u00fade desse animal ser\u00e1 mapeada pelo projeto, o que nos ajudar\u00e1 a sanar v\u00e1rias d\u00favidas sobre a esp\u00e9cie&#8221;, explica Layane Maia, doutoranda que integra o projeto e que vai fazer a an\u00e1lise hormonal dos animais.<\/span><\/p><\/blockquote><\/figure>\n\n\n\n<div class=\"wp-block-image\"><figure class=\"aligncenter size-large\"><img loading=\"lazy\" decoding=\"async\" width=\"1024\" height=\"110\" src=\"https:\/\/jornalfatosenoticias.com.br\/wp-content\/uploads\/2022\/10\/Arte-jornal-Zucchi-1120x120_Prancheta-1-1024x110.jpg\" alt=\"\" class=\"wp-image-34772\" srcset=\"https:\/\/jornalfatosenoticias.com.br\/wp-content\/uploads\/2022\/10\/Arte-jornal-Zucchi-1120x120_Prancheta-1-1024x110.jpg 1024w, https:\/\/jornalfatosenoticias.com.br\/wp-content\/uploads\/2022\/10\/Arte-jornal-Zucchi-1120x120_Prancheta-1-300x32.jpg 300w, https:\/\/jornalfatosenoticias.com.br\/wp-content\/uploads\/2022\/10\/Arte-jornal-Zucchi-1120x120_Prancheta-1-768x82.jpg 768w, https:\/\/jornalfatosenoticias.com.br\/wp-content\/uploads\/2022\/10\/Arte-jornal-Zucchi-1120x120_Prancheta-1-1536x165.jpg 1536w, https:\/\/jornalfatosenoticias.com.br\/wp-content\/uploads\/2022\/10\/Arte-jornal-Zucchi-1120x120_Prancheta-1-2048x219.jpg 2048w\" sizes=\"auto, (max-width: 1024px) 100vw, 1024px\" \/><\/figure><\/div>\n\n\n\n<p>Apesar do registro cient\u00edfico recente, a esp\u00e9cie j\u00e1 \u00e9 considerada &#8220;vulner\u00e1vel&#8221; e integra a <strong>Lista Vermelha de Esp\u00e9cies Amea\u00e7adas.<\/strong> De acordo com os crit\u00e9rios da <strong>Uni\u00e3o Internacional para a Conserva\u00e7\u00e3o da Natureza (IUCN)<\/strong>, &#8220;vulner\u00e1vel&#8221; \u00e9 quando uma esp\u00e9cie tem um risco elevado de extin\u00e7\u00e3o na natureza, exceto se as circunst\u00e2ncias que amea\u00e7am a sua sobreviv\u00eancia e reprodu\u00e7\u00e3o melhorem.<\/p>\n\n\n\n<div class=\"wp-block-image\"><figure class=\"alignright size-large\"><img decoding=\"async\" src=\"https:\/\/jornalfatosenoticias.com.br\/wp-content\/uploads\/2020\/02\/barao-das-carnes-300x164-1.jpg\" alt=\"\" class=\"wp-image-34339\"\/><\/figure><\/div>\n\n\n\n<p>No caso dos botos, a vulnerabilidade \u00e9 causada principalmente pelas intera\u00e7\u00f5es negativas com atividades pesqueiras e pela perda ou destrui\u00e7\u00e3o de habitat. Outro fator \u00e9 a quest\u00e3o cultural, o que tamb\u00e9m \u00e9 uma preocupa\u00e7\u00e3o dos pesquisadores do projeto. Al\u00e9m das hist\u00f3rias sobre o homem charmoso, vestido de branco, que aparece em noites de lua cheia para seduzir mo\u00e7as ribeirinhas e depois se transforma em boto, os animais tamb\u00e9m s\u00e3o v\u00edtimas de outras situa\u00e7\u00f5es.<\/p>\n\n\n\n<div class=\"wp-block-image\"><figure class=\"aligncenter size-large is-resized\"><img loading=\"lazy\" decoding=\"async\" src=\"https:\/\/jornalfatosenoticias.com.br\/wp-content\/uploads\/2022\/02\/Precisao-Contabilidade-1024x724.jpg\" alt=\"\" class=\"wp-image-28088\" width=\"327\" height=\"231\"\/><\/figure><\/div>\n\n\n\n<figure class=\"wp-block-pullquote\"><blockquote><p><span class=\"has-inline-color has-luminous-vivid-orange-color\">Ainda \u00e9 muito comum o com\u00e9rcio de subprodutos desses animais, de \u00f3rg\u00e3os e tecidos para diversas finalidades, desde atrativo sexual, amuleto e tratamentos de algumas doen\u00e7as. Quando vamos \u00e0 comunidade e levamos os dados cient\u00edficos, eles conseguem perceber o valor do animal dentro daquele ambiente, o valor ecol\u00f3gico dele. O boto carrega um valor m\u00e1gico e religioso muito grande, ent\u00e3o junto \u00e0 parte de estudo hormonal e comportamental, \u00e9 feito um trabalho de educa\u00e7\u00e3o ambiental e sensibiliza\u00e7\u00e3o. A popula\u00e7\u00e3o est\u00e1 sempre acompanhando o movimento, ent\u00e3o conseguimos fazer essa liga\u00e7\u00e3o entre a comunidade e a academia. Boto \u00e9 um animal topo de cadeia, uma sentinela, saber que eles est\u00e3o ali \u00e9 um sinal de como est\u00e1 a sa\u00fade daquele rio&#8221;, explica Layane Maia.<\/span><\/p><\/blockquote><\/figure>\n\n\n\n<div class=\"wp-block-image\"><figure class=\"alignleft size-large is-resized\"><img decoding=\"async\" src=\"https:\/\/jornalfatosenoticias.com.br\/wp-content\/uploads\/2020\/02\/nova-logo-Marquetti.jpg\" alt=\"\" class=\"wp-image-22331\" width=\"-135\" height=\"-91\" srcset=\"https:\/\/jornalfatosenoticias.com.br\/wp-content\/uploads\/2020\/02\/nova-logo-Marquetti.jpg 643w, https:\/\/jornalfatosenoticias.com.br\/wp-content\/uploads\/2020\/02\/nova-logo-Marquetti-300x202.jpg 300w\" sizes=\"(max-width: 643px) 100vw, 643px\" \/><\/figure><\/div>\n\n\n\n<p>As avalia\u00e7\u00f5es v\u00e3o incluir coleta de sangue, borrifo, pele e fezes, avalia\u00e7\u00e3o bioqu\u00edmica e ultrassom. &#8220;Se aparecer um animal doente ainda n\u00e3o sabemos se ele est\u00e1 com anemia, infec\u00e7\u00e3o, porque n\u00e3o temos dados sobre isso. Por isso vamos fazer a avalia\u00e7\u00e3o e conseguir estabelecer algum padr\u00e3o. Podemos ter indicadores renais, hep\u00e1ticos, glicose. Vamos fazer toda uma avalia\u00e7\u00e3o, que ainda n\u00e3o temos sobre a esp\u00e9cie&#8221;, explica Rog\u00e9rio Silva, aluno de doutorado.<br>Segundo o professor Frederico Ozanan, que coordena o projeto, os estudos de bem estar s\u00e3o fundamentais para a conserva\u00e7\u00e3o de animais em vida livre.<\/p>\n\n\n\n<div class=\"wp-block-image\"><figure class=\"aligncenter size-large\"><img loading=\"lazy\" decoding=\"async\" width=\"729\" height=\"90\" src=\"https:\/\/jornalfatosenoticias.com.br\/wp-content\/uploads\/2020\/02\/Logo_Mizu.png\" alt=\"\" class=\"wp-image-1441\" srcset=\"https:\/\/jornalfatosenoticias.com.br\/wp-content\/uploads\/2020\/02\/Logo_Mizu.png 729w, https:\/\/jornalfatosenoticias.com.br\/wp-content\/uploads\/2020\/02\/Logo_Mizu-300x37.png 300w\" sizes=\"auto, (max-width: 729px) 100vw, 729px\" \/><\/figure><\/div>\n\n\n\n<div class=\"wp-block-image\"><figure class=\"aligncenter size-large\"><img loading=\"lazy\" decoding=\"async\" width=\"1000\" height=\"666\" src=\"https:\/\/jornalfatosenoticias.com.br\/wp-content\/uploads\/2023\/02\/botos-do-araguaia_gettyimages.jpg\" alt=\"\" class=\"wp-image-38722\" srcset=\"https:\/\/jornalfatosenoticias.com.br\/wp-content\/uploads\/2023\/02\/botos-do-araguaia_gettyimages.jpg 1000w, https:\/\/jornalfatosenoticias.com.br\/wp-content\/uploads\/2023\/02\/botos-do-araguaia_gettyimages-300x200.jpg 300w, https:\/\/jornalfatosenoticias.com.br\/wp-content\/uploads\/2023\/02\/botos-do-araguaia_gettyimages-768x511.jpg 768w\" sizes=\"auto, (max-width: 1000px) 100vw, 1000px\" \/><figcaption><em><span class=\"has-inline-color has-black-color\">O boto-do-araguaia \u00e9 a mais recente esp\u00e9cie de golfinho de rio registrada na Amaz\u00f4nia (Foto: Getty Images)<\/span><\/em><\/figcaption><\/figure><\/div>\n\n\n\n<figure class=\"wp-block-pullquote\"><blockquote><p><span class=\"has-inline-color has-luminous-vivid-orange-color\">Esses estudos ajudam a entender sobre aspectos importantes do comportamento da esp\u00e9cie em seu ambiente natural. Isso nos d\u00e1 subs\u00eddios para manejar melhor a esp\u00e9cie, proporcionando resultados mais claros de como deve ser a intera\u00e7\u00e3o animal-homem. Estudos in situ [na natureza] sempre contribuem bastante para a conserva\u00e7\u00e3o, pois s\u00e3o sempre muito menos abundantes do que os realizados em cativeiro [ex situ]. Assim, o conhecimento gerado pode fornecer informa\u00e7\u00f5es in\u00e9ditas para esp\u00e9cie&#8221;, explica.<\/span><\/p><\/blockquote><\/figure>\n\n\n\n<div class=\"wp-block-image\"><figure class=\"aligncenter size-large is-resized\"><img loading=\"lazy\" decoding=\"async\" src=\"https:\/\/jornalfatosenoticias.com.br\/wp-content\/uploads\/2020\/02\/logo-Panper_portal.jpg\" alt=\"\" class=\"wp-image-34474\" width=\"306\" height=\"212\" srcset=\"https:\/\/jornalfatosenoticias.com.br\/wp-content\/uploads\/2020\/02\/logo-Panper_portal.jpg 400w, https:\/\/jornalfatosenoticias.com.br\/wp-content\/uploads\/2020\/02\/logo-Panper_portal-300x208.jpg 300w\" sizes=\"auto, (max-width: 306px) 100vw, 306px\" \/><\/figure><\/div>\n\n\n\n<p>A equipe j\u00e1 fez viagens de campo e coletou material para ser analisado. O estudo j\u00e1 foi aprovado pela Comiss\u00e3o de \u00c9tica e Uso de Animais (Ceua) da Ufra e deve ter a dura\u00e7\u00e3o de tr\u00eas anos. &#8220;A cada visita estamos adaptando as t\u00e9cnicas de manejo, para causar menos impacto aos animais e tamb\u00e9m vamos convidar outros profissionais, que j\u00e1 tem experi\u00eancia nessa conten\u00e7\u00e3o, e que podem nos auxiliar durante a pesquisa&#8221;, diz o coordenador.<\/p>\n\n\n\n<div class=\"wp-block-image\"><figure class=\"aligncenter size-large\"><img loading=\"lazy\" decoding=\"async\" width=\"1024\" height=\"100\" src=\"https:\/\/jornalfatosenoticias.com.br\/wp-content\/uploads\/2022\/05\/NOVA-LOGO-CESCONETTO-1024x100.jpg\" alt=\"\" class=\"wp-image-30792\" srcset=\"https:\/\/jornalfatosenoticias.com.br\/wp-content\/uploads\/2022\/05\/NOVA-LOGO-CESCONETTO-1024x100.jpg 1024w, https:\/\/jornalfatosenoticias.com.br\/wp-content\/uploads\/2022\/05\/NOVA-LOGO-CESCONETTO-300x29.jpg 300w, https:\/\/jornalfatosenoticias.com.br\/wp-content\/uploads\/2022\/05\/NOVA-LOGO-CESCONETTO-768x75.jpg 768w, https:\/\/jornalfatosenoticias.com.br\/wp-content\/uploads\/2022\/05\/NOVA-LOGO-CESCONETTO.jpg 1280w\" sizes=\"auto, (max-width: 1024px) 100vw, 1024px\" \/><\/figure><\/div>\n\n\n\n<p>Os recursos do projeto ser\u00e3o aplicados em compra de equipamentos, reagentes, bolsa, log\u00edsticas e viagens de campo. O projeto tamb\u00e9m tem a parceria dos pesquisadores Ang\u00e9lica Rodrigues e Gabriel Melo-Santos, do Instituto Biologia e Conserva\u00e7\u00e3o dos Mam\u00edferos Aqu\u00e1ticos da Amaz\u00f4nia (BioMA); do professor. <\/p>\n\n\n\n<div class=\"wp-block-image\"><figure class=\"alignright size-large\"><img loading=\"lazy\" decoding=\"async\" width=\"300\" height=\"300\" src=\"https:\/\/jornalfatosenoticias.com.br\/wp-content\/uploads\/2020\/02\/casa-do-torresmo_portal.jpg\" alt=\"\" class=\"wp-image-34472\" srcset=\"https:\/\/jornalfatosenoticias.com.br\/wp-content\/uploads\/2020\/02\/casa-do-torresmo_portal.jpg 300w, https:\/\/jornalfatosenoticias.com.br\/wp-content\/uploads\/2020\/02\/casa-do-torresmo_portal-150x150.jpg 150w\" sizes=\"auto, (max-width: 300px) 100vw, 300px\" \/><\/figure><\/div>\n\n\n\n<p>Abelardo J\u00fanior da Universidade Federal de Alagoas (Ufal) e do professor Rinaldo Mota, da Universidade Federal Rural de Pernambuco (UFRPE).<br>O projeto &#8220;Par\u00e2metros fisiol\u00f3gicos e an\u00e1lise de risco para pat\u00f3genos zoon\u00f3ficos em botos-do-araguaia (<em>Inia araguaiaensis<\/em>) sob impactos ambientais no contexto One Health&#8221; foi contemplado com o primeiro lugar no edital da Iniciativa Amaz\u00f4nia +10 , programa de desenvolvimento de Ci\u00eancia, Tecnologia &amp; Inova\u00e7\u00e3o constru\u00eddo pelas Funda\u00e7\u00f5es de Amparo \u00e0 Pesquisa e organizado no \u00e2mbito do Conselho Nacional de Funda\u00e7\u00f5es de Amparo \u00e0 Pesquisa Estaduais (Confap).<\/p>\n\n\n\n<div class=\"wp-block-image\"><figure class=\"aligncenter size-large is-resized\"><img loading=\"lazy\" decoding=\"async\" src=\"https:\/\/jornalfatosenoticias.com.br\/wp-content\/uploads\/2020\/02\/logo-clinica-limoeiro.jpg\" alt=\"\" class=\"wp-image-34610\" width=\"299\" height=\"212\"\/><\/figure><\/div>\n\n\n\n<p>O edital Amaz\u00f4nia +10 foi destinado a apoiar a pesquisa cient\u00edfica e desenvolvimento tecnol\u00f3gico em institui\u00e7\u00f5es de ensino e pesquisa e em empresas sobre os problemas atuais da Amaz\u00f4nia, que tenham como foco o estreitamento das intera\u00e7\u00f5es natureza-sociedade para um desenvolvimento sustent\u00e1vel e inclusivo da regi\u00e3o.<\/p>\n\n\n\n<div class=\"wp-block-image\"><figure class=\"aligncenter size-large\"><img loading=\"lazy\" decoding=\"async\" width=\"560\" height=\"60\" src=\"https:\/\/jornalfatosenoticias.com.br\/wp-content\/uploads\/2022\/10\/Propaganda-RC-Radiadores-Jornal_page-0001.jpg\" alt=\"\" class=\"wp-image-35270\" srcset=\"https:\/\/jornalfatosenoticias.com.br\/wp-content\/uploads\/2022\/10\/Propaganda-RC-Radiadores-Jornal_page-0001.jpg 560w, https:\/\/jornalfatosenoticias.com.br\/wp-content\/uploads\/2022\/10\/Propaganda-RC-Radiadores-Jornal_page-0001-300x32.jpg 300w\" sizes=\"auto, (max-width: 560px) 100vw, 560px\" \/><\/figure><\/div>\n\n\n\n<p><strong><em>Fonte:<a href=\"https:\/\/portalamazonia.com\/noticias\/educacao\/boto-do-araguaia-e-foco-de-pesquisa-no-para-especie-esta-na-lista-vermelha-de-especies-ameacadas\"> Portal Amaz\u00f4nia<\/a><\/em><\/strong><\/p>\n","protected":false},"excerpt":{"rendered":"<p>Al\u00e9m de povoarem os rios e o imagin\u00e1rio popular na Amaz\u00f4nia, eles tamb\u00e9m instigam a busca por respostas na ci\u00eancia. Esp\u00e9cie est\u00e1 na Lista Vermelha de Esp\u00e9cies Amea\u00e7adas Al\u00e9m de povoarem os rios e o imagin\u00e1rio popular na Amaz\u00f4nia, eles tamb\u00e9m instigam a busca por respostas na ci\u00eancia. Os botos, mais especificamente os da esp\u00e9cie [&hellip;]<\/p>\n","protected":false},"author":2,"featured_media":38723,"comment_status":"open","ping_status":"open","sticky":false,"template":"","format":"standard","meta":{"footnotes":""},"categories":[8],"tags":[123,18110,751,345,18113,18111,18112,940,659],"class_list":["post-38721","post","type-post","status-publish","format-standard","has-post-thumbnail","hentry","category-meio-ambiente","tag-amazonia","tag-boto-do-araguaia","tag-botos","tag-educacao","tag-golfinho-de-rio","tag-lista-vermelha-de-especies-ameacadas","tag-mocajuba","tag-para","tag-rios"],"yoast_head":"<!-- This site is optimized with the Yoast SEO plugin v26.5 - https:\/\/yoast.com\/wordpress\/plugins\/seo\/ -->\n<title>Boto-do-araguaia \u00e9 foco de pesquisa no Par\u00e1 - Jornal Fatos e Not\u00edcias<\/title>\n<meta name=\"robots\" content=\"index, follow, max-snippet:-1, max-image-preview:large, max-video-preview:-1\" \/>\n<link rel=\"canonical\" href=\"https:\/\/jornalfatosenoticias.com.br\/index.php\/2023\/02\/14\/boto-do-araguaia-e-foco-de-pesquisa-no-para\/\" \/>\n<meta property=\"og:locale\" content=\"pt_BR\" \/>\n<meta property=\"og:type\" content=\"article\" \/>\n<meta property=\"og:title\" content=\"Boto-do-araguaia \u00e9 foco de pesquisa no Par\u00e1 - Jornal Fatos e Not\u00edcias\" \/>\n<meta property=\"og:description\" content=\"Al\u00e9m de povoarem os rios e o imagin\u00e1rio popular na Amaz\u00f4nia, eles tamb\u00e9m instigam a busca por respostas na ci\u00eancia. Esp\u00e9cie est\u00e1 na Lista Vermelha de Esp\u00e9cies Amea\u00e7adas Al\u00e9m de povoarem os rios e o imagin\u00e1rio popular na Amaz\u00f4nia, eles tamb\u00e9m instigam a busca por respostas na ci\u00eancia. Os botos, mais especificamente os da esp\u00e9cie [&hellip;]\" \/>\n<meta property=\"og:url\" content=\"https:\/\/jornalfatosenoticias.com.br\/index.php\/2023\/02\/14\/boto-do-araguaia-e-foco-de-pesquisa-no-para\/\" \/>\n<meta property=\"og:site_name\" content=\"Jornal Fatos e Not\u00edcias\" \/>\n<meta property=\"article:published_time\" content=\"2023-02-14T13:20:41+00:00\" \/>\n<meta property=\"article:modified_time\" content=\"2023-02-14T13:20:42+00:00\" \/>\n<meta property=\"og:image\" content=\"https:\/\/jornalfatosenoticias.com.br\/wp-content\/uploads\/2023\/02\/botos-do-araguaia2_gettyimages.jpg\" \/>\n\t<meta property=\"og:image:width\" content=\"1000\" \/>\n\t<meta property=\"og:image:height\" content=\"666\" \/>\n\t<meta property=\"og:image:type\" content=\"image\/jpeg\" \/>\n<meta name=\"author\" content=\"Luzimara Fernandes\" \/>\n<meta name=\"twitter:card\" content=\"summary_large_image\" \/>\n<meta name=\"twitter:label1\" content=\"Escrito por\" \/>\n\t<meta name=\"twitter:data1\" content=\"Luzimara Fernandes\" \/>\n\t<meta name=\"twitter:label2\" content=\"Est. tempo de leitura\" \/>\n\t<meta name=\"twitter:data2\" content=\"6 minutos\" \/>\n<script type=\"application\/ld+json\" class=\"yoast-schema-graph\">{\"@context\":\"https:\/\/schema.org\",\"@graph\":[{\"@type\":\"Article\",\"@id\":\"https:\/\/jornalfatosenoticias.com.br\/index.php\/2023\/02\/14\/boto-do-araguaia-e-foco-de-pesquisa-no-para\/#article\",\"isPartOf\":{\"@id\":\"https:\/\/jornalfatosenoticias.com.br\/index.php\/2023\/02\/14\/boto-do-araguaia-e-foco-de-pesquisa-no-para\/\"},\"author\":{\"name\":\"Luzimara Fernandes\",\"@id\":\"https:\/\/jornalfatosenoticias.com.br\/#\/schema\/person\/d63837fa13ac8666eb9e74e0985d6f81\"},\"headline\":\"Boto-do-araguaia \u00e9 foco de pesquisa no Par\u00e1\",\"datePublished\":\"2023-02-14T13:20:41+00:00\",\"dateModified\":\"2023-02-14T13:20:42+00:00\",\"mainEntityOfPage\":{\"@id\":\"https:\/\/jornalfatosenoticias.com.br\/index.php\/2023\/02\/14\/boto-do-araguaia-e-foco-de-pesquisa-no-para\/\"},\"wordCount\":1152,\"commentCount\":0,\"publisher\":{\"@id\":\"https:\/\/jornalfatosenoticias.com.br\/#organization\"},\"image\":{\"@id\":\"https:\/\/jornalfatosenoticias.com.br\/index.php\/2023\/02\/14\/boto-do-araguaia-e-foco-de-pesquisa-no-para\/#primaryimage\"},\"thumbnailUrl\":\"https:\/\/jornalfatosenoticias.com.br\/wp-content\/uploads\/2023\/02\/botos-do-araguaia2_gettyimages.jpg\",\"keywords\":[\"amaz\u00f4nia\",\"boto-do-araguaia\",\"botos\",\"educa\u00e7\u00e3o\",\"golfinho de rio\",\"Lista Vermelha de Esp\u00e9cies Amea\u00e7adas\",\"Mocajuba\",\"Par\u00e1\",\"rios\"],\"articleSection\":[\"Meio ambiente\"],\"inLanguage\":\"pt-BR\",\"potentialAction\":[{\"@type\":\"CommentAction\",\"name\":\"Comment\",\"target\":[\"https:\/\/jornalfatosenoticias.com.br\/index.php\/2023\/02\/14\/boto-do-araguaia-e-foco-de-pesquisa-no-para\/#respond\"]}]},{\"@type\":\"WebPage\",\"@id\":\"https:\/\/jornalfatosenoticias.com.br\/index.php\/2023\/02\/14\/boto-do-araguaia-e-foco-de-pesquisa-no-para\/\",\"url\":\"https:\/\/jornalfatosenoticias.com.br\/index.php\/2023\/02\/14\/boto-do-araguaia-e-foco-de-pesquisa-no-para\/\",\"name\":\"Boto-do-araguaia \u00e9 foco de pesquisa no Par\u00e1 - Jornal Fatos e Not\u00edcias\",\"isPartOf\":{\"@id\":\"https:\/\/jornalfatosenoticias.com.br\/#website\"},\"primaryImageOfPage\":{\"@id\":\"https:\/\/jornalfatosenoticias.com.br\/index.php\/2023\/02\/14\/boto-do-araguaia-e-foco-de-pesquisa-no-para\/#primaryimage\"},\"image\":{\"@id\":\"https:\/\/jornalfatosenoticias.com.br\/index.php\/2023\/02\/14\/boto-do-araguaia-e-foco-de-pesquisa-no-para\/#primaryimage\"},\"thumbnailUrl\":\"https:\/\/jornalfatosenoticias.com.br\/wp-content\/uploads\/2023\/02\/botos-do-araguaia2_gettyimages.jpg\",\"datePublished\":\"2023-02-14T13:20:41+00:00\",\"dateModified\":\"2023-02-14T13:20:42+00:00\",\"breadcrumb\":{\"@id\":\"https:\/\/jornalfatosenoticias.com.br\/index.php\/2023\/02\/14\/boto-do-araguaia-e-foco-de-pesquisa-no-para\/#breadcrumb\"},\"inLanguage\":\"pt-BR\",\"potentialAction\":[{\"@type\":\"ReadAction\",\"target\":[\"https:\/\/jornalfatosenoticias.com.br\/index.php\/2023\/02\/14\/boto-do-araguaia-e-foco-de-pesquisa-no-para\/\"]}]},{\"@type\":\"ImageObject\",\"inLanguage\":\"pt-BR\",\"@id\":\"https:\/\/jornalfatosenoticias.com.br\/index.php\/2023\/02\/14\/boto-do-araguaia-e-foco-de-pesquisa-no-para\/#primaryimage\",\"url\":\"https:\/\/jornalfatosenoticias.com.br\/wp-content\/uploads\/2023\/02\/botos-do-araguaia2_gettyimages.jpg\",\"contentUrl\":\"https:\/\/jornalfatosenoticias.com.br\/wp-content\/uploads\/2023\/02\/botos-do-araguaia2_gettyimages.jpg\",\"width\":1000,\"height\":666},{\"@type\":\"BreadcrumbList\",\"@id\":\"https:\/\/jornalfatosenoticias.com.br\/index.php\/2023\/02\/14\/boto-do-araguaia-e-foco-de-pesquisa-no-para\/#breadcrumb\",\"itemListElement\":[{\"@type\":\"ListItem\",\"position\":1,\"name\":\"In\u00edcio\",\"item\":\"https:\/\/jornalfatosenoticias.com.br\/\"},{\"@type\":\"ListItem\",\"position\":2,\"name\":\"Boto-do-araguaia \u00e9 foco de pesquisa no Par\u00e1\"}]},{\"@type\":\"WebSite\",\"@id\":\"https:\/\/jornalfatosenoticias.com.br\/#website\",\"url\":\"https:\/\/jornalfatosenoticias.com.br\/\",\"name\":\"Jornal Fatos e Not\u00edcias\",\"description\":\"Not\u00edcias em geral\",\"publisher\":{\"@id\":\"https:\/\/jornalfatosenoticias.com.br\/#organization\"},\"potentialAction\":[{\"@type\":\"SearchAction\",\"target\":{\"@type\":\"EntryPoint\",\"urlTemplate\":\"https:\/\/jornalfatosenoticias.com.br\/?s={search_term_string}\"},\"query-input\":{\"@type\":\"PropertyValueSpecification\",\"valueRequired\":true,\"valueName\":\"search_term_string\"}}],\"inLanguage\":\"pt-BR\"},{\"@type\":\"Organization\",\"@id\":\"https:\/\/jornalfatosenoticias.com.br\/#organization\",\"name\":\"Jornal Fatos e Not\u00edcias\",\"url\":\"https:\/\/jornalfatosenoticias.com.br\/\",\"logo\":{\"@type\":\"ImageObject\",\"inLanguage\":\"pt-BR\",\"@id\":\"https:\/\/jornalfatosenoticias.com.br\/#\/schema\/logo\/image\/\",\"url\":\"https:\/\/jornalfatosenoticias.com.br\/wp-content\/uploads\/2020\/02\/logo120.png\",\"contentUrl\":\"https:\/\/jornalfatosenoticias.com.br\/wp-content\/uploads\/2020\/02\/logo120.png\",\"width\":1227,\"height\":120,\"caption\":\"Jornal Fatos e Not\u00edcias\"},\"image\":{\"@id\":\"https:\/\/jornalfatosenoticias.com.br\/#\/schema\/logo\/image\/\"}},{\"@type\":\"Person\",\"@id\":\"https:\/\/jornalfatosenoticias.com.br\/#\/schema\/person\/d63837fa13ac8666eb9e74e0985d6f81\",\"name\":\"Luzimara Fernandes\",\"image\":{\"@type\":\"ImageObject\",\"inLanguage\":\"pt-BR\",\"@id\":\"https:\/\/jornalfatosenoticias.com.br\/#\/schema\/person\/image\/\",\"url\":\"https:\/\/jornalfatosenoticias.com.br\/wp-content\/uploads\/2025\/05\/EU_portal.jpg\",\"contentUrl\":\"https:\/\/jornalfatosenoticias.com.br\/wp-content\/uploads\/2025\/05\/EU_portal.jpg\",\"caption\":\"Luzimara Fernandes\"},\"description\":\"Jornalista MTB 2358-ES\",\"sameAs\":[\"https:\/\/jornalfatosenoticias.com.br\"],\"url\":\"https:\/\/jornalfatosenoticias.com.br\/index.php\/author\/luzimara\/\"}]}<\/script>\n<!-- \/ Yoast SEO plugin. -->","yoast_head_json":{"title":"Boto-do-araguaia \u00e9 foco de pesquisa no Par\u00e1 - Jornal Fatos e Not\u00edcias","robots":{"index":"index","follow":"follow","max-snippet":"max-snippet:-1","max-image-preview":"max-image-preview:large","max-video-preview":"max-video-preview:-1"},"canonical":"https:\/\/jornalfatosenoticias.com.br\/index.php\/2023\/02\/14\/boto-do-araguaia-e-foco-de-pesquisa-no-para\/","og_locale":"pt_BR","og_type":"article","og_title":"Boto-do-araguaia \u00e9 foco de pesquisa no Par\u00e1 - Jornal Fatos e Not\u00edcias","og_description":"Al\u00e9m de povoarem os rios e o imagin\u00e1rio popular na Amaz\u00f4nia, eles tamb\u00e9m instigam a busca por respostas na ci\u00eancia. Esp\u00e9cie est\u00e1 na Lista Vermelha de Esp\u00e9cies Amea\u00e7adas Al\u00e9m de povoarem os rios e o imagin\u00e1rio popular na Amaz\u00f4nia, eles tamb\u00e9m instigam a busca por respostas na ci\u00eancia. Os botos, mais especificamente os da esp\u00e9cie [&hellip;]","og_url":"https:\/\/jornalfatosenoticias.com.br\/index.php\/2023\/02\/14\/boto-do-araguaia-e-foco-de-pesquisa-no-para\/","og_site_name":"Jornal Fatos e Not\u00edcias","article_published_time":"2023-02-14T13:20:41+00:00","article_modified_time":"2023-02-14T13:20:42+00:00","og_image":[{"width":1000,"height":666,"url":"https:\/\/jornalfatosenoticias.com.br\/wp-content\/uploads\/2023\/02\/botos-do-araguaia2_gettyimages.jpg","type":"image\/jpeg"}],"author":"Luzimara Fernandes","twitter_card":"summary_large_image","twitter_misc":{"Escrito por":"Luzimara Fernandes","Est. tempo de leitura":"6 minutos"},"schema":{"@context":"https:\/\/schema.org","@graph":[{"@type":"Article","@id":"https:\/\/jornalfatosenoticias.com.br\/index.php\/2023\/02\/14\/boto-do-araguaia-e-foco-de-pesquisa-no-para\/#article","isPartOf":{"@id":"https:\/\/jornalfatosenoticias.com.br\/index.php\/2023\/02\/14\/boto-do-araguaia-e-foco-de-pesquisa-no-para\/"},"author":{"name":"Luzimara Fernandes","@id":"https:\/\/jornalfatosenoticias.com.br\/#\/schema\/person\/d63837fa13ac8666eb9e74e0985d6f81"},"headline":"Boto-do-araguaia \u00e9 foco de pesquisa no Par\u00e1","datePublished":"2023-02-14T13:20:41+00:00","dateModified":"2023-02-14T13:20:42+00:00","mainEntityOfPage":{"@id":"https:\/\/jornalfatosenoticias.com.br\/index.php\/2023\/02\/14\/boto-do-araguaia-e-foco-de-pesquisa-no-para\/"},"wordCount":1152,"commentCount":0,"publisher":{"@id":"https:\/\/jornalfatosenoticias.com.br\/#organization"},"image":{"@id":"https:\/\/jornalfatosenoticias.com.br\/index.php\/2023\/02\/14\/boto-do-araguaia-e-foco-de-pesquisa-no-para\/#primaryimage"},"thumbnailUrl":"https:\/\/jornalfatosenoticias.com.br\/wp-content\/uploads\/2023\/02\/botos-do-araguaia2_gettyimages.jpg","keywords":["amaz\u00f4nia","boto-do-araguaia","botos","educa\u00e7\u00e3o","golfinho de rio","Lista Vermelha de Esp\u00e9cies Amea\u00e7adas","Mocajuba","Par\u00e1","rios"],"articleSection":["Meio ambiente"],"inLanguage":"pt-BR","potentialAction":[{"@type":"CommentAction","name":"Comment","target":["https:\/\/jornalfatosenoticias.com.br\/index.php\/2023\/02\/14\/boto-do-araguaia-e-foco-de-pesquisa-no-para\/#respond"]}]},{"@type":"WebPage","@id":"https:\/\/jornalfatosenoticias.com.br\/index.php\/2023\/02\/14\/boto-do-araguaia-e-foco-de-pesquisa-no-para\/","url":"https:\/\/jornalfatosenoticias.com.br\/index.php\/2023\/02\/14\/boto-do-araguaia-e-foco-de-pesquisa-no-para\/","name":"Boto-do-araguaia \u00e9 foco de pesquisa no Par\u00e1 - Jornal Fatos e Not\u00edcias","isPartOf":{"@id":"https:\/\/jornalfatosenoticias.com.br\/#website"},"primaryImageOfPage":{"@id":"https:\/\/jornalfatosenoticias.com.br\/index.php\/2023\/02\/14\/boto-do-araguaia-e-foco-de-pesquisa-no-para\/#primaryimage"},"image":{"@id":"https:\/\/jornalfatosenoticias.com.br\/index.php\/2023\/02\/14\/boto-do-araguaia-e-foco-de-pesquisa-no-para\/#primaryimage"},"thumbnailUrl":"https:\/\/jornalfatosenoticias.com.br\/wp-content\/uploads\/2023\/02\/botos-do-araguaia2_gettyimages.jpg","datePublished":"2023-02-14T13:20:41+00:00","dateModified":"2023-02-14T13:20:42+00:00","breadcrumb":{"@id":"https:\/\/jornalfatosenoticias.com.br\/index.php\/2023\/02\/14\/boto-do-araguaia-e-foco-de-pesquisa-no-para\/#breadcrumb"},"inLanguage":"pt-BR","potentialAction":[{"@type":"ReadAction","target":["https:\/\/jornalfatosenoticias.com.br\/index.php\/2023\/02\/14\/boto-do-araguaia-e-foco-de-pesquisa-no-para\/"]}]},{"@type":"ImageObject","inLanguage":"pt-BR","@id":"https:\/\/jornalfatosenoticias.com.br\/index.php\/2023\/02\/14\/boto-do-araguaia-e-foco-de-pesquisa-no-para\/#primaryimage","url":"https:\/\/jornalfatosenoticias.com.br\/wp-content\/uploads\/2023\/02\/botos-do-araguaia2_gettyimages.jpg","contentUrl":"https:\/\/jornalfatosenoticias.com.br\/wp-content\/uploads\/2023\/02\/botos-do-araguaia2_gettyimages.jpg","width":1000,"height":666},{"@type":"BreadcrumbList","@id":"https:\/\/jornalfatosenoticias.com.br\/index.php\/2023\/02\/14\/boto-do-araguaia-e-foco-de-pesquisa-no-para\/#breadcrumb","itemListElement":[{"@type":"ListItem","position":1,"name":"In\u00edcio","item":"https:\/\/jornalfatosenoticias.com.br\/"},{"@type":"ListItem","position":2,"name":"Boto-do-araguaia \u00e9 foco de pesquisa no Par\u00e1"}]},{"@type":"WebSite","@id":"https:\/\/jornalfatosenoticias.com.br\/#website","url":"https:\/\/jornalfatosenoticias.com.br\/","name":"Jornal Fatos e Not\u00edcias","description":"Not\u00edcias em geral","publisher":{"@id":"https:\/\/jornalfatosenoticias.com.br\/#organization"},"potentialAction":[{"@type":"SearchAction","target":{"@type":"EntryPoint","urlTemplate":"https:\/\/jornalfatosenoticias.com.br\/?s={search_term_string}"},"query-input":{"@type":"PropertyValueSpecification","valueRequired":true,"valueName":"search_term_string"}}],"inLanguage":"pt-BR"},{"@type":"Organization","@id":"https:\/\/jornalfatosenoticias.com.br\/#organization","name":"Jornal Fatos e Not\u00edcias","url":"https:\/\/jornalfatosenoticias.com.br\/","logo":{"@type":"ImageObject","inLanguage":"pt-BR","@id":"https:\/\/jornalfatosenoticias.com.br\/#\/schema\/logo\/image\/","url":"https:\/\/jornalfatosenoticias.com.br\/wp-content\/uploads\/2020\/02\/logo120.png","contentUrl":"https:\/\/jornalfatosenoticias.com.br\/wp-content\/uploads\/2020\/02\/logo120.png","width":1227,"height":120,"caption":"Jornal Fatos e Not\u00edcias"},"image":{"@id":"https:\/\/jornalfatosenoticias.com.br\/#\/schema\/logo\/image\/"}},{"@type":"Person","@id":"https:\/\/jornalfatosenoticias.com.br\/#\/schema\/person\/d63837fa13ac8666eb9e74e0985d6f81","name":"Luzimara Fernandes","image":{"@type":"ImageObject","inLanguage":"pt-BR","@id":"https:\/\/jornalfatosenoticias.com.br\/#\/schema\/person\/image\/","url":"https:\/\/jornalfatosenoticias.com.br\/wp-content\/uploads\/2025\/05\/EU_portal.jpg","contentUrl":"https:\/\/jornalfatosenoticias.com.br\/wp-content\/uploads\/2025\/05\/EU_portal.jpg","caption":"Luzimara Fernandes"},"description":"Jornalista MTB 2358-ES","sameAs":["https:\/\/jornalfatosenoticias.com.br"],"url":"https:\/\/jornalfatosenoticias.com.br\/index.php\/author\/luzimara\/"}]}},"cc_featured_image_caption":{"caption_text":"(Foto: Getty Images) ","source_text":"","source_url":""},"jetpack_featured_media_url":"https:\/\/jornalfatosenoticias.com.br\/wp-content\/uploads\/2023\/02\/botos-do-araguaia2_gettyimages.jpg","_links":{"self":[{"href":"https:\/\/jornalfatosenoticias.com.br\/index.php\/wp-json\/wp\/v2\/posts\/38721","targetHints":{"allow":["GET"]}}],"collection":[{"href":"https:\/\/jornalfatosenoticias.com.br\/index.php\/wp-json\/wp\/v2\/posts"}],"about":[{"href":"https:\/\/jornalfatosenoticias.com.br\/index.php\/wp-json\/wp\/v2\/types\/post"}],"author":[{"embeddable":true,"href":"https:\/\/jornalfatosenoticias.com.br\/index.php\/wp-json\/wp\/v2\/users\/2"}],"replies":[{"embeddable":true,"href":"https:\/\/jornalfatosenoticias.com.br\/index.php\/wp-json\/wp\/v2\/comments?post=38721"}],"version-history":[{"count":0,"href":"https:\/\/jornalfatosenoticias.com.br\/index.php\/wp-json\/wp\/v2\/posts\/38721\/revisions"}],"wp:featuredmedia":[{"embeddable":true,"href":"https:\/\/jornalfatosenoticias.com.br\/index.php\/wp-json\/wp\/v2\/media\/38723"}],"wp:attachment":[{"href":"https:\/\/jornalfatosenoticias.com.br\/index.php\/wp-json\/wp\/v2\/media?parent=38721"}],"wp:term":[{"taxonomy":"category","embeddable":true,"href":"https:\/\/jornalfatosenoticias.com.br\/index.php\/wp-json\/wp\/v2\/categories?post=38721"},{"taxonomy":"post_tag","embeddable":true,"href":"https:\/\/jornalfatosenoticias.com.br\/index.php\/wp-json\/wp\/v2\/tags?post=38721"}],"curies":[{"name":"wp","href":"https:\/\/api.w.org\/{rel}","templated":true}]}}