{"id":38725,"date":"2023-02-14T10:46:21","date_gmt":"2023-02-14T13:46:21","guid":{"rendered":"https:\/\/jornalfatosenoticias.com.br\/?p=38725"},"modified":"2023-02-14T10:46:23","modified_gmt":"2023-02-14T13:46:23","slug":"inundacoes-colocam-em-risco-dezenas-de-paises","status":"publish","type":"post","link":"https:\/\/jornalfatosenoticias.com.br\/index.php\/2023\/02\/14\/inundacoes-colocam-em-risco-dezenas-de-paises\/","title":{"rendered":"Inunda\u00e7\u00f5es colocam em risco dezenas de pa\u00edses"},"content":{"rendered":"\n<p><em><span class=\"has-inline-color has-black-color\">As inunda\u00e7\u00f5es causadas pelo derretimento das geleiras em cadeias montanhosas podem impactar milhares de pessoas que vivem pr\u00f3ximo a elas<\/span><\/em><\/p>\n\n\n\n<div class=\"wp-block-image\"><figure class=\"aligncenter size-large\"><img loading=\"lazy\" decoding=\"async\" width=\"1024\" height=\"100\" src=\"https:\/\/jornalfatosenoticias.com.br\/wp-content\/uploads\/2020\/02\/banner_ferramentas-1024x100.jpg\" alt=\"\" class=\"wp-image-1258\" srcset=\"https:\/\/jornalfatosenoticias.com.br\/wp-content\/uploads\/2020\/02\/banner_ferramentas-1024x100.jpg 1024w, https:\/\/jornalfatosenoticias.com.br\/wp-content\/uploads\/2020\/02\/banner_ferramentas-300x29.jpg 300w, https:\/\/jornalfatosenoticias.com.br\/wp-content\/uploads\/2020\/02\/banner_ferramentas-768x75.jpg 768w, https:\/\/jornalfatosenoticias.com.br\/wp-content\/uploads\/2020\/02\/banner_ferramentas.jpg 1227w\" sizes=\"auto, (max-width: 1024px) 100vw, 1024px\" \/><\/figure><\/div>\n\n\n\n<p>As <a href=\"https:\/\/olhardigital.com.br\/2023\/01\/20\/ciencia-e-espaco\/mudancas-climaticas-derrubaram-imperios-no-oriente-medio\/amp\/\" target=\"_blank\" rel=\"noreferrer noopener\">mudan\u00e7as clim\u00e1ticas<\/a>\u00a0t\u00eam causado o derretimento das\u00a0<a href=\"https:\/\/olhardigital.com.br\/2022\/08\/15\/ciencia-e-espaco\/geleiras-estao-derretendo-mais-rapido-do-que-o-previsto-e-isso-pode-aumentar-o-nivel-dos-oceanos\/amp\/\" target=\"_blank\" rel=\"noreferrer noopener\">geleiras<\/a> em todo globo, colocando milhares de pessoas com risco de serem afetadas por inunda\u00e7\u00f5es. Ser\u00e1 que o local onde voc\u00ea vive \u00e9 vulner\u00e1vel? Uma numerosa popula\u00e7\u00e3o vive em locais com muitos lagos glaciais e s\u00e3o vulner\u00e1veis a desastres clim\u00e1ticos, como China, Paquist\u00e3o, \u00cdndia e Peru. Muitas geleiras se formaram em locais de elevada altitude, a partir da neve comprimida por milh\u00f5es de anos. Geralmente, um processo natural faz com que parte delas derretam e escorrem lentamente por vales, podendo se estender at\u00e9 o mar, formando mantos de gelo.<\/p>\n\n\n\n<div class=\"wp-block-image\"><figure class=\"aligncenter size-large\"><img loading=\"lazy\" decoding=\"async\" width=\"300\" height=\"250\" src=\"https:\/\/jornalfatosenoticias.com.br\/wp-content\/uploads\/2022\/08\/arte-Casarao.jpg\" alt=\"\" class=\"wp-image-33178\"\/><\/figure><\/div>\n\n\n\n<p><span class=\"has-inline-color has-black-color\"><strong>Forma\u00e7\u00e3o de lagos glaciais<br><\/strong><\/span>O aquecimento global tem acelerado esse processo. Estudos estimam que caso medidas n\u00e3o sejam tomadas para frear mudan\u00e7as clim\u00e1ticas, at\u00e9 o final do s\u00e9culo cerca de 215 mil geleiras ir\u00e3o desaparecer. O derretimento delas podem causar o ac\u00famulo de \u00e1gua nas depress\u00f5es onde antes existia gelo.<\/p>\n\n\n\n<div class=\"wp-block-image\"><figure class=\"alignleft size-large is-resized\"><img decoding=\"async\" src=\"https:\/\/jornalfatosenoticias.com.br\/wp-content\/uploads\/2022\/08\/logo-locau-veiculos-1024x573.png\" alt=\"\" class=\"wp-image-33078\" width=\"-120\" height=\"-67\"\/><\/figure><\/div>\n\n\n\n<p>Essa \u00e1gua acumulada tende a formar grandes lagos profundos e rios r\u00e1pidos que mudam de n\u00edvel \u00e0 medida que o gelo derrete. Um estudo recentemente publicado na revista <a href=\"https:\/\/www.nature.com\/articles\/s41467-023-36033-x\" target=\"_blank\" rel=\"noreferrer noopener\"><em>Nature Communications<\/em><\/a> aponta que cerca de 15 milh\u00f5es vivem abaixo desses lagos que podem estourar a qualquer momento.<br>As Inunda\u00e7\u00f5es de Explos\u00e3o de Lagos Glaciais (GLOF) s\u00e3o imprevis\u00edveis e podem se estender por at\u00e9 120 quil\u00f4metros, no caminho dezenas de munic\u00edpios podem ser destru\u00eddos e milhares de pessoas podem ser mortas.<\/p>\n\n\n\n<div class=\"wp-block-image\"><figure class=\"aligncenter size-large\"><img decoding=\"async\" src=\"https:\/\/jornalfatosenoticias.com.br\/wp-content\/uploads\/2020\/02\/logo_esteio.jpg\" alt=\"\" class=\"wp-image-1214\"\/><\/figure><\/div>\n\n\n\n<p><strong><span class=\"has-inline-color has-black-color\">Danos \u00e0 popula\u00e7\u00e3o<br><\/span><\/strong>A pesquisa focou em avaliar os riscos que as pessoas nos jusantes dos lagos podem correr e conseguir direcionar esfor\u00e7os para ajudar os que est\u00e3o mais risco. Para fazer o mapeamento eles recolheram dados das popula\u00e7\u00f5es e dos pr\u00f3prios lagos.<br>Segundo os pesquisadores, esse \u00e9 o primeiro estudo a levar em considera\u00e7\u00e3o aspectos populacionais, al\u00e9m das condi\u00e7\u00f5es f\u00edsicas dos lagos glaciais. <\/p>\n\n\n\n<div class=\"wp-block-image\"><figure class=\"aligncenter size-large is-resized\"><img loading=\"lazy\" decoding=\"async\" src=\"https:\/\/jornalfatosenoticias.com.br\/wp-content\/uploads\/2020\/02\/nova-logo-Marquetti.jpg\" alt=\"\" class=\"wp-image-22331\" width=\"279\" height=\"187\" srcset=\"https:\/\/jornalfatosenoticias.com.br\/wp-content\/uploads\/2020\/02\/nova-logo-Marquetti.jpg 643w, https:\/\/jornalfatosenoticias.com.br\/wp-content\/uploads\/2020\/02\/nova-logo-Marquetti-300x202.jpg 300w\" sizes=\"auto, (max-width: 279px) 100vw, 279px\" \/><\/figure><\/div>\n\n\n\n<p><em><span class=\"has-inline-color has-black-color\">Quanto \u00e0 popula\u00e7\u00e3o foram observados para calcular os riscos:<br><\/span><\/em>\u2022 A proximidade das comunidades aos lagos glaciais;<br>\u2022 A vulnerabilidade das pessoas que podem ser impactadas pelo GLOF;<br>\u2022 Corrup\u00e7\u00e3o pol\u00edtica que pode bloquear os esfor\u00e7os para recupera\u00e7\u00e3o.<\/p>\n\n\n\n<div class=\"wp-block-image\"><figure class=\"aligncenter size-large\"><img decoding=\"async\" src=\"https:\/\/jornalfatosenoticias.com.br\/wp-content\/uploads\/2020\/02\/Serra-Grande-1024x160.png\" alt=\"\" class=\"wp-image-7836\"\/><\/figure><\/div>\n\n\n\n<p>Atrav\u00e9s da an\u00e1lise os pesquisadores, conseguiram definir quais s\u00e3o as \u00e1reas do globo que correm mais riscos. As regi\u00f5es que as inunda\u00e7\u00f5es causadas pelo rompimento de lagos glaciais podem causar mais danos s\u00e3o as que possuem mais pessoas e com menores condi\u00e7\u00f5es de lidar com os desastres.<\/p>\n\n\n\n<div class=\"wp-block-image\"><figure class=\"aligncenter size-large is-resized\"><img loading=\"lazy\" decoding=\"async\" src=\"https:\/\/jornalfatosenoticias.com.br\/wp-content\/uploads\/2020\/02\/logo-embacia.jpg\" alt=\"\" class=\"wp-image-33905\" width=\"266\" height=\"266\"\/><\/figure><\/div>\n\n\n\n<p><strong><span class=\"has-inline-color has-black-color\">Inunda\u00e7\u00f5es ao longo do globo<br><\/span><\/strong>As popula\u00e7\u00f5es que vivem mais pr\u00f3ximas das cadeias montanhosas da \u00c1sia s\u00e3o as que mais podem sofrer em caso de rompimentos de lagos glaciais. No Paquist\u00e3o cerca de 2,1 milh\u00f5es de pessoas vivem em regi\u00f5es pr\u00f3ximas a esses lagos. Na China, s\u00e3o cerca de um milh\u00e3o de pessoas, mas os lagos s\u00e3o maiores e mais numerosos, podendo causar mais danos.<\/p>\n\n\n\n<div class=\"wp-block-image\"><figure class=\"aligncenter size-large is-resized\"><img loading=\"lazy\" decoding=\"async\" src=\"https:\/\/jornalfatosenoticias.com.br\/wp-content\/uploads\/2022\/02\/Precisao-Contabilidade-1024x724.jpg\" alt=\"\" class=\"wp-image-28088\" width=\"341\" height=\"241\"\/><\/figure><\/div>\n\n\n\n<p>Al\u00e9m da an\u00e1lise no Himalaia, os pesquisadores tamb\u00e9m avaliaram a exposi\u00e7\u00e3o das pessoas nos Andes, especificamente no Peru. Existem poucos estudos sobre as consequ\u00eancias das mudan\u00e7as clim\u00e1ticas nas geleiras da Am\u00e9rica do Sul, no entanto o aparecimento de lagos glaciais aumentou em 97% na regi\u00e3o, em compara\u00e7\u00e3o com os 37% da \u00c1sia. Al\u00e9m disso, a corrup\u00e7\u00e3o enraizada da Am\u00e9rica Latina tamb\u00e9m foi considerada.<\/p>\n\n\n\n<div class=\"wp-block-image\"><figure class=\"aligncenter size-large is-resized\"><img loading=\"lazy\" decoding=\"async\" src=\"https:\/\/jornalfatosenoticias.com.br\/wp-content\/uploads\/2022\/10\/Arte-jornal-Zucchi-600x600_Prancheta-1-1024x1024.jpg\" alt=\"\" class=\"wp-image-34782\" width=\"298\" height=\"298\" srcset=\"https:\/\/jornalfatosenoticias.com.br\/wp-content\/uploads\/2022\/10\/Arte-jornal-Zucchi-600x600_Prancheta-1-1024x1024.jpg 1024w, https:\/\/jornalfatosenoticias.com.br\/wp-content\/uploads\/2022\/10\/Arte-jornal-Zucchi-600x600_Prancheta-1-300x300.jpg 300w, https:\/\/jornalfatosenoticias.com.br\/wp-content\/uploads\/2022\/10\/Arte-jornal-Zucchi-600x600_Prancheta-1-150x150.jpg 150w, https:\/\/jornalfatosenoticias.com.br\/wp-content\/uploads\/2022\/10\/Arte-jornal-Zucchi-600x600_Prancheta-1-768x768.jpg 768w, https:\/\/jornalfatosenoticias.com.br\/wp-content\/uploads\/2022\/10\/Arte-jornal-Zucchi-600x600_Prancheta-1.jpg 1250w\" sizes=\"auto, (max-width: 298px) 100vw, 298px\" \/><\/figure><\/div>\n\n\n\n<figure class=\"wp-block-pullquote\"><blockquote><p><span class=\"has-inline-color has-luminous-vivid-orange-color\">Essa escassez de dados nos Andes talvez esteja impedindo avalia\u00e7\u00f5es significativas do risco real de GLOF na regi\u00e3o e requer aten\u00e7\u00e3o urgente, principalmente considerando que a segunda e a terceira bacias mais perigosas s\u00e3o encontradas nesta regi\u00e3o&#8221;, explica Caroline Taylor, pesquisadora de riscos naturais e l\u00edder da pesquisa, em resposta a ScienceAlert.<\/span><\/p><\/blockquote><\/figure>\n\n\n\n<div class=\"wp-block-image\"><figure class=\"aligncenter size-large\"><img loading=\"lazy\" decoding=\"async\" width=\"1024\" height=\"111\" src=\"https:\/\/jornalfatosenoticias.com.br\/wp-content\/uploads\/2020\/02\/WhatsApp-Image-2022-09-23-at-12.09.18-1024x111.jpeg\" alt=\"\" class=\"wp-image-34527\" srcset=\"https:\/\/jornalfatosenoticias.com.br\/wp-content\/uploads\/2020\/02\/WhatsApp-Image-2022-09-23-at-12.09.18-1024x111.jpeg 1024w, https:\/\/jornalfatosenoticias.com.br\/wp-content\/uploads\/2020\/02\/WhatsApp-Image-2022-09-23-at-12.09.18-300x32.jpeg 300w, https:\/\/jornalfatosenoticias.com.br\/wp-content\/uploads\/2020\/02\/WhatsApp-Image-2022-09-23-at-12.09.18-768x83.jpeg 768w, https:\/\/jornalfatosenoticias.com.br\/wp-content\/uploads\/2020\/02\/WhatsApp-Image-2022-09-23-at-12.09.18.jpeg 1121w\" sizes=\"auto, (max-width: 1024px) 100vw, 1024px\" \/><\/figure><\/div>\n\n\n\n<p>Os pesquisadores acreditam que o estudo pode ajudar a controlar risco e danos no futuro caso ocorra inunda\u00e7\u00f5es causadas pelo rompimento de lagos glaciais.<\/p>\n\n\n\n<p><strong><em>Fonte: <a href=\"https:\/\/olhardigital.com.br\/2023\/02\/10\/ciencia-e-espaco\/saiba-se-onde-voce-mora-corre-risco-de-inundacoes\/amp\/\">Olhar Digital<\/a><\/em><\/strong><\/p>\n","protected":false},"excerpt":{"rendered":"<p>As inunda\u00e7\u00f5es causadas pelo derretimento das geleiras em cadeias montanhosas podem impactar milhares de pessoas que vivem pr\u00f3ximo a elas As mudan\u00e7as clim\u00e1ticas\u00a0t\u00eam causado o derretimento das\u00a0geleiras em todo globo, colocando milhares de pessoas com risco de serem afetadas por inunda\u00e7\u00f5es. Ser\u00e1 que o local onde voc\u00ea vive \u00e9 vulner\u00e1vel? Uma numerosa popula\u00e7\u00e3o vive em [&hellip;]<\/p>\n","protected":false},"author":2,"featured_media":38726,"comment_status":"open","ping_status":"open","sticky":false,"template":"","format":"standard","meta":{"footnotes":""},"categories":[5],"tags":[18114,3675,9696,360],"class_list":["post-38725","post","type-post","status-publish","format-standard","has-post-thumbnail","hentry","category-geral","tag-derretimento-das-geleiras","tag-geleiras","tag-inundacoes","tag-mudancas-climaticas"],"yoast_head":"<!-- This site is optimized with the Yoast SEO plugin v26.5 - https:\/\/yoast.com\/wordpress\/plugins\/seo\/ -->\n<title>Inunda\u00e7\u00f5es colocam em risco dezenas de pa\u00edses - Jornal Fatos e Not\u00edcias<\/title>\n<meta name=\"robots\" content=\"index, follow, max-snippet:-1, max-image-preview:large, max-video-preview:-1\" \/>\n<link rel=\"canonical\" href=\"https:\/\/jornalfatosenoticias.com.br\/index.php\/2023\/02\/14\/inundacoes-colocam-em-risco-dezenas-de-paises\/\" \/>\n<meta property=\"og:locale\" content=\"pt_BR\" \/>\n<meta property=\"og:type\" content=\"article\" \/>\n<meta property=\"og:title\" content=\"Inunda\u00e7\u00f5es colocam em risco dezenas de pa\u00edses - Jornal Fatos e Not\u00edcias\" \/>\n<meta property=\"og:description\" content=\"As inunda\u00e7\u00f5es causadas pelo derretimento das geleiras em cadeias montanhosas podem impactar milhares de pessoas que vivem pr\u00f3ximo a elas As mudan\u00e7as clim\u00e1ticas\u00a0t\u00eam causado o derretimento das\u00a0geleiras em todo globo, colocando milhares de pessoas com risco de serem afetadas por inunda\u00e7\u00f5es. Ser\u00e1 que o local onde voc\u00ea vive \u00e9 vulner\u00e1vel? Uma numerosa popula\u00e7\u00e3o vive em [&hellip;]\" \/>\n<meta property=\"og:url\" content=\"https:\/\/jornalfatosenoticias.com.br\/index.php\/2023\/02\/14\/inundacoes-colocam-em-risco-dezenas-de-paises\/\" \/>\n<meta property=\"og:site_name\" content=\"Jornal Fatos e Not\u00edcias\" \/>\n<meta property=\"article:published_time\" content=\"2023-02-14T13:46:21+00:00\" \/>\n<meta property=\"article:modified_time\" content=\"2023-02-14T13:46:23+00:00\" \/>\n<meta property=\"og:image\" content=\"https:\/\/jornalfatosenoticias.com.br\/wp-content\/uploads\/2023\/02\/geleira-inundacoes.jpg\" \/>\n\t<meta property=\"og:image:width\" content=\"1000\" \/>\n\t<meta property=\"og:image:height\" content=\"522\" \/>\n\t<meta property=\"og:image:type\" content=\"image\/jpeg\" \/>\n<meta name=\"author\" content=\"Luzimara Fernandes\" \/>\n<meta name=\"twitter:card\" content=\"summary_large_image\" \/>\n<meta name=\"twitter:label1\" content=\"Escrito por\" \/>\n\t<meta name=\"twitter:data1\" content=\"Luzimara Fernandes\" \/>\n\t<meta name=\"twitter:label2\" content=\"Est. tempo de leitura\" \/>\n\t<meta name=\"twitter:data2\" content=\"3 minutos\" \/>\n<script type=\"application\/ld+json\" class=\"yoast-schema-graph\">{\"@context\":\"https:\/\/schema.org\",\"@graph\":[{\"@type\":\"Article\",\"@id\":\"https:\/\/jornalfatosenoticias.com.br\/index.php\/2023\/02\/14\/inundacoes-colocam-em-risco-dezenas-de-paises\/#article\",\"isPartOf\":{\"@id\":\"https:\/\/jornalfatosenoticias.com.br\/index.php\/2023\/02\/14\/inundacoes-colocam-em-risco-dezenas-de-paises\/\"},\"author\":{\"name\":\"Luzimara Fernandes\",\"@id\":\"https:\/\/jornalfatosenoticias.com.br\/#\/schema\/person\/d63837fa13ac8666eb9e74e0985d6f81\"},\"headline\":\"Inunda\u00e7\u00f5es colocam em risco dezenas de pa\u00edses\",\"datePublished\":\"2023-02-14T13:46:21+00:00\",\"dateModified\":\"2023-02-14T13:46:23+00:00\",\"mainEntityOfPage\":{\"@id\":\"https:\/\/jornalfatosenoticias.com.br\/index.php\/2023\/02\/14\/inundacoes-colocam-em-risco-dezenas-de-paises\/\"},\"wordCount\":681,\"commentCount\":0,\"publisher\":{\"@id\":\"https:\/\/jornalfatosenoticias.com.br\/#organization\"},\"image\":{\"@id\":\"https:\/\/jornalfatosenoticias.com.br\/index.php\/2023\/02\/14\/inundacoes-colocam-em-risco-dezenas-de-paises\/#primaryimage\"},\"thumbnailUrl\":\"https:\/\/jornalfatosenoticias.com.br\/wp-content\/uploads\/2023\/02\/geleira-inundacoes.jpg\",\"keywords\":[\"derretimento das geleiras\",\"geleiras\",\"inunda\u00e7\u00f5es\",\"mudan\u00e7as clim\u00e1ticas\"],\"articleSection\":[\"Geral\"],\"inLanguage\":\"pt-BR\",\"potentialAction\":[{\"@type\":\"CommentAction\",\"name\":\"Comment\",\"target\":[\"https:\/\/jornalfatosenoticias.com.br\/index.php\/2023\/02\/14\/inundacoes-colocam-em-risco-dezenas-de-paises\/#respond\"]}]},{\"@type\":\"WebPage\",\"@id\":\"https:\/\/jornalfatosenoticias.com.br\/index.php\/2023\/02\/14\/inundacoes-colocam-em-risco-dezenas-de-paises\/\",\"url\":\"https:\/\/jornalfatosenoticias.com.br\/index.php\/2023\/02\/14\/inundacoes-colocam-em-risco-dezenas-de-paises\/\",\"name\":\"Inunda\u00e7\u00f5es colocam em risco dezenas de pa\u00edses - Jornal Fatos e Not\u00edcias\",\"isPartOf\":{\"@id\":\"https:\/\/jornalfatosenoticias.com.br\/#website\"},\"primaryImageOfPage\":{\"@id\":\"https:\/\/jornalfatosenoticias.com.br\/index.php\/2023\/02\/14\/inundacoes-colocam-em-risco-dezenas-de-paises\/#primaryimage\"},\"image\":{\"@id\":\"https:\/\/jornalfatosenoticias.com.br\/index.php\/2023\/02\/14\/inundacoes-colocam-em-risco-dezenas-de-paises\/#primaryimage\"},\"thumbnailUrl\":\"https:\/\/jornalfatosenoticias.com.br\/wp-content\/uploads\/2023\/02\/geleira-inundacoes.jpg\",\"datePublished\":\"2023-02-14T13:46:21+00:00\",\"dateModified\":\"2023-02-14T13:46:23+00:00\",\"breadcrumb\":{\"@id\":\"https:\/\/jornalfatosenoticias.com.br\/index.php\/2023\/02\/14\/inundacoes-colocam-em-risco-dezenas-de-paises\/#breadcrumb\"},\"inLanguage\":\"pt-BR\",\"potentialAction\":[{\"@type\":\"ReadAction\",\"target\":[\"https:\/\/jornalfatosenoticias.com.br\/index.php\/2023\/02\/14\/inundacoes-colocam-em-risco-dezenas-de-paises\/\"]}]},{\"@type\":\"ImageObject\",\"inLanguage\":\"pt-BR\",\"@id\":\"https:\/\/jornalfatosenoticias.com.br\/index.php\/2023\/02\/14\/inundacoes-colocam-em-risco-dezenas-de-paises\/#primaryimage\",\"url\":\"https:\/\/jornalfatosenoticias.com.br\/wp-content\/uploads\/2023\/02\/geleira-inundacoes.jpg\",\"contentUrl\":\"https:\/\/jornalfatosenoticias.com.br\/wp-content\/uploads\/2023\/02\/geleira-inundacoes.jpg\",\"width\":1000,\"height\":522},{\"@type\":\"BreadcrumbList\",\"@id\":\"https:\/\/jornalfatosenoticias.com.br\/index.php\/2023\/02\/14\/inundacoes-colocam-em-risco-dezenas-de-paises\/#breadcrumb\",\"itemListElement\":[{\"@type\":\"ListItem\",\"position\":1,\"name\":\"In\u00edcio\",\"item\":\"https:\/\/jornalfatosenoticias.com.br\/\"},{\"@type\":\"ListItem\",\"position\":2,\"name\":\"Inunda\u00e7\u00f5es colocam em risco dezenas de pa\u00edses\"}]},{\"@type\":\"WebSite\",\"@id\":\"https:\/\/jornalfatosenoticias.com.br\/#website\",\"url\":\"https:\/\/jornalfatosenoticias.com.br\/\",\"name\":\"Jornal Fatos e Not\u00edcias\",\"description\":\"Not\u00edcias em geral\",\"publisher\":{\"@id\":\"https:\/\/jornalfatosenoticias.com.br\/#organization\"},\"potentialAction\":[{\"@type\":\"SearchAction\",\"target\":{\"@type\":\"EntryPoint\",\"urlTemplate\":\"https:\/\/jornalfatosenoticias.com.br\/?s={search_term_string}\"},\"query-input\":{\"@type\":\"PropertyValueSpecification\",\"valueRequired\":true,\"valueName\":\"search_term_string\"}}],\"inLanguage\":\"pt-BR\"},{\"@type\":\"Organization\",\"@id\":\"https:\/\/jornalfatosenoticias.com.br\/#organization\",\"name\":\"Jornal Fatos e Not\u00edcias\",\"url\":\"https:\/\/jornalfatosenoticias.com.br\/\",\"logo\":{\"@type\":\"ImageObject\",\"inLanguage\":\"pt-BR\",\"@id\":\"https:\/\/jornalfatosenoticias.com.br\/#\/schema\/logo\/image\/\",\"url\":\"https:\/\/jornalfatosenoticias.com.br\/wp-content\/uploads\/2020\/02\/logo120.png\",\"contentUrl\":\"https:\/\/jornalfatosenoticias.com.br\/wp-content\/uploads\/2020\/02\/logo120.png\",\"width\":1227,\"height\":120,\"caption\":\"Jornal Fatos e Not\u00edcias\"},\"image\":{\"@id\":\"https:\/\/jornalfatosenoticias.com.br\/#\/schema\/logo\/image\/\"}},{\"@type\":\"Person\",\"@id\":\"https:\/\/jornalfatosenoticias.com.br\/#\/schema\/person\/d63837fa13ac8666eb9e74e0985d6f81\",\"name\":\"Luzimara Fernandes\",\"image\":{\"@type\":\"ImageObject\",\"inLanguage\":\"pt-BR\",\"@id\":\"https:\/\/jornalfatosenoticias.com.br\/#\/schema\/person\/image\/\",\"url\":\"https:\/\/jornalfatosenoticias.com.br\/wp-content\/uploads\/2025\/05\/EU_portal.jpg\",\"contentUrl\":\"https:\/\/jornalfatosenoticias.com.br\/wp-content\/uploads\/2025\/05\/EU_portal.jpg\",\"caption\":\"Luzimara Fernandes\"},\"description\":\"Jornalista MTB 2358-ES\",\"sameAs\":[\"https:\/\/jornalfatosenoticias.com.br\"],\"url\":\"https:\/\/jornalfatosenoticias.com.br\/index.php\/author\/luzimara\/\"}]}<\/script>\n<!-- \/ Yoast SEO plugin. -->","yoast_head_json":{"title":"Inunda\u00e7\u00f5es colocam em risco dezenas de pa\u00edses - Jornal Fatos e Not\u00edcias","robots":{"index":"index","follow":"follow","max-snippet":"max-snippet:-1","max-image-preview":"max-image-preview:large","max-video-preview":"max-video-preview:-1"},"canonical":"https:\/\/jornalfatosenoticias.com.br\/index.php\/2023\/02\/14\/inundacoes-colocam-em-risco-dezenas-de-paises\/","og_locale":"pt_BR","og_type":"article","og_title":"Inunda\u00e7\u00f5es colocam em risco dezenas de pa\u00edses - Jornal Fatos e Not\u00edcias","og_description":"As inunda\u00e7\u00f5es causadas pelo derretimento das geleiras em cadeias montanhosas podem impactar milhares de pessoas que vivem pr\u00f3ximo a elas As mudan\u00e7as clim\u00e1ticas\u00a0t\u00eam causado o derretimento das\u00a0geleiras em todo globo, colocando milhares de pessoas com risco de serem afetadas por inunda\u00e7\u00f5es. Ser\u00e1 que o local onde voc\u00ea vive \u00e9 vulner\u00e1vel? Uma numerosa popula\u00e7\u00e3o vive em [&hellip;]","og_url":"https:\/\/jornalfatosenoticias.com.br\/index.php\/2023\/02\/14\/inundacoes-colocam-em-risco-dezenas-de-paises\/","og_site_name":"Jornal Fatos e Not\u00edcias","article_published_time":"2023-02-14T13:46:21+00:00","article_modified_time":"2023-02-14T13:46:23+00:00","og_image":[{"width":1000,"height":522,"url":"https:\/\/jornalfatosenoticias.com.br\/wp-content\/uploads\/2023\/02\/geleira-inundacoes.jpg","type":"image\/jpeg"}],"author":"Luzimara Fernandes","twitter_card":"summary_large_image","twitter_misc":{"Escrito por":"Luzimara Fernandes","Est. tempo de leitura":"3 minutos"},"schema":{"@context":"https:\/\/schema.org","@graph":[{"@type":"Article","@id":"https:\/\/jornalfatosenoticias.com.br\/index.php\/2023\/02\/14\/inundacoes-colocam-em-risco-dezenas-de-paises\/#article","isPartOf":{"@id":"https:\/\/jornalfatosenoticias.com.br\/index.php\/2023\/02\/14\/inundacoes-colocam-em-risco-dezenas-de-paises\/"},"author":{"name":"Luzimara Fernandes","@id":"https:\/\/jornalfatosenoticias.com.br\/#\/schema\/person\/d63837fa13ac8666eb9e74e0985d6f81"},"headline":"Inunda\u00e7\u00f5es colocam em risco dezenas de pa\u00edses","datePublished":"2023-02-14T13:46:21+00:00","dateModified":"2023-02-14T13:46:23+00:00","mainEntityOfPage":{"@id":"https:\/\/jornalfatosenoticias.com.br\/index.php\/2023\/02\/14\/inundacoes-colocam-em-risco-dezenas-de-paises\/"},"wordCount":681,"commentCount":0,"publisher":{"@id":"https:\/\/jornalfatosenoticias.com.br\/#organization"},"image":{"@id":"https:\/\/jornalfatosenoticias.com.br\/index.php\/2023\/02\/14\/inundacoes-colocam-em-risco-dezenas-de-paises\/#primaryimage"},"thumbnailUrl":"https:\/\/jornalfatosenoticias.com.br\/wp-content\/uploads\/2023\/02\/geleira-inundacoes.jpg","keywords":["derretimento das geleiras","geleiras","inunda\u00e7\u00f5es","mudan\u00e7as clim\u00e1ticas"],"articleSection":["Geral"],"inLanguage":"pt-BR","potentialAction":[{"@type":"CommentAction","name":"Comment","target":["https:\/\/jornalfatosenoticias.com.br\/index.php\/2023\/02\/14\/inundacoes-colocam-em-risco-dezenas-de-paises\/#respond"]}]},{"@type":"WebPage","@id":"https:\/\/jornalfatosenoticias.com.br\/index.php\/2023\/02\/14\/inundacoes-colocam-em-risco-dezenas-de-paises\/","url":"https:\/\/jornalfatosenoticias.com.br\/index.php\/2023\/02\/14\/inundacoes-colocam-em-risco-dezenas-de-paises\/","name":"Inunda\u00e7\u00f5es colocam em risco dezenas de pa\u00edses - Jornal Fatos e Not\u00edcias","isPartOf":{"@id":"https:\/\/jornalfatosenoticias.com.br\/#website"},"primaryImageOfPage":{"@id":"https:\/\/jornalfatosenoticias.com.br\/index.php\/2023\/02\/14\/inundacoes-colocam-em-risco-dezenas-de-paises\/#primaryimage"},"image":{"@id":"https:\/\/jornalfatosenoticias.com.br\/index.php\/2023\/02\/14\/inundacoes-colocam-em-risco-dezenas-de-paises\/#primaryimage"},"thumbnailUrl":"https:\/\/jornalfatosenoticias.com.br\/wp-content\/uploads\/2023\/02\/geleira-inundacoes.jpg","datePublished":"2023-02-14T13:46:21+00:00","dateModified":"2023-02-14T13:46:23+00:00","breadcrumb":{"@id":"https:\/\/jornalfatosenoticias.com.br\/index.php\/2023\/02\/14\/inundacoes-colocam-em-risco-dezenas-de-paises\/#breadcrumb"},"inLanguage":"pt-BR","potentialAction":[{"@type":"ReadAction","target":["https:\/\/jornalfatosenoticias.com.br\/index.php\/2023\/02\/14\/inundacoes-colocam-em-risco-dezenas-de-paises\/"]}]},{"@type":"ImageObject","inLanguage":"pt-BR","@id":"https:\/\/jornalfatosenoticias.com.br\/index.php\/2023\/02\/14\/inundacoes-colocam-em-risco-dezenas-de-paises\/#primaryimage","url":"https:\/\/jornalfatosenoticias.com.br\/wp-content\/uploads\/2023\/02\/geleira-inundacoes.jpg","contentUrl":"https:\/\/jornalfatosenoticias.com.br\/wp-content\/uploads\/2023\/02\/geleira-inundacoes.jpg","width":1000,"height":522},{"@type":"BreadcrumbList","@id":"https:\/\/jornalfatosenoticias.com.br\/index.php\/2023\/02\/14\/inundacoes-colocam-em-risco-dezenas-de-paises\/#breadcrumb","itemListElement":[{"@type":"ListItem","position":1,"name":"In\u00edcio","item":"https:\/\/jornalfatosenoticias.com.br\/"},{"@type":"ListItem","position":2,"name":"Inunda\u00e7\u00f5es colocam em risco dezenas de pa\u00edses"}]},{"@type":"WebSite","@id":"https:\/\/jornalfatosenoticias.com.br\/#website","url":"https:\/\/jornalfatosenoticias.com.br\/","name":"Jornal Fatos e Not\u00edcias","description":"Not\u00edcias em geral","publisher":{"@id":"https:\/\/jornalfatosenoticias.com.br\/#organization"},"potentialAction":[{"@type":"SearchAction","target":{"@type":"EntryPoint","urlTemplate":"https:\/\/jornalfatosenoticias.com.br\/?s={search_term_string}"},"query-input":{"@type":"PropertyValueSpecification","valueRequired":true,"valueName":"search_term_string"}}],"inLanguage":"pt-BR"},{"@type":"Organization","@id":"https:\/\/jornalfatosenoticias.com.br\/#organization","name":"Jornal Fatos e Not\u00edcias","url":"https:\/\/jornalfatosenoticias.com.br\/","logo":{"@type":"ImageObject","inLanguage":"pt-BR","@id":"https:\/\/jornalfatosenoticias.com.br\/#\/schema\/logo\/image\/","url":"https:\/\/jornalfatosenoticias.com.br\/wp-content\/uploads\/2020\/02\/logo120.png","contentUrl":"https:\/\/jornalfatosenoticias.com.br\/wp-content\/uploads\/2020\/02\/logo120.png","width":1227,"height":120,"caption":"Jornal Fatos e Not\u00edcias"},"image":{"@id":"https:\/\/jornalfatosenoticias.com.br\/#\/schema\/logo\/image\/"}},{"@type":"Person","@id":"https:\/\/jornalfatosenoticias.com.br\/#\/schema\/person\/d63837fa13ac8666eb9e74e0985d6f81","name":"Luzimara Fernandes","image":{"@type":"ImageObject","inLanguage":"pt-BR","@id":"https:\/\/jornalfatosenoticias.com.br\/#\/schema\/person\/image\/","url":"https:\/\/jornalfatosenoticias.com.br\/wp-content\/uploads\/2025\/05\/EU_portal.jpg","contentUrl":"https:\/\/jornalfatosenoticias.com.br\/wp-content\/uploads\/2025\/05\/EU_portal.jpg","caption":"Luzimara Fernandes"},"description":"Jornalista MTB 2358-ES","sameAs":["https:\/\/jornalfatosenoticias.com.br"],"url":"https:\/\/jornalfatosenoticias.com.br\/index.php\/author\/luzimara\/"}]}},"cc_featured_image_caption":{"caption_text":"(Foto: Divulga\u00e7\u00e3o)","source_text":"","source_url":""},"jetpack_featured_media_url":"https:\/\/jornalfatosenoticias.com.br\/wp-content\/uploads\/2023\/02\/geleira-inundacoes.jpg","_links":{"self":[{"href":"https:\/\/jornalfatosenoticias.com.br\/index.php\/wp-json\/wp\/v2\/posts\/38725","targetHints":{"allow":["GET"]}}],"collection":[{"href":"https:\/\/jornalfatosenoticias.com.br\/index.php\/wp-json\/wp\/v2\/posts"}],"about":[{"href":"https:\/\/jornalfatosenoticias.com.br\/index.php\/wp-json\/wp\/v2\/types\/post"}],"author":[{"embeddable":true,"href":"https:\/\/jornalfatosenoticias.com.br\/index.php\/wp-json\/wp\/v2\/users\/2"}],"replies":[{"embeddable":true,"href":"https:\/\/jornalfatosenoticias.com.br\/index.php\/wp-json\/wp\/v2\/comments?post=38725"}],"version-history":[{"count":0,"href":"https:\/\/jornalfatosenoticias.com.br\/index.php\/wp-json\/wp\/v2\/posts\/38725\/revisions"}],"wp:featuredmedia":[{"embeddable":true,"href":"https:\/\/jornalfatosenoticias.com.br\/index.php\/wp-json\/wp\/v2\/media\/38726"}],"wp:attachment":[{"href":"https:\/\/jornalfatosenoticias.com.br\/index.php\/wp-json\/wp\/v2\/media?parent=38725"}],"wp:term":[{"taxonomy":"category","embeddable":true,"href":"https:\/\/jornalfatosenoticias.com.br\/index.php\/wp-json\/wp\/v2\/categories?post=38725"},{"taxonomy":"post_tag","embeddable":true,"href":"https:\/\/jornalfatosenoticias.com.br\/index.php\/wp-json\/wp\/v2\/tags?post=38725"}],"curies":[{"name":"wp","href":"https:\/\/api.w.org\/{rel}","templated":true}]}}