{"id":38769,"date":"2023-02-15T10:42:18","date_gmt":"2023-02-15T13:42:18","guid":{"rendered":"https:\/\/jornalfatosenoticias.com.br\/?p=38769"},"modified":"2023-02-15T10:42:20","modified_gmt":"2023-02-15T13:42:20","slug":"miopia-problema-prejudica-o-aprendizado-e-a-saude-de-criancas","status":"publish","type":"post","link":"https:\/\/jornalfatosenoticias.com.br\/index.php\/2023\/02\/15\/miopia-problema-prejudica-o-aprendizado-e-a-saude-de-criancas\/","title":{"rendered":"Miopia: problema prejudica o aprendizado e a sa\u00fade de crian\u00e7as"},"content":{"rendered":"\n<p><em><span class=\"has-inline-color has-black-color\">Aproveitando o per\u00edodo de volta \u00e0s aulas, oftalmologista faz alerta aos pais e respons\u00e1veis sobre os riscos que a miopia traz \u00e0 sa\u00fade das crian\u00e7as<\/span><\/em><\/p>\n\n\n\n<div class=\"wp-block-image\"><figure class=\"aligncenter size-large\"><img decoding=\"async\" src=\"https:\/\/jornalfatosenoticias.com.br\/wp-content\/uploads\/2020\/02\/Serra-Grande-1024x160.png\" alt=\"\" class=\"wp-image-7836\"\/><\/figure><\/div>\n\n\n\n<p>Nas f\u00e9rias toda crian\u00e7a deveria passar por exame oftalmol\u00f3gico antes de retornar \u00e0s aulas. Isso porque, a miopia, dificuldade de enxergar a dist\u00e2ncia, est\u00e1 crescendo em uma velocidade assustadora no Pa\u00eds. De acordo com a OMS, em 2030 a miopia vai atingir 35,5% dos brasileiros, tendo um aumento maior que a m\u00e9dia mundial.<br>Segundo o oftalmologista Le\u00f4ncio Queiroz Neto, presidente do Instituto Penido Burnier, a corre\u00e7\u00e3o da miopia \u00e9 essencial para o aprendizado das crian\u00e7as. <\/p>\n\n\n\n<div class=\"wp-block-image\"><figure class=\"aligncenter size-large is-resized\"><img loading=\"lazy\" decoding=\"async\" src=\"https:\/\/jornalfatosenoticias.com.br\/wp-content\/uploads\/2020\/02\/logo-clinica-limoeiro.jpg\" alt=\"\" class=\"wp-image-34610\" width=\"272\" height=\"193\"\/><\/figure><\/div>\n\n\n\n<figure class=\"wp-block-pullquote\"><blockquote><p><span class=\"has-inline-color has-luminous-vivid-orange-color\">Isso foi comprovado em um levantamento com 36 mil crian\u00e7as das escolas p\u00fablicas que receberam \u00f3culos durante uma a\u00e7\u00e3o social promovida pelo hospital em parceria com a prefeitura de Campinas&#8221;, pontua. <\/span><\/p><\/blockquote><\/figure>\n\n\n\n<div class=\"wp-block-image\"><figure class=\"aligncenter size-large is-resized\"><img loading=\"lazy\" decoding=\"async\" src=\"https:\/\/jornalfatosenoticias.com.br\/wp-content\/uploads\/2020\/02\/casa-do-torresmo_portal.jpg\" alt=\"\" class=\"wp-image-34472\" width=\"268\" height=\"268\" srcset=\"https:\/\/jornalfatosenoticias.com.br\/wp-content\/uploads\/2020\/02\/casa-do-torresmo_portal.jpg 300w, https:\/\/jornalfatosenoticias.com.br\/wp-content\/uploads\/2020\/02\/casa-do-torresmo_portal-150x150.jpg 150w\" sizes=\"auto, (max-width: 268px) 100vw, 268px\" \/><\/figure><\/div>\n\n\n\n<p>Ap\u00f3s um ano de uso dos \u00f3culos, 50% tiveram melhora no desempenho escolar e 36,2% ficaram menos agitadas. Esta \u00e9 uma comprova\u00e7\u00e3o da import\u00e2ncia do acompanhamento da sa\u00fade ocular na inf\u00e2ncia.<\/p>\n\n\n\n<div class=\"wp-block-image\"><figure class=\"aligncenter size-large\"><img loading=\"lazy\" decoding=\"async\" width=\"1024\" height=\"99\" src=\"https:\/\/jornalfatosenoticias.com.br\/wp-content\/uploads\/2020\/02\/Logo-Mizu-segunda-2-1024x99.png\" alt=\"\" class=\"wp-image-2353\" srcset=\"https:\/\/jornalfatosenoticias.com.br\/wp-content\/uploads\/2020\/02\/Logo-Mizu-segunda-2-1024x99.png 1024w, https:\/\/jornalfatosenoticias.com.br\/wp-content\/uploads\/2020\/02\/Logo-Mizu-segunda-2-300x29.png 300w, https:\/\/jornalfatosenoticias.com.br\/wp-content\/uploads\/2020\/02\/Logo-Mizu-segunda-2-768x74.png 768w, https:\/\/jornalfatosenoticias.com.br\/wp-content\/uploads\/2020\/02\/Logo-Mizu-segunda-2.png 1240w\" sizes=\"auto, (max-width: 1024px) 100vw, 1024px\" \/><\/figure><\/div>\n\n\n\n<p>O oftalmologista afirma que a miopia \u00e9 hoje a principal causa de defici\u00eancia visual revers\u00edvel. \u00c9 poss\u00edvel corrigir o problema com \u00f3culos ou lente de contato. Ele tamb\u00e9m explica que sua causa se d\u00e1, sobretudo, por heran\u00e7a gen\u00e9tica quando os dois pais ou um deles \u00e9 m\u00edope. <\/p>\n\n\n\n<div class=\"wp-block-image\"><figure class=\"aligncenter size-large is-resized\"><img loading=\"lazy\" decoding=\"async\" src=\"https:\/\/jornalfatosenoticias.com.br\/wp-content\/uploads\/2022\/02\/Precisao-Contabilidade-1024x724.jpg\" alt=\"\" class=\"wp-image-28088\" width=\"310\" height=\"219\"\/><\/figure><\/div>\n\n\n\n<figure class=\"wp-block-pullquote\"><blockquote><p><span class=\"has-inline-color has-luminous-vivid-orange-color\">No entanto, o aumento exponencial da miopia na inf\u00e2ncia est\u00e1 relacionado ao esfor\u00e7o visual imposto pela vida digital e pela falta de exposi\u00e7\u00e3o ao sol&#8221;, pontua.<\/span><\/p><\/blockquote><\/figure>\n\n\n\n<div class=\"wp-block-image\"><figure class=\"aligncenter size-large\"><img loading=\"lazy\" decoding=\"async\" width=\"1024\" height=\"100\" src=\"https:\/\/jornalfatosenoticias.com.br\/wp-content\/uploads\/2020\/02\/banner_ferramentas-1024x100.jpg\" alt=\"\" class=\"wp-image-1258\" srcset=\"https:\/\/jornalfatosenoticias.com.br\/wp-content\/uploads\/2020\/02\/banner_ferramentas-1024x100.jpg 1024w, https:\/\/jornalfatosenoticias.com.br\/wp-content\/uploads\/2020\/02\/banner_ferramentas-300x29.jpg 300w, https:\/\/jornalfatosenoticias.com.br\/wp-content\/uploads\/2020\/02\/banner_ferramentas-768x75.jpg 768w, https:\/\/jornalfatosenoticias.com.br\/wp-content\/uploads\/2020\/02\/banner_ferramentas.jpg 1227w\" sizes=\"auto, (max-width: 1024px) 100vw, 1024px\" \/><\/figure><\/div>\n\n\n\n<p>Um levantamento realizado pelo m\u00e9dico no Instituto com 360 crian\u00e7as na faixa et\u00e1ria de seis a nove anos mostra que o uso intensivo das telas praticamente dobrou a preval\u00eancia da miopia entre os participantes. O oftalmologista explica que se trata de uma miopia acomodativa, causada pelo espasmo nos m\u00fasculos ciliares que movimentam o cristalino para focaliza\u00e7\u00e3o nas v\u00e1rias dist\u00e2ncias. <\/p>\n\n\n\n<div class=\"wp-block-image\"><figure class=\"aligncenter size-large\"><img decoding=\"async\" src=\"https:\/\/jornalfatosenoticias.com.br\/wp-content\/uploads\/2020\/02\/logo_esteio.jpg\" alt=\"\" class=\"wp-image-1214\"\/><\/figure><\/div>\n\n\n\n<figure class=\"wp-block-pullquote\"><blockquote><p><span class=\"has-inline-color has-luminous-vivid-orange-color\">A recomenda\u00e7\u00e3o para evitar esta paralisa\u00e7\u00e3o da musculatura dos olhos \u00e9 n\u00e3o ultrapassar duas horas cont\u00ednuas de uso das telas&#8221;, recomenda.<\/span><\/p><\/blockquote><\/figure>\n\n\n\n<div class=\"wp-block-image\"><figure class=\"alignright size-large\"><img decoding=\"async\" src=\"https:\/\/jornalfatosenoticias.com.br\/wp-content\/uploads\/2020\/02\/barao-das-carnes-300x164-1.jpg\" alt=\"\" class=\"wp-image-34339\"\/><\/figure><\/div>\n\n\n\n<p>Para o especialista, hoje um dos maiores desafios da oftalmologia \u00e9 prever a alta miopia. Isso porque, acima de seis graus a miopia pode causar descolamento de retina, glaucoma, catarata precoce e degenera\u00e7\u00e3o macular. Todas essas s\u00e3o importantes causas de defici\u00eancia visual grave que reduzem a produtividade e aumentam os custos sociais relacionados \u00e0 falta de acompanhamento oftalmol\u00f3gico.<\/p>\n\n\n\n<div class=\"wp-block-image\"><figure class=\"aligncenter size-large is-resized\"><img loading=\"lazy\" decoding=\"async\" src=\"https:\/\/jornalfatosenoticias.com.br\/wp-content\/uploads\/2022\/10\/Arte-jornal-Zucchi-600x600_Prancheta-1-1024x1024.jpg\" alt=\"\" class=\"wp-image-34782\" width=\"249\" height=\"249\" srcset=\"https:\/\/jornalfatosenoticias.com.br\/wp-content\/uploads\/2022\/10\/Arte-jornal-Zucchi-600x600_Prancheta-1-1024x1024.jpg 1024w, https:\/\/jornalfatosenoticias.com.br\/wp-content\/uploads\/2022\/10\/Arte-jornal-Zucchi-600x600_Prancheta-1-300x300.jpg 300w, https:\/\/jornalfatosenoticias.com.br\/wp-content\/uploads\/2022\/10\/Arte-jornal-Zucchi-600x600_Prancheta-1-150x150.jpg 150w, https:\/\/jornalfatosenoticias.com.br\/wp-content\/uploads\/2022\/10\/Arte-jornal-Zucchi-600x600_Prancheta-1-768x768.jpg 768w, https:\/\/jornalfatosenoticias.com.br\/wp-content\/uploads\/2022\/10\/Arte-jornal-Zucchi-600x600_Prancheta-1.jpg 1250w\" sizes=\"auto, (max-width: 249px) 100vw, 249px\" \/><\/figure><\/div>\n\n\n\n<p>De acordo com o oftalmologista, a estimativa \u00e9 que um em cada 10 m\u00edopes ultrapasse o marco de seis dioptrias ou graus. A boa not\u00edcia \u00e9 que uma pesquisa in\u00e9dita mostra que a IA (Intelig\u00eancia Artificial), somada \u00e0 imagem do fundo do olho, podem prever a alta miopia anos antes da progress\u00e3o, tornando a indica\u00e7\u00e3o de tratamentos preventivos mais precisa.<\/p>\n\n\n\n<div class=\"wp-block-image\"><figure class=\"aligncenter size-large\"><img loading=\"lazy\" decoding=\"async\" width=\"1024\" height=\"100\" src=\"https:\/\/jornalfatosenoticias.com.br\/wp-content\/uploads\/2022\/05\/NOVA-LOGO-CESCONETTO-1024x100.jpg\" alt=\"\" class=\"wp-image-30792\" srcset=\"https:\/\/jornalfatosenoticias.com.br\/wp-content\/uploads\/2022\/05\/NOVA-LOGO-CESCONETTO-1024x100.jpg 1024w, https:\/\/jornalfatosenoticias.com.br\/wp-content\/uploads\/2022\/05\/NOVA-LOGO-CESCONETTO-300x29.jpg 300w, https:\/\/jornalfatosenoticias.com.br\/wp-content\/uploads\/2022\/05\/NOVA-LOGO-CESCONETTO-768x75.jpg 768w, https:\/\/jornalfatosenoticias.com.br\/wp-content\/uploads\/2022\/05\/NOVA-LOGO-CESCONETTO.jpg 1280w\" sizes=\"auto, (max-width: 1024px) 100vw, 1024px\" \/><\/figure><\/div>\n\n\n\n<p>Le\u00f4ncio afirma que a miopia tamb\u00e9m aumenta a tend\u00eancia \u00e0 depress\u00e3o e ins\u00f4nia, sobretudo entre altos m\u00edopes, conforme ficou demonstrado em outro estudo publicado na revista cient\u00edfica Nature. <\/p>\n\n\n\n<div class=\"wp-block-image\"><figure class=\"aligncenter size-large is-resized\"><img loading=\"lazy\" decoding=\"async\" src=\"https:\/\/jornalfatosenoticias.com.br\/wp-content\/uploads\/2020\/02\/logo-Panper_portal.jpg\" alt=\"\" class=\"wp-image-34474\" width=\"286\" height=\"198\" srcset=\"https:\/\/jornalfatosenoticias.com.br\/wp-content\/uploads\/2020\/02\/logo-Panper_portal.jpg 400w, https:\/\/jornalfatosenoticias.com.br\/wp-content\/uploads\/2020\/02\/logo-Panper_portal-300x208.jpg 300w\" sizes=\"auto, (max-width: 286px) 100vw, 286px\" \/><\/figure><\/div>\n\n\n\n<figure class=\"wp-block-pullquote\"><blockquote><p><span class=\"has-inline-color has-luminous-vivid-orange-color\">Isso acontece porque todo nosso organismo \u00e9 regido pela luz que sensibiliza c\u00e9lulas fotossens\u00edveis da retina e avisa uma por\u00e7\u00e3o de nosso c\u00e9rebro quando \u00e9 dia ou noite&#8221;, pontua. O oftalmologista esclarece ainda que no m\u00edope o di\u00e2metro \u00e2ntero posterior \u00e9 maior que o normal. &#8220;Esta altera\u00e7\u00e3o faz com que menos luz penetre nos olhos e as imagens se formem antes da retina, tornando tudo o que est\u00e1 distante desfocado&#8221;, salienta.<\/span><\/p><\/blockquote><\/figure>\n\n\n\n<div class=\"wp-block-image\"><figure class=\"aligncenter size-large\"><img loading=\"lazy\" decoding=\"async\" width=\"560\" height=\"60\" src=\"https:\/\/jornalfatosenoticias.com.br\/wp-content\/uploads\/2022\/10\/Propaganda-RC-Radiadores-Jornal_page-0001.jpg\" alt=\"\" class=\"wp-image-35270\" srcset=\"https:\/\/jornalfatosenoticias.com.br\/wp-content\/uploads\/2022\/10\/Propaganda-RC-Radiadores-Jornal_page-0001.jpg 560w, https:\/\/jornalfatosenoticias.com.br\/wp-content\/uploads\/2022\/10\/Propaganda-RC-Radiadores-Jornal_page-0001-300x32.jpg 300w\" sizes=\"auto, (max-width: 560px) 100vw, 560px\" \/><\/figure><\/div>\n\n\n\n<p>A diminui\u00e7\u00e3o da entrada de luz nos olhos reduz a produ\u00e7\u00e3o de dois horm\u00f4nios, adrenalina e cortisol. Eles controlam o estresse, mant\u00e9m o bom funcionamento do sistema imune e a glicemia em equil\u00edbrio. No entardecer estes horm\u00f4nios diminuem ainda mais para dar espa\u00e7o \u00e0 produ\u00e7\u00e3o da melatonina, horm\u00f4nio indutor do sono que tamb\u00e9m tem queda na produ\u00e7\u00e3o e causa ins\u00f4nia em m\u00edopes.<\/p>\n\n\n\n<div class=\"wp-block-image\"><figure class=\"aligncenter size-large is-resized\"><img loading=\"lazy\" decoding=\"async\" src=\"https:\/\/jornalfatosenoticias.com.br\/wp-content\/uploads\/2022\/07\/Logo-Grupo-SEI.jpg\" alt=\"\" class=\"wp-image-31973\" width=\"276\" height=\"145\" srcset=\"https:\/\/jornalfatosenoticias.com.br\/wp-content\/uploads\/2022\/07\/Logo-Grupo-SEI.jpg 713w, https:\/\/jornalfatosenoticias.com.br\/wp-content\/uploads\/2022\/07\/Logo-Grupo-SEI-300x158.jpg 300w\" sizes=\"auto, (max-width: 276px) 100vw, 276px\" \/><\/figure><\/div>\n\n\n\n<p>O especialista ressalta que poucos pais conseguem restringir o tempo de uso das telas porque hoje as crian\u00e7as estudam pelo computador ou celular. Felizmente, \u00e9 poss\u00edvel prevenir a miopia com duas horas di\u00e1rias de atividades externas durante o dia. Isso porque o sol estimula a produ\u00e7\u00e3o da dopamina, horm\u00f4nio que controla o crescimento do olho, que geralmente \u00e9 maior nos m\u00edopes.<\/p>\n\n\n\n<div class=\"wp-block-image\"><figure class=\"aligncenter size-large\"><img loading=\"lazy\" decoding=\"async\" width=\"300\" height=\"250\" src=\"https:\/\/jornalfatosenoticias.com.br\/wp-content\/uploads\/2022\/08\/arte-Casarao.jpg\" alt=\"\" class=\"wp-image-33178\"\/><\/figure><\/div>\n\n\n\n<figure class=\"wp-block-pullquote\"><blockquote><p><span class=\"has-inline-color has-luminous-vivid-orange-color\">Hoje tamb\u00e9m j\u00e1 est\u00e3o dispon\u00edveis lentes de contato e \u00f3culos que controlam a progress\u00e3o da miopia. As lentes comuns, corrigem a vis\u00e3o, mas na periferia da retina jogam a imagem \u00e0 frente da retina estimulando o crescimento axial do olho e, portanto, a progress\u00e3o da miopia. Nas novas lentes de contato e \u00f3culos as imagens se formam exatamente em cima da retina em toda sua extens\u00e3o e isso permite o controle da miopia. N\u00e3o significa que estaciona totalmente, apenas controla&#8221;, afirma o m\u00e9dico.<\/span><\/p><\/blockquote><\/figure>\n\n\n\n<div class=\"wp-block-image\"><figure class=\"aligncenter size-large is-resized\"><img loading=\"lazy\" decoding=\"async\" src=\"https:\/\/jornalfatosenoticias.com.br\/wp-content\/uploads\/2020\/02\/logo-embacia.jpg\" alt=\"\" class=\"wp-image-33905\" width=\"245\" height=\"245\"\/><\/figure><\/div>\n\n\n\n<p><strong><span class=\"has-inline-color has-vivid-red-color\">As recomenda\u00e7\u00f5es da OMS de uso seguro das telas s\u00e3o:<br><\/span><\/strong>\u2022 Menores de dois anos. N\u00e3o \u00e9 indicado o uso de telas.<br>\u2022 Entre dois a cinco anos, o ideal \u00e9 n\u00e3o ultrapassar uma hora di\u00e1ria e sempre com um adulto por perto.<br>\u2022 Entre seis a 10 anos, no m\u00e1ximo duas horas por dia e tamb\u00e9m com a supervis\u00e3o de um adulto.<br>\u2022 A partir dos 10 anos, n\u00e3o ultrapassar o limite de tr\u00eas horas por dia. \u00c9 importante tamb\u00e9m evitar a utiliza\u00e7\u00e3o de noite, que pode causar agita\u00e7\u00e3o e atrapalhar o sono.<\/p>\n\n\n\n<div class=\"wp-block-image\"><figure class=\"alignleft size-large is-resized\"><img loading=\"lazy\" decoding=\"async\" src=\"https:\/\/jornalfatosenoticias.com.br\/wp-content\/uploads\/2022\/08\/logo-locau-veiculos-1024x573.png\" alt=\"\" class=\"wp-image-33078\" width=\"314\" height=\"175\"\/><\/figure><\/div>\n\n\n\n<p>Para todas as idades, sempre preferir as telas maiores e usar mantendo dist\u00e2ncia. Se for tablet ou celular, a recomenda\u00e7\u00e3o \u00e9 de 30cm entre o aparelho e o rosto. Outra recomenda\u00e7\u00e3o \u00e9 evitar a utiliza\u00e7\u00e3o durante as refei\u00e7\u00f5es. Isso porque o h\u00e1bito induz \u00e0 alimenta\u00e7\u00e3o compulsiva e leva ao ganho de peso, outro problema de sa\u00fade que est\u00e1 em alta entre as crian\u00e7as brasileiras.<\/p>\n\n\n\n<div class=\"wp-block-image\"><figure class=\"aligncenter size-large is-resized\"><img loading=\"lazy\" decoding=\"async\" src=\"https:\/\/jornalfatosenoticias.com.br\/wp-content\/uploads\/2020\/02\/nova-logo-Marquetti.jpg\" alt=\"\" class=\"wp-image-22331\" width=\"273\" height=\"183\" srcset=\"https:\/\/jornalfatosenoticias.com.br\/wp-content\/uploads\/2020\/02\/nova-logo-Marquetti.jpg 643w, https:\/\/jornalfatosenoticias.com.br\/wp-content\/uploads\/2020\/02\/nova-logo-Marquetti-300x202.jpg 300w\" sizes=\"auto, (max-width: 273px) 100vw, 273px\" \/><\/figure><\/div>\n\n\n\n<p><strong><em>Fonte: <a href=\"https:\/\/www.terra.com.br\/vida-e-estilo\/saude\/doencas-e-tratamentos\/miopia-problema-prejudica-o-aprendizado-e-a-saude-de-criancas,8a10e85379718ab1167fbee2e7c1d2b9ok1sj7wp.html\">Terra<\/a><\/em><\/strong><\/p>\n","protected":false},"excerpt":{"rendered":"<p>Aproveitando o per\u00edodo de volta \u00e0s aulas, oftalmologista faz alerta aos pais e respons\u00e1veis sobre os riscos que a miopia traz \u00e0 sa\u00fade das crian\u00e7as Nas f\u00e9rias toda crian\u00e7a deveria passar por exame oftalmol\u00f3gico antes de retornar \u00e0s aulas. Isso porque, a miopia, dificuldade de enxergar a dist\u00e2ncia, est\u00e1 crescendo em uma velocidade assustadora no [&hellip;]<\/p>\n","protected":false},"author":2,"featured_media":38770,"comment_status":"open","ping_status":"open","sticky":false,"template":"","format":"standard","meta":{"footnotes":""},"categories":[11],"tags":[4575,670,12561,18140,18139,4692],"class_list":["post-38769","post","type-post","status-publish","format-standard","has-post-thumbnail","hentry","category-saude","tag-aprendizado","tag-criancas","tag-miopia","tag-miopia-infantil","tag-saude-de-criancas","tag-volta-as-aulas"],"yoast_head":"<!-- This site is optimized with the Yoast SEO plugin v26.5 - https:\/\/yoast.com\/wordpress\/plugins\/seo\/ -->\n<title>Miopia: problema prejudica o aprendizado e a sa\u00fade de crian\u00e7as - Jornal Fatos e Not\u00edcias<\/title>\n<meta name=\"robots\" content=\"index, follow, max-snippet:-1, max-image-preview:large, max-video-preview:-1\" \/>\n<link rel=\"canonical\" href=\"https:\/\/jornalfatosenoticias.com.br\/index.php\/2023\/02\/15\/miopia-problema-prejudica-o-aprendizado-e-a-saude-de-criancas\/\" \/>\n<meta property=\"og:locale\" content=\"pt_BR\" \/>\n<meta property=\"og:type\" content=\"article\" \/>\n<meta property=\"og:title\" content=\"Miopia: problema prejudica o aprendizado e a sa\u00fade de crian\u00e7as - Jornal Fatos e Not\u00edcias\" \/>\n<meta property=\"og:description\" content=\"Aproveitando o per\u00edodo de volta \u00e0s aulas, oftalmologista faz alerta aos pais e respons\u00e1veis sobre os riscos que a miopia traz \u00e0 sa\u00fade das crian\u00e7as Nas f\u00e9rias toda crian\u00e7a deveria passar por exame oftalmol\u00f3gico antes de retornar \u00e0s aulas. Isso porque, a miopia, dificuldade de enxergar a dist\u00e2ncia, est\u00e1 crescendo em uma velocidade assustadora no [&hellip;]\" \/>\n<meta property=\"og:url\" content=\"https:\/\/jornalfatosenoticias.com.br\/index.php\/2023\/02\/15\/miopia-problema-prejudica-o-aprendizado-e-a-saude-de-criancas\/\" \/>\n<meta property=\"og:site_name\" content=\"Jornal Fatos e Not\u00edcias\" \/>\n<meta property=\"article:published_time\" content=\"2023-02-15T13:42:18+00:00\" \/>\n<meta property=\"article:modified_time\" content=\"2023-02-15T13:42:20+00:00\" \/>\n<meta property=\"og:image\" content=\"https:\/\/jornalfatosenoticias.com.br\/wp-content\/uploads\/2023\/02\/miopia-infantil.jpeg\" \/>\n\t<meta property=\"og:image:width\" content=\"1000\" \/>\n\t<meta property=\"og:image:height\" content=\"506\" \/>\n\t<meta property=\"og:image:type\" content=\"image\/jpeg\" \/>\n<meta name=\"author\" content=\"Luzimara Fernandes\" \/>\n<meta name=\"twitter:card\" content=\"summary_large_image\" \/>\n<meta name=\"twitter:label1\" content=\"Escrito por\" \/>\n\t<meta name=\"twitter:data1\" content=\"Luzimara Fernandes\" \/>\n\t<meta name=\"twitter:label2\" content=\"Est. tempo de leitura\" \/>\n\t<meta name=\"twitter:data2\" content=\"5 minutos\" \/>\n<script type=\"application\/ld+json\" class=\"yoast-schema-graph\">{\"@context\":\"https:\/\/schema.org\",\"@graph\":[{\"@type\":\"Article\",\"@id\":\"https:\/\/jornalfatosenoticias.com.br\/index.php\/2023\/02\/15\/miopia-problema-prejudica-o-aprendizado-e-a-saude-de-criancas\/#article\",\"isPartOf\":{\"@id\":\"https:\/\/jornalfatosenoticias.com.br\/index.php\/2023\/02\/15\/miopia-problema-prejudica-o-aprendizado-e-a-saude-de-criancas\/\"},\"author\":{\"name\":\"Luzimara Fernandes\",\"@id\":\"https:\/\/jornalfatosenoticias.com.br\/#\/schema\/person\/d63837fa13ac8666eb9e74e0985d6f81\"},\"headline\":\"Miopia: problema prejudica o aprendizado e a sa\u00fade de crian\u00e7as\",\"datePublished\":\"2023-02-15T13:42:18+00:00\",\"dateModified\":\"2023-02-15T13:42:20+00:00\",\"mainEntityOfPage\":{\"@id\":\"https:\/\/jornalfatosenoticias.com.br\/index.php\/2023\/02\/15\/miopia-problema-prejudica-o-aprendizado-e-a-saude-de-criancas\/\"},\"wordCount\":988,\"commentCount\":0,\"publisher\":{\"@id\":\"https:\/\/jornalfatosenoticias.com.br\/#organization\"},\"image\":{\"@id\":\"https:\/\/jornalfatosenoticias.com.br\/index.php\/2023\/02\/15\/miopia-problema-prejudica-o-aprendizado-e-a-saude-de-criancas\/#primaryimage\"},\"thumbnailUrl\":\"https:\/\/jornalfatosenoticias.com.br\/wp-content\/uploads\/2023\/02\/miopia-infantil.jpeg\",\"keywords\":[\"aprendizado\",\"crian\u00e7as\",\"miopia\",\"miopia infantil\",\"sa\u00fade de crian\u00e7as\",\"volta \u00e0s aulas\"],\"articleSection\":[\"Sa\u00fade\"],\"inLanguage\":\"pt-BR\",\"potentialAction\":[{\"@type\":\"CommentAction\",\"name\":\"Comment\",\"target\":[\"https:\/\/jornalfatosenoticias.com.br\/index.php\/2023\/02\/15\/miopia-problema-prejudica-o-aprendizado-e-a-saude-de-criancas\/#respond\"]}]},{\"@type\":\"WebPage\",\"@id\":\"https:\/\/jornalfatosenoticias.com.br\/index.php\/2023\/02\/15\/miopia-problema-prejudica-o-aprendizado-e-a-saude-de-criancas\/\",\"url\":\"https:\/\/jornalfatosenoticias.com.br\/index.php\/2023\/02\/15\/miopia-problema-prejudica-o-aprendizado-e-a-saude-de-criancas\/\",\"name\":\"Miopia: problema prejudica o aprendizado e a sa\u00fade de crian\u00e7as - Jornal Fatos e Not\u00edcias\",\"isPartOf\":{\"@id\":\"https:\/\/jornalfatosenoticias.com.br\/#website\"},\"primaryImageOfPage\":{\"@id\":\"https:\/\/jornalfatosenoticias.com.br\/index.php\/2023\/02\/15\/miopia-problema-prejudica-o-aprendizado-e-a-saude-de-criancas\/#primaryimage\"},\"image\":{\"@id\":\"https:\/\/jornalfatosenoticias.com.br\/index.php\/2023\/02\/15\/miopia-problema-prejudica-o-aprendizado-e-a-saude-de-criancas\/#primaryimage\"},\"thumbnailUrl\":\"https:\/\/jornalfatosenoticias.com.br\/wp-content\/uploads\/2023\/02\/miopia-infantil.jpeg\",\"datePublished\":\"2023-02-15T13:42:18+00:00\",\"dateModified\":\"2023-02-15T13:42:20+00:00\",\"breadcrumb\":{\"@id\":\"https:\/\/jornalfatosenoticias.com.br\/index.php\/2023\/02\/15\/miopia-problema-prejudica-o-aprendizado-e-a-saude-de-criancas\/#breadcrumb\"},\"inLanguage\":\"pt-BR\",\"potentialAction\":[{\"@type\":\"ReadAction\",\"target\":[\"https:\/\/jornalfatosenoticias.com.br\/index.php\/2023\/02\/15\/miopia-problema-prejudica-o-aprendizado-e-a-saude-de-criancas\/\"]}]},{\"@type\":\"ImageObject\",\"inLanguage\":\"pt-BR\",\"@id\":\"https:\/\/jornalfatosenoticias.com.br\/index.php\/2023\/02\/15\/miopia-problema-prejudica-o-aprendizado-e-a-saude-de-criancas\/#primaryimage\",\"url\":\"https:\/\/jornalfatosenoticias.com.br\/wp-content\/uploads\/2023\/02\/miopia-infantil.jpeg\",\"contentUrl\":\"https:\/\/jornalfatosenoticias.com.br\/wp-content\/uploads\/2023\/02\/miopia-infantil.jpeg\",\"width\":1000,\"height\":506,\"caption\":\"cute little girl hiding behind the table\"},{\"@type\":\"BreadcrumbList\",\"@id\":\"https:\/\/jornalfatosenoticias.com.br\/index.php\/2023\/02\/15\/miopia-problema-prejudica-o-aprendizado-e-a-saude-de-criancas\/#breadcrumb\",\"itemListElement\":[{\"@type\":\"ListItem\",\"position\":1,\"name\":\"In\u00edcio\",\"item\":\"https:\/\/jornalfatosenoticias.com.br\/\"},{\"@type\":\"ListItem\",\"position\":2,\"name\":\"Miopia: problema prejudica o aprendizado e a sa\u00fade de crian\u00e7as\"}]},{\"@type\":\"WebSite\",\"@id\":\"https:\/\/jornalfatosenoticias.com.br\/#website\",\"url\":\"https:\/\/jornalfatosenoticias.com.br\/\",\"name\":\"Jornal Fatos e Not\u00edcias\",\"description\":\"Not\u00edcias em geral\",\"publisher\":{\"@id\":\"https:\/\/jornalfatosenoticias.com.br\/#organization\"},\"potentialAction\":[{\"@type\":\"SearchAction\",\"target\":{\"@type\":\"EntryPoint\",\"urlTemplate\":\"https:\/\/jornalfatosenoticias.com.br\/?s={search_term_string}\"},\"query-input\":{\"@type\":\"PropertyValueSpecification\",\"valueRequired\":true,\"valueName\":\"search_term_string\"}}],\"inLanguage\":\"pt-BR\"},{\"@type\":\"Organization\",\"@id\":\"https:\/\/jornalfatosenoticias.com.br\/#organization\",\"name\":\"Jornal Fatos e Not\u00edcias\",\"url\":\"https:\/\/jornalfatosenoticias.com.br\/\",\"logo\":{\"@type\":\"ImageObject\",\"inLanguage\":\"pt-BR\",\"@id\":\"https:\/\/jornalfatosenoticias.com.br\/#\/schema\/logo\/image\/\",\"url\":\"https:\/\/jornalfatosenoticias.com.br\/wp-content\/uploads\/2020\/02\/logo120.png\",\"contentUrl\":\"https:\/\/jornalfatosenoticias.com.br\/wp-content\/uploads\/2020\/02\/logo120.png\",\"width\":1227,\"height\":120,\"caption\":\"Jornal Fatos e Not\u00edcias\"},\"image\":{\"@id\":\"https:\/\/jornalfatosenoticias.com.br\/#\/schema\/logo\/image\/\"}},{\"@type\":\"Person\",\"@id\":\"https:\/\/jornalfatosenoticias.com.br\/#\/schema\/person\/d63837fa13ac8666eb9e74e0985d6f81\",\"name\":\"Luzimara Fernandes\",\"image\":{\"@type\":\"ImageObject\",\"inLanguage\":\"pt-BR\",\"@id\":\"https:\/\/jornalfatosenoticias.com.br\/#\/schema\/person\/image\/\",\"url\":\"https:\/\/jornalfatosenoticias.com.br\/wp-content\/uploads\/2025\/05\/EU_portal.jpg\",\"contentUrl\":\"https:\/\/jornalfatosenoticias.com.br\/wp-content\/uploads\/2025\/05\/EU_portal.jpg\",\"caption\":\"Luzimara Fernandes\"},\"description\":\"Jornalista MTB 2358-ES\",\"sameAs\":[\"https:\/\/jornalfatosenoticias.com.br\"],\"url\":\"https:\/\/jornalfatosenoticias.com.br\/index.php\/author\/luzimara\/\"}]}<\/script>\n<!-- \/ Yoast SEO plugin. -->","yoast_head_json":{"title":"Miopia: problema prejudica o aprendizado e a sa\u00fade de crian\u00e7as - Jornal Fatos e Not\u00edcias","robots":{"index":"index","follow":"follow","max-snippet":"max-snippet:-1","max-image-preview":"max-image-preview:large","max-video-preview":"max-video-preview:-1"},"canonical":"https:\/\/jornalfatosenoticias.com.br\/index.php\/2023\/02\/15\/miopia-problema-prejudica-o-aprendizado-e-a-saude-de-criancas\/","og_locale":"pt_BR","og_type":"article","og_title":"Miopia: problema prejudica o aprendizado e a sa\u00fade de crian\u00e7as - Jornal Fatos e Not\u00edcias","og_description":"Aproveitando o per\u00edodo de volta \u00e0s aulas, oftalmologista faz alerta aos pais e respons\u00e1veis sobre os riscos que a miopia traz \u00e0 sa\u00fade das crian\u00e7as Nas f\u00e9rias toda crian\u00e7a deveria passar por exame oftalmol\u00f3gico antes de retornar \u00e0s aulas. Isso porque, a miopia, dificuldade de enxergar a dist\u00e2ncia, est\u00e1 crescendo em uma velocidade assustadora no [&hellip;]","og_url":"https:\/\/jornalfatosenoticias.com.br\/index.php\/2023\/02\/15\/miopia-problema-prejudica-o-aprendizado-e-a-saude-de-criancas\/","og_site_name":"Jornal Fatos e Not\u00edcias","article_published_time":"2023-02-15T13:42:18+00:00","article_modified_time":"2023-02-15T13:42:20+00:00","og_image":[{"width":1000,"height":506,"url":"https:\/\/jornalfatosenoticias.com.br\/wp-content\/uploads\/2023\/02\/miopia-infantil.jpeg","type":"image\/jpeg"}],"author":"Luzimara Fernandes","twitter_card":"summary_large_image","twitter_misc":{"Escrito por":"Luzimara Fernandes","Est. tempo de leitura":"5 minutos"},"schema":{"@context":"https:\/\/schema.org","@graph":[{"@type":"Article","@id":"https:\/\/jornalfatosenoticias.com.br\/index.php\/2023\/02\/15\/miopia-problema-prejudica-o-aprendizado-e-a-saude-de-criancas\/#article","isPartOf":{"@id":"https:\/\/jornalfatosenoticias.com.br\/index.php\/2023\/02\/15\/miopia-problema-prejudica-o-aprendizado-e-a-saude-de-criancas\/"},"author":{"name":"Luzimara Fernandes","@id":"https:\/\/jornalfatosenoticias.com.br\/#\/schema\/person\/d63837fa13ac8666eb9e74e0985d6f81"},"headline":"Miopia: problema prejudica o aprendizado e a sa\u00fade de crian\u00e7as","datePublished":"2023-02-15T13:42:18+00:00","dateModified":"2023-02-15T13:42:20+00:00","mainEntityOfPage":{"@id":"https:\/\/jornalfatosenoticias.com.br\/index.php\/2023\/02\/15\/miopia-problema-prejudica-o-aprendizado-e-a-saude-de-criancas\/"},"wordCount":988,"commentCount":0,"publisher":{"@id":"https:\/\/jornalfatosenoticias.com.br\/#organization"},"image":{"@id":"https:\/\/jornalfatosenoticias.com.br\/index.php\/2023\/02\/15\/miopia-problema-prejudica-o-aprendizado-e-a-saude-de-criancas\/#primaryimage"},"thumbnailUrl":"https:\/\/jornalfatosenoticias.com.br\/wp-content\/uploads\/2023\/02\/miopia-infantil.jpeg","keywords":["aprendizado","crian\u00e7as","miopia","miopia infantil","sa\u00fade de crian\u00e7as","volta \u00e0s aulas"],"articleSection":["Sa\u00fade"],"inLanguage":"pt-BR","potentialAction":[{"@type":"CommentAction","name":"Comment","target":["https:\/\/jornalfatosenoticias.com.br\/index.php\/2023\/02\/15\/miopia-problema-prejudica-o-aprendizado-e-a-saude-de-criancas\/#respond"]}]},{"@type":"WebPage","@id":"https:\/\/jornalfatosenoticias.com.br\/index.php\/2023\/02\/15\/miopia-problema-prejudica-o-aprendizado-e-a-saude-de-criancas\/","url":"https:\/\/jornalfatosenoticias.com.br\/index.php\/2023\/02\/15\/miopia-problema-prejudica-o-aprendizado-e-a-saude-de-criancas\/","name":"Miopia: problema prejudica o aprendizado e a sa\u00fade de crian\u00e7as - Jornal Fatos e Not\u00edcias","isPartOf":{"@id":"https:\/\/jornalfatosenoticias.com.br\/#website"},"primaryImageOfPage":{"@id":"https:\/\/jornalfatosenoticias.com.br\/index.php\/2023\/02\/15\/miopia-problema-prejudica-o-aprendizado-e-a-saude-de-criancas\/#primaryimage"},"image":{"@id":"https:\/\/jornalfatosenoticias.com.br\/index.php\/2023\/02\/15\/miopia-problema-prejudica-o-aprendizado-e-a-saude-de-criancas\/#primaryimage"},"thumbnailUrl":"https:\/\/jornalfatosenoticias.com.br\/wp-content\/uploads\/2023\/02\/miopia-infantil.jpeg","datePublished":"2023-02-15T13:42:18+00:00","dateModified":"2023-02-15T13:42:20+00:00","breadcrumb":{"@id":"https:\/\/jornalfatosenoticias.com.br\/index.php\/2023\/02\/15\/miopia-problema-prejudica-o-aprendizado-e-a-saude-de-criancas\/#breadcrumb"},"inLanguage":"pt-BR","potentialAction":[{"@type":"ReadAction","target":["https:\/\/jornalfatosenoticias.com.br\/index.php\/2023\/02\/15\/miopia-problema-prejudica-o-aprendizado-e-a-saude-de-criancas\/"]}]},{"@type":"ImageObject","inLanguage":"pt-BR","@id":"https:\/\/jornalfatosenoticias.com.br\/index.php\/2023\/02\/15\/miopia-problema-prejudica-o-aprendizado-e-a-saude-de-criancas\/#primaryimage","url":"https:\/\/jornalfatosenoticias.com.br\/wp-content\/uploads\/2023\/02\/miopia-infantil.jpeg","contentUrl":"https:\/\/jornalfatosenoticias.com.br\/wp-content\/uploads\/2023\/02\/miopia-infantil.jpeg","width":1000,"height":506,"caption":"cute little girl hiding behind the table"},{"@type":"BreadcrumbList","@id":"https:\/\/jornalfatosenoticias.com.br\/index.php\/2023\/02\/15\/miopia-problema-prejudica-o-aprendizado-e-a-saude-de-criancas\/#breadcrumb","itemListElement":[{"@type":"ListItem","position":1,"name":"In\u00edcio","item":"https:\/\/jornalfatosenoticias.com.br\/"},{"@type":"ListItem","position":2,"name":"Miopia: problema prejudica o aprendizado e a sa\u00fade de crian\u00e7as"}]},{"@type":"WebSite","@id":"https:\/\/jornalfatosenoticias.com.br\/#website","url":"https:\/\/jornalfatosenoticias.com.br\/","name":"Jornal Fatos e Not\u00edcias","description":"Not\u00edcias em geral","publisher":{"@id":"https:\/\/jornalfatosenoticias.com.br\/#organization"},"potentialAction":[{"@type":"SearchAction","target":{"@type":"EntryPoint","urlTemplate":"https:\/\/jornalfatosenoticias.com.br\/?s={search_term_string}"},"query-input":{"@type":"PropertyValueSpecification","valueRequired":true,"valueName":"search_term_string"}}],"inLanguage":"pt-BR"},{"@type":"Organization","@id":"https:\/\/jornalfatosenoticias.com.br\/#organization","name":"Jornal Fatos e Not\u00edcias","url":"https:\/\/jornalfatosenoticias.com.br\/","logo":{"@type":"ImageObject","inLanguage":"pt-BR","@id":"https:\/\/jornalfatosenoticias.com.br\/#\/schema\/logo\/image\/","url":"https:\/\/jornalfatosenoticias.com.br\/wp-content\/uploads\/2020\/02\/logo120.png","contentUrl":"https:\/\/jornalfatosenoticias.com.br\/wp-content\/uploads\/2020\/02\/logo120.png","width":1227,"height":120,"caption":"Jornal Fatos e Not\u00edcias"},"image":{"@id":"https:\/\/jornalfatosenoticias.com.br\/#\/schema\/logo\/image\/"}},{"@type":"Person","@id":"https:\/\/jornalfatosenoticias.com.br\/#\/schema\/person\/d63837fa13ac8666eb9e74e0985d6f81","name":"Luzimara Fernandes","image":{"@type":"ImageObject","inLanguage":"pt-BR","@id":"https:\/\/jornalfatosenoticias.com.br\/#\/schema\/person\/image\/","url":"https:\/\/jornalfatosenoticias.com.br\/wp-content\/uploads\/2025\/05\/EU_portal.jpg","contentUrl":"https:\/\/jornalfatosenoticias.com.br\/wp-content\/uploads\/2025\/05\/EU_portal.jpg","caption":"Luzimara Fernandes"},"description":"Jornalista MTB 2358-ES","sameAs":["https:\/\/jornalfatosenoticias.com.br"],"url":"https:\/\/jornalfatosenoticias.com.br\/index.php\/author\/luzimara\/"}]}},"cc_featured_image_caption":{"caption_text":"(Foto: Shutterstock) ","source_text":"","source_url":""},"jetpack_featured_media_url":"https:\/\/jornalfatosenoticias.com.br\/wp-content\/uploads\/2023\/02\/miopia-infantil.jpeg","_links":{"self":[{"href":"https:\/\/jornalfatosenoticias.com.br\/index.php\/wp-json\/wp\/v2\/posts\/38769","targetHints":{"allow":["GET"]}}],"collection":[{"href":"https:\/\/jornalfatosenoticias.com.br\/index.php\/wp-json\/wp\/v2\/posts"}],"about":[{"href":"https:\/\/jornalfatosenoticias.com.br\/index.php\/wp-json\/wp\/v2\/types\/post"}],"author":[{"embeddable":true,"href":"https:\/\/jornalfatosenoticias.com.br\/index.php\/wp-json\/wp\/v2\/users\/2"}],"replies":[{"embeddable":true,"href":"https:\/\/jornalfatosenoticias.com.br\/index.php\/wp-json\/wp\/v2\/comments?post=38769"}],"version-history":[{"count":0,"href":"https:\/\/jornalfatosenoticias.com.br\/index.php\/wp-json\/wp\/v2\/posts\/38769\/revisions"}],"wp:featuredmedia":[{"embeddable":true,"href":"https:\/\/jornalfatosenoticias.com.br\/index.php\/wp-json\/wp\/v2\/media\/38770"}],"wp:attachment":[{"href":"https:\/\/jornalfatosenoticias.com.br\/index.php\/wp-json\/wp\/v2\/media?parent=38769"}],"wp:term":[{"taxonomy":"category","embeddable":true,"href":"https:\/\/jornalfatosenoticias.com.br\/index.php\/wp-json\/wp\/v2\/categories?post=38769"},{"taxonomy":"post_tag","embeddable":true,"href":"https:\/\/jornalfatosenoticias.com.br\/index.php\/wp-json\/wp\/v2\/tags?post=38769"}],"curies":[{"name":"wp","href":"https:\/\/api.w.org\/{rel}","templated":true}]}}