{"id":38792,"date":"2023-02-15T12:14:15","date_gmt":"2023-02-15T15:14:15","guid":{"rendered":"https:\/\/jornalfatosenoticias.com.br\/?p=38792"},"modified":"2023-02-15T12:14:17","modified_gmt":"2023-02-15T15:14:17","slug":"o-impacto-das-demissoes-em-massa-sobre-quem-permanece-no-emprego","status":"publish","type":"post","link":"https:\/\/jornalfatosenoticias.com.br\/index.php\/2023\/02\/15\/o-impacto-das-demissoes-em-massa-sobre-quem-permanece-no-emprego\/","title":{"rendered":"O impacto das demiss\u00f5es em massa sobre quem permanece no emprego"},"content":{"rendered":"\n<p><em><span class=\"has-inline-color has-black-color\">Com empresas em todo o mundo reduzindo o n\u00famero de funcion\u00e1rios, muitos profissionais se preocupam com a possibilidade de serem os pr\u00f3ximos<\/span><\/em><\/p>\n\n\n\n<div class=\"wp-block-image\"><figure class=\"aligncenter size-large\"><img loading=\"lazy\" decoding=\"async\" width=\"1024\" height=\"110\" src=\"https:\/\/jornalfatosenoticias.com.br\/wp-content\/uploads\/2022\/10\/Arte-jornal-Zucchi-1120x120_Prancheta-1-1024x110.jpg\" alt=\"\" class=\"wp-image-34772\" srcset=\"https:\/\/jornalfatosenoticias.com.br\/wp-content\/uploads\/2022\/10\/Arte-jornal-Zucchi-1120x120_Prancheta-1-1024x110.jpg 1024w, https:\/\/jornalfatosenoticias.com.br\/wp-content\/uploads\/2022\/10\/Arte-jornal-Zucchi-1120x120_Prancheta-1-300x32.jpg 300w, https:\/\/jornalfatosenoticias.com.br\/wp-content\/uploads\/2022\/10\/Arte-jornal-Zucchi-1120x120_Prancheta-1-768x82.jpg 768w, https:\/\/jornalfatosenoticias.com.br\/wp-content\/uploads\/2022\/10\/Arte-jornal-Zucchi-1120x120_Prancheta-1-1536x165.jpg 1536w, https:\/\/jornalfatosenoticias.com.br\/wp-content\/uploads\/2022\/10\/Arte-jornal-Zucchi-1120x120_Prancheta-1-2048x219.jpg 2048w\" sizes=\"auto, (max-width: 1024px) 100vw, 1024px\" \/><\/figure><\/div>\n\n\n\n<p>&#8220;Toda manh\u00e3, antes de sair da cama, uma sensa\u00e7\u00e3o de pavor me domina&#8221;, afirma a profissional de tecnologia Kara, de Nova York, nos Estados Unidos. Ela tem 41 anos de idade e trabalha na empresa atual h\u00e1 quatro anos, mas conta que &#8220;sabe&#8221; que provavelmente ser\u00e1 demitida. <\/p>\n\n\n\n<figure class=\"wp-block-pullquote\"><blockquote><p><span class=\"has-inline-color has-luminous-vivid-orange-color\">Tenho quase 100% de certeza que, a qualquer dia desses, vou receber o e-mail dizendo que meu cargo foi extinto\u2026 \u00e9 s\u00f3 quest\u00e3o de tempo&#8221;, afirma ela.<\/span><\/p><\/blockquote><\/figure>\n\n\n\n<div class=\"wp-block-image\"><figure class=\"alignleft size-large is-resized\"><img loading=\"lazy\" decoding=\"async\" src=\"https:\/\/jornalfatosenoticias.com.br\/wp-content\/uploads\/2020\/02\/logo-clinica-limoeiro.jpg\" alt=\"\" class=\"wp-image-34610\" width=\"299\" height=\"202\"\/><\/figure><\/div>\n\n\n\n<p>Para Kara (seu nome completo \u00e9 omitido por quest\u00f5es profissionais), os layoffs \u2014 demiss\u00f5es em massa \u2014 j\u00e1 trouxeram impactos consider\u00e1veis \u00e0 sua vida, mesmo que ela ainda n\u00e3o tenha perdido seu emprego. Ela conta que est\u00e1 ansiosa, dorme pouco e chora muito. &#8220;A incerteza \u00e9 o pior&#8221;, segundo Kara. &#8220;Parte de mim acha que eu deveria simplesmente pedir demiss\u00e3o para preservar meus nervos, mas pode acontecer exatamente o mesmo em outro lugar. A seguran\u00e7a no emprego neste setor basicamente n\u00e3o existe&#8221;.<br>Os layoffs varreram o planeta no ano passado, especialmente nos \u00faltimos quatro meses de 2022. Milhares de funcion\u00e1rios que se achavam relativamente seguros nos seus cargos perderam o emprego. Na \u00e1rea de tecnologia, por exemplo, as empresas demitiram mais de 150 mil funcion\u00e1rios em 2022, segundo o site de rastreamento Layoffs.fyi. E, em 2023, elas j\u00e1 extinguiram quase 76 mil cargos.<\/p>\n\n\n\n<div class=\"wp-block-image\"><figure class=\"aligncenter size-large\"><img loading=\"lazy\" decoding=\"async\" width=\"1024\" height=\"100\" src=\"https:\/\/jornalfatosenoticias.com.br\/wp-content\/uploads\/2022\/05\/NOVA-LOGO-CESCONETTO-1024x100.jpg\" alt=\"\" class=\"wp-image-30792\" srcset=\"https:\/\/jornalfatosenoticias.com.br\/wp-content\/uploads\/2022\/05\/NOVA-LOGO-CESCONETTO-1024x100.jpg 1024w, https:\/\/jornalfatosenoticias.com.br\/wp-content\/uploads\/2022\/05\/NOVA-LOGO-CESCONETTO-300x29.jpg 300w, https:\/\/jornalfatosenoticias.com.br\/wp-content\/uploads\/2022\/05\/NOVA-LOGO-CESCONETTO-768x75.jpg 768w, https:\/\/jornalfatosenoticias.com.br\/wp-content\/uploads\/2022\/05\/NOVA-LOGO-CESCONETTO.jpg 1280w\" sizes=\"auto, (max-width: 1024px) 100vw, 1024px\" \/><\/figure><\/div>\n\n\n\n<p>No setor financeiro, Goldman Sachs, Morgan Stanley e Citigroup eliminaram milhares de fun\u00e7\u00f5es. E muitos outros setores tamb\u00e9m foram atingidos pelos cortes, que se estenderam para o setor de varejo, comunica\u00e7\u00f5es, assist\u00eancia m\u00e9dica e farmac\u00eautico. Historicamente, as demiss\u00f5es em massa fazem parte do ciclo natural de fluxo e refluxo da economia. Mas os especialistas afirmam que esta onda \u00e9 not\u00e1vel por diversos motivos. O primeiro: sua escala e abrang\u00eancia, especialmente considerando que os fundamentos da economia est\u00e3o mostrando melhorias.<br>Durante a Grande Recess\u00e3o global do final dos anos 2000, por exemplo, centenas de milhares de pessoas perderam o emprego, mas como consequ\u00eancia direta de uma imensa queda do valor dos ativos em todo o mundo, que varreu trilh\u00f5es de d\u00f3lares das bolsas de valores internacionais por um longo per\u00edodo e virou do avesso as condi\u00e7\u00f5es de vida de muitas pessoas.<\/p>\n\n\n\n<div class=\"wp-block-image\"><figure class=\"aligncenter size-large\"><img decoding=\"async\" src=\"https:\/\/jornalfatosenoticias.com.br\/wp-content\/uploads\/2020\/02\/barao-das-carnes-300x164-1.jpg\" alt=\"\" class=\"wp-image-34339\"\/><\/figure><\/div>\n\n\n\n<p>Mas este n\u00e3o \u00e9 o caso atual, mesmo com a prolifera\u00e7\u00e3o dos layoffs e da incerteza profissional. Nos Estados Unidos, a crise financeira de 2008 e o per\u00edodo ap\u00f3s a recess\u00e3o tiveram um pico de 10% na taxa de desemprego. Cerca de 15 milh\u00f5es de pessoas inscreveram-se como desempregadas, devido a uma redu\u00e7\u00e3o sist\u00eamica e prolongada da atividade econ\u00f4mica. Mas, hoje, a taxa de desemprego nos Estados Unidos \u00e9 de cerca de 3,5%.<br>E, durante a crise da zona do Euro em 2011, o desemprego na Uni\u00e3o Europeia ultrapassou 11,5%, enquanto a taxa atual \u00e9 de menos de 6,5%. Um segundo motivo para que o desemprego atual seja incomum \u00e9 a pr\u00f3pria atmosfera do ambiente de trabalho. Durante a pandemia, os gerentes defenderam um estilo de lideran\u00e7a centralizado no funcion\u00e1rio, priorizando o bem-estar e a sa\u00fade mental das pessoas, segundo Anna Tavis, professora de gest\u00e3o de recursos humanos da Universidade de Nova York, nos Estados Unidos. &#8220;Fomos incentivados a trazer toda a nossa personalidade para o trabalho&#8221;, ela conta.<\/p>\n\n\n\n<div class=\"wp-block-image\"><figure class=\"aligncenter size-large\"><img loading=\"lazy\" decoding=\"async\" width=\"1024\" height=\"100\" src=\"https:\/\/jornalfatosenoticias.com.br\/wp-content\/uploads\/2020\/02\/banner_ferramentas-1024x100.jpg\" alt=\"\" class=\"wp-image-1258\" srcset=\"https:\/\/jornalfatosenoticias.com.br\/wp-content\/uploads\/2020\/02\/banner_ferramentas-1024x100.jpg 1024w, https:\/\/jornalfatosenoticias.com.br\/wp-content\/uploads\/2020\/02\/banner_ferramentas-300x29.jpg 300w, https:\/\/jornalfatosenoticias.com.br\/wp-content\/uploads\/2020\/02\/banner_ferramentas-768x75.jpg 768w, https:\/\/jornalfatosenoticias.com.br\/wp-content\/uploads\/2020\/02\/banner_ferramentas.jpg 1227w\" sizes=\"auto, (max-width: 1024px) 100vw, 1024px\" \/><\/figure><\/div>\n\n\n\n<p>Como resultado, muitos profissionais sentem uma certa disson\u00e2ncia cognitiva \u2014 tanto os demitidos durante o layoff, quanto outros como Kara, que vivem com medo de serem os pr\u00f3ximos da lista. Tavis explica que, durante a pandemia, eles ouviram uma coisa e agora est\u00e3o experimentando algo que contraria aquela narrativa. &#8220;Isso est\u00e1 fazendo com que a lideran\u00e7a perca sua autenticidade e \u00e9 compreens\u00edvel que traga consequ\u00eancias para a confian\u00e7a dos funcion\u00e1rios nos seus superiores&#8221;, afirma ela.<br>Especialistas advertem que, se ondas de layoff como as que vimos recentemente, ou mesmo a iminente possibilidade desses cortes, continuarem a fazer parte da vida profissional, as culturas organizacionais tamb\u00e9m poder\u00e3o se deteriorar, causando um cruel efeito cascata sobre todos os aspectos, desde o comprometimento e a produtividade dos funcion\u00e1rios at\u00e9 sua sa\u00fade f\u00edsica e mental. E, o que \u00e9 pior, estas condi\u00e7\u00f5es podem atingir as pr\u00f3ximas gera\u00e7\u00f5es.<\/p>\n\n\n\n<div class=\"wp-block-image\"><figure class=\"aligncenter size-large\"><img loading=\"lazy\" decoding=\"async\" width=\"300\" height=\"250\" src=\"https:\/\/jornalfatosenoticias.com.br\/wp-content\/uploads\/2022\/08\/arte-Casarao.jpg\" alt=\"\" class=\"wp-image-33178\"\/><\/figure><\/div>\n\n\n\n<p><strong><span class=\"has-inline-color has-vivid-purple-color\">A conta em termos humanos<br><\/span><\/strong>\u00c9 importante observar que os cortes de empregos podem causar efeitos imediatos sobre o bem-estar. Muitas pesquisas demonstram que o layoff aumenta o risco de uma s\u00e9rie de condi\u00e7\u00f5es de sa\u00fade. Um dos resumos mais abrangentes reuniu mais de 300 estudos sobre este assunto. Ele demonstra que as pessoas desempregadas s\u00e3o mais estressadas, menos satisfeitas com suas vidas, casamentos e fam\u00edlias e mais propensas a relatar problemas psicol\u00f3gicos do que os empregados.<\/p>\n\n\n\n<div class=\"wp-block-image\"><figure class=\"aligncenter size-large is-resized\"><img loading=\"lazy\" decoding=\"async\" src=\"https:\/\/jornalfatosenoticias.com.br\/wp-content\/uploads\/2020\/02\/nova-logo-Marquetti.jpg\" alt=\"\" class=\"wp-image-22331\" width=\"268\" height=\"180\" srcset=\"https:\/\/jornalfatosenoticias.com.br\/wp-content\/uploads\/2020\/02\/nova-logo-Marquetti.jpg 643w, https:\/\/jornalfatosenoticias.com.br\/wp-content\/uploads\/2020\/02\/nova-logo-Marquetti-300x202.jpg 300w\" sizes=\"auto, (max-width: 268px) 100vw, 268px\" \/><\/figure><\/div>\n\n\n\n<p>Ficar desempregado tamb\u00e9m traz um risco muito maior de suic\u00eddio e taxas de mortalidade geral mais altas nas d\u00e9cadas depois da demiss\u00e3o. Outra pesquisa, de 2009, concluiu que, para os funcion\u00e1rios sem problemas de sa\u00fade preexistentes, a probabilidade de desenvolver condi\u00e7\u00f5es de sa\u00fade aumenta em 83% nos primeiros 15 a 18 meses ap\u00f3s o layoff e as condi\u00e7\u00f5es mais comuns s\u00e3o doen\u00e7as relativas ao estresse, incluindo hipertens\u00e3o, doen\u00e7as card\u00edacas e artrite.<\/p>\n\n\n\n<div class=\"wp-block-image\"><figure class=\"aligncenter size-large\"><img decoding=\"async\" src=\"https:\/\/jornalfatosenoticias.com.br\/wp-content\/uploads\/2020\/02\/Serra-Grande-1024x160.png\" alt=\"\" class=\"wp-image-7836\"\/><\/figure><\/div>\n\n\n\n<p>Mas n\u00e3o s\u00e3o s\u00f3 os trabalhadores afastados que sofrem em uma economia dominada pelo layoff. Profissionais como Kara sabem que, at\u00e9 antes do an\u00fancio de eventuais cortes, a possibilidade e o medo de ficar desempregado tamb\u00e9m pode prejudicar a sa\u00fade mental e a produtividade. Em artigo publicado na Harvard Business Review, a escritora e coach executiva Melody Wilding explica que a incerteza no trabalho pode prejudicar a motiva\u00e7\u00e3o e gerar problemas de sa\u00fade mental, como ansiedade e depress\u00e3o.<br>As mensagens contradit\u00f3rias sobre a prioriza\u00e7\u00e3o do bem-estar dos funcion\u00e1rios tamb\u00e9m v\u00eam perturbando os profissionais, muitas vezes com efeitos negativos. Durante a pandemia, os funcion\u00e1rios demonstraram mudan\u00e7as nas suas prioridades e ambi\u00e7\u00f5es profissionais e, principalmente, eles come\u00e7aram a investir mais na sua sa\u00fade mental.<\/p>\n\n\n\n<div class=\"wp-block-image\"><figure class=\"aligncenter size-large is-resized\"><img loading=\"lazy\" decoding=\"async\" src=\"https:\/\/jornalfatosenoticias.com.br\/wp-content\/uploads\/2022\/07\/Logo-Grupo-SEI.jpg\" alt=\"\" class=\"wp-image-31973\" width=\"356\" height=\"187\" srcset=\"https:\/\/jornalfatosenoticias.com.br\/wp-content\/uploads\/2022\/07\/Logo-Grupo-SEI.jpg 713w, https:\/\/jornalfatosenoticias.com.br\/wp-content\/uploads\/2022\/07\/Logo-Grupo-SEI-300x158.jpg 300w\" sizes=\"auto, (max-width: 356px) 100vw, 356px\" \/><\/figure><\/div>\n\n\n\n<p>Em muitos casos, os empregadores reconheceram esses pedidos de maior apoio. Muitos l\u00edderes abriram conversas sobre a cria\u00e7\u00e3o de pol\u00edticas, programas e ferramentas para ajudar os funcion\u00e1rios em dificuldades.<br>Tamb\u00e9m se abriu o di\u00e1logo corporativo para estabelecer um futuro no qual termos como Burnout, estresse e depress\u00e3o n\u00e3o seriam mais associados a fraqueza, nem carregariam mais o \u00f4nus da estigmatiza\u00e7\u00e3o no ambiente de trabalho.<\/p>\n\n\n\n<div class=\"wp-block-image\"><figure class=\"aligncenter size-large\"><img loading=\"lazy\" decoding=\"async\" width=\"1000\" height=\"666\" src=\"https:\/\/jornalfatosenoticias.com.br\/wp-content\/uploads\/2023\/02\/DESEMPREGO-DEPRESSAO2_GettyImages.jpg\" alt=\"\" class=\"wp-image-38793\" srcset=\"https:\/\/jornalfatosenoticias.com.br\/wp-content\/uploads\/2023\/02\/DESEMPREGO-DEPRESSAO2_GettyImages.jpg 1000w, https:\/\/jornalfatosenoticias.com.br\/wp-content\/uploads\/2023\/02\/DESEMPREGO-DEPRESSAO2_GettyImages-300x200.jpg 300w, https:\/\/jornalfatosenoticias.com.br\/wp-content\/uploads\/2023\/02\/DESEMPREGO-DEPRESSAO2_GettyImages-768x511.jpg 768w\" sizes=\"auto, (max-width: 1000px) 100vw, 1000px\" \/><figcaption><em><span class=\"has-inline-color has-black-color\">Especialistas afirmam que a perspectiva iminente das demiss\u00f5es em massa pode prejudicar a sa\u00fade mental (Foto: Getty Images)<\/span><\/em><\/figcaption><\/figure><\/div>\n\n\n\n<p>Para os jovens que iniciaram a vida profissional nos \u00faltimos anos, a empresa focada nos funcion\u00e1rios que supostamente defende a sa\u00fade mental e o bem-estar pode ser a \u00fanica impress\u00e3o que eles j\u00e1 tiveram do mercado de trabalho. Mas essa \u00eanfase sobre o bem-estar pessoal \u00e9 totalmente contr\u00e1ria \u00e0 realidade que muitos profissionais est\u00e3o enfrentando no momento.<\/p>\n\n\n\n<div class=\"wp-block-image\"><figure class=\"alignright size-large is-resized\"><img loading=\"lazy\" decoding=\"async\" src=\"https:\/\/jornalfatosenoticias.com.br\/wp-content\/uploads\/2020\/02\/casa-do-torresmo_portal.jpg\" alt=\"\" class=\"wp-image-34472\" width=\"282\" height=\"282\" srcset=\"https:\/\/jornalfatosenoticias.com.br\/wp-content\/uploads\/2020\/02\/casa-do-torresmo_portal.jpg 300w, https:\/\/jornalfatosenoticias.com.br\/wp-content\/uploads\/2020\/02\/casa-do-torresmo_portal-150x150.jpg 150w\" sizes=\"auto, (max-width: 282px) 100vw, 282px\" \/><\/figure><\/div>\n\n\n\n<p>Dados demonstram que a precariedade do mercado de trabalho atual est\u00e1 prejudicando o bem-estar dos profissionais. Em uma recente pesquisa global entre 35 mil trabalhadores, cerca de 52% dos participantes afirmaram estar preocupados com o impacto das incertezas econ\u00f4micas sobre sua estabilidade profissional, enquanto mais de um ter\u00e7o est\u00e3o abertamente preocupados com a poss\u00edvel perda do seu emprego.<br>Maureen Dollard, professora de psicologia organizacional e do trabalho da Universidade do Sul da Austr\u00e1lia, conduziu uma pesquisa que demonstrou que os funcion\u00e1rios em ambientes psicologicamente menos saud\u00e1veis (ela define &#8220;ambientes psicologicamente saud\u00e1veis&#8221; como aqueles em que o bem-estar emocional n\u00e3o \u00e9 ignorado) tiraram 43% mais dias de licen\u00e7a m\u00e9dica por m\u00eas.<br>Sua pesquisa tamb\u00e9m demonstrou que o estresse pode aumentar o risco de acidentes de trabalho. Outros especialistas, como Aaron Nurick, professor de administra\u00e7\u00e3o e psicologia da Universidade Bentley, nos Estados Unidos, destacam que os layoffs tamb\u00e9m podem causar impactos sobre os funcion\u00e1rios que n\u00e3o perdem seus empregos, no que ele descreve como a &#8220;culpa do sobrevivente&#8221; \u2014 e a sensa\u00e7\u00e3o de que &#8220;eu posso ser o pr\u00f3ximo&#8221;.<\/p>\n\n\n\n<div class=\"wp-block-image\"><figure class=\"aligncenter size-large\"><img decoding=\"async\" src=\"https:\/\/jornalfatosenoticias.com.br\/wp-content\/uploads\/2020\/02\/logo_esteio.jpg\" alt=\"\" class=\"wp-image-1214\"\/><\/figure><\/div>\n\n\n\n<figure class=\"wp-block-pullquote\"><blockquote><p><span class=\"has-inline-color has-luminous-vivid-orange-color\">O professor Anthony Klotz, da Faculdade de Administra\u00e7\u00e3o do University College de Londres, concorda. Para ele, ao menos temporariamente, &#8220;os layoffs tornam a experi\u00eancia de trabalho menos agrad\u00e1vel para os que permanecem e n\u00e3o \u00e9 dif\u00edcil imaginar que estes efeitos negativos sejam duradouros em muitos casos&#8221;.<\/span><\/p><\/blockquote><\/figure>\n\n\n\n<p><strong><span class=\"has-inline-color has-vivid-purple-color\">Efeitos de longo prazo<br><\/span><\/strong>Os cortes de pessoal n\u00e3o s\u00f3 prejudicam a sa\u00fade mental das pessoas no mercado de trabalho, como podem tamb\u00e9m mudar o comportamento dos funcion\u00e1rios \u2014 at\u00e9 dificultando o desenvolvimento de suas carreiras e, por fim, sua rela\u00e7\u00e3o geral com o trabalho. Melody Wilding, por exemplo, escreve: <\/p>\n\n\n\n<div class=\"wp-block-image\"><figure class=\"aligncenter size-large is-resized\"><img loading=\"lazy\" decoding=\"async\" src=\"https:\/\/jornalfatosenoticias.com.br\/wp-content\/uploads\/2020\/02\/logo-embacia.jpg\" alt=\"\" class=\"wp-image-33905\" width=\"254\" height=\"254\"\/><\/figure><\/div>\n\n\n\n<figure class=\"wp-block-pullquote\"><blockquote><p><span class=\"has-inline-color has-luminous-vivid-orange-color\">Se voc\u00ea se sente impotente frente \u00e0 convuls\u00e3o na sua empresa, voc\u00ea pode recuar e refrear seus esfor\u00e7os, tornando-se um candidato menos prov\u00e1vel para os cortes&#8221;. Al\u00e9m disso, Nurick escreve que, neste ambiente, &#8220;[as pessoas] podem ser mais cuidadosas sobre o que dizem e fazem. Os funcion\u00e1rios n\u00e3o querem ser observados porque isso os torna mais vulner\u00e1veis. Eles s\u00e3o como os animais silvestres \u2014 eles far\u00e3o o que for preciso para se camuflar e se encaixar. \u00c9 um elemento b\u00e1sico de sobreviv\u00eancia&#8221;.<\/span><\/p><\/blockquote><\/figure>\n\n\n\n<div class=\"wp-block-image\"><figure class=\"alignleft size-large is-resized\"><img decoding=\"async\" src=\"https:\/\/jornalfatosenoticias.com.br\/wp-content\/uploads\/2022\/08\/logo-locau-veiculos-1024x573.png\" alt=\"\" class=\"wp-image-33078\" width=\"-84\" height=\"-47\"\/><\/figure><\/div>\n\n\n\n<p>A pesquisa de Maureen Dollard tamb\u00e9m demonstra que esses funcion\u00e1rios foram significativamente menos produtivos no trabalho. A incerteza profissional tamb\u00e9m pode gerar comportamentos como a demiss\u00e3o silenciosa \u2014 fazer apenas o m\u00ednimo necess\u00e1rio para permanecer em um emprego. &#8220;Funcion\u00e1rios que ouviram durante a pandemia que suas empresas eram centralizadas nos empregados e cuidavam do seu bem-estar simplesmente n\u00e3o querem trabalhar para pessoas nas quais eles percebem que n\u00e3o podem confiar&#8221;, explica Anna Tavis. &#8220;Eles est\u00e3o com raiva&#8221;.<br>A criatividade tamb\u00e9m pode ser prejudicada com as demiss\u00f5es em massa. <\/p>\n\n\n\n<figure class=\"wp-block-pullquote\"><blockquote><p><span class=\"has-inline-color has-luminous-vivid-orange-color\">Os funcion\u00e1rios remanescentes s\u00e3o mais cuidadosos e cautelosos, o que significa que eles n\u00e3o assumem comportamentos que poderiam trazer inova\u00e7\u00f5es&#8221;, escreve Nurick. &#8220;Ningu\u00e9m parece querer fracassar&#8221;.<\/span><\/p><\/blockquote><\/figure>\n\n\n\n<div class=\"wp-block-image\"><figure class=\"aligncenter size-large is-resized\"><img loading=\"lazy\" decoding=\"async\" src=\"https:\/\/jornalfatosenoticias.com.br\/wp-content\/uploads\/2022\/10\/RC_800x750_page-0001.jpg\" alt=\"\" class=\"wp-image-35338\" width=\"251\" height=\"235\" srcset=\"https:\/\/jornalfatosenoticias.com.br\/wp-content\/uploads\/2022\/10\/RC_800x750_page-0001.jpg 400w, https:\/\/jornalfatosenoticias.com.br\/wp-content\/uploads\/2022\/10\/RC_800x750_page-0001-300x281.jpg 300w\" sizes=\"auto, (max-width: 251px) 100vw, 251px\" \/><\/figure><\/div>\n\n\n\n<p>Anthony Klotz tamb\u00e9m indica pesquisas que demonstram que os funcion\u00e1rios demitidos s\u00e3o muito mais propensos a demitir-se voluntariamente no futuro, em rela\u00e7\u00e3o aos que nunca passaram por um layoff. &#8220;Pode-se pensar que os efeitos prejudiciais dos layoffs sobre a confian\u00e7a dos funcion\u00e1rios atingidos s\u00e3o limitados \u00e0 empresa que os demitiu&#8221;, afirma ele. &#8220;Mas esta pesquisa indica que passar por um layoff tamb\u00e9m dificulta a constru\u00e7\u00e3o de la\u00e7os fortes com empregadores futuros&#8221;.<br>Para os profissionais que escapam do layoff, mas temem que podem ser os pr\u00f3ximos, Klotz afirma que uma rea\u00e7\u00e3o comum aos sentimentos de incerteza profissional \u00e9 come\u00e7ar a procurar outro emprego. &#8220;A lealdade vem do tratamento leal rec\u00edproco entre as empresas e os funcion\u00e1rios. Normalmente, o sentimento de lealdade age como uma for\u00e7a que evita que os funcion\u00e1rios se dediquem seriamente a ofertas de emprego de fora&#8221;, segundo ele.<\/p>\n\n\n\n<div class=\"wp-block-image\"><figure class=\"aligncenter size-large\"><img loading=\"lazy\" decoding=\"async\" width=\"729\" height=\"90\" src=\"https:\/\/jornalfatosenoticias.com.br\/wp-content\/uploads\/2020\/02\/Logo_Mizu.png\" alt=\"\" class=\"wp-image-1441\" srcset=\"https:\/\/jornalfatosenoticias.com.br\/wp-content\/uploads\/2020\/02\/Logo_Mizu.png 729w, https:\/\/jornalfatosenoticias.com.br\/wp-content\/uploads\/2020\/02\/Logo_Mizu-300x37.png 300w\" sizes=\"auto, (max-width: 729px) 100vw, 729px\" \/><\/figure><\/div>\n\n\n\n<figure class=\"wp-block-pullquote\"><blockquote><p><span class=\"has-inline-color has-luminous-vivid-orange-color\">Mas, quando ocorrem os layoffs, os funcion\u00e1rios remanescentes s\u00e3o menos propensos a ter senso de lealdade, j\u00e1 que a companhia acabou de demonstrar sua disposi\u00e7\u00e3o de romper unilateralmente os la\u00e7os at\u00e9 com milhares de profissionais&#8221;.<\/span><\/p><\/blockquote><\/figure>\n\n\n\n<div class=\"wp-block-image\"><figure class=\"alignright size-large is-resized\"><img decoding=\"async\" src=\"https:\/\/jornalfatosenoticias.com.br\/wp-content\/uploads\/2022\/02\/Precisao-Contabilidade-1024x724.jpg\" alt=\"\" class=\"wp-image-28088\" width=\"-159\" height=\"-112\"\/><\/figure><\/div>\n\n\n\n<p>Klotz \u00e9 conhecido por ter criado a express\u00e3o &#8220;Grande Demiss\u00e3o&#8221; em 2021, para definir a tend\u00eancia que levou um grande n\u00famero de trabalhadores americanos a deixar seus empregos durante a pandemia de covid-19. Os acad\u00eamicos e outros especialistas afirmam categoricamente que, para muitos dos funcion\u00e1rios dispensados \u2014 al\u00e9m de muitos daqueles que permanecem depois que suas empresas fazem grandes cortes de pessoal \u2014 esses efeitos ser\u00e3o duradouros.<br>E, o que \u00e9 pior, quanto mais frequentes forem adotados os layoffs como forma ostensiva e necess\u00e1ria para combater os contratempos econ\u00f4micos, mais normalizados e enraizados eles ficar\u00e3o na cultura dos neg\u00f3cios. Isso deixa os profissionais em uma posi\u00e7\u00e3o profundamente prec\u00e1ria, \u00e0 medida que se aprofunda o seu medo de perder o emprego a qualquer momento.<\/p>\n\n\n\n<p><strong><em>Fonte: <a href=\"https:\/\/www.terra.com.br\/vida-e-estilo\/saude\/a-incerteza-e-o-pior-o-impacto-das-demissoes-em-massa-sobre-quem-permanece-no-emprego,f38736d0d937d78bbb4c5363a45878a6drx89ffb.html\">Terra<\/a><\/em><\/strong><\/p>\n","protected":false},"excerpt":{"rendered":"<p>Com empresas em todo o mundo reduzindo o n\u00famero de funcion\u00e1rios, muitos profissionais se preocupam com a possibilidade de serem os pr\u00f3ximos &#8220;Toda manh\u00e3, antes de sair da cama, uma sensa\u00e7\u00e3o de pavor me domina&#8221;, afirma a profissional de tecnologia Kara, de Nova York, nos Estados Unidos. Ela tem 41 anos de idade e trabalha [&hellip;]<\/p>\n","protected":false},"author":2,"featured_media":38794,"comment_status":"open","ping_status":"open","sticky":false,"template":"","format":"standard","meta":{"footnotes":""},"categories":[2522],"tags":[18151,1971,13066,18152],"class_list":["post-38792","post","type-post","status-publish","format-standard","has-post-thumbnail","hentry","category-comportamento","tag-demissoes","tag-desemprego","tag-emprego","tag-impacto-das-demissoes-em-massa"],"yoast_head":"<!-- This site is optimized with the Yoast SEO plugin v26.5 - https:\/\/yoast.com\/wordpress\/plugins\/seo\/ -->\n<title>O impacto das demiss\u00f5es em massa sobre quem permanece no emprego - Jornal Fatos e Not\u00edcias<\/title>\n<meta name=\"robots\" content=\"index, follow, max-snippet:-1, max-image-preview:large, max-video-preview:-1\" \/>\n<link rel=\"canonical\" href=\"https:\/\/jornalfatosenoticias.com.br\/index.php\/2023\/02\/15\/o-impacto-das-demissoes-em-massa-sobre-quem-permanece-no-emprego\/\" \/>\n<meta property=\"og:locale\" content=\"pt_BR\" \/>\n<meta property=\"og:type\" content=\"article\" \/>\n<meta property=\"og:title\" content=\"O impacto das demiss\u00f5es em massa sobre quem permanece no emprego - Jornal Fatos e Not\u00edcias\" \/>\n<meta property=\"og:description\" content=\"Com empresas em todo o mundo reduzindo o n\u00famero de funcion\u00e1rios, muitos profissionais se preocupam com a possibilidade de serem os pr\u00f3ximos &#8220;Toda manh\u00e3, antes de sair da cama, uma sensa\u00e7\u00e3o de pavor me domina&#8221;, afirma a profissional de tecnologia Kara, de Nova York, nos Estados Unidos. Ela tem 41 anos de idade e trabalha [&hellip;]\" \/>\n<meta property=\"og:url\" content=\"https:\/\/jornalfatosenoticias.com.br\/index.php\/2023\/02\/15\/o-impacto-das-demissoes-em-massa-sobre-quem-permanece-no-emprego\/\" \/>\n<meta property=\"og:site_name\" content=\"Jornal Fatos e Not\u00edcias\" \/>\n<meta property=\"article:published_time\" content=\"2023-02-15T15:14:15+00:00\" \/>\n<meta property=\"article:modified_time\" content=\"2023-02-15T15:14:17+00:00\" \/>\n<meta property=\"og:image\" content=\"https:\/\/jornalfatosenoticias.com.br\/wp-content\/uploads\/2023\/02\/DESEMPREGO-DEPRESSAO_GettyImages.jpg\" \/>\n\t<meta property=\"og:image:width\" content=\"1000\" \/>\n\t<meta property=\"og:image:height\" content=\"750\" \/>\n\t<meta property=\"og:image:type\" content=\"image\/jpeg\" \/>\n<meta name=\"author\" content=\"Luzimara Fernandes\" \/>\n<meta name=\"twitter:card\" content=\"summary_large_image\" \/>\n<meta name=\"twitter:label1\" content=\"Escrito por\" \/>\n\t<meta name=\"twitter:data1\" content=\"Luzimara Fernandes\" \/>\n\t<meta name=\"twitter:label2\" content=\"Est. tempo de leitura\" \/>\n\t<meta name=\"twitter:data2\" content=\"10 minutos\" \/>\n<script type=\"application\/ld+json\" class=\"yoast-schema-graph\">{\"@context\":\"https:\/\/schema.org\",\"@graph\":[{\"@type\":\"Article\",\"@id\":\"https:\/\/jornalfatosenoticias.com.br\/index.php\/2023\/02\/15\/o-impacto-das-demissoes-em-massa-sobre-quem-permanece-no-emprego\/#article\",\"isPartOf\":{\"@id\":\"https:\/\/jornalfatosenoticias.com.br\/index.php\/2023\/02\/15\/o-impacto-das-demissoes-em-massa-sobre-quem-permanece-no-emprego\/\"},\"author\":{\"name\":\"Luzimara Fernandes\",\"@id\":\"https:\/\/jornalfatosenoticias.com.br\/#\/schema\/person\/d63837fa13ac8666eb9e74e0985d6f81\"},\"headline\":\"O impacto das demiss\u00f5es em massa sobre quem permanece no emprego\",\"datePublished\":\"2023-02-15T15:14:15+00:00\",\"dateModified\":\"2023-02-15T15:14:17+00:00\",\"mainEntityOfPage\":{\"@id\":\"https:\/\/jornalfatosenoticias.com.br\/index.php\/2023\/02\/15\/o-impacto-das-demissoes-em-massa-sobre-quem-permanece-no-emprego\/\"},\"wordCount\":2034,\"commentCount\":0,\"publisher\":{\"@id\":\"https:\/\/jornalfatosenoticias.com.br\/#organization\"},\"image\":{\"@id\":\"https:\/\/jornalfatosenoticias.com.br\/index.php\/2023\/02\/15\/o-impacto-das-demissoes-em-massa-sobre-quem-permanece-no-emprego\/#primaryimage\"},\"thumbnailUrl\":\"https:\/\/jornalfatosenoticias.com.br\/wp-content\/uploads\/2023\/02\/DESEMPREGO-DEPRESSAO_GettyImages.jpg\",\"keywords\":[\"demiss\u00f5es\",\"desemprego\",\"emprego\",\"impacto das demiss\u00f5es em massa\"],\"articleSection\":[\"Comportamento &amp; Equil\u00edbrio\"],\"inLanguage\":\"pt-BR\",\"potentialAction\":[{\"@type\":\"CommentAction\",\"name\":\"Comment\",\"target\":[\"https:\/\/jornalfatosenoticias.com.br\/index.php\/2023\/02\/15\/o-impacto-das-demissoes-em-massa-sobre-quem-permanece-no-emprego\/#respond\"]}]},{\"@type\":\"WebPage\",\"@id\":\"https:\/\/jornalfatosenoticias.com.br\/index.php\/2023\/02\/15\/o-impacto-das-demissoes-em-massa-sobre-quem-permanece-no-emprego\/\",\"url\":\"https:\/\/jornalfatosenoticias.com.br\/index.php\/2023\/02\/15\/o-impacto-das-demissoes-em-massa-sobre-quem-permanece-no-emprego\/\",\"name\":\"O impacto das demiss\u00f5es em massa sobre quem permanece no emprego - Jornal Fatos e Not\u00edcias\",\"isPartOf\":{\"@id\":\"https:\/\/jornalfatosenoticias.com.br\/#website\"},\"primaryImageOfPage\":{\"@id\":\"https:\/\/jornalfatosenoticias.com.br\/index.php\/2023\/02\/15\/o-impacto-das-demissoes-em-massa-sobre-quem-permanece-no-emprego\/#primaryimage\"},\"image\":{\"@id\":\"https:\/\/jornalfatosenoticias.com.br\/index.php\/2023\/02\/15\/o-impacto-das-demissoes-em-massa-sobre-quem-permanece-no-emprego\/#primaryimage\"},\"thumbnailUrl\":\"https:\/\/jornalfatosenoticias.com.br\/wp-content\/uploads\/2023\/02\/DESEMPREGO-DEPRESSAO_GettyImages.jpg\",\"datePublished\":\"2023-02-15T15:14:15+00:00\",\"dateModified\":\"2023-02-15T15:14:17+00:00\",\"breadcrumb\":{\"@id\":\"https:\/\/jornalfatosenoticias.com.br\/index.php\/2023\/02\/15\/o-impacto-das-demissoes-em-massa-sobre-quem-permanece-no-emprego\/#breadcrumb\"},\"inLanguage\":\"pt-BR\",\"potentialAction\":[{\"@type\":\"ReadAction\",\"target\":[\"https:\/\/jornalfatosenoticias.com.br\/index.php\/2023\/02\/15\/o-impacto-das-demissoes-em-massa-sobre-quem-permanece-no-emprego\/\"]}]},{\"@type\":\"ImageObject\",\"inLanguage\":\"pt-BR\",\"@id\":\"https:\/\/jornalfatosenoticias.com.br\/index.php\/2023\/02\/15\/o-impacto-das-demissoes-em-massa-sobre-quem-permanece-no-emprego\/#primaryimage\",\"url\":\"https:\/\/jornalfatosenoticias.com.br\/wp-content\/uploads\/2023\/02\/DESEMPREGO-DEPRESSAO_GettyImages.jpg\",\"contentUrl\":\"https:\/\/jornalfatosenoticias.com.br\/wp-content\/uploads\/2023\/02\/DESEMPREGO-DEPRESSAO_GettyImages.jpg\",\"width\":1000,\"height\":750},{\"@type\":\"BreadcrumbList\",\"@id\":\"https:\/\/jornalfatosenoticias.com.br\/index.php\/2023\/02\/15\/o-impacto-das-demissoes-em-massa-sobre-quem-permanece-no-emprego\/#breadcrumb\",\"itemListElement\":[{\"@type\":\"ListItem\",\"position\":1,\"name\":\"In\u00edcio\",\"item\":\"https:\/\/jornalfatosenoticias.com.br\/\"},{\"@type\":\"ListItem\",\"position\":2,\"name\":\"O impacto das demiss\u00f5es em massa sobre quem permanece no emprego\"}]},{\"@type\":\"WebSite\",\"@id\":\"https:\/\/jornalfatosenoticias.com.br\/#website\",\"url\":\"https:\/\/jornalfatosenoticias.com.br\/\",\"name\":\"Jornal Fatos e Not\u00edcias\",\"description\":\"Not\u00edcias em geral\",\"publisher\":{\"@id\":\"https:\/\/jornalfatosenoticias.com.br\/#organization\"},\"potentialAction\":[{\"@type\":\"SearchAction\",\"target\":{\"@type\":\"EntryPoint\",\"urlTemplate\":\"https:\/\/jornalfatosenoticias.com.br\/?s={search_term_string}\"},\"query-input\":{\"@type\":\"PropertyValueSpecification\",\"valueRequired\":true,\"valueName\":\"search_term_string\"}}],\"inLanguage\":\"pt-BR\"},{\"@type\":\"Organization\",\"@id\":\"https:\/\/jornalfatosenoticias.com.br\/#organization\",\"name\":\"Jornal Fatos e Not\u00edcias\",\"url\":\"https:\/\/jornalfatosenoticias.com.br\/\",\"logo\":{\"@type\":\"ImageObject\",\"inLanguage\":\"pt-BR\",\"@id\":\"https:\/\/jornalfatosenoticias.com.br\/#\/schema\/logo\/image\/\",\"url\":\"https:\/\/jornalfatosenoticias.com.br\/wp-content\/uploads\/2020\/02\/logo120.png\",\"contentUrl\":\"https:\/\/jornalfatosenoticias.com.br\/wp-content\/uploads\/2020\/02\/logo120.png\",\"width\":1227,\"height\":120,\"caption\":\"Jornal Fatos e Not\u00edcias\"},\"image\":{\"@id\":\"https:\/\/jornalfatosenoticias.com.br\/#\/schema\/logo\/image\/\"}},{\"@type\":\"Person\",\"@id\":\"https:\/\/jornalfatosenoticias.com.br\/#\/schema\/person\/d63837fa13ac8666eb9e74e0985d6f81\",\"name\":\"Luzimara Fernandes\",\"image\":{\"@type\":\"ImageObject\",\"inLanguage\":\"pt-BR\",\"@id\":\"https:\/\/jornalfatosenoticias.com.br\/#\/schema\/person\/image\/\",\"url\":\"https:\/\/jornalfatosenoticias.com.br\/wp-content\/uploads\/2025\/05\/EU_portal.jpg\",\"contentUrl\":\"https:\/\/jornalfatosenoticias.com.br\/wp-content\/uploads\/2025\/05\/EU_portal.jpg\",\"caption\":\"Luzimara Fernandes\"},\"description\":\"Jornalista MTB 2358-ES\",\"sameAs\":[\"https:\/\/jornalfatosenoticias.com.br\"],\"url\":\"https:\/\/jornalfatosenoticias.com.br\/index.php\/author\/luzimara\/\"}]}<\/script>\n<!-- \/ Yoast SEO plugin. -->","yoast_head_json":{"title":"O impacto das demiss\u00f5es em massa sobre quem permanece no emprego - Jornal Fatos e Not\u00edcias","robots":{"index":"index","follow":"follow","max-snippet":"max-snippet:-1","max-image-preview":"max-image-preview:large","max-video-preview":"max-video-preview:-1"},"canonical":"https:\/\/jornalfatosenoticias.com.br\/index.php\/2023\/02\/15\/o-impacto-das-demissoes-em-massa-sobre-quem-permanece-no-emprego\/","og_locale":"pt_BR","og_type":"article","og_title":"O impacto das demiss\u00f5es em massa sobre quem permanece no emprego - Jornal Fatos e Not\u00edcias","og_description":"Com empresas em todo o mundo reduzindo o n\u00famero de funcion\u00e1rios, muitos profissionais se preocupam com a possibilidade de serem os pr\u00f3ximos &#8220;Toda manh\u00e3, antes de sair da cama, uma sensa\u00e7\u00e3o de pavor me domina&#8221;, afirma a profissional de tecnologia Kara, de Nova York, nos Estados Unidos. Ela tem 41 anos de idade e trabalha [&hellip;]","og_url":"https:\/\/jornalfatosenoticias.com.br\/index.php\/2023\/02\/15\/o-impacto-das-demissoes-em-massa-sobre-quem-permanece-no-emprego\/","og_site_name":"Jornal Fatos e Not\u00edcias","article_published_time":"2023-02-15T15:14:15+00:00","article_modified_time":"2023-02-15T15:14:17+00:00","og_image":[{"width":1000,"height":750,"url":"https:\/\/jornalfatosenoticias.com.br\/wp-content\/uploads\/2023\/02\/DESEMPREGO-DEPRESSAO_GettyImages.jpg","type":"image\/jpeg"}],"author":"Luzimara Fernandes","twitter_card":"summary_large_image","twitter_misc":{"Escrito por":"Luzimara Fernandes","Est. tempo de leitura":"10 minutos"},"schema":{"@context":"https:\/\/schema.org","@graph":[{"@type":"Article","@id":"https:\/\/jornalfatosenoticias.com.br\/index.php\/2023\/02\/15\/o-impacto-das-demissoes-em-massa-sobre-quem-permanece-no-emprego\/#article","isPartOf":{"@id":"https:\/\/jornalfatosenoticias.com.br\/index.php\/2023\/02\/15\/o-impacto-das-demissoes-em-massa-sobre-quem-permanece-no-emprego\/"},"author":{"name":"Luzimara Fernandes","@id":"https:\/\/jornalfatosenoticias.com.br\/#\/schema\/person\/d63837fa13ac8666eb9e74e0985d6f81"},"headline":"O impacto das demiss\u00f5es em massa sobre quem permanece no emprego","datePublished":"2023-02-15T15:14:15+00:00","dateModified":"2023-02-15T15:14:17+00:00","mainEntityOfPage":{"@id":"https:\/\/jornalfatosenoticias.com.br\/index.php\/2023\/02\/15\/o-impacto-das-demissoes-em-massa-sobre-quem-permanece-no-emprego\/"},"wordCount":2034,"commentCount":0,"publisher":{"@id":"https:\/\/jornalfatosenoticias.com.br\/#organization"},"image":{"@id":"https:\/\/jornalfatosenoticias.com.br\/index.php\/2023\/02\/15\/o-impacto-das-demissoes-em-massa-sobre-quem-permanece-no-emprego\/#primaryimage"},"thumbnailUrl":"https:\/\/jornalfatosenoticias.com.br\/wp-content\/uploads\/2023\/02\/DESEMPREGO-DEPRESSAO_GettyImages.jpg","keywords":["demiss\u00f5es","desemprego","emprego","impacto das demiss\u00f5es em massa"],"articleSection":["Comportamento &amp; Equil\u00edbrio"],"inLanguage":"pt-BR","potentialAction":[{"@type":"CommentAction","name":"Comment","target":["https:\/\/jornalfatosenoticias.com.br\/index.php\/2023\/02\/15\/o-impacto-das-demissoes-em-massa-sobre-quem-permanece-no-emprego\/#respond"]}]},{"@type":"WebPage","@id":"https:\/\/jornalfatosenoticias.com.br\/index.php\/2023\/02\/15\/o-impacto-das-demissoes-em-massa-sobre-quem-permanece-no-emprego\/","url":"https:\/\/jornalfatosenoticias.com.br\/index.php\/2023\/02\/15\/o-impacto-das-demissoes-em-massa-sobre-quem-permanece-no-emprego\/","name":"O impacto das demiss\u00f5es em massa sobre quem permanece no emprego - Jornal Fatos e Not\u00edcias","isPartOf":{"@id":"https:\/\/jornalfatosenoticias.com.br\/#website"},"primaryImageOfPage":{"@id":"https:\/\/jornalfatosenoticias.com.br\/index.php\/2023\/02\/15\/o-impacto-das-demissoes-em-massa-sobre-quem-permanece-no-emprego\/#primaryimage"},"image":{"@id":"https:\/\/jornalfatosenoticias.com.br\/index.php\/2023\/02\/15\/o-impacto-das-demissoes-em-massa-sobre-quem-permanece-no-emprego\/#primaryimage"},"thumbnailUrl":"https:\/\/jornalfatosenoticias.com.br\/wp-content\/uploads\/2023\/02\/DESEMPREGO-DEPRESSAO_GettyImages.jpg","datePublished":"2023-02-15T15:14:15+00:00","dateModified":"2023-02-15T15:14:17+00:00","breadcrumb":{"@id":"https:\/\/jornalfatosenoticias.com.br\/index.php\/2023\/02\/15\/o-impacto-das-demissoes-em-massa-sobre-quem-permanece-no-emprego\/#breadcrumb"},"inLanguage":"pt-BR","potentialAction":[{"@type":"ReadAction","target":["https:\/\/jornalfatosenoticias.com.br\/index.php\/2023\/02\/15\/o-impacto-das-demissoes-em-massa-sobre-quem-permanece-no-emprego\/"]}]},{"@type":"ImageObject","inLanguage":"pt-BR","@id":"https:\/\/jornalfatosenoticias.com.br\/index.php\/2023\/02\/15\/o-impacto-das-demissoes-em-massa-sobre-quem-permanece-no-emprego\/#primaryimage","url":"https:\/\/jornalfatosenoticias.com.br\/wp-content\/uploads\/2023\/02\/DESEMPREGO-DEPRESSAO_GettyImages.jpg","contentUrl":"https:\/\/jornalfatosenoticias.com.br\/wp-content\/uploads\/2023\/02\/DESEMPREGO-DEPRESSAO_GettyImages.jpg","width":1000,"height":750},{"@type":"BreadcrumbList","@id":"https:\/\/jornalfatosenoticias.com.br\/index.php\/2023\/02\/15\/o-impacto-das-demissoes-em-massa-sobre-quem-permanece-no-emprego\/#breadcrumb","itemListElement":[{"@type":"ListItem","position":1,"name":"In\u00edcio","item":"https:\/\/jornalfatosenoticias.com.br\/"},{"@type":"ListItem","position":2,"name":"O impacto das demiss\u00f5es em massa sobre quem permanece no emprego"}]},{"@type":"WebSite","@id":"https:\/\/jornalfatosenoticias.com.br\/#website","url":"https:\/\/jornalfatosenoticias.com.br\/","name":"Jornal Fatos e Not\u00edcias","description":"Not\u00edcias em geral","publisher":{"@id":"https:\/\/jornalfatosenoticias.com.br\/#organization"},"potentialAction":[{"@type":"SearchAction","target":{"@type":"EntryPoint","urlTemplate":"https:\/\/jornalfatosenoticias.com.br\/?s={search_term_string}"},"query-input":{"@type":"PropertyValueSpecification","valueRequired":true,"valueName":"search_term_string"}}],"inLanguage":"pt-BR"},{"@type":"Organization","@id":"https:\/\/jornalfatosenoticias.com.br\/#organization","name":"Jornal Fatos e Not\u00edcias","url":"https:\/\/jornalfatosenoticias.com.br\/","logo":{"@type":"ImageObject","inLanguage":"pt-BR","@id":"https:\/\/jornalfatosenoticias.com.br\/#\/schema\/logo\/image\/","url":"https:\/\/jornalfatosenoticias.com.br\/wp-content\/uploads\/2020\/02\/logo120.png","contentUrl":"https:\/\/jornalfatosenoticias.com.br\/wp-content\/uploads\/2020\/02\/logo120.png","width":1227,"height":120,"caption":"Jornal Fatos e Not\u00edcias"},"image":{"@id":"https:\/\/jornalfatosenoticias.com.br\/#\/schema\/logo\/image\/"}},{"@type":"Person","@id":"https:\/\/jornalfatosenoticias.com.br\/#\/schema\/person\/d63837fa13ac8666eb9e74e0985d6f81","name":"Luzimara Fernandes","image":{"@type":"ImageObject","inLanguage":"pt-BR","@id":"https:\/\/jornalfatosenoticias.com.br\/#\/schema\/person\/image\/","url":"https:\/\/jornalfatosenoticias.com.br\/wp-content\/uploads\/2025\/05\/EU_portal.jpg","contentUrl":"https:\/\/jornalfatosenoticias.com.br\/wp-content\/uploads\/2025\/05\/EU_portal.jpg","caption":"Luzimara Fernandes"},"description":"Jornalista MTB 2358-ES","sameAs":["https:\/\/jornalfatosenoticias.com.br"],"url":"https:\/\/jornalfatosenoticias.com.br\/index.php\/author\/luzimara\/"}]}},"cc_featured_image_caption":{"caption_text":"(Foto: Getty Images) ","source_text":"","source_url":""},"jetpack_featured_media_url":"https:\/\/jornalfatosenoticias.com.br\/wp-content\/uploads\/2023\/02\/DESEMPREGO-DEPRESSAO_GettyImages.jpg","_links":{"self":[{"href":"https:\/\/jornalfatosenoticias.com.br\/index.php\/wp-json\/wp\/v2\/posts\/38792","targetHints":{"allow":["GET"]}}],"collection":[{"href":"https:\/\/jornalfatosenoticias.com.br\/index.php\/wp-json\/wp\/v2\/posts"}],"about":[{"href":"https:\/\/jornalfatosenoticias.com.br\/index.php\/wp-json\/wp\/v2\/types\/post"}],"author":[{"embeddable":true,"href":"https:\/\/jornalfatosenoticias.com.br\/index.php\/wp-json\/wp\/v2\/users\/2"}],"replies":[{"embeddable":true,"href":"https:\/\/jornalfatosenoticias.com.br\/index.php\/wp-json\/wp\/v2\/comments?post=38792"}],"version-history":[{"count":0,"href":"https:\/\/jornalfatosenoticias.com.br\/index.php\/wp-json\/wp\/v2\/posts\/38792\/revisions"}],"wp:featuredmedia":[{"embeddable":true,"href":"https:\/\/jornalfatosenoticias.com.br\/index.php\/wp-json\/wp\/v2\/media\/38794"}],"wp:attachment":[{"href":"https:\/\/jornalfatosenoticias.com.br\/index.php\/wp-json\/wp\/v2\/media?parent=38792"}],"wp:term":[{"taxonomy":"category","embeddable":true,"href":"https:\/\/jornalfatosenoticias.com.br\/index.php\/wp-json\/wp\/v2\/categories?post=38792"},{"taxonomy":"post_tag","embeddable":true,"href":"https:\/\/jornalfatosenoticias.com.br\/index.php\/wp-json\/wp\/v2\/tags?post=38792"}],"curies":[{"name":"wp","href":"https:\/\/api.w.org\/{rel}","templated":true}]}}