{"id":38868,"date":"2023-02-17T09:53:31","date_gmt":"2023-02-17T12:53:31","guid":{"rendered":"https:\/\/jornalfatosenoticias.com.br\/?p=38868"},"modified":"2023-02-17T09:53:32","modified_gmt":"2023-02-17T12:53:32","slug":"a-lenda-que-inspirou-o-filme-o-menino-e-o-tigre","status":"publish","type":"post","link":"https:\/\/jornalfatosenoticias.com.br\/index.php\/2023\/02\/17\/a-lenda-que-inspirou-o-filme-o-menino-e-o-tigre\/","title":{"rendered":"A lenda que inspirou o filme &#8216;O Menino e o Tigre&#8217;"},"content":{"rendered":"\n<p><em><span class=\"has-inline-color has-black-color\">Filme que estreou em 9 de fevereiro nos cinemas \u00e9 baseado em uma lenda curiosa<\/span><\/em><\/p>\n\n\n\n<p>Repleto de aventura e paisagens incr\u00edveis, o novo <a href=\"https:\/\/aventurasnahistoria.uol.com.br\/noticias\/historia-hoje\/filme-inspirado-em-crime-real-vai-ser-lancado-no-star.phtml\">filme<\/a> da Diamond Films &#8216;O Menino e o Tigre&#8217; (&#8216;Tiger&#8217;s Nest&#8217;) chegou aos cinemas em 9 de fevereiro. O longa mostra a incr\u00edvel jornada do \u00f3rf\u00e3o Balmani, interpretado por Sunny Pawar (\u201cLion \u2014 Uma Jornada para Casa\u201d), e do tigre Mukti at\u00e9 o mosteiro &#8220;Ninho do Tigre\u201d, nas montanhas do Himalaia.<br>O &#8216;Menino e o Tigre&#8217; compreende uma encantadora hist\u00f3ria sobre amizade para toda a fam\u00edlia. No <a href=\"https:\/\/aventurasnahistoria.uol.com.br\/noticias\/reportagem\/narvik-historia-real-por-tras-da-batalha-que-inspirou-filme-da-netflix.phtml\">filme,<\/a> Balmani resgata o filhote de tigre Mukti de ca\u00e7adores cru\u00e9is e, juntos, eles partem em uma aventura at\u00e9 o mosteiro. <\/p>\n\n\n\n<figure class=\"wp-block-embed-youtube aligncenter wp-block-embed is-type-video is-provider-youtube wp-embed-aspect-16-9 wp-has-aspect-ratio\"><div class=\"wp-block-embed__wrapper\">\n<iframe loading=\"lazy\" title=\"O MENINO E O TIGRE | Trailer Oficial Legendado\" width=\"660\" height=\"371\" src=\"https:\/\/www.youtube.com\/embed\/3yOAfRoTkEI?feature=oembed\" frameborder=\"0\" allow=\"accelerometer; autoplay; clipboard-write; encrypted-media; gyroscope; picture-in-picture; web-share\" referrerpolicy=\"strict-origin-when-cross-origin\" allowfullscreen><\/iframe>\n<\/div><\/figure>\n\n\n\n<p>Balmani e Mukti enfrentar\u00e3o amea\u00e7as dos ca\u00e7adores que est\u00e3o determinados a recapturar o filhote, e ter\u00e3o que sobreviver a desafios enquanto desenvolvem um forte v\u00ednculo de confian\u00e7a e afeto.<\/p>\n\n\n\n<p><strong><span class=\"has-inline-color has-vivid-purple-color\">A lenda<br><\/span><\/strong>No <a href=\"https:\/\/aventurasnahistoria.uol.com.br\/noticias\/almanaque\/quais-foram-os-filmes-baseados-em-fatos-indicados-ao-oscar.phtml\">filme,<\/a> Balmani acredita que encontrar\u00e1 um lar seguro para Mukti no mosteiro. A origem do lugar \u00e9 parte de uma lenda da regi\u00e3o que inspirou o diretor do filme, Brando Quilici. Diz a lenda que certa vez um guru subiu nas costas de uma tigresa voadora que o levou para uma caverna no topo de uma das mais altas montanhas dos Himalaias. Naquele penhasco \u00edngreme foi constru\u00eddo um mosteiro que ficou conhecido como o \u201cNinho do Tigre\u201d.<\/p>\n\n\n\n<p><strong><em>Fonte: <a href=\"https:\/\/aventurasnahistoria.uol.com.br\/noticias\/almanaque\/lenda-que-inspirou-o-filme-o-menino-e-o-tigre.phtml\">Aventuras na Hist\u00f3ria<\/a><\/em><\/strong><\/p>\n","protected":false},"excerpt":{"rendered":"<p>Filme que estreou em 9 de fevereiro nos cinemas \u00e9 baseado em uma lenda curiosa Repleto de aventura e paisagens incr\u00edveis, o novo filme da Diamond Films &#8216;O Menino e o Tigre&#8217; (&#8216;Tiger&#8217;s Nest&#8217;) chegou aos cinemas em 9 de fevereiro. O longa mostra a incr\u00edvel jornada do \u00f3rf\u00e3o Balmani, interpretado por Sunny Pawar (\u201cLion [&hellip;]<\/p>\n","protected":false},"author":2,"featured_media":38870,"comment_status":"open","ping_status":"open","sticky":false,"template":"","format":"standard","meta":{"footnotes":""},"categories":[4],"tags":[428,250,4394,15842,18186,18187,1948,1280,1494],"class_list":["post-38868","post","type-post","status-publish","format-standard","has-post-thumbnail","hentry","category-cultura","tag-cinema","tag-filme","tag-lenda","tag-longa","tag-menino","tag-o-menino-e-o-tigre","tag-obra","tag-producao","tag-tigre"],"yoast_head":"<!-- This site is optimized with the Yoast SEO plugin v26.5 - https:\/\/yoast.com\/wordpress\/plugins\/seo\/ -->\n<title>A lenda que inspirou o filme &#039;O Menino e o Tigre&#039; - Jornal Fatos e Not\u00edcias<\/title>\n<meta name=\"robots\" content=\"index, follow, max-snippet:-1, max-image-preview:large, max-video-preview:-1\" \/>\n<link rel=\"canonical\" href=\"https:\/\/jornalfatosenoticias.com.br\/index.php\/2023\/02\/17\/a-lenda-que-inspirou-o-filme-o-menino-e-o-tigre\/\" \/>\n<meta property=\"og:locale\" content=\"pt_BR\" \/>\n<meta property=\"og:type\" content=\"article\" \/>\n<meta property=\"og:title\" content=\"A lenda que inspirou o filme &#039;O Menino e o Tigre&#039; - Jornal Fatos e Not\u00edcias\" \/>\n<meta property=\"og:description\" content=\"Filme que estreou em 9 de fevereiro nos cinemas \u00e9 baseado em uma lenda curiosa Repleto de aventura e paisagens incr\u00edveis, o novo filme da Diamond Films &#8216;O Menino e o Tigre&#8217; (&#8216;Tiger&#8217;s Nest&#8217;) chegou aos cinemas em 9 de fevereiro. O longa mostra a incr\u00edvel jornada do \u00f3rf\u00e3o Balmani, interpretado por Sunny Pawar (\u201cLion [&hellip;]\" \/>\n<meta property=\"og:url\" content=\"https:\/\/jornalfatosenoticias.com.br\/index.php\/2023\/02\/17\/a-lenda-que-inspirou-o-filme-o-menino-e-o-tigre\/\" \/>\n<meta property=\"og:site_name\" content=\"Jornal Fatos e Not\u00edcias\" \/>\n<meta property=\"article:published_time\" content=\"2023-02-17T12:53:31+00:00\" \/>\n<meta property=\"article:modified_time\" content=\"2023-02-17T12:53:32+00:00\" \/>\n<meta property=\"og:image\" content=\"https:\/\/jornalfatosenoticias.com.br\/wp-content\/uploads\/2023\/02\/O-Menino-e-o-Tigre_Diamond-Films.jpg\" \/>\n\t<meta property=\"og:image:width\" content=\"1000\" \/>\n\t<meta property=\"og:image:height\" content=\"655\" \/>\n\t<meta property=\"og:image:type\" content=\"image\/jpeg\" \/>\n<meta name=\"author\" content=\"Luzimara Fernandes\" \/>\n<meta name=\"twitter:card\" content=\"summary_large_image\" \/>\n<meta name=\"twitter:label1\" content=\"Escrito por\" \/>\n\t<meta name=\"twitter:data1\" content=\"Luzimara Fernandes\" \/>\n\t<meta name=\"twitter:label2\" content=\"Est. tempo de leitura\" \/>\n\t<meta name=\"twitter:data2\" content=\"1 minuto\" \/>\n<script type=\"application\/ld+json\" class=\"yoast-schema-graph\">{\"@context\":\"https:\/\/schema.org\",\"@graph\":[{\"@type\":\"Article\",\"@id\":\"https:\/\/jornalfatosenoticias.com.br\/index.php\/2023\/02\/17\/a-lenda-que-inspirou-o-filme-o-menino-e-o-tigre\/#article\",\"isPartOf\":{\"@id\":\"https:\/\/jornalfatosenoticias.com.br\/index.php\/2023\/02\/17\/a-lenda-que-inspirou-o-filme-o-menino-e-o-tigre\/\"},\"author\":{\"name\":\"Luzimara Fernandes\",\"@id\":\"https:\/\/jornalfatosenoticias.com.br\/#\/schema\/person\/d63837fa13ac8666eb9e74e0985d6f81\"},\"headline\":\"A lenda que inspirou o filme &#8216;O Menino e o Tigre&#8217;\",\"datePublished\":\"2023-02-17T12:53:31+00:00\",\"dateModified\":\"2023-02-17T12:53:32+00:00\",\"mainEntityOfPage\":{\"@id\":\"https:\/\/jornalfatosenoticias.com.br\/index.php\/2023\/02\/17\/a-lenda-que-inspirou-o-filme-o-menino-e-o-tigre\/\"},\"wordCount\":254,\"commentCount\":0,\"publisher\":{\"@id\":\"https:\/\/jornalfatosenoticias.com.br\/#organization\"},\"image\":{\"@id\":\"https:\/\/jornalfatosenoticias.com.br\/index.php\/2023\/02\/17\/a-lenda-que-inspirou-o-filme-o-menino-e-o-tigre\/#primaryimage\"},\"thumbnailUrl\":\"https:\/\/jornalfatosenoticias.com.br\/wp-content\/uploads\/2023\/02\/O-Menino-e-o-Tigre_Diamond-Films.jpg\",\"keywords\":[\"cinema\",\"filme\",\"lenda\",\"longa\",\"menino\",\"O Menino e o Tigre\",\"obra\",\"produ\u00e7\u00e3o\",\"tigre\"],\"articleSection\":[\"Cultura\"],\"inLanguage\":\"pt-BR\",\"potentialAction\":[{\"@type\":\"CommentAction\",\"name\":\"Comment\",\"target\":[\"https:\/\/jornalfatosenoticias.com.br\/index.php\/2023\/02\/17\/a-lenda-que-inspirou-o-filme-o-menino-e-o-tigre\/#respond\"]}]},{\"@type\":\"WebPage\",\"@id\":\"https:\/\/jornalfatosenoticias.com.br\/index.php\/2023\/02\/17\/a-lenda-que-inspirou-o-filme-o-menino-e-o-tigre\/\",\"url\":\"https:\/\/jornalfatosenoticias.com.br\/index.php\/2023\/02\/17\/a-lenda-que-inspirou-o-filme-o-menino-e-o-tigre\/\",\"name\":\"A lenda que inspirou o filme 'O Menino e o Tigre' - Jornal Fatos e Not\u00edcias\",\"isPartOf\":{\"@id\":\"https:\/\/jornalfatosenoticias.com.br\/#website\"},\"primaryImageOfPage\":{\"@id\":\"https:\/\/jornalfatosenoticias.com.br\/index.php\/2023\/02\/17\/a-lenda-que-inspirou-o-filme-o-menino-e-o-tigre\/#primaryimage\"},\"image\":{\"@id\":\"https:\/\/jornalfatosenoticias.com.br\/index.php\/2023\/02\/17\/a-lenda-que-inspirou-o-filme-o-menino-e-o-tigre\/#primaryimage\"},\"thumbnailUrl\":\"https:\/\/jornalfatosenoticias.com.br\/wp-content\/uploads\/2023\/02\/O-Menino-e-o-Tigre_Diamond-Films.jpg\",\"datePublished\":\"2023-02-17T12:53:31+00:00\",\"dateModified\":\"2023-02-17T12:53:32+00:00\",\"breadcrumb\":{\"@id\":\"https:\/\/jornalfatosenoticias.com.br\/index.php\/2023\/02\/17\/a-lenda-que-inspirou-o-filme-o-menino-e-o-tigre\/#breadcrumb\"},\"inLanguage\":\"pt-BR\",\"potentialAction\":[{\"@type\":\"ReadAction\",\"target\":[\"https:\/\/jornalfatosenoticias.com.br\/index.php\/2023\/02\/17\/a-lenda-que-inspirou-o-filme-o-menino-e-o-tigre\/\"]}]},{\"@type\":\"ImageObject\",\"inLanguage\":\"pt-BR\",\"@id\":\"https:\/\/jornalfatosenoticias.com.br\/index.php\/2023\/02\/17\/a-lenda-que-inspirou-o-filme-o-menino-e-o-tigre\/#primaryimage\",\"url\":\"https:\/\/jornalfatosenoticias.com.br\/wp-content\/uploads\/2023\/02\/O-Menino-e-o-Tigre_Diamond-Films.jpg\",\"contentUrl\":\"https:\/\/jornalfatosenoticias.com.br\/wp-content\/uploads\/2023\/02\/O-Menino-e-o-Tigre_Diamond-Films.jpg\",\"width\":1000,\"height\":655},{\"@type\":\"BreadcrumbList\",\"@id\":\"https:\/\/jornalfatosenoticias.com.br\/index.php\/2023\/02\/17\/a-lenda-que-inspirou-o-filme-o-menino-e-o-tigre\/#breadcrumb\",\"itemListElement\":[{\"@type\":\"ListItem\",\"position\":1,\"name\":\"In\u00edcio\",\"item\":\"https:\/\/jornalfatosenoticias.com.br\/\"},{\"@type\":\"ListItem\",\"position\":2,\"name\":\"A lenda que inspirou o filme &#8216;O Menino e o Tigre&#8217;\"}]},{\"@type\":\"WebSite\",\"@id\":\"https:\/\/jornalfatosenoticias.com.br\/#website\",\"url\":\"https:\/\/jornalfatosenoticias.com.br\/\",\"name\":\"Jornal Fatos e Not\u00edcias\",\"description\":\"Not\u00edcias em geral\",\"publisher\":{\"@id\":\"https:\/\/jornalfatosenoticias.com.br\/#organization\"},\"potentialAction\":[{\"@type\":\"SearchAction\",\"target\":{\"@type\":\"EntryPoint\",\"urlTemplate\":\"https:\/\/jornalfatosenoticias.com.br\/?s={search_term_string}\"},\"query-input\":{\"@type\":\"PropertyValueSpecification\",\"valueRequired\":true,\"valueName\":\"search_term_string\"}}],\"inLanguage\":\"pt-BR\"},{\"@type\":\"Organization\",\"@id\":\"https:\/\/jornalfatosenoticias.com.br\/#organization\",\"name\":\"Jornal Fatos e Not\u00edcias\",\"url\":\"https:\/\/jornalfatosenoticias.com.br\/\",\"logo\":{\"@type\":\"ImageObject\",\"inLanguage\":\"pt-BR\",\"@id\":\"https:\/\/jornalfatosenoticias.com.br\/#\/schema\/logo\/image\/\",\"url\":\"https:\/\/jornalfatosenoticias.com.br\/wp-content\/uploads\/2020\/02\/logo120.png\",\"contentUrl\":\"https:\/\/jornalfatosenoticias.com.br\/wp-content\/uploads\/2020\/02\/logo120.png\",\"width\":1227,\"height\":120,\"caption\":\"Jornal Fatos e Not\u00edcias\"},\"image\":{\"@id\":\"https:\/\/jornalfatosenoticias.com.br\/#\/schema\/logo\/image\/\"}},{\"@type\":\"Person\",\"@id\":\"https:\/\/jornalfatosenoticias.com.br\/#\/schema\/person\/d63837fa13ac8666eb9e74e0985d6f81\",\"name\":\"Luzimara Fernandes\",\"image\":{\"@type\":\"ImageObject\",\"inLanguage\":\"pt-BR\",\"@id\":\"https:\/\/jornalfatosenoticias.com.br\/#\/schema\/person\/image\/\",\"url\":\"https:\/\/jornalfatosenoticias.com.br\/wp-content\/uploads\/2025\/05\/EU_portal.jpg\",\"contentUrl\":\"https:\/\/jornalfatosenoticias.com.br\/wp-content\/uploads\/2025\/05\/EU_portal.jpg\",\"caption\":\"Luzimara Fernandes\"},\"description\":\"Jornalista MTB 2358-ES\",\"sameAs\":[\"https:\/\/jornalfatosenoticias.com.br\"],\"url\":\"https:\/\/jornalfatosenoticias.com.br\/index.php\/author\/luzimara\/\"}]}<\/script>\n<!-- \/ Yoast SEO plugin. -->","yoast_head_json":{"title":"A lenda que inspirou o filme 'O Menino e o Tigre' - Jornal Fatos e Not\u00edcias","robots":{"index":"index","follow":"follow","max-snippet":"max-snippet:-1","max-image-preview":"max-image-preview:large","max-video-preview":"max-video-preview:-1"},"canonical":"https:\/\/jornalfatosenoticias.com.br\/index.php\/2023\/02\/17\/a-lenda-que-inspirou-o-filme-o-menino-e-o-tigre\/","og_locale":"pt_BR","og_type":"article","og_title":"A lenda que inspirou o filme 'O Menino e o Tigre' - Jornal Fatos e Not\u00edcias","og_description":"Filme que estreou em 9 de fevereiro nos cinemas \u00e9 baseado em uma lenda curiosa Repleto de aventura e paisagens incr\u00edveis, o novo filme da Diamond Films &#8216;O Menino e o Tigre&#8217; (&#8216;Tiger&#8217;s Nest&#8217;) chegou aos cinemas em 9 de fevereiro. O longa mostra a incr\u00edvel jornada do \u00f3rf\u00e3o Balmani, interpretado por Sunny Pawar (\u201cLion [&hellip;]","og_url":"https:\/\/jornalfatosenoticias.com.br\/index.php\/2023\/02\/17\/a-lenda-que-inspirou-o-filme-o-menino-e-o-tigre\/","og_site_name":"Jornal Fatos e Not\u00edcias","article_published_time":"2023-02-17T12:53:31+00:00","article_modified_time":"2023-02-17T12:53:32+00:00","og_image":[{"width":1000,"height":655,"url":"https:\/\/jornalfatosenoticias.com.br\/wp-content\/uploads\/2023\/02\/O-Menino-e-o-Tigre_Diamond-Films.jpg","type":"image\/jpeg"}],"author":"Luzimara Fernandes","twitter_card":"summary_large_image","twitter_misc":{"Escrito por":"Luzimara Fernandes","Est. tempo de leitura":"1 minuto"},"schema":{"@context":"https:\/\/schema.org","@graph":[{"@type":"Article","@id":"https:\/\/jornalfatosenoticias.com.br\/index.php\/2023\/02\/17\/a-lenda-que-inspirou-o-filme-o-menino-e-o-tigre\/#article","isPartOf":{"@id":"https:\/\/jornalfatosenoticias.com.br\/index.php\/2023\/02\/17\/a-lenda-que-inspirou-o-filme-o-menino-e-o-tigre\/"},"author":{"name":"Luzimara Fernandes","@id":"https:\/\/jornalfatosenoticias.com.br\/#\/schema\/person\/d63837fa13ac8666eb9e74e0985d6f81"},"headline":"A lenda que inspirou o filme &#8216;O Menino e o Tigre&#8217;","datePublished":"2023-02-17T12:53:31+00:00","dateModified":"2023-02-17T12:53:32+00:00","mainEntityOfPage":{"@id":"https:\/\/jornalfatosenoticias.com.br\/index.php\/2023\/02\/17\/a-lenda-que-inspirou-o-filme-o-menino-e-o-tigre\/"},"wordCount":254,"commentCount":0,"publisher":{"@id":"https:\/\/jornalfatosenoticias.com.br\/#organization"},"image":{"@id":"https:\/\/jornalfatosenoticias.com.br\/index.php\/2023\/02\/17\/a-lenda-que-inspirou-o-filme-o-menino-e-o-tigre\/#primaryimage"},"thumbnailUrl":"https:\/\/jornalfatosenoticias.com.br\/wp-content\/uploads\/2023\/02\/O-Menino-e-o-Tigre_Diamond-Films.jpg","keywords":["cinema","filme","lenda","longa","menino","O Menino e o Tigre","obra","produ\u00e7\u00e3o","tigre"],"articleSection":["Cultura"],"inLanguage":"pt-BR","potentialAction":[{"@type":"CommentAction","name":"Comment","target":["https:\/\/jornalfatosenoticias.com.br\/index.php\/2023\/02\/17\/a-lenda-que-inspirou-o-filme-o-menino-e-o-tigre\/#respond"]}]},{"@type":"WebPage","@id":"https:\/\/jornalfatosenoticias.com.br\/index.php\/2023\/02\/17\/a-lenda-que-inspirou-o-filme-o-menino-e-o-tigre\/","url":"https:\/\/jornalfatosenoticias.com.br\/index.php\/2023\/02\/17\/a-lenda-que-inspirou-o-filme-o-menino-e-o-tigre\/","name":"A lenda que inspirou o filme 'O Menino e o Tigre' - Jornal Fatos e Not\u00edcias","isPartOf":{"@id":"https:\/\/jornalfatosenoticias.com.br\/#website"},"primaryImageOfPage":{"@id":"https:\/\/jornalfatosenoticias.com.br\/index.php\/2023\/02\/17\/a-lenda-que-inspirou-o-filme-o-menino-e-o-tigre\/#primaryimage"},"image":{"@id":"https:\/\/jornalfatosenoticias.com.br\/index.php\/2023\/02\/17\/a-lenda-que-inspirou-o-filme-o-menino-e-o-tigre\/#primaryimage"},"thumbnailUrl":"https:\/\/jornalfatosenoticias.com.br\/wp-content\/uploads\/2023\/02\/O-Menino-e-o-Tigre_Diamond-Films.jpg","datePublished":"2023-02-17T12:53:31+00:00","dateModified":"2023-02-17T12:53:32+00:00","breadcrumb":{"@id":"https:\/\/jornalfatosenoticias.com.br\/index.php\/2023\/02\/17\/a-lenda-que-inspirou-o-filme-o-menino-e-o-tigre\/#breadcrumb"},"inLanguage":"pt-BR","potentialAction":[{"@type":"ReadAction","target":["https:\/\/jornalfatosenoticias.com.br\/index.php\/2023\/02\/17\/a-lenda-que-inspirou-o-filme-o-menino-e-o-tigre\/"]}]},{"@type":"ImageObject","inLanguage":"pt-BR","@id":"https:\/\/jornalfatosenoticias.com.br\/index.php\/2023\/02\/17\/a-lenda-que-inspirou-o-filme-o-menino-e-o-tigre\/#primaryimage","url":"https:\/\/jornalfatosenoticias.com.br\/wp-content\/uploads\/2023\/02\/O-Menino-e-o-Tigre_Diamond-Films.jpg","contentUrl":"https:\/\/jornalfatosenoticias.com.br\/wp-content\/uploads\/2023\/02\/O-Menino-e-o-Tigre_Diamond-Films.jpg","width":1000,"height":655},{"@type":"BreadcrumbList","@id":"https:\/\/jornalfatosenoticias.com.br\/index.php\/2023\/02\/17\/a-lenda-que-inspirou-o-filme-o-menino-e-o-tigre\/#breadcrumb","itemListElement":[{"@type":"ListItem","position":1,"name":"In\u00edcio","item":"https:\/\/jornalfatosenoticias.com.br\/"},{"@type":"ListItem","position":2,"name":"A lenda que inspirou o filme &#8216;O Menino e o Tigre&#8217;"}]},{"@type":"WebSite","@id":"https:\/\/jornalfatosenoticias.com.br\/#website","url":"https:\/\/jornalfatosenoticias.com.br\/","name":"Jornal Fatos e Not\u00edcias","description":"Not\u00edcias em geral","publisher":{"@id":"https:\/\/jornalfatosenoticias.com.br\/#organization"},"potentialAction":[{"@type":"SearchAction","target":{"@type":"EntryPoint","urlTemplate":"https:\/\/jornalfatosenoticias.com.br\/?s={search_term_string}"},"query-input":{"@type":"PropertyValueSpecification","valueRequired":true,"valueName":"search_term_string"}}],"inLanguage":"pt-BR"},{"@type":"Organization","@id":"https:\/\/jornalfatosenoticias.com.br\/#organization","name":"Jornal Fatos e Not\u00edcias","url":"https:\/\/jornalfatosenoticias.com.br\/","logo":{"@type":"ImageObject","inLanguage":"pt-BR","@id":"https:\/\/jornalfatosenoticias.com.br\/#\/schema\/logo\/image\/","url":"https:\/\/jornalfatosenoticias.com.br\/wp-content\/uploads\/2020\/02\/logo120.png","contentUrl":"https:\/\/jornalfatosenoticias.com.br\/wp-content\/uploads\/2020\/02\/logo120.png","width":1227,"height":120,"caption":"Jornal Fatos e Not\u00edcias"},"image":{"@id":"https:\/\/jornalfatosenoticias.com.br\/#\/schema\/logo\/image\/"}},{"@type":"Person","@id":"https:\/\/jornalfatosenoticias.com.br\/#\/schema\/person\/d63837fa13ac8666eb9e74e0985d6f81","name":"Luzimara Fernandes","image":{"@type":"ImageObject","inLanguage":"pt-BR","@id":"https:\/\/jornalfatosenoticias.com.br\/#\/schema\/person\/image\/","url":"https:\/\/jornalfatosenoticias.com.br\/wp-content\/uploads\/2025\/05\/EU_portal.jpg","contentUrl":"https:\/\/jornalfatosenoticias.com.br\/wp-content\/uploads\/2025\/05\/EU_portal.jpg","caption":"Luzimara Fernandes"},"description":"Jornalista MTB 2358-ES","sameAs":["https:\/\/jornalfatosenoticias.com.br"],"url":"https:\/\/jornalfatosenoticias.com.br\/index.php\/author\/luzimara\/"}]}},"cc_featured_image_caption":{"caption_text":"(Foto: Divulga\u00e7\u00e3o\/Diamond Films)","source_text":"","source_url":""},"jetpack_featured_media_url":"https:\/\/jornalfatosenoticias.com.br\/wp-content\/uploads\/2023\/02\/O-Menino-e-o-Tigre_Diamond-Films.jpg","_links":{"self":[{"href":"https:\/\/jornalfatosenoticias.com.br\/index.php\/wp-json\/wp\/v2\/posts\/38868","targetHints":{"allow":["GET"]}}],"collection":[{"href":"https:\/\/jornalfatosenoticias.com.br\/index.php\/wp-json\/wp\/v2\/posts"}],"about":[{"href":"https:\/\/jornalfatosenoticias.com.br\/index.php\/wp-json\/wp\/v2\/types\/post"}],"author":[{"embeddable":true,"href":"https:\/\/jornalfatosenoticias.com.br\/index.php\/wp-json\/wp\/v2\/users\/2"}],"replies":[{"embeddable":true,"href":"https:\/\/jornalfatosenoticias.com.br\/index.php\/wp-json\/wp\/v2\/comments?post=38868"}],"version-history":[{"count":0,"href":"https:\/\/jornalfatosenoticias.com.br\/index.php\/wp-json\/wp\/v2\/posts\/38868\/revisions"}],"wp:featuredmedia":[{"embeddable":true,"href":"https:\/\/jornalfatosenoticias.com.br\/index.php\/wp-json\/wp\/v2\/media\/38870"}],"wp:attachment":[{"href":"https:\/\/jornalfatosenoticias.com.br\/index.php\/wp-json\/wp\/v2\/media?parent=38868"}],"wp:term":[{"taxonomy":"category","embeddable":true,"href":"https:\/\/jornalfatosenoticias.com.br\/index.php\/wp-json\/wp\/v2\/categories?post=38868"},{"taxonomy":"post_tag","embeddable":true,"href":"https:\/\/jornalfatosenoticias.com.br\/index.php\/wp-json\/wp\/v2\/tags?post=38868"}],"curies":[{"name":"wp","href":"https:\/\/api.w.org\/{rel}","templated":true}]}}