{"id":38882,"date":"2023-02-17T10:46:49","date_gmt":"2023-02-17T13:46:49","guid":{"rendered":"https:\/\/jornalfatosenoticias.com.br\/?p=38882"},"modified":"2023-02-17T10:46:50","modified_gmt":"2023-02-17T13:46:50","slug":"garoto-da-idade-da-pedra-tem-rosto-revelado-em-impressionante-reconstrucao-3d","status":"publish","type":"post","link":"https:\/\/jornalfatosenoticias.com.br\/index.php\/2023\/02\/17\/garoto-da-idade-da-pedra-tem-rosto-revelado-em-impressionante-reconstrucao-3d\/","title":{"rendered":"Garoto da Idade da Pedra tem rosto revelado em impressionante reconstru\u00e7\u00e3o 3D"},"content":{"rendered":"\n<p><em><span class=\"has-inline-color has-black-color\">Cr\u00e2nio do &#8220;menino de Viste&#8221;, um dos esqueletos mais antigos j\u00e1 descobertos na Noruega, tinha uma defici\u00eancia<\/span><\/em><\/p>\n\n\n\n<div class=\"wp-block-image\"><figure class=\"aligncenter size-large\"><img loading=\"lazy\" decoding=\"async\" width=\"1024\" height=\"100\" src=\"https:\/\/jornalfatosenoticias.com.br\/wp-content\/uploads\/2022\/05\/NOVA-LOGO-CESCONETTO-1024x100.jpg\" alt=\"\" class=\"wp-image-30792\" srcset=\"https:\/\/jornalfatosenoticias.com.br\/wp-content\/uploads\/2022\/05\/NOVA-LOGO-CESCONETTO-1024x100.jpg 1024w, https:\/\/jornalfatosenoticias.com.br\/wp-content\/uploads\/2022\/05\/NOVA-LOGO-CESCONETTO-300x29.jpg 300w, https:\/\/jornalfatosenoticias.com.br\/wp-content\/uploads\/2022\/05\/NOVA-LOGO-CESCONETTO-768x75.jpg 768w, https:\/\/jornalfatosenoticias.com.br\/wp-content\/uploads\/2022\/05\/NOVA-LOGO-CESCONETTO.jpg 1280w\" sizes=\"auto, (max-width: 1024px) 100vw, 1024px\" \/><\/figure><\/div>\n\n\n\n<p>Em 1907, restos mortais de um menino de 15 anos foram encontrados na Noruega em uma caverna em Randaberg, ao longo da costa oeste do pa\u00eds. Os vest\u00edgios datam de cerca de 8.300 anos atr\u00e1s, no per\u00edodo Mesol\u00edtico da <a href=\"https:\/\/olhardigital.com.br\/2022\/11\/25\/ciencia-e-espaco\/pingentes-da-idade-da-pedra-sao-feitos-de-material-inacreditavel\/\" target=\"_blank\" rel=\"noreferrer noopener\">Idade da Pedra<\/a>. Recentemente, foi feita uma nova\u00a0<a href=\"https:\/\/olhardigital.com.br\/2022\/03\/16\/ciencia-e-espaco\/veja-uma-reconstrucao-impressionante-de-uma-mulher-da-idade-da-pedra\/\" target=\"_blank\" rel=\"noreferrer noopener\">reconstru\u00e7\u00e3o<\/a> de corpo inteiro do garoto conhecido como Vistegutten, que significa \u201cmenino de Viste\u201d em noruegu\u00eas.<\/p>\n\n\n\n<div class=\"wp-block-image\"><figure class=\"aligncenter size-large is-resized\"><img loading=\"lazy\" decoding=\"async\" src=\"https:\/\/jornalfatosenoticias.com.br\/wp-content\/uploads\/2022\/08\/logo-locau-veiculos-1024x573.png\" alt=\"\" class=\"wp-image-33078\" width=\"310\" height=\"173\"\/><\/figure><\/div>\n\n\n\n<h4 class=\"wp-block-heading\"><span class=\"has-inline-color has-black-color\">O que se sabe sobre o garoto:<\/span><\/h4>\n\n\n\n<ul class=\"wp-block-list\"><li>Ele tinha cerca de 1,25m quando morreu, o que \u00e9 considerado baixo para sua idade mesmo nos padr\u00f5es de altura da \u00e9poca;<\/li><li>Ele apresenta uma condi\u00e7\u00e3o conhecida como escafocefalia, que faz com que o cr\u00e2nio se funda muito cedo, provocando o crescimento da cabe\u00e7a para tr\u00e1s em vez de para os lados;<\/li><li>Provavelmente, ele morreu sozinho, porque sua ossada estava encostada na parede da caverna quando encontrada.<\/li><\/ul>\n\n\n\n<div class=\"wp-block-image\"><figure class=\"aligncenter size-large\"><img decoding=\"async\" src=\"https:\/\/jornalfatosenoticias.com.br\/wp-content\/uploads\/2020\/02\/logo_esteio.jpg\" alt=\"\" class=\"wp-image-1214\"\/><\/figure><\/div>\n\n\n\n<figure class=\"wp-block-pullquote\"><blockquote><p><span class=\"has-inline-color has-luminous-vivid-orange-color\">Ou ele foi colocado assim ap\u00f3s sua morte, ou ele realmente morreu nesta posi\u00e7\u00e3o. Isso pode dar a impress\u00e3o de um menino solit\u00e1rio, esperando em v\u00e3o que seus amigos e familiares aparecessem. Mas, n\u00e3o sabemos nada sobre como ele morreu&#8221;, disse Oscar Nilsson, artista forense sueco respons\u00e1vel pela reconstru\u00e7\u00e3o, em declara\u00e7\u00e3o ao site LiveSciece.<\/span><\/p><\/blockquote><\/figure>\n\n\n\n<div class=\"wp-block-image\"><figure class=\"alignright size-large is-resized\"><img decoding=\"async\" src=\"https:\/\/jornalfatosenoticias.com.br\/wp-content\/uploads\/2020\/02\/logo-clinica-limoeiro.jpg\" alt=\"\" class=\"wp-image-34610\" width=\"-88\" height=\"-62\"\/><\/figure><\/div>\n\n\n\n<p><strong><span class=\"has-inline-color has-black-color\">Condi\u00e7\u00f5es f\u00edsicas do menino de Viste<br><\/span><\/strong>A escafocefalia n\u00e3o causa danos ao desenvolvimento ou defici\u00eancia intelectual. Sendo assim, mesmo que a baixa estatura e a condi\u00e7\u00e3o no cr\u00e2nio tenham rendido uma apar\u00eancia estranha para o menino, segundo os pesquisadores, ele era saud\u00e1vel e bem alimentado.<br>Na caverna de cerca de cinco metros de largura e nove metros de profundidade, foram encontrados restos de diversos animais, instrumentos de cozinha, ornamentos e <a href=\"https:\/\/olhardigital.com.br\/2023\/02\/10\/ciencia-e-espaco\/estas-antigas-ferramentas-de-pedra-nao-foram-feitas-por-humanos\/\" target=\"_blank\" rel=\"noreferrer noopener\">ferramentas<\/a> de pesca. Essas descobertas indicam que mais pessoas viviam ali al\u00e9m do menino.<\/p>\n\n\n\n<div class=\"wp-block-image\"><figure class=\"aligncenter size-large\"><img loading=\"lazy\" decoding=\"async\" width=\"729\" height=\"90\" src=\"https:\/\/jornalfatosenoticias.com.br\/wp-content\/uploads\/2020\/02\/Logo_Mizu.png\" alt=\"\" class=\"wp-image-1441\" srcset=\"https:\/\/jornalfatosenoticias.com.br\/wp-content\/uploads\/2020\/02\/Logo_Mizu.png 729w, https:\/\/jornalfatosenoticias.com.br\/wp-content\/uploads\/2020\/02\/Logo_Mizu-300x37.png 300w\" sizes=\"auto, (max-width: 729px) 100vw, 729px\" \/><\/figure><\/div>\n\n\n\n<p><strong><span class=\"has-inline-color has-black-color\">Reconstru\u00e7\u00e3o 3D<br><\/span><\/strong>Para fazer a reconstru\u00e7\u00e3o, foram realizadas duas tomografias computadorizadas do cr\u00e2nio, possibilitando a cria\u00e7\u00e3o de um modelo 3D, que depois foi impresso em pl\u00e1stico. A reconstru\u00e7\u00e3o dos tecidos foi feita baseada em adolescentes atuais do norte da Europa da mesma idade.<\/p>\n\n\n\n<div class=\"wp-block-image\"><figure class=\"aligncenter size-large is-resized\"><img loading=\"lazy\" decoding=\"async\" src=\"https:\/\/jornalfatosenoticias.com.br\/wp-content\/uploads\/2022\/07\/Logo-Grupo-SEI.jpg\" alt=\"\" class=\"wp-image-31973\" width=\"318\" height=\"167\" srcset=\"https:\/\/jornalfatosenoticias.com.br\/wp-content\/uploads\/2022\/07\/Logo-Grupo-SEI.jpg 713w, https:\/\/jornalfatosenoticias.com.br\/wp-content\/uploads\/2022\/07\/Logo-Grupo-SEI-300x158.jpg 300w\" sizes=\"auto, (max-width: 318px) 100vw, 318px\" \/><\/figure><\/div>\n\n\n\n<p>As cores da pele, do cabelo e dos olhos foram descobertas a partir de uma an\u00e1lise de DNA dos vest\u00edgios do menino. Essas caracter\u00edsticas provavelmente s\u00e3o muito semelhantes a outras descobertas na Noruega, com cabelos e olhos escuros e tom de pele intermedi\u00e1rio.<\/p>\n\n\n\n<div class=\"wp-block-image\"><figure class=\"aligncenter size-large\"><img loading=\"lazy\" decoding=\"async\" width=\"1024\" height=\"110\" src=\"https:\/\/jornalfatosenoticias.com.br\/wp-content\/uploads\/2022\/10\/Arte-jornal-Zucchi-1120x120_Prancheta-1-1024x110.jpg\" alt=\"\" class=\"wp-image-34772\" srcset=\"https:\/\/jornalfatosenoticias.com.br\/wp-content\/uploads\/2022\/10\/Arte-jornal-Zucchi-1120x120_Prancheta-1-1024x110.jpg 1024w, https:\/\/jornalfatosenoticias.com.br\/wp-content\/uploads\/2022\/10\/Arte-jornal-Zucchi-1120x120_Prancheta-1-300x32.jpg 300w, https:\/\/jornalfatosenoticias.com.br\/wp-content\/uploads\/2022\/10\/Arte-jornal-Zucchi-1120x120_Prancheta-1-768x82.jpg 768w, https:\/\/jornalfatosenoticias.com.br\/wp-content\/uploads\/2022\/10\/Arte-jornal-Zucchi-1120x120_Prancheta-1-1536x165.jpg 1536w, https:\/\/jornalfatosenoticias.com.br\/wp-content\/uploads\/2022\/10\/Arte-jornal-Zucchi-1120x120_Prancheta-1-2048x219.jpg 2048w\" sizes=\"auto, (max-width: 1024px) 100vw, 1024px\" \/><\/figure><\/div>\n\n\n\n<p>Em sua reconstru\u00e7\u00e3o, Nilsson pretendia colocar um sorriso no adolescente, no entanto, devido \u00e0s circunst\u00e2ncias em que ele foi encontrado, o artista decidiu n\u00e3o seguir em frente com a ideia.<\/p>\n\n\n\n<div class=\"wp-block-image\"><figure class=\"aligncenter size-large\"><img loading=\"lazy\" decoding=\"async\" width=\"300\" height=\"250\" src=\"https:\/\/jornalfatosenoticias.com.br\/wp-content\/uploads\/2022\/08\/arte-Casarao.jpg\" alt=\"\" class=\"wp-image-33178\"\/><\/figure><\/div>\n\n\n\n<figure class=\"wp-block-pullquote\"><blockquote><p><span class=\"has-inline-color has-luminous-vivid-orange-color\">\u00c0 medida que me aprofundava no projeto, n\u00e3o conseguia me livrar da sensa\u00e7\u00e3o de menino solit\u00e1rio. Imagino-o a caminho do mar (que era extremamente pr\u00f3ximo da gruta) para apanhar alguns peixes. Est\u00e1 muito vento nesta parte da Noruega, por isso trabalhei bastante para fazer parecer que o vento sopra em seu cabelo e roupas\u201d, disse ele.<\/span><\/p><\/blockquote><\/figure>\n\n\n\n<div class=\"wp-block-image\"><figure class=\"alignleft size-large is-resized\"><img decoding=\"async\" src=\"https:\/\/jornalfatosenoticias.com.br\/wp-content\/uploads\/2020\/02\/nova-logo-Marquetti.jpg\" alt=\"\" class=\"wp-image-22331\" width=\"-118\" height=\"-79\" srcset=\"https:\/\/jornalfatosenoticias.com.br\/wp-content\/uploads\/2020\/02\/nova-logo-Marquetti.jpg 643w, https:\/\/jornalfatosenoticias.com.br\/wp-content\/uploads\/2020\/02\/nova-logo-Marquetti-300x202.jpg 300w\" sizes=\"(max-width: 643px) 100vw, 643px\" \/><\/figure><\/div>\n\n\n\n<p><strong><span class=\"has-inline-color has-black-color\">Vestimentas e acess\u00f3rios<br><\/span><\/strong>Para a reconstru\u00e7\u00e3o do corpo completo, tamb\u00e9m foram desenvolvidas pe\u00e7as de roupa ao estilo do per\u00edodo. Helena Gjaerum, uma arque\u00f3loga independente tamb\u00e9m sediada na Su\u00e9cia, confeccionou as vestimentas usando t\u00e9cnicas pr\u00e9-hist\u00f3ricas de costura e curti\u00e7\u00e3o do couro.<br>Ali\u00e1s, este n\u00e3o \u00e9 o primeiro trabalho que Nilsson e Helena desenvolvem juntos. Tamb\u00e9m \u00e9 obra deles <a href=\"https:\/\/olhardigital.com.br\/2022\/03\/16\/ciencia-e-espaco\/veja-uma-reconstrucao-impressionante-de-uma-mulher-da-idade-da-pedra\/\" target=\"_blank\" rel=\"noreferrer noopener\">\u201ca mulher de Lagmans\u00f6ren\u201d<\/a>, revelada h\u00e1 quase um ano.<\/p>\n\n\n\n<div class=\"wp-block-image\"><figure class=\"aligncenter size-large\"><img loading=\"lazy\" decoding=\"async\" width=\"1024\" height=\"100\" src=\"https:\/\/jornalfatosenoticias.com.br\/wp-content\/uploads\/2020\/02\/banner_ferramentas-1024x100.jpg\" alt=\"\" class=\"wp-image-1258\" srcset=\"https:\/\/jornalfatosenoticias.com.br\/wp-content\/uploads\/2020\/02\/banner_ferramentas-1024x100.jpg 1024w, https:\/\/jornalfatosenoticias.com.br\/wp-content\/uploads\/2020\/02\/banner_ferramentas-300x29.jpg 300w, https:\/\/jornalfatosenoticias.com.br\/wp-content\/uploads\/2020\/02\/banner_ferramentas-768x75.jpg 768w, https:\/\/jornalfatosenoticias.com.br\/wp-content\/uploads\/2020\/02\/banner_ferramentas.jpg 1227w\" sizes=\"auto, (max-width: 1024px) 100vw, 1024px\" \/><\/figure><\/div>\n\n\n\n<p>A t\u00fanica do menino foi feita a partir da pelagem de um alce depilado e curtido e peles de salm\u00e3o com casca curtidas foram postas em sua cintura. Ele tamb\u00e9m carrega uma bolsa feita de pele de veado e um colar feito com v\u00e9rtebras de peixe e uma concha, tudo isso costurado com fios de tend\u00e3o e tiras de couro.<\/p>\n\n\n\n<div class=\"wp-block-image\"><figure class=\"aligncenter size-large is-resized\"><img loading=\"lazy\" decoding=\"async\" src=\"https:\/\/jornalfatosenoticias.com.br\/wp-content\/uploads\/2022\/02\/Precisao-Contabilidade-1024x724.jpg\" alt=\"\" class=\"wp-image-28088\" width=\"311\" height=\"220\"\/><\/figure><\/div>\n\n\n\n<p><strong><em>Fonte: <a href=\"https:\/\/olhardigital.com.br\/2023\/02\/16\/ciencia-e-espaco\/garoto-da-idade-da-pedra-tem-rosto-revelado-em-impressionante-reconstrucao-3d\/\">Olhar Digital<\/a><\/em><\/strong><\/p>\n","protected":false},"excerpt":{"rendered":"<p>Cr\u00e2nio do &#8220;menino de Viste&#8221;, um dos esqueletos mais antigos j\u00e1 descobertos na Noruega, tinha uma defici\u00eancia Em 1907, restos mortais de um menino de 15 anos foram encontrados na Noruega em uma caverna em Randaberg, ao longo da costa oeste do pa\u00eds. Os vest\u00edgios datam de cerca de 8.300 anos atr\u00e1s, no per\u00edodo Mesol\u00edtico [&hellip;]<\/p>\n","protected":false},"author":2,"featured_media":38885,"comment_status":"open","ping_status":"open","sticky":false,"template":"","format":"standard","meta":{"footnotes":""},"categories":[9808],"tags":[9355,18190,1958,5057,18191,2330],"class_list":["post-38882","post","type-post","status-publish","format-standard","has-post-thumbnail","hentry","category-paleo-arqueologia","tag-idade-da-pedra","tag-menino-de-viste","tag-noruega","tag-reconstrucao","tag-reconstrucao-3d","tag-suecia"],"yoast_head":"<!-- This site is optimized with the Yoast SEO plugin v26.5 - https:\/\/yoast.com\/wordpress\/plugins\/seo\/ -->\n<title>Garoto da Idade da Pedra tem rosto revelado em impressionante reconstru\u00e7\u00e3o 3D - Jornal Fatos e Not\u00edcias<\/title>\n<meta name=\"robots\" content=\"index, follow, max-snippet:-1, max-image-preview:large, max-video-preview:-1\" \/>\n<link rel=\"canonical\" href=\"https:\/\/jornalfatosenoticias.com.br\/index.php\/2023\/02\/17\/garoto-da-idade-da-pedra-tem-rosto-revelado-em-impressionante-reconstrucao-3d\/\" \/>\n<meta property=\"og:locale\" content=\"pt_BR\" \/>\n<meta property=\"og:type\" content=\"article\" \/>\n<meta property=\"og:title\" content=\"Garoto da Idade da Pedra tem rosto revelado em impressionante reconstru\u00e7\u00e3o 3D - Jornal Fatos e Not\u00edcias\" \/>\n<meta property=\"og:description\" content=\"Cr\u00e2nio do &#8220;menino de Viste&#8221;, um dos esqueletos mais antigos j\u00e1 descobertos na Noruega, tinha uma defici\u00eancia Em 1907, restos mortais de um menino de 15 anos foram encontrados na Noruega em uma caverna em Randaberg, ao longo da costa oeste do pa\u00eds. Os vest\u00edgios datam de cerca de 8.300 anos atr\u00e1s, no per\u00edodo Mesol\u00edtico [&hellip;]\" \/>\n<meta property=\"og:url\" content=\"https:\/\/jornalfatosenoticias.com.br\/index.php\/2023\/02\/17\/garoto-da-idade-da-pedra-tem-rosto-revelado-em-impressionante-reconstrucao-3d\/\" \/>\n<meta property=\"og:site_name\" content=\"Jornal Fatos e Not\u00edcias\" \/>\n<meta property=\"article:published_time\" content=\"2023-02-17T13:46:49+00:00\" \/>\n<meta property=\"article:modified_time\" content=\"2023-02-17T13:46:50+00:00\" \/>\n<meta property=\"og:image\" content=\"https:\/\/jornalfatosenoticias.com.br\/wp-content\/uploads\/2023\/02\/reconstrucao-Vistegutten.jpg\" \/>\n\t<meta property=\"og:image:width\" content=\"1000\" \/>\n\t<meta property=\"og:image:height\" content=\"562\" \/>\n\t<meta property=\"og:image:type\" content=\"image\/jpeg\" \/>\n<meta name=\"author\" content=\"Luzimara Fernandes\" \/>\n<meta name=\"twitter:card\" content=\"summary_large_image\" \/>\n<meta name=\"twitter:label1\" content=\"Escrito por\" \/>\n\t<meta name=\"twitter:data1\" content=\"Luzimara Fernandes\" \/>\n\t<meta name=\"twitter:label2\" content=\"Est. tempo de leitura\" \/>\n\t<meta name=\"twitter:data2\" content=\"3 minutos\" \/>\n<script type=\"application\/ld+json\" class=\"yoast-schema-graph\">{\"@context\":\"https:\/\/schema.org\",\"@graph\":[{\"@type\":\"Article\",\"@id\":\"https:\/\/jornalfatosenoticias.com.br\/index.php\/2023\/02\/17\/garoto-da-idade-da-pedra-tem-rosto-revelado-em-impressionante-reconstrucao-3d\/#article\",\"isPartOf\":{\"@id\":\"https:\/\/jornalfatosenoticias.com.br\/index.php\/2023\/02\/17\/garoto-da-idade-da-pedra-tem-rosto-revelado-em-impressionante-reconstrucao-3d\/\"},\"author\":{\"name\":\"Luzimara Fernandes\",\"@id\":\"https:\/\/jornalfatosenoticias.com.br\/#\/schema\/person\/d63837fa13ac8666eb9e74e0985d6f81\"},\"headline\":\"Garoto da Idade da Pedra tem rosto revelado em impressionante reconstru\u00e7\u00e3o 3D\",\"datePublished\":\"2023-02-17T13:46:49+00:00\",\"dateModified\":\"2023-02-17T13:46:50+00:00\",\"mainEntityOfPage\":{\"@id\":\"https:\/\/jornalfatosenoticias.com.br\/index.php\/2023\/02\/17\/garoto-da-idade-da-pedra-tem-rosto-revelado-em-impressionante-reconstrucao-3d\/\"},\"wordCount\":670,\"commentCount\":0,\"publisher\":{\"@id\":\"https:\/\/jornalfatosenoticias.com.br\/#organization\"},\"image\":{\"@id\":\"https:\/\/jornalfatosenoticias.com.br\/index.php\/2023\/02\/17\/garoto-da-idade-da-pedra-tem-rosto-revelado-em-impressionante-reconstrucao-3d\/#primaryimage\"},\"thumbnailUrl\":\"https:\/\/jornalfatosenoticias.com.br\/wp-content\/uploads\/2023\/02\/reconstrucao-Vistegutten.jpg\",\"keywords\":[\"Idade da Pedra\",\"menino de Viste\",\"Noruega\",\"reconstru\u00e7\u00e3o\",\"reconstru\u00e7\u00e3o 3D\",\"Su\u00e9cia\"],\"articleSection\":[\"Paleo &amp; Arqueologia\"],\"inLanguage\":\"pt-BR\",\"potentialAction\":[{\"@type\":\"CommentAction\",\"name\":\"Comment\",\"target\":[\"https:\/\/jornalfatosenoticias.com.br\/index.php\/2023\/02\/17\/garoto-da-idade-da-pedra-tem-rosto-revelado-em-impressionante-reconstrucao-3d\/#respond\"]}]},{\"@type\":\"WebPage\",\"@id\":\"https:\/\/jornalfatosenoticias.com.br\/index.php\/2023\/02\/17\/garoto-da-idade-da-pedra-tem-rosto-revelado-em-impressionante-reconstrucao-3d\/\",\"url\":\"https:\/\/jornalfatosenoticias.com.br\/index.php\/2023\/02\/17\/garoto-da-idade-da-pedra-tem-rosto-revelado-em-impressionante-reconstrucao-3d\/\",\"name\":\"Garoto da Idade da Pedra tem rosto revelado em impressionante reconstru\u00e7\u00e3o 3D - Jornal Fatos e Not\u00edcias\",\"isPartOf\":{\"@id\":\"https:\/\/jornalfatosenoticias.com.br\/#website\"},\"primaryImageOfPage\":{\"@id\":\"https:\/\/jornalfatosenoticias.com.br\/index.php\/2023\/02\/17\/garoto-da-idade-da-pedra-tem-rosto-revelado-em-impressionante-reconstrucao-3d\/#primaryimage\"},\"image\":{\"@id\":\"https:\/\/jornalfatosenoticias.com.br\/index.php\/2023\/02\/17\/garoto-da-idade-da-pedra-tem-rosto-revelado-em-impressionante-reconstrucao-3d\/#primaryimage\"},\"thumbnailUrl\":\"https:\/\/jornalfatosenoticias.com.br\/wp-content\/uploads\/2023\/02\/reconstrucao-Vistegutten.jpg\",\"datePublished\":\"2023-02-17T13:46:49+00:00\",\"dateModified\":\"2023-02-17T13:46:50+00:00\",\"breadcrumb\":{\"@id\":\"https:\/\/jornalfatosenoticias.com.br\/index.php\/2023\/02\/17\/garoto-da-idade-da-pedra-tem-rosto-revelado-em-impressionante-reconstrucao-3d\/#breadcrumb\"},\"inLanguage\":\"pt-BR\",\"potentialAction\":[{\"@type\":\"ReadAction\",\"target\":[\"https:\/\/jornalfatosenoticias.com.br\/index.php\/2023\/02\/17\/garoto-da-idade-da-pedra-tem-rosto-revelado-em-impressionante-reconstrucao-3d\/\"]}]},{\"@type\":\"ImageObject\",\"inLanguage\":\"pt-BR\",\"@id\":\"https:\/\/jornalfatosenoticias.com.br\/index.php\/2023\/02\/17\/garoto-da-idade-da-pedra-tem-rosto-revelado-em-impressionante-reconstrucao-3d\/#primaryimage\",\"url\":\"https:\/\/jornalfatosenoticias.com.br\/wp-content\/uploads\/2023\/02\/reconstrucao-Vistegutten.jpg\",\"contentUrl\":\"https:\/\/jornalfatosenoticias.com.br\/wp-content\/uploads\/2023\/02\/reconstrucao-Vistegutten.jpg\",\"width\":1000,\"height\":562},{\"@type\":\"BreadcrumbList\",\"@id\":\"https:\/\/jornalfatosenoticias.com.br\/index.php\/2023\/02\/17\/garoto-da-idade-da-pedra-tem-rosto-revelado-em-impressionante-reconstrucao-3d\/#breadcrumb\",\"itemListElement\":[{\"@type\":\"ListItem\",\"position\":1,\"name\":\"In\u00edcio\",\"item\":\"https:\/\/jornalfatosenoticias.com.br\/\"},{\"@type\":\"ListItem\",\"position\":2,\"name\":\"Garoto da Idade da Pedra tem rosto revelado em impressionante reconstru\u00e7\u00e3o 3D\"}]},{\"@type\":\"WebSite\",\"@id\":\"https:\/\/jornalfatosenoticias.com.br\/#website\",\"url\":\"https:\/\/jornalfatosenoticias.com.br\/\",\"name\":\"Jornal Fatos e Not\u00edcias\",\"description\":\"Not\u00edcias em geral\",\"publisher\":{\"@id\":\"https:\/\/jornalfatosenoticias.com.br\/#organization\"},\"potentialAction\":[{\"@type\":\"SearchAction\",\"target\":{\"@type\":\"EntryPoint\",\"urlTemplate\":\"https:\/\/jornalfatosenoticias.com.br\/?s={search_term_string}\"},\"query-input\":{\"@type\":\"PropertyValueSpecification\",\"valueRequired\":true,\"valueName\":\"search_term_string\"}}],\"inLanguage\":\"pt-BR\"},{\"@type\":\"Organization\",\"@id\":\"https:\/\/jornalfatosenoticias.com.br\/#organization\",\"name\":\"Jornal Fatos e Not\u00edcias\",\"url\":\"https:\/\/jornalfatosenoticias.com.br\/\",\"logo\":{\"@type\":\"ImageObject\",\"inLanguage\":\"pt-BR\",\"@id\":\"https:\/\/jornalfatosenoticias.com.br\/#\/schema\/logo\/image\/\",\"url\":\"https:\/\/jornalfatosenoticias.com.br\/wp-content\/uploads\/2020\/02\/logo120.png\",\"contentUrl\":\"https:\/\/jornalfatosenoticias.com.br\/wp-content\/uploads\/2020\/02\/logo120.png\",\"width\":1227,\"height\":120,\"caption\":\"Jornal Fatos e Not\u00edcias\"},\"image\":{\"@id\":\"https:\/\/jornalfatosenoticias.com.br\/#\/schema\/logo\/image\/\"}},{\"@type\":\"Person\",\"@id\":\"https:\/\/jornalfatosenoticias.com.br\/#\/schema\/person\/d63837fa13ac8666eb9e74e0985d6f81\",\"name\":\"Luzimara Fernandes\",\"image\":{\"@type\":\"ImageObject\",\"inLanguage\":\"pt-BR\",\"@id\":\"https:\/\/jornalfatosenoticias.com.br\/#\/schema\/person\/image\/\",\"url\":\"https:\/\/jornalfatosenoticias.com.br\/wp-content\/uploads\/2025\/05\/EU_portal.jpg\",\"contentUrl\":\"https:\/\/jornalfatosenoticias.com.br\/wp-content\/uploads\/2025\/05\/EU_portal.jpg\",\"caption\":\"Luzimara Fernandes\"},\"description\":\"Jornalista MTB 2358-ES\",\"sameAs\":[\"https:\/\/jornalfatosenoticias.com.br\"],\"url\":\"https:\/\/jornalfatosenoticias.com.br\/index.php\/author\/luzimara\/\"}]}<\/script>\n<!-- \/ Yoast SEO plugin. -->","yoast_head_json":{"title":"Garoto da Idade da Pedra tem rosto revelado em impressionante reconstru\u00e7\u00e3o 3D - Jornal Fatos e Not\u00edcias","robots":{"index":"index","follow":"follow","max-snippet":"max-snippet:-1","max-image-preview":"max-image-preview:large","max-video-preview":"max-video-preview:-1"},"canonical":"https:\/\/jornalfatosenoticias.com.br\/index.php\/2023\/02\/17\/garoto-da-idade-da-pedra-tem-rosto-revelado-em-impressionante-reconstrucao-3d\/","og_locale":"pt_BR","og_type":"article","og_title":"Garoto da Idade da Pedra tem rosto revelado em impressionante reconstru\u00e7\u00e3o 3D - Jornal Fatos e Not\u00edcias","og_description":"Cr\u00e2nio do &#8220;menino de Viste&#8221;, um dos esqueletos mais antigos j\u00e1 descobertos na Noruega, tinha uma defici\u00eancia Em 1907, restos mortais de um menino de 15 anos foram encontrados na Noruega em uma caverna em Randaberg, ao longo da costa oeste do pa\u00eds. Os vest\u00edgios datam de cerca de 8.300 anos atr\u00e1s, no per\u00edodo Mesol\u00edtico [&hellip;]","og_url":"https:\/\/jornalfatosenoticias.com.br\/index.php\/2023\/02\/17\/garoto-da-idade-da-pedra-tem-rosto-revelado-em-impressionante-reconstrucao-3d\/","og_site_name":"Jornal Fatos e Not\u00edcias","article_published_time":"2023-02-17T13:46:49+00:00","article_modified_time":"2023-02-17T13:46:50+00:00","og_image":[{"width":1000,"height":562,"url":"https:\/\/jornalfatosenoticias.com.br\/wp-content\/uploads\/2023\/02\/reconstrucao-Vistegutten.jpg","type":"image\/jpeg"}],"author":"Luzimara Fernandes","twitter_card":"summary_large_image","twitter_misc":{"Escrito por":"Luzimara Fernandes","Est. tempo de leitura":"3 minutos"},"schema":{"@context":"https:\/\/schema.org","@graph":[{"@type":"Article","@id":"https:\/\/jornalfatosenoticias.com.br\/index.php\/2023\/02\/17\/garoto-da-idade-da-pedra-tem-rosto-revelado-em-impressionante-reconstrucao-3d\/#article","isPartOf":{"@id":"https:\/\/jornalfatosenoticias.com.br\/index.php\/2023\/02\/17\/garoto-da-idade-da-pedra-tem-rosto-revelado-em-impressionante-reconstrucao-3d\/"},"author":{"name":"Luzimara Fernandes","@id":"https:\/\/jornalfatosenoticias.com.br\/#\/schema\/person\/d63837fa13ac8666eb9e74e0985d6f81"},"headline":"Garoto da Idade da Pedra tem rosto revelado em impressionante reconstru\u00e7\u00e3o 3D","datePublished":"2023-02-17T13:46:49+00:00","dateModified":"2023-02-17T13:46:50+00:00","mainEntityOfPage":{"@id":"https:\/\/jornalfatosenoticias.com.br\/index.php\/2023\/02\/17\/garoto-da-idade-da-pedra-tem-rosto-revelado-em-impressionante-reconstrucao-3d\/"},"wordCount":670,"commentCount":0,"publisher":{"@id":"https:\/\/jornalfatosenoticias.com.br\/#organization"},"image":{"@id":"https:\/\/jornalfatosenoticias.com.br\/index.php\/2023\/02\/17\/garoto-da-idade-da-pedra-tem-rosto-revelado-em-impressionante-reconstrucao-3d\/#primaryimage"},"thumbnailUrl":"https:\/\/jornalfatosenoticias.com.br\/wp-content\/uploads\/2023\/02\/reconstrucao-Vistegutten.jpg","keywords":["Idade da Pedra","menino de Viste","Noruega","reconstru\u00e7\u00e3o","reconstru\u00e7\u00e3o 3D","Su\u00e9cia"],"articleSection":["Paleo &amp; Arqueologia"],"inLanguage":"pt-BR","potentialAction":[{"@type":"CommentAction","name":"Comment","target":["https:\/\/jornalfatosenoticias.com.br\/index.php\/2023\/02\/17\/garoto-da-idade-da-pedra-tem-rosto-revelado-em-impressionante-reconstrucao-3d\/#respond"]}]},{"@type":"WebPage","@id":"https:\/\/jornalfatosenoticias.com.br\/index.php\/2023\/02\/17\/garoto-da-idade-da-pedra-tem-rosto-revelado-em-impressionante-reconstrucao-3d\/","url":"https:\/\/jornalfatosenoticias.com.br\/index.php\/2023\/02\/17\/garoto-da-idade-da-pedra-tem-rosto-revelado-em-impressionante-reconstrucao-3d\/","name":"Garoto da Idade da Pedra tem rosto revelado em impressionante reconstru\u00e7\u00e3o 3D - Jornal Fatos e Not\u00edcias","isPartOf":{"@id":"https:\/\/jornalfatosenoticias.com.br\/#website"},"primaryImageOfPage":{"@id":"https:\/\/jornalfatosenoticias.com.br\/index.php\/2023\/02\/17\/garoto-da-idade-da-pedra-tem-rosto-revelado-em-impressionante-reconstrucao-3d\/#primaryimage"},"image":{"@id":"https:\/\/jornalfatosenoticias.com.br\/index.php\/2023\/02\/17\/garoto-da-idade-da-pedra-tem-rosto-revelado-em-impressionante-reconstrucao-3d\/#primaryimage"},"thumbnailUrl":"https:\/\/jornalfatosenoticias.com.br\/wp-content\/uploads\/2023\/02\/reconstrucao-Vistegutten.jpg","datePublished":"2023-02-17T13:46:49+00:00","dateModified":"2023-02-17T13:46:50+00:00","breadcrumb":{"@id":"https:\/\/jornalfatosenoticias.com.br\/index.php\/2023\/02\/17\/garoto-da-idade-da-pedra-tem-rosto-revelado-em-impressionante-reconstrucao-3d\/#breadcrumb"},"inLanguage":"pt-BR","potentialAction":[{"@type":"ReadAction","target":["https:\/\/jornalfatosenoticias.com.br\/index.php\/2023\/02\/17\/garoto-da-idade-da-pedra-tem-rosto-revelado-em-impressionante-reconstrucao-3d\/"]}]},{"@type":"ImageObject","inLanguage":"pt-BR","@id":"https:\/\/jornalfatosenoticias.com.br\/index.php\/2023\/02\/17\/garoto-da-idade-da-pedra-tem-rosto-revelado-em-impressionante-reconstrucao-3d\/#primaryimage","url":"https:\/\/jornalfatosenoticias.com.br\/wp-content\/uploads\/2023\/02\/reconstrucao-Vistegutten.jpg","contentUrl":"https:\/\/jornalfatosenoticias.com.br\/wp-content\/uploads\/2023\/02\/reconstrucao-Vistegutten.jpg","width":1000,"height":562},{"@type":"BreadcrumbList","@id":"https:\/\/jornalfatosenoticias.com.br\/index.php\/2023\/02\/17\/garoto-da-idade-da-pedra-tem-rosto-revelado-em-impressionante-reconstrucao-3d\/#breadcrumb","itemListElement":[{"@type":"ListItem","position":1,"name":"In\u00edcio","item":"https:\/\/jornalfatosenoticias.com.br\/"},{"@type":"ListItem","position":2,"name":"Garoto da Idade da Pedra tem rosto revelado em impressionante reconstru\u00e7\u00e3o 3D"}]},{"@type":"WebSite","@id":"https:\/\/jornalfatosenoticias.com.br\/#website","url":"https:\/\/jornalfatosenoticias.com.br\/","name":"Jornal Fatos e Not\u00edcias","description":"Not\u00edcias em geral","publisher":{"@id":"https:\/\/jornalfatosenoticias.com.br\/#organization"},"potentialAction":[{"@type":"SearchAction","target":{"@type":"EntryPoint","urlTemplate":"https:\/\/jornalfatosenoticias.com.br\/?s={search_term_string}"},"query-input":{"@type":"PropertyValueSpecification","valueRequired":true,"valueName":"search_term_string"}}],"inLanguage":"pt-BR"},{"@type":"Organization","@id":"https:\/\/jornalfatosenoticias.com.br\/#organization","name":"Jornal Fatos e Not\u00edcias","url":"https:\/\/jornalfatosenoticias.com.br\/","logo":{"@type":"ImageObject","inLanguage":"pt-BR","@id":"https:\/\/jornalfatosenoticias.com.br\/#\/schema\/logo\/image\/","url":"https:\/\/jornalfatosenoticias.com.br\/wp-content\/uploads\/2020\/02\/logo120.png","contentUrl":"https:\/\/jornalfatosenoticias.com.br\/wp-content\/uploads\/2020\/02\/logo120.png","width":1227,"height":120,"caption":"Jornal Fatos e Not\u00edcias"},"image":{"@id":"https:\/\/jornalfatosenoticias.com.br\/#\/schema\/logo\/image\/"}},{"@type":"Person","@id":"https:\/\/jornalfatosenoticias.com.br\/#\/schema\/person\/d63837fa13ac8666eb9e74e0985d6f81","name":"Luzimara Fernandes","image":{"@type":"ImageObject","inLanguage":"pt-BR","@id":"https:\/\/jornalfatosenoticias.com.br\/#\/schema\/person\/image\/","url":"https:\/\/jornalfatosenoticias.com.br\/wp-content\/uploads\/2025\/05\/EU_portal.jpg","contentUrl":"https:\/\/jornalfatosenoticias.com.br\/wp-content\/uploads\/2025\/05\/EU_portal.jpg","caption":"Luzimara Fernandes"},"description":"Jornalista MTB 2358-ES","sameAs":["https:\/\/jornalfatosenoticias.com.br"],"url":"https:\/\/jornalfatosenoticias.com.br\/index.php\/author\/luzimara\/"}]}},"cc_featured_image_caption":{"caption_text":"(Foto: Reprodu\u00e7\u00e3o\/Olhar Digital)","source_text":"","source_url":""},"jetpack_featured_media_url":"https:\/\/jornalfatosenoticias.com.br\/wp-content\/uploads\/2023\/02\/reconstrucao-Vistegutten.jpg","_links":{"self":[{"href":"https:\/\/jornalfatosenoticias.com.br\/index.php\/wp-json\/wp\/v2\/posts\/38882","targetHints":{"allow":["GET"]}}],"collection":[{"href":"https:\/\/jornalfatosenoticias.com.br\/index.php\/wp-json\/wp\/v2\/posts"}],"about":[{"href":"https:\/\/jornalfatosenoticias.com.br\/index.php\/wp-json\/wp\/v2\/types\/post"}],"author":[{"embeddable":true,"href":"https:\/\/jornalfatosenoticias.com.br\/index.php\/wp-json\/wp\/v2\/users\/2"}],"replies":[{"embeddable":true,"href":"https:\/\/jornalfatosenoticias.com.br\/index.php\/wp-json\/wp\/v2\/comments?post=38882"}],"version-history":[{"count":0,"href":"https:\/\/jornalfatosenoticias.com.br\/index.php\/wp-json\/wp\/v2\/posts\/38882\/revisions"}],"wp:featuredmedia":[{"embeddable":true,"href":"https:\/\/jornalfatosenoticias.com.br\/index.php\/wp-json\/wp\/v2\/media\/38885"}],"wp:attachment":[{"href":"https:\/\/jornalfatosenoticias.com.br\/index.php\/wp-json\/wp\/v2\/media?parent=38882"}],"wp:term":[{"taxonomy":"category","embeddable":true,"href":"https:\/\/jornalfatosenoticias.com.br\/index.php\/wp-json\/wp\/v2\/categories?post=38882"},{"taxonomy":"post_tag","embeddable":true,"href":"https:\/\/jornalfatosenoticias.com.br\/index.php\/wp-json\/wp\/v2\/tags?post=38882"}],"curies":[{"name":"wp","href":"https:\/\/api.w.org\/{rel}","templated":true}]}}