{"id":38887,"date":"2023-02-17T10:54:31","date_gmt":"2023-02-17T13:54:31","guid":{"rendered":"https:\/\/jornalfatosenoticias.com.br\/?p=38887"},"modified":"2023-02-17T10:54:32","modified_gmt":"2023-02-17T13:54:32","slug":"ataque-de-lula-a-independencia-do-bc-e-desservico-para-o-pais-diz-autor-do-projeto","status":"publish","type":"post","link":"https:\/\/jornalfatosenoticias.com.br\/index.php\/2023\/02\/17\/ataque-de-lula-a-independencia-do-bc-e-desservico-para-o-pais-diz-autor-do-projeto\/","title":{"rendered":"Ataque de Lula \u00e0 independ\u00eancia do BC \u00e9 desservi\u00e7o para o pa\u00eds, diz autor do projeto"},"content":{"rendered":"\n<p><em><span class=\"has-inline-color has-black-color\">Pl\u00ednio Val\u00e9rio defendeu autonomia da autoridade monet\u00e1ria em meio a cr\u00edticas do presidente da Rep\u00fablica<\/span><\/em><\/p>\n\n\n\n<div class=\"wp-block-image\"><figure class=\"aligncenter size-large\"><img decoding=\"async\" src=\"https:\/\/jornalfatosenoticias.com.br\/wp-content\/uploads\/2020\/02\/Serra-Grande-1024x160.png\" alt=\"\" class=\"wp-image-7836\"\/><\/figure><\/div>\n\n\n\n<p>O senador Pl\u00ednio Val\u00e9rio (PSDB-AM), autor do projeto de lei que deu autonomia ao Banco Central (BC), saiu em defesa da autoridade monet\u00e1ria e disse que as cr\u00edticas do governo federal \u00e0 independ\u00eancia do \u00f3rg\u00e3o s\u00e3o um \u201cdesservi\u00e7o para o Pa\u00eds\u201d.<\/p>\n\n\n\n<div class=\"wp-block-image\"><figure class=\"aligncenter size-large\"><img loading=\"lazy\" decoding=\"async\" width=\"560\" height=\"60\" src=\"https:\/\/jornalfatosenoticias.com.br\/wp-content\/uploads\/2022\/10\/Propaganda-RC-Radiadores-Jornal_page-0001.jpg\" alt=\"\" class=\"wp-image-35270\" srcset=\"https:\/\/jornalfatosenoticias.com.br\/wp-content\/uploads\/2022\/10\/Propaganda-RC-Radiadores-Jornal_page-0001.jpg 560w, https:\/\/jornalfatosenoticias.com.br\/wp-content\/uploads\/2022\/10\/Propaganda-RC-Radiadores-Jornal_page-0001-300x32.jpg 300w\" sizes=\"auto, (max-width: 560px) 100vw, 560px\" \/><\/figure><\/div>\n\n\n\n<p>Na vis\u00e3o do parlamentar, Luiz In\u00e1cio Lula da Silva (PT) age de forma inconsequente ao atacar publicamente o presidente do BC, Roberto Campos Neto, e ao tentar interferir na taxa b\u00e1sica de juros, a Selic.<\/p>\n\n\n\n<div class=\"wp-block-image\"><figure class=\"aligncenter size-large\"><img loading=\"lazy\" decoding=\"async\" width=\"300\" height=\"300\" src=\"https:\/\/jornalfatosenoticias.com.br\/wp-content\/uploads\/2020\/02\/casa-do-torresmo_portal.jpg\" alt=\"\" class=\"wp-image-34472\" srcset=\"https:\/\/jornalfatosenoticias.com.br\/wp-content\/uploads\/2020\/02\/casa-do-torresmo_portal.jpg 300w, https:\/\/jornalfatosenoticias.com.br\/wp-content\/uploads\/2020\/02\/casa-do-torresmo_portal-150x150.jpg 150w\" sizes=\"auto, (max-width: 300px) 100vw, 300px\" \/><\/figure><\/div>\n\n\n\n<figure class=\"wp-block-pullquote\"><blockquote><p><span class=\"has-inline-color has-luminous-vivid-orange-color\">O Lula faz com que as coisas fujam do controle, o mercado reage. \u00c9 um desservi\u00e7o para o Pa\u00eds. Quando ele fala, os investidores do mercado se agitam. Eles come\u00e7am a ficar preocupados, porque aquela seguran\u00e7a jur\u00eddica, que \u00e9 o que a autonomia deu, come\u00e7a a ser questionada\u201d, disse ele em entrevista \u00e0 CNN Brasil.<\/span><\/p><\/blockquote><\/figure>\n\n\n\n<div class=\"wp-block-image\"><figure class=\"aligncenter size-large is-resized\"><img loading=\"lazy\" decoding=\"async\" src=\"https:\/\/jornalfatosenoticias.com.br\/wp-content\/uploads\/2022\/08\/logo-locau-veiculos-1024x573.png\" alt=\"\" class=\"wp-image-33078\" width=\"373\" height=\"208\"\/><\/figure><\/div>\n\n\n\n<p>Val\u00e9rio lembrou que uma das principais mudan\u00e7as trazidas pela autonomia do BC \u00e9 exatamente o que est\u00e1 sendo posto \u00e0 prova agora, que foi a regra que tornou mais dif\u00edcil a exonera\u00e7\u00e3o dos diretores do \u00f3rg\u00e3o pelo presidente da Rep\u00fablica.<\/p>\n\n\n\n<div class=\"wp-block-image\"><figure class=\"aligncenter size-large\"><img loading=\"lazy\" decoding=\"async\" width=\"1024\" height=\"111\" src=\"https:\/\/jornalfatosenoticias.com.br\/wp-content\/uploads\/2020\/02\/WhatsApp-Image-2022-09-23-at-12.09.18-1024x111.jpeg\" alt=\"\" class=\"wp-image-34527\" srcset=\"https:\/\/jornalfatosenoticias.com.br\/wp-content\/uploads\/2020\/02\/WhatsApp-Image-2022-09-23-at-12.09.18-1024x111.jpeg 1024w, https:\/\/jornalfatosenoticias.com.br\/wp-content\/uploads\/2020\/02\/WhatsApp-Image-2022-09-23-at-12.09.18-300x32.jpeg 300w, https:\/\/jornalfatosenoticias.com.br\/wp-content\/uploads\/2020\/02\/WhatsApp-Image-2022-09-23-at-12.09.18-768x83.jpeg 768w, https:\/\/jornalfatosenoticias.com.br\/wp-content\/uploads\/2020\/02\/WhatsApp-Image-2022-09-23-at-12.09.18.jpeg 1121w\" sizes=\"auto, (max-width: 1024px) 100vw, 1024px\" \/><\/figure><\/div>\n\n\n\n<p>Nas \u00faltimas semanas, Lula tem feito seguidas cr\u00edticas ao Banco Central e ao seu atual presidente. O petista j\u00e1 chamou de \u201cbobagem\u201d a independ\u00eancia, de \u201cvergonha\u201d o n\u00edvel dos juros e j\u00e1 conclamou o Senado Federal a estar \u201cvigilante\u201d com Campos Neto.<\/p>\n\n\n\n<div class=\"wp-block-image\"><figure class=\"aligncenter size-large\"><img decoding=\"async\" src=\"https:\/\/jornalfatosenoticias.com.br\/wp-content\/uploads\/2020\/02\/barao-das-carnes-300x164-1.jpg\" alt=\"\" class=\"wp-image-34339\"\/><\/figure><\/div>\n\n\n\n<p><strong><em>Fonte: <a href=\"https:\/\/www.conexaopolitica.com.br\/congresso\/ataque-de-lula-a-independencia-do-bc-e-desservico-para-o-pais-diz-autor-do-projeto\/\">Conex\u00e3o Pol\u00edtica<\/a><\/em><\/strong><\/p>\n","protected":false},"excerpt":{"rendered":"<p>Pl\u00ednio Val\u00e9rio defendeu autonomia da autoridade monet\u00e1ria em meio a cr\u00edticas do presidente da Rep\u00fablica O senador Pl\u00ednio Val\u00e9rio (PSDB-AM), autor do projeto de lei que deu autonomia ao Banco Central (BC), saiu em defesa da autoridade monet\u00e1ria e disse que as cr\u00edticas do governo federal \u00e0 independ\u00eancia do \u00f3rg\u00e3o s\u00e3o um \u201cdesservi\u00e7o para o [&hellip;]<\/p>\n","protected":false},"author":2,"featured_media":38888,"comment_status":"open","ping_status":"open","sticky":false,"template":"","format":"standard","meta":{"footnotes":""},"categories":[9],"tags":[489,18193,7580,18192],"class_list":["post-38887","post","type-post","status-publish","format-standard","has-post-thumbnail","hentry","category-economia","tag-banco-central","tag-independencia-do-bc","tag-lula","tag-plinio-valerio"],"yoast_head":"<!-- This site is optimized with the Yoast SEO plugin v26.5 - https:\/\/yoast.com\/wordpress\/plugins\/seo\/ -->\n<title>Ataque de Lula \u00e0 independ\u00eancia do BC \u00e9 desservi\u00e7o para o pa\u00eds, diz autor do projeto - Jornal Fatos e Not\u00edcias<\/title>\n<meta name=\"robots\" content=\"index, follow, max-snippet:-1, max-image-preview:large, max-video-preview:-1\" \/>\n<link rel=\"canonical\" href=\"https:\/\/jornalfatosenoticias.com.br\/index.php\/2023\/02\/17\/ataque-de-lula-a-independencia-do-bc-e-desservico-para-o-pais-diz-autor-do-projeto\/\" \/>\n<meta property=\"og:locale\" content=\"pt_BR\" \/>\n<meta property=\"og:type\" content=\"article\" \/>\n<meta property=\"og:title\" content=\"Ataque de Lula \u00e0 independ\u00eancia do BC \u00e9 desservi\u00e7o para o pa\u00eds, diz autor do projeto - Jornal Fatos e Not\u00edcias\" \/>\n<meta property=\"og:description\" content=\"Pl\u00ednio Val\u00e9rio defendeu autonomia da autoridade monet\u00e1ria em meio a cr\u00edticas do presidente da Rep\u00fablica O senador Pl\u00ednio Val\u00e9rio (PSDB-AM), autor do projeto de lei que deu autonomia ao Banco Central (BC), saiu em defesa da autoridade monet\u00e1ria e disse que as cr\u00edticas do governo federal \u00e0 independ\u00eancia do \u00f3rg\u00e3o s\u00e3o um \u201cdesservi\u00e7o para o [&hellip;]\" \/>\n<meta property=\"og:url\" content=\"https:\/\/jornalfatosenoticias.com.br\/index.php\/2023\/02\/17\/ataque-de-lula-a-independencia-do-bc-e-desservico-para-o-pais-diz-autor-do-projeto\/\" \/>\n<meta property=\"og:site_name\" content=\"Jornal Fatos e Not\u00edcias\" \/>\n<meta property=\"article:published_time\" content=\"2023-02-17T13:54:31+00:00\" \/>\n<meta property=\"article:modified_time\" content=\"2023-02-17T13:54:32+00:00\" \/>\n<meta property=\"og:image\" content=\"https:\/\/jornalfatosenoticias.com.br\/wp-content\/uploads\/2023\/02\/plinio-valerio.jpg\" \/>\n\t<meta property=\"og:image:width\" content=\"1000\" \/>\n\t<meta property=\"og:image:height\" content=\"666\" \/>\n\t<meta property=\"og:image:type\" content=\"image\/jpeg\" \/>\n<meta name=\"author\" content=\"Luzimara Fernandes\" \/>\n<meta name=\"twitter:card\" content=\"summary_large_image\" \/>\n<meta name=\"twitter:label1\" content=\"Escrito por\" \/>\n\t<meta name=\"twitter:data1\" content=\"Luzimara Fernandes\" \/>\n\t<meta name=\"twitter:label2\" content=\"Est. tempo de leitura\" \/>\n\t<meta name=\"twitter:data2\" content=\"1 minuto\" \/>\n<script type=\"application\/ld+json\" class=\"yoast-schema-graph\">{\"@context\":\"https:\/\/schema.org\",\"@graph\":[{\"@type\":\"Article\",\"@id\":\"https:\/\/jornalfatosenoticias.com.br\/index.php\/2023\/02\/17\/ataque-de-lula-a-independencia-do-bc-e-desservico-para-o-pais-diz-autor-do-projeto\/#article\",\"isPartOf\":{\"@id\":\"https:\/\/jornalfatosenoticias.com.br\/index.php\/2023\/02\/17\/ataque-de-lula-a-independencia-do-bc-e-desservico-para-o-pais-diz-autor-do-projeto\/\"},\"author\":{\"name\":\"Luzimara Fernandes\",\"@id\":\"https:\/\/jornalfatosenoticias.com.br\/#\/schema\/person\/d63837fa13ac8666eb9e74e0985d6f81\"},\"headline\":\"Ataque de Lula \u00e0 independ\u00eancia do BC \u00e9 desservi\u00e7o para o pa\u00eds, diz autor do projeto\",\"datePublished\":\"2023-02-17T13:54:31+00:00\",\"dateModified\":\"2023-02-17T13:54:32+00:00\",\"mainEntityOfPage\":{\"@id\":\"https:\/\/jornalfatosenoticias.com.br\/index.php\/2023\/02\/17\/ataque-de-lula-a-independencia-do-bc-e-desservico-para-o-pais-diz-autor-do-projeto\/\"},\"wordCount\":276,\"commentCount\":0,\"publisher\":{\"@id\":\"https:\/\/jornalfatosenoticias.com.br\/#organization\"},\"image\":{\"@id\":\"https:\/\/jornalfatosenoticias.com.br\/index.php\/2023\/02\/17\/ataque-de-lula-a-independencia-do-bc-e-desservico-para-o-pais-diz-autor-do-projeto\/#primaryimage\"},\"thumbnailUrl\":\"https:\/\/jornalfatosenoticias.com.br\/wp-content\/uploads\/2023\/02\/plinio-valerio.jpg\",\"keywords\":[\"Banco Central\",\"independ\u00eancia do BC\",\"Lula\",\"Pl\u00ednio Val\u00e9rio\"],\"articleSection\":[\"Economia\"],\"inLanguage\":\"pt-BR\",\"potentialAction\":[{\"@type\":\"CommentAction\",\"name\":\"Comment\",\"target\":[\"https:\/\/jornalfatosenoticias.com.br\/index.php\/2023\/02\/17\/ataque-de-lula-a-independencia-do-bc-e-desservico-para-o-pais-diz-autor-do-projeto\/#respond\"]}]},{\"@type\":\"WebPage\",\"@id\":\"https:\/\/jornalfatosenoticias.com.br\/index.php\/2023\/02\/17\/ataque-de-lula-a-independencia-do-bc-e-desservico-para-o-pais-diz-autor-do-projeto\/\",\"url\":\"https:\/\/jornalfatosenoticias.com.br\/index.php\/2023\/02\/17\/ataque-de-lula-a-independencia-do-bc-e-desservico-para-o-pais-diz-autor-do-projeto\/\",\"name\":\"Ataque de Lula \u00e0 independ\u00eancia do BC \u00e9 desservi\u00e7o para o pa\u00eds, diz autor do projeto - Jornal Fatos e Not\u00edcias\",\"isPartOf\":{\"@id\":\"https:\/\/jornalfatosenoticias.com.br\/#website\"},\"primaryImageOfPage\":{\"@id\":\"https:\/\/jornalfatosenoticias.com.br\/index.php\/2023\/02\/17\/ataque-de-lula-a-independencia-do-bc-e-desservico-para-o-pais-diz-autor-do-projeto\/#primaryimage\"},\"image\":{\"@id\":\"https:\/\/jornalfatosenoticias.com.br\/index.php\/2023\/02\/17\/ataque-de-lula-a-independencia-do-bc-e-desservico-para-o-pais-diz-autor-do-projeto\/#primaryimage\"},\"thumbnailUrl\":\"https:\/\/jornalfatosenoticias.com.br\/wp-content\/uploads\/2023\/02\/plinio-valerio.jpg\",\"datePublished\":\"2023-02-17T13:54:31+00:00\",\"dateModified\":\"2023-02-17T13:54:32+00:00\",\"breadcrumb\":{\"@id\":\"https:\/\/jornalfatosenoticias.com.br\/index.php\/2023\/02\/17\/ataque-de-lula-a-independencia-do-bc-e-desservico-para-o-pais-diz-autor-do-projeto\/#breadcrumb\"},\"inLanguage\":\"pt-BR\",\"potentialAction\":[{\"@type\":\"ReadAction\",\"target\":[\"https:\/\/jornalfatosenoticias.com.br\/index.php\/2023\/02\/17\/ataque-de-lula-a-independencia-do-bc-e-desservico-para-o-pais-diz-autor-do-projeto\/\"]}]},{\"@type\":\"ImageObject\",\"inLanguage\":\"pt-BR\",\"@id\":\"https:\/\/jornalfatosenoticias.com.br\/index.php\/2023\/02\/17\/ataque-de-lula-a-independencia-do-bc-e-desservico-para-o-pais-diz-autor-do-projeto\/#primaryimage\",\"url\":\"https:\/\/jornalfatosenoticias.com.br\/wp-content\/uploads\/2023\/02\/plinio-valerio.jpg\",\"contentUrl\":\"https:\/\/jornalfatosenoticias.com.br\/wp-content\/uploads\/2023\/02\/plinio-valerio.jpg\",\"width\":1000,\"height\":666},{\"@type\":\"BreadcrumbList\",\"@id\":\"https:\/\/jornalfatosenoticias.com.br\/index.php\/2023\/02\/17\/ataque-de-lula-a-independencia-do-bc-e-desservico-para-o-pais-diz-autor-do-projeto\/#breadcrumb\",\"itemListElement\":[{\"@type\":\"ListItem\",\"position\":1,\"name\":\"In\u00edcio\",\"item\":\"https:\/\/jornalfatosenoticias.com.br\/\"},{\"@type\":\"ListItem\",\"position\":2,\"name\":\"Ataque de Lula \u00e0 independ\u00eancia do BC \u00e9 desservi\u00e7o para o pa\u00eds, diz autor do projeto\"}]},{\"@type\":\"WebSite\",\"@id\":\"https:\/\/jornalfatosenoticias.com.br\/#website\",\"url\":\"https:\/\/jornalfatosenoticias.com.br\/\",\"name\":\"Jornal Fatos e Not\u00edcias\",\"description\":\"Not\u00edcias em geral\",\"publisher\":{\"@id\":\"https:\/\/jornalfatosenoticias.com.br\/#organization\"},\"potentialAction\":[{\"@type\":\"SearchAction\",\"target\":{\"@type\":\"EntryPoint\",\"urlTemplate\":\"https:\/\/jornalfatosenoticias.com.br\/?s={search_term_string}\"},\"query-input\":{\"@type\":\"PropertyValueSpecification\",\"valueRequired\":true,\"valueName\":\"search_term_string\"}}],\"inLanguage\":\"pt-BR\"},{\"@type\":\"Organization\",\"@id\":\"https:\/\/jornalfatosenoticias.com.br\/#organization\",\"name\":\"Jornal Fatos e Not\u00edcias\",\"url\":\"https:\/\/jornalfatosenoticias.com.br\/\",\"logo\":{\"@type\":\"ImageObject\",\"inLanguage\":\"pt-BR\",\"@id\":\"https:\/\/jornalfatosenoticias.com.br\/#\/schema\/logo\/image\/\",\"url\":\"https:\/\/jornalfatosenoticias.com.br\/wp-content\/uploads\/2020\/02\/logo120.png\",\"contentUrl\":\"https:\/\/jornalfatosenoticias.com.br\/wp-content\/uploads\/2020\/02\/logo120.png\",\"width\":1227,\"height\":120,\"caption\":\"Jornal Fatos e Not\u00edcias\"},\"image\":{\"@id\":\"https:\/\/jornalfatosenoticias.com.br\/#\/schema\/logo\/image\/\"}},{\"@type\":\"Person\",\"@id\":\"https:\/\/jornalfatosenoticias.com.br\/#\/schema\/person\/d63837fa13ac8666eb9e74e0985d6f81\",\"name\":\"Luzimara Fernandes\",\"image\":{\"@type\":\"ImageObject\",\"inLanguage\":\"pt-BR\",\"@id\":\"https:\/\/jornalfatosenoticias.com.br\/#\/schema\/person\/image\/\",\"url\":\"https:\/\/jornalfatosenoticias.com.br\/wp-content\/uploads\/2025\/05\/EU_portal.jpg\",\"contentUrl\":\"https:\/\/jornalfatosenoticias.com.br\/wp-content\/uploads\/2025\/05\/EU_portal.jpg\",\"caption\":\"Luzimara Fernandes\"},\"description\":\"Jornalista MTB 2358-ES\",\"sameAs\":[\"https:\/\/jornalfatosenoticias.com.br\"],\"url\":\"https:\/\/jornalfatosenoticias.com.br\/index.php\/author\/luzimara\/\"}]}<\/script>\n<!-- \/ Yoast SEO plugin. -->","yoast_head_json":{"title":"Ataque de Lula \u00e0 independ\u00eancia do BC \u00e9 desservi\u00e7o para o pa\u00eds, diz autor do projeto - Jornal Fatos e Not\u00edcias","robots":{"index":"index","follow":"follow","max-snippet":"max-snippet:-1","max-image-preview":"max-image-preview:large","max-video-preview":"max-video-preview:-1"},"canonical":"https:\/\/jornalfatosenoticias.com.br\/index.php\/2023\/02\/17\/ataque-de-lula-a-independencia-do-bc-e-desservico-para-o-pais-diz-autor-do-projeto\/","og_locale":"pt_BR","og_type":"article","og_title":"Ataque de Lula \u00e0 independ\u00eancia do BC \u00e9 desservi\u00e7o para o pa\u00eds, diz autor do projeto - Jornal Fatos e Not\u00edcias","og_description":"Pl\u00ednio Val\u00e9rio defendeu autonomia da autoridade monet\u00e1ria em meio a cr\u00edticas do presidente da Rep\u00fablica O senador Pl\u00ednio Val\u00e9rio (PSDB-AM), autor do projeto de lei que deu autonomia ao Banco Central (BC), saiu em defesa da autoridade monet\u00e1ria e disse que as cr\u00edticas do governo federal \u00e0 independ\u00eancia do \u00f3rg\u00e3o s\u00e3o um \u201cdesservi\u00e7o para o [&hellip;]","og_url":"https:\/\/jornalfatosenoticias.com.br\/index.php\/2023\/02\/17\/ataque-de-lula-a-independencia-do-bc-e-desservico-para-o-pais-diz-autor-do-projeto\/","og_site_name":"Jornal Fatos e Not\u00edcias","article_published_time":"2023-02-17T13:54:31+00:00","article_modified_time":"2023-02-17T13:54:32+00:00","og_image":[{"width":1000,"height":666,"url":"https:\/\/jornalfatosenoticias.com.br\/wp-content\/uploads\/2023\/02\/plinio-valerio.jpg","type":"image\/jpeg"}],"author":"Luzimara Fernandes","twitter_card":"summary_large_image","twitter_misc":{"Escrito por":"Luzimara Fernandes","Est. tempo de leitura":"1 minuto"},"schema":{"@context":"https:\/\/schema.org","@graph":[{"@type":"Article","@id":"https:\/\/jornalfatosenoticias.com.br\/index.php\/2023\/02\/17\/ataque-de-lula-a-independencia-do-bc-e-desservico-para-o-pais-diz-autor-do-projeto\/#article","isPartOf":{"@id":"https:\/\/jornalfatosenoticias.com.br\/index.php\/2023\/02\/17\/ataque-de-lula-a-independencia-do-bc-e-desservico-para-o-pais-diz-autor-do-projeto\/"},"author":{"name":"Luzimara Fernandes","@id":"https:\/\/jornalfatosenoticias.com.br\/#\/schema\/person\/d63837fa13ac8666eb9e74e0985d6f81"},"headline":"Ataque de Lula \u00e0 independ\u00eancia do BC \u00e9 desservi\u00e7o para o pa\u00eds, diz autor do projeto","datePublished":"2023-02-17T13:54:31+00:00","dateModified":"2023-02-17T13:54:32+00:00","mainEntityOfPage":{"@id":"https:\/\/jornalfatosenoticias.com.br\/index.php\/2023\/02\/17\/ataque-de-lula-a-independencia-do-bc-e-desservico-para-o-pais-diz-autor-do-projeto\/"},"wordCount":276,"commentCount":0,"publisher":{"@id":"https:\/\/jornalfatosenoticias.com.br\/#organization"},"image":{"@id":"https:\/\/jornalfatosenoticias.com.br\/index.php\/2023\/02\/17\/ataque-de-lula-a-independencia-do-bc-e-desservico-para-o-pais-diz-autor-do-projeto\/#primaryimage"},"thumbnailUrl":"https:\/\/jornalfatosenoticias.com.br\/wp-content\/uploads\/2023\/02\/plinio-valerio.jpg","keywords":["Banco Central","independ\u00eancia do BC","Lula","Pl\u00ednio Val\u00e9rio"],"articleSection":["Economia"],"inLanguage":"pt-BR","potentialAction":[{"@type":"CommentAction","name":"Comment","target":["https:\/\/jornalfatosenoticias.com.br\/index.php\/2023\/02\/17\/ataque-de-lula-a-independencia-do-bc-e-desservico-para-o-pais-diz-autor-do-projeto\/#respond"]}]},{"@type":"WebPage","@id":"https:\/\/jornalfatosenoticias.com.br\/index.php\/2023\/02\/17\/ataque-de-lula-a-independencia-do-bc-e-desservico-para-o-pais-diz-autor-do-projeto\/","url":"https:\/\/jornalfatosenoticias.com.br\/index.php\/2023\/02\/17\/ataque-de-lula-a-independencia-do-bc-e-desservico-para-o-pais-diz-autor-do-projeto\/","name":"Ataque de Lula \u00e0 independ\u00eancia do BC \u00e9 desservi\u00e7o para o pa\u00eds, diz autor do projeto - Jornal Fatos e Not\u00edcias","isPartOf":{"@id":"https:\/\/jornalfatosenoticias.com.br\/#website"},"primaryImageOfPage":{"@id":"https:\/\/jornalfatosenoticias.com.br\/index.php\/2023\/02\/17\/ataque-de-lula-a-independencia-do-bc-e-desservico-para-o-pais-diz-autor-do-projeto\/#primaryimage"},"image":{"@id":"https:\/\/jornalfatosenoticias.com.br\/index.php\/2023\/02\/17\/ataque-de-lula-a-independencia-do-bc-e-desservico-para-o-pais-diz-autor-do-projeto\/#primaryimage"},"thumbnailUrl":"https:\/\/jornalfatosenoticias.com.br\/wp-content\/uploads\/2023\/02\/plinio-valerio.jpg","datePublished":"2023-02-17T13:54:31+00:00","dateModified":"2023-02-17T13:54:32+00:00","breadcrumb":{"@id":"https:\/\/jornalfatosenoticias.com.br\/index.php\/2023\/02\/17\/ataque-de-lula-a-independencia-do-bc-e-desservico-para-o-pais-diz-autor-do-projeto\/#breadcrumb"},"inLanguage":"pt-BR","potentialAction":[{"@type":"ReadAction","target":["https:\/\/jornalfatosenoticias.com.br\/index.php\/2023\/02\/17\/ataque-de-lula-a-independencia-do-bc-e-desservico-para-o-pais-diz-autor-do-projeto\/"]}]},{"@type":"ImageObject","inLanguage":"pt-BR","@id":"https:\/\/jornalfatosenoticias.com.br\/index.php\/2023\/02\/17\/ataque-de-lula-a-independencia-do-bc-e-desservico-para-o-pais-diz-autor-do-projeto\/#primaryimage","url":"https:\/\/jornalfatosenoticias.com.br\/wp-content\/uploads\/2023\/02\/plinio-valerio.jpg","contentUrl":"https:\/\/jornalfatosenoticias.com.br\/wp-content\/uploads\/2023\/02\/plinio-valerio.jpg","width":1000,"height":666},{"@type":"BreadcrumbList","@id":"https:\/\/jornalfatosenoticias.com.br\/index.php\/2023\/02\/17\/ataque-de-lula-a-independencia-do-bc-e-desservico-para-o-pais-diz-autor-do-projeto\/#breadcrumb","itemListElement":[{"@type":"ListItem","position":1,"name":"In\u00edcio","item":"https:\/\/jornalfatosenoticias.com.br\/"},{"@type":"ListItem","position":2,"name":"Ataque de Lula \u00e0 independ\u00eancia do BC \u00e9 desservi\u00e7o para o pa\u00eds, diz autor do projeto"}]},{"@type":"WebSite","@id":"https:\/\/jornalfatosenoticias.com.br\/#website","url":"https:\/\/jornalfatosenoticias.com.br\/","name":"Jornal Fatos e Not\u00edcias","description":"Not\u00edcias em geral","publisher":{"@id":"https:\/\/jornalfatosenoticias.com.br\/#organization"},"potentialAction":[{"@type":"SearchAction","target":{"@type":"EntryPoint","urlTemplate":"https:\/\/jornalfatosenoticias.com.br\/?s={search_term_string}"},"query-input":{"@type":"PropertyValueSpecification","valueRequired":true,"valueName":"search_term_string"}}],"inLanguage":"pt-BR"},{"@type":"Organization","@id":"https:\/\/jornalfatosenoticias.com.br\/#organization","name":"Jornal Fatos e Not\u00edcias","url":"https:\/\/jornalfatosenoticias.com.br\/","logo":{"@type":"ImageObject","inLanguage":"pt-BR","@id":"https:\/\/jornalfatosenoticias.com.br\/#\/schema\/logo\/image\/","url":"https:\/\/jornalfatosenoticias.com.br\/wp-content\/uploads\/2020\/02\/logo120.png","contentUrl":"https:\/\/jornalfatosenoticias.com.br\/wp-content\/uploads\/2020\/02\/logo120.png","width":1227,"height":120,"caption":"Jornal Fatos e Not\u00edcias"},"image":{"@id":"https:\/\/jornalfatosenoticias.com.br\/#\/schema\/logo\/image\/"}},{"@type":"Person","@id":"https:\/\/jornalfatosenoticias.com.br\/#\/schema\/person\/d63837fa13ac8666eb9e74e0985d6f81","name":"Luzimara Fernandes","image":{"@type":"ImageObject","inLanguage":"pt-BR","@id":"https:\/\/jornalfatosenoticias.com.br\/#\/schema\/person\/image\/","url":"https:\/\/jornalfatosenoticias.com.br\/wp-content\/uploads\/2025\/05\/EU_portal.jpg","contentUrl":"https:\/\/jornalfatosenoticias.com.br\/wp-content\/uploads\/2025\/05\/EU_portal.jpg","caption":"Luzimara Fernandes"},"description":"Jornalista MTB 2358-ES","sameAs":["https:\/\/jornalfatosenoticias.com.br"],"url":"https:\/\/jornalfatosenoticias.com.br\/index.php\/author\/luzimara\/"}]}},"cc_featured_image_caption":{"caption_text":"(Foto: Jefferson Rudy\/Ag\u00eancia Senado)","source_text":"","source_url":""},"jetpack_featured_media_url":"https:\/\/jornalfatosenoticias.com.br\/wp-content\/uploads\/2023\/02\/plinio-valerio.jpg","_links":{"self":[{"href":"https:\/\/jornalfatosenoticias.com.br\/index.php\/wp-json\/wp\/v2\/posts\/38887","targetHints":{"allow":["GET"]}}],"collection":[{"href":"https:\/\/jornalfatosenoticias.com.br\/index.php\/wp-json\/wp\/v2\/posts"}],"about":[{"href":"https:\/\/jornalfatosenoticias.com.br\/index.php\/wp-json\/wp\/v2\/types\/post"}],"author":[{"embeddable":true,"href":"https:\/\/jornalfatosenoticias.com.br\/index.php\/wp-json\/wp\/v2\/users\/2"}],"replies":[{"embeddable":true,"href":"https:\/\/jornalfatosenoticias.com.br\/index.php\/wp-json\/wp\/v2\/comments?post=38887"}],"version-history":[{"count":0,"href":"https:\/\/jornalfatosenoticias.com.br\/index.php\/wp-json\/wp\/v2\/posts\/38887\/revisions"}],"wp:featuredmedia":[{"embeddable":true,"href":"https:\/\/jornalfatosenoticias.com.br\/index.php\/wp-json\/wp\/v2\/media\/38888"}],"wp:attachment":[{"href":"https:\/\/jornalfatosenoticias.com.br\/index.php\/wp-json\/wp\/v2\/media?parent=38887"}],"wp:term":[{"taxonomy":"category","embeddable":true,"href":"https:\/\/jornalfatosenoticias.com.br\/index.php\/wp-json\/wp\/v2\/categories?post=38887"},{"taxonomy":"post_tag","embeddable":true,"href":"https:\/\/jornalfatosenoticias.com.br\/index.php\/wp-json\/wp\/v2\/tags?post=38887"}],"curies":[{"name":"wp","href":"https:\/\/api.w.org\/{rel}","templated":true}]}}