{"id":38893,"date":"2023-02-17T11:17:15","date_gmt":"2023-02-17T14:17:15","guid":{"rendered":"https:\/\/jornalfatosenoticias.com.br\/?p=38893"},"modified":"2023-02-17T11:17:16","modified_gmt":"2023-02-17T14:17:16","slug":"declaracao-de-lula-repercute-entre-congressistas-veja-as-principais-reacoes","status":"publish","type":"post","link":"https:\/\/jornalfatosenoticias.com.br\/index.php\/2023\/02\/17\/declaracao-de-lula-repercute-entre-congressistas-veja-as-principais-reacoes\/","title":{"rendered":"Declara\u00e7\u00e3o de Lula repercute entre congressistas; veja as principais rea\u00e7\u00f5es"},"content":{"rendered":"\n<p><em><span class=\"has-inline-color has-black-color\">O Conex\u00e3o Politica ouviu parlamentares conservadores que repudiam as falas do presidente da Rep\u00fablica<\/span><\/em><\/p>\n\n\n\n<div class=\"wp-block-image\"><figure class=\"aligncenter size-large\"><img loading=\"lazy\" decoding=\"async\" width=\"1024\" height=\"110\" src=\"https:\/\/jornalfatosenoticias.com.br\/wp-content\/uploads\/2022\/10\/Arte-jornal-Zucchi-1120x120_Prancheta-1-1024x110.jpg\" alt=\"\" class=\"wp-image-34772\" srcset=\"https:\/\/jornalfatosenoticias.com.br\/wp-content\/uploads\/2022\/10\/Arte-jornal-Zucchi-1120x120_Prancheta-1-1024x110.jpg 1024w, https:\/\/jornalfatosenoticias.com.br\/wp-content\/uploads\/2022\/10\/Arte-jornal-Zucchi-1120x120_Prancheta-1-300x32.jpg 300w, https:\/\/jornalfatosenoticias.com.br\/wp-content\/uploads\/2022\/10\/Arte-jornal-Zucchi-1120x120_Prancheta-1-768x82.jpg 768w, https:\/\/jornalfatosenoticias.com.br\/wp-content\/uploads\/2022\/10\/Arte-jornal-Zucchi-1120x120_Prancheta-1-1536x165.jpg 1536w, https:\/\/jornalfatosenoticias.com.br\/wp-content\/uploads\/2022\/10\/Arte-jornal-Zucchi-1120x120_Prancheta-1-2048x219.jpg 2048w\" sizes=\"auto, (max-width: 1024px) 100vw, 1024px\" \/><\/figure><\/div>\n\n\n\n<p>As recentes declara\u00e7\u00f5es de Luiz In\u00e1cio Lula da Silva (PT) est\u00e3o em alta nas redes sociais e j\u00e1 repercutem entre os Tr\u00eas Poderes, especialmente no Congresso Nacional. Lula, entre outras coisas, voltou a chamar de golpe o impeachment contra Dilma Rousseff, tamb\u00e9m do PT. Desta vez, a fala foi proferida durante a festa de anivers\u00e1rio da legenda pol\u00edtica, que aconteceu na segunda-feira (13), em Bras\u00edlia.<\/p>\n\n\n\n<div class=\"wp-block-image\"><figure class=\"aligncenter size-large\"><img loading=\"lazy\" decoding=\"async\" width=\"560\" height=\"60\" src=\"https:\/\/jornalfatosenoticias.com.br\/wp-content\/uploads\/2022\/10\/Propaganda-RC-Radiadores-Jornal_page-0001.jpg\" alt=\"\" class=\"wp-image-35270\" srcset=\"https:\/\/jornalfatosenoticias.com.br\/wp-content\/uploads\/2022\/10\/Propaganda-RC-Radiadores-Jornal_page-0001.jpg 560w, https:\/\/jornalfatosenoticias.com.br\/wp-content\/uploads\/2022\/10\/Propaganda-RC-Radiadores-Jornal_page-0001-300x32.jpg 300w\" sizes=\"auto, (max-width: 560px) 100vw, 560px\" \/><\/figure><\/div>\n\n\n\n<p>O mandat\u00e1rio, ao relembrar a trajet\u00f3ria da sigla, repetiu o que vem sendo dito por ele em diversas agendas oficiais, quando rejeita o processo legal da destitui\u00e7\u00e3o da ex-chefe da na\u00e7\u00e3o.<\/p>\n\n\n\n<div class=\"wp-block-image\"><figure class=\"aligncenter size-large\"><img loading=\"lazy\" decoding=\"async\" width=\"300\" height=\"300\" src=\"https:\/\/jornalfatosenoticias.com.br\/wp-content\/uploads\/2020\/02\/casa-do-torresmo_portal.jpg\" alt=\"\" class=\"wp-image-34472\" srcset=\"https:\/\/jornalfatosenoticias.com.br\/wp-content\/uploads\/2020\/02\/casa-do-torresmo_portal.jpg 300w, https:\/\/jornalfatosenoticias.com.br\/wp-content\/uploads\/2020\/02\/casa-do-torresmo_portal-150x150.jpg 150w\" sizes=\"auto, (max-width: 300px) 100vw, 300px\" \/><\/figure><\/div>\n\n\n\n<figure class=\"wp-block-pullquote\"><blockquote><p><span class=\"has-inline-color has-luminous-vivid-orange-color\">Tudo o que n\u00f3s fizemos em 13 anos de governo do PT foi destru\u00eddo em seis anos depois do golpe e depois do mandato de quatro anos de um genocida que haver\u00e1 de ser julgado pela quantidade de pessoas que morreram inocentes nesse Pa\u00eds&#8221;, disse o chefe do maior esc\u00e2ndalo de corrup\u00e7\u00e3o do mundo&#8221;.<\/span><\/p><\/blockquote><\/figure>\n\n\n\n<div class=\"wp-block-image\"><figure class=\"aligncenter size-large\"><img decoding=\"async\" src=\"https:\/\/jornalfatosenoticias.com.br\/wp-content\/uploads\/2020\/02\/barao-das-carnes-300x164-1.jpg\" alt=\"\" class=\"wp-image-34339\"\/><\/figure><\/div>\n\n\n\n<p>Parlamentares do espectro pol\u00edtico de direita reagiram, na ter\u00e7a-feira (14), ao tom adotado pelo l\u00edder petista durante a confraterniza\u00e7\u00e3o na capital federal. Ao Conex\u00e3o Pol\u00edtica, alguns congressistas emitiram seus posicionamentos.<\/p>\n\n\n\n<div class=\"wp-block-image\"><figure class=\"aligncenter size-large\"><img decoding=\"async\" src=\"https:\/\/jornalfatosenoticias.com.br\/wp-content\/uploads\/2020\/02\/Serra-Grande-1024x160.png\" alt=\"\" class=\"wp-image-7836\"\/><\/figure><\/div>\n\n\n\n<p><strong><span class=\"has-inline-color has-black-color\">Luiz Lima<br><\/span><\/strong>O deputado federal Luiz Lima (PL-RJ), um dos principais aliados do presidente Jair Bolsonaro, recha\u00e7ou a postura do esquerdista, afirmando que tais alega\u00e7\u00f5es atentam contra o Estado Democr\u00e1tico de Direito, al\u00e9m de representarem um ataque direto ao Legislativo, ao Judici\u00e1rio e a toda sociedade civil.<\/p>\n\n\n\n<div class=\"wp-block-image\"><figure class=\"aligncenter size-large\"><img decoding=\"async\" src=\"https:\/\/jornalfatosenoticias.com.br\/wp-content\/uploads\/2020\/02\/logo_esteio.jpg\" alt=\"\" class=\"wp-image-1214\"\/><\/figure><\/div>\n\n\n\n<figure class=\"wp-block-pullquote\"><blockquote><p><span class=\"has-inline-color has-luminous-vivid-orange-color\">Essa declara\u00e7\u00e3o do presidente Lula revela todo seu autoritarismo. \u00c9 um ataque ao Congresso Nacional, ao Supremo Tribunal Federal. \u00c9 um ataque \u00e0 sociedade brasileira, que na \u00e9poca, a imensa maioria da popula\u00e7\u00e3o brasileira pediu o afastamento da ent\u00e3o presidente Dilma. [Lula] revela todo seu desprezo ao Legislativo, ao Judici\u00e1rio&#8221;, sustentou o parlamentar, em declara\u00e7\u00e3o exclusiva ao Conex\u00e3o Pol\u00edtica. &#8220;Ele, como presidente do Brasil, al\u00e9m de n\u00e3o dizer a verdade, de esconder os fatos que levaram a ex-presidente Dilma \u00e0 ampla corrup\u00e7\u00e3o dos seus governos, despreza [tamb\u00e9m] as institui\u00e7\u00f5es, que s\u00e3o os pilares da forma\u00e7\u00e3o da democracia&#8221;, prosseguiu. &#8220;Ent\u00e3o, Lula se comporta como um verdadeiro autorit\u00e1rio&#8221;, finalizou o fluminense.<\/span><\/p><\/blockquote><\/figure>\n\n\n\n<div class=\"wp-block-image\"><figure class=\"aligncenter size-large\"><img loading=\"lazy\" decoding=\"async\" width=\"1024\" height=\"100\" src=\"https:\/\/jornalfatosenoticias.com.br\/wp-content\/uploads\/2022\/05\/NOVA-LOGO-CESCONETTO-1024x100.jpg\" alt=\"\" class=\"wp-image-30792\" srcset=\"https:\/\/jornalfatosenoticias.com.br\/wp-content\/uploads\/2022\/05\/NOVA-LOGO-CESCONETTO-1024x100.jpg 1024w, https:\/\/jornalfatosenoticias.com.br\/wp-content\/uploads\/2022\/05\/NOVA-LOGO-CESCONETTO-300x29.jpg 300w, https:\/\/jornalfatosenoticias.com.br\/wp-content\/uploads\/2022\/05\/NOVA-LOGO-CESCONETTO-768x75.jpg 768w, https:\/\/jornalfatosenoticias.com.br\/wp-content\/uploads\/2022\/05\/NOVA-LOGO-CESCONETTO.jpg 1280w\" sizes=\"auto, (max-width: 1024px) 100vw, 1024px\" \/><\/figure><\/div>\n\n\n\n<p><strong><span class=\"has-inline-color has-black-color\">Paulo Bilynskyj<br><\/span><\/strong>O delegado Paulo Francisco Muniz Bilynskyj (PL-SP), por sua vez, diz estar convicto de que o lulopetismo busca reescrever a hist\u00f3ria e tem atuado com ataques \u00e0s institui\u00e7\u00f5es.<\/p>\n\n\n\n<div class=\"wp-block-image\"><figure class=\"aligncenter size-large is-resized\"><img loading=\"lazy\" decoding=\"async\" src=\"https:\/\/jornalfatosenoticias.com.br\/wp-content\/uploads\/2022\/02\/Precisao-Contabilidade-1024x724.jpg\" alt=\"\" class=\"wp-image-28088\" width=\"367\" height=\"260\"\/><\/figure><\/div>\n\n\n\n<figure class=\"wp-block-pullquote\"><blockquote><p><span class=\"has-inline-color has-luminous-vivid-orange-color\">O PT, como toda organiza\u00e7\u00e3o comunista, desrespeita nossa democracia, ataca as institui\u00e7\u00f5es e tenta reescrever a hist\u00f3ria \u00e0 for\u00e7a para distorcer a realidade, mas n\u00e3o iremos permitir. Dilma Rousseff foi um desastre na hist\u00f3ria de nosso pa\u00eds e os motivos de seu afastamento ser\u00e3o preservados para as futuras gera\u00e7\u00f5es&#8221;, disse Bilynskyj, destacando que apoia os pedidos de impeachment j\u00e1 protocolados na Casa.<\/span><\/p><\/blockquote><\/figure>\n\n\n\n<div class=\"wp-block-image\"><figure class=\"aligncenter size-large\"><img loading=\"lazy\" decoding=\"async\" width=\"1024\" height=\"111\" src=\"https:\/\/jornalfatosenoticias.com.br\/wp-content\/uploads\/2020\/02\/WhatsApp-Image-2022-09-23-at-12.09.18-1024x111.jpeg\" alt=\"\" class=\"wp-image-34527\" srcset=\"https:\/\/jornalfatosenoticias.com.br\/wp-content\/uploads\/2020\/02\/WhatsApp-Image-2022-09-23-at-12.09.18-1024x111.jpeg 1024w, https:\/\/jornalfatosenoticias.com.br\/wp-content\/uploads\/2020\/02\/WhatsApp-Image-2022-09-23-at-12.09.18-300x32.jpeg 300w, https:\/\/jornalfatosenoticias.com.br\/wp-content\/uploads\/2020\/02\/WhatsApp-Image-2022-09-23-at-12.09.18-768x83.jpeg 768w, https:\/\/jornalfatosenoticias.com.br\/wp-content\/uploads\/2020\/02\/WhatsApp-Image-2022-09-23-at-12.09.18.jpeg 1121w\" sizes=\"auto, (max-width: 1024px) 100vw, 1024px\" \/><\/figure><\/div>\n\n\n\n<p><strong><span class=\"has-inline-color has-black-color\">S\u00edlvia Wai\u00e3pi<br><\/span><\/strong>Ligada ao grupo de mulheres ind\u00edgenas, a deputada S\u00edlvia Nobre Wai\u00e3pi (PL-AP) enquadrou o pronunciamento do petista como \u201cmentiroso\u201d, de um \u201cpresidente que foge da liturgia do cargo\u201d e que, por consequ\u00eancia, \u201co parlamento precisa dar uma resposta a isso\u201d.<\/p>\n\n\n\n<div class=\"wp-block-image\"><figure class=\"aligncenter size-large is-resized\"><img loading=\"lazy\" decoding=\"async\" src=\"https:\/\/jornalfatosenoticias.com.br\/wp-content\/uploads\/2020\/02\/nova-logo-Marquetti.jpg\" alt=\"\" class=\"wp-image-22331\" width=\"311\" height=\"209\" srcset=\"https:\/\/jornalfatosenoticias.com.br\/wp-content\/uploads\/2020\/02\/nova-logo-Marquetti.jpg 643w, https:\/\/jornalfatosenoticias.com.br\/wp-content\/uploads\/2020\/02\/nova-logo-Marquetti-300x202.jpg 300w\" sizes=\"auto, (max-width: 311px) 100vw, 311px\" \/><\/figure><\/div>\n\n\n\n<figure class=\"wp-block-pullquote\"><blockquote><p><span class=\"has-inline-color has-luminous-vivid-orange-color\">[Lula] age de m\u00e1-f\u00e9 e desconsidera toda credibilidade de um Congresso que aprovou o processo de afastamento [de Dilma]. Ele age na contram\u00e3o da democracia e viola Estado Democr\u00e1tico de Direito&#8221;, contestou.<\/span><\/p><\/blockquote><\/figure>\n\n\n\n<div class=\"wp-block-image\"><figure class=\"aligncenter size-large\"><img loading=\"lazy\" decoding=\"async\" width=\"729\" height=\"90\" src=\"https:\/\/jornalfatosenoticias.com.br\/wp-content\/uploads\/2020\/02\/Logo_Mizu.png\" alt=\"\" class=\"wp-image-1441\" srcset=\"https:\/\/jornalfatosenoticias.com.br\/wp-content\/uploads\/2020\/02\/Logo_Mizu.png 729w, https:\/\/jornalfatosenoticias.com.br\/wp-content\/uploads\/2020\/02\/Logo_Mizu-300x37.png 300w\" sizes=\"auto, (max-width: 729px) 100vw, 729px\" \/><\/figure><\/div>\n\n\n\n<p><strong><span class=\"has-inline-color has-black-color\">Sargento Gon\u00e7alves<br><\/span><\/strong>O deputado federal Sargento Evandro Gon\u00e7alves (PL-RN) classificou as manifesta\u00e7\u00f5es do mandat\u00e1rio como \u201cinconsequentes\u201d. Segundo o potiguar, por muito menos outras autoridades t\u00eam sido responsabilizadas por atos tidos como antidemocr\u00e1ticos.<\/p>\n\n\n\n<div class=\"wp-block-image\"><figure class=\"aligncenter size-large is-resized\"><img loading=\"lazy\" decoding=\"async\" src=\"https:\/\/jornalfatosenoticias.com.br\/wp-content\/uploads\/2022\/08\/logo-locau-veiculos-1024x573.png\" alt=\"\" class=\"wp-image-33078\" width=\"318\" height=\"177\"\/><\/figure><\/div>\n\n\n\n<figure class=\"wp-block-pullquote\"><blockquote><p><span class=\"has-inline-color has-luminous-vivid-orange-color\">Fala inconsequente, irrespons\u00e1vel, por parte de um chefe de Estado, de governo, e s\u00f3 demonstra quem ele \u00e9, e o que essas pessoas que est\u00e3o no poder, infelizmente, s\u00e3o. \u00c0s vezes, um deputado tem uma declara\u00e7\u00e3o bem menos ofensiva a democracia e \u00e9 taxado como antidemocr\u00e1tico, revolucion\u00e1rio, revoltoso. A\u00ed, a gente v\u00ea um presidente da Rep\u00fablica acusar um ato que foi cheio de legalidades e que contou com a participa\u00e7\u00e3o do Congresso, do Supremo&#8221;, rebateu o militar.<\/span><\/p><\/blockquote><\/figure>\n\n\n\n<div class=\"wp-block-image\"><figure class=\"aligncenter size-large\"><img decoding=\"async\" src=\"https:\/\/jornalfatosenoticias.com.br\/wp-content\/uploads\/2020\/02\/logo-embacia-1-1024x110.jpg\" alt=\"\" class=\"wp-image-33954\"\/><\/figure><\/div>\n\n\n\n<p><strong><span class=\"has-inline-color has-black-color\">Marco Feliciano<br><\/span><\/strong>J\u00e1 o deputado Marco Ant\u00f4nio Feliciano (PL-SP) frisa que Lula \u201cn\u00e3o demonstra ser o democrata que tanto reverbera ser\u201d, visto que tenta emplacar a narrativa de que a ex-presidente foi v\u00edtima de uma usurpa\u00e7\u00e3o do poder, sem ser submetida ao devido processo legal, mediante o que consta na lei.<\/p>\n\n\n\n<div class=\"wp-block-image\"><figure class=\"aligncenter size-large is-resized\"><img loading=\"lazy\" decoding=\"async\" src=\"https:\/\/jornalfatosenoticias.com.br\/wp-content\/uploads\/2020\/02\/logo-clinica-limoeiro.jpg\" alt=\"\" class=\"wp-image-34610\" width=\"271\" height=\"192\"\/><\/figure><\/div>\n\n\n\n<figure class=\"wp-block-pullquote\"><blockquote><p><span class=\"has-inline-color has-luminous-vivid-orange-color\">As recorrentes declara\u00e7\u00f5es quanto ao impeachment de Dilma, chamando de golpe, \u00e9 um ultraje \u00e0 Carta Pol\u00edtica do Pa\u00eds e ao Estado democr\u00e1tico de direito, pois n\u00e3o houve nenhum golpe. Golpe \u00e9 uma express\u00e3o que aponta para a ruptura da democracia, em que se utiliza de meios esp\u00farios e il\u00edcitos para usurpar o poder. O processo de impeachment de Dilma se deu dentro dos ditames legais, com fulcro na Constitui\u00e7\u00e3o, art. 51, inciso I, em que a C\u00e2mara considerou que ela havia perpetrado crime de responsabilidade, autorizando assim a instaura\u00e7\u00e3o do processo de impeachment. Assim, ficou reconhecido o crime de responsabilidade, conforme preceitua o art. 52, inciso I, da Constitui\u00e7\u00e3o, pelas pedaladas fiscais&#8221;, real\u00e7ou.<\/span><\/p><\/blockquote><\/figure>\n\n\n\n<div class=\"wp-block-image\"><figure class=\"aligncenter size-large\"><img loading=\"lazy\" decoding=\"async\" width=\"300\" height=\"250\" src=\"https:\/\/jornalfatosenoticias.com.br\/wp-content\/uploads\/2022\/08\/arte-Casarao.jpg\" alt=\"\" class=\"wp-image-33178\"\/><\/figure><\/div>\n\n\n\n<figure class=\"wp-block-pullquote\"><blockquote><p><span class=\"has-inline-color has-luminous-vivid-orange-color\">\u00c9 importante esclarecer que nenhum congressista praticou golpe. Fizemos o que achamos que devir\u00edamos fazer, alicer\u00e7ados na Carta Magna. O Lula, se tivesse um pouco de recato, deveria parar de voltar ao passado com discurso aleivoso. Ele deve fazer o que professa demasiadamente: respeitar a Constitui\u00e7\u00e3o e a independ\u00eancia dos poderes da Rep\u00fablica. Por mais que eu deseje que ele cesse as suas falas permeadas de rancor e vingan\u00e7a, acho dif\u00edcil que isso se concretize, pois fazer com que algu\u00e9m pense que o errado \u00e9 o certo e o certo \u00e9 o errado \u00e9 uma t\u00e1tica nefasta da esquerda comunista&#8221;, completou Feliciano.<\/span><\/p><\/blockquote><\/figure>\n\n\n\n<p><strong><em>Fonte: <a href=\"https:\/\/www.conexaopolitica.com.br\/congresso\/declaracao-de-lula-repercute-entre-congressistas-veja-as-principais-reacoes\/\">Conex\u00e3o Pol\u00edtica<\/a><\/em><\/strong><\/p>\n","protected":false},"excerpt":{"rendered":"<p>O Conex\u00e3o Politica ouviu parlamentares conservadores que repudiam as falas do presidente da Rep\u00fablica As recentes declara\u00e7\u00f5es de Luiz In\u00e1cio Lula da Silva (PT) est\u00e3o em alta nas redes sociais e j\u00e1 repercutem entre os Tr\u00eas Poderes, especialmente no Congresso Nacional. Lula, entre outras coisas, voltou a chamar de golpe o impeachment contra Dilma Rousseff, [&hellip;]<\/p>\n","protected":false},"author":2,"featured_media":38894,"comment_status":"open","ping_status":"open","sticky":false,"template":"","format":"standard","meta":{"footnotes":""},"categories":[10],"tags":[2129,11823,13991,18195,2140,7580],"class_list":["post-38893","post","type-post","status-publish","format-standard","has-post-thumbnail","hentry","category-politica","tag-corrupcao","tag-deputados","tag-dilma-rousseff","tag-golpe","tag-impeachment","tag-lula"],"yoast_head":"<!-- This site is optimized with the Yoast SEO plugin v26.5 - https:\/\/yoast.com\/wordpress\/plugins\/seo\/ -->\n<title>Declara\u00e7\u00e3o de Lula repercute entre congressistas; veja as principais rea\u00e7\u00f5es - Jornal Fatos e Not\u00edcias<\/title>\n<meta name=\"robots\" content=\"index, follow, max-snippet:-1, max-image-preview:large, max-video-preview:-1\" \/>\n<link rel=\"canonical\" href=\"https:\/\/jornalfatosenoticias.com.br\/index.php\/2023\/02\/17\/declaracao-de-lula-repercute-entre-congressistas-veja-as-principais-reacoes\/\" \/>\n<meta property=\"og:locale\" content=\"pt_BR\" \/>\n<meta property=\"og:type\" content=\"article\" \/>\n<meta property=\"og:title\" content=\"Declara\u00e7\u00e3o de Lula repercute entre congressistas; veja as principais rea\u00e7\u00f5es - Jornal Fatos e Not\u00edcias\" \/>\n<meta property=\"og:description\" content=\"O Conex\u00e3o Politica ouviu parlamentares conservadores que repudiam as falas do presidente da Rep\u00fablica As recentes declara\u00e7\u00f5es de Luiz In\u00e1cio Lula da Silva (PT) est\u00e3o em alta nas redes sociais e j\u00e1 repercutem entre os Tr\u00eas Poderes, especialmente no Congresso Nacional. Lula, entre outras coisas, voltou a chamar de golpe o impeachment contra Dilma Rousseff, [&hellip;]\" \/>\n<meta property=\"og:url\" content=\"https:\/\/jornalfatosenoticias.com.br\/index.php\/2023\/02\/17\/declaracao-de-lula-repercute-entre-congressistas-veja-as-principais-reacoes\/\" \/>\n<meta property=\"og:site_name\" content=\"Jornal Fatos e Not\u00edcias\" \/>\n<meta property=\"article:published_time\" content=\"2023-02-17T14:17:15+00:00\" \/>\n<meta property=\"article:modified_time\" content=\"2023-02-17T14:17:16+00:00\" \/>\n<meta property=\"og:image\" content=\"https:\/\/jornalfatosenoticias.com.br\/wp-content\/uploads\/2023\/02\/lula-marques-nine.jpg\" \/>\n\t<meta property=\"og:image:width\" content=\"1000\" \/>\n\t<meta property=\"og:image:height\" content=\"626\" \/>\n\t<meta property=\"og:image:type\" content=\"image\/jpeg\" \/>\n<meta name=\"author\" content=\"Luzimara Fernandes\" \/>\n<meta name=\"twitter:card\" content=\"summary_large_image\" \/>\n<meta name=\"twitter:label1\" content=\"Escrito por\" \/>\n\t<meta name=\"twitter:data1\" content=\"Luzimara Fernandes\" \/>\n\t<meta name=\"twitter:label2\" content=\"Est. tempo de leitura\" \/>\n\t<meta name=\"twitter:data2\" content=\"5 minutos\" \/>\n<script type=\"application\/ld+json\" class=\"yoast-schema-graph\">{\"@context\":\"https:\/\/schema.org\",\"@graph\":[{\"@type\":\"Article\",\"@id\":\"https:\/\/jornalfatosenoticias.com.br\/index.php\/2023\/02\/17\/declaracao-de-lula-repercute-entre-congressistas-veja-as-principais-reacoes\/#article\",\"isPartOf\":{\"@id\":\"https:\/\/jornalfatosenoticias.com.br\/index.php\/2023\/02\/17\/declaracao-de-lula-repercute-entre-congressistas-veja-as-principais-reacoes\/\"},\"author\":{\"name\":\"Luzimara Fernandes\",\"@id\":\"https:\/\/jornalfatosenoticias.com.br\/#\/schema\/person\/d63837fa13ac8666eb9e74e0985d6f81\"},\"headline\":\"Declara\u00e7\u00e3o de Lula repercute entre congressistas; veja as principais rea\u00e7\u00f5es\",\"datePublished\":\"2023-02-17T14:17:15+00:00\",\"dateModified\":\"2023-02-17T14:17:16+00:00\",\"mainEntityOfPage\":{\"@id\":\"https:\/\/jornalfatosenoticias.com.br\/index.php\/2023\/02\/17\/declaracao-de-lula-repercute-entre-congressistas-veja-as-principais-reacoes\/\"},\"wordCount\":996,\"commentCount\":0,\"publisher\":{\"@id\":\"https:\/\/jornalfatosenoticias.com.br\/#organization\"},\"image\":{\"@id\":\"https:\/\/jornalfatosenoticias.com.br\/index.php\/2023\/02\/17\/declaracao-de-lula-repercute-entre-congressistas-veja-as-principais-reacoes\/#primaryimage\"},\"thumbnailUrl\":\"https:\/\/jornalfatosenoticias.com.br\/wp-content\/uploads\/2023\/02\/lula-marques-nine.jpg\",\"keywords\":[\"corrup\u00e7\u00e3o\",\"deputados\",\"Dilma Rousseff\",\"golpe\",\"impeachment\",\"Lula\"],\"articleSection\":[\"Pol\u00edtica\"],\"inLanguage\":\"pt-BR\",\"potentialAction\":[{\"@type\":\"CommentAction\",\"name\":\"Comment\",\"target\":[\"https:\/\/jornalfatosenoticias.com.br\/index.php\/2023\/02\/17\/declaracao-de-lula-repercute-entre-congressistas-veja-as-principais-reacoes\/#respond\"]}]},{\"@type\":\"WebPage\",\"@id\":\"https:\/\/jornalfatosenoticias.com.br\/index.php\/2023\/02\/17\/declaracao-de-lula-repercute-entre-congressistas-veja-as-principais-reacoes\/\",\"url\":\"https:\/\/jornalfatosenoticias.com.br\/index.php\/2023\/02\/17\/declaracao-de-lula-repercute-entre-congressistas-veja-as-principais-reacoes\/\",\"name\":\"Declara\u00e7\u00e3o de Lula repercute entre congressistas; veja as principais rea\u00e7\u00f5es - Jornal Fatos e Not\u00edcias\",\"isPartOf\":{\"@id\":\"https:\/\/jornalfatosenoticias.com.br\/#website\"},\"primaryImageOfPage\":{\"@id\":\"https:\/\/jornalfatosenoticias.com.br\/index.php\/2023\/02\/17\/declaracao-de-lula-repercute-entre-congressistas-veja-as-principais-reacoes\/#primaryimage\"},\"image\":{\"@id\":\"https:\/\/jornalfatosenoticias.com.br\/index.php\/2023\/02\/17\/declaracao-de-lula-repercute-entre-congressistas-veja-as-principais-reacoes\/#primaryimage\"},\"thumbnailUrl\":\"https:\/\/jornalfatosenoticias.com.br\/wp-content\/uploads\/2023\/02\/lula-marques-nine.jpg\",\"datePublished\":\"2023-02-17T14:17:15+00:00\",\"dateModified\":\"2023-02-17T14:17:16+00:00\",\"breadcrumb\":{\"@id\":\"https:\/\/jornalfatosenoticias.com.br\/index.php\/2023\/02\/17\/declaracao-de-lula-repercute-entre-congressistas-veja-as-principais-reacoes\/#breadcrumb\"},\"inLanguage\":\"pt-BR\",\"potentialAction\":[{\"@type\":\"ReadAction\",\"target\":[\"https:\/\/jornalfatosenoticias.com.br\/index.php\/2023\/02\/17\/declaracao-de-lula-repercute-entre-congressistas-veja-as-principais-reacoes\/\"]}]},{\"@type\":\"ImageObject\",\"inLanguage\":\"pt-BR\",\"@id\":\"https:\/\/jornalfatosenoticias.com.br\/index.php\/2023\/02\/17\/declaracao-de-lula-repercute-entre-congressistas-veja-as-principais-reacoes\/#primaryimage\",\"url\":\"https:\/\/jornalfatosenoticias.com.br\/wp-content\/uploads\/2023\/02\/lula-marques-nine.jpg\",\"contentUrl\":\"https:\/\/jornalfatosenoticias.com.br\/wp-content\/uploads\/2023\/02\/lula-marques-nine.jpg\",\"width\":1000,\"height\":626},{\"@type\":\"BreadcrumbList\",\"@id\":\"https:\/\/jornalfatosenoticias.com.br\/index.php\/2023\/02\/17\/declaracao-de-lula-repercute-entre-congressistas-veja-as-principais-reacoes\/#breadcrumb\",\"itemListElement\":[{\"@type\":\"ListItem\",\"position\":1,\"name\":\"In\u00edcio\",\"item\":\"https:\/\/jornalfatosenoticias.com.br\/\"},{\"@type\":\"ListItem\",\"position\":2,\"name\":\"Declara\u00e7\u00e3o de Lula repercute entre congressistas; veja as principais rea\u00e7\u00f5es\"}]},{\"@type\":\"WebSite\",\"@id\":\"https:\/\/jornalfatosenoticias.com.br\/#website\",\"url\":\"https:\/\/jornalfatosenoticias.com.br\/\",\"name\":\"Jornal Fatos e Not\u00edcias\",\"description\":\"Not\u00edcias em geral\",\"publisher\":{\"@id\":\"https:\/\/jornalfatosenoticias.com.br\/#organization\"},\"potentialAction\":[{\"@type\":\"SearchAction\",\"target\":{\"@type\":\"EntryPoint\",\"urlTemplate\":\"https:\/\/jornalfatosenoticias.com.br\/?s={search_term_string}\"},\"query-input\":{\"@type\":\"PropertyValueSpecification\",\"valueRequired\":true,\"valueName\":\"search_term_string\"}}],\"inLanguage\":\"pt-BR\"},{\"@type\":\"Organization\",\"@id\":\"https:\/\/jornalfatosenoticias.com.br\/#organization\",\"name\":\"Jornal Fatos e Not\u00edcias\",\"url\":\"https:\/\/jornalfatosenoticias.com.br\/\",\"logo\":{\"@type\":\"ImageObject\",\"inLanguage\":\"pt-BR\",\"@id\":\"https:\/\/jornalfatosenoticias.com.br\/#\/schema\/logo\/image\/\",\"url\":\"https:\/\/jornalfatosenoticias.com.br\/wp-content\/uploads\/2020\/02\/logo120.png\",\"contentUrl\":\"https:\/\/jornalfatosenoticias.com.br\/wp-content\/uploads\/2020\/02\/logo120.png\",\"width\":1227,\"height\":120,\"caption\":\"Jornal Fatos e Not\u00edcias\"},\"image\":{\"@id\":\"https:\/\/jornalfatosenoticias.com.br\/#\/schema\/logo\/image\/\"}},{\"@type\":\"Person\",\"@id\":\"https:\/\/jornalfatosenoticias.com.br\/#\/schema\/person\/d63837fa13ac8666eb9e74e0985d6f81\",\"name\":\"Luzimara Fernandes\",\"image\":{\"@type\":\"ImageObject\",\"inLanguage\":\"pt-BR\",\"@id\":\"https:\/\/jornalfatosenoticias.com.br\/#\/schema\/person\/image\/\",\"url\":\"https:\/\/jornalfatosenoticias.com.br\/wp-content\/uploads\/2025\/05\/EU_portal.jpg\",\"contentUrl\":\"https:\/\/jornalfatosenoticias.com.br\/wp-content\/uploads\/2025\/05\/EU_portal.jpg\",\"caption\":\"Luzimara Fernandes\"},\"description\":\"Jornalista MTB 2358-ES\",\"sameAs\":[\"https:\/\/jornalfatosenoticias.com.br\"],\"url\":\"https:\/\/jornalfatosenoticias.com.br\/index.php\/author\/luzimara\/\"}]}<\/script>\n<!-- \/ Yoast SEO plugin. -->","yoast_head_json":{"title":"Declara\u00e7\u00e3o de Lula repercute entre congressistas; veja as principais rea\u00e7\u00f5es - Jornal Fatos e Not\u00edcias","robots":{"index":"index","follow":"follow","max-snippet":"max-snippet:-1","max-image-preview":"max-image-preview:large","max-video-preview":"max-video-preview:-1"},"canonical":"https:\/\/jornalfatosenoticias.com.br\/index.php\/2023\/02\/17\/declaracao-de-lula-repercute-entre-congressistas-veja-as-principais-reacoes\/","og_locale":"pt_BR","og_type":"article","og_title":"Declara\u00e7\u00e3o de Lula repercute entre congressistas; veja as principais rea\u00e7\u00f5es - Jornal Fatos e Not\u00edcias","og_description":"O Conex\u00e3o Politica ouviu parlamentares conservadores que repudiam as falas do presidente da Rep\u00fablica As recentes declara\u00e7\u00f5es de Luiz In\u00e1cio Lula da Silva (PT) est\u00e3o em alta nas redes sociais e j\u00e1 repercutem entre os Tr\u00eas Poderes, especialmente no Congresso Nacional. Lula, entre outras coisas, voltou a chamar de golpe o impeachment contra Dilma Rousseff, [&hellip;]","og_url":"https:\/\/jornalfatosenoticias.com.br\/index.php\/2023\/02\/17\/declaracao-de-lula-repercute-entre-congressistas-veja-as-principais-reacoes\/","og_site_name":"Jornal Fatos e Not\u00edcias","article_published_time":"2023-02-17T14:17:15+00:00","article_modified_time":"2023-02-17T14:17:16+00:00","og_image":[{"width":1000,"height":626,"url":"https:\/\/jornalfatosenoticias.com.br\/wp-content\/uploads\/2023\/02\/lula-marques-nine.jpg","type":"image\/jpeg"}],"author":"Luzimara Fernandes","twitter_card":"summary_large_image","twitter_misc":{"Escrito por":"Luzimara Fernandes","Est. tempo de leitura":"5 minutos"},"schema":{"@context":"https:\/\/schema.org","@graph":[{"@type":"Article","@id":"https:\/\/jornalfatosenoticias.com.br\/index.php\/2023\/02\/17\/declaracao-de-lula-repercute-entre-congressistas-veja-as-principais-reacoes\/#article","isPartOf":{"@id":"https:\/\/jornalfatosenoticias.com.br\/index.php\/2023\/02\/17\/declaracao-de-lula-repercute-entre-congressistas-veja-as-principais-reacoes\/"},"author":{"name":"Luzimara Fernandes","@id":"https:\/\/jornalfatosenoticias.com.br\/#\/schema\/person\/d63837fa13ac8666eb9e74e0985d6f81"},"headline":"Declara\u00e7\u00e3o de Lula repercute entre congressistas; veja as principais rea\u00e7\u00f5es","datePublished":"2023-02-17T14:17:15+00:00","dateModified":"2023-02-17T14:17:16+00:00","mainEntityOfPage":{"@id":"https:\/\/jornalfatosenoticias.com.br\/index.php\/2023\/02\/17\/declaracao-de-lula-repercute-entre-congressistas-veja-as-principais-reacoes\/"},"wordCount":996,"commentCount":0,"publisher":{"@id":"https:\/\/jornalfatosenoticias.com.br\/#organization"},"image":{"@id":"https:\/\/jornalfatosenoticias.com.br\/index.php\/2023\/02\/17\/declaracao-de-lula-repercute-entre-congressistas-veja-as-principais-reacoes\/#primaryimage"},"thumbnailUrl":"https:\/\/jornalfatosenoticias.com.br\/wp-content\/uploads\/2023\/02\/lula-marques-nine.jpg","keywords":["corrup\u00e7\u00e3o","deputados","Dilma Rousseff","golpe","impeachment","Lula"],"articleSection":["Pol\u00edtica"],"inLanguage":"pt-BR","potentialAction":[{"@type":"CommentAction","name":"Comment","target":["https:\/\/jornalfatosenoticias.com.br\/index.php\/2023\/02\/17\/declaracao-de-lula-repercute-entre-congressistas-veja-as-principais-reacoes\/#respond"]}]},{"@type":"WebPage","@id":"https:\/\/jornalfatosenoticias.com.br\/index.php\/2023\/02\/17\/declaracao-de-lula-repercute-entre-congressistas-veja-as-principais-reacoes\/","url":"https:\/\/jornalfatosenoticias.com.br\/index.php\/2023\/02\/17\/declaracao-de-lula-repercute-entre-congressistas-veja-as-principais-reacoes\/","name":"Declara\u00e7\u00e3o de Lula repercute entre congressistas; veja as principais rea\u00e7\u00f5es - Jornal Fatos e Not\u00edcias","isPartOf":{"@id":"https:\/\/jornalfatosenoticias.com.br\/#website"},"primaryImageOfPage":{"@id":"https:\/\/jornalfatosenoticias.com.br\/index.php\/2023\/02\/17\/declaracao-de-lula-repercute-entre-congressistas-veja-as-principais-reacoes\/#primaryimage"},"image":{"@id":"https:\/\/jornalfatosenoticias.com.br\/index.php\/2023\/02\/17\/declaracao-de-lula-repercute-entre-congressistas-veja-as-principais-reacoes\/#primaryimage"},"thumbnailUrl":"https:\/\/jornalfatosenoticias.com.br\/wp-content\/uploads\/2023\/02\/lula-marques-nine.jpg","datePublished":"2023-02-17T14:17:15+00:00","dateModified":"2023-02-17T14:17:16+00:00","breadcrumb":{"@id":"https:\/\/jornalfatosenoticias.com.br\/index.php\/2023\/02\/17\/declaracao-de-lula-repercute-entre-congressistas-veja-as-principais-reacoes\/#breadcrumb"},"inLanguage":"pt-BR","potentialAction":[{"@type":"ReadAction","target":["https:\/\/jornalfatosenoticias.com.br\/index.php\/2023\/02\/17\/declaracao-de-lula-repercute-entre-congressistas-veja-as-principais-reacoes\/"]}]},{"@type":"ImageObject","inLanguage":"pt-BR","@id":"https:\/\/jornalfatosenoticias.com.br\/index.php\/2023\/02\/17\/declaracao-de-lula-repercute-entre-congressistas-veja-as-principais-reacoes\/#primaryimage","url":"https:\/\/jornalfatosenoticias.com.br\/wp-content\/uploads\/2023\/02\/lula-marques-nine.jpg","contentUrl":"https:\/\/jornalfatosenoticias.com.br\/wp-content\/uploads\/2023\/02\/lula-marques-nine.jpg","width":1000,"height":626},{"@type":"BreadcrumbList","@id":"https:\/\/jornalfatosenoticias.com.br\/index.php\/2023\/02\/17\/declaracao-de-lula-repercute-entre-congressistas-veja-as-principais-reacoes\/#breadcrumb","itemListElement":[{"@type":"ListItem","position":1,"name":"In\u00edcio","item":"https:\/\/jornalfatosenoticias.com.br\/"},{"@type":"ListItem","position":2,"name":"Declara\u00e7\u00e3o de Lula repercute entre congressistas; veja as principais rea\u00e7\u00f5es"}]},{"@type":"WebSite","@id":"https:\/\/jornalfatosenoticias.com.br\/#website","url":"https:\/\/jornalfatosenoticias.com.br\/","name":"Jornal Fatos e Not\u00edcias","description":"Not\u00edcias em geral","publisher":{"@id":"https:\/\/jornalfatosenoticias.com.br\/#organization"},"potentialAction":[{"@type":"SearchAction","target":{"@type":"EntryPoint","urlTemplate":"https:\/\/jornalfatosenoticias.com.br\/?s={search_term_string}"},"query-input":{"@type":"PropertyValueSpecification","valueRequired":true,"valueName":"search_term_string"}}],"inLanguage":"pt-BR"},{"@type":"Organization","@id":"https:\/\/jornalfatosenoticias.com.br\/#organization","name":"Jornal Fatos e Not\u00edcias","url":"https:\/\/jornalfatosenoticias.com.br\/","logo":{"@type":"ImageObject","inLanguage":"pt-BR","@id":"https:\/\/jornalfatosenoticias.com.br\/#\/schema\/logo\/image\/","url":"https:\/\/jornalfatosenoticias.com.br\/wp-content\/uploads\/2020\/02\/logo120.png","contentUrl":"https:\/\/jornalfatosenoticias.com.br\/wp-content\/uploads\/2020\/02\/logo120.png","width":1227,"height":120,"caption":"Jornal Fatos e Not\u00edcias"},"image":{"@id":"https:\/\/jornalfatosenoticias.com.br\/#\/schema\/logo\/image\/"}},{"@type":"Person","@id":"https:\/\/jornalfatosenoticias.com.br\/#\/schema\/person\/d63837fa13ac8666eb9e74e0985d6f81","name":"Luzimara Fernandes","image":{"@type":"ImageObject","inLanguage":"pt-BR","@id":"https:\/\/jornalfatosenoticias.com.br\/#\/schema\/person\/image\/","url":"https:\/\/jornalfatosenoticias.com.br\/wp-content\/uploads\/2025\/05\/EU_portal.jpg","contentUrl":"https:\/\/jornalfatosenoticias.com.br\/wp-content\/uploads\/2025\/05\/EU_portal.jpg","caption":"Luzimara Fernandes"},"description":"Jornalista MTB 2358-ES","sameAs":["https:\/\/jornalfatosenoticias.com.br"],"url":"https:\/\/jornalfatosenoticias.com.br\/index.php\/author\/luzimara\/"}]}},"cc_featured_image_caption":{"caption_text":"(Foto: Lula Marques\/ABr)","source_text":"","source_url":""},"jetpack_featured_media_url":"https:\/\/jornalfatosenoticias.com.br\/wp-content\/uploads\/2023\/02\/lula-marques-nine.jpg","_links":{"self":[{"href":"https:\/\/jornalfatosenoticias.com.br\/index.php\/wp-json\/wp\/v2\/posts\/38893","targetHints":{"allow":["GET"]}}],"collection":[{"href":"https:\/\/jornalfatosenoticias.com.br\/index.php\/wp-json\/wp\/v2\/posts"}],"about":[{"href":"https:\/\/jornalfatosenoticias.com.br\/index.php\/wp-json\/wp\/v2\/types\/post"}],"author":[{"embeddable":true,"href":"https:\/\/jornalfatosenoticias.com.br\/index.php\/wp-json\/wp\/v2\/users\/2"}],"replies":[{"embeddable":true,"href":"https:\/\/jornalfatosenoticias.com.br\/index.php\/wp-json\/wp\/v2\/comments?post=38893"}],"version-history":[{"count":0,"href":"https:\/\/jornalfatosenoticias.com.br\/index.php\/wp-json\/wp\/v2\/posts\/38893\/revisions"}],"wp:featuredmedia":[{"embeddable":true,"href":"https:\/\/jornalfatosenoticias.com.br\/index.php\/wp-json\/wp\/v2\/media\/38894"}],"wp:attachment":[{"href":"https:\/\/jornalfatosenoticias.com.br\/index.php\/wp-json\/wp\/v2\/media?parent=38893"}],"wp:term":[{"taxonomy":"category","embeddable":true,"href":"https:\/\/jornalfatosenoticias.com.br\/index.php\/wp-json\/wp\/v2\/categories?post=38893"},{"taxonomy":"post_tag","embeddable":true,"href":"https:\/\/jornalfatosenoticias.com.br\/index.php\/wp-json\/wp\/v2\/tags?post=38893"}],"curies":[{"name":"wp","href":"https:\/\/api.w.org\/{rel}","templated":true}]}}