{"id":38904,"date":"2023-02-22T09:25:36","date_gmt":"2023-02-22T12:25:36","guid":{"rendered":"https:\/\/jornalfatosenoticias.com.br\/?p=38904"},"modified":"2023-02-22T09:25:37","modified_gmt":"2023-02-22T12:25:37","slug":"cachorros-idosos-veja-dicas-para-melhorar-a-qualidade-de-vida-dos-caes-com-idade-avancada","status":"publish","type":"post","link":"https:\/\/jornalfatosenoticias.com.br\/index.php\/2023\/02\/22\/cachorros-idosos-veja-dicas-para-melhorar-a-qualidade-de-vida-dos-caes-com-idade-avancada\/","title":{"rendered":"Cachorros idosos: Veja dicas para melhorar a qualidade de vida dos c\u00e3es com idade avan\u00e7ada"},"content":{"rendered":"\n<p><em><span class=\"has-inline-color has-black-color\">Garantir uma alimenta\u00e7\u00e3o adequada e facilitar a locomo\u00e7\u00e3o do animal s\u00e3o algumas maneiras de prevenir doen\u00e7as nos bichinhos<\/span><\/em><\/p>\n\n\n\n<div class=\"wp-block-image\"><figure class=\"aligncenter size-large\"><img loading=\"lazy\" decoding=\"async\" width=\"1024\" height=\"100\" src=\"https:\/\/jornalfatosenoticias.com.br\/wp-content\/uploads\/2022\/05\/NOVA-LOGO-CESCONETTO-1024x100.jpg\" alt=\"\" class=\"wp-image-30792\" srcset=\"https:\/\/jornalfatosenoticias.com.br\/wp-content\/uploads\/2022\/05\/NOVA-LOGO-CESCONETTO-1024x100.jpg 1024w, https:\/\/jornalfatosenoticias.com.br\/wp-content\/uploads\/2022\/05\/NOVA-LOGO-CESCONETTO-300x29.jpg 300w, https:\/\/jornalfatosenoticias.com.br\/wp-content\/uploads\/2022\/05\/NOVA-LOGO-CESCONETTO-768x75.jpg 768w, https:\/\/jornalfatosenoticias.com.br\/wp-content\/uploads\/2022\/05\/NOVA-LOGO-CESCONETTO.jpg 1280w\" sizes=\"auto, (max-width: 1024px) 100vw, 1024px\" \/><\/figure><\/div>\n\n\n\n<p>Pele e pelos mais secos e esbranqui\u00e7ados, unhas fr\u00e1geis e longas, diminui\u00e7\u00e3o do apetite, perda de massa muscular, perda da vontade de brincar e passear, altera\u00e7\u00f5es odontol\u00f3gicas e altera\u00e7\u00f5es comportamentais podem ser alguns dos sinais de que seu cachorro est\u00e1 ficando idoso.<\/p>\n\n\n\n<div class=\"wp-block-image\"><figure class=\"aligncenter size-large\"><img decoding=\"async\" src=\"https:\/\/jornalfatosenoticias.com.br\/wp-content\/uploads\/2023\/02\/faserra_portal.jpg\" alt=\"\" class=\"wp-image-38905\"\/><\/figure><\/div>\n\n\n\n<p>De acordo com Gisele Starosky, m\u00e9dica veterin\u00e1ria da F\u00f3rmula Animal, \u00e9 dif\u00edcil estipular uma idade ou momento em que um c\u00e3o \u00e9 considerado idoso, por\u00e9m fatores como ra\u00e7a, porte, gen\u00e9tica e alimenta\u00e7\u00e3o podem interferir no envelhecimento do animal.<br>Explica\u00e7\u00e3o semelhante \u00e9 dada por Gabriela Moreno Pires, veterin\u00e1ria do Vet Quality Centro Veterin\u00e1rio, que aponta \u00e9 importante estar atento aos sinais para entender se a velhice j\u00e1 est\u00e1 afetando o pet.<\/p>\n\n\n\n<div class=\"wp-block-image\"><figure class=\"aligncenter size-large\"><img decoding=\"async\" src=\"https:\/\/jornalfatosenoticias.com.br\/wp-content\/uploads\/2022\/02\/Precisao-Contabilidade-1024x724.jpg\" alt=\"\" class=\"wp-image-28088\"\/><\/figure><\/div>\n\n\n\n<figure class=\"wp-block-pullquote\"><blockquote><p><span class=\"has-inline-color has-luminous-vivid-orange-color\">O que a gente sabe \u00e9 que os cachorros de pequeno porte, a partir dos 10 anos, j\u00e1 podem come\u00e7ar a apresentar problemas, enquanto os cachorros de grande porte tendem a ter um envelhecimento mais precoce, ent\u00e3o a partir dos oito anos a gente j\u00e1 consegue observar algumas altera\u00e7\u00f5es&#8221;, diz<\/span><\/p><\/blockquote><\/figure>\n\n\n\n<div class=\"wp-block-image\"><figure class=\"aligncenter size-large\"><img decoding=\"async\" src=\"https:\/\/jornalfatosenoticias.com.br\/wp-content\/uploads\/2020\/02\/logo-embacia-1-1024x110.jpg\" alt=\"\" class=\"wp-image-33954\"\/><\/figure><\/div>\n\n\n\n<p>Segundo ela, contudo, essas informa\u00e7\u00f5es n\u00e3o s\u00e3o comprovadas e, por isso, os pets precisam de um acompanhamento que identifique os problemas causados pela idade. Como, ent\u00e3o, podemos estar atentos aos sinais da velhice e garantir uma melhor qualidade de vida para os c\u00e3ezinhos que chegam \u00e0 idade avan\u00e7ada? Confira algumas dicas que separamos em nossa conversa com as especialistas:<\/p>\n\n\n\n<div class=\"wp-block-image\"><figure class=\"alignright size-large\"><img decoding=\"async\" src=\"https:\/\/jornalfatosenoticias.com.br\/wp-content\/uploads\/2020\/02\/barao-das-carnes-300x164-1.jpg\" alt=\"\" class=\"wp-image-34339\"\/><\/figure><\/div>\n\n\n\n<p><strong><span class=\"has-inline-color has-vivid-cyan-blue-color\">1. Avalia\u00e7\u00e3o m\u00e9dica frequente<br><\/span><\/strong>&#8220;N\u00e3o h\u00e1 uma rela\u00e7\u00e3o direta entre o aparecimento de doen\u00e7as e a idade dos pets, mas h\u00e1 com a frequ\u00eancia de idas ao veterin\u00e1rio&#8221;, alerta Gisele Starosky.<br>Segundo a especialista, \u00e9 importante que o c\u00e3o fa\u00e7a uma avalia\u00e7\u00e3o peri\u00f3dica e anual com um m\u00e9dico veterin\u00e1rio para garantir a preven\u00e7\u00e3o de doen\u00e7as ou um diagn\u00f3stico precoce, e com isso, aumentar o tempo de vida do animal.<br>Para Gabriela Moreno Pires, os check-ups anuais tamb\u00e9m s\u00e3o importantes para identificar altera\u00e7\u00f5es renais e card\u00edacas, que costumam aparecer com a idade avan\u00e7ada.<\/p>\n\n\n\n<div class=\"wp-block-image\"><figure class=\"aligncenter size-large\"><img decoding=\"async\" src=\"https:\/\/jornalfatosenoticias.com.br\/wp-content\/uploads\/2020\/02\/logo_esteio.jpg\" alt=\"\" class=\"wp-image-1214\"\/><\/figure><\/div>\n\n\n\n<figure class=\"wp-block-pullquote\"><blockquote><p><span class=\"has-inline-color has-luminous-vivid-orange-color\">[\u00c9 importante] acompanhar a evolu\u00e7\u00e3o das doen\u00e7as de forma din\u00e2mica para que a gente consiga entender o quanto est\u00e1 evoluindo e chegar em um diagn\u00f3stico antes que os sintomas fiquem muito graves&#8221;, completa.<\/span><\/p><\/blockquote><\/figure>\n\n\n\n<div class=\"wp-block-image\"><figure class=\"alignleft size-large is-resized\"><img decoding=\"async\" src=\"https:\/\/jornalfatosenoticias.com.br\/wp-content\/uploads\/2020\/02\/logo-clinica-limoeiro.jpg\" alt=\"\" class=\"wp-image-34610\" width=\"-66\" height=\"-47\"\/><\/figure><\/div>\n\n\n\n<p><strong><span class=\"has-inline-color has-vivid-cyan-blue-color\">2. Preven\u00e7\u00e3o e ajuda na locomo\u00e7\u00e3o<br><\/span><\/strong>A preven\u00e7\u00e3o contra doen\u00e7as ou os efeitos da velhice tamb\u00e9m podem ser inseridos no cotidiano do animal. Segundo Gabriela, a dificuldade de locomo\u00e7\u00e3o tamb\u00e9m pode acometer os bichinhos com a idade e, contra isso, algumas atitudes podem ser tomadas. Para cachorros de pequeno porte, o ideal \u00e9 evitar que eles fa\u00e7am exerc\u00edcios muito fortes.<\/p>\n\n\n\n<figure class=\"wp-block-pullquote\"><blockquote><p><span class=\"has-inline-color has-luminous-vivid-orange-color\">Aquele paciente de 1kg ou 2kg que pula no sof\u00e1 todo dia, o impacto que a coluna, o joelho e os ombros desse animal t\u00eam \u00e9 muito grande&#8221;, explica.<\/span><\/p><\/blockquote><\/figure>\n\n\n\n<div class=\"wp-block-image\"><figure class=\"aligncenter size-large is-resized\"><img loading=\"lazy\" decoding=\"async\" src=\"https:\/\/jornalfatosenoticias.com.br\/wp-content\/uploads\/2022\/08\/logo-locau-veiculos-1024x573.png\" alt=\"\" class=\"wp-image-33078\" width=\"327\" height=\"182\"\/><\/figure><\/div>\n\n\n\n<p>A veterin\u00e1ria diz que, nesses casos, \u00e9 recomendado o uso de escadinhas ou rampas, que podem ser encontradas em qualquer pet shop, para que os cachorros possam subir no sof\u00e1 ou na cama sem muito impacto.<\/p>\n\n\n\n<div class=\"wp-block-image\"><figure class=\"aligncenter size-large\"><img loading=\"lazy\" decoding=\"async\" width=\"1024\" height=\"99\" src=\"https:\/\/jornalfatosenoticias.com.br\/wp-content\/uploads\/2020\/02\/Logo-Mizu-segunda-2-1024x99.png\" alt=\"\" class=\"wp-image-2353\" srcset=\"https:\/\/jornalfatosenoticias.com.br\/wp-content\/uploads\/2020\/02\/Logo-Mizu-segunda-2-1024x99.png 1024w, https:\/\/jornalfatosenoticias.com.br\/wp-content\/uploads\/2020\/02\/Logo-Mizu-segunda-2-300x29.png 300w, https:\/\/jornalfatosenoticias.com.br\/wp-content\/uploads\/2020\/02\/Logo-Mizu-segunda-2-768x74.png 768w, https:\/\/jornalfatosenoticias.com.br\/wp-content\/uploads\/2020\/02\/Logo-Mizu-segunda-2.png 1240w\" sizes=\"auto, (max-width: 1024px) 100vw, 1024px\" \/><\/figure><\/div>\n\n\n\n<p><strong><span class=\"has-inline-color has-vivid-cyan-blue-color\">3. Alimenta\u00e7\u00e3o<br><\/span><\/strong>Outro fator que pode ter liga\u00e7\u00e3o direta com o envelhecimento saud\u00e1vel dos cachorros \u00e9 a alimenta\u00e7\u00e3o. &#8220;Como estes animais costumam ter bastante perda da massa muscular, os principais objetivos da nutri\u00e7\u00e3o de c\u00e3es e gatos nessa fase \u00e9 manter o peso corporal&#8221;, diz Gisele.<\/p>\n\n\n\n<div class=\"wp-block-image\"><figure class=\"aligncenter size-large is-resized\"><img loading=\"lazy\" decoding=\"async\" src=\"https:\/\/jornalfatosenoticias.com.br\/wp-content\/uploads\/2022\/10\/RC_800x750_page-0001.jpg\" alt=\"\" class=\"wp-image-35338\" width=\"273\" height=\"256\" srcset=\"https:\/\/jornalfatosenoticias.com.br\/wp-content\/uploads\/2022\/10\/RC_800x750_page-0001.jpg 400w, https:\/\/jornalfatosenoticias.com.br\/wp-content\/uploads\/2022\/10\/RC_800x750_page-0001-300x281.jpg 300w\" sizes=\"auto, (max-width: 273px) 100vw, 273px\" \/><\/figure><\/div>\n\n\n\n<p>A especialista explica que, com o avan\u00e7o da idade, o animal necessita de nutrientes que suplementem suas necessidades b\u00e1sicas, mas que estes devem ser de f\u00e1cil digest\u00e3o e com prote\u00ednas de alta qualidade.<br>Gabriela destaca as ra\u00e7\u00f5es super premium, que s\u00e3o mais balanceadas e feitas de prote\u00edna animal, e aponta que, caso o tutor opte por uma alimenta\u00e7\u00e3o natural (que n\u00e3o seja s\u00f3 \u00e0 base de ra\u00e7\u00e3o), que isso seja feito com o acompanhamento de um nutricionista.<\/p>\n\n\n\n<div class=\"wp-block-image\"><figure class=\"alignright size-large is-resized\"><img decoding=\"async\" src=\"https:\/\/jornalfatosenoticias.com.br\/wp-content\/uploads\/2022\/07\/Logo-Grupo-SEI.jpg\" alt=\"\" class=\"wp-image-31973\" width=\"-133\" height=\"-69\" srcset=\"https:\/\/jornalfatosenoticias.com.br\/wp-content\/uploads\/2022\/07\/Logo-Grupo-SEI.jpg 713w, https:\/\/jornalfatosenoticias.com.br\/wp-content\/uploads\/2022\/07\/Logo-Grupo-SEI-300x158.jpg 300w\" sizes=\"(max-width: 713px) 100vw, 713px\" \/><\/figure><\/div>\n\n\n\n<p><strong><span class=\"has-inline-color has-vivid-cyan-blue-color\">4. Proporcionar um ambiente adequado<br><\/span><\/strong>Caso o seu c\u00e3o tenha desenvolvido cegueira ou dificuldade na audi\u00e7\u00e3o, \u00e9 importante verificar se estes problemas surgiram exclusivamente por conta idade ou se eles est\u00e3o relacionados com alguma doen\u00e7a.<br>Feito isso, o melhor a ser feito \u00e9 proporcionar um ambiente adequado e seguro para o animal. Gabriela aponta que c\u00e3es que passaram a maior parte da vida dentro de casa se sentir\u00e3o mais confort\u00e1veis nesse ambiente.<\/p>\n\n\n\n<div class=\"wp-block-image\"><figure class=\"aligncenter size-large\"><img loading=\"lazy\" decoding=\"async\" width=\"1024\" height=\"111\" src=\"https:\/\/jornalfatosenoticias.com.br\/wp-content\/uploads\/2020\/02\/WhatsApp-Image-2022-09-23-at-12.09.18-1024x111.jpeg\" alt=\"\" class=\"wp-image-34527\" srcset=\"https:\/\/jornalfatosenoticias.com.br\/wp-content\/uploads\/2020\/02\/WhatsApp-Image-2022-09-23-at-12.09.18-1024x111.jpeg 1024w, https:\/\/jornalfatosenoticias.com.br\/wp-content\/uploads\/2020\/02\/WhatsApp-Image-2022-09-23-at-12.09.18-300x32.jpeg 300w, https:\/\/jornalfatosenoticias.com.br\/wp-content\/uploads\/2020\/02\/WhatsApp-Image-2022-09-23-at-12.09.18-768x83.jpeg 768w, https:\/\/jornalfatosenoticias.com.br\/wp-content\/uploads\/2020\/02\/WhatsApp-Image-2022-09-23-at-12.09.18.jpeg 1121w\" sizes=\"auto, (max-width: 1024px) 100vw, 1024px\" \/><\/figure><\/div>\n\n\n\n<p>Nesse sentido, tomar cuidado com altera\u00e7\u00f5es na disposi\u00e7\u00e3o dos m\u00f3veis, ficar com o animal no colo em locais que ele n\u00e3o conhece e, aos poucos, introduzi-lo a coleiras antitrauma s\u00e3o algumas das atitudes que podem ser tomadas.<\/p>\n\n\n\n<div class=\"wp-block-image\"><figure class=\"aligncenter size-large\"><img loading=\"lazy\" decoding=\"async\" width=\"300\" height=\"300\" src=\"https:\/\/jornalfatosenoticias.com.br\/wp-content\/uploads\/2020\/02\/casa-do-torresmo_portal.jpg\" alt=\"\" class=\"wp-image-34472\" srcset=\"https:\/\/jornalfatosenoticias.com.br\/wp-content\/uploads\/2020\/02\/casa-do-torresmo_portal.jpg 300w, https:\/\/jornalfatosenoticias.com.br\/wp-content\/uploads\/2020\/02\/casa-do-torresmo_portal-150x150.jpg 150w\" sizes=\"auto, (max-width: 300px) 100vw, 300px\" \/><\/figure><\/div>\n\n\n\n<figure class=\"wp-block-pullquote\"><blockquote><p><span class=\"has-inline-color has-luminous-vivid-orange-color\">Outro aspecto interessante \u00e9 deixar a comida e a \u00e1gua do animal sempre em locais acess\u00edveis e no ch\u00e3o, para facilitar a nutri\u00e7\u00e3o&#8221;, completa Gisele.<\/span><\/p><\/blockquote><\/figure>\n\n\n\n<div class=\"wp-block-image\"><figure class=\"aligncenter size-large\"><img loading=\"lazy\" decoding=\"async\" width=\"1024\" height=\"100\" src=\"https:\/\/jornalfatosenoticias.com.br\/wp-content\/uploads\/2020\/02\/banner_ferramentas-1024x100.jpg\" alt=\"\" class=\"wp-image-1258\" srcset=\"https:\/\/jornalfatosenoticias.com.br\/wp-content\/uploads\/2020\/02\/banner_ferramentas-1024x100.jpg 1024w, https:\/\/jornalfatosenoticias.com.br\/wp-content\/uploads\/2020\/02\/banner_ferramentas-300x29.jpg 300w, https:\/\/jornalfatosenoticias.com.br\/wp-content\/uploads\/2020\/02\/banner_ferramentas-768x75.jpg 768w, https:\/\/jornalfatosenoticias.com.br\/wp-content\/uploads\/2020\/02\/banner_ferramentas.jpg 1227w\" sizes=\"auto, (max-width: 1024px) 100vw, 1024px\" \/><\/figure><\/div>\n\n\n\n<p><strong><span class=\"has-inline-color has-vivid-cyan-blue-color\">5. Estipular comandos manuais<br><\/span><\/strong>Com rela\u00e7\u00e3o a problemas auditivos, uma dica fornecida por Gabriela \u00e9 come\u00e7ar a estipular comandos manuais com o seu cachorro.<\/p>\n\n\n\n<div class=\"wp-block-image\"><figure class=\"aligncenter size-large is-resized\"><img loading=\"lazy\" decoding=\"async\" src=\"https:\/\/jornalfatosenoticias.com.br\/wp-content\/uploads\/2022\/10\/Arte-jornal-Zucchi-600x600_Prancheta-1-1024x1024.jpg\" alt=\"\" class=\"wp-image-34782\" width=\"262\" height=\"262\" srcset=\"https:\/\/jornalfatosenoticias.com.br\/wp-content\/uploads\/2022\/10\/Arte-jornal-Zucchi-600x600_Prancheta-1-1024x1024.jpg 1024w, https:\/\/jornalfatosenoticias.com.br\/wp-content\/uploads\/2022\/10\/Arte-jornal-Zucchi-600x600_Prancheta-1-300x300.jpg 300w, https:\/\/jornalfatosenoticias.com.br\/wp-content\/uploads\/2022\/10\/Arte-jornal-Zucchi-600x600_Prancheta-1-150x150.jpg 150w, https:\/\/jornalfatosenoticias.com.br\/wp-content\/uploads\/2022\/10\/Arte-jornal-Zucchi-600x600_Prancheta-1-768x768.jpg 768w, https:\/\/jornalfatosenoticias.com.br\/wp-content\/uploads\/2022\/10\/Arte-jornal-Zucchi-600x600_Prancheta-1.jpg 1250w\" sizes=\"auto, (max-width: 262px) 100vw, 262px\" \/><\/figure><\/div>\n\n\n\n<figure class=\"wp-block-pullquote\"><blockquote><p><span class=\"has-inline-color has-luminous-vivid-orange-color\">Aquele comando que era a partir voz, voc\u00ea [pode] passar ele para um comando manual, como apontar ou fazer algum gesto com a m\u00e3o que o paciente entenda, para que voc\u00eas possam se comunicar melhor&#8221;, explica.<\/span><\/p><\/blockquote><\/figure>\n\n\n\n<p><strong><em>Fonte: <a href=\"https:\/\/www.terra.com.br\/vida-e-estilo\/comportamento\/cachorros-idosos-veja-dicas-para-melhorar-a-qualidade-de-vida-dos-caes-com-idade-avancada,7335cec1794e33473ebd82f13984314e49pm5uen.html\">Terra<\/a><\/em><\/strong><\/p>\n","protected":false},"excerpt":{"rendered":"<p>Garantir uma alimenta\u00e7\u00e3o adequada e facilitar a locomo\u00e7\u00e3o do animal s\u00e3o algumas maneiras de prevenir doen\u00e7as nos bichinhos Pele e pelos mais secos e esbranqui\u00e7ados, unhas fr\u00e1geis e longas, diminui\u00e7\u00e3o do apetite, perda de massa muscular, perda da vontade de brincar e passear, altera\u00e7\u00f5es odontol\u00f3gicas e altera\u00e7\u00f5es comportamentais podem ser alguns dos sinais de que [&hellip;]<\/p>\n","protected":false},"author":2,"featured_media":38906,"comment_status":"open","ping_status":"open","sticky":false,"template":"","format":"standard","meta":{"footnotes":""},"categories":[9710],"tags":[11645,4159,754,18198,5518,18200,18199],"class_list":["post-38904","post","type-post","status-publish","format-standard","has-post-thumbnail","hentry","category-pets","tag-alimentacao-adequada","tag-bem-estar-animal","tag-caes","tag-caes-idosos","tag-idade","tag-prevencao-de-doencas","tag-qualidade-de-vida-dos-caes"],"yoast_head":"<!-- This site is optimized with the Yoast SEO plugin v26.5 - https:\/\/yoast.com\/wordpress\/plugins\/seo\/ -->\n<title>Cachorros idosos: Veja dicas para melhorar a qualidade de vida dos c\u00e3es com idade avan\u00e7ada - Jornal Fatos e Not\u00edcias<\/title>\n<meta name=\"robots\" content=\"index, follow, max-snippet:-1, max-image-preview:large, max-video-preview:-1\" \/>\n<link rel=\"canonical\" href=\"https:\/\/jornalfatosenoticias.com.br\/index.php\/2023\/02\/22\/cachorros-idosos-veja-dicas-para-melhorar-a-qualidade-de-vida-dos-caes-com-idade-avancada\/\" \/>\n<meta property=\"og:locale\" content=\"pt_BR\" \/>\n<meta property=\"og:type\" content=\"article\" \/>\n<meta property=\"og:title\" content=\"Cachorros idosos: Veja dicas para melhorar a qualidade de vida dos c\u00e3es com idade avan\u00e7ada - Jornal Fatos e Not\u00edcias\" \/>\n<meta property=\"og:description\" content=\"Garantir uma alimenta\u00e7\u00e3o adequada e facilitar a locomo\u00e7\u00e3o do animal s\u00e3o algumas maneiras de prevenir doen\u00e7as nos bichinhos Pele e pelos mais secos e esbranqui\u00e7ados, unhas fr\u00e1geis e longas, diminui\u00e7\u00e3o do apetite, perda de massa muscular, perda da vontade de brincar e passear, altera\u00e7\u00f5es odontol\u00f3gicas e altera\u00e7\u00f5es comportamentais podem ser alguns dos sinais de que [&hellip;]\" \/>\n<meta property=\"og:url\" content=\"https:\/\/jornalfatosenoticias.com.br\/index.php\/2023\/02\/22\/cachorros-idosos-veja-dicas-para-melhorar-a-qualidade-de-vida-dos-caes-com-idade-avancada\/\" \/>\n<meta property=\"og:site_name\" content=\"Jornal Fatos e Not\u00edcias\" \/>\n<meta property=\"article:published_time\" content=\"2023-02-22T12:25:36+00:00\" \/>\n<meta property=\"article:modified_time\" content=\"2023-02-22T12:25:37+00:00\" \/>\n<meta property=\"og:image\" content=\"https:\/\/jornalfatosenoticias.com.br\/wp-content\/uploads\/2023\/02\/cao-idoso.jpg\" \/>\n\t<meta property=\"og:image:width\" content=\"1000\" \/>\n\t<meta property=\"og:image:height\" content=\"562\" \/>\n\t<meta property=\"og:image:type\" content=\"image\/jpeg\" \/>\n<meta name=\"author\" content=\"Luzimara Fernandes\" \/>\n<meta name=\"twitter:card\" content=\"summary_large_image\" \/>\n<meta name=\"twitter:label1\" content=\"Escrito por\" \/>\n\t<meta name=\"twitter:data1\" content=\"Luzimara Fernandes\" \/>\n\t<meta name=\"twitter:label2\" content=\"Est. tempo de leitura\" \/>\n\t<meta name=\"twitter:data2\" content=\"4 minutos\" \/>\n<script type=\"application\/ld+json\" class=\"yoast-schema-graph\">{\"@context\":\"https:\/\/schema.org\",\"@graph\":[{\"@type\":\"Article\",\"@id\":\"https:\/\/jornalfatosenoticias.com.br\/index.php\/2023\/02\/22\/cachorros-idosos-veja-dicas-para-melhorar-a-qualidade-de-vida-dos-caes-com-idade-avancada\/#article\",\"isPartOf\":{\"@id\":\"https:\/\/jornalfatosenoticias.com.br\/index.php\/2023\/02\/22\/cachorros-idosos-veja-dicas-para-melhorar-a-qualidade-de-vida-dos-caes-com-idade-avancada\/\"},\"author\":{\"name\":\"Luzimara Fernandes\",\"@id\":\"https:\/\/jornalfatosenoticias.com.br\/#\/schema\/person\/d63837fa13ac8666eb9e74e0985d6f81\"},\"headline\":\"Cachorros idosos: Veja dicas para melhorar a qualidade de vida dos c\u00e3es com idade avan\u00e7ada\",\"datePublished\":\"2023-02-22T12:25:36+00:00\",\"dateModified\":\"2023-02-22T12:25:37+00:00\",\"mainEntityOfPage\":{\"@id\":\"https:\/\/jornalfatosenoticias.com.br\/index.php\/2023\/02\/22\/cachorros-idosos-veja-dicas-para-melhorar-a-qualidade-de-vida-dos-caes-com-idade-avancada\/\"},\"wordCount\":904,\"commentCount\":0,\"publisher\":{\"@id\":\"https:\/\/jornalfatosenoticias.com.br\/#organization\"},\"image\":{\"@id\":\"https:\/\/jornalfatosenoticias.com.br\/index.php\/2023\/02\/22\/cachorros-idosos-veja-dicas-para-melhorar-a-qualidade-de-vida-dos-caes-com-idade-avancada\/#primaryimage\"},\"thumbnailUrl\":\"https:\/\/jornalfatosenoticias.com.br\/wp-content\/uploads\/2023\/02\/cao-idoso.jpg\",\"keywords\":[\"alimenta\u00e7\u00e3o adequada\",\"bem-estar animal\",\"c\u00e3es\",\"c\u00e3es idosos\",\"idade\",\"preven\u00e7\u00e3o de doen\u00e7as\",\"qualidade de vida dos c\u00e3es\"],\"articleSection\":[\"Pets\"],\"inLanguage\":\"pt-BR\",\"potentialAction\":[{\"@type\":\"CommentAction\",\"name\":\"Comment\",\"target\":[\"https:\/\/jornalfatosenoticias.com.br\/index.php\/2023\/02\/22\/cachorros-idosos-veja-dicas-para-melhorar-a-qualidade-de-vida-dos-caes-com-idade-avancada\/#respond\"]}]},{\"@type\":\"WebPage\",\"@id\":\"https:\/\/jornalfatosenoticias.com.br\/index.php\/2023\/02\/22\/cachorros-idosos-veja-dicas-para-melhorar-a-qualidade-de-vida-dos-caes-com-idade-avancada\/\",\"url\":\"https:\/\/jornalfatosenoticias.com.br\/index.php\/2023\/02\/22\/cachorros-idosos-veja-dicas-para-melhorar-a-qualidade-de-vida-dos-caes-com-idade-avancada\/\",\"name\":\"Cachorros idosos: Veja dicas para melhorar a qualidade de vida dos c\u00e3es com idade avan\u00e7ada - Jornal Fatos e Not\u00edcias\",\"isPartOf\":{\"@id\":\"https:\/\/jornalfatosenoticias.com.br\/#website\"},\"primaryImageOfPage\":{\"@id\":\"https:\/\/jornalfatosenoticias.com.br\/index.php\/2023\/02\/22\/cachorros-idosos-veja-dicas-para-melhorar-a-qualidade-de-vida-dos-caes-com-idade-avancada\/#primaryimage\"},\"image\":{\"@id\":\"https:\/\/jornalfatosenoticias.com.br\/index.php\/2023\/02\/22\/cachorros-idosos-veja-dicas-para-melhorar-a-qualidade-de-vida-dos-caes-com-idade-avancada\/#primaryimage\"},\"thumbnailUrl\":\"https:\/\/jornalfatosenoticias.com.br\/wp-content\/uploads\/2023\/02\/cao-idoso.jpg\",\"datePublished\":\"2023-02-22T12:25:36+00:00\",\"dateModified\":\"2023-02-22T12:25:37+00:00\",\"breadcrumb\":{\"@id\":\"https:\/\/jornalfatosenoticias.com.br\/index.php\/2023\/02\/22\/cachorros-idosos-veja-dicas-para-melhorar-a-qualidade-de-vida-dos-caes-com-idade-avancada\/#breadcrumb\"},\"inLanguage\":\"pt-BR\",\"potentialAction\":[{\"@type\":\"ReadAction\",\"target\":[\"https:\/\/jornalfatosenoticias.com.br\/index.php\/2023\/02\/22\/cachorros-idosos-veja-dicas-para-melhorar-a-qualidade-de-vida-dos-caes-com-idade-avancada\/\"]}]},{\"@type\":\"ImageObject\",\"inLanguage\":\"pt-BR\",\"@id\":\"https:\/\/jornalfatosenoticias.com.br\/index.php\/2023\/02\/22\/cachorros-idosos-veja-dicas-para-melhorar-a-qualidade-de-vida-dos-caes-com-idade-avancada\/#primaryimage\",\"url\":\"https:\/\/jornalfatosenoticias.com.br\/wp-content\/uploads\/2023\/02\/cao-idoso.jpg\",\"contentUrl\":\"https:\/\/jornalfatosenoticias.com.br\/wp-content\/uploads\/2023\/02\/cao-idoso.jpg\",\"width\":1000,\"height\":562},{\"@type\":\"BreadcrumbList\",\"@id\":\"https:\/\/jornalfatosenoticias.com.br\/index.php\/2023\/02\/22\/cachorros-idosos-veja-dicas-para-melhorar-a-qualidade-de-vida-dos-caes-com-idade-avancada\/#breadcrumb\",\"itemListElement\":[{\"@type\":\"ListItem\",\"position\":1,\"name\":\"In\u00edcio\",\"item\":\"https:\/\/jornalfatosenoticias.com.br\/\"},{\"@type\":\"ListItem\",\"position\":2,\"name\":\"Cachorros idosos: Veja dicas para melhorar a qualidade de vida dos c\u00e3es com idade avan\u00e7ada\"}]},{\"@type\":\"WebSite\",\"@id\":\"https:\/\/jornalfatosenoticias.com.br\/#website\",\"url\":\"https:\/\/jornalfatosenoticias.com.br\/\",\"name\":\"Jornal Fatos e Not\u00edcias\",\"description\":\"Not\u00edcias em geral\",\"publisher\":{\"@id\":\"https:\/\/jornalfatosenoticias.com.br\/#organization\"},\"potentialAction\":[{\"@type\":\"SearchAction\",\"target\":{\"@type\":\"EntryPoint\",\"urlTemplate\":\"https:\/\/jornalfatosenoticias.com.br\/?s={search_term_string}\"},\"query-input\":{\"@type\":\"PropertyValueSpecification\",\"valueRequired\":true,\"valueName\":\"search_term_string\"}}],\"inLanguage\":\"pt-BR\"},{\"@type\":\"Organization\",\"@id\":\"https:\/\/jornalfatosenoticias.com.br\/#organization\",\"name\":\"Jornal Fatos e Not\u00edcias\",\"url\":\"https:\/\/jornalfatosenoticias.com.br\/\",\"logo\":{\"@type\":\"ImageObject\",\"inLanguage\":\"pt-BR\",\"@id\":\"https:\/\/jornalfatosenoticias.com.br\/#\/schema\/logo\/image\/\",\"url\":\"https:\/\/jornalfatosenoticias.com.br\/wp-content\/uploads\/2020\/02\/logo120.png\",\"contentUrl\":\"https:\/\/jornalfatosenoticias.com.br\/wp-content\/uploads\/2020\/02\/logo120.png\",\"width\":1227,\"height\":120,\"caption\":\"Jornal Fatos e Not\u00edcias\"},\"image\":{\"@id\":\"https:\/\/jornalfatosenoticias.com.br\/#\/schema\/logo\/image\/\"}},{\"@type\":\"Person\",\"@id\":\"https:\/\/jornalfatosenoticias.com.br\/#\/schema\/person\/d63837fa13ac8666eb9e74e0985d6f81\",\"name\":\"Luzimara Fernandes\",\"image\":{\"@type\":\"ImageObject\",\"inLanguage\":\"pt-BR\",\"@id\":\"https:\/\/jornalfatosenoticias.com.br\/#\/schema\/person\/image\/\",\"url\":\"https:\/\/jornalfatosenoticias.com.br\/wp-content\/uploads\/2025\/05\/EU_portal.jpg\",\"contentUrl\":\"https:\/\/jornalfatosenoticias.com.br\/wp-content\/uploads\/2025\/05\/EU_portal.jpg\",\"caption\":\"Luzimara Fernandes\"},\"description\":\"Jornalista MTB 2358-ES\",\"sameAs\":[\"https:\/\/jornalfatosenoticias.com.br\"],\"url\":\"https:\/\/jornalfatosenoticias.com.br\/index.php\/author\/luzimara\/\"}]}<\/script>\n<!-- \/ Yoast SEO plugin. -->","yoast_head_json":{"title":"Cachorros idosos: Veja dicas para melhorar a qualidade de vida dos c\u00e3es com idade avan\u00e7ada - Jornal Fatos e Not\u00edcias","robots":{"index":"index","follow":"follow","max-snippet":"max-snippet:-1","max-image-preview":"max-image-preview:large","max-video-preview":"max-video-preview:-1"},"canonical":"https:\/\/jornalfatosenoticias.com.br\/index.php\/2023\/02\/22\/cachorros-idosos-veja-dicas-para-melhorar-a-qualidade-de-vida-dos-caes-com-idade-avancada\/","og_locale":"pt_BR","og_type":"article","og_title":"Cachorros idosos: Veja dicas para melhorar a qualidade de vida dos c\u00e3es com idade avan\u00e7ada - Jornal Fatos e Not\u00edcias","og_description":"Garantir uma alimenta\u00e7\u00e3o adequada e facilitar a locomo\u00e7\u00e3o do animal s\u00e3o algumas maneiras de prevenir doen\u00e7as nos bichinhos Pele e pelos mais secos e esbranqui\u00e7ados, unhas fr\u00e1geis e longas, diminui\u00e7\u00e3o do apetite, perda de massa muscular, perda da vontade de brincar e passear, altera\u00e7\u00f5es odontol\u00f3gicas e altera\u00e7\u00f5es comportamentais podem ser alguns dos sinais de que [&hellip;]","og_url":"https:\/\/jornalfatosenoticias.com.br\/index.php\/2023\/02\/22\/cachorros-idosos-veja-dicas-para-melhorar-a-qualidade-de-vida-dos-caes-com-idade-avancada\/","og_site_name":"Jornal Fatos e Not\u00edcias","article_published_time":"2023-02-22T12:25:36+00:00","article_modified_time":"2023-02-22T12:25:37+00:00","og_image":[{"width":1000,"height":562,"url":"https:\/\/jornalfatosenoticias.com.br\/wp-content\/uploads\/2023\/02\/cao-idoso.jpg","type":"image\/jpeg"}],"author":"Luzimara Fernandes","twitter_card":"summary_large_image","twitter_misc":{"Escrito por":"Luzimara Fernandes","Est. tempo de leitura":"4 minutos"},"schema":{"@context":"https:\/\/schema.org","@graph":[{"@type":"Article","@id":"https:\/\/jornalfatosenoticias.com.br\/index.php\/2023\/02\/22\/cachorros-idosos-veja-dicas-para-melhorar-a-qualidade-de-vida-dos-caes-com-idade-avancada\/#article","isPartOf":{"@id":"https:\/\/jornalfatosenoticias.com.br\/index.php\/2023\/02\/22\/cachorros-idosos-veja-dicas-para-melhorar-a-qualidade-de-vida-dos-caes-com-idade-avancada\/"},"author":{"name":"Luzimara Fernandes","@id":"https:\/\/jornalfatosenoticias.com.br\/#\/schema\/person\/d63837fa13ac8666eb9e74e0985d6f81"},"headline":"Cachorros idosos: Veja dicas para melhorar a qualidade de vida dos c\u00e3es com idade avan\u00e7ada","datePublished":"2023-02-22T12:25:36+00:00","dateModified":"2023-02-22T12:25:37+00:00","mainEntityOfPage":{"@id":"https:\/\/jornalfatosenoticias.com.br\/index.php\/2023\/02\/22\/cachorros-idosos-veja-dicas-para-melhorar-a-qualidade-de-vida-dos-caes-com-idade-avancada\/"},"wordCount":904,"commentCount":0,"publisher":{"@id":"https:\/\/jornalfatosenoticias.com.br\/#organization"},"image":{"@id":"https:\/\/jornalfatosenoticias.com.br\/index.php\/2023\/02\/22\/cachorros-idosos-veja-dicas-para-melhorar-a-qualidade-de-vida-dos-caes-com-idade-avancada\/#primaryimage"},"thumbnailUrl":"https:\/\/jornalfatosenoticias.com.br\/wp-content\/uploads\/2023\/02\/cao-idoso.jpg","keywords":["alimenta\u00e7\u00e3o adequada","bem-estar animal","c\u00e3es","c\u00e3es idosos","idade","preven\u00e7\u00e3o de doen\u00e7as","qualidade de vida dos c\u00e3es"],"articleSection":["Pets"],"inLanguage":"pt-BR","potentialAction":[{"@type":"CommentAction","name":"Comment","target":["https:\/\/jornalfatosenoticias.com.br\/index.php\/2023\/02\/22\/cachorros-idosos-veja-dicas-para-melhorar-a-qualidade-de-vida-dos-caes-com-idade-avancada\/#respond"]}]},{"@type":"WebPage","@id":"https:\/\/jornalfatosenoticias.com.br\/index.php\/2023\/02\/22\/cachorros-idosos-veja-dicas-para-melhorar-a-qualidade-de-vida-dos-caes-com-idade-avancada\/","url":"https:\/\/jornalfatosenoticias.com.br\/index.php\/2023\/02\/22\/cachorros-idosos-veja-dicas-para-melhorar-a-qualidade-de-vida-dos-caes-com-idade-avancada\/","name":"Cachorros idosos: Veja dicas para melhorar a qualidade de vida dos c\u00e3es com idade avan\u00e7ada - Jornal Fatos e Not\u00edcias","isPartOf":{"@id":"https:\/\/jornalfatosenoticias.com.br\/#website"},"primaryImageOfPage":{"@id":"https:\/\/jornalfatosenoticias.com.br\/index.php\/2023\/02\/22\/cachorros-idosos-veja-dicas-para-melhorar-a-qualidade-de-vida-dos-caes-com-idade-avancada\/#primaryimage"},"image":{"@id":"https:\/\/jornalfatosenoticias.com.br\/index.php\/2023\/02\/22\/cachorros-idosos-veja-dicas-para-melhorar-a-qualidade-de-vida-dos-caes-com-idade-avancada\/#primaryimage"},"thumbnailUrl":"https:\/\/jornalfatosenoticias.com.br\/wp-content\/uploads\/2023\/02\/cao-idoso.jpg","datePublished":"2023-02-22T12:25:36+00:00","dateModified":"2023-02-22T12:25:37+00:00","breadcrumb":{"@id":"https:\/\/jornalfatosenoticias.com.br\/index.php\/2023\/02\/22\/cachorros-idosos-veja-dicas-para-melhorar-a-qualidade-de-vida-dos-caes-com-idade-avancada\/#breadcrumb"},"inLanguage":"pt-BR","potentialAction":[{"@type":"ReadAction","target":["https:\/\/jornalfatosenoticias.com.br\/index.php\/2023\/02\/22\/cachorros-idosos-veja-dicas-para-melhorar-a-qualidade-de-vida-dos-caes-com-idade-avancada\/"]}]},{"@type":"ImageObject","inLanguage":"pt-BR","@id":"https:\/\/jornalfatosenoticias.com.br\/index.php\/2023\/02\/22\/cachorros-idosos-veja-dicas-para-melhorar-a-qualidade-de-vida-dos-caes-com-idade-avancada\/#primaryimage","url":"https:\/\/jornalfatosenoticias.com.br\/wp-content\/uploads\/2023\/02\/cao-idoso.jpg","contentUrl":"https:\/\/jornalfatosenoticias.com.br\/wp-content\/uploads\/2023\/02\/cao-idoso.jpg","width":1000,"height":562},{"@type":"BreadcrumbList","@id":"https:\/\/jornalfatosenoticias.com.br\/index.php\/2023\/02\/22\/cachorros-idosos-veja-dicas-para-melhorar-a-qualidade-de-vida-dos-caes-com-idade-avancada\/#breadcrumb","itemListElement":[{"@type":"ListItem","position":1,"name":"In\u00edcio","item":"https:\/\/jornalfatosenoticias.com.br\/"},{"@type":"ListItem","position":2,"name":"Cachorros idosos: Veja dicas para melhorar a qualidade de vida dos c\u00e3es com idade avan\u00e7ada"}]},{"@type":"WebSite","@id":"https:\/\/jornalfatosenoticias.com.br\/#website","url":"https:\/\/jornalfatosenoticias.com.br\/","name":"Jornal Fatos e Not\u00edcias","description":"Not\u00edcias em geral","publisher":{"@id":"https:\/\/jornalfatosenoticias.com.br\/#organization"},"potentialAction":[{"@type":"SearchAction","target":{"@type":"EntryPoint","urlTemplate":"https:\/\/jornalfatosenoticias.com.br\/?s={search_term_string}"},"query-input":{"@type":"PropertyValueSpecification","valueRequired":true,"valueName":"search_term_string"}}],"inLanguage":"pt-BR"},{"@type":"Organization","@id":"https:\/\/jornalfatosenoticias.com.br\/#organization","name":"Jornal Fatos e Not\u00edcias","url":"https:\/\/jornalfatosenoticias.com.br\/","logo":{"@type":"ImageObject","inLanguage":"pt-BR","@id":"https:\/\/jornalfatosenoticias.com.br\/#\/schema\/logo\/image\/","url":"https:\/\/jornalfatosenoticias.com.br\/wp-content\/uploads\/2020\/02\/logo120.png","contentUrl":"https:\/\/jornalfatosenoticias.com.br\/wp-content\/uploads\/2020\/02\/logo120.png","width":1227,"height":120,"caption":"Jornal Fatos e Not\u00edcias"},"image":{"@id":"https:\/\/jornalfatosenoticias.com.br\/#\/schema\/logo\/image\/"}},{"@type":"Person","@id":"https:\/\/jornalfatosenoticias.com.br\/#\/schema\/person\/d63837fa13ac8666eb9e74e0985d6f81","name":"Luzimara Fernandes","image":{"@type":"ImageObject","inLanguage":"pt-BR","@id":"https:\/\/jornalfatosenoticias.com.br\/#\/schema\/person\/image\/","url":"https:\/\/jornalfatosenoticias.com.br\/wp-content\/uploads\/2025\/05\/EU_portal.jpg","contentUrl":"https:\/\/jornalfatosenoticias.com.br\/wp-content\/uploads\/2025\/05\/EU_portal.jpg","caption":"Luzimara Fernandes"},"description":"Jornalista MTB 2358-ES","sameAs":["https:\/\/jornalfatosenoticias.com.br"],"url":"https:\/\/jornalfatosenoticias.com.br\/index.php\/author\/luzimara\/"}]}},"cc_featured_image_caption":{"caption_text":"(Foto: Pixabay) ","source_text":"","source_url":""},"jetpack_featured_media_url":"https:\/\/jornalfatosenoticias.com.br\/wp-content\/uploads\/2023\/02\/cao-idoso.jpg","_links":{"self":[{"href":"https:\/\/jornalfatosenoticias.com.br\/index.php\/wp-json\/wp\/v2\/posts\/38904","targetHints":{"allow":["GET"]}}],"collection":[{"href":"https:\/\/jornalfatosenoticias.com.br\/index.php\/wp-json\/wp\/v2\/posts"}],"about":[{"href":"https:\/\/jornalfatosenoticias.com.br\/index.php\/wp-json\/wp\/v2\/types\/post"}],"author":[{"embeddable":true,"href":"https:\/\/jornalfatosenoticias.com.br\/index.php\/wp-json\/wp\/v2\/users\/2"}],"replies":[{"embeddable":true,"href":"https:\/\/jornalfatosenoticias.com.br\/index.php\/wp-json\/wp\/v2\/comments?post=38904"}],"version-history":[{"count":0,"href":"https:\/\/jornalfatosenoticias.com.br\/index.php\/wp-json\/wp\/v2\/posts\/38904\/revisions"}],"wp:featuredmedia":[{"embeddable":true,"href":"https:\/\/jornalfatosenoticias.com.br\/index.php\/wp-json\/wp\/v2\/media\/38906"}],"wp:attachment":[{"href":"https:\/\/jornalfatosenoticias.com.br\/index.php\/wp-json\/wp\/v2\/media?parent=38904"}],"wp:term":[{"taxonomy":"category","embeddable":true,"href":"https:\/\/jornalfatosenoticias.com.br\/index.php\/wp-json\/wp\/v2\/categories?post=38904"},{"taxonomy":"post_tag","embeddable":true,"href":"https:\/\/jornalfatosenoticias.com.br\/index.php\/wp-json\/wp\/v2\/tags?post=38904"}],"curies":[{"name":"wp","href":"https:\/\/api.w.org\/{rel}","templated":true}]}}