{"id":38911,"date":"2023-02-22T09:48:09","date_gmt":"2023-02-22T12:48:09","guid":{"rendered":"https:\/\/jornalfatosenoticias.com.br\/?p=38911"},"modified":"2023-02-22T09:48:11","modified_gmt":"2023-02-22T12:48:11","slug":"telha-solar-invisivel-e-desenvolvida-na-italia","status":"publish","type":"post","link":"https:\/\/jornalfatosenoticias.com.br\/index.php\/2023\/02\/22\/telha-solar-invisivel-e-desenvolvida-na-italia\/","title":{"rendered":"Telha solar \u201cinvis\u00edvel\u201d \u00e9 desenvolvida na It\u00e1lia"},"content":{"rendered":"\n<p><em><span class=\"has-inline-color has-black-color\">Similar \u00e0s telhas de barro, produto j\u00e1 \u00e9 aplicado em locais de patrim\u00f4nio hist\u00f3rico<\/span><\/em><\/p>\n\n\n\n<div class=\"wp-block-image\"><figure class=\"aligncenter size-large\"><img loading=\"lazy\" decoding=\"async\" width=\"1024\" height=\"100\" src=\"https:\/\/jornalfatosenoticias.com.br\/wp-content\/uploads\/2020\/02\/banner_ferramentas-1024x100.jpg\" alt=\"\" class=\"wp-image-1258\" srcset=\"https:\/\/jornalfatosenoticias.com.br\/wp-content\/uploads\/2020\/02\/banner_ferramentas-1024x100.jpg 1024w, https:\/\/jornalfatosenoticias.com.br\/wp-content\/uploads\/2020\/02\/banner_ferramentas-300x29.jpg 300w, https:\/\/jornalfatosenoticias.com.br\/wp-content\/uploads\/2020\/02\/banner_ferramentas-768x75.jpg 768w, https:\/\/jornalfatosenoticias.com.br\/wp-content\/uploads\/2020\/02\/banner_ferramentas.jpg 1227w\" sizes=\"auto, (max-width: 1024px) 100vw, 1024px\" \/><\/figure><\/div>\n\n\n\n<p>As possibilidades de gerar energia solar em casa est\u00e3o cada vez mais sofisticadas. Enquanto os custos de compra e instala\u00e7\u00e3o de pain\u00e9is solares comuns ainda s\u00e3o barreiras, as telhas solares \u2014 que integram as c\u00e9lulas fotovoltaicas com o pr\u00f3prio material do telhado \u2014 seguem em crescente desenvolvimento. Um dos modelos mais promissores foi desenvolvido pela empresa italiana Dyaqua, respons\u00e1vel por criar uma telha solar \u201cinvis\u00edvel\u201d \u2014 isto porque \u00e9 imposs\u00edvel notar sua fun\u00e7\u00e3o de gerar <a href=\"https:\/\/ciclovivo.com.br\/canal\/planeta\/energia\/\" target=\"_blank\" rel=\"noreferrer noopener\">energia<\/a> renov\u00e1vel.<\/p>\n\n\n\n<div class=\"wp-block-image\"><figure class=\"aligncenter size-large is-resized\"><img loading=\"lazy\" decoding=\"async\" src=\"https:\/\/jornalfatosenoticias.com.br\/wp-content\/uploads\/2020\/02\/logo-Panper_portal.jpg\" alt=\"\" class=\"wp-image-34474\" width=\"290\" height=\"201\" srcset=\"https:\/\/jornalfatosenoticias.com.br\/wp-content\/uploads\/2020\/02\/logo-Panper_portal.jpg 400w, https:\/\/jornalfatosenoticias.com.br\/wp-content\/uploads\/2020\/02\/logo-Panper_portal-300x208.jpg 300w\" sizes=\"auto, (max-width: 290px) 100vw, 290px\" \/><\/figure><\/div>\n\n\n\n<p>Apelidada de Invisible Solar, passam despercebidas as c\u00e9lulas fotovoltaicas integradas na telha. A ideia de esconder as c\u00e9lulas j\u00e1 havia sido desenvolvida pela Tesla com o <a href=\"https:\/\/ciclovivo.com.br\/inovacao\/tecnologia\/tesla-cria-placas-solares-iguais-a-telhados-tradicionais\/\" target=\"_blank\" rel=\"noreferrer noopener\">Solar Roof<\/a>, mas ainda assim o novo produto chama aten\u00e7\u00e3o pelo design imitar fielmente as cl\u00e1ssicas telhas de cer\u00e2mica.<\/p>\n\n\n\n<div class=\"wp-block-image\"><figure class=\"aligncenter size-large\"><img decoding=\"async\" src=\"https:\/\/jornalfatosenoticias.com.br\/wp-content\/uploads\/2020\/02\/barao-das-carnes-300x164-1.jpg\" alt=\"\" class=\"wp-image-34339\"\/><\/figure><\/div>\n\n\n\n<figure class=\"wp-block-pullquote\"><blockquote><p><span class=\"has-inline-color has-luminous-vivid-orange-color\">Cada m\u00f3dulo \u00e9 mais do que um painel fotovoltaico, \u00e9 tamb\u00e9m um elemento arquitet\u00f4nico ativo com v\u00e1rias funcionalidades\u201d, afirma a Dyaqua. <\/span><\/p><\/blockquote><\/figure>\n\n\n\n<div class=\"wp-block-image\"><figure class=\"aligncenter size-large\"><img loading=\"lazy\" decoding=\"async\" width=\"1024\" height=\"99\" src=\"https:\/\/jornalfatosenoticias.com.br\/wp-content\/uploads\/2020\/02\/Logo-Mizu-segunda-2-1024x99.png\" alt=\"\" class=\"wp-image-2353\" srcset=\"https:\/\/jornalfatosenoticias.com.br\/wp-content\/uploads\/2020\/02\/Logo-Mizu-segunda-2-1024x99.png 1024w, https:\/\/jornalfatosenoticias.com.br\/wp-content\/uploads\/2020\/02\/Logo-Mizu-segunda-2-300x29.png 300w, https:\/\/jornalfatosenoticias.com.br\/wp-content\/uploads\/2020\/02\/Logo-Mizu-segunda-2-768x74.png 768w, https:\/\/jornalfatosenoticias.com.br\/wp-content\/uploads\/2020\/02\/Logo-Mizu-segunda-2.png 1240w\" sizes=\"auto, (max-width: 1024px) 100vw, 1024px\" \/><\/figure><\/div>\n\n\n\n<p>N\u00e3o \u00e9 \u00e0 toa que, desde 2018, um projeto-piloto introduziu as telhas solares em algumas casas das ru\u00ednas de Pompeia, uma cidade ao sul da It\u00e1lia destru\u00edda ap\u00f3s a erup\u00e7\u00e3o do Monte Ves\u00favio em 79 d.C. e que atualmente funciona como um dos s\u00edtios arqueol\u00f3gicos mais importantes do mundo.<\/p>\n\n\n\n<div class=\"wp-block-image\"><figure class=\"aligncenter size-large is-resized\"><img loading=\"lazy\" decoding=\"async\" src=\"https:\/\/jornalfatosenoticias.com.br\/wp-content\/uploads\/2022\/02\/Precisao-Contabilidade-1024x724.jpg\" alt=\"\" class=\"wp-image-28088\" width=\"336\" height=\"238\"\/><\/figure><\/div>\n\n\n\n<figure class=\"wp-block-pullquote\"><blockquote><p><span class=\"has-inline-color has-luminous-vivid-orange-color\">Se parecem exatamente com os ladrilhos de terracota usados pelos romanos, mas produzem a eletricidade de que precisamos para iluminar os afrescos\u201d, disse Gabriel Zuchtriegel, diretor do Parque Arqueol\u00f3gico de Pompeia, ao site TechXplore. <\/span><\/p><\/blockquote><\/figure>\n\n\n\n<div class=\"wp-block-image\"><figure class=\"aligncenter size-large\"><img loading=\"lazy\" decoding=\"async\" width=\"1024\" height=\"110\" src=\"https:\/\/jornalfatosenoticias.com.br\/wp-content\/uploads\/2022\/10\/Arte-jornal-Zucchi-1120x120_Prancheta-1-1024x110.jpg\" alt=\"\" class=\"wp-image-34772\" srcset=\"https:\/\/jornalfatosenoticias.com.br\/wp-content\/uploads\/2022\/10\/Arte-jornal-Zucchi-1120x120_Prancheta-1-1024x110.jpg 1024w, https:\/\/jornalfatosenoticias.com.br\/wp-content\/uploads\/2022\/10\/Arte-jornal-Zucchi-1120x120_Prancheta-1-300x32.jpg 300w, https:\/\/jornalfatosenoticias.com.br\/wp-content\/uploads\/2022\/10\/Arte-jornal-Zucchi-1120x120_Prancheta-1-768x82.jpg 768w, https:\/\/jornalfatosenoticias.com.br\/wp-content\/uploads\/2022\/10\/Arte-jornal-Zucchi-1120x120_Prancheta-1-1536x165.jpg 1536w, https:\/\/jornalfatosenoticias.com.br\/wp-content\/uploads\/2022\/10\/Arte-jornal-Zucchi-1120x120_Prancheta-1-2048x219.jpg 2048w\" sizes=\"auto, (max-width: 1024px) 100vw, 1024px\" \/><\/figure><\/div>\n\n\n\n<p>O s\u00edtio arqueol\u00f3gico precisava de um sistema de ilumina\u00e7\u00e3o extenso, mas postes e cabos espalhados iriam desfigurar suas caracter\u00edsticas originais. A telha solar invis\u00edvel mostrou-se uma solu\u00e7\u00e3o vi\u00e1vel para preservar o patrim\u00f4nio hist\u00f3rico sem abrir m\u00e3o da <a href=\"https:\/\/ciclovivo.com.br\/canal\/inovacao\/tecnologia\/\" target=\"_blank\" rel=\"noreferrer noopener\">tecnologia sustent\u00e1vel<\/a>.<\/p>\n\n\n\n<div class=\"wp-block-image\"><figure class=\"aligncenter size-large\"><img loading=\"lazy\" decoding=\"async\" width=\"1000\" height=\"666\" src=\"https:\/\/jornalfatosenoticias.com.br\/wp-content\/uploads\/2023\/02\/Telha-solar-invisivel-ciclovivo.jpg\" alt=\"\" class=\"wp-image-38912\" srcset=\"https:\/\/jornalfatosenoticias.com.br\/wp-content\/uploads\/2023\/02\/Telha-solar-invisivel-ciclovivo.jpg 1000w, https:\/\/jornalfatosenoticias.com.br\/wp-content\/uploads\/2023\/02\/Telha-solar-invisivel-ciclovivo-300x200.jpg 300w, https:\/\/jornalfatosenoticias.com.br\/wp-content\/uploads\/2023\/02\/Telha-solar-invisivel-ciclovivo-768x511.jpg 768w\" sizes=\"auto, (max-width: 1000px) 100vw, 1000px\" \/><figcaption><em><span class=\"has-inline-color has-black-color\">A telha solar \u00e9 constitu\u00edda por uma pe\u00e7a \u00fanica, indivis\u00edvel e resistente (Foto: Dyaqua)<\/span><\/em><\/figcaption><\/figure><\/div>\n\n\n\n<figure class=\"wp-block-pullquote\"><blockquote><p><span class=\"has-inline-color has-luminous-vivid-orange-color\">A nossa iniciativa n\u00e3o \u00e9 meramente simb\u00f3lica. Atrav\u00e9s dos milh\u00f5es de turistas que nos visitam todos os anos, queremos enviar uma mensagem ao mundo: o patrim\u00f4nio cultural pode ser gerido de forma diferente e de forma mais sustent\u00e1vel\u201d, afirmou Zuchtriegel.<\/span><\/p><\/blockquote><\/figure>\n\n\n\n<div class=\"wp-block-image\"><figure class=\"alignright size-large\"><img decoding=\"async\" src=\"https:\/\/jornalfatosenoticias.com.br\/wp-content\/uploads\/2023\/02\/faserra_portal.jpg\" alt=\"\" class=\"wp-image-38905\"\/><\/figure><\/div>\n\n\n\n<p><strong><span class=\"has-inline-color has-vivid-green-cyan-color\">Telha solar invis\u00edvel<br><\/span><\/strong>A telha solar invis\u00edvel \u00e9 constitu\u00edda por uma pe\u00e7a \u00fanica, indivis\u00edvel e resistente, que esconde e protege as c\u00e9lulas fotovoltaicas que se encontram incorporadas no seu interior. As pe\u00e7as s\u00e3o artesanais, feitas sob encomenda.<br>Cada telha \u00e9 feita de um composto de pol\u00edmero at\u00f3xico e recicl\u00e1vel. O material tamb\u00e9m \u00e9 fotocatal\u00edtico, o que significa que a luz ativa um processo natural que purifica o ar enquanto limpa a superf\u00edcie da telha. J\u00e1 as c\u00e9lulas fotovoltaicas de sil\u00edcio monocristalino s\u00e3o integradas manualmente e cobertas com uma camada do composto polim\u00e9rico. A superf\u00edcie, que \u00e9 opaca \u00e0 vista mas transl\u00facida aos raios solares, permite a passagem de luz que ir\u00e1 alimentar as c\u00e9lulas.<\/p>\n\n\n\n<div class=\"wp-block-image\"><figure class=\"aligncenter size-large\"><img loading=\"lazy\" decoding=\"async\" width=\"560\" height=\"60\" src=\"https:\/\/jornalfatosenoticias.com.br\/wp-content\/uploads\/2022\/10\/Propaganda-RC-Radiadores-Jornal_page-0001.jpg\" alt=\"\" class=\"wp-image-35270\" srcset=\"https:\/\/jornalfatosenoticias.com.br\/wp-content\/uploads\/2022\/10\/Propaganda-RC-Radiadores-Jornal_page-0001.jpg 560w, https:\/\/jornalfatosenoticias.com.br\/wp-content\/uploads\/2022\/10\/Propaganda-RC-Radiadores-Jornal_page-0001-300x32.jpg 300w\" sizes=\"auto, (max-width: 560px) 100vw, 560px\" \/><\/figure><\/div>\n\n\n\n<p>Cada painel pesa cerca de dois quilos e tem uma pot\u00eancia de pico de 7,5 watts de pico (Wp). Segundo a empresa fabricante, o composto pode ser feito para simular diferentes texturas, como pedra, madeira e concreto. Desta forma, o material pode n\u00e3o s\u00f3 ser aplicado em telhados, como moldado para revestir fachadas, muros de jardins e p\u00e1tios, al\u00e9m de pavimentos, como cal\u00e7adas, estacionamentos e passarelas.<\/p>\n\n\n\n<div class=\"wp-block-image\"><figure class=\"aligncenter size-large is-resized\"><img loading=\"lazy\" decoding=\"async\" src=\"https:\/\/jornalfatosenoticias.com.br\/wp-content\/uploads\/2022\/07\/Logo-Grupo-SEI.jpg\" alt=\"\" class=\"wp-image-31973\" width=\"339\" height=\"178\" srcset=\"https:\/\/jornalfatosenoticias.com.br\/wp-content\/uploads\/2022\/07\/Logo-Grupo-SEI.jpg 713w, https:\/\/jornalfatosenoticias.com.br\/wp-content\/uploads\/2022\/07\/Logo-Grupo-SEI-300x158.jpg 300w\" sizes=\"auto, (max-width: 339px) 100vw, 339px\" \/><\/figure><\/div>\n\n\n\n<figure class=\"wp-block-pullquote\"><blockquote><p><span class=\"has-inline-color has-luminous-vivid-orange-color\">O Invisible Solar \u00e9 extremamente adapt\u00e1vel e pode assumir a apar\u00eancia dos principais materiais de constru\u00e7\u00e3o, oferecendo in\u00fameras combina\u00e7\u00f5es poss\u00edveis de formas e cores\u201d, garante a Dyaqua, que tamb\u00e9m projeta e fabrica tecnologias de ilumina\u00e7\u00e3o fotovoltaica e LED. Por fim, a instala\u00e7\u00e3o \u00e9 simples e similar ao telhado de cer\u00e2mica, n\u00e3o h\u00e1 necessidade de estruturas adicionais.<\/span><\/p><\/blockquote><\/figure>\n\n\n\n<p><strong><em>Fonte: <a href=\"https:\/\/ciclovivo.com.br\/inovacao\/tecnologia\/telha-solar-invisivel-e-desenvolvida-na-italia\/\">CicloVivo<\/a><\/em><\/strong><\/p>\n","protected":false},"excerpt":{"rendered":"<p>Similar \u00e0s telhas de barro, produto j\u00e1 \u00e9 aplicado em locais de patrim\u00f4nio hist\u00f3rico As possibilidades de gerar energia solar em casa est\u00e3o cada vez mais sofisticadas. Enquanto os custos de compra e instala\u00e7\u00e3o de pain\u00e9is solares comuns ainda s\u00e3o barreiras, as telhas solares \u2014 que integram as c\u00e9lulas fotovoltaicas com o pr\u00f3prio material do [&hellip;]<\/p>\n","protected":false},"author":2,"featured_media":38913,"comment_status":"open","ping_status":"open","sticky":false,"template":"","format":"standard","meta":{"footnotes":""},"categories":[744,3],"tags":[18203,124,2637,18202],"class_list":["post-38911","post","type-post","status-publish","format-standard","has-post-thumbnail","hentry","category-arq-urbanismo","category-tecnologia","tag-dyaqua","tag-italia","tag-telha-solar","tag-telha-solar-invisivel"],"yoast_head":"<!-- This site is optimized with the Yoast SEO plugin v26.5 - https:\/\/yoast.com\/wordpress\/plugins\/seo\/ -->\n<title>Telha solar \u201cinvis\u00edvel\u201d \u00e9 desenvolvida na It\u00e1lia - Jornal Fatos e Not\u00edcias<\/title>\n<meta name=\"robots\" content=\"index, follow, max-snippet:-1, max-image-preview:large, max-video-preview:-1\" \/>\n<link rel=\"canonical\" href=\"https:\/\/jornalfatosenoticias.com.br\/index.php\/2023\/02\/22\/telha-solar-invisivel-e-desenvolvida-na-italia\/\" \/>\n<meta property=\"og:locale\" content=\"pt_BR\" \/>\n<meta property=\"og:type\" content=\"article\" \/>\n<meta property=\"og:title\" content=\"Telha solar \u201cinvis\u00edvel\u201d \u00e9 desenvolvida na It\u00e1lia - Jornal Fatos e Not\u00edcias\" \/>\n<meta property=\"og:description\" content=\"Similar \u00e0s telhas de barro, produto j\u00e1 \u00e9 aplicado em locais de patrim\u00f4nio hist\u00f3rico As possibilidades de gerar energia solar em casa est\u00e3o cada vez mais sofisticadas. Enquanto os custos de compra e instala\u00e7\u00e3o de pain\u00e9is solares comuns ainda s\u00e3o barreiras, as telhas solares \u2014 que integram as c\u00e9lulas fotovoltaicas com o pr\u00f3prio material do [&hellip;]\" \/>\n<meta property=\"og:url\" content=\"https:\/\/jornalfatosenoticias.com.br\/index.php\/2023\/02\/22\/telha-solar-invisivel-e-desenvolvida-na-italia\/\" \/>\n<meta property=\"og:site_name\" content=\"Jornal Fatos e Not\u00edcias\" \/>\n<meta property=\"article:published_time\" content=\"2023-02-22T12:48:09+00:00\" \/>\n<meta property=\"article:modified_time\" content=\"2023-02-22T12:48:11+00:00\" \/>\n<meta property=\"og:image\" content=\"https:\/\/jornalfatosenoticias.com.br\/wp-content\/uploads\/2023\/02\/Telha-solar-invisivel-ciclovivo2.jpg\" \/>\n\t<meta property=\"og:image:width\" content=\"1000\" \/>\n\t<meta property=\"og:image:height\" content=\"439\" \/>\n\t<meta property=\"og:image:type\" content=\"image\/jpeg\" \/>\n<meta name=\"author\" content=\"Luzimara Fernandes\" \/>\n<meta name=\"twitter:card\" content=\"summary_large_image\" \/>\n<meta name=\"twitter:label1\" content=\"Escrito por\" \/>\n\t<meta name=\"twitter:data1\" content=\"Luzimara Fernandes\" \/>\n\t<meta name=\"twitter:label2\" content=\"Est. tempo de leitura\" \/>\n\t<meta name=\"twitter:data2\" content=\"3 minutos\" \/>\n<script type=\"application\/ld+json\" class=\"yoast-schema-graph\">{\"@context\":\"https:\/\/schema.org\",\"@graph\":[{\"@type\":\"Article\",\"@id\":\"https:\/\/jornalfatosenoticias.com.br\/index.php\/2023\/02\/22\/telha-solar-invisivel-e-desenvolvida-na-italia\/#article\",\"isPartOf\":{\"@id\":\"https:\/\/jornalfatosenoticias.com.br\/index.php\/2023\/02\/22\/telha-solar-invisivel-e-desenvolvida-na-italia\/\"},\"author\":{\"name\":\"Luzimara Fernandes\",\"@id\":\"https:\/\/jornalfatosenoticias.com.br\/#\/schema\/person\/d63837fa13ac8666eb9e74e0985d6f81\"},\"headline\":\"Telha solar \u201cinvis\u00edvel\u201d \u00e9 desenvolvida na It\u00e1lia\",\"datePublished\":\"2023-02-22T12:48:09+00:00\",\"dateModified\":\"2023-02-22T12:48:11+00:00\",\"mainEntityOfPage\":{\"@id\":\"https:\/\/jornalfatosenoticias.com.br\/index.php\/2023\/02\/22\/telha-solar-invisivel-e-desenvolvida-na-italia\/\"},\"wordCount\":648,\"commentCount\":0,\"publisher\":{\"@id\":\"https:\/\/jornalfatosenoticias.com.br\/#organization\"},\"image\":{\"@id\":\"https:\/\/jornalfatosenoticias.com.br\/index.php\/2023\/02\/22\/telha-solar-invisivel-e-desenvolvida-na-italia\/#primaryimage\"},\"thumbnailUrl\":\"https:\/\/jornalfatosenoticias.com.br\/wp-content\/uploads\/2023\/02\/Telha-solar-invisivel-ciclovivo2.jpg\",\"keywords\":[\"Dyaqua\",\"It\u00e1lia\",\"telha solar\",\"telha solar invis\u00edvel\"],\"articleSection\":[\"Arq &amp; Urb\",\"Tecnologia &amp; Inova\u00e7\u00e3o\"],\"inLanguage\":\"pt-BR\",\"potentialAction\":[{\"@type\":\"CommentAction\",\"name\":\"Comment\",\"target\":[\"https:\/\/jornalfatosenoticias.com.br\/index.php\/2023\/02\/22\/telha-solar-invisivel-e-desenvolvida-na-italia\/#respond\"]}]},{\"@type\":\"WebPage\",\"@id\":\"https:\/\/jornalfatosenoticias.com.br\/index.php\/2023\/02\/22\/telha-solar-invisivel-e-desenvolvida-na-italia\/\",\"url\":\"https:\/\/jornalfatosenoticias.com.br\/index.php\/2023\/02\/22\/telha-solar-invisivel-e-desenvolvida-na-italia\/\",\"name\":\"Telha solar \u201cinvis\u00edvel\u201d \u00e9 desenvolvida na It\u00e1lia - Jornal Fatos e Not\u00edcias\",\"isPartOf\":{\"@id\":\"https:\/\/jornalfatosenoticias.com.br\/#website\"},\"primaryImageOfPage\":{\"@id\":\"https:\/\/jornalfatosenoticias.com.br\/index.php\/2023\/02\/22\/telha-solar-invisivel-e-desenvolvida-na-italia\/#primaryimage\"},\"image\":{\"@id\":\"https:\/\/jornalfatosenoticias.com.br\/index.php\/2023\/02\/22\/telha-solar-invisivel-e-desenvolvida-na-italia\/#primaryimage\"},\"thumbnailUrl\":\"https:\/\/jornalfatosenoticias.com.br\/wp-content\/uploads\/2023\/02\/Telha-solar-invisivel-ciclovivo2.jpg\",\"datePublished\":\"2023-02-22T12:48:09+00:00\",\"dateModified\":\"2023-02-22T12:48:11+00:00\",\"breadcrumb\":{\"@id\":\"https:\/\/jornalfatosenoticias.com.br\/index.php\/2023\/02\/22\/telha-solar-invisivel-e-desenvolvida-na-italia\/#breadcrumb\"},\"inLanguage\":\"pt-BR\",\"potentialAction\":[{\"@type\":\"ReadAction\",\"target\":[\"https:\/\/jornalfatosenoticias.com.br\/index.php\/2023\/02\/22\/telha-solar-invisivel-e-desenvolvida-na-italia\/\"]}]},{\"@type\":\"ImageObject\",\"inLanguage\":\"pt-BR\",\"@id\":\"https:\/\/jornalfatosenoticias.com.br\/index.php\/2023\/02\/22\/telha-solar-invisivel-e-desenvolvida-na-italia\/#primaryimage\",\"url\":\"https:\/\/jornalfatosenoticias.com.br\/wp-content\/uploads\/2023\/02\/Telha-solar-invisivel-ciclovivo2.jpg\",\"contentUrl\":\"https:\/\/jornalfatosenoticias.com.br\/wp-content\/uploads\/2023\/02\/Telha-solar-invisivel-ciclovivo2.jpg\",\"width\":1000,\"height\":439},{\"@type\":\"BreadcrumbList\",\"@id\":\"https:\/\/jornalfatosenoticias.com.br\/index.php\/2023\/02\/22\/telha-solar-invisivel-e-desenvolvida-na-italia\/#breadcrumb\",\"itemListElement\":[{\"@type\":\"ListItem\",\"position\":1,\"name\":\"In\u00edcio\",\"item\":\"https:\/\/jornalfatosenoticias.com.br\/\"},{\"@type\":\"ListItem\",\"position\":2,\"name\":\"Telha solar \u201cinvis\u00edvel\u201d \u00e9 desenvolvida na It\u00e1lia\"}]},{\"@type\":\"WebSite\",\"@id\":\"https:\/\/jornalfatosenoticias.com.br\/#website\",\"url\":\"https:\/\/jornalfatosenoticias.com.br\/\",\"name\":\"Jornal Fatos e Not\u00edcias\",\"description\":\"Not\u00edcias em geral\",\"publisher\":{\"@id\":\"https:\/\/jornalfatosenoticias.com.br\/#organization\"},\"potentialAction\":[{\"@type\":\"SearchAction\",\"target\":{\"@type\":\"EntryPoint\",\"urlTemplate\":\"https:\/\/jornalfatosenoticias.com.br\/?s={search_term_string}\"},\"query-input\":{\"@type\":\"PropertyValueSpecification\",\"valueRequired\":true,\"valueName\":\"search_term_string\"}}],\"inLanguage\":\"pt-BR\"},{\"@type\":\"Organization\",\"@id\":\"https:\/\/jornalfatosenoticias.com.br\/#organization\",\"name\":\"Jornal Fatos e Not\u00edcias\",\"url\":\"https:\/\/jornalfatosenoticias.com.br\/\",\"logo\":{\"@type\":\"ImageObject\",\"inLanguage\":\"pt-BR\",\"@id\":\"https:\/\/jornalfatosenoticias.com.br\/#\/schema\/logo\/image\/\",\"url\":\"https:\/\/jornalfatosenoticias.com.br\/wp-content\/uploads\/2020\/02\/logo120.png\",\"contentUrl\":\"https:\/\/jornalfatosenoticias.com.br\/wp-content\/uploads\/2020\/02\/logo120.png\",\"width\":1227,\"height\":120,\"caption\":\"Jornal Fatos e Not\u00edcias\"},\"image\":{\"@id\":\"https:\/\/jornalfatosenoticias.com.br\/#\/schema\/logo\/image\/\"}},{\"@type\":\"Person\",\"@id\":\"https:\/\/jornalfatosenoticias.com.br\/#\/schema\/person\/d63837fa13ac8666eb9e74e0985d6f81\",\"name\":\"Luzimara Fernandes\",\"image\":{\"@type\":\"ImageObject\",\"inLanguage\":\"pt-BR\",\"@id\":\"https:\/\/jornalfatosenoticias.com.br\/#\/schema\/person\/image\/\",\"url\":\"https:\/\/jornalfatosenoticias.com.br\/wp-content\/uploads\/2025\/05\/EU_portal.jpg\",\"contentUrl\":\"https:\/\/jornalfatosenoticias.com.br\/wp-content\/uploads\/2025\/05\/EU_portal.jpg\",\"caption\":\"Luzimara Fernandes\"},\"description\":\"Jornalista MTB 2358-ES\",\"sameAs\":[\"https:\/\/jornalfatosenoticias.com.br\"],\"url\":\"https:\/\/jornalfatosenoticias.com.br\/index.php\/author\/luzimara\/\"}]}<\/script>\n<!-- \/ Yoast SEO plugin. -->","yoast_head_json":{"title":"Telha solar \u201cinvis\u00edvel\u201d \u00e9 desenvolvida na It\u00e1lia - Jornal Fatos e Not\u00edcias","robots":{"index":"index","follow":"follow","max-snippet":"max-snippet:-1","max-image-preview":"max-image-preview:large","max-video-preview":"max-video-preview:-1"},"canonical":"https:\/\/jornalfatosenoticias.com.br\/index.php\/2023\/02\/22\/telha-solar-invisivel-e-desenvolvida-na-italia\/","og_locale":"pt_BR","og_type":"article","og_title":"Telha solar \u201cinvis\u00edvel\u201d \u00e9 desenvolvida na It\u00e1lia - Jornal Fatos e Not\u00edcias","og_description":"Similar \u00e0s telhas de barro, produto j\u00e1 \u00e9 aplicado em locais de patrim\u00f4nio hist\u00f3rico As possibilidades de gerar energia solar em casa est\u00e3o cada vez mais sofisticadas. Enquanto os custos de compra e instala\u00e7\u00e3o de pain\u00e9is solares comuns ainda s\u00e3o barreiras, as telhas solares \u2014 que integram as c\u00e9lulas fotovoltaicas com o pr\u00f3prio material do [&hellip;]","og_url":"https:\/\/jornalfatosenoticias.com.br\/index.php\/2023\/02\/22\/telha-solar-invisivel-e-desenvolvida-na-italia\/","og_site_name":"Jornal Fatos e Not\u00edcias","article_published_time":"2023-02-22T12:48:09+00:00","article_modified_time":"2023-02-22T12:48:11+00:00","og_image":[{"width":1000,"height":439,"url":"https:\/\/jornalfatosenoticias.com.br\/wp-content\/uploads\/2023\/02\/Telha-solar-invisivel-ciclovivo2.jpg","type":"image\/jpeg"}],"author":"Luzimara Fernandes","twitter_card":"summary_large_image","twitter_misc":{"Escrito por":"Luzimara Fernandes","Est. tempo de leitura":"3 minutos"},"schema":{"@context":"https:\/\/schema.org","@graph":[{"@type":"Article","@id":"https:\/\/jornalfatosenoticias.com.br\/index.php\/2023\/02\/22\/telha-solar-invisivel-e-desenvolvida-na-italia\/#article","isPartOf":{"@id":"https:\/\/jornalfatosenoticias.com.br\/index.php\/2023\/02\/22\/telha-solar-invisivel-e-desenvolvida-na-italia\/"},"author":{"name":"Luzimara Fernandes","@id":"https:\/\/jornalfatosenoticias.com.br\/#\/schema\/person\/d63837fa13ac8666eb9e74e0985d6f81"},"headline":"Telha solar \u201cinvis\u00edvel\u201d \u00e9 desenvolvida na It\u00e1lia","datePublished":"2023-02-22T12:48:09+00:00","dateModified":"2023-02-22T12:48:11+00:00","mainEntityOfPage":{"@id":"https:\/\/jornalfatosenoticias.com.br\/index.php\/2023\/02\/22\/telha-solar-invisivel-e-desenvolvida-na-italia\/"},"wordCount":648,"commentCount":0,"publisher":{"@id":"https:\/\/jornalfatosenoticias.com.br\/#organization"},"image":{"@id":"https:\/\/jornalfatosenoticias.com.br\/index.php\/2023\/02\/22\/telha-solar-invisivel-e-desenvolvida-na-italia\/#primaryimage"},"thumbnailUrl":"https:\/\/jornalfatosenoticias.com.br\/wp-content\/uploads\/2023\/02\/Telha-solar-invisivel-ciclovivo2.jpg","keywords":["Dyaqua","It\u00e1lia","telha solar","telha solar invis\u00edvel"],"articleSection":["Arq &amp; Urb","Tecnologia &amp; Inova\u00e7\u00e3o"],"inLanguage":"pt-BR","potentialAction":[{"@type":"CommentAction","name":"Comment","target":["https:\/\/jornalfatosenoticias.com.br\/index.php\/2023\/02\/22\/telha-solar-invisivel-e-desenvolvida-na-italia\/#respond"]}]},{"@type":"WebPage","@id":"https:\/\/jornalfatosenoticias.com.br\/index.php\/2023\/02\/22\/telha-solar-invisivel-e-desenvolvida-na-italia\/","url":"https:\/\/jornalfatosenoticias.com.br\/index.php\/2023\/02\/22\/telha-solar-invisivel-e-desenvolvida-na-italia\/","name":"Telha solar \u201cinvis\u00edvel\u201d \u00e9 desenvolvida na It\u00e1lia - Jornal Fatos e Not\u00edcias","isPartOf":{"@id":"https:\/\/jornalfatosenoticias.com.br\/#website"},"primaryImageOfPage":{"@id":"https:\/\/jornalfatosenoticias.com.br\/index.php\/2023\/02\/22\/telha-solar-invisivel-e-desenvolvida-na-italia\/#primaryimage"},"image":{"@id":"https:\/\/jornalfatosenoticias.com.br\/index.php\/2023\/02\/22\/telha-solar-invisivel-e-desenvolvida-na-italia\/#primaryimage"},"thumbnailUrl":"https:\/\/jornalfatosenoticias.com.br\/wp-content\/uploads\/2023\/02\/Telha-solar-invisivel-ciclovivo2.jpg","datePublished":"2023-02-22T12:48:09+00:00","dateModified":"2023-02-22T12:48:11+00:00","breadcrumb":{"@id":"https:\/\/jornalfatosenoticias.com.br\/index.php\/2023\/02\/22\/telha-solar-invisivel-e-desenvolvida-na-italia\/#breadcrumb"},"inLanguage":"pt-BR","potentialAction":[{"@type":"ReadAction","target":["https:\/\/jornalfatosenoticias.com.br\/index.php\/2023\/02\/22\/telha-solar-invisivel-e-desenvolvida-na-italia\/"]}]},{"@type":"ImageObject","inLanguage":"pt-BR","@id":"https:\/\/jornalfatosenoticias.com.br\/index.php\/2023\/02\/22\/telha-solar-invisivel-e-desenvolvida-na-italia\/#primaryimage","url":"https:\/\/jornalfatosenoticias.com.br\/wp-content\/uploads\/2023\/02\/Telha-solar-invisivel-ciclovivo2.jpg","contentUrl":"https:\/\/jornalfatosenoticias.com.br\/wp-content\/uploads\/2023\/02\/Telha-solar-invisivel-ciclovivo2.jpg","width":1000,"height":439},{"@type":"BreadcrumbList","@id":"https:\/\/jornalfatosenoticias.com.br\/index.php\/2023\/02\/22\/telha-solar-invisivel-e-desenvolvida-na-italia\/#breadcrumb","itemListElement":[{"@type":"ListItem","position":1,"name":"In\u00edcio","item":"https:\/\/jornalfatosenoticias.com.br\/"},{"@type":"ListItem","position":2,"name":"Telha solar \u201cinvis\u00edvel\u201d \u00e9 desenvolvida na It\u00e1lia"}]},{"@type":"WebSite","@id":"https:\/\/jornalfatosenoticias.com.br\/#website","url":"https:\/\/jornalfatosenoticias.com.br\/","name":"Jornal Fatos e Not\u00edcias","description":"Not\u00edcias em geral","publisher":{"@id":"https:\/\/jornalfatosenoticias.com.br\/#organization"},"potentialAction":[{"@type":"SearchAction","target":{"@type":"EntryPoint","urlTemplate":"https:\/\/jornalfatosenoticias.com.br\/?s={search_term_string}"},"query-input":{"@type":"PropertyValueSpecification","valueRequired":true,"valueName":"search_term_string"}}],"inLanguage":"pt-BR"},{"@type":"Organization","@id":"https:\/\/jornalfatosenoticias.com.br\/#organization","name":"Jornal Fatos e Not\u00edcias","url":"https:\/\/jornalfatosenoticias.com.br\/","logo":{"@type":"ImageObject","inLanguage":"pt-BR","@id":"https:\/\/jornalfatosenoticias.com.br\/#\/schema\/logo\/image\/","url":"https:\/\/jornalfatosenoticias.com.br\/wp-content\/uploads\/2020\/02\/logo120.png","contentUrl":"https:\/\/jornalfatosenoticias.com.br\/wp-content\/uploads\/2020\/02\/logo120.png","width":1227,"height":120,"caption":"Jornal Fatos e Not\u00edcias"},"image":{"@id":"https:\/\/jornalfatosenoticias.com.br\/#\/schema\/logo\/image\/"}},{"@type":"Person","@id":"https:\/\/jornalfatosenoticias.com.br\/#\/schema\/person\/d63837fa13ac8666eb9e74e0985d6f81","name":"Luzimara Fernandes","image":{"@type":"ImageObject","inLanguage":"pt-BR","@id":"https:\/\/jornalfatosenoticias.com.br\/#\/schema\/person\/image\/","url":"https:\/\/jornalfatosenoticias.com.br\/wp-content\/uploads\/2025\/05\/EU_portal.jpg","contentUrl":"https:\/\/jornalfatosenoticias.com.br\/wp-content\/uploads\/2025\/05\/EU_portal.jpg","caption":"Luzimara Fernandes"},"description":"Jornalista MTB 2358-ES","sameAs":["https:\/\/jornalfatosenoticias.com.br"],"url":"https:\/\/jornalfatosenoticias.com.br\/index.php\/author\/luzimara\/"}]}},"cc_featured_image_caption":{"caption_text":"(Foto: Dyaqua)","source_text":"","source_url":""},"jetpack_featured_media_url":"https:\/\/jornalfatosenoticias.com.br\/wp-content\/uploads\/2023\/02\/Telha-solar-invisivel-ciclovivo2.jpg","_links":{"self":[{"href":"https:\/\/jornalfatosenoticias.com.br\/index.php\/wp-json\/wp\/v2\/posts\/38911","targetHints":{"allow":["GET"]}}],"collection":[{"href":"https:\/\/jornalfatosenoticias.com.br\/index.php\/wp-json\/wp\/v2\/posts"}],"about":[{"href":"https:\/\/jornalfatosenoticias.com.br\/index.php\/wp-json\/wp\/v2\/types\/post"}],"author":[{"embeddable":true,"href":"https:\/\/jornalfatosenoticias.com.br\/index.php\/wp-json\/wp\/v2\/users\/2"}],"replies":[{"embeddable":true,"href":"https:\/\/jornalfatosenoticias.com.br\/index.php\/wp-json\/wp\/v2\/comments?post=38911"}],"version-history":[{"count":0,"href":"https:\/\/jornalfatosenoticias.com.br\/index.php\/wp-json\/wp\/v2\/posts\/38911\/revisions"}],"wp:featuredmedia":[{"embeddable":true,"href":"https:\/\/jornalfatosenoticias.com.br\/index.php\/wp-json\/wp\/v2\/media\/38913"}],"wp:attachment":[{"href":"https:\/\/jornalfatosenoticias.com.br\/index.php\/wp-json\/wp\/v2\/media?parent=38911"}],"wp:term":[{"taxonomy":"category","embeddable":true,"href":"https:\/\/jornalfatosenoticias.com.br\/index.php\/wp-json\/wp\/v2\/categories?post=38911"},{"taxonomy":"post_tag","embeddable":true,"href":"https:\/\/jornalfatosenoticias.com.br\/index.php\/wp-json\/wp\/v2\/tags?post=38911"}],"curies":[{"name":"wp","href":"https:\/\/api.w.org\/{rel}","templated":true}]}}