{"id":39006,"date":"2023-02-24T09:36:58","date_gmt":"2023-02-24T12:36:58","guid":{"rendered":"https:\/\/jornalfatosenoticias.com.br\/?p=39006"},"modified":"2023-02-24T09:36:59","modified_gmt":"2023-02-24T12:36:59","slug":"ansiedade-faz-parte-do-envelhecimento-mas-merece-atencao","status":"publish","type":"post","link":"https:\/\/jornalfatosenoticias.com.br\/index.php\/2023\/02\/24\/ansiedade-faz-parte-do-envelhecimento-mas-merece-atencao\/","title":{"rendered":"Ansiedade faz parte do envelhecimento, mas merece aten\u00e7\u00e3o"},"content":{"rendered":"\n<p><em><span class=\"has-inline-color has-black-color\">Psicanalista explica como as quest\u00f5es acerca do envelhecimento est\u00e3o associadas ao desenvolvimento de ansiedade e depress\u00e3o<\/span><\/em><\/p>\n\n\n\n<div class=\"wp-block-image\"><figure class=\"aligncenter size-large\"><img decoding=\"async\" src=\"https:\/\/jornalfatosenoticias.com.br\/wp-content\/uploads\/2020\/02\/logo-embacia-1-1024x110.jpg\" alt=\"\" class=\"wp-image-33954\"\/><\/figure><\/div>\n\n\n\n<p>O envelhecimento \u00e9 uma etapa natural da vida natural, inerente a todo ser humano. Ali\u00e1s, a popula\u00e7\u00e3o brasileira est\u00e1 ficando cada vez mais velha. Segundo previs\u00e3o do Minist\u00e9rio da Sa\u00fade para o ano de 2050, a expectativa no Brasil, bem como em todo o mundo, \u00e9 de que existir\u00e3o mais idosos que crian\u00e7as menores de 15 anos. Portanto, torna- se cada vez mais importante pensar na sa\u00fade tanto f\u00edsica quanto mental dessa popula\u00e7\u00e3o, o que inclui quest\u00f5es de depress\u00e3o e ansiedade.<\/p>\n\n\n\n<div class=\"wp-block-image\"><figure class=\"aligncenter size-large\"><img decoding=\"async\" src=\"https:\/\/jornalfatosenoticias.com.br\/wp-content\/uploads\/2020\/02\/barao-das-carnes-300x164-1.jpg\" alt=\"\" class=\"wp-image-34339\"\/><\/figure><\/div>\n\n\n\n<p>A doutora em psicologia pela Pontif\u00edcia Universidade Cat\u00f3lica (PUC-SP) e psicanalista pela Sociedade Brasileira de Psican\u00e1lise, Blenda de Oliveira, explica que um dos fatores que traz ansiedade no processo de perda da juventude \u00e9 a passagem do tempo e, consequentemente, a proximidade com a morte. <\/p>\n\n\n\n<div class=\"wp-block-image\"><figure class=\"aligncenter size-large\"><img loading=\"lazy\" decoding=\"async\" width=\"300\" height=\"300\" src=\"https:\/\/jornalfatosenoticias.com.br\/wp-content\/uploads\/2020\/02\/casa-do-torresmo_portal.jpg\" alt=\"\" class=\"wp-image-34472\" srcset=\"https:\/\/jornalfatosenoticias.com.br\/wp-content\/uploads\/2020\/02\/casa-do-torresmo_portal.jpg 300w, https:\/\/jornalfatosenoticias.com.br\/wp-content\/uploads\/2020\/02\/casa-do-torresmo_portal-150x150.jpg 150w\" sizes=\"auto, (max-width: 300px) 100vw, 300px\" \/><\/figure><\/div>\n\n\n\n<figure class=\"wp-block-pullquote\"><blockquote><p><span class=\"has-inline-color has-luminous-vivid-orange-color\">Vivemos em uma cultura ocidental na qual a morte \u00e9 um tabu. Desse modo, somos treinados a n\u00e3o falar sobre esse tema&#8221;, explica.<\/span><\/p><\/blockquote><\/figure>\n\n\n\n<div class=\"wp-block-image\"><figure class=\"aligncenter size-large is-resized\"><img loading=\"lazy\" decoding=\"async\" src=\"https:\/\/jornalfatosenoticias.com.br\/wp-content\/uploads\/2020\/02\/logo-clinica-limoeiro.jpg\" alt=\"\" class=\"wp-image-34610\" width=\"299\" height=\"212\"\/><\/figure><\/div>\n\n\n\n<p>Em seu consult\u00f3rio, a especialista come\u00e7ou a perceber atrav\u00e9s dos casos apresentados, que a forma como as mulheres lidavam com o envelhecimento envolviam quest\u00f5es diferentes dos seus pacientes do sexo masculino. <\/p>\n\n\n\n<div class=\"wp-block-image\"><figure class=\"aligncenter size-large\"><img decoding=\"async\" src=\"https:\/\/jornalfatosenoticias.com.br\/wp-content\/uploads\/2023\/02\/faserra_portal.jpg\" alt=\"\" class=\"wp-image-38905\"\/><\/figure><\/div>\n\n\n\n<figure class=\"wp-block-pullquote\"><blockquote><p><span class=\"has-inline-color has-luminous-vivid-orange-color\">No caso das mulheres, a ansiedade na terceira idade envolvia quest\u00f5es como sentimento de perda da beleza f\u00edsica, atratividade e dos atributos de sedu\u00e7\u00e3o. E no caso dos homens, percebi quest\u00f5es que envolviam sentimentos relacionados \u00e0 perda de pot\u00eancia, virilidade e poder&#8221;, diz.<\/span><\/p><\/blockquote><\/figure>\n\n\n\n<div class=\"wp-block-image\"><figure class=\"aligncenter size-large\"><img loading=\"lazy\" decoding=\"async\" width=\"1024\" height=\"100\" src=\"https:\/\/jornalfatosenoticias.com.br\/wp-content\/uploads\/2020\/02\/banner_ferramentas-1024x100.jpg\" alt=\"\" class=\"wp-image-1258\" srcset=\"https:\/\/jornalfatosenoticias.com.br\/wp-content\/uploads\/2020\/02\/banner_ferramentas-1024x100.jpg 1024w, https:\/\/jornalfatosenoticias.com.br\/wp-content\/uploads\/2020\/02\/banner_ferramentas-300x29.jpg 300w, https:\/\/jornalfatosenoticias.com.br\/wp-content\/uploads\/2020\/02\/banner_ferramentas-768x75.jpg 768w, https:\/\/jornalfatosenoticias.com.br\/wp-content\/uploads\/2020\/02\/banner_ferramentas.jpg 1227w\" sizes=\"auto, (max-width: 1024px) 100vw, 1024px\" \/><\/figure><\/div>\n\n\n\n<p>Blenda lembra que a concep\u00e7\u00e3o do processo de envelhecimento mudou muito nos \u00faltimos anos. Felizmente, foi para uma forma positiva e n\u00e3o mais com a ideia de perda de vitalidade como era comum no final do s\u00e9culo XIX e in\u00edcio do s\u00e9culo XX. Mas \u00e9 claro que ainda h\u00e1 muito o que fazer para acabar com os estigmas do envelhecimento.<\/p>\n\n\n\n<div class=\"wp-block-image\"><figure class=\"aligncenter size-large is-resized\"><img loading=\"lazy\" decoding=\"async\" src=\"https:\/\/jornalfatosenoticias.com.br\/wp-content\/uploads\/2022\/10\/Arte-jornal-Zucchi-600x600_Prancheta-1-1024x1024.jpg\" alt=\"\" class=\"wp-image-34782\" width=\"285\" height=\"285\" srcset=\"https:\/\/jornalfatosenoticias.com.br\/wp-content\/uploads\/2022\/10\/Arte-jornal-Zucchi-600x600_Prancheta-1-1024x1024.jpg 1024w, https:\/\/jornalfatosenoticias.com.br\/wp-content\/uploads\/2022\/10\/Arte-jornal-Zucchi-600x600_Prancheta-1-300x300.jpg 300w, https:\/\/jornalfatosenoticias.com.br\/wp-content\/uploads\/2022\/10\/Arte-jornal-Zucchi-600x600_Prancheta-1-150x150.jpg 150w, https:\/\/jornalfatosenoticias.com.br\/wp-content\/uploads\/2022\/10\/Arte-jornal-Zucchi-600x600_Prancheta-1-768x768.jpg 768w, https:\/\/jornalfatosenoticias.com.br\/wp-content\/uploads\/2022\/10\/Arte-jornal-Zucchi-600x600_Prancheta-1.jpg 1250w\" sizes=\"auto, (max-width: 285px) 100vw, 285px\" \/><\/figure><\/div>\n\n\n\n<figure class=\"wp-block-pullquote\"><blockquote><p><span class=\"has-inline-color has-luminous-vivid-orange-color\">\u00c9 preciso envelhecer de forma saud\u00e1vel, sem eliminar as ansiedades pr\u00f3prias desse ciclo da vida. Essa etapa inclusive \u00e9 um processo que pode ser constru\u00eddo a partir dos nossos outros est\u00e1gios como inf\u00e2ncia, juventude e idade madura&#8221;, afirma. Segundo Blenda podemos encontrar potencialidades e algo novo dentro de si, sendo a &#8220;velhice&#8221; um momento crucial de grandes realiza\u00e7\u00f5es.<\/span><\/p><\/blockquote><\/figure>\n\n\n\n<div class=\"wp-block-image\"><figure class=\"aligncenter size-large\"><img loading=\"lazy\" decoding=\"async\" width=\"560\" height=\"60\" src=\"https:\/\/jornalfatosenoticias.com.br\/wp-content\/uploads\/2022\/10\/Propaganda-RC-Radiadores-Jornal_page-0001.jpg\" alt=\"\" class=\"wp-image-35270\" srcset=\"https:\/\/jornalfatosenoticias.com.br\/wp-content\/uploads\/2022\/10\/Propaganda-RC-Radiadores-Jornal_page-0001.jpg 560w, https:\/\/jornalfatosenoticias.com.br\/wp-content\/uploads\/2022\/10\/Propaganda-RC-Radiadores-Jornal_page-0001-300x32.jpg 300w\" sizes=\"auto, (max-width: 560px) 100vw, 560px\" \/><\/figure><\/div>\n\n\n\n<p>A psicanalista acrescenta que, na terceira idade, muitas vezes o maior desafio enfrentado pela pessoa idosa \u00e9 o cultural, pois vivemos em uma sociedade limitante que coloca o idoso em uma posi\u00e7\u00e3o que o desvaloriza. &#8220;Essa faixa et\u00e1ria tem libido, desejo, capacidades laborais e muito ainda a contribuir para a sociedade&#8221;, destaca.<\/p>\n\n\n\n<p><strong><em>Fonte: <a href=\"https:\/\/www.terra.com.br\/vida-e-estilo\/saude\/ansiedade-faz-parte-do-envelhecimento-mas-merece-atencao-entenda,ca7e99ecb89129bfe7808eb403faff8enjh7aab2.html\">Terra<\/a><\/em><\/strong><\/p>\n","protected":false},"excerpt":{"rendered":"<p>Psicanalista explica como as quest\u00f5es acerca do envelhecimento est\u00e3o associadas ao desenvolvimento de ansiedade e depress\u00e3o O envelhecimento \u00e9 uma etapa natural da vida natural, inerente a todo ser humano. Ali\u00e1s, a popula\u00e7\u00e3o brasileira est\u00e1 ficando cada vez mais velha. Segundo previs\u00e3o do Minist\u00e9rio da Sa\u00fade para o ano de 2050, a expectativa no Brasil, [&hellip;]<\/p>\n","protected":false},"author":2,"featured_media":39007,"comment_status":"open","ping_status":"open","sticky":false,"template":"","format":"standard","meta":{"footnotes":""},"categories":[2522],"tags":[2279,2375,2586,5518],"class_list":["post-39006","post","type-post","status-publish","format-standard","has-post-thumbnail","hentry","category-comportamento","tag-ansiedade","tag-depressao","tag-envelhecimento","tag-idade"],"yoast_head":"<!-- This site is optimized with the Yoast SEO plugin v26.5 - https:\/\/yoast.com\/wordpress\/plugins\/seo\/ -->\n<title>Ansiedade faz parte do envelhecimento, mas merece aten\u00e7\u00e3o - Jornal Fatos e Not\u00edcias<\/title>\n<meta name=\"robots\" content=\"index, follow, max-snippet:-1, max-image-preview:large, max-video-preview:-1\" \/>\n<link rel=\"canonical\" href=\"https:\/\/jornalfatosenoticias.com.br\/index.php\/2023\/02\/24\/ansiedade-faz-parte-do-envelhecimento-mas-merece-atencao\/\" \/>\n<meta property=\"og:locale\" content=\"pt_BR\" \/>\n<meta property=\"og:type\" content=\"article\" \/>\n<meta property=\"og:title\" content=\"Ansiedade faz parte do envelhecimento, mas merece aten\u00e7\u00e3o - Jornal Fatos e Not\u00edcias\" \/>\n<meta property=\"og:description\" content=\"Psicanalista explica como as quest\u00f5es acerca do envelhecimento est\u00e3o associadas ao desenvolvimento de ansiedade e depress\u00e3o O envelhecimento \u00e9 uma etapa natural da vida natural, inerente a todo ser humano. Ali\u00e1s, a popula\u00e7\u00e3o brasileira est\u00e1 ficando cada vez mais velha. Segundo previs\u00e3o do Minist\u00e9rio da Sa\u00fade para o ano de 2050, a expectativa no Brasil, [&hellip;]\" \/>\n<meta property=\"og:url\" content=\"https:\/\/jornalfatosenoticias.com.br\/index.php\/2023\/02\/24\/ansiedade-faz-parte-do-envelhecimento-mas-merece-atencao\/\" \/>\n<meta property=\"og:site_name\" content=\"Jornal Fatos e Not\u00edcias\" \/>\n<meta property=\"article:published_time\" content=\"2023-02-24T12:36:58+00:00\" \/>\n<meta property=\"article:modified_time\" content=\"2023-02-24T12:36:59+00:00\" \/>\n<meta property=\"og:image\" content=\"https:\/\/jornalfatosenoticias.com.br\/wp-content\/uploads\/2023\/02\/Ansiedade-faz-parte-do-envelhecimento.jpg\" \/>\n\t<meta property=\"og:image:width\" content=\"1000\" \/>\n\t<meta property=\"og:image:height\" content=\"667\" \/>\n\t<meta property=\"og:image:type\" content=\"image\/jpeg\" \/>\n<meta name=\"author\" content=\"Luzimara Fernandes\" \/>\n<meta name=\"twitter:card\" content=\"summary_large_image\" \/>\n<meta name=\"twitter:label1\" content=\"Escrito por\" \/>\n\t<meta name=\"twitter:data1\" content=\"Luzimara Fernandes\" \/>\n\t<meta name=\"twitter:label2\" content=\"Est. tempo de leitura\" \/>\n\t<meta name=\"twitter:data2\" content=\"2 minutos\" \/>\n<script type=\"application\/ld+json\" class=\"yoast-schema-graph\">{\"@context\":\"https:\/\/schema.org\",\"@graph\":[{\"@type\":\"Article\",\"@id\":\"https:\/\/jornalfatosenoticias.com.br\/index.php\/2023\/02\/24\/ansiedade-faz-parte-do-envelhecimento-mas-merece-atencao\/#article\",\"isPartOf\":{\"@id\":\"https:\/\/jornalfatosenoticias.com.br\/index.php\/2023\/02\/24\/ansiedade-faz-parte-do-envelhecimento-mas-merece-atencao\/\"},\"author\":{\"name\":\"Luzimara Fernandes\",\"@id\":\"https:\/\/jornalfatosenoticias.com.br\/#\/schema\/person\/d63837fa13ac8666eb9e74e0985d6f81\"},\"headline\":\"Ansiedade faz parte do envelhecimento, mas merece aten\u00e7\u00e3o\",\"datePublished\":\"2023-02-24T12:36:58+00:00\",\"dateModified\":\"2023-02-24T12:36:59+00:00\",\"mainEntityOfPage\":{\"@id\":\"https:\/\/jornalfatosenoticias.com.br\/index.php\/2023\/02\/24\/ansiedade-faz-parte-do-envelhecimento-mas-merece-atencao\/\"},\"wordCount\":450,\"commentCount\":0,\"publisher\":{\"@id\":\"https:\/\/jornalfatosenoticias.com.br\/#organization\"},\"image\":{\"@id\":\"https:\/\/jornalfatosenoticias.com.br\/index.php\/2023\/02\/24\/ansiedade-faz-parte-do-envelhecimento-mas-merece-atencao\/#primaryimage\"},\"thumbnailUrl\":\"https:\/\/jornalfatosenoticias.com.br\/wp-content\/uploads\/2023\/02\/Ansiedade-faz-parte-do-envelhecimento.jpg\",\"keywords\":[\"ansiedade\",\"depress\u00e3o\",\"envelhecimento\",\"idade\"],\"articleSection\":[\"Comportamento &amp; Equil\u00edbrio\"],\"inLanguage\":\"pt-BR\",\"potentialAction\":[{\"@type\":\"CommentAction\",\"name\":\"Comment\",\"target\":[\"https:\/\/jornalfatosenoticias.com.br\/index.php\/2023\/02\/24\/ansiedade-faz-parte-do-envelhecimento-mas-merece-atencao\/#respond\"]}]},{\"@type\":\"WebPage\",\"@id\":\"https:\/\/jornalfatosenoticias.com.br\/index.php\/2023\/02\/24\/ansiedade-faz-parte-do-envelhecimento-mas-merece-atencao\/\",\"url\":\"https:\/\/jornalfatosenoticias.com.br\/index.php\/2023\/02\/24\/ansiedade-faz-parte-do-envelhecimento-mas-merece-atencao\/\",\"name\":\"Ansiedade faz parte do envelhecimento, mas merece aten\u00e7\u00e3o - Jornal Fatos e Not\u00edcias\",\"isPartOf\":{\"@id\":\"https:\/\/jornalfatosenoticias.com.br\/#website\"},\"primaryImageOfPage\":{\"@id\":\"https:\/\/jornalfatosenoticias.com.br\/index.php\/2023\/02\/24\/ansiedade-faz-parte-do-envelhecimento-mas-merece-atencao\/#primaryimage\"},\"image\":{\"@id\":\"https:\/\/jornalfatosenoticias.com.br\/index.php\/2023\/02\/24\/ansiedade-faz-parte-do-envelhecimento-mas-merece-atencao\/#primaryimage\"},\"thumbnailUrl\":\"https:\/\/jornalfatosenoticias.com.br\/wp-content\/uploads\/2023\/02\/Ansiedade-faz-parte-do-envelhecimento.jpg\",\"datePublished\":\"2023-02-24T12:36:58+00:00\",\"dateModified\":\"2023-02-24T12:36:59+00:00\",\"breadcrumb\":{\"@id\":\"https:\/\/jornalfatosenoticias.com.br\/index.php\/2023\/02\/24\/ansiedade-faz-parte-do-envelhecimento-mas-merece-atencao\/#breadcrumb\"},\"inLanguage\":\"pt-BR\",\"potentialAction\":[{\"@type\":\"ReadAction\",\"target\":[\"https:\/\/jornalfatosenoticias.com.br\/index.php\/2023\/02\/24\/ansiedade-faz-parte-do-envelhecimento-mas-merece-atencao\/\"]}]},{\"@type\":\"ImageObject\",\"inLanguage\":\"pt-BR\",\"@id\":\"https:\/\/jornalfatosenoticias.com.br\/index.php\/2023\/02\/24\/ansiedade-faz-parte-do-envelhecimento-mas-merece-atencao\/#primaryimage\",\"url\":\"https:\/\/jornalfatosenoticias.com.br\/wp-content\/uploads\/2023\/02\/Ansiedade-faz-parte-do-envelhecimento.jpg\",\"contentUrl\":\"https:\/\/jornalfatosenoticias.com.br\/wp-content\/uploads\/2023\/02\/Ansiedade-faz-parte-do-envelhecimento.jpg\",\"width\":1000,\"height\":667},{\"@type\":\"BreadcrumbList\",\"@id\":\"https:\/\/jornalfatosenoticias.com.br\/index.php\/2023\/02\/24\/ansiedade-faz-parte-do-envelhecimento-mas-merece-atencao\/#breadcrumb\",\"itemListElement\":[{\"@type\":\"ListItem\",\"position\":1,\"name\":\"In\u00edcio\",\"item\":\"https:\/\/jornalfatosenoticias.com.br\/\"},{\"@type\":\"ListItem\",\"position\":2,\"name\":\"Ansiedade faz parte do envelhecimento, mas merece aten\u00e7\u00e3o\"}]},{\"@type\":\"WebSite\",\"@id\":\"https:\/\/jornalfatosenoticias.com.br\/#website\",\"url\":\"https:\/\/jornalfatosenoticias.com.br\/\",\"name\":\"Jornal Fatos e Not\u00edcias\",\"description\":\"Not\u00edcias em geral\",\"publisher\":{\"@id\":\"https:\/\/jornalfatosenoticias.com.br\/#organization\"},\"potentialAction\":[{\"@type\":\"SearchAction\",\"target\":{\"@type\":\"EntryPoint\",\"urlTemplate\":\"https:\/\/jornalfatosenoticias.com.br\/?s={search_term_string}\"},\"query-input\":{\"@type\":\"PropertyValueSpecification\",\"valueRequired\":true,\"valueName\":\"search_term_string\"}}],\"inLanguage\":\"pt-BR\"},{\"@type\":\"Organization\",\"@id\":\"https:\/\/jornalfatosenoticias.com.br\/#organization\",\"name\":\"Jornal Fatos e Not\u00edcias\",\"url\":\"https:\/\/jornalfatosenoticias.com.br\/\",\"logo\":{\"@type\":\"ImageObject\",\"inLanguage\":\"pt-BR\",\"@id\":\"https:\/\/jornalfatosenoticias.com.br\/#\/schema\/logo\/image\/\",\"url\":\"https:\/\/jornalfatosenoticias.com.br\/wp-content\/uploads\/2020\/02\/logo120.png\",\"contentUrl\":\"https:\/\/jornalfatosenoticias.com.br\/wp-content\/uploads\/2020\/02\/logo120.png\",\"width\":1227,\"height\":120,\"caption\":\"Jornal Fatos e Not\u00edcias\"},\"image\":{\"@id\":\"https:\/\/jornalfatosenoticias.com.br\/#\/schema\/logo\/image\/\"}},{\"@type\":\"Person\",\"@id\":\"https:\/\/jornalfatosenoticias.com.br\/#\/schema\/person\/d63837fa13ac8666eb9e74e0985d6f81\",\"name\":\"Luzimara Fernandes\",\"image\":{\"@type\":\"ImageObject\",\"inLanguage\":\"pt-BR\",\"@id\":\"https:\/\/jornalfatosenoticias.com.br\/#\/schema\/person\/image\/\",\"url\":\"https:\/\/jornalfatosenoticias.com.br\/wp-content\/uploads\/2025\/05\/EU_portal.jpg\",\"contentUrl\":\"https:\/\/jornalfatosenoticias.com.br\/wp-content\/uploads\/2025\/05\/EU_portal.jpg\",\"caption\":\"Luzimara Fernandes\"},\"description\":\"Jornalista MTB 2358-ES\",\"sameAs\":[\"https:\/\/jornalfatosenoticias.com.br\"],\"url\":\"https:\/\/jornalfatosenoticias.com.br\/index.php\/author\/luzimara\/\"}]}<\/script>\n<!-- \/ Yoast SEO plugin. -->","yoast_head_json":{"title":"Ansiedade faz parte do envelhecimento, mas merece aten\u00e7\u00e3o - Jornal Fatos e Not\u00edcias","robots":{"index":"index","follow":"follow","max-snippet":"max-snippet:-1","max-image-preview":"max-image-preview:large","max-video-preview":"max-video-preview:-1"},"canonical":"https:\/\/jornalfatosenoticias.com.br\/index.php\/2023\/02\/24\/ansiedade-faz-parte-do-envelhecimento-mas-merece-atencao\/","og_locale":"pt_BR","og_type":"article","og_title":"Ansiedade faz parte do envelhecimento, mas merece aten\u00e7\u00e3o - Jornal Fatos e Not\u00edcias","og_description":"Psicanalista explica como as quest\u00f5es acerca do envelhecimento est\u00e3o associadas ao desenvolvimento de ansiedade e depress\u00e3o O envelhecimento \u00e9 uma etapa natural da vida natural, inerente a todo ser humano. Ali\u00e1s, a popula\u00e7\u00e3o brasileira est\u00e1 ficando cada vez mais velha. Segundo previs\u00e3o do Minist\u00e9rio da Sa\u00fade para o ano de 2050, a expectativa no Brasil, [&hellip;]","og_url":"https:\/\/jornalfatosenoticias.com.br\/index.php\/2023\/02\/24\/ansiedade-faz-parte-do-envelhecimento-mas-merece-atencao\/","og_site_name":"Jornal Fatos e Not\u00edcias","article_published_time":"2023-02-24T12:36:58+00:00","article_modified_time":"2023-02-24T12:36:59+00:00","og_image":[{"width":1000,"height":667,"url":"https:\/\/jornalfatosenoticias.com.br\/wp-content\/uploads\/2023\/02\/Ansiedade-faz-parte-do-envelhecimento.jpg","type":"image\/jpeg"}],"author":"Luzimara Fernandes","twitter_card":"summary_large_image","twitter_misc":{"Escrito por":"Luzimara Fernandes","Est. tempo de leitura":"2 minutos"},"schema":{"@context":"https:\/\/schema.org","@graph":[{"@type":"Article","@id":"https:\/\/jornalfatosenoticias.com.br\/index.php\/2023\/02\/24\/ansiedade-faz-parte-do-envelhecimento-mas-merece-atencao\/#article","isPartOf":{"@id":"https:\/\/jornalfatosenoticias.com.br\/index.php\/2023\/02\/24\/ansiedade-faz-parte-do-envelhecimento-mas-merece-atencao\/"},"author":{"name":"Luzimara Fernandes","@id":"https:\/\/jornalfatosenoticias.com.br\/#\/schema\/person\/d63837fa13ac8666eb9e74e0985d6f81"},"headline":"Ansiedade faz parte do envelhecimento, mas merece aten\u00e7\u00e3o","datePublished":"2023-02-24T12:36:58+00:00","dateModified":"2023-02-24T12:36:59+00:00","mainEntityOfPage":{"@id":"https:\/\/jornalfatosenoticias.com.br\/index.php\/2023\/02\/24\/ansiedade-faz-parte-do-envelhecimento-mas-merece-atencao\/"},"wordCount":450,"commentCount":0,"publisher":{"@id":"https:\/\/jornalfatosenoticias.com.br\/#organization"},"image":{"@id":"https:\/\/jornalfatosenoticias.com.br\/index.php\/2023\/02\/24\/ansiedade-faz-parte-do-envelhecimento-mas-merece-atencao\/#primaryimage"},"thumbnailUrl":"https:\/\/jornalfatosenoticias.com.br\/wp-content\/uploads\/2023\/02\/Ansiedade-faz-parte-do-envelhecimento.jpg","keywords":["ansiedade","depress\u00e3o","envelhecimento","idade"],"articleSection":["Comportamento &amp; Equil\u00edbrio"],"inLanguage":"pt-BR","potentialAction":[{"@type":"CommentAction","name":"Comment","target":["https:\/\/jornalfatosenoticias.com.br\/index.php\/2023\/02\/24\/ansiedade-faz-parte-do-envelhecimento-mas-merece-atencao\/#respond"]}]},{"@type":"WebPage","@id":"https:\/\/jornalfatosenoticias.com.br\/index.php\/2023\/02\/24\/ansiedade-faz-parte-do-envelhecimento-mas-merece-atencao\/","url":"https:\/\/jornalfatosenoticias.com.br\/index.php\/2023\/02\/24\/ansiedade-faz-parte-do-envelhecimento-mas-merece-atencao\/","name":"Ansiedade faz parte do envelhecimento, mas merece aten\u00e7\u00e3o - Jornal Fatos e Not\u00edcias","isPartOf":{"@id":"https:\/\/jornalfatosenoticias.com.br\/#website"},"primaryImageOfPage":{"@id":"https:\/\/jornalfatosenoticias.com.br\/index.php\/2023\/02\/24\/ansiedade-faz-parte-do-envelhecimento-mas-merece-atencao\/#primaryimage"},"image":{"@id":"https:\/\/jornalfatosenoticias.com.br\/index.php\/2023\/02\/24\/ansiedade-faz-parte-do-envelhecimento-mas-merece-atencao\/#primaryimage"},"thumbnailUrl":"https:\/\/jornalfatosenoticias.com.br\/wp-content\/uploads\/2023\/02\/Ansiedade-faz-parte-do-envelhecimento.jpg","datePublished":"2023-02-24T12:36:58+00:00","dateModified":"2023-02-24T12:36:59+00:00","breadcrumb":{"@id":"https:\/\/jornalfatosenoticias.com.br\/index.php\/2023\/02\/24\/ansiedade-faz-parte-do-envelhecimento-mas-merece-atencao\/#breadcrumb"},"inLanguage":"pt-BR","potentialAction":[{"@type":"ReadAction","target":["https:\/\/jornalfatosenoticias.com.br\/index.php\/2023\/02\/24\/ansiedade-faz-parte-do-envelhecimento-mas-merece-atencao\/"]}]},{"@type":"ImageObject","inLanguage":"pt-BR","@id":"https:\/\/jornalfatosenoticias.com.br\/index.php\/2023\/02\/24\/ansiedade-faz-parte-do-envelhecimento-mas-merece-atencao\/#primaryimage","url":"https:\/\/jornalfatosenoticias.com.br\/wp-content\/uploads\/2023\/02\/Ansiedade-faz-parte-do-envelhecimento.jpg","contentUrl":"https:\/\/jornalfatosenoticias.com.br\/wp-content\/uploads\/2023\/02\/Ansiedade-faz-parte-do-envelhecimento.jpg","width":1000,"height":667},{"@type":"BreadcrumbList","@id":"https:\/\/jornalfatosenoticias.com.br\/index.php\/2023\/02\/24\/ansiedade-faz-parte-do-envelhecimento-mas-merece-atencao\/#breadcrumb","itemListElement":[{"@type":"ListItem","position":1,"name":"In\u00edcio","item":"https:\/\/jornalfatosenoticias.com.br\/"},{"@type":"ListItem","position":2,"name":"Ansiedade faz parte do envelhecimento, mas merece aten\u00e7\u00e3o"}]},{"@type":"WebSite","@id":"https:\/\/jornalfatosenoticias.com.br\/#website","url":"https:\/\/jornalfatosenoticias.com.br\/","name":"Jornal Fatos e Not\u00edcias","description":"Not\u00edcias em geral","publisher":{"@id":"https:\/\/jornalfatosenoticias.com.br\/#organization"},"potentialAction":[{"@type":"SearchAction","target":{"@type":"EntryPoint","urlTemplate":"https:\/\/jornalfatosenoticias.com.br\/?s={search_term_string}"},"query-input":{"@type":"PropertyValueSpecification","valueRequired":true,"valueName":"search_term_string"}}],"inLanguage":"pt-BR"},{"@type":"Organization","@id":"https:\/\/jornalfatosenoticias.com.br\/#organization","name":"Jornal Fatos e Not\u00edcias","url":"https:\/\/jornalfatosenoticias.com.br\/","logo":{"@type":"ImageObject","inLanguage":"pt-BR","@id":"https:\/\/jornalfatosenoticias.com.br\/#\/schema\/logo\/image\/","url":"https:\/\/jornalfatosenoticias.com.br\/wp-content\/uploads\/2020\/02\/logo120.png","contentUrl":"https:\/\/jornalfatosenoticias.com.br\/wp-content\/uploads\/2020\/02\/logo120.png","width":1227,"height":120,"caption":"Jornal Fatos e Not\u00edcias"},"image":{"@id":"https:\/\/jornalfatosenoticias.com.br\/#\/schema\/logo\/image\/"}},{"@type":"Person","@id":"https:\/\/jornalfatosenoticias.com.br\/#\/schema\/person\/d63837fa13ac8666eb9e74e0985d6f81","name":"Luzimara Fernandes","image":{"@type":"ImageObject","inLanguage":"pt-BR","@id":"https:\/\/jornalfatosenoticias.com.br\/#\/schema\/person\/image\/","url":"https:\/\/jornalfatosenoticias.com.br\/wp-content\/uploads\/2025\/05\/EU_portal.jpg","contentUrl":"https:\/\/jornalfatosenoticias.com.br\/wp-content\/uploads\/2025\/05\/EU_portal.jpg","caption":"Luzimara Fernandes"},"description":"Jornalista MTB 2358-ES","sameAs":["https:\/\/jornalfatosenoticias.com.br"],"url":"https:\/\/jornalfatosenoticias.com.br\/index.php\/author\/luzimara\/"}]}},"cc_featured_image_caption":{"caption_text":"(Foto: Getty Images) ","source_text":"","source_url":""},"jetpack_featured_media_url":"https:\/\/jornalfatosenoticias.com.br\/wp-content\/uploads\/2023\/02\/Ansiedade-faz-parte-do-envelhecimento.jpg","_links":{"self":[{"href":"https:\/\/jornalfatosenoticias.com.br\/index.php\/wp-json\/wp\/v2\/posts\/39006","targetHints":{"allow":["GET"]}}],"collection":[{"href":"https:\/\/jornalfatosenoticias.com.br\/index.php\/wp-json\/wp\/v2\/posts"}],"about":[{"href":"https:\/\/jornalfatosenoticias.com.br\/index.php\/wp-json\/wp\/v2\/types\/post"}],"author":[{"embeddable":true,"href":"https:\/\/jornalfatosenoticias.com.br\/index.php\/wp-json\/wp\/v2\/users\/2"}],"replies":[{"embeddable":true,"href":"https:\/\/jornalfatosenoticias.com.br\/index.php\/wp-json\/wp\/v2\/comments?post=39006"}],"version-history":[{"count":0,"href":"https:\/\/jornalfatosenoticias.com.br\/index.php\/wp-json\/wp\/v2\/posts\/39006\/revisions"}],"wp:featuredmedia":[{"embeddable":true,"href":"https:\/\/jornalfatosenoticias.com.br\/index.php\/wp-json\/wp\/v2\/media\/39007"}],"wp:attachment":[{"href":"https:\/\/jornalfatosenoticias.com.br\/index.php\/wp-json\/wp\/v2\/media?parent=39006"}],"wp:term":[{"taxonomy":"category","embeddable":true,"href":"https:\/\/jornalfatosenoticias.com.br\/index.php\/wp-json\/wp\/v2\/categories?post=39006"},{"taxonomy":"post_tag","embeddable":true,"href":"https:\/\/jornalfatosenoticias.com.br\/index.php\/wp-json\/wp\/v2\/tags?post=39006"}],"curies":[{"name":"wp","href":"https:\/\/api.w.org\/{rel}","templated":true}]}}