{"id":39030,"date":"2023-02-24T12:05:24","date_gmt":"2023-02-24T15:05:24","guid":{"rendered":"https:\/\/jornalfatosenoticias.com.br\/?p=39030"},"modified":"2023-02-24T12:05:26","modified_gmt":"2023-02-24T15:05:26","slug":"mineracao-em-alto-mar-prejudica-saude-mental-das-baleias-azuis-alertam-cientistas","status":"publish","type":"post","link":"https:\/\/jornalfatosenoticias.com.br\/index.php\/2023\/02\/24\/mineracao-em-alto-mar-prejudica-saude-mental-das-baleias-azuis-alertam-cientistas\/","title":{"rendered":"Minera\u00e7\u00e3o em alto-mar prejudica sa\u00fade mental das baleias-azuis, alertam cientistas"},"content":{"rendered":"\n<p><em><span class=\"has-inline-color has-black-color\">Documento pede avalia\u00e7\u00e3o do impacto da polui\u00e7\u00e3o sonora nos cet\u00e1ceos antes que as empresas tenham permiss\u00e3o para minerar o fundo do mar<\/span><\/em><\/p>\n\n\n\n<div class=\"wp-block-image\"><figure class=\"aligncenter size-large\"><img loading=\"lazy\" decoding=\"async\" width=\"1024\" height=\"100\" src=\"https:\/\/jornalfatosenoticias.com.br\/wp-content\/uploads\/2022\/05\/NOVA-LOGO-CESCONETTO-1024x100.jpg\" alt=\"\" class=\"wp-image-30792\" srcset=\"https:\/\/jornalfatosenoticias.com.br\/wp-content\/uploads\/2022\/05\/NOVA-LOGO-CESCONETTO-1024x100.jpg 1024w, https:\/\/jornalfatosenoticias.com.br\/wp-content\/uploads\/2022\/05\/NOVA-LOGO-CESCONETTO-300x29.jpg 300w, https:\/\/jornalfatosenoticias.com.br\/wp-content\/uploads\/2022\/05\/NOVA-LOGO-CESCONETTO-768x75.jpg 768w, https:\/\/jornalfatosenoticias.com.br\/wp-content\/uploads\/2022\/05\/NOVA-LOGO-CESCONETTO.jpg 1280w\" sizes=\"auto, (max-width: 1024px) 100vw, 1024px\" \/><\/figure><\/div>\n\n\n\n<p>A minera\u00e7\u00e3o em alto-mar pode estar causando danos irrepar\u00e1veis \u00e0s baleias-azuis e outras criaturas marinhas raras, alertaram os cientistas. Um artigo revisado por pares publicado pela Universidade de Exeter e pelos Laborat\u00f3rios de Pesquisa do Greenpeace enfoca a sobreposi\u00e7\u00e3o entre cet\u00e1ceos (como baleias, golfinhos e botos) e locais-alvo para minera\u00e7\u00e3o em alto-mar, especialmente no Oceano Pac\u00edfico. Os autores alertam que pesquisas urgentes s\u00e3o necess\u00e1rias para avaliar as amea\u00e7as a esses mam\u00edferos.<\/p>\n\n\n\n<div class=\"wp-block-image\"><figure class=\"aligncenter size-large\"><img loading=\"lazy\" decoding=\"async\" width=\"1024\" height=\"111\" src=\"https:\/\/jornalfatosenoticias.com.br\/wp-content\/uploads\/2020\/02\/WhatsApp-Image-2022-09-23-at-12.09.18-1024x111.jpeg\" alt=\"\" class=\"wp-image-34527\" srcset=\"https:\/\/jornalfatosenoticias.com.br\/wp-content\/uploads\/2020\/02\/WhatsApp-Image-2022-09-23-at-12.09.18-1024x111.jpeg 1024w, https:\/\/jornalfatosenoticias.com.br\/wp-content\/uploads\/2020\/02\/WhatsApp-Image-2022-09-23-at-12.09.18-300x32.jpeg 300w, https:\/\/jornalfatosenoticias.com.br\/wp-content\/uploads\/2020\/02\/WhatsApp-Image-2022-09-23-at-12.09.18-768x83.jpeg 768w, https:\/\/jornalfatosenoticias.com.br\/wp-content\/uploads\/2020\/02\/WhatsApp-Image-2022-09-23-at-12.09.18.jpeg 1121w\" sizes=\"auto, (max-width: 1024px) 100vw, 1024px\" \/><\/figure><\/div>\n\n\n\n<p>A <strong><a href=\"https:\/\/74n5c4m7.r.eu-west-1.awstrack.me\/L0\/https:%2F%2Fdrive.google.com%2Ffile%2Fd%2F1SugwbEOsyXGwOer7sgSUfKf6G_MVukEi%2Fview%3Fusp=share_link\/1\/010201863b05b829-cbb98c6b-88cd-42ae-acef-e9cc29dd0707-000000\/sqAiQsOlHHdy6pQHrQCQ_Xc5t3Y=308\" target=\"_blank\" rel=\"noreferrer noopener\">pesquisa<\/a>, <\/strong>publicada na<em> Frontiers in Marine Science,<\/em> descobriu que a polui\u00e7\u00e3o sonora em particular pode causar danos aos animais sens\u00edveis e inteligentes. Os cientistas disseram que a perturba\u00e7\u00e3o seria constante para os mam\u00edferos marinhos, semelhante a uma constru\u00e7\u00e3o barulhenta em uma vizinhan\u00e7a humana da qual era imposs\u00edvel escapar.<\/p>\n\n\n\n<div class=\"wp-block-image\"><figure class=\"aligncenter size-large\"><img decoding=\"async\" src=\"https:\/\/jornalfatosenoticias.com.br\/wp-content\/uploads\/2020\/02\/logo_esteio.jpg\" alt=\"\" class=\"wp-image-1214\"\/><\/figure><\/div>\n\n\n\n<figure class=\"wp-block-pullquote\"><blockquote><p><span class=\"has-inline-color has-luminous-vivid-orange-color\">Imagine se seu bairro fosse repentinamente interrompido por obras que acontecem 24 horas por dia, sete dias por semana, sua vida mudaria drasticamente. Sua sa\u00fade mental estaria comprometida, voc\u00ea pode mudar seu comportamento para escapar dela. N\u00e3o \u00e9 diferente para baleias ou golfinhos\u201d, disse Kirsten Thompson, da Universidade de Exeter, <strong><a href=\"https:\/\/www.theguardian.com\/environment\/2023\/feb\/14\/deep-sea-mining-noise-poses-harm-blue-whales-scientists-warn\" target=\"_blank\" rel=\"noreferrer noopener\">ao Guardian<\/a>.<\/strong> A pesquisa conclui que a perturba\u00e7\u00e3o constante pode causar problemas de sa\u00fade.<\/span><\/p><\/blockquote><\/figure>\n\n\n\n<div class=\"wp-block-image\"><figure class=\"alignleft size-large\"><img loading=\"lazy\" decoding=\"async\" width=\"300\" height=\"250\" src=\"https:\/\/jornalfatosenoticias.com.br\/wp-content\/uploads\/2022\/08\/arte-Casarao.jpg\" alt=\"\" class=\"wp-image-33178\"\/><\/figure><\/div>\n\n\n\n<p>At\u00e9 agora, as avalia\u00e7\u00f5es dos impactos da minera\u00e7\u00e3o se concentraram nas esp\u00e9cies do fundo do mar, pois essa \u00e9 a \u00e1rea diretamente minerada. No entanto, os cientistas dizem que o impacto sobre os cet\u00e1ceos e outros animais de grande porte que podem sofrer danos causados pela polui\u00e7\u00e3o sonora precisa ser avaliado com urg\u00eancia antes que a permiss\u00e3o para minera\u00e7\u00e3o comercial seja concedida.<br>Golfinhos e cachalotes est\u00e3o entre as 25 esp\u00e9cies de cet\u00e1ceos encontradas na Zona Clarion-Clipperton (CCZ, na sigla em ingl\u00eas) entre o M\u00e9xico e o Hava\u00ed, no Oceano Pac\u00edfico, segundo o jornal. No entanto, as mineradoras est\u00e3o interessadas em extrair metais e minerais do fundo do mar nesta \u00e1rea, que se acredita ser rica em materiais valiosos. <\/p>\n\n\n\n<div class=\"wp-block-image\"><figure class=\"aligncenter size-large\"><img decoding=\"async\" src=\"https:\/\/jornalfatosenoticias.com.br\/wp-content\/uploads\/2020\/02\/Banner-Site-1120x120px-1024x110.png\" alt=\"\" class=\"wp-image-38901\"\/><\/figure><\/div>\n\n\n\n<p>At\u00e9 agora, 17 contratos explorat\u00f3rios de minera\u00e7\u00e3o em alto-mar foram concedidos nesta parte do Oceano Pac\u00edfico. Embora as empresas de minera\u00e7\u00e3o em \u00e1guas profundas ainda n\u00e3o tenham recebido permiss\u00e3o para come\u00e7ar a minerar comercialmente, elas est\u00e3o pedindo luz verde aos governos pela primeira vez em julho. Ativistas e cientistas alertam que, se permitido, as m\u00e1quinas podem funcionar 24 horas por dia, produzindo sons em profundidades variadas que podem se sobrepor \u00e0s frequ\u00eancias que os cet\u00e1ceos usam para se comunicar.<\/p>\n\n\n\n<div class=\"wp-block-image\"><figure class=\"aligncenter size-large\"><img loading=\"lazy\" decoding=\"async\" width=\"1024\" height=\"110\" src=\"https:\/\/jornalfatosenoticias.com.br\/wp-content\/uploads\/2022\/10\/Arte-jornal-Zucchi-1120x120_Prancheta-1-1024x110.jpg\" alt=\"\" class=\"wp-image-34772\" srcset=\"https:\/\/jornalfatosenoticias.com.br\/wp-content\/uploads\/2022\/10\/Arte-jornal-Zucchi-1120x120_Prancheta-1-1024x110.jpg 1024w, https:\/\/jornalfatosenoticias.com.br\/wp-content\/uploads\/2022\/10\/Arte-jornal-Zucchi-1120x120_Prancheta-1-300x32.jpg 300w, https:\/\/jornalfatosenoticias.com.br\/wp-content\/uploads\/2022\/10\/Arte-jornal-Zucchi-1120x120_Prancheta-1-768x82.jpg 768w, https:\/\/jornalfatosenoticias.com.br\/wp-content\/uploads\/2022\/10\/Arte-jornal-Zucchi-1120x120_Prancheta-1-1536x165.jpg 1536w, https:\/\/jornalfatosenoticias.com.br\/wp-content\/uploads\/2022\/10\/Arte-jornal-Zucchi-1120x120_Prancheta-1-2048x219.jpg 2048w\" sizes=\"auto, (max-width: 1024px) 100vw, 1024px\" \/><\/figure><\/div>\n\n\n\n<p><strong><em>Fonte: <a href=\"https:\/\/umsoplaneta.globo.com\/biodiversidade\/noticia\/2023\/02\/14\/gigante-azul-em-risco-mineracao-em-alto-mar-prejudica-saude-mental-das-baleias-azuis-alertam-cientistas.ghtml\">Um S\u00f3 Planeta<\/a><\/em><\/strong><\/p>\n","protected":false},"excerpt":{"rendered":"<p>Documento pede avalia\u00e7\u00e3o do impacto da polui\u00e7\u00e3o sonora nos cet\u00e1ceos antes que as empresas tenham permiss\u00e3o para minerar o fundo do mar A minera\u00e7\u00e3o em alto-mar pode estar causando danos irrepar\u00e1veis \u00e0s baleias-azuis e outras criaturas marinhas raras, alertaram os cientistas. Um artigo revisado por pares publicado pela Universidade de Exeter e pelos Laborat\u00f3rios de [&hellip;]<\/p>\n","protected":false},"author":2,"featured_media":39031,"comment_status":"open","ping_status":"open","sticky":false,"template":"","format":"standard","meta":{"footnotes":""},"categories":[8],"tags":[3663,16249,1396,9922,10600],"class_list":["post-39030","post","type-post","status-publish","format-standard","has-post-thumbnail","hentry","category-meio-ambiente","tag-alto-mar","tag-baleias-azuis","tag-cetaceos","tag-fundo-do-mar","tag-mineracao"],"yoast_head":"<!-- This site is optimized with the Yoast SEO plugin v26.5 - https:\/\/yoast.com\/wordpress\/plugins\/seo\/ -->\n<title>Minera\u00e7\u00e3o em alto-mar prejudica sa\u00fade mental das baleias-azuis, alertam cientistas - Jornal Fatos e Not\u00edcias<\/title>\n<meta name=\"robots\" content=\"index, follow, max-snippet:-1, max-image-preview:large, max-video-preview:-1\" \/>\n<link rel=\"canonical\" href=\"https:\/\/jornalfatosenoticias.com.br\/index.php\/2023\/02\/24\/mineracao-em-alto-mar-prejudica-saude-mental-das-baleias-azuis-alertam-cientistas\/\" \/>\n<meta property=\"og:locale\" content=\"pt_BR\" \/>\n<meta property=\"og:type\" content=\"article\" \/>\n<meta property=\"og:title\" content=\"Minera\u00e7\u00e3o em alto-mar prejudica sa\u00fade mental das baleias-azuis, alertam cientistas - Jornal Fatos e Not\u00edcias\" \/>\n<meta property=\"og:description\" content=\"Documento pede avalia\u00e7\u00e3o do impacto da polui\u00e7\u00e3o sonora nos cet\u00e1ceos antes que as empresas tenham permiss\u00e3o para minerar o fundo do mar A minera\u00e7\u00e3o em alto-mar pode estar causando danos irrepar\u00e1veis \u00e0s baleias-azuis e outras criaturas marinhas raras, alertaram os cientistas. Um artigo revisado por pares publicado pela Universidade de Exeter e pelos Laborat\u00f3rios de [&hellip;]\" \/>\n<meta property=\"og:url\" content=\"https:\/\/jornalfatosenoticias.com.br\/index.php\/2023\/02\/24\/mineracao-em-alto-mar-prejudica-saude-mental-das-baleias-azuis-alertam-cientistas\/\" \/>\n<meta property=\"og:site_name\" content=\"Jornal Fatos e Not\u00edcias\" \/>\n<meta property=\"article:published_time\" content=\"2023-02-24T15:05:24+00:00\" \/>\n<meta property=\"article:modified_time\" content=\"2023-02-24T15:05:26+00:00\" \/>\n<meta property=\"og:image\" content=\"https:\/\/jornalfatosenoticias.com.br\/wp-content\/uploads\/2023\/02\/BALEIA-AZUL.jpg\" \/>\n\t<meta property=\"og:image:width\" content=\"1000\" \/>\n\t<meta property=\"og:image:height\" content=\"597\" \/>\n\t<meta property=\"og:image:type\" content=\"image\/jpeg\" \/>\n<meta name=\"author\" content=\"Luzimara Fernandes\" \/>\n<meta name=\"twitter:card\" content=\"summary_large_image\" \/>\n<meta name=\"twitter:label1\" content=\"Escrito por\" \/>\n\t<meta name=\"twitter:data1\" content=\"Luzimara Fernandes\" \/>\n\t<meta name=\"twitter:label2\" content=\"Est. tempo de leitura\" \/>\n\t<meta name=\"twitter:data2\" content=\"2 minutos\" \/>\n<script type=\"application\/ld+json\" class=\"yoast-schema-graph\">{\"@context\":\"https:\/\/schema.org\",\"@graph\":[{\"@type\":\"Article\",\"@id\":\"https:\/\/jornalfatosenoticias.com.br\/index.php\/2023\/02\/24\/mineracao-em-alto-mar-prejudica-saude-mental-das-baleias-azuis-alertam-cientistas\/#article\",\"isPartOf\":{\"@id\":\"https:\/\/jornalfatosenoticias.com.br\/index.php\/2023\/02\/24\/mineracao-em-alto-mar-prejudica-saude-mental-das-baleias-azuis-alertam-cientistas\/\"},\"author\":{\"name\":\"Luzimara Fernandes\",\"@id\":\"https:\/\/jornalfatosenoticias.com.br\/#\/schema\/person\/d63837fa13ac8666eb9e74e0985d6f81\"},\"headline\":\"Minera\u00e7\u00e3o em alto-mar prejudica sa\u00fade mental das baleias-azuis, alertam cientistas\",\"datePublished\":\"2023-02-24T15:05:24+00:00\",\"dateModified\":\"2023-02-24T15:05:26+00:00\",\"mainEntityOfPage\":{\"@id\":\"https:\/\/jornalfatosenoticias.com.br\/index.php\/2023\/02\/24\/mineracao-em-alto-mar-prejudica-saude-mental-das-baleias-azuis-alertam-cientistas\/\"},\"wordCount\":465,\"commentCount\":0,\"publisher\":{\"@id\":\"https:\/\/jornalfatosenoticias.com.br\/#organization\"},\"image\":{\"@id\":\"https:\/\/jornalfatosenoticias.com.br\/index.php\/2023\/02\/24\/mineracao-em-alto-mar-prejudica-saude-mental-das-baleias-azuis-alertam-cientistas\/#primaryimage\"},\"thumbnailUrl\":\"https:\/\/jornalfatosenoticias.com.br\/wp-content\/uploads\/2023\/02\/BALEIA-AZUL.jpg\",\"keywords\":[\"alto-mar\",\"baleias-azuis\",\"cet\u00e1ceos\",\"fundo do mar\",\"minera\u00e7\u00e3o\"],\"articleSection\":[\"Meio ambiente\"],\"inLanguage\":\"pt-BR\",\"potentialAction\":[{\"@type\":\"CommentAction\",\"name\":\"Comment\",\"target\":[\"https:\/\/jornalfatosenoticias.com.br\/index.php\/2023\/02\/24\/mineracao-em-alto-mar-prejudica-saude-mental-das-baleias-azuis-alertam-cientistas\/#respond\"]}]},{\"@type\":\"WebPage\",\"@id\":\"https:\/\/jornalfatosenoticias.com.br\/index.php\/2023\/02\/24\/mineracao-em-alto-mar-prejudica-saude-mental-das-baleias-azuis-alertam-cientistas\/\",\"url\":\"https:\/\/jornalfatosenoticias.com.br\/index.php\/2023\/02\/24\/mineracao-em-alto-mar-prejudica-saude-mental-das-baleias-azuis-alertam-cientistas\/\",\"name\":\"Minera\u00e7\u00e3o em alto-mar prejudica sa\u00fade mental das baleias-azuis, alertam cientistas - Jornal Fatos e Not\u00edcias\",\"isPartOf\":{\"@id\":\"https:\/\/jornalfatosenoticias.com.br\/#website\"},\"primaryImageOfPage\":{\"@id\":\"https:\/\/jornalfatosenoticias.com.br\/index.php\/2023\/02\/24\/mineracao-em-alto-mar-prejudica-saude-mental-das-baleias-azuis-alertam-cientistas\/#primaryimage\"},\"image\":{\"@id\":\"https:\/\/jornalfatosenoticias.com.br\/index.php\/2023\/02\/24\/mineracao-em-alto-mar-prejudica-saude-mental-das-baleias-azuis-alertam-cientistas\/#primaryimage\"},\"thumbnailUrl\":\"https:\/\/jornalfatosenoticias.com.br\/wp-content\/uploads\/2023\/02\/BALEIA-AZUL.jpg\",\"datePublished\":\"2023-02-24T15:05:24+00:00\",\"dateModified\":\"2023-02-24T15:05:26+00:00\",\"breadcrumb\":{\"@id\":\"https:\/\/jornalfatosenoticias.com.br\/index.php\/2023\/02\/24\/mineracao-em-alto-mar-prejudica-saude-mental-das-baleias-azuis-alertam-cientistas\/#breadcrumb\"},\"inLanguage\":\"pt-BR\",\"potentialAction\":[{\"@type\":\"ReadAction\",\"target\":[\"https:\/\/jornalfatosenoticias.com.br\/index.php\/2023\/02\/24\/mineracao-em-alto-mar-prejudica-saude-mental-das-baleias-azuis-alertam-cientistas\/\"]}]},{\"@type\":\"ImageObject\",\"inLanguage\":\"pt-BR\",\"@id\":\"https:\/\/jornalfatosenoticias.com.br\/index.php\/2023\/02\/24\/mineracao-em-alto-mar-prejudica-saude-mental-das-baleias-azuis-alertam-cientistas\/#primaryimage\",\"url\":\"https:\/\/jornalfatosenoticias.com.br\/wp-content\/uploads\/2023\/02\/BALEIA-AZUL.jpg\",\"contentUrl\":\"https:\/\/jornalfatosenoticias.com.br\/wp-content\/uploads\/2023\/02\/BALEIA-AZUL.jpg\",\"width\":1000,\"height\":597},{\"@type\":\"BreadcrumbList\",\"@id\":\"https:\/\/jornalfatosenoticias.com.br\/index.php\/2023\/02\/24\/mineracao-em-alto-mar-prejudica-saude-mental-das-baleias-azuis-alertam-cientistas\/#breadcrumb\",\"itemListElement\":[{\"@type\":\"ListItem\",\"position\":1,\"name\":\"In\u00edcio\",\"item\":\"https:\/\/jornalfatosenoticias.com.br\/\"},{\"@type\":\"ListItem\",\"position\":2,\"name\":\"Minera\u00e7\u00e3o em alto-mar prejudica sa\u00fade mental das baleias-azuis, alertam cientistas\"}]},{\"@type\":\"WebSite\",\"@id\":\"https:\/\/jornalfatosenoticias.com.br\/#website\",\"url\":\"https:\/\/jornalfatosenoticias.com.br\/\",\"name\":\"Jornal Fatos e Not\u00edcias\",\"description\":\"Not\u00edcias em geral\",\"publisher\":{\"@id\":\"https:\/\/jornalfatosenoticias.com.br\/#organization\"},\"potentialAction\":[{\"@type\":\"SearchAction\",\"target\":{\"@type\":\"EntryPoint\",\"urlTemplate\":\"https:\/\/jornalfatosenoticias.com.br\/?s={search_term_string}\"},\"query-input\":{\"@type\":\"PropertyValueSpecification\",\"valueRequired\":true,\"valueName\":\"search_term_string\"}}],\"inLanguage\":\"pt-BR\"},{\"@type\":\"Organization\",\"@id\":\"https:\/\/jornalfatosenoticias.com.br\/#organization\",\"name\":\"Jornal Fatos e Not\u00edcias\",\"url\":\"https:\/\/jornalfatosenoticias.com.br\/\",\"logo\":{\"@type\":\"ImageObject\",\"inLanguage\":\"pt-BR\",\"@id\":\"https:\/\/jornalfatosenoticias.com.br\/#\/schema\/logo\/image\/\",\"url\":\"https:\/\/jornalfatosenoticias.com.br\/wp-content\/uploads\/2020\/02\/logo120.png\",\"contentUrl\":\"https:\/\/jornalfatosenoticias.com.br\/wp-content\/uploads\/2020\/02\/logo120.png\",\"width\":1227,\"height\":120,\"caption\":\"Jornal Fatos e Not\u00edcias\"},\"image\":{\"@id\":\"https:\/\/jornalfatosenoticias.com.br\/#\/schema\/logo\/image\/\"}},{\"@type\":\"Person\",\"@id\":\"https:\/\/jornalfatosenoticias.com.br\/#\/schema\/person\/d63837fa13ac8666eb9e74e0985d6f81\",\"name\":\"Luzimara Fernandes\",\"image\":{\"@type\":\"ImageObject\",\"inLanguage\":\"pt-BR\",\"@id\":\"https:\/\/jornalfatosenoticias.com.br\/#\/schema\/person\/image\/\",\"url\":\"https:\/\/jornalfatosenoticias.com.br\/wp-content\/uploads\/2025\/05\/EU_portal.jpg\",\"contentUrl\":\"https:\/\/jornalfatosenoticias.com.br\/wp-content\/uploads\/2025\/05\/EU_portal.jpg\",\"caption\":\"Luzimara Fernandes\"},\"description\":\"Jornalista MTB 2358-ES\",\"sameAs\":[\"https:\/\/jornalfatosenoticias.com.br\"],\"url\":\"https:\/\/jornalfatosenoticias.com.br\/index.php\/author\/luzimara\/\"}]}<\/script>\n<!-- \/ Yoast SEO plugin. -->","yoast_head_json":{"title":"Minera\u00e7\u00e3o em alto-mar prejudica sa\u00fade mental das baleias-azuis, alertam cientistas - Jornal Fatos e Not\u00edcias","robots":{"index":"index","follow":"follow","max-snippet":"max-snippet:-1","max-image-preview":"max-image-preview:large","max-video-preview":"max-video-preview:-1"},"canonical":"https:\/\/jornalfatosenoticias.com.br\/index.php\/2023\/02\/24\/mineracao-em-alto-mar-prejudica-saude-mental-das-baleias-azuis-alertam-cientistas\/","og_locale":"pt_BR","og_type":"article","og_title":"Minera\u00e7\u00e3o em alto-mar prejudica sa\u00fade mental das baleias-azuis, alertam cientistas - Jornal Fatos e Not\u00edcias","og_description":"Documento pede avalia\u00e7\u00e3o do impacto da polui\u00e7\u00e3o sonora nos cet\u00e1ceos antes que as empresas tenham permiss\u00e3o para minerar o fundo do mar A minera\u00e7\u00e3o em alto-mar pode estar causando danos irrepar\u00e1veis \u00e0s baleias-azuis e outras criaturas marinhas raras, alertaram os cientistas. Um artigo revisado por pares publicado pela Universidade de Exeter e pelos Laborat\u00f3rios de [&hellip;]","og_url":"https:\/\/jornalfatosenoticias.com.br\/index.php\/2023\/02\/24\/mineracao-em-alto-mar-prejudica-saude-mental-das-baleias-azuis-alertam-cientistas\/","og_site_name":"Jornal Fatos e Not\u00edcias","article_published_time":"2023-02-24T15:05:24+00:00","article_modified_time":"2023-02-24T15:05:26+00:00","og_image":[{"width":1000,"height":597,"url":"https:\/\/jornalfatosenoticias.com.br\/wp-content\/uploads\/2023\/02\/BALEIA-AZUL.jpg","type":"image\/jpeg"}],"author":"Luzimara Fernandes","twitter_card":"summary_large_image","twitter_misc":{"Escrito por":"Luzimara Fernandes","Est. tempo de leitura":"2 minutos"},"schema":{"@context":"https:\/\/schema.org","@graph":[{"@type":"Article","@id":"https:\/\/jornalfatosenoticias.com.br\/index.php\/2023\/02\/24\/mineracao-em-alto-mar-prejudica-saude-mental-das-baleias-azuis-alertam-cientistas\/#article","isPartOf":{"@id":"https:\/\/jornalfatosenoticias.com.br\/index.php\/2023\/02\/24\/mineracao-em-alto-mar-prejudica-saude-mental-das-baleias-azuis-alertam-cientistas\/"},"author":{"name":"Luzimara Fernandes","@id":"https:\/\/jornalfatosenoticias.com.br\/#\/schema\/person\/d63837fa13ac8666eb9e74e0985d6f81"},"headline":"Minera\u00e7\u00e3o em alto-mar prejudica sa\u00fade mental das baleias-azuis, alertam cientistas","datePublished":"2023-02-24T15:05:24+00:00","dateModified":"2023-02-24T15:05:26+00:00","mainEntityOfPage":{"@id":"https:\/\/jornalfatosenoticias.com.br\/index.php\/2023\/02\/24\/mineracao-em-alto-mar-prejudica-saude-mental-das-baleias-azuis-alertam-cientistas\/"},"wordCount":465,"commentCount":0,"publisher":{"@id":"https:\/\/jornalfatosenoticias.com.br\/#organization"},"image":{"@id":"https:\/\/jornalfatosenoticias.com.br\/index.php\/2023\/02\/24\/mineracao-em-alto-mar-prejudica-saude-mental-das-baleias-azuis-alertam-cientistas\/#primaryimage"},"thumbnailUrl":"https:\/\/jornalfatosenoticias.com.br\/wp-content\/uploads\/2023\/02\/BALEIA-AZUL.jpg","keywords":["alto-mar","baleias-azuis","cet\u00e1ceos","fundo do mar","minera\u00e7\u00e3o"],"articleSection":["Meio ambiente"],"inLanguage":"pt-BR","potentialAction":[{"@type":"CommentAction","name":"Comment","target":["https:\/\/jornalfatosenoticias.com.br\/index.php\/2023\/02\/24\/mineracao-em-alto-mar-prejudica-saude-mental-das-baleias-azuis-alertam-cientistas\/#respond"]}]},{"@type":"WebPage","@id":"https:\/\/jornalfatosenoticias.com.br\/index.php\/2023\/02\/24\/mineracao-em-alto-mar-prejudica-saude-mental-das-baleias-azuis-alertam-cientistas\/","url":"https:\/\/jornalfatosenoticias.com.br\/index.php\/2023\/02\/24\/mineracao-em-alto-mar-prejudica-saude-mental-das-baleias-azuis-alertam-cientistas\/","name":"Minera\u00e7\u00e3o em alto-mar prejudica sa\u00fade mental das baleias-azuis, alertam cientistas - Jornal Fatos e Not\u00edcias","isPartOf":{"@id":"https:\/\/jornalfatosenoticias.com.br\/#website"},"primaryImageOfPage":{"@id":"https:\/\/jornalfatosenoticias.com.br\/index.php\/2023\/02\/24\/mineracao-em-alto-mar-prejudica-saude-mental-das-baleias-azuis-alertam-cientistas\/#primaryimage"},"image":{"@id":"https:\/\/jornalfatosenoticias.com.br\/index.php\/2023\/02\/24\/mineracao-em-alto-mar-prejudica-saude-mental-das-baleias-azuis-alertam-cientistas\/#primaryimage"},"thumbnailUrl":"https:\/\/jornalfatosenoticias.com.br\/wp-content\/uploads\/2023\/02\/BALEIA-AZUL.jpg","datePublished":"2023-02-24T15:05:24+00:00","dateModified":"2023-02-24T15:05:26+00:00","breadcrumb":{"@id":"https:\/\/jornalfatosenoticias.com.br\/index.php\/2023\/02\/24\/mineracao-em-alto-mar-prejudica-saude-mental-das-baleias-azuis-alertam-cientistas\/#breadcrumb"},"inLanguage":"pt-BR","potentialAction":[{"@type":"ReadAction","target":["https:\/\/jornalfatosenoticias.com.br\/index.php\/2023\/02\/24\/mineracao-em-alto-mar-prejudica-saude-mental-das-baleias-azuis-alertam-cientistas\/"]}]},{"@type":"ImageObject","inLanguage":"pt-BR","@id":"https:\/\/jornalfatosenoticias.com.br\/index.php\/2023\/02\/24\/mineracao-em-alto-mar-prejudica-saude-mental-das-baleias-azuis-alertam-cientistas\/#primaryimage","url":"https:\/\/jornalfatosenoticias.com.br\/wp-content\/uploads\/2023\/02\/BALEIA-AZUL.jpg","contentUrl":"https:\/\/jornalfatosenoticias.com.br\/wp-content\/uploads\/2023\/02\/BALEIA-AZUL.jpg","width":1000,"height":597},{"@type":"BreadcrumbList","@id":"https:\/\/jornalfatosenoticias.com.br\/index.php\/2023\/02\/24\/mineracao-em-alto-mar-prejudica-saude-mental-das-baleias-azuis-alertam-cientistas\/#breadcrumb","itemListElement":[{"@type":"ListItem","position":1,"name":"In\u00edcio","item":"https:\/\/jornalfatosenoticias.com.br\/"},{"@type":"ListItem","position":2,"name":"Minera\u00e7\u00e3o em alto-mar prejudica sa\u00fade mental das baleias-azuis, alertam cientistas"}]},{"@type":"WebSite","@id":"https:\/\/jornalfatosenoticias.com.br\/#website","url":"https:\/\/jornalfatosenoticias.com.br\/","name":"Jornal Fatos e Not\u00edcias","description":"Not\u00edcias em geral","publisher":{"@id":"https:\/\/jornalfatosenoticias.com.br\/#organization"},"potentialAction":[{"@type":"SearchAction","target":{"@type":"EntryPoint","urlTemplate":"https:\/\/jornalfatosenoticias.com.br\/?s={search_term_string}"},"query-input":{"@type":"PropertyValueSpecification","valueRequired":true,"valueName":"search_term_string"}}],"inLanguage":"pt-BR"},{"@type":"Organization","@id":"https:\/\/jornalfatosenoticias.com.br\/#organization","name":"Jornal Fatos e Not\u00edcias","url":"https:\/\/jornalfatosenoticias.com.br\/","logo":{"@type":"ImageObject","inLanguage":"pt-BR","@id":"https:\/\/jornalfatosenoticias.com.br\/#\/schema\/logo\/image\/","url":"https:\/\/jornalfatosenoticias.com.br\/wp-content\/uploads\/2020\/02\/logo120.png","contentUrl":"https:\/\/jornalfatosenoticias.com.br\/wp-content\/uploads\/2020\/02\/logo120.png","width":1227,"height":120,"caption":"Jornal Fatos e Not\u00edcias"},"image":{"@id":"https:\/\/jornalfatosenoticias.com.br\/#\/schema\/logo\/image\/"}},{"@type":"Person","@id":"https:\/\/jornalfatosenoticias.com.br\/#\/schema\/person\/d63837fa13ac8666eb9e74e0985d6f81","name":"Luzimara Fernandes","image":{"@type":"ImageObject","inLanguage":"pt-BR","@id":"https:\/\/jornalfatosenoticias.com.br\/#\/schema\/person\/image\/","url":"https:\/\/jornalfatosenoticias.com.br\/wp-content\/uploads\/2025\/05\/EU_portal.jpg","contentUrl":"https:\/\/jornalfatosenoticias.com.br\/wp-content\/uploads\/2025\/05\/EU_portal.jpg","caption":"Luzimara Fernandes"},"description":"Jornalista MTB 2358-ES","sameAs":["https:\/\/jornalfatosenoticias.com.br"],"url":"https:\/\/jornalfatosenoticias.com.br\/index.php\/author\/luzimara\/"}]}},"cc_featured_image_caption":{"caption_text":"(Foto: Getty Images) ","source_text":"","source_url":""},"jetpack_featured_media_url":"https:\/\/jornalfatosenoticias.com.br\/wp-content\/uploads\/2023\/02\/BALEIA-AZUL.jpg","_links":{"self":[{"href":"https:\/\/jornalfatosenoticias.com.br\/index.php\/wp-json\/wp\/v2\/posts\/39030","targetHints":{"allow":["GET"]}}],"collection":[{"href":"https:\/\/jornalfatosenoticias.com.br\/index.php\/wp-json\/wp\/v2\/posts"}],"about":[{"href":"https:\/\/jornalfatosenoticias.com.br\/index.php\/wp-json\/wp\/v2\/types\/post"}],"author":[{"embeddable":true,"href":"https:\/\/jornalfatosenoticias.com.br\/index.php\/wp-json\/wp\/v2\/users\/2"}],"replies":[{"embeddable":true,"href":"https:\/\/jornalfatosenoticias.com.br\/index.php\/wp-json\/wp\/v2\/comments?post=39030"}],"version-history":[{"count":0,"href":"https:\/\/jornalfatosenoticias.com.br\/index.php\/wp-json\/wp\/v2\/posts\/39030\/revisions"}],"wp:featuredmedia":[{"embeddable":true,"href":"https:\/\/jornalfatosenoticias.com.br\/index.php\/wp-json\/wp\/v2\/media\/39031"}],"wp:attachment":[{"href":"https:\/\/jornalfatosenoticias.com.br\/index.php\/wp-json\/wp\/v2\/media?parent=39030"}],"wp:term":[{"taxonomy":"category","embeddable":true,"href":"https:\/\/jornalfatosenoticias.com.br\/index.php\/wp-json\/wp\/v2\/categories?post=39030"},{"taxonomy":"post_tag","embeddable":true,"href":"https:\/\/jornalfatosenoticias.com.br\/index.php\/wp-json\/wp\/v2\/tags?post=39030"}],"curies":[{"name":"wp","href":"https:\/\/api.w.org\/{rel}","templated":true}]}}