{"id":39033,"date":"2023-02-24T12:12:16","date_gmt":"2023-02-24T15:12:16","guid":{"rendered":"https:\/\/jornalfatosenoticias.com.br\/?p=39033"},"modified":"2023-02-24T12:12:16","modified_gmt":"2023-02-24T15:12:16","slug":"quando-um-problema-de-saude-mental-vira-doenca","status":"publish","type":"post","link":"https:\/\/jornalfatosenoticias.com.br\/index.php\/2023\/02\/24\/quando-um-problema-de-saude-mental-vira-doenca\/","title":{"rendered":"Quando um problema de sa\u00fade mental vira doen\u00e7a?"},"content":{"rendered":"\n<p><em><span class=\"has-inline-color has-black-color\">Quando a afli\u00e7\u00e3o \u00e9 duradoura e passa a interferir na nossa capacidade de funcionar bem \u00e9 que falamos em transtorno mental<\/span><\/em><\/p>\n\n\n\n<div class=\"wp-block-image\"><figure class=\"aligncenter size-large\"><img decoding=\"async\" src=\"https:\/\/jornalfatosenoticias.com.br\/wp-content\/uploads\/2020\/02\/Serra-Grande-1024x160.png\" alt=\"\" class=\"wp-image-7836\"\/><\/figure><\/div>\n\n\n\n<p>Problemas de <strong>sa\u00fade mental<\/strong> todos temos. Sem exce\u00e7\u00e3o. A come\u00e7ar por mim. J\u00e1 tive momentos em que me vi mais ansioso e com dificuldade para dormir. Esses s\u00e3o dois exemplos de quest\u00f5es de sa\u00fade mental que est\u00e3o entre as mais frequentes e comuns, mundialmente.<\/p>\n\n\n\n<div class=\"wp-block-image\"><figure class=\"aligncenter size-large is-resized\"><img loading=\"lazy\" decoding=\"async\" src=\"https:\/\/jornalfatosenoticias.com.br\/wp-content\/uploads\/2020\/02\/logo-clinica-limoeiro.jpg\" alt=\"\" class=\"wp-image-34610\" width=\"254\" height=\"180\"\/><\/figure><\/div>\n\n\n\n<p>Quase todo mundo aprende a viver com o seu problema de sa\u00fade mental, porque busca alternativas para minimizar os inc\u00f4modos que ele lhe causa. Tem gente que busca a pr\u00e1tica de uma atividade f\u00edsica, outros procuram um terapeuta, outros v\u00e3o atr\u00e1s da medita\u00e7\u00e3o\u2026 A lista de op\u00e7\u00f5es \u00e9 grande.<\/p>\n\n\n\n<div class=\"wp-block-image\"><figure class=\"alignright size-large is-resized\"><img decoding=\"async\" src=\"https:\/\/jornalfatosenoticias.com.br\/wp-content\/uploads\/2022\/07\/Logo-Grupo-SEI.jpg\" alt=\"\" class=\"wp-image-31973\" width=\"-105\" height=\"-54\" srcset=\"https:\/\/jornalfatosenoticias.com.br\/wp-content\/uploads\/2022\/07\/Logo-Grupo-SEI.jpg 713w, https:\/\/jornalfatosenoticias.com.br\/wp-content\/uploads\/2022\/07\/Logo-Grupo-SEI-300x158.jpg 300w\" sizes=\"(max-width: 713px) 100vw, 713px\" \/><\/figure><\/div>\n\n\n\n<p>Acontece que, por vezes, essas quest\u00f5es trazem um tremendo sofrimento para a pessoa que convive com elas ou para quem est\u00e1 no entorno dessa pessoa: fam\u00edlia, colegas de trabalho, amigos etc. \u00c9 nesse momento, quando a afli\u00e7\u00e3o \u00e9 duradoura e passa a interferir na nossa capacidade de funcionar bem em nossas vidas e em nossos relacionamentos, que falamos em transtorno mental. <strong>Transtorno mental,<\/strong> sim, porque a Medicina hoje adota esse termo.<\/p>\n\n\n\n<div class=\"wp-block-image\"><figure class=\"aligncenter size-large\"><img loading=\"lazy\" decoding=\"async\" width=\"729\" height=\"90\" src=\"https:\/\/jornalfatosenoticias.com.br\/wp-content\/uploads\/2020\/02\/Logo_Mizu.png\" alt=\"\" class=\"wp-image-1441\" srcset=\"https:\/\/jornalfatosenoticias.com.br\/wp-content\/uploads\/2020\/02\/Logo_Mizu.png 729w, https:\/\/jornalfatosenoticias.com.br\/wp-content\/uploads\/2020\/02\/Logo_Mizu-300x37.png 300w\" sizes=\"auto, (max-width: 729px) 100vw, 729px\" \/><\/figure><\/div>\n\n\n\n<p>Transtornos mentais impactam em diversas \u00e1reas da vida. Geralmente causam mudan\u00e7as de comportamento, altera\u00e7\u00f5es no humor, sintomas f\u00edsicos e at\u00e9 modifica\u00e7\u00f5es na percep\u00e7\u00e3o; por exemplo, quando algu\u00e9m sofre com alucina\u00e7\u00f5es.<br>Ao contr\u00e1rio das doen\u00e7as de que a Medicina trata, <strong>transtornos mentais n\u00e3o s\u00e3o \u201cpalp\u00e1veis\u201d,<\/strong> quer dizer, n\u00e3o existe um raio-X ou um exame que v\u00e1 dizer se algu\u00e9m tem isso ou aquilo. <strong>O que conseguimos avaliar \u00e9 o quanto as altera\u00e7\u00f5es que eles causam se revertem em sofrimento, em dor na alma.<\/strong><\/p>\n\n\n\n<div class=\"wp-block-image\"><figure class=\"aligncenter size-large is-resized\"><img loading=\"lazy\" decoding=\"async\" src=\"https:\/\/jornalfatosenoticias.com.br\/wp-content\/uploads\/2020\/02\/casa-do-torresmo_portal.jpg\" alt=\"\" class=\"wp-image-34472\" width=\"280\" height=\"280\" srcset=\"https:\/\/jornalfatosenoticias.com.br\/wp-content\/uploads\/2020\/02\/casa-do-torresmo_portal.jpg 300w, https:\/\/jornalfatosenoticias.com.br\/wp-content\/uploads\/2020\/02\/casa-do-torresmo_portal-150x150.jpg 150w\" sizes=\"auto, (max-width: 280px) 100vw, 280px\" \/><\/figure><\/div>\n\n\n\n<p>Quando algu\u00e9m chega ao ponto de dizer, ainda que para ela mesma, \u201ceu n\u00e3o aguento mais\u201d ou \u201ceu n\u00e3o estou legal\u201d, \u201cn\u00e3o consigo trabalhar ou n\u00e3o consigo me relacionar com ningu\u00e9m\u201d, \u00e9 hora de buscar ajuda. Pode ser a de um amigo, de um psic\u00f3logo, at\u00e9 de um padre. Um cl\u00ednico geral tamb\u00e9m \u00e9 um excelente lugar para buscar aux\u00edlio, por ele pode ajudar a descobrir se n\u00e3o h\u00e1 raz\u00f5es f\u00edsicas para o surgimento do transtorno mental.<\/p>\n\n\n\n<div class=\"wp-block-image\"><figure class=\"aligncenter size-large\"><img loading=\"lazy\" decoding=\"async\" width=\"560\" height=\"60\" src=\"https:\/\/jornalfatosenoticias.com.br\/wp-content\/uploads\/2022\/10\/Propaganda-RC-Radiadores-Jornal_page-0001.jpg\" alt=\"\" class=\"wp-image-35270\" srcset=\"https:\/\/jornalfatosenoticias.com.br\/wp-content\/uploads\/2022\/10\/Propaganda-RC-Radiadores-Jornal_page-0001.jpg 560w, https:\/\/jornalfatosenoticias.com.br\/wp-content\/uploads\/2022\/10\/Propaganda-RC-Radiadores-Jornal_page-0001-300x32.jpg 300w\" sizes=\"auto, (max-width: 560px) 100vw, 560px\" \/><\/figure><\/div>\n\n\n\n<p><strong><em>Fonte: <a href=\"https:\/\/forbes.com.br\/forbessaude\/2023\/02\/arthur-guerra-quando-um-problema-de-saude-mental-vira-doenca-mental\/?utm_source=terra_capa_vida-e-estilo&amp;utm_medium=referral\">Forbes<\/a><\/em><\/strong><\/p>\n","protected":false},"excerpt":{"rendered":"<p>Quando a afli\u00e7\u00e3o \u00e9 duradoura e passa a interferir na nossa capacidade de funcionar bem \u00e9 que falamos em transtorno mental Problemas de sa\u00fade mental todos temos. Sem exce\u00e7\u00e3o. A come\u00e7ar por mim. J\u00e1 tive momentos em que me vi mais ansioso e com dificuldade para dormir. Esses s\u00e3o dois exemplos de quest\u00f5es de sa\u00fade [&hellip;]<\/p>\n","protected":false},"author":2,"featured_media":39034,"comment_status":"open","ping_status":"open","sticky":false,"template":"","format":"standard","meta":{"footnotes":""},"categories":[2522],"tags":[18245,18246,688,17380],"class_list":["post-39033","post","type-post","status-publish","format-standard","has-post-thumbnail","hentry","category-comportamento","tag-aflicao","tag-doenca-mental","tag-saude-mental","tag-transtorno-mental"],"yoast_head":"<!-- This site is optimized with the Yoast SEO plugin v26.5 - https:\/\/yoast.com\/wordpress\/plugins\/seo\/ -->\n<title>Quando um problema de sa\u00fade mental vira doen\u00e7a? - Jornal Fatos e Not\u00edcias<\/title>\n<meta name=\"robots\" content=\"index, follow, max-snippet:-1, max-image-preview:large, max-video-preview:-1\" \/>\n<link rel=\"canonical\" href=\"https:\/\/jornalfatosenoticias.com.br\/index.php\/2023\/02\/24\/quando-um-problema-de-saude-mental-vira-doenca\/\" \/>\n<meta property=\"og:locale\" content=\"pt_BR\" \/>\n<meta property=\"og:type\" content=\"article\" \/>\n<meta property=\"og:title\" content=\"Quando um problema de sa\u00fade mental vira doen\u00e7a? - Jornal Fatos e Not\u00edcias\" \/>\n<meta property=\"og:description\" content=\"Quando a afli\u00e7\u00e3o \u00e9 duradoura e passa a interferir na nossa capacidade de funcionar bem \u00e9 que falamos em transtorno mental Problemas de sa\u00fade mental todos temos. Sem exce\u00e7\u00e3o. A come\u00e7ar por mim. J\u00e1 tive momentos em que me vi mais ansioso e com dificuldade para dormir. Esses s\u00e3o dois exemplos de quest\u00f5es de sa\u00fade [&hellip;]\" \/>\n<meta property=\"og:url\" content=\"https:\/\/jornalfatosenoticias.com.br\/index.php\/2023\/02\/24\/quando-um-problema-de-saude-mental-vira-doenca\/\" \/>\n<meta property=\"og:site_name\" content=\"Jornal Fatos e Not\u00edcias\" \/>\n<meta property=\"article:published_time\" content=\"2023-02-24T15:12:16+00:00\" \/>\n<meta property=\"og:image\" content=\"https:\/\/jornalfatosenoticias.com.br\/wp-content\/uploads\/2023\/02\/Saude-mental-doenca.jpg\" \/>\n\t<meta property=\"og:image:width\" content=\"1000\" \/>\n\t<meta property=\"og:image:height\" content=\"667\" \/>\n\t<meta property=\"og:image:type\" content=\"image\/jpeg\" \/>\n<meta name=\"author\" content=\"Luzimara Fernandes\" \/>\n<meta name=\"twitter:card\" content=\"summary_large_image\" \/>\n<meta name=\"twitter:label1\" content=\"Escrito por\" \/>\n\t<meta name=\"twitter:data1\" content=\"Luzimara Fernandes\" \/>\n\t<meta name=\"twitter:label2\" content=\"Est. tempo de leitura\" \/>\n\t<meta name=\"twitter:data2\" content=\"2 minutos\" \/>\n<script type=\"application\/ld+json\" class=\"yoast-schema-graph\">{\"@context\":\"https:\/\/schema.org\",\"@graph\":[{\"@type\":\"Article\",\"@id\":\"https:\/\/jornalfatosenoticias.com.br\/index.php\/2023\/02\/24\/quando-um-problema-de-saude-mental-vira-doenca\/#article\",\"isPartOf\":{\"@id\":\"https:\/\/jornalfatosenoticias.com.br\/index.php\/2023\/02\/24\/quando-um-problema-de-saude-mental-vira-doenca\/\"},\"author\":{\"name\":\"Luzimara Fernandes\",\"@id\":\"https:\/\/jornalfatosenoticias.com.br\/#\/schema\/person\/d63837fa13ac8666eb9e74e0985d6f81\"},\"headline\":\"Quando um problema de sa\u00fade mental vira doen\u00e7a?\",\"datePublished\":\"2023-02-24T15:12:16+00:00\",\"mainEntityOfPage\":{\"@id\":\"https:\/\/jornalfatosenoticias.com.br\/index.php\/2023\/02\/24\/quando-um-problema-de-saude-mental-vira-doenca\/\"},\"wordCount\":395,\"commentCount\":0,\"publisher\":{\"@id\":\"https:\/\/jornalfatosenoticias.com.br\/#organization\"},\"image\":{\"@id\":\"https:\/\/jornalfatosenoticias.com.br\/index.php\/2023\/02\/24\/quando-um-problema-de-saude-mental-vira-doenca\/#primaryimage\"},\"thumbnailUrl\":\"https:\/\/jornalfatosenoticias.com.br\/wp-content\/uploads\/2023\/02\/Saude-mental-doenca.jpg\",\"keywords\":[\"afli\u00e7\u00e3o\",\"doen\u00e7a mental\",\"sa\u00fade mental\",\"transtorno mental\"],\"articleSection\":[\"Comportamento &amp; Equil\u00edbrio\"],\"inLanguage\":\"pt-BR\",\"potentialAction\":[{\"@type\":\"CommentAction\",\"name\":\"Comment\",\"target\":[\"https:\/\/jornalfatosenoticias.com.br\/index.php\/2023\/02\/24\/quando-um-problema-de-saude-mental-vira-doenca\/#respond\"]}]},{\"@type\":\"WebPage\",\"@id\":\"https:\/\/jornalfatosenoticias.com.br\/index.php\/2023\/02\/24\/quando-um-problema-de-saude-mental-vira-doenca\/\",\"url\":\"https:\/\/jornalfatosenoticias.com.br\/index.php\/2023\/02\/24\/quando-um-problema-de-saude-mental-vira-doenca\/\",\"name\":\"Quando um problema de sa\u00fade mental vira doen\u00e7a? - Jornal Fatos e Not\u00edcias\",\"isPartOf\":{\"@id\":\"https:\/\/jornalfatosenoticias.com.br\/#website\"},\"primaryImageOfPage\":{\"@id\":\"https:\/\/jornalfatosenoticias.com.br\/index.php\/2023\/02\/24\/quando-um-problema-de-saude-mental-vira-doenca\/#primaryimage\"},\"image\":{\"@id\":\"https:\/\/jornalfatosenoticias.com.br\/index.php\/2023\/02\/24\/quando-um-problema-de-saude-mental-vira-doenca\/#primaryimage\"},\"thumbnailUrl\":\"https:\/\/jornalfatosenoticias.com.br\/wp-content\/uploads\/2023\/02\/Saude-mental-doenca.jpg\",\"datePublished\":\"2023-02-24T15:12:16+00:00\",\"breadcrumb\":{\"@id\":\"https:\/\/jornalfatosenoticias.com.br\/index.php\/2023\/02\/24\/quando-um-problema-de-saude-mental-vira-doenca\/#breadcrumb\"},\"inLanguage\":\"pt-BR\",\"potentialAction\":[{\"@type\":\"ReadAction\",\"target\":[\"https:\/\/jornalfatosenoticias.com.br\/index.php\/2023\/02\/24\/quando-um-problema-de-saude-mental-vira-doenca\/\"]}]},{\"@type\":\"ImageObject\",\"inLanguage\":\"pt-BR\",\"@id\":\"https:\/\/jornalfatosenoticias.com.br\/index.php\/2023\/02\/24\/quando-um-problema-de-saude-mental-vira-doenca\/#primaryimage\",\"url\":\"https:\/\/jornalfatosenoticias.com.br\/wp-content\/uploads\/2023\/02\/Saude-mental-doenca.jpg\",\"contentUrl\":\"https:\/\/jornalfatosenoticias.com.br\/wp-content\/uploads\/2023\/02\/Saude-mental-doenca.jpg\",\"width\":1000,\"height\":667},{\"@type\":\"BreadcrumbList\",\"@id\":\"https:\/\/jornalfatosenoticias.com.br\/index.php\/2023\/02\/24\/quando-um-problema-de-saude-mental-vira-doenca\/#breadcrumb\",\"itemListElement\":[{\"@type\":\"ListItem\",\"position\":1,\"name\":\"In\u00edcio\",\"item\":\"https:\/\/jornalfatosenoticias.com.br\/\"},{\"@type\":\"ListItem\",\"position\":2,\"name\":\"Quando um problema de sa\u00fade mental vira doen\u00e7a?\"}]},{\"@type\":\"WebSite\",\"@id\":\"https:\/\/jornalfatosenoticias.com.br\/#website\",\"url\":\"https:\/\/jornalfatosenoticias.com.br\/\",\"name\":\"Jornal Fatos e Not\u00edcias\",\"description\":\"Not\u00edcias em geral\",\"publisher\":{\"@id\":\"https:\/\/jornalfatosenoticias.com.br\/#organization\"},\"potentialAction\":[{\"@type\":\"SearchAction\",\"target\":{\"@type\":\"EntryPoint\",\"urlTemplate\":\"https:\/\/jornalfatosenoticias.com.br\/?s={search_term_string}\"},\"query-input\":{\"@type\":\"PropertyValueSpecification\",\"valueRequired\":true,\"valueName\":\"search_term_string\"}}],\"inLanguage\":\"pt-BR\"},{\"@type\":\"Organization\",\"@id\":\"https:\/\/jornalfatosenoticias.com.br\/#organization\",\"name\":\"Jornal Fatos e Not\u00edcias\",\"url\":\"https:\/\/jornalfatosenoticias.com.br\/\",\"logo\":{\"@type\":\"ImageObject\",\"inLanguage\":\"pt-BR\",\"@id\":\"https:\/\/jornalfatosenoticias.com.br\/#\/schema\/logo\/image\/\",\"url\":\"https:\/\/jornalfatosenoticias.com.br\/wp-content\/uploads\/2020\/02\/logo120.png\",\"contentUrl\":\"https:\/\/jornalfatosenoticias.com.br\/wp-content\/uploads\/2020\/02\/logo120.png\",\"width\":1227,\"height\":120,\"caption\":\"Jornal Fatos e Not\u00edcias\"},\"image\":{\"@id\":\"https:\/\/jornalfatosenoticias.com.br\/#\/schema\/logo\/image\/\"}},{\"@type\":\"Person\",\"@id\":\"https:\/\/jornalfatosenoticias.com.br\/#\/schema\/person\/d63837fa13ac8666eb9e74e0985d6f81\",\"name\":\"Luzimara Fernandes\",\"image\":{\"@type\":\"ImageObject\",\"inLanguage\":\"pt-BR\",\"@id\":\"https:\/\/jornalfatosenoticias.com.br\/#\/schema\/person\/image\/\",\"url\":\"https:\/\/jornalfatosenoticias.com.br\/wp-content\/uploads\/2025\/05\/EU_portal.jpg\",\"contentUrl\":\"https:\/\/jornalfatosenoticias.com.br\/wp-content\/uploads\/2025\/05\/EU_portal.jpg\",\"caption\":\"Luzimara Fernandes\"},\"description\":\"Jornalista MTB 2358-ES\",\"sameAs\":[\"https:\/\/jornalfatosenoticias.com.br\"],\"url\":\"https:\/\/jornalfatosenoticias.com.br\/index.php\/author\/luzimara\/\"}]}<\/script>\n<!-- \/ Yoast SEO plugin. -->","yoast_head_json":{"title":"Quando um problema de sa\u00fade mental vira doen\u00e7a? - Jornal Fatos e Not\u00edcias","robots":{"index":"index","follow":"follow","max-snippet":"max-snippet:-1","max-image-preview":"max-image-preview:large","max-video-preview":"max-video-preview:-1"},"canonical":"https:\/\/jornalfatosenoticias.com.br\/index.php\/2023\/02\/24\/quando-um-problema-de-saude-mental-vira-doenca\/","og_locale":"pt_BR","og_type":"article","og_title":"Quando um problema de sa\u00fade mental vira doen\u00e7a? - Jornal Fatos e Not\u00edcias","og_description":"Quando a afli\u00e7\u00e3o \u00e9 duradoura e passa a interferir na nossa capacidade de funcionar bem \u00e9 que falamos em transtorno mental Problemas de sa\u00fade mental todos temos. Sem exce\u00e7\u00e3o. A come\u00e7ar por mim. J\u00e1 tive momentos em que me vi mais ansioso e com dificuldade para dormir. Esses s\u00e3o dois exemplos de quest\u00f5es de sa\u00fade [&hellip;]","og_url":"https:\/\/jornalfatosenoticias.com.br\/index.php\/2023\/02\/24\/quando-um-problema-de-saude-mental-vira-doenca\/","og_site_name":"Jornal Fatos e Not\u00edcias","article_published_time":"2023-02-24T15:12:16+00:00","og_image":[{"width":1000,"height":667,"url":"https:\/\/jornalfatosenoticias.com.br\/wp-content\/uploads\/2023\/02\/Saude-mental-doenca.jpg","type":"image\/jpeg"}],"author":"Luzimara Fernandes","twitter_card":"summary_large_image","twitter_misc":{"Escrito por":"Luzimara Fernandes","Est. tempo de leitura":"2 minutos"},"schema":{"@context":"https:\/\/schema.org","@graph":[{"@type":"Article","@id":"https:\/\/jornalfatosenoticias.com.br\/index.php\/2023\/02\/24\/quando-um-problema-de-saude-mental-vira-doenca\/#article","isPartOf":{"@id":"https:\/\/jornalfatosenoticias.com.br\/index.php\/2023\/02\/24\/quando-um-problema-de-saude-mental-vira-doenca\/"},"author":{"name":"Luzimara Fernandes","@id":"https:\/\/jornalfatosenoticias.com.br\/#\/schema\/person\/d63837fa13ac8666eb9e74e0985d6f81"},"headline":"Quando um problema de sa\u00fade mental vira doen\u00e7a?","datePublished":"2023-02-24T15:12:16+00:00","mainEntityOfPage":{"@id":"https:\/\/jornalfatosenoticias.com.br\/index.php\/2023\/02\/24\/quando-um-problema-de-saude-mental-vira-doenca\/"},"wordCount":395,"commentCount":0,"publisher":{"@id":"https:\/\/jornalfatosenoticias.com.br\/#organization"},"image":{"@id":"https:\/\/jornalfatosenoticias.com.br\/index.php\/2023\/02\/24\/quando-um-problema-de-saude-mental-vira-doenca\/#primaryimage"},"thumbnailUrl":"https:\/\/jornalfatosenoticias.com.br\/wp-content\/uploads\/2023\/02\/Saude-mental-doenca.jpg","keywords":["afli\u00e7\u00e3o","doen\u00e7a mental","sa\u00fade mental","transtorno mental"],"articleSection":["Comportamento &amp; Equil\u00edbrio"],"inLanguage":"pt-BR","potentialAction":[{"@type":"CommentAction","name":"Comment","target":["https:\/\/jornalfatosenoticias.com.br\/index.php\/2023\/02\/24\/quando-um-problema-de-saude-mental-vira-doenca\/#respond"]}]},{"@type":"WebPage","@id":"https:\/\/jornalfatosenoticias.com.br\/index.php\/2023\/02\/24\/quando-um-problema-de-saude-mental-vira-doenca\/","url":"https:\/\/jornalfatosenoticias.com.br\/index.php\/2023\/02\/24\/quando-um-problema-de-saude-mental-vira-doenca\/","name":"Quando um problema de sa\u00fade mental vira doen\u00e7a? - Jornal Fatos e Not\u00edcias","isPartOf":{"@id":"https:\/\/jornalfatosenoticias.com.br\/#website"},"primaryImageOfPage":{"@id":"https:\/\/jornalfatosenoticias.com.br\/index.php\/2023\/02\/24\/quando-um-problema-de-saude-mental-vira-doenca\/#primaryimage"},"image":{"@id":"https:\/\/jornalfatosenoticias.com.br\/index.php\/2023\/02\/24\/quando-um-problema-de-saude-mental-vira-doenca\/#primaryimage"},"thumbnailUrl":"https:\/\/jornalfatosenoticias.com.br\/wp-content\/uploads\/2023\/02\/Saude-mental-doenca.jpg","datePublished":"2023-02-24T15:12:16+00:00","breadcrumb":{"@id":"https:\/\/jornalfatosenoticias.com.br\/index.php\/2023\/02\/24\/quando-um-problema-de-saude-mental-vira-doenca\/#breadcrumb"},"inLanguage":"pt-BR","potentialAction":[{"@type":"ReadAction","target":["https:\/\/jornalfatosenoticias.com.br\/index.php\/2023\/02\/24\/quando-um-problema-de-saude-mental-vira-doenca\/"]}]},{"@type":"ImageObject","inLanguage":"pt-BR","@id":"https:\/\/jornalfatosenoticias.com.br\/index.php\/2023\/02\/24\/quando-um-problema-de-saude-mental-vira-doenca\/#primaryimage","url":"https:\/\/jornalfatosenoticias.com.br\/wp-content\/uploads\/2023\/02\/Saude-mental-doenca.jpg","contentUrl":"https:\/\/jornalfatosenoticias.com.br\/wp-content\/uploads\/2023\/02\/Saude-mental-doenca.jpg","width":1000,"height":667},{"@type":"BreadcrumbList","@id":"https:\/\/jornalfatosenoticias.com.br\/index.php\/2023\/02\/24\/quando-um-problema-de-saude-mental-vira-doenca\/#breadcrumb","itemListElement":[{"@type":"ListItem","position":1,"name":"In\u00edcio","item":"https:\/\/jornalfatosenoticias.com.br\/"},{"@type":"ListItem","position":2,"name":"Quando um problema de sa\u00fade mental vira doen\u00e7a?"}]},{"@type":"WebSite","@id":"https:\/\/jornalfatosenoticias.com.br\/#website","url":"https:\/\/jornalfatosenoticias.com.br\/","name":"Jornal Fatos e Not\u00edcias","description":"Not\u00edcias em geral","publisher":{"@id":"https:\/\/jornalfatosenoticias.com.br\/#organization"},"potentialAction":[{"@type":"SearchAction","target":{"@type":"EntryPoint","urlTemplate":"https:\/\/jornalfatosenoticias.com.br\/?s={search_term_string}"},"query-input":{"@type":"PropertyValueSpecification","valueRequired":true,"valueName":"search_term_string"}}],"inLanguage":"pt-BR"},{"@type":"Organization","@id":"https:\/\/jornalfatosenoticias.com.br\/#organization","name":"Jornal Fatos e Not\u00edcias","url":"https:\/\/jornalfatosenoticias.com.br\/","logo":{"@type":"ImageObject","inLanguage":"pt-BR","@id":"https:\/\/jornalfatosenoticias.com.br\/#\/schema\/logo\/image\/","url":"https:\/\/jornalfatosenoticias.com.br\/wp-content\/uploads\/2020\/02\/logo120.png","contentUrl":"https:\/\/jornalfatosenoticias.com.br\/wp-content\/uploads\/2020\/02\/logo120.png","width":1227,"height":120,"caption":"Jornal Fatos e Not\u00edcias"},"image":{"@id":"https:\/\/jornalfatosenoticias.com.br\/#\/schema\/logo\/image\/"}},{"@type":"Person","@id":"https:\/\/jornalfatosenoticias.com.br\/#\/schema\/person\/d63837fa13ac8666eb9e74e0985d6f81","name":"Luzimara Fernandes","image":{"@type":"ImageObject","inLanguage":"pt-BR","@id":"https:\/\/jornalfatosenoticias.com.br\/#\/schema\/person\/image\/","url":"https:\/\/jornalfatosenoticias.com.br\/wp-content\/uploads\/2025\/05\/EU_portal.jpg","contentUrl":"https:\/\/jornalfatosenoticias.com.br\/wp-content\/uploads\/2025\/05\/EU_portal.jpg","caption":"Luzimara Fernandes"},"description":"Jornalista MTB 2358-ES","sameAs":["https:\/\/jornalfatosenoticias.com.br"],"url":"https:\/\/jornalfatosenoticias.com.br\/index.php\/author\/luzimara\/"}]}},"cc_featured_image_caption":{"caption_text":"(Foto: Getty Images) ","source_text":"","source_url":""},"jetpack_featured_media_url":"https:\/\/jornalfatosenoticias.com.br\/wp-content\/uploads\/2023\/02\/Saude-mental-doenca.jpg","_links":{"self":[{"href":"https:\/\/jornalfatosenoticias.com.br\/index.php\/wp-json\/wp\/v2\/posts\/39033","targetHints":{"allow":["GET"]}}],"collection":[{"href":"https:\/\/jornalfatosenoticias.com.br\/index.php\/wp-json\/wp\/v2\/posts"}],"about":[{"href":"https:\/\/jornalfatosenoticias.com.br\/index.php\/wp-json\/wp\/v2\/types\/post"}],"author":[{"embeddable":true,"href":"https:\/\/jornalfatosenoticias.com.br\/index.php\/wp-json\/wp\/v2\/users\/2"}],"replies":[{"embeddable":true,"href":"https:\/\/jornalfatosenoticias.com.br\/index.php\/wp-json\/wp\/v2\/comments?post=39033"}],"version-history":[{"count":0,"href":"https:\/\/jornalfatosenoticias.com.br\/index.php\/wp-json\/wp\/v2\/posts\/39033\/revisions"}],"wp:featuredmedia":[{"embeddable":true,"href":"https:\/\/jornalfatosenoticias.com.br\/index.php\/wp-json\/wp\/v2\/media\/39034"}],"wp:attachment":[{"href":"https:\/\/jornalfatosenoticias.com.br\/index.php\/wp-json\/wp\/v2\/media?parent=39033"}],"wp:term":[{"taxonomy":"category","embeddable":true,"href":"https:\/\/jornalfatosenoticias.com.br\/index.php\/wp-json\/wp\/v2\/categories?post=39033"},{"taxonomy":"post_tag","embeddable":true,"href":"https:\/\/jornalfatosenoticias.com.br\/index.php\/wp-json\/wp\/v2\/tags?post=39033"}],"curies":[{"name":"wp","href":"https:\/\/api.w.org\/{rel}","templated":true}]}}