{"id":39036,"date":"2023-02-24T12:37:22","date_gmt":"2023-02-24T15:37:22","guid":{"rendered":"https:\/\/jornalfatosenoticias.com.br\/?p=39036"},"modified":"2023-02-24T12:37:24","modified_gmt":"2023-02-24T15:37:24","slug":"sob-governo-de-esquerda-ministro-colombiano-propoe-descriminalizar-incesto-no-pais","status":"publish","type":"post","link":"https:\/\/jornalfatosenoticias.com.br\/index.php\/2023\/02\/24\/sob-governo-de-esquerda-ministro-colombiano-propoe-descriminalizar-incesto-no-pais\/","title":{"rendered":"Sob governo de esquerda, ministro colombiano prop\u00f5e descriminalizar incesto no pa\u00eds"},"content":{"rendered":"\n<p><em><span class=\"has-inline-color has-black-color\">Sendo o primeiro presidente com agenda progressista na hist\u00f3ria do pa\u00eds, Petro deve avan\u00e7ar em uma s\u00e9rie de reformas<\/span><\/em><\/p>\n\n\n\n<div class=\"wp-block-image\"><figure class=\"aligncenter size-large\"><img loading=\"lazy\" decoding=\"async\" width=\"1024\" height=\"100\" src=\"https:\/\/jornalfatosenoticias.com.br\/wp-content\/uploads\/2022\/05\/NOVA-LOGO-CESCONETTO-1024x100.jpg\" alt=\"\" class=\"wp-image-30792\" srcset=\"https:\/\/jornalfatosenoticias.com.br\/wp-content\/uploads\/2022\/05\/NOVA-LOGO-CESCONETTO-1024x100.jpg 1024w, https:\/\/jornalfatosenoticias.com.br\/wp-content\/uploads\/2022\/05\/NOVA-LOGO-CESCONETTO-300x29.jpg 300w, https:\/\/jornalfatosenoticias.com.br\/wp-content\/uploads\/2022\/05\/NOVA-LOGO-CESCONETTO-768x75.jpg 768w, https:\/\/jornalfatosenoticias.com.br\/wp-content\/uploads\/2022\/05\/NOVA-LOGO-CESCONETTO.jpg 1280w\" sizes=\"auto, (max-width: 1024px) 100vw, 1024px\" \/><\/figure><\/div>\n\n\n\n<p>O ministro da Justi\u00e7a da Col\u00f4mbia, N\u00e9stor Osuna, apresentou ao Congresso um projeto de lei com uma tem\u00e1tica controversa: deixar de considerar o incesto entre maiores de idade como um crime.<br>A legisla\u00e7\u00e3o colombiana pune parentes em primeiro grau de consanguinidade que mantenham rela\u00e7\u00f5es sexuais com penas de at\u00e9 seis anos de pris\u00e3o.<\/p>\n\n\n\n<div class=\"wp-block-image\"><figure class=\"aligncenter size-large\"><img decoding=\"async\" src=\"https:\/\/jornalfatosenoticias.com.br\/wp-content\/uploads\/2023\/02\/faserra_portal.jpg\" alt=\"\" class=\"wp-image-38905\"\/><\/figure><\/div>\n\n\n\n<figure class=\"wp-block-pullquote\"><blockquote><p><span class=\"has-inline-color has-luminous-vivid-orange-color\">O que estamos propondo eliminar \u00e9 que duas pessoas, ambas adultas, que consentem livremente em ter sexo, as mandem para a pris\u00e3o&#8221;, disse ele em entrevista \u00e0 Blu Radio.<\/span><\/p><\/blockquote><\/figure>\n\n\n\n<div class=\"wp-block-image\"><figure class=\"aligncenter size-large\"><img loading=\"lazy\" decoding=\"async\" width=\"300\" height=\"250\" src=\"https:\/\/jornalfatosenoticias.com.br\/wp-content\/uploads\/2022\/08\/arte-Casarao.jpg\" alt=\"\" class=\"wp-image-33178\"\/><\/figure><\/div>\n\n\n\n<p>Na \u00faltima segunda-feira (20), o ministro protocolou um texto para melhorar as condi\u00e7\u00f5es penitenci\u00e1rias e descriminalizar algumas pr\u00e1ticas no pa\u00eds, sob alega\u00e7\u00e3o de que a superpopula\u00e7\u00e3o das pris\u00f5es atinge um pico cr\u00edtico.<\/p>\n\n\n\n<div class=\"wp-block-image\"><figure class=\"aligncenter size-large is-resized\"><img loading=\"lazy\" decoding=\"async\" src=\"https:\/\/jornalfatosenoticias.com.br\/wp-content\/uploads\/2020\/02\/nova-logo-Marquetti.jpg\" alt=\"\" class=\"wp-image-22331\" width=\"301\" height=\"202\" srcset=\"https:\/\/jornalfatosenoticias.com.br\/wp-content\/uploads\/2020\/02\/nova-logo-Marquetti.jpg 643w, https:\/\/jornalfatosenoticias.com.br\/wp-content\/uploads\/2020\/02\/nova-logo-Marquetti-300x202.jpg 300w\" sizes=\"auto, (max-width: 301px) 100vw, 301px\" \/><\/figure><\/div>\n\n\n\n<figure class=\"wp-block-pullquote\"><blockquote><p><span class=\"has-inline-color has-luminous-vivid-orange-color\">\u00c9 preciso estabelecer um direito penal pr\u00f3prio de uma sociedade liberal limites para a persegui\u00e7\u00e3o do Estado a comportamentos que realmente n\u00e3o prejudicam a sociedade. N\u00e3o \u00e9 estupro, nem atos sexuais abusivos, nem atos com menores de idade. Isso permanece exatamente o mesmo com as penas merecidamente altas que eles t\u00eam&#8221;, acrescentou, apontando diferen\u00e7as entre o incesto e outros crimes sexuais.<\/span><\/p><\/blockquote><\/figure>\n\n\n\n<div class=\"wp-block-image\"><figure class=\"aligncenter size-large is-resized\"><img loading=\"lazy\" decoding=\"async\" src=\"https:\/\/jornalfatosenoticias.com.br\/wp-content\/uploads\/2020\/02\/logo-embacia.jpg\" alt=\"\" class=\"wp-image-33905\" width=\"338\" height=\"338\"\/><\/figure><\/div>\n\n\n\n<p><strong><em>Fonte: <a href=\"https:\/\/www.conexaopolitica.com.br\/internacional\/sob-governo-de-esquerda-ministro-colombiano-propoe-descriminalizar-incesto-no-pais\/\">Conex\u00e3o Pol\u00edtica<\/a><\/em><\/strong><\/p>\n","protected":false},"excerpt":{"rendered":"<p>Sendo o primeiro presidente com agenda progressista na hist\u00f3ria do pa\u00eds, Petro deve avan\u00e7ar em uma s\u00e9rie de reformas O ministro da Justi\u00e7a da Col\u00f4mbia, N\u00e9stor Osuna, apresentou ao Congresso um projeto de lei com uma tem\u00e1tica controversa: deixar de considerar o incesto entre maiores de idade como um crime.A legisla\u00e7\u00e3o colombiana pune parentes em [&hellip;]<\/p>\n","protected":false},"author":2,"featured_media":39037,"comment_status":"open","ping_status":"open","sticky":false,"template":"","format":"standard","meta":{"footnotes":""},"categories":[41],"tags":[6597,18248,18249,12757,18247,4261],"class_list":["post-39036","post","type-post","status-publish","format-standard","has-post-thumbnail","hentry","category-internacional","tag-colombia","tag-descriminalizacao","tag-governo-de-esquerda","tag-incesto","tag-ministro-colombiano","tag-projeto-de-lei"],"yoast_head":"<!-- This site is optimized with the Yoast SEO plugin v26.5 - https:\/\/yoast.com\/wordpress\/plugins\/seo\/ -->\n<title>Sob governo de esquerda, ministro colombiano prop\u00f5e descriminalizar incesto no pa\u00eds - Jornal Fatos e Not\u00edcias<\/title>\n<meta name=\"robots\" content=\"index, follow, max-snippet:-1, max-image-preview:large, max-video-preview:-1\" \/>\n<link rel=\"canonical\" href=\"https:\/\/jornalfatosenoticias.com.br\/index.php\/2023\/02\/24\/sob-governo-de-esquerda-ministro-colombiano-propoe-descriminalizar-incesto-no-pais\/\" \/>\n<meta property=\"og:locale\" content=\"pt_BR\" \/>\n<meta property=\"og:type\" content=\"article\" \/>\n<meta property=\"og:title\" content=\"Sob governo de esquerda, ministro colombiano prop\u00f5e descriminalizar incesto no pa\u00eds - Jornal Fatos e Not\u00edcias\" \/>\n<meta property=\"og:description\" content=\"Sendo o primeiro presidente com agenda progressista na hist\u00f3ria do pa\u00eds, Petro deve avan\u00e7ar em uma s\u00e9rie de reformas O ministro da Justi\u00e7a da Col\u00f4mbia, N\u00e9stor Osuna, apresentou ao Congresso um projeto de lei com uma tem\u00e1tica controversa: deixar de considerar o incesto entre maiores de idade como um crime.A legisla\u00e7\u00e3o colombiana pune parentes em [&hellip;]\" \/>\n<meta property=\"og:url\" content=\"https:\/\/jornalfatosenoticias.com.br\/index.php\/2023\/02\/24\/sob-governo-de-esquerda-ministro-colombiano-propoe-descriminalizar-incesto-no-pais\/\" \/>\n<meta property=\"og:site_name\" content=\"Jornal Fatos e Not\u00edcias\" \/>\n<meta property=\"article:published_time\" content=\"2023-02-24T15:37:22+00:00\" \/>\n<meta property=\"article:modified_time\" content=\"2023-02-24T15:37:24+00:00\" \/>\n<meta property=\"og:image\" content=\"https:\/\/jornalfatosenoticias.com.br\/wp-content\/uploads\/2023\/02\/Nestor-Ivan-Osuna-ministro-colombiano.jpg\" \/>\n\t<meta property=\"og:image:width\" content=\"1000\" \/>\n\t<meta property=\"og:image:height\" content=\"562\" \/>\n\t<meta property=\"og:image:type\" content=\"image\/jpeg\" \/>\n<meta name=\"author\" content=\"Luzimara Fernandes\" \/>\n<meta name=\"twitter:card\" content=\"summary_large_image\" \/>\n<meta name=\"twitter:label1\" content=\"Escrito por\" \/>\n\t<meta name=\"twitter:data1\" content=\"Luzimara Fernandes\" \/>\n\t<meta name=\"twitter:label2\" content=\"Est. tempo de leitura\" \/>\n\t<meta name=\"twitter:data2\" content=\"1 minuto\" \/>\n<script type=\"application\/ld+json\" class=\"yoast-schema-graph\">{\"@context\":\"https:\/\/schema.org\",\"@graph\":[{\"@type\":\"Article\",\"@id\":\"https:\/\/jornalfatosenoticias.com.br\/index.php\/2023\/02\/24\/sob-governo-de-esquerda-ministro-colombiano-propoe-descriminalizar-incesto-no-pais\/#article\",\"isPartOf\":{\"@id\":\"https:\/\/jornalfatosenoticias.com.br\/index.php\/2023\/02\/24\/sob-governo-de-esquerda-ministro-colombiano-propoe-descriminalizar-incesto-no-pais\/\"},\"author\":{\"name\":\"Luzimara Fernandes\",\"@id\":\"https:\/\/jornalfatosenoticias.com.br\/#\/schema\/person\/d63837fa13ac8666eb9e74e0985d6f81\"},\"headline\":\"Sob governo de esquerda, ministro colombiano prop\u00f5e descriminalizar incesto no pa\u00eds\",\"datePublished\":\"2023-02-24T15:37:22+00:00\",\"dateModified\":\"2023-02-24T15:37:24+00:00\",\"mainEntityOfPage\":{\"@id\":\"https:\/\/jornalfatosenoticias.com.br\/index.php\/2023\/02\/24\/sob-governo-de-esquerda-ministro-colombiano-propoe-descriminalizar-incesto-no-pais\/\"},\"wordCount\":233,\"commentCount\":0,\"publisher\":{\"@id\":\"https:\/\/jornalfatosenoticias.com.br\/#organization\"},\"image\":{\"@id\":\"https:\/\/jornalfatosenoticias.com.br\/index.php\/2023\/02\/24\/sob-governo-de-esquerda-ministro-colombiano-propoe-descriminalizar-incesto-no-pais\/#primaryimage\"},\"thumbnailUrl\":\"https:\/\/jornalfatosenoticias.com.br\/wp-content\/uploads\/2023\/02\/Nestor-Ivan-Osuna-ministro-colombiano.jpg\",\"keywords\":[\"Col\u00f4mbia\",\"descriminaliza\u00e7\u00e3o\",\"governo de esquerda\",\"incesto\",\"ministro colombiano\",\"projeto de lei\"],\"articleSection\":[\"Internacional\"],\"inLanguage\":\"pt-BR\",\"potentialAction\":[{\"@type\":\"CommentAction\",\"name\":\"Comment\",\"target\":[\"https:\/\/jornalfatosenoticias.com.br\/index.php\/2023\/02\/24\/sob-governo-de-esquerda-ministro-colombiano-propoe-descriminalizar-incesto-no-pais\/#respond\"]}]},{\"@type\":\"WebPage\",\"@id\":\"https:\/\/jornalfatosenoticias.com.br\/index.php\/2023\/02\/24\/sob-governo-de-esquerda-ministro-colombiano-propoe-descriminalizar-incesto-no-pais\/\",\"url\":\"https:\/\/jornalfatosenoticias.com.br\/index.php\/2023\/02\/24\/sob-governo-de-esquerda-ministro-colombiano-propoe-descriminalizar-incesto-no-pais\/\",\"name\":\"Sob governo de esquerda, ministro colombiano prop\u00f5e descriminalizar incesto no pa\u00eds - Jornal Fatos e Not\u00edcias\",\"isPartOf\":{\"@id\":\"https:\/\/jornalfatosenoticias.com.br\/#website\"},\"primaryImageOfPage\":{\"@id\":\"https:\/\/jornalfatosenoticias.com.br\/index.php\/2023\/02\/24\/sob-governo-de-esquerda-ministro-colombiano-propoe-descriminalizar-incesto-no-pais\/#primaryimage\"},\"image\":{\"@id\":\"https:\/\/jornalfatosenoticias.com.br\/index.php\/2023\/02\/24\/sob-governo-de-esquerda-ministro-colombiano-propoe-descriminalizar-incesto-no-pais\/#primaryimage\"},\"thumbnailUrl\":\"https:\/\/jornalfatosenoticias.com.br\/wp-content\/uploads\/2023\/02\/Nestor-Ivan-Osuna-ministro-colombiano.jpg\",\"datePublished\":\"2023-02-24T15:37:22+00:00\",\"dateModified\":\"2023-02-24T15:37:24+00:00\",\"breadcrumb\":{\"@id\":\"https:\/\/jornalfatosenoticias.com.br\/index.php\/2023\/02\/24\/sob-governo-de-esquerda-ministro-colombiano-propoe-descriminalizar-incesto-no-pais\/#breadcrumb\"},\"inLanguage\":\"pt-BR\",\"potentialAction\":[{\"@type\":\"ReadAction\",\"target\":[\"https:\/\/jornalfatosenoticias.com.br\/index.php\/2023\/02\/24\/sob-governo-de-esquerda-ministro-colombiano-propoe-descriminalizar-incesto-no-pais\/\"]}]},{\"@type\":\"ImageObject\",\"inLanguage\":\"pt-BR\",\"@id\":\"https:\/\/jornalfatosenoticias.com.br\/index.php\/2023\/02\/24\/sob-governo-de-esquerda-ministro-colombiano-propoe-descriminalizar-incesto-no-pais\/#primaryimage\",\"url\":\"https:\/\/jornalfatosenoticias.com.br\/wp-content\/uploads\/2023\/02\/Nestor-Ivan-Osuna-ministro-colombiano.jpg\",\"contentUrl\":\"https:\/\/jornalfatosenoticias.com.br\/wp-content\/uploads\/2023\/02\/Nestor-Ivan-Osuna-ministro-colombiano.jpg\",\"width\":1000,\"height\":562},{\"@type\":\"BreadcrumbList\",\"@id\":\"https:\/\/jornalfatosenoticias.com.br\/index.php\/2023\/02\/24\/sob-governo-de-esquerda-ministro-colombiano-propoe-descriminalizar-incesto-no-pais\/#breadcrumb\",\"itemListElement\":[{\"@type\":\"ListItem\",\"position\":1,\"name\":\"In\u00edcio\",\"item\":\"https:\/\/jornalfatosenoticias.com.br\/\"},{\"@type\":\"ListItem\",\"position\":2,\"name\":\"Sob governo de esquerda, ministro colombiano prop\u00f5e descriminalizar incesto no pa\u00eds\"}]},{\"@type\":\"WebSite\",\"@id\":\"https:\/\/jornalfatosenoticias.com.br\/#website\",\"url\":\"https:\/\/jornalfatosenoticias.com.br\/\",\"name\":\"Jornal Fatos e Not\u00edcias\",\"description\":\"Not\u00edcias em geral\",\"publisher\":{\"@id\":\"https:\/\/jornalfatosenoticias.com.br\/#organization\"},\"potentialAction\":[{\"@type\":\"SearchAction\",\"target\":{\"@type\":\"EntryPoint\",\"urlTemplate\":\"https:\/\/jornalfatosenoticias.com.br\/?s={search_term_string}\"},\"query-input\":{\"@type\":\"PropertyValueSpecification\",\"valueRequired\":true,\"valueName\":\"search_term_string\"}}],\"inLanguage\":\"pt-BR\"},{\"@type\":\"Organization\",\"@id\":\"https:\/\/jornalfatosenoticias.com.br\/#organization\",\"name\":\"Jornal Fatos e Not\u00edcias\",\"url\":\"https:\/\/jornalfatosenoticias.com.br\/\",\"logo\":{\"@type\":\"ImageObject\",\"inLanguage\":\"pt-BR\",\"@id\":\"https:\/\/jornalfatosenoticias.com.br\/#\/schema\/logo\/image\/\",\"url\":\"https:\/\/jornalfatosenoticias.com.br\/wp-content\/uploads\/2020\/02\/logo120.png\",\"contentUrl\":\"https:\/\/jornalfatosenoticias.com.br\/wp-content\/uploads\/2020\/02\/logo120.png\",\"width\":1227,\"height\":120,\"caption\":\"Jornal Fatos e Not\u00edcias\"},\"image\":{\"@id\":\"https:\/\/jornalfatosenoticias.com.br\/#\/schema\/logo\/image\/\"}},{\"@type\":\"Person\",\"@id\":\"https:\/\/jornalfatosenoticias.com.br\/#\/schema\/person\/d63837fa13ac8666eb9e74e0985d6f81\",\"name\":\"Luzimara Fernandes\",\"image\":{\"@type\":\"ImageObject\",\"inLanguage\":\"pt-BR\",\"@id\":\"https:\/\/jornalfatosenoticias.com.br\/#\/schema\/person\/image\/\",\"url\":\"https:\/\/jornalfatosenoticias.com.br\/wp-content\/uploads\/2025\/05\/EU_portal.jpg\",\"contentUrl\":\"https:\/\/jornalfatosenoticias.com.br\/wp-content\/uploads\/2025\/05\/EU_portal.jpg\",\"caption\":\"Luzimara Fernandes\"},\"description\":\"Jornalista MTB 2358-ES\",\"sameAs\":[\"https:\/\/jornalfatosenoticias.com.br\"],\"url\":\"https:\/\/jornalfatosenoticias.com.br\/index.php\/author\/luzimara\/\"}]}<\/script>\n<!-- \/ Yoast SEO plugin. -->","yoast_head_json":{"title":"Sob governo de esquerda, ministro colombiano prop\u00f5e descriminalizar incesto no pa\u00eds - Jornal Fatos e Not\u00edcias","robots":{"index":"index","follow":"follow","max-snippet":"max-snippet:-1","max-image-preview":"max-image-preview:large","max-video-preview":"max-video-preview:-1"},"canonical":"https:\/\/jornalfatosenoticias.com.br\/index.php\/2023\/02\/24\/sob-governo-de-esquerda-ministro-colombiano-propoe-descriminalizar-incesto-no-pais\/","og_locale":"pt_BR","og_type":"article","og_title":"Sob governo de esquerda, ministro colombiano prop\u00f5e descriminalizar incesto no pa\u00eds - Jornal Fatos e Not\u00edcias","og_description":"Sendo o primeiro presidente com agenda progressista na hist\u00f3ria do pa\u00eds, Petro deve avan\u00e7ar em uma s\u00e9rie de reformas O ministro da Justi\u00e7a da Col\u00f4mbia, N\u00e9stor Osuna, apresentou ao Congresso um projeto de lei com uma tem\u00e1tica controversa: deixar de considerar o incesto entre maiores de idade como um crime.A legisla\u00e7\u00e3o colombiana pune parentes em [&hellip;]","og_url":"https:\/\/jornalfatosenoticias.com.br\/index.php\/2023\/02\/24\/sob-governo-de-esquerda-ministro-colombiano-propoe-descriminalizar-incesto-no-pais\/","og_site_name":"Jornal Fatos e Not\u00edcias","article_published_time":"2023-02-24T15:37:22+00:00","article_modified_time":"2023-02-24T15:37:24+00:00","og_image":[{"width":1000,"height":562,"url":"https:\/\/jornalfatosenoticias.com.br\/wp-content\/uploads\/2023\/02\/Nestor-Ivan-Osuna-ministro-colombiano.jpg","type":"image\/jpeg"}],"author":"Luzimara Fernandes","twitter_card":"summary_large_image","twitter_misc":{"Escrito por":"Luzimara Fernandes","Est. tempo de leitura":"1 minuto"},"schema":{"@context":"https:\/\/schema.org","@graph":[{"@type":"Article","@id":"https:\/\/jornalfatosenoticias.com.br\/index.php\/2023\/02\/24\/sob-governo-de-esquerda-ministro-colombiano-propoe-descriminalizar-incesto-no-pais\/#article","isPartOf":{"@id":"https:\/\/jornalfatosenoticias.com.br\/index.php\/2023\/02\/24\/sob-governo-de-esquerda-ministro-colombiano-propoe-descriminalizar-incesto-no-pais\/"},"author":{"name":"Luzimara Fernandes","@id":"https:\/\/jornalfatosenoticias.com.br\/#\/schema\/person\/d63837fa13ac8666eb9e74e0985d6f81"},"headline":"Sob governo de esquerda, ministro colombiano prop\u00f5e descriminalizar incesto no pa\u00eds","datePublished":"2023-02-24T15:37:22+00:00","dateModified":"2023-02-24T15:37:24+00:00","mainEntityOfPage":{"@id":"https:\/\/jornalfatosenoticias.com.br\/index.php\/2023\/02\/24\/sob-governo-de-esquerda-ministro-colombiano-propoe-descriminalizar-incesto-no-pais\/"},"wordCount":233,"commentCount":0,"publisher":{"@id":"https:\/\/jornalfatosenoticias.com.br\/#organization"},"image":{"@id":"https:\/\/jornalfatosenoticias.com.br\/index.php\/2023\/02\/24\/sob-governo-de-esquerda-ministro-colombiano-propoe-descriminalizar-incesto-no-pais\/#primaryimage"},"thumbnailUrl":"https:\/\/jornalfatosenoticias.com.br\/wp-content\/uploads\/2023\/02\/Nestor-Ivan-Osuna-ministro-colombiano.jpg","keywords":["Col\u00f4mbia","descriminaliza\u00e7\u00e3o","governo de esquerda","incesto","ministro colombiano","projeto de lei"],"articleSection":["Internacional"],"inLanguage":"pt-BR","potentialAction":[{"@type":"CommentAction","name":"Comment","target":["https:\/\/jornalfatosenoticias.com.br\/index.php\/2023\/02\/24\/sob-governo-de-esquerda-ministro-colombiano-propoe-descriminalizar-incesto-no-pais\/#respond"]}]},{"@type":"WebPage","@id":"https:\/\/jornalfatosenoticias.com.br\/index.php\/2023\/02\/24\/sob-governo-de-esquerda-ministro-colombiano-propoe-descriminalizar-incesto-no-pais\/","url":"https:\/\/jornalfatosenoticias.com.br\/index.php\/2023\/02\/24\/sob-governo-de-esquerda-ministro-colombiano-propoe-descriminalizar-incesto-no-pais\/","name":"Sob governo de esquerda, ministro colombiano prop\u00f5e descriminalizar incesto no pa\u00eds - Jornal Fatos e Not\u00edcias","isPartOf":{"@id":"https:\/\/jornalfatosenoticias.com.br\/#website"},"primaryImageOfPage":{"@id":"https:\/\/jornalfatosenoticias.com.br\/index.php\/2023\/02\/24\/sob-governo-de-esquerda-ministro-colombiano-propoe-descriminalizar-incesto-no-pais\/#primaryimage"},"image":{"@id":"https:\/\/jornalfatosenoticias.com.br\/index.php\/2023\/02\/24\/sob-governo-de-esquerda-ministro-colombiano-propoe-descriminalizar-incesto-no-pais\/#primaryimage"},"thumbnailUrl":"https:\/\/jornalfatosenoticias.com.br\/wp-content\/uploads\/2023\/02\/Nestor-Ivan-Osuna-ministro-colombiano.jpg","datePublished":"2023-02-24T15:37:22+00:00","dateModified":"2023-02-24T15:37:24+00:00","breadcrumb":{"@id":"https:\/\/jornalfatosenoticias.com.br\/index.php\/2023\/02\/24\/sob-governo-de-esquerda-ministro-colombiano-propoe-descriminalizar-incesto-no-pais\/#breadcrumb"},"inLanguage":"pt-BR","potentialAction":[{"@type":"ReadAction","target":["https:\/\/jornalfatosenoticias.com.br\/index.php\/2023\/02\/24\/sob-governo-de-esquerda-ministro-colombiano-propoe-descriminalizar-incesto-no-pais\/"]}]},{"@type":"ImageObject","inLanguage":"pt-BR","@id":"https:\/\/jornalfatosenoticias.com.br\/index.php\/2023\/02\/24\/sob-governo-de-esquerda-ministro-colombiano-propoe-descriminalizar-incesto-no-pais\/#primaryimage","url":"https:\/\/jornalfatosenoticias.com.br\/wp-content\/uploads\/2023\/02\/Nestor-Ivan-Osuna-ministro-colombiano.jpg","contentUrl":"https:\/\/jornalfatosenoticias.com.br\/wp-content\/uploads\/2023\/02\/Nestor-Ivan-Osuna-ministro-colombiano.jpg","width":1000,"height":562},{"@type":"BreadcrumbList","@id":"https:\/\/jornalfatosenoticias.com.br\/index.php\/2023\/02\/24\/sob-governo-de-esquerda-ministro-colombiano-propoe-descriminalizar-incesto-no-pais\/#breadcrumb","itemListElement":[{"@type":"ListItem","position":1,"name":"In\u00edcio","item":"https:\/\/jornalfatosenoticias.com.br\/"},{"@type":"ListItem","position":2,"name":"Sob governo de esquerda, ministro colombiano prop\u00f5e descriminalizar incesto no pa\u00eds"}]},{"@type":"WebSite","@id":"https:\/\/jornalfatosenoticias.com.br\/#website","url":"https:\/\/jornalfatosenoticias.com.br\/","name":"Jornal Fatos e Not\u00edcias","description":"Not\u00edcias em geral","publisher":{"@id":"https:\/\/jornalfatosenoticias.com.br\/#organization"},"potentialAction":[{"@type":"SearchAction","target":{"@type":"EntryPoint","urlTemplate":"https:\/\/jornalfatosenoticias.com.br\/?s={search_term_string}"},"query-input":{"@type":"PropertyValueSpecification","valueRequired":true,"valueName":"search_term_string"}}],"inLanguage":"pt-BR"},{"@type":"Organization","@id":"https:\/\/jornalfatosenoticias.com.br\/#organization","name":"Jornal Fatos e Not\u00edcias","url":"https:\/\/jornalfatosenoticias.com.br\/","logo":{"@type":"ImageObject","inLanguage":"pt-BR","@id":"https:\/\/jornalfatosenoticias.com.br\/#\/schema\/logo\/image\/","url":"https:\/\/jornalfatosenoticias.com.br\/wp-content\/uploads\/2020\/02\/logo120.png","contentUrl":"https:\/\/jornalfatosenoticias.com.br\/wp-content\/uploads\/2020\/02\/logo120.png","width":1227,"height":120,"caption":"Jornal Fatos e Not\u00edcias"},"image":{"@id":"https:\/\/jornalfatosenoticias.com.br\/#\/schema\/logo\/image\/"}},{"@type":"Person","@id":"https:\/\/jornalfatosenoticias.com.br\/#\/schema\/person\/d63837fa13ac8666eb9e74e0985d6f81","name":"Luzimara Fernandes","image":{"@type":"ImageObject","inLanguage":"pt-BR","@id":"https:\/\/jornalfatosenoticias.com.br\/#\/schema\/person\/image\/","url":"https:\/\/jornalfatosenoticias.com.br\/wp-content\/uploads\/2025\/05\/EU_portal.jpg","contentUrl":"https:\/\/jornalfatosenoticias.com.br\/wp-content\/uploads\/2025\/05\/EU_portal.jpg","caption":"Luzimara Fernandes"},"description":"Jornalista MTB 2358-ES","sameAs":["https:\/\/jornalfatosenoticias.com.br"],"url":"https:\/\/jornalfatosenoticias.com.br\/index.php\/author\/luzimara\/"}]}},"cc_featured_image_caption":{"caption_text":"(Foto: Divulga\u00e7\u00e3o\/Gov. Col\u00f4mbia) \r\n","source_text":"","source_url":""},"jetpack_featured_media_url":"https:\/\/jornalfatosenoticias.com.br\/wp-content\/uploads\/2023\/02\/Nestor-Ivan-Osuna-ministro-colombiano.jpg","_links":{"self":[{"href":"https:\/\/jornalfatosenoticias.com.br\/index.php\/wp-json\/wp\/v2\/posts\/39036","targetHints":{"allow":["GET"]}}],"collection":[{"href":"https:\/\/jornalfatosenoticias.com.br\/index.php\/wp-json\/wp\/v2\/posts"}],"about":[{"href":"https:\/\/jornalfatosenoticias.com.br\/index.php\/wp-json\/wp\/v2\/types\/post"}],"author":[{"embeddable":true,"href":"https:\/\/jornalfatosenoticias.com.br\/index.php\/wp-json\/wp\/v2\/users\/2"}],"replies":[{"embeddable":true,"href":"https:\/\/jornalfatosenoticias.com.br\/index.php\/wp-json\/wp\/v2\/comments?post=39036"}],"version-history":[{"count":0,"href":"https:\/\/jornalfatosenoticias.com.br\/index.php\/wp-json\/wp\/v2\/posts\/39036\/revisions"}],"wp:featuredmedia":[{"embeddable":true,"href":"https:\/\/jornalfatosenoticias.com.br\/index.php\/wp-json\/wp\/v2\/media\/39037"}],"wp:attachment":[{"href":"https:\/\/jornalfatosenoticias.com.br\/index.php\/wp-json\/wp\/v2\/media?parent=39036"}],"wp:term":[{"taxonomy":"category","embeddable":true,"href":"https:\/\/jornalfatosenoticias.com.br\/index.php\/wp-json\/wp\/v2\/categories?post=39036"},{"taxonomy":"post_tag","embeddable":true,"href":"https:\/\/jornalfatosenoticias.com.br\/index.php\/wp-json\/wp\/v2\/tags?post=39036"}],"curies":[{"name":"wp","href":"https:\/\/api.w.org\/{rel}","templated":true}]}}