{"id":39039,"date":"2023-02-24T12:46:45","date_gmt":"2023-02-24T15:46:45","guid":{"rendered":"https:\/\/jornalfatosenoticias.com.br\/?p=39039"},"modified":"2023-02-24T12:46:45","modified_gmt":"2023-02-24T15:46:45","slug":"em-menos-de-uma-semana-11-propriedades-foram-invadidas-em-sp-ms-e-pr","status":"publish","type":"post","link":"https:\/\/jornalfatosenoticias.com.br\/index.php\/2023\/02\/24\/em-menos-de-uma-semana-11-propriedades-foram-invadidas-em-sp-ms-e-pr\/","title":{"rendered":"Em menos de uma semana, 11 propriedades foram invadidas em SP, MS e PR"},"content":{"rendered":"\n<p><em><span class=\"has-inline-color has-black-color\">Abag chama a aten\u00e7\u00e3o do governo federal e pede pela interven\u00e7\u00e3o contra invasores<\/span><\/em><\/p>\n\n\n\n<div class=\"wp-block-image\"><figure class=\"aligncenter size-large\"><img loading=\"lazy\" decoding=\"async\" width=\"729\" height=\"90\" src=\"https:\/\/jornalfatosenoticias.com.br\/wp-content\/uploads\/2020\/02\/Logo_Mizu.png\" alt=\"\" class=\"wp-image-1441\" srcset=\"https:\/\/jornalfatosenoticias.com.br\/wp-content\/uploads\/2020\/02\/Logo_Mizu.png 729w, https:\/\/jornalfatosenoticias.com.br\/wp-content\/uploads\/2020\/02\/Logo_Mizu-300x37.png 300w\" sizes=\"auto, (max-width: 729px) 100vw, 729px\" \/><\/figure><\/div>\n\n\n\n<p>A Associa\u00e7\u00e3o Brasileira do Agroneg\u00f3cio (Abag) manifestou rep\u00fadio contra uma s\u00e9rie de invas\u00f5es de terra que afeta, desde o \u00faltimo s\u00e1bado (18), Mato Grosso do Sul, Paran\u00e1 e S\u00e3o Paulo \u2014 reduto com maior concentra\u00e7\u00e3o de invasores. Em nota, a entidade cobra a\u00e7\u00e3o por parte das autoridades.<\/p>\n\n\n\n<div class=\"wp-block-image\"><figure class=\"aligncenter size-large is-resized\"><img loading=\"lazy\" decoding=\"async\" src=\"https:\/\/jornalfatosenoticias.com.br\/wp-content\/uploads\/2022\/02\/Precisao-Contabilidade-1024x724.jpg\" alt=\"\" class=\"wp-image-28088\" width=\"345\" height=\"244\"\/><\/figure><\/div>\n\n\n\n<figure class=\"wp-block-pullquote\"><blockquote><p><span class=\"has-inline-color has-luminous-vivid-orange-color\">[A] Abag repudia todo e qualquer ato de invas\u00e3o a propriedades, p\u00fablicas ou privadas, destinadas \u00e0 produ\u00e7\u00e3o agroindustrial e clama para que o atual governo intervenha junto \u00e0s lideran\u00e7as dos movimentos insurgentes no sentido de apaziguar a vida no campo, para que a agricultura e a pecu\u00e1ria brasileiras continuem sendo a locomotiva da economia nacional&#8221;, diz o comunicado.<\/span><\/p><\/blockquote><\/figure>\n\n\n\n<div class=\"wp-block-image\"><figure class=\"alignleft size-large\"><img decoding=\"async\" src=\"https:\/\/jornalfatosenoticias.com.br\/wp-content\/uploads\/2020\/02\/barao-das-carnes-300x164-1.jpg\" alt=\"\" class=\"wp-image-34339\"\/><\/figure><\/div>\n\n\n\n<p>O agroneg\u00f3cio, destaca a associa\u00e7\u00e3o, \u00e9 respons\u00e1vel por cerca de 25% do Produto Interno Bruto (PIB) do Brasil. Com as investidas sofridas nos \u00faltimos dias, poder\u00e1 ser afetado de diversas maneiras. Tal movimento afasta investidores e cria cen\u00e1rio de instabilidade, al\u00e9m de abrir brechas para campanhas estrangeiras contra o Pa\u00eds.<br>A Frente Nacional de Lutas Campo e Cidade (FNL) assumiu a autoria de onze invas\u00f5es de terra desde o \u00faltimo fim de semana. Eis a lista:<\/p>\n\n\n\n<div class=\"wp-block-image\"><figure class=\"aligncenter size-large\"><img loading=\"lazy\" decoding=\"async\" width=\"1024\" height=\"100\" src=\"https:\/\/jornalfatosenoticias.com.br\/wp-content\/uploads\/2020\/02\/banner_ferramentas-1024x100.jpg\" alt=\"\" class=\"wp-image-1258\" srcset=\"https:\/\/jornalfatosenoticias.com.br\/wp-content\/uploads\/2020\/02\/banner_ferramentas-1024x100.jpg 1024w, https:\/\/jornalfatosenoticias.com.br\/wp-content\/uploads\/2020\/02\/banner_ferramentas-300x29.jpg 300w, https:\/\/jornalfatosenoticias.com.br\/wp-content\/uploads\/2020\/02\/banner_ferramentas-768x75.jpg 768w, https:\/\/jornalfatosenoticias.com.br\/wp-content\/uploads\/2020\/02\/banner_ferramentas.jpg 1227w\" sizes=\"auto, (max-width: 1024px) 100vw, 1024px\" \/><\/figure><\/div>\n\n\n\n<ol class=\"wp-block-list\"><li>Fazenda Fernanda \u2014 Japor\u00e3 (MS)<\/li><li>Terra da extinta Polar \u2014 Ponta Grossa (PR)<\/li><li>Fazenda Floresta \u2014 Marab\u00e1 Paulista (SP)<\/li><li>Fazenda S\u00e3o Jo\u00e3o \u2014 Marab\u00e1 Paulista (SP)<\/li><li>Fazenda S\u00e3o Louren\u00e7o \u2014 Rosana (SP)<\/li><li>Fazenda S\u00e3o Domingos \u2014 Sandovalina (SP)<\/li><li>Fazenda Santana \u2014 Planalto do Sul (SP)<\/li><li>Fazenda Santa Rosa \u2014 Mirante do Paranapanema (SP)<\/li><li>Fazenda Santo Ant\u00f4nio \u2014 Presidente Epit\u00e1cio (SP)<\/li><li>Fazenda S\u00e3o Jos\u00e9 \u2014 (SP)<\/li><li>Pr\u00e9dio residencial em obras \u2014 (SP)<\/li><\/ol>\n\n\n\n<div class=\"wp-block-image\"><figure class=\"aligncenter size-large is-resized\"><img loading=\"lazy\" decoding=\"async\" src=\"https:\/\/jornalfatosenoticias.com.br\/wp-content\/uploads\/2022\/08\/logo-locau-veiculos-1024x573.png\" alt=\"\" class=\"wp-image-33078\" width=\"303\" height=\"169\"\/><\/figure><\/div>\n\n\n\n<p>Apesar da preocupa\u00e7\u00e3o externada pela Abag, nenhum \u00f3rg\u00e3o federal havia se manifestado sobre o tema. At\u00e9 a \u00faltima quarta-feira, 22, a entidade pedia a aten\u00e7\u00e3o do governo.<\/p>\n\n\n\n<div class=\"wp-block-image\"><figure class=\"aligncenter size-large\"><img decoding=\"async\" src=\"https:\/\/jornalfatosenoticias.com.br\/wp-content\/uploads\/2020\/02\/logo_esteio.jpg\" alt=\"\" class=\"wp-image-1214\"\/><\/figure><\/div>\n\n\n\n<figure class=\"wp-block-pullquote\"><blockquote><p><span class=\"has-inline-color has-luminous-vivid-orange-color\">Um Pa\u00eds que est\u00e1 em ampla campanha na busca de investidores, nacionais e internacionais, para a garantia de seu desenvolvimento econ\u00f4mico-social, n\u00e3o pode mais conviver com invas\u00f5es a propriedades rurais como novamente estamos assistindo nessas \u00faltimas semanas, por criar um clima de inseguran\u00e7a e desest\u00edmulo a quem planeja investir em um setor de grande import\u00e2ncia para a economia nacional pela sua pujan\u00e7a e organiza\u00e7\u00e3o&#8221;, sustentou a associa\u00e7\u00e3o.<\/span><\/p><\/blockquote><\/figure>\n\n\n\n<div class=\"wp-block-image\"><figure class=\"aligncenter size-large is-resized\"><img loading=\"lazy\" decoding=\"async\" src=\"https:\/\/jornalfatosenoticias.com.br\/wp-content\/uploads\/2020\/02\/logo-Panper_portal.jpg\" alt=\"\" class=\"wp-image-34474\" width=\"351\" height=\"243\" srcset=\"https:\/\/jornalfatosenoticias.com.br\/wp-content\/uploads\/2020\/02\/logo-Panper_portal.jpg 400w, https:\/\/jornalfatosenoticias.com.br\/wp-content\/uploads\/2020\/02\/logo-Panper_portal-300x208.jpg 300w\" sizes=\"auto, (max-width: 351px) 100vw, 351px\" \/><\/figure><\/div>\n\n\n\n<p><strong><em>Fonte: <a href=\"https:\/\/www.conexaopolitica.com.br\/agronegocio\/em-menos-de-uma-semana-11-propriedades-foram-invadidas-em-sp-ms-e-pr\/\">Conex\u00e3o Pol\u00edtica<\/a><\/em><\/strong><\/p>\n","protected":false},"excerpt":{"rendered":"<p>Abag chama a aten\u00e7\u00e3o do governo federal e pede pela interven\u00e7\u00e3o contra invasores A Associa\u00e7\u00e3o Brasileira do Agroneg\u00f3cio (Abag) manifestou rep\u00fadio contra uma s\u00e9rie de invas\u00f5es de terra que afeta, desde o \u00faltimo s\u00e1bado (18), Mato Grosso do Sul, Paran\u00e1 e S\u00e3o Paulo \u2014 reduto com maior concentra\u00e7\u00e3o de invasores. Em nota, a entidade cobra [&hellip;]<\/p>\n","protected":false},"author":2,"featured_media":39040,"comment_status":"open","ping_status":"open","sticky":false,"template":"","format":"standard","meta":{"footnotes":""},"categories":[5],"tags":[11055,17935,17936,17937,18250],"class_list":["post-39039","post","type-post","status-publish","format-standard","has-post-thumbnail","hentry","category-geral","tag-agronegocio","tag-invasao-de-propriedade","tag-mst","tag-propriedade-privada","tag-propriedade-rural"],"yoast_head":"<!-- This site is optimized with the Yoast SEO plugin v26.5 - https:\/\/yoast.com\/wordpress\/plugins\/seo\/ -->\n<title>Em menos de uma semana, 11 propriedades foram invadidas em SP, MS e PR - Jornal Fatos e Not\u00edcias<\/title>\n<meta name=\"robots\" content=\"index, follow, max-snippet:-1, max-image-preview:large, max-video-preview:-1\" \/>\n<link rel=\"canonical\" href=\"https:\/\/jornalfatosenoticias.com.br\/index.php\/2023\/02\/24\/em-menos-de-uma-semana-11-propriedades-foram-invadidas-em-sp-ms-e-pr\/\" \/>\n<meta property=\"og:locale\" content=\"pt_BR\" \/>\n<meta property=\"og:type\" content=\"article\" \/>\n<meta property=\"og:title\" content=\"Em menos de uma semana, 11 propriedades foram invadidas em SP, MS e PR - Jornal Fatos e Not\u00edcias\" \/>\n<meta property=\"og:description\" content=\"Abag chama a aten\u00e7\u00e3o do governo federal e pede pela interven\u00e7\u00e3o contra invasores A Associa\u00e7\u00e3o Brasileira do Agroneg\u00f3cio (Abag) manifestou rep\u00fadio contra uma s\u00e9rie de invas\u00f5es de terra que afeta, desde o \u00faltimo s\u00e1bado (18), Mato Grosso do Sul, Paran\u00e1 e S\u00e3o Paulo \u2014 reduto com maior concentra\u00e7\u00e3o de invasores. Em nota, a entidade cobra [&hellip;]\" \/>\n<meta property=\"og:url\" content=\"https:\/\/jornalfatosenoticias.com.br\/index.php\/2023\/02\/24\/em-menos-de-uma-semana-11-propriedades-foram-invadidas-em-sp-ms-e-pr\/\" \/>\n<meta property=\"og:site_name\" content=\"Jornal Fatos e Not\u00edcias\" \/>\n<meta property=\"article:published_time\" content=\"2023-02-24T15:46:45+00:00\" \/>\n<meta property=\"og:image\" content=\"https:\/\/jornalfatosenoticias.com.br\/wp-content\/uploads\/2023\/02\/FNL-invasao-sem-terra.jpg\" \/>\n\t<meta property=\"og:image:width\" content=\"1000\" \/>\n\t<meta property=\"og:image:height\" content=\"562\" \/>\n\t<meta property=\"og:image:type\" content=\"image\/jpeg\" \/>\n<meta name=\"author\" content=\"Luzimara Fernandes\" \/>\n<meta name=\"twitter:card\" content=\"summary_large_image\" \/>\n<meta name=\"twitter:label1\" content=\"Escrito por\" \/>\n\t<meta name=\"twitter:data1\" content=\"Luzimara Fernandes\" \/>\n\t<meta name=\"twitter:label2\" content=\"Est. tempo de leitura\" \/>\n\t<meta name=\"twitter:data2\" content=\"2 minutos\" \/>\n<script type=\"application\/ld+json\" class=\"yoast-schema-graph\">{\"@context\":\"https:\/\/schema.org\",\"@graph\":[{\"@type\":\"Article\",\"@id\":\"https:\/\/jornalfatosenoticias.com.br\/index.php\/2023\/02\/24\/em-menos-de-uma-semana-11-propriedades-foram-invadidas-em-sp-ms-e-pr\/#article\",\"isPartOf\":{\"@id\":\"https:\/\/jornalfatosenoticias.com.br\/index.php\/2023\/02\/24\/em-menos-de-uma-semana-11-propriedades-foram-invadidas-em-sp-ms-e-pr\/\"},\"author\":{\"name\":\"Luzimara Fernandes\",\"@id\":\"https:\/\/jornalfatosenoticias.com.br\/#\/schema\/person\/d63837fa13ac8666eb9e74e0985d6f81\"},\"headline\":\"Em menos de uma semana, 11 propriedades foram invadidas em SP, MS e PR\",\"datePublished\":\"2023-02-24T15:46:45+00:00\",\"mainEntityOfPage\":{\"@id\":\"https:\/\/jornalfatosenoticias.com.br\/index.php\/2023\/02\/24\/em-menos-de-uma-semana-11-propriedades-foram-invadidas-em-sp-ms-e-pr\/\"},\"wordCount\":405,\"commentCount\":0,\"publisher\":{\"@id\":\"https:\/\/jornalfatosenoticias.com.br\/#organization\"},\"image\":{\"@id\":\"https:\/\/jornalfatosenoticias.com.br\/index.php\/2023\/02\/24\/em-menos-de-uma-semana-11-propriedades-foram-invadidas-em-sp-ms-e-pr\/#primaryimage\"},\"thumbnailUrl\":\"https:\/\/jornalfatosenoticias.com.br\/wp-content\/uploads\/2023\/02\/FNL-invasao-sem-terra.jpg\",\"keywords\":[\"agroneg\u00f3cio\",\"invas\u00e3o de propriedade\",\"MST\",\"propriedade privada\",\"propriedade rural\"],\"articleSection\":[\"Geral\"],\"inLanguage\":\"pt-BR\",\"potentialAction\":[{\"@type\":\"CommentAction\",\"name\":\"Comment\",\"target\":[\"https:\/\/jornalfatosenoticias.com.br\/index.php\/2023\/02\/24\/em-menos-de-uma-semana-11-propriedades-foram-invadidas-em-sp-ms-e-pr\/#respond\"]}]},{\"@type\":\"WebPage\",\"@id\":\"https:\/\/jornalfatosenoticias.com.br\/index.php\/2023\/02\/24\/em-menos-de-uma-semana-11-propriedades-foram-invadidas-em-sp-ms-e-pr\/\",\"url\":\"https:\/\/jornalfatosenoticias.com.br\/index.php\/2023\/02\/24\/em-menos-de-uma-semana-11-propriedades-foram-invadidas-em-sp-ms-e-pr\/\",\"name\":\"Em menos de uma semana, 11 propriedades foram invadidas em SP, MS e PR - Jornal Fatos e Not\u00edcias\",\"isPartOf\":{\"@id\":\"https:\/\/jornalfatosenoticias.com.br\/#website\"},\"primaryImageOfPage\":{\"@id\":\"https:\/\/jornalfatosenoticias.com.br\/index.php\/2023\/02\/24\/em-menos-de-uma-semana-11-propriedades-foram-invadidas-em-sp-ms-e-pr\/#primaryimage\"},\"image\":{\"@id\":\"https:\/\/jornalfatosenoticias.com.br\/index.php\/2023\/02\/24\/em-menos-de-uma-semana-11-propriedades-foram-invadidas-em-sp-ms-e-pr\/#primaryimage\"},\"thumbnailUrl\":\"https:\/\/jornalfatosenoticias.com.br\/wp-content\/uploads\/2023\/02\/FNL-invasao-sem-terra.jpg\",\"datePublished\":\"2023-02-24T15:46:45+00:00\",\"breadcrumb\":{\"@id\":\"https:\/\/jornalfatosenoticias.com.br\/index.php\/2023\/02\/24\/em-menos-de-uma-semana-11-propriedades-foram-invadidas-em-sp-ms-e-pr\/#breadcrumb\"},\"inLanguage\":\"pt-BR\",\"potentialAction\":[{\"@type\":\"ReadAction\",\"target\":[\"https:\/\/jornalfatosenoticias.com.br\/index.php\/2023\/02\/24\/em-menos-de-uma-semana-11-propriedades-foram-invadidas-em-sp-ms-e-pr\/\"]}]},{\"@type\":\"ImageObject\",\"inLanguage\":\"pt-BR\",\"@id\":\"https:\/\/jornalfatosenoticias.com.br\/index.php\/2023\/02\/24\/em-menos-de-uma-semana-11-propriedades-foram-invadidas-em-sp-ms-e-pr\/#primaryimage\",\"url\":\"https:\/\/jornalfatosenoticias.com.br\/wp-content\/uploads\/2023\/02\/FNL-invasao-sem-terra.jpg\",\"contentUrl\":\"https:\/\/jornalfatosenoticias.com.br\/wp-content\/uploads\/2023\/02\/FNL-invasao-sem-terra.jpg\",\"width\":1000,\"height\":562},{\"@type\":\"BreadcrumbList\",\"@id\":\"https:\/\/jornalfatosenoticias.com.br\/index.php\/2023\/02\/24\/em-menos-de-uma-semana-11-propriedades-foram-invadidas-em-sp-ms-e-pr\/#breadcrumb\",\"itemListElement\":[{\"@type\":\"ListItem\",\"position\":1,\"name\":\"In\u00edcio\",\"item\":\"https:\/\/jornalfatosenoticias.com.br\/\"},{\"@type\":\"ListItem\",\"position\":2,\"name\":\"Em menos de uma semana, 11 propriedades foram invadidas em SP, MS e PR\"}]},{\"@type\":\"WebSite\",\"@id\":\"https:\/\/jornalfatosenoticias.com.br\/#website\",\"url\":\"https:\/\/jornalfatosenoticias.com.br\/\",\"name\":\"Jornal Fatos e Not\u00edcias\",\"description\":\"Not\u00edcias em geral\",\"publisher\":{\"@id\":\"https:\/\/jornalfatosenoticias.com.br\/#organization\"},\"potentialAction\":[{\"@type\":\"SearchAction\",\"target\":{\"@type\":\"EntryPoint\",\"urlTemplate\":\"https:\/\/jornalfatosenoticias.com.br\/?s={search_term_string}\"},\"query-input\":{\"@type\":\"PropertyValueSpecification\",\"valueRequired\":true,\"valueName\":\"search_term_string\"}}],\"inLanguage\":\"pt-BR\"},{\"@type\":\"Organization\",\"@id\":\"https:\/\/jornalfatosenoticias.com.br\/#organization\",\"name\":\"Jornal Fatos e Not\u00edcias\",\"url\":\"https:\/\/jornalfatosenoticias.com.br\/\",\"logo\":{\"@type\":\"ImageObject\",\"inLanguage\":\"pt-BR\",\"@id\":\"https:\/\/jornalfatosenoticias.com.br\/#\/schema\/logo\/image\/\",\"url\":\"https:\/\/jornalfatosenoticias.com.br\/wp-content\/uploads\/2020\/02\/logo120.png\",\"contentUrl\":\"https:\/\/jornalfatosenoticias.com.br\/wp-content\/uploads\/2020\/02\/logo120.png\",\"width\":1227,\"height\":120,\"caption\":\"Jornal Fatos e Not\u00edcias\"},\"image\":{\"@id\":\"https:\/\/jornalfatosenoticias.com.br\/#\/schema\/logo\/image\/\"}},{\"@type\":\"Person\",\"@id\":\"https:\/\/jornalfatosenoticias.com.br\/#\/schema\/person\/d63837fa13ac8666eb9e74e0985d6f81\",\"name\":\"Luzimara Fernandes\",\"image\":{\"@type\":\"ImageObject\",\"inLanguage\":\"pt-BR\",\"@id\":\"https:\/\/jornalfatosenoticias.com.br\/#\/schema\/person\/image\/\",\"url\":\"https:\/\/jornalfatosenoticias.com.br\/wp-content\/uploads\/2025\/05\/EU_portal.jpg\",\"contentUrl\":\"https:\/\/jornalfatosenoticias.com.br\/wp-content\/uploads\/2025\/05\/EU_portal.jpg\",\"caption\":\"Luzimara Fernandes\"},\"description\":\"Jornalista MTB 2358-ES\",\"sameAs\":[\"https:\/\/jornalfatosenoticias.com.br\"],\"url\":\"https:\/\/jornalfatosenoticias.com.br\/index.php\/author\/luzimara\/\"}]}<\/script>\n<!-- \/ Yoast SEO plugin. -->","yoast_head_json":{"title":"Em menos de uma semana, 11 propriedades foram invadidas em SP, MS e PR - Jornal Fatos e Not\u00edcias","robots":{"index":"index","follow":"follow","max-snippet":"max-snippet:-1","max-image-preview":"max-image-preview:large","max-video-preview":"max-video-preview:-1"},"canonical":"https:\/\/jornalfatosenoticias.com.br\/index.php\/2023\/02\/24\/em-menos-de-uma-semana-11-propriedades-foram-invadidas-em-sp-ms-e-pr\/","og_locale":"pt_BR","og_type":"article","og_title":"Em menos de uma semana, 11 propriedades foram invadidas em SP, MS e PR - Jornal Fatos e Not\u00edcias","og_description":"Abag chama a aten\u00e7\u00e3o do governo federal e pede pela interven\u00e7\u00e3o contra invasores A Associa\u00e7\u00e3o Brasileira do Agroneg\u00f3cio (Abag) manifestou rep\u00fadio contra uma s\u00e9rie de invas\u00f5es de terra que afeta, desde o \u00faltimo s\u00e1bado (18), Mato Grosso do Sul, Paran\u00e1 e S\u00e3o Paulo \u2014 reduto com maior concentra\u00e7\u00e3o de invasores. Em nota, a entidade cobra [&hellip;]","og_url":"https:\/\/jornalfatosenoticias.com.br\/index.php\/2023\/02\/24\/em-menos-de-uma-semana-11-propriedades-foram-invadidas-em-sp-ms-e-pr\/","og_site_name":"Jornal Fatos e Not\u00edcias","article_published_time":"2023-02-24T15:46:45+00:00","og_image":[{"width":1000,"height":562,"url":"https:\/\/jornalfatosenoticias.com.br\/wp-content\/uploads\/2023\/02\/FNL-invasao-sem-terra.jpg","type":"image\/jpeg"}],"author":"Luzimara Fernandes","twitter_card":"summary_large_image","twitter_misc":{"Escrito por":"Luzimara Fernandes","Est. tempo de leitura":"2 minutos"},"schema":{"@context":"https:\/\/schema.org","@graph":[{"@type":"Article","@id":"https:\/\/jornalfatosenoticias.com.br\/index.php\/2023\/02\/24\/em-menos-de-uma-semana-11-propriedades-foram-invadidas-em-sp-ms-e-pr\/#article","isPartOf":{"@id":"https:\/\/jornalfatosenoticias.com.br\/index.php\/2023\/02\/24\/em-menos-de-uma-semana-11-propriedades-foram-invadidas-em-sp-ms-e-pr\/"},"author":{"name":"Luzimara Fernandes","@id":"https:\/\/jornalfatosenoticias.com.br\/#\/schema\/person\/d63837fa13ac8666eb9e74e0985d6f81"},"headline":"Em menos de uma semana, 11 propriedades foram invadidas em SP, MS e PR","datePublished":"2023-02-24T15:46:45+00:00","mainEntityOfPage":{"@id":"https:\/\/jornalfatosenoticias.com.br\/index.php\/2023\/02\/24\/em-menos-de-uma-semana-11-propriedades-foram-invadidas-em-sp-ms-e-pr\/"},"wordCount":405,"commentCount":0,"publisher":{"@id":"https:\/\/jornalfatosenoticias.com.br\/#organization"},"image":{"@id":"https:\/\/jornalfatosenoticias.com.br\/index.php\/2023\/02\/24\/em-menos-de-uma-semana-11-propriedades-foram-invadidas-em-sp-ms-e-pr\/#primaryimage"},"thumbnailUrl":"https:\/\/jornalfatosenoticias.com.br\/wp-content\/uploads\/2023\/02\/FNL-invasao-sem-terra.jpg","keywords":["agroneg\u00f3cio","invas\u00e3o de propriedade","MST","propriedade privada","propriedade rural"],"articleSection":["Geral"],"inLanguage":"pt-BR","potentialAction":[{"@type":"CommentAction","name":"Comment","target":["https:\/\/jornalfatosenoticias.com.br\/index.php\/2023\/02\/24\/em-menos-de-uma-semana-11-propriedades-foram-invadidas-em-sp-ms-e-pr\/#respond"]}]},{"@type":"WebPage","@id":"https:\/\/jornalfatosenoticias.com.br\/index.php\/2023\/02\/24\/em-menos-de-uma-semana-11-propriedades-foram-invadidas-em-sp-ms-e-pr\/","url":"https:\/\/jornalfatosenoticias.com.br\/index.php\/2023\/02\/24\/em-menos-de-uma-semana-11-propriedades-foram-invadidas-em-sp-ms-e-pr\/","name":"Em menos de uma semana, 11 propriedades foram invadidas em SP, MS e PR - Jornal Fatos e Not\u00edcias","isPartOf":{"@id":"https:\/\/jornalfatosenoticias.com.br\/#website"},"primaryImageOfPage":{"@id":"https:\/\/jornalfatosenoticias.com.br\/index.php\/2023\/02\/24\/em-menos-de-uma-semana-11-propriedades-foram-invadidas-em-sp-ms-e-pr\/#primaryimage"},"image":{"@id":"https:\/\/jornalfatosenoticias.com.br\/index.php\/2023\/02\/24\/em-menos-de-uma-semana-11-propriedades-foram-invadidas-em-sp-ms-e-pr\/#primaryimage"},"thumbnailUrl":"https:\/\/jornalfatosenoticias.com.br\/wp-content\/uploads\/2023\/02\/FNL-invasao-sem-terra.jpg","datePublished":"2023-02-24T15:46:45+00:00","breadcrumb":{"@id":"https:\/\/jornalfatosenoticias.com.br\/index.php\/2023\/02\/24\/em-menos-de-uma-semana-11-propriedades-foram-invadidas-em-sp-ms-e-pr\/#breadcrumb"},"inLanguage":"pt-BR","potentialAction":[{"@type":"ReadAction","target":["https:\/\/jornalfatosenoticias.com.br\/index.php\/2023\/02\/24\/em-menos-de-uma-semana-11-propriedades-foram-invadidas-em-sp-ms-e-pr\/"]}]},{"@type":"ImageObject","inLanguage":"pt-BR","@id":"https:\/\/jornalfatosenoticias.com.br\/index.php\/2023\/02\/24\/em-menos-de-uma-semana-11-propriedades-foram-invadidas-em-sp-ms-e-pr\/#primaryimage","url":"https:\/\/jornalfatosenoticias.com.br\/wp-content\/uploads\/2023\/02\/FNL-invasao-sem-terra.jpg","contentUrl":"https:\/\/jornalfatosenoticias.com.br\/wp-content\/uploads\/2023\/02\/FNL-invasao-sem-terra.jpg","width":1000,"height":562},{"@type":"BreadcrumbList","@id":"https:\/\/jornalfatosenoticias.com.br\/index.php\/2023\/02\/24\/em-menos-de-uma-semana-11-propriedades-foram-invadidas-em-sp-ms-e-pr\/#breadcrumb","itemListElement":[{"@type":"ListItem","position":1,"name":"In\u00edcio","item":"https:\/\/jornalfatosenoticias.com.br\/"},{"@type":"ListItem","position":2,"name":"Em menos de uma semana, 11 propriedades foram invadidas em SP, MS e PR"}]},{"@type":"WebSite","@id":"https:\/\/jornalfatosenoticias.com.br\/#website","url":"https:\/\/jornalfatosenoticias.com.br\/","name":"Jornal Fatos e Not\u00edcias","description":"Not\u00edcias em geral","publisher":{"@id":"https:\/\/jornalfatosenoticias.com.br\/#organization"},"potentialAction":[{"@type":"SearchAction","target":{"@type":"EntryPoint","urlTemplate":"https:\/\/jornalfatosenoticias.com.br\/?s={search_term_string}"},"query-input":{"@type":"PropertyValueSpecification","valueRequired":true,"valueName":"search_term_string"}}],"inLanguage":"pt-BR"},{"@type":"Organization","@id":"https:\/\/jornalfatosenoticias.com.br\/#organization","name":"Jornal Fatos e Not\u00edcias","url":"https:\/\/jornalfatosenoticias.com.br\/","logo":{"@type":"ImageObject","inLanguage":"pt-BR","@id":"https:\/\/jornalfatosenoticias.com.br\/#\/schema\/logo\/image\/","url":"https:\/\/jornalfatosenoticias.com.br\/wp-content\/uploads\/2020\/02\/logo120.png","contentUrl":"https:\/\/jornalfatosenoticias.com.br\/wp-content\/uploads\/2020\/02\/logo120.png","width":1227,"height":120,"caption":"Jornal Fatos e Not\u00edcias"},"image":{"@id":"https:\/\/jornalfatosenoticias.com.br\/#\/schema\/logo\/image\/"}},{"@type":"Person","@id":"https:\/\/jornalfatosenoticias.com.br\/#\/schema\/person\/d63837fa13ac8666eb9e74e0985d6f81","name":"Luzimara Fernandes","image":{"@type":"ImageObject","inLanguage":"pt-BR","@id":"https:\/\/jornalfatosenoticias.com.br\/#\/schema\/person\/image\/","url":"https:\/\/jornalfatosenoticias.com.br\/wp-content\/uploads\/2025\/05\/EU_portal.jpg","contentUrl":"https:\/\/jornalfatosenoticias.com.br\/wp-content\/uploads\/2025\/05\/EU_portal.jpg","caption":"Luzimara Fernandes"},"description":"Jornalista MTB 2358-ES","sameAs":["https:\/\/jornalfatosenoticias.com.br"],"url":"https:\/\/jornalfatosenoticias.com.br\/index.php\/author\/luzimara\/"}]}},"cc_featured_image_caption":{"caption_text":"(Foto: Divulga\u00e7\u00e3o\/FNL) ","source_text":"","source_url":""},"jetpack_featured_media_url":"https:\/\/jornalfatosenoticias.com.br\/wp-content\/uploads\/2023\/02\/FNL-invasao-sem-terra.jpg","_links":{"self":[{"href":"https:\/\/jornalfatosenoticias.com.br\/index.php\/wp-json\/wp\/v2\/posts\/39039","targetHints":{"allow":["GET"]}}],"collection":[{"href":"https:\/\/jornalfatosenoticias.com.br\/index.php\/wp-json\/wp\/v2\/posts"}],"about":[{"href":"https:\/\/jornalfatosenoticias.com.br\/index.php\/wp-json\/wp\/v2\/types\/post"}],"author":[{"embeddable":true,"href":"https:\/\/jornalfatosenoticias.com.br\/index.php\/wp-json\/wp\/v2\/users\/2"}],"replies":[{"embeddable":true,"href":"https:\/\/jornalfatosenoticias.com.br\/index.php\/wp-json\/wp\/v2\/comments?post=39039"}],"version-history":[{"count":0,"href":"https:\/\/jornalfatosenoticias.com.br\/index.php\/wp-json\/wp\/v2\/posts\/39039\/revisions"}],"wp:featuredmedia":[{"embeddable":true,"href":"https:\/\/jornalfatosenoticias.com.br\/index.php\/wp-json\/wp\/v2\/media\/39040"}],"wp:attachment":[{"href":"https:\/\/jornalfatosenoticias.com.br\/index.php\/wp-json\/wp\/v2\/media?parent=39039"}],"wp:term":[{"taxonomy":"category","embeddable":true,"href":"https:\/\/jornalfatosenoticias.com.br\/index.php\/wp-json\/wp\/v2\/categories?post=39039"},{"taxonomy":"post_tag","embeddable":true,"href":"https:\/\/jornalfatosenoticias.com.br\/index.php\/wp-json\/wp\/v2\/tags?post=39039"}],"curies":[{"name":"wp","href":"https:\/\/api.w.org\/{rel}","templated":true}]}}