{"id":39042,"date":"2023-02-24T12:59:17","date_gmt":"2023-02-24T15:59:17","guid":{"rendered":"https:\/\/jornalfatosenoticias.com.br\/?p=39042"},"modified":"2023-02-24T12:59:18","modified_gmt":"2023-02-24T15:59:18","slug":"pela-volta-de-visitas-intimas-em-presidios-federais-pcc-contrata-advogados-e-financia-ong","status":"publish","type":"post","link":"https:\/\/jornalfatosenoticias.com.br\/index.php\/2023\/02\/24\/pela-volta-de-visitas-intimas-em-presidios-federais-pcc-contrata-advogados-e-financia-ong\/","title":{"rendered":"Pela volta de visitas \u00edntimas em pres\u00eddios federais, PCC contrata advogados e financia ONG"},"content":{"rendered":"\n<p><em><span class=\"has-inline-color has-black-color\">Fac\u00e7\u00e3o teria destinado dinheiro a uma entidade que luta pela aprova\u00e7\u00e3o da ADPF 518<\/span><\/em><\/p>\n\n\n\n<div class=\"wp-block-image\"><figure class=\"aligncenter size-large\"><img loading=\"lazy\" decoding=\"async\" width=\"1024\" height=\"100\" src=\"https:\/\/jornalfatosenoticias.com.br\/wp-content\/uploads\/2020\/02\/banner_ferramentas-1024x100.jpg\" alt=\"\" class=\"wp-image-1258\" srcset=\"https:\/\/jornalfatosenoticias.com.br\/wp-content\/uploads\/2020\/02\/banner_ferramentas-1024x100.jpg 1024w, https:\/\/jornalfatosenoticias.com.br\/wp-content\/uploads\/2020\/02\/banner_ferramentas-300x29.jpg 300w, https:\/\/jornalfatosenoticias.com.br\/wp-content\/uploads\/2020\/02\/banner_ferramentas-768x75.jpg 768w, https:\/\/jornalfatosenoticias.com.br\/wp-content\/uploads\/2020\/02\/banner_ferramentas.jpg 1227w\" sizes=\"auto, (max-width: 1024px) 100vw, 1024px\" \/><\/figure><\/div>\n\n\n\n<p>Considerada a maior fac\u00e7\u00e3o criminosa do Brasil, o Primeiro Comando da Capital (PCC) se mant\u00e9m estruturado pol\u00edtica e economicamente. \u00c9 o que mostra uma reportagem exclusiva do Metr\u00f3poles.<\/p>\n\n\n\n<div class=\"wp-block-image\"><figure class=\"aligncenter size-large is-resized\"><img loading=\"lazy\" decoding=\"async\" src=\"https:\/\/jornalfatosenoticias.com.br\/wp-content\/uploads\/2020\/02\/casa-do-torresmo_portal.jpg\" alt=\"\" class=\"wp-image-34472\" width=\"275\" height=\"275\" srcset=\"https:\/\/jornalfatosenoticias.com.br\/wp-content\/uploads\/2020\/02\/casa-do-torresmo_portal.jpg 300w, https:\/\/jornalfatosenoticias.com.br\/wp-content\/uploads\/2020\/02\/casa-do-torresmo_portal-150x150.jpg 150w\" sizes=\"auto, (max-width: 275px) 100vw, 275px\" \/><\/figure><\/div>\n\n\n\n<p>De acordo com o portal, a \u00faltima investida da organiza\u00e7\u00e3o, que \u00e9 liderada por Marcos Willians Herbas Camacho, o Marcola, envolve a manobra jur\u00eddica para garantir aos presos mais perigosos do Pa\u00eds o direito de desfrutar de visitas \u00edntimas.<\/p>\n\n\n\n<div class=\"wp-block-image\"><figure class=\"aligncenter size-large is-resized\"><img loading=\"lazy\" decoding=\"async\" src=\"https:\/\/jornalfatosenoticias.com.br\/wp-content\/uploads\/2022\/07\/Logo-Grupo-SEI.jpg\" alt=\"\" class=\"wp-image-31973\" width=\"315\" height=\"165\" srcset=\"https:\/\/jornalfatosenoticias.com.br\/wp-content\/uploads\/2022\/07\/Logo-Grupo-SEI.jpg 713w, https:\/\/jornalfatosenoticias.com.br\/wp-content\/uploads\/2022\/07\/Logo-Grupo-SEI-300x158.jpg 300w\" sizes=\"auto, (max-width: 315px) 100vw, 315px\" \/><\/figure><\/div>\n\n\n\n<p>A mat\u00e9ria diz que, al\u00e9m de contratar advogados, a fac\u00e7\u00e3o usa uma organiza\u00e7\u00e3o n\u00e3o governamental (ONG) para conseguir conquistar benef\u00edcio penitenci\u00e1rio.<br>A reportagem traz uma s\u00e9rie de informa\u00e7\u00f5es e destaca que a atua\u00e7\u00e3o do PCC \u201ccontamina \u00f3rg\u00e3os estrat\u00e9gicos na estrutura dos Tr\u00eas Poderes da Rep\u00fablica\u201d.<\/p>\n\n\n\n<div class=\"wp-block-image\"><figure class=\"aligncenter size-large\"><img decoding=\"async\" src=\"https:\/\/jornalfatosenoticias.com.br\/wp-content\/uploads\/2020\/02\/Serra-Grande-1024x160.png\" alt=\"\" class=\"wp-image-7836\"\/><\/figure><\/div>\n\n\n\n<p>\u00c9 dito tamb\u00e9m que, em per\u00edodos mais recentes, o Primeiro Comando da Capital passou a planejar e colocar em pr\u00e1tica emboscadas e assassinatos contra agentes federais de execu\u00e7\u00f5es penais.<\/p>\n\n\n\n<div class=\"wp-block-image\"><figure class=\"aligncenter size-large is-resized\"><img loading=\"lazy\" decoding=\"async\" src=\"https:\/\/jornalfatosenoticias.com.br\/wp-content\/uploads\/2022\/10\/Arte-jornal-Zucchi-600x600_Prancheta-1-1024x1024.jpg\" alt=\"\" class=\"wp-image-34782\" width=\"288\" height=\"288\" srcset=\"https:\/\/jornalfatosenoticias.com.br\/wp-content\/uploads\/2022\/10\/Arte-jornal-Zucchi-600x600_Prancheta-1-1024x1024.jpg 1024w, https:\/\/jornalfatosenoticias.com.br\/wp-content\/uploads\/2022\/10\/Arte-jornal-Zucchi-600x600_Prancheta-1-300x300.jpg 300w, https:\/\/jornalfatosenoticias.com.br\/wp-content\/uploads\/2022\/10\/Arte-jornal-Zucchi-600x600_Prancheta-1-150x150.jpg 150w, https:\/\/jornalfatosenoticias.com.br\/wp-content\/uploads\/2022\/10\/Arte-jornal-Zucchi-600x600_Prancheta-1-768x768.jpg 768w, https:\/\/jornalfatosenoticias.com.br\/wp-content\/uploads\/2022\/10\/Arte-jornal-Zucchi-600x600_Prancheta-1.jpg 1250w\" sizes=\"auto, (max-width: 288px) 100vw, 288px\" \/><\/figure><\/div>\n\n\n\n<p><em>Eis a\u00a0<a href=\"https:\/\/www.metropoles.com\/distrito-federal\/na-mira\/pela-volta-de-visitas-intimas-em-presidios-federais-faccao-contrata-advogados-e-financia-ong\">\u00edntegra<\/a>.<\/em><\/p>\n\n\n\n<p><strong><em>Fonte: <a href=\"https:\/\/www.conexaopolitica.com.br\/judiciario\/pela-volta-de-visitas-intimas-em-presidios-federais-pcc-contrata-advogados-e-financia-ong-mostra-reportagem\/\">Conex\u00e3o Pol\u00edtica<\/a><\/em><\/strong><\/p>\n","protected":false},"excerpt":{"rendered":"<p>Fac\u00e7\u00e3o teria destinado dinheiro a uma entidade que luta pela aprova\u00e7\u00e3o da ADPF 518 Considerada a maior fac\u00e7\u00e3o criminosa do Brasil, o Primeiro Comando da Capital (PCC) se mant\u00e9m estruturado pol\u00edtica e economicamente. \u00c9 o que mostra uma reportagem exclusiva do Metr\u00f3poles. De acordo com o portal, a \u00faltima investida da organiza\u00e7\u00e3o, que \u00e9 liderada [&hellip;]<\/p>\n","protected":false},"author":2,"featured_media":39043,"comment_status":"open","ping_status":"open","sticky":false,"template":"","format":"standard","meta":{"footnotes":""},"categories":[10],"tags":[18251,4100,18252,18253,18254,16736,4781],"class_list":["post-39042","post","type-post","status-publish","format-standard","has-post-thumbnail","hentry","category-politica","tag-bandidagem","tag-criminalidade","tag-justica-brasileira","tag-pcc","tag-presidios-federais","tag-retrocesso","tag-vergonha"],"yoast_head":"<!-- This site is optimized with the Yoast SEO plugin v26.5 - https:\/\/yoast.com\/wordpress\/plugins\/seo\/ -->\n<title>Pela volta de visitas \u00edntimas em pres\u00eddios federais, PCC contrata advogados e financia ONG - Jornal Fatos e Not\u00edcias<\/title>\n<meta name=\"robots\" content=\"index, follow, max-snippet:-1, max-image-preview:large, max-video-preview:-1\" \/>\n<link rel=\"canonical\" href=\"https:\/\/jornalfatosenoticias.com.br\/index.php\/2023\/02\/24\/pela-volta-de-visitas-intimas-em-presidios-federais-pcc-contrata-advogados-e-financia-ong\/\" \/>\n<meta property=\"og:locale\" content=\"pt_BR\" \/>\n<meta property=\"og:type\" content=\"article\" \/>\n<meta property=\"og:title\" content=\"Pela volta de visitas \u00edntimas em pres\u00eddios federais, PCC contrata advogados e financia ONG - Jornal Fatos e Not\u00edcias\" \/>\n<meta property=\"og:description\" content=\"Fac\u00e7\u00e3o teria destinado dinheiro a uma entidade que luta pela aprova\u00e7\u00e3o da ADPF 518 Considerada a maior fac\u00e7\u00e3o criminosa do Brasil, o Primeiro Comando da Capital (PCC) se mant\u00e9m estruturado pol\u00edtica e economicamente. \u00c9 o que mostra uma reportagem exclusiva do Metr\u00f3poles. De acordo com o portal, a \u00faltima investida da organiza\u00e7\u00e3o, que \u00e9 liderada [&hellip;]\" \/>\n<meta property=\"og:url\" content=\"https:\/\/jornalfatosenoticias.com.br\/index.php\/2023\/02\/24\/pela-volta-de-visitas-intimas-em-presidios-federais-pcc-contrata-advogados-e-financia-ong\/\" \/>\n<meta property=\"og:site_name\" content=\"Jornal Fatos e Not\u00edcias\" \/>\n<meta property=\"article:published_time\" content=\"2023-02-24T15:59:17+00:00\" \/>\n<meta property=\"article:modified_time\" content=\"2023-02-24T15:59:18+00:00\" \/>\n<meta property=\"og:image\" content=\"https:\/\/jornalfatosenoticias.com.br\/wp-content\/uploads\/2023\/02\/presidios_pcc-gettyimages.jpg\" \/>\n\t<meta property=\"og:image:width\" content=\"1000\" \/>\n\t<meta property=\"og:image:height\" content=\"562\" \/>\n\t<meta property=\"og:image:type\" content=\"image\/jpeg\" \/>\n<meta name=\"author\" content=\"Luzimara Fernandes\" \/>\n<meta name=\"twitter:card\" content=\"summary_large_image\" \/>\n<meta name=\"twitter:label1\" content=\"Escrito por\" \/>\n\t<meta name=\"twitter:data1\" content=\"Luzimara Fernandes\" \/>\n\t<meta name=\"twitter:label2\" content=\"Est. tempo de leitura\" \/>\n\t<meta name=\"twitter:data2\" content=\"1 minuto\" \/>\n<script type=\"application\/ld+json\" class=\"yoast-schema-graph\">{\"@context\":\"https:\/\/schema.org\",\"@graph\":[{\"@type\":\"Article\",\"@id\":\"https:\/\/jornalfatosenoticias.com.br\/index.php\/2023\/02\/24\/pela-volta-de-visitas-intimas-em-presidios-federais-pcc-contrata-advogados-e-financia-ong\/#article\",\"isPartOf\":{\"@id\":\"https:\/\/jornalfatosenoticias.com.br\/index.php\/2023\/02\/24\/pela-volta-de-visitas-intimas-em-presidios-federais-pcc-contrata-advogados-e-financia-ong\/\"},\"author\":{\"name\":\"Luzimara Fernandes\",\"@id\":\"https:\/\/jornalfatosenoticias.com.br\/#\/schema\/person\/d63837fa13ac8666eb9e74e0985d6f81\"},\"headline\":\"Pela volta de visitas \u00edntimas em pres\u00eddios federais, PCC contrata advogados e financia ONG\",\"datePublished\":\"2023-02-24T15:59:17+00:00\",\"dateModified\":\"2023-02-24T15:59:18+00:00\",\"mainEntityOfPage\":{\"@id\":\"https:\/\/jornalfatosenoticias.com.br\/index.php\/2023\/02\/24\/pela-volta-de-visitas-intimas-em-presidios-federais-pcc-contrata-advogados-e-financia-ong\/\"},\"wordCount\":201,\"commentCount\":0,\"publisher\":{\"@id\":\"https:\/\/jornalfatosenoticias.com.br\/#organization\"},\"image\":{\"@id\":\"https:\/\/jornalfatosenoticias.com.br\/index.php\/2023\/02\/24\/pela-volta-de-visitas-intimas-em-presidios-federais-pcc-contrata-advogados-e-financia-ong\/#primaryimage\"},\"thumbnailUrl\":\"https:\/\/jornalfatosenoticias.com.br\/wp-content\/uploads\/2023\/02\/presidios_pcc-gettyimages.jpg\",\"keywords\":[\"bandidagem\",\"criminalidade\",\"justi\u00e7a brasileira\",\"PCC\",\"pres\u00eddios federais\",\"retrocesso\",\"vergonha\"],\"articleSection\":[\"Pol\u00edtica\"],\"inLanguage\":\"pt-BR\",\"potentialAction\":[{\"@type\":\"CommentAction\",\"name\":\"Comment\",\"target\":[\"https:\/\/jornalfatosenoticias.com.br\/index.php\/2023\/02\/24\/pela-volta-de-visitas-intimas-em-presidios-federais-pcc-contrata-advogados-e-financia-ong\/#respond\"]}]},{\"@type\":\"WebPage\",\"@id\":\"https:\/\/jornalfatosenoticias.com.br\/index.php\/2023\/02\/24\/pela-volta-de-visitas-intimas-em-presidios-federais-pcc-contrata-advogados-e-financia-ong\/\",\"url\":\"https:\/\/jornalfatosenoticias.com.br\/index.php\/2023\/02\/24\/pela-volta-de-visitas-intimas-em-presidios-federais-pcc-contrata-advogados-e-financia-ong\/\",\"name\":\"Pela volta de visitas \u00edntimas em pres\u00eddios federais, PCC contrata advogados e financia ONG - Jornal Fatos e Not\u00edcias\",\"isPartOf\":{\"@id\":\"https:\/\/jornalfatosenoticias.com.br\/#website\"},\"primaryImageOfPage\":{\"@id\":\"https:\/\/jornalfatosenoticias.com.br\/index.php\/2023\/02\/24\/pela-volta-de-visitas-intimas-em-presidios-federais-pcc-contrata-advogados-e-financia-ong\/#primaryimage\"},\"image\":{\"@id\":\"https:\/\/jornalfatosenoticias.com.br\/index.php\/2023\/02\/24\/pela-volta-de-visitas-intimas-em-presidios-federais-pcc-contrata-advogados-e-financia-ong\/#primaryimage\"},\"thumbnailUrl\":\"https:\/\/jornalfatosenoticias.com.br\/wp-content\/uploads\/2023\/02\/presidios_pcc-gettyimages.jpg\",\"datePublished\":\"2023-02-24T15:59:17+00:00\",\"dateModified\":\"2023-02-24T15:59:18+00:00\",\"breadcrumb\":{\"@id\":\"https:\/\/jornalfatosenoticias.com.br\/index.php\/2023\/02\/24\/pela-volta-de-visitas-intimas-em-presidios-federais-pcc-contrata-advogados-e-financia-ong\/#breadcrumb\"},\"inLanguage\":\"pt-BR\",\"potentialAction\":[{\"@type\":\"ReadAction\",\"target\":[\"https:\/\/jornalfatosenoticias.com.br\/index.php\/2023\/02\/24\/pela-volta-de-visitas-intimas-em-presidios-federais-pcc-contrata-advogados-e-financia-ong\/\"]}]},{\"@type\":\"ImageObject\",\"inLanguage\":\"pt-BR\",\"@id\":\"https:\/\/jornalfatosenoticias.com.br\/index.php\/2023\/02\/24\/pela-volta-de-visitas-intimas-em-presidios-federais-pcc-contrata-advogados-e-financia-ong\/#primaryimage\",\"url\":\"https:\/\/jornalfatosenoticias.com.br\/wp-content\/uploads\/2023\/02\/presidios_pcc-gettyimages.jpg\",\"contentUrl\":\"https:\/\/jornalfatosenoticias.com.br\/wp-content\/uploads\/2023\/02\/presidios_pcc-gettyimages.jpg\",\"width\":1000,\"height\":562},{\"@type\":\"BreadcrumbList\",\"@id\":\"https:\/\/jornalfatosenoticias.com.br\/index.php\/2023\/02\/24\/pela-volta-de-visitas-intimas-em-presidios-federais-pcc-contrata-advogados-e-financia-ong\/#breadcrumb\",\"itemListElement\":[{\"@type\":\"ListItem\",\"position\":1,\"name\":\"In\u00edcio\",\"item\":\"https:\/\/jornalfatosenoticias.com.br\/\"},{\"@type\":\"ListItem\",\"position\":2,\"name\":\"Pela volta de visitas \u00edntimas em pres\u00eddios federais, PCC contrata advogados e financia ONG\"}]},{\"@type\":\"WebSite\",\"@id\":\"https:\/\/jornalfatosenoticias.com.br\/#website\",\"url\":\"https:\/\/jornalfatosenoticias.com.br\/\",\"name\":\"Jornal Fatos e Not\u00edcias\",\"description\":\"Not\u00edcias em geral\",\"publisher\":{\"@id\":\"https:\/\/jornalfatosenoticias.com.br\/#organization\"},\"potentialAction\":[{\"@type\":\"SearchAction\",\"target\":{\"@type\":\"EntryPoint\",\"urlTemplate\":\"https:\/\/jornalfatosenoticias.com.br\/?s={search_term_string}\"},\"query-input\":{\"@type\":\"PropertyValueSpecification\",\"valueRequired\":true,\"valueName\":\"search_term_string\"}}],\"inLanguage\":\"pt-BR\"},{\"@type\":\"Organization\",\"@id\":\"https:\/\/jornalfatosenoticias.com.br\/#organization\",\"name\":\"Jornal Fatos e Not\u00edcias\",\"url\":\"https:\/\/jornalfatosenoticias.com.br\/\",\"logo\":{\"@type\":\"ImageObject\",\"inLanguage\":\"pt-BR\",\"@id\":\"https:\/\/jornalfatosenoticias.com.br\/#\/schema\/logo\/image\/\",\"url\":\"https:\/\/jornalfatosenoticias.com.br\/wp-content\/uploads\/2020\/02\/logo120.png\",\"contentUrl\":\"https:\/\/jornalfatosenoticias.com.br\/wp-content\/uploads\/2020\/02\/logo120.png\",\"width\":1227,\"height\":120,\"caption\":\"Jornal Fatos e Not\u00edcias\"},\"image\":{\"@id\":\"https:\/\/jornalfatosenoticias.com.br\/#\/schema\/logo\/image\/\"}},{\"@type\":\"Person\",\"@id\":\"https:\/\/jornalfatosenoticias.com.br\/#\/schema\/person\/d63837fa13ac8666eb9e74e0985d6f81\",\"name\":\"Luzimara Fernandes\",\"image\":{\"@type\":\"ImageObject\",\"inLanguage\":\"pt-BR\",\"@id\":\"https:\/\/jornalfatosenoticias.com.br\/#\/schema\/person\/image\/\",\"url\":\"https:\/\/jornalfatosenoticias.com.br\/wp-content\/uploads\/2025\/05\/EU_portal.jpg\",\"contentUrl\":\"https:\/\/jornalfatosenoticias.com.br\/wp-content\/uploads\/2025\/05\/EU_portal.jpg\",\"caption\":\"Luzimara Fernandes\"},\"description\":\"Jornalista MTB 2358-ES\",\"sameAs\":[\"https:\/\/jornalfatosenoticias.com.br\"],\"url\":\"https:\/\/jornalfatosenoticias.com.br\/index.php\/author\/luzimara\/\"}]}<\/script>\n<!-- \/ Yoast SEO plugin. -->","yoast_head_json":{"title":"Pela volta de visitas \u00edntimas em pres\u00eddios federais, PCC contrata advogados e financia ONG - Jornal Fatos e Not\u00edcias","robots":{"index":"index","follow":"follow","max-snippet":"max-snippet:-1","max-image-preview":"max-image-preview:large","max-video-preview":"max-video-preview:-1"},"canonical":"https:\/\/jornalfatosenoticias.com.br\/index.php\/2023\/02\/24\/pela-volta-de-visitas-intimas-em-presidios-federais-pcc-contrata-advogados-e-financia-ong\/","og_locale":"pt_BR","og_type":"article","og_title":"Pela volta de visitas \u00edntimas em pres\u00eddios federais, PCC contrata advogados e financia ONG - Jornal Fatos e Not\u00edcias","og_description":"Fac\u00e7\u00e3o teria destinado dinheiro a uma entidade que luta pela aprova\u00e7\u00e3o da ADPF 518 Considerada a maior fac\u00e7\u00e3o criminosa do Brasil, o Primeiro Comando da Capital (PCC) se mant\u00e9m estruturado pol\u00edtica e economicamente. \u00c9 o que mostra uma reportagem exclusiva do Metr\u00f3poles. De acordo com o portal, a \u00faltima investida da organiza\u00e7\u00e3o, que \u00e9 liderada [&hellip;]","og_url":"https:\/\/jornalfatosenoticias.com.br\/index.php\/2023\/02\/24\/pela-volta-de-visitas-intimas-em-presidios-federais-pcc-contrata-advogados-e-financia-ong\/","og_site_name":"Jornal Fatos e Not\u00edcias","article_published_time":"2023-02-24T15:59:17+00:00","article_modified_time":"2023-02-24T15:59:18+00:00","og_image":[{"width":1000,"height":562,"url":"https:\/\/jornalfatosenoticias.com.br\/wp-content\/uploads\/2023\/02\/presidios_pcc-gettyimages.jpg","type":"image\/jpeg"}],"author":"Luzimara Fernandes","twitter_card":"summary_large_image","twitter_misc":{"Escrito por":"Luzimara Fernandes","Est. tempo de leitura":"1 minuto"},"schema":{"@context":"https:\/\/schema.org","@graph":[{"@type":"Article","@id":"https:\/\/jornalfatosenoticias.com.br\/index.php\/2023\/02\/24\/pela-volta-de-visitas-intimas-em-presidios-federais-pcc-contrata-advogados-e-financia-ong\/#article","isPartOf":{"@id":"https:\/\/jornalfatosenoticias.com.br\/index.php\/2023\/02\/24\/pela-volta-de-visitas-intimas-em-presidios-federais-pcc-contrata-advogados-e-financia-ong\/"},"author":{"name":"Luzimara Fernandes","@id":"https:\/\/jornalfatosenoticias.com.br\/#\/schema\/person\/d63837fa13ac8666eb9e74e0985d6f81"},"headline":"Pela volta de visitas \u00edntimas em pres\u00eddios federais, PCC contrata advogados e financia ONG","datePublished":"2023-02-24T15:59:17+00:00","dateModified":"2023-02-24T15:59:18+00:00","mainEntityOfPage":{"@id":"https:\/\/jornalfatosenoticias.com.br\/index.php\/2023\/02\/24\/pela-volta-de-visitas-intimas-em-presidios-federais-pcc-contrata-advogados-e-financia-ong\/"},"wordCount":201,"commentCount":0,"publisher":{"@id":"https:\/\/jornalfatosenoticias.com.br\/#organization"},"image":{"@id":"https:\/\/jornalfatosenoticias.com.br\/index.php\/2023\/02\/24\/pela-volta-de-visitas-intimas-em-presidios-federais-pcc-contrata-advogados-e-financia-ong\/#primaryimage"},"thumbnailUrl":"https:\/\/jornalfatosenoticias.com.br\/wp-content\/uploads\/2023\/02\/presidios_pcc-gettyimages.jpg","keywords":["bandidagem","criminalidade","justi\u00e7a brasileira","PCC","pres\u00eddios federais","retrocesso","vergonha"],"articleSection":["Pol\u00edtica"],"inLanguage":"pt-BR","potentialAction":[{"@type":"CommentAction","name":"Comment","target":["https:\/\/jornalfatosenoticias.com.br\/index.php\/2023\/02\/24\/pela-volta-de-visitas-intimas-em-presidios-federais-pcc-contrata-advogados-e-financia-ong\/#respond"]}]},{"@type":"WebPage","@id":"https:\/\/jornalfatosenoticias.com.br\/index.php\/2023\/02\/24\/pela-volta-de-visitas-intimas-em-presidios-federais-pcc-contrata-advogados-e-financia-ong\/","url":"https:\/\/jornalfatosenoticias.com.br\/index.php\/2023\/02\/24\/pela-volta-de-visitas-intimas-em-presidios-federais-pcc-contrata-advogados-e-financia-ong\/","name":"Pela volta de visitas \u00edntimas em pres\u00eddios federais, PCC contrata advogados e financia ONG - Jornal Fatos e Not\u00edcias","isPartOf":{"@id":"https:\/\/jornalfatosenoticias.com.br\/#website"},"primaryImageOfPage":{"@id":"https:\/\/jornalfatosenoticias.com.br\/index.php\/2023\/02\/24\/pela-volta-de-visitas-intimas-em-presidios-federais-pcc-contrata-advogados-e-financia-ong\/#primaryimage"},"image":{"@id":"https:\/\/jornalfatosenoticias.com.br\/index.php\/2023\/02\/24\/pela-volta-de-visitas-intimas-em-presidios-federais-pcc-contrata-advogados-e-financia-ong\/#primaryimage"},"thumbnailUrl":"https:\/\/jornalfatosenoticias.com.br\/wp-content\/uploads\/2023\/02\/presidios_pcc-gettyimages.jpg","datePublished":"2023-02-24T15:59:17+00:00","dateModified":"2023-02-24T15:59:18+00:00","breadcrumb":{"@id":"https:\/\/jornalfatosenoticias.com.br\/index.php\/2023\/02\/24\/pela-volta-de-visitas-intimas-em-presidios-federais-pcc-contrata-advogados-e-financia-ong\/#breadcrumb"},"inLanguage":"pt-BR","potentialAction":[{"@type":"ReadAction","target":["https:\/\/jornalfatosenoticias.com.br\/index.php\/2023\/02\/24\/pela-volta-de-visitas-intimas-em-presidios-federais-pcc-contrata-advogados-e-financia-ong\/"]}]},{"@type":"ImageObject","inLanguage":"pt-BR","@id":"https:\/\/jornalfatosenoticias.com.br\/index.php\/2023\/02\/24\/pela-volta-de-visitas-intimas-em-presidios-federais-pcc-contrata-advogados-e-financia-ong\/#primaryimage","url":"https:\/\/jornalfatosenoticias.com.br\/wp-content\/uploads\/2023\/02\/presidios_pcc-gettyimages.jpg","contentUrl":"https:\/\/jornalfatosenoticias.com.br\/wp-content\/uploads\/2023\/02\/presidios_pcc-gettyimages.jpg","width":1000,"height":562},{"@type":"BreadcrumbList","@id":"https:\/\/jornalfatosenoticias.com.br\/index.php\/2023\/02\/24\/pela-volta-de-visitas-intimas-em-presidios-federais-pcc-contrata-advogados-e-financia-ong\/#breadcrumb","itemListElement":[{"@type":"ListItem","position":1,"name":"In\u00edcio","item":"https:\/\/jornalfatosenoticias.com.br\/"},{"@type":"ListItem","position":2,"name":"Pela volta de visitas \u00edntimas em pres\u00eddios federais, PCC contrata advogados e financia ONG"}]},{"@type":"WebSite","@id":"https:\/\/jornalfatosenoticias.com.br\/#website","url":"https:\/\/jornalfatosenoticias.com.br\/","name":"Jornal Fatos e Not\u00edcias","description":"Not\u00edcias em geral","publisher":{"@id":"https:\/\/jornalfatosenoticias.com.br\/#organization"},"potentialAction":[{"@type":"SearchAction","target":{"@type":"EntryPoint","urlTemplate":"https:\/\/jornalfatosenoticias.com.br\/?s={search_term_string}"},"query-input":{"@type":"PropertyValueSpecification","valueRequired":true,"valueName":"search_term_string"}}],"inLanguage":"pt-BR"},{"@type":"Organization","@id":"https:\/\/jornalfatosenoticias.com.br\/#organization","name":"Jornal Fatos e Not\u00edcias","url":"https:\/\/jornalfatosenoticias.com.br\/","logo":{"@type":"ImageObject","inLanguage":"pt-BR","@id":"https:\/\/jornalfatosenoticias.com.br\/#\/schema\/logo\/image\/","url":"https:\/\/jornalfatosenoticias.com.br\/wp-content\/uploads\/2020\/02\/logo120.png","contentUrl":"https:\/\/jornalfatosenoticias.com.br\/wp-content\/uploads\/2020\/02\/logo120.png","width":1227,"height":120,"caption":"Jornal Fatos e Not\u00edcias"},"image":{"@id":"https:\/\/jornalfatosenoticias.com.br\/#\/schema\/logo\/image\/"}},{"@type":"Person","@id":"https:\/\/jornalfatosenoticias.com.br\/#\/schema\/person\/d63837fa13ac8666eb9e74e0985d6f81","name":"Luzimara Fernandes","image":{"@type":"ImageObject","inLanguage":"pt-BR","@id":"https:\/\/jornalfatosenoticias.com.br\/#\/schema\/person\/image\/","url":"https:\/\/jornalfatosenoticias.com.br\/wp-content\/uploads\/2025\/05\/EU_portal.jpg","contentUrl":"https:\/\/jornalfatosenoticias.com.br\/wp-content\/uploads\/2025\/05\/EU_portal.jpg","caption":"Luzimara Fernandes"},"description":"Jornalista MTB 2358-ES","sameAs":["https:\/\/jornalfatosenoticias.com.br"],"url":"https:\/\/jornalfatosenoticias.com.br\/index.php\/author\/luzimara\/"}]}},"cc_featured_image_caption":{"caption_text":"(Foto: Getty Images) ","source_text":"","source_url":""},"jetpack_featured_media_url":"https:\/\/jornalfatosenoticias.com.br\/wp-content\/uploads\/2023\/02\/presidios_pcc-gettyimages.jpg","_links":{"self":[{"href":"https:\/\/jornalfatosenoticias.com.br\/index.php\/wp-json\/wp\/v2\/posts\/39042","targetHints":{"allow":["GET"]}}],"collection":[{"href":"https:\/\/jornalfatosenoticias.com.br\/index.php\/wp-json\/wp\/v2\/posts"}],"about":[{"href":"https:\/\/jornalfatosenoticias.com.br\/index.php\/wp-json\/wp\/v2\/types\/post"}],"author":[{"embeddable":true,"href":"https:\/\/jornalfatosenoticias.com.br\/index.php\/wp-json\/wp\/v2\/users\/2"}],"replies":[{"embeddable":true,"href":"https:\/\/jornalfatosenoticias.com.br\/index.php\/wp-json\/wp\/v2\/comments?post=39042"}],"version-history":[{"count":0,"href":"https:\/\/jornalfatosenoticias.com.br\/index.php\/wp-json\/wp\/v2\/posts\/39042\/revisions"}],"wp:featuredmedia":[{"embeddable":true,"href":"https:\/\/jornalfatosenoticias.com.br\/index.php\/wp-json\/wp\/v2\/media\/39043"}],"wp:attachment":[{"href":"https:\/\/jornalfatosenoticias.com.br\/index.php\/wp-json\/wp\/v2\/media?parent=39042"}],"wp:term":[{"taxonomy":"category","embeddable":true,"href":"https:\/\/jornalfatosenoticias.com.br\/index.php\/wp-json\/wp\/v2\/categories?post=39042"},{"taxonomy":"post_tag","embeddable":true,"href":"https:\/\/jornalfatosenoticias.com.br\/index.php\/wp-json\/wp\/v2\/tags?post=39042"}],"curies":[{"name":"wp","href":"https:\/\/api.w.org\/{rel}","templated":true}]}}