{"id":39050,"date":"2023-02-27T10:40:49","date_gmt":"2023-02-27T13:40:49","guid":{"rendered":"https:\/\/jornalfatosenoticias.com.br\/?p=39050"},"modified":"2023-02-27T10:40:51","modified_gmt":"2023-02-27T13:40:51","slug":"sinais-de-alerta-que-podem-indicar-alzheimer-segundo-medicos","status":"publish","type":"post","link":"https:\/\/jornalfatosenoticias.com.br\/index.php\/2023\/02\/27\/sinais-de-alerta-que-podem-indicar-alzheimer-segundo-medicos\/","title":{"rendered":"Sinais de alerta que podem indicar Alzheimer, segundo m\u00e9dicos"},"content":{"rendered":"\n<p><em><span class=\"has-inline-color has-black-color\">Mais de um milh\u00e3o de brasileiros t\u00eam Alzheimer, n\u00famero que pode aumentar com o envelhecimento da popula\u00e7\u00e3o. Saiba os sintomas da doen\u00e7a<\/span><\/em><\/p>\n\n\n\n<div class=\"wp-block-image\"><figure class=\"aligncenter size-large\"><img loading=\"lazy\" decoding=\"async\" width=\"729\" height=\"90\" src=\"https:\/\/jornalfatosenoticias.com.br\/wp-content\/uploads\/2020\/02\/Logo_Mizu.png\" alt=\"\" class=\"wp-image-1441\" srcset=\"https:\/\/jornalfatosenoticias.com.br\/wp-content\/uploads\/2020\/02\/Logo_Mizu.png 729w, https:\/\/jornalfatosenoticias.com.br\/wp-content\/uploads\/2020\/02\/Logo_Mizu-300x37.png 300w\" sizes=\"auto, (max-width: 729px) 100vw, 729px\" \/><\/figure><\/div>\n\n\n\n<p>De acordo com a Organiza\u00e7\u00e3o Mundial da Sa\u00fade (OMS), cerca de 55 milh\u00f5es de pessoas em todo o mundo vivem com algum tipo de dem\u00eancia \u2014 a mais comum \u00e9 o Alzheimer, que atinge 70% dos indiv\u00edduos nessa situa\u00e7\u00e3o. S\u00f3 no Brasil, h\u00e1 1,2 milh\u00e3o de pessoas com a doen\u00e7a, segundo o Minist\u00e9rio da Sa\u00fade. A OMS alerta para o risco desses n\u00fameros aumentarem nos pr\u00f3ximos anos, visto que a popula\u00e7\u00e3o mundial est\u00e1 envelhecendo \u2014 e os idosos constituem o grupo mais atingido pela doen\u00e7a.<\/p>\n\n\n\n<div class=\"wp-block-image\"><figure class=\"aligncenter size-large is-resized\"><img loading=\"lazy\" decoding=\"async\" src=\"https:\/\/jornalfatosenoticias.com.br\/wp-content\/uploads\/2020\/02\/logo-embacia.jpg\" alt=\"\" class=\"wp-image-33905\" width=\"260\" height=\"260\"\/><\/figure><\/div>\n\n\n\n<p>A ci\u00eancia ainda n\u00e3o conhece uma cura para o Alzheimer, que \u00e9 uma doen\u00e7a neurodegenerativa. Por isso, ela leva a um progressivo decl\u00ednio cognitivo com o passar do tempo. Nas fases finais, o paciente n\u00e3o se lembra de grande parte dos acontecimentos da sua vida, nem mesmo das pessoas \u00e0 sua volta. Ali\u00e1s, a perda de mem\u00f3ria \u00e9 o sintoma mais caracter\u00edstico da enfermidade. No entanto, outros sinais podem indicar o surgimento da condi\u00e7\u00e3o.<\/p>\n\n\n\n<div class=\"wp-block-image\"><figure class=\"aligncenter size-large is-resized\"><img loading=\"lazy\" decoding=\"async\" src=\"https:\/\/jornalfatosenoticias.com.br\/wp-content\/uploads\/2020\/02\/logo-Panper_portal.jpg\" alt=\"\" class=\"wp-image-34474\" width=\"318\" height=\"220\" srcset=\"https:\/\/jornalfatosenoticias.com.br\/wp-content\/uploads\/2020\/02\/logo-Panper_portal.jpg 400w, https:\/\/jornalfatosenoticias.com.br\/wp-content\/uploads\/2020\/02\/logo-Panper_portal-300x208.jpg 300w\" sizes=\"auto, (max-width: 318px) 100vw, 318px\" \/><\/figure><\/div>\n\n\n\n<p><strong><span class=\"has-inline-color has-vivid-red-color\">1\u00ba &#8211; Sinais de alerta que podem indicar Alzheimer<br><\/span><\/strong>\u2022 Se perder em um caminho j\u00e1 conhecido<br>\u2022 De acordo com o neurologista e coordenador de Doen\u00e7as Cerebrovasculares do Hospital Icara\u00ed e da Neurologia do Hospital e Cl\u00ednica S\u00e3o Gon\u00e7alo, Dr. Guilherme Torezani, geralmente o primeiro sinal indicativo de Alzheimer s\u00e3o os esquecimentos que geram preocupa\u00e7\u00e3o \u2014 seja no pr\u00f3prio paciente ou nos familiares e amigos.<br>\u2022 \u00c9 o caso, por exemplo, de perder-se na rua em um caminho j\u00e1 conhecido e n\u00e3o conseguir se localizar no espa\u00e7o naquele momento. Conforme esses esquecimentos se tornam frequentes, h\u00e1 um sinal de que algo est\u00e1 errado. <\/p>\n\n\n\n<div class=\"wp-block-image\"><figure class=\"aligncenter size-large is-resized\"><img loading=\"lazy\" decoding=\"async\" src=\"https:\/\/jornalfatosenoticias.com.br\/wp-content\/uploads\/2020\/02\/logo-clinica-limoeiro.jpg\" alt=\"\" class=\"wp-image-34610\" width=\"321\" height=\"228\"\/><\/figure><\/div>\n\n\n\n<figure class=\"wp-block-pullquote\"><blockquote><p><span class=\"has-inline-color has-luminous-vivid-orange-color\">Esses sinais n\u00e3o necessariamente indicam Alzheimer, mas mostram uma perda cognitiva importante&#8221;, afirma.<\/span><\/p><\/blockquote><\/figure>\n\n\n\n<div class=\"wp-block-image\"><figure class=\"aligncenter size-large\"><img loading=\"lazy\" decoding=\"async\" width=\"300\" height=\"300\" src=\"https:\/\/jornalfatosenoticias.com.br\/wp-content\/uploads\/2020\/02\/casa-do-torresmo_portal.jpg\" alt=\"\" class=\"wp-image-34472\" srcset=\"https:\/\/jornalfatosenoticias.com.br\/wp-content\/uploads\/2020\/02\/casa-do-torresmo_portal.jpg 300w, https:\/\/jornalfatosenoticias.com.br\/wp-content\/uploads\/2020\/02\/casa-do-torresmo_portal-150x150.jpg 150w\" sizes=\"auto, (max-width: 300px) 100vw, 300px\" \/><\/figure><\/div>\n\n\n\n<p>\u2022 Esquecimentos que atrapalham a administra\u00e7\u00e3o dom\u00e9stica e a vida financeira<br>\u2022 O m\u00e9dico exemplifica: &#8220;Frequentemente se esquecer de pagar as contas, esquecer de pagar boleto, esquecer senha de cart\u00e3o, ou se embaralhar com o troco e n\u00e3o conseguir fazer o c\u00e1lculo\u2026 Tudo isso \u00e9 sinal de perda cognitiva&#8221;, aponta o neurologista.<br>\u2022 Ficar repetitivo<\/p>\n\n\n\n<div class=\"wp-block-image\"><figure class=\"aligncenter size-large is-resized\"><img loading=\"lazy\" decoding=\"async\" src=\"https:\/\/jornalfatosenoticias.com.br\/wp-content\/uploads\/2022\/10\/Arte-jornal-Zucchi-600x600_Prancheta-1-1024x1024.jpg\" alt=\"\" class=\"wp-image-34782\" width=\"261\" height=\"261\" srcset=\"https:\/\/jornalfatosenoticias.com.br\/wp-content\/uploads\/2022\/10\/Arte-jornal-Zucchi-600x600_Prancheta-1-1024x1024.jpg 1024w, https:\/\/jornalfatosenoticias.com.br\/wp-content\/uploads\/2022\/10\/Arte-jornal-Zucchi-600x600_Prancheta-1-300x300.jpg 300w, https:\/\/jornalfatosenoticias.com.br\/wp-content\/uploads\/2022\/10\/Arte-jornal-Zucchi-600x600_Prancheta-1-150x150.jpg 150w, https:\/\/jornalfatosenoticias.com.br\/wp-content\/uploads\/2022\/10\/Arte-jornal-Zucchi-600x600_Prancheta-1-768x768.jpg 768w, https:\/\/jornalfatosenoticias.com.br\/wp-content\/uploads\/2022\/10\/Arte-jornal-Zucchi-600x600_Prancheta-1.jpg 1250w\" sizes=\"auto, (max-width: 261px) 100vw, 261px\" \/><\/figure><\/div>\n\n\n\n<p>O especialista explica que a repeti\u00e7\u00e3o excessiva tamb\u00e9m \u00e9 um sinal de dem\u00eancia. Ou seja, precisar o tempo todo verificar uma mesma informa\u00e7\u00e3o, ou repetir uma mesma informa\u00e7\u00e3o muitas vezes, ou ainda repetir a mesma pergunta ao longo do dia. Nesses casos, \u00e9 importante ficar alerta.<\/p>\n\n\n\n<div class=\"wp-block-image\"><figure class=\"aligncenter size-large\"><img decoding=\"async\" src=\"https:\/\/jornalfatosenoticias.com.br\/wp-content\/uploads\/2020\/02\/Serra-Grande-1024x160.png\" alt=\"\" class=\"wp-image-7836\"\/><\/figure><\/div>\n\n\n\n<p><strong><span class=\"has-inline-color has-vivid-red-color\">2\u00ba &#8211; Problemas do dia a dia podem indicar a doen\u00e7a<br><\/span><\/strong>\u2022 Apresentar dificuldade para se comunicar<br>Ter dificuldade com a linguagem tamb\u00e9m \u00e9 um sinal de perda cognitiva. &#8220;Por exemplo, esquecer-se com frequ\u00eancia de palavras simples, de forma que isso come\u00e7a a impactar a sua funcionalidade de fala. Ou esquecer o nome dos objetos com frequ\u00eancia, objetos que voc\u00ea tem a disposi\u00e7\u00e3o&#8221;, aponta.<br>\u2022 Problemas na execu\u00e7\u00e3o de tarefas e planejamento<br>O m\u00e9dico exemplifica com o caso de uma senhora que faz sempre a mesma receita, mas passa a n\u00e3o conseguir mais por se atrapalhar no meio. De acordo com o especialista, abandonar uma atividade j\u00e1 conhecida no meio por n\u00e3o conseguir execut\u00e1-la \u00e9 um sinal que merece aten\u00e7\u00e3o.<br>\u2022 Altera\u00e7\u00f5es comportamentais<br>No caso do Alzheimer, e de outras doen\u00e7as associadas \u00e0 dem\u00eancia, \u00e9 muito comum a mudan\u00e7a no comportamento do paciente. <\/p>\n\n\n\n<div class=\"wp-block-image\"><figure class=\"aligncenter size-large is-resized\"><img loading=\"lazy\" decoding=\"async\" src=\"https:\/\/jornalfatosenoticias.com.br\/wp-content\/uploads\/2022\/07\/Logo-Grupo-SEI.jpg\" alt=\"\" class=\"wp-image-31973\" width=\"301\" height=\"158\" srcset=\"https:\/\/jornalfatosenoticias.com.br\/wp-content\/uploads\/2022\/07\/Logo-Grupo-SEI.jpg 713w, https:\/\/jornalfatosenoticias.com.br\/wp-content\/uploads\/2022\/07\/Logo-Grupo-SEI-300x158.jpg 300w\" sizes=\"auto, (max-width: 301px) 100vw, 301px\" \/><\/figure><\/div>\n\n\n\n<figure class=\"wp-block-pullquote\"><blockquote><p><span class=\"has-inline-color has-luminous-vivid-orange-color\">Ent\u00e3o, o idoso pode come\u00e7ar a ficar agressivo, irrit\u00e1vel, pouco complacente, muito r\u00edgido, muito met\u00f3dico e muito teimoso. Ou ent\u00e3o come\u00e7ar a falar de coisas inapropriadas socialmente, como falar abertamente sobre sexo, ou agir nos impulsos sexuais. Tamb\u00e9m pode come\u00e7ar a xingar ou falar palavras de baixo cal\u00e3o em p\u00fablico&#8221;, exemplifica o neurologista. O Dr. Guilherme destaca que esses sinais todos n\u00e3o s\u00e3o espec\u00edficos do Alzheimer, mas acometem os pacientes que t\u00eam a doen\u00e7a.<\/span><\/p><\/blockquote><\/figure>\n\n\n\n<div class=\"wp-block-image\"><figure class=\"aligncenter size-large\"><img loading=\"lazy\" decoding=\"async\" width=\"1024\" height=\"100\" src=\"https:\/\/jornalfatosenoticias.com.br\/wp-content\/uploads\/2020\/02\/banner_ferramentas-1024x100.jpg\" alt=\"\" class=\"wp-image-1258\" srcset=\"https:\/\/jornalfatosenoticias.com.br\/wp-content\/uploads\/2020\/02\/banner_ferramentas-1024x100.jpg 1024w, https:\/\/jornalfatosenoticias.com.br\/wp-content\/uploads\/2020\/02\/banner_ferramentas-300x29.jpg 300w, https:\/\/jornalfatosenoticias.com.br\/wp-content\/uploads\/2020\/02\/banner_ferramentas-768x75.jpg 768w, https:\/\/jornalfatosenoticias.com.br\/wp-content\/uploads\/2020\/02\/banner_ferramentas.jpg 1227w\" sizes=\"auto, (max-width: 1024px) 100vw, 1024px\" \/><\/figure><\/div>\n\n\n\n<p><strong><span class=\"has-inline-color has-vivid-red-color\">Est\u00e1gios do avan\u00e7o da doen\u00e7a<br><\/span><\/strong>Segundo o neurologista Leandro Teles, a doen\u00e7a pode se dividir em est\u00e1gios, dependendo da condi\u00e7\u00e3o do paciente e dos sinais que ele apresenta. No primeiro est\u00e1gio, o &#8220;leve&#8221;, a pessoa tem dificuldade progressiva de fixar novas mem\u00f3rias. Ou seja, o paciente lembra bem do passado, mas apresenta evidente dificuldade em memorizar coisas mais atuais, do dia a dia. <\/p>\n\n\n\n<div class=\"wp-block-image\"><figure class=\"aligncenter size-large\"><img decoding=\"async\" src=\"https:\/\/jornalfatosenoticias.com.br\/wp-content\/uploads\/2020\/02\/logo_esteio.jpg\" alt=\"\" class=\"wp-image-1214\"\/><\/figure><\/div>\n\n\n\n<figure class=\"wp-block-pullquote\"><blockquote><p><span class=\"has-inline-color has-luminous-vivid-orange-color\">Ele fica esquecido, repetitivo e deixa de cumprir compromissos. Aos poucos, vai perdendo sua seguran\u00e7a e independ\u00eancia&#8221;, afirma Leandro.<\/span><\/p><\/blockquote><\/figure>\n\n\n\n<div class=\"wp-block-image\"><figure class=\"aligncenter size-large is-resized\"><img loading=\"lazy\" decoding=\"async\" src=\"https:\/\/jornalfatosenoticias.com.br\/wp-content\/uploads\/2022\/08\/logo-locau-veiculos-1024x573.png\" alt=\"\" class=\"wp-image-33078\" width=\"305\" height=\"170\"\/><\/figure><\/div>\n\n\n\n<p>J\u00e1 no est\u00e1gio moderado, al\u00e9m do esquecimento, o paciente passa a se sentir desorientado no tempo e no espa\u00e7o. Por isso, pode se perder em lugares conhecidos, ter dificuldade de reconhecer rostos familiares e mostrar-se cada vez mais confuso e menos confi\u00e1vel. Nesta fase, podem surgir altera\u00e7\u00f5es comportamentais, como apatia ou agressividade, perda progressiva de autonomia, dificuldades de c\u00e1lculo e linguagem, al\u00e9m de comprometimento de mem\u00f3rias antigas, j\u00e1 consolidadas.<br>No est\u00e1gio avan\u00e7ado, por sua vez, o paciente se mostra ainda mais desorganizado. Al\u00e9m disso, o esquecimento pode ser muito intenso, dificultando at\u00e9 pequenos di\u00e1logos. <\/p>\n\n\n\n<div class=\"wp-block-image\"><figure class=\"aligncenter size-large\"><img decoding=\"async\" src=\"https:\/\/jornalfatosenoticias.com.br\/wp-content\/uploads\/2020\/02\/barao-das-carnes-300x164-1.jpg\" alt=\"\" class=\"wp-image-34339\"\/><\/figure><\/div>\n\n\n\n<figure class=\"wp-block-pullquote\"><blockquote><p><span class=\"has-inline-color has-luminous-vivid-orange-color\">Ele fica bastante a\u00e9reo, interage pouco com o ambiente, pode ter franca dificuldade em reconhecer familiares e apresenta um discurso pobre e confuso. Com a progress\u00e3o, surgem sintomas motores como engasgos, perda de equil\u00edbrio, e problemas de coordena\u00e7\u00e3o e de for\u00e7a muscular&#8221;, acrescenta o neurologista.<\/span><\/p><\/blockquote><\/figure>\n\n\n\n<div class=\"wp-block-image\"><figure class=\"aligncenter size-large\"><img decoding=\"async\" src=\"https:\/\/jornalfatosenoticias.com.br\/wp-content\/uploads\/2023\/02\/faserra_portal.jpg\" alt=\"\" class=\"wp-image-38905\"\/><\/figure><\/div>\n\n\n\n<p>A partir da\u00ed, o paciente evolui para uma franca deteriora\u00e7\u00e3o neurol\u00f3gica global. Com isso, ele fica restrito \u00e0 cadeira de rodas e, posteriormente, \u00e0 cama, em posi\u00e7\u00e3o que lembra a posi\u00e7\u00e3o fetal.<\/p>\n\n\n\n<p><strong><em>Fonte: <a href=\"https:\/\/www.terra.com.br\/vida-e-estilo\/saude\/doencas-e-tratamentos\/sinais-de-alerta-que-podem-indicar-alzheimer-segundo-medicos,9f84b3bdf6661b21d8c77fa39bbea8132non2230.html\">Terra<\/a><\/em><\/strong><\/p>\n","protected":false},"excerpt":{"rendered":"<p>Mais de um milh\u00e3o de brasileiros t\u00eam Alzheimer, n\u00famero que pode aumentar com o envelhecimento da popula\u00e7\u00e3o. Saiba os sintomas da doen\u00e7a De acordo com a Organiza\u00e7\u00e3o Mundial da Sa\u00fade (OMS), cerca de 55 milh\u00f5es de pessoas em todo o mundo vivem com algum tipo de dem\u00eancia \u2014 a mais comum \u00e9 o Alzheimer, que [&hellip;]<\/p>\n","protected":false},"author":2,"featured_media":39051,"comment_status":"open","ping_status":"open","sticky":false,"template":"","format":"standard","meta":{"footnotes":""},"categories":[11],"tags":[2501,3402,14099,2586,6807,850],"class_list":["post-39050","post","type-post","status-publish","format-standard","has-post-thumbnail","hentry","category-saude","tag-alzheimer","tag-demencia","tag-doenca-neurodegenerativa","tag-envelhecimento","tag-esquecimento","tag-idosos"],"yoast_head":"<!-- This site is optimized with the Yoast SEO plugin v26.5 - https:\/\/yoast.com\/wordpress\/plugins\/seo\/ -->\n<title>Sinais de alerta que podem indicar Alzheimer, segundo m\u00e9dicos - Jornal Fatos e Not\u00edcias<\/title>\n<meta name=\"robots\" content=\"index, follow, max-snippet:-1, max-image-preview:large, max-video-preview:-1\" \/>\n<link rel=\"canonical\" href=\"https:\/\/jornalfatosenoticias.com.br\/index.php\/2023\/02\/27\/sinais-de-alerta-que-podem-indicar-alzheimer-segundo-medicos\/\" \/>\n<meta property=\"og:locale\" content=\"pt_BR\" \/>\n<meta property=\"og:type\" content=\"article\" \/>\n<meta property=\"og:title\" content=\"Sinais de alerta que podem indicar Alzheimer, segundo m\u00e9dicos - Jornal Fatos e Not\u00edcias\" \/>\n<meta property=\"og:description\" content=\"Mais de um milh\u00e3o de brasileiros t\u00eam Alzheimer, n\u00famero que pode aumentar com o envelhecimento da popula\u00e7\u00e3o. Saiba os sintomas da doen\u00e7a De acordo com a Organiza\u00e7\u00e3o Mundial da Sa\u00fade (OMS), cerca de 55 milh\u00f5es de pessoas em todo o mundo vivem com algum tipo de dem\u00eancia \u2014 a mais comum \u00e9 o Alzheimer, que [&hellip;]\" \/>\n<meta property=\"og:url\" content=\"https:\/\/jornalfatosenoticias.com.br\/index.php\/2023\/02\/27\/sinais-de-alerta-que-podem-indicar-alzheimer-segundo-medicos\/\" \/>\n<meta property=\"og:site_name\" content=\"Jornal Fatos e Not\u00edcias\" \/>\n<meta property=\"article:published_time\" content=\"2023-02-27T13:40:49+00:00\" \/>\n<meta property=\"article:modified_time\" content=\"2023-02-27T13:40:51+00:00\" \/>\n<meta property=\"og:image\" content=\"https:\/\/jornalfatosenoticias.com.br\/wp-content\/uploads\/2023\/02\/Sinais-de-alerta-que-podem-indicar-Alzheimer-getty-images.jpg\" \/>\n\t<meta property=\"og:image:width\" content=\"1000\" \/>\n\t<meta property=\"og:image:height\" content=\"666\" \/>\n\t<meta property=\"og:image:type\" content=\"image\/jpeg\" \/>\n<meta name=\"author\" content=\"Luzimara Fernandes\" \/>\n<meta name=\"twitter:card\" content=\"summary_large_image\" \/>\n<meta name=\"twitter:label1\" content=\"Escrito por\" \/>\n\t<meta name=\"twitter:data1\" content=\"Luzimara Fernandes\" \/>\n\t<meta name=\"twitter:label2\" content=\"Est. tempo de leitura\" \/>\n\t<meta name=\"twitter:data2\" content=\"5 minutos\" \/>\n<script type=\"application\/ld+json\" class=\"yoast-schema-graph\">{\"@context\":\"https:\/\/schema.org\",\"@graph\":[{\"@type\":\"Article\",\"@id\":\"https:\/\/jornalfatosenoticias.com.br\/index.php\/2023\/02\/27\/sinais-de-alerta-que-podem-indicar-alzheimer-segundo-medicos\/#article\",\"isPartOf\":{\"@id\":\"https:\/\/jornalfatosenoticias.com.br\/index.php\/2023\/02\/27\/sinais-de-alerta-que-podem-indicar-alzheimer-segundo-medicos\/\"},\"author\":{\"name\":\"Luzimara Fernandes\",\"@id\":\"https:\/\/jornalfatosenoticias.com.br\/#\/schema\/person\/d63837fa13ac8666eb9e74e0985d6f81\"},\"headline\":\"Sinais de alerta que podem indicar Alzheimer, segundo m\u00e9dicos\",\"datePublished\":\"2023-02-27T13:40:49+00:00\",\"dateModified\":\"2023-02-27T13:40:51+00:00\",\"mainEntityOfPage\":{\"@id\":\"https:\/\/jornalfatosenoticias.com.br\/index.php\/2023\/02\/27\/sinais-de-alerta-que-podem-indicar-alzheimer-segundo-medicos\/\"},\"wordCount\":959,\"commentCount\":0,\"publisher\":{\"@id\":\"https:\/\/jornalfatosenoticias.com.br\/#organization\"},\"image\":{\"@id\":\"https:\/\/jornalfatosenoticias.com.br\/index.php\/2023\/02\/27\/sinais-de-alerta-que-podem-indicar-alzheimer-segundo-medicos\/#primaryimage\"},\"thumbnailUrl\":\"https:\/\/jornalfatosenoticias.com.br\/wp-content\/uploads\/2023\/02\/Sinais-de-alerta-que-podem-indicar-Alzheimer-getty-images.jpg\",\"keywords\":[\"Alzheimer\",\"dem\u00eancia\",\"doen\u00e7a neurodegenerativa\",\"envelhecimento\",\"esquecimento\",\"idosos\"],\"articleSection\":[\"Sa\u00fade\"],\"inLanguage\":\"pt-BR\",\"potentialAction\":[{\"@type\":\"CommentAction\",\"name\":\"Comment\",\"target\":[\"https:\/\/jornalfatosenoticias.com.br\/index.php\/2023\/02\/27\/sinais-de-alerta-que-podem-indicar-alzheimer-segundo-medicos\/#respond\"]}]},{\"@type\":\"WebPage\",\"@id\":\"https:\/\/jornalfatosenoticias.com.br\/index.php\/2023\/02\/27\/sinais-de-alerta-que-podem-indicar-alzheimer-segundo-medicos\/\",\"url\":\"https:\/\/jornalfatosenoticias.com.br\/index.php\/2023\/02\/27\/sinais-de-alerta-que-podem-indicar-alzheimer-segundo-medicos\/\",\"name\":\"Sinais de alerta que podem indicar Alzheimer, segundo m\u00e9dicos - Jornal Fatos e Not\u00edcias\",\"isPartOf\":{\"@id\":\"https:\/\/jornalfatosenoticias.com.br\/#website\"},\"primaryImageOfPage\":{\"@id\":\"https:\/\/jornalfatosenoticias.com.br\/index.php\/2023\/02\/27\/sinais-de-alerta-que-podem-indicar-alzheimer-segundo-medicos\/#primaryimage\"},\"image\":{\"@id\":\"https:\/\/jornalfatosenoticias.com.br\/index.php\/2023\/02\/27\/sinais-de-alerta-que-podem-indicar-alzheimer-segundo-medicos\/#primaryimage\"},\"thumbnailUrl\":\"https:\/\/jornalfatosenoticias.com.br\/wp-content\/uploads\/2023\/02\/Sinais-de-alerta-que-podem-indicar-Alzheimer-getty-images.jpg\",\"datePublished\":\"2023-02-27T13:40:49+00:00\",\"dateModified\":\"2023-02-27T13:40:51+00:00\",\"breadcrumb\":{\"@id\":\"https:\/\/jornalfatosenoticias.com.br\/index.php\/2023\/02\/27\/sinais-de-alerta-que-podem-indicar-alzheimer-segundo-medicos\/#breadcrumb\"},\"inLanguage\":\"pt-BR\",\"potentialAction\":[{\"@type\":\"ReadAction\",\"target\":[\"https:\/\/jornalfatosenoticias.com.br\/index.php\/2023\/02\/27\/sinais-de-alerta-que-podem-indicar-alzheimer-segundo-medicos\/\"]}]},{\"@type\":\"ImageObject\",\"inLanguage\":\"pt-BR\",\"@id\":\"https:\/\/jornalfatosenoticias.com.br\/index.php\/2023\/02\/27\/sinais-de-alerta-que-podem-indicar-alzheimer-segundo-medicos\/#primaryimage\",\"url\":\"https:\/\/jornalfatosenoticias.com.br\/wp-content\/uploads\/2023\/02\/Sinais-de-alerta-que-podem-indicar-Alzheimer-getty-images.jpg\",\"contentUrl\":\"https:\/\/jornalfatosenoticias.com.br\/wp-content\/uploads\/2023\/02\/Sinais-de-alerta-que-podem-indicar-Alzheimer-getty-images.jpg\",\"width\":1000,\"height\":666},{\"@type\":\"BreadcrumbList\",\"@id\":\"https:\/\/jornalfatosenoticias.com.br\/index.php\/2023\/02\/27\/sinais-de-alerta-que-podem-indicar-alzheimer-segundo-medicos\/#breadcrumb\",\"itemListElement\":[{\"@type\":\"ListItem\",\"position\":1,\"name\":\"In\u00edcio\",\"item\":\"https:\/\/jornalfatosenoticias.com.br\/\"},{\"@type\":\"ListItem\",\"position\":2,\"name\":\"Sinais de alerta que podem indicar Alzheimer, segundo m\u00e9dicos\"}]},{\"@type\":\"WebSite\",\"@id\":\"https:\/\/jornalfatosenoticias.com.br\/#website\",\"url\":\"https:\/\/jornalfatosenoticias.com.br\/\",\"name\":\"Jornal Fatos e Not\u00edcias\",\"description\":\"Not\u00edcias em geral\",\"publisher\":{\"@id\":\"https:\/\/jornalfatosenoticias.com.br\/#organization\"},\"potentialAction\":[{\"@type\":\"SearchAction\",\"target\":{\"@type\":\"EntryPoint\",\"urlTemplate\":\"https:\/\/jornalfatosenoticias.com.br\/?s={search_term_string}\"},\"query-input\":{\"@type\":\"PropertyValueSpecification\",\"valueRequired\":true,\"valueName\":\"search_term_string\"}}],\"inLanguage\":\"pt-BR\"},{\"@type\":\"Organization\",\"@id\":\"https:\/\/jornalfatosenoticias.com.br\/#organization\",\"name\":\"Jornal Fatos e Not\u00edcias\",\"url\":\"https:\/\/jornalfatosenoticias.com.br\/\",\"logo\":{\"@type\":\"ImageObject\",\"inLanguage\":\"pt-BR\",\"@id\":\"https:\/\/jornalfatosenoticias.com.br\/#\/schema\/logo\/image\/\",\"url\":\"https:\/\/jornalfatosenoticias.com.br\/wp-content\/uploads\/2020\/02\/logo120.png\",\"contentUrl\":\"https:\/\/jornalfatosenoticias.com.br\/wp-content\/uploads\/2020\/02\/logo120.png\",\"width\":1227,\"height\":120,\"caption\":\"Jornal Fatos e Not\u00edcias\"},\"image\":{\"@id\":\"https:\/\/jornalfatosenoticias.com.br\/#\/schema\/logo\/image\/\"}},{\"@type\":\"Person\",\"@id\":\"https:\/\/jornalfatosenoticias.com.br\/#\/schema\/person\/d63837fa13ac8666eb9e74e0985d6f81\",\"name\":\"Luzimara Fernandes\",\"image\":{\"@type\":\"ImageObject\",\"inLanguage\":\"pt-BR\",\"@id\":\"https:\/\/jornalfatosenoticias.com.br\/#\/schema\/person\/image\/\",\"url\":\"https:\/\/jornalfatosenoticias.com.br\/wp-content\/uploads\/2025\/05\/EU_portal.jpg\",\"contentUrl\":\"https:\/\/jornalfatosenoticias.com.br\/wp-content\/uploads\/2025\/05\/EU_portal.jpg\",\"caption\":\"Luzimara Fernandes\"},\"description\":\"Jornalista MTB 2358-ES\",\"sameAs\":[\"https:\/\/jornalfatosenoticias.com.br\"],\"url\":\"https:\/\/jornalfatosenoticias.com.br\/index.php\/author\/luzimara\/\"}]}<\/script>\n<!-- \/ Yoast SEO plugin. -->","yoast_head_json":{"title":"Sinais de alerta que podem indicar Alzheimer, segundo m\u00e9dicos - Jornal Fatos e Not\u00edcias","robots":{"index":"index","follow":"follow","max-snippet":"max-snippet:-1","max-image-preview":"max-image-preview:large","max-video-preview":"max-video-preview:-1"},"canonical":"https:\/\/jornalfatosenoticias.com.br\/index.php\/2023\/02\/27\/sinais-de-alerta-que-podem-indicar-alzheimer-segundo-medicos\/","og_locale":"pt_BR","og_type":"article","og_title":"Sinais de alerta que podem indicar Alzheimer, segundo m\u00e9dicos - Jornal Fatos e Not\u00edcias","og_description":"Mais de um milh\u00e3o de brasileiros t\u00eam Alzheimer, n\u00famero que pode aumentar com o envelhecimento da popula\u00e7\u00e3o. Saiba os sintomas da doen\u00e7a De acordo com a Organiza\u00e7\u00e3o Mundial da Sa\u00fade (OMS), cerca de 55 milh\u00f5es de pessoas em todo o mundo vivem com algum tipo de dem\u00eancia \u2014 a mais comum \u00e9 o Alzheimer, que [&hellip;]","og_url":"https:\/\/jornalfatosenoticias.com.br\/index.php\/2023\/02\/27\/sinais-de-alerta-que-podem-indicar-alzheimer-segundo-medicos\/","og_site_name":"Jornal Fatos e Not\u00edcias","article_published_time":"2023-02-27T13:40:49+00:00","article_modified_time":"2023-02-27T13:40:51+00:00","og_image":[{"width":1000,"height":666,"url":"https:\/\/jornalfatosenoticias.com.br\/wp-content\/uploads\/2023\/02\/Sinais-de-alerta-que-podem-indicar-Alzheimer-getty-images.jpg","type":"image\/jpeg"}],"author":"Luzimara Fernandes","twitter_card":"summary_large_image","twitter_misc":{"Escrito por":"Luzimara Fernandes","Est. tempo de leitura":"5 minutos"},"schema":{"@context":"https:\/\/schema.org","@graph":[{"@type":"Article","@id":"https:\/\/jornalfatosenoticias.com.br\/index.php\/2023\/02\/27\/sinais-de-alerta-que-podem-indicar-alzheimer-segundo-medicos\/#article","isPartOf":{"@id":"https:\/\/jornalfatosenoticias.com.br\/index.php\/2023\/02\/27\/sinais-de-alerta-que-podem-indicar-alzheimer-segundo-medicos\/"},"author":{"name":"Luzimara Fernandes","@id":"https:\/\/jornalfatosenoticias.com.br\/#\/schema\/person\/d63837fa13ac8666eb9e74e0985d6f81"},"headline":"Sinais de alerta que podem indicar Alzheimer, segundo m\u00e9dicos","datePublished":"2023-02-27T13:40:49+00:00","dateModified":"2023-02-27T13:40:51+00:00","mainEntityOfPage":{"@id":"https:\/\/jornalfatosenoticias.com.br\/index.php\/2023\/02\/27\/sinais-de-alerta-que-podem-indicar-alzheimer-segundo-medicos\/"},"wordCount":959,"commentCount":0,"publisher":{"@id":"https:\/\/jornalfatosenoticias.com.br\/#organization"},"image":{"@id":"https:\/\/jornalfatosenoticias.com.br\/index.php\/2023\/02\/27\/sinais-de-alerta-que-podem-indicar-alzheimer-segundo-medicos\/#primaryimage"},"thumbnailUrl":"https:\/\/jornalfatosenoticias.com.br\/wp-content\/uploads\/2023\/02\/Sinais-de-alerta-que-podem-indicar-Alzheimer-getty-images.jpg","keywords":["Alzheimer","dem\u00eancia","doen\u00e7a neurodegenerativa","envelhecimento","esquecimento","idosos"],"articleSection":["Sa\u00fade"],"inLanguage":"pt-BR","potentialAction":[{"@type":"CommentAction","name":"Comment","target":["https:\/\/jornalfatosenoticias.com.br\/index.php\/2023\/02\/27\/sinais-de-alerta-que-podem-indicar-alzheimer-segundo-medicos\/#respond"]}]},{"@type":"WebPage","@id":"https:\/\/jornalfatosenoticias.com.br\/index.php\/2023\/02\/27\/sinais-de-alerta-que-podem-indicar-alzheimer-segundo-medicos\/","url":"https:\/\/jornalfatosenoticias.com.br\/index.php\/2023\/02\/27\/sinais-de-alerta-que-podem-indicar-alzheimer-segundo-medicos\/","name":"Sinais de alerta que podem indicar Alzheimer, segundo m\u00e9dicos - Jornal Fatos e Not\u00edcias","isPartOf":{"@id":"https:\/\/jornalfatosenoticias.com.br\/#website"},"primaryImageOfPage":{"@id":"https:\/\/jornalfatosenoticias.com.br\/index.php\/2023\/02\/27\/sinais-de-alerta-que-podem-indicar-alzheimer-segundo-medicos\/#primaryimage"},"image":{"@id":"https:\/\/jornalfatosenoticias.com.br\/index.php\/2023\/02\/27\/sinais-de-alerta-que-podem-indicar-alzheimer-segundo-medicos\/#primaryimage"},"thumbnailUrl":"https:\/\/jornalfatosenoticias.com.br\/wp-content\/uploads\/2023\/02\/Sinais-de-alerta-que-podem-indicar-Alzheimer-getty-images.jpg","datePublished":"2023-02-27T13:40:49+00:00","dateModified":"2023-02-27T13:40:51+00:00","breadcrumb":{"@id":"https:\/\/jornalfatosenoticias.com.br\/index.php\/2023\/02\/27\/sinais-de-alerta-que-podem-indicar-alzheimer-segundo-medicos\/#breadcrumb"},"inLanguage":"pt-BR","potentialAction":[{"@type":"ReadAction","target":["https:\/\/jornalfatosenoticias.com.br\/index.php\/2023\/02\/27\/sinais-de-alerta-que-podem-indicar-alzheimer-segundo-medicos\/"]}]},{"@type":"ImageObject","inLanguage":"pt-BR","@id":"https:\/\/jornalfatosenoticias.com.br\/index.php\/2023\/02\/27\/sinais-de-alerta-que-podem-indicar-alzheimer-segundo-medicos\/#primaryimage","url":"https:\/\/jornalfatosenoticias.com.br\/wp-content\/uploads\/2023\/02\/Sinais-de-alerta-que-podem-indicar-Alzheimer-getty-images.jpg","contentUrl":"https:\/\/jornalfatosenoticias.com.br\/wp-content\/uploads\/2023\/02\/Sinais-de-alerta-que-podem-indicar-Alzheimer-getty-images.jpg","width":1000,"height":666},{"@type":"BreadcrumbList","@id":"https:\/\/jornalfatosenoticias.com.br\/index.php\/2023\/02\/27\/sinais-de-alerta-que-podem-indicar-alzheimer-segundo-medicos\/#breadcrumb","itemListElement":[{"@type":"ListItem","position":1,"name":"In\u00edcio","item":"https:\/\/jornalfatosenoticias.com.br\/"},{"@type":"ListItem","position":2,"name":"Sinais de alerta que podem indicar Alzheimer, segundo m\u00e9dicos"}]},{"@type":"WebSite","@id":"https:\/\/jornalfatosenoticias.com.br\/#website","url":"https:\/\/jornalfatosenoticias.com.br\/","name":"Jornal Fatos e Not\u00edcias","description":"Not\u00edcias em geral","publisher":{"@id":"https:\/\/jornalfatosenoticias.com.br\/#organization"},"potentialAction":[{"@type":"SearchAction","target":{"@type":"EntryPoint","urlTemplate":"https:\/\/jornalfatosenoticias.com.br\/?s={search_term_string}"},"query-input":{"@type":"PropertyValueSpecification","valueRequired":true,"valueName":"search_term_string"}}],"inLanguage":"pt-BR"},{"@type":"Organization","@id":"https:\/\/jornalfatosenoticias.com.br\/#organization","name":"Jornal Fatos e Not\u00edcias","url":"https:\/\/jornalfatosenoticias.com.br\/","logo":{"@type":"ImageObject","inLanguage":"pt-BR","@id":"https:\/\/jornalfatosenoticias.com.br\/#\/schema\/logo\/image\/","url":"https:\/\/jornalfatosenoticias.com.br\/wp-content\/uploads\/2020\/02\/logo120.png","contentUrl":"https:\/\/jornalfatosenoticias.com.br\/wp-content\/uploads\/2020\/02\/logo120.png","width":1227,"height":120,"caption":"Jornal Fatos e Not\u00edcias"},"image":{"@id":"https:\/\/jornalfatosenoticias.com.br\/#\/schema\/logo\/image\/"}},{"@type":"Person","@id":"https:\/\/jornalfatosenoticias.com.br\/#\/schema\/person\/d63837fa13ac8666eb9e74e0985d6f81","name":"Luzimara Fernandes","image":{"@type":"ImageObject","inLanguage":"pt-BR","@id":"https:\/\/jornalfatosenoticias.com.br\/#\/schema\/person\/image\/","url":"https:\/\/jornalfatosenoticias.com.br\/wp-content\/uploads\/2025\/05\/EU_portal.jpg","contentUrl":"https:\/\/jornalfatosenoticias.com.br\/wp-content\/uploads\/2025\/05\/EU_portal.jpg","caption":"Luzimara Fernandes"},"description":"Jornalista MTB 2358-ES","sameAs":["https:\/\/jornalfatosenoticias.com.br"],"url":"https:\/\/jornalfatosenoticias.com.br\/index.php\/author\/luzimara\/"}]}},"cc_featured_image_caption":{"caption_text":"(Foto: Getty Images) ","source_text":"","source_url":""},"jetpack_featured_media_url":"https:\/\/jornalfatosenoticias.com.br\/wp-content\/uploads\/2023\/02\/Sinais-de-alerta-que-podem-indicar-Alzheimer-getty-images.jpg","_links":{"self":[{"href":"https:\/\/jornalfatosenoticias.com.br\/index.php\/wp-json\/wp\/v2\/posts\/39050","targetHints":{"allow":["GET"]}}],"collection":[{"href":"https:\/\/jornalfatosenoticias.com.br\/index.php\/wp-json\/wp\/v2\/posts"}],"about":[{"href":"https:\/\/jornalfatosenoticias.com.br\/index.php\/wp-json\/wp\/v2\/types\/post"}],"author":[{"embeddable":true,"href":"https:\/\/jornalfatosenoticias.com.br\/index.php\/wp-json\/wp\/v2\/users\/2"}],"replies":[{"embeddable":true,"href":"https:\/\/jornalfatosenoticias.com.br\/index.php\/wp-json\/wp\/v2\/comments?post=39050"}],"version-history":[{"count":0,"href":"https:\/\/jornalfatosenoticias.com.br\/index.php\/wp-json\/wp\/v2\/posts\/39050\/revisions"}],"wp:featuredmedia":[{"embeddable":true,"href":"https:\/\/jornalfatosenoticias.com.br\/index.php\/wp-json\/wp\/v2\/media\/39051"}],"wp:attachment":[{"href":"https:\/\/jornalfatosenoticias.com.br\/index.php\/wp-json\/wp\/v2\/media?parent=39050"}],"wp:term":[{"taxonomy":"category","embeddable":true,"href":"https:\/\/jornalfatosenoticias.com.br\/index.php\/wp-json\/wp\/v2\/categories?post=39050"},{"taxonomy":"post_tag","embeddable":true,"href":"https:\/\/jornalfatosenoticias.com.br\/index.php\/wp-json\/wp\/v2\/tags?post=39050"}],"curies":[{"name":"wp","href":"https:\/\/api.w.org\/{rel}","templated":true}]}}