{"id":39053,"date":"2023-02-27T10:48:24","date_gmt":"2023-02-27T13:48:24","guid":{"rendered":"https:\/\/jornalfatosenoticias.com.br\/?p=39053"},"modified":"2023-02-27T10:48:25","modified_gmt":"2023-02-27T13:48:25","slug":"soldado-brasileiro-que-sobreviveu-a-segunda-guerra-tem-historia-contada-em-livro","status":"publish","type":"post","link":"https:\/\/jornalfatosenoticias.com.br\/index.php\/2023\/02\/27\/soldado-brasileiro-que-sobreviveu-a-segunda-guerra-tem-historia-contada-em-livro\/","title":{"rendered":"Soldado brasileiro que sobreviveu \u00e0 Segunda Guerra tem hist\u00f3ria contada em livro"},"content":{"rendered":"\n<p><em><span class=\"has-inline-color has-black-color\">Livro conta hist\u00f3ria do soldado brasileiro que lutou durante a Segunda Guerra na It\u00e1lia<\/span><\/em><\/p>\n\n\n\n<div class=\"wp-block-image\"><figure class=\"aligncenter size-large\"><img loading=\"lazy\" decoding=\"async\" width=\"1024\" height=\"100\" src=\"https:\/\/jornalfatosenoticias.com.br\/wp-content\/uploads\/2022\/05\/NOVA-LOGO-CESCONETTO-1024x100.jpg\" alt=\"\" class=\"wp-image-30792\" srcset=\"https:\/\/jornalfatosenoticias.com.br\/wp-content\/uploads\/2022\/05\/NOVA-LOGO-CESCONETTO-1024x100.jpg 1024w, https:\/\/jornalfatosenoticias.com.br\/wp-content\/uploads\/2022\/05\/NOVA-LOGO-CESCONETTO-300x29.jpg 300w, https:\/\/jornalfatosenoticias.com.br\/wp-content\/uploads\/2022\/05\/NOVA-LOGO-CESCONETTO-768x75.jpg 768w, https:\/\/jornalfatosenoticias.com.br\/wp-content\/uploads\/2022\/05\/NOVA-LOGO-CESCONETTO.jpg 1280w\" sizes=\"auto, (max-width: 1024px) 100vw, 1024px\" \/><\/figure><\/div>\n\n\n\n<p>Um dos 25 mil soldados que representaram o Brasil durante a <a href=\"https:\/\/aventurasnahistoria.uol.com.br\/noticias\/reportagem\/maria-karoline-princesa-bisneta-de-d-pedro-ii-morta-em-uma-camara-de-gas-nazista.phtml\">Segunda Guerra Mundial<\/a> tem sua hist\u00f3ria contada em novo livro. O combatente em quest\u00e3o \u00e9 Justino Pires de Arruda, que foi enviado pelo Brasil para a It\u00e1lia. Hoje ele tem 103 anos e mora no Mato Grosso do Sul.<br>Em &#8216;Soldado Justino: um sobrevivente da FEB&#8217;, o jornalista e historiador Helton Costa fez uso de entrevistas, pesquisas em arquivos do Ex\u00e9rcito e biografias para <a href=\"https:\/\/aventurasnahistoria.uol.com.br\/noticias\/reportagem\/historia-por-tras-do-soldado-ilustrado-antes-e-depois-da-segunda-guerra.phtml\">contar a hist\u00f3ria<\/a> de Justino. <\/p>\n\n\n\n<div class=\"wp-block-image\"><figure class=\"aligncenter size-large\"><img decoding=\"async\" src=\"https:\/\/jornalfatosenoticias.com.br\/wp-content\/uploads\/2023\/02\/faserra_portal.jpg\" alt=\"\" class=\"wp-image-38905\"\/><\/figure><\/div>\n\n\n\n<figure class=\"wp-block-pullquote\"><blockquote><p><span class=\"has-inline-color has-luminous-vivid-orange-color\">Justino Pires de Arruda foi um dos 25 mil soldados enviados pelo Brasil para combater durante a Segunda Guerra Mundial, no front norte da It\u00e1lia. Sa\u00eddo do interior do atual Mato Grosso do Sul, lutou pela 4\u00aa Cia do II Batalh\u00e3o, do 6\u00ba Regimento de Infantaria da For\u00e7a Expedicion\u00e1ria Brasileira&#8221;, diz a sinopse da obra.<\/span><\/p><\/blockquote><\/figure>\n\n\n\n<div class=\"wp-block-image\"><figure class=\"aligncenter size-large\"><img loading=\"lazy\" decoding=\"async\" width=\"566\" height=\"800\" src=\"https:\/\/jornalfatosenoticias.com.br\/wp-content\/uploads\/2023\/02\/CAPA_SOLDADO-JUSTINO.jpg\" alt=\"\" class=\"wp-image-39054\" srcset=\"https:\/\/jornalfatosenoticias.com.br\/wp-content\/uploads\/2023\/02\/CAPA_SOLDADO-JUSTINO.jpg 566w, https:\/\/jornalfatosenoticias.com.br\/wp-content\/uploads\/2023\/02\/CAPA_SOLDADO-JUSTINO-212x300.jpg 212w\" sizes=\"auto, (max-width: 566px) 100vw, 566px\" \/><figcaption><em><span class=\"has-inline-color has-black-color\">Capa da obra &#8216;Soldado Justino: um sobrevivente da FEB&#8217; (Foto: Divulga\u00e7\u00e3o)<\/span><\/em><\/figcaption><\/figure><\/div>\n\n\n\n<p><strong><span class=\"has-inline-color has-vivid-cyan-blue-color\">Um sobrevivente<br><\/span><\/strong>Ferido durante o <a href=\"https:\/\/aventurasnahistoria.uol.com.br\/noticias\/reportagem\/esquadrao-fantasma-aliados-enganaram-hitler-com-uma-producao-digna-de-hollywood.phtml\">combate<\/a> ao ser alvo de um estilha\u00e7o de bomba, o sobrevivente resgata a sua participa\u00e7\u00e3o no conflito que marcou a hist\u00f3ria da humanidade. <\/p>\n\n\n\n<div class=\"wp-block-image\"><figure class=\"aligncenter size-large\"><img loading=\"lazy\" decoding=\"async\" width=\"300\" height=\"250\" src=\"https:\/\/jornalfatosenoticias.com.br\/wp-content\/uploads\/2022\/08\/arte-Casarao.jpg\" alt=\"\" class=\"wp-image-33178\"\/><\/figure><\/div>\n\n\n\n<figure class=\"wp-block-pullquote\"><blockquote><p><span class=\"has-inline-color has-luminous-vivid-orange-color\">A biografia do Justino \u00e9 interessante do ponto de vista humano e militar, porque ele representa bem os soldados que sa\u00edram do atual Mato Grosso do Sul para enfrentar os ex\u00e9rcitos de Hitler. Eram jovens simples, boa parte moradores da zona rural, que foram arrancados de suas fam\u00edlias por quase um ano e vivenciaram uma experi\u00eancia marcante em suas trajet\u00f3rias\u201d, explica o escritor, conforme repercutido pelo site Dourado News.<\/span><\/p><\/blockquote><\/figure>\n\n\n\n<p><strong><em>Fonte: <a href=\"https:\/\/aventurasnahistoria.uol.com.br\/noticias\/historia-hoje\/soldado-brasileiro-que-sobreviveu-segunda-guerra-tem-historia-contada-em-livro.phtml\">Aventuras na Hist\u00f3ria<\/a><\/em><\/strong><\/p>\n","protected":false},"excerpt":{"rendered":"<p>Livro conta hist\u00f3ria do soldado brasileiro que lutou durante a Segunda Guerra na It\u00e1lia Um dos 25 mil soldados que representaram o Brasil durante a Segunda Guerra Mundial tem sua hist\u00f3ria contada em novo livro. O combatente em quest\u00e3o \u00e9 Justino Pires de Arruda, que foi enviado pelo Brasil para a It\u00e1lia. Hoje ele tem [&hellip;]<\/p>\n","protected":false},"author":2,"featured_media":39055,"comment_status":"open","ping_status":"open","sticky":false,"template":"","format":"standard","meta":{"footnotes":""},"categories":[4],"tags":[597,18257,2478,4491,249,124,1217,1948,18258,18255,18256],"class_list":["post-39053","post","type-post","status-publish","format-standard","has-post-thumbnail","hentry","category-cultura","tag-brasil","tag-combatente","tag-conflito","tag-guerra","tag-historia","tag-italia","tag-livro","tag-obra","tag-pracinhas","tag-segunda-guerra","tag-soldado"],"yoast_head":"<!-- This site is optimized with the Yoast SEO plugin v26.5 - https:\/\/yoast.com\/wordpress\/plugins\/seo\/ -->\n<title>Soldado brasileiro que sobreviveu \u00e0 Segunda Guerra tem hist\u00f3ria contada em livro - Jornal Fatos e Not\u00edcias<\/title>\n<meta name=\"robots\" content=\"index, follow, max-snippet:-1, max-image-preview:large, max-video-preview:-1\" \/>\n<link rel=\"canonical\" href=\"https:\/\/jornalfatosenoticias.com.br\/index.php\/2023\/02\/27\/soldado-brasileiro-que-sobreviveu-a-segunda-guerra-tem-historia-contada-em-livro\/\" \/>\n<meta property=\"og:locale\" content=\"pt_BR\" \/>\n<meta property=\"og:type\" content=\"article\" \/>\n<meta property=\"og:title\" content=\"Soldado brasileiro que sobreviveu \u00e0 Segunda Guerra tem hist\u00f3ria contada em livro - Jornal Fatos e Not\u00edcias\" \/>\n<meta property=\"og:description\" content=\"Livro conta hist\u00f3ria do soldado brasileiro que lutou durante a Segunda Guerra na It\u00e1lia Um dos 25 mil soldados que representaram o Brasil durante a Segunda Guerra Mundial tem sua hist\u00f3ria contada em novo livro. O combatente em quest\u00e3o \u00e9 Justino Pires de Arruda, que foi enviado pelo Brasil para a It\u00e1lia. Hoje ele tem [&hellip;]\" \/>\n<meta property=\"og:url\" content=\"https:\/\/jornalfatosenoticias.com.br\/index.php\/2023\/02\/27\/soldado-brasileiro-que-sobreviveu-a-segunda-guerra-tem-historia-contada-em-livro\/\" \/>\n<meta property=\"og:site_name\" content=\"Jornal Fatos e Not\u00edcias\" \/>\n<meta property=\"article:published_time\" content=\"2023-02-27T13:48:24+00:00\" \/>\n<meta property=\"article:modified_time\" content=\"2023-02-27T13:48:25+00:00\" \/>\n<meta property=\"og:image\" content=\"https:\/\/jornalfatosenoticias.com.br\/wp-content\/uploads\/2023\/02\/sr-justino-feb.jpg\" \/>\n\t<meta property=\"og:image:width\" content=\"1000\" \/>\n\t<meta property=\"og:image:height\" content=\"590\" \/>\n\t<meta property=\"og:image:type\" content=\"image\/jpeg\" \/>\n<meta name=\"author\" content=\"Luzimara Fernandes\" \/>\n<meta name=\"twitter:card\" content=\"summary_large_image\" \/>\n<meta name=\"twitter:label1\" content=\"Escrito por\" \/>\n\t<meta name=\"twitter:data1\" content=\"Luzimara Fernandes\" \/>\n\t<meta name=\"twitter:label2\" content=\"Est. tempo de leitura\" \/>\n\t<meta name=\"twitter:data2\" content=\"1 minuto\" \/>\n<script type=\"application\/ld+json\" class=\"yoast-schema-graph\">{\"@context\":\"https:\/\/schema.org\",\"@graph\":[{\"@type\":\"Article\",\"@id\":\"https:\/\/jornalfatosenoticias.com.br\/index.php\/2023\/02\/27\/soldado-brasileiro-que-sobreviveu-a-segunda-guerra-tem-historia-contada-em-livro\/#article\",\"isPartOf\":{\"@id\":\"https:\/\/jornalfatosenoticias.com.br\/index.php\/2023\/02\/27\/soldado-brasileiro-que-sobreviveu-a-segunda-guerra-tem-historia-contada-em-livro\/\"},\"author\":{\"name\":\"Luzimara Fernandes\",\"@id\":\"https:\/\/jornalfatosenoticias.com.br\/#\/schema\/person\/d63837fa13ac8666eb9e74e0985d6f81\"},\"headline\":\"Soldado brasileiro que sobreviveu \u00e0 Segunda Guerra tem hist\u00f3ria contada em livro\",\"datePublished\":\"2023-02-27T13:48:24+00:00\",\"dateModified\":\"2023-02-27T13:48:25+00:00\",\"mainEntityOfPage\":{\"@id\":\"https:\/\/jornalfatosenoticias.com.br\/index.php\/2023\/02\/27\/soldado-brasileiro-que-sobreviveu-a-segunda-guerra-tem-historia-contada-em-livro\/\"},\"wordCount\":288,\"commentCount\":0,\"publisher\":{\"@id\":\"https:\/\/jornalfatosenoticias.com.br\/#organization\"},\"image\":{\"@id\":\"https:\/\/jornalfatosenoticias.com.br\/index.php\/2023\/02\/27\/soldado-brasileiro-que-sobreviveu-a-segunda-guerra-tem-historia-contada-em-livro\/#primaryimage\"},\"thumbnailUrl\":\"https:\/\/jornalfatosenoticias.com.br\/wp-content\/uploads\/2023\/02\/sr-justino-feb.jpg\",\"keywords\":[\"Brasil\",\"combatente\",\"conflito\",\"guerra\",\"hist\u00f3ria\",\"It\u00e1lia\",\"livro\",\"obra\",\"pracinhas\",\"Segunda Guerra\",\"soldado\"],\"articleSection\":[\"Cultura\"],\"inLanguage\":\"pt-BR\",\"potentialAction\":[{\"@type\":\"CommentAction\",\"name\":\"Comment\",\"target\":[\"https:\/\/jornalfatosenoticias.com.br\/index.php\/2023\/02\/27\/soldado-brasileiro-que-sobreviveu-a-segunda-guerra-tem-historia-contada-em-livro\/#respond\"]}]},{\"@type\":\"WebPage\",\"@id\":\"https:\/\/jornalfatosenoticias.com.br\/index.php\/2023\/02\/27\/soldado-brasileiro-que-sobreviveu-a-segunda-guerra-tem-historia-contada-em-livro\/\",\"url\":\"https:\/\/jornalfatosenoticias.com.br\/index.php\/2023\/02\/27\/soldado-brasileiro-que-sobreviveu-a-segunda-guerra-tem-historia-contada-em-livro\/\",\"name\":\"Soldado brasileiro que sobreviveu \u00e0 Segunda Guerra tem hist\u00f3ria contada em livro - Jornal Fatos e Not\u00edcias\",\"isPartOf\":{\"@id\":\"https:\/\/jornalfatosenoticias.com.br\/#website\"},\"primaryImageOfPage\":{\"@id\":\"https:\/\/jornalfatosenoticias.com.br\/index.php\/2023\/02\/27\/soldado-brasileiro-que-sobreviveu-a-segunda-guerra-tem-historia-contada-em-livro\/#primaryimage\"},\"image\":{\"@id\":\"https:\/\/jornalfatosenoticias.com.br\/index.php\/2023\/02\/27\/soldado-brasileiro-que-sobreviveu-a-segunda-guerra-tem-historia-contada-em-livro\/#primaryimage\"},\"thumbnailUrl\":\"https:\/\/jornalfatosenoticias.com.br\/wp-content\/uploads\/2023\/02\/sr-justino-feb.jpg\",\"datePublished\":\"2023-02-27T13:48:24+00:00\",\"dateModified\":\"2023-02-27T13:48:25+00:00\",\"breadcrumb\":{\"@id\":\"https:\/\/jornalfatosenoticias.com.br\/index.php\/2023\/02\/27\/soldado-brasileiro-que-sobreviveu-a-segunda-guerra-tem-historia-contada-em-livro\/#breadcrumb\"},\"inLanguage\":\"pt-BR\",\"potentialAction\":[{\"@type\":\"ReadAction\",\"target\":[\"https:\/\/jornalfatosenoticias.com.br\/index.php\/2023\/02\/27\/soldado-brasileiro-que-sobreviveu-a-segunda-guerra-tem-historia-contada-em-livro\/\"]}]},{\"@type\":\"ImageObject\",\"inLanguage\":\"pt-BR\",\"@id\":\"https:\/\/jornalfatosenoticias.com.br\/index.php\/2023\/02\/27\/soldado-brasileiro-que-sobreviveu-a-segunda-guerra-tem-historia-contada-em-livro\/#primaryimage\",\"url\":\"https:\/\/jornalfatosenoticias.com.br\/wp-content\/uploads\/2023\/02\/sr-justino-feb.jpg\",\"contentUrl\":\"https:\/\/jornalfatosenoticias.com.br\/wp-content\/uploads\/2023\/02\/sr-justino-feb.jpg\",\"width\":1000,\"height\":590},{\"@type\":\"BreadcrumbList\",\"@id\":\"https:\/\/jornalfatosenoticias.com.br\/index.php\/2023\/02\/27\/soldado-brasileiro-que-sobreviveu-a-segunda-guerra-tem-historia-contada-em-livro\/#breadcrumb\",\"itemListElement\":[{\"@type\":\"ListItem\",\"position\":1,\"name\":\"In\u00edcio\",\"item\":\"https:\/\/jornalfatosenoticias.com.br\/\"},{\"@type\":\"ListItem\",\"position\":2,\"name\":\"Soldado brasileiro que sobreviveu \u00e0 Segunda Guerra tem hist\u00f3ria contada em livro\"}]},{\"@type\":\"WebSite\",\"@id\":\"https:\/\/jornalfatosenoticias.com.br\/#website\",\"url\":\"https:\/\/jornalfatosenoticias.com.br\/\",\"name\":\"Jornal Fatos e Not\u00edcias\",\"description\":\"Not\u00edcias em geral\",\"publisher\":{\"@id\":\"https:\/\/jornalfatosenoticias.com.br\/#organization\"},\"potentialAction\":[{\"@type\":\"SearchAction\",\"target\":{\"@type\":\"EntryPoint\",\"urlTemplate\":\"https:\/\/jornalfatosenoticias.com.br\/?s={search_term_string}\"},\"query-input\":{\"@type\":\"PropertyValueSpecification\",\"valueRequired\":true,\"valueName\":\"search_term_string\"}}],\"inLanguage\":\"pt-BR\"},{\"@type\":\"Organization\",\"@id\":\"https:\/\/jornalfatosenoticias.com.br\/#organization\",\"name\":\"Jornal Fatos e Not\u00edcias\",\"url\":\"https:\/\/jornalfatosenoticias.com.br\/\",\"logo\":{\"@type\":\"ImageObject\",\"inLanguage\":\"pt-BR\",\"@id\":\"https:\/\/jornalfatosenoticias.com.br\/#\/schema\/logo\/image\/\",\"url\":\"https:\/\/jornalfatosenoticias.com.br\/wp-content\/uploads\/2020\/02\/logo120.png\",\"contentUrl\":\"https:\/\/jornalfatosenoticias.com.br\/wp-content\/uploads\/2020\/02\/logo120.png\",\"width\":1227,\"height\":120,\"caption\":\"Jornal Fatos e Not\u00edcias\"},\"image\":{\"@id\":\"https:\/\/jornalfatosenoticias.com.br\/#\/schema\/logo\/image\/\"}},{\"@type\":\"Person\",\"@id\":\"https:\/\/jornalfatosenoticias.com.br\/#\/schema\/person\/d63837fa13ac8666eb9e74e0985d6f81\",\"name\":\"Luzimara Fernandes\",\"image\":{\"@type\":\"ImageObject\",\"inLanguage\":\"pt-BR\",\"@id\":\"https:\/\/jornalfatosenoticias.com.br\/#\/schema\/person\/image\/\",\"url\":\"https:\/\/jornalfatosenoticias.com.br\/wp-content\/uploads\/2025\/05\/EU_portal.jpg\",\"contentUrl\":\"https:\/\/jornalfatosenoticias.com.br\/wp-content\/uploads\/2025\/05\/EU_portal.jpg\",\"caption\":\"Luzimara Fernandes\"},\"description\":\"Jornalista MTB 2358-ES\",\"sameAs\":[\"https:\/\/jornalfatosenoticias.com.br\"],\"url\":\"https:\/\/jornalfatosenoticias.com.br\/index.php\/author\/luzimara\/\"}]}<\/script>\n<!-- \/ Yoast SEO plugin. -->","yoast_head_json":{"title":"Soldado brasileiro que sobreviveu \u00e0 Segunda Guerra tem hist\u00f3ria contada em livro - Jornal Fatos e Not\u00edcias","robots":{"index":"index","follow":"follow","max-snippet":"max-snippet:-1","max-image-preview":"max-image-preview:large","max-video-preview":"max-video-preview:-1"},"canonical":"https:\/\/jornalfatosenoticias.com.br\/index.php\/2023\/02\/27\/soldado-brasileiro-que-sobreviveu-a-segunda-guerra-tem-historia-contada-em-livro\/","og_locale":"pt_BR","og_type":"article","og_title":"Soldado brasileiro que sobreviveu \u00e0 Segunda Guerra tem hist\u00f3ria contada em livro - Jornal Fatos e Not\u00edcias","og_description":"Livro conta hist\u00f3ria do soldado brasileiro que lutou durante a Segunda Guerra na It\u00e1lia Um dos 25 mil soldados que representaram o Brasil durante a Segunda Guerra Mundial tem sua hist\u00f3ria contada em novo livro. O combatente em quest\u00e3o \u00e9 Justino Pires de Arruda, que foi enviado pelo Brasil para a It\u00e1lia. Hoje ele tem [&hellip;]","og_url":"https:\/\/jornalfatosenoticias.com.br\/index.php\/2023\/02\/27\/soldado-brasileiro-que-sobreviveu-a-segunda-guerra-tem-historia-contada-em-livro\/","og_site_name":"Jornal Fatos e Not\u00edcias","article_published_time":"2023-02-27T13:48:24+00:00","article_modified_time":"2023-02-27T13:48:25+00:00","og_image":[{"width":1000,"height":590,"url":"https:\/\/jornalfatosenoticias.com.br\/wp-content\/uploads\/2023\/02\/sr-justino-feb.jpg","type":"image\/jpeg"}],"author":"Luzimara Fernandes","twitter_card":"summary_large_image","twitter_misc":{"Escrito por":"Luzimara Fernandes","Est. tempo de leitura":"1 minuto"},"schema":{"@context":"https:\/\/schema.org","@graph":[{"@type":"Article","@id":"https:\/\/jornalfatosenoticias.com.br\/index.php\/2023\/02\/27\/soldado-brasileiro-que-sobreviveu-a-segunda-guerra-tem-historia-contada-em-livro\/#article","isPartOf":{"@id":"https:\/\/jornalfatosenoticias.com.br\/index.php\/2023\/02\/27\/soldado-brasileiro-que-sobreviveu-a-segunda-guerra-tem-historia-contada-em-livro\/"},"author":{"name":"Luzimara Fernandes","@id":"https:\/\/jornalfatosenoticias.com.br\/#\/schema\/person\/d63837fa13ac8666eb9e74e0985d6f81"},"headline":"Soldado brasileiro que sobreviveu \u00e0 Segunda Guerra tem hist\u00f3ria contada em livro","datePublished":"2023-02-27T13:48:24+00:00","dateModified":"2023-02-27T13:48:25+00:00","mainEntityOfPage":{"@id":"https:\/\/jornalfatosenoticias.com.br\/index.php\/2023\/02\/27\/soldado-brasileiro-que-sobreviveu-a-segunda-guerra-tem-historia-contada-em-livro\/"},"wordCount":288,"commentCount":0,"publisher":{"@id":"https:\/\/jornalfatosenoticias.com.br\/#organization"},"image":{"@id":"https:\/\/jornalfatosenoticias.com.br\/index.php\/2023\/02\/27\/soldado-brasileiro-que-sobreviveu-a-segunda-guerra-tem-historia-contada-em-livro\/#primaryimage"},"thumbnailUrl":"https:\/\/jornalfatosenoticias.com.br\/wp-content\/uploads\/2023\/02\/sr-justino-feb.jpg","keywords":["Brasil","combatente","conflito","guerra","hist\u00f3ria","It\u00e1lia","livro","obra","pracinhas","Segunda Guerra","soldado"],"articleSection":["Cultura"],"inLanguage":"pt-BR","potentialAction":[{"@type":"CommentAction","name":"Comment","target":["https:\/\/jornalfatosenoticias.com.br\/index.php\/2023\/02\/27\/soldado-brasileiro-que-sobreviveu-a-segunda-guerra-tem-historia-contada-em-livro\/#respond"]}]},{"@type":"WebPage","@id":"https:\/\/jornalfatosenoticias.com.br\/index.php\/2023\/02\/27\/soldado-brasileiro-que-sobreviveu-a-segunda-guerra-tem-historia-contada-em-livro\/","url":"https:\/\/jornalfatosenoticias.com.br\/index.php\/2023\/02\/27\/soldado-brasileiro-que-sobreviveu-a-segunda-guerra-tem-historia-contada-em-livro\/","name":"Soldado brasileiro que sobreviveu \u00e0 Segunda Guerra tem hist\u00f3ria contada em livro - Jornal Fatos e Not\u00edcias","isPartOf":{"@id":"https:\/\/jornalfatosenoticias.com.br\/#website"},"primaryImageOfPage":{"@id":"https:\/\/jornalfatosenoticias.com.br\/index.php\/2023\/02\/27\/soldado-brasileiro-que-sobreviveu-a-segunda-guerra-tem-historia-contada-em-livro\/#primaryimage"},"image":{"@id":"https:\/\/jornalfatosenoticias.com.br\/index.php\/2023\/02\/27\/soldado-brasileiro-que-sobreviveu-a-segunda-guerra-tem-historia-contada-em-livro\/#primaryimage"},"thumbnailUrl":"https:\/\/jornalfatosenoticias.com.br\/wp-content\/uploads\/2023\/02\/sr-justino-feb.jpg","datePublished":"2023-02-27T13:48:24+00:00","dateModified":"2023-02-27T13:48:25+00:00","breadcrumb":{"@id":"https:\/\/jornalfatosenoticias.com.br\/index.php\/2023\/02\/27\/soldado-brasileiro-que-sobreviveu-a-segunda-guerra-tem-historia-contada-em-livro\/#breadcrumb"},"inLanguage":"pt-BR","potentialAction":[{"@type":"ReadAction","target":["https:\/\/jornalfatosenoticias.com.br\/index.php\/2023\/02\/27\/soldado-brasileiro-que-sobreviveu-a-segunda-guerra-tem-historia-contada-em-livro\/"]}]},{"@type":"ImageObject","inLanguage":"pt-BR","@id":"https:\/\/jornalfatosenoticias.com.br\/index.php\/2023\/02\/27\/soldado-brasileiro-que-sobreviveu-a-segunda-guerra-tem-historia-contada-em-livro\/#primaryimage","url":"https:\/\/jornalfatosenoticias.com.br\/wp-content\/uploads\/2023\/02\/sr-justino-feb.jpg","contentUrl":"https:\/\/jornalfatosenoticias.com.br\/wp-content\/uploads\/2023\/02\/sr-justino-feb.jpg","width":1000,"height":590},{"@type":"BreadcrumbList","@id":"https:\/\/jornalfatosenoticias.com.br\/index.php\/2023\/02\/27\/soldado-brasileiro-que-sobreviveu-a-segunda-guerra-tem-historia-contada-em-livro\/#breadcrumb","itemListElement":[{"@type":"ListItem","position":1,"name":"In\u00edcio","item":"https:\/\/jornalfatosenoticias.com.br\/"},{"@type":"ListItem","position":2,"name":"Soldado brasileiro que sobreviveu \u00e0 Segunda Guerra tem hist\u00f3ria contada em livro"}]},{"@type":"WebSite","@id":"https:\/\/jornalfatosenoticias.com.br\/#website","url":"https:\/\/jornalfatosenoticias.com.br\/","name":"Jornal Fatos e Not\u00edcias","description":"Not\u00edcias em geral","publisher":{"@id":"https:\/\/jornalfatosenoticias.com.br\/#organization"},"potentialAction":[{"@type":"SearchAction","target":{"@type":"EntryPoint","urlTemplate":"https:\/\/jornalfatosenoticias.com.br\/?s={search_term_string}"},"query-input":{"@type":"PropertyValueSpecification","valueRequired":true,"valueName":"search_term_string"}}],"inLanguage":"pt-BR"},{"@type":"Organization","@id":"https:\/\/jornalfatosenoticias.com.br\/#organization","name":"Jornal Fatos e Not\u00edcias","url":"https:\/\/jornalfatosenoticias.com.br\/","logo":{"@type":"ImageObject","inLanguage":"pt-BR","@id":"https:\/\/jornalfatosenoticias.com.br\/#\/schema\/logo\/image\/","url":"https:\/\/jornalfatosenoticias.com.br\/wp-content\/uploads\/2020\/02\/logo120.png","contentUrl":"https:\/\/jornalfatosenoticias.com.br\/wp-content\/uploads\/2020\/02\/logo120.png","width":1227,"height":120,"caption":"Jornal Fatos e Not\u00edcias"},"image":{"@id":"https:\/\/jornalfatosenoticias.com.br\/#\/schema\/logo\/image\/"}},{"@type":"Person","@id":"https:\/\/jornalfatosenoticias.com.br\/#\/schema\/person\/d63837fa13ac8666eb9e74e0985d6f81","name":"Luzimara Fernandes","image":{"@type":"ImageObject","inLanguage":"pt-BR","@id":"https:\/\/jornalfatosenoticias.com.br\/#\/schema\/person\/image\/","url":"https:\/\/jornalfatosenoticias.com.br\/wp-content\/uploads\/2025\/05\/EU_portal.jpg","contentUrl":"https:\/\/jornalfatosenoticias.com.br\/wp-content\/uploads\/2025\/05\/EU_portal.jpg","caption":"Luzimara Fernandes"},"description":"Jornalista MTB 2358-ES","sameAs":["https:\/\/jornalfatosenoticias.com.br"],"url":"https:\/\/jornalfatosenoticias.com.br\/index.php\/author\/luzimara\/"}]}},"cc_featured_image_caption":{"caption_text":"(Foto: Reprodu\u00e7\u00e3o\/V\u00eddeo) ","source_text":"","source_url":""},"jetpack_featured_media_url":"https:\/\/jornalfatosenoticias.com.br\/wp-content\/uploads\/2023\/02\/sr-justino-feb.jpg","_links":{"self":[{"href":"https:\/\/jornalfatosenoticias.com.br\/index.php\/wp-json\/wp\/v2\/posts\/39053","targetHints":{"allow":["GET"]}}],"collection":[{"href":"https:\/\/jornalfatosenoticias.com.br\/index.php\/wp-json\/wp\/v2\/posts"}],"about":[{"href":"https:\/\/jornalfatosenoticias.com.br\/index.php\/wp-json\/wp\/v2\/types\/post"}],"author":[{"embeddable":true,"href":"https:\/\/jornalfatosenoticias.com.br\/index.php\/wp-json\/wp\/v2\/users\/2"}],"replies":[{"embeddable":true,"href":"https:\/\/jornalfatosenoticias.com.br\/index.php\/wp-json\/wp\/v2\/comments?post=39053"}],"version-history":[{"count":0,"href":"https:\/\/jornalfatosenoticias.com.br\/index.php\/wp-json\/wp\/v2\/posts\/39053\/revisions"}],"wp:featuredmedia":[{"embeddable":true,"href":"https:\/\/jornalfatosenoticias.com.br\/index.php\/wp-json\/wp\/v2\/media\/39055"}],"wp:attachment":[{"href":"https:\/\/jornalfatosenoticias.com.br\/index.php\/wp-json\/wp\/v2\/media?parent=39053"}],"wp:term":[{"taxonomy":"category","embeddable":true,"href":"https:\/\/jornalfatosenoticias.com.br\/index.php\/wp-json\/wp\/v2\/categories?post=39053"},{"taxonomy":"post_tag","embeddable":true,"href":"https:\/\/jornalfatosenoticias.com.br\/index.php\/wp-json\/wp\/v2\/tags?post=39053"}],"curies":[{"name":"wp","href":"https:\/\/api.w.org\/{rel}","templated":true}]}}