{"id":39071,"date":"2023-02-27T11:58:48","date_gmt":"2023-02-27T14:58:48","guid":{"rendered":"https:\/\/jornalfatosenoticias.com.br\/?p=39071"},"modified":"2023-02-27T11:58:49","modified_gmt":"2023-02-27T14:58:49","slug":"fevereiro-registra-recorde-de-desmatamento-na-amazonia","status":"publish","type":"post","link":"https:\/\/jornalfatosenoticias.com.br\/index.php\/2023\/02\/27\/fevereiro-registra-recorde-de-desmatamento-na-amazonia\/","title":{"rendered":"Fevereiro registra recorde de desmatamento na Amaz\u00f4nia"},"content":{"rendered":"\n<p><em><span class=\"has-inline-color has-black-color\">Em duas semanas do m\u00eas, j\u00e1 foram desmatados quase 209 km\u00b2 de floresta; \u00edndice \u00e9 o maior da s\u00e9rie hist\u00f3rica<\/span><\/em><\/p>\n\n\n\n<div class=\"wp-block-image\"><figure class=\"aligncenter size-large\"><img loading=\"lazy\" decoding=\"async\" width=\"729\" height=\"90\" src=\"https:\/\/jornalfatosenoticias.com.br\/wp-content\/uploads\/2020\/02\/Logo_Mizu.png\" alt=\"\" class=\"wp-image-1441\" srcset=\"https:\/\/jornalfatosenoticias.com.br\/wp-content\/uploads\/2020\/02\/Logo_Mizu.png 729w, https:\/\/jornalfatosenoticias.com.br\/wp-content\/uploads\/2020\/02\/Logo_Mizu-300x37.png 300w\" sizes=\"auto, (max-width: 729px) 100vw, 729px\" \/><\/figure><\/div>\n\n\n\n<p>O Instituto Nacional de Pesquisas Espaciais (<a href=\"http:\/\/terrabrasilis.dpi.inpe.br\/app\/dashboard\/alerts\/legal\/amazon\/aggregated\/#\">Inpe<\/a>) registrou em fevereiro um recorde de desmatamento na Amaz\u00f4nia Legal desde o in\u00edcio da s\u00e9rie hist\u00f3rica \u2014 em 2015. Em duas semanas do m\u00eas, j\u00e1 foram desmatados quase 209 km\u00b2 de floresta. A taxa \u00e9 vista como alta ao considerar que fevereiro ainda n\u00e3o acabou. O balan\u00e7o final do m\u00eas s\u00f3 deve ser divulgado na pr\u00f3xima sexta-feira (3 de mar\u00e7o).<\/p>\n\n\n\n<div class=\"wp-block-image\"><figure class=\"aligncenter size-large\"><img loading=\"lazy\" decoding=\"async\" width=\"300\" height=\"250\" src=\"https:\/\/jornalfatosenoticias.com.br\/wp-content\/uploads\/2022\/08\/arte-Casarao.jpg\" alt=\"\" class=\"wp-image-33178\"\/><\/figure><\/div>\n\n\n\n<p>Os \u00edndices de maior destrui\u00e7\u00e3o foram registrados nos Estados do Mato Grosso (129 km\u00b2) e do Par\u00e1 (33,94 km\u00b2). At\u00e9 ent\u00e3o, a maior \u00e1rea desmatada na Amaz\u00f4nia Legal era de de 198,67 km\u00b2, taxa registrada em 2022. O recorde observado em fevereiro se d\u00e1 depois de uma <a href=\"https:\/\/www.poder360.com.br\/meio-ambiente\/desmatamento-da-amazonia-tem-queda-em-janeiro-segundo-inpe\/\">redu\u00e7\u00e3o de 61%<\/a> nas taxas de desmatamento em janeiro, quando comparado com 2022.<\/p>\n\n\n\n<div class=\"wp-block-image\"><figure class=\"aligncenter size-large\"><img loading=\"lazy\" decoding=\"async\" width=\"943\" height=\"345\" src=\"https:\/\/jornalfatosenoticias.com.br\/wp-content\/uploads\/2023\/02\/desmatamento.jpg\" alt=\"\" class=\"wp-image-39072\" srcset=\"https:\/\/jornalfatosenoticias.com.br\/wp-content\/uploads\/2023\/02\/desmatamento.jpg 943w, https:\/\/jornalfatosenoticias.com.br\/wp-content\/uploads\/2023\/02\/desmatamento-300x110.jpg 300w, https:\/\/jornalfatosenoticias.com.br\/wp-content\/uploads\/2023\/02\/desmatamento-768x281.jpg 768w\" sizes=\"auto, (max-width: 943px) 100vw, 943px\" \/><figcaption><em><span class=\"has-inline-color has-black-color\"><strong>Fonte: Inpe<\/strong><\/span><\/em><\/figcaption><\/figure><\/div>\n\n\n\n<div class=\"wp-block-image\"><figure class=\"aligncenter size-large is-resized\"><img loading=\"lazy\" decoding=\"async\" src=\"https:\/\/jornalfatosenoticias.com.br\/wp-content\/uploads\/2020\/02\/logo-Panper_portal.jpg\" alt=\"\" class=\"wp-image-34474\" width=\"282\" height=\"195\" srcset=\"https:\/\/jornalfatosenoticias.com.br\/wp-content\/uploads\/2020\/02\/logo-Panper_portal.jpg 400w, https:\/\/jornalfatosenoticias.com.br\/wp-content\/uploads\/2020\/02\/logo-Panper_portal-300x208.jpg 300w\" sizes=\"auto, (max-width: 282px) 100vw, 282px\" \/><\/figure><\/div>\n\n\n\n<p>Entre as promessas de campanha de Lula para o meio ambiente estava a puni\u00e7\u00e3o para quem desmatasse de forma ilegal. Depois das elei\u00e7\u00f5es, o ex-ministro do Meio Ambiente, Carlos Minc, disse que o Brasil registraria uma \u201credu\u00e7\u00e3o forte e imediata do desmatamento no Brasil j\u00e1 no 1\u00ba trimestre do governo Lula\u201d. Ele foi o titular do minist\u00e9rio de 2008 a 2010. Das \u00e1reas desmatadas na Amaz\u00f4nia em 2022, 80% delas eram responsabilidade do governo federal, o equivalente a 8.443 km\u00b2. No acumulado dos \u00faltimos quatro anos (2019 a 2022), foram desmatados 35.193 km\u00b2, \u00e1rea superior aos Estados de Sergipe e Alagoas, (21.000 km\u00b2 e 27.000 km\u00b2, respectivamente). \u00c9 o que mostrou levantamento do Instituto do Homem e Meio Ambiente da Amaz\u00f4nia (Imazon) divulgado em 18 de janeiro.<\/p>\n\n\n\n<div class=\"wp-block-image\"><figure class=\"aligncenter size-large\"><img decoding=\"async\" src=\"https:\/\/jornalfatosenoticias.com.br\/wp-content\/uploads\/2020\/02\/logo_esteio.jpg\" alt=\"\" class=\"wp-image-1214\"\/><\/figure><\/div>\n\n\n\n<p>Durante a gest\u00e3o Michel Temer (MDB), de 2016 a 2018, foram devastados 8.844 km\u00b2. No governo de Dilma Rousseff (PT), de 2011 a 2015, foram 10.421 km\u00b2. O levantamento \u00e9 feito por meio do Sistema de Alerta de Desmatamento (SAD), ferramenta que monitora a Amaz\u00f4nia Legal que usa imagens de sat\u00e9lites, desenvolvido pelo Imazon em 2008. O monitoramento reporta mensalmente o n\u00edvel de desmatamento na regi\u00e3o.<\/p>\n\n\n\n<div class=\"wp-block-image\"><figure class=\"aligncenter size-large\"><img loading=\"lazy\" decoding=\"async\" width=\"1024\" height=\"100\" src=\"https:\/\/jornalfatosenoticias.com.br\/wp-content\/uploads\/2022\/05\/NOVA-LOGO-CESCONETTO-1024x100.jpg\" alt=\"\" class=\"wp-image-30792\" srcset=\"https:\/\/jornalfatosenoticias.com.br\/wp-content\/uploads\/2022\/05\/NOVA-LOGO-CESCONETTO-1024x100.jpg 1024w, https:\/\/jornalfatosenoticias.com.br\/wp-content\/uploads\/2022\/05\/NOVA-LOGO-CESCONETTO-300x29.jpg 300w, https:\/\/jornalfatosenoticias.com.br\/wp-content\/uploads\/2022\/05\/NOVA-LOGO-CESCONETTO-768x75.jpg 768w, https:\/\/jornalfatosenoticias.com.br\/wp-content\/uploads\/2022\/05\/NOVA-LOGO-CESCONETTO.jpg 1280w\" sizes=\"auto, (max-width: 1024px) 100vw, 1024px\" \/><\/figure><\/div>\n\n\n\n<p><strong><em>Fonte: <a href=\"https:\/\/www.poder360.com.br\/meio-ambiente\/fevereiro-registra-recorde-de-desmatamento-na-amazonia\/#:~:text=O%20Inpe%20(Instituto%20Nacional%20de,que%20fevereiro%20ainda%20n%C3%A3o%20acabou.\">Poder360<\/a><\/em><\/strong><\/p>\n","protected":false},"excerpt":{"rendered":"<p>Em duas semanas do m\u00eas, j\u00e1 foram desmatados quase 209 km\u00b2 de floresta; \u00edndice \u00e9 o maior da s\u00e9rie hist\u00f3rica O Instituto Nacional de Pesquisas Espaciais (Inpe) registrou em fevereiro um recorde de desmatamento na Amaz\u00f4nia Legal desde o in\u00edcio da s\u00e9rie hist\u00f3rica \u2014 em 2015. Em duas semanas do m\u00eas, j\u00e1 foram desmatados quase [&hellip;]<\/p>\n","protected":false},"author":2,"featured_media":39073,"comment_status":"open","ping_status":"open","sticky":false,"template":"","format":"standard","meta":{"footnotes":""},"categories":[8],"tags":[123,1812,239,1844,13991,18268,1897,18269,7580,945,13186],"class_list":["post-39071","post","type-post","status-publish","format-standard","has-post-thumbnail","hentry","category-meio-ambiente","tag-amazonia","tag-amazonia-legal","tag-bolsonaro","tag-desmatamento","tag-dilma-rousseff","tag-governo-temer","tag-inpe","tag-instituto-nacional-de-pesquisas-espaciais","tag-lula","tag-meio-ambiente","tag-pt"],"yoast_head":"<!-- This site is optimized with the Yoast SEO plugin v26.5 - https:\/\/yoast.com\/wordpress\/plugins\/seo\/ -->\n<title>Fevereiro registra recorde de desmatamento na Amaz\u00f4nia - Jornal Fatos e Not\u00edcias<\/title>\n<meta name=\"robots\" content=\"index, follow, max-snippet:-1, max-image-preview:large, max-video-preview:-1\" \/>\n<link rel=\"canonical\" href=\"https:\/\/jornalfatosenoticias.com.br\/index.php\/2023\/02\/27\/fevereiro-registra-recorde-de-desmatamento-na-amazonia\/\" \/>\n<meta property=\"og:locale\" content=\"pt_BR\" \/>\n<meta property=\"og:type\" content=\"article\" \/>\n<meta property=\"og:title\" content=\"Fevereiro registra recorde de desmatamento na Amaz\u00f4nia - Jornal Fatos e Not\u00edcias\" \/>\n<meta property=\"og:description\" content=\"Em duas semanas do m\u00eas, j\u00e1 foram desmatados quase 209 km\u00b2 de floresta; \u00edndice \u00e9 o maior da s\u00e9rie hist\u00f3rica O Instituto Nacional de Pesquisas Espaciais (Inpe) registrou em fevereiro um recorde de desmatamento na Amaz\u00f4nia Legal desde o in\u00edcio da s\u00e9rie hist\u00f3rica \u2014 em 2015. Em duas semanas do m\u00eas, j\u00e1 foram desmatados quase [&hellip;]\" \/>\n<meta property=\"og:url\" content=\"https:\/\/jornalfatosenoticias.com.br\/index.php\/2023\/02\/27\/fevereiro-registra-recorde-de-desmatamento-na-amazonia\/\" \/>\n<meta property=\"og:site_name\" content=\"Jornal Fatos e Not\u00edcias\" \/>\n<meta property=\"article:published_time\" content=\"2023-02-27T14:58:48+00:00\" \/>\n<meta property=\"article:modified_time\" content=\"2023-02-27T14:58:49+00:00\" \/>\n<meta property=\"og:image\" content=\"https:\/\/jornalfatosenoticias.com.br\/wp-content\/uploads\/2023\/02\/desmatamento-amazonia-getty-images.jpg\" \/>\n\t<meta property=\"og:image:width\" content=\"1000\" \/>\n\t<meta property=\"og:image:height\" content=\"666\" \/>\n\t<meta property=\"og:image:type\" content=\"image\/jpeg\" \/>\n<meta name=\"author\" content=\"Luzimara Fernandes\" \/>\n<meta name=\"twitter:card\" content=\"summary_large_image\" \/>\n<meta name=\"twitter:label1\" content=\"Escrito por\" \/>\n\t<meta name=\"twitter:data1\" content=\"Luzimara Fernandes\" \/>\n\t<meta name=\"twitter:label2\" content=\"Est. tempo de leitura\" \/>\n\t<meta name=\"twitter:data2\" content=\"2 minutos\" \/>\n<script type=\"application\/ld+json\" class=\"yoast-schema-graph\">{\"@context\":\"https:\/\/schema.org\",\"@graph\":[{\"@type\":\"Article\",\"@id\":\"https:\/\/jornalfatosenoticias.com.br\/index.php\/2023\/02\/27\/fevereiro-registra-recorde-de-desmatamento-na-amazonia\/#article\",\"isPartOf\":{\"@id\":\"https:\/\/jornalfatosenoticias.com.br\/index.php\/2023\/02\/27\/fevereiro-registra-recorde-de-desmatamento-na-amazonia\/\"},\"author\":{\"name\":\"Luzimara Fernandes\",\"@id\":\"https:\/\/jornalfatosenoticias.com.br\/#\/schema\/person\/d63837fa13ac8666eb9e74e0985d6f81\"},\"headline\":\"Fevereiro registra recorde de desmatamento na Amaz\u00f4nia\",\"datePublished\":\"2023-02-27T14:58:48+00:00\",\"dateModified\":\"2023-02-27T14:58:49+00:00\",\"mainEntityOfPage\":{\"@id\":\"https:\/\/jornalfatosenoticias.com.br\/index.php\/2023\/02\/27\/fevereiro-registra-recorde-de-desmatamento-na-amazonia\/\"},\"wordCount\":346,\"commentCount\":0,\"publisher\":{\"@id\":\"https:\/\/jornalfatosenoticias.com.br\/#organization\"},\"image\":{\"@id\":\"https:\/\/jornalfatosenoticias.com.br\/index.php\/2023\/02\/27\/fevereiro-registra-recorde-de-desmatamento-na-amazonia\/#primaryimage\"},\"thumbnailUrl\":\"https:\/\/jornalfatosenoticias.com.br\/wp-content\/uploads\/2023\/02\/desmatamento-amazonia-getty-images.jpg\",\"keywords\":[\"amaz\u00f4nia\",\"Amaz\u00f4nia Legal\",\"Bolsonaro\",\"desmatamento\",\"Dilma Rousseff\",\"governo Temer\",\"Inpe\",\"Instituto Nacional de Pesquisas Espaciais\",\"Lula\",\"meio ambiente\",\"PT\"],\"articleSection\":[\"Meio ambiente\"],\"inLanguage\":\"pt-BR\",\"potentialAction\":[{\"@type\":\"CommentAction\",\"name\":\"Comment\",\"target\":[\"https:\/\/jornalfatosenoticias.com.br\/index.php\/2023\/02\/27\/fevereiro-registra-recorde-de-desmatamento-na-amazonia\/#respond\"]}]},{\"@type\":\"WebPage\",\"@id\":\"https:\/\/jornalfatosenoticias.com.br\/index.php\/2023\/02\/27\/fevereiro-registra-recorde-de-desmatamento-na-amazonia\/\",\"url\":\"https:\/\/jornalfatosenoticias.com.br\/index.php\/2023\/02\/27\/fevereiro-registra-recorde-de-desmatamento-na-amazonia\/\",\"name\":\"Fevereiro registra recorde de desmatamento na Amaz\u00f4nia - Jornal Fatos e Not\u00edcias\",\"isPartOf\":{\"@id\":\"https:\/\/jornalfatosenoticias.com.br\/#website\"},\"primaryImageOfPage\":{\"@id\":\"https:\/\/jornalfatosenoticias.com.br\/index.php\/2023\/02\/27\/fevereiro-registra-recorde-de-desmatamento-na-amazonia\/#primaryimage\"},\"image\":{\"@id\":\"https:\/\/jornalfatosenoticias.com.br\/index.php\/2023\/02\/27\/fevereiro-registra-recorde-de-desmatamento-na-amazonia\/#primaryimage\"},\"thumbnailUrl\":\"https:\/\/jornalfatosenoticias.com.br\/wp-content\/uploads\/2023\/02\/desmatamento-amazonia-getty-images.jpg\",\"datePublished\":\"2023-02-27T14:58:48+00:00\",\"dateModified\":\"2023-02-27T14:58:49+00:00\",\"breadcrumb\":{\"@id\":\"https:\/\/jornalfatosenoticias.com.br\/index.php\/2023\/02\/27\/fevereiro-registra-recorde-de-desmatamento-na-amazonia\/#breadcrumb\"},\"inLanguage\":\"pt-BR\",\"potentialAction\":[{\"@type\":\"ReadAction\",\"target\":[\"https:\/\/jornalfatosenoticias.com.br\/index.php\/2023\/02\/27\/fevereiro-registra-recorde-de-desmatamento-na-amazonia\/\"]}]},{\"@type\":\"ImageObject\",\"inLanguage\":\"pt-BR\",\"@id\":\"https:\/\/jornalfatosenoticias.com.br\/index.php\/2023\/02\/27\/fevereiro-registra-recorde-de-desmatamento-na-amazonia\/#primaryimage\",\"url\":\"https:\/\/jornalfatosenoticias.com.br\/wp-content\/uploads\/2023\/02\/desmatamento-amazonia-getty-images.jpg\",\"contentUrl\":\"https:\/\/jornalfatosenoticias.com.br\/wp-content\/uploads\/2023\/02\/desmatamento-amazonia-getty-images.jpg\",\"width\":1000,\"height\":666,\"caption\":\"Area in Amazon Forest deforested for cattle and remaining forest.\"},{\"@type\":\"BreadcrumbList\",\"@id\":\"https:\/\/jornalfatosenoticias.com.br\/index.php\/2023\/02\/27\/fevereiro-registra-recorde-de-desmatamento-na-amazonia\/#breadcrumb\",\"itemListElement\":[{\"@type\":\"ListItem\",\"position\":1,\"name\":\"In\u00edcio\",\"item\":\"https:\/\/jornalfatosenoticias.com.br\/\"},{\"@type\":\"ListItem\",\"position\":2,\"name\":\"Fevereiro registra recorde de desmatamento na Amaz\u00f4nia\"}]},{\"@type\":\"WebSite\",\"@id\":\"https:\/\/jornalfatosenoticias.com.br\/#website\",\"url\":\"https:\/\/jornalfatosenoticias.com.br\/\",\"name\":\"Jornal Fatos e Not\u00edcias\",\"description\":\"Not\u00edcias em geral\",\"publisher\":{\"@id\":\"https:\/\/jornalfatosenoticias.com.br\/#organization\"},\"potentialAction\":[{\"@type\":\"SearchAction\",\"target\":{\"@type\":\"EntryPoint\",\"urlTemplate\":\"https:\/\/jornalfatosenoticias.com.br\/?s={search_term_string}\"},\"query-input\":{\"@type\":\"PropertyValueSpecification\",\"valueRequired\":true,\"valueName\":\"search_term_string\"}}],\"inLanguage\":\"pt-BR\"},{\"@type\":\"Organization\",\"@id\":\"https:\/\/jornalfatosenoticias.com.br\/#organization\",\"name\":\"Jornal Fatos e Not\u00edcias\",\"url\":\"https:\/\/jornalfatosenoticias.com.br\/\",\"logo\":{\"@type\":\"ImageObject\",\"inLanguage\":\"pt-BR\",\"@id\":\"https:\/\/jornalfatosenoticias.com.br\/#\/schema\/logo\/image\/\",\"url\":\"https:\/\/jornalfatosenoticias.com.br\/wp-content\/uploads\/2020\/02\/logo120.png\",\"contentUrl\":\"https:\/\/jornalfatosenoticias.com.br\/wp-content\/uploads\/2020\/02\/logo120.png\",\"width\":1227,\"height\":120,\"caption\":\"Jornal Fatos e Not\u00edcias\"},\"image\":{\"@id\":\"https:\/\/jornalfatosenoticias.com.br\/#\/schema\/logo\/image\/\"}},{\"@type\":\"Person\",\"@id\":\"https:\/\/jornalfatosenoticias.com.br\/#\/schema\/person\/d63837fa13ac8666eb9e74e0985d6f81\",\"name\":\"Luzimara Fernandes\",\"image\":{\"@type\":\"ImageObject\",\"inLanguage\":\"pt-BR\",\"@id\":\"https:\/\/jornalfatosenoticias.com.br\/#\/schema\/person\/image\/\",\"url\":\"https:\/\/jornalfatosenoticias.com.br\/wp-content\/uploads\/2025\/05\/EU_portal.jpg\",\"contentUrl\":\"https:\/\/jornalfatosenoticias.com.br\/wp-content\/uploads\/2025\/05\/EU_portal.jpg\",\"caption\":\"Luzimara Fernandes\"},\"description\":\"Jornalista MTB 2358-ES\",\"sameAs\":[\"https:\/\/jornalfatosenoticias.com.br\"],\"url\":\"https:\/\/jornalfatosenoticias.com.br\/index.php\/author\/luzimara\/\"}]}<\/script>\n<!-- \/ Yoast SEO plugin. -->","yoast_head_json":{"title":"Fevereiro registra recorde de desmatamento na Amaz\u00f4nia - Jornal Fatos e Not\u00edcias","robots":{"index":"index","follow":"follow","max-snippet":"max-snippet:-1","max-image-preview":"max-image-preview:large","max-video-preview":"max-video-preview:-1"},"canonical":"https:\/\/jornalfatosenoticias.com.br\/index.php\/2023\/02\/27\/fevereiro-registra-recorde-de-desmatamento-na-amazonia\/","og_locale":"pt_BR","og_type":"article","og_title":"Fevereiro registra recorde de desmatamento na Amaz\u00f4nia - Jornal Fatos e Not\u00edcias","og_description":"Em duas semanas do m\u00eas, j\u00e1 foram desmatados quase 209 km\u00b2 de floresta; \u00edndice \u00e9 o maior da s\u00e9rie hist\u00f3rica O Instituto Nacional de Pesquisas Espaciais (Inpe) registrou em fevereiro um recorde de desmatamento na Amaz\u00f4nia Legal desde o in\u00edcio da s\u00e9rie hist\u00f3rica \u2014 em 2015. Em duas semanas do m\u00eas, j\u00e1 foram desmatados quase [&hellip;]","og_url":"https:\/\/jornalfatosenoticias.com.br\/index.php\/2023\/02\/27\/fevereiro-registra-recorde-de-desmatamento-na-amazonia\/","og_site_name":"Jornal Fatos e Not\u00edcias","article_published_time":"2023-02-27T14:58:48+00:00","article_modified_time":"2023-02-27T14:58:49+00:00","og_image":[{"width":1000,"height":666,"url":"https:\/\/jornalfatosenoticias.com.br\/wp-content\/uploads\/2023\/02\/desmatamento-amazonia-getty-images.jpg","type":"image\/jpeg"}],"author":"Luzimara Fernandes","twitter_card":"summary_large_image","twitter_misc":{"Escrito por":"Luzimara Fernandes","Est. tempo de leitura":"2 minutos"},"schema":{"@context":"https:\/\/schema.org","@graph":[{"@type":"Article","@id":"https:\/\/jornalfatosenoticias.com.br\/index.php\/2023\/02\/27\/fevereiro-registra-recorde-de-desmatamento-na-amazonia\/#article","isPartOf":{"@id":"https:\/\/jornalfatosenoticias.com.br\/index.php\/2023\/02\/27\/fevereiro-registra-recorde-de-desmatamento-na-amazonia\/"},"author":{"name":"Luzimara Fernandes","@id":"https:\/\/jornalfatosenoticias.com.br\/#\/schema\/person\/d63837fa13ac8666eb9e74e0985d6f81"},"headline":"Fevereiro registra recorde de desmatamento na Amaz\u00f4nia","datePublished":"2023-02-27T14:58:48+00:00","dateModified":"2023-02-27T14:58:49+00:00","mainEntityOfPage":{"@id":"https:\/\/jornalfatosenoticias.com.br\/index.php\/2023\/02\/27\/fevereiro-registra-recorde-de-desmatamento-na-amazonia\/"},"wordCount":346,"commentCount":0,"publisher":{"@id":"https:\/\/jornalfatosenoticias.com.br\/#organization"},"image":{"@id":"https:\/\/jornalfatosenoticias.com.br\/index.php\/2023\/02\/27\/fevereiro-registra-recorde-de-desmatamento-na-amazonia\/#primaryimage"},"thumbnailUrl":"https:\/\/jornalfatosenoticias.com.br\/wp-content\/uploads\/2023\/02\/desmatamento-amazonia-getty-images.jpg","keywords":["amaz\u00f4nia","Amaz\u00f4nia Legal","Bolsonaro","desmatamento","Dilma Rousseff","governo Temer","Inpe","Instituto Nacional de Pesquisas Espaciais","Lula","meio ambiente","PT"],"articleSection":["Meio ambiente"],"inLanguage":"pt-BR","potentialAction":[{"@type":"CommentAction","name":"Comment","target":["https:\/\/jornalfatosenoticias.com.br\/index.php\/2023\/02\/27\/fevereiro-registra-recorde-de-desmatamento-na-amazonia\/#respond"]}]},{"@type":"WebPage","@id":"https:\/\/jornalfatosenoticias.com.br\/index.php\/2023\/02\/27\/fevereiro-registra-recorde-de-desmatamento-na-amazonia\/","url":"https:\/\/jornalfatosenoticias.com.br\/index.php\/2023\/02\/27\/fevereiro-registra-recorde-de-desmatamento-na-amazonia\/","name":"Fevereiro registra recorde de desmatamento na Amaz\u00f4nia - Jornal Fatos e Not\u00edcias","isPartOf":{"@id":"https:\/\/jornalfatosenoticias.com.br\/#website"},"primaryImageOfPage":{"@id":"https:\/\/jornalfatosenoticias.com.br\/index.php\/2023\/02\/27\/fevereiro-registra-recorde-de-desmatamento-na-amazonia\/#primaryimage"},"image":{"@id":"https:\/\/jornalfatosenoticias.com.br\/index.php\/2023\/02\/27\/fevereiro-registra-recorde-de-desmatamento-na-amazonia\/#primaryimage"},"thumbnailUrl":"https:\/\/jornalfatosenoticias.com.br\/wp-content\/uploads\/2023\/02\/desmatamento-amazonia-getty-images.jpg","datePublished":"2023-02-27T14:58:48+00:00","dateModified":"2023-02-27T14:58:49+00:00","breadcrumb":{"@id":"https:\/\/jornalfatosenoticias.com.br\/index.php\/2023\/02\/27\/fevereiro-registra-recorde-de-desmatamento-na-amazonia\/#breadcrumb"},"inLanguage":"pt-BR","potentialAction":[{"@type":"ReadAction","target":["https:\/\/jornalfatosenoticias.com.br\/index.php\/2023\/02\/27\/fevereiro-registra-recorde-de-desmatamento-na-amazonia\/"]}]},{"@type":"ImageObject","inLanguage":"pt-BR","@id":"https:\/\/jornalfatosenoticias.com.br\/index.php\/2023\/02\/27\/fevereiro-registra-recorde-de-desmatamento-na-amazonia\/#primaryimage","url":"https:\/\/jornalfatosenoticias.com.br\/wp-content\/uploads\/2023\/02\/desmatamento-amazonia-getty-images.jpg","contentUrl":"https:\/\/jornalfatosenoticias.com.br\/wp-content\/uploads\/2023\/02\/desmatamento-amazonia-getty-images.jpg","width":1000,"height":666,"caption":"Area in Amazon Forest deforested for cattle and remaining forest."},{"@type":"BreadcrumbList","@id":"https:\/\/jornalfatosenoticias.com.br\/index.php\/2023\/02\/27\/fevereiro-registra-recorde-de-desmatamento-na-amazonia\/#breadcrumb","itemListElement":[{"@type":"ListItem","position":1,"name":"In\u00edcio","item":"https:\/\/jornalfatosenoticias.com.br\/"},{"@type":"ListItem","position":2,"name":"Fevereiro registra recorde de desmatamento na Amaz\u00f4nia"}]},{"@type":"WebSite","@id":"https:\/\/jornalfatosenoticias.com.br\/#website","url":"https:\/\/jornalfatosenoticias.com.br\/","name":"Jornal Fatos e Not\u00edcias","description":"Not\u00edcias em geral","publisher":{"@id":"https:\/\/jornalfatosenoticias.com.br\/#organization"},"potentialAction":[{"@type":"SearchAction","target":{"@type":"EntryPoint","urlTemplate":"https:\/\/jornalfatosenoticias.com.br\/?s={search_term_string}"},"query-input":{"@type":"PropertyValueSpecification","valueRequired":true,"valueName":"search_term_string"}}],"inLanguage":"pt-BR"},{"@type":"Organization","@id":"https:\/\/jornalfatosenoticias.com.br\/#organization","name":"Jornal Fatos e Not\u00edcias","url":"https:\/\/jornalfatosenoticias.com.br\/","logo":{"@type":"ImageObject","inLanguage":"pt-BR","@id":"https:\/\/jornalfatosenoticias.com.br\/#\/schema\/logo\/image\/","url":"https:\/\/jornalfatosenoticias.com.br\/wp-content\/uploads\/2020\/02\/logo120.png","contentUrl":"https:\/\/jornalfatosenoticias.com.br\/wp-content\/uploads\/2020\/02\/logo120.png","width":1227,"height":120,"caption":"Jornal Fatos e Not\u00edcias"},"image":{"@id":"https:\/\/jornalfatosenoticias.com.br\/#\/schema\/logo\/image\/"}},{"@type":"Person","@id":"https:\/\/jornalfatosenoticias.com.br\/#\/schema\/person\/d63837fa13ac8666eb9e74e0985d6f81","name":"Luzimara Fernandes","image":{"@type":"ImageObject","inLanguage":"pt-BR","@id":"https:\/\/jornalfatosenoticias.com.br\/#\/schema\/person\/image\/","url":"https:\/\/jornalfatosenoticias.com.br\/wp-content\/uploads\/2025\/05\/EU_portal.jpg","contentUrl":"https:\/\/jornalfatosenoticias.com.br\/wp-content\/uploads\/2025\/05\/EU_portal.jpg","caption":"Luzimara Fernandes"},"description":"Jornalista MTB 2358-ES","sameAs":["https:\/\/jornalfatosenoticias.com.br"],"url":"https:\/\/jornalfatosenoticias.com.br\/index.php\/author\/luzimara\/"}]}},"cc_featured_image_caption":{"caption_text":"(Foto: Getty Images)","source_text":"","source_url":""},"jetpack_featured_media_url":"https:\/\/jornalfatosenoticias.com.br\/wp-content\/uploads\/2023\/02\/desmatamento-amazonia-getty-images.jpg","_links":{"self":[{"href":"https:\/\/jornalfatosenoticias.com.br\/index.php\/wp-json\/wp\/v2\/posts\/39071","targetHints":{"allow":["GET"]}}],"collection":[{"href":"https:\/\/jornalfatosenoticias.com.br\/index.php\/wp-json\/wp\/v2\/posts"}],"about":[{"href":"https:\/\/jornalfatosenoticias.com.br\/index.php\/wp-json\/wp\/v2\/types\/post"}],"author":[{"embeddable":true,"href":"https:\/\/jornalfatosenoticias.com.br\/index.php\/wp-json\/wp\/v2\/users\/2"}],"replies":[{"embeddable":true,"href":"https:\/\/jornalfatosenoticias.com.br\/index.php\/wp-json\/wp\/v2\/comments?post=39071"}],"version-history":[{"count":0,"href":"https:\/\/jornalfatosenoticias.com.br\/index.php\/wp-json\/wp\/v2\/posts\/39071\/revisions"}],"wp:featuredmedia":[{"embeddable":true,"href":"https:\/\/jornalfatosenoticias.com.br\/index.php\/wp-json\/wp\/v2\/media\/39073"}],"wp:attachment":[{"href":"https:\/\/jornalfatosenoticias.com.br\/index.php\/wp-json\/wp\/v2\/media?parent=39071"}],"wp:term":[{"taxonomy":"category","embeddable":true,"href":"https:\/\/jornalfatosenoticias.com.br\/index.php\/wp-json\/wp\/v2\/categories?post=39071"},{"taxonomy":"post_tag","embeddable":true,"href":"https:\/\/jornalfatosenoticias.com.br\/index.php\/wp-json\/wp\/v2\/tags?post=39071"}],"curies":[{"name":"wp","href":"https:\/\/api.w.org\/{rel}","templated":true}]}}