{"id":39079,"date":"2023-02-27T12:51:41","date_gmt":"2023-02-27T15:51:41","guid":{"rendered":"https:\/\/jornalfatosenoticias.com.br\/?p=39079"},"modified":"2023-02-27T12:52:24","modified_gmt":"2023-02-27T15:52:24","slug":"confianca-da-industria-apresenta-nova-queda-em-fevereiro","status":"publish","type":"post","link":"https:\/\/jornalfatosenoticias.com.br\/index.php\/2023\/02\/27\/confianca-da-industria-apresenta-nova-queda-em-fevereiro\/","title":{"rendered":"Confian\u00e7a da ind\u00fastria despenca em fevereiro"},"content":{"rendered":"\n<p><em><span class=\"has-inline-color has-black-color\">Em segundo m\u00eas de governo Lula, \u00cdndice de Confian\u00e7a da Ind\u00fastria despenca e fica mais baixo que no per\u00edodo de pandemia<\/span><\/em><\/p>\n\n\n\n<div class=\"wp-block-image\"><figure class=\"aligncenter size-large\"><img loading=\"lazy\" decoding=\"async\" width=\"729\" height=\"90\" src=\"https:\/\/jornalfatosenoticias.com.br\/wp-content\/uploads\/2020\/02\/Logo_Mizu.png\" alt=\"\" class=\"wp-image-1441\" srcset=\"https:\/\/jornalfatosenoticias.com.br\/wp-content\/uploads\/2020\/02\/Logo_Mizu.png 729w, https:\/\/jornalfatosenoticias.com.br\/wp-content\/uploads\/2020\/02\/Logo_Mizu-300x37.png 300w\" sizes=\"auto, (max-width: 729px) 100vw, 729px\" \/><\/figure><\/div>\n\n\n\n<p>O \u00cdndice de Confian\u00e7a da Ind\u00fastria (ICI) do FGV Ibre caiu 1,1 ponto em fevereiro, para 92,0 pontos, menor n\u00edvel desde julho de 2020 (89,8 pontos). Em m\u00e9dias m\u00f3veis trimestrais, o \u00edndice se mant\u00e9m est\u00e1vel em 92,8 pontos, ap\u00f3s cair por cinco meses consecutivos.<\/p>\n\n\n\n<div class=\"wp-block-image\"><figure class=\"aligncenter size-large is-resized\"><img loading=\"lazy\" decoding=\"async\" src=\"https:\/\/jornalfatosenoticias.com.br\/wp-content\/uploads\/2020\/02\/logo-clinica-limoeiro.jpg\" alt=\"\" class=\"wp-image-34610\" width=\"333\" height=\"236\"\/><\/figure><\/div>\n\n\n\n<figure class=\"wp-block-pullquote\"><blockquote><p><span class=\"has-inline-color has-luminous-vivid-orange-color\">Em fevereiro, a confian\u00e7a da ind\u00fastria apresentou nova queda refletindo maior cautela dos empres\u00e1rios quanto ao futuro dos neg\u00f3cios. O resultado, contudo, \u00e9 bem heterog\u00eaneo com perspectivas mais favor\u00e1veis para a categoria de bens n\u00e3o dur\u00e1veis. Apesar de ligeira melhora da demanda interna, os resultados mostram aumento do n\u00edvel dos estoques. As perspectivas futuras voltam a ficar mais pessimistas com empres\u00e1rios projetando queda na produ\u00e7\u00e3o e nas contrata\u00e7\u00f5es para o primeiro semestre. O cen\u00e1rio ainda parece indefinido para a ind\u00fastria, com sinais diversos entre os diversos segmentos\u201d, comenta St\u00e9fano Pacini, economista do FGV Ibre.<\/span><\/p><\/blockquote><\/figure>\n\n\n\n<div class=\"wp-block-image\"><figure class=\"aligncenter size-large is-resized\"><img loading=\"lazy\" decoding=\"async\" src=\"https:\/\/jornalfatosenoticias.com.br\/wp-content\/uploads\/2020\/02\/logo-embacia.jpg\" alt=\"\" class=\"wp-image-33905\" width=\"301\" height=\"301\"\/><\/figure><\/div>\n\n\n\n<p>Em fevereiro, o resultado foi heterog\u00eaneo com queda da confian\u00e7a em 8 dos 19 segmentos industriais pesquisados pela Sondagem. O resultado reflete uma acomoda\u00e7\u00e3o das avalia\u00e7\u00f5es sobre a situa\u00e7\u00e3o atual e piora das expectativas. O \u00cdndice Situa\u00e7\u00e3o Atual (ISA) cedeu 0,3 ponto, para 92,8 pontos, enquanto o \u00cdndice de Expectativas (IE) caiu 1,8 ponto para 91,4 pontos, menor n\u00edvel desde julho de 2020 (90,5 pontos).<\/p>\n\n\n\n<div class=\"wp-block-image\"><figure class=\"aligncenter size-large is-resized\"><img loading=\"lazy\" decoding=\"async\" src=\"https:\/\/jornalfatosenoticias.com.br\/wp-content\/uploads\/2022\/08\/logo-locau-veiculos-1024x573.png\" alt=\"\" class=\"wp-image-33078\" width=\"344\" height=\"192\"\/><\/figure><\/div>\n\n\n\n<p>Entre os quesitos que integram o ISA, o indicador que mede o n\u00edvel de estoques foi o que mais influenciou negativamente ao recuar 3,6 pontos, para 106,6 pontos. Quando este indicador est\u00e1 acima de 100 pontos, sinaliza que a ind\u00fastria est\u00e1 operando com estoques excessivos (ou acima do desej\u00e1vel). No sentido contr\u00e1rio a percep\u00e7\u00e3o dos empres\u00e1rios em rela\u00e7\u00e3o \u00e0 situa\u00e7\u00e3o atual dos subiu 2,0 pontos para 92,9 pontos, o que parece relacionado a uma ligeira melhora da demanda, que avan\u00e7ou em menor magnitude, 0,9 ponto para 92,8 pontos.<\/p>\n\n\n\n<div class=\"wp-block-image\"><figure class=\"aligncenter size-large is-resized\"><img loading=\"lazy\" decoding=\"async\" src=\"https:\/\/jornalfatosenoticias.com.br\/wp-content\/uploads\/2022\/10\/RC_800x750_page-0001.jpg\" alt=\"\" class=\"wp-image-35338\" width=\"275\" height=\"258\" srcset=\"https:\/\/jornalfatosenoticias.com.br\/wp-content\/uploads\/2022\/10\/RC_800x750_page-0001.jpg 400w, https:\/\/jornalfatosenoticias.com.br\/wp-content\/uploads\/2022\/10\/RC_800x750_page-0001-300x281.jpg 300w\" sizes=\"auto, (max-width: 275px) 100vw, 275px\" \/><\/figure><\/div>\n\n\n\n<p>Em rela\u00e7\u00e3o as expectativas para os pr\u00f3ximos meses, os empres\u00e1rios projetam piora da tend\u00eancia dos neg\u00f3cios no horizonte de seis meses. O indicador caiu 2,5 pontos para 89,4 pontos, se mantendo abaixo do n\u00edvel de neutralidade desde setembro de 2021 (102,7 pontos). No horizonte mais curto, de tr\u00eas meses, as perspectivas sobre emprego recuaram 0,8 ponto, para 94,8 pontos, chegando ao seu pior patamar desde julho de 2020 (93 pontos). Al\u00e9m disso, o indicador se mant\u00e9m abaixo dos 100 pontos, ainda sinalizando uma desacelera\u00e7\u00e3o das contrata\u00e7\u00f5es nos pr\u00f3ximos meses. <\/p>\n\n\n\n<div class=\"wp-block-image\"><figure class=\"aligncenter size-large is-resized\"><img loading=\"lazy\" decoding=\"async\" src=\"https:\/\/jornalfatosenoticias.com.br\/wp-content\/uploads\/2022\/02\/Precisao-Contabilidade-1024x724.jpg\" alt=\"\" class=\"wp-image-28088\" width=\"337\" height=\"238\"\/><\/figure><\/div>\n\n\n\n<p>J\u00e1 o indicador que mede as perspectivas sobre a produ\u00e7\u00e3o para os pr\u00f3ximos tr\u00eas meses recuou 2,0 pontos para 90,5 pontos, pior resultado desde mar\u00e7o de 2022.<br>O N\u00edvel de Utiliza\u00e7\u00e3o da Capacidade Instalada da Ind\u00fastria ficou relativamente est\u00e1vel ceder\u00e3o variar -0,1 ponto percentual, para 78,7% pior resultado desde maio de 2021 (77,8%).<\/p>\n\n\n\n<div class=\"wp-block-image\"><figure class=\"aligncenter size-large is-resized\"><img loading=\"lazy\" decoding=\"async\" src=\"https:\/\/jornalfatosenoticias.com.br\/wp-content\/uploads\/2020\/02\/nova-logo-Marquetti.jpg\" alt=\"\" class=\"wp-image-22331\" width=\"303\" height=\"203\" srcset=\"https:\/\/jornalfatosenoticias.com.br\/wp-content\/uploads\/2020\/02\/nova-logo-Marquetti.jpg 643w, https:\/\/jornalfatosenoticias.com.br\/wp-content\/uploads\/2020\/02\/nova-logo-Marquetti-300x202.jpg 300w\" sizes=\"auto, (max-width: 303px) 100vw, 303px\" \/><\/figure><\/div>\n\n\n\n<p><strong><em>Fonte: <a href=\"https:\/\/portalibre.fgv.br\/noticias\/confianca-da-industria-apresenta-nova-queda-em-fevereiro\">Portal FGV Ibre<\/a><\/em><\/strong><\/p>\n","protected":false},"excerpt":{"rendered":"<p>Em segundo m\u00eas de governo Lula, \u00cdndice de Confian\u00e7a da Ind\u00fastria despenca e fica mais baixo que no per\u00edodo de pandemia O \u00cdndice de Confian\u00e7a da Ind\u00fastria (ICI) do FGV Ibre caiu 1,1 ponto em fevereiro, para 92,0 pontos, menor n\u00edvel desde julho de 2020 (89,8 pontos). Em m\u00e9dias m\u00f3veis trimestrais, o \u00edndice se mant\u00e9m [&hellip;]<\/p>\n","protected":false},"author":2,"featured_media":39080,"comment_status":"open","ping_status":"open","sticky":false,"template":"","format":"standard","meta":{"footnotes":""},"categories":[9],"tags":[18274,18157,18272,11438,18273],"class_list":["post-39079","post","type-post","status-publish","format-standard","has-post-thumbnail","hentry","category-economia","tag-confianca-da-industria","tag-desgoverno-lula","tag-economia-despenca","tag-estatistica","tag-pessimismo-da-industria"],"yoast_head":"<!-- This site is optimized with the Yoast SEO plugin v26.5 - https:\/\/yoast.com\/wordpress\/plugins\/seo\/ -->\n<title>Confian\u00e7a da ind\u00fastria despenca em fevereiro - Jornal Fatos e Not\u00edcias<\/title>\n<meta name=\"robots\" content=\"index, follow, max-snippet:-1, max-image-preview:large, max-video-preview:-1\" \/>\n<link rel=\"canonical\" href=\"https:\/\/jornalfatosenoticias.com.br\/index.php\/2023\/02\/27\/confianca-da-industria-apresenta-nova-queda-em-fevereiro\/\" \/>\n<meta property=\"og:locale\" content=\"pt_BR\" \/>\n<meta property=\"og:type\" content=\"article\" \/>\n<meta property=\"og:title\" content=\"Confian\u00e7a da ind\u00fastria despenca em fevereiro - Jornal Fatos e Not\u00edcias\" \/>\n<meta property=\"og:description\" content=\"Em segundo m\u00eas de governo Lula, \u00cdndice de Confian\u00e7a da Ind\u00fastria despenca e fica mais baixo que no per\u00edodo de pandemia O \u00cdndice de Confian\u00e7a da Ind\u00fastria (ICI) do FGV Ibre caiu 1,1 ponto em fevereiro, para 92,0 pontos, menor n\u00edvel desde julho de 2020 (89,8 pontos). Em m\u00e9dias m\u00f3veis trimestrais, o \u00edndice se mant\u00e9m [&hellip;]\" \/>\n<meta property=\"og:url\" content=\"https:\/\/jornalfatosenoticias.com.br\/index.php\/2023\/02\/27\/confianca-da-industria-apresenta-nova-queda-em-fevereiro\/\" \/>\n<meta property=\"og:site_name\" content=\"Jornal Fatos e Not\u00edcias\" \/>\n<meta property=\"article:published_time\" content=\"2023-02-27T15:51:41+00:00\" \/>\n<meta property=\"article:modified_time\" content=\"2023-02-27T15:52:24+00:00\" \/>\n<meta property=\"og:image\" content=\"https:\/\/jornalfatosenoticias.com.br\/wp-content\/uploads\/2023\/02\/fazueli-1.jpg\" \/>\n\t<meta property=\"og:image:width\" content=\"1000\" \/>\n\t<meta property=\"og:image:height\" content=\"562\" \/>\n\t<meta property=\"og:image:type\" content=\"image\/jpeg\" \/>\n<meta name=\"author\" content=\"Luzimara Fernandes\" \/>\n<meta name=\"twitter:card\" content=\"summary_large_image\" \/>\n<meta name=\"twitter:label1\" content=\"Escrito por\" \/>\n\t<meta name=\"twitter:data1\" content=\"Luzimara Fernandes\" \/>\n\t<meta name=\"twitter:label2\" content=\"Est. tempo de leitura\" \/>\n\t<meta name=\"twitter:data2\" content=\"2 minutos\" \/>\n<script type=\"application\/ld+json\" class=\"yoast-schema-graph\">{\"@context\":\"https:\/\/schema.org\",\"@graph\":[{\"@type\":\"Article\",\"@id\":\"https:\/\/jornalfatosenoticias.com.br\/index.php\/2023\/02\/27\/confianca-da-industria-apresenta-nova-queda-em-fevereiro\/#article\",\"isPartOf\":{\"@id\":\"https:\/\/jornalfatosenoticias.com.br\/index.php\/2023\/02\/27\/confianca-da-industria-apresenta-nova-queda-em-fevereiro\/\"},\"author\":{\"name\":\"Luzimara Fernandes\",\"@id\":\"https:\/\/jornalfatosenoticias.com.br\/#\/schema\/person\/d63837fa13ac8666eb9e74e0985d6f81\"},\"headline\":\"Confian\u00e7a da ind\u00fastria despenca em fevereiro\",\"datePublished\":\"2023-02-27T15:51:41+00:00\",\"dateModified\":\"2023-02-27T15:52:24+00:00\",\"mainEntityOfPage\":{\"@id\":\"https:\/\/jornalfatosenoticias.com.br\/index.php\/2023\/02\/27\/confianca-da-industria-apresenta-nova-queda-em-fevereiro\/\"},\"wordCount\":493,\"commentCount\":0,\"publisher\":{\"@id\":\"https:\/\/jornalfatosenoticias.com.br\/#organization\"},\"image\":{\"@id\":\"https:\/\/jornalfatosenoticias.com.br\/index.php\/2023\/02\/27\/confianca-da-industria-apresenta-nova-queda-em-fevereiro\/#primaryimage\"},\"thumbnailUrl\":\"https:\/\/jornalfatosenoticias.com.br\/wp-content\/uploads\/2023\/02\/fazueli-1.jpg\",\"keywords\":[\"confian\u00e7a da ind\u00fastria\",\"desgoverno Lula\",\"economia despenca\",\"estat\u00edstica\",\"pessimismo da ind\u00fastria\"],\"articleSection\":[\"Economia\"],\"inLanguage\":\"pt-BR\",\"potentialAction\":[{\"@type\":\"CommentAction\",\"name\":\"Comment\",\"target\":[\"https:\/\/jornalfatosenoticias.com.br\/index.php\/2023\/02\/27\/confianca-da-industria-apresenta-nova-queda-em-fevereiro\/#respond\"]}]},{\"@type\":\"WebPage\",\"@id\":\"https:\/\/jornalfatosenoticias.com.br\/index.php\/2023\/02\/27\/confianca-da-industria-apresenta-nova-queda-em-fevereiro\/\",\"url\":\"https:\/\/jornalfatosenoticias.com.br\/index.php\/2023\/02\/27\/confianca-da-industria-apresenta-nova-queda-em-fevereiro\/\",\"name\":\"Confian\u00e7a da ind\u00fastria despenca em fevereiro - Jornal Fatos e Not\u00edcias\",\"isPartOf\":{\"@id\":\"https:\/\/jornalfatosenoticias.com.br\/#website\"},\"primaryImageOfPage\":{\"@id\":\"https:\/\/jornalfatosenoticias.com.br\/index.php\/2023\/02\/27\/confianca-da-industria-apresenta-nova-queda-em-fevereiro\/#primaryimage\"},\"image\":{\"@id\":\"https:\/\/jornalfatosenoticias.com.br\/index.php\/2023\/02\/27\/confianca-da-industria-apresenta-nova-queda-em-fevereiro\/#primaryimage\"},\"thumbnailUrl\":\"https:\/\/jornalfatosenoticias.com.br\/wp-content\/uploads\/2023\/02\/fazueli-1.jpg\",\"datePublished\":\"2023-02-27T15:51:41+00:00\",\"dateModified\":\"2023-02-27T15:52:24+00:00\",\"breadcrumb\":{\"@id\":\"https:\/\/jornalfatosenoticias.com.br\/index.php\/2023\/02\/27\/confianca-da-industria-apresenta-nova-queda-em-fevereiro\/#breadcrumb\"},\"inLanguage\":\"pt-BR\",\"potentialAction\":[{\"@type\":\"ReadAction\",\"target\":[\"https:\/\/jornalfatosenoticias.com.br\/index.php\/2023\/02\/27\/confianca-da-industria-apresenta-nova-queda-em-fevereiro\/\"]}]},{\"@type\":\"ImageObject\",\"inLanguage\":\"pt-BR\",\"@id\":\"https:\/\/jornalfatosenoticias.com.br\/index.php\/2023\/02\/27\/confianca-da-industria-apresenta-nova-queda-em-fevereiro\/#primaryimage\",\"url\":\"https:\/\/jornalfatosenoticias.com.br\/wp-content\/uploads\/2023\/02\/fazueli-1.jpg\",\"contentUrl\":\"https:\/\/jornalfatosenoticias.com.br\/wp-content\/uploads\/2023\/02\/fazueli-1.jpg\",\"width\":1000,\"height\":562},{\"@type\":\"BreadcrumbList\",\"@id\":\"https:\/\/jornalfatosenoticias.com.br\/index.php\/2023\/02\/27\/confianca-da-industria-apresenta-nova-queda-em-fevereiro\/#breadcrumb\",\"itemListElement\":[{\"@type\":\"ListItem\",\"position\":1,\"name\":\"In\u00edcio\",\"item\":\"https:\/\/jornalfatosenoticias.com.br\/\"},{\"@type\":\"ListItem\",\"position\":2,\"name\":\"Confian\u00e7a da ind\u00fastria despenca em fevereiro\"}]},{\"@type\":\"WebSite\",\"@id\":\"https:\/\/jornalfatosenoticias.com.br\/#website\",\"url\":\"https:\/\/jornalfatosenoticias.com.br\/\",\"name\":\"Jornal Fatos e Not\u00edcias\",\"description\":\"Not\u00edcias em geral\",\"publisher\":{\"@id\":\"https:\/\/jornalfatosenoticias.com.br\/#organization\"},\"potentialAction\":[{\"@type\":\"SearchAction\",\"target\":{\"@type\":\"EntryPoint\",\"urlTemplate\":\"https:\/\/jornalfatosenoticias.com.br\/?s={search_term_string}\"},\"query-input\":{\"@type\":\"PropertyValueSpecification\",\"valueRequired\":true,\"valueName\":\"search_term_string\"}}],\"inLanguage\":\"pt-BR\"},{\"@type\":\"Organization\",\"@id\":\"https:\/\/jornalfatosenoticias.com.br\/#organization\",\"name\":\"Jornal Fatos e Not\u00edcias\",\"url\":\"https:\/\/jornalfatosenoticias.com.br\/\",\"logo\":{\"@type\":\"ImageObject\",\"inLanguage\":\"pt-BR\",\"@id\":\"https:\/\/jornalfatosenoticias.com.br\/#\/schema\/logo\/image\/\",\"url\":\"https:\/\/jornalfatosenoticias.com.br\/wp-content\/uploads\/2020\/02\/logo120.png\",\"contentUrl\":\"https:\/\/jornalfatosenoticias.com.br\/wp-content\/uploads\/2020\/02\/logo120.png\",\"width\":1227,\"height\":120,\"caption\":\"Jornal Fatos e Not\u00edcias\"},\"image\":{\"@id\":\"https:\/\/jornalfatosenoticias.com.br\/#\/schema\/logo\/image\/\"}},{\"@type\":\"Person\",\"@id\":\"https:\/\/jornalfatosenoticias.com.br\/#\/schema\/person\/d63837fa13ac8666eb9e74e0985d6f81\",\"name\":\"Luzimara Fernandes\",\"image\":{\"@type\":\"ImageObject\",\"inLanguage\":\"pt-BR\",\"@id\":\"https:\/\/jornalfatosenoticias.com.br\/#\/schema\/person\/image\/\",\"url\":\"https:\/\/jornalfatosenoticias.com.br\/wp-content\/uploads\/2025\/05\/EU_portal.jpg\",\"contentUrl\":\"https:\/\/jornalfatosenoticias.com.br\/wp-content\/uploads\/2025\/05\/EU_portal.jpg\",\"caption\":\"Luzimara Fernandes\"},\"description\":\"Jornalista MTB 2358-ES\",\"sameAs\":[\"https:\/\/jornalfatosenoticias.com.br\"],\"url\":\"https:\/\/jornalfatosenoticias.com.br\/index.php\/author\/luzimara\/\"}]}<\/script>\n<!-- \/ Yoast SEO plugin. -->","yoast_head_json":{"title":"Confian\u00e7a da ind\u00fastria despenca em fevereiro - Jornal Fatos e Not\u00edcias","robots":{"index":"index","follow":"follow","max-snippet":"max-snippet:-1","max-image-preview":"max-image-preview:large","max-video-preview":"max-video-preview:-1"},"canonical":"https:\/\/jornalfatosenoticias.com.br\/index.php\/2023\/02\/27\/confianca-da-industria-apresenta-nova-queda-em-fevereiro\/","og_locale":"pt_BR","og_type":"article","og_title":"Confian\u00e7a da ind\u00fastria despenca em fevereiro - Jornal Fatos e Not\u00edcias","og_description":"Em segundo m\u00eas de governo Lula, \u00cdndice de Confian\u00e7a da Ind\u00fastria despenca e fica mais baixo que no per\u00edodo de pandemia O \u00cdndice de Confian\u00e7a da Ind\u00fastria (ICI) do FGV Ibre caiu 1,1 ponto em fevereiro, para 92,0 pontos, menor n\u00edvel desde julho de 2020 (89,8 pontos). Em m\u00e9dias m\u00f3veis trimestrais, o \u00edndice se mant\u00e9m [&hellip;]","og_url":"https:\/\/jornalfatosenoticias.com.br\/index.php\/2023\/02\/27\/confianca-da-industria-apresenta-nova-queda-em-fevereiro\/","og_site_name":"Jornal Fatos e Not\u00edcias","article_published_time":"2023-02-27T15:51:41+00:00","article_modified_time":"2023-02-27T15:52:24+00:00","og_image":[{"width":1000,"height":562,"url":"https:\/\/jornalfatosenoticias.com.br\/wp-content\/uploads\/2023\/02\/fazueli-1.jpg","type":"image\/jpeg"}],"author":"Luzimara Fernandes","twitter_card":"summary_large_image","twitter_misc":{"Escrito por":"Luzimara Fernandes","Est. tempo de leitura":"2 minutos"},"schema":{"@context":"https:\/\/schema.org","@graph":[{"@type":"Article","@id":"https:\/\/jornalfatosenoticias.com.br\/index.php\/2023\/02\/27\/confianca-da-industria-apresenta-nova-queda-em-fevereiro\/#article","isPartOf":{"@id":"https:\/\/jornalfatosenoticias.com.br\/index.php\/2023\/02\/27\/confianca-da-industria-apresenta-nova-queda-em-fevereiro\/"},"author":{"name":"Luzimara Fernandes","@id":"https:\/\/jornalfatosenoticias.com.br\/#\/schema\/person\/d63837fa13ac8666eb9e74e0985d6f81"},"headline":"Confian\u00e7a da ind\u00fastria despenca em fevereiro","datePublished":"2023-02-27T15:51:41+00:00","dateModified":"2023-02-27T15:52:24+00:00","mainEntityOfPage":{"@id":"https:\/\/jornalfatosenoticias.com.br\/index.php\/2023\/02\/27\/confianca-da-industria-apresenta-nova-queda-em-fevereiro\/"},"wordCount":493,"commentCount":0,"publisher":{"@id":"https:\/\/jornalfatosenoticias.com.br\/#organization"},"image":{"@id":"https:\/\/jornalfatosenoticias.com.br\/index.php\/2023\/02\/27\/confianca-da-industria-apresenta-nova-queda-em-fevereiro\/#primaryimage"},"thumbnailUrl":"https:\/\/jornalfatosenoticias.com.br\/wp-content\/uploads\/2023\/02\/fazueli-1.jpg","keywords":["confian\u00e7a da ind\u00fastria","desgoverno Lula","economia despenca","estat\u00edstica","pessimismo da ind\u00fastria"],"articleSection":["Economia"],"inLanguage":"pt-BR","potentialAction":[{"@type":"CommentAction","name":"Comment","target":["https:\/\/jornalfatosenoticias.com.br\/index.php\/2023\/02\/27\/confianca-da-industria-apresenta-nova-queda-em-fevereiro\/#respond"]}]},{"@type":"WebPage","@id":"https:\/\/jornalfatosenoticias.com.br\/index.php\/2023\/02\/27\/confianca-da-industria-apresenta-nova-queda-em-fevereiro\/","url":"https:\/\/jornalfatosenoticias.com.br\/index.php\/2023\/02\/27\/confianca-da-industria-apresenta-nova-queda-em-fevereiro\/","name":"Confian\u00e7a da ind\u00fastria despenca em fevereiro - Jornal Fatos e Not\u00edcias","isPartOf":{"@id":"https:\/\/jornalfatosenoticias.com.br\/#website"},"primaryImageOfPage":{"@id":"https:\/\/jornalfatosenoticias.com.br\/index.php\/2023\/02\/27\/confianca-da-industria-apresenta-nova-queda-em-fevereiro\/#primaryimage"},"image":{"@id":"https:\/\/jornalfatosenoticias.com.br\/index.php\/2023\/02\/27\/confianca-da-industria-apresenta-nova-queda-em-fevereiro\/#primaryimage"},"thumbnailUrl":"https:\/\/jornalfatosenoticias.com.br\/wp-content\/uploads\/2023\/02\/fazueli-1.jpg","datePublished":"2023-02-27T15:51:41+00:00","dateModified":"2023-02-27T15:52:24+00:00","breadcrumb":{"@id":"https:\/\/jornalfatosenoticias.com.br\/index.php\/2023\/02\/27\/confianca-da-industria-apresenta-nova-queda-em-fevereiro\/#breadcrumb"},"inLanguage":"pt-BR","potentialAction":[{"@type":"ReadAction","target":["https:\/\/jornalfatosenoticias.com.br\/index.php\/2023\/02\/27\/confianca-da-industria-apresenta-nova-queda-em-fevereiro\/"]}]},{"@type":"ImageObject","inLanguage":"pt-BR","@id":"https:\/\/jornalfatosenoticias.com.br\/index.php\/2023\/02\/27\/confianca-da-industria-apresenta-nova-queda-em-fevereiro\/#primaryimage","url":"https:\/\/jornalfatosenoticias.com.br\/wp-content\/uploads\/2023\/02\/fazueli-1.jpg","contentUrl":"https:\/\/jornalfatosenoticias.com.br\/wp-content\/uploads\/2023\/02\/fazueli-1.jpg","width":1000,"height":562},{"@type":"BreadcrumbList","@id":"https:\/\/jornalfatosenoticias.com.br\/index.php\/2023\/02\/27\/confianca-da-industria-apresenta-nova-queda-em-fevereiro\/#breadcrumb","itemListElement":[{"@type":"ListItem","position":1,"name":"In\u00edcio","item":"https:\/\/jornalfatosenoticias.com.br\/"},{"@type":"ListItem","position":2,"name":"Confian\u00e7a da ind\u00fastria despenca em fevereiro"}]},{"@type":"WebSite","@id":"https:\/\/jornalfatosenoticias.com.br\/#website","url":"https:\/\/jornalfatosenoticias.com.br\/","name":"Jornal Fatos e Not\u00edcias","description":"Not\u00edcias em geral","publisher":{"@id":"https:\/\/jornalfatosenoticias.com.br\/#organization"},"potentialAction":[{"@type":"SearchAction","target":{"@type":"EntryPoint","urlTemplate":"https:\/\/jornalfatosenoticias.com.br\/?s={search_term_string}"},"query-input":{"@type":"PropertyValueSpecification","valueRequired":true,"valueName":"search_term_string"}}],"inLanguage":"pt-BR"},{"@type":"Organization","@id":"https:\/\/jornalfatosenoticias.com.br\/#organization","name":"Jornal Fatos e Not\u00edcias","url":"https:\/\/jornalfatosenoticias.com.br\/","logo":{"@type":"ImageObject","inLanguage":"pt-BR","@id":"https:\/\/jornalfatosenoticias.com.br\/#\/schema\/logo\/image\/","url":"https:\/\/jornalfatosenoticias.com.br\/wp-content\/uploads\/2020\/02\/logo120.png","contentUrl":"https:\/\/jornalfatosenoticias.com.br\/wp-content\/uploads\/2020\/02\/logo120.png","width":1227,"height":120,"caption":"Jornal Fatos e Not\u00edcias"},"image":{"@id":"https:\/\/jornalfatosenoticias.com.br\/#\/schema\/logo\/image\/"}},{"@type":"Person","@id":"https:\/\/jornalfatosenoticias.com.br\/#\/schema\/person\/d63837fa13ac8666eb9e74e0985d6f81","name":"Luzimara Fernandes","image":{"@type":"ImageObject","inLanguage":"pt-BR","@id":"https:\/\/jornalfatosenoticias.com.br\/#\/schema\/person\/image\/","url":"https:\/\/jornalfatosenoticias.com.br\/wp-content\/uploads\/2025\/05\/EU_portal.jpg","contentUrl":"https:\/\/jornalfatosenoticias.com.br\/wp-content\/uploads\/2025\/05\/EU_portal.jpg","caption":"Luzimara Fernandes"},"description":"Jornalista MTB 2358-ES","sameAs":["https:\/\/jornalfatosenoticias.com.br"],"url":"https:\/\/jornalfatosenoticias.com.br\/index.php\/author\/luzimara\/"}]}},"cc_featured_image_caption":{"caption_text":"(Foto: EPA)\r\n","source_text":"","source_url":""},"jetpack_featured_media_url":"https:\/\/jornalfatosenoticias.com.br\/wp-content\/uploads\/2023\/02\/fazueli-1.jpg","_links":{"self":[{"href":"https:\/\/jornalfatosenoticias.com.br\/index.php\/wp-json\/wp\/v2\/posts\/39079","targetHints":{"allow":["GET"]}}],"collection":[{"href":"https:\/\/jornalfatosenoticias.com.br\/index.php\/wp-json\/wp\/v2\/posts"}],"about":[{"href":"https:\/\/jornalfatosenoticias.com.br\/index.php\/wp-json\/wp\/v2\/types\/post"}],"author":[{"embeddable":true,"href":"https:\/\/jornalfatosenoticias.com.br\/index.php\/wp-json\/wp\/v2\/users\/2"}],"replies":[{"embeddable":true,"href":"https:\/\/jornalfatosenoticias.com.br\/index.php\/wp-json\/wp\/v2\/comments?post=39079"}],"version-history":[{"count":0,"href":"https:\/\/jornalfatosenoticias.com.br\/index.php\/wp-json\/wp\/v2\/posts\/39079\/revisions"}],"wp:featuredmedia":[{"embeddable":true,"href":"https:\/\/jornalfatosenoticias.com.br\/index.php\/wp-json\/wp\/v2\/media\/39080"}],"wp:attachment":[{"href":"https:\/\/jornalfatosenoticias.com.br\/index.php\/wp-json\/wp\/v2\/media?parent=39079"}],"wp:term":[{"taxonomy":"category","embeddable":true,"href":"https:\/\/jornalfatosenoticias.com.br\/index.php\/wp-json\/wp\/v2\/categories?post=39079"},{"taxonomy":"post_tag","embeddable":true,"href":"https:\/\/jornalfatosenoticias.com.br\/index.php\/wp-json\/wp\/v2\/tags?post=39079"}],"curies":[{"name":"wp","href":"https:\/\/api.w.org\/{rel}","templated":true}]}}