{"id":39083,"date":"2023-02-27T13:03:40","date_gmt":"2023-02-27T16:03:40","guid":{"rendered":"https:\/\/jornalfatosenoticias.com.br\/?p=39083"},"modified":"2023-02-27T13:03:41","modified_gmt":"2023-02-27T16:03:41","slug":"agencia-avalia-que-pandemia-da-covid-19-surgiu-de-vazamento-em-laboratorio-chines","status":"publish","type":"post","link":"https:\/\/jornalfatosenoticias.com.br\/index.php\/2023\/02\/27\/agencia-avalia-que-pandemia-da-covid-19-surgiu-de-vazamento-em-laboratorio-chines\/","title":{"rendered":"Ag\u00eancia avalia que pandemia da covid-19 surgiu de vazamento em laborat\u00f3rio chin\u00eas"},"content":{"rendered":"\n<p><em><span class=\"has-inline-color has-black-color\">Teor de documento endossa tese do FBI<\/span><\/em><\/p>\n\n\n\n<div class=\"wp-block-image\"><figure class=\"aligncenter size-large\"><img loading=\"lazy\" decoding=\"async\" width=\"1024\" height=\"100\" src=\"https:\/\/jornalfatosenoticias.com.br\/wp-content\/uploads\/2022\/05\/NOVA-LOGO-CESCONETTO-1024x100.jpg\" alt=\"\" class=\"wp-image-30792\" srcset=\"https:\/\/jornalfatosenoticias.com.br\/wp-content\/uploads\/2022\/05\/NOVA-LOGO-CESCONETTO-1024x100.jpg 1024w, https:\/\/jornalfatosenoticias.com.br\/wp-content\/uploads\/2022\/05\/NOVA-LOGO-CESCONETTO-300x29.jpg 300w, https:\/\/jornalfatosenoticias.com.br\/wp-content\/uploads\/2022\/05\/NOVA-LOGO-CESCONETTO-768x75.jpg 768w, https:\/\/jornalfatosenoticias.com.br\/wp-content\/uploads\/2022\/05\/NOVA-LOGO-CESCONETTO.jpg 1280w\" sizes=\"auto, (max-width: 1024px) 100vw, 1024px\" \/><\/figure><\/div>\n\n\n\n<p>O Departamento de Energia dos Estados Unidos considera que a origem da pandemia de covid-19 possa ter se espalhado a partir de um vazamento em um laborat\u00f3rio de Wuhan, na China. A informa\u00e7\u00e3o consta em um relat\u00f3rio de intelig\u00eancia confidencial recentemente fornecido \u00e0 Casa Branca e aos principais membros do Congresso.<\/p>\n\n\n\n<div class=\"wp-block-image\"><figure class=\"aligncenter size-large\"><img decoding=\"async\" src=\"https:\/\/jornalfatosenoticias.com.br\/wp-content\/uploads\/2020\/02\/barao-das-carnes-300x164-1.jpg\" alt=\"\" class=\"wp-image-34339\"\/><\/figure><\/div>\n\n\n\n<p>A manifesta\u00e7\u00e3o aparece em atualiza\u00e7\u00e3o de um documento de 2021 do escrit\u00f3rio da diretora de Intelig\u00eancia Nacional Avril Haines. O material aponta como diferentes partes da comunidade de intelig\u00eancia convergiram em julgamentos d\u00edspares sobre a origem da pandemia. Com isso, o Departamento de Energia se junta ao Departamento Federal de Investiga\u00e7\u00e3o (FBI) ao dizer que o v\u00edrus provavelmente se espalhou de um laborat\u00f3rio chin\u00eas.<\/p>\n\n\n\n<div class=\"wp-block-image\"><figure class=\"aligncenter size-large is-resized\"><img loading=\"lazy\" decoding=\"async\" src=\"https:\/\/jornalfatosenoticias.com.br\/wp-content\/uploads\/2020\/02\/casa-do-torresmo_portal.jpg\" alt=\"\" class=\"wp-image-34472\" width=\"277\" height=\"277\" srcset=\"https:\/\/jornalfatosenoticias.com.br\/wp-content\/uploads\/2020\/02\/casa-do-torresmo_portal.jpg 300w, https:\/\/jornalfatosenoticias.com.br\/wp-content\/uploads\/2020\/02\/casa-do-torresmo_portal-150x150.jpg 150w\" sizes=\"auto, (max-width: 277px) 100vw, 277px\" \/><\/figure><\/div>\n\n\n\n<p>A comunidade de intelig\u00eancia dos EUA \u00e9 composta por 18 ag\u00eancias, incluindo escrit\u00f3rios nos departamentos de Energia, Estado e Tesouro. Cerca de metade deles atuaram na revis\u00e3o das origens da covid-19 junto com o Conselho Nacional de Intelig\u00eancia.<\/p>\n\n\n\n<div class=\"wp-block-image\"><figure class=\"aligncenter size-large is-resized\"><img loading=\"lazy\" decoding=\"async\" src=\"https:\/\/jornalfatosenoticias.com.br\/wp-content\/uploads\/2020\/02\/logo-clinica-limoeiro.jpg\" alt=\"\" class=\"wp-image-34610\" width=\"309\" height=\"219\"\/><\/figure><\/div>\n\n\n\n<p>As suspeitas sobre a origem covid-19 t\u00eam sido veiculadas pelo Conex\u00e3o Pol\u00edtica desde 2020. H\u00e1 quase tr\u00eas anos, o jornal digital tem reportado diversas frentes. Tal abordagem foi na contram\u00e3o dos grandes ve\u00edculos de comunica\u00e7\u00e3o, que deram palco a narrativas sensacionalistas e, muitas vezes, endere\u00e7adas ao caos pol\u00edtico e social \u2014 omitindo relatos que pudessem comprometer o governo da China e suas respectivas autoridades, como o Partido Comunista chin\u00eas.<\/p>\n\n\n\n<div class=\"wp-block-image\"><figure class=\"aligncenter size-large is-resized\"><img loading=\"lazy\" decoding=\"async\" src=\"https:\/\/jornalfatosenoticias.com.br\/wp-content\/uploads\/2020\/02\/logo-Panper_portal.jpg\" alt=\"\" class=\"wp-image-34474\" width=\"279\" height=\"193\" srcset=\"https:\/\/jornalfatosenoticias.com.br\/wp-content\/uploads\/2020\/02\/logo-Panper_portal.jpg 400w, https:\/\/jornalfatosenoticias.com.br\/wp-content\/uploads\/2020\/02\/logo-Panper_portal-300x208.jpg 300w\" sizes=\"auto, (max-width: 279px) 100vw, 279px\" \/><\/figure><\/div>\n\n\n\n<p>Com base em declara\u00e7\u00f5es oficiais, trouxemos ao conhecimento p\u00fablico uma s\u00e9rie de questionamentos de autoridades. M\u00e9dicos, cientistas e \u00f3rg\u00e3os de intelig\u00eancia v\u00eam ventilando desconfian\u00e7a desde quando a pandemia desencadeou em escala global.<\/p>\n\n\n\n<div class=\"wp-block-image\"><figure class=\"aligncenter size-large\"><img loading=\"lazy\" decoding=\"async\" width=\"300\" height=\"250\" src=\"https:\/\/jornalfatosenoticias.com.br\/wp-content\/uploads\/2022\/02\/FERRARI_MAQUINAS-E-FERRAMENTAS2-1.jpg\" alt=\"\" class=\"wp-image-27955\"\/><\/figure><\/div>\n\n\n\n<p>No mesmo m\u00eas, este jornal digital reportou: \u201cTrump diz que viu evid\u00eancias ligando o coronav\u00edrus ao laborat\u00f3rio de Wuhan, e volta a acusar a OMS de acobertamento\u201d.<\/p>\n\n\n\n<div class=\"wp-block-image\"><figure class=\"aligncenter size-large\"><img loading=\"lazy\" decoding=\"async\" width=\"300\" height=\"250\" src=\"https:\/\/jornalfatosenoticias.com.br\/wp-content\/uploads\/2022\/08\/arte-Casarao.jpg\" alt=\"\" class=\"wp-image-33178\"\/><\/figure><\/div>\n\n\n\n<figure class=\"wp-block-pullquote\"><blockquote><p><span class=\"has-inline-color has-luminous-vivid-orange-color\">Em junho daquele ano, outra mat\u00e9ria foi veiculada por n\u00f3s: \u201cCoronav\u00edrus vazou de laborat\u00f3rio chin\u00eas, diz ex-chefe de servi\u00e7o secreto brit\u00e2nico\u201d. Ainda em setembro de 2020, outra reportagem do CP foi ao ar: \u201cRefugiada nos EUA, m\u00e9dica chinesa diz ter provas de que novo coronav\u00edrus foi criado em laborat\u00f3rio chin\u00eas\u201d.<\/span><\/p><\/blockquote><\/figure>\n\n\n\n<div class=\"wp-block-image\"><figure class=\"aligncenter size-large\"><img decoding=\"async\" src=\"https:\/\/jornalfatosenoticias.com.br\/wp-content\/uploads\/2020\/02\/logo_esteio.jpg\" alt=\"\" class=\"wp-image-1214\"\/><\/figure><\/div>\n\n\n\n<p>\u00c0 vista disso, a teoria da fuga do novo coronav\u00edrus de um laborat\u00f3rio chin\u00eas ganha novo impulso. A comunidade cient\u00edfica acredita que \u00e9 crucial saber detalhes sobre a G\u00eanesis da pandemia para poder combater melhor o v\u00edrus e, a partir dos dados, atuar para evitar uma pr\u00f3xima.<\/p>\n\n\n\n<div class=\"wp-block-image\"><figure class=\"aligncenter size-large is-resized\"><img loading=\"lazy\" decoding=\"async\" src=\"https:\/\/jornalfatosenoticias.com.br\/wp-content\/uploads\/2022\/08\/logo-locau-veiculos-1024x573.png\" alt=\"\" class=\"wp-image-33078\" width=\"343\" height=\"191\"\/><\/figure><\/div>\n\n\n\n<p><strong><em>Fonte: <a href=\"https:\/\/www.conexaopolitica.com.br\/internacional\/agencia-avalia-que-pandemia-da-covid-19-surgiu-de-vazamento-em-laboratorio-chines\/\">Conex\u00e3o Pol\u00edtica<\/a><\/em><\/strong><\/p>\n","protected":false},"excerpt":{"rendered":"<p>Teor de documento endossa tese do FBI O Departamento de Energia dos Estados Unidos considera que a origem da pandemia de covid-19 possa ter se espalhado a partir de um vazamento em um laborat\u00f3rio de Wuhan, na China. A informa\u00e7\u00e3o consta em um relat\u00f3rio de intelig\u00eancia confidencial recentemente fornecido \u00e0 Casa Branca e aos principais [&hellip;]<\/p>\n","protected":false},"author":2,"featured_media":39084,"comment_status":"open","ping_status":"open","sticky":false,"template":"","format":"standard","meta":{"footnotes":""},"categories":[41],"tags":[85,273,5479,18275,330,18276],"class_list":["post-39083","post","type-post","status-publish","format-standard","has-post-thumbnail","hentry","category-internacional","tag-china","tag-covid-19","tag-laboratorio","tag-laboratorio-chines","tag-pandemia","tag-vazamento"],"yoast_head":"<!-- This site is optimized with the Yoast SEO plugin v26.5 - https:\/\/yoast.com\/wordpress\/plugins\/seo\/ -->\n<title>Ag\u00eancia avalia que pandemia da covid-19 surgiu de vazamento em laborat\u00f3rio chin\u00eas - Jornal Fatos e Not\u00edcias<\/title>\n<meta name=\"robots\" content=\"index, follow, max-snippet:-1, max-image-preview:large, max-video-preview:-1\" \/>\n<link rel=\"canonical\" href=\"https:\/\/jornalfatosenoticias.com.br\/index.php\/2023\/02\/27\/agencia-avalia-que-pandemia-da-covid-19-surgiu-de-vazamento-em-laboratorio-chines\/\" \/>\n<meta property=\"og:locale\" content=\"pt_BR\" \/>\n<meta property=\"og:type\" content=\"article\" \/>\n<meta property=\"og:title\" content=\"Ag\u00eancia avalia que pandemia da covid-19 surgiu de vazamento em laborat\u00f3rio chin\u00eas - Jornal Fatos e Not\u00edcias\" \/>\n<meta property=\"og:description\" content=\"Teor de documento endossa tese do FBI O Departamento de Energia dos Estados Unidos considera que a origem da pandemia de covid-19 possa ter se espalhado a partir de um vazamento em um laborat\u00f3rio de Wuhan, na China. A informa\u00e7\u00e3o consta em um relat\u00f3rio de intelig\u00eancia confidencial recentemente fornecido \u00e0 Casa Branca e aos principais [&hellip;]\" \/>\n<meta property=\"og:url\" content=\"https:\/\/jornalfatosenoticias.com.br\/index.php\/2023\/02\/27\/agencia-avalia-que-pandemia-da-covid-19-surgiu-de-vazamento-em-laboratorio-chines\/\" \/>\n<meta property=\"og:site_name\" content=\"Jornal Fatos e Not\u00edcias\" \/>\n<meta property=\"article:published_time\" content=\"2023-02-27T16:03:40+00:00\" \/>\n<meta property=\"article:modified_time\" content=\"2023-02-27T16:03:41+00:00\" \/>\n<meta property=\"og:image\" content=\"https:\/\/jornalfatosenoticias.com.br\/wp-content\/uploads\/2023\/02\/covid_china.jpg\" \/>\n\t<meta property=\"og:image:width\" content=\"1000\" \/>\n\t<meta property=\"og:image:height\" content=\"561\" \/>\n\t<meta property=\"og:image:type\" content=\"image\/jpeg\" \/>\n<meta name=\"author\" content=\"Luzimara Fernandes\" \/>\n<meta name=\"twitter:card\" content=\"summary_large_image\" \/>\n<meta name=\"twitter:label1\" content=\"Escrito por\" \/>\n\t<meta name=\"twitter:data1\" content=\"Luzimara Fernandes\" \/>\n\t<meta name=\"twitter:label2\" content=\"Est. tempo de leitura\" \/>\n\t<meta name=\"twitter:data2\" content=\"2 minutos\" \/>\n<script type=\"application\/ld+json\" class=\"yoast-schema-graph\">{\"@context\":\"https:\/\/schema.org\",\"@graph\":[{\"@type\":\"Article\",\"@id\":\"https:\/\/jornalfatosenoticias.com.br\/index.php\/2023\/02\/27\/agencia-avalia-que-pandemia-da-covid-19-surgiu-de-vazamento-em-laboratorio-chines\/#article\",\"isPartOf\":{\"@id\":\"https:\/\/jornalfatosenoticias.com.br\/index.php\/2023\/02\/27\/agencia-avalia-que-pandemia-da-covid-19-surgiu-de-vazamento-em-laboratorio-chines\/\"},\"author\":{\"name\":\"Luzimara Fernandes\",\"@id\":\"https:\/\/jornalfatosenoticias.com.br\/#\/schema\/person\/d63837fa13ac8666eb9e74e0985d6f81\"},\"headline\":\"Ag\u00eancia avalia que pandemia da covid-19 surgiu de vazamento em laborat\u00f3rio chin\u00eas\",\"datePublished\":\"2023-02-27T16:03:40+00:00\",\"dateModified\":\"2023-02-27T16:03:41+00:00\",\"mainEntityOfPage\":{\"@id\":\"https:\/\/jornalfatosenoticias.com.br\/index.php\/2023\/02\/27\/agencia-avalia-que-pandemia-da-covid-19-surgiu-de-vazamento-em-laboratorio-chines\/\"},\"wordCount\":455,\"commentCount\":0,\"publisher\":{\"@id\":\"https:\/\/jornalfatosenoticias.com.br\/#organization\"},\"image\":{\"@id\":\"https:\/\/jornalfatosenoticias.com.br\/index.php\/2023\/02\/27\/agencia-avalia-que-pandemia-da-covid-19-surgiu-de-vazamento-em-laboratorio-chines\/#primaryimage\"},\"thumbnailUrl\":\"https:\/\/jornalfatosenoticias.com.br\/wp-content\/uploads\/2023\/02\/covid_china.jpg\",\"keywords\":[\"china\",\"covid-19\",\"laborat\u00f3rio\",\"laborat\u00f3rio chin\u00eas\",\"pandemia\",\"vazamento\"],\"articleSection\":[\"Internacional\"],\"inLanguage\":\"pt-BR\",\"potentialAction\":[{\"@type\":\"CommentAction\",\"name\":\"Comment\",\"target\":[\"https:\/\/jornalfatosenoticias.com.br\/index.php\/2023\/02\/27\/agencia-avalia-que-pandemia-da-covid-19-surgiu-de-vazamento-em-laboratorio-chines\/#respond\"]}]},{\"@type\":\"WebPage\",\"@id\":\"https:\/\/jornalfatosenoticias.com.br\/index.php\/2023\/02\/27\/agencia-avalia-que-pandemia-da-covid-19-surgiu-de-vazamento-em-laboratorio-chines\/\",\"url\":\"https:\/\/jornalfatosenoticias.com.br\/index.php\/2023\/02\/27\/agencia-avalia-que-pandemia-da-covid-19-surgiu-de-vazamento-em-laboratorio-chines\/\",\"name\":\"Ag\u00eancia avalia que pandemia da covid-19 surgiu de vazamento em laborat\u00f3rio chin\u00eas - Jornal Fatos e Not\u00edcias\",\"isPartOf\":{\"@id\":\"https:\/\/jornalfatosenoticias.com.br\/#website\"},\"primaryImageOfPage\":{\"@id\":\"https:\/\/jornalfatosenoticias.com.br\/index.php\/2023\/02\/27\/agencia-avalia-que-pandemia-da-covid-19-surgiu-de-vazamento-em-laboratorio-chines\/#primaryimage\"},\"image\":{\"@id\":\"https:\/\/jornalfatosenoticias.com.br\/index.php\/2023\/02\/27\/agencia-avalia-que-pandemia-da-covid-19-surgiu-de-vazamento-em-laboratorio-chines\/#primaryimage\"},\"thumbnailUrl\":\"https:\/\/jornalfatosenoticias.com.br\/wp-content\/uploads\/2023\/02\/covid_china.jpg\",\"datePublished\":\"2023-02-27T16:03:40+00:00\",\"dateModified\":\"2023-02-27T16:03:41+00:00\",\"breadcrumb\":{\"@id\":\"https:\/\/jornalfatosenoticias.com.br\/index.php\/2023\/02\/27\/agencia-avalia-que-pandemia-da-covid-19-surgiu-de-vazamento-em-laboratorio-chines\/#breadcrumb\"},\"inLanguage\":\"pt-BR\",\"potentialAction\":[{\"@type\":\"ReadAction\",\"target\":[\"https:\/\/jornalfatosenoticias.com.br\/index.php\/2023\/02\/27\/agencia-avalia-que-pandemia-da-covid-19-surgiu-de-vazamento-em-laboratorio-chines\/\"]}]},{\"@type\":\"ImageObject\",\"inLanguage\":\"pt-BR\",\"@id\":\"https:\/\/jornalfatosenoticias.com.br\/index.php\/2023\/02\/27\/agencia-avalia-que-pandemia-da-covid-19-surgiu-de-vazamento-em-laboratorio-chines\/#primaryimage\",\"url\":\"https:\/\/jornalfatosenoticias.com.br\/wp-content\/uploads\/2023\/02\/covid_china.jpg\",\"contentUrl\":\"https:\/\/jornalfatosenoticias.com.br\/wp-content\/uploads\/2023\/02\/covid_china.jpg\",\"width\":1000,\"height\":561},{\"@type\":\"BreadcrumbList\",\"@id\":\"https:\/\/jornalfatosenoticias.com.br\/index.php\/2023\/02\/27\/agencia-avalia-que-pandemia-da-covid-19-surgiu-de-vazamento-em-laboratorio-chines\/#breadcrumb\",\"itemListElement\":[{\"@type\":\"ListItem\",\"position\":1,\"name\":\"In\u00edcio\",\"item\":\"https:\/\/jornalfatosenoticias.com.br\/\"},{\"@type\":\"ListItem\",\"position\":2,\"name\":\"Ag\u00eancia avalia que pandemia da covid-19 surgiu de vazamento em laborat\u00f3rio chin\u00eas\"}]},{\"@type\":\"WebSite\",\"@id\":\"https:\/\/jornalfatosenoticias.com.br\/#website\",\"url\":\"https:\/\/jornalfatosenoticias.com.br\/\",\"name\":\"Jornal Fatos e Not\u00edcias\",\"description\":\"Not\u00edcias em geral\",\"publisher\":{\"@id\":\"https:\/\/jornalfatosenoticias.com.br\/#organization\"},\"potentialAction\":[{\"@type\":\"SearchAction\",\"target\":{\"@type\":\"EntryPoint\",\"urlTemplate\":\"https:\/\/jornalfatosenoticias.com.br\/?s={search_term_string}\"},\"query-input\":{\"@type\":\"PropertyValueSpecification\",\"valueRequired\":true,\"valueName\":\"search_term_string\"}}],\"inLanguage\":\"pt-BR\"},{\"@type\":\"Organization\",\"@id\":\"https:\/\/jornalfatosenoticias.com.br\/#organization\",\"name\":\"Jornal Fatos e Not\u00edcias\",\"url\":\"https:\/\/jornalfatosenoticias.com.br\/\",\"logo\":{\"@type\":\"ImageObject\",\"inLanguage\":\"pt-BR\",\"@id\":\"https:\/\/jornalfatosenoticias.com.br\/#\/schema\/logo\/image\/\",\"url\":\"https:\/\/jornalfatosenoticias.com.br\/wp-content\/uploads\/2020\/02\/logo120.png\",\"contentUrl\":\"https:\/\/jornalfatosenoticias.com.br\/wp-content\/uploads\/2020\/02\/logo120.png\",\"width\":1227,\"height\":120,\"caption\":\"Jornal Fatos e Not\u00edcias\"},\"image\":{\"@id\":\"https:\/\/jornalfatosenoticias.com.br\/#\/schema\/logo\/image\/\"}},{\"@type\":\"Person\",\"@id\":\"https:\/\/jornalfatosenoticias.com.br\/#\/schema\/person\/d63837fa13ac8666eb9e74e0985d6f81\",\"name\":\"Luzimara Fernandes\",\"image\":{\"@type\":\"ImageObject\",\"inLanguage\":\"pt-BR\",\"@id\":\"https:\/\/jornalfatosenoticias.com.br\/#\/schema\/person\/image\/\",\"url\":\"https:\/\/jornalfatosenoticias.com.br\/wp-content\/uploads\/2025\/05\/EU_portal.jpg\",\"contentUrl\":\"https:\/\/jornalfatosenoticias.com.br\/wp-content\/uploads\/2025\/05\/EU_portal.jpg\",\"caption\":\"Luzimara Fernandes\"},\"description\":\"Jornalista MTB 2358-ES\",\"sameAs\":[\"https:\/\/jornalfatosenoticias.com.br\"],\"url\":\"https:\/\/jornalfatosenoticias.com.br\/index.php\/author\/luzimara\/\"}]}<\/script>\n<!-- \/ Yoast SEO plugin. -->","yoast_head_json":{"title":"Ag\u00eancia avalia que pandemia da covid-19 surgiu de vazamento em laborat\u00f3rio chin\u00eas - Jornal Fatos e Not\u00edcias","robots":{"index":"index","follow":"follow","max-snippet":"max-snippet:-1","max-image-preview":"max-image-preview:large","max-video-preview":"max-video-preview:-1"},"canonical":"https:\/\/jornalfatosenoticias.com.br\/index.php\/2023\/02\/27\/agencia-avalia-que-pandemia-da-covid-19-surgiu-de-vazamento-em-laboratorio-chines\/","og_locale":"pt_BR","og_type":"article","og_title":"Ag\u00eancia avalia que pandemia da covid-19 surgiu de vazamento em laborat\u00f3rio chin\u00eas - Jornal Fatos e Not\u00edcias","og_description":"Teor de documento endossa tese do FBI O Departamento de Energia dos Estados Unidos considera que a origem da pandemia de covid-19 possa ter se espalhado a partir de um vazamento em um laborat\u00f3rio de Wuhan, na China. A informa\u00e7\u00e3o consta em um relat\u00f3rio de intelig\u00eancia confidencial recentemente fornecido \u00e0 Casa Branca e aos principais [&hellip;]","og_url":"https:\/\/jornalfatosenoticias.com.br\/index.php\/2023\/02\/27\/agencia-avalia-que-pandemia-da-covid-19-surgiu-de-vazamento-em-laboratorio-chines\/","og_site_name":"Jornal Fatos e Not\u00edcias","article_published_time":"2023-02-27T16:03:40+00:00","article_modified_time":"2023-02-27T16:03:41+00:00","og_image":[{"width":1000,"height":561,"url":"https:\/\/jornalfatosenoticias.com.br\/wp-content\/uploads\/2023\/02\/covid_china.jpg","type":"image\/jpeg"}],"author":"Luzimara Fernandes","twitter_card":"summary_large_image","twitter_misc":{"Escrito por":"Luzimara Fernandes","Est. tempo de leitura":"2 minutos"},"schema":{"@context":"https:\/\/schema.org","@graph":[{"@type":"Article","@id":"https:\/\/jornalfatosenoticias.com.br\/index.php\/2023\/02\/27\/agencia-avalia-que-pandemia-da-covid-19-surgiu-de-vazamento-em-laboratorio-chines\/#article","isPartOf":{"@id":"https:\/\/jornalfatosenoticias.com.br\/index.php\/2023\/02\/27\/agencia-avalia-que-pandemia-da-covid-19-surgiu-de-vazamento-em-laboratorio-chines\/"},"author":{"name":"Luzimara Fernandes","@id":"https:\/\/jornalfatosenoticias.com.br\/#\/schema\/person\/d63837fa13ac8666eb9e74e0985d6f81"},"headline":"Ag\u00eancia avalia que pandemia da covid-19 surgiu de vazamento em laborat\u00f3rio chin\u00eas","datePublished":"2023-02-27T16:03:40+00:00","dateModified":"2023-02-27T16:03:41+00:00","mainEntityOfPage":{"@id":"https:\/\/jornalfatosenoticias.com.br\/index.php\/2023\/02\/27\/agencia-avalia-que-pandemia-da-covid-19-surgiu-de-vazamento-em-laboratorio-chines\/"},"wordCount":455,"commentCount":0,"publisher":{"@id":"https:\/\/jornalfatosenoticias.com.br\/#organization"},"image":{"@id":"https:\/\/jornalfatosenoticias.com.br\/index.php\/2023\/02\/27\/agencia-avalia-que-pandemia-da-covid-19-surgiu-de-vazamento-em-laboratorio-chines\/#primaryimage"},"thumbnailUrl":"https:\/\/jornalfatosenoticias.com.br\/wp-content\/uploads\/2023\/02\/covid_china.jpg","keywords":["china","covid-19","laborat\u00f3rio","laborat\u00f3rio chin\u00eas","pandemia","vazamento"],"articleSection":["Internacional"],"inLanguage":"pt-BR","potentialAction":[{"@type":"CommentAction","name":"Comment","target":["https:\/\/jornalfatosenoticias.com.br\/index.php\/2023\/02\/27\/agencia-avalia-que-pandemia-da-covid-19-surgiu-de-vazamento-em-laboratorio-chines\/#respond"]}]},{"@type":"WebPage","@id":"https:\/\/jornalfatosenoticias.com.br\/index.php\/2023\/02\/27\/agencia-avalia-que-pandemia-da-covid-19-surgiu-de-vazamento-em-laboratorio-chines\/","url":"https:\/\/jornalfatosenoticias.com.br\/index.php\/2023\/02\/27\/agencia-avalia-que-pandemia-da-covid-19-surgiu-de-vazamento-em-laboratorio-chines\/","name":"Ag\u00eancia avalia que pandemia da covid-19 surgiu de vazamento em laborat\u00f3rio chin\u00eas - Jornal Fatos e Not\u00edcias","isPartOf":{"@id":"https:\/\/jornalfatosenoticias.com.br\/#website"},"primaryImageOfPage":{"@id":"https:\/\/jornalfatosenoticias.com.br\/index.php\/2023\/02\/27\/agencia-avalia-que-pandemia-da-covid-19-surgiu-de-vazamento-em-laboratorio-chines\/#primaryimage"},"image":{"@id":"https:\/\/jornalfatosenoticias.com.br\/index.php\/2023\/02\/27\/agencia-avalia-que-pandemia-da-covid-19-surgiu-de-vazamento-em-laboratorio-chines\/#primaryimage"},"thumbnailUrl":"https:\/\/jornalfatosenoticias.com.br\/wp-content\/uploads\/2023\/02\/covid_china.jpg","datePublished":"2023-02-27T16:03:40+00:00","dateModified":"2023-02-27T16:03:41+00:00","breadcrumb":{"@id":"https:\/\/jornalfatosenoticias.com.br\/index.php\/2023\/02\/27\/agencia-avalia-que-pandemia-da-covid-19-surgiu-de-vazamento-em-laboratorio-chines\/#breadcrumb"},"inLanguage":"pt-BR","potentialAction":[{"@type":"ReadAction","target":["https:\/\/jornalfatosenoticias.com.br\/index.php\/2023\/02\/27\/agencia-avalia-que-pandemia-da-covid-19-surgiu-de-vazamento-em-laboratorio-chines\/"]}]},{"@type":"ImageObject","inLanguage":"pt-BR","@id":"https:\/\/jornalfatosenoticias.com.br\/index.php\/2023\/02\/27\/agencia-avalia-que-pandemia-da-covid-19-surgiu-de-vazamento-em-laboratorio-chines\/#primaryimage","url":"https:\/\/jornalfatosenoticias.com.br\/wp-content\/uploads\/2023\/02\/covid_china.jpg","contentUrl":"https:\/\/jornalfatosenoticias.com.br\/wp-content\/uploads\/2023\/02\/covid_china.jpg","width":1000,"height":561},{"@type":"BreadcrumbList","@id":"https:\/\/jornalfatosenoticias.com.br\/index.php\/2023\/02\/27\/agencia-avalia-que-pandemia-da-covid-19-surgiu-de-vazamento-em-laboratorio-chines\/#breadcrumb","itemListElement":[{"@type":"ListItem","position":1,"name":"In\u00edcio","item":"https:\/\/jornalfatosenoticias.com.br\/"},{"@type":"ListItem","position":2,"name":"Ag\u00eancia avalia que pandemia da covid-19 surgiu de vazamento em laborat\u00f3rio chin\u00eas"}]},{"@type":"WebSite","@id":"https:\/\/jornalfatosenoticias.com.br\/#website","url":"https:\/\/jornalfatosenoticias.com.br\/","name":"Jornal Fatos e Not\u00edcias","description":"Not\u00edcias em geral","publisher":{"@id":"https:\/\/jornalfatosenoticias.com.br\/#organization"},"potentialAction":[{"@type":"SearchAction","target":{"@type":"EntryPoint","urlTemplate":"https:\/\/jornalfatosenoticias.com.br\/?s={search_term_string}"},"query-input":{"@type":"PropertyValueSpecification","valueRequired":true,"valueName":"search_term_string"}}],"inLanguage":"pt-BR"},{"@type":"Organization","@id":"https:\/\/jornalfatosenoticias.com.br\/#organization","name":"Jornal Fatos e Not\u00edcias","url":"https:\/\/jornalfatosenoticias.com.br\/","logo":{"@type":"ImageObject","inLanguage":"pt-BR","@id":"https:\/\/jornalfatosenoticias.com.br\/#\/schema\/logo\/image\/","url":"https:\/\/jornalfatosenoticias.com.br\/wp-content\/uploads\/2020\/02\/logo120.png","contentUrl":"https:\/\/jornalfatosenoticias.com.br\/wp-content\/uploads\/2020\/02\/logo120.png","width":1227,"height":120,"caption":"Jornal Fatos e Not\u00edcias"},"image":{"@id":"https:\/\/jornalfatosenoticias.com.br\/#\/schema\/logo\/image\/"}},{"@type":"Person","@id":"https:\/\/jornalfatosenoticias.com.br\/#\/schema\/person\/d63837fa13ac8666eb9e74e0985d6f81","name":"Luzimara Fernandes","image":{"@type":"ImageObject","inLanguage":"pt-BR","@id":"https:\/\/jornalfatosenoticias.com.br\/#\/schema\/person\/image\/","url":"https:\/\/jornalfatosenoticias.com.br\/wp-content\/uploads\/2025\/05\/EU_portal.jpg","contentUrl":"https:\/\/jornalfatosenoticias.com.br\/wp-content\/uploads\/2025\/05\/EU_portal.jpg","caption":"Luzimara Fernandes"},"description":"Jornalista MTB 2358-ES","sameAs":["https:\/\/jornalfatosenoticias.com.br"],"url":"https:\/\/jornalfatosenoticias.com.br\/index.php\/author\/luzimara\/"}]}},"cc_featured_image_caption":{"caption_text":"(Foto: Getty Images)","source_text":"","source_url":""},"jetpack_featured_media_url":"https:\/\/jornalfatosenoticias.com.br\/wp-content\/uploads\/2023\/02\/covid_china.jpg","_links":{"self":[{"href":"https:\/\/jornalfatosenoticias.com.br\/index.php\/wp-json\/wp\/v2\/posts\/39083","targetHints":{"allow":["GET"]}}],"collection":[{"href":"https:\/\/jornalfatosenoticias.com.br\/index.php\/wp-json\/wp\/v2\/posts"}],"about":[{"href":"https:\/\/jornalfatosenoticias.com.br\/index.php\/wp-json\/wp\/v2\/types\/post"}],"author":[{"embeddable":true,"href":"https:\/\/jornalfatosenoticias.com.br\/index.php\/wp-json\/wp\/v2\/users\/2"}],"replies":[{"embeddable":true,"href":"https:\/\/jornalfatosenoticias.com.br\/index.php\/wp-json\/wp\/v2\/comments?post=39083"}],"version-history":[{"count":0,"href":"https:\/\/jornalfatosenoticias.com.br\/index.php\/wp-json\/wp\/v2\/posts\/39083\/revisions"}],"wp:featuredmedia":[{"embeddable":true,"href":"https:\/\/jornalfatosenoticias.com.br\/index.php\/wp-json\/wp\/v2\/media\/39084"}],"wp:attachment":[{"href":"https:\/\/jornalfatosenoticias.com.br\/index.php\/wp-json\/wp\/v2\/media?parent=39083"}],"wp:term":[{"taxonomy":"category","embeddable":true,"href":"https:\/\/jornalfatosenoticias.com.br\/index.php\/wp-json\/wp\/v2\/categories?post=39083"},{"taxonomy":"post_tag","embeddable":true,"href":"https:\/\/jornalfatosenoticias.com.br\/index.php\/wp-json\/wp\/v2\/tags?post=39083"}],"curies":[{"name":"wp","href":"https:\/\/api.w.org\/{rel}","templated":true}]}}