{"id":39135,"date":"2023-02-28T15:23:18","date_gmt":"2023-02-28T18:23:18","guid":{"rendered":"https:\/\/jornalfatosenoticias.com.br\/?p=39135"},"modified":"2023-02-28T15:23:20","modified_gmt":"2023-02-28T18:23:20","slug":"ex-medico-da-casa-branca-alerta-para-declinio-cognitivo-de-biden","status":"publish","type":"post","link":"https:\/\/jornalfatosenoticias.com.br\/index.php\/2023\/02\/28\/ex-medico-da-casa-branca-alerta-para-declinio-cognitivo-de-biden\/","title":{"rendered":"Ex-m\u00e9dico da Casa Branca alerta para \u201cdecl\u00ednio cognitivo\u201d de Biden"},"content":{"rendered":"\n<p><em><span class=\"has-inline-color has-black-color\">Em uma pesquisa realizada no in\u00edcio deste m\u00eas, cerca de 57% dos americanos t\u00eam d\u00favidas sobre a aptid\u00e3o mental de Biden<\/span><\/em><\/p>\n\n\n\n<div class=\"wp-block-image\"><figure class=\"aligncenter size-large\"><img decoding=\"async\" src=\"https:\/\/jornalfatosenoticias.com.br\/wp-content\/uploads\/2020\/02\/Banner-Site-1120x120px-1024x110.png\" alt=\"\" class=\"wp-image-38901\"\/><\/figure><\/div>\n\n\n\n<p>O ex-m\u00e9dico da Casa Branca e deputado republicano Ronny Jackson criticou o presidente dos EUA, Joe Biden, argumentando que seu estado mental em decl\u00ednio representa um perigo para todo o pa\u00eds.<\/p>\n\n\n\n<div class=\"wp-block-image\"><figure class=\"aligncenter size-large is-resized\"><img loading=\"lazy\" decoding=\"async\" src=\"https:\/\/jornalfatosenoticias.com.br\/wp-content\/uploads\/2022\/10\/RC_800x750_page-0001.jpg\" alt=\"\" class=\"wp-image-35338\" width=\"243\" height=\"228\" srcset=\"https:\/\/jornalfatosenoticias.com.br\/wp-content\/uploads\/2022\/10\/RC_800x750_page-0001.jpg 400w, https:\/\/jornalfatosenoticias.com.br\/wp-content\/uploads\/2022\/10\/RC_800x750_page-0001-300x281.jpg 300w\" sizes=\"auto, (max-width: 243px) 100vw, 243px\" \/><\/figure><\/div>\n\n\n\n<figure class=\"wp-block-pullquote\"><blockquote><p><span class=\"has-inline-color has-luminous-vivid-orange-color\">\u00c9 aterrorizante para o nosso pa\u00eds que Biden seja nosso comandante-chefe\u201d, escreveu Jackson no Twitter no s\u00e1bado. \u201cEle n\u00e3o sabe onde est\u00e1 na metade do tempo e todos os dias nos aproxima de uma guerra total com a R\u00fassia e a China. Seu decl\u00ednio cognitivo vai matar as pessoas!!\u201d.<\/span><\/p><\/blockquote><\/figure>\n\n\n\n<div class=\"wp-block-image\"><figure class=\"aligncenter size-large\"><img loading=\"lazy\" decoding=\"async\" width=\"300\" height=\"250\" src=\"https:\/\/jornalfatosenoticias.com.br\/wp-content\/uploads\/2022\/08\/arte-Casarao.jpg\" alt=\"\" class=\"wp-image-33178\"\/><\/figure><\/div>\n\n\n\n<p>Jackson, que serviu como m\u00e9dico da Casa Branca para o presidente de Barack Obama e Donald Trump at\u00e9 2018, j\u00e1 havia criticado o atual governo dos EUA por n\u00e3o divulgar a verdade sobre a sa\u00fade mental de Joe Biden. No in\u00edcio deste m\u00eas, a Casa Branca divulgou um resumo sobre o estado de sa\u00fade de Biden com base em uma revis\u00e3o do hist\u00f3rico m\u00e9dico e um \u201cexame f\u00edsico detalhado\u201d, que constatou que o presidente era um \u201chomem saud\u00e1vel e vigoroso de 80 anos\u201d que estava apto para exercer suas fun\u00e7\u00f5es.<\/p>\n\n\n\n<div class=\"wp-block-image\"><figure class=\"aligncenter size-large is-resized\"><img loading=\"lazy\" decoding=\"async\" src=\"https:\/\/jornalfatosenoticias.com.br\/wp-content\/uploads\/2020\/02\/logo-clinica-limoeiro.jpg\" alt=\"\" class=\"wp-image-34610\" width=\"268\" height=\"190\"\/><\/figure><\/div>\n\n\n\n<p>Respondendo ao relat\u00f3rio de sa\u00fade do presidente, Jackson afirmou que o exame m\u00e9dico foi uma \u201cpiada\u201d e um \u201cencobrimento\u201d. Ele tamb\u00e9m apontou que Biden, ao contr\u00e1rio de seu antecessor, Donald Trump, n\u00e3o havia feito um teste cognitivo e argumentou que a \u201ccapacidade de pensar e raciocinar do presidente em exerc\u00edcio se foi\u201d e que ele n\u00e3o deveria estar no cargo.<\/p>\n\n\n\n<div class=\"wp-block-image\"><figure class=\"aligncenter size-large\"><img decoding=\"async\" src=\"https:\/\/jornalfatosenoticias.com.br\/wp-content\/uploads\/2020\/02\/logo_esteio.jpg\" alt=\"\" class=\"wp-image-1214\"\/><\/figure><\/div>\n\n\n\n<p>De acordo com uma recente pesquisa Harvard CAPS-Harris realizada no in\u00edcio deste m\u00eas, cerca de 57% dos americanos t\u00eam d\u00favidas sobre a aptid\u00e3o mental de Biden, com 67% pensando que ele parece velho demais para liderar o pa\u00eds.<\/p>\n\n\n\n<div class=\"wp-block-image\"><figure class=\"aligncenter size-large is-resized\"><img loading=\"lazy\" decoding=\"async\" src=\"https:\/\/jornalfatosenoticias.com.br\/wp-content\/uploads\/2020\/02\/logo-embacia.jpg\" alt=\"\" class=\"wp-image-33905\" width=\"284\" height=\"284\"\/><\/figure><\/div>\n\n\n\n<p>As especula\u00e7\u00f5es sobre as habilidades cognitivas do presidente s\u00f3 continuaram a crescer devido \u00e0s suas in\u00fameras gafes recorrentes, a \u00faltima das quais foi ele proclamar que <em><strong><span class=\"has-inline-color has-black-color\">\u201cmais da metade das mulheres em meu governo s\u00e3o mulheres\u201d.<\/span><\/strong><\/em><\/p>\n\n\n\n<p><strong><em>Fonte: <a href=\"https:\/\/gazetabrasil.com.br\/mundo\/2023\/02\/27\/ex-medico-da-casa-branca-alerta-para-declinio-cognitivo-de-biden\/\">Gazeta Brasil<\/a><\/em><\/strong><\/p>\n","protected":false},"excerpt":{"rendered":"<p>Em uma pesquisa realizada no in\u00edcio deste m\u00eas, cerca de 57% dos americanos t\u00eam d\u00favidas sobre a aptid\u00e3o mental de Biden O ex-m\u00e9dico da Casa Branca e deputado republicano Ronny Jackson criticou o presidente dos EUA, Joe Biden, argumentando que seu estado mental em decl\u00ednio representa um perigo para todo o pa\u00eds. \u00c9 aterrorizante para [&hellip;]<\/p>\n","protected":false},"author":2,"featured_media":39136,"comment_status":"open","ping_status":"open","sticky":false,"template":"","format":"standard","meta":{"footnotes":""},"categories":[41],"tags":[18297,8690,18298,7703,688],"class_list":["post-39135","post","type-post","status-publish","format-standard","has-post-thumbnail","hentry","category-internacional","tag-casa-branca","tag-declinio-cognitivo","tag-ex-medico","tag-joe-biden","tag-saude-mental"],"yoast_head":"<!-- This site is optimized with the Yoast SEO plugin v26.5 - https:\/\/yoast.com\/wordpress\/plugins\/seo\/ -->\n<title>Ex-m\u00e9dico da Casa Branca alerta para \u201cdecl\u00ednio cognitivo\u201d de Biden - Jornal Fatos e Not\u00edcias<\/title>\n<meta name=\"robots\" content=\"index, follow, max-snippet:-1, max-image-preview:large, max-video-preview:-1\" \/>\n<link rel=\"canonical\" href=\"https:\/\/jornalfatosenoticias.com.br\/index.php\/2023\/02\/28\/ex-medico-da-casa-branca-alerta-para-declinio-cognitivo-de-biden\/\" \/>\n<meta property=\"og:locale\" content=\"pt_BR\" \/>\n<meta property=\"og:type\" content=\"article\" \/>\n<meta property=\"og:title\" content=\"Ex-m\u00e9dico da Casa Branca alerta para \u201cdecl\u00ednio cognitivo\u201d de Biden - Jornal Fatos e Not\u00edcias\" \/>\n<meta property=\"og:description\" content=\"Em uma pesquisa realizada no in\u00edcio deste m\u00eas, cerca de 57% dos americanos t\u00eam d\u00favidas sobre a aptid\u00e3o mental de Biden O ex-m\u00e9dico da Casa Branca e deputado republicano Ronny Jackson criticou o presidente dos EUA, Joe Biden, argumentando que seu estado mental em decl\u00ednio representa um perigo para todo o pa\u00eds. \u00c9 aterrorizante para [&hellip;]\" \/>\n<meta property=\"og:url\" content=\"https:\/\/jornalfatosenoticias.com.br\/index.php\/2023\/02\/28\/ex-medico-da-casa-branca-alerta-para-declinio-cognitivo-de-biden\/\" \/>\n<meta property=\"og:site_name\" content=\"Jornal Fatos e Not\u00edcias\" \/>\n<meta property=\"article:published_time\" content=\"2023-02-28T18:23:18+00:00\" \/>\n<meta property=\"article:modified_time\" content=\"2023-02-28T18:23:20+00:00\" \/>\n<meta property=\"og:image\" content=\"https:\/\/jornalfatosenoticias.com.br\/wp-content\/uploads\/2023\/02\/biden.png\" \/>\n\t<meta property=\"og:image:width\" content=\"1000\" \/>\n\t<meta property=\"og:image:height\" content=\"546\" \/>\n\t<meta property=\"og:image:type\" content=\"image\/png\" \/>\n<meta name=\"author\" content=\"Luzimara Fernandes\" \/>\n<meta name=\"twitter:card\" content=\"summary_large_image\" \/>\n<meta name=\"twitter:label1\" content=\"Escrito por\" \/>\n\t<meta name=\"twitter:data1\" content=\"Luzimara Fernandes\" \/>\n\t<meta name=\"twitter:label2\" content=\"Est. tempo de leitura\" \/>\n\t<meta name=\"twitter:data2\" content=\"2 minutos\" \/>\n<script type=\"application\/ld+json\" class=\"yoast-schema-graph\">{\"@context\":\"https:\/\/schema.org\",\"@graph\":[{\"@type\":\"Article\",\"@id\":\"https:\/\/jornalfatosenoticias.com.br\/index.php\/2023\/02\/28\/ex-medico-da-casa-branca-alerta-para-declinio-cognitivo-de-biden\/#article\",\"isPartOf\":{\"@id\":\"https:\/\/jornalfatosenoticias.com.br\/index.php\/2023\/02\/28\/ex-medico-da-casa-branca-alerta-para-declinio-cognitivo-de-biden\/\"},\"author\":{\"name\":\"Luzimara Fernandes\",\"@id\":\"https:\/\/jornalfatosenoticias.com.br\/#\/schema\/person\/d63837fa13ac8666eb9e74e0985d6f81\"},\"headline\":\"Ex-m\u00e9dico da Casa Branca alerta para \u201cdecl\u00ednio cognitivo\u201d de Biden\",\"datePublished\":\"2023-02-28T18:23:18+00:00\",\"dateModified\":\"2023-02-28T18:23:20+00:00\",\"mainEntityOfPage\":{\"@id\":\"https:\/\/jornalfatosenoticias.com.br\/index.php\/2023\/02\/28\/ex-medico-da-casa-branca-alerta-para-declinio-cognitivo-de-biden\/\"},\"wordCount\":376,\"commentCount\":0,\"publisher\":{\"@id\":\"https:\/\/jornalfatosenoticias.com.br\/#organization\"},\"image\":{\"@id\":\"https:\/\/jornalfatosenoticias.com.br\/index.php\/2023\/02\/28\/ex-medico-da-casa-branca-alerta-para-declinio-cognitivo-de-biden\/#primaryimage\"},\"thumbnailUrl\":\"https:\/\/jornalfatosenoticias.com.br\/wp-content\/uploads\/2023\/02\/biden.png\",\"keywords\":[\"Casa Branca\",\"decl\u00ednio cognitivo\",\"ex-m\u00e9dico\",\"Joe Biden\",\"sa\u00fade mental\"],\"articleSection\":[\"Internacional\"],\"inLanguage\":\"pt-BR\",\"potentialAction\":[{\"@type\":\"CommentAction\",\"name\":\"Comment\",\"target\":[\"https:\/\/jornalfatosenoticias.com.br\/index.php\/2023\/02\/28\/ex-medico-da-casa-branca-alerta-para-declinio-cognitivo-de-biden\/#respond\"]}]},{\"@type\":\"WebPage\",\"@id\":\"https:\/\/jornalfatosenoticias.com.br\/index.php\/2023\/02\/28\/ex-medico-da-casa-branca-alerta-para-declinio-cognitivo-de-biden\/\",\"url\":\"https:\/\/jornalfatosenoticias.com.br\/index.php\/2023\/02\/28\/ex-medico-da-casa-branca-alerta-para-declinio-cognitivo-de-biden\/\",\"name\":\"Ex-m\u00e9dico da Casa Branca alerta para \u201cdecl\u00ednio cognitivo\u201d de Biden - Jornal Fatos e Not\u00edcias\",\"isPartOf\":{\"@id\":\"https:\/\/jornalfatosenoticias.com.br\/#website\"},\"primaryImageOfPage\":{\"@id\":\"https:\/\/jornalfatosenoticias.com.br\/index.php\/2023\/02\/28\/ex-medico-da-casa-branca-alerta-para-declinio-cognitivo-de-biden\/#primaryimage\"},\"image\":{\"@id\":\"https:\/\/jornalfatosenoticias.com.br\/index.php\/2023\/02\/28\/ex-medico-da-casa-branca-alerta-para-declinio-cognitivo-de-biden\/#primaryimage\"},\"thumbnailUrl\":\"https:\/\/jornalfatosenoticias.com.br\/wp-content\/uploads\/2023\/02\/biden.png\",\"datePublished\":\"2023-02-28T18:23:18+00:00\",\"dateModified\":\"2023-02-28T18:23:20+00:00\",\"breadcrumb\":{\"@id\":\"https:\/\/jornalfatosenoticias.com.br\/index.php\/2023\/02\/28\/ex-medico-da-casa-branca-alerta-para-declinio-cognitivo-de-biden\/#breadcrumb\"},\"inLanguage\":\"pt-BR\",\"potentialAction\":[{\"@type\":\"ReadAction\",\"target\":[\"https:\/\/jornalfatosenoticias.com.br\/index.php\/2023\/02\/28\/ex-medico-da-casa-branca-alerta-para-declinio-cognitivo-de-biden\/\"]}]},{\"@type\":\"ImageObject\",\"inLanguage\":\"pt-BR\",\"@id\":\"https:\/\/jornalfatosenoticias.com.br\/index.php\/2023\/02\/28\/ex-medico-da-casa-branca-alerta-para-declinio-cognitivo-de-biden\/#primaryimage\",\"url\":\"https:\/\/jornalfatosenoticias.com.br\/wp-content\/uploads\/2023\/02\/biden.png\",\"contentUrl\":\"https:\/\/jornalfatosenoticias.com.br\/wp-content\/uploads\/2023\/02\/biden.png\",\"width\":1000,\"height\":546},{\"@type\":\"BreadcrumbList\",\"@id\":\"https:\/\/jornalfatosenoticias.com.br\/index.php\/2023\/02\/28\/ex-medico-da-casa-branca-alerta-para-declinio-cognitivo-de-biden\/#breadcrumb\",\"itemListElement\":[{\"@type\":\"ListItem\",\"position\":1,\"name\":\"In\u00edcio\",\"item\":\"https:\/\/jornalfatosenoticias.com.br\/\"},{\"@type\":\"ListItem\",\"position\":2,\"name\":\"Ex-m\u00e9dico da Casa Branca alerta para \u201cdecl\u00ednio cognitivo\u201d de Biden\"}]},{\"@type\":\"WebSite\",\"@id\":\"https:\/\/jornalfatosenoticias.com.br\/#website\",\"url\":\"https:\/\/jornalfatosenoticias.com.br\/\",\"name\":\"Jornal Fatos e Not\u00edcias\",\"description\":\"Not\u00edcias em geral\",\"publisher\":{\"@id\":\"https:\/\/jornalfatosenoticias.com.br\/#organization\"},\"potentialAction\":[{\"@type\":\"SearchAction\",\"target\":{\"@type\":\"EntryPoint\",\"urlTemplate\":\"https:\/\/jornalfatosenoticias.com.br\/?s={search_term_string}\"},\"query-input\":{\"@type\":\"PropertyValueSpecification\",\"valueRequired\":true,\"valueName\":\"search_term_string\"}}],\"inLanguage\":\"pt-BR\"},{\"@type\":\"Organization\",\"@id\":\"https:\/\/jornalfatosenoticias.com.br\/#organization\",\"name\":\"Jornal Fatos e Not\u00edcias\",\"url\":\"https:\/\/jornalfatosenoticias.com.br\/\",\"logo\":{\"@type\":\"ImageObject\",\"inLanguage\":\"pt-BR\",\"@id\":\"https:\/\/jornalfatosenoticias.com.br\/#\/schema\/logo\/image\/\",\"url\":\"https:\/\/jornalfatosenoticias.com.br\/wp-content\/uploads\/2020\/02\/logo120.png\",\"contentUrl\":\"https:\/\/jornalfatosenoticias.com.br\/wp-content\/uploads\/2020\/02\/logo120.png\",\"width\":1227,\"height\":120,\"caption\":\"Jornal Fatos e Not\u00edcias\"},\"image\":{\"@id\":\"https:\/\/jornalfatosenoticias.com.br\/#\/schema\/logo\/image\/\"}},{\"@type\":\"Person\",\"@id\":\"https:\/\/jornalfatosenoticias.com.br\/#\/schema\/person\/d63837fa13ac8666eb9e74e0985d6f81\",\"name\":\"Luzimara Fernandes\",\"image\":{\"@type\":\"ImageObject\",\"inLanguage\":\"pt-BR\",\"@id\":\"https:\/\/jornalfatosenoticias.com.br\/#\/schema\/person\/image\/\",\"url\":\"https:\/\/jornalfatosenoticias.com.br\/wp-content\/uploads\/2025\/05\/EU_portal.jpg\",\"contentUrl\":\"https:\/\/jornalfatosenoticias.com.br\/wp-content\/uploads\/2025\/05\/EU_portal.jpg\",\"caption\":\"Luzimara Fernandes\"},\"description\":\"Jornalista MTB 2358-ES\",\"sameAs\":[\"https:\/\/jornalfatosenoticias.com.br\"],\"url\":\"https:\/\/jornalfatosenoticias.com.br\/index.php\/author\/luzimara\/\"}]}<\/script>\n<!-- \/ Yoast SEO plugin. -->","yoast_head_json":{"title":"Ex-m\u00e9dico da Casa Branca alerta para \u201cdecl\u00ednio cognitivo\u201d de Biden - Jornal Fatos e Not\u00edcias","robots":{"index":"index","follow":"follow","max-snippet":"max-snippet:-1","max-image-preview":"max-image-preview:large","max-video-preview":"max-video-preview:-1"},"canonical":"https:\/\/jornalfatosenoticias.com.br\/index.php\/2023\/02\/28\/ex-medico-da-casa-branca-alerta-para-declinio-cognitivo-de-biden\/","og_locale":"pt_BR","og_type":"article","og_title":"Ex-m\u00e9dico da Casa Branca alerta para \u201cdecl\u00ednio cognitivo\u201d de Biden - Jornal Fatos e Not\u00edcias","og_description":"Em uma pesquisa realizada no in\u00edcio deste m\u00eas, cerca de 57% dos americanos t\u00eam d\u00favidas sobre a aptid\u00e3o mental de Biden O ex-m\u00e9dico da Casa Branca e deputado republicano Ronny Jackson criticou o presidente dos EUA, Joe Biden, argumentando que seu estado mental em decl\u00ednio representa um perigo para todo o pa\u00eds. \u00c9 aterrorizante para [&hellip;]","og_url":"https:\/\/jornalfatosenoticias.com.br\/index.php\/2023\/02\/28\/ex-medico-da-casa-branca-alerta-para-declinio-cognitivo-de-biden\/","og_site_name":"Jornal Fatos e Not\u00edcias","article_published_time":"2023-02-28T18:23:18+00:00","article_modified_time":"2023-02-28T18:23:20+00:00","og_image":[{"width":1000,"height":546,"url":"https:\/\/jornalfatosenoticias.com.br\/wp-content\/uploads\/2023\/02\/biden.png","type":"image\/png"}],"author":"Luzimara Fernandes","twitter_card":"summary_large_image","twitter_misc":{"Escrito por":"Luzimara Fernandes","Est. tempo de leitura":"2 minutos"},"schema":{"@context":"https:\/\/schema.org","@graph":[{"@type":"Article","@id":"https:\/\/jornalfatosenoticias.com.br\/index.php\/2023\/02\/28\/ex-medico-da-casa-branca-alerta-para-declinio-cognitivo-de-biden\/#article","isPartOf":{"@id":"https:\/\/jornalfatosenoticias.com.br\/index.php\/2023\/02\/28\/ex-medico-da-casa-branca-alerta-para-declinio-cognitivo-de-biden\/"},"author":{"name":"Luzimara Fernandes","@id":"https:\/\/jornalfatosenoticias.com.br\/#\/schema\/person\/d63837fa13ac8666eb9e74e0985d6f81"},"headline":"Ex-m\u00e9dico da Casa Branca alerta para \u201cdecl\u00ednio cognitivo\u201d de Biden","datePublished":"2023-02-28T18:23:18+00:00","dateModified":"2023-02-28T18:23:20+00:00","mainEntityOfPage":{"@id":"https:\/\/jornalfatosenoticias.com.br\/index.php\/2023\/02\/28\/ex-medico-da-casa-branca-alerta-para-declinio-cognitivo-de-biden\/"},"wordCount":376,"commentCount":0,"publisher":{"@id":"https:\/\/jornalfatosenoticias.com.br\/#organization"},"image":{"@id":"https:\/\/jornalfatosenoticias.com.br\/index.php\/2023\/02\/28\/ex-medico-da-casa-branca-alerta-para-declinio-cognitivo-de-biden\/#primaryimage"},"thumbnailUrl":"https:\/\/jornalfatosenoticias.com.br\/wp-content\/uploads\/2023\/02\/biden.png","keywords":["Casa Branca","decl\u00ednio cognitivo","ex-m\u00e9dico","Joe Biden","sa\u00fade mental"],"articleSection":["Internacional"],"inLanguage":"pt-BR","potentialAction":[{"@type":"CommentAction","name":"Comment","target":["https:\/\/jornalfatosenoticias.com.br\/index.php\/2023\/02\/28\/ex-medico-da-casa-branca-alerta-para-declinio-cognitivo-de-biden\/#respond"]}]},{"@type":"WebPage","@id":"https:\/\/jornalfatosenoticias.com.br\/index.php\/2023\/02\/28\/ex-medico-da-casa-branca-alerta-para-declinio-cognitivo-de-biden\/","url":"https:\/\/jornalfatosenoticias.com.br\/index.php\/2023\/02\/28\/ex-medico-da-casa-branca-alerta-para-declinio-cognitivo-de-biden\/","name":"Ex-m\u00e9dico da Casa Branca alerta para \u201cdecl\u00ednio cognitivo\u201d de Biden - Jornal Fatos e Not\u00edcias","isPartOf":{"@id":"https:\/\/jornalfatosenoticias.com.br\/#website"},"primaryImageOfPage":{"@id":"https:\/\/jornalfatosenoticias.com.br\/index.php\/2023\/02\/28\/ex-medico-da-casa-branca-alerta-para-declinio-cognitivo-de-biden\/#primaryimage"},"image":{"@id":"https:\/\/jornalfatosenoticias.com.br\/index.php\/2023\/02\/28\/ex-medico-da-casa-branca-alerta-para-declinio-cognitivo-de-biden\/#primaryimage"},"thumbnailUrl":"https:\/\/jornalfatosenoticias.com.br\/wp-content\/uploads\/2023\/02\/biden.png","datePublished":"2023-02-28T18:23:18+00:00","dateModified":"2023-02-28T18:23:20+00:00","breadcrumb":{"@id":"https:\/\/jornalfatosenoticias.com.br\/index.php\/2023\/02\/28\/ex-medico-da-casa-branca-alerta-para-declinio-cognitivo-de-biden\/#breadcrumb"},"inLanguage":"pt-BR","potentialAction":[{"@type":"ReadAction","target":["https:\/\/jornalfatosenoticias.com.br\/index.php\/2023\/02\/28\/ex-medico-da-casa-branca-alerta-para-declinio-cognitivo-de-biden\/"]}]},{"@type":"ImageObject","inLanguage":"pt-BR","@id":"https:\/\/jornalfatosenoticias.com.br\/index.php\/2023\/02\/28\/ex-medico-da-casa-branca-alerta-para-declinio-cognitivo-de-biden\/#primaryimage","url":"https:\/\/jornalfatosenoticias.com.br\/wp-content\/uploads\/2023\/02\/biden.png","contentUrl":"https:\/\/jornalfatosenoticias.com.br\/wp-content\/uploads\/2023\/02\/biden.png","width":1000,"height":546},{"@type":"BreadcrumbList","@id":"https:\/\/jornalfatosenoticias.com.br\/index.php\/2023\/02\/28\/ex-medico-da-casa-branca-alerta-para-declinio-cognitivo-de-biden\/#breadcrumb","itemListElement":[{"@type":"ListItem","position":1,"name":"In\u00edcio","item":"https:\/\/jornalfatosenoticias.com.br\/"},{"@type":"ListItem","position":2,"name":"Ex-m\u00e9dico da Casa Branca alerta para \u201cdecl\u00ednio cognitivo\u201d de Biden"}]},{"@type":"WebSite","@id":"https:\/\/jornalfatosenoticias.com.br\/#website","url":"https:\/\/jornalfatosenoticias.com.br\/","name":"Jornal Fatos e Not\u00edcias","description":"Not\u00edcias em geral","publisher":{"@id":"https:\/\/jornalfatosenoticias.com.br\/#organization"},"potentialAction":[{"@type":"SearchAction","target":{"@type":"EntryPoint","urlTemplate":"https:\/\/jornalfatosenoticias.com.br\/?s={search_term_string}"},"query-input":{"@type":"PropertyValueSpecification","valueRequired":true,"valueName":"search_term_string"}}],"inLanguage":"pt-BR"},{"@type":"Organization","@id":"https:\/\/jornalfatosenoticias.com.br\/#organization","name":"Jornal Fatos e Not\u00edcias","url":"https:\/\/jornalfatosenoticias.com.br\/","logo":{"@type":"ImageObject","inLanguage":"pt-BR","@id":"https:\/\/jornalfatosenoticias.com.br\/#\/schema\/logo\/image\/","url":"https:\/\/jornalfatosenoticias.com.br\/wp-content\/uploads\/2020\/02\/logo120.png","contentUrl":"https:\/\/jornalfatosenoticias.com.br\/wp-content\/uploads\/2020\/02\/logo120.png","width":1227,"height":120,"caption":"Jornal Fatos e Not\u00edcias"},"image":{"@id":"https:\/\/jornalfatosenoticias.com.br\/#\/schema\/logo\/image\/"}},{"@type":"Person","@id":"https:\/\/jornalfatosenoticias.com.br\/#\/schema\/person\/d63837fa13ac8666eb9e74e0985d6f81","name":"Luzimara Fernandes","image":{"@type":"ImageObject","inLanguage":"pt-BR","@id":"https:\/\/jornalfatosenoticias.com.br\/#\/schema\/person\/image\/","url":"https:\/\/jornalfatosenoticias.com.br\/wp-content\/uploads\/2025\/05\/EU_portal.jpg","contentUrl":"https:\/\/jornalfatosenoticias.com.br\/wp-content\/uploads\/2025\/05\/EU_portal.jpg","caption":"Luzimara Fernandes"},"description":"Jornalista MTB 2358-ES","sameAs":["https:\/\/jornalfatosenoticias.com.br"],"url":"https:\/\/jornalfatosenoticias.com.br\/index.php\/author\/luzimara\/"}]}},"cc_featured_image_caption":{"caption_text":"(Foto: Divulga\u00e7\u00e3o) ","source_text":"","source_url":""},"jetpack_featured_media_url":"https:\/\/jornalfatosenoticias.com.br\/wp-content\/uploads\/2023\/02\/biden.png","_links":{"self":[{"href":"https:\/\/jornalfatosenoticias.com.br\/index.php\/wp-json\/wp\/v2\/posts\/39135","targetHints":{"allow":["GET"]}}],"collection":[{"href":"https:\/\/jornalfatosenoticias.com.br\/index.php\/wp-json\/wp\/v2\/posts"}],"about":[{"href":"https:\/\/jornalfatosenoticias.com.br\/index.php\/wp-json\/wp\/v2\/types\/post"}],"author":[{"embeddable":true,"href":"https:\/\/jornalfatosenoticias.com.br\/index.php\/wp-json\/wp\/v2\/users\/2"}],"replies":[{"embeddable":true,"href":"https:\/\/jornalfatosenoticias.com.br\/index.php\/wp-json\/wp\/v2\/comments?post=39135"}],"version-history":[{"count":0,"href":"https:\/\/jornalfatosenoticias.com.br\/index.php\/wp-json\/wp\/v2\/posts\/39135\/revisions"}],"wp:featuredmedia":[{"embeddable":true,"href":"https:\/\/jornalfatosenoticias.com.br\/index.php\/wp-json\/wp\/v2\/media\/39136"}],"wp:attachment":[{"href":"https:\/\/jornalfatosenoticias.com.br\/index.php\/wp-json\/wp\/v2\/media?parent=39135"}],"wp:term":[{"taxonomy":"category","embeddable":true,"href":"https:\/\/jornalfatosenoticias.com.br\/index.php\/wp-json\/wp\/v2\/categories?post=39135"},{"taxonomy":"post_tag","embeddable":true,"href":"https:\/\/jornalfatosenoticias.com.br\/index.php\/wp-json\/wp\/v2\/tags?post=39135"}],"curies":[{"name":"wp","href":"https:\/\/api.w.org\/{rel}","templated":true}]}}