{"id":39170,"date":"2023-03-01T15:44:51","date_gmt":"2023-03-01T18:44:51","guid":{"rendered":"https:\/\/jornalfatosenoticias.com.br\/?p=39170"},"modified":"2023-03-01T15:44:52","modified_gmt":"2023-03-01T18:44:52","slug":"agricultores-argentinos-protestam-contra-impostos-e-politica-cambial-em-meio-a-seca-historica","status":"publish","type":"post","link":"https:\/\/jornalfatosenoticias.com.br\/index.php\/2023\/03\/01\/agricultores-argentinos-protestam-contra-impostos-e-politica-cambial-em-meio-a-seca-historica\/","title":{"rendered":"Agricultores argentinos protestam contra impostos e pol\u00edtica cambial em meio a seca hist\u00f3rica"},"content":{"rendered":"\n<div class=\"wp-block-image\"><figure class=\"aligncenter size-large\"><img loading=\"lazy\" decoding=\"async\" width=\"729\" height=\"90\" src=\"https:\/\/jornalfatosenoticias.com.br\/wp-content\/uploads\/2020\/02\/Logo_Mizu.png\" alt=\"\" class=\"wp-image-1441\" srcset=\"https:\/\/jornalfatosenoticias.com.br\/wp-content\/uploads\/2020\/02\/Logo_Mizu.png 729w, https:\/\/jornalfatosenoticias.com.br\/wp-content\/uploads\/2020\/02\/Logo_Mizu-300x37.png 300w\" sizes=\"auto, (max-width: 729px) 100vw, 729px\" \/><\/figure><\/div>\n\n\n\n<p>Agricultores da Argentina fizeram um protesto na prov\u00edncia de Santa F\u00e9 nesta ter\u00e7a-feira (28) para exigir impostos mais baixos e uma taxa de c\u00e2mbio melhor para suas exporta\u00e7\u00f5es, em meio a uma crise econ\u00f4mica prolongada e a uma seca hist\u00f3rica que afetou as colheitas e a produ\u00e7\u00e3o agr\u00edcola.<\/p>\n\n\n\n<div class=\"wp-block-image\"><figure class=\"aligncenter size-large is-resized\"><img loading=\"lazy\" decoding=\"async\" src=\"https:\/\/jornalfatosenoticias.com.br\/wp-content\/uploads\/2020\/02\/casa-do-torresmo_portal.jpg\" alt=\"\" class=\"wp-image-34472\" width=\"274\" height=\"274\" srcset=\"https:\/\/jornalfatosenoticias.com.br\/wp-content\/uploads\/2020\/02\/casa-do-torresmo_portal.jpg 300w, https:\/\/jornalfatosenoticias.com.br\/wp-content\/uploads\/2020\/02\/casa-do-torresmo_portal-150x150.jpg 150w\" sizes=\"auto, (max-width: 274px) 100vw, 274px\" \/><\/figure><\/div>\n\n\n\n<p>Os agricultores pedem ao governo do presidente Alberto Fern\u00e1ndez pol\u00edticas comerciais intervencionistas menos onerosas, e a elimina\u00e7\u00e3o dos impostos de exporta\u00e7\u00e3o, j\u00e1 que sofrem com a pior seca dos \u00faltimos 60 anos.<\/p>\n\n\n\n<div class=\"wp-block-image\"><figure class=\"aligncenter size-large\"><img decoding=\"async\" src=\"https:\/\/jornalfatosenoticias.com.br\/wp-content\/uploads\/2020\/02\/logo_esteio.jpg\" alt=\"\" class=\"wp-image-1214\"\/><\/figure><\/div>\n\n\n\n<figure class=\"wp-block-pullquote\"><blockquote><p><span class=\"has-inline-color has-luminous-vivid-orange-color\">Temos alertado que a situa\u00e7\u00e3o dos agricultores est\u00e1 dif\u00edcil com a seca, com as geadas&#8221;, disse Carlos Achetoni, presidente da federa\u00e7\u00e3o agr\u00edcola FAA, em um v\u00eddeo publicado no Twitter anunciando a manifesta\u00e7\u00e3o.<\/span><\/p><\/blockquote><\/figure>\n\n\n\n<div class=\"wp-block-image\"><figure class=\"aligncenter size-large\"><img loading=\"lazy\" decoding=\"async\" width=\"1024\" height=\"100\" src=\"https:\/\/jornalfatosenoticias.com.br\/wp-content\/uploads\/2022\/05\/NOVA-LOGO-CESCONETTO-1024x100.jpg\" alt=\"\" class=\"wp-image-30792\" srcset=\"https:\/\/jornalfatosenoticias.com.br\/wp-content\/uploads\/2022\/05\/NOVA-LOGO-CESCONETTO-1024x100.jpg 1024w, https:\/\/jornalfatosenoticias.com.br\/wp-content\/uploads\/2022\/05\/NOVA-LOGO-CESCONETTO-300x29.jpg 300w, https:\/\/jornalfatosenoticias.com.br\/wp-content\/uploads\/2022\/05\/NOVA-LOGO-CESCONETTO-768x75.jpg 768w, https:\/\/jornalfatosenoticias.com.br\/wp-content\/uploads\/2022\/05\/NOVA-LOGO-CESCONETTO.jpg 1280w\" sizes=\"auto, (max-width: 1024px) 100vw, 1024px\" \/><\/figure><\/div>\n\n\n\n<p>Os controles de capital da Argentina impulsionaram os populares mercados informais de c\u00e2mbio, onde os d\u00f3lares norte-americanos s\u00e3o duas vezes mais caros que a taxa oficial, rigidamente controlada. O controle cria um desincentivo para os agricultores exportarem, j\u00e1 que as receitas em d\u00f3lares precisam ser convertidas de volta para a moeda local, o peso, em uma taxa oficial, mais baixa.<\/p>\n\n\n\n<div class=\"wp-block-image\"><figure class=\"aligncenter size-large is-resized\"><img loading=\"lazy\" decoding=\"async\" src=\"https:\/\/jornalfatosenoticias.com.br\/wp-content\/uploads\/2022\/10\/Arte-jornal-Zucchi-600x600_Prancheta-1-1024x1024.jpg\" alt=\"\" class=\"wp-image-34782\" width=\"284\" height=\"284\" srcset=\"https:\/\/jornalfatosenoticias.com.br\/wp-content\/uploads\/2022\/10\/Arte-jornal-Zucchi-600x600_Prancheta-1-1024x1024.jpg 1024w, https:\/\/jornalfatosenoticias.com.br\/wp-content\/uploads\/2022\/10\/Arte-jornal-Zucchi-600x600_Prancheta-1-300x300.jpg 300w, https:\/\/jornalfatosenoticias.com.br\/wp-content\/uploads\/2022\/10\/Arte-jornal-Zucchi-600x600_Prancheta-1-150x150.jpg 150w, https:\/\/jornalfatosenoticias.com.br\/wp-content\/uploads\/2022\/10\/Arte-jornal-Zucchi-600x600_Prancheta-1-768x768.jpg 768w, https:\/\/jornalfatosenoticias.com.br\/wp-content\/uploads\/2022\/10\/Arte-jornal-Zucchi-600x600_Prancheta-1.jpg 1250w\" sizes=\"auto, (max-width: 284px) 100vw, 284px\" \/><\/figure><\/div>\n\n\n\n<figure class=\"wp-block-pullquote\"><blockquote><p><span class=\"has-inline-color has-luminous-vivid-orange-color\">Grande produtora de soja, milho e trigo, a Argentina \u00e9 um dos maiores exportadores de gr\u00e3os do mundo, o que fornece moeda forte crucial para o banco central do pa\u00eds, que tem baixa liquidez.<\/span><\/p><\/blockquote><\/figure>\n\n\n\n<div class=\"wp-block-image\"><figure class=\"aligncenter size-large\"><img decoding=\"async\" src=\"https:\/\/jornalfatosenoticias.com.br\/wp-content\/uploads\/2020\/02\/Serra-Grande-1024x160.png\" alt=\"\" class=\"wp-image-7836\"\/><\/figure><\/div>\n\n\n\n<p>As safras locais podem render quase um quarto a menos de d\u00f3lares de exporta\u00e7\u00e3o nesta temporada em rela\u00e7\u00e3o ao ciclo anterior, de acordo com a bolsa de gr\u00e3os de Buenos Aires.<\/p>\n\n\n\n<div class=\"wp-block-image\"><figure class=\"aligncenter size-large is-resized\"><img loading=\"lazy\" decoding=\"async\" src=\"https:\/\/jornalfatosenoticias.com.br\/wp-content\/uploads\/2022\/02\/Precisao-Contabilidade-1024x724.jpg\" alt=\"\" class=\"wp-image-28088\" width=\"306\" height=\"216\"\/><\/figure><\/div>\n\n\n\n<p>A Argentina realiza elei\u00e7\u00f5es presidenciais ainda neste ano. A vota\u00e7\u00e3o iminente apresenta uma batalha dif\u00edcil para a coaliz\u00e3o peronista de Fern\u00e1ndez, j\u00e1 que a infla\u00e7\u00e3o anual gira em torno de 100%, uma das mais altas taxas de aumento de pre\u00e7os ao consumidor no mundo.<\/p>\n\n\n\n<div class=\"wp-block-image\"><figure class=\"aligncenter size-large is-resized\"><img loading=\"lazy\" decoding=\"async\" src=\"https:\/\/jornalfatosenoticias.com.br\/wp-content\/uploads\/2022\/07\/Logo-Grupo-SEI.jpg\" alt=\"\" class=\"wp-image-31973\" width=\"349\" height=\"183\" srcset=\"https:\/\/jornalfatosenoticias.com.br\/wp-content\/uploads\/2022\/07\/Logo-Grupo-SEI.jpg 713w, https:\/\/jornalfatosenoticias.com.br\/wp-content\/uploads\/2022\/07\/Logo-Grupo-SEI-300x158.jpg 300w\" sizes=\"auto, (max-width: 349px) 100vw, 349px\" \/><\/figure><\/div>\n\n\n\n<p><strong><em>Fonte: <a href=\"https:\/\/www.terra.com.br\/noticias\/mundo\/agricultores-argentinos-protestam-contra-impostos-e-politica-cambial-em-meio-a-seca-historica,774f461f446b0da047f1f55f10b47ac7qy8t6arx.html\">Terra<\/a><\/em><\/strong><\/p>\n","protected":false},"excerpt":{"rendered":"<p>Agricultores da Argentina fizeram um protesto na prov\u00edncia de Santa F\u00e9 nesta ter\u00e7a-feira (28) para exigir impostos mais baixos e uma taxa de c\u00e2mbio melhor para suas exporta\u00e7\u00f5es, em meio a uma crise econ\u00f4mica prolongada e a uma seca hist\u00f3rica que afetou as colheitas e a produ\u00e7\u00e3o agr\u00edcola. Os agricultores pedem ao governo do presidente [&hellip;]<\/p>\n","protected":false},"author":2,"featured_media":39171,"comment_status":"open","ping_status":"open","sticky":false,"template":"","format":"standard","meta":{"footnotes":""},"categories":[41],"tags":[4002,5995,3155,8257,18315,3070,18316],"class_list":["post-39170","post","type-post","status-publish","format-standard","has-post-thumbnail","hentry","category-internacional","tag-agricultores","tag-argentina","tag-crise-economica","tag-impostos","tag-politica-cambial","tag-protestos","tag-seca-historica"],"yoast_head":"<!-- This site is optimized with the Yoast SEO plugin v26.5 - https:\/\/yoast.com\/wordpress\/plugins\/seo\/ -->\n<title>Agricultores argentinos protestam contra impostos e pol\u00edtica cambial em meio a seca hist\u00f3rica - Jornal Fatos e Not\u00edcias<\/title>\n<meta name=\"robots\" content=\"index, follow, max-snippet:-1, max-image-preview:large, max-video-preview:-1\" \/>\n<link rel=\"canonical\" href=\"https:\/\/jornalfatosenoticias.com.br\/index.php\/2023\/03\/01\/agricultores-argentinos-protestam-contra-impostos-e-politica-cambial-em-meio-a-seca-historica\/\" \/>\n<meta property=\"og:locale\" content=\"pt_BR\" \/>\n<meta property=\"og:type\" content=\"article\" \/>\n<meta property=\"og:title\" content=\"Agricultores argentinos protestam contra impostos e pol\u00edtica cambial em meio a seca hist\u00f3rica - Jornal Fatos e Not\u00edcias\" \/>\n<meta property=\"og:description\" content=\"Agricultores da Argentina fizeram um protesto na prov\u00edncia de Santa F\u00e9 nesta ter\u00e7a-feira (28) para exigir impostos mais baixos e uma taxa de c\u00e2mbio melhor para suas exporta\u00e7\u00f5es, em meio a uma crise econ\u00f4mica prolongada e a uma seca hist\u00f3rica que afetou as colheitas e a produ\u00e7\u00e3o agr\u00edcola. Os agricultores pedem ao governo do presidente [&hellip;]\" \/>\n<meta property=\"og:url\" content=\"https:\/\/jornalfatosenoticias.com.br\/index.php\/2023\/03\/01\/agricultores-argentinos-protestam-contra-impostos-e-politica-cambial-em-meio-a-seca-historica\/\" \/>\n<meta property=\"og:site_name\" content=\"Jornal Fatos e Not\u00edcias\" \/>\n<meta property=\"article:published_time\" content=\"2023-03-01T18:44:51+00:00\" \/>\n<meta property=\"article:modified_time\" content=\"2023-03-01T18:44:52+00:00\" \/>\n<meta property=\"og:image\" content=\"https:\/\/jornalfatosenoticias.com.br\/wp-content\/uploads\/2023\/03\/Agricultores-argentinos-protestam-contra-impostos.jpg\" \/>\n\t<meta property=\"og:image:width\" content=\"1000\" \/>\n\t<meta property=\"og:image:height\" content=\"581\" \/>\n\t<meta property=\"og:image:type\" content=\"image\/jpeg\" \/>\n<meta name=\"author\" content=\"Luzimara Fernandes\" \/>\n<meta name=\"twitter:card\" content=\"summary_large_image\" \/>\n<meta name=\"twitter:label1\" content=\"Escrito por\" \/>\n\t<meta name=\"twitter:data1\" content=\"Luzimara Fernandes\" \/>\n\t<meta name=\"twitter:label2\" content=\"Est. tempo de leitura\" \/>\n\t<meta name=\"twitter:data2\" content=\"2 minutos\" \/>\n<script type=\"application\/ld+json\" class=\"yoast-schema-graph\">{\"@context\":\"https:\/\/schema.org\",\"@graph\":[{\"@type\":\"Article\",\"@id\":\"https:\/\/jornalfatosenoticias.com.br\/index.php\/2023\/03\/01\/agricultores-argentinos-protestam-contra-impostos-e-politica-cambial-em-meio-a-seca-historica\/#article\",\"isPartOf\":{\"@id\":\"https:\/\/jornalfatosenoticias.com.br\/index.php\/2023\/03\/01\/agricultores-argentinos-protestam-contra-impostos-e-politica-cambial-em-meio-a-seca-historica\/\"},\"author\":{\"name\":\"Luzimara Fernandes\",\"@id\":\"https:\/\/jornalfatosenoticias.com.br\/#\/schema\/person\/d63837fa13ac8666eb9e74e0985d6f81\"},\"headline\":\"Agricultores argentinos protestam contra impostos e pol\u00edtica cambial em meio a seca hist\u00f3rica\",\"datePublished\":\"2023-03-01T18:44:51+00:00\",\"dateModified\":\"2023-03-01T18:44:52+00:00\",\"mainEntityOfPage\":{\"@id\":\"https:\/\/jornalfatosenoticias.com.br\/index.php\/2023\/03\/01\/agricultores-argentinos-protestam-contra-impostos-e-politica-cambial-em-meio-a-seca-historica\/\"},\"wordCount\":329,\"commentCount\":0,\"publisher\":{\"@id\":\"https:\/\/jornalfatosenoticias.com.br\/#organization\"},\"image\":{\"@id\":\"https:\/\/jornalfatosenoticias.com.br\/index.php\/2023\/03\/01\/agricultores-argentinos-protestam-contra-impostos-e-politica-cambial-em-meio-a-seca-historica\/#primaryimage\"},\"thumbnailUrl\":\"https:\/\/jornalfatosenoticias.com.br\/wp-content\/uploads\/2023\/03\/Agricultores-argentinos-protestam-contra-impostos.jpg\",\"keywords\":[\"agricultores\",\"Argentina\",\"crise econ\u00f4mica\",\"impostos\",\"pol\u00edtica cambial\",\"protestos\",\"seca hist\u00f3rica\"],\"articleSection\":[\"Internacional\"],\"inLanguage\":\"pt-BR\",\"potentialAction\":[{\"@type\":\"CommentAction\",\"name\":\"Comment\",\"target\":[\"https:\/\/jornalfatosenoticias.com.br\/index.php\/2023\/03\/01\/agricultores-argentinos-protestam-contra-impostos-e-politica-cambial-em-meio-a-seca-historica\/#respond\"]}]},{\"@type\":\"WebPage\",\"@id\":\"https:\/\/jornalfatosenoticias.com.br\/index.php\/2023\/03\/01\/agricultores-argentinos-protestam-contra-impostos-e-politica-cambial-em-meio-a-seca-historica\/\",\"url\":\"https:\/\/jornalfatosenoticias.com.br\/index.php\/2023\/03\/01\/agricultores-argentinos-protestam-contra-impostos-e-politica-cambial-em-meio-a-seca-historica\/\",\"name\":\"Agricultores argentinos protestam contra impostos e pol\u00edtica cambial em meio a seca hist\u00f3rica - Jornal Fatos e Not\u00edcias\",\"isPartOf\":{\"@id\":\"https:\/\/jornalfatosenoticias.com.br\/#website\"},\"primaryImageOfPage\":{\"@id\":\"https:\/\/jornalfatosenoticias.com.br\/index.php\/2023\/03\/01\/agricultores-argentinos-protestam-contra-impostos-e-politica-cambial-em-meio-a-seca-historica\/#primaryimage\"},\"image\":{\"@id\":\"https:\/\/jornalfatosenoticias.com.br\/index.php\/2023\/03\/01\/agricultores-argentinos-protestam-contra-impostos-e-politica-cambial-em-meio-a-seca-historica\/#primaryimage\"},\"thumbnailUrl\":\"https:\/\/jornalfatosenoticias.com.br\/wp-content\/uploads\/2023\/03\/Agricultores-argentinos-protestam-contra-impostos.jpg\",\"datePublished\":\"2023-03-01T18:44:51+00:00\",\"dateModified\":\"2023-03-01T18:44:52+00:00\",\"breadcrumb\":{\"@id\":\"https:\/\/jornalfatosenoticias.com.br\/index.php\/2023\/03\/01\/agricultores-argentinos-protestam-contra-impostos-e-politica-cambial-em-meio-a-seca-historica\/#breadcrumb\"},\"inLanguage\":\"pt-BR\",\"potentialAction\":[{\"@type\":\"ReadAction\",\"target\":[\"https:\/\/jornalfatosenoticias.com.br\/index.php\/2023\/03\/01\/agricultores-argentinos-protestam-contra-impostos-e-politica-cambial-em-meio-a-seca-historica\/\"]}]},{\"@type\":\"ImageObject\",\"inLanguage\":\"pt-BR\",\"@id\":\"https:\/\/jornalfatosenoticias.com.br\/index.php\/2023\/03\/01\/agricultores-argentinos-protestam-contra-impostos-e-politica-cambial-em-meio-a-seca-historica\/#primaryimage\",\"url\":\"https:\/\/jornalfatosenoticias.com.br\/wp-content\/uploads\/2023\/03\/Agricultores-argentinos-protestam-contra-impostos.jpg\",\"contentUrl\":\"https:\/\/jornalfatosenoticias.com.br\/wp-content\/uploads\/2023\/03\/Agricultores-argentinos-protestam-contra-impostos.jpg\",\"width\":1000,\"height\":581},{\"@type\":\"BreadcrumbList\",\"@id\":\"https:\/\/jornalfatosenoticias.com.br\/index.php\/2023\/03\/01\/agricultores-argentinos-protestam-contra-impostos-e-politica-cambial-em-meio-a-seca-historica\/#breadcrumb\",\"itemListElement\":[{\"@type\":\"ListItem\",\"position\":1,\"name\":\"In\u00edcio\",\"item\":\"https:\/\/jornalfatosenoticias.com.br\/\"},{\"@type\":\"ListItem\",\"position\":2,\"name\":\"Agricultores argentinos protestam contra impostos e pol\u00edtica cambial em meio a seca hist\u00f3rica\"}]},{\"@type\":\"WebSite\",\"@id\":\"https:\/\/jornalfatosenoticias.com.br\/#website\",\"url\":\"https:\/\/jornalfatosenoticias.com.br\/\",\"name\":\"Jornal Fatos e Not\u00edcias\",\"description\":\"Not\u00edcias em geral\",\"publisher\":{\"@id\":\"https:\/\/jornalfatosenoticias.com.br\/#organization\"},\"potentialAction\":[{\"@type\":\"SearchAction\",\"target\":{\"@type\":\"EntryPoint\",\"urlTemplate\":\"https:\/\/jornalfatosenoticias.com.br\/?s={search_term_string}\"},\"query-input\":{\"@type\":\"PropertyValueSpecification\",\"valueRequired\":true,\"valueName\":\"search_term_string\"}}],\"inLanguage\":\"pt-BR\"},{\"@type\":\"Organization\",\"@id\":\"https:\/\/jornalfatosenoticias.com.br\/#organization\",\"name\":\"Jornal Fatos e Not\u00edcias\",\"url\":\"https:\/\/jornalfatosenoticias.com.br\/\",\"logo\":{\"@type\":\"ImageObject\",\"inLanguage\":\"pt-BR\",\"@id\":\"https:\/\/jornalfatosenoticias.com.br\/#\/schema\/logo\/image\/\",\"url\":\"https:\/\/jornalfatosenoticias.com.br\/wp-content\/uploads\/2020\/02\/logo120.png\",\"contentUrl\":\"https:\/\/jornalfatosenoticias.com.br\/wp-content\/uploads\/2020\/02\/logo120.png\",\"width\":1227,\"height\":120,\"caption\":\"Jornal Fatos e Not\u00edcias\"},\"image\":{\"@id\":\"https:\/\/jornalfatosenoticias.com.br\/#\/schema\/logo\/image\/\"}},{\"@type\":\"Person\",\"@id\":\"https:\/\/jornalfatosenoticias.com.br\/#\/schema\/person\/d63837fa13ac8666eb9e74e0985d6f81\",\"name\":\"Luzimara Fernandes\",\"image\":{\"@type\":\"ImageObject\",\"inLanguage\":\"pt-BR\",\"@id\":\"https:\/\/jornalfatosenoticias.com.br\/#\/schema\/person\/image\/\",\"url\":\"https:\/\/jornalfatosenoticias.com.br\/wp-content\/uploads\/2025\/05\/EU_portal.jpg\",\"contentUrl\":\"https:\/\/jornalfatosenoticias.com.br\/wp-content\/uploads\/2025\/05\/EU_portal.jpg\",\"caption\":\"Luzimara Fernandes\"},\"description\":\"Jornalista MTB 2358-ES\",\"sameAs\":[\"https:\/\/jornalfatosenoticias.com.br\"],\"url\":\"https:\/\/jornalfatosenoticias.com.br\/index.php\/author\/luzimara\/\"}]}<\/script>\n<!-- \/ Yoast SEO plugin. -->","yoast_head_json":{"title":"Agricultores argentinos protestam contra impostos e pol\u00edtica cambial em meio a seca hist\u00f3rica - Jornal Fatos e Not\u00edcias","robots":{"index":"index","follow":"follow","max-snippet":"max-snippet:-1","max-image-preview":"max-image-preview:large","max-video-preview":"max-video-preview:-1"},"canonical":"https:\/\/jornalfatosenoticias.com.br\/index.php\/2023\/03\/01\/agricultores-argentinos-protestam-contra-impostos-e-politica-cambial-em-meio-a-seca-historica\/","og_locale":"pt_BR","og_type":"article","og_title":"Agricultores argentinos protestam contra impostos e pol\u00edtica cambial em meio a seca hist\u00f3rica - Jornal Fatos e Not\u00edcias","og_description":"Agricultores da Argentina fizeram um protesto na prov\u00edncia de Santa F\u00e9 nesta ter\u00e7a-feira (28) para exigir impostos mais baixos e uma taxa de c\u00e2mbio melhor para suas exporta\u00e7\u00f5es, em meio a uma crise econ\u00f4mica prolongada e a uma seca hist\u00f3rica que afetou as colheitas e a produ\u00e7\u00e3o agr\u00edcola. Os agricultores pedem ao governo do presidente [&hellip;]","og_url":"https:\/\/jornalfatosenoticias.com.br\/index.php\/2023\/03\/01\/agricultores-argentinos-protestam-contra-impostos-e-politica-cambial-em-meio-a-seca-historica\/","og_site_name":"Jornal Fatos e Not\u00edcias","article_published_time":"2023-03-01T18:44:51+00:00","article_modified_time":"2023-03-01T18:44:52+00:00","og_image":[{"width":1000,"height":581,"url":"https:\/\/jornalfatosenoticias.com.br\/wp-content\/uploads\/2023\/03\/Agricultores-argentinos-protestam-contra-impostos.jpg","type":"image\/jpeg"}],"author":"Luzimara Fernandes","twitter_card":"summary_large_image","twitter_misc":{"Escrito por":"Luzimara Fernandes","Est. tempo de leitura":"2 minutos"},"schema":{"@context":"https:\/\/schema.org","@graph":[{"@type":"Article","@id":"https:\/\/jornalfatosenoticias.com.br\/index.php\/2023\/03\/01\/agricultores-argentinos-protestam-contra-impostos-e-politica-cambial-em-meio-a-seca-historica\/#article","isPartOf":{"@id":"https:\/\/jornalfatosenoticias.com.br\/index.php\/2023\/03\/01\/agricultores-argentinos-protestam-contra-impostos-e-politica-cambial-em-meio-a-seca-historica\/"},"author":{"name":"Luzimara Fernandes","@id":"https:\/\/jornalfatosenoticias.com.br\/#\/schema\/person\/d63837fa13ac8666eb9e74e0985d6f81"},"headline":"Agricultores argentinos protestam contra impostos e pol\u00edtica cambial em meio a seca hist\u00f3rica","datePublished":"2023-03-01T18:44:51+00:00","dateModified":"2023-03-01T18:44:52+00:00","mainEntityOfPage":{"@id":"https:\/\/jornalfatosenoticias.com.br\/index.php\/2023\/03\/01\/agricultores-argentinos-protestam-contra-impostos-e-politica-cambial-em-meio-a-seca-historica\/"},"wordCount":329,"commentCount":0,"publisher":{"@id":"https:\/\/jornalfatosenoticias.com.br\/#organization"},"image":{"@id":"https:\/\/jornalfatosenoticias.com.br\/index.php\/2023\/03\/01\/agricultores-argentinos-protestam-contra-impostos-e-politica-cambial-em-meio-a-seca-historica\/#primaryimage"},"thumbnailUrl":"https:\/\/jornalfatosenoticias.com.br\/wp-content\/uploads\/2023\/03\/Agricultores-argentinos-protestam-contra-impostos.jpg","keywords":["agricultores","Argentina","crise econ\u00f4mica","impostos","pol\u00edtica cambial","protestos","seca hist\u00f3rica"],"articleSection":["Internacional"],"inLanguage":"pt-BR","potentialAction":[{"@type":"CommentAction","name":"Comment","target":["https:\/\/jornalfatosenoticias.com.br\/index.php\/2023\/03\/01\/agricultores-argentinos-protestam-contra-impostos-e-politica-cambial-em-meio-a-seca-historica\/#respond"]}]},{"@type":"WebPage","@id":"https:\/\/jornalfatosenoticias.com.br\/index.php\/2023\/03\/01\/agricultores-argentinos-protestam-contra-impostos-e-politica-cambial-em-meio-a-seca-historica\/","url":"https:\/\/jornalfatosenoticias.com.br\/index.php\/2023\/03\/01\/agricultores-argentinos-protestam-contra-impostos-e-politica-cambial-em-meio-a-seca-historica\/","name":"Agricultores argentinos protestam contra impostos e pol\u00edtica cambial em meio a seca hist\u00f3rica - Jornal Fatos e Not\u00edcias","isPartOf":{"@id":"https:\/\/jornalfatosenoticias.com.br\/#website"},"primaryImageOfPage":{"@id":"https:\/\/jornalfatosenoticias.com.br\/index.php\/2023\/03\/01\/agricultores-argentinos-protestam-contra-impostos-e-politica-cambial-em-meio-a-seca-historica\/#primaryimage"},"image":{"@id":"https:\/\/jornalfatosenoticias.com.br\/index.php\/2023\/03\/01\/agricultores-argentinos-protestam-contra-impostos-e-politica-cambial-em-meio-a-seca-historica\/#primaryimage"},"thumbnailUrl":"https:\/\/jornalfatosenoticias.com.br\/wp-content\/uploads\/2023\/03\/Agricultores-argentinos-protestam-contra-impostos.jpg","datePublished":"2023-03-01T18:44:51+00:00","dateModified":"2023-03-01T18:44:52+00:00","breadcrumb":{"@id":"https:\/\/jornalfatosenoticias.com.br\/index.php\/2023\/03\/01\/agricultores-argentinos-protestam-contra-impostos-e-politica-cambial-em-meio-a-seca-historica\/#breadcrumb"},"inLanguage":"pt-BR","potentialAction":[{"@type":"ReadAction","target":["https:\/\/jornalfatosenoticias.com.br\/index.php\/2023\/03\/01\/agricultores-argentinos-protestam-contra-impostos-e-politica-cambial-em-meio-a-seca-historica\/"]}]},{"@type":"ImageObject","inLanguage":"pt-BR","@id":"https:\/\/jornalfatosenoticias.com.br\/index.php\/2023\/03\/01\/agricultores-argentinos-protestam-contra-impostos-e-politica-cambial-em-meio-a-seca-historica\/#primaryimage","url":"https:\/\/jornalfatosenoticias.com.br\/wp-content\/uploads\/2023\/03\/Agricultores-argentinos-protestam-contra-impostos.jpg","contentUrl":"https:\/\/jornalfatosenoticias.com.br\/wp-content\/uploads\/2023\/03\/Agricultores-argentinos-protestam-contra-impostos.jpg","width":1000,"height":581},{"@type":"BreadcrumbList","@id":"https:\/\/jornalfatosenoticias.com.br\/index.php\/2023\/03\/01\/agricultores-argentinos-protestam-contra-impostos-e-politica-cambial-em-meio-a-seca-historica\/#breadcrumb","itemListElement":[{"@type":"ListItem","position":1,"name":"In\u00edcio","item":"https:\/\/jornalfatosenoticias.com.br\/"},{"@type":"ListItem","position":2,"name":"Agricultores argentinos protestam contra impostos e pol\u00edtica cambial em meio a seca hist\u00f3rica"}]},{"@type":"WebSite","@id":"https:\/\/jornalfatosenoticias.com.br\/#website","url":"https:\/\/jornalfatosenoticias.com.br\/","name":"Jornal Fatos e Not\u00edcias","description":"Not\u00edcias em geral","publisher":{"@id":"https:\/\/jornalfatosenoticias.com.br\/#organization"},"potentialAction":[{"@type":"SearchAction","target":{"@type":"EntryPoint","urlTemplate":"https:\/\/jornalfatosenoticias.com.br\/?s={search_term_string}"},"query-input":{"@type":"PropertyValueSpecification","valueRequired":true,"valueName":"search_term_string"}}],"inLanguage":"pt-BR"},{"@type":"Organization","@id":"https:\/\/jornalfatosenoticias.com.br\/#organization","name":"Jornal Fatos e Not\u00edcias","url":"https:\/\/jornalfatosenoticias.com.br\/","logo":{"@type":"ImageObject","inLanguage":"pt-BR","@id":"https:\/\/jornalfatosenoticias.com.br\/#\/schema\/logo\/image\/","url":"https:\/\/jornalfatosenoticias.com.br\/wp-content\/uploads\/2020\/02\/logo120.png","contentUrl":"https:\/\/jornalfatosenoticias.com.br\/wp-content\/uploads\/2020\/02\/logo120.png","width":1227,"height":120,"caption":"Jornal Fatos e Not\u00edcias"},"image":{"@id":"https:\/\/jornalfatosenoticias.com.br\/#\/schema\/logo\/image\/"}},{"@type":"Person","@id":"https:\/\/jornalfatosenoticias.com.br\/#\/schema\/person\/d63837fa13ac8666eb9e74e0985d6f81","name":"Luzimara Fernandes","image":{"@type":"ImageObject","inLanguage":"pt-BR","@id":"https:\/\/jornalfatosenoticias.com.br\/#\/schema\/person\/image\/","url":"https:\/\/jornalfatosenoticias.com.br\/wp-content\/uploads\/2025\/05\/EU_portal.jpg","contentUrl":"https:\/\/jornalfatosenoticias.com.br\/wp-content\/uploads\/2025\/05\/EU_portal.jpg","caption":"Luzimara Fernandes"},"description":"Jornalista MTB 2358-ES","sameAs":["https:\/\/jornalfatosenoticias.com.br"],"url":"https:\/\/jornalfatosenoticias.com.br\/index.php\/author\/luzimara\/"}]}},"cc_featured_image_caption":{"caption_text":"(Foto: Reuters) ","source_text":"","source_url":""},"jetpack_featured_media_url":"https:\/\/jornalfatosenoticias.com.br\/wp-content\/uploads\/2023\/03\/Agricultores-argentinos-protestam-contra-impostos.jpg","_links":{"self":[{"href":"https:\/\/jornalfatosenoticias.com.br\/index.php\/wp-json\/wp\/v2\/posts\/39170","targetHints":{"allow":["GET"]}}],"collection":[{"href":"https:\/\/jornalfatosenoticias.com.br\/index.php\/wp-json\/wp\/v2\/posts"}],"about":[{"href":"https:\/\/jornalfatosenoticias.com.br\/index.php\/wp-json\/wp\/v2\/types\/post"}],"author":[{"embeddable":true,"href":"https:\/\/jornalfatosenoticias.com.br\/index.php\/wp-json\/wp\/v2\/users\/2"}],"replies":[{"embeddable":true,"href":"https:\/\/jornalfatosenoticias.com.br\/index.php\/wp-json\/wp\/v2\/comments?post=39170"}],"version-history":[{"count":0,"href":"https:\/\/jornalfatosenoticias.com.br\/index.php\/wp-json\/wp\/v2\/posts\/39170\/revisions"}],"wp:featuredmedia":[{"embeddable":true,"href":"https:\/\/jornalfatosenoticias.com.br\/index.php\/wp-json\/wp\/v2\/media\/39171"}],"wp:attachment":[{"href":"https:\/\/jornalfatosenoticias.com.br\/index.php\/wp-json\/wp\/v2\/media?parent=39170"}],"wp:term":[{"taxonomy":"category","embeddable":true,"href":"https:\/\/jornalfatosenoticias.com.br\/index.php\/wp-json\/wp\/v2\/categories?post=39170"},{"taxonomy":"post_tag","embeddable":true,"href":"https:\/\/jornalfatosenoticias.com.br\/index.php\/wp-json\/wp\/v2\/tags?post=39170"}],"curies":[{"name":"wp","href":"https:\/\/api.w.org\/{rel}","templated":true}]}}