{"id":39192,"date":"2023-03-02T19:14:24","date_gmt":"2023-03-02T22:14:24","guid":{"rendered":"https:\/\/jornalfatosenoticias.com.br\/?p=39192"},"modified":"2023-03-03T08:58:28","modified_gmt":"2023-03-03T11:58:28","slug":"qualidade-do-ar-de-vitoria-continua-preocupando-ong","status":"publish","type":"post","link":"https:\/\/jornalfatosenoticias.com.br\/index.php\/2023\/03\/02\/qualidade-do-ar-de-vitoria-continua-preocupando-ong\/","title":{"rendered":"Qualidade do ar de Vit\u00f3ria continua preocupando ONG"},"content":{"rendered":"\n<div class=\"wp-block-image\"><figure class=\"aligncenter size-large\"><img decoding=\"async\" src=\"https:\/\/jornalfatosenoticias.com.br\/wp-content\/uploads\/2020\/02\/logo-embacia-1-1024x110.jpg\" alt=\"\" class=\"wp-image-33954\"\/><\/figure><\/div>\n\n\n\n<p>Eraylton Moreschi, presidente da ONG Juntos SOS Esp\u00edrito Santo, que na pr\u00f3xima semana estar\u00e1 nos agraciando semanalmente com a coluna \u201cEspa\u00e7o Juntos SOS ES Ambiental\u201d, questionou, atrav\u00e9s de of\u00edcio, ao Instituto Estadual de Meio Ambiente e Recursos H\u00eddricos (Iema), sobre os equipamentos que, segundo ele, de proced\u00eancia francesa, se encontram instalados na Esta\u00e7\u00e3o 04 \u2013 Enseada do Su\u00e1\/Vit\u00f3ria.<\/p>\n\n\n\n<div class=\"wp-block-image\"><figure class=\"aligncenter size-large is-resized\"><img loading=\"lazy\" decoding=\"async\" src=\"https:\/\/jornalfatosenoticias.com.br\/wp-content\/uploads\/2022\/10\/RC_800x750_page-0001.jpg\" alt=\"\" class=\"wp-image-35338\" width=\"265\" height=\"248\" srcset=\"https:\/\/jornalfatosenoticias.com.br\/wp-content\/uploads\/2022\/10\/RC_800x750_page-0001.jpg 400w, https:\/\/jornalfatosenoticias.com.br\/wp-content\/uploads\/2022\/10\/RC_800x750_page-0001-300x281.jpg 300w\" sizes=\"auto, (max-width: 265px) 100vw, 265px\" \/><\/figure><\/div>\n\n\n\n<p>A Coordena\u00e7\u00e3o de Qualidade do Ar e \u00c1reas Contaminadas, em NOTA, deu as seguintes informa\u00e7\u00f5es relativas \u00e0 opera\u00e7\u00e3o da esta\u00e7\u00e3o 04 \u2013 Enseada do Su\u00e1, formalizada pela Associa\u00e7\u00e3o Juntos SOS Esp\u00edrito Santo Ambiental.<\/p>\n\n\n\n<div class=\"wp-block-image\"><figure class=\"aligncenter size-large\"><img loading=\"lazy\" decoding=\"async\" width=\"1024\" height=\"99\" src=\"https:\/\/jornalfatosenoticias.com.br\/wp-content\/uploads\/2020\/02\/Logo-Mizu-segunda-2-1024x99.png\" alt=\"\" class=\"wp-image-2353\" srcset=\"https:\/\/jornalfatosenoticias.com.br\/wp-content\/uploads\/2020\/02\/Logo-Mizu-segunda-2-1024x99.png 1024w, https:\/\/jornalfatosenoticias.com.br\/wp-content\/uploads\/2020\/02\/Logo-Mizu-segunda-2-300x29.png 300w, https:\/\/jornalfatosenoticias.com.br\/wp-content\/uploads\/2020\/02\/Logo-Mizu-segunda-2-768x74.png 768w, https:\/\/jornalfatosenoticias.com.br\/wp-content\/uploads\/2020\/02\/Logo-Mizu-segunda-2.png 1240w\" sizes=\"auto, (max-width: 1024px) 100vw, 1024px\" \/><\/figure><\/div>\n\n\n\n<ol class=\"wp-block-list\"><li>A resposta que segue considerou os itens questionados, as informa\u00e7\u00f5es constantes na documenta\u00e7\u00e3o apresentada em atendimento as condicionantes presentes nos conv\u00eanios firmados e no status atuais das melhorias em andamento na RAMQAr RGV.<\/li><li>DA RESPOSTA AOS QUESTIONAMENTOS<br>No que tange aos questionamentos apresentados temos a informar o seguinte:<br>O que s\u00e3o e para que servem os novos equipamentos presentes na Esta\u00e7\u00e3o 04, e se tem mais similares que foram instalados em outras esta\u00e7\u00f5es?<br>Conforme observado no relato anexado a OGE, encontram-se instalados na Esta\u00e7\u00e3o 04 \u2013 Enseada do Su\u00e1, localizada no Corpo de Bombeiros de Vit\u00f3ria, os seguintes equipamentos:<\/li><\/ol>\n\n\n\n<div class=\"wp-block-image\"><figure class=\"aligncenter size-large is-resized\"><img loading=\"lazy\" decoding=\"async\" src=\"https:\/\/jornalfatosenoticias.com.br\/wp-content\/uploads\/2022\/07\/Logo-Grupo-SEI.jpg\" alt=\"\" class=\"wp-image-31973\" width=\"305\" height=\"160\" srcset=\"https:\/\/jornalfatosenoticias.com.br\/wp-content\/uploads\/2022\/07\/Logo-Grupo-SEI.jpg 713w, https:\/\/jornalfatosenoticias.com.br\/wp-content\/uploads\/2022\/07\/Logo-Grupo-SEI-300x158.jpg 300w\" sizes=\"auto, (max-width: 305px) 100vw, 305px\" \/><\/figure><\/div>\n\n\n\n<p>\u2022 Analisador autom\u00e1tico de Poeira Sediment\u00e1vel (PS) \u2014 Equipamento localizado na parte superior da estrutura da esta\u00e7\u00e3o destinado ao monitoramento autom\u00e1tico de OS. O equipamento foi adquirido pela empresa ArcelorMittal, em atendimento a condicionante ambiental. Trata-se de equipamento de tecnologia francesa operada pela empresa Aires que atualmente se encontra em fase de opera\u00e7\u00e3o em fase de teste operacional.<br>O equipamento em quest\u00e3o consiste em um coletor de poeira que realiza a pesagem do material (poeira sediment\u00e1vel) por meio de uma balan\u00e7a de precis\u00e3o, com a periodicidade desejada, no caso de hora em hora. O equipamento possui uma interface de transmiss\u00e3o das informa\u00e7\u00f5es e s\u00e3o disponibilizados ap\u00f3s valida\u00e7\u00e3o em um sistema pr\u00f3prio;<br>\u2022 Equipamentos de medi\u00e7\u00e3o de PM10 e PM2,5 \u2014 Encontra-se em fase de opera\u00e7\u00e3o assistida os novos equipamentos de PM10 e PM2,5 da esta\u00e7\u00e3o 04. Os novos equipamentos foram adquiridos e instalados pela empresa Vale, por meio do Conv\u00eanio 001\/2021, e est\u00e3o em acordo com as exig\u00eancias t\u00e9cnicas do Iema para moderniza\u00e7\u00e3o das esta\u00e7\u00f5es de qualidade do ar;<br>\u2022 A moderniza\u00e7\u00e3o em curso inclui ainda a substitui\u00e7\u00e3o dos medidores de gases. Contudo, tais equipamentos ainda encontram-se em fase de prepara\u00e7\u00e3o para instala\u00e7\u00e3o pela ArcelorMittal, por meio do conv\u00eanio 002\/2021, o que dever\u00e1 acontecer nos pr\u00f3ximos meses.<\/p>\n\n\n\n<div class=\"wp-block-image\"><figure class=\"aligncenter size-large is-resized\"><img loading=\"lazy\" decoding=\"async\" src=\"https:\/\/jornalfatosenoticias.com.br\/wp-content\/uploads\/2022\/10\/Arte-jornal-Zucchi-600x600_Prancheta-1-1024x1024.jpg\" alt=\"\" class=\"wp-image-34782\" width=\"245\" height=\"245\" srcset=\"https:\/\/jornalfatosenoticias.com.br\/wp-content\/uploads\/2022\/10\/Arte-jornal-Zucchi-600x600_Prancheta-1-1024x1024.jpg 1024w, https:\/\/jornalfatosenoticias.com.br\/wp-content\/uploads\/2022\/10\/Arte-jornal-Zucchi-600x600_Prancheta-1-300x300.jpg 300w, https:\/\/jornalfatosenoticias.com.br\/wp-content\/uploads\/2022\/10\/Arte-jornal-Zucchi-600x600_Prancheta-1-150x150.jpg 150w, https:\/\/jornalfatosenoticias.com.br\/wp-content\/uploads\/2022\/10\/Arte-jornal-Zucchi-600x600_Prancheta-1-768x768.jpg 768w, https:\/\/jornalfatosenoticias.com.br\/wp-content\/uploads\/2022\/10\/Arte-jornal-Zucchi-600x600_Prancheta-1.jpg 1250w\" sizes=\"auto, (max-width: 245px) 100vw, 245px\" \/><\/figure><\/div>\n\n\n\n<p>Al\u00e9m dos equipamentos que comp\u00f5em a RAMQAR, est\u00e1 instalado pr\u00f3ximo \u00e0 esta\u00e7\u00e3o 04 um container \u2014 contendo uma esta\u00e7\u00e3o m\u00f3vel adquirida pela Ufes junto a empresa Aires e destinada a pesquisa cient\u00edfica. Ressalta-se que o referido container n\u00e3o \u00e9 integrante da Esta\u00e7\u00e3o 04 e, portanto, os equipamentos nela contidos n\u00e3o s\u00e3o de responsabilidade do Estado. O Iema n\u00e3o possui informa\u00e7\u00f5es referentes a situa\u00e7\u00e3o da pesquisa, uma vez que os dados coletados n\u00e3o s\u00e3o interligados a base de dados do Iema. A Gest\u00e3o da esta\u00e7\u00e3o m\u00f3vel citada \u00e9 de responsabilidade, \u00fanica e exclusivamente, da Ufes.<\/p>\n\n\n\n<div class=\"wp-block-image\"><figure class=\"aligncenter size-large\"><img decoding=\"async\" src=\"https:\/\/jornalfatosenoticias.com.br\/wp-content\/uploads\/2020\/02\/Serra-Grande-1024x160.png\" alt=\"\" class=\"wp-image-7836\"\/><\/figure><\/div>\n\n\n\n<div class=\"wp-block-image\"><figure class=\"aligncenter size-large\"><img loading=\"lazy\" decoding=\"async\" width=\"750\" height=\"1000\" src=\"https:\/\/jornalfatosenoticias.com.br\/wp-content\/uploads\/2023\/03\/IMG-20230302-WA0042.jpg\" alt=\"\" class=\"wp-image-39194\" srcset=\"https:\/\/jornalfatosenoticias.com.br\/wp-content\/uploads\/2023\/03\/IMG-20230302-WA0042.jpg 750w, https:\/\/jornalfatosenoticias.com.br\/wp-content\/uploads\/2023\/03\/IMG-20230302-WA0042-225x300.jpg 225w\" sizes=\"auto, (max-width: 750px) 100vw, 750px\" \/><figcaption><em><span class=\"has-inline-color has-black-color\">(Foto: ONG Juntos SOS ES)<\/span><\/em><\/figcaption><\/figure><\/div>\n\n\n\n<p><strong><span class=\"has-inline-color has-vivid-green-cyan-color\">Se foi dado conhecimento ao Cidad\u00e3o Capixaba da instala\u00e7\u00e3o destes novos equipamentos?<br><\/span><\/strong>Quanto ao analisador autom\u00e1tico de Poeira Sediment\u00e1vel, informamos que, por se tratar de equipamentos ainda em fase de teste operacional, n\u00e3o foi realizada a ampla divulga\u00e7\u00e3o, haja vista a necessidade de se atestar a efici\u00eancia do equipamento instalado. Quanto \u00e0 esta\u00e7\u00e3o m\u00f3vel instalada temporariamente no local, n\u00e3o foram localizados registros, por se tratar-se de uma esta\u00e7\u00e3o sob a gest\u00e3o da Ufes.<\/p>\n\n\n\n<div class=\"wp-block-image\"><figure class=\"aligncenter size-large\"><img decoding=\"async\" src=\"https:\/\/jornalfatosenoticias.com.br\/wp-content\/uploads\/2023\/02\/faserra_portal.jpg\" alt=\"\" class=\"wp-image-38905\"\/><\/figure><\/div>\n\n\n\n<p><span class=\"has-inline-color has-vivid-green-cyan-color\"><strong>Procede a informa\u00e7\u00e3o de que o Iema est\u00e1 em processo de retrofit da rede existente e da sua moderniza\u00e7\u00e3o com a inclus\u00e3o de mais equipamentos, em especial, para monitoramento de PM 2,5 e 10 m\u00edcrons de forma mais ampla na RMGV?<br><\/strong><\/span><strong>Sim.<\/strong> O Iema, por meio dos conv\u00eanios nos 001\/2021 e 002\/2021, firmados com as empresas Vale e ArcelorMittal respectivamente, tem realizado uma s\u00e9rie de interven\u00e7\u00f5es direcionadas a moderniza\u00e7\u00e3o da RAMQAR RGV atrav\u00e9s de adequa\u00e7\u00f5es f\u00edsicas, elabora\u00e7\u00e3o\/atualiza\u00e7\u00e3o de estudos e projetos relacionados a qualidade do ar, capacita\u00e7\u00e3o do corpo t\u00e9cnico e aquisi\u00e7\u00e3o de novos analisadores de material particulado, gases e sensores de meteorologia.<\/p>\n\n\n\n<div class=\"wp-block-image\"><figure class=\"aligncenter size-large is-resized\"><img loading=\"lazy\" decoding=\"async\" src=\"https:\/\/jornalfatosenoticias.com.br\/wp-content\/uploads\/2020\/02\/casa-do-torresmo_portal.jpg\" alt=\"\" class=\"wp-image-34472\" width=\"294\" height=\"294\" srcset=\"https:\/\/jornalfatosenoticias.com.br\/wp-content\/uploads\/2020\/02\/casa-do-torresmo_portal.jpg 300w, https:\/\/jornalfatosenoticias.com.br\/wp-content\/uploads\/2020\/02\/casa-do-torresmo_portal-150x150.jpg 150w\" sizes=\"auto, (max-width: 294px) 100vw, 294px\" \/><\/figure><\/div>\n\n\n\n<p>Dentre as a\u00e7\u00f5es voltadas a aquisi\u00e7\u00e3o de novos analisadores, destaca-se a instala\u00e7\u00e3o de equipamentos de medi\u00e7\u00e3o de MP10 e MP2,5 em todas as 09 esta\u00e7\u00f5es de monitoramento localizadas na Grande Vit\u00f3ria. Ressaltamos que a nova esta\u00e7\u00e3o 10 \u2014 localizada no Centro de Treinamento Dom Jo\u00e3o Batista (Ponta formosa \u2014 Praia do Canto), instalada em atendimento a condicionante no 33 da LO no 1213\/2018 da Vale, j\u00e1 contar\u00e1 com analisadores MP10 e MP 2,5.<\/p>\n\n\n\n<div class=\"wp-block-image\"><figure class=\"aligncenter size-large\"><img loading=\"lazy\" decoding=\"async\" width=\"1024\" height=\"100\" src=\"https:\/\/jornalfatosenoticias.com.br\/wp-content\/uploads\/2022\/05\/NOVA-LOGO-CESCONETTO-1024x100.jpg\" alt=\"\" class=\"wp-image-30792\" srcset=\"https:\/\/jornalfatosenoticias.com.br\/wp-content\/uploads\/2022\/05\/NOVA-LOGO-CESCONETTO-1024x100.jpg 1024w, https:\/\/jornalfatosenoticias.com.br\/wp-content\/uploads\/2022\/05\/NOVA-LOGO-CESCONETTO-300x29.jpg 300w, https:\/\/jornalfatosenoticias.com.br\/wp-content\/uploads\/2022\/05\/NOVA-LOGO-CESCONETTO-768x75.jpg 768w, https:\/\/jornalfatosenoticias.com.br\/wp-content\/uploads\/2022\/05\/NOVA-LOGO-CESCONETTO.jpg 1280w\" sizes=\"auto, (max-width: 1024px) 100vw, 1024px\" \/><\/figure><\/div>\n\n\n\n<p>Al\u00e9m disso, est\u00e1 sendo analisada e discutida pela equipe t\u00e9cnica a possibilidade de reposicionamento de algumas esta\u00e7\u00f5es na regi\u00e3o da Grande Vit\u00f3ria, assim como a implanta\u00e7\u00e3o de novas. Contudo, por envolver muitas quest\u00f5es t\u00e9cnicas e administrativas complexas, essas discuss\u00f5es encontram-se em fase bastante inicial, n\u00e3o sendo poss\u00edvel a divulga\u00e7\u00e3o de qualquer informa\u00e7\u00e3o, visto o n\u00edvel de imaturidade do projeto.<\/p>\n\n\n\n<div class=\"wp-block-image\"><figure class=\"aligncenter size-large is-resized\"><img loading=\"lazy\" decoding=\"async\" src=\"https:\/\/jornalfatosenoticias.com.br\/wp-content\/uploads\/2023\/03\/Crypton-1000-\u00d7-900-px.png\" alt=\"\" class=\"wp-image-39189\" width=\"259\" height=\"233\" srcset=\"https:\/\/jornalfatosenoticias.com.br\/wp-content\/uploads\/2023\/03\/Crypton-1000-\u00d7-900-px.png 1000w, https:\/\/jornalfatosenoticias.com.br\/wp-content\/uploads\/2023\/03\/Crypton-1000-\u00d7-900-px-300x270.png 300w, https:\/\/jornalfatosenoticias.com.br\/wp-content\/uploads\/2023\/03\/Crypton-1000-\u00d7-900-px-768x691.png 768w\" sizes=\"auto, (max-width: 259px) 100vw, 259px\" \/><\/figure><\/div>\n\n\n\n<p><strong><span class=\"has-inline-color has-vivid-green-cyan-color\">Para o caso afirmativo. Foi dada divulga\u00e7\u00e3o ampla?<br><\/span><\/strong>A informa\u00e7\u00e3o acima j\u00e1 consta no site do Iema, haja vista, a necessidade durante a execu\u00e7\u00e3o das obras para melhorias estruturais, troca e substitui\u00e7\u00e3o de equipamentos que poderiam resultar em eventual interrup\u00e7\u00e3o do monitoramento e divulga\u00e7\u00e3o do IQAr.<\/p>\n\n\n\n<div class=\"wp-block-image\"><figure class=\"aligncenter size-large is-resized\"><img loading=\"lazy\" decoding=\"async\" src=\"https:\/\/jornalfatosenoticias.com.br\/wp-content\/uploads\/2020\/02\/nova-logo-Marquetti.jpg\" alt=\"\" class=\"wp-image-22331\" width=\"296\" height=\"198\" srcset=\"https:\/\/jornalfatosenoticias.com.br\/wp-content\/uploads\/2020\/02\/nova-logo-Marquetti.jpg 643w, https:\/\/jornalfatosenoticias.com.br\/wp-content\/uploads\/2020\/02\/nova-logo-Marquetti-300x202.jpg 300w\" sizes=\"auto, (max-width: 296px) 100vw, 296px\" \/><\/figure><\/div>\n\n\n\n<p>Fornecer detalhes sobre o processo de retrofit da rede existente e da sua moderniza\u00e7\u00e3o com a inclus\u00e3o de mais equipamentos, em especial, para monitoramento de PM 2,5 e 10 m\u00edcrons de forma mais ampla na RMGV. Conforme mencionado acima, trata-se de interven\u00e7\u00f5es de adequa\u00e7\u00e3o f\u00edsica e instala\u00e7\u00e3o de novos analisadores de gases, material particulado e meteorologia, bem como a instala\u00e7\u00e3o de uma esta\u00e7\u00e3o autom\u00e1tica (Esta\u00e7\u00e3o 10) espec\u00edfica para monitoramento de material particulado.<\/p>\n\n\n\n<div class=\"wp-block-image\"><figure class=\"aligncenter size-large\"><img decoding=\"async\" src=\"https:\/\/jornalfatosenoticias.com.br\/wp-content\/uploads\/2020\/02\/logo_esteio.jpg\" alt=\"\" class=\"wp-image-1214\"\/><\/figure><\/div>\n\n\n\n<p>O processo de moderniza\u00e7\u00e3o do monitoramento considerou a inclus\u00e3o de par\u00e2metros e reestudo quanto a perman\u00eancia dos demais par\u00e2metros em outras esta\u00e7\u00f5es, sendo consideradas a efetividade e a relev\u00e2ncia dos par\u00e2metros atualmente monitorado e as pr\u00e1ticas atuais adotadas no monitoramento da qualidade do Ar.<\/p>\n\n\n\n<div class=\"wp-block-image\"><figure class=\"aligncenter size-large\"><img decoding=\"async\" src=\"https:\/\/jornalfatosenoticias.com.br\/wp-content\/uploads\/2020\/02\/barao-das-carnes-300x164-1.jpg\" alt=\"\" class=\"wp-image-34339\"\/><\/figure><\/div>\n\n\n\n<p>O presidente da ONG aproveitou para fazer cr\u00edtica no modelo de capta\u00e7\u00e3o de dados (monitoramento) do material particulado. <\/p>\n\n\n\n<figure class=\"wp-block-pullquote\"><blockquote><p><span class=\"has-inline-color has-luminous-vivid-orange-color\">O monitoramento de material particulado hoje \u00e9 feito atrav\u00e9s de coleta continuada de PS por 30 dias consecutivos e ao final temos um resultado expresso em g\/m2x30dias. Medi\u00e7\u00e3o est\u00e1 que n\u00e3o reflete a realidade a polui\u00e7\u00e3o por material particulado, pois, temos dias com grande quantidade de material chegando em nossos lares e outros em menor intensidade. Este novo equipamento possibilitar\u00e1 uma leitura mais apurada da polui\u00e7\u00e3o hor\u00e1ria e di\u00e1ria, onde poderemos at\u00e9 ter indica\u00e7\u00e3o de poss\u00edveis problemas operacionais em fontes emissoras\u201d, finalizou o presidente Eraylton Moreschi.<\/span><\/p><\/blockquote><\/figure>\n","protected":false},"excerpt":{"rendered":"<p>Eraylton Moreschi, presidente da ONG Juntos SOS Esp\u00edrito Santo, que na pr\u00f3xima semana estar\u00e1 nos agraciando semanalmente com a coluna \u201cEspa\u00e7o Juntos SOS ES Ambiental\u201d, questionou, atrav\u00e9s de of\u00edcio, ao Instituto Estadual de Meio Ambiente e Recursos H\u00eddricos (Iema), sobre os equipamentos que, segundo ele, de proced\u00eancia francesa, se encontram instalados na Esta\u00e7\u00e3o 04 \u2013 [&hellip;]<\/p>\n","protected":false},"author":3,"featured_media":39193,"comment_status":"open","ping_status":"open","sticky":false,"template":"","format":"standard","meta":{"footnotes":""},"categories":[8],"tags":[450,7504,8871,4024,1856],"class_list":["post-39192","post","type-post","status-publish","format-standard","has-post-thumbnail","hentry","category-meio-ambiente","tag-ar","tag-ar-poluido","tag-po-preto","tag-poluicao-do-ar","tag-qualidade-do-ar"],"yoast_head":"<!-- This site is optimized with the Yoast SEO plugin v26.5 - https:\/\/yoast.com\/wordpress\/plugins\/seo\/ -->\n<title>Qualidade do ar de Vit\u00f3ria continua preocupando ONG - Jornal Fatos e Not\u00edcias<\/title>\n<meta name=\"robots\" content=\"index, follow, max-snippet:-1, max-image-preview:large, max-video-preview:-1\" \/>\n<link rel=\"canonical\" href=\"https:\/\/jornalfatosenoticias.com.br\/index.php\/2023\/03\/02\/qualidade-do-ar-de-vitoria-continua-preocupando-ong\/\" \/>\n<meta property=\"og:locale\" content=\"pt_BR\" \/>\n<meta property=\"og:type\" content=\"article\" \/>\n<meta property=\"og:title\" content=\"Qualidade do ar de Vit\u00f3ria continua preocupando ONG - Jornal Fatos e Not\u00edcias\" \/>\n<meta property=\"og:description\" content=\"Eraylton Moreschi, presidente da ONG Juntos SOS Esp\u00edrito Santo, que na pr\u00f3xima semana estar\u00e1 nos agraciando semanalmente com a coluna \u201cEspa\u00e7o Juntos SOS ES Ambiental\u201d, questionou, atrav\u00e9s de of\u00edcio, ao Instituto Estadual de Meio Ambiente e Recursos H\u00eddricos (Iema), sobre os equipamentos que, segundo ele, de proced\u00eancia francesa, se encontram instalados na Esta\u00e7\u00e3o 04 \u2013 [&hellip;]\" \/>\n<meta property=\"og:url\" content=\"https:\/\/jornalfatosenoticias.com.br\/index.php\/2023\/03\/02\/qualidade-do-ar-de-vitoria-continua-preocupando-ong\/\" \/>\n<meta property=\"og:site_name\" content=\"Jornal Fatos e Not\u00edcias\" \/>\n<meta property=\"article:published_time\" content=\"2023-03-02T22:14:24+00:00\" \/>\n<meta property=\"article:modified_time\" content=\"2023-03-03T11:58:28+00:00\" \/>\n<meta property=\"og:image\" content=\"https:\/\/jornalfatosenoticias.com.br\/wp-content\/uploads\/2023\/03\/iema-513.jpg\" \/>\n\t<meta property=\"og:image:width\" content=\"1000\" \/>\n\t<meta property=\"og:image:height\" content=\"655\" \/>\n\t<meta property=\"og:image:type\" content=\"image\/jpeg\" \/>\n<meta name=\"author\" content=\"Haroldo Filho\" \/>\n<meta name=\"twitter:card\" content=\"summary_large_image\" \/>\n<meta name=\"twitter:label1\" content=\"Escrito por\" \/>\n\t<meta name=\"twitter:data1\" content=\"Haroldo Filho\" \/>\n\t<meta name=\"twitter:label2\" content=\"Est. tempo de leitura\" \/>\n\t<meta name=\"twitter:data2\" content=\"6 minutos\" \/>\n<script type=\"application\/ld+json\" class=\"yoast-schema-graph\">{\"@context\":\"https:\/\/schema.org\",\"@graph\":[{\"@type\":\"Article\",\"@id\":\"https:\/\/jornalfatosenoticias.com.br\/index.php\/2023\/03\/02\/qualidade-do-ar-de-vitoria-continua-preocupando-ong\/#article\",\"isPartOf\":{\"@id\":\"https:\/\/jornalfatosenoticias.com.br\/index.php\/2023\/03\/02\/qualidade-do-ar-de-vitoria-continua-preocupando-ong\/\"},\"author\":{\"name\":\"Haroldo Filho\",\"@id\":\"https:\/\/jornalfatosenoticias.com.br\/#\/schema\/person\/05c46cc25b42a5c27e004fb0fa6b4965\"},\"headline\":\"Qualidade do ar de Vit\u00f3ria continua preocupando ONG\",\"datePublished\":\"2023-03-02T22:14:24+00:00\",\"dateModified\":\"2023-03-03T11:58:28+00:00\",\"mainEntityOfPage\":{\"@id\":\"https:\/\/jornalfatosenoticias.com.br\/index.php\/2023\/03\/02\/qualidade-do-ar-de-vitoria-continua-preocupando-ong\/\"},\"wordCount\":1204,\"commentCount\":0,\"publisher\":{\"@id\":\"https:\/\/jornalfatosenoticias.com.br\/#organization\"},\"image\":{\"@id\":\"https:\/\/jornalfatosenoticias.com.br\/index.php\/2023\/03\/02\/qualidade-do-ar-de-vitoria-continua-preocupando-ong\/#primaryimage\"},\"thumbnailUrl\":\"https:\/\/jornalfatosenoticias.com.br\/wp-content\/uploads\/2023\/03\/iema-513.jpg\",\"keywords\":[\"ar\",\"ar polu\u00eddo\",\"p\u00f3 preto\",\"polui\u00e7\u00e3o do ar\",\"qualidade do ar\"],\"articleSection\":[\"Meio ambiente\"],\"inLanguage\":\"pt-BR\",\"potentialAction\":[{\"@type\":\"CommentAction\",\"name\":\"Comment\",\"target\":[\"https:\/\/jornalfatosenoticias.com.br\/index.php\/2023\/03\/02\/qualidade-do-ar-de-vitoria-continua-preocupando-ong\/#respond\"]}]},{\"@type\":\"WebPage\",\"@id\":\"https:\/\/jornalfatosenoticias.com.br\/index.php\/2023\/03\/02\/qualidade-do-ar-de-vitoria-continua-preocupando-ong\/\",\"url\":\"https:\/\/jornalfatosenoticias.com.br\/index.php\/2023\/03\/02\/qualidade-do-ar-de-vitoria-continua-preocupando-ong\/\",\"name\":\"Qualidade do ar de Vit\u00f3ria continua preocupando ONG - Jornal Fatos e Not\u00edcias\",\"isPartOf\":{\"@id\":\"https:\/\/jornalfatosenoticias.com.br\/#website\"},\"primaryImageOfPage\":{\"@id\":\"https:\/\/jornalfatosenoticias.com.br\/index.php\/2023\/03\/02\/qualidade-do-ar-de-vitoria-continua-preocupando-ong\/#primaryimage\"},\"image\":{\"@id\":\"https:\/\/jornalfatosenoticias.com.br\/index.php\/2023\/03\/02\/qualidade-do-ar-de-vitoria-continua-preocupando-ong\/#primaryimage\"},\"thumbnailUrl\":\"https:\/\/jornalfatosenoticias.com.br\/wp-content\/uploads\/2023\/03\/iema-513.jpg\",\"datePublished\":\"2023-03-02T22:14:24+00:00\",\"dateModified\":\"2023-03-03T11:58:28+00:00\",\"breadcrumb\":{\"@id\":\"https:\/\/jornalfatosenoticias.com.br\/index.php\/2023\/03\/02\/qualidade-do-ar-de-vitoria-continua-preocupando-ong\/#breadcrumb\"},\"inLanguage\":\"pt-BR\",\"potentialAction\":[{\"@type\":\"ReadAction\",\"target\":[\"https:\/\/jornalfatosenoticias.com.br\/index.php\/2023\/03\/02\/qualidade-do-ar-de-vitoria-continua-preocupando-ong\/\"]}]},{\"@type\":\"ImageObject\",\"inLanguage\":\"pt-BR\",\"@id\":\"https:\/\/jornalfatosenoticias.com.br\/index.php\/2023\/03\/02\/qualidade-do-ar-de-vitoria-continua-preocupando-ong\/#primaryimage\",\"url\":\"https:\/\/jornalfatosenoticias.com.br\/wp-content\/uploads\/2023\/03\/iema-513.jpg\",\"contentUrl\":\"https:\/\/jornalfatosenoticias.com.br\/wp-content\/uploads\/2023\/03\/iema-513.jpg\",\"width\":1000,\"height\":655},{\"@type\":\"BreadcrumbList\",\"@id\":\"https:\/\/jornalfatosenoticias.com.br\/index.php\/2023\/03\/02\/qualidade-do-ar-de-vitoria-continua-preocupando-ong\/#breadcrumb\",\"itemListElement\":[{\"@type\":\"ListItem\",\"position\":1,\"name\":\"In\u00edcio\",\"item\":\"https:\/\/jornalfatosenoticias.com.br\/\"},{\"@type\":\"ListItem\",\"position\":2,\"name\":\"Qualidade do ar de Vit\u00f3ria continua preocupando ONG\"}]},{\"@type\":\"WebSite\",\"@id\":\"https:\/\/jornalfatosenoticias.com.br\/#website\",\"url\":\"https:\/\/jornalfatosenoticias.com.br\/\",\"name\":\"Jornal Fatos e Not\u00edcias\",\"description\":\"Not\u00edcias em geral\",\"publisher\":{\"@id\":\"https:\/\/jornalfatosenoticias.com.br\/#organization\"},\"potentialAction\":[{\"@type\":\"SearchAction\",\"target\":{\"@type\":\"EntryPoint\",\"urlTemplate\":\"https:\/\/jornalfatosenoticias.com.br\/?s={search_term_string}\"},\"query-input\":{\"@type\":\"PropertyValueSpecification\",\"valueRequired\":true,\"valueName\":\"search_term_string\"}}],\"inLanguage\":\"pt-BR\"},{\"@type\":\"Organization\",\"@id\":\"https:\/\/jornalfatosenoticias.com.br\/#organization\",\"name\":\"Jornal Fatos e Not\u00edcias\",\"url\":\"https:\/\/jornalfatosenoticias.com.br\/\",\"logo\":{\"@type\":\"ImageObject\",\"inLanguage\":\"pt-BR\",\"@id\":\"https:\/\/jornalfatosenoticias.com.br\/#\/schema\/logo\/image\/\",\"url\":\"https:\/\/jornalfatosenoticias.com.br\/wp-content\/uploads\/2020\/02\/logo120.png\",\"contentUrl\":\"https:\/\/jornalfatosenoticias.com.br\/wp-content\/uploads\/2020\/02\/logo120.png\",\"width\":1227,\"height\":120,\"caption\":\"Jornal Fatos e Not\u00edcias\"},\"image\":{\"@id\":\"https:\/\/jornalfatosenoticias.com.br\/#\/schema\/logo\/image\/\"}},{\"@type\":\"Person\",\"@id\":\"https:\/\/jornalfatosenoticias.com.br\/#\/schema\/person\/05c46cc25b42a5c27e004fb0fa6b4965\",\"name\":\"Haroldo Filho\",\"image\":{\"@type\":\"ImageObject\",\"inLanguage\":\"pt-BR\",\"@id\":\"https:\/\/jornalfatosenoticias.com.br\/#\/schema\/person\/image\/\",\"url\":\"https:\/\/jornalfatosenoticias.com.br\/wp-content\/uploads\/2025\/08\/WhatsApp-Image-2025-08-18-at-15.30.28-150x150.jpeg\",\"contentUrl\":\"https:\/\/jornalfatosenoticias.com.br\/wp-content\/uploads\/2025\/08\/WhatsApp-Image-2025-08-18-at-15.30.28-150x150.jpeg\",\"caption\":\"Haroldo Filho\"},\"description\":\"Jornalista \u2013 DRT: 0003818\/ES Coordenador-geral da ONG Educar para Crescer\",\"url\":\"https:\/\/jornalfatosenoticias.com.br\/index.php\/author\/haroldo\/\"}]}<\/script>\n<!-- \/ Yoast SEO plugin. -->","yoast_head_json":{"title":"Qualidade do ar de Vit\u00f3ria continua preocupando ONG - Jornal Fatos e Not\u00edcias","robots":{"index":"index","follow":"follow","max-snippet":"max-snippet:-1","max-image-preview":"max-image-preview:large","max-video-preview":"max-video-preview:-1"},"canonical":"https:\/\/jornalfatosenoticias.com.br\/index.php\/2023\/03\/02\/qualidade-do-ar-de-vitoria-continua-preocupando-ong\/","og_locale":"pt_BR","og_type":"article","og_title":"Qualidade do ar de Vit\u00f3ria continua preocupando ONG - Jornal Fatos e Not\u00edcias","og_description":"Eraylton Moreschi, presidente da ONG Juntos SOS Esp\u00edrito Santo, que na pr\u00f3xima semana estar\u00e1 nos agraciando semanalmente com a coluna \u201cEspa\u00e7o Juntos SOS ES Ambiental\u201d, questionou, atrav\u00e9s de of\u00edcio, ao Instituto Estadual de Meio Ambiente e Recursos H\u00eddricos (Iema), sobre os equipamentos que, segundo ele, de proced\u00eancia francesa, se encontram instalados na Esta\u00e7\u00e3o 04 \u2013 [&hellip;]","og_url":"https:\/\/jornalfatosenoticias.com.br\/index.php\/2023\/03\/02\/qualidade-do-ar-de-vitoria-continua-preocupando-ong\/","og_site_name":"Jornal Fatos e Not\u00edcias","article_published_time":"2023-03-02T22:14:24+00:00","article_modified_time":"2023-03-03T11:58:28+00:00","og_image":[{"width":1000,"height":655,"url":"https:\/\/jornalfatosenoticias.com.br\/wp-content\/uploads\/2023\/03\/iema-513.jpg","type":"image\/jpeg"}],"author":"Haroldo Filho","twitter_card":"summary_large_image","twitter_misc":{"Escrito por":"Haroldo Filho","Est. tempo de leitura":"6 minutos"},"schema":{"@context":"https:\/\/schema.org","@graph":[{"@type":"Article","@id":"https:\/\/jornalfatosenoticias.com.br\/index.php\/2023\/03\/02\/qualidade-do-ar-de-vitoria-continua-preocupando-ong\/#article","isPartOf":{"@id":"https:\/\/jornalfatosenoticias.com.br\/index.php\/2023\/03\/02\/qualidade-do-ar-de-vitoria-continua-preocupando-ong\/"},"author":{"name":"Haroldo Filho","@id":"https:\/\/jornalfatosenoticias.com.br\/#\/schema\/person\/05c46cc25b42a5c27e004fb0fa6b4965"},"headline":"Qualidade do ar de Vit\u00f3ria continua preocupando ONG","datePublished":"2023-03-02T22:14:24+00:00","dateModified":"2023-03-03T11:58:28+00:00","mainEntityOfPage":{"@id":"https:\/\/jornalfatosenoticias.com.br\/index.php\/2023\/03\/02\/qualidade-do-ar-de-vitoria-continua-preocupando-ong\/"},"wordCount":1204,"commentCount":0,"publisher":{"@id":"https:\/\/jornalfatosenoticias.com.br\/#organization"},"image":{"@id":"https:\/\/jornalfatosenoticias.com.br\/index.php\/2023\/03\/02\/qualidade-do-ar-de-vitoria-continua-preocupando-ong\/#primaryimage"},"thumbnailUrl":"https:\/\/jornalfatosenoticias.com.br\/wp-content\/uploads\/2023\/03\/iema-513.jpg","keywords":["ar","ar polu\u00eddo","p\u00f3 preto","polui\u00e7\u00e3o do ar","qualidade do ar"],"articleSection":["Meio ambiente"],"inLanguage":"pt-BR","potentialAction":[{"@type":"CommentAction","name":"Comment","target":["https:\/\/jornalfatosenoticias.com.br\/index.php\/2023\/03\/02\/qualidade-do-ar-de-vitoria-continua-preocupando-ong\/#respond"]}]},{"@type":"WebPage","@id":"https:\/\/jornalfatosenoticias.com.br\/index.php\/2023\/03\/02\/qualidade-do-ar-de-vitoria-continua-preocupando-ong\/","url":"https:\/\/jornalfatosenoticias.com.br\/index.php\/2023\/03\/02\/qualidade-do-ar-de-vitoria-continua-preocupando-ong\/","name":"Qualidade do ar de Vit\u00f3ria continua preocupando ONG - Jornal Fatos e Not\u00edcias","isPartOf":{"@id":"https:\/\/jornalfatosenoticias.com.br\/#website"},"primaryImageOfPage":{"@id":"https:\/\/jornalfatosenoticias.com.br\/index.php\/2023\/03\/02\/qualidade-do-ar-de-vitoria-continua-preocupando-ong\/#primaryimage"},"image":{"@id":"https:\/\/jornalfatosenoticias.com.br\/index.php\/2023\/03\/02\/qualidade-do-ar-de-vitoria-continua-preocupando-ong\/#primaryimage"},"thumbnailUrl":"https:\/\/jornalfatosenoticias.com.br\/wp-content\/uploads\/2023\/03\/iema-513.jpg","datePublished":"2023-03-02T22:14:24+00:00","dateModified":"2023-03-03T11:58:28+00:00","breadcrumb":{"@id":"https:\/\/jornalfatosenoticias.com.br\/index.php\/2023\/03\/02\/qualidade-do-ar-de-vitoria-continua-preocupando-ong\/#breadcrumb"},"inLanguage":"pt-BR","potentialAction":[{"@type":"ReadAction","target":["https:\/\/jornalfatosenoticias.com.br\/index.php\/2023\/03\/02\/qualidade-do-ar-de-vitoria-continua-preocupando-ong\/"]}]},{"@type":"ImageObject","inLanguage":"pt-BR","@id":"https:\/\/jornalfatosenoticias.com.br\/index.php\/2023\/03\/02\/qualidade-do-ar-de-vitoria-continua-preocupando-ong\/#primaryimage","url":"https:\/\/jornalfatosenoticias.com.br\/wp-content\/uploads\/2023\/03\/iema-513.jpg","contentUrl":"https:\/\/jornalfatosenoticias.com.br\/wp-content\/uploads\/2023\/03\/iema-513.jpg","width":1000,"height":655},{"@type":"BreadcrumbList","@id":"https:\/\/jornalfatosenoticias.com.br\/index.php\/2023\/03\/02\/qualidade-do-ar-de-vitoria-continua-preocupando-ong\/#breadcrumb","itemListElement":[{"@type":"ListItem","position":1,"name":"In\u00edcio","item":"https:\/\/jornalfatosenoticias.com.br\/"},{"@type":"ListItem","position":2,"name":"Qualidade do ar de Vit\u00f3ria continua preocupando ONG"}]},{"@type":"WebSite","@id":"https:\/\/jornalfatosenoticias.com.br\/#website","url":"https:\/\/jornalfatosenoticias.com.br\/","name":"Jornal Fatos e Not\u00edcias","description":"Not\u00edcias em geral","publisher":{"@id":"https:\/\/jornalfatosenoticias.com.br\/#organization"},"potentialAction":[{"@type":"SearchAction","target":{"@type":"EntryPoint","urlTemplate":"https:\/\/jornalfatosenoticias.com.br\/?s={search_term_string}"},"query-input":{"@type":"PropertyValueSpecification","valueRequired":true,"valueName":"search_term_string"}}],"inLanguage":"pt-BR"},{"@type":"Organization","@id":"https:\/\/jornalfatosenoticias.com.br\/#organization","name":"Jornal Fatos e Not\u00edcias","url":"https:\/\/jornalfatosenoticias.com.br\/","logo":{"@type":"ImageObject","inLanguage":"pt-BR","@id":"https:\/\/jornalfatosenoticias.com.br\/#\/schema\/logo\/image\/","url":"https:\/\/jornalfatosenoticias.com.br\/wp-content\/uploads\/2020\/02\/logo120.png","contentUrl":"https:\/\/jornalfatosenoticias.com.br\/wp-content\/uploads\/2020\/02\/logo120.png","width":1227,"height":120,"caption":"Jornal Fatos e Not\u00edcias"},"image":{"@id":"https:\/\/jornalfatosenoticias.com.br\/#\/schema\/logo\/image\/"}},{"@type":"Person","@id":"https:\/\/jornalfatosenoticias.com.br\/#\/schema\/person\/05c46cc25b42a5c27e004fb0fa6b4965","name":"Haroldo Filho","image":{"@type":"ImageObject","inLanguage":"pt-BR","@id":"https:\/\/jornalfatosenoticias.com.br\/#\/schema\/person\/image\/","url":"https:\/\/jornalfatosenoticias.com.br\/wp-content\/uploads\/2025\/08\/WhatsApp-Image-2025-08-18-at-15.30.28-150x150.jpeg","contentUrl":"https:\/\/jornalfatosenoticias.com.br\/wp-content\/uploads\/2025\/08\/WhatsApp-Image-2025-08-18-at-15.30.28-150x150.jpeg","caption":"Haroldo Filho"},"description":"Jornalista \u2013 DRT: 0003818\/ES Coordenador-geral da ONG Educar para Crescer","url":"https:\/\/jornalfatosenoticias.com.br\/index.php\/author\/haroldo\/"}]}},"cc_featured_image_caption":{"caption_text":"(Foto: Reprodu\u00e7\u00e3o Internet) ","source_text":"","source_url":""},"jetpack_featured_media_url":"https:\/\/jornalfatosenoticias.com.br\/wp-content\/uploads\/2023\/03\/iema-513.jpg","_links":{"self":[{"href":"https:\/\/jornalfatosenoticias.com.br\/index.php\/wp-json\/wp\/v2\/posts\/39192","targetHints":{"allow":["GET"]}}],"collection":[{"href":"https:\/\/jornalfatosenoticias.com.br\/index.php\/wp-json\/wp\/v2\/posts"}],"about":[{"href":"https:\/\/jornalfatosenoticias.com.br\/index.php\/wp-json\/wp\/v2\/types\/post"}],"author":[{"embeddable":true,"href":"https:\/\/jornalfatosenoticias.com.br\/index.php\/wp-json\/wp\/v2\/users\/3"}],"replies":[{"embeddable":true,"href":"https:\/\/jornalfatosenoticias.com.br\/index.php\/wp-json\/wp\/v2\/comments?post=39192"}],"version-history":[{"count":0,"href":"https:\/\/jornalfatosenoticias.com.br\/index.php\/wp-json\/wp\/v2\/posts\/39192\/revisions"}],"wp:featuredmedia":[{"embeddable":true,"href":"https:\/\/jornalfatosenoticias.com.br\/index.php\/wp-json\/wp\/v2\/media\/39193"}],"wp:attachment":[{"href":"https:\/\/jornalfatosenoticias.com.br\/index.php\/wp-json\/wp\/v2\/media?parent=39192"}],"wp:term":[{"taxonomy":"category","embeddable":true,"href":"https:\/\/jornalfatosenoticias.com.br\/index.php\/wp-json\/wp\/v2\/categories?post=39192"},{"taxonomy":"post_tag","embeddable":true,"href":"https:\/\/jornalfatosenoticias.com.br\/index.php\/wp-json\/wp\/v2\/tags?post=39192"}],"curies":[{"name":"wp","href":"https:\/\/api.w.org\/{rel}","templated":true}]}}