{"id":39274,"date":"2023-03-03T11:52:59","date_gmt":"2023-03-03T14:52:59","guid":{"rendered":"https:\/\/jornalfatosenoticias.com.br\/?p=39274"},"modified":"2023-03-03T11:53:00","modified_gmt":"2023-03-03T14:53:00","slug":"novo-diretor-da-abin-escolhido-por-lula-ja-foi-alvo-de-acao-por-improbidade-administrativa","status":"publish","type":"post","link":"https:\/\/jornalfatosenoticias.com.br\/index.php\/2023\/03\/03\/novo-diretor-da-abin-escolhido-por-lula-ja-foi-alvo-de-acao-por-improbidade-administrativa\/","title":{"rendered":"Novo diretor da Abin escolhido por Lula j\u00e1 foi alvo de a\u00e7\u00e3o por improbidade administrativa"},"content":{"rendered":"\n<div class=\"wp-block-image\"><figure class=\"aligncenter size-large\"><img decoding=\"async\" src=\"https:\/\/jornalfatosenoticias.com.br\/wp-content\/uploads\/2020\/02\/Serra-Grande-1024x160.png\" alt=\"\" class=\"wp-image-7836\"\/><\/figure><\/div>\n\n\n\n<p>Nesta sexta-feira (03), Luiz In\u00e1cio Lula da Silva (PT) indicou o ex-chefe da Pol\u00edcia Federal (PF), Luiz Fernando Corr\u00eaa, para o cargo de diretor-geral da Ag\u00eancia Brasileira de Intelig\u00eancia (Abin). A Abin \u00e9 o principal \u00f3rg\u00e3o de intelig\u00eancia do pa\u00eds.<br>A indica\u00e7\u00e3o foi publicada no Di\u00e1rio Oficial da Uni\u00e3o (DOU). Agora, Corr\u00eaa, que \u00e9 delegado federal, ser\u00e1 avaliado pela Comiss\u00e3o de Rela\u00e7\u00f5es Exteriores e Defesa Nacional do Senado Federal.<\/p>\n\n\n\n<div class=\"wp-block-image\"><figure class=\"aligncenter size-large is-resized\"><img loading=\"lazy\" decoding=\"async\" src=\"https:\/\/jornalfatosenoticias.com.br\/wp-content\/uploads\/2022\/10\/Arte-jornal-Zucchi-600x600_Prancheta-1-1024x1024.jpg\" alt=\"\" class=\"wp-image-34782\" width=\"321\" height=\"321\" srcset=\"https:\/\/jornalfatosenoticias.com.br\/wp-content\/uploads\/2022\/10\/Arte-jornal-Zucchi-600x600_Prancheta-1-1024x1024.jpg 1024w, https:\/\/jornalfatosenoticias.com.br\/wp-content\/uploads\/2022\/10\/Arte-jornal-Zucchi-600x600_Prancheta-1-300x300.jpg 300w, https:\/\/jornalfatosenoticias.com.br\/wp-content\/uploads\/2022\/10\/Arte-jornal-Zucchi-600x600_Prancheta-1-150x150.jpg 150w, https:\/\/jornalfatosenoticias.com.br\/wp-content\/uploads\/2022\/10\/Arte-jornal-Zucchi-600x600_Prancheta-1-768x768.jpg 768w, https:\/\/jornalfatosenoticias.com.br\/wp-content\/uploads\/2022\/10\/Arte-jornal-Zucchi-600x600_Prancheta-1.jpg 1250w\" sizes=\"auto, (max-width: 321px) 100vw, 321px\" \/><\/figure><\/div>\n\n\n\n<p>Lula transferiu a Abin para a Casa Civil, comandada por Rui Costa, na quinta-feira (02). No Governo Bolsonaro, a Abin integrava o GSI, sob o comando do general Augusto Heleno.<\/p>\n\n\n\n<div class=\"wp-block-image\"><figure class=\"aligncenter size-large\"><img loading=\"lazy\" decoding=\"async\" width=\"1024\" height=\"100\" src=\"https:\/\/jornalfatosenoticias.com.br\/wp-content\/uploads\/2020\/02\/banner_ferramentas-1024x100.jpg\" alt=\"\" class=\"wp-image-1258\" srcset=\"https:\/\/jornalfatosenoticias.com.br\/wp-content\/uploads\/2020\/02\/banner_ferramentas-1024x100.jpg 1024w, https:\/\/jornalfatosenoticias.com.br\/wp-content\/uploads\/2020\/02\/banner_ferramentas-300x29.jpg 300w, https:\/\/jornalfatosenoticias.com.br\/wp-content\/uploads\/2020\/02\/banner_ferramentas-768x75.jpg 768w, https:\/\/jornalfatosenoticias.com.br\/wp-content\/uploads\/2020\/02\/banner_ferramentas.jpg 1227w\" sizes=\"auto, (max-width: 1024px) 100vw, 1024px\" \/><\/figure><\/div>\n\n\n\n<p>Luiz Fernando Corr\u00eaa j\u00e1 trabalhou no governo Lula. Foi secret\u00e1rio nacional de Seguran\u00e7a P\u00fablica entre 2003 e 2007. Tamb\u00e9m atuou, entre 2011 e 2016, na equipe de seguran\u00e7a dos Jogos Ol\u00edmpicos do Rio de Janeiro, e foi diretor-geral da Pol\u00edcia Federal entre 2007 e 2011.<\/p>\n\n\n\n<div class=\"wp-block-image\"><figure class=\"aligncenter size-large\"><img loading=\"lazy\" decoding=\"async\" width=\"300\" height=\"300\" src=\"https:\/\/jornalfatosenoticias.com.br\/wp-content\/uploads\/2020\/02\/casa-do-torresmo_portal.jpg\" alt=\"\" class=\"wp-image-34472\" srcset=\"https:\/\/jornalfatosenoticias.com.br\/wp-content\/uploads\/2020\/02\/casa-do-torresmo_portal.jpg 300w, https:\/\/jornalfatosenoticias.com.br\/wp-content\/uploads\/2020\/02\/casa-do-torresmo_portal-150x150.jpg 150w\" sizes=\"auto, (max-width: 300px) 100vw, 300px\" \/><\/figure><\/div>\n\n\n\n<p>A Justi\u00e7a j\u00e1 rejeitou uma den\u00fancia contra Luiz Fernando Corr\u00eaa por improbidade administrativa. Ele tinha sido alvo da a\u00e7\u00e3o devido ao sobrepre\u00e7o de R$ 17,9 milh\u00f5es pela compra de material de inform\u00e1tica para os jogos Pan-americanos de 2007, no Rio.<\/p>\n\n\n\n<div class=\"wp-block-image\"><figure class=\"aligncenter size-large is-resized\"><img loading=\"lazy\" decoding=\"async\" src=\"https:\/\/jornalfatosenoticias.com.br\/wp-content\/uploads\/2022\/10\/RC_800x750_page-0001.jpg\" alt=\"\" class=\"wp-image-35338\" width=\"284\" height=\"266\" srcset=\"https:\/\/jornalfatosenoticias.com.br\/wp-content\/uploads\/2022\/10\/RC_800x750_page-0001.jpg 400w, https:\/\/jornalfatosenoticias.com.br\/wp-content\/uploads\/2022\/10\/RC_800x750_page-0001-300x281.jpg 300w\" sizes=\"auto, (max-width: 284px) 100vw, 284px\" \/><\/figure><\/div>\n\n\n\n<p>Tanto Corr\u00eaa quanto as empresas que participaram da licita\u00e7\u00e3o negaram que houvesse superfaturamento. O caso contra o agora diretor da Abin foi julgado pelo Tribunal Regional Federal da 1\u00aa Regi\u00e3o (TRF-1) em 2012.<\/p>\n\n\n\n<div class=\"wp-block-image\"><figure class=\"aligncenter size-large\"><img loading=\"lazy\" decoding=\"async\" width=\"300\" height=\"250\" src=\"https:\/\/jornalfatosenoticias.com.br\/wp-content\/uploads\/2022\/08\/arte-Casarao.jpg\" alt=\"\" class=\"wp-image-33178\"\/><\/figure><\/div>\n\n\n\n<figure class=\"wp-block-pullquote\"><blockquote><p><span class=\"has-inline-color has-luminous-vivid-orange-color\">Ao analisar rejeitar a a\u00e7\u00e3o, o juiz do TRF-1, Ant\u00f4nio Cl\u00e1udio Macedo da Silva, afirmou que n\u00e3o h\u00e1 na den\u00fancia do MPF \u201cqualquer dado concreto, ou mesmo prova indici\u00e1ria, que permitam inferir sobre a efetiva exist\u00eancia das supostas fraudes relacionadas \u00e0 execu\u00e7\u00e3o do contrato em refer\u00eancia\u201d. \u201cSequer afirma o MPF ter havido a pr\u00e1tica do delito de corrup\u00e7\u00e3o, quer ativa, quer passiva, por parte dos r\u00e9us, auferindo vantagens indevidas, as quais, se existentes, tamb\u00e9m substanciariam fato t\u00edpico penal\u201d, concluiu o magistrado.<\/span><\/p><\/blockquote><\/figure>\n\n\n\n<div class=\"wp-block-image\"><figure class=\"aligncenter size-large\"><img loading=\"lazy\" decoding=\"async\" width=\"300\" height=\"250\" src=\"https:\/\/jornalfatosenoticias.com.br\/wp-content\/uploads\/2022\/02\/Banner-2.png\" alt=\"\" class=\"wp-image-27877\"\/><\/figure><\/div>\n\n\n\n<p><strong><em>Fonte: <a href=\"https:\/\/gazetabrasil.com.br\/politica\/2023\/03\/03\/novo-diretor-da-abin-ja-foi-alvo-de-acao-por-improbidade-administrativa\/\">Gazeta Brasil<\/a><\/em><\/strong><\/p>\n","protected":false},"excerpt":{"rendered":"<p>Nesta sexta-feira (03), Luiz In\u00e1cio Lula da Silva (PT) indicou o ex-chefe da Pol\u00edcia Federal (PF), Luiz Fernando Corr\u00eaa, para o cargo de diretor-geral da Ag\u00eancia Brasileira de Intelig\u00eancia (Abin). A Abin \u00e9 o principal \u00f3rg\u00e3o de intelig\u00eancia do pa\u00eds.A indica\u00e7\u00e3o foi publicada no Di\u00e1rio Oficial da Uni\u00e3o (DOU). Agora, Corr\u00eaa, que \u00e9 delegado federal, [&hellip;]<\/p>\n","protected":false},"author":2,"featured_media":39275,"comment_status":"open","ping_status":"open","sticky":false,"template":"","format":"standard","meta":{"footnotes":""},"categories":[10],"tags":[2141,2129,18359,10241,1345,18360],"class_list":["post-39274","post","type-post","status-publish","format-standard","has-post-thumbnail","hentry","category-politica","tag-abin","tag-corrupcao","tag-diretor","tag-improbidade-administrativa","tag-justica","tag-luiz-fernando-correa"],"yoast_head":"<!-- This site is optimized with the Yoast SEO plugin v26.5 - https:\/\/yoast.com\/wordpress\/plugins\/seo\/ -->\n<title>Novo diretor da Abin escolhido por Lula j\u00e1 foi alvo de a\u00e7\u00e3o por improbidade administrativa - Jornal Fatos e Not\u00edcias<\/title>\n<meta name=\"robots\" content=\"index, follow, max-snippet:-1, max-image-preview:large, max-video-preview:-1\" \/>\n<link rel=\"canonical\" href=\"https:\/\/jornalfatosenoticias.com.br\/index.php\/2023\/03\/03\/novo-diretor-da-abin-escolhido-por-lula-ja-foi-alvo-de-acao-por-improbidade-administrativa\/\" \/>\n<meta property=\"og:locale\" content=\"pt_BR\" \/>\n<meta property=\"og:type\" content=\"article\" \/>\n<meta property=\"og:title\" content=\"Novo diretor da Abin escolhido por Lula j\u00e1 foi alvo de a\u00e7\u00e3o por improbidade administrativa - Jornal Fatos e Not\u00edcias\" \/>\n<meta property=\"og:description\" content=\"Nesta sexta-feira (03), Luiz In\u00e1cio Lula da Silva (PT) indicou o ex-chefe da Pol\u00edcia Federal (PF), Luiz Fernando Corr\u00eaa, para o cargo de diretor-geral da Ag\u00eancia Brasileira de Intelig\u00eancia (Abin). A Abin \u00e9 o principal \u00f3rg\u00e3o de intelig\u00eancia do pa\u00eds.A indica\u00e7\u00e3o foi publicada no Di\u00e1rio Oficial da Uni\u00e3o (DOU). Agora, Corr\u00eaa, que \u00e9 delegado federal, [&hellip;]\" \/>\n<meta property=\"og:url\" content=\"https:\/\/jornalfatosenoticias.com.br\/index.php\/2023\/03\/03\/novo-diretor-da-abin-escolhido-por-lula-ja-foi-alvo-de-acao-por-improbidade-administrativa\/\" \/>\n<meta property=\"og:site_name\" content=\"Jornal Fatos e Not\u00edcias\" \/>\n<meta property=\"article:published_time\" content=\"2023-03-03T14:52:59+00:00\" \/>\n<meta property=\"article:modified_time\" content=\"2023-03-03T14:53:00+00:00\" \/>\n<meta property=\"og:image\" content=\"https:\/\/jornalfatosenoticias.com.br\/wp-content\/uploads\/2023\/03\/presidente-abin.jpg\" \/>\n\t<meta property=\"og:image:width\" content=\"1000\" \/>\n\t<meta property=\"og:image:height\" content=\"500\" \/>\n\t<meta property=\"og:image:type\" content=\"image\/jpeg\" \/>\n<meta name=\"author\" content=\"Luzimara Fernandes\" \/>\n<meta name=\"twitter:card\" content=\"summary_large_image\" \/>\n<meta name=\"twitter:label1\" content=\"Escrito por\" \/>\n\t<meta name=\"twitter:data1\" content=\"Luzimara Fernandes\" \/>\n\t<meta name=\"twitter:label2\" content=\"Est. tempo de leitura\" \/>\n\t<meta name=\"twitter:data2\" content=\"2 minutos\" \/>\n<script type=\"application\/ld+json\" class=\"yoast-schema-graph\">{\"@context\":\"https:\/\/schema.org\",\"@graph\":[{\"@type\":\"Article\",\"@id\":\"https:\/\/jornalfatosenoticias.com.br\/index.php\/2023\/03\/03\/novo-diretor-da-abin-escolhido-por-lula-ja-foi-alvo-de-acao-por-improbidade-administrativa\/#article\",\"isPartOf\":{\"@id\":\"https:\/\/jornalfatosenoticias.com.br\/index.php\/2023\/03\/03\/novo-diretor-da-abin-escolhido-por-lula-ja-foi-alvo-de-acao-por-improbidade-administrativa\/\"},\"author\":{\"name\":\"Luzimara Fernandes\",\"@id\":\"https:\/\/jornalfatosenoticias.com.br\/#\/schema\/person\/d63837fa13ac8666eb9e74e0985d6f81\"},\"headline\":\"Novo diretor da Abin escolhido por Lula j\u00e1 foi alvo de a\u00e7\u00e3o por improbidade administrativa\",\"datePublished\":\"2023-03-03T14:52:59+00:00\",\"dateModified\":\"2023-03-03T14:53:00+00:00\",\"mainEntityOfPage\":{\"@id\":\"https:\/\/jornalfatosenoticias.com.br\/index.php\/2023\/03\/03\/novo-diretor-da-abin-escolhido-por-lula-ja-foi-alvo-de-acao-por-improbidade-administrativa\/\"},\"wordCount\":348,\"commentCount\":0,\"publisher\":{\"@id\":\"https:\/\/jornalfatosenoticias.com.br\/#organization\"},\"image\":{\"@id\":\"https:\/\/jornalfatosenoticias.com.br\/index.php\/2023\/03\/03\/novo-diretor-da-abin-escolhido-por-lula-ja-foi-alvo-de-acao-por-improbidade-administrativa\/#primaryimage\"},\"thumbnailUrl\":\"https:\/\/jornalfatosenoticias.com.br\/wp-content\/uploads\/2023\/03\/presidente-abin.jpg\",\"keywords\":[\"Abin\",\"corrup\u00e7\u00e3o\",\"diretor\",\"improbidade administrativa\",\"justi\u00e7a\",\"Luiz Fernando Corr\u00eaa\"],\"articleSection\":[\"Pol\u00edtica\"],\"inLanguage\":\"pt-BR\",\"potentialAction\":[{\"@type\":\"CommentAction\",\"name\":\"Comment\",\"target\":[\"https:\/\/jornalfatosenoticias.com.br\/index.php\/2023\/03\/03\/novo-diretor-da-abin-escolhido-por-lula-ja-foi-alvo-de-acao-por-improbidade-administrativa\/#respond\"]}]},{\"@type\":\"WebPage\",\"@id\":\"https:\/\/jornalfatosenoticias.com.br\/index.php\/2023\/03\/03\/novo-diretor-da-abin-escolhido-por-lula-ja-foi-alvo-de-acao-por-improbidade-administrativa\/\",\"url\":\"https:\/\/jornalfatosenoticias.com.br\/index.php\/2023\/03\/03\/novo-diretor-da-abin-escolhido-por-lula-ja-foi-alvo-de-acao-por-improbidade-administrativa\/\",\"name\":\"Novo diretor da Abin escolhido por Lula j\u00e1 foi alvo de a\u00e7\u00e3o por improbidade administrativa - Jornal Fatos e Not\u00edcias\",\"isPartOf\":{\"@id\":\"https:\/\/jornalfatosenoticias.com.br\/#website\"},\"primaryImageOfPage\":{\"@id\":\"https:\/\/jornalfatosenoticias.com.br\/index.php\/2023\/03\/03\/novo-diretor-da-abin-escolhido-por-lula-ja-foi-alvo-de-acao-por-improbidade-administrativa\/#primaryimage\"},\"image\":{\"@id\":\"https:\/\/jornalfatosenoticias.com.br\/index.php\/2023\/03\/03\/novo-diretor-da-abin-escolhido-por-lula-ja-foi-alvo-de-acao-por-improbidade-administrativa\/#primaryimage\"},\"thumbnailUrl\":\"https:\/\/jornalfatosenoticias.com.br\/wp-content\/uploads\/2023\/03\/presidente-abin.jpg\",\"datePublished\":\"2023-03-03T14:52:59+00:00\",\"dateModified\":\"2023-03-03T14:53:00+00:00\",\"breadcrumb\":{\"@id\":\"https:\/\/jornalfatosenoticias.com.br\/index.php\/2023\/03\/03\/novo-diretor-da-abin-escolhido-por-lula-ja-foi-alvo-de-acao-por-improbidade-administrativa\/#breadcrumb\"},\"inLanguage\":\"pt-BR\",\"potentialAction\":[{\"@type\":\"ReadAction\",\"target\":[\"https:\/\/jornalfatosenoticias.com.br\/index.php\/2023\/03\/03\/novo-diretor-da-abin-escolhido-por-lula-ja-foi-alvo-de-acao-por-improbidade-administrativa\/\"]}]},{\"@type\":\"ImageObject\",\"inLanguage\":\"pt-BR\",\"@id\":\"https:\/\/jornalfatosenoticias.com.br\/index.php\/2023\/03\/03\/novo-diretor-da-abin-escolhido-por-lula-ja-foi-alvo-de-acao-por-improbidade-administrativa\/#primaryimage\",\"url\":\"https:\/\/jornalfatosenoticias.com.br\/wp-content\/uploads\/2023\/03\/presidente-abin.jpg\",\"contentUrl\":\"https:\/\/jornalfatosenoticias.com.br\/wp-content\/uploads\/2023\/03\/presidente-abin.jpg\",\"width\":1000,\"height\":500},{\"@type\":\"BreadcrumbList\",\"@id\":\"https:\/\/jornalfatosenoticias.com.br\/index.php\/2023\/03\/03\/novo-diretor-da-abin-escolhido-por-lula-ja-foi-alvo-de-acao-por-improbidade-administrativa\/#breadcrumb\",\"itemListElement\":[{\"@type\":\"ListItem\",\"position\":1,\"name\":\"In\u00edcio\",\"item\":\"https:\/\/jornalfatosenoticias.com.br\/\"},{\"@type\":\"ListItem\",\"position\":2,\"name\":\"Novo diretor da Abin escolhido por Lula j\u00e1 foi alvo de a\u00e7\u00e3o por improbidade administrativa\"}]},{\"@type\":\"WebSite\",\"@id\":\"https:\/\/jornalfatosenoticias.com.br\/#website\",\"url\":\"https:\/\/jornalfatosenoticias.com.br\/\",\"name\":\"Jornal Fatos e Not\u00edcias\",\"description\":\"Not\u00edcias em geral\",\"publisher\":{\"@id\":\"https:\/\/jornalfatosenoticias.com.br\/#organization\"},\"potentialAction\":[{\"@type\":\"SearchAction\",\"target\":{\"@type\":\"EntryPoint\",\"urlTemplate\":\"https:\/\/jornalfatosenoticias.com.br\/?s={search_term_string}\"},\"query-input\":{\"@type\":\"PropertyValueSpecification\",\"valueRequired\":true,\"valueName\":\"search_term_string\"}}],\"inLanguage\":\"pt-BR\"},{\"@type\":\"Organization\",\"@id\":\"https:\/\/jornalfatosenoticias.com.br\/#organization\",\"name\":\"Jornal Fatos e Not\u00edcias\",\"url\":\"https:\/\/jornalfatosenoticias.com.br\/\",\"logo\":{\"@type\":\"ImageObject\",\"inLanguage\":\"pt-BR\",\"@id\":\"https:\/\/jornalfatosenoticias.com.br\/#\/schema\/logo\/image\/\",\"url\":\"https:\/\/jornalfatosenoticias.com.br\/wp-content\/uploads\/2020\/02\/logo120.png\",\"contentUrl\":\"https:\/\/jornalfatosenoticias.com.br\/wp-content\/uploads\/2020\/02\/logo120.png\",\"width\":1227,\"height\":120,\"caption\":\"Jornal Fatos e Not\u00edcias\"},\"image\":{\"@id\":\"https:\/\/jornalfatosenoticias.com.br\/#\/schema\/logo\/image\/\"}},{\"@type\":\"Person\",\"@id\":\"https:\/\/jornalfatosenoticias.com.br\/#\/schema\/person\/d63837fa13ac8666eb9e74e0985d6f81\",\"name\":\"Luzimara Fernandes\",\"image\":{\"@type\":\"ImageObject\",\"inLanguage\":\"pt-BR\",\"@id\":\"https:\/\/jornalfatosenoticias.com.br\/#\/schema\/person\/image\/\",\"url\":\"https:\/\/jornalfatosenoticias.com.br\/wp-content\/uploads\/2025\/05\/EU_portal.jpg\",\"contentUrl\":\"https:\/\/jornalfatosenoticias.com.br\/wp-content\/uploads\/2025\/05\/EU_portal.jpg\",\"caption\":\"Luzimara Fernandes\"},\"description\":\"Jornalista MTB 2358-ES\",\"sameAs\":[\"https:\/\/jornalfatosenoticias.com.br\"],\"url\":\"https:\/\/jornalfatosenoticias.com.br\/index.php\/author\/luzimara\/\"}]}<\/script>\n<!-- \/ Yoast SEO plugin. -->","yoast_head_json":{"title":"Novo diretor da Abin escolhido por Lula j\u00e1 foi alvo de a\u00e7\u00e3o por improbidade administrativa - Jornal Fatos e Not\u00edcias","robots":{"index":"index","follow":"follow","max-snippet":"max-snippet:-1","max-image-preview":"max-image-preview:large","max-video-preview":"max-video-preview:-1"},"canonical":"https:\/\/jornalfatosenoticias.com.br\/index.php\/2023\/03\/03\/novo-diretor-da-abin-escolhido-por-lula-ja-foi-alvo-de-acao-por-improbidade-administrativa\/","og_locale":"pt_BR","og_type":"article","og_title":"Novo diretor da Abin escolhido por Lula j\u00e1 foi alvo de a\u00e7\u00e3o por improbidade administrativa - Jornal Fatos e Not\u00edcias","og_description":"Nesta sexta-feira (03), Luiz In\u00e1cio Lula da Silva (PT) indicou o ex-chefe da Pol\u00edcia Federal (PF), Luiz Fernando Corr\u00eaa, para o cargo de diretor-geral da Ag\u00eancia Brasileira de Intelig\u00eancia (Abin). A Abin \u00e9 o principal \u00f3rg\u00e3o de intelig\u00eancia do pa\u00eds.A indica\u00e7\u00e3o foi publicada no Di\u00e1rio Oficial da Uni\u00e3o (DOU). Agora, Corr\u00eaa, que \u00e9 delegado federal, [&hellip;]","og_url":"https:\/\/jornalfatosenoticias.com.br\/index.php\/2023\/03\/03\/novo-diretor-da-abin-escolhido-por-lula-ja-foi-alvo-de-acao-por-improbidade-administrativa\/","og_site_name":"Jornal Fatos e Not\u00edcias","article_published_time":"2023-03-03T14:52:59+00:00","article_modified_time":"2023-03-03T14:53:00+00:00","og_image":[{"width":1000,"height":500,"url":"https:\/\/jornalfatosenoticias.com.br\/wp-content\/uploads\/2023\/03\/presidente-abin.jpg","type":"image\/jpeg"}],"author":"Luzimara Fernandes","twitter_card":"summary_large_image","twitter_misc":{"Escrito por":"Luzimara Fernandes","Est. tempo de leitura":"2 minutos"},"schema":{"@context":"https:\/\/schema.org","@graph":[{"@type":"Article","@id":"https:\/\/jornalfatosenoticias.com.br\/index.php\/2023\/03\/03\/novo-diretor-da-abin-escolhido-por-lula-ja-foi-alvo-de-acao-por-improbidade-administrativa\/#article","isPartOf":{"@id":"https:\/\/jornalfatosenoticias.com.br\/index.php\/2023\/03\/03\/novo-diretor-da-abin-escolhido-por-lula-ja-foi-alvo-de-acao-por-improbidade-administrativa\/"},"author":{"name":"Luzimara Fernandes","@id":"https:\/\/jornalfatosenoticias.com.br\/#\/schema\/person\/d63837fa13ac8666eb9e74e0985d6f81"},"headline":"Novo diretor da Abin escolhido por Lula j\u00e1 foi alvo de a\u00e7\u00e3o por improbidade administrativa","datePublished":"2023-03-03T14:52:59+00:00","dateModified":"2023-03-03T14:53:00+00:00","mainEntityOfPage":{"@id":"https:\/\/jornalfatosenoticias.com.br\/index.php\/2023\/03\/03\/novo-diretor-da-abin-escolhido-por-lula-ja-foi-alvo-de-acao-por-improbidade-administrativa\/"},"wordCount":348,"commentCount":0,"publisher":{"@id":"https:\/\/jornalfatosenoticias.com.br\/#organization"},"image":{"@id":"https:\/\/jornalfatosenoticias.com.br\/index.php\/2023\/03\/03\/novo-diretor-da-abin-escolhido-por-lula-ja-foi-alvo-de-acao-por-improbidade-administrativa\/#primaryimage"},"thumbnailUrl":"https:\/\/jornalfatosenoticias.com.br\/wp-content\/uploads\/2023\/03\/presidente-abin.jpg","keywords":["Abin","corrup\u00e7\u00e3o","diretor","improbidade administrativa","justi\u00e7a","Luiz Fernando Corr\u00eaa"],"articleSection":["Pol\u00edtica"],"inLanguage":"pt-BR","potentialAction":[{"@type":"CommentAction","name":"Comment","target":["https:\/\/jornalfatosenoticias.com.br\/index.php\/2023\/03\/03\/novo-diretor-da-abin-escolhido-por-lula-ja-foi-alvo-de-acao-por-improbidade-administrativa\/#respond"]}]},{"@type":"WebPage","@id":"https:\/\/jornalfatosenoticias.com.br\/index.php\/2023\/03\/03\/novo-diretor-da-abin-escolhido-por-lula-ja-foi-alvo-de-acao-por-improbidade-administrativa\/","url":"https:\/\/jornalfatosenoticias.com.br\/index.php\/2023\/03\/03\/novo-diretor-da-abin-escolhido-por-lula-ja-foi-alvo-de-acao-por-improbidade-administrativa\/","name":"Novo diretor da Abin escolhido por Lula j\u00e1 foi alvo de a\u00e7\u00e3o por improbidade administrativa - Jornal Fatos e Not\u00edcias","isPartOf":{"@id":"https:\/\/jornalfatosenoticias.com.br\/#website"},"primaryImageOfPage":{"@id":"https:\/\/jornalfatosenoticias.com.br\/index.php\/2023\/03\/03\/novo-diretor-da-abin-escolhido-por-lula-ja-foi-alvo-de-acao-por-improbidade-administrativa\/#primaryimage"},"image":{"@id":"https:\/\/jornalfatosenoticias.com.br\/index.php\/2023\/03\/03\/novo-diretor-da-abin-escolhido-por-lula-ja-foi-alvo-de-acao-por-improbidade-administrativa\/#primaryimage"},"thumbnailUrl":"https:\/\/jornalfatosenoticias.com.br\/wp-content\/uploads\/2023\/03\/presidente-abin.jpg","datePublished":"2023-03-03T14:52:59+00:00","dateModified":"2023-03-03T14:53:00+00:00","breadcrumb":{"@id":"https:\/\/jornalfatosenoticias.com.br\/index.php\/2023\/03\/03\/novo-diretor-da-abin-escolhido-por-lula-ja-foi-alvo-de-acao-por-improbidade-administrativa\/#breadcrumb"},"inLanguage":"pt-BR","potentialAction":[{"@type":"ReadAction","target":["https:\/\/jornalfatosenoticias.com.br\/index.php\/2023\/03\/03\/novo-diretor-da-abin-escolhido-por-lula-ja-foi-alvo-de-acao-por-improbidade-administrativa\/"]}]},{"@type":"ImageObject","inLanguage":"pt-BR","@id":"https:\/\/jornalfatosenoticias.com.br\/index.php\/2023\/03\/03\/novo-diretor-da-abin-escolhido-por-lula-ja-foi-alvo-de-acao-por-improbidade-administrativa\/#primaryimage","url":"https:\/\/jornalfatosenoticias.com.br\/wp-content\/uploads\/2023\/03\/presidente-abin.jpg","contentUrl":"https:\/\/jornalfatosenoticias.com.br\/wp-content\/uploads\/2023\/03\/presidente-abin.jpg","width":1000,"height":500},{"@type":"BreadcrumbList","@id":"https:\/\/jornalfatosenoticias.com.br\/index.php\/2023\/03\/03\/novo-diretor-da-abin-escolhido-por-lula-ja-foi-alvo-de-acao-por-improbidade-administrativa\/#breadcrumb","itemListElement":[{"@type":"ListItem","position":1,"name":"In\u00edcio","item":"https:\/\/jornalfatosenoticias.com.br\/"},{"@type":"ListItem","position":2,"name":"Novo diretor da Abin escolhido por Lula j\u00e1 foi alvo de a\u00e7\u00e3o por improbidade administrativa"}]},{"@type":"WebSite","@id":"https:\/\/jornalfatosenoticias.com.br\/#website","url":"https:\/\/jornalfatosenoticias.com.br\/","name":"Jornal Fatos e Not\u00edcias","description":"Not\u00edcias em geral","publisher":{"@id":"https:\/\/jornalfatosenoticias.com.br\/#organization"},"potentialAction":[{"@type":"SearchAction","target":{"@type":"EntryPoint","urlTemplate":"https:\/\/jornalfatosenoticias.com.br\/?s={search_term_string}"},"query-input":{"@type":"PropertyValueSpecification","valueRequired":true,"valueName":"search_term_string"}}],"inLanguage":"pt-BR"},{"@type":"Organization","@id":"https:\/\/jornalfatosenoticias.com.br\/#organization","name":"Jornal Fatos e Not\u00edcias","url":"https:\/\/jornalfatosenoticias.com.br\/","logo":{"@type":"ImageObject","inLanguage":"pt-BR","@id":"https:\/\/jornalfatosenoticias.com.br\/#\/schema\/logo\/image\/","url":"https:\/\/jornalfatosenoticias.com.br\/wp-content\/uploads\/2020\/02\/logo120.png","contentUrl":"https:\/\/jornalfatosenoticias.com.br\/wp-content\/uploads\/2020\/02\/logo120.png","width":1227,"height":120,"caption":"Jornal Fatos e Not\u00edcias"},"image":{"@id":"https:\/\/jornalfatosenoticias.com.br\/#\/schema\/logo\/image\/"}},{"@type":"Person","@id":"https:\/\/jornalfatosenoticias.com.br\/#\/schema\/person\/d63837fa13ac8666eb9e74e0985d6f81","name":"Luzimara Fernandes","image":{"@type":"ImageObject","inLanguage":"pt-BR","@id":"https:\/\/jornalfatosenoticias.com.br\/#\/schema\/person\/image\/","url":"https:\/\/jornalfatosenoticias.com.br\/wp-content\/uploads\/2025\/05\/EU_portal.jpg","contentUrl":"https:\/\/jornalfatosenoticias.com.br\/wp-content\/uploads\/2025\/05\/EU_portal.jpg","caption":"Luzimara Fernandes"},"description":"Jornalista MTB 2358-ES","sameAs":["https:\/\/jornalfatosenoticias.com.br"],"url":"https:\/\/jornalfatosenoticias.com.br\/index.php\/author\/luzimara\/"}]}},"cc_featured_image_caption":{"caption_text":"(Foto: Reprodu\u00e7\u00e3o\/USP) ","source_text":"","source_url":""},"jetpack_featured_media_url":"https:\/\/jornalfatosenoticias.com.br\/wp-content\/uploads\/2023\/03\/presidente-abin.jpg","_links":{"self":[{"href":"https:\/\/jornalfatosenoticias.com.br\/index.php\/wp-json\/wp\/v2\/posts\/39274","targetHints":{"allow":["GET"]}}],"collection":[{"href":"https:\/\/jornalfatosenoticias.com.br\/index.php\/wp-json\/wp\/v2\/posts"}],"about":[{"href":"https:\/\/jornalfatosenoticias.com.br\/index.php\/wp-json\/wp\/v2\/types\/post"}],"author":[{"embeddable":true,"href":"https:\/\/jornalfatosenoticias.com.br\/index.php\/wp-json\/wp\/v2\/users\/2"}],"replies":[{"embeddable":true,"href":"https:\/\/jornalfatosenoticias.com.br\/index.php\/wp-json\/wp\/v2\/comments?post=39274"}],"version-history":[{"count":0,"href":"https:\/\/jornalfatosenoticias.com.br\/index.php\/wp-json\/wp\/v2\/posts\/39274\/revisions"}],"wp:featuredmedia":[{"embeddable":true,"href":"https:\/\/jornalfatosenoticias.com.br\/index.php\/wp-json\/wp\/v2\/media\/39275"}],"wp:attachment":[{"href":"https:\/\/jornalfatosenoticias.com.br\/index.php\/wp-json\/wp\/v2\/media?parent=39274"}],"wp:term":[{"taxonomy":"category","embeddable":true,"href":"https:\/\/jornalfatosenoticias.com.br\/index.php\/wp-json\/wp\/v2\/categories?post=39274"},{"taxonomy":"post_tag","embeddable":true,"href":"https:\/\/jornalfatosenoticias.com.br\/index.php\/wp-json\/wp\/v2\/tags?post=39274"}],"curies":[{"name":"wp","href":"https:\/\/api.w.org\/{rel}","templated":true}]}}