{"id":39306,"date":"2023-03-06T15:44:55","date_gmt":"2023-03-06T18:44:55","guid":{"rendered":"https:\/\/jornalfatosenoticias.com.br\/?p=39306"},"modified":"2023-03-06T15:44:56","modified_gmt":"2023-03-06T18:44:56","slug":"israel-chama-de-lamentavel-e-perigosa-decisao-do-brasil-de-permitir-navios-de-guerra-do-ira","status":"publish","type":"post","link":"https:\/\/jornalfatosenoticias.com.br\/index.php\/2023\/03\/06\/israel-chama-de-lamentavel-e-perigosa-decisao-do-brasil-de-permitir-navios-de-guerra-do-ira\/","title":{"rendered":"Israel chama de \u2018lament\u00e1vel\u2019 e \u2018perigosa\u2019 decis\u00e3o do Brasil de permitir navios de guerra do Ir\u00e3"},"content":{"rendered":"\n<p><em><span class=\"has-inline-color has-black-color\">Duas embarca\u00e7\u00f5es do ex\u00e9rcito do Ir\u00e3 est\u00e3o atracadas no Rio de Janeiro desde domingo; Planalto ignorou alertas dos EUA<\/span><\/em><\/p>\n\n\n\n<div class=\"wp-block-image\"><figure class=\"aligncenter size-large\"><img loading=\"lazy\" decoding=\"async\" width=\"1024\" height=\"100\" src=\"https:\/\/jornalfatosenoticias.com.br\/wp-content\/uploads\/2022\/05\/NOVA-LOGO-CESCONETTO-1024x100.jpg\" alt=\"\" class=\"wp-image-30792\" srcset=\"https:\/\/jornalfatosenoticias.com.br\/wp-content\/uploads\/2022\/05\/NOVA-LOGO-CESCONETTO-1024x100.jpg 1024w, https:\/\/jornalfatosenoticias.com.br\/wp-content\/uploads\/2022\/05\/NOVA-LOGO-CESCONETTO-300x29.jpg 300w, https:\/\/jornalfatosenoticias.com.br\/wp-content\/uploads\/2022\/05\/NOVA-LOGO-CESCONETTO-768x75.jpg 768w, https:\/\/jornalfatosenoticias.com.br\/wp-content\/uploads\/2022\/05\/NOVA-LOGO-CESCONETTO.jpg 1280w\" sizes=\"auto, (max-width: 1024px) 100vw, 1024px\" \/><\/figure><\/div>\n\n\n\n<p>A Embaixada de Israel no Brasil afirmou, nas redes sociais, que \u00e9 \u201cperigoso e lament\u00e1vel\u201d que o governo de Luiz In\u00e1cio Lula da Silva (PT) tenha autorizado a atracagem de navios de guerra do Ir\u00e3 na costa do Rio de Janeiro (RJ).<br>Duas embarca\u00e7\u00f5es do regime terrorista est\u00e3o ancoradas no Brasil desde o final de fevereiro, ap\u00f3s o governo federal autorizar a aproxima\u00e7\u00e3o ao territ\u00f3rio. No local, est\u00e3o atracados o porta-helic\u00f3pteros IRIS Makran e a fragata IRIS Dena, que deveriam ficar no Porto do Rio at\u00e9 o \u00faltimo s\u00e1bado (4).<\/p>\n\n\n\n<div class=\"wp-block-image\"><figure class=\"aligncenter size-large\"><img decoding=\"async\" src=\"https:\/\/jornalfatosenoticias.com.br\/wp-content\/uploads\/2020\/02\/Logomarca-Principal.gif\" alt=\"\" class=\"wp-image-7872\"\/><\/figure><\/div>\n\n\n\n<p>Por se tratar de navios de guerra do Ir\u00e3, a chegada ao Brasil dependia de autoriza\u00e7\u00e3o expressa da Marinha, o que foi feito no dia 24 de fevereiro atrav\u00e9s de um despacho publicado no Di\u00e1rio Oficial da Uni\u00e3o (DOU).<\/p>\n\n\n\n<div class=\"wp-block-image\"><figure class=\"aligncenter size-large is-resized\"><img loading=\"lazy\" decoding=\"async\" src=\"https:\/\/jornalfatosenoticias.com.br\/wp-content\/uploads\/2022\/10\/RC_800x750_page-0001.jpg\" alt=\"\" class=\"wp-image-35338\" width=\"270\" height=\"253\" srcset=\"https:\/\/jornalfatosenoticias.com.br\/wp-content\/uploads\/2022\/10\/RC_800x750_page-0001.jpg 400w, https:\/\/jornalfatosenoticias.com.br\/wp-content\/uploads\/2022\/10\/RC_800x750_page-0001-300x281.jpg 300w\" sizes=\"auto, (max-width: 270px) 100vw, 270px\" \/><\/figure><\/div>\n\n\n\n<p>No Twitter, a diplomacia da Israel escreveu que \u201co Brasil n\u00e3o deve conceder nenhum pr\u00eamio a um Estado maligno, respons\u00e1vel por in\u00fameras viola\u00e7\u00f5es dos Direitos Humanos contra seus pr\u00f3prios cidad\u00e3os, executando ataques terroristas em todo o mundo e distribuindo armamento para organiza\u00e7\u00f5es terroristas em todo o Oriente M\u00e9dio\u201d.<\/p>\n\n\n\n<div class=\"wp-block-image\"><figure class=\"aligncenter size-large\"><img loading=\"lazy\" decoding=\"async\" width=\"1024\" height=\"110\" src=\"https:\/\/jornalfatosenoticias.com.br\/wp-content\/uploads\/2023\/03\/Crypton-1120-\u00d7-120-px-1-1024x110.png\" alt=\"\" class=\"wp-image-39211\" srcset=\"https:\/\/jornalfatosenoticias.com.br\/wp-content\/uploads\/2023\/03\/Crypton-1120-\u00d7-120-px-1-1024x110.png 1024w, https:\/\/jornalfatosenoticias.com.br\/wp-content\/uploads\/2023\/03\/Crypton-1120-\u00d7-120-px-1-300x32.png 300w, https:\/\/jornalfatosenoticias.com.br\/wp-content\/uploads\/2023\/03\/Crypton-1120-\u00d7-120-px-1-768x82.png 768w, https:\/\/jornalfatosenoticias.com.br\/wp-content\/uploads\/2023\/03\/Crypton-1120-\u00d7-120-px-1.png 1120w\" sizes=\"auto, (max-width: 1024px) 100vw, 1024px\" \/><\/figure><\/div>\n\n\n\n<h3 class=\"wp-block-heading\">Bolsonaro fala sobre navios iranianos atracados no Rio<\/h3>\n\n\n\n<p><a href=\"https:\/\/www.youtube.com\/@jovempannews\"><\/a><\/p>\n\n\n\n<figure class=\"wp-block-embed-youtube aligncenter wp-block-embed is-type-video is-provider-youtube wp-embed-aspect-16-9 wp-has-aspect-ratio\"><div class=\"wp-block-embed__wrapper\">\n<iframe loading=\"lazy\" title=\"Bolsonaro fala sobre navios iranianos atracados no Rio; Alexandre Bissoli comenta\" width=\"660\" height=\"371\" src=\"https:\/\/www.youtube.com\/embed\/eUbfOGr6oWo?feature=oembed\" frameborder=\"0\" allow=\"accelerometer; autoplay; clipboard-write; encrypted-media; gyroscope; picture-in-picture; web-share\" referrerpolicy=\"strict-origin-when-cross-origin\" allowfullscreen><\/iframe>\n<\/div><\/figure>\n\n\n\n<div class=\"wp-block-image\"><figure class=\"aligncenter size-large\"><img decoding=\"async\" src=\"https:\/\/jornalfatosenoticias.com.br\/wp-content\/uploads\/2020\/02\/logo_esteio.jpg\" alt=\"\" class=\"wp-image-1214\"\/><\/figure><\/div>\n\n\n\n<figure class=\"wp-block-pullquote\"><blockquote><p><span class=\"has-inline-color has-luminous-vivid-orange-color\">Este \u00e9 o momento de seguir os passos dados pela UE, EUA, Canad\u00e1, Austr\u00e1lia, Jap\u00e3o e muitos outros pa\u00edses, e destacar o regime iraniano como o que realmente \u00e9: uma entidade terrorista. Ainda n\u00e3o \u00e9 tarde demais para ordenar aos navios que saiam do porto\u201d, acrescenta a nota oficial.<\/span><\/p><\/blockquote><\/figure>\n\n\n\n<div class=\"wp-block-image\"><figure class=\"aligncenter size-large is-resized\"><img loading=\"lazy\" decoding=\"async\" src=\"https:\/\/jornalfatosenoticias.com.br\/wp-content\/uploads\/2022\/07\/Logo-Grupo-SEI.jpg\" alt=\"\" class=\"wp-image-31973\" width=\"341\" height=\"179\" srcset=\"https:\/\/jornalfatosenoticias.com.br\/wp-content\/uploads\/2022\/07\/Logo-Grupo-SEI.jpg 713w, https:\/\/jornalfatosenoticias.com.br\/wp-content\/uploads\/2022\/07\/Logo-Grupo-SEI-300x158.jpg 300w\" sizes=\"auto, (max-width: 341px) 100vw, 341px\" \/><\/figure><\/div>\n\n\n\n<p>Os Estados Unidos j\u00e1 haviam alertado o Brasil sobre a provoca\u00e7\u00e3o do Ir\u00e3 ao atracar navios de guerra em territ\u00f3rio brasileiro, o que foi ignorado pelo Pal\u00e1cio do Planalto e pelas autoridades militares.<\/p>\n\n\n\n<div class=\"wp-block-image\"><figure class=\"aligncenter size-large is-resized\"><img loading=\"lazy\" decoding=\"async\" src=\"https:\/\/jornalfatosenoticias.com.br\/wp-content\/uploads\/2022\/02\/Precisao-Contabilidade-1024x724.jpg\" alt=\"\" class=\"wp-image-28088\" width=\"371\" height=\"262\"\/><\/figure><\/div>\n\n\n\n<figure class=\"wp-block-pullquote\"><blockquote><p><span class=\"has-inline-color has-luminous-vivid-orange-color\">Esses navios, no passado, facilitaram o com\u00e9rcio il\u00edcito e atividades terroristas e j\u00e1 tiveram san\u00e7\u00f5es da ONU. O Brasil \u00e9 um pa\u00eds soberano, mas acreditamos fortemente que esses navios n\u00e3o deveriam atracar em qualquer lugar\u201d, declarou a embaixadora dos EUA no Brasil, Elizabeth Bagley.<\/span><\/p><\/blockquote><\/figure>\n\n\n\n<div class=\"wp-block-image\"><figure class=\"aligncenter size-large\"><img loading=\"lazy\" decoding=\"async\" width=\"300\" height=\"250\" src=\"https:\/\/jornalfatosenoticias.com.br\/wp-content\/uploads\/2022\/02\/FERRARI_MAQUINAS-E-FERRAMENTAS2-1.jpg\" alt=\"\" class=\"wp-image-27955\"\/><\/figure><\/div>\n\n\n\n<p><strong><em>Fonte: <a href=\"https:\/\/www.conexaopolitica.com.br\/internacional\/2023\/03\/04\/israel-chama-de-lamentavel-e-perigosa-decisao-do-brasil-de-permitir-navios-de-guerra-do-ira\/\">Conex\u00e3o Pol\u00edtica<\/a><\/em><\/strong><\/p>\n","protected":false},"excerpt":{"rendered":"<p>Duas embarca\u00e7\u00f5es do ex\u00e9rcito do Ir\u00e3 est\u00e3o atracadas no Rio de Janeiro desde domingo; Planalto ignorou alertas dos EUA A Embaixada de Israel no Brasil afirmou, nas redes sociais, que \u00e9 \u201cperigoso e lament\u00e1vel\u201d que o governo de Luiz In\u00e1cio Lula da Silva (PT) tenha autorizado a atracagem de navios de guerra do Ir\u00e3 na [&hellip;]<\/p>\n","protected":false},"author":2,"featured_media":39307,"comment_status":"open","ping_status":"open","sticky":false,"template":"","format":"standard","meta":{"footnotes":""},"categories":[41],"tags":[18382,18068,5107,162,7580],"class_list":["post-39306","post","type-post","status-publish","format-standard","has-post-thumbnail","hentry","category-internacional","tag-crise-diplomatica","tag-desgoverno","tag-ira","tag-israel","tag-lula"],"yoast_head":"<!-- This site is optimized with the Yoast SEO plugin v26.5 - https:\/\/yoast.com\/wordpress\/plugins\/seo\/ -->\n<title>Israel chama de \u2018lament\u00e1vel\u2019 e \u2018perigosa\u2019 decis\u00e3o do Brasil de permitir navios de guerra do Ir\u00e3 - Jornal Fatos e Not\u00edcias<\/title>\n<meta name=\"robots\" content=\"index, follow, max-snippet:-1, max-image-preview:large, max-video-preview:-1\" \/>\n<link rel=\"canonical\" href=\"https:\/\/jornalfatosenoticias.com.br\/index.php\/2023\/03\/06\/israel-chama-de-lamentavel-e-perigosa-decisao-do-brasil-de-permitir-navios-de-guerra-do-ira\/\" \/>\n<meta property=\"og:locale\" content=\"pt_BR\" \/>\n<meta property=\"og:type\" content=\"article\" \/>\n<meta property=\"og:title\" content=\"Israel chama de \u2018lament\u00e1vel\u2019 e \u2018perigosa\u2019 decis\u00e3o do Brasil de permitir navios de guerra do Ir\u00e3 - Jornal Fatos e Not\u00edcias\" \/>\n<meta property=\"og:description\" content=\"Duas embarca\u00e7\u00f5es do ex\u00e9rcito do Ir\u00e3 est\u00e3o atracadas no Rio de Janeiro desde domingo; Planalto ignorou alertas dos EUA A Embaixada de Israel no Brasil afirmou, nas redes sociais, que \u00e9 \u201cperigoso e lament\u00e1vel\u201d que o governo de Luiz In\u00e1cio Lula da Silva (PT) tenha autorizado a atracagem de navios de guerra do Ir\u00e3 na [&hellip;]\" \/>\n<meta property=\"og:url\" content=\"https:\/\/jornalfatosenoticias.com.br\/index.php\/2023\/03\/06\/israel-chama-de-lamentavel-e-perigosa-decisao-do-brasil-de-permitir-navios-de-guerra-do-ira\/\" \/>\n<meta property=\"og:site_name\" content=\"Jornal Fatos e Not\u00edcias\" \/>\n<meta property=\"article:published_time\" content=\"2023-03-06T18:44:55+00:00\" \/>\n<meta property=\"article:modified_time\" content=\"2023-03-06T18:44:56+00:00\" \/>\n<meta property=\"og:image\" content=\"https:\/\/jornalfatosenoticias.com.br\/wp-content\/uploads\/2023\/03\/bandeira-de-Israel_GettyImages.jpg\" \/>\n\t<meta property=\"og:image:width\" content=\"1000\" \/>\n\t<meta property=\"og:image:height\" content=\"666\" \/>\n\t<meta property=\"og:image:type\" content=\"image\/jpeg\" \/>\n<meta name=\"author\" content=\"Luzimara Fernandes\" \/>\n<meta name=\"twitter:card\" content=\"summary_large_image\" \/>\n<meta name=\"twitter:label1\" content=\"Escrito por\" \/>\n\t<meta name=\"twitter:data1\" content=\"Luzimara Fernandes\" \/>\n\t<meta name=\"twitter:label2\" content=\"Est. tempo de leitura\" \/>\n\t<meta name=\"twitter:data2\" content=\"2 minutos\" \/>\n<script type=\"application\/ld+json\" class=\"yoast-schema-graph\">{\"@context\":\"https:\/\/schema.org\",\"@graph\":[{\"@type\":\"Article\",\"@id\":\"https:\/\/jornalfatosenoticias.com.br\/index.php\/2023\/03\/06\/israel-chama-de-lamentavel-e-perigosa-decisao-do-brasil-de-permitir-navios-de-guerra-do-ira\/#article\",\"isPartOf\":{\"@id\":\"https:\/\/jornalfatosenoticias.com.br\/index.php\/2023\/03\/06\/israel-chama-de-lamentavel-e-perigosa-decisao-do-brasil-de-permitir-navios-de-guerra-do-ira\/\"},\"author\":{\"name\":\"Luzimara Fernandes\",\"@id\":\"https:\/\/jornalfatosenoticias.com.br\/#\/schema\/person\/d63837fa13ac8666eb9e74e0985d6f81\"},\"headline\":\"Israel chama de \u2018lament\u00e1vel\u2019 e \u2018perigosa\u2019 decis\u00e3o do Brasil de permitir navios de guerra do Ir\u00e3\",\"datePublished\":\"2023-03-06T18:44:55+00:00\",\"dateModified\":\"2023-03-06T18:44:56+00:00\",\"mainEntityOfPage\":{\"@id\":\"https:\/\/jornalfatosenoticias.com.br\/index.php\/2023\/03\/06\/israel-chama-de-lamentavel-e-perigosa-decisao-do-brasil-de-permitir-navios-de-guerra-do-ira\/\"},\"wordCount\":392,\"commentCount\":0,\"publisher\":{\"@id\":\"https:\/\/jornalfatosenoticias.com.br\/#organization\"},\"image\":{\"@id\":\"https:\/\/jornalfatosenoticias.com.br\/index.php\/2023\/03\/06\/israel-chama-de-lamentavel-e-perigosa-decisao-do-brasil-de-permitir-navios-de-guerra-do-ira\/#primaryimage\"},\"thumbnailUrl\":\"https:\/\/jornalfatosenoticias.com.br\/wp-content\/uploads\/2023\/03\/bandeira-de-Israel_GettyImages.jpg\",\"keywords\":[\"crise diplom\u00e1tica\",\"desgoverno\",\"Ir\u00e3\",\"Israel\",\"Lula\"],\"articleSection\":[\"Internacional\"],\"inLanguage\":\"pt-BR\",\"potentialAction\":[{\"@type\":\"CommentAction\",\"name\":\"Comment\",\"target\":[\"https:\/\/jornalfatosenoticias.com.br\/index.php\/2023\/03\/06\/israel-chama-de-lamentavel-e-perigosa-decisao-do-brasil-de-permitir-navios-de-guerra-do-ira\/#respond\"]}]},{\"@type\":\"WebPage\",\"@id\":\"https:\/\/jornalfatosenoticias.com.br\/index.php\/2023\/03\/06\/israel-chama-de-lamentavel-e-perigosa-decisao-do-brasil-de-permitir-navios-de-guerra-do-ira\/\",\"url\":\"https:\/\/jornalfatosenoticias.com.br\/index.php\/2023\/03\/06\/israel-chama-de-lamentavel-e-perigosa-decisao-do-brasil-de-permitir-navios-de-guerra-do-ira\/\",\"name\":\"Israel chama de \u2018lament\u00e1vel\u2019 e \u2018perigosa\u2019 decis\u00e3o do Brasil de permitir navios de guerra do Ir\u00e3 - Jornal Fatos e Not\u00edcias\",\"isPartOf\":{\"@id\":\"https:\/\/jornalfatosenoticias.com.br\/#website\"},\"primaryImageOfPage\":{\"@id\":\"https:\/\/jornalfatosenoticias.com.br\/index.php\/2023\/03\/06\/israel-chama-de-lamentavel-e-perigosa-decisao-do-brasil-de-permitir-navios-de-guerra-do-ira\/#primaryimage\"},\"image\":{\"@id\":\"https:\/\/jornalfatosenoticias.com.br\/index.php\/2023\/03\/06\/israel-chama-de-lamentavel-e-perigosa-decisao-do-brasil-de-permitir-navios-de-guerra-do-ira\/#primaryimage\"},\"thumbnailUrl\":\"https:\/\/jornalfatosenoticias.com.br\/wp-content\/uploads\/2023\/03\/bandeira-de-Israel_GettyImages.jpg\",\"datePublished\":\"2023-03-06T18:44:55+00:00\",\"dateModified\":\"2023-03-06T18:44:56+00:00\",\"breadcrumb\":{\"@id\":\"https:\/\/jornalfatosenoticias.com.br\/index.php\/2023\/03\/06\/israel-chama-de-lamentavel-e-perigosa-decisao-do-brasil-de-permitir-navios-de-guerra-do-ira\/#breadcrumb\"},\"inLanguage\":\"pt-BR\",\"potentialAction\":[{\"@type\":\"ReadAction\",\"target\":[\"https:\/\/jornalfatosenoticias.com.br\/index.php\/2023\/03\/06\/israel-chama-de-lamentavel-e-perigosa-decisao-do-brasil-de-permitir-navios-de-guerra-do-ira\/\"]}]},{\"@type\":\"ImageObject\",\"inLanguage\":\"pt-BR\",\"@id\":\"https:\/\/jornalfatosenoticias.com.br\/index.php\/2023\/03\/06\/israel-chama-de-lamentavel-e-perigosa-decisao-do-brasil-de-permitir-navios-de-guerra-do-ira\/#primaryimage\",\"url\":\"https:\/\/jornalfatosenoticias.com.br\/wp-content\/uploads\/2023\/03\/bandeira-de-Israel_GettyImages.jpg\",\"contentUrl\":\"https:\/\/jornalfatosenoticias.com.br\/wp-content\/uploads\/2023\/03\/bandeira-de-Israel_GettyImages.jpg\",\"width\":1000,\"height\":666},{\"@type\":\"BreadcrumbList\",\"@id\":\"https:\/\/jornalfatosenoticias.com.br\/index.php\/2023\/03\/06\/israel-chama-de-lamentavel-e-perigosa-decisao-do-brasil-de-permitir-navios-de-guerra-do-ira\/#breadcrumb\",\"itemListElement\":[{\"@type\":\"ListItem\",\"position\":1,\"name\":\"In\u00edcio\",\"item\":\"https:\/\/jornalfatosenoticias.com.br\/\"},{\"@type\":\"ListItem\",\"position\":2,\"name\":\"Israel chama de \u2018lament\u00e1vel\u2019 e \u2018perigosa\u2019 decis\u00e3o do Brasil de permitir navios de guerra do Ir\u00e3\"}]},{\"@type\":\"WebSite\",\"@id\":\"https:\/\/jornalfatosenoticias.com.br\/#website\",\"url\":\"https:\/\/jornalfatosenoticias.com.br\/\",\"name\":\"Jornal Fatos e Not\u00edcias\",\"description\":\"Not\u00edcias em geral\",\"publisher\":{\"@id\":\"https:\/\/jornalfatosenoticias.com.br\/#organization\"},\"potentialAction\":[{\"@type\":\"SearchAction\",\"target\":{\"@type\":\"EntryPoint\",\"urlTemplate\":\"https:\/\/jornalfatosenoticias.com.br\/?s={search_term_string}\"},\"query-input\":{\"@type\":\"PropertyValueSpecification\",\"valueRequired\":true,\"valueName\":\"search_term_string\"}}],\"inLanguage\":\"pt-BR\"},{\"@type\":\"Organization\",\"@id\":\"https:\/\/jornalfatosenoticias.com.br\/#organization\",\"name\":\"Jornal Fatos e Not\u00edcias\",\"url\":\"https:\/\/jornalfatosenoticias.com.br\/\",\"logo\":{\"@type\":\"ImageObject\",\"inLanguage\":\"pt-BR\",\"@id\":\"https:\/\/jornalfatosenoticias.com.br\/#\/schema\/logo\/image\/\",\"url\":\"https:\/\/jornalfatosenoticias.com.br\/wp-content\/uploads\/2020\/02\/logo120.png\",\"contentUrl\":\"https:\/\/jornalfatosenoticias.com.br\/wp-content\/uploads\/2020\/02\/logo120.png\",\"width\":1227,\"height\":120,\"caption\":\"Jornal Fatos e Not\u00edcias\"},\"image\":{\"@id\":\"https:\/\/jornalfatosenoticias.com.br\/#\/schema\/logo\/image\/\"}},{\"@type\":\"Person\",\"@id\":\"https:\/\/jornalfatosenoticias.com.br\/#\/schema\/person\/d63837fa13ac8666eb9e74e0985d6f81\",\"name\":\"Luzimara Fernandes\",\"image\":{\"@type\":\"ImageObject\",\"inLanguage\":\"pt-BR\",\"@id\":\"https:\/\/jornalfatosenoticias.com.br\/#\/schema\/person\/image\/\",\"url\":\"https:\/\/jornalfatosenoticias.com.br\/wp-content\/uploads\/2025\/05\/EU_portal.jpg\",\"contentUrl\":\"https:\/\/jornalfatosenoticias.com.br\/wp-content\/uploads\/2025\/05\/EU_portal.jpg\",\"caption\":\"Luzimara Fernandes\"},\"description\":\"Jornalista MTB 2358-ES\",\"sameAs\":[\"https:\/\/jornalfatosenoticias.com.br\"],\"url\":\"https:\/\/jornalfatosenoticias.com.br\/index.php\/author\/luzimara\/\"}]}<\/script>\n<!-- \/ Yoast SEO plugin. -->","yoast_head_json":{"title":"Israel chama de \u2018lament\u00e1vel\u2019 e \u2018perigosa\u2019 decis\u00e3o do Brasil de permitir navios de guerra do Ir\u00e3 - Jornal Fatos e Not\u00edcias","robots":{"index":"index","follow":"follow","max-snippet":"max-snippet:-1","max-image-preview":"max-image-preview:large","max-video-preview":"max-video-preview:-1"},"canonical":"https:\/\/jornalfatosenoticias.com.br\/index.php\/2023\/03\/06\/israel-chama-de-lamentavel-e-perigosa-decisao-do-brasil-de-permitir-navios-de-guerra-do-ira\/","og_locale":"pt_BR","og_type":"article","og_title":"Israel chama de \u2018lament\u00e1vel\u2019 e \u2018perigosa\u2019 decis\u00e3o do Brasil de permitir navios de guerra do Ir\u00e3 - Jornal Fatos e Not\u00edcias","og_description":"Duas embarca\u00e7\u00f5es do ex\u00e9rcito do Ir\u00e3 est\u00e3o atracadas no Rio de Janeiro desde domingo; Planalto ignorou alertas dos EUA A Embaixada de Israel no Brasil afirmou, nas redes sociais, que \u00e9 \u201cperigoso e lament\u00e1vel\u201d que o governo de Luiz In\u00e1cio Lula da Silva (PT) tenha autorizado a atracagem de navios de guerra do Ir\u00e3 na [&hellip;]","og_url":"https:\/\/jornalfatosenoticias.com.br\/index.php\/2023\/03\/06\/israel-chama-de-lamentavel-e-perigosa-decisao-do-brasil-de-permitir-navios-de-guerra-do-ira\/","og_site_name":"Jornal Fatos e Not\u00edcias","article_published_time":"2023-03-06T18:44:55+00:00","article_modified_time":"2023-03-06T18:44:56+00:00","og_image":[{"width":1000,"height":666,"url":"https:\/\/jornalfatosenoticias.com.br\/wp-content\/uploads\/2023\/03\/bandeira-de-Israel_GettyImages.jpg","type":"image\/jpeg"}],"author":"Luzimara Fernandes","twitter_card":"summary_large_image","twitter_misc":{"Escrito por":"Luzimara Fernandes","Est. tempo de leitura":"2 minutos"},"schema":{"@context":"https:\/\/schema.org","@graph":[{"@type":"Article","@id":"https:\/\/jornalfatosenoticias.com.br\/index.php\/2023\/03\/06\/israel-chama-de-lamentavel-e-perigosa-decisao-do-brasil-de-permitir-navios-de-guerra-do-ira\/#article","isPartOf":{"@id":"https:\/\/jornalfatosenoticias.com.br\/index.php\/2023\/03\/06\/israel-chama-de-lamentavel-e-perigosa-decisao-do-brasil-de-permitir-navios-de-guerra-do-ira\/"},"author":{"name":"Luzimara Fernandes","@id":"https:\/\/jornalfatosenoticias.com.br\/#\/schema\/person\/d63837fa13ac8666eb9e74e0985d6f81"},"headline":"Israel chama de \u2018lament\u00e1vel\u2019 e \u2018perigosa\u2019 decis\u00e3o do Brasil de permitir navios de guerra do Ir\u00e3","datePublished":"2023-03-06T18:44:55+00:00","dateModified":"2023-03-06T18:44:56+00:00","mainEntityOfPage":{"@id":"https:\/\/jornalfatosenoticias.com.br\/index.php\/2023\/03\/06\/israel-chama-de-lamentavel-e-perigosa-decisao-do-brasil-de-permitir-navios-de-guerra-do-ira\/"},"wordCount":392,"commentCount":0,"publisher":{"@id":"https:\/\/jornalfatosenoticias.com.br\/#organization"},"image":{"@id":"https:\/\/jornalfatosenoticias.com.br\/index.php\/2023\/03\/06\/israel-chama-de-lamentavel-e-perigosa-decisao-do-brasil-de-permitir-navios-de-guerra-do-ira\/#primaryimage"},"thumbnailUrl":"https:\/\/jornalfatosenoticias.com.br\/wp-content\/uploads\/2023\/03\/bandeira-de-Israel_GettyImages.jpg","keywords":["crise diplom\u00e1tica","desgoverno","Ir\u00e3","Israel","Lula"],"articleSection":["Internacional"],"inLanguage":"pt-BR","potentialAction":[{"@type":"CommentAction","name":"Comment","target":["https:\/\/jornalfatosenoticias.com.br\/index.php\/2023\/03\/06\/israel-chama-de-lamentavel-e-perigosa-decisao-do-brasil-de-permitir-navios-de-guerra-do-ira\/#respond"]}]},{"@type":"WebPage","@id":"https:\/\/jornalfatosenoticias.com.br\/index.php\/2023\/03\/06\/israel-chama-de-lamentavel-e-perigosa-decisao-do-brasil-de-permitir-navios-de-guerra-do-ira\/","url":"https:\/\/jornalfatosenoticias.com.br\/index.php\/2023\/03\/06\/israel-chama-de-lamentavel-e-perigosa-decisao-do-brasil-de-permitir-navios-de-guerra-do-ira\/","name":"Israel chama de \u2018lament\u00e1vel\u2019 e \u2018perigosa\u2019 decis\u00e3o do Brasil de permitir navios de guerra do Ir\u00e3 - Jornal Fatos e Not\u00edcias","isPartOf":{"@id":"https:\/\/jornalfatosenoticias.com.br\/#website"},"primaryImageOfPage":{"@id":"https:\/\/jornalfatosenoticias.com.br\/index.php\/2023\/03\/06\/israel-chama-de-lamentavel-e-perigosa-decisao-do-brasil-de-permitir-navios-de-guerra-do-ira\/#primaryimage"},"image":{"@id":"https:\/\/jornalfatosenoticias.com.br\/index.php\/2023\/03\/06\/israel-chama-de-lamentavel-e-perigosa-decisao-do-brasil-de-permitir-navios-de-guerra-do-ira\/#primaryimage"},"thumbnailUrl":"https:\/\/jornalfatosenoticias.com.br\/wp-content\/uploads\/2023\/03\/bandeira-de-Israel_GettyImages.jpg","datePublished":"2023-03-06T18:44:55+00:00","dateModified":"2023-03-06T18:44:56+00:00","breadcrumb":{"@id":"https:\/\/jornalfatosenoticias.com.br\/index.php\/2023\/03\/06\/israel-chama-de-lamentavel-e-perigosa-decisao-do-brasil-de-permitir-navios-de-guerra-do-ira\/#breadcrumb"},"inLanguage":"pt-BR","potentialAction":[{"@type":"ReadAction","target":["https:\/\/jornalfatosenoticias.com.br\/index.php\/2023\/03\/06\/israel-chama-de-lamentavel-e-perigosa-decisao-do-brasil-de-permitir-navios-de-guerra-do-ira\/"]}]},{"@type":"ImageObject","inLanguage":"pt-BR","@id":"https:\/\/jornalfatosenoticias.com.br\/index.php\/2023\/03\/06\/israel-chama-de-lamentavel-e-perigosa-decisao-do-brasil-de-permitir-navios-de-guerra-do-ira\/#primaryimage","url":"https:\/\/jornalfatosenoticias.com.br\/wp-content\/uploads\/2023\/03\/bandeira-de-Israel_GettyImages.jpg","contentUrl":"https:\/\/jornalfatosenoticias.com.br\/wp-content\/uploads\/2023\/03\/bandeira-de-Israel_GettyImages.jpg","width":1000,"height":666},{"@type":"BreadcrumbList","@id":"https:\/\/jornalfatosenoticias.com.br\/index.php\/2023\/03\/06\/israel-chama-de-lamentavel-e-perigosa-decisao-do-brasil-de-permitir-navios-de-guerra-do-ira\/#breadcrumb","itemListElement":[{"@type":"ListItem","position":1,"name":"In\u00edcio","item":"https:\/\/jornalfatosenoticias.com.br\/"},{"@type":"ListItem","position":2,"name":"Israel chama de \u2018lament\u00e1vel\u2019 e \u2018perigosa\u2019 decis\u00e3o do Brasil de permitir navios de guerra do Ir\u00e3"}]},{"@type":"WebSite","@id":"https:\/\/jornalfatosenoticias.com.br\/#website","url":"https:\/\/jornalfatosenoticias.com.br\/","name":"Jornal Fatos e Not\u00edcias","description":"Not\u00edcias em geral","publisher":{"@id":"https:\/\/jornalfatosenoticias.com.br\/#organization"},"potentialAction":[{"@type":"SearchAction","target":{"@type":"EntryPoint","urlTemplate":"https:\/\/jornalfatosenoticias.com.br\/?s={search_term_string}"},"query-input":{"@type":"PropertyValueSpecification","valueRequired":true,"valueName":"search_term_string"}}],"inLanguage":"pt-BR"},{"@type":"Organization","@id":"https:\/\/jornalfatosenoticias.com.br\/#organization","name":"Jornal Fatos e Not\u00edcias","url":"https:\/\/jornalfatosenoticias.com.br\/","logo":{"@type":"ImageObject","inLanguage":"pt-BR","@id":"https:\/\/jornalfatosenoticias.com.br\/#\/schema\/logo\/image\/","url":"https:\/\/jornalfatosenoticias.com.br\/wp-content\/uploads\/2020\/02\/logo120.png","contentUrl":"https:\/\/jornalfatosenoticias.com.br\/wp-content\/uploads\/2020\/02\/logo120.png","width":1227,"height":120,"caption":"Jornal Fatos e Not\u00edcias"},"image":{"@id":"https:\/\/jornalfatosenoticias.com.br\/#\/schema\/logo\/image\/"}},{"@type":"Person","@id":"https:\/\/jornalfatosenoticias.com.br\/#\/schema\/person\/d63837fa13ac8666eb9e74e0985d6f81","name":"Luzimara Fernandes","image":{"@type":"ImageObject","inLanguage":"pt-BR","@id":"https:\/\/jornalfatosenoticias.com.br\/#\/schema\/person\/image\/","url":"https:\/\/jornalfatosenoticias.com.br\/wp-content\/uploads\/2025\/05\/EU_portal.jpg","contentUrl":"https:\/\/jornalfatosenoticias.com.br\/wp-content\/uploads\/2025\/05\/EU_portal.jpg","caption":"Luzimara Fernandes"},"description":"Jornalista MTB 2358-ES","sameAs":["https:\/\/jornalfatosenoticias.com.br"],"url":"https:\/\/jornalfatosenoticias.com.br\/index.php\/author\/luzimara\/"}]}},"cc_featured_image_caption":{"caption_text":"(Foto: Getty Images)","source_text":"","source_url":""},"jetpack_featured_media_url":"https:\/\/jornalfatosenoticias.com.br\/wp-content\/uploads\/2023\/03\/bandeira-de-Israel_GettyImages.jpg","_links":{"self":[{"href":"https:\/\/jornalfatosenoticias.com.br\/index.php\/wp-json\/wp\/v2\/posts\/39306","targetHints":{"allow":["GET"]}}],"collection":[{"href":"https:\/\/jornalfatosenoticias.com.br\/index.php\/wp-json\/wp\/v2\/posts"}],"about":[{"href":"https:\/\/jornalfatosenoticias.com.br\/index.php\/wp-json\/wp\/v2\/types\/post"}],"author":[{"embeddable":true,"href":"https:\/\/jornalfatosenoticias.com.br\/index.php\/wp-json\/wp\/v2\/users\/2"}],"replies":[{"embeddable":true,"href":"https:\/\/jornalfatosenoticias.com.br\/index.php\/wp-json\/wp\/v2\/comments?post=39306"}],"version-history":[{"count":0,"href":"https:\/\/jornalfatosenoticias.com.br\/index.php\/wp-json\/wp\/v2\/posts\/39306\/revisions"}],"wp:featuredmedia":[{"embeddable":true,"href":"https:\/\/jornalfatosenoticias.com.br\/index.php\/wp-json\/wp\/v2\/media\/39307"}],"wp:attachment":[{"href":"https:\/\/jornalfatosenoticias.com.br\/index.php\/wp-json\/wp\/v2\/media?parent=39306"}],"wp:term":[{"taxonomy":"category","embeddable":true,"href":"https:\/\/jornalfatosenoticias.com.br\/index.php\/wp-json\/wp\/v2\/categories?post=39306"},{"taxonomy":"post_tag","embeddable":true,"href":"https:\/\/jornalfatosenoticias.com.br\/index.php\/wp-json\/wp\/v2\/tags?post=39306"}],"curies":[{"name":"wp","href":"https:\/\/api.w.org\/{rel}","templated":true}]}}