{"id":39348,"date":"2023-03-07T10:43:19","date_gmt":"2023-03-07T13:43:19","guid":{"rendered":"https:\/\/jornalfatosenoticias.com.br\/?p=39348"},"modified":"2023-03-07T10:43:21","modified_gmt":"2023-03-07T13:43:21","slug":"tesla-mostra-avancos-do-optimus-seu-robo-humanoide","status":"publish","type":"post","link":"https:\/\/jornalfatosenoticias.com.br\/index.php\/2023\/03\/07\/tesla-mostra-avancos-do-optimus-seu-robo-humanoide\/","title":{"rendered":"Tesla mostra avan\u00e7os do Optimus, seu rob\u00f4 humanoide"},"content":{"rendered":"\n<p><em><span class=\"has-inline-color has-black-color\">Prot\u00f3tipo foi apresentado pela primeira vez em outubro de 2022<\/span><\/em><\/p>\n\n\n\n<div class=\"wp-block-image\"><figure class=\"aligncenter size-large is-resized\"><img loading=\"lazy\" decoding=\"async\" src=\"https:\/\/jornalfatosenoticias.com.br\/wp-content\/uploads\/2022\/07\/Logo-Grupo-SEI.jpg\" alt=\"\" class=\"wp-image-31973\" width=\"299\" height=\"157\" srcset=\"https:\/\/jornalfatosenoticias.com.br\/wp-content\/uploads\/2022\/07\/Logo-Grupo-SEI.jpg 713w, https:\/\/jornalfatosenoticias.com.br\/wp-content\/uploads\/2022\/07\/Logo-Grupo-SEI-300x158.jpg 300w\" sizes=\"auto, (max-width: 299px) 100vw, 299px\" \/><\/figure><\/div>\n\n\n\n<p>A Tesla aproveitou o Dia do Investidor, tradicional evento da empresa, para falar n\u00e3o apenas de planos financeiros ou de seus EVs mais caros, mas tamb\u00e9m apresentar os avan\u00e7os com o rob\u00f4 humanoide Optimus, que agora consegue andar, pegar e carregar itens, al\u00e9m de outras tarefas b\u00e1sicas.<\/p>\n\n\n\n<div class=\"wp-block-image\"><figure class=\"aligncenter size-large\"><img loading=\"lazy\" decoding=\"async\" width=\"729\" height=\"90\" src=\"https:\/\/jornalfatosenoticias.com.br\/wp-content\/uploads\/2020\/02\/Logo_Mizu.png\" alt=\"\" class=\"wp-image-1441\" srcset=\"https:\/\/jornalfatosenoticias.com.br\/wp-content\/uploads\/2020\/02\/Logo_Mizu.png 729w, https:\/\/jornalfatosenoticias.com.br\/wp-content\/uploads\/2020\/02\/Logo_Mizu-300x37.png 300w\" sizes=\"auto, (max-width: 729px) 100vw, 729px\" \/><\/figure><\/div>\n\n\n\n<p>Em outubro de 2022, a empresa apresentou durante o Tesla AI Day o primeiro prot\u00f3tipo do rob\u00f4 funcional. O rob\u00f4 usa a mesma intelig\u00eancia artificial do piloto autom\u00e1tico e do software Full Self-Driving (FSD) da Tesla. Na apresenta\u00e7\u00e3o, Musk detalhou o desenvolvimento de Optimus, j\u00e1 que em outubro ele foi mostrado no palco apenas para realizar um simples aceno ao p\u00fablico.<\/p>\n\n\n\n<div class=\"wp-block-image\"><figure class=\"aligncenter size-large is-resized\"><img loading=\"lazy\" decoding=\"async\" src=\"https:\/\/jornalfatosenoticias.com.br\/wp-content\/uploads\/2023\/03\/Crypton-1000-\u00d7-900-px.png\" alt=\"\" class=\"wp-image-39189\" width=\"245\" height=\"220\" srcset=\"https:\/\/jornalfatosenoticias.com.br\/wp-content\/uploads\/2023\/03\/Crypton-1000-\u00d7-900-px.png 1000w, https:\/\/jornalfatosenoticias.com.br\/wp-content\/uploads\/2023\/03\/Crypton-1000-\u00d7-900-px-300x270.png 300w, https:\/\/jornalfatosenoticias.com.br\/wp-content\/uploads\/2023\/03\/Crypton-1000-\u00d7-900-px-768x691.png 768w\" sizes=\"auto, (max-width: 245px) 100vw, 245px\" \/><\/figure><\/div>\n\n\n\n<blockquote class=\"wp-block-quote is-layout-flow wp-block-quote-is-layout-flow\"><p><span class=\"has-inline-color has-luminous-vivid-orange-color\">Vale a pena ter em mente que, quando fizemos o dia da IA, esta vers\u00e3o do Optimus n\u00e3o andava. Portanto, a taxa de melhoria aqui \u00e9 bastante significativa. Obviamente n\u00e3o est\u00e1 fazendo parkour, mas est\u00e1 andando por a\u00ed, e temos v\u00e1rias c\u00f3pias, suponho, do Optimus&#8221;, afirmou Elon Musk durante o Tesla Investidor Day.<\/span><\/p><\/blockquote>\n\n\n\n<div class=\"wp-block-image\"><figure class=\"aligncenter size-large\"><img decoding=\"async\" src=\"https:\/\/jornalfatosenoticias.com.br\/wp-content\/uploads\/2020\/02\/barao-das-carnes-300x164-1.jpg\" alt=\"\" class=\"wp-image-34339\"\/><\/figure><\/div>\n\n\n\n<div class=\"wp-block-image\"><figure class=\"aligncenter size-large\"><img loading=\"lazy\" decoding=\"async\" width=\"1000\" height=\"750\" src=\"https:\/\/jornalfatosenoticias.com.br\/wp-content\/uploads\/2023\/03\/Optimus-Tesla2.jpg\" alt=\"\" class=\"wp-image-39349\" srcset=\"https:\/\/jornalfatosenoticias.com.br\/wp-content\/uploads\/2023\/03\/Optimus-Tesla2.jpg 1000w, https:\/\/jornalfatosenoticias.com.br\/wp-content\/uploads\/2023\/03\/Optimus-Tesla2-300x225.jpg 300w, https:\/\/jornalfatosenoticias.com.br\/wp-content\/uploads\/2023\/03\/Optimus-Tesla2-768x576.jpg 768w\" sizes=\"auto, (max-width: 1000px) 100vw, 1000px\" \/><figcaption><em><span class=\"has-inline-color has-black-color\">O rob\u00f4 Optimus da Tesla agora est\u00e1 andando e usando suas m\u00e3os humanoides para tarefas b\u00e1sicas (Foto: Divulga\u00e7\u00e3o\/Tesla)<\/span><\/em><\/figcaption><\/figure><\/div>\n\n\n\n<p>De acordo com Musk, a Tesla \u00e9 a empresa mais pr\u00f3xima de desenvolver um rob\u00f4 aut\u00f4nomo para ser lan\u00e7ado para o mercado.<\/p>\n\n\n\n<div class=\"wp-block-image\"><figure class=\"aligncenter size-large\"><img loading=\"lazy\" decoding=\"async\" width=\"300\" height=\"250\" src=\"https:\/\/jornalfatosenoticias.com.br\/wp-content\/uploads\/2022\/02\/FERRARI_MAQUINAS-E-FERRAMENTAS2-1.jpg\" alt=\"\" class=\"wp-image-27955\"\/><\/figure><\/div>\n\n\n\n<blockquote class=\"wp-block-quote is-layout-flow wp-block-quote-is-layout-flow\"><p><span class=\"has-inline-color has-luminous-vivid-orange-color\">O que a Tesla traz para a mesa que os outros n\u00e3o t\u00eam, somos os mais avan\u00e7ados em IA do mundo real. Acho que n\u00e3o h\u00e1 ningu\u00e9m nem perto de Tesla para resolver a IA do mundo real. N\u00e3o \u00e9 t\u00e3o \u00fatil ter um rob\u00f4 humanoide se voc\u00ea tiver que programar todas as a\u00e7\u00f5es. Ele precisa ser capaz de andar por a\u00ed de forma aut\u00f4noma e resolver tarefas. Voc\u00ea deve ser capaz de instru\u00ed-lo em coisas simples, mostrando visualmente o que o rob\u00f4 precisa fazer ou apenas dizendo o que fazer. Essa \u00e9 a principal vantagem que temos&#8221;.<\/span><\/p><\/blockquote>\n\n\n\n<div class=\"wp-block-image\"><figure class=\"aligncenter size-large is-resized\"><img loading=\"lazy\" decoding=\"async\" src=\"https:\/\/jornalfatosenoticias.com.br\/wp-content\/uploads\/2020\/02\/nova-logo-Marquetti.jpg\" alt=\"\" class=\"wp-image-22331\" width=\"238\" height=\"160\" srcset=\"https:\/\/jornalfatosenoticias.com.br\/wp-content\/uploads\/2020\/02\/nova-logo-Marquetti.jpg 643w, https:\/\/jornalfatosenoticias.com.br\/wp-content\/uploads\/2020\/02\/nova-logo-Marquetti-300x202.jpg 300w\" sizes=\"auto, (max-width: 238px) 100vw, 238px\" \/><\/figure><\/div>\n\n\n\n<figure class=\"wp-block-embed-youtube aligncenter wp-block-embed is-type-video is-provider-youtube wp-embed-aspect-16-9 wp-has-aspect-ratio\"><div class=\"wp-block-embed__wrapper\">\n<iframe loading=\"lazy\" title=\"Watch Tesla Reveal Walking Optimus Robot (Investor Day 2023)\" width=\"660\" height=\"371\" src=\"https:\/\/www.youtube.com\/embed\/2dS0aDMQoD4?feature=oembed\" frameborder=\"0\" allow=\"accelerometer; autoplay; clipboard-write; encrypted-media; gyroscope; picture-in-picture; web-share\" referrerpolicy=\"strict-origin-when-cross-origin\" allowfullscreen><\/iframe>\n<\/div><\/figure>\n\n\n\n<p>No v\u00eddeo de demonstra\u00e7\u00e3o, o Optimus aparece realizando tarefas de manuten\u00e7\u00e3o em outro rob\u00f4 humanoide. Musk acredita que o rob\u00f4 pode ser usado um dia em aplica\u00e7\u00f5es industriais da Tesla e at\u00e9 mesmo ser comercializado para o p\u00fablico.<\/p>\n\n\n\n<div class=\"wp-block-image\"><figure class=\"aligncenter size-large\"><img decoding=\"async\" src=\"https:\/\/jornalfatosenoticias.com.br\/wp-content\/uploads\/2020\/02\/logo_esteio.jpg\" alt=\"\" class=\"wp-image-1214\"\/><\/figure><\/div>\n\n\n\n<blockquote class=\"wp-block-quote is-layout-flow wp-block-quote-is-layout-flow\"><p><span class=\"has-inline-color has-luminous-vivid-orange-color\">Voc\u00ea pode ver uso dom\u00e9stico para rob\u00f4s, e certamente [ver\u00e1] uso industrial para rob\u00f4s humanoides. \u00c9 apenas uma quest\u00e3o de tempo. Acho que podemos exceder uma propor\u00e7\u00e3o de 1:1 de rob\u00f4s humanoides para humanos\u201d.<\/span><\/p><\/blockquote>\n\n\n\n<div class=\"wp-block-image\"><figure class=\"aligncenter size-large is-resized\"><img loading=\"lazy\" decoding=\"async\" src=\"https:\/\/jornalfatosenoticias.com.br\/wp-content\/uploads\/2022\/08\/logo-locau-veiculos-1024x573.png\" alt=\"\" class=\"wp-image-33078\" width=\"283\" height=\"158\"\/><\/figure><\/div>\n\n\n\n<p><strong><em>Fonte: <a href=\"https:\/\/olhardigital.com.br\/2023\/03\/07\/carros-e-tecnologia\/tesla-mostra-avancos-do-optimus-seu-robo-humanoide\/\">Olhar Digital<\/a><\/em><\/strong><\/p>\n","protected":false},"excerpt":{"rendered":"<p>Prot\u00f3tipo foi apresentado pela primeira vez em outubro de 2022 A Tesla aproveitou o Dia do Investidor, tradicional evento da empresa, para falar n\u00e3o apenas de planos financeiros ou de seus EVs mais caros, mas tamb\u00e9m apresentar os avan\u00e7os com o rob\u00f4 humanoide Optimus, que agora consegue andar, pegar e carregar itens, al\u00e9m de outras [&hellip;]<\/p>\n","protected":false},"author":2,"featured_media":39350,"comment_status":"open","ping_status":"open","sticky":false,"template":"","format":"standard","meta":{"footnotes":""},"categories":[3],"tags":[1634,53,10888,4649,7194,18404],"class_list":["post-39348","post","type-post","status-publish","format-standard","has-post-thumbnail","hentry","category-tecnologia","tag-elon-musk","tag-inteligencia-artificial","tag-optimus","tag-robo","tag-robo-humanoide","tag-robos-tesla"],"yoast_head":"<!-- This site is optimized with the Yoast SEO plugin v26.5 - https:\/\/yoast.com\/wordpress\/plugins\/seo\/ -->\n<title>Tesla mostra avan\u00e7os do Optimus, seu rob\u00f4 humanoide - Jornal Fatos e Not\u00edcias<\/title>\n<meta name=\"robots\" content=\"index, follow, max-snippet:-1, max-image-preview:large, max-video-preview:-1\" \/>\n<link rel=\"canonical\" href=\"https:\/\/jornalfatosenoticias.com.br\/index.php\/2023\/03\/07\/tesla-mostra-avancos-do-optimus-seu-robo-humanoide\/\" \/>\n<meta property=\"og:locale\" content=\"pt_BR\" \/>\n<meta property=\"og:type\" content=\"article\" \/>\n<meta property=\"og:title\" content=\"Tesla mostra avan\u00e7os do Optimus, seu rob\u00f4 humanoide - Jornal Fatos e Not\u00edcias\" \/>\n<meta property=\"og:description\" content=\"Prot\u00f3tipo foi apresentado pela primeira vez em outubro de 2022 A Tesla aproveitou o Dia do Investidor, tradicional evento da empresa, para falar n\u00e3o apenas de planos financeiros ou de seus EVs mais caros, mas tamb\u00e9m apresentar os avan\u00e7os com o rob\u00f4 humanoide Optimus, que agora consegue andar, pegar e carregar itens, al\u00e9m de outras [&hellip;]\" \/>\n<meta property=\"og:url\" content=\"https:\/\/jornalfatosenoticias.com.br\/index.php\/2023\/03\/07\/tesla-mostra-avancos-do-optimus-seu-robo-humanoide\/\" \/>\n<meta property=\"og:site_name\" content=\"Jornal Fatos e Not\u00edcias\" \/>\n<meta property=\"article:published_time\" content=\"2023-03-07T13:43:19+00:00\" \/>\n<meta property=\"article:modified_time\" content=\"2023-03-07T13:43:21+00:00\" \/>\n<meta property=\"og:image\" content=\"https:\/\/jornalfatosenoticias.com.br\/wp-content\/uploads\/2023\/03\/Optimus-Tesla.png\" \/>\n\t<meta property=\"og:image:width\" content=\"1000\" \/>\n\t<meta property=\"og:image:height\" content=\"578\" \/>\n\t<meta property=\"og:image:type\" content=\"image\/png\" \/>\n<meta name=\"author\" content=\"Luzimara Fernandes\" \/>\n<meta name=\"twitter:card\" content=\"summary_large_image\" \/>\n<meta name=\"twitter:label1\" content=\"Escrito por\" \/>\n\t<meta name=\"twitter:data1\" content=\"Luzimara Fernandes\" \/>\n\t<meta name=\"twitter:label2\" content=\"Est. tempo de leitura\" \/>\n\t<meta name=\"twitter:data2\" content=\"2 minutos\" \/>\n<script type=\"application\/ld+json\" class=\"yoast-schema-graph\">{\"@context\":\"https:\/\/schema.org\",\"@graph\":[{\"@type\":\"Article\",\"@id\":\"https:\/\/jornalfatosenoticias.com.br\/index.php\/2023\/03\/07\/tesla-mostra-avancos-do-optimus-seu-robo-humanoide\/#article\",\"isPartOf\":{\"@id\":\"https:\/\/jornalfatosenoticias.com.br\/index.php\/2023\/03\/07\/tesla-mostra-avancos-do-optimus-seu-robo-humanoide\/\"},\"author\":{\"name\":\"Luzimara Fernandes\",\"@id\":\"https:\/\/jornalfatosenoticias.com.br\/#\/schema\/person\/d63837fa13ac8666eb9e74e0985d6f81\"},\"headline\":\"Tesla mostra avan\u00e7os do Optimus, seu rob\u00f4 humanoide\",\"datePublished\":\"2023-03-07T13:43:19+00:00\",\"dateModified\":\"2023-03-07T13:43:21+00:00\",\"mainEntityOfPage\":{\"@id\":\"https:\/\/jornalfatosenoticias.com.br\/index.php\/2023\/03\/07\/tesla-mostra-avancos-do-optimus-seu-robo-humanoide\/\"},\"wordCount\":452,\"commentCount\":0,\"publisher\":{\"@id\":\"https:\/\/jornalfatosenoticias.com.br\/#organization\"},\"image\":{\"@id\":\"https:\/\/jornalfatosenoticias.com.br\/index.php\/2023\/03\/07\/tesla-mostra-avancos-do-optimus-seu-robo-humanoide\/#primaryimage\"},\"thumbnailUrl\":\"https:\/\/jornalfatosenoticias.com.br\/wp-content\/uploads\/2023\/03\/Optimus-Tesla.png\",\"keywords\":[\"Elon Musk\",\"intelig\u00eancia artificial\",\"Optimus\",\"rob\u00f4\",\"rob\u00f4 humanoide\",\"rob\u00f4s Tesla\"],\"articleSection\":[\"Tecnologia &amp; Inova\u00e7\u00e3o\"],\"inLanguage\":\"pt-BR\",\"potentialAction\":[{\"@type\":\"CommentAction\",\"name\":\"Comment\",\"target\":[\"https:\/\/jornalfatosenoticias.com.br\/index.php\/2023\/03\/07\/tesla-mostra-avancos-do-optimus-seu-robo-humanoide\/#respond\"]}]},{\"@type\":\"WebPage\",\"@id\":\"https:\/\/jornalfatosenoticias.com.br\/index.php\/2023\/03\/07\/tesla-mostra-avancos-do-optimus-seu-robo-humanoide\/\",\"url\":\"https:\/\/jornalfatosenoticias.com.br\/index.php\/2023\/03\/07\/tesla-mostra-avancos-do-optimus-seu-robo-humanoide\/\",\"name\":\"Tesla mostra avan\u00e7os do Optimus, seu rob\u00f4 humanoide - Jornal Fatos e Not\u00edcias\",\"isPartOf\":{\"@id\":\"https:\/\/jornalfatosenoticias.com.br\/#website\"},\"primaryImageOfPage\":{\"@id\":\"https:\/\/jornalfatosenoticias.com.br\/index.php\/2023\/03\/07\/tesla-mostra-avancos-do-optimus-seu-robo-humanoide\/#primaryimage\"},\"image\":{\"@id\":\"https:\/\/jornalfatosenoticias.com.br\/index.php\/2023\/03\/07\/tesla-mostra-avancos-do-optimus-seu-robo-humanoide\/#primaryimage\"},\"thumbnailUrl\":\"https:\/\/jornalfatosenoticias.com.br\/wp-content\/uploads\/2023\/03\/Optimus-Tesla.png\",\"datePublished\":\"2023-03-07T13:43:19+00:00\",\"dateModified\":\"2023-03-07T13:43:21+00:00\",\"breadcrumb\":{\"@id\":\"https:\/\/jornalfatosenoticias.com.br\/index.php\/2023\/03\/07\/tesla-mostra-avancos-do-optimus-seu-robo-humanoide\/#breadcrumb\"},\"inLanguage\":\"pt-BR\",\"potentialAction\":[{\"@type\":\"ReadAction\",\"target\":[\"https:\/\/jornalfatosenoticias.com.br\/index.php\/2023\/03\/07\/tesla-mostra-avancos-do-optimus-seu-robo-humanoide\/\"]}]},{\"@type\":\"ImageObject\",\"inLanguage\":\"pt-BR\",\"@id\":\"https:\/\/jornalfatosenoticias.com.br\/index.php\/2023\/03\/07\/tesla-mostra-avancos-do-optimus-seu-robo-humanoide\/#primaryimage\",\"url\":\"https:\/\/jornalfatosenoticias.com.br\/wp-content\/uploads\/2023\/03\/Optimus-Tesla.png\",\"contentUrl\":\"https:\/\/jornalfatosenoticias.com.br\/wp-content\/uploads\/2023\/03\/Optimus-Tesla.png\",\"width\":1000,\"height\":578},{\"@type\":\"BreadcrumbList\",\"@id\":\"https:\/\/jornalfatosenoticias.com.br\/index.php\/2023\/03\/07\/tesla-mostra-avancos-do-optimus-seu-robo-humanoide\/#breadcrumb\",\"itemListElement\":[{\"@type\":\"ListItem\",\"position\":1,\"name\":\"In\u00edcio\",\"item\":\"https:\/\/jornalfatosenoticias.com.br\/\"},{\"@type\":\"ListItem\",\"position\":2,\"name\":\"Tesla mostra avan\u00e7os do Optimus, seu rob\u00f4 humanoide\"}]},{\"@type\":\"WebSite\",\"@id\":\"https:\/\/jornalfatosenoticias.com.br\/#website\",\"url\":\"https:\/\/jornalfatosenoticias.com.br\/\",\"name\":\"Jornal Fatos e Not\u00edcias\",\"description\":\"Not\u00edcias em geral\",\"publisher\":{\"@id\":\"https:\/\/jornalfatosenoticias.com.br\/#organization\"},\"potentialAction\":[{\"@type\":\"SearchAction\",\"target\":{\"@type\":\"EntryPoint\",\"urlTemplate\":\"https:\/\/jornalfatosenoticias.com.br\/?s={search_term_string}\"},\"query-input\":{\"@type\":\"PropertyValueSpecification\",\"valueRequired\":true,\"valueName\":\"search_term_string\"}}],\"inLanguage\":\"pt-BR\"},{\"@type\":\"Organization\",\"@id\":\"https:\/\/jornalfatosenoticias.com.br\/#organization\",\"name\":\"Jornal Fatos e Not\u00edcias\",\"url\":\"https:\/\/jornalfatosenoticias.com.br\/\",\"logo\":{\"@type\":\"ImageObject\",\"inLanguage\":\"pt-BR\",\"@id\":\"https:\/\/jornalfatosenoticias.com.br\/#\/schema\/logo\/image\/\",\"url\":\"https:\/\/jornalfatosenoticias.com.br\/wp-content\/uploads\/2020\/02\/logo120.png\",\"contentUrl\":\"https:\/\/jornalfatosenoticias.com.br\/wp-content\/uploads\/2020\/02\/logo120.png\",\"width\":1227,\"height\":120,\"caption\":\"Jornal Fatos e Not\u00edcias\"},\"image\":{\"@id\":\"https:\/\/jornalfatosenoticias.com.br\/#\/schema\/logo\/image\/\"}},{\"@type\":\"Person\",\"@id\":\"https:\/\/jornalfatosenoticias.com.br\/#\/schema\/person\/d63837fa13ac8666eb9e74e0985d6f81\",\"name\":\"Luzimara Fernandes\",\"image\":{\"@type\":\"ImageObject\",\"inLanguage\":\"pt-BR\",\"@id\":\"https:\/\/jornalfatosenoticias.com.br\/#\/schema\/person\/image\/\",\"url\":\"https:\/\/jornalfatosenoticias.com.br\/wp-content\/uploads\/2025\/05\/EU_portal.jpg\",\"contentUrl\":\"https:\/\/jornalfatosenoticias.com.br\/wp-content\/uploads\/2025\/05\/EU_portal.jpg\",\"caption\":\"Luzimara Fernandes\"},\"description\":\"Jornalista MTB 2358-ES\",\"sameAs\":[\"https:\/\/jornalfatosenoticias.com.br\"],\"url\":\"https:\/\/jornalfatosenoticias.com.br\/index.php\/author\/luzimara\/\"}]}<\/script>\n<!-- \/ Yoast SEO plugin. -->","yoast_head_json":{"title":"Tesla mostra avan\u00e7os do Optimus, seu rob\u00f4 humanoide - Jornal Fatos e Not\u00edcias","robots":{"index":"index","follow":"follow","max-snippet":"max-snippet:-1","max-image-preview":"max-image-preview:large","max-video-preview":"max-video-preview:-1"},"canonical":"https:\/\/jornalfatosenoticias.com.br\/index.php\/2023\/03\/07\/tesla-mostra-avancos-do-optimus-seu-robo-humanoide\/","og_locale":"pt_BR","og_type":"article","og_title":"Tesla mostra avan\u00e7os do Optimus, seu rob\u00f4 humanoide - Jornal Fatos e Not\u00edcias","og_description":"Prot\u00f3tipo foi apresentado pela primeira vez em outubro de 2022 A Tesla aproveitou o Dia do Investidor, tradicional evento da empresa, para falar n\u00e3o apenas de planos financeiros ou de seus EVs mais caros, mas tamb\u00e9m apresentar os avan\u00e7os com o rob\u00f4 humanoide Optimus, que agora consegue andar, pegar e carregar itens, al\u00e9m de outras [&hellip;]","og_url":"https:\/\/jornalfatosenoticias.com.br\/index.php\/2023\/03\/07\/tesla-mostra-avancos-do-optimus-seu-robo-humanoide\/","og_site_name":"Jornal Fatos e Not\u00edcias","article_published_time":"2023-03-07T13:43:19+00:00","article_modified_time":"2023-03-07T13:43:21+00:00","og_image":[{"width":1000,"height":578,"url":"https:\/\/jornalfatosenoticias.com.br\/wp-content\/uploads\/2023\/03\/Optimus-Tesla.png","type":"image\/png"}],"author":"Luzimara Fernandes","twitter_card":"summary_large_image","twitter_misc":{"Escrito por":"Luzimara Fernandes","Est. tempo de leitura":"2 minutos"},"schema":{"@context":"https:\/\/schema.org","@graph":[{"@type":"Article","@id":"https:\/\/jornalfatosenoticias.com.br\/index.php\/2023\/03\/07\/tesla-mostra-avancos-do-optimus-seu-robo-humanoide\/#article","isPartOf":{"@id":"https:\/\/jornalfatosenoticias.com.br\/index.php\/2023\/03\/07\/tesla-mostra-avancos-do-optimus-seu-robo-humanoide\/"},"author":{"name":"Luzimara Fernandes","@id":"https:\/\/jornalfatosenoticias.com.br\/#\/schema\/person\/d63837fa13ac8666eb9e74e0985d6f81"},"headline":"Tesla mostra avan\u00e7os do Optimus, seu rob\u00f4 humanoide","datePublished":"2023-03-07T13:43:19+00:00","dateModified":"2023-03-07T13:43:21+00:00","mainEntityOfPage":{"@id":"https:\/\/jornalfatosenoticias.com.br\/index.php\/2023\/03\/07\/tesla-mostra-avancos-do-optimus-seu-robo-humanoide\/"},"wordCount":452,"commentCount":0,"publisher":{"@id":"https:\/\/jornalfatosenoticias.com.br\/#organization"},"image":{"@id":"https:\/\/jornalfatosenoticias.com.br\/index.php\/2023\/03\/07\/tesla-mostra-avancos-do-optimus-seu-robo-humanoide\/#primaryimage"},"thumbnailUrl":"https:\/\/jornalfatosenoticias.com.br\/wp-content\/uploads\/2023\/03\/Optimus-Tesla.png","keywords":["Elon Musk","intelig\u00eancia artificial","Optimus","rob\u00f4","rob\u00f4 humanoide","rob\u00f4s Tesla"],"articleSection":["Tecnologia &amp; Inova\u00e7\u00e3o"],"inLanguage":"pt-BR","potentialAction":[{"@type":"CommentAction","name":"Comment","target":["https:\/\/jornalfatosenoticias.com.br\/index.php\/2023\/03\/07\/tesla-mostra-avancos-do-optimus-seu-robo-humanoide\/#respond"]}]},{"@type":"WebPage","@id":"https:\/\/jornalfatosenoticias.com.br\/index.php\/2023\/03\/07\/tesla-mostra-avancos-do-optimus-seu-robo-humanoide\/","url":"https:\/\/jornalfatosenoticias.com.br\/index.php\/2023\/03\/07\/tesla-mostra-avancos-do-optimus-seu-robo-humanoide\/","name":"Tesla mostra avan\u00e7os do Optimus, seu rob\u00f4 humanoide - Jornal Fatos e Not\u00edcias","isPartOf":{"@id":"https:\/\/jornalfatosenoticias.com.br\/#website"},"primaryImageOfPage":{"@id":"https:\/\/jornalfatosenoticias.com.br\/index.php\/2023\/03\/07\/tesla-mostra-avancos-do-optimus-seu-robo-humanoide\/#primaryimage"},"image":{"@id":"https:\/\/jornalfatosenoticias.com.br\/index.php\/2023\/03\/07\/tesla-mostra-avancos-do-optimus-seu-robo-humanoide\/#primaryimage"},"thumbnailUrl":"https:\/\/jornalfatosenoticias.com.br\/wp-content\/uploads\/2023\/03\/Optimus-Tesla.png","datePublished":"2023-03-07T13:43:19+00:00","dateModified":"2023-03-07T13:43:21+00:00","breadcrumb":{"@id":"https:\/\/jornalfatosenoticias.com.br\/index.php\/2023\/03\/07\/tesla-mostra-avancos-do-optimus-seu-robo-humanoide\/#breadcrumb"},"inLanguage":"pt-BR","potentialAction":[{"@type":"ReadAction","target":["https:\/\/jornalfatosenoticias.com.br\/index.php\/2023\/03\/07\/tesla-mostra-avancos-do-optimus-seu-robo-humanoide\/"]}]},{"@type":"ImageObject","inLanguage":"pt-BR","@id":"https:\/\/jornalfatosenoticias.com.br\/index.php\/2023\/03\/07\/tesla-mostra-avancos-do-optimus-seu-robo-humanoide\/#primaryimage","url":"https:\/\/jornalfatosenoticias.com.br\/wp-content\/uploads\/2023\/03\/Optimus-Tesla.png","contentUrl":"https:\/\/jornalfatosenoticias.com.br\/wp-content\/uploads\/2023\/03\/Optimus-Tesla.png","width":1000,"height":578},{"@type":"BreadcrumbList","@id":"https:\/\/jornalfatosenoticias.com.br\/index.php\/2023\/03\/07\/tesla-mostra-avancos-do-optimus-seu-robo-humanoide\/#breadcrumb","itemListElement":[{"@type":"ListItem","position":1,"name":"In\u00edcio","item":"https:\/\/jornalfatosenoticias.com.br\/"},{"@type":"ListItem","position":2,"name":"Tesla mostra avan\u00e7os do Optimus, seu rob\u00f4 humanoide"}]},{"@type":"WebSite","@id":"https:\/\/jornalfatosenoticias.com.br\/#website","url":"https:\/\/jornalfatosenoticias.com.br\/","name":"Jornal Fatos e Not\u00edcias","description":"Not\u00edcias em geral","publisher":{"@id":"https:\/\/jornalfatosenoticias.com.br\/#organization"},"potentialAction":[{"@type":"SearchAction","target":{"@type":"EntryPoint","urlTemplate":"https:\/\/jornalfatosenoticias.com.br\/?s={search_term_string}"},"query-input":{"@type":"PropertyValueSpecification","valueRequired":true,"valueName":"search_term_string"}}],"inLanguage":"pt-BR"},{"@type":"Organization","@id":"https:\/\/jornalfatosenoticias.com.br\/#organization","name":"Jornal Fatos e Not\u00edcias","url":"https:\/\/jornalfatosenoticias.com.br\/","logo":{"@type":"ImageObject","inLanguage":"pt-BR","@id":"https:\/\/jornalfatosenoticias.com.br\/#\/schema\/logo\/image\/","url":"https:\/\/jornalfatosenoticias.com.br\/wp-content\/uploads\/2020\/02\/logo120.png","contentUrl":"https:\/\/jornalfatosenoticias.com.br\/wp-content\/uploads\/2020\/02\/logo120.png","width":1227,"height":120,"caption":"Jornal Fatos e Not\u00edcias"},"image":{"@id":"https:\/\/jornalfatosenoticias.com.br\/#\/schema\/logo\/image\/"}},{"@type":"Person","@id":"https:\/\/jornalfatosenoticias.com.br\/#\/schema\/person\/d63837fa13ac8666eb9e74e0985d6f81","name":"Luzimara Fernandes","image":{"@type":"ImageObject","inLanguage":"pt-BR","@id":"https:\/\/jornalfatosenoticias.com.br\/#\/schema\/person\/image\/","url":"https:\/\/jornalfatosenoticias.com.br\/wp-content\/uploads\/2025\/05\/EU_portal.jpg","contentUrl":"https:\/\/jornalfatosenoticias.com.br\/wp-content\/uploads\/2025\/05\/EU_portal.jpg","caption":"Luzimara Fernandes"},"description":"Jornalista MTB 2358-ES","sameAs":["https:\/\/jornalfatosenoticias.com.br"],"url":"https:\/\/jornalfatosenoticias.com.br\/index.php\/author\/luzimara\/"}]}},"cc_featured_image_caption":{"caption_text":"(Foto: Divulga\u00e7\u00e3o\/Tesla)","source_text":"","source_url":""},"jetpack_featured_media_url":"https:\/\/jornalfatosenoticias.com.br\/wp-content\/uploads\/2023\/03\/Optimus-Tesla.png","_links":{"self":[{"href":"https:\/\/jornalfatosenoticias.com.br\/index.php\/wp-json\/wp\/v2\/posts\/39348","targetHints":{"allow":["GET"]}}],"collection":[{"href":"https:\/\/jornalfatosenoticias.com.br\/index.php\/wp-json\/wp\/v2\/posts"}],"about":[{"href":"https:\/\/jornalfatosenoticias.com.br\/index.php\/wp-json\/wp\/v2\/types\/post"}],"author":[{"embeddable":true,"href":"https:\/\/jornalfatosenoticias.com.br\/index.php\/wp-json\/wp\/v2\/users\/2"}],"replies":[{"embeddable":true,"href":"https:\/\/jornalfatosenoticias.com.br\/index.php\/wp-json\/wp\/v2\/comments?post=39348"}],"version-history":[{"count":0,"href":"https:\/\/jornalfatosenoticias.com.br\/index.php\/wp-json\/wp\/v2\/posts\/39348\/revisions"}],"wp:featuredmedia":[{"embeddable":true,"href":"https:\/\/jornalfatosenoticias.com.br\/index.php\/wp-json\/wp\/v2\/media\/39350"}],"wp:attachment":[{"href":"https:\/\/jornalfatosenoticias.com.br\/index.php\/wp-json\/wp\/v2\/media?parent=39348"}],"wp:term":[{"taxonomy":"category","embeddable":true,"href":"https:\/\/jornalfatosenoticias.com.br\/index.php\/wp-json\/wp\/v2\/categories?post=39348"},{"taxonomy":"post_tag","embeddable":true,"href":"https:\/\/jornalfatosenoticias.com.br\/index.php\/wp-json\/wp\/v2\/tags?post=39348"}],"curies":[{"name":"wp","href":"https:\/\/api.w.org\/{rel}","templated":true}]}}