{"id":39360,"date":"2023-03-07T11:36:20","date_gmt":"2023-03-07T14:36:20","guid":{"rendered":"https:\/\/jornalfatosenoticias.com.br\/?p=39360"},"modified":"2023-03-07T11:36:21","modified_gmt":"2023-03-07T14:36:21","slug":"plataforma-fomenta-a-diversidade-cultural-a-partir-de-referencias-da-cultura-historia-e-pensadores-africanos","status":"publish","type":"post","link":"https:\/\/jornalfatosenoticias.com.br\/index.php\/2023\/03\/07\/plataforma-fomenta-a-diversidade-cultural-a-partir-de-referencias-da-cultura-historia-e-pensadores-africanos\/","title":{"rendered":"Plataforma fomenta a diversidade cultural a partir de refer\u00eancias da cultura, hist\u00f3ria e pensadores africanos"},"content":{"rendered":"\n<p><span class=\"has-inline-color has-black-color\"><em>Portal traz materiais pedag\u00f3gicos alinhados \u00e0 BNCC a partir de uma perspectiva da Educa\u00e7\u00e3o para as rela\u00e7\u00f5es \u00c9tnico-Raciais<\/em><\/span><\/p>\n\n\n\n<div class=\"wp-block-image\"><figure class=\"aligncenter size-large\"><img loading=\"lazy\" decoding=\"async\" width=\"300\" height=\"250\" src=\"https:\/\/jornalfatosenoticias.com.br\/wp-content\/uploads\/2022\/02\/Banner-2.png\" alt=\"\" class=\"wp-image-27877\"\/><\/figure><\/div>\n\n\n\n<p>Nos \u00faltimos meses surgiram diversas iniciativas voltadas ao fomento da educa\u00e7\u00e3o antirracista. Muitas delas incentivadas pela efem\u00e9ride <strong><a href=\"https:\/\/porvir.org\/infografico-os-vinte-anos-da-lei-10-639\/\">dos vinte anos de promulga\u00e7\u00e3o da lei 10.639, de 2003<\/a>,<\/strong> que tornou obrigat\u00f3rio o ensino de hist\u00f3ria e cultura africana e afro-brasileira nos curr\u00edculos escolares.<\/p>\n\n\n\n<div class=\"wp-block-image\"><figure class=\"aligncenter size-large is-resized\"><img loading=\"lazy\" decoding=\"async\" src=\"https:\/\/jornalfatosenoticias.com.br\/wp-content\/uploads\/2022\/02\/Precisao-Contabilidade-1024x724.jpg\" alt=\"\" class=\"wp-image-28088\" width=\"308\" height=\"218\"\/><\/figure><\/div>\n\n\n\n<p>Para somar entre as ferramentas de forma\u00e7\u00e3o e aperfei\u00e7oamento nesta tem\u00e1tica, a plataforma <strong><a href=\"https:\/\/percursosalternativos.com.br\/\">\u201cPercursos Alternativos\u201d<\/a>,<\/strong> lan\u00e7ada em 27 de fevereiro, apresenta materiais educacionais e conte\u00fados pedag\u00f3gicos alinhados \u00e0 <strong><a href=\"https:\/\/porvir.org\/bncc-base-nacional-comum-curricular\/\">Base Nacional Comum Curricular (<\/a><strong><a href=\"https:\/\/porvir.org\/bncc-base-nacional-comum-curricular\/\">BNCC<\/a><\/strong>) <\/strong>que ampliam o repert\u00f3rio de estudantes e professores sobre a contribui\u00e7\u00e3o de diferentes povos e culturas ao Brasil.<\/p>\n\n\n\n<div class=\"wp-block-image\"><figure class=\"aligncenter size-large\"><img decoding=\"async\" src=\"https:\/\/jornalfatosenoticias.com.br\/wp-content\/uploads\/2023\/02\/faserra_portal.jpg\" alt=\"\" class=\"wp-image-38905\"\/><\/figure><\/div>\n\n\n\n<p>A cria\u00e7\u00e3o da plataforma \u00e9 de autoria do Coletivo de Intelectuais Negras e Negros em parceria com o Instituto Unibanco. Dispon\u00edvel de maneira aberta e gratuita, o site re\u00fane uma s\u00e9rie de assuntos importantes para a sala de aula: como racismo ambiental; g\u00eanero e sexualidade; slam e poesia em sala de aula; estere\u00f3tipos dos corpos negros; quilombos; e uso de hip hop para ensinar f\u00edsica.<\/p>\n\n\n\n<div class=\"wp-block-image\"><figure class=\"aligncenter size-large\"><img loading=\"lazy\" decoding=\"async\" width=\"300\" height=\"222\" src=\"https:\/\/jornalfatosenoticias.com.br\/wp-content\/uploads\/2023\/03\/logo_Juliana-Graca.jpg\" alt=\"\" class=\"wp-image-39283\"\/><\/figure><\/div>\n\n\n\n<p>Na se\u00e7\u00e3o \u201cProfessores\u201d, os usu\u00e1rios v\u00e3o se deparar com uma s\u00e9rie de textos referenciais, al\u00e9m de materiais formativos e planos de aulas para conectar o curr\u00edculo com a Educa\u00e7\u00e3o para as rela\u00e7\u00f5es \u00e9tnico-raciais.<br>Na \u00e1rea destinada aos estudantes, al\u00e9m de textos curtos, h\u00e1 uma s\u00e9rie de v\u00eddeos, podcasts e uma revista chamada \u201cDiasporines\u201d, que aborda tem\u00e1ticas relacionadas \u00e0 juventude negra.<\/p>\n\n\n\n<div class=\"wp-block-image\"><figure class=\"aligncenter size-large\"><img loading=\"lazy\" decoding=\"async\" width=\"300\" height=\"250\" src=\"https:\/\/jornalfatosenoticias.com.br\/wp-content\/uploads\/2022\/02\/FERRARI_MAQUINAS-E-FERRAMENTAS2-1.jpg\" alt=\"\" class=\"wp-image-27955\"\/><\/figure><\/div>\n\n\n\n<p>A plataforma tamb\u00e9m conta com uma \u00e1rea chamada \u201cPol\u00edtica educacional e gest\u00e3o\u201d, com diversos textos anal\u00edticos sobre a legisla\u00e7\u00e3o educacional brasileira que refor\u00e7am o direito \u00e0 educa\u00e7\u00e3o a todas e todos.<\/p>\n\n\n\n<div class=\"wp-block-image\"><figure class=\"aligncenter size-large\"><img decoding=\"async\" src=\"https:\/\/jornalfatosenoticias.com.br\/wp-content\/uploads\/2020\/02\/logo_esteio.jpg\" alt=\"\" class=\"wp-image-1214\"\/><\/figure><\/div>\n\n\n\n<blockquote class=\"wp-block-quote is-layout-flow wp-block-quote-is-layout-flow\"><p><span class=\"has-inline-color has-luminous-vivid-orange-color\">Com esse conjunto, a plataforma busca contribuir para ampliar o repert\u00f3rio da comunidade escolar como um todo e apoia a diversidade cultural curricular na educa\u00e7\u00e3o b\u00e1sica, visando melhoria na qualidade com equidade\u201d, destaca texto de divulga\u00e7\u00e3o da plataforma.<\/span><\/p><\/blockquote>\n\n\n\n<div class=\"wp-block-image\"><figure class=\"aligncenter size-large is-resized\"><img loading=\"lazy\" decoding=\"async\" src=\"https:\/\/jornalfatosenoticias.com.br\/wp-content\/uploads\/2022\/10\/Arte-jornal-Zucchi-600x600_Prancheta-1-1024x1024.jpg\" alt=\"\" class=\"wp-image-34782\" width=\"300\" height=\"300\" srcset=\"https:\/\/jornalfatosenoticias.com.br\/wp-content\/uploads\/2022\/10\/Arte-jornal-Zucchi-600x600_Prancheta-1-1024x1024.jpg 1024w, https:\/\/jornalfatosenoticias.com.br\/wp-content\/uploads\/2022\/10\/Arte-jornal-Zucchi-600x600_Prancheta-1-300x300.jpg 300w, https:\/\/jornalfatosenoticias.com.br\/wp-content\/uploads\/2022\/10\/Arte-jornal-Zucchi-600x600_Prancheta-1-150x150.jpg 150w, https:\/\/jornalfatosenoticias.com.br\/wp-content\/uploads\/2022\/10\/Arte-jornal-Zucchi-600x600_Prancheta-1-768x768.jpg 768w, https:\/\/jornalfatosenoticias.com.br\/wp-content\/uploads\/2022\/10\/Arte-jornal-Zucchi-600x600_Prancheta-1.jpg 1250w\" sizes=\"auto, (max-width: 300px) 100vw, 300px\" \/><\/figure><\/div>\n\n\n\n<p>O site Percursos Alternativos \u00e9 totalmente gratuito e aberto. Para conhec\u00ea-lo, basta acessar o link:\u00a0<strong><a href=\"https:\/\/percursosalternativos.com.br.\/\" target=\"_blank\" rel=\"noreferrer noopener\">percursosalternativos.com.br<\/a>.<\/strong><\/p>\n\n\n\n<p><strong><em>Fonte: <a href=\"https:\/\/porvir.org\/plataforma-fomenta-a-diversidade-cultural-a-partir-de-referencias-da-cultura-historia-e-pensadores-africanos\/\">Porvir<\/a><\/em><\/strong><\/p>\n","protected":false},"excerpt":{"rendered":"<p>Portal traz materiais pedag\u00f3gicos alinhados \u00e0 BNCC a partir de uma perspectiva da Educa\u00e7\u00e3o para as rela\u00e7\u00f5es \u00c9tnico-Raciais Nos \u00faltimos meses surgiram diversas iniciativas voltadas ao fomento da educa\u00e7\u00e3o antirracista. Muitas delas incentivadas pela efem\u00e9ride dos vinte anos de promulga\u00e7\u00e3o da lei 10.639, de 2003, que tornou obrigat\u00f3rio o ensino de hist\u00f3ria e cultura africana [&hellip;]<\/p>\n","protected":false},"author":2,"featured_media":39361,"comment_status":"open","ping_status":"open","sticky":false,"template":"","format":"standard","meta":{"footnotes":""},"categories":[7],"tags":[6591,18410,11382,18411,530,17144],"class_list":["post-39360","post","type-post","status-publish","format-standard","has-post-thumbnail","hentry","category-educacao","tag-bncc","tag-diversidade-cultural","tag-educacao-antirracista","tag-pensadores-africanos","tag-plataforma","tag-relacoes-etnico-raciais"],"yoast_head":"<!-- This site is optimized with the Yoast SEO plugin v26.5 - https:\/\/yoast.com\/wordpress\/plugins\/seo\/ -->\n<title>Plataforma fomenta a diversidade cultural a partir de refer\u00eancias da cultura, hist\u00f3ria e pensadores africanos - Jornal Fatos e Not\u00edcias<\/title>\n<meta name=\"robots\" content=\"index, follow, max-snippet:-1, max-image-preview:large, max-video-preview:-1\" \/>\n<link rel=\"canonical\" href=\"https:\/\/jornalfatosenoticias.com.br\/index.php\/2023\/03\/07\/plataforma-fomenta-a-diversidade-cultural-a-partir-de-referencias-da-cultura-historia-e-pensadores-africanos\/\" \/>\n<meta property=\"og:locale\" content=\"pt_BR\" \/>\n<meta property=\"og:type\" content=\"article\" \/>\n<meta property=\"og:title\" content=\"Plataforma fomenta a diversidade cultural a partir de refer\u00eancias da cultura, hist\u00f3ria e pensadores africanos - Jornal Fatos e Not\u00edcias\" \/>\n<meta property=\"og:description\" content=\"Portal traz materiais pedag\u00f3gicos alinhados \u00e0 BNCC a partir de uma perspectiva da Educa\u00e7\u00e3o para as rela\u00e7\u00f5es \u00c9tnico-Raciais Nos \u00faltimos meses surgiram diversas iniciativas voltadas ao fomento da educa\u00e7\u00e3o antirracista. Muitas delas incentivadas pela efem\u00e9ride dos vinte anos de promulga\u00e7\u00e3o da lei 10.639, de 2003, que tornou obrigat\u00f3rio o ensino de hist\u00f3ria e cultura africana [&hellip;]\" \/>\n<meta property=\"og:url\" content=\"https:\/\/jornalfatosenoticias.com.br\/index.php\/2023\/03\/07\/plataforma-fomenta-a-diversidade-cultural-a-partir-de-referencias-da-cultura-historia-e-pensadores-africanos\/\" \/>\n<meta property=\"og:site_name\" content=\"Jornal Fatos e Not\u00edcias\" \/>\n<meta property=\"article:published_time\" content=\"2023-03-07T14:36:20+00:00\" \/>\n<meta property=\"article:modified_time\" content=\"2023-03-07T14:36:21+00:00\" \/>\n<meta property=\"og:image\" content=\"https:\/\/jornalfatosenoticias.com.br\/wp-content\/uploads\/2023\/03\/Plataforma-fomenta-a-diversidade-cultural-a-partir-de-referencias-de-pensadores-africanos.jpg\" \/>\n\t<meta property=\"og:image:width\" content=\"1000\" \/>\n\t<meta property=\"og:image:height\" content=\"562\" \/>\n\t<meta property=\"og:image:type\" content=\"image\/jpeg\" \/>\n<meta name=\"author\" content=\"Luzimara Fernandes\" \/>\n<meta name=\"twitter:card\" content=\"summary_large_image\" \/>\n<meta name=\"twitter:label1\" content=\"Escrito por\" \/>\n\t<meta name=\"twitter:data1\" content=\"Luzimara Fernandes\" \/>\n\t<meta name=\"twitter:label2\" content=\"Est. tempo de leitura\" \/>\n\t<meta name=\"twitter:data2\" content=\"2 minutos\" \/>\n<script type=\"application\/ld+json\" class=\"yoast-schema-graph\">{\"@context\":\"https:\/\/schema.org\",\"@graph\":[{\"@type\":\"Article\",\"@id\":\"https:\/\/jornalfatosenoticias.com.br\/index.php\/2023\/03\/07\/plataforma-fomenta-a-diversidade-cultural-a-partir-de-referencias-da-cultura-historia-e-pensadores-africanos\/#article\",\"isPartOf\":{\"@id\":\"https:\/\/jornalfatosenoticias.com.br\/index.php\/2023\/03\/07\/plataforma-fomenta-a-diversidade-cultural-a-partir-de-referencias-da-cultura-historia-e-pensadores-africanos\/\"},\"author\":{\"name\":\"Luzimara Fernandes\",\"@id\":\"https:\/\/jornalfatosenoticias.com.br\/#\/schema\/person\/d63837fa13ac8666eb9e74e0985d6f81\"},\"headline\":\"Plataforma fomenta a diversidade cultural a partir de refer\u00eancias da cultura, hist\u00f3ria e pensadores africanos\",\"datePublished\":\"2023-03-07T14:36:20+00:00\",\"dateModified\":\"2023-03-07T14:36:21+00:00\",\"mainEntityOfPage\":{\"@id\":\"https:\/\/jornalfatosenoticias.com.br\/index.php\/2023\/03\/07\/plataforma-fomenta-a-diversidade-cultural-a-partir-de-referencias-da-cultura-historia-e-pensadores-africanos\/\"},\"wordCount\":381,\"commentCount\":0,\"publisher\":{\"@id\":\"https:\/\/jornalfatosenoticias.com.br\/#organization\"},\"image\":{\"@id\":\"https:\/\/jornalfatosenoticias.com.br\/index.php\/2023\/03\/07\/plataforma-fomenta-a-diversidade-cultural-a-partir-de-referencias-da-cultura-historia-e-pensadores-africanos\/#primaryimage\"},\"thumbnailUrl\":\"https:\/\/jornalfatosenoticias.com.br\/wp-content\/uploads\/2023\/03\/Plataforma-fomenta-a-diversidade-cultural-a-partir-de-referencias-de-pensadores-africanos.jpg\",\"keywords\":[\"BNCC\",\"diversidade cultural\",\"educa\u00e7\u00e3o antirracista\",\"pensadores africanos\",\"plataforma\",\"rela\u00e7\u00f5es \u00e9tnico-raciais\"],\"articleSection\":[\"Educa\u00e7\u00e3o\"],\"inLanguage\":\"pt-BR\",\"potentialAction\":[{\"@type\":\"CommentAction\",\"name\":\"Comment\",\"target\":[\"https:\/\/jornalfatosenoticias.com.br\/index.php\/2023\/03\/07\/plataforma-fomenta-a-diversidade-cultural-a-partir-de-referencias-da-cultura-historia-e-pensadores-africanos\/#respond\"]}]},{\"@type\":\"WebPage\",\"@id\":\"https:\/\/jornalfatosenoticias.com.br\/index.php\/2023\/03\/07\/plataforma-fomenta-a-diversidade-cultural-a-partir-de-referencias-da-cultura-historia-e-pensadores-africanos\/\",\"url\":\"https:\/\/jornalfatosenoticias.com.br\/index.php\/2023\/03\/07\/plataforma-fomenta-a-diversidade-cultural-a-partir-de-referencias-da-cultura-historia-e-pensadores-africanos\/\",\"name\":\"Plataforma fomenta a diversidade cultural a partir de refer\u00eancias da cultura, hist\u00f3ria e pensadores africanos - Jornal Fatos e Not\u00edcias\",\"isPartOf\":{\"@id\":\"https:\/\/jornalfatosenoticias.com.br\/#website\"},\"primaryImageOfPage\":{\"@id\":\"https:\/\/jornalfatosenoticias.com.br\/index.php\/2023\/03\/07\/plataforma-fomenta-a-diversidade-cultural-a-partir-de-referencias-da-cultura-historia-e-pensadores-africanos\/#primaryimage\"},\"image\":{\"@id\":\"https:\/\/jornalfatosenoticias.com.br\/index.php\/2023\/03\/07\/plataforma-fomenta-a-diversidade-cultural-a-partir-de-referencias-da-cultura-historia-e-pensadores-africanos\/#primaryimage\"},\"thumbnailUrl\":\"https:\/\/jornalfatosenoticias.com.br\/wp-content\/uploads\/2023\/03\/Plataforma-fomenta-a-diversidade-cultural-a-partir-de-referencias-de-pensadores-africanos.jpg\",\"datePublished\":\"2023-03-07T14:36:20+00:00\",\"dateModified\":\"2023-03-07T14:36:21+00:00\",\"breadcrumb\":{\"@id\":\"https:\/\/jornalfatosenoticias.com.br\/index.php\/2023\/03\/07\/plataforma-fomenta-a-diversidade-cultural-a-partir-de-referencias-da-cultura-historia-e-pensadores-africanos\/#breadcrumb\"},\"inLanguage\":\"pt-BR\",\"potentialAction\":[{\"@type\":\"ReadAction\",\"target\":[\"https:\/\/jornalfatosenoticias.com.br\/index.php\/2023\/03\/07\/plataforma-fomenta-a-diversidade-cultural-a-partir-de-referencias-da-cultura-historia-e-pensadores-africanos\/\"]}]},{\"@type\":\"ImageObject\",\"inLanguage\":\"pt-BR\",\"@id\":\"https:\/\/jornalfatosenoticias.com.br\/index.php\/2023\/03\/07\/plataforma-fomenta-a-diversidade-cultural-a-partir-de-referencias-da-cultura-historia-e-pensadores-africanos\/#primaryimage\",\"url\":\"https:\/\/jornalfatosenoticias.com.br\/wp-content\/uploads\/2023\/03\/Plataforma-fomenta-a-diversidade-cultural-a-partir-de-referencias-de-pensadores-africanos.jpg\",\"contentUrl\":\"https:\/\/jornalfatosenoticias.com.br\/wp-content\/uploads\/2023\/03\/Plataforma-fomenta-a-diversidade-cultural-a-partir-de-referencias-de-pensadores-africanos.jpg\",\"width\":1000,\"height\":562},{\"@type\":\"BreadcrumbList\",\"@id\":\"https:\/\/jornalfatosenoticias.com.br\/index.php\/2023\/03\/07\/plataforma-fomenta-a-diversidade-cultural-a-partir-de-referencias-da-cultura-historia-e-pensadores-africanos\/#breadcrumb\",\"itemListElement\":[{\"@type\":\"ListItem\",\"position\":1,\"name\":\"In\u00edcio\",\"item\":\"https:\/\/jornalfatosenoticias.com.br\/\"},{\"@type\":\"ListItem\",\"position\":2,\"name\":\"Plataforma fomenta a diversidade cultural a partir de refer\u00eancias da cultura, hist\u00f3ria e pensadores africanos\"}]},{\"@type\":\"WebSite\",\"@id\":\"https:\/\/jornalfatosenoticias.com.br\/#website\",\"url\":\"https:\/\/jornalfatosenoticias.com.br\/\",\"name\":\"Jornal Fatos e Not\u00edcias\",\"description\":\"Not\u00edcias em geral\",\"publisher\":{\"@id\":\"https:\/\/jornalfatosenoticias.com.br\/#organization\"},\"potentialAction\":[{\"@type\":\"SearchAction\",\"target\":{\"@type\":\"EntryPoint\",\"urlTemplate\":\"https:\/\/jornalfatosenoticias.com.br\/?s={search_term_string}\"},\"query-input\":{\"@type\":\"PropertyValueSpecification\",\"valueRequired\":true,\"valueName\":\"search_term_string\"}}],\"inLanguage\":\"pt-BR\"},{\"@type\":\"Organization\",\"@id\":\"https:\/\/jornalfatosenoticias.com.br\/#organization\",\"name\":\"Jornal Fatos e Not\u00edcias\",\"url\":\"https:\/\/jornalfatosenoticias.com.br\/\",\"logo\":{\"@type\":\"ImageObject\",\"inLanguage\":\"pt-BR\",\"@id\":\"https:\/\/jornalfatosenoticias.com.br\/#\/schema\/logo\/image\/\",\"url\":\"https:\/\/jornalfatosenoticias.com.br\/wp-content\/uploads\/2020\/02\/logo120.png\",\"contentUrl\":\"https:\/\/jornalfatosenoticias.com.br\/wp-content\/uploads\/2020\/02\/logo120.png\",\"width\":1227,\"height\":120,\"caption\":\"Jornal Fatos e Not\u00edcias\"},\"image\":{\"@id\":\"https:\/\/jornalfatosenoticias.com.br\/#\/schema\/logo\/image\/\"}},{\"@type\":\"Person\",\"@id\":\"https:\/\/jornalfatosenoticias.com.br\/#\/schema\/person\/d63837fa13ac8666eb9e74e0985d6f81\",\"name\":\"Luzimara Fernandes\",\"image\":{\"@type\":\"ImageObject\",\"inLanguage\":\"pt-BR\",\"@id\":\"https:\/\/jornalfatosenoticias.com.br\/#\/schema\/person\/image\/\",\"url\":\"https:\/\/jornalfatosenoticias.com.br\/wp-content\/uploads\/2025\/05\/EU_portal.jpg\",\"contentUrl\":\"https:\/\/jornalfatosenoticias.com.br\/wp-content\/uploads\/2025\/05\/EU_portal.jpg\",\"caption\":\"Luzimara Fernandes\"},\"description\":\"Jornalista MTB 2358-ES\",\"sameAs\":[\"https:\/\/jornalfatosenoticias.com.br\"],\"url\":\"https:\/\/jornalfatosenoticias.com.br\/index.php\/author\/luzimara\/\"}]}<\/script>\n<!-- \/ Yoast SEO plugin. -->","yoast_head_json":{"title":"Plataforma fomenta a diversidade cultural a partir de refer\u00eancias da cultura, hist\u00f3ria e pensadores africanos - Jornal Fatos e Not\u00edcias","robots":{"index":"index","follow":"follow","max-snippet":"max-snippet:-1","max-image-preview":"max-image-preview:large","max-video-preview":"max-video-preview:-1"},"canonical":"https:\/\/jornalfatosenoticias.com.br\/index.php\/2023\/03\/07\/plataforma-fomenta-a-diversidade-cultural-a-partir-de-referencias-da-cultura-historia-e-pensadores-africanos\/","og_locale":"pt_BR","og_type":"article","og_title":"Plataforma fomenta a diversidade cultural a partir de refer\u00eancias da cultura, hist\u00f3ria e pensadores africanos - Jornal Fatos e Not\u00edcias","og_description":"Portal traz materiais pedag\u00f3gicos alinhados \u00e0 BNCC a partir de uma perspectiva da Educa\u00e7\u00e3o para as rela\u00e7\u00f5es \u00c9tnico-Raciais Nos \u00faltimos meses surgiram diversas iniciativas voltadas ao fomento da educa\u00e7\u00e3o antirracista. Muitas delas incentivadas pela efem\u00e9ride dos vinte anos de promulga\u00e7\u00e3o da lei 10.639, de 2003, que tornou obrigat\u00f3rio o ensino de hist\u00f3ria e cultura africana [&hellip;]","og_url":"https:\/\/jornalfatosenoticias.com.br\/index.php\/2023\/03\/07\/plataforma-fomenta-a-diversidade-cultural-a-partir-de-referencias-da-cultura-historia-e-pensadores-africanos\/","og_site_name":"Jornal Fatos e Not\u00edcias","article_published_time":"2023-03-07T14:36:20+00:00","article_modified_time":"2023-03-07T14:36:21+00:00","og_image":[{"width":1000,"height":562,"url":"https:\/\/jornalfatosenoticias.com.br\/wp-content\/uploads\/2023\/03\/Plataforma-fomenta-a-diversidade-cultural-a-partir-de-referencias-de-pensadores-africanos.jpg","type":"image\/jpeg"}],"author":"Luzimara Fernandes","twitter_card":"summary_large_image","twitter_misc":{"Escrito por":"Luzimara Fernandes","Est. tempo de leitura":"2 minutos"},"schema":{"@context":"https:\/\/schema.org","@graph":[{"@type":"Article","@id":"https:\/\/jornalfatosenoticias.com.br\/index.php\/2023\/03\/07\/plataforma-fomenta-a-diversidade-cultural-a-partir-de-referencias-da-cultura-historia-e-pensadores-africanos\/#article","isPartOf":{"@id":"https:\/\/jornalfatosenoticias.com.br\/index.php\/2023\/03\/07\/plataforma-fomenta-a-diversidade-cultural-a-partir-de-referencias-da-cultura-historia-e-pensadores-africanos\/"},"author":{"name":"Luzimara Fernandes","@id":"https:\/\/jornalfatosenoticias.com.br\/#\/schema\/person\/d63837fa13ac8666eb9e74e0985d6f81"},"headline":"Plataforma fomenta a diversidade cultural a partir de refer\u00eancias da cultura, hist\u00f3ria e pensadores africanos","datePublished":"2023-03-07T14:36:20+00:00","dateModified":"2023-03-07T14:36:21+00:00","mainEntityOfPage":{"@id":"https:\/\/jornalfatosenoticias.com.br\/index.php\/2023\/03\/07\/plataforma-fomenta-a-diversidade-cultural-a-partir-de-referencias-da-cultura-historia-e-pensadores-africanos\/"},"wordCount":381,"commentCount":0,"publisher":{"@id":"https:\/\/jornalfatosenoticias.com.br\/#organization"},"image":{"@id":"https:\/\/jornalfatosenoticias.com.br\/index.php\/2023\/03\/07\/plataforma-fomenta-a-diversidade-cultural-a-partir-de-referencias-da-cultura-historia-e-pensadores-africanos\/#primaryimage"},"thumbnailUrl":"https:\/\/jornalfatosenoticias.com.br\/wp-content\/uploads\/2023\/03\/Plataforma-fomenta-a-diversidade-cultural-a-partir-de-referencias-de-pensadores-africanos.jpg","keywords":["BNCC","diversidade cultural","educa\u00e7\u00e3o antirracista","pensadores africanos","plataforma","rela\u00e7\u00f5es \u00e9tnico-raciais"],"articleSection":["Educa\u00e7\u00e3o"],"inLanguage":"pt-BR","potentialAction":[{"@type":"CommentAction","name":"Comment","target":["https:\/\/jornalfatosenoticias.com.br\/index.php\/2023\/03\/07\/plataforma-fomenta-a-diversidade-cultural-a-partir-de-referencias-da-cultura-historia-e-pensadores-africanos\/#respond"]}]},{"@type":"WebPage","@id":"https:\/\/jornalfatosenoticias.com.br\/index.php\/2023\/03\/07\/plataforma-fomenta-a-diversidade-cultural-a-partir-de-referencias-da-cultura-historia-e-pensadores-africanos\/","url":"https:\/\/jornalfatosenoticias.com.br\/index.php\/2023\/03\/07\/plataforma-fomenta-a-diversidade-cultural-a-partir-de-referencias-da-cultura-historia-e-pensadores-africanos\/","name":"Plataforma fomenta a diversidade cultural a partir de refer\u00eancias da cultura, hist\u00f3ria e pensadores africanos - Jornal Fatos e Not\u00edcias","isPartOf":{"@id":"https:\/\/jornalfatosenoticias.com.br\/#website"},"primaryImageOfPage":{"@id":"https:\/\/jornalfatosenoticias.com.br\/index.php\/2023\/03\/07\/plataforma-fomenta-a-diversidade-cultural-a-partir-de-referencias-da-cultura-historia-e-pensadores-africanos\/#primaryimage"},"image":{"@id":"https:\/\/jornalfatosenoticias.com.br\/index.php\/2023\/03\/07\/plataforma-fomenta-a-diversidade-cultural-a-partir-de-referencias-da-cultura-historia-e-pensadores-africanos\/#primaryimage"},"thumbnailUrl":"https:\/\/jornalfatosenoticias.com.br\/wp-content\/uploads\/2023\/03\/Plataforma-fomenta-a-diversidade-cultural-a-partir-de-referencias-de-pensadores-africanos.jpg","datePublished":"2023-03-07T14:36:20+00:00","dateModified":"2023-03-07T14:36:21+00:00","breadcrumb":{"@id":"https:\/\/jornalfatosenoticias.com.br\/index.php\/2023\/03\/07\/plataforma-fomenta-a-diversidade-cultural-a-partir-de-referencias-da-cultura-historia-e-pensadores-africanos\/#breadcrumb"},"inLanguage":"pt-BR","potentialAction":[{"@type":"ReadAction","target":["https:\/\/jornalfatosenoticias.com.br\/index.php\/2023\/03\/07\/plataforma-fomenta-a-diversidade-cultural-a-partir-de-referencias-da-cultura-historia-e-pensadores-africanos\/"]}]},{"@type":"ImageObject","inLanguage":"pt-BR","@id":"https:\/\/jornalfatosenoticias.com.br\/index.php\/2023\/03\/07\/plataforma-fomenta-a-diversidade-cultural-a-partir-de-referencias-da-cultura-historia-e-pensadores-africanos\/#primaryimage","url":"https:\/\/jornalfatosenoticias.com.br\/wp-content\/uploads\/2023\/03\/Plataforma-fomenta-a-diversidade-cultural-a-partir-de-referencias-de-pensadores-africanos.jpg","contentUrl":"https:\/\/jornalfatosenoticias.com.br\/wp-content\/uploads\/2023\/03\/Plataforma-fomenta-a-diversidade-cultural-a-partir-de-referencias-de-pensadores-africanos.jpg","width":1000,"height":562},{"@type":"BreadcrumbList","@id":"https:\/\/jornalfatosenoticias.com.br\/index.php\/2023\/03\/07\/plataforma-fomenta-a-diversidade-cultural-a-partir-de-referencias-da-cultura-historia-e-pensadores-africanos\/#breadcrumb","itemListElement":[{"@type":"ListItem","position":1,"name":"In\u00edcio","item":"https:\/\/jornalfatosenoticias.com.br\/"},{"@type":"ListItem","position":2,"name":"Plataforma fomenta a diversidade cultural a partir de refer\u00eancias da cultura, hist\u00f3ria e pensadores africanos"}]},{"@type":"WebSite","@id":"https:\/\/jornalfatosenoticias.com.br\/#website","url":"https:\/\/jornalfatosenoticias.com.br\/","name":"Jornal Fatos e Not\u00edcias","description":"Not\u00edcias em geral","publisher":{"@id":"https:\/\/jornalfatosenoticias.com.br\/#organization"},"potentialAction":[{"@type":"SearchAction","target":{"@type":"EntryPoint","urlTemplate":"https:\/\/jornalfatosenoticias.com.br\/?s={search_term_string}"},"query-input":{"@type":"PropertyValueSpecification","valueRequired":true,"valueName":"search_term_string"}}],"inLanguage":"pt-BR"},{"@type":"Organization","@id":"https:\/\/jornalfatosenoticias.com.br\/#organization","name":"Jornal Fatos e Not\u00edcias","url":"https:\/\/jornalfatosenoticias.com.br\/","logo":{"@type":"ImageObject","inLanguage":"pt-BR","@id":"https:\/\/jornalfatosenoticias.com.br\/#\/schema\/logo\/image\/","url":"https:\/\/jornalfatosenoticias.com.br\/wp-content\/uploads\/2020\/02\/logo120.png","contentUrl":"https:\/\/jornalfatosenoticias.com.br\/wp-content\/uploads\/2020\/02\/logo120.png","width":1227,"height":120,"caption":"Jornal Fatos e Not\u00edcias"},"image":{"@id":"https:\/\/jornalfatosenoticias.com.br\/#\/schema\/logo\/image\/"}},{"@type":"Person","@id":"https:\/\/jornalfatosenoticias.com.br\/#\/schema\/person\/d63837fa13ac8666eb9e74e0985d6f81","name":"Luzimara Fernandes","image":{"@type":"ImageObject","inLanguage":"pt-BR","@id":"https:\/\/jornalfatosenoticias.com.br\/#\/schema\/person\/image\/","url":"https:\/\/jornalfatosenoticias.com.br\/wp-content\/uploads\/2025\/05\/EU_portal.jpg","contentUrl":"https:\/\/jornalfatosenoticias.com.br\/wp-content\/uploads\/2025\/05\/EU_portal.jpg","caption":"Luzimara Fernandes"},"description":"Jornalista MTB 2358-ES","sameAs":["https:\/\/jornalfatosenoticias.com.br"],"url":"https:\/\/jornalfatosenoticias.com.br\/index.php\/author\/luzimara\/"}]}},"cc_featured_image_caption":{"caption_text":"(Foto: iStock) ","source_text":"","source_url":""},"jetpack_featured_media_url":"https:\/\/jornalfatosenoticias.com.br\/wp-content\/uploads\/2023\/03\/Plataforma-fomenta-a-diversidade-cultural-a-partir-de-referencias-de-pensadores-africanos.jpg","_links":{"self":[{"href":"https:\/\/jornalfatosenoticias.com.br\/index.php\/wp-json\/wp\/v2\/posts\/39360","targetHints":{"allow":["GET"]}}],"collection":[{"href":"https:\/\/jornalfatosenoticias.com.br\/index.php\/wp-json\/wp\/v2\/posts"}],"about":[{"href":"https:\/\/jornalfatosenoticias.com.br\/index.php\/wp-json\/wp\/v2\/types\/post"}],"author":[{"embeddable":true,"href":"https:\/\/jornalfatosenoticias.com.br\/index.php\/wp-json\/wp\/v2\/users\/2"}],"replies":[{"embeddable":true,"href":"https:\/\/jornalfatosenoticias.com.br\/index.php\/wp-json\/wp\/v2\/comments?post=39360"}],"version-history":[{"count":0,"href":"https:\/\/jornalfatosenoticias.com.br\/index.php\/wp-json\/wp\/v2\/posts\/39360\/revisions"}],"wp:featuredmedia":[{"embeddable":true,"href":"https:\/\/jornalfatosenoticias.com.br\/index.php\/wp-json\/wp\/v2\/media\/39361"}],"wp:attachment":[{"href":"https:\/\/jornalfatosenoticias.com.br\/index.php\/wp-json\/wp\/v2\/media?parent=39360"}],"wp:term":[{"taxonomy":"category","embeddable":true,"href":"https:\/\/jornalfatosenoticias.com.br\/index.php\/wp-json\/wp\/v2\/categories?post=39360"},{"taxonomy":"post_tag","embeddable":true,"href":"https:\/\/jornalfatosenoticias.com.br\/index.php\/wp-json\/wp\/v2\/tags?post=39360"}],"curies":[{"name":"wp","href":"https:\/\/api.w.org\/{rel}","templated":true}]}}