{"id":39368,"date":"2023-03-07T12:36:59","date_gmt":"2023-03-07T15:36:59","guid":{"rendered":"https:\/\/jornalfatosenoticias.com.br\/?p=39368"},"modified":"2023-03-07T12:37:01","modified_gmt":"2023-03-07T15:37:01","slug":"ameba-comedora-de-cerebros-mata-mais-uma-pessoa-na-florida","status":"publish","type":"post","link":"https:\/\/jornalfatosenoticias.com.br\/index.php\/2023\/03\/07\/ameba-comedora-de-cerebros-mata-mais-uma-pessoa-na-florida\/","title":{"rendered":"Ameba &#8216;comedora de c\u00e9rebros&#8217; mata mais uma pessoa na Fl\u00f3rida"},"content":{"rendered":"\n<div class=\"wp-block-image\"><figure class=\"aligncenter size-large\"><img loading=\"lazy\" decoding=\"async\" width=\"300\" height=\"222\" src=\"https:\/\/jornalfatosenoticias.com.br\/wp-content\/uploads\/2023\/03\/logo_Juliana-Graca.jpg\" alt=\"\" class=\"wp-image-39283\"\/><\/figure><\/div>\n\n\n\n<p>Uma pessoa residente da <strong>Fl\u00f3rida,<\/strong> nos Estados Unidos, <strong>morreu <\/strong>ap\u00f3s ser infectada por uma <strong>ameba <\/strong>unicelular rara capaz de <strong>comer o c\u00e9rebro humano.<\/strong> Segundo especialistas em sa\u00fade do condado de Charlotte, localizado no sudoeste da <strong>Fl\u00f3rida, <\/strong>a v\u00edtima foi provavelmente contaminada ao lavar as narinas com \u00e1gua da torneira.<\/p>\n\n\n\n<div class=\"wp-block-image\"><figure class=\"aligncenter size-large is-resized\"><img loading=\"lazy\" decoding=\"async\" src=\"https:\/\/jornalfatosenoticias.com.br\/wp-content\/uploads\/2020\/02\/logo-embacia.jpg\" alt=\"\" class=\"wp-image-33905\" width=\"263\" height=\"263\"\/><\/figure><\/div>\n\n\n\n<p>O caso da infec\u00e7\u00e3o foi reportado pelo Departamento de Sa\u00fade da Fl\u00f3rida no dia 23 de fevereiro. Uma semana depois, um porta-voz da ag\u00eancia estadual de sa\u00fade informou que o paciente havia morrido por conta da contamina\u00e7\u00e3o.<\/p>\n\n\n\n<div class=\"wp-block-image\"><figure class=\"aligncenter size-large\"><img loading=\"lazy\" decoding=\"async\" width=\"729\" height=\"90\" src=\"https:\/\/jornalfatosenoticias.com.br\/wp-content\/uploads\/2020\/02\/Logo_Mizu.png\" alt=\"\" class=\"wp-image-1441\" srcset=\"https:\/\/jornalfatosenoticias.com.br\/wp-content\/uploads\/2020\/02\/Logo_Mizu.png 729w, https:\/\/jornalfatosenoticias.com.br\/wp-content\/uploads\/2020\/02\/Logo_Mizu-300x37.png 300w\" sizes=\"auto, (max-width: 729px) 100vw, 729px\" \/><\/figure><\/div>\n\n\n\n<h3 class=\"wp-block-heading\"><span class=\"has-inline-color has-vivid-red-color\">O que \u00e9 esta ameba?<\/span><\/h3>\n\n\n\n<div class=\"wp-block-image\"><figure class=\"aligncenter size-large\"><img loading=\"lazy\" decoding=\"async\" width=\"1000\" height=\"562\" src=\"https:\/\/jornalfatosenoticias.com.br\/wp-content\/uploads\/2023\/03\/ameba-comedora-de-cerebro2.jpg\" alt=\"\" class=\"wp-image-39369\" srcset=\"https:\/\/jornalfatosenoticias.com.br\/wp-content\/uploads\/2023\/03\/ameba-comedora-de-cerebro2.jpg 1000w, https:\/\/jornalfatosenoticias.com.br\/wp-content\/uploads\/2023\/03\/ameba-comedora-de-cerebro2-300x169.jpg 300w, https:\/\/jornalfatosenoticias.com.br\/wp-content\/uploads\/2023\/03\/ameba-comedora-de-cerebro2-768x432.jpg 768w\" sizes=\"auto, (max-width: 1000px) 100vw, 1000px\" \/><figcaption><em><span class=\"has-inline-color has-black-color\">(Foto: Reprodu\u00e7\u00e3o\/Pixabay)<\/span><\/em><\/figcaption><\/figure><\/div>\n\n\n\n<div class=\"wp-block-image\"><figure class=\"aligncenter size-large is-resized\"><img loading=\"lazy\" decoding=\"async\" src=\"https:\/\/jornalfatosenoticias.com.br\/wp-content\/uploads\/2020\/02\/casa-do-torresmo_portal.jpg\" alt=\"\" class=\"wp-image-34472\" width=\"251\" height=\"251\" srcset=\"https:\/\/jornalfatosenoticias.com.br\/wp-content\/uploads\/2020\/02\/casa-do-torresmo_portal.jpg 300w, https:\/\/jornalfatosenoticias.com.br\/wp-content\/uploads\/2020\/02\/casa-do-torresmo_portal-150x150.jpg 150w\" sizes=\"auto, (max-width: 251px) 100vw, 251px\" \/><\/figure><\/div>\n\n\n\n<p>A <a href=\"https:\/\/www.megacurioso.com.br\/virus-bacterias-e-protozoarios\/37603-ameba-zumbi-ataca-novamente-nos-estados-unidos.htm\" rel=\"noreferrer noopener\" target=\"_blank\">ameba<\/a>\u00a0capaz de comer o c\u00e9rebro leva o nome cient\u00edfico de <a href=\"https:\/\/oglobo.globo.com\/saude\/noticia\/2022\/08\/adolescente-infectado-por-ameba-comedora-de-cerebro-nos-eua-abre-os-olhos-e-move-as-maos.ghtml\"><em>Naegleria fowleri<\/em><\/a>. Trata-se de um organismo unicelular encontrado nos Estados Unidos, mas tamb\u00e9m em outros pa\u00edses \u2014 incluindo o Brasil. Ela costuma viver no solo e em locais com \u00e1gua doce quente, <a href=\"https:\/\/www.maisgoias.com.br\/mundo\/homem-morre-apos-ser-infectado-por-ameba-comedora-de-cerebro-em-lago-nos-eua\/\" target=\"_blank\" rel=\"noreferrer noopener\">como lagos, rios e fontes termais<\/a>. A contamina\u00e7\u00e3o por essa ameba acarreta o desenvolvimento de uma doen\u00e7a grav\u00edssima chamada meningoencefalite amebiana prim\u00e1ria.<\/p>\n\n\n\n<div class=\"wp-block-image\"><figure class=\"aligncenter size-large\"><img decoding=\"async\" src=\"https:\/\/jornalfatosenoticias.com.br\/wp-content\/uploads\/2020\/02\/logo_esteio.jpg\" alt=\"\" class=\"wp-image-1214\"\/><\/figure><\/div>\n\n\n\n<p>Segundo o Centro de Controle e Preven\u00e7\u00e3o de Doen\u00e7as dos EUA, cerca de tr\u00eas pessoas s\u00e3o infectadas anualmente por esta ameba, e os casos geralmente v\u00e3o a \u00f3bito. A contamina\u00e7\u00e3o costuma ocorrer pelo nariz \u2014 por exemplo, durante a pr\u00e1tica da <a href=\"https:\/\/www.megacurioso.com.br\/saude-bem-estar\/123127-ciclismo-corrida-ou-natacao-qual-e-o-melhor-exercicio.htm\" rel=\"noreferrer noopener\" target=\"_blank\">nata\u00e7\u00e3o<\/a> ou na lavagem dos seios nasais. Curiosamente, a ingest\u00e3o da ameba pela boca n\u00e3o \u00e9 grave, pois o \u00e1cido estomacal mata o organismo vivo.<\/p>\n\n\n\n<div class=\"wp-block-image\"><figure class=\"aligncenter size-large\"><img loading=\"lazy\" decoding=\"async\" width=\"300\" height=\"250\" src=\"https:\/\/jornalfatosenoticias.com.br\/wp-content\/uploads\/2022\/02\/FERRARI_MAQUINAS-E-FERRAMENTAS2-1.jpg\" alt=\"\" class=\"wp-image-27955\"\/><\/figure><\/div>\n\n\n\n<p>A chance de sobreviv\u00eancia para este tipo de contamina\u00e7\u00e3o por ameba comedora de c\u00e9rebro \u00e9 baixa. Estima-se que apenas quatro para cada 154 pessoas contaminadas tenham conseguido se salvar. Em 2022, um menino morreu ap\u00f3s ser infectado ao nadar no lago Mead. Outra crian\u00e7a morreu no Nebraska e um homem faleceu ap\u00f3s visitar uma praia em Iowa.<\/p>\n\n\n\n<div class=\"wp-block-image\"><figure class=\"aligncenter size-large\"><img decoding=\"async\" src=\"https:\/\/jornalfatosenoticias.com.br\/wp-content\/uploads\/2020\/02\/Serra-Grande-1024x160.png\" alt=\"\" class=\"wp-image-7836\"\/><\/figure><\/div>\n\n\n\n<p>Os sintomas da infec\u00e7\u00e3o geralmente s\u00e3o a ocorr\u00eancia de dores de cabe\u00e7a muito fortes, febre, n\u00e1useas e v\u00f4mitos. Mas podem evoluir para <a href=\"https:\/\/www.megacurioso.com.br\/saude-bem-estar\/118042-jovem-alega-ter-10-convulsoes-por-dia-e-perda-de-memoria.htm\" rel=\"noreferrer noopener\" target=\"_blank\">convuls\u00f5es<\/a>, alucina\u00e7\u00f5es e coma, por fim, levando \u00e0 morte.<\/p>\n\n\n\n<div class=\"wp-block-image\"><figure class=\"aligncenter size-large is-resized\"><img loading=\"lazy\" decoding=\"async\" src=\"https:\/\/jornalfatosenoticias.com.br\/wp-content\/uploads\/2022\/02\/Precisao-Contabilidade-1024x724.jpg\" alt=\"\" class=\"wp-image-28088\" width=\"261\" height=\"185\"\/><\/figure><\/div>\n\n\n\n<h3 class=\"wp-block-heading\"><span class=\"has-inline-color has-vivid-red-color\">Como evitar as infec\u00e7\u00f5es?<\/span><\/h3>\n\n\n\n<div class=\"wp-block-image\"><figure class=\"aligncenter size-large\"><img loading=\"lazy\" decoding=\"async\" width=\"1000\" height=\"666\" src=\"https:\/\/jornalfatosenoticias.com.br\/wp-content\/uploads\/2023\/03\/ameba3.jpeg\" alt=\"\" class=\"wp-image-39370\" srcset=\"https:\/\/jornalfatosenoticias.com.br\/wp-content\/uploads\/2023\/03\/ameba3.jpeg 1000w, https:\/\/jornalfatosenoticias.com.br\/wp-content\/uploads\/2023\/03\/ameba3-300x200.jpeg 300w, https:\/\/jornalfatosenoticias.com.br\/wp-content\/uploads\/2023\/03\/ameba3-768x511.jpeg 768w\" sizes=\"auto, (max-width: 1000px) 100vw, 1000px\" \/><figcaption><em><span class=\"has-inline-color has-black-color\">(Foto: iStock)<\/span><\/em><\/figcaption><\/figure><\/div>\n\n\n\n<div class=\"wp-block-image\"><figure class=\"aligncenter size-large is-resized\"><img loading=\"lazy\" decoding=\"async\" src=\"https:\/\/jornalfatosenoticias.com.br\/wp-content\/uploads\/2022\/07\/Logo-Grupo-SEI.jpg\" alt=\"\" class=\"wp-image-31973\" width=\"299\" height=\"157\" srcset=\"https:\/\/jornalfatosenoticias.com.br\/wp-content\/uploads\/2022\/07\/Logo-Grupo-SEI.jpg 713w, https:\/\/jornalfatosenoticias.com.br\/wp-content\/uploads\/2022\/07\/Logo-Grupo-SEI-300x158.jpg 300w\" sizes=\"auto, (max-width: 299px) 100vw, 299px\" \/><\/figure><\/div>\n\n\n\n<p>J\u00e1 que esta \u00e9 uma doen\u00e7a contra\u00edda pelo nariz, a forma de prevenir a infec\u00e7\u00e3o \u00e9 nunca fazer a lavagem das narinas com \u00e1gua de torneira n\u00e3o tratada. Ao inv\u00e9s disso, deve-se usar \u00e1gua pot\u00e1vel ou destilada, ou soro fisiol\u00f3gico. Recomenda-se tamb\u00e9m ferver a \u00e1gua da torneira antes de usar.<\/p>\n\n\n\n<div class=\"wp-block-image\"><figure class=\"aligncenter size-large\"><img decoding=\"async\" src=\"https:\/\/jornalfatosenoticias.com.br\/wp-content\/uploads\/2020\/02\/barao-das-carnes-300x164-1.jpg\" alt=\"\" class=\"wp-image-34339\"\/><\/figure><\/div>\n\n\n\n<p>Para aumentar o cuidado, as pessoas tamb\u00e9m est\u00e3o sendo aconselhadas a n\u00e3o mergulhar o nariz na \u00e1gua em piscinas, lagos ou mesmo no banho. Contudo, n\u00e3o h\u00e1 motivo para p\u00e2nico, pois este parasita \u00e9 facilmente retirado do ambiente com os cuidados de sa\u00fade adequados.<\/p>\n\n\n\n<div class=\"wp-block-image\"><figure class=\"aligncenter size-large\"><img loading=\"lazy\" decoding=\"async\" width=\"300\" height=\"250\" src=\"https:\/\/jornalfatosenoticias.com.br\/wp-content\/uploads\/2022\/02\/Banner-2.png\" alt=\"\" class=\"wp-image-27877\"\/><\/figure><\/div>\n\n\n\n<p>No caso da infec\u00e7\u00e3o, o tratamento \u00e9 feito com o uso de <a href=\"https:\/\/www.megacurioso.com.br\/ciencia\/121315-da-penicilina-a-amoxicilina-conheca-a-historia-dos-antibioticos.htm\" rel=\"noreferrer noopener\" target=\"_blank\">antibi\u00f3ticos<\/a>. A doen\u00e7a n\u00e3o \u00e9 contagiosa, ou seja, n\u00e3o pode ser transmitida de uma pessoa para outra. A gravidade dos casos se deve \u00e0 dificuldade de chegar a um diagn\u00f3stico.<\/p>\n\n\n\n<div class=\"wp-block-image\"><figure class=\"aligncenter size-large\"><img loading=\"lazy\" decoding=\"async\" width=\"1024\" height=\"111\" src=\"https:\/\/jornalfatosenoticias.com.br\/wp-content\/uploads\/2020\/02\/WhatsApp-Image-2022-09-23-at-12.09.18-1024x111.jpeg\" alt=\"\" class=\"wp-image-34527\" srcset=\"https:\/\/jornalfatosenoticias.com.br\/wp-content\/uploads\/2020\/02\/WhatsApp-Image-2022-09-23-at-12.09.18-1024x111.jpeg 1024w, https:\/\/jornalfatosenoticias.com.br\/wp-content\/uploads\/2020\/02\/WhatsApp-Image-2022-09-23-at-12.09.18-300x32.jpeg 300w, https:\/\/jornalfatosenoticias.com.br\/wp-content\/uploads\/2020\/02\/WhatsApp-Image-2022-09-23-at-12.09.18-768x83.jpeg 768w, https:\/\/jornalfatosenoticias.com.br\/wp-content\/uploads\/2020\/02\/WhatsApp-Image-2022-09-23-at-12.09.18.jpeg 1121w\" sizes=\"auto, (max-width: 1024px) 100vw, 1024px\" \/><\/figure><\/div>\n\n\n\n<p>Especialistas dizem que existem amebas de vida livre no Brasil \u2014 incluindo a <em>Naegleria fowleri. <\/em>No entanto, n\u00e3o h\u00e1 registros de casos de contamina\u00e7\u00e3o em humanos por aqui. Em 2009, foi confirmada na Para\u00edba a morte de um bezerro por meningoencefalite.<\/p>\n\n\n\n<p><strong><em>Fonte: <a href=\"https:\/\/www.megacurioso.com.br\/saude-bem-estar\/124503-ameba-comedora-de-cerebros-mata-pessoa-na-florida.htm\">Mega Curioso<\/a><\/em><\/strong><\/p>\n","protected":false},"excerpt":{"rendered":"<p>Uma pessoa residente da Fl\u00f3rida, nos Estados Unidos, morreu ap\u00f3s ser infectada por uma ameba unicelular rara capaz de comer o c\u00e9rebro humano. Segundo especialistas em sa\u00fade do condado de Charlotte, localizado no sudoeste da Fl\u00f3rida, a v\u00edtima foi provavelmente contaminada ao lavar as narinas com \u00e1gua da torneira. O caso da infec\u00e7\u00e3o foi reportado [&hellip;]<\/p>\n","protected":false},"author":2,"featured_media":39371,"comment_status":"open","ping_status":"open","sticky":false,"template":"","format":"standard","meta":{"footnotes":""},"categories":[41],"tags":[55,18415,2445,2148,74,565],"class_list":["post-39368","post","type-post","status-publish","format-standard","has-post-thumbnail","hentry","category-internacional","tag-bacterias","tag-bacterias-e-protozoarios","tag-biologia","tag-medicina","tag-saude","tag-virus"],"yoast_head":"<!-- This site is optimized with the Yoast SEO plugin v26.5 - https:\/\/yoast.com\/wordpress\/plugins\/seo\/ -->\n<title>Ameba &#039;comedora de c\u00e9rebros&#039; mata mais uma pessoa na Fl\u00f3rida - Jornal Fatos e Not\u00edcias<\/title>\n<meta name=\"robots\" content=\"index, follow, max-snippet:-1, max-image-preview:large, max-video-preview:-1\" \/>\n<link rel=\"canonical\" href=\"https:\/\/jornalfatosenoticias.com.br\/index.php\/2023\/03\/07\/ameba-comedora-de-cerebros-mata-mais-uma-pessoa-na-florida\/\" \/>\n<meta property=\"og:locale\" content=\"pt_BR\" \/>\n<meta property=\"og:type\" content=\"article\" \/>\n<meta property=\"og:title\" content=\"Ameba &#039;comedora de c\u00e9rebros&#039; mata mais uma pessoa na Fl\u00f3rida - Jornal Fatos e Not\u00edcias\" \/>\n<meta property=\"og:description\" content=\"Uma pessoa residente da Fl\u00f3rida, nos Estados Unidos, morreu ap\u00f3s ser infectada por uma ameba unicelular rara capaz de comer o c\u00e9rebro humano. Segundo especialistas em sa\u00fade do condado de Charlotte, localizado no sudoeste da Fl\u00f3rida, a v\u00edtima foi provavelmente contaminada ao lavar as narinas com \u00e1gua da torneira. O caso da infec\u00e7\u00e3o foi reportado [&hellip;]\" \/>\n<meta property=\"og:url\" content=\"https:\/\/jornalfatosenoticias.com.br\/index.php\/2023\/03\/07\/ameba-comedora-de-cerebros-mata-mais-uma-pessoa-na-florida\/\" \/>\n<meta property=\"og:site_name\" content=\"Jornal Fatos e Not\u00edcias\" \/>\n<meta property=\"article:published_time\" content=\"2023-03-07T15:36:59+00:00\" \/>\n<meta property=\"article:modified_time\" content=\"2023-03-07T15:37:01+00:00\" \/>\n<meta property=\"og:image\" content=\"https:\/\/jornalfatosenoticias.com.br\/wp-content\/uploads\/2023\/03\/ameba-comedora-de-cerebro1.jpg\" \/>\n\t<meta property=\"og:image:width\" content=\"1000\" \/>\n\t<meta property=\"og:image:height\" content=\"333\" \/>\n\t<meta property=\"og:image:type\" content=\"image\/jpeg\" \/>\n<meta name=\"author\" content=\"Luzimara Fernandes\" \/>\n<meta name=\"twitter:card\" content=\"summary_large_image\" \/>\n<meta name=\"twitter:label1\" content=\"Escrito por\" \/>\n\t<meta name=\"twitter:data1\" content=\"Luzimara Fernandes\" \/>\n\t<meta name=\"twitter:label2\" content=\"Est. tempo de leitura\" \/>\n\t<meta name=\"twitter:data2\" content=\"3 minutos\" \/>\n<script type=\"application\/ld+json\" class=\"yoast-schema-graph\">{\"@context\":\"https:\/\/schema.org\",\"@graph\":[{\"@type\":\"Article\",\"@id\":\"https:\/\/jornalfatosenoticias.com.br\/index.php\/2023\/03\/07\/ameba-comedora-de-cerebros-mata-mais-uma-pessoa-na-florida\/#article\",\"isPartOf\":{\"@id\":\"https:\/\/jornalfatosenoticias.com.br\/index.php\/2023\/03\/07\/ameba-comedora-de-cerebros-mata-mais-uma-pessoa-na-florida\/\"},\"author\":{\"name\":\"Luzimara Fernandes\",\"@id\":\"https:\/\/jornalfatosenoticias.com.br\/#\/schema\/person\/d63837fa13ac8666eb9e74e0985d6f81\"},\"headline\":\"Ameba &#8216;comedora de c\u00e9rebros&#8217; mata mais uma pessoa na Fl\u00f3rida\",\"datePublished\":\"2023-03-07T15:36:59+00:00\",\"dateModified\":\"2023-03-07T15:37:01+00:00\",\"mainEntityOfPage\":{\"@id\":\"https:\/\/jornalfatosenoticias.com.br\/index.php\/2023\/03\/07\/ameba-comedora-de-cerebros-mata-mais-uma-pessoa-na-florida\/\"},\"wordCount\":564,\"commentCount\":0,\"publisher\":{\"@id\":\"https:\/\/jornalfatosenoticias.com.br\/#organization\"},\"image\":{\"@id\":\"https:\/\/jornalfatosenoticias.com.br\/index.php\/2023\/03\/07\/ameba-comedora-de-cerebros-mata-mais-uma-pessoa-na-florida\/#primaryimage\"},\"thumbnailUrl\":\"https:\/\/jornalfatosenoticias.com.br\/wp-content\/uploads\/2023\/03\/ameba-comedora-de-cerebro1.jpg\",\"keywords\":[\"bact\u00e9rias\",\"bact\u00e9rias e protozo\u00e1rios\",\"biologia\",\"medicina\",\"sa\u00fade\",\"v\u00edrus\"],\"articleSection\":[\"Internacional\"],\"inLanguage\":\"pt-BR\",\"potentialAction\":[{\"@type\":\"CommentAction\",\"name\":\"Comment\",\"target\":[\"https:\/\/jornalfatosenoticias.com.br\/index.php\/2023\/03\/07\/ameba-comedora-de-cerebros-mata-mais-uma-pessoa-na-florida\/#respond\"]}]},{\"@type\":\"WebPage\",\"@id\":\"https:\/\/jornalfatosenoticias.com.br\/index.php\/2023\/03\/07\/ameba-comedora-de-cerebros-mata-mais-uma-pessoa-na-florida\/\",\"url\":\"https:\/\/jornalfatosenoticias.com.br\/index.php\/2023\/03\/07\/ameba-comedora-de-cerebros-mata-mais-uma-pessoa-na-florida\/\",\"name\":\"Ameba 'comedora de c\u00e9rebros' mata mais uma pessoa na Fl\u00f3rida - Jornal Fatos e Not\u00edcias\",\"isPartOf\":{\"@id\":\"https:\/\/jornalfatosenoticias.com.br\/#website\"},\"primaryImageOfPage\":{\"@id\":\"https:\/\/jornalfatosenoticias.com.br\/index.php\/2023\/03\/07\/ameba-comedora-de-cerebros-mata-mais-uma-pessoa-na-florida\/#primaryimage\"},\"image\":{\"@id\":\"https:\/\/jornalfatosenoticias.com.br\/index.php\/2023\/03\/07\/ameba-comedora-de-cerebros-mata-mais-uma-pessoa-na-florida\/#primaryimage\"},\"thumbnailUrl\":\"https:\/\/jornalfatosenoticias.com.br\/wp-content\/uploads\/2023\/03\/ameba-comedora-de-cerebro1.jpg\",\"datePublished\":\"2023-03-07T15:36:59+00:00\",\"dateModified\":\"2023-03-07T15:37:01+00:00\",\"breadcrumb\":{\"@id\":\"https:\/\/jornalfatosenoticias.com.br\/index.php\/2023\/03\/07\/ameba-comedora-de-cerebros-mata-mais-uma-pessoa-na-florida\/#breadcrumb\"},\"inLanguage\":\"pt-BR\",\"potentialAction\":[{\"@type\":\"ReadAction\",\"target\":[\"https:\/\/jornalfatosenoticias.com.br\/index.php\/2023\/03\/07\/ameba-comedora-de-cerebros-mata-mais-uma-pessoa-na-florida\/\"]}]},{\"@type\":\"ImageObject\",\"inLanguage\":\"pt-BR\",\"@id\":\"https:\/\/jornalfatosenoticias.com.br\/index.php\/2023\/03\/07\/ameba-comedora-de-cerebros-mata-mais-uma-pessoa-na-florida\/#primaryimage\",\"url\":\"https:\/\/jornalfatosenoticias.com.br\/wp-content\/uploads\/2023\/03\/ameba-comedora-de-cerebro1.jpg\",\"contentUrl\":\"https:\/\/jornalfatosenoticias.com.br\/wp-content\/uploads\/2023\/03\/ameba-comedora-de-cerebro1.jpg\",\"width\":1000,\"height\":333},{\"@type\":\"BreadcrumbList\",\"@id\":\"https:\/\/jornalfatosenoticias.com.br\/index.php\/2023\/03\/07\/ameba-comedora-de-cerebros-mata-mais-uma-pessoa-na-florida\/#breadcrumb\",\"itemListElement\":[{\"@type\":\"ListItem\",\"position\":1,\"name\":\"In\u00edcio\",\"item\":\"https:\/\/jornalfatosenoticias.com.br\/\"},{\"@type\":\"ListItem\",\"position\":2,\"name\":\"Ameba &#8216;comedora de c\u00e9rebros&#8217; mata mais uma pessoa na Fl\u00f3rida\"}]},{\"@type\":\"WebSite\",\"@id\":\"https:\/\/jornalfatosenoticias.com.br\/#website\",\"url\":\"https:\/\/jornalfatosenoticias.com.br\/\",\"name\":\"Jornal Fatos e Not\u00edcias\",\"description\":\"Not\u00edcias em geral\",\"publisher\":{\"@id\":\"https:\/\/jornalfatosenoticias.com.br\/#organization\"},\"potentialAction\":[{\"@type\":\"SearchAction\",\"target\":{\"@type\":\"EntryPoint\",\"urlTemplate\":\"https:\/\/jornalfatosenoticias.com.br\/?s={search_term_string}\"},\"query-input\":{\"@type\":\"PropertyValueSpecification\",\"valueRequired\":true,\"valueName\":\"search_term_string\"}}],\"inLanguage\":\"pt-BR\"},{\"@type\":\"Organization\",\"@id\":\"https:\/\/jornalfatosenoticias.com.br\/#organization\",\"name\":\"Jornal Fatos e Not\u00edcias\",\"url\":\"https:\/\/jornalfatosenoticias.com.br\/\",\"logo\":{\"@type\":\"ImageObject\",\"inLanguage\":\"pt-BR\",\"@id\":\"https:\/\/jornalfatosenoticias.com.br\/#\/schema\/logo\/image\/\",\"url\":\"https:\/\/jornalfatosenoticias.com.br\/wp-content\/uploads\/2020\/02\/logo120.png\",\"contentUrl\":\"https:\/\/jornalfatosenoticias.com.br\/wp-content\/uploads\/2020\/02\/logo120.png\",\"width\":1227,\"height\":120,\"caption\":\"Jornal Fatos e Not\u00edcias\"},\"image\":{\"@id\":\"https:\/\/jornalfatosenoticias.com.br\/#\/schema\/logo\/image\/\"}},{\"@type\":\"Person\",\"@id\":\"https:\/\/jornalfatosenoticias.com.br\/#\/schema\/person\/d63837fa13ac8666eb9e74e0985d6f81\",\"name\":\"Luzimara Fernandes\",\"image\":{\"@type\":\"ImageObject\",\"inLanguage\":\"pt-BR\",\"@id\":\"https:\/\/jornalfatosenoticias.com.br\/#\/schema\/person\/image\/\",\"url\":\"https:\/\/jornalfatosenoticias.com.br\/wp-content\/uploads\/2025\/05\/EU_portal.jpg\",\"contentUrl\":\"https:\/\/jornalfatosenoticias.com.br\/wp-content\/uploads\/2025\/05\/EU_portal.jpg\",\"caption\":\"Luzimara Fernandes\"},\"description\":\"Jornalista MTB 2358-ES\",\"sameAs\":[\"https:\/\/jornalfatosenoticias.com.br\"],\"url\":\"https:\/\/jornalfatosenoticias.com.br\/index.php\/author\/luzimara\/\"}]}<\/script>\n<!-- \/ Yoast SEO plugin. -->","yoast_head_json":{"title":"Ameba 'comedora de c\u00e9rebros' mata mais uma pessoa na Fl\u00f3rida - Jornal Fatos e Not\u00edcias","robots":{"index":"index","follow":"follow","max-snippet":"max-snippet:-1","max-image-preview":"max-image-preview:large","max-video-preview":"max-video-preview:-1"},"canonical":"https:\/\/jornalfatosenoticias.com.br\/index.php\/2023\/03\/07\/ameba-comedora-de-cerebros-mata-mais-uma-pessoa-na-florida\/","og_locale":"pt_BR","og_type":"article","og_title":"Ameba 'comedora de c\u00e9rebros' mata mais uma pessoa na Fl\u00f3rida - Jornal Fatos e Not\u00edcias","og_description":"Uma pessoa residente da Fl\u00f3rida, nos Estados Unidos, morreu ap\u00f3s ser infectada por uma ameba unicelular rara capaz de comer o c\u00e9rebro humano. Segundo especialistas em sa\u00fade do condado de Charlotte, localizado no sudoeste da Fl\u00f3rida, a v\u00edtima foi provavelmente contaminada ao lavar as narinas com \u00e1gua da torneira. O caso da infec\u00e7\u00e3o foi reportado [&hellip;]","og_url":"https:\/\/jornalfatosenoticias.com.br\/index.php\/2023\/03\/07\/ameba-comedora-de-cerebros-mata-mais-uma-pessoa-na-florida\/","og_site_name":"Jornal Fatos e Not\u00edcias","article_published_time":"2023-03-07T15:36:59+00:00","article_modified_time":"2023-03-07T15:37:01+00:00","og_image":[{"width":1000,"height":333,"url":"https:\/\/jornalfatosenoticias.com.br\/wp-content\/uploads\/2023\/03\/ameba-comedora-de-cerebro1.jpg","type":"image\/jpeg"}],"author":"Luzimara Fernandes","twitter_card":"summary_large_image","twitter_misc":{"Escrito por":"Luzimara Fernandes","Est. tempo de leitura":"3 minutos"},"schema":{"@context":"https:\/\/schema.org","@graph":[{"@type":"Article","@id":"https:\/\/jornalfatosenoticias.com.br\/index.php\/2023\/03\/07\/ameba-comedora-de-cerebros-mata-mais-uma-pessoa-na-florida\/#article","isPartOf":{"@id":"https:\/\/jornalfatosenoticias.com.br\/index.php\/2023\/03\/07\/ameba-comedora-de-cerebros-mata-mais-uma-pessoa-na-florida\/"},"author":{"name":"Luzimara Fernandes","@id":"https:\/\/jornalfatosenoticias.com.br\/#\/schema\/person\/d63837fa13ac8666eb9e74e0985d6f81"},"headline":"Ameba &#8216;comedora de c\u00e9rebros&#8217; mata mais uma pessoa na Fl\u00f3rida","datePublished":"2023-03-07T15:36:59+00:00","dateModified":"2023-03-07T15:37:01+00:00","mainEntityOfPage":{"@id":"https:\/\/jornalfatosenoticias.com.br\/index.php\/2023\/03\/07\/ameba-comedora-de-cerebros-mata-mais-uma-pessoa-na-florida\/"},"wordCount":564,"commentCount":0,"publisher":{"@id":"https:\/\/jornalfatosenoticias.com.br\/#organization"},"image":{"@id":"https:\/\/jornalfatosenoticias.com.br\/index.php\/2023\/03\/07\/ameba-comedora-de-cerebros-mata-mais-uma-pessoa-na-florida\/#primaryimage"},"thumbnailUrl":"https:\/\/jornalfatosenoticias.com.br\/wp-content\/uploads\/2023\/03\/ameba-comedora-de-cerebro1.jpg","keywords":["bact\u00e9rias","bact\u00e9rias e protozo\u00e1rios","biologia","medicina","sa\u00fade","v\u00edrus"],"articleSection":["Internacional"],"inLanguage":"pt-BR","potentialAction":[{"@type":"CommentAction","name":"Comment","target":["https:\/\/jornalfatosenoticias.com.br\/index.php\/2023\/03\/07\/ameba-comedora-de-cerebros-mata-mais-uma-pessoa-na-florida\/#respond"]}]},{"@type":"WebPage","@id":"https:\/\/jornalfatosenoticias.com.br\/index.php\/2023\/03\/07\/ameba-comedora-de-cerebros-mata-mais-uma-pessoa-na-florida\/","url":"https:\/\/jornalfatosenoticias.com.br\/index.php\/2023\/03\/07\/ameba-comedora-de-cerebros-mata-mais-uma-pessoa-na-florida\/","name":"Ameba 'comedora de c\u00e9rebros' mata mais uma pessoa na Fl\u00f3rida - Jornal Fatos e Not\u00edcias","isPartOf":{"@id":"https:\/\/jornalfatosenoticias.com.br\/#website"},"primaryImageOfPage":{"@id":"https:\/\/jornalfatosenoticias.com.br\/index.php\/2023\/03\/07\/ameba-comedora-de-cerebros-mata-mais-uma-pessoa-na-florida\/#primaryimage"},"image":{"@id":"https:\/\/jornalfatosenoticias.com.br\/index.php\/2023\/03\/07\/ameba-comedora-de-cerebros-mata-mais-uma-pessoa-na-florida\/#primaryimage"},"thumbnailUrl":"https:\/\/jornalfatosenoticias.com.br\/wp-content\/uploads\/2023\/03\/ameba-comedora-de-cerebro1.jpg","datePublished":"2023-03-07T15:36:59+00:00","dateModified":"2023-03-07T15:37:01+00:00","breadcrumb":{"@id":"https:\/\/jornalfatosenoticias.com.br\/index.php\/2023\/03\/07\/ameba-comedora-de-cerebros-mata-mais-uma-pessoa-na-florida\/#breadcrumb"},"inLanguage":"pt-BR","potentialAction":[{"@type":"ReadAction","target":["https:\/\/jornalfatosenoticias.com.br\/index.php\/2023\/03\/07\/ameba-comedora-de-cerebros-mata-mais-uma-pessoa-na-florida\/"]}]},{"@type":"ImageObject","inLanguage":"pt-BR","@id":"https:\/\/jornalfatosenoticias.com.br\/index.php\/2023\/03\/07\/ameba-comedora-de-cerebros-mata-mais-uma-pessoa-na-florida\/#primaryimage","url":"https:\/\/jornalfatosenoticias.com.br\/wp-content\/uploads\/2023\/03\/ameba-comedora-de-cerebro1.jpg","contentUrl":"https:\/\/jornalfatosenoticias.com.br\/wp-content\/uploads\/2023\/03\/ameba-comedora-de-cerebro1.jpg","width":1000,"height":333},{"@type":"BreadcrumbList","@id":"https:\/\/jornalfatosenoticias.com.br\/index.php\/2023\/03\/07\/ameba-comedora-de-cerebros-mata-mais-uma-pessoa-na-florida\/#breadcrumb","itemListElement":[{"@type":"ListItem","position":1,"name":"In\u00edcio","item":"https:\/\/jornalfatosenoticias.com.br\/"},{"@type":"ListItem","position":2,"name":"Ameba &#8216;comedora de c\u00e9rebros&#8217; mata mais uma pessoa na Fl\u00f3rida"}]},{"@type":"WebSite","@id":"https:\/\/jornalfatosenoticias.com.br\/#website","url":"https:\/\/jornalfatosenoticias.com.br\/","name":"Jornal Fatos e Not\u00edcias","description":"Not\u00edcias em geral","publisher":{"@id":"https:\/\/jornalfatosenoticias.com.br\/#organization"},"potentialAction":[{"@type":"SearchAction","target":{"@type":"EntryPoint","urlTemplate":"https:\/\/jornalfatosenoticias.com.br\/?s={search_term_string}"},"query-input":{"@type":"PropertyValueSpecification","valueRequired":true,"valueName":"search_term_string"}}],"inLanguage":"pt-BR"},{"@type":"Organization","@id":"https:\/\/jornalfatosenoticias.com.br\/#organization","name":"Jornal Fatos e Not\u00edcias","url":"https:\/\/jornalfatosenoticias.com.br\/","logo":{"@type":"ImageObject","inLanguage":"pt-BR","@id":"https:\/\/jornalfatosenoticias.com.br\/#\/schema\/logo\/image\/","url":"https:\/\/jornalfatosenoticias.com.br\/wp-content\/uploads\/2020\/02\/logo120.png","contentUrl":"https:\/\/jornalfatosenoticias.com.br\/wp-content\/uploads\/2020\/02\/logo120.png","width":1227,"height":120,"caption":"Jornal Fatos e Not\u00edcias"},"image":{"@id":"https:\/\/jornalfatosenoticias.com.br\/#\/schema\/logo\/image\/"}},{"@type":"Person","@id":"https:\/\/jornalfatosenoticias.com.br\/#\/schema\/person\/d63837fa13ac8666eb9e74e0985d6f81","name":"Luzimara Fernandes","image":{"@type":"ImageObject","inLanguage":"pt-BR","@id":"https:\/\/jornalfatosenoticias.com.br\/#\/schema\/person\/image\/","url":"https:\/\/jornalfatosenoticias.com.br\/wp-content\/uploads\/2025\/05\/EU_portal.jpg","contentUrl":"https:\/\/jornalfatosenoticias.com.br\/wp-content\/uploads\/2025\/05\/EU_portal.jpg","caption":"Luzimara Fernandes"},"description":"Jornalista MTB 2358-ES","sameAs":["https:\/\/jornalfatosenoticias.com.br"],"url":"https:\/\/jornalfatosenoticias.com.br\/index.php\/author\/luzimara\/"}]}},"cc_featured_image_caption":{"caption_text":"(Foto: Getty Images) ","source_text":"","source_url":""},"jetpack_featured_media_url":"https:\/\/jornalfatosenoticias.com.br\/wp-content\/uploads\/2023\/03\/ameba-comedora-de-cerebro1.jpg","_links":{"self":[{"href":"https:\/\/jornalfatosenoticias.com.br\/index.php\/wp-json\/wp\/v2\/posts\/39368","targetHints":{"allow":["GET"]}}],"collection":[{"href":"https:\/\/jornalfatosenoticias.com.br\/index.php\/wp-json\/wp\/v2\/posts"}],"about":[{"href":"https:\/\/jornalfatosenoticias.com.br\/index.php\/wp-json\/wp\/v2\/types\/post"}],"author":[{"embeddable":true,"href":"https:\/\/jornalfatosenoticias.com.br\/index.php\/wp-json\/wp\/v2\/users\/2"}],"replies":[{"embeddable":true,"href":"https:\/\/jornalfatosenoticias.com.br\/index.php\/wp-json\/wp\/v2\/comments?post=39368"}],"version-history":[{"count":0,"href":"https:\/\/jornalfatosenoticias.com.br\/index.php\/wp-json\/wp\/v2\/posts\/39368\/revisions"}],"wp:featuredmedia":[{"embeddable":true,"href":"https:\/\/jornalfatosenoticias.com.br\/index.php\/wp-json\/wp\/v2\/media\/39371"}],"wp:attachment":[{"href":"https:\/\/jornalfatosenoticias.com.br\/index.php\/wp-json\/wp\/v2\/media?parent=39368"}],"wp:term":[{"taxonomy":"category","embeddable":true,"href":"https:\/\/jornalfatosenoticias.com.br\/index.php\/wp-json\/wp\/v2\/categories?post=39368"},{"taxonomy":"post_tag","embeddable":true,"href":"https:\/\/jornalfatosenoticias.com.br\/index.php\/wp-json\/wp\/v2\/tags?post=39368"}],"curies":[{"name":"wp","href":"https:\/\/api.w.org\/{rel}","templated":true}]}}