{"id":39423,"date":"2023-03-08T12:03:39","date_gmt":"2023-03-08T15:03:39","guid":{"rendered":"https:\/\/jornalfatosenoticias.com.br\/?p=39423"},"modified":"2023-03-08T12:03:40","modified_gmt":"2023-03-08T15:03:40","slug":"ministro-de-lula-defende-descriminalizacao-das-drogas-no-brasil","status":"publish","type":"post","link":"https:\/\/jornalfatosenoticias.com.br\/index.php\/2023\/03\/08\/ministro-de-lula-defende-descriminalizacao-das-drogas-no-brasil\/","title":{"rendered":"Ministro de Lula defende descriminaliza\u00e7\u00e3o das drogas no Brasil"},"content":{"rendered":"\n<p><em><span class=\"has-inline-color has-black-color\">Al\u00e9m de abrir abordagem sobre o tema, S\u00edlvio Almeida defende que o STF julgue uma a\u00e7\u00e3o que est\u00e1 parada na Corte<\/span><\/em><\/p>\n\n\n\n<div class=\"wp-block-image\"><figure class=\"aligncenter size-large is-resized\"><img loading=\"lazy\" decoding=\"async\" src=\"https:\/\/jornalfatosenoticias.com.br\/wp-content\/uploads\/2022\/08\/logo-locau-veiculos-1024x573.png\" alt=\"\" class=\"wp-image-33078\" width=\"261\" height=\"145\"\/><\/figure><\/div>\n\n\n\n<p>O ministro dos Direitos Humanos e Cidadania, S\u00edlvio Almeida, afirmou que a descriminaliza\u00e7\u00e3o das drogas pode contribuir na redu\u00e7\u00e3o do n\u00famero de presos no Pa\u00eds. A declara\u00e7\u00e3o consta em uma extensa entrevista \u00e0 BBC News Brasil, publicada nesta ter\u00e7a-feira (7).<\/p>\n\n\n\n<blockquote class=\"wp-block-quote is-layout-flow wp-block-quote-is-layout-flow\"><p><span class=\"has-inline-color has-luminous-vivid-orange-color\">Temos de tratar isso como uma quest\u00e3o de sa\u00fade, como uma quest\u00e3o que n\u00e3o se resolve por meio do encarceramento, com pris\u00e3o e com puni\u00e7\u00e3o\u201d, relatou.<\/span><\/p><\/blockquote>\n\n\n\n<div class=\"wp-block-image\"><figure class=\"aligncenter size-large is-resized\"><img loading=\"lazy\" decoding=\"async\" src=\"https:\/\/jornalfatosenoticias.com.br\/wp-content\/uploads\/2022\/10\/RC_800x750_page-0001.jpg\" alt=\"\" class=\"wp-image-35338\" width=\"254\" height=\"238\" srcset=\"https:\/\/jornalfatosenoticias.com.br\/wp-content\/uploads\/2022\/10\/RC_800x750_page-0001.jpg 400w, https:\/\/jornalfatosenoticias.com.br\/wp-content\/uploads\/2022\/10\/RC_800x750_page-0001-300x281.jpg 300w\" sizes=\"auto, (max-width: 254px) 100vw, 254px\" \/><\/figure><\/div>\n\n\n\n<p>Segundo Almeida, Luiz In\u00e1cio Lula da Silva (PT) j\u00e1 solicitou provid\u00eancias sobre o sistema carcer\u00e1rio. De acordo com o ministro, \u201ca din\u00e2mica do Estado brasileiro se desenvolveu a partir de uma falsa ideia de que a puni\u00e7\u00e3o seria, de alguma forma, o elemento fundamental do combate \u00e0 criminalidade\u201d.<\/p>\n\n\n\n<div class=\"wp-block-image\"><figure class=\"aligncenter size-large is-resized\"><img loading=\"lazy\" decoding=\"async\" src=\"https:\/\/jornalfatosenoticias.com.br\/wp-content\/uploads\/2020\/02\/nova-logo-Marquetti.jpg\" alt=\"\" class=\"wp-image-22331\" width=\"270\" height=\"181\" srcset=\"https:\/\/jornalfatosenoticias.com.br\/wp-content\/uploads\/2020\/02\/nova-logo-Marquetti.jpg 643w, https:\/\/jornalfatosenoticias.com.br\/wp-content\/uploads\/2020\/02\/nova-logo-Marquetti-300x202.jpg 300w\" sizes=\"auto, (max-width: 270px) 100vw, 270px\" \/><\/figure><\/div>\n\n\n\n<blockquote class=\"wp-block-quote is-layout-flow wp-block-quote-is-layout-flow\"><p><span class=\"has-inline-color has-luminous-vivid-orange-color\">Lula falou especificamente comigo sobre isso e me pediu que n\u00f3s pud\u00e9ssemos pensar no \u00e2mbito em formas de fazer com que as pessoas que est\u00e3o presas e que n\u00e3o deveriam mais estar possam sair do sistema carcer\u00e1rio&#8221;, admitiu.<\/span><\/p><\/blockquote>\n\n\n\n<div class=\"wp-block-image\"><figure class=\"aligncenter size-large is-resized\"><img loading=\"lazy\" decoding=\"async\" src=\"https:\/\/jornalfatosenoticias.com.br\/wp-content\/uploads\/2020\/02\/logo-Panper_portal.jpg\" alt=\"\" class=\"wp-image-34474\" width=\"306\" height=\"212\" srcset=\"https:\/\/jornalfatosenoticias.com.br\/wp-content\/uploads\/2020\/02\/logo-Panper_portal.jpg 400w, https:\/\/jornalfatosenoticias.com.br\/wp-content\/uploads\/2020\/02\/logo-Panper_portal-300x208.jpg 300w\" sizes=\"auto, (max-width: 306px) 100vw, 306px\" \/><\/figure><\/div>\n\n\n\n<p>Questionado se \u00e9 a favor da descriminaliza\u00e7\u00e3o das drogas, Almeida respondeu: \u201cSou a favor. A guerra \u00e0s drogas \u00e9 um preju\u00edzo mortal\u201d. &#8220;Eu acho que a guerra \u00e0s drogas, a forma com que se combatem \u00e0s drogas causa um preju\u00edzo irrepar\u00e1vel na sociedade brasileira&#8221;, prosseguiu.<\/p>\n\n\n\n<div class=\"wp-block-image\"><figure class=\"aligncenter size-large\"><img loading=\"lazy\" decoding=\"async\" width=\"300\" height=\"222\" src=\"https:\/\/jornalfatosenoticias.com.br\/wp-content\/uploads\/2023\/03\/logo_Juliana-Graca.jpg\" alt=\"\" class=\"wp-image-39283\"\/><\/figure><\/div>\n\n\n\n<blockquote class=\"wp-block-quote is-layout-flow wp-block-quote-is-layout-flow\"><p><span class=\"has-inline-color has-luminous-vivid-orange-color\">Para ele, a quest\u00e3o das drogas n\u00e3o se resolve com pris\u00e3o ou puni\u00e7\u00e3o. &#8220;Pautado na experi\u00eancia, na experi\u00eancia de outros pa\u00edses, temos de tratar isso como uma quest\u00e3o de sa\u00fade p\u00fablica, como uma quest\u00e3o que n\u00e3o se resolve por meio do encarceramento, com pris\u00e3o e com puni\u00e7\u00e3o&#8221;, completou.<\/span><\/p><\/blockquote>\n\n\n\n<div class=\"wp-block-image\"><figure class=\"aligncenter size-large\"><img loading=\"lazy\" decoding=\"async\" width=\"300\" height=\"250\" src=\"https:\/\/jornalfatosenoticias.com.br\/wp-content\/uploads\/2022\/02\/Banner-2.png\" alt=\"\" class=\"wp-image-27877\"\/><\/figure><\/div>\n\n\n\n<p>Em outro momento da entrevista, S\u00edlvio Almeida tamb\u00e9m resolveu comentar sobre que est\u00e1 tramitando no Supremo Tribunal Federal (STF) desde 2015 e visa a descriminaliza\u00e7\u00e3o das drogas.<\/p>\n\n\n\n<blockquote class=\"wp-block-quote is-layout-flow wp-block-quote-is-layout-flow\"><p><span class=\"has-inline-color has-luminous-vivid-orange-color\">Eu, particularmente, sou favor\u00e1vel a que essa a\u00e7\u00e3o seja julgada, e que essa quest\u00e3o seja resolvida no Brasil&#8221;, definiu.<\/span><\/p><\/blockquote>\n\n\n\n<div class=\"wp-block-image\"><figure class=\"aligncenter size-large\"><img decoding=\"async\" src=\"https:\/\/jornalfatosenoticias.com.br\/wp-content\/uploads\/2020\/02\/barao-das-carnes-300x164-1.jpg\" alt=\"\" class=\"wp-image-34339\"\/><\/figure><\/div>\n\n\n\n<p><strong><em>Fonte: <a href=\"https:\/\/www.conexaopolitica.com.br\/executivo\/2023\/03\/07\/ministro-de-lula-defende-descriminalizacao-das-drogas-no-brasil\/\">Conex\u00e3o Pol\u00edtica<\/a><\/em><\/strong><\/p>\n","protected":false},"excerpt":{"rendered":"<p>Al\u00e9m de abrir abordagem sobre o tema, S\u00edlvio Almeida defende que o STF julgue uma a\u00e7\u00e3o que est\u00e1 parada na Corte O ministro dos Direitos Humanos e Cidadania, S\u00edlvio Almeida, afirmou que a descriminaliza\u00e7\u00e3o das drogas pode contribuir na redu\u00e7\u00e3o do n\u00famero de presos no Pa\u00eds. A declara\u00e7\u00e3o consta em uma extensa entrevista \u00e0 BBC [&hellip;]<\/p>\n","protected":false},"author":2,"featured_media":39424,"comment_status":"open","ping_status":"open","sticky":false,"template":"","format":"standard","meta":{"footnotes":""},"categories":[10],"tags":[18433,18432,18343,18435,18434],"class_list":["post-39423","post","type-post","status-publish","format-standard","has-post-thumbnail","hentry","category-politica","tag-descriminalizacao-das-drogas","tag-e-o-fim-do-mundo","tag-governo-lula","tag-ministro-de-lula","tag-silvio-almeida"],"yoast_head":"<!-- This site is optimized with the Yoast SEO plugin v26.5 - https:\/\/yoast.com\/wordpress\/plugins\/seo\/ -->\n<title>Ministro de Lula defende descriminaliza\u00e7\u00e3o das drogas no Brasil - Jornal Fatos e Not\u00edcias<\/title>\n<meta name=\"robots\" content=\"index, follow, max-snippet:-1, max-image-preview:large, max-video-preview:-1\" \/>\n<link rel=\"canonical\" href=\"https:\/\/jornalfatosenoticias.com.br\/index.php\/2023\/03\/08\/ministro-de-lula-defende-descriminalizacao-das-drogas-no-brasil\/\" \/>\n<meta property=\"og:locale\" content=\"pt_BR\" \/>\n<meta property=\"og:type\" content=\"article\" \/>\n<meta property=\"og:title\" content=\"Ministro de Lula defende descriminaliza\u00e7\u00e3o das drogas no Brasil - Jornal Fatos e Not\u00edcias\" \/>\n<meta property=\"og:description\" content=\"Al\u00e9m de abrir abordagem sobre o tema, S\u00edlvio Almeida defende que o STF julgue uma a\u00e7\u00e3o que est\u00e1 parada na Corte O ministro dos Direitos Humanos e Cidadania, S\u00edlvio Almeida, afirmou que a descriminaliza\u00e7\u00e3o das drogas pode contribuir na redu\u00e7\u00e3o do n\u00famero de presos no Pa\u00eds. A declara\u00e7\u00e3o consta em uma extensa entrevista \u00e0 BBC [&hellip;]\" \/>\n<meta property=\"og:url\" content=\"https:\/\/jornalfatosenoticias.com.br\/index.php\/2023\/03\/08\/ministro-de-lula-defende-descriminalizacao-das-drogas-no-brasil\/\" \/>\n<meta property=\"og:site_name\" content=\"Jornal Fatos e Not\u00edcias\" \/>\n<meta property=\"article:published_time\" content=\"2023-03-08T15:03:39+00:00\" \/>\n<meta property=\"article:modified_time\" content=\"2023-03-08T15:03:40+00:00\" \/>\n<meta property=\"og:image\" content=\"https:\/\/jornalfatosenoticias.com.br\/wp-content\/uploads\/2023\/03\/ministro-molusco.jpg\" \/>\n\t<meta property=\"og:image:width\" content=\"1000\" \/>\n\t<meta property=\"og:image:height\" content=\"666\" \/>\n\t<meta property=\"og:image:type\" content=\"image\/jpeg\" \/>\n<meta name=\"author\" content=\"Luzimara Fernandes\" \/>\n<meta name=\"twitter:card\" content=\"summary_large_image\" \/>\n<meta name=\"twitter:label1\" content=\"Escrito por\" \/>\n\t<meta name=\"twitter:data1\" content=\"Luzimara Fernandes\" \/>\n\t<meta name=\"twitter:label2\" content=\"Est. tempo de leitura\" \/>\n\t<meta name=\"twitter:data2\" content=\"2 minutos\" \/>\n<script type=\"application\/ld+json\" class=\"yoast-schema-graph\">{\"@context\":\"https:\/\/schema.org\",\"@graph\":[{\"@type\":\"Article\",\"@id\":\"https:\/\/jornalfatosenoticias.com.br\/index.php\/2023\/03\/08\/ministro-de-lula-defende-descriminalizacao-das-drogas-no-brasil\/#article\",\"isPartOf\":{\"@id\":\"https:\/\/jornalfatosenoticias.com.br\/index.php\/2023\/03\/08\/ministro-de-lula-defende-descriminalizacao-das-drogas-no-brasil\/\"},\"author\":{\"name\":\"Luzimara Fernandes\",\"@id\":\"https:\/\/jornalfatosenoticias.com.br\/#\/schema\/person\/d63837fa13ac8666eb9e74e0985d6f81\"},\"headline\":\"Ministro de Lula defende descriminaliza\u00e7\u00e3o das drogas no Brasil\",\"datePublished\":\"2023-03-08T15:03:39+00:00\",\"dateModified\":\"2023-03-08T15:03:40+00:00\",\"mainEntityOfPage\":{\"@id\":\"https:\/\/jornalfatosenoticias.com.br\/index.php\/2023\/03\/08\/ministro-de-lula-defende-descriminalizacao-das-drogas-no-brasil\/\"},\"wordCount\":371,\"commentCount\":0,\"publisher\":{\"@id\":\"https:\/\/jornalfatosenoticias.com.br\/#organization\"},\"image\":{\"@id\":\"https:\/\/jornalfatosenoticias.com.br\/index.php\/2023\/03\/08\/ministro-de-lula-defende-descriminalizacao-das-drogas-no-brasil\/#primaryimage\"},\"thumbnailUrl\":\"https:\/\/jornalfatosenoticias.com.br\/wp-content\/uploads\/2023\/03\/ministro-molusco.jpg\",\"keywords\":[\"descriminaliza\u00e7\u00e3o das drogas\",\"\u00e9 o fim do mundo\",\"governo Lula\",\"ministro de Lula\",\"S\u00edlvio Almeida\"],\"articleSection\":[\"Pol\u00edtica\"],\"inLanguage\":\"pt-BR\",\"potentialAction\":[{\"@type\":\"CommentAction\",\"name\":\"Comment\",\"target\":[\"https:\/\/jornalfatosenoticias.com.br\/index.php\/2023\/03\/08\/ministro-de-lula-defende-descriminalizacao-das-drogas-no-brasil\/#respond\"]}]},{\"@type\":\"WebPage\",\"@id\":\"https:\/\/jornalfatosenoticias.com.br\/index.php\/2023\/03\/08\/ministro-de-lula-defende-descriminalizacao-das-drogas-no-brasil\/\",\"url\":\"https:\/\/jornalfatosenoticias.com.br\/index.php\/2023\/03\/08\/ministro-de-lula-defende-descriminalizacao-das-drogas-no-brasil\/\",\"name\":\"Ministro de Lula defende descriminaliza\u00e7\u00e3o das drogas no Brasil - Jornal Fatos e Not\u00edcias\",\"isPartOf\":{\"@id\":\"https:\/\/jornalfatosenoticias.com.br\/#website\"},\"primaryImageOfPage\":{\"@id\":\"https:\/\/jornalfatosenoticias.com.br\/index.php\/2023\/03\/08\/ministro-de-lula-defende-descriminalizacao-das-drogas-no-brasil\/#primaryimage\"},\"image\":{\"@id\":\"https:\/\/jornalfatosenoticias.com.br\/index.php\/2023\/03\/08\/ministro-de-lula-defende-descriminalizacao-das-drogas-no-brasil\/#primaryimage\"},\"thumbnailUrl\":\"https:\/\/jornalfatosenoticias.com.br\/wp-content\/uploads\/2023\/03\/ministro-molusco.jpg\",\"datePublished\":\"2023-03-08T15:03:39+00:00\",\"dateModified\":\"2023-03-08T15:03:40+00:00\",\"breadcrumb\":{\"@id\":\"https:\/\/jornalfatosenoticias.com.br\/index.php\/2023\/03\/08\/ministro-de-lula-defende-descriminalizacao-das-drogas-no-brasil\/#breadcrumb\"},\"inLanguage\":\"pt-BR\",\"potentialAction\":[{\"@type\":\"ReadAction\",\"target\":[\"https:\/\/jornalfatosenoticias.com.br\/index.php\/2023\/03\/08\/ministro-de-lula-defende-descriminalizacao-das-drogas-no-brasil\/\"]}]},{\"@type\":\"ImageObject\",\"inLanguage\":\"pt-BR\",\"@id\":\"https:\/\/jornalfatosenoticias.com.br\/index.php\/2023\/03\/08\/ministro-de-lula-defende-descriminalizacao-das-drogas-no-brasil\/#primaryimage\",\"url\":\"https:\/\/jornalfatosenoticias.com.br\/wp-content\/uploads\/2023\/03\/ministro-molusco.jpg\",\"contentUrl\":\"https:\/\/jornalfatosenoticias.com.br\/wp-content\/uploads\/2023\/03\/ministro-molusco.jpg\",\"width\":1000,\"height\":666},{\"@type\":\"BreadcrumbList\",\"@id\":\"https:\/\/jornalfatosenoticias.com.br\/index.php\/2023\/03\/08\/ministro-de-lula-defende-descriminalizacao-das-drogas-no-brasil\/#breadcrumb\",\"itemListElement\":[{\"@type\":\"ListItem\",\"position\":1,\"name\":\"In\u00edcio\",\"item\":\"https:\/\/jornalfatosenoticias.com.br\/\"},{\"@type\":\"ListItem\",\"position\":2,\"name\":\"Ministro de Lula defende descriminaliza\u00e7\u00e3o das drogas no Brasil\"}]},{\"@type\":\"WebSite\",\"@id\":\"https:\/\/jornalfatosenoticias.com.br\/#website\",\"url\":\"https:\/\/jornalfatosenoticias.com.br\/\",\"name\":\"Jornal Fatos e Not\u00edcias\",\"description\":\"Not\u00edcias em geral\",\"publisher\":{\"@id\":\"https:\/\/jornalfatosenoticias.com.br\/#organization\"},\"potentialAction\":[{\"@type\":\"SearchAction\",\"target\":{\"@type\":\"EntryPoint\",\"urlTemplate\":\"https:\/\/jornalfatosenoticias.com.br\/?s={search_term_string}\"},\"query-input\":{\"@type\":\"PropertyValueSpecification\",\"valueRequired\":true,\"valueName\":\"search_term_string\"}}],\"inLanguage\":\"pt-BR\"},{\"@type\":\"Organization\",\"@id\":\"https:\/\/jornalfatosenoticias.com.br\/#organization\",\"name\":\"Jornal Fatos e Not\u00edcias\",\"url\":\"https:\/\/jornalfatosenoticias.com.br\/\",\"logo\":{\"@type\":\"ImageObject\",\"inLanguage\":\"pt-BR\",\"@id\":\"https:\/\/jornalfatosenoticias.com.br\/#\/schema\/logo\/image\/\",\"url\":\"https:\/\/jornalfatosenoticias.com.br\/wp-content\/uploads\/2020\/02\/logo120.png\",\"contentUrl\":\"https:\/\/jornalfatosenoticias.com.br\/wp-content\/uploads\/2020\/02\/logo120.png\",\"width\":1227,\"height\":120,\"caption\":\"Jornal Fatos e Not\u00edcias\"},\"image\":{\"@id\":\"https:\/\/jornalfatosenoticias.com.br\/#\/schema\/logo\/image\/\"}},{\"@type\":\"Person\",\"@id\":\"https:\/\/jornalfatosenoticias.com.br\/#\/schema\/person\/d63837fa13ac8666eb9e74e0985d6f81\",\"name\":\"Luzimara Fernandes\",\"image\":{\"@type\":\"ImageObject\",\"inLanguage\":\"pt-BR\",\"@id\":\"https:\/\/jornalfatosenoticias.com.br\/#\/schema\/person\/image\/\",\"url\":\"https:\/\/jornalfatosenoticias.com.br\/wp-content\/uploads\/2025\/05\/EU_portal.jpg\",\"contentUrl\":\"https:\/\/jornalfatosenoticias.com.br\/wp-content\/uploads\/2025\/05\/EU_portal.jpg\",\"caption\":\"Luzimara Fernandes\"},\"description\":\"Jornalista MTB 2358-ES\",\"sameAs\":[\"https:\/\/jornalfatosenoticias.com.br\"],\"url\":\"https:\/\/jornalfatosenoticias.com.br\/index.php\/author\/luzimara\/\"}]}<\/script>\n<!-- \/ Yoast SEO plugin. -->","yoast_head_json":{"title":"Ministro de Lula defende descriminaliza\u00e7\u00e3o das drogas no Brasil - Jornal Fatos e Not\u00edcias","robots":{"index":"index","follow":"follow","max-snippet":"max-snippet:-1","max-image-preview":"max-image-preview:large","max-video-preview":"max-video-preview:-1"},"canonical":"https:\/\/jornalfatosenoticias.com.br\/index.php\/2023\/03\/08\/ministro-de-lula-defende-descriminalizacao-das-drogas-no-brasil\/","og_locale":"pt_BR","og_type":"article","og_title":"Ministro de Lula defende descriminaliza\u00e7\u00e3o das drogas no Brasil - Jornal Fatos e Not\u00edcias","og_description":"Al\u00e9m de abrir abordagem sobre o tema, S\u00edlvio Almeida defende que o STF julgue uma a\u00e7\u00e3o que est\u00e1 parada na Corte O ministro dos Direitos Humanos e Cidadania, S\u00edlvio Almeida, afirmou que a descriminaliza\u00e7\u00e3o das drogas pode contribuir na redu\u00e7\u00e3o do n\u00famero de presos no Pa\u00eds. A declara\u00e7\u00e3o consta em uma extensa entrevista \u00e0 BBC [&hellip;]","og_url":"https:\/\/jornalfatosenoticias.com.br\/index.php\/2023\/03\/08\/ministro-de-lula-defende-descriminalizacao-das-drogas-no-brasil\/","og_site_name":"Jornal Fatos e Not\u00edcias","article_published_time":"2023-03-08T15:03:39+00:00","article_modified_time":"2023-03-08T15:03:40+00:00","og_image":[{"width":1000,"height":666,"url":"https:\/\/jornalfatosenoticias.com.br\/wp-content\/uploads\/2023\/03\/ministro-molusco.jpg","type":"image\/jpeg"}],"author":"Luzimara Fernandes","twitter_card":"summary_large_image","twitter_misc":{"Escrito por":"Luzimara Fernandes","Est. tempo de leitura":"2 minutos"},"schema":{"@context":"https:\/\/schema.org","@graph":[{"@type":"Article","@id":"https:\/\/jornalfatosenoticias.com.br\/index.php\/2023\/03\/08\/ministro-de-lula-defende-descriminalizacao-das-drogas-no-brasil\/#article","isPartOf":{"@id":"https:\/\/jornalfatosenoticias.com.br\/index.php\/2023\/03\/08\/ministro-de-lula-defende-descriminalizacao-das-drogas-no-brasil\/"},"author":{"name":"Luzimara Fernandes","@id":"https:\/\/jornalfatosenoticias.com.br\/#\/schema\/person\/d63837fa13ac8666eb9e74e0985d6f81"},"headline":"Ministro de Lula defende descriminaliza\u00e7\u00e3o das drogas no Brasil","datePublished":"2023-03-08T15:03:39+00:00","dateModified":"2023-03-08T15:03:40+00:00","mainEntityOfPage":{"@id":"https:\/\/jornalfatosenoticias.com.br\/index.php\/2023\/03\/08\/ministro-de-lula-defende-descriminalizacao-das-drogas-no-brasil\/"},"wordCount":371,"commentCount":0,"publisher":{"@id":"https:\/\/jornalfatosenoticias.com.br\/#organization"},"image":{"@id":"https:\/\/jornalfatosenoticias.com.br\/index.php\/2023\/03\/08\/ministro-de-lula-defende-descriminalizacao-das-drogas-no-brasil\/#primaryimage"},"thumbnailUrl":"https:\/\/jornalfatosenoticias.com.br\/wp-content\/uploads\/2023\/03\/ministro-molusco.jpg","keywords":["descriminaliza\u00e7\u00e3o das drogas","\u00e9 o fim do mundo","governo Lula","ministro de Lula","S\u00edlvio Almeida"],"articleSection":["Pol\u00edtica"],"inLanguage":"pt-BR","potentialAction":[{"@type":"CommentAction","name":"Comment","target":["https:\/\/jornalfatosenoticias.com.br\/index.php\/2023\/03\/08\/ministro-de-lula-defende-descriminalizacao-das-drogas-no-brasil\/#respond"]}]},{"@type":"WebPage","@id":"https:\/\/jornalfatosenoticias.com.br\/index.php\/2023\/03\/08\/ministro-de-lula-defende-descriminalizacao-das-drogas-no-brasil\/","url":"https:\/\/jornalfatosenoticias.com.br\/index.php\/2023\/03\/08\/ministro-de-lula-defende-descriminalizacao-das-drogas-no-brasil\/","name":"Ministro de Lula defende descriminaliza\u00e7\u00e3o das drogas no Brasil - Jornal Fatos e Not\u00edcias","isPartOf":{"@id":"https:\/\/jornalfatosenoticias.com.br\/#website"},"primaryImageOfPage":{"@id":"https:\/\/jornalfatosenoticias.com.br\/index.php\/2023\/03\/08\/ministro-de-lula-defende-descriminalizacao-das-drogas-no-brasil\/#primaryimage"},"image":{"@id":"https:\/\/jornalfatosenoticias.com.br\/index.php\/2023\/03\/08\/ministro-de-lula-defende-descriminalizacao-das-drogas-no-brasil\/#primaryimage"},"thumbnailUrl":"https:\/\/jornalfatosenoticias.com.br\/wp-content\/uploads\/2023\/03\/ministro-molusco.jpg","datePublished":"2023-03-08T15:03:39+00:00","dateModified":"2023-03-08T15:03:40+00:00","breadcrumb":{"@id":"https:\/\/jornalfatosenoticias.com.br\/index.php\/2023\/03\/08\/ministro-de-lula-defende-descriminalizacao-das-drogas-no-brasil\/#breadcrumb"},"inLanguage":"pt-BR","potentialAction":[{"@type":"ReadAction","target":["https:\/\/jornalfatosenoticias.com.br\/index.php\/2023\/03\/08\/ministro-de-lula-defende-descriminalizacao-das-drogas-no-brasil\/"]}]},{"@type":"ImageObject","inLanguage":"pt-BR","@id":"https:\/\/jornalfatosenoticias.com.br\/index.php\/2023\/03\/08\/ministro-de-lula-defende-descriminalizacao-das-drogas-no-brasil\/#primaryimage","url":"https:\/\/jornalfatosenoticias.com.br\/wp-content\/uploads\/2023\/03\/ministro-molusco.jpg","contentUrl":"https:\/\/jornalfatosenoticias.com.br\/wp-content\/uploads\/2023\/03\/ministro-molusco.jpg","width":1000,"height":666},{"@type":"BreadcrumbList","@id":"https:\/\/jornalfatosenoticias.com.br\/index.php\/2023\/03\/08\/ministro-de-lula-defende-descriminalizacao-das-drogas-no-brasil\/#breadcrumb","itemListElement":[{"@type":"ListItem","position":1,"name":"In\u00edcio","item":"https:\/\/jornalfatosenoticias.com.br\/"},{"@type":"ListItem","position":2,"name":"Ministro de Lula defende descriminaliza\u00e7\u00e3o das drogas no Brasil"}]},{"@type":"WebSite","@id":"https:\/\/jornalfatosenoticias.com.br\/#website","url":"https:\/\/jornalfatosenoticias.com.br\/","name":"Jornal Fatos e Not\u00edcias","description":"Not\u00edcias em geral","publisher":{"@id":"https:\/\/jornalfatosenoticias.com.br\/#organization"},"potentialAction":[{"@type":"SearchAction","target":{"@type":"EntryPoint","urlTemplate":"https:\/\/jornalfatosenoticias.com.br\/?s={search_term_string}"},"query-input":{"@type":"PropertyValueSpecification","valueRequired":true,"valueName":"search_term_string"}}],"inLanguage":"pt-BR"},{"@type":"Organization","@id":"https:\/\/jornalfatosenoticias.com.br\/#organization","name":"Jornal Fatos e Not\u00edcias","url":"https:\/\/jornalfatosenoticias.com.br\/","logo":{"@type":"ImageObject","inLanguage":"pt-BR","@id":"https:\/\/jornalfatosenoticias.com.br\/#\/schema\/logo\/image\/","url":"https:\/\/jornalfatosenoticias.com.br\/wp-content\/uploads\/2020\/02\/logo120.png","contentUrl":"https:\/\/jornalfatosenoticias.com.br\/wp-content\/uploads\/2020\/02\/logo120.png","width":1227,"height":120,"caption":"Jornal Fatos e Not\u00edcias"},"image":{"@id":"https:\/\/jornalfatosenoticias.com.br\/#\/schema\/logo\/image\/"}},{"@type":"Person","@id":"https:\/\/jornalfatosenoticias.com.br\/#\/schema\/person\/d63837fa13ac8666eb9e74e0985d6f81","name":"Luzimara Fernandes","image":{"@type":"ImageObject","inLanguage":"pt-BR","@id":"https:\/\/jornalfatosenoticias.com.br\/#\/schema\/person\/image\/","url":"https:\/\/jornalfatosenoticias.com.br\/wp-content\/uploads\/2025\/05\/EU_portal.jpg","contentUrl":"https:\/\/jornalfatosenoticias.com.br\/wp-content\/uploads\/2025\/05\/EU_portal.jpg","caption":"Luzimara Fernandes"},"description":"Jornalista MTB 2358-ES","sameAs":["https:\/\/jornalfatosenoticias.com.br"],"url":"https:\/\/jornalfatosenoticias.com.br\/index.php\/author\/luzimara\/"}]}},"cc_featured_image_caption":{"caption_text":"(Foto: Clarice Castro\/MDHC) ","source_text":"","source_url":""},"jetpack_featured_media_url":"https:\/\/jornalfatosenoticias.com.br\/wp-content\/uploads\/2023\/03\/ministro-molusco.jpg","_links":{"self":[{"href":"https:\/\/jornalfatosenoticias.com.br\/index.php\/wp-json\/wp\/v2\/posts\/39423","targetHints":{"allow":["GET"]}}],"collection":[{"href":"https:\/\/jornalfatosenoticias.com.br\/index.php\/wp-json\/wp\/v2\/posts"}],"about":[{"href":"https:\/\/jornalfatosenoticias.com.br\/index.php\/wp-json\/wp\/v2\/types\/post"}],"author":[{"embeddable":true,"href":"https:\/\/jornalfatosenoticias.com.br\/index.php\/wp-json\/wp\/v2\/users\/2"}],"replies":[{"embeddable":true,"href":"https:\/\/jornalfatosenoticias.com.br\/index.php\/wp-json\/wp\/v2\/comments?post=39423"}],"version-history":[{"count":0,"href":"https:\/\/jornalfatosenoticias.com.br\/index.php\/wp-json\/wp\/v2\/posts\/39423\/revisions"}],"wp:featuredmedia":[{"embeddable":true,"href":"https:\/\/jornalfatosenoticias.com.br\/index.php\/wp-json\/wp\/v2\/media\/39424"}],"wp:attachment":[{"href":"https:\/\/jornalfatosenoticias.com.br\/index.php\/wp-json\/wp\/v2\/media?parent=39423"}],"wp:term":[{"taxonomy":"category","embeddable":true,"href":"https:\/\/jornalfatosenoticias.com.br\/index.php\/wp-json\/wp\/v2\/categories?post=39423"},{"taxonomy":"post_tag","embeddable":true,"href":"https:\/\/jornalfatosenoticias.com.br\/index.php\/wp-json\/wp\/v2\/tags?post=39423"}],"curies":[{"name":"wp","href":"https:\/\/api.w.org\/{rel}","templated":true}]}}