{"id":39436,"date":"2023-03-08T14:09:36","date_gmt":"2023-03-08T17:09:36","guid":{"rendered":"https:\/\/jornalfatosenoticias.com.br\/?p=39436"},"modified":"2023-03-08T14:09:36","modified_gmt":"2023-03-08T17:09:36","slug":"projeto-salas-laboratorio-e-adotado-em-escola-em-porto-velho","status":"publish","type":"post","link":"https:\/\/jornalfatosenoticias.com.br\/index.php\/2023\/03\/08\/projeto-salas-laboratorio-e-adotado-em-escola-em-porto-velho\/","title":{"rendered":"Projeto salas-laborat\u00f3rio \u00e9 adotado em escola em Porto Velho"},"content":{"rendered":"\n<p><em><span class=\"has-inline-color has-black-color\">Durante o hor\u00e1rio de aula, por meio do sinal sonoro do sino, os alunos identificam que devem trocar de sala<\/span><\/em><\/p>\n\n\n\n<div class=\"wp-block-image\"><figure class=\"aligncenter size-large\"><img decoding=\"async\" src=\"https:\/\/jornalfatosenoticias.com.br\/wp-content\/uploads\/2020\/02\/Banner-Site-1120x120px-1024x110.png\" alt=\"\" class=\"wp-image-38901\"\/><\/figure><\/div>\n\n\n\n<p>O projeto \u201csalas-laborat\u00f3rio\u201d, adotado na Escola Mariana em Porto Velho, surgiu com o objetivo de tornar o ambiente escolar mais tem\u00e1tico, confort\u00e1vel e motivador. A execu\u00e7\u00e3o do projeto que nasceu em 2019, resultou em salas tem\u00e1ticas de qu\u00edmica, matem\u00e1tica, l\u00edngua portuguesa, hist\u00f3ria, ci\u00eancias humanas (sociologia e filosofia), ci\u00eancias da natureza (qu\u00edmica), educa\u00e7\u00e3o f\u00edsica, arte e l\u00edngua estrangeira moderna (ingl\u00eas e espanhol), f\u00edsica, geografia, biologia e ci\u00eancias.<\/p>\n\n\n\n<div class=\"wp-block-image\"><figure class=\"aligncenter size-large is-resized\"><img loading=\"lazy\" decoding=\"async\" src=\"https:\/\/jornalfatosenoticias.com.br\/wp-content\/uploads\/2020\/02\/logo-Panper_portal.jpg\" alt=\"\" class=\"wp-image-34474\" width=\"267\" height=\"185\" srcset=\"https:\/\/jornalfatosenoticias.com.br\/wp-content\/uploads\/2020\/02\/logo-Panper_portal.jpg 400w, https:\/\/jornalfatosenoticias.com.br\/wp-content\/uploads\/2020\/02\/logo-Panper_portal-300x208.jpg 300w\" sizes=\"auto, (max-width: 267px) 100vw, 267px\" \/><\/figure><\/div>\n\n\n\n<blockquote class=\"wp-block-quote is-layout-flow wp-block-quote-is-layout-flow\"><p><span class=\"has-inline-color has-luminous-vivid-orange-color\">A ideia veio dos alunos da Educa\u00e7\u00e3o de Jovens e Adultos (EJA), que logo se uniram aos alunos do Ensino M\u00e9dio. De 2019 pra c\u00e1, envolvemos a comunidade escolar e promovemos reformas, constru\u00e7\u00e3o de m\u00f3veis, pintura e decora\u00e7\u00e3o das salas. Aproveitamos tamb\u00e9m para construir uma horta totalmente org\u00e2nica e reformar o nosso espa\u00e7o de biblioteca, que se tornou digital, com espa\u00e7o para livros e computadores\u201d, explicou a diretora da unidade escolar, M\u00e1rcia Reis.<\/span><\/p><\/blockquote>\n\n\n\n<div class=\"wp-block-image\"><figure class=\"aligncenter size-large is-resized\"><img loading=\"lazy\" decoding=\"async\" src=\"https:\/\/jornalfatosenoticias.com.br\/wp-content\/uploads\/2022\/07\/Logo-Grupo-SEI.jpg\" alt=\"\" class=\"wp-image-31973\" width=\"301\" height=\"158\" srcset=\"https:\/\/jornalfatosenoticias.com.br\/wp-content\/uploads\/2022\/07\/Logo-Grupo-SEI.jpg 713w, https:\/\/jornalfatosenoticias.com.br\/wp-content\/uploads\/2022\/07\/Logo-Grupo-SEI-300x158.jpg 300w\" sizes=\"auto, (max-width: 301px) 100vw, 301px\" \/><\/figure><\/div>\n\n\n\n<p>Durante o hor\u00e1rio de aula, por meio do sinal sonoro do sino, os alunos identificam que devem trocar de sala. Quando chegam ao laborat\u00f3rio se deparam com o professor correspondente \u00e0 mat\u00e9ria. \u201cA troca ocorre de forma c\u00e9lere e organizada\u201d, ressaltou M\u00e1rcia.<br>Para a professora de L\u00edngua Portuguesa, Aleimmar Ferreira, o projeto s\u00f3 veio para agregar: <\/p>\n\n\n\n<div class=\"wp-block-image\"><figure class=\"aligncenter size-large is-resized\"><img loading=\"lazy\" decoding=\"async\" src=\"https:\/\/jornalfatosenoticias.com.br\/wp-content\/uploads\/2022\/10\/Arte-jornal-Zucchi-600x600_Prancheta-1-1024x1024.jpg\" alt=\"\" class=\"wp-image-34782\" width=\"255\" height=\"255\" srcset=\"https:\/\/jornalfatosenoticias.com.br\/wp-content\/uploads\/2022\/10\/Arte-jornal-Zucchi-600x600_Prancheta-1-1024x1024.jpg 1024w, https:\/\/jornalfatosenoticias.com.br\/wp-content\/uploads\/2022\/10\/Arte-jornal-Zucchi-600x600_Prancheta-1-300x300.jpg 300w, https:\/\/jornalfatosenoticias.com.br\/wp-content\/uploads\/2022\/10\/Arte-jornal-Zucchi-600x600_Prancheta-1-150x150.jpg 150w, https:\/\/jornalfatosenoticias.com.br\/wp-content\/uploads\/2022\/10\/Arte-jornal-Zucchi-600x600_Prancheta-1-768x768.jpg 768w, https:\/\/jornalfatosenoticias.com.br\/wp-content\/uploads\/2022\/10\/Arte-jornal-Zucchi-600x600_Prancheta-1.jpg 1250w\" sizes=\"auto, (max-width: 255px) 100vw, 255px\" \/><\/figure><\/div>\n\n\n\n<blockquote class=\"wp-block-quote is-layout-flow wp-block-quote-is-layout-flow\"><p><span class=\"has-inline-color has-luminous-vivid-orange-color\">O aluno mergulha no universo da disciplina. Aqui na sala de portugu\u00eas, por exemplo, temos obras expostas que foram produzidas pelos estudantes durante as aulas. Essa din\u00e2mica se repete em todas as salas-laborat\u00f3rio\u201d.<\/span><\/p><\/blockquote>\n\n\n\n<div class=\"wp-block-image\"><figure class=\"aligncenter size-large\"><img loading=\"lazy\" decoding=\"async\" width=\"300\" height=\"250\" src=\"https:\/\/jornalfatosenoticias.com.br\/wp-content\/uploads\/2022\/02\/FERRARI_MAQUINAS-E-FERRAMENTAS2-1.jpg\" alt=\"\" class=\"wp-image-27955\"\/><\/figure><\/div>\n\n\n\n<p>O governador de Rond\u00f4nia, Marcos Rocha, destacou a iniciativa dos alunos. \u201c\u00c9 extremamente importante que os alunos cuidem do ambiente que diariamente frequentam. Toda a comunidade escolar s\u00f3 tem a ganhar com este projeto\u201d, ressaltou.<br>S\u00e3o 738 alunos e 51 servidores (da dire\u00e7\u00e3o \u00e0 portaria), diretamente envolvidos no projeto, pois todos contribuem mantendo a escola limpa, organizada e decorada. <\/p>\n\n\n\n<div class=\"wp-block-image\"><figure class=\"aligncenter size-large is-resized\"><img loading=\"lazy\" decoding=\"async\" src=\"https:\/\/jornalfatosenoticias.com.br\/wp-content\/uploads\/2020\/02\/logo-embacia.jpg\" alt=\"\" class=\"wp-image-33905\" width=\"251\" height=\"251\"\/><\/figure><\/div>\n\n\n\n<blockquote class=\"wp-block-quote is-layout-flow wp-block-quote-is-layout-flow\"><p><span class=\"has-inline-color has-luminous-vivid-orange-color\">Voc\u00ea s\u00f3 cuida do que \u00e9 coletivo. Envolver os alunos e a comunidade na manuten\u00e7\u00e3o do ambiente escolar traz esse resultado\u201d, ressaltou a diretora.<\/span><\/p><\/blockquote>\n\n\n\n<p><strong><em>Fonte: <a href=\"https:\/\/www.newsrondonia.com.br\/noticia\/219927-projeto-salas-laboratorio-e-adotado-na-escola-mariana-em-porto-velho\">News Rond\u00f4nia<\/a><\/em><\/strong><\/p>\n","protected":false},"excerpt":{"rendered":"<p>Durante o hor\u00e1rio de aula, por meio do sinal sonoro do sino, os alunos identificam que devem trocar de sala O projeto \u201csalas-laborat\u00f3rio\u201d, adotado na Escola Mariana em Porto Velho, surgiu com o objetivo de tornar o ambiente escolar mais tem\u00e1tico, confort\u00e1vel e motivador. A execu\u00e7\u00e3o do projeto que nasceu em 2019, resultou em salas [&hellip;]<\/p>\n","protected":false},"author":2,"featured_media":39437,"comment_status":"open","ping_status":"open","sticky":false,"template":"","format":"standard","meta":{"footnotes":""},"categories":[7],"tags":[649,9319,479,7326,18443,18444],"class_list":["post-39436","post","type-post","status-publish","format-standard","has-post-thumbnail","hentry","category-educacao","tag-alunos","tag-porto-velho","tag-rondonia","tag-sala-de-aula","tag-salas-laboratorio","tag-sinal-sonoro-do-sino"],"yoast_head":"<!-- This site is optimized with the Yoast SEO plugin v26.5 - https:\/\/yoast.com\/wordpress\/plugins\/seo\/ -->\n<title>Projeto salas-laborat\u00f3rio \u00e9 adotado em escola em Porto Velho - Jornal Fatos e Not\u00edcias<\/title>\n<meta name=\"robots\" content=\"index, follow, max-snippet:-1, max-image-preview:large, max-video-preview:-1\" \/>\n<link rel=\"canonical\" href=\"https:\/\/jornalfatosenoticias.com.br\/index.php\/2023\/03\/08\/projeto-salas-laboratorio-e-adotado-em-escola-em-porto-velho\/\" \/>\n<meta property=\"og:locale\" content=\"pt_BR\" \/>\n<meta property=\"og:type\" content=\"article\" \/>\n<meta property=\"og:title\" content=\"Projeto salas-laborat\u00f3rio \u00e9 adotado em escola em Porto Velho - Jornal Fatos e Not\u00edcias\" \/>\n<meta property=\"og:description\" content=\"Durante o hor\u00e1rio de aula, por meio do sinal sonoro do sino, os alunos identificam que devem trocar de sala O projeto \u201csalas-laborat\u00f3rio\u201d, adotado na Escola Mariana em Porto Velho, surgiu com o objetivo de tornar o ambiente escolar mais tem\u00e1tico, confort\u00e1vel e motivador. A execu\u00e7\u00e3o do projeto que nasceu em 2019, resultou em salas [&hellip;]\" \/>\n<meta property=\"og:url\" content=\"https:\/\/jornalfatosenoticias.com.br\/index.php\/2023\/03\/08\/projeto-salas-laboratorio-e-adotado-em-escola-em-porto-velho\/\" \/>\n<meta property=\"og:site_name\" content=\"Jornal Fatos e Not\u00edcias\" \/>\n<meta property=\"article:published_time\" content=\"2023-03-08T17:09:36+00:00\" \/>\n<meta property=\"og:image\" content=\"https:\/\/jornalfatosenoticias.com.br\/wp-content\/uploads\/2023\/03\/SALAS-LABORATORIO_RO.jpg\" \/>\n\t<meta property=\"og:image:width\" content=\"1000\" \/>\n\t<meta property=\"og:image:height\" content=\"666\" \/>\n\t<meta property=\"og:image:type\" content=\"image\/jpeg\" \/>\n<meta name=\"author\" content=\"Luzimara Fernandes\" \/>\n<meta name=\"twitter:card\" content=\"summary_large_image\" \/>\n<meta name=\"twitter:label1\" content=\"Escrito por\" \/>\n\t<meta name=\"twitter:data1\" content=\"Luzimara Fernandes\" \/>\n\t<meta name=\"twitter:label2\" content=\"Est. tempo de leitura\" \/>\n\t<meta name=\"twitter:data2\" content=\"2 minutos\" \/>\n<script type=\"application\/ld+json\" class=\"yoast-schema-graph\">{\"@context\":\"https:\/\/schema.org\",\"@graph\":[{\"@type\":\"Article\",\"@id\":\"https:\/\/jornalfatosenoticias.com.br\/index.php\/2023\/03\/08\/projeto-salas-laboratorio-e-adotado-em-escola-em-porto-velho\/#article\",\"isPartOf\":{\"@id\":\"https:\/\/jornalfatosenoticias.com.br\/index.php\/2023\/03\/08\/projeto-salas-laboratorio-e-adotado-em-escola-em-porto-velho\/\"},\"author\":{\"name\":\"Luzimara Fernandes\",\"@id\":\"https:\/\/jornalfatosenoticias.com.br\/#\/schema\/person\/d63837fa13ac8666eb9e74e0985d6f81\"},\"headline\":\"Projeto salas-laborat\u00f3rio \u00e9 adotado em escola em Porto Velho\",\"datePublished\":\"2023-03-08T17:09:36+00:00\",\"mainEntityOfPage\":{\"@id\":\"https:\/\/jornalfatosenoticias.com.br\/index.php\/2023\/03\/08\/projeto-salas-laboratorio-e-adotado-em-escola-em-porto-velho\/\"},\"wordCount\":378,\"commentCount\":0,\"publisher\":{\"@id\":\"https:\/\/jornalfatosenoticias.com.br\/#organization\"},\"image\":{\"@id\":\"https:\/\/jornalfatosenoticias.com.br\/index.php\/2023\/03\/08\/projeto-salas-laboratorio-e-adotado-em-escola-em-porto-velho\/#primaryimage\"},\"thumbnailUrl\":\"https:\/\/jornalfatosenoticias.com.br\/wp-content\/uploads\/2023\/03\/SALAS-LABORATORIO_RO.jpg\",\"keywords\":[\"alunos\",\"Porto Velho\",\"Rond\u00f4nia\",\"sala de aula\",\"salas-laborat\u00f3rio\",\"sinal sonoro do sino\"],\"articleSection\":[\"Educa\u00e7\u00e3o\"],\"inLanguage\":\"pt-BR\",\"potentialAction\":[{\"@type\":\"CommentAction\",\"name\":\"Comment\",\"target\":[\"https:\/\/jornalfatosenoticias.com.br\/index.php\/2023\/03\/08\/projeto-salas-laboratorio-e-adotado-em-escola-em-porto-velho\/#respond\"]}]},{\"@type\":\"WebPage\",\"@id\":\"https:\/\/jornalfatosenoticias.com.br\/index.php\/2023\/03\/08\/projeto-salas-laboratorio-e-adotado-em-escola-em-porto-velho\/\",\"url\":\"https:\/\/jornalfatosenoticias.com.br\/index.php\/2023\/03\/08\/projeto-salas-laboratorio-e-adotado-em-escola-em-porto-velho\/\",\"name\":\"Projeto salas-laborat\u00f3rio \u00e9 adotado em escola em Porto Velho - Jornal Fatos e Not\u00edcias\",\"isPartOf\":{\"@id\":\"https:\/\/jornalfatosenoticias.com.br\/#website\"},\"primaryImageOfPage\":{\"@id\":\"https:\/\/jornalfatosenoticias.com.br\/index.php\/2023\/03\/08\/projeto-salas-laboratorio-e-adotado-em-escola-em-porto-velho\/#primaryimage\"},\"image\":{\"@id\":\"https:\/\/jornalfatosenoticias.com.br\/index.php\/2023\/03\/08\/projeto-salas-laboratorio-e-adotado-em-escola-em-porto-velho\/#primaryimage\"},\"thumbnailUrl\":\"https:\/\/jornalfatosenoticias.com.br\/wp-content\/uploads\/2023\/03\/SALAS-LABORATORIO_RO.jpg\",\"datePublished\":\"2023-03-08T17:09:36+00:00\",\"breadcrumb\":{\"@id\":\"https:\/\/jornalfatosenoticias.com.br\/index.php\/2023\/03\/08\/projeto-salas-laboratorio-e-adotado-em-escola-em-porto-velho\/#breadcrumb\"},\"inLanguage\":\"pt-BR\",\"potentialAction\":[{\"@type\":\"ReadAction\",\"target\":[\"https:\/\/jornalfatosenoticias.com.br\/index.php\/2023\/03\/08\/projeto-salas-laboratorio-e-adotado-em-escola-em-porto-velho\/\"]}]},{\"@type\":\"ImageObject\",\"inLanguage\":\"pt-BR\",\"@id\":\"https:\/\/jornalfatosenoticias.com.br\/index.php\/2023\/03\/08\/projeto-salas-laboratorio-e-adotado-em-escola-em-porto-velho\/#primaryimage\",\"url\":\"https:\/\/jornalfatosenoticias.com.br\/wp-content\/uploads\/2023\/03\/SALAS-LABORATORIO_RO.jpg\",\"contentUrl\":\"https:\/\/jornalfatosenoticias.com.br\/wp-content\/uploads\/2023\/03\/SALAS-LABORATORIO_RO.jpg\",\"width\":1000,\"height\":666},{\"@type\":\"BreadcrumbList\",\"@id\":\"https:\/\/jornalfatosenoticias.com.br\/index.php\/2023\/03\/08\/projeto-salas-laboratorio-e-adotado-em-escola-em-porto-velho\/#breadcrumb\",\"itemListElement\":[{\"@type\":\"ListItem\",\"position\":1,\"name\":\"In\u00edcio\",\"item\":\"https:\/\/jornalfatosenoticias.com.br\/\"},{\"@type\":\"ListItem\",\"position\":2,\"name\":\"Projeto salas-laborat\u00f3rio \u00e9 adotado em escola em Porto Velho\"}]},{\"@type\":\"WebSite\",\"@id\":\"https:\/\/jornalfatosenoticias.com.br\/#website\",\"url\":\"https:\/\/jornalfatosenoticias.com.br\/\",\"name\":\"Jornal Fatos e Not\u00edcias\",\"description\":\"Not\u00edcias em geral\",\"publisher\":{\"@id\":\"https:\/\/jornalfatosenoticias.com.br\/#organization\"},\"potentialAction\":[{\"@type\":\"SearchAction\",\"target\":{\"@type\":\"EntryPoint\",\"urlTemplate\":\"https:\/\/jornalfatosenoticias.com.br\/?s={search_term_string}\"},\"query-input\":{\"@type\":\"PropertyValueSpecification\",\"valueRequired\":true,\"valueName\":\"search_term_string\"}}],\"inLanguage\":\"pt-BR\"},{\"@type\":\"Organization\",\"@id\":\"https:\/\/jornalfatosenoticias.com.br\/#organization\",\"name\":\"Jornal Fatos e Not\u00edcias\",\"url\":\"https:\/\/jornalfatosenoticias.com.br\/\",\"logo\":{\"@type\":\"ImageObject\",\"inLanguage\":\"pt-BR\",\"@id\":\"https:\/\/jornalfatosenoticias.com.br\/#\/schema\/logo\/image\/\",\"url\":\"https:\/\/jornalfatosenoticias.com.br\/wp-content\/uploads\/2020\/02\/logo120.png\",\"contentUrl\":\"https:\/\/jornalfatosenoticias.com.br\/wp-content\/uploads\/2020\/02\/logo120.png\",\"width\":1227,\"height\":120,\"caption\":\"Jornal Fatos e Not\u00edcias\"},\"image\":{\"@id\":\"https:\/\/jornalfatosenoticias.com.br\/#\/schema\/logo\/image\/\"}},{\"@type\":\"Person\",\"@id\":\"https:\/\/jornalfatosenoticias.com.br\/#\/schema\/person\/d63837fa13ac8666eb9e74e0985d6f81\",\"name\":\"Luzimara Fernandes\",\"image\":{\"@type\":\"ImageObject\",\"inLanguage\":\"pt-BR\",\"@id\":\"https:\/\/jornalfatosenoticias.com.br\/#\/schema\/person\/image\/\",\"url\":\"https:\/\/jornalfatosenoticias.com.br\/wp-content\/uploads\/2025\/05\/EU_portal.jpg\",\"contentUrl\":\"https:\/\/jornalfatosenoticias.com.br\/wp-content\/uploads\/2025\/05\/EU_portal.jpg\",\"caption\":\"Luzimara Fernandes\"},\"description\":\"Jornalista MTB 2358-ES\",\"sameAs\":[\"https:\/\/jornalfatosenoticias.com.br\"],\"url\":\"https:\/\/jornalfatosenoticias.com.br\/index.php\/author\/luzimara\/\"}]}<\/script>\n<!-- \/ Yoast SEO plugin. -->","yoast_head_json":{"title":"Projeto salas-laborat\u00f3rio \u00e9 adotado em escola em Porto Velho - Jornal Fatos e Not\u00edcias","robots":{"index":"index","follow":"follow","max-snippet":"max-snippet:-1","max-image-preview":"max-image-preview:large","max-video-preview":"max-video-preview:-1"},"canonical":"https:\/\/jornalfatosenoticias.com.br\/index.php\/2023\/03\/08\/projeto-salas-laboratorio-e-adotado-em-escola-em-porto-velho\/","og_locale":"pt_BR","og_type":"article","og_title":"Projeto salas-laborat\u00f3rio \u00e9 adotado em escola em Porto Velho - Jornal Fatos e Not\u00edcias","og_description":"Durante o hor\u00e1rio de aula, por meio do sinal sonoro do sino, os alunos identificam que devem trocar de sala O projeto \u201csalas-laborat\u00f3rio\u201d, adotado na Escola Mariana em Porto Velho, surgiu com o objetivo de tornar o ambiente escolar mais tem\u00e1tico, confort\u00e1vel e motivador. A execu\u00e7\u00e3o do projeto que nasceu em 2019, resultou em salas [&hellip;]","og_url":"https:\/\/jornalfatosenoticias.com.br\/index.php\/2023\/03\/08\/projeto-salas-laboratorio-e-adotado-em-escola-em-porto-velho\/","og_site_name":"Jornal Fatos e Not\u00edcias","article_published_time":"2023-03-08T17:09:36+00:00","og_image":[{"width":1000,"height":666,"url":"https:\/\/jornalfatosenoticias.com.br\/wp-content\/uploads\/2023\/03\/SALAS-LABORATORIO_RO.jpg","type":"image\/jpeg"}],"author":"Luzimara Fernandes","twitter_card":"summary_large_image","twitter_misc":{"Escrito por":"Luzimara Fernandes","Est. tempo de leitura":"2 minutos"},"schema":{"@context":"https:\/\/schema.org","@graph":[{"@type":"Article","@id":"https:\/\/jornalfatosenoticias.com.br\/index.php\/2023\/03\/08\/projeto-salas-laboratorio-e-adotado-em-escola-em-porto-velho\/#article","isPartOf":{"@id":"https:\/\/jornalfatosenoticias.com.br\/index.php\/2023\/03\/08\/projeto-salas-laboratorio-e-adotado-em-escola-em-porto-velho\/"},"author":{"name":"Luzimara Fernandes","@id":"https:\/\/jornalfatosenoticias.com.br\/#\/schema\/person\/d63837fa13ac8666eb9e74e0985d6f81"},"headline":"Projeto salas-laborat\u00f3rio \u00e9 adotado em escola em Porto Velho","datePublished":"2023-03-08T17:09:36+00:00","mainEntityOfPage":{"@id":"https:\/\/jornalfatosenoticias.com.br\/index.php\/2023\/03\/08\/projeto-salas-laboratorio-e-adotado-em-escola-em-porto-velho\/"},"wordCount":378,"commentCount":0,"publisher":{"@id":"https:\/\/jornalfatosenoticias.com.br\/#organization"},"image":{"@id":"https:\/\/jornalfatosenoticias.com.br\/index.php\/2023\/03\/08\/projeto-salas-laboratorio-e-adotado-em-escola-em-porto-velho\/#primaryimage"},"thumbnailUrl":"https:\/\/jornalfatosenoticias.com.br\/wp-content\/uploads\/2023\/03\/SALAS-LABORATORIO_RO.jpg","keywords":["alunos","Porto Velho","Rond\u00f4nia","sala de aula","salas-laborat\u00f3rio","sinal sonoro do sino"],"articleSection":["Educa\u00e7\u00e3o"],"inLanguage":"pt-BR","potentialAction":[{"@type":"CommentAction","name":"Comment","target":["https:\/\/jornalfatosenoticias.com.br\/index.php\/2023\/03\/08\/projeto-salas-laboratorio-e-adotado-em-escola-em-porto-velho\/#respond"]}]},{"@type":"WebPage","@id":"https:\/\/jornalfatosenoticias.com.br\/index.php\/2023\/03\/08\/projeto-salas-laboratorio-e-adotado-em-escola-em-porto-velho\/","url":"https:\/\/jornalfatosenoticias.com.br\/index.php\/2023\/03\/08\/projeto-salas-laboratorio-e-adotado-em-escola-em-porto-velho\/","name":"Projeto salas-laborat\u00f3rio \u00e9 adotado em escola em Porto Velho - Jornal Fatos e Not\u00edcias","isPartOf":{"@id":"https:\/\/jornalfatosenoticias.com.br\/#website"},"primaryImageOfPage":{"@id":"https:\/\/jornalfatosenoticias.com.br\/index.php\/2023\/03\/08\/projeto-salas-laboratorio-e-adotado-em-escola-em-porto-velho\/#primaryimage"},"image":{"@id":"https:\/\/jornalfatosenoticias.com.br\/index.php\/2023\/03\/08\/projeto-salas-laboratorio-e-adotado-em-escola-em-porto-velho\/#primaryimage"},"thumbnailUrl":"https:\/\/jornalfatosenoticias.com.br\/wp-content\/uploads\/2023\/03\/SALAS-LABORATORIO_RO.jpg","datePublished":"2023-03-08T17:09:36+00:00","breadcrumb":{"@id":"https:\/\/jornalfatosenoticias.com.br\/index.php\/2023\/03\/08\/projeto-salas-laboratorio-e-adotado-em-escola-em-porto-velho\/#breadcrumb"},"inLanguage":"pt-BR","potentialAction":[{"@type":"ReadAction","target":["https:\/\/jornalfatosenoticias.com.br\/index.php\/2023\/03\/08\/projeto-salas-laboratorio-e-adotado-em-escola-em-porto-velho\/"]}]},{"@type":"ImageObject","inLanguage":"pt-BR","@id":"https:\/\/jornalfatosenoticias.com.br\/index.php\/2023\/03\/08\/projeto-salas-laboratorio-e-adotado-em-escola-em-porto-velho\/#primaryimage","url":"https:\/\/jornalfatosenoticias.com.br\/wp-content\/uploads\/2023\/03\/SALAS-LABORATORIO_RO.jpg","contentUrl":"https:\/\/jornalfatosenoticias.com.br\/wp-content\/uploads\/2023\/03\/SALAS-LABORATORIO_RO.jpg","width":1000,"height":666},{"@type":"BreadcrumbList","@id":"https:\/\/jornalfatosenoticias.com.br\/index.php\/2023\/03\/08\/projeto-salas-laboratorio-e-adotado-em-escola-em-porto-velho\/#breadcrumb","itemListElement":[{"@type":"ListItem","position":1,"name":"In\u00edcio","item":"https:\/\/jornalfatosenoticias.com.br\/"},{"@type":"ListItem","position":2,"name":"Projeto salas-laborat\u00f3rio \u00e9 adotado em escola em Porto Velho"}]},{"@type":"WebSite","@id":"https:\/\/jornalfatosenoticias.com.br\/#website","url":"https:\/\/jornalfatosenoticias.com.br\/","name":"Jornal Fatos e Not\u00edcias","description":"Not\u00edcias em geral","publisher":{"@id":"https:\/\/jornalfatosenoticias.com.br\/#organization"},"potentialAction":[{"@type":"SearchAction","target":{"@type":"EntryPoint","urlTemplate":"https:\/\/jornalfatosenoticias.com.br\/?s={search_term_string}"},"query-input":{"@type":"PropertyValueSpecification","valueRequired":true,"valueName":"search_term_string"}}],"inLanguage":"pt-BR"},{"@type":"Organization","@id":"https:\/\/jornalfatosenoticias.com.br\/#organization","name":"Jornal Fatos e Not\u00edcias","url":"https:\/\/jornalfatosenoticias.com.br\/","logo":{"@type":"ImageObject","inLanguage":"pt-BR","@id":"https:\/\/jornalfatosenoticias.com.br\/#\/schema\/logo\/image\/","url":"https:\/\/jornalfatosenoticias.com.br\/wp-content\/uploads\/2020\/02\/logo120.png","contentUrl":"https:\/\/jornalfatosenoticias.com.br\/wp-content\/uploads\/2020\/02\/logo120.png","width":1227,"height":120,"caption":"Jornal Fatos e Not\u00edcias"},"image":{"@id":"https:\/\/jornalfatosenoticias.com.br\/#\/schema\/logo\/image\/"}},{"@type":"Person","@id":"https:\/\/jornalfatosenoticias.com.br\/#\/schema\/person\/d63837fa13ac8666eb9e74e0985d6f81","name":"Luzimara Fernandes","image":{"@type":"ImageObject","inLanguage":"pt-BR","@id":"https:\/\/jornalfatosenoticias.com.br\/#\/schema\/person\/image\/","url":"https:\/\/jornalfatosenoticias.com.br\/wp-content\/uploads\/2025\/05\/EU_portal.jpg","contentUrl":"https:\/\/jornalfatosenoticias.com.br\/wp-content\/uploads\/2025\/05\/EU_portal.jpg","caption":"Luzimara Fernandes"},"description":"Jornalista MTB 2358-ES","sameAs":["https:\/\/jornalfatosenoticias.com.br"],"url":"https:\/\/jornalfatosenoticias.com.br\/index.php\/author\/luzimara\/"}]}},"cc_featured_image_caption":{"caption_text":"(Foto: Reprodu\u00e7\u00e3o\/News Rond\u00f4nia) ","source_text":"","source_url":""},"jetpack_featured_media_url":"https:\/\/jornalfatosenoticias.com.br\/wp-content\/uploads\/2023\/03\/SALAS-LABORATORIO_RO.jpg","_links":{"self":[{"href":"https:\/\/jornalfatosenoticias.com.br\/index.php\/wp-json\/wp\/v2\/posts\/39436","targetHints":{"allow":["GET"]}}],"collection":[{"href":"https:\/\/jornalfatosenoticias.com.br\/index.php\/wp-json\/wp\/v2\/posts"}],"about":[{"href":"https:\/\/jornalfatosenoticias.com.br\/index.php\/wp-json\/wp\/v2\/types\/post"}],"author":[{"embeddable":true,"href":"https:\/\/jornalfatosenoticias.com.br\/index.php\/wp-json\/wp\/v2\/users\/2"}],"replies":[{"embeddable":true,"href":"https:\/\/jornalfatosenoticias.com.br\/index.php\/wp-json\/wp\/v2\/comments?post=39436"}],"version-history":[{"count":0,"href":"https:\/\/jornalfatosenoticias.com.br\/index.php\/wp-json\/wp\/v2\/posts\/39436\/revisions"}],"wp:featuredmedia":[{"embeddable":true,"href":"https:\/\/jornalfatosenoticias.com.br\/index.php\/wp-json\/wp\/v2\/media\/39437"}],"wp:attachment":[{"href":"https:\/\/jornalfatosenoticias.com.br\/index.php\/wp-json\/wp\/v2\/media?parent=39436"}],"wp:term":[{"taxonomy":"category","embeddable":true,"href":"https:\/\/jornalfatosenoticias.com.br\/index.php\/wp-json\/wp\/v2\/categories?post=39436"},{"taxonomy":"post_tag","embeddable":true,"href":"https:\/\/jornalfatosenoticias.com.br\/index.php\/wp-json\/wp\/v2\/tags?post=39436"}],"curies":[{"name":"wp","href":"https:\/\/api.w.org\/{rel}","templated":true}]}}