{"id":39462,"date":"2023-03-09T14:22:38","date_gmt":"2023-03-09T17:22:38","guid":{"rendered":"https:\/\/jornalfatosenoticias.com.br\/?p=39462"},"modified":"2023-03-09T14:22:38","modified_gmt":"2023-03-09T17:22:38","slug":"acao-juntos-sos-espirito-santo-ambiental","status":"publish","type":"post","link":"https:\/\/jornalfatosenoticias.com.br\/index.php\/2023\/03\/09\/acao-juntos-sos-espirito-santo-ambiental\/","title":{"rendered":"A\u00c7\u00c3O \u2014 Juntos SOS Esp\u00edrito Santo Ambiental"},"content":{"rendered":"\n<div class=\"wp-block-image\"><figure class=\"aligncenter size-large is-resized\"><img loading=\"lazy\" decoding=\"async\" src=\"https:\/\/jornalfatosenoticias.com.br\/wp-content\/uploads\/2022\/10\/Arte-jornal-Zucchi-600x600_Prancheta-1-1024x1024.jpg\" alt=\"\" class=\"wp-image-34782\" width=\"237\" height=\"237\" srcset=\"https:\/\/jornalfatosenoticias.com.br\/wp-content\/uploads\/2022\/10\/Arte-jornal-Zucchi-600x600_Prancheta-1-1024x1024.jpg 1024w, https:\/\/jornalfatosenoticias.com.br\/wp-content\/uploads\/2022\/10\/Arte-jornal-Zucchi-600x600_Prancheta-1-300x300.jpg 300w, https:\/\/jornalfatosenoticias.com.br\/wp-content\/uploads\/2022\/10\/Arte-jornal-Zucchi-600x600_Prancheta-1-150x150.jpg 150w, https:\/\/jornalfatosenoticias.com.br\/wp-content\/uploads\/2022\/10\/Arte-jornal-Zucchi-600x600_Prancheta-1-768x768.jpg 768w, https:\/\/jornalfatosenoticias.com.br\/wp-content\/uploads\/2022\/10\/Arte-jornal-Zucchi-600x600_Prancheta-1.jpg 1250w\" sizes=\"auto, (max-width: 237px) 100vw, 237px\" \/><\/figure><\/div>\n\n\n\n<p><strong><span class=\"has-inline-color has-vivid-green-cyan-color\">Cariacica<br><\/span><\/strong>Escoamento de esgotos dentro das redes de drenagem da prefeitura de Cariacica, nos \u00faltimos dias 03, 04 e 06 de mar\u00e7o, bairro Jardim de Alah, na divisa dos bairros Bandeirantes com o bairro Vista Mar, na rua Linhares, esquina com a rua B, Bairro Maracan\u00e3 e Itapemirim. Dia 05 de mar\u00e7o \u00e1gua suja de barro fornecida pela Cesan bairro Bandeirantes.<\/p>\n\n\n\n<div class=\"wp-block-image\"><figure class=\"aligncenter size-large is-resized\"><img loading=\"lazy\" decoding=\"async\" src=\"https:\/\/jornalfatosenoticias.com.br\/wp-content\/uploads\/2022\/08\/logo-locau-veiculos-1024x573.png\" alt=\"\" class=\"wp-image-33078\" width=\"305\" height=\"170\"\/><\/figure><\/div>\n\n\n\n<p><strong><span class=\"has-inline-color has-vivid-green-cyan-color\">Vila Velha<br><\/span><\/strong>Dia 06\/03 \u2014 Esgoto sendo lan\u00e7ado in natura dentro da rede pluvial da prefeitura de Vila Velha no bairro Vale Encantado indo direto para o Rio Marinho.<\/p>\n\n\n\n<div class=\"wp-block-image\"><figure class=\"aligncenter size-large is-resized\"><img loading=\"lazy\" decoding=\"async\" src=\"https:\/\/jornalfatosenoticias.com.br\/wp-content\/uploads\/2020\/02\/casa-do-torresmo_portal.jpg\" alt=\"\" class=\"wp-image-34472\" width=\"293\" height=\"293\" srcset=\"https:\/\/jornalfatosenoticias.com.br\/wp-content\/uploads\/2020\/02\/casa-do-torresmo_portal.jpg 300w, https:\/\/jornalfatosenoticias.com.br\/wp-content\/uploads\/2020\/02\/casa-do-torresmo_portal-150x150.jpg 150w\" sizes=\"auto, (max-width: 293px) 100vw, 293px\" \/><\/figure><\/div>\n\n\n\n<p><strong><span class=\"has-inline-color has-vivid-green-cyan-color\">Vit\u00f3ria<br><\/span><\/strong>Novo transbordo de esgoto na rede da Cesan, vazando para a rede de \u00e1gua pluvial e caindo no mar da APA da Ba\u00eda das Tartarugas, \u00e1rea que contempla toda praia de Camburi at\u00e9 a Terceira Ponte englobando as Ilhas do Boi e do Frade. Situa\u00e7\u00e3o que se repete quatro a cinco vezes ao ano.<br>Todos estes crimes ambientais foram denunciados junto \u00e0s prefeituras e ao MPES de Cariacica.<\/p>\n\n\n\n<div class=\"wp-block-image\"><figure class=\"aligncenter size-large is-resized\"><img loading=\"lazy\" decoding=\"async\" src=\"https:\/\/jornalfatosenoticias.com.br\/wp-content\/uploads\/2020\/02\/logo-Panper_portal.jpg\" alt=\"\" class=\"wp-image-34474\" width=\"297\" height=\"206\" srcset=\"https:\/\/jornalfatosenoticias.com.br\/wp-content\/uploads\/2020\/02\/logo-Panper_portal.jpg 400w, https:\/\/jornalfatosenoticias.com.br\/wp-content\/uploads\/2020\/02\/logo-Panper_portal-300x208.jpg 300w\" sizes=\"auto, (max-width: 297px) 100vw, 297px\" \/><\/figure><\/div>\n\n\n\n<p><strong><span class=\"has-inline-color has-vivid-green-cyan-color\">Serra<br><\/span><\/strong>Parabenizamos o secret\u00e1rio de Meio Ambiente da Serra, Cl\u00e1udio Denicoli, e toda equipe da Pol\u00edcia Militar Ambiental que, em conjunto, realizaram uma a\u00e7\u00e3o fiscalizat\u00f3ria na Lagoa do Juara, na madrugada de domingo (5), onde foram apreendidos tr\u00eas mil metros de rede e ainda atuaram com abordagens educativas.<br>Os trabalhos das equipes da Semma e do BPMA foram iniciados \u00e0 zero hora e terminados \u00e0s 4 horas, chegando ao amanhecer \u00e0s suas bases.<\/p>\n\n\n\n<div class=\"wp-block-image\"><figure class=\"aligncenter size-large\"><img loading=\"lazy\" decoding=\"async\" width=\"1024\" height=\"110\" src=\"https:\/\/jornalfatosenoticias.com.br\/wp-content\/uploads\/2023\/03\/Crypton-1120-\u00d7-120-px-1-1024x110.png\" alt=\"\" class=\"wp-image-39211\" srcset=\"https:\/\/jornalfatosenoticias.com.br\/wp-content\/uploads\/2023\/03\/Crypton-1120-\u00d7-120-px-1-1024x110.png 1024w, https:\/\/jornalfatosenoticias.com.br\/wp-content\/uploads\/2023\/03\/Crypton-1120-\u00d7-120-px-1-300x32.png 300w, https:\/\/jornalfatosenoticias.com.br\/wp-content\/uploads\/2023\/03\/Crypton-1120-\u00d7-120-px-1-768x82.png 768w, https:\/\/jornalfatosenoticias.com.br\/wp-content\/uploads\/2023\/03\/Crypton-1120-\u00d7-120-px-1.png 1120w\" sizes=\"auto, (max-width: 1024px) 100vw, 1024px\" \/><\/figure><\/div>\n","protected":false},"excerpt":{"rendered":"<p>CariacicaEscoamento de esgotos dentro das redes de drenagem da prefeitura de Cariacica, nos \u00faltimos dias 03, 04 e 06 de mar\u00e7o, bairro Jardim de Alah, na divisa dos bairros Bandeirantes com o bairro Vista Mar, na rua Linhares, esquina com a rua B, Bairro Maracan\u00e3 e Itapemirim. Dia 05 de mar\u00e7o \u00e1gua suja de barro [&hellip;]<\/p>\n","protected":false},"author":28,"featured_media":39463,"comment_status":"open","ping_status":"open","sticky":false,"template":"","format":"standard","meta":{"footnotes":""},"categories":[8],"tags":[3043,18448,945,775],"class_list":["post-39462","post","type-post","status-publish","format-standard","has-post-thumbnail","hentry","category-meio-ambiente","tag-acao","tag-juntos-sos-espirito-santo-ambiental","tag-meio-ambiente","tag-ong"],"yoast_head":"<!-- This site is optimized with the Yoast SEO plugin v26.5 - https:\/\/yoast.com\/wordpress\/plugins\/seo\/ -->\n<title>A\u00c7\u00c3O \u2014 Juntos SOS Esp\u00edrito Santo Ambiental - Jornal Fatos e Not\u00edcias<\/title>\n<meta name=\"robots\" content=\"index, follow, max-snippet:-1, max-image-preview:large, max-video-preview:-1\" \/>\n<link rel=\"canonical\" href=\"https:\/\/jornalfatosenoticias.com.br\/index.php\/2023\/03\/09\/acao-juntos-sos-espirito-santo-ambiental\/\" \/>\n<meta property=\"og:locale\" content=\"pt_BR\" \/>\n<meta property=\"og:type\" content=\"article\" \/>\n<meta property=\"og:title\" content=\"A\u00c7\u00c3O \u2014 Juntos SOS Esp\u00edrito Santo Ambiental - Jornal Fatos e Not\u00edcias\" \/>\n<meta property=\"og:description\" content=\"CariacicaEscoamento de esgotos dentro das redes de drenagem da prefeitura de Cariacica, nos \u00faltimos dias 03, 04 e 06 de mar\u00e7o, bairro Jardim de Alah, na divisa dos bairros Bandeirantes com o bairro Vista Mar, na rua Linhares, esquina com a rua B, Bairro Maracan\u00e3 e Itapemirim. Dia 05 de mar\u00e7o \u00e1gua suja de barro [&hellip;]\" \/>\n<meta property=\"og:url\" content=\"https:\/\/jornalfatosenoticias.com.br\/index.php\/2023\/03\/09\/acao-juntos-sos-espirito-santo-ambiental\/\" \/>\n<meta property=\"og:site_name\" content=\"Jornal Fatos e Not\u00edcias\" \/>\n<meta property=\"article:published_time\" content=\"2023-03-09T17:22:38+00:00\" \/>\n<meta property=\"og:image\" content=\"https:\/\/jornalfatosenoticias.com.br\/wp-content\/uploads\/2023\/03\/APA-Baia-das-Tartarugas.jpg\" \/>\n\t<meta property=\"og:image:width\" content=\"1000\" \/>\n\t<meta property=\"og:image:height\" content=\"667\" \/>\n\t<meta property=\"og:image:type\" content=\"image\/jpeg\" \/>\n<meta name=\"author\" content=\"Eraylton Moreschi\" \/>\n<meta name=\"twitter:card\" content=\"summary_large_image\" \/>\n<meta name=\"twitter:label1\" content=\"Escrito por\" \/>\n\t<meta name=\"twitter:data1\" content=\"Eraylton Moreschi\" \/>\n\t<meta name=\"twitter:label2\" content=\"Est. tempo de leitura\" \/>\n\t<meta name=\"twitter:data2\" content=\"1 minuto\" \/>\n<script type=\"application\/ld+json\" class=\"yoast-schema-graph\">{\"@context\":\"https:\/\/schema.org\",\"@graph\":[{\"@type\":\"Article\",\"@id\":\"https:\/\/jornalfatosenoticias.com.br\/index.php\/2023\/03\/09\/acao-juntos-sos-espirito-santo-ambiental\/#article\",\"isPartOf\":{\"@id\":\"https:\/\/jornalfatosenoticias.com.br\/index.php\/2023\/03\/09\/acao-juntos-sos-espirito-santo-ambiental\/\"},\"author\":{\"name\":\"Eraylton Moreschi\",\"@id\":\"https:\/\/jornalfatosenoticias.com.br\/#\/schema\/person\/c7b0b67d6e4b0261e455c6caa62f64d8\"},\"headline\":\"A\u00c7\u00c3O \u2014 Juntos SOS Esp\u00edrito Santo Ambiental\",\"datePublished\":\"2023-03-09T17:22:38+00:00\",\"mainEntityOfPage\":{\"@id\":\"https:\/\/jornalfatosenoticias.com.br\/index.php\/2023\/03\/09\/acao-juntos-sos-espirito-santo-ambiental\/\"},\"wordCount\":243,\"commentCount\":0,\"publisher\":{\"@id\":\"https:\/\/jornalfatosenoticias.com.br\/#organization\"},\"image\":{\"@id\":\"https:\/\/jornalfatosenoticias.com.br\/index.php\/2023\/03\/09\/acao-juntos-sos-espirito-santo-ambiental\/#primaryimage\"},\"thumbnailUrl\":\"https:\/\/jornalfatosenoticias.com.br\/wp-content\/uploads\/2023\/03\/APA-Baia-das-Tartarugas.jpg\",\"keywords\":[\"a\u00e7\u00e3o\",\"Juntos SOS Esp\u00edrito Santo Ambiental\",\"meio ambiente\",\"ONG\"],\"articleSection\":[\"Meio ambiente\"],\"inLanguage\":\"pt-BR\",\"potentialAction\":[{\"@type\":\"CommentAction\",\"name\":\"Comment\",\"target\":[\"https:\/\/jornalfatosenoticias.com.br\/index.php\/2023\/03\/09\/acao-juntos-sos-espirito-santo-ambiental\/#respond\"]}]},{\"@type\":\"WebPage\",\"@id\":\"https:\/\/jornalfatosenoticias.com.br\/index.php\/2023\/03\/09\/acao-juntos-sos-espirito-santo-ambiental\/\",\"url\":\"https:\/\/jornalfatosenoticias.com.br\/index.php\/2023\/03\/09\/acao-juntos-sos-espirito-santo-ambiental\/\",\"name\":\"A\u00c7\u00c3O \u2014 Juntos SOS Esp\u00edrito Santo Ambiental - Jornal Fatos e Not\u00edcias\",\"isPartOf\":{\"@id\":\"https:\/\/jornalfatosenoticias.com.br\/#website\"},\"primaryImageOfPage\":{\"@id\":\"https:\/\/jornalfatosenoticias.com.br\/index.php\/2023\/03\/09\/acao-juntos-sos-espirito-santo-ambiental\/#primaryimage\"},\"image\":{\"@id\":\"https:\/\/jornalfatosenoticias.com.br\/index.php\/2023\/03\/09\/acao-juntos-sos-espirito-santo-ambiental\/#primaryimage\"},\"thumbnailUrl\":\"https:\/\/jornalfatosenoticias.com.br\/wp-content\/uploads\/2023\/03\/APA-Baia-das-Tartarugas.jpg\",\"datePublished\":\"2023-03-09T17:22:38+00:00\",\"breadcrumb\":{\"@id\":\"https:\/\/jornalfatosenoticias.com.br\/index.php\/2023\/03\/09\/acao-juntos-sos-espirito-santo-ambiental\/#breadcrumb\"},\"inLanguage\":\"pt-BR\",\"potentialAction\":[{\"@type\":\"ReadAction\",\"target\":[\"https:\/\/jornalfatosenoticias.com.br\/index.php\/2023\/03\/09\/acao-juntos-sos-espirito-santo-ambiental\/\"]}]},{\"@type\":\"ImageObject\",\"inLanguage\":\"pt-BR\",\"@id\":\"https:\/\/jornalfatosenoticias.com.br\/index.php\/2023\/03\/09\/acao-juntos-sos-espirito-santo-ambiental\/#primaryimage\",\"url\":\"https:\/\/jornalfatosenoticias.com.br\/wp-content\/uploads\/2023\/03\/APA-Baia-das-Tartarugas.jpg\",\"contentUrl\":\"https:\/\/jornalfatosenoticias.com.br\/wp-content\/uploads\/2023\/03\/APA-Baia-das-Tartarugas.jpg\",\"width\":1000,\"height\":667,\"caption\":\"Praia da Curva da Jurema ap\u00f3s a obra de engordamento\"},{\"@type\":\"BreadcrumbList\",\"@id\":\"https:\/\/jornalfatosenoticias.com.br\/index.php\/2023\/03\/09\/acao-juntos-sos-espirito-santo-ambiental\/#breadcrumb\",\"itemListElement\":[{\"@type\":\"ListItem\",\"position\":1,\"name\":\"In\u00edcio\",\"item\":\"https:\/\/jornalfatosenoticias.com.br\/\"},{\"@type\":\"ListItem\",\"position\":2,\"name\":\"A\u00c7\u00c3O \u2014 Juntos SOS Esp\u00edrito Santo Ambiental\"}]},{\"@type\":\"WebSite\",\"@id\":\"https:\/\/jornalfatosenoticias.com.br\/#website\",\"url\":\"https:\/\/jornalfatosenoticias.com.br\/\",\"name\":\"Jornal Fatos e Not\u00edcias\",\"description\":\"Not\u00edcias em geral\",\"publisher\":{\"@id\":\"https:\/\/jornalfatosenoticias.com.br\/#organization\"},\"potentialAction\":[{\"@type\":\"SearchAction\",\"target\":{\"@type\":\"EntryPoint\",\"urlTemplate\":\"https:\/\/jornalfatosenoticias.com.br\/?s={search_term_string}\"},\"query-input\":{\"@type\":\"PropertyValueSpecification\",\"valueRequired\":true,\"valueName\":\"search_term_string\"}}],\"inLanguage\":\"pt-BR\"},{\"@type\":\"Organization\",\"@id\":\"https:\/\/jornalfatosenoticias.com.br\/#organization\",\"name\":\"Jornal Fatos e Not\u00edcias\",\"url\":\"https:\/\/jornalfatosenoticias.com.br\/\",\"logo\":{\"@type\":\"ImageObject\",\"inLanguage\":\"pt-BR\",\"@id\":\"https:\/\/jornalfatosenoticias.com.br\/#\/schema\/logo\/image\/\",\"url\":\"https:\/\/jornalfatosenoticias.com.br\/wp-content\/uploads\/2020\/02\/logo120.png\",\"contentUrl\":\"https:\/\/jornalfatosenoticias.com.br\/wp-content\/uploads\/2020\/02\/logo120.png\",\"width\":1227,\"height\":120,\"caption\":\"Jornal Fatos e Not\u00edcias\"},\"image\":{\"@id\":\"https:\/\/jornalfatosenoticias.com.br\/#\/schema\/logo\/image\/\"}},{\"@type\":\"Person\",\"@id\":\"https:\/\/jornalfatosenoticias.com.br\/#\/schema\/person\/c7b0b67d6e4b0261e455c6caa62f64d8\",\"name\":\"Eraylton Moreschi\",\"image\":{\"@type\":\"ImageObject\",\"inLanguage\":\"pt-BR\",\"@id\":\"https:\/\/jornalfatosenoticias.com.br\/#\/schema\/person\/image\/\",\"url\":\"https:\/\/jornalfatosenoticias.com.br\/wp-content\/uploads\/2023\/03\/moreschi-removebg-preview-150x150.png\",\"contentUrl\":\"https:\/\/jornalfatosenoticias.com.br\/wp-content\/uploads\/2023\/03\/moreschi-removebg-preview-150x150.png\",\"caption\":\"Eraylton Moreschi\"},\"description\":\"Presidente da ONG Juntos SOS Esp\u00edrito Santo Ambiental\",\"url\":\"https:\/\/jornalfatosenoticias.com.br\/index.php\/author\/eraylton-moreschi\/\"}]}<\/script>\n<!-- \/ Yoast SEO plugin. -->","yoast_head_json":{"title":"A\u00c7\u00c3O \u2014 Juntos SOS Esp\u00edrito Santo Ambiental - Jornal Fatos e Not\u00edcias","robots":{"index":"index","follow":"follow","max-snippet":"max-snippet:-1","max-image-preview":"max-image-preview:large","max-video-preview":"max-video-preview:-1"},"canonical":"https:\/\/jornalfatosenoticias.com.br\/index.php\/2023\/03\/09\/acao-juntos-sos-espirito-santo-ambiental\/","og_locale":"pt_BR","og_type":"article","og_title":"A\u00c7\u00c3O \u2014 Juntos SOS Esp\u00edrito Santo Ambiental - Jornal Fatos e Not\u00edcias","og_description":"CariacicaEscoamento de esgotos dentro das redes de drenagem da prefeitura de Cariacica, nos \u00faltimos dias 03, 04 e 06 de mar\u00e7o, bairro Jardim de Alah, na divisa dos bairros Bandeirantes com o bairro Vista Mar, na rua Linhares, esquina com a rua B, Bairro Maracan\u00e3 e Itapemirim. Dia 05 de mar\u00e7o \u00e1gua suja de barro [&hellip;]","og_url":"https:\/\/jornalfatosenoticias.com.br\/index.php\/2023\/03\/09\/acao-juntos-sos-espirito-santo-ambiental\/","og_site_name":"Jornal Fatos e Not\u00edcias","article_published_time":"2023-03-09T17:22:38+00:00","og_image":[{"width":1000,"height":667,"url":"https:\/\/jornalfatosenoticias.com.br\/wp-content\/uploads\/2023\/03\/APA-Baia-das-Tartarugas.jpg","type":"image\/jpeg"}],"author":"Eraylton Moreschi","twitter_card":"summary_large_image","twitter_misc":{"Escrito por":"Eraylton Moreschi","Est. tempo de leitura":"1 minuto"},"schema":{"@context":"https:\/\/schema.org","@graph":[{"@type":"Article","@id":"https:\/\/jornalfatosenoticias.com.br\/index.php\/2023\/03\/09\/acao-juntos-sos-espirito-santo-ambiental\/#article","isPartOf":{"@id":"https:\/\/jornalfatosenoticias.com.br\/index.php\/2023\/03\/09\/acao-juntos-sos-espirito-santo-ambiental\/"},"author":{"name":"Eraylton Moreschi","@id":"https:\/\/jornalfatosenoticias.com.br\/#\/schema\/person\/c7b0b67d6e4b0261e455c6caa62f64d8"},"headline":"A\u00c7\u00c3O \u2014 Juntos SOS Esp\u00edrito Santo Ambiental","datePublished":"2023-03-09T17:22:38+00:00","mainEntityOfPage":{"@id":"https:\/\/jornalfatosenoticias.com.br\/index.php\/2023\/03\/09\/acao-juntos-sos-espirito-santo-ambiental\/"},"wordCount":243,"commentCount":0,"publisher":{"@id":"https:\/\/jornalfatosenoticias.com.br\/#organization"},"image":{"@id":"https:\/\/jornalfatosenoticias.com.br\/index.php\/2023\/03\/09\/acao-juntos-sos-espirito-santo-ambiental\/#primaryimage"},"thumbnailUrl":"https:\/\/jornalfatosenoticias.com.br\/wp-content\/uploads\/2023\/03\/APA-Baia-das-Tartarugas.jpg","keywords":["a\u00e7\u00e3o","Juntos SOS Esp\u00edrito Santo Ambiental","meio ambiente","ONG"],"articleSection":["Meio ambiente"],"inLanguage":"pt-BR","potentialAction":[{"@type":"CommentAction","name":"Comment","target":["https:\/\/jornalfatosenoticias.com.br\/index.php\/2023\/03\/09\/acao-juntos-sos-espirito-santo-ambiental\/#respond"]}]},{"@type":"WebPage","@id":"https:\/\/jornalfatosenoticias.com.br\/index.php\/2023\/03\/09\/acao-juntos-sos-espirito-santo-ambiental\/","url":"https:\/\/jornalfatosenoticias.com.br\/index.php\/2023\/03\/09\/acao-juntos-sos-espirito-santo-ambiental\/","name":"A\u00c7\u00c3O \u2014 Juntos SOS Esp\u00edrito Santo Ambiental - Jornal Fatos e Not\u00edcias","isPartOf":{"@id":"https:\/\/jornalfatosenoticias.com.br\/#website"},"primaryImageOfPage":{"@id":"https:\/\/jornalfatosenoticias.com.br\/index.php\/2023\/03\/09\/acao-juntos-sos-espirito-santo-ambiental\/#primaryimage"},"image":{"@id":"https:\/\/jornalfatosenoticias.com.br\/index.php\/2023\/03\/09\/acao-juntos-sos-espirito-santo-ambiental\/#primaryimage"},"thumbnailUrl":"https:\/\/jornalfatosenoticias.com.br\/wp-content\/uploads\/2023\/03\/APA-Baia-das-Tartarugas.jpg","datePublished":"2023-03-09T17:22:38+00:00","breadcrumb":{"@id":"https:\/\/jornalfatosenoticias.com.br\/index.php\/2023\/03\/09\/acao-juntos-sos-espirito-santo-ambiental\/#breadcrumb"},"inLanguage":"pt-BR","potentialAction":[{"@type":"ReadAction","target":["https:\/\/jornalfatosenoticias.com.br\/index.php\/2023\/03\/09\/acao-juntos-sos-espirito-santo-ambiental\/"]}]},{"@type":"ImageObject","inLanguage":"pt-BR","@id":"https:\/\/jornalfatosenoticias.com.br\/index.php\/2023\/03\/09\/acao-juntos-sos-espirito-santo-ambiental\/#primaryimage","url":"https:\/\/jornalfatosenoticias.com.br\/wp-content\/uploads\/2023\/03\/APA-Baia-das-Tartarugas.jpg","contentUrl":"https:\/\/jornalfatosenoticias.com.br\/wp-content\/uploads\/2023\/03\/APA-Baia-das-Tartarugas.jpg","width":1000,"height":667,"caption":"Praia da Curva da Jurema ap\u00f3s a obra de engordamento"},{"@type":"BreadcrumbList","@id":"https:\/\/jornalfatosenoticias.com.br\/index.php\/2023\/03\/09\/acao-juntos-sos-espirito-santo-ambiental\/#breadcrumb","itemListElement":[{"@type":"ListItem","position":1,"name":"In\u00edcio","item":"https:\/\/jornalfatosenoticias.com.br\/"},{"@type":"ListItem","position":2,"name":"A\u00c7\u00c3O \u2014 Juntos SOS Esp\u00edrito Santo Ambiental"}]},{"@type":"WebSite","@id":"https:\/\/jornalfatosenoticias.com.br\/#website","url":"https:\/\/jornalfatosenoticias.com.br\/","name":"Jornal Fatos e Not\u00edcias","description":"Not\u00edcias em geral","publisher":{"@id":"https:\/\/jornalfatosenoticias.com.br\/#organization"},"potentialAction":[{"@type":"SearchAction","target":{"@type":"EntryPoint","urlTemplate":"https:\/\/jornalfatosenoticias.com.br\/?s={search_term_string}"},"query-input":{"@type":"PropertyValueSpecification","valueRequired":true,"valueName":"search_term_string"}}],"inLanguage":"pt-BR"},{"@type":"Organization","@id":"https:\/\/jornalfatosenoticias.com.br\/#organization","name":"Jornal Fatos e Not\u00edcias","url":"https:\/\/jornalfatosenoticias.com.br\/","logo":{"@type":"ImageObject","inLanguage":"pt-BR","@id":"https:\/\/jornalfatosenoticias.com.br\/#\/schema\/logo\/image\/","url":"https:\/\/jornalfatosenoticias.com.br\/wp-content\/uploads\/2020\/02\/logo120.png","contentUrl":"https:\/\/jornalfatosenoticias.com.br\/wp-content\/uploads\/2020\/02\/logo120.png","width":1227,"height":120,"caption":"Jornal Fatos e Not\u00edcias"},"image":{"@id":"https:\/\/jornalfatosenoticias.com.br\/#\/schema\/logo\/image\/"}},{"@type":"Person","@id":"https:\/\/jornalfatosenoticias.com.br\/#\/schema\/person\/c7b0b67d6e4b0261e455c6caa62f64d8","name":"Eraylton Moreschi","image":{"@type":"ImageObject","inLanguage":"pt-BR","@id":"https:\/\/jornalfatosenoticias.com.br\/#\/schema\/person\/image\/","url":"https:\/\/jornalfatosenoticias.com.br\/wp-content\/uploads\/2023\/03\/moreschi-removebg-preview-150x150.png","contentUrl":"https:\/\/jornalfatosenoticias.com.br\/wp-content\/uploads\/2023\/03\/moreschi-removebg-preview-150x150.png","caption":"Eraylton Moreschi"},"description":"Presidente da ONG Juntos SOS Esp\u00edrito Santo Ambiental","url":"https:\/\/jornalfatosenoticias.com.br\/index.php\/author\/eraylton-moreschi\/"}]}},"cc_featured_image_caption":{"caption_text":"(Foto: Prefeitura de Vit\u00f3ria) ","source_text":"","source_url":""},"jetpack_featured_media_url":"https:\/\/jornalfatosenoticias.com.br\/wp-content\/uploads\/2023\/03\/APA-Baia-das-Tartarugas.jpg","_links":{"self":[{"href":"https:\/\/jornalfatosenoticias.com.br\/index.php\/wp-json\/wp\/v2\/posts\/39462","targetHints":{"allow":["GET"]}}],"collection":[{"href":"https:\/\/jornalfatosenoticias.com.br\/index.php\/wp-json\/wp\/v2\/posts"}],"about":[{"href":"https:\/\/jornalfatosenoticias.com.br\/index.php\/wp-json\/wp\/v2\/types\/post"}],"author":[{"embeddable":true,"href":"https:\/\/jornalfatosenoticias.com.br\/index.php\/wp-json\/wp\/v2\/users\/28"}],"replies":[{"embeddable":true,"href":"https:\/\/jornalfatosenoticias.com.br\/index.php\/wp-json\/wp\/v2\/comments?post=39462"}],"version-history":[{"count":0,"href":"https:\/\/jornalfatosenoticias.com.br\/index.php\/wp-json\/wp\/v2\/posts\/39462\/revisions"}],"wp:featuredmedia":[{"embeddable":true,"href":"https:\/\/jornalfatosenoticias.com.br\/index.php\/wp-json\/wp\/v2\/media\/39463"}],"wp:attachment":[{"href":"https:\/\/jornalfatosenoticias.com.br\/index.php\/wp-json\/wp\/v2\/media?parent=39462"}],"wp:term":[{"taxonomy":"category","embeddable":true,"href":"https:\/\/jornalfatosenoticias.com.br\/index.php\/wp-json\/wp\/v2\/categories?post=39462"},{"taxonomy":"post_tag","embeddable":true,"href":"https:\/\/jornalfatosenoticias.com.br\/index.php\/wp-json\/wp\/v2\/tags?post=39462"}],"curies":[{"name":"wp","href":"https:\/\/api.w.org\/{rel}","templated":true}]}}