{"id":39529,"date":"2023-03-10T11:22:13","date_gmt":"2023-03-10T14:22:13","guid":{"rendered":"https:\/\/jornalfatosenoticias.com.br\/?p=39529"},"modified":"2023-03-10T11:22:14","modified_gmt":"2023-03-10T14:22:14","slug":"exposicao-a-espacos-verdes-ajuda-a-reduzir-risco-de-depressao-pos-parto","status":"publish","type":"post","link":"https:\/\/jornalfatosenoticias.com.br\/index.php\/2023\/03\/10\/exposicao-a-espacos-verdes-ajuda-a-reduzir-risco-de-depressao-pos-parto\/","title":{"rendered":"Exposi\u00e7\u00e3o a espa\u00e7os verdes ajuda a reduzir risco de depress\u00e3o p\u00f3s-parto"},"content":{"rendered":"\n<p><em><span class=\"has-inline-color has-black-color\">De acordo com estudo, risco de depress\u00e3o p\u00f3s-parto diminui aproximadamente 4,2% a cada aumento de 10% no espa\u00e7o verde ao n\u00edvel dos olhos<\/span><\/em><\/p>\n\n\n\n<div class=\"wp-block-image\"><figure class=\"aligncenter size-large\"><img loading=\"lazy\" decoding=\"async\" width=\"729\" height=\"90\" src=\"https:\/\/jornalfatosenoticias.com.br\/wp-content\/uploads\/2020\/02\/Logo_Mizu.png\" alt=\"\" class=\"wp-image-1441\" srcset=\"https:\/\/jornalfatosenoticias.com.br\/wp-content\/uploads\/2020\/02\/Logo_Mizu.png 729w, https:\/\/jornalfatosenoticias.com.br\/wp-content\/uploads\/2020\/02\/Logo_Mizu-300x37.png 300w\" sizes=\"auto, (max-width: 729px) 100vw, 729px\" \/><\/figure><\/div>\n\n\n\n<p>Um estudo realizado pela Universidade da Calif\u00f3rnia conclui que a exposi\u00e7\u00e3o a espa\u00e7os verdes, principalmente aqueles que possuem \u00e1rvores, est\u00e1 associada a uma diminui\u00e7\u00e3o do risco de depress\u00e3o p\u00f3s-parto.<\/p>\n\n\n\n<div class=\"wp-block-image\"><figure class=\"aligncenter size-large\"><img loading=\"lazy\" decoding=\"async\" width=\"300\" height=\"250\" src=\"https:\/\/jornalfatosenoticias.com.br\/wp-content\/uploads\/2022\/02\/FERRARI_MAQUINAS-E-FERRAMENTAS2-1.jpg\" alt=\"\" class=\"wp-image-27955\"\/><\/figure><\/div>\n\n\n\n<p>A pesquisa, publicada on-line na revista The Lancet Regional Health\u2014Americas, sugere que pesquisadores, planejadores urbanos e profissionais de sa\u00fade p\u00fablica devem trabalhar juntos para desenvolver pol\u00edticas e interven\u00e7\u00f5es que aumentem a quantidade de cobertura de \u00e1rvores para criar um ambiente ben\u00e9fico para os membros da comunidade \u2014 especialmente novas m\u00e3es que correm o risco de depress\u00e3o p\u00f3s-parto.<\/p>\n\n\n\n<div class=\"wp-block-image\"><figure class=\"aligncenter size-large is-resized\"><img loading=\"lazy\" decoding=\"async\" src=\"https:\/\/jornalfatosenoticias.com.br\/wp-content\/uploads\/2020\/02\/casa-do-torresmo_portal.jpg\" alt=\"\" class=\"wp-image-34472\" width=\"269\" height=\"269\" srcset=\"https:\/\/jornalfatosenoticias.com.br\/wp-content\/uploads\/2020\/02\/casa-do-torresmo_portal.jpg 300w, https:\/\/jornalfatosenoticias.com.br\/wp-content\/uploads\/2020\/02\/casa-do-torresmo_portal-150x150.jpg 150w\" sizes=\"auto, (max-width: 269px) 100vw, 269px\" \/><\/figure><\/div>\n\n\n\n<p>Os dados cl\u00ednicos foram obtidos dos registros eletr\u00f4nicos de sa\u00fade da Kaiser Permanente Southern California. O estudo considerou espa\u00e7os verdes residenciais que possuem vista para a rua com \u00e1rvores e vegeta\u00e7\u00e3o rasteira e proximidade a parques.<\/p>\n\n\n\n<div class=\"wp-block-image\"><figure class=\"aligncenter size-large is-resized\"><img loading=\"lazy\" decoding=\"async\" src=\"https:\/\/jornalfatosenoticias.com.br\/wp-content\/uploads\/2022\/10\/RC_800x750_page-0001.jpg\" alt=\"\" class=\"wp-image-35338\" width=\"270\" height=\"253\" srcset=\"https:\/\/jornalfatosenoticias.com.br\/wp-content\/uploads\/2022\/10\/RC_800x750_page-0001.jpg 400w, https:\/\/jornalfatosenoticias.com.br\/wp-content\/uploads\/2022\/10\/RC_800x750_page-0001-300x281.jpg 300w\" sizes=\"auto, (max-width: 270px) 100vw, 270px\" \/><\/figure><\/div>\n\n\n\n<p>A depress\u00e3o p\u00f3s-parto \u00e9 um dist\u00farbio geralmente provocado pela queda consider\u00e1vel dos n\u00edveis hormonais ap\u00f3s o parto. Mulheres s\u00e3o especialmente vulner\u00e1veis \u200b\u200b\u00e0 depress\u00e3o durante o per\u00edodo p\u00f3s-parto, provavelmente devido a flutua\u00e7\u00f5es hormonais, estresse e outros fatores biol\u00f3gicos e psicossociais.<\/p>\n\n\n\n<div class=\"wp-block-image\"><figure class=\"aligncenter size-large is-resized\"><img loading=\"lazy\" decoding=\"async\" src=\"https:\/\/jornalfatosenoticias.com.br\/wp-content\/uploads\/2020\/02\/logo-Panper_portal.jpg\" alt=\"\" class=\"wp-image-34474\" width=\"305\" height=\"211\" srcset=\"https:\/\/jornalfatosenoticias.com.br\/wp-content\/uploads\/2020\/02\/logo-Panper_portal.jpg 400w, https:\/\/jornalfatosenoticias.com.br\/wp-content\/uploads\/2020\/02\/logo-Panper_portal-300x208.jpg 300w\" sizes=\"auto, (max-width: 305px) 100vw, 305px\" \/><\/figure><\/div>\n\n\n\n<p>Estima-se que cerca de 80% das mulheres tenham pensamentos negativos, fadiga e preocupa\u00e7\u00e3o excessiva nos primeiros dias com uma crian\u00e7a rec\u00e9m-nascida. No entanto, esse sentimento \u00e9 comum e costuma desaparecer em poucas semanas. J\u00e1 a depress\u00e3o p\u00f3s-parto pode durar mais tempo e ser muito mais agressiva, atingindo aproximadamente 15% das m\u00e3es. Se n\u00e3o for tratada, a condi\u00e7\u00e3o pode afetar a sa\u00fade da m\u00e3e e causar problemas de sono, alimenta\u00e7\u00e3o e comportamento do beb\u00ea.<\/p>\n\n\n\n<div class=\"wp-block-image\"><figure class=\"aligncenter size-large is-resized\"><img loading=\"lazy\" decoding=\"async\" src=\"https:\/\/jornalfatosenoticias.com.br\/wp-content\/uploads\/2020\/02\/logo-embacia.jpg\" alt=\"\" class=\"wp-image-33905\" width=\"249\" height=\"249\"\/><\/figure><\/div>\n\n\n\n<p>Mas o dist\u00farbio tamb\u00e9m pode ocorrer em homens. Pesquisadores do Hospital Pedi\u00e1trico de Chicago descobriram que quase 20% dos pais de beb\u00eas prematuros apresentaram sintomas de depress\u00e3o p\u00f3s-parto.<\/p>\n\n\n\n<div class=\"wp-block-image\"><figure class=\"aligncenter size-large is-resized\"><img loading=\"lazy\" decoding=\"async\" src=\"https:\/\/jornalfatosenoticias.com.br\/wp-content\/uploads\/2023\/03\/logo_Juliana-Graca.jpg\" alt=\"\" class=\"wp-image-39283\" width=\"261\" height=\"193\"\/><\/figure><\/div>\n\n\n\n<p>A an\u00e1lise dos registros eletr\u00f4nicos entre 2008 e 2018 de mulheres residentes no sul da Calif\u00f3rnia revelou que a maior redu\u00e7\u00e3o no risco de depress\u00e3o p\u00f3s-parto est\u00e1 associada ao acesso dos olhos a espa\u00e7os verdes no n\u00edvel da rua, em compara\u00e7\u00e3o com a proximidade a parques ou vista a\u00e9rea a esses espa\u00e7os. Em compara\u00e7\u00e3o com outros tipos de espa\u00e7o verde, a cobertura arb\u00f3rea mostrou efeitos protetores mais fortes.<\/p>\n\n\n\n<div class=\"wp-block-image\"><figure class=\"aligncenter size-large is-resized\"><img loading=\"lazy\" decoding=\"async\" src=\"https:\/\/jornalfatosenoticias.com.br\/wp-content\/uploads\/2023\/02\/faserra_portal.jpg\" alt=\"\" class=\"wp-image-38905\" width=\"274\" height=\"274\"\/><\/figure><\/div>\n\n\n\n<p>De acordo com o principal autor do estudo, o risco de depress\u00e3o p\u00f3s-parto diminuiu aproximadamente 4,2% a cada aumento de 10% no espa\u00e7o verde.<br>Al\u00e9m disso, os pesquisadores descobriram que o aumento da atividade f\u00edsica durante a gravidez era um caminho plaus\u00edvel que ligava espa\u00e7os verdes a um menor risco de depress\u00e3o p\u00f3s-parto.<\/p>\n\n\n\n<div class=\"wp-block-image\"><figure class=\"aligncenter size-large\"><img decoding=\"async\" src=\"https:\/\/jornalfatosenoticias.com.br\/wp-content\/uploads\/2020\/02\/logo_esteio.jpg\" alt=\"\" class=\"wp-image-1214\"\/><\/figure><\/div>\n\n\n\n<p>Isso porque, de acordo com o estudo, o espa\u00e7o verde ao n\u00edvel dos olhos, mas n\u00e3o a vista a\u00e9rea, pode promover a iniciativa de fazer caminhada.<\/p>\n\n\n\n<p><strong><em>Fonte: <a href=\"https:\/\/www.ecycle.com.br\/depressao-pos-parto-espacos-verdes\/\">eCycle<\/a><\/em><\/strong><\/p>\n","protected":false},"excerpt":{"rendered":"<p>De acordo com estudo, risco de depress\u00e3o p\u00f3s-parto diminui aproximadamente 4,2% a cada aumento de 10% no espa\u00e7o verde ao n\u00edvel dos olhos Um estudo realizado pela Universidade da Calif\u00f3rnia conclui que a exposi\u00e7\u00e3o a espa\u00e7os verdes, principalmente aqueles que possuem \u00e1rvores, est\u00e1 associada a uma diminui\u00e7\u00e3o do risco de depress\u00e3o p\u00f3s-parto. A pesquisa, publicada [&hellip;]<\/p>\n","protected":false},"author":2,"featured_media":39530,"comment_status":"open","ping_status":"open","sticky":false,"template":"","format":"standard","meta":{"footnotes":""},"categories":[2522],"tags":[18488,5005,7757,2280,1705],"class_list":["post-39529","post","type-post","status-publish","format-standard","has-post-thumbnail","hentry","category-comportamento","tag-comportamento-do-bebe","tag-depressao-pos-parto","tag-espacos-verdes","tag-estresse","tag-gravidez"],"yoast_head":"<!-- This site is optimized with the Yoast SEO plugin v26.5 - https:\/\/yoast.com\/wordpress\/plugins\/seo\/ -->\n<title>Exposi\u00e7\u00e3o a espa\u00e7os verdes ajuda a reduzir risco de depress\u00e3o p\u00f3s-parto - Jornal Fatos e Not\u00edcias<\/title>\n<meta name=\"robots\" content=\"index, follow, max-snippet:-1, max-image-preview:large, max-video-preview:-1\" \/>\n<link rel=\"canonical\" href=\"https:\/\/jornalfatosenoticias.com.br\/index.php\/2023\/03\/10\/exposicao-a-espacos-verdes-ajuda-a-reduzir-risco-de-depressao-pos-parto\/\" \/>\n<meta property=\"og:locale\" content=\"pt_BR\" \/>\n<meta property=\"og:type\" content=\"article\" \/>\n<meta property=\"og:title\" content=\"Exposi\u00e7\u00e3o a espa\u00e7os verdes ajuda a reduzir risco de depress\u00e3o p\u00f3s-parto - Jornal Fatos e Not\u00edcias\" \/>\n<meta property=\"og:description\" content=\"De acordo com estudo, risco de depress\u00e3o p\u00f3s-parto diminui aproximadamente 4,2% a cada aumento de 10% no espa\u00e7o verde ao n\u00edvel dos olhos Um estudo realizado pela Universidade da Calif\u00f3rnia conclui que a exposi\u00e7\u00e3o a espa\u00e7os verdes, principalmente aqueles que possuem \u00e1rvores, est\u00e1 associada a uma diminui\u00e7\u00e3o do risco de depress\u00e3o p\u00f3s-parto. A pesquisa, publicada [&hellip;]\" \/>\n<meta property=\"og:url\" content=\"https:\/\/jornalfatosenoticias.com.br\/index.php\/2023\/03\/10\/exposicao-a-espacos-verdes-ajuda-a-reduzir-risco-de-depressao-pos-parto\/\" \/>\n<meta property=\"og:site_name\" content=\"Jornal Fatos e Not\u00edcias\" \/>\n<meta property=\"article:published_time\" content=\"2023-03-10T14:22:13+00:00\" \/>\n<meta property=\"article:modified_time\" content=\"2023-03-10T14:22:14+00:00\" \/>\n<meta property=\"og:image\" content=\"https:\/\/jornalfatosenoticias.com.br\/wp-content\/uploads\/2023\/03\/Exposicao-a-espacos-verdes-ajuda-a-reduzir-risco-de-depressao-pos-parto.jpg\" \/>\n\t<meta property=\"og:image:width\" content=\"1000\" \/>\n\t<meta property=\"og:image:height\" content=\"666\" \/>\n\t<meta property=\"og:image:type\" content=\"image\/jpeg\" \/>\n<meta name=\"author\" content=\"Luzimara Fernandes\" \/>\n<meta name=\"twitter:card\" content=\"summary_large_image\" \/>\n<meta name=\"twitter:label1\" content=\"Escrito por\" \/>\n\t<meta name=\"twitter:data1\" content=\"Luzimara Fernandes\" \/>\n\t<meta name=\"twitter:label2\" content=\"Est. tempo de leitura\" \/>\n\t<meta name=\"twitter:data2\" content=\"3 minutos\" \/>\n<script type=\"application\/ld+json\" class=\"yoast-schema-graph\">{\"@context\":\"https:\/\/schema.org\",\"@graph\":[{\"@type\":\"Article\",\"@id\":\"https:\/\/jornalfatosenoticias.com.br\/index.php\/2023\/03\/10\/exposicao-a-espacos-verdes-ajuda-a-reduzir-risco-de-depressao-pos-parto\/#article\",\"isPartOf\":{\"@id\":\"https:\/\/jornalfatosenoticias.com.br\/index.php\/2023\/03\/10\/exposicao-a-espacos-verdes-ajuda-a-reduzir-risco-de-depressao-pos-parto\/\"},\"author\":{\"name\":\"Luzimara Fernandes\",\"@id\":\"https:\/\/jornalfatosenoticias.com.br\/#\/schema\/person\/d63837fa13ac8666eb9e74e0985d6f81\"},\"headline\":\"Exposi\u00e7\u00e3o a espa\u00e7os verdes ajuda a reduzir risco de depress\u00e3o p\u00f3s-parto\",\"datePublished\":\"2023-03-10T14:22:13+00:00\",\"dateModified\":\"2023-03-10T14:22:14+00:00\",\"mainEntityOfPage\":{\"@id\":\"https:\/\/jornalfatosenoticias.com.br\/index.php\/2023\/03\/10\/exposicao-a-espacos-verdes-ajuda-a-reduzir-risco-de-depressao-pos-parto\/\"},\"wordCount\":517,\"commentCount\":0,\"publisher\":{\"@id\":\"https:\/\/jornalfatosenoticias.com.br\/#organization\"},\"image\":{\"@id\":\"https:\/\/jornalfatosenoticias.com.br\/index.php\/2023\/03\/10\/exposicao-a-espacos-verdes-ajuda-a-reduzir-risco-de-depressao-pos-parto\/#primaryimage\"},\"thumbnailUrl\":\"https:\/\/jornalfatosenoticias.com.br\/wp-content\/uploads\/2023\/03\/Exposicao-a-espacos-verdes-ajuda-a-reduzir-risco-de-depressao-pos-parto.jpg\",\"keywords\":[\"comportamento do beb\u00ea\",\"depress\u00e3o p\u00f3s-parto\",\"espa\u00e7os verdes\",\"estresse\",\"gravidez\"],\"articleSection\":[\"Comportamento &amp; Equil\u00edbrio\"],\"inLanguage\":\"pt-BR\",\"potentialAction\":[{\"@type\":\"CommentAction\",\"name\":\"Comment\",\"target\":[\"https:\/\/jornalfatosenoticias.com.br\/index.php\/2023\/03\/10\/exposicao-a-espacos-verdes-ajuda-a-reduzir-risco-de-depressao-pos-parto\/#respond\"]}]},{\"@type\":\"WebPage\",\"@id\":\"https:\/\/jornalfatosenoticias.com.br\/index.php\/2023\/03\/10\/exposicao-a-espacos-verdes-ajuda-a-reduzir-risco-de-depressao-pos-parto\/\",\"url\":\"https:\/\/jornalfatosenoticias.com.br\/index.php\/2023\/03\/10\/exposicao-a-espacos-verdes-ajuda-a-reduzir-risco-de-depressao-pos-parto\/\",\"name\":\"Exposi\u00e7\u00e3o a espa\u00e7os verdes ajuda a reduzir risco de depress\u00e3o p\u00f3s-parto - Jornal Fatos e Not\u00edcias\",\"isPartOf\":{\"@id\":\"https:\/\/jornalfatosenoticias.com.br\/#website\"},\"primaryImageOfPage\":{\"@id\":\"https:\/\/jornalfatosenoticias.com.br\/index.php\/2023\/03\/10\/exposicao-a-espacos-verdes-ajuda-a-reduzir-risco-de-depressao-pos-parto\/#primaryimage\"},\"image\":{\"@id\":\"https:\/\/jornalfatosenoticias.com.br\/index.php\/2023\/03\/10\/exposicao-a-espacos-verdes-ajuda-a-reduzir-risco-de-depressao-pos-parto\/#primaryimage\"},\"thumbnailUrl\":\"https:\/\/jornalfatosenoticias.com.br\/wp-content\/uploads\/2023\/03\/Exposicao-a-espacos-verdes-ajuda-a-reduzir-risco-de-depressao-pos-parto.jpg\",\"datePublished\":\"2023-03-10T14:22:13+00:00\",\"dateModified\":\"2023-03-10T14:22:14+00:00\",\"breadcrumb\":{\"@id\":\"https:\/\/jornalfatosenoticias.com.br\/index.php\/2023\/03\/10\/exposicao-a-espacos-verdes-ajuda-a-reduzir-risco-de-depressao-pos-parto\/#breadcrumb\"},\"inLanguage\":\"pt-BR\",\"potentialAction\":[{\"@type\":\"ReadAction\",\"target\":[\"https:\/\/jornalfatosenoticias.com.br\/index.php\/2023\/03\/10\/exposicao-a-espacos-verdes-ajuda-a-reduzir-risco-de-depressao-pos-parto\/\"]}]},{\"@type\":\"ImageObject\",\"inLanguage\":\"pt-BR\",\"@id\":\"https:\/\/jornalfatosenoticias.com.br\/index.php\/2023\/03\/10\/exposicao-a-espacos-verdes-ajuda-a-reduzir-risco-de-depressao-pos-parto\/#primaryimage\",\"url\":\"https:\/\/jornalfatosenoticias.com.br\/wp-content\/uploads\/2023\/03\/Exposicao-a-espacos-verdes-ajuda-a-reduzir-risco-de-depressao-pos-parto.jpg\",\"contentUrl\":\"https:\/\/jornalfatosenoticias.com.br\/wp-content\/uploads\/2023\/03\/Exposicao-a-espacos-verdes-ajuda-a-reduzir-risco-de-depressao-pos-parto.jpg\",\"width\":1000,\"height\":666},{\"@type\":\"BreadcrumbList\",\"@id\":\"https:\/\/jornalfatosenoticias.com.br\/index.php\/2023\/03\/10\/exposicao-a-espacos-verdes-ajuda-a-reduzir-risco-de-depressao-pos-parto\/#breadcrumb\",\"itemListElement\":[{\"@type\":\"ListItem\",\"position\":1,\"name\":\"In\u00edcio\",\"item\":\"https:\/\/jornalfatosenoticias.com.br\/\"},{\"@type\":\"ListItem\",\"position\":2,\"name\":\"Exposi\u00e7\u00e3o a espa\u00e7os verdes ajuda a reduzir risco de depress\u00e3o p\u00f3s-parto\"}]},{\"@type\":\"WebSite\",\"@id\":\"https:\/\/jornalfatosenoticias.com.br\/#website\",\"url\":\"https:\/\/jornalfatosenoticias.com.br\/\",\"name\":\"Jornal Fatos e Not\u00edcias\",\"description\":\"Not\u00edcias em geral\",\"publisher\":{\"@id\":\"https:\/\/jornalfatosenoticias.com.br\/#organization\"},\"potentialAction\":[{\"@type\":\"SearchAction\",\"target\":{\"@type\":\"EntryPoint\",\"urlTemplate\":\"https:\/\/jornalfatosenoticias.com.br\/?s={search_term_string}\"},\"query-input\":{\"@type\":\"PropertyValueSpecification\",\"valueRequired\":true,\"valueName\":\"search_term_string\"}}],\"inLanguage\":\"pt-BR\"},{\"@type\":\"Organization\",\"@id\":\"https:\/\/jornalfatosenoticias.com.br\/#organization\",\"name\":\"Jornal Fatos e Not\u00edcias\",\"url\":\"https:\/\/jornalfatosenoticias.com.br\/\",\"logo\":{\"@type\":\"ImageObject\",\"inLanguage\":\"pt-BR\",\"@id\":\"https:\/\/jornalfatosenoticias.com.br\/#\/schema\/logo\/image\/\",\"url\":\"https:\/\/jornalfatosenoticias.com.br\/wp-content\/uploads\/2020\/02\/logo120.png\",\"contentUrl\":\"https:\/\/jornalfatosenoticias.com.br\/wp-content\/uploads\/2020\/02\/logo120.png\",\"width\":1227,\"height\":120,\"caption\":\"Jornal Fatos e Not\u00edcias\"},\"image\":{\"@id\":\"https:\/\/jornalfatosenoticias.com.br\/#\/schema\/logo\/image\/\"}},{\"@type\":\"Person\",\"@id\":\"https:\/\/jornalfatosenoticias.com.br\/#\/schema\/person\/d63837fa13ac8666eb9e74e0985d6f81\",\"name\":\"Luzimara Fernandes\",\"image\":{\"@type\":\"ImageObject\",\"inLanguage\":\"pt-BR\",\"@id\":\"https:\/\/jornalfatosenoticias.com.br\/#\/schema\/person\/image\/\",\"url\":\"https:\/\/jornalfatosenoticias.com.br\/wp-content\/uploads\/2025\/05\/EU_portal.jpg\",\"contentUrl\":\"https:\/\/jornalfatosenoticias.com.br\/wp-content\/uploads\/2025\/05\/EU_portal.jpg\",\"caption\":\"Luzimara Fernandes\"},\"description\":\"Jornalista MTB 2358-ES\",\"sameAs\":[\"https:\/\/jornalfatosenoticias.com.br\"],\"url\":\"https:\/\/jornalfatosenoticias.com.br\/index.php\/author\/luzimara\/\"}]}<\/script>\n<!-- \/ Yoast SEO plugin. -->","yoast_head_json":{"title":"Exposi\u00e7\u00e3o a espa\u00e7os verdes ajuda a reduzir risco de depress\u00e3o p\u00f3s-parto - Jornal Fatos e Not\u00edcias","robots":{"index":"index","follow":"follow","max-snippet":"max-snippet:-1","max-image-preview":"max-image-preview:large","max-video-preview":"max-video-preview:-1"},"canonical":"https:\/\/jornalfatosenoticias.com.br\/index.php\/2023\/03\/10\/exposicao-a-espacos-verdes-ajuda-a-reduzir-risco-de-depressao-pos-parto\/","og_locale":"pt_BR","og_type":"article","og_title":"Exposi\u00e7\u00e3o a espa\u00e7os verdes ajuda a reduzir risco de depress\u00e3o p\u00f3s-parto - Jornal Fatos e Not\u00edcias","og_description":"De acordo com estudo, risco de depress\u00e3o p\u00f3s-parto diminui aproximadamente 4,2% a cada aumento de 10% no espa\u00e7o verde ao n\u00edvel dos olhos Um estudo realizado pela Universidade da Calif\u00f3rnia conclui que a exposi\u00e7\u00e3o a espa\u00e7os verdes, principalmente aqueles que possuem \u00e1rvores, est\u00e1 associada a uma diminui\u00e7\u00e3o do risco de depress\u00e3o p\u00f3s-parto. A pesquisa, publicada [&hellip;]","og_url":"https:\/\/jornalfatosenoticias.com.br\/index.php\/2023\/03\/10\/exposicao-a-espacos-verdes-ajuda-a-reduzir-risco-de-depressao-pos-parto\/","og_site_name":"Jornal Fatos e Not\u00edcias","article_published_time":"2023-03-10T14:22:13+00:00","article_modified_time":"2023-03-10T14:22:14+00:00","og_image":[{"width":1000,"height":666,"url":"https:\/\/jornalfatosenoticias.com.br\/wp-content\/uploads\/2023\/03\/Exposicao-a-espacos-verdes-ajuda-a-reduzir-risco-de-depressao-pos-parto.jpg","type":"image\/jpeg"}],"author":"Luzimara Fernandes","twitter_card":"summary_large_image","twitter_misc":{"Escrito por":"Luzimara Fernandes","Est. tempo de leitura":"3 minutos"},"schema":{"@context":"https:\/\/schema.org","@graph":[{"@type":"Article","@id":"https:\/\/jornalfatosenoticias.com.br\/index.php\/2023\/03\/10\/exposicao-a-espacos-verdes-ajuda-a-reduzir-risco-de-depressao-pos-parto\/#article","isPartOf":{"@id":"https:\/\/jornalfatosenoticias.com.br\/index.php\/2023\/03\/10\/exposicao-a-espacos-verdes-ajuda-a-reduzir-risco-de-depressao-pos-parto\/"},"author":{"name":"Luzimara Fernandes","@id":"https:\/\/jornalfatosenoticias.com.br\/#\/schema\/person\/d63837fa13ac8666eb9e74e0985d6f81"},"headline":"Exposi\u00e7\u00e3o a espa\u00e7os verdes ajuda a reduzir risco de depress\u00e3o p\u00f3s-parto","datePublished":"2023-03-10T14:22:13+00:00","dateModified":"2023-03-10T14:22:14+00:00","mainEntityOfPage":{"@id":"https:\/\/jornalfatosenoticias.com.br\/index.php\/2023\/03\/10\/exposicao-a-espacos-verdes-ajuda-a-reduzir-risco-de-depressao-pos-parto\/"},"wordCount":517,"commentCount":0,"publisher":{"@id":"https:\/\/jornalfatosenoticias.com.br\/#organization"},"image":{"@id":"https:\/\/jornalfatosenoticias.com.br\/index.php\/2023\/03\/10\/exposicao-a-espacos-verdes-ajuda-a-reduzir-risco-de-depressao-pos-parto\/#primaryimage"},"thumbnailUrl":"https:\/\/jornalfatosenoticias.com.br\/wp-content\/uploads\/2023\/03\/Exposicao-a-espacos-verdes-ajuda-a-reduzir-risco-de-depressao-pos-parto.jpg","keywords":["comportamento do beb\u00ea","depress\u00e3o p\u00f3s-parto","espa\u00e7os verdes","estresse","gravidez"],"articleSection":["Comportamento &amp; Equil\u00edbrio"],"inLanguage":"pt-BR","potentialAction":[{"@type":"CommentAction","name":"Comment","target":["https:\/\/jornalfatosenoticias.com.br\/index.php\/2023\/03\/10\/exposicao-a-espacos-verdes-ajuda-a-reduzir-risco-de-depressao-pos-parto\/#respond"]}]},{"@type":"WebPage","@id":"https:\/\/jornalfatosenoticias.com.br\/index.php\/2023\/03\/10\/exposicao-a-espacos-verdes-ajuda-a-reduzir-risco-de-depressao-pos-parto\/","url":"https:\/\/jornalfatosenoticias.com.br\/index.php\/2023\/03\/10\/exposicao-a-espacos-verdes-ajuda-a-reduzir-risco-de-depressao-pos-parto\/","name":"Exposi\u00e7\u00e3o a espa\u00e7os verdes ajuda a reduzir risco de depress\u00e3o p\u00f3s-parto - Jornal Fatos e Not\u00edcias","isPartOf":{"@id":"https:\/\/jornalfatosenoticias.com.br\/#website"},"primaryImageOfPage":{"@id":"https:\/\/jornalfatosenoticias.com.br\/index.php\/2023\/03\/10\/exposicao-a-espacos-verdes-ajuda-a-reduzir-risco-de-depressao-pos-parto\/#primaryimage"},"image":{"@id":"https:\/\/jornalfatosenoticias.com.br\/index.php\/2023\/03\/10\/exposicao-a-espacos-verdes-ajuda-a-reduzir-risco-de-depressao-pos-parto\/#primaryimage"},"thumbnailUrl":"https:\/\/jornalfatosenoticias.com.br\/wp-content\/uploads\/2023\/03\/Exposicao-a-espacos-verdes-ajuda-a-reduzir-risco-de-depressao-pos-parto.jpg","datePublished":"2023-03-10T14:22:13+00:00","dateModified":"2023-03-10T14:22:14+00:00","breadcrumb":{"@id":"https:\/\/jornalfatosenoticias.com.br\/index.php\/2023\/03\/10\/exposicao-a-espacos-verdes-ajuda-a-reduzir-risco-de-depressao-pos-parto\/#breadcrumb"},"inLanguage":"pt-BR","potentialAction":[{"@type":"ReadAction","target":["https:\/\/jornalfatosenoticias.com.br\/index.php\/2023\/03\/10\/exposicao-a-espacos-verdes-ajuda-a-reduzir-risco-de-depressao-pos-parto\/"]}]},{"@type":"ImageObject","inLanguage":"pt-BR","@id":"https:\/\/jornalfatosenoticias.com.br\/index.php\/2023\/03\/10\/exposicao-a-espacos-verdes-ajuda-a-reduzir-risco-de-depressao-pos-parto\/#primaryimage","url":"https:\/\/jornalfatosenoticias.com.br\/wp-content\/uploads\/2023\/03\/Exposicao-a-espacos-verdes-ajuda-a-reduzir-risco-de-depressao-pos-parto.jpg","contentUrl":"https:\/\/jornalfatosenoticias.com.br\/wp-content\/uploads\/2023\/03\/Exposicao-a-espacos-verdes-ajuda-a-reduzir-risco-de-depressao-pos-parto.jpg","width":1000,"height":666},{"@type":"BreadcrumbList","@id":"https:\/\/jornalfatosenoticias.com.br\/index.php\/2023\/03\/10\/exposicao-a-espacos-verdes-ajuda-a-reduzir-risco-de-depressao-pos-parto\/#breadcrumb","itemListElement":[{"@type":"ListItem","position":1,"name":"In\u00edcio","item":"https:\/\/jornalfatosenoticias.com.br\/"},{"@type":"ListItem","position":2,"name":"Exposi\u00e7\u00e3o a espa\u00e7os verdes ajuda a reduzir risco de depress\u00e3o p\u00f3s-parto"}]},{"@type":"WebSite","@id":"https:\/\/jornalfatosenoticias.com.br\/#website","url":"https:\/\/jornalfatosenoticias.com.br\/","name":"Jornal Fatos e Not\u00edcias","description":"Not\u00edcias em geral","publisher":{"@id":"https:\/\/jornalfatosenoticias.com.br\/#organization"},"potentialAction":[{"@type":"SearchAction","target":{"@type":"EntryPoint","urlTemplate":"https:\/\/jornalfatosenoticias.com.br\/?s={search_term_string}"},"query-input":{"@type":"PropertyValueSpecification","valueRequired":true,"valueName":"search_term_string"}}],"inLanguage":"pt-BR"},{"@type":"Organization","@id":"https:\/\/jornalfatosenoticias.com.br\/#organization","name":"Jornal Fatos e Not\u00edcias","url":"https:\/\/jornalfatosenoticias.com.br\/","logo":{"@type":"ImageObject","inLanguage":"pt-BR","@id":"https:\/\/jornalfatosenoticias.com.br\/#\/schema\/logo\/image\/","url":"https:\/\/jornalfatosenoticias.com.br\/wp-content\/uploads\/2020\/02\/logo120.png","contentUrl":"https:\/\/jornalfatosenoticias.com.br\/wp-content\/uploads\/2020\/02\/logo120.png","width":1227,"height":120,"caption":"Jornal Fatos e Not\u00edcias"},"image":{"@id":"https:\/\/jornalfatosenoticias.com.br\/#\/schema\/logo\/image\/"}},{"@type":"Person","@id":"https:\/\/jornalfatosenoticias.com.br\/#\/schema\/person\/d63837fa13ac8666eb9e74e0985d6f81","name":"Luzimara Fernandes","image":{"@type":"ImageObject","inLanguage":"pt-BR","@id":"https:\/\/jornalfatosenoticias.com.br\/#\/schema\/person\/image\/","url":"https:\/\/jornalfatosenoticias.com.br\/wp-content\/uploads\/2025\/05\/EU_portal.jpg","contentUrl":"https:\/\/jornalfatosenoticias.com.br\/wp-content\/uploads\/2025\/05\/EU_portal.jpg","caption":"Luzimara Fernandes"},"description":"Jornalista MTB 2358-ES","sameAs":["https:\/\/jornalfatosenoticias.com.br"],"url":"https:\/\/jornalfatosenoticias.com.br\/index.php\/author\/luzimara\/"}]}},"cc_featured_image_caption":{"caption_text":"","source_text":"","source_url":""},"jetpack_featured_media_url":"https:\/\/jornalfatosenoticias.com.br\/wp-content\/uploads\/2023\/03\/Exposicao-a-espacos-verdes-ajuda-a-reduzir-risco-de-depressao-pos-parto.jpg","_links":{"self":[{"href":"https:\/\/jornalfatosenoticias.com.br\/index.php\/wp-json\/wp\/v2\/posts\/39529","targetHints":{"allow":["GET"]}}],"collection":[{"href":"https:\/\/jornalfatosenoticias.com.br\/index.php\/wp-json\/wp\/v2\/posts"}],"about":[{"href":"https:\/\/jornalfatosenoticias.com.br\/index.php\/wp-json\/wp\/v2\/types\/post"}],"author":[{"embeddable":true,"href":"https:\/\/jornalfatosenoticias.com.br\/index.php\/wp-json\/wp\/v2\/users\/2"}],"replies":[{"embeddable":true,"href":"https:\/\/jornalfatosenoticias.com.br\/index.php\/wp-json\/wp\/v2\/comments?post=39529"}],"version-history":[{"count":0,"href":"https:\/\/jornalfatosenoticias.com.br\/index.php\/wp-json\/wp\/v2\/posts\/39529\/revisions"}],"wp:featuredmedia":[{"embeddable":true,"href":"https:\/\/jornalfatosenoticias.com.br\/index.php\/wp-json\/wp\/v2\/media\/39530"}],"wp:attachment":[{"href":"https:\/\/jornalfatosenoticias.com.br\/index.php\/wp-json\/wp\/v2\/media?parent=39529"}],"wp:term":[{"taxonomy":"category","embeddable":true,"href":"https:\/\/jornalfatosenoticias.com.br\/index.php\/wp-json\/wp\/v2\/categories?post=39529"},{"taxonomy":"post_tag","embeddable":true,"href":"https:\/\/jornalfatosenoticias.com.br\/index.php\/wp-json\/wp\/v2\/tags?post=39529"}],"curies":[{"name":"wp","href":"https:\/\/api.w.org\/{rel}","templated":true}]}}