{"id":39556,"date":"2023-03-13T12:52:49","date_gmt":"2023-03-13T15:52:49","guid":{"rendered":"https:\/\/jornalfatosenoticias.com.br\/?p=39556"},"modified":"2023-03-13T12:52:49","modified_gmt":"2023-03-13T15:52:49","slug":"obra-do-vlt-para-copa-do-mundo-comeca-a-ser-desmontada-em-cuiaba","status":"publish","type":"post","link":"https:\/\/jornalfatosenoticias.com.br\/index.php\/2023\/03\/13\/obra-do-vlt-para-copa-do-mundo-comeca-a-ser-desmontada-em-cuiaba\/","title":{"rendered":"Obra do VLT para Copa do Mundo come\u00e7a a ser desmontada em Cuiab\u00e1"},"content":{"rendered":"\n<p><em><span class=\"has-inline-color has-black-color\">A obra foi iniciada e deveria ter sido conclu\u00edda antes da abertura da Copa do Mundo de 2014, mas embora tenha consumido cerca de R$ 1 bilh\u00e3o dos cofres p\u00fablicos, nunca foi conclu\u00edda<\/span><\/em><\/p>\n\n\n\n<div class=\"wp-block-image\"><figure class=\"aligncenter size-large\"><img loading=\"lazy\" decoding=\"async\" width=\"1024\" height=\"100\" src=\"https:\/\/jornalfatosenoticias.com.br\/wp-content\/uploads\/2020\/02\/banner_ferramentas-1024x100.jpg\" alt=\"\" class=\"wp-image-1258\" srcset=\"https:\/\/jornalfatosenoticias.com.br\/wp-content\/uploads\/2020\/02\/banner_ferramentas-1024x100.jpg 1024w, https:\/\/jornalfatosenoticias.com.br\/wp-content\/uploads\/2020\/02\/banner_ferramentas-300x29.jpg 300w, https:\/\/jornalfatosenoticias.com.br\/wp-content\/uploads\/2020\/02\/banner_ferramentas-768x75.jpg 768w, https:\/\/jornalfatosenoticias.com.br\/wp-content\/uploads\/2020\/02\/banner_ferramentas.jpg 1227w\" sizes=\"auto, (max-width: 1024px) 100vw, 1024px\" \/><\/figure><\/div>\n\n\n\n<p>Contratado pelo governo de Mato Grosso para construir a infraestrutura necess\u00e1ria ao funcionamento do futuro sistema de transporte r\u00e1pido por \u00f4nibus (BRT) que ligar\u00e1 a capital Cuiab\u00e1 \u00e0 cidade vizinha, V\u00e1rzea Grande, o Cons\u00f3rcio PN Pr\u00edncipe come\u00e7ou, nesta semana, a retirar os trilhos que dar\u00e3o lugar a um novo corredor vi\u00e1rio.<\/p>\n\n\n\n<div class=\"wp-block-image\"><figure class=\"aligncenter size-large is-resized\"><img loading=\"lazy\" decoding=\"async\" src=\"https:\/\/jornalfatosenoticias.com.br\/wp-content\/uploads\/2022\/10\/RC_800x750_page-0001.jpg\" alt=\"\" class=\"wp-image-35338\" width=\"279\" height=\"262\" srcset=\"https:\/\/jornalfatosenoticias.com.br\/wp-content\/uploads\/2022\/10\/RC_800x750_page-0001.jpg 400w, https:\/\/jornalfatosenoticias.com.br\/wp-content\/uploads\/2022\/10\/RC_800x750_page-0001-300x281.jpg 300w\" sizes=\"auto, (max-width: 279px) 100vw, 279px\" \/><\/figure><\/div>\n\n\n\n<blockquote class=\"wp-block-quote is-layout-flow wp-block-quote-is-layout-flow\"><p><span class=\"has-inline-color has-luminous-vivid-orange-color\">Os trilhos s\u00e3o fruto de um malsucedido projeto que previa interligar Cuiab\u00e1 e V\u00e1rzea Grande por meio de um outro sistema, o de Ve\u00edculos Leves Sobre Trilhos (VLT). A obra foi iniciada e deveria ter sido conclu\u00edda antes da abertura da Copa do Mundo de 2014, mas embora tenha consumido cerca de R$ 1 bilh\u00e3o dos cofres p\u00fablicos, nunca foi conclu\u00edda.<\/span><\/p><\/blockquote>\n\n\n\n<div class=\"wp-block-image\"><figure class=\"aligncenter size-large is-resized\"><img loading=\"lazy\" decoding=\"async\" src=\"https:\/\/jornalfatosenoticias.com.br\/wp-content\/uploads\/2022\/08\/logo-locau-veiculos-1024x573.png\" alt=\"\" class=\"wp-image-33078\" width=\"282\" height=\"157\"\/><\/figure><\/div>\n\n\n\n<p>Devido ao atraso e, principalmente, \u00e0s den\u00fancias de irregularidades no projeto, o governo mato-grossense decidiu rescindir o contrato para constru\u00e7\u00e3o do VLT ainda em 2017. Tr\u00eas anos depois, com as obras abandonadas, o governador Mauro Mendes decidiu desmontar parte da estrutura rec\u00e9m-constru\u00edda e substituir o projeto original por outro, que prev\u00ea a implementa\u00e7\u00e3o do BRT.<\/p>\n\n\n\n<div class=\"wp-block-image\"><figure class=\"aligncenter size-large\"><img decoding=\"async\" src=\"https:\/\/jornalfatosenoticias.com.br\/wp-content\/uploads\/2020\/02\/logo_esteio.jpg\" alt=\"\" class=\"wp-image-1214\"\/><\/figure><\/div>\n\n\n\n<p>Ainda que quase 80% do projeto inicial, do VLT, tenha sido executado, o governo estadual afirma que gastar\u00e1 menos dinheiro p\u00fablico desmontando parte da infraestrutura j\u00e1 instalada e erguendo em seu lugar as obras que o BRT exigem do que se optasse por reparar os estragos causados pelo tempo e conclu\u00edsse o que falta para o VLT poder operar.<\/p>\n\n\n\n<div class=\"wp-block-image\"><figure class=\"aligncenter size-large is-resized\"><img loading=\"lazy\" decoding=\"async\" src=\"https:\/\/jornalfatosenoticias.com.br\/wp-content\/uploads\/2022\/07\/Logo-Grupo-SEI.jpg\" alt=\"\" class=\"wp-image-31973\" width=\"309\" height=\"162\" srcset=\"https:\/\/jornalfatosenoticias.com.br\/wp-content\/uploads\/2022\/07\/Logo-Grupo-SEI.jpg 713w, https:\/\/jornalfatosenoticias.com.br\/wp-content\/uploads\/2022\/07\/Logo-Grupo-SEI-300x158.jpg 300w\" sizes=\"auto, (max-width: 309px) 100vw, 309px\" \/><\/figure><\/div>\n\n\n\n<p>O governo mato-grossense tamb\u00e9m defende que a opera\u00e7\u00e3o do BRT \u00e9 menos custosa que a do VLT, o que permitir\u00e1 ao operador cobrar dos usu\u00e1rios uma \u201ctarifa mais acess\u00edvel\u201d. Ainda segundo o governo estadual, o sistema de \u00f4nibus pode ser mais facilmente expandido para atender outras regi\u00f5es. Al\u00e9m disso, argumenta, o corredor vi\u00e1rio que ser\u00e1 aberto poder\u00e1 ser usado pelos outros \u00f4nibus, garantindo a melhoria da mobilidade urbana.<\/p>\n\n\n\n<div class=\"wp-block-image\"><figure class=\"aligncenter size-large is-resized\"><img loading=\"lazy\" decoding=\"async\" src=\"https:\/\/jornalfatosenoticias.com.br\/wp-content\/uploads\/2020\/02\/casa-do-torresmo_portal.jpg\" alt=\"\" class=\"wp-image-34472\" width=\"265\" height=\"265\" srcset=\"https:\/\/jornalfatosenoticias.com.br\/wp-content\/uploads\/2020\/02\/casa-do-torresmo_portal.jpg 300w, https:\/\/jornalfatosenoticias.com.br\/wp-content\/uploads\/2020\/02\/casa-do-torresmo_portal-150x150.jpg 150w\" sizes=\"auto, (max-width: 265px) 100vw, 265px\" \/><\/figure><\/div>\n\n\n\n<p>A decis\u00e3o do governo estadual n\u00e3o foi bem recebida pela prefeitura de Cuiab\u00e1, que acionou o Tribunal de Contas da Uni\u00e3o (TCU) e o Tribunal de Contas estadual (TCE-MT) para tentar impedir a constru\u00e7\u00e3o do BRT e garantir a conclus\u00e3o do VLT.<\/p>\n\n\n\n<div class=\"wp-block-image\"><figure class=\"aligncenter size-large\"><img decoding=\"async\" src=\"https:\/\/jornalfatosenoticias.com.br\/wp-content\/uploads\/2020\/02\/Logomarca-Principal.gif\" alt=\"\" class=\"wp-image-7872\"\/><\/figure><\/div>\n\n\n\n<p>O TCE-MT rejeitou o pedido da prefeitura, mas o TCU o acolheu, determinando a suspens\u00e3o das obras que estavam sendo executadas para trocar os sistemas de transporte p\u00fablico. No entanto, em 20 de dezembro do ano passado, o ministro Dias Toffoli, do Supremo Tribunal Federal (STF), decidiu n\u00e3o haver motivos para o TCU atuar no processo, j\u00e1 que o empreendimento n\u00e3o conta com verbas p\u00fablicas federais desde 2017, quando o contrato com o Cons\u00f3rcio VLT foi rescindido e o governo estadual, na sequ\u00eancia, quitou as d\u00edvidas de financiamento contra\u00eddas com a Caixa Econ\u00f4mica.<\/p>\n\n\n\n<div class=\"wp-block-image\"><figure class=\"aligncenter size-large\"><img decoding=\"async\" src=\"https:\/\/jornalfatosenoticias.com.br\/wp-content\/uploads\/2020\/02\/barao-das-carnes-300x164-1.jpg\" alt=\"\" class=\"wp-image-34339\"\/><\/figure><\/div>\n\n\n\n<p>Apesar disso, a prefeitura de Cuiab\u00e1 segue criticando a substitui\u00e7\u00e3o do modal de transporte. Membros do Executivo municipal afirmam que o projeto \u201cn\u00e3o possui nenhuma consist\u00eancia t\u00e9cnica\u201d e apresentaram ao Minist\u00e9rio P\u00fablico estadual uma den\u00fancia sobre supostas irregularidades na licita\u00e7\u00e3o \u2014 vale lembrar que, em 2017, ou seja, tr\u00eas anos ap\u00f3s iniciar as obras, o ex-governador Silval Barbosa foi investigado e admitiu ao Minist\u00e9rio P\u00fablico Federal (MPF) ter recebido cerca de R$ 18 milh\u00f5es do cons\u00f3rcio anteriormente selecionado para instalar o VLT.<\/p>\n\n\n\n<div class=\"wp-block-image\"><figure class=\"aligncenter size-large\"><img loading=\"lazy\" decoding=\"async\" width=\"300\" height=\"250\" src=\"https:\/\/jornalfatosenoticias.com.br\/wp-content\/uploads\/2022\/08\/arte-Casarao.jpg\" alt=\"\" class=\"wp-image-33178\"\/><\/figure><\/div>\n\n\n\n<blockquote class=\"wp-block-quote is-layout-flow wp-block-quote-is-layout-flow\"><p><span class=\"has-inline-color has-luminous-vivid-orange-color\">N\u00e3o h\u00e1 o menor bom senso em dizer que o BRT, que est\u00e1 come\u00e7ando do zero, \u00e9 mais barato que o VLT, que j\u00e1 tinha [mais de] 70% das obras executadas e boa parte dos seus recursos pagos\u201d, afirma o prefeito de Cuiab\u00e1, Emanuel Pinheiro, defendendo a conclus\u00e3o do VLT.<\/span><\/p><\/blockquote>\n\n\n\n<div class=\"wp-block-image\"><figure class=\"aligncenter size-large\"><img loading=\"lazy\" decoding=\"async\" width=\"729\" height=\"90\" src=\"https:\/\/jornalfatosenoticias.com.br\/wp-content\/uploads\/2020\/02\/Logo_Mizu.png\" alt=\"\" class=\"wp-image-1441\" srcset=\"https:\/\/jornalfatosenoticias.com.br\/wp-content\/uploads\/2020\/02\/Logo_Mizu.png 729w, https:\/\/jornalfatosenoticias.com.br\/wp-content\/uploads\/2020\/02\/Logo_Mizu-300x37.png 300w\" sizes=\"auto, (max-width: 729px) 100vw, 729px\" \/><\/figure><\/div>\n\n\n\n<p>Em nota divulgada neste s\u00e1bado (11), o Sindicato Interestadual da Ind\u00fastria de Materiais e Equipamentos Ferrovi\u00e1rios e Rodovi\u00e1rios (Simefre) tamb\u00e9m questionou a op\u00e7\u00e3o do governo estadual.<\/p>\n\n\n\n<div class=\"wp-block-image\"><figure class=\"aligncenter size-large is-resized\"><img loading=\"lazy\" decoding=\"async\" src=\"https:\/\/jornalfatosenoticias.com.br\/wp-content\/uploads\/2022\/02\/Precisao-Contabilidade-1024x724.jpg\" alt=\"\" class=\"wp-image-28088\" width=\"297\" height=\"210\"\/><\/figure><\/div>\n\n\n\n<blockquote class=\"wp-block-quote is-layout-flow wp-block-quote-is-layout-flow\"><p><span class=\"has-inline-color has-luminous-vivid-orange-color\">O Estado do Mato Grosso j\u00e1 tinha desembolsado vultosos valores com o projeto de VLT (da ordem de R$ 1 bilh\u00e3o), fruto de uma escolha p\u00fablica e oficial, adquirindo grande parte da estrutura do modal que atualmente j\u00e1 se encontra projetada e instalada\u201d, aponta a entidade.<\/span><\/p><\/blockquote>\n\n\n\n<div class=\"wp-block-image\"><figure class=\"aligncenter size-large is-resized\"><img loading=\"lazy\" decoding=\"async\" src=\"https:\/\/jornalfatosenoticias.com.br\/wp-content\/uploads\/2020\/02\/logo-Panper_portal.jpg\" alt=\"\" class=\"wp-image-34474\" width=\"290\" height=\"201\" srcset=\"https:\/\/jornalfatosenoticias.com.br\/wp-content\/uploads\/2020\/02\/logo-Panper_portal.jpg 400w, https:\/\/jornalfatosenoticias.com.br\/wp-content\/uploads\/2020\/02\/logo-Panper_portal-300x208.jpg 300w\" sizes=\"auto, (max-width: 290px) 100vw, 290px\" \/><\/figure><\/div>\n\n\n\n<p>O Simefre lembra ainda que mal haviam iniciado as obras do VLT, o cons\u00f3rcio respons\u00e1vel comprou os trens que seriam usados no sistema. Posteriormente, com o rompimento do contrato, a Justi\u00e7a decidiu que os vag\u00f5es, pagos com o dinheiro p\u00fablico destinado \u00e0 obra, pertenciam ao governo estadual. Desde ent\u00e3o, os trens, assim como outros equipamentos adquiridos com recursos p\u00fablicos, est\u00e3o parados, demandando manuten\u00e7\u00e3o peri\u00f3dica.<\/p>\n\n\n\n<div class=\"wp-block-image\"><figure class=\"aligncenter size-large is-resized\"><img loading=\"lazy\" decoding=\"async\" src=\"https:\/\/jornalfatosenoticias.com.br\/wp-content\/uploads\/2023\/03\/Crypton-1000-\u00d7-900-px.png\" alt=\"\" class=\"wp-image-39189\" width=\"261\" height=\"235\" srcset=\"https:\/\/jornalfatosenoticias.com.br\/wp-content\/uploads\/2023\/03\/Crypton-1000-\u00d7-900-px.png 1000w, https:\/\/jornalfatosenoticias.com.br\/wp-content\/uploads\/2023\/03\/Crypton-1000-\u00d7-900-px-300x270.png 300w, https:\/\/jornalfatosenoticias.com.br\/wp-content\/uploads\/2023\/03\/Crypton-1000-\u00d7-900-px-768x691.png 768w\" sizes=\"auto, (max-width: 261px) 100vw, 261px\" \/><\/figure><\/div>\n\n\n\n<p>Para o sindicato, o projeto inicial, de instala\u00e7\u00e3o do VLT, \u201cpoderia e deveria ser finalizado, independentemente de ter havido algum ato de corrup\u00e7\u00e3o durante a execu\u00e7\u00e3o do contrato \u2014 os quais certamente n\u00e3o diminuem a relev\u00e2ncia e necessidade da obra\u201d.<\/p>\n\n\n\n<div class=\"wp-block-image\"><figure class=\"aligncenter size-large\"><img loading=\"lazy\" decoding=\"async\" width=\"300\" height=\"250\" src=\"https:\/\/jornalfatosenoticias.com.br\/wp-content\/uploads\/2022\/02\/Banner-2.png\" alt=\"\" class=\"wp-image-27877\"\/><\/figure><\/div>\n\n\n\n<p>Segundo a entidade, a op\u00e7\u00e3o pelo BRT, conforme proposta pelo governo estadual, \u201ctraz grande inseguran\u00e7a jur\u00eddica, tanto para esse projeto espec\u00edfico quanto para futuros projetos de mobilidade no Pa\u00eds, que n\u00e3o podem ser modificados ou cancelados aos sabores de decis\u00f5es pol\u00edticas sem fundamentos t\u00e9cnicos\u201d.<\/p>\n\n\n\n<div class=\"wp-block-image\"><figure class=\"aligncenter size-large\"><img decoding=\"async\" src=\"https:\/\/jornalfatosenoticias.com.br\/wp-content\/uploads\/2023\/02\/faserra_portal.jpg\" alt=\"\" class=\"wp-image-38905\"\/><\/figure><\/div>\n\n\n\n<p><strong><em>Fonte: <a href=\"https:\/\/gazetabrasil.com.br\/brasil\/2023\/03\/13\/obra-do-vlt-para-copa-do-mundo-sera-comeca-a-ser-desmontada-em-cuiaba\/\">Gazeta Brasil<\/a><\/em><\/strong><\/p>\n","protected":false},"excerpt":{"rendered":"<p>A obra foi iniciada e deveria ter sido conclu\u00edda antes da abertura da Copa do Mundo de 2014, mas embora tenha consumido cerca de R$ 1 bilh\u00e3o dos cofres p\u00fablicos, nunca foi conclu\u00edda Contratado pelo governo de Mato Grosso para construir a infraestrutura necess\u00e1ria ao funcionamento do futuro sistema de transporte r\u00e1pido por \u00f4nibus (BRT) [&hellip;]<\/p>\n","protected":false},"author":2,"featured_media":39557,"comment_status":"open","ping_status":"open","sticky":false,"template":"","format":"standard","meta":{"footnotes":""},"categories":[9923],"tags":[5334,10242,12670,13851,18501,18502],"class_list":["post-39556","post","type-post","status-publish","format-standard","has-post-thumbnail","hentry","category-mobilidade","tag-copa-do-mundo","tag-corrupcao-sistemica","tag-cuiaba","tag-desvios-de-recursos-publicos","tag-obras-inacabadas","tag-vlt"],"yoast_head":"<!-- This site is optimized with the Yoast SEO plugin v26.5 - https:\/\/yoast.com\/wordpress\/plugins\/seo\/ -->\n<title>Obra do VLT para Copa do Mundo come\u00e7a a ser desmontada em Cuiab\u00e1 - Jornal Fatos e Not\u00edcias<\/title>\n<meta name=\"robots\" content=\"index, follow, max-snippet:-1, max-image-preview:large, max-video-preview:-1\" \/>\n<link rel=\"canonical\" href=\"https:\/\/jornalfatosenoticias.com.br\/index.php\/2023\/03\/13\/obra-do-vlt-para-copa-do-mundo-comeca-a-ser-desmontada-em-cuiaba\/\" \/>\n<meta property=\"og:locale\" content=\"pt_BR\" \/>\n<meta property=\"og:type\" content=\"article\" \/>\n<meta property=\"og:title\" content=\"Obra do VLT para Copa do Mundo come\u00e7a a ser desmontada em Cuiab\u00e1 - Jornal Fatos e Not\u00edcias\" \/>\n<meta property=\"og:description\" content=\"A obra foi iniciada e deveria ter sido conclu\u00edda antes da abertura da Copa do Mundo de 2014, mas embora tenha consumido cerca de R$ 1 bilh\u00e3o dos cofres p\u00fablicos, nunca foi conclu\u00edda Contratado pelo governo de Mato Grosso para construir a infraestrutura necess\u00e1ria ao funcionamento do futuro sistema de transporte r\u00e1pido por \u00f4nibus (BRT) [&hellip;]\" \/>\n<meta property=\"og:url\" content=\"https:\/\/jornalfatosenoticias.com.br\/index.php\/2023\/03\/13\/obra-do-vlt-para-copa-do-mundo-comeca-a-ser-desmontada-em-cuiaba\/\" \/>\n<meta property=\"og:site_name\" content=\"Jornal Fatos e Not\u00edcias\" \/>\n<meta property=\"article:published_time\" content=\"2023-03-13T15:52:49+00:00\" \/>\n<meta property=\"og:image\" content=\"https:\/\/jornalfatosenoticias.com.br\/wp-content\/uploads\/2023\/03\/VLT_Cuiaba.jpg\" \/>\n\t<meta property=\"og:image:width\" content=\"1000\" \/>\n\t<meta property=\"og:image:height\" content=\"522\" \/>\n\t<meta property=\"og:image:type\" content=\"image\/jpeg\" \/>\n<meta name=\"author\" content=\"Luzimara Fernandes\" \/>\n<meta name=\"twitter:card\" content=\"summary_large_image\" \/>\n<meta name=\"twitter:label1\" content=\"Escrito por\" \/>\n\t<meta name=\"twitter:data1\" content=\"Luzimara Fernandes\" \/>\n\t<meta name=\"twitter:label2\" content=\"Est. tempo de leitura\" \/>\n\t<meta name=\"twitter:data2\" content=\"4 minutos\" \/>\n<script type=\"application\/ld+json\" class=\"yoast-schema-graph\">{\"@context\":\"https:\/\/schema.org\",\"@graph\":[{\"@type\":\"Article\",\"@id\":\"https:\/\/jornalfatosenoticias.com.br\/index.php\/2023\/03\/13\/obra-do-vlt-para-copa-do-mundo-comeca-a-ser-desmontada-em-cuiaba\/#article\",\"isPartOf\":{\"@id\":\"https:\/\/jornalfatosenoticias.com.br\/index.php\/2023\/03\/13\/obra-do-vlt-para-copa-do-mundo-comeca-a-ser-desmontada-em-cuiaba\/\"},\"author\":{\"name\":\"Luzimara Fernandes\",\"@id\":\"https:\/\/jornalfatosenoticias.com.br\/#\/schema\/person\/d63837fa13ac8666eb9e74e0985d6f81\"},\"headline\":\"Obra do VLT para Copa do Mundo come\u00e7a a ser desmontada em Cuiab\u00e1\",\"datePublished\":\"2023-03-13T15:52:49+00:00\",\"mainEntityOfPage\":{\"@id\":\"https:\/\/jornalfatosenoticias.com.br\/index.php\/2023\/03\/13\/obra-do-vlt-para-copa-do-mundo-comeca-a-ser-desmontada-em-cuiaba\/\"},\"wordCount\":910,\"commentCount\":0,\"publisher\":{\"@id\":\"https:\/\/jornalfatosenoticias.com.br\/#organization\"},\"image\":{\"@id\":\"https:\/\/jornalfatosenoticias.com.br\/index.php\/2023\/03\/13\/obra-do-vlt-para-copa-do-mundo-comeca-a-ser-desmontada-em-cuiaba\/#primaryimage\"},\"thumbnailUrl\":\"https:\/\/jornalfatosenoticias.com.br\/wp-content\/uploads\/2023\/03\/VLT_Cuiaba.jpg\",\"keywords\":[\"Copa do Mundo\",\"corrup\u00e7\u00e3o sist\u00eamica\",\"Cuiab\u00e1\",\"desvios de recursos p\u00fablicos\",\"obras inacabadas\",\"VLT\"],\"articleSection\":[\"Mobilidade\"],\"inLanguage\":\"pt-BR\",\"potentialAction\":[{\"@type\":\"CommentAction\",\"name\":\"Comment\",\"target\":[\"https:\/\/jornalfatosenoticias.com.br\/index.php\/2023\/03\/13\/obra-do-vlt-para-copa-do-mundo-comeca-a-ser-desmontada-em-cuiaba\/#respond\"]}]},{\"@type\":\"WebPage\",\"@id\":\"https:\/\/jornalfatosenoticias.com.br\/index.php\/2023\/03\/13\/obra-do-vlt-para-copa-do-mundo-comeca-a-ser-desmontada-em-cuiaba\/\",\"url\":\"https:\/\/jornalfatosenoticias.com.br\/index.php\/2023\/03\/13\/obra-do-vlt-para-copa-do-mundo-comeca-a-ser-desmontada-em-cuiaba\/\",\"name\":\"Obra do VLT para Copa do Mundo come\u00e7a a ser desmontada em Cuiab\u00e1 - Jornal Fatos e Not\u00edcias\",\"isPartOf\":{\"@id\":\"https:\/\/jornalfatosenoticias.com.br\/#website\"},\"primaryImageOfPage\":{\"@id\":\"https:\/\/jornalfatosenoticias.com.br\/index.php\/2023\/03\/13\/obra-do-vlt-para-copa-do-mundo-comeca-a-ser-desmontada-em-cuiaba\/#primaryimage\"},\"image\":{\"@id\":\"https:\/\/jornalfatosenoticias.com.br\/index.php\/2023\/03\/13\/obra-do-vlt-para-copa-do-mundo-comeca-a-ser-desmontada-em-cuiaba\/#primaryimage\"},\"thumbnailUrl\":\"https:\/\/jornalfatosenoticias.com.br\/wp-content\/uploads\/2023\/03\/VLT_Cuiaba.jpg\",\"datePublished\":\"2023-03-13T15:52:49+00:00\",\"breadcrumb\":{\"@id\":\"https:\/\/jornalfatosenoticias.com.br\/index.php\/2023\/03\/13\/obra-do-vlt-para-copa-do-mundo-comeca-a-ser-desmontada-em-cuiaba\/#breadcrumb\"},\"inLanguage\":\"pt-BR\",\"potentialAction\":[{\"@type\":\"ReadAction\",\"target\":[\"https:\/\/jornalfatosenoticias.com.br\/index.php\/2023\/03\/13\/obra-do-vlt-para-copa-do-mundo-comeca-a-ser-desmontada-em-cuiaba\/\"]}]},{\"@type\":\"ImageObject\",\"inLanguage\":\"pt-BR\",\"@id\":\"https:\/\/jornalfatosenoticias.com.br\/index.php\/2023\/03\/13\/obra-do-vlt-para-copa-do-mundo-comeca-a-ser-desmontada-em-cuiaba\/#primaryimage\",\"url\":\"https:\/\/jornalfatosenoticias.com.br\/wp-content\/uploads\/2023\/03\/VLT_Cuiaba.jpg\",\"contentUrl\":\"https:\/\/jornalfatosenoticias.com.br\/wp-content\/uploads\/2023\/03\/VLT_Cuiaba.jpg\",\"width\":1000,\"height\":522},{\"@type\":\"BreadcrumbList\",\"@id\":\"https:\/\/jornalfatosenoticias.com.br\/index.php\/2023\/03\/13\/obra-do-vlt-para-copa-do-mundo-comeca-a-ser-desmontada-em-cuiaba\/#breadcrumb\",\"itemListElement\":[{\"@type\":\"ListItem\",\"position\":1,\"name\":\"In\u00edcio\",\"item\":\"https:\/\/jornalfatosenoticias.com.br\/\"},{\"@type\":\"ListItem\",\"position\":2,\"name\":\"Obra do VLT para Copa do Mundo come\u00e7a a ser desmontada em Cuiab\u00e1\"}]},{\"@type\":\"WebSite\",\"@id\":\"https:\/\/jornalfatosenoticias.com.br\/#website\",\"url\":\"https:\/\/jornalfatosenoticias.com.br\/\",\"name\":\"Jornal Fatos e Not\u00edcias\",\"description\":\"Not\u00edcias em geral\",\"publisher\":{\"@id\":\"https:\/\/jornalfatosenoticias.com.br\/#organization\"},\"potentialAction\":[{\"@type\":\"SearchAction\",\"target\":{\"@type\":\"EntryPoint\",\"urlTemplate\":\"https:\/\/jornalfatosenoticias.com.br\/?s={search_term_string}\"},\"query-input\":{\"@type\":\"PropertyValueSpecification\",\"valueRequired\":true,\"valueName\":\"search_term_string\"}}],\"inLanguage\":\"pt-BR\"},{\"@type\":\"Organization\",\"@id\":\"https:\/\/jornalfatosenoticias.com.br\/#organization\",\"name\":\"Jornal Fatos e Not\u00edcias\",\"url\":\"https:\/\/jornalfatosenoticias.com.br\/\",\"logo\":{\"@type\":\"ImageObject\",\"inLanguage\":\"pt-BR\",\"@id\":\"https:\/\/jornalfatosenoticias.com.br\/#\/schema\/logo\/image\/\",\"url\":\"https:\/\/jornalfatosenoticias.com.br\/wp-content\/uploads\/2020\/02\/logo120.png\",\"contentUrl\":\"https:\/\/jornalfatosenoticias.com.br\/wp-content\/uploads\/2020\/02\/logo120.png\",\"width\":1227,\"height\":120,\"caption\":\"Jornal Fatos e Not\u00edcias\"},\"image\":{\"@id\":\"https:\/\/jornalfatosenoticias.com.br\/#\/schema\/logo\/image\/\"}},{\"@type\":\"Person\",\"@id\":\"https:\/\/jornalfatosenoticias.com.br\/#\/schema\/person\/d63837fa13ac8666eb9e74e0985d6f81\",\"name\":\"Luzimara Fernandes\",\"image\":{\"@type\":\"ImageObject\",\"inLanguage\":\"pt-BR\",\"@id\":\"https:\/\/jornalfatosenoticias.com.br\/#\/schema\/person\/image\/\",\"url\":\"https:\/\/jornalfatosenoticias.com.br\/wp-content\/uploads\/2025\/05\/EU_portal.jpg\",\"contentUrl\":\"https:\/\/jornalfatosenoticias.com.br\/wp-content\/uploads\/2025\/05\/EU_portal.jpg\",\"caption\":\"Luzimara Fernandes\"},\"description\":\"Jornalista MTB 2358-ES\",\"sameAs\":[\"https:\/\/jornalfatosenoticias.com.br\"],\"url\":\"https:\/\/jornalfatosenoticias.com.br\/index.php\/author\/luzimara\/\"}]}<\/script>\n<!-- \/ Yoast SEO plugin. -->","yoast_head_json":{"title":"Obra do VLT para Copa do Mundo come\u00e7a a ser desmontada em Cuiab\u00e1 - Jornal Fatos e Not\u00edcias","robots":{"index":"index","follow":"follow","max-snippet":"max-snippet:-1","max-image-preview":"max-image-preview:large","max-video-preview":"max-video-preview:-1"},"canonical":"https:\/\/jornalfatosenoticias.com.br\/index.php\/2023\/03\/13\/obra-do-vlt-para-copa-do-mundo-comeca-a-ser-desmontada-em-cuiaba\/","og_locale":"pt_BR","og_type":"article","og_title":"Obra do VLT para Copa do Mundo come\u00e7a a ser desmontada em Cuiab\u00e1 - Jornal Fatos e Not\u00edcias","og_description":"A obra foi iniciada e deveria ter sido conclu\u00edda antes da abertura da Copa do Mundo de 2014, mas embora tenha consumido cerca de R$ 1 bilh\u00e3o dos cofres p\u00fablicos, nunca foi conclu\u00edda Contratado pelo governo de Mato Grosso para construir a infraestrutura necess\u00e1ria ao funcionamento do futuro sistema de transporte r\u00e1pido por \u00f4nibus (BRT) [&hellip;]","og_url":"https:\/\/jornalfatosenoticias.com.br\/index.php\/2023\/03\/13\/obra-do-vlt-para-copa-do-mundo-comeca-a-ser-desmontada-em-cuiaba\/","og_site_name":"Jornal Fatos e Not\u00edcias","article_published_time":"2023-03-13T15:52:49+00:00","og_image":[{"width":1000,"height":522,"url":"https:\/\/jornalfatosenoticias.com.br\/wp-content\/uploads\/2023\/03\/VLT_Cuiaba.jpg","type":"image\/jpeg"}],"author":"Luzimara Fernandes","twitter_card":"summary_large_image","twitter_misc":{"Escrito por":"Luzimara Fernandes","Est. tempo de leitura":"4 minutos"},"schema":{"@context":"https:\/\/schema.org","@graph":[{"@type":"Article","@id":"https:\/\/jornalfatosenoticias.com.br\/index.php\/2023\/03\/13\/obra-do-vlt-para-copa-do-mundo-comeca-a-ser-desmontada-em-cuiaba\/#article","isPartOf":{"@id":"https:\/\/jornalfatosenoticias.com.br\/index.php\/2023\/03\/13\/obra-do-vlt-para-copa-do-mundo-comeca-a-ser-desmontada-em-cuiaba\/"},"author":{"name":"Luzimara Fernandes","@id":"https:\/\/jornalfatosenoticias.com.br\/#\/schema\/person\/d63837fa13ac8666eb9e74e0985d6f81"},"headline":"Obra do VLT para Copa do Mundo come\u00e7a a ser desmontada em Cuiab\u00e1","datePublished":"2023-03-13T15:52:49+00:00","mainEntityOfPage":{"@id":"https:\/\/jornalfatosenoticias.com.br\/index.php\/2023\/03\/13\/obra-do-vlt-para-copa-do-mundo-comeca-a-ser-desmontada-em-cuiaba\/"},"wordCount":910,"commentCount":0,"publisher":{"@id":"https:\/\/jornalfatosenoticias.com.br\/#organization"},"image":{"@id":"https:\/\/jornalfatosenoticias.com.br\/index.php\/2023\/03\/13\/obra-do-vlt-para-copa-do-mundo-comeca-a-ser-desmontada-em-cuiaba\/#primaryimage"},"thumbnailUrl":"https:\/\/jornalfatosenoticias.com.br\/wp-content\/uploads\/2023\/03\/VLT_Cuiaba.jpg","keywords":["Copa do Mundo","corrup\u00e7\u00e3o sist\u00eamica","Cuiab\u00e1","desvios de recursos p\u00fablicos","obras inacabadas","VLT"],"articleSection":["Mobilidade"],"inLanguage":"pt-BR","potentialAction":[{"@type":"CommentAction","name":"Comment","target":["https:\/\/jornalfatosenoticias.com.br\/index.php\/2023\/03\/13\/obra-do-vlt-para-copa-do-mundo-comeca-a-ser-desmontada-em-cuiaba\/#respond"]}]},{"@type":"WebPage","@id":"https:\/\/jornalfatosenoticias.com.br\/index.php\/2023\/03\/13\/obra-do-vlt-para-copa-do-mundo-comeca-a-ser-desmontada-em-cuiaba\/","url":"https:\/\/jornalfatosenoticias.com.br\/index.php\/2023\/03\/13\/obra-do-vlt-para-copa-do-mundo-comeca-a-ser-desmontada-em-cuiaba\/","name":"Obra do VLT para Copa do Mundo come\u00e7a a ser desmontada em Cuiab\u00e1 - Jornal Fatos e Not\u00edcias","isPartOf":{"@id":"https:\/\/jornalfatosenoticias.com.br\/#website"},"primaryImageOfPage":{"@id":"https:\/\/jornalfatosenoticias.com.br\/index.php\/2023\/03\/13\/obra-do-vlt-para-copa-do-mundo-comeca-a-ser-desmontada-em-cuiaba\/#primaryimage"},"image":{"@id":"https:\/\/jornalfatosenoticias.com.br\/index.php\/2023\/03\/13\/obra-do-vlt-para-copa-do-mundo-comeca-a-ser-desmontada-em-cuiaba\/#primaryimage"},"thumbnailUrl":"https:\/\/jornalfatosenoticias.com.br\/wp-content\/uploads\/2023\/03\/VLT_Cuiaba.jpg","datePublished":"2023-03-13T15:52:49+00:00","breadcrumb":{"@id":"https:\/\/jornalfatosenoticias.com.br\/index.php\/2023\/03\/13\/obra-do-vlt-para-copa-do-mundo-comeca-a-ser-desmontada-em-cuiaba\/#breadcrumb"},"inLanguage":"pt-BR","potentialAction":[{"@type":"ReadAction","target":["https:\/\/jornalfatosenoticias.com.br\/index.php\/2023\/03\/13\/obra-do-vlt-para-copa-do-mundo-comeca-a-ser-desmontada-em-cuiaba\/"]}]},{"@type":"ImageObject","inLanguage":"pt-BR","@id":"https:\/\/jornalfatosenoticias.com.br\/index.php\/2023\/03\/13\/obra-do-vlt-para-copa-do-mundo-comeca-a-ser-desmontada-em-cuiaba\/#primaryimage","url":"https:\/\/jornalfatosenoticias.com.br\/wp-content\/uploads\/2023\/03\/VLT_Cuiaba.jpg","contentUrl":"https:\/\/jornalfatosenoticias.com.br\/wp-content\/uploads\/2023\/03\/VLT_Cuiaba.jpg","width":1000,"height":522},{"@type":"BreadcrumbList","@id":"https:\/\/jornalfatosenoticias.com.br\/index.php\/2023\/03\/13\/obra-do-vlt-para-copa-do-mundo-comeca-a-ser-desmontada-em-cuiaba\/#breadcrumb","itemListElement":[{"@type":"ListItem","position":1,"name":"In\u00edcio","item":"https:\/\/jornalfatosenoticias.com.br\/"},{"@type":"ListItem","position":2,"name":"Obra do VLT para Copa do Mundo come\u00e7a a ser desmontada em Cuiab\u00e1"}]},{"@type":"WebSite","@id":"https:\/\/jornalfatosenoticias.com.br\/#website","url":"https:\/\/jornalfatosenoticias.com.br\/","name":"Jornal Fatos e Not\u00edcias","description":"Not\u00edcias em geral","publisher":{"@id":"https:\/\/jornalfatosenoticias.com.br\/#organization"},"potentialAction":[{"@type":"SearchAction","target":{"@type":"EntryPoint","urlTemplate":"https:\/\/jornalfatosenoticias.com.br\/?s={search_term_string}"},"query-input":{"@type":"PropertyValueSpecification","valueRequired":true,"valueName":"search_term_string"}}],"inLanguage":"pt-BR"},{"@type":"Organization","@id":"https:\/\/jornalfatosenoticias.com.br\/#organization","name":"Jornal Fatos e Not\u00edcias","url":"https:\/\/jornalfatosenoticias.com.br\/","logo":{"@type":"ImageObject","inLanguage":"pt-BR","@id":"https:\/\/jornalfatosenoticias.com.br\/#\/schema\/logo\/image\/","url":"https:\/\/jornalfatosenoticias.com.br\/wp-content\/uploads\/2020\/02\/logo120.png","contentUrl":"https:\/\/jornalfatosenoticias.com.br\/wp-content\/uploads\/2020\/02\/logo120.png","width":1227,"height":120,"caption":"Jornal Fatos e Not\u00edcias"},"image":{"@id":"https:\/\/jornalfatosenoticias.com.br\/#\/schema\/logo\/image\/"}},{"@type":"Person","@id":"https:\/\/jornalfatosenoticias.com.br\/#\/schema\/person\/d63837fa13ac8666eb9e74e0985d6f81","name":"Luzimara Fernandes","image":{"@type":"ImageObject","inLanguage":"pt-BR","@id":"https:\/\/jornalfatosenoticias.com.br\/#\/schema\/person\/image\/","url":"https:\/\/jornalfatosenoticias.com.br\/wp-content\/uploads\/2025\/05\/EU_portal.jpg","contentUrl":"https:\/\/jornalfatosenoticias.com.br\/wp-content\/uploads\/2025\/05\/EU_portal.jpg","caption":"Luzimara Fernandes"},"description":"Jornalista MTB 2358-ES","sameAs":["https:\/\/jornalfatosenoticias.com.br"],"url":"https:\/\/jornalfatosenoticias.com.br\/index.php\/author\/luzimara\/"}]}},"cc_featured_image_caption":{"caption_text":"(Foto: Ascom Prefeitura de Cuiab\u00e1\/Divulga\u00e7\u00e3o) ","source_text":"","source_url":""},"jetpack_featured_media_url":"https:\/\/jornalfatosenoticias.com.br\/wp-content\/uploads\/2023\/03\/VLT_Cuiaba.jpg","_links":{"self":[{"href":"https:\/\/jornalfatosenoticias.com.br\/index.php\/wp-json\/wp\/v2\/posts\/39556","targetHints":{"allow":["GET"]}}],"collection":[{"href":"https:\/\/jornalfatosenoticias.com.br\/index.php\/wp-json\/wp\/v2\/posts"}],"about":[{"href":"https:\/\/jornalfatosenoticias.com.br\/index.php\/wp-json\/wp\/v2\/types\/post"}],"author":[{"embeddable":true,"href":"https:\/\/jornalfatosenoticias.com.br\/index.php\/wp-json\/wp\/v2\/users\/2"}],"replies":[{"embeddable":true,"href":"https:\/\/jornalfatosenoticias.com.br\/index.php\/wp-json\/wp\/v2\/comments?post=39556"}],"version-history":[{"count":0,"href":"https:\/\/jornalfatosenoticias.com.br\/index.php\/wp-json\/wp\/v2\/posts\/39556\/revisions"}],"wp:featuredmedia":[{"embeddable":true,"href":"https:\/\/jornalfatosenoticias.com.br\/index.php\/wp-json\/wp\/v2\/media\/39557"}],"wp:attachment":[{"href":"https:\/\/jornalfatosenoticias.com.br\/index.php\/wp-json\/wp\/v2\/media?parent=39556"}],"wp:term":[{"taxonomy":"category","embeddable":true,"href":"https:\/\/jornalfatosenoticias.com.br\/index.php\/wp-json\/wp\/v2\/categories?post=39556"},{"taxonomy":"post_tag","embeddable":true,"href":"https:\/\/jornalfatosenoticias.com.br\/index.php\/wp-json\/wp\/v2\/tags?post=39556"}],"curies":[{"name":"wp","href":"https:\/\/api.w.org\/{rel}","templated":true}]}}