{"id":39559,"date":"2023-03-13T13:08:23","date_gmt":"2023-03-13T16:08:23","guid":{"rendered":"https:\/\/jornalfatosenoticias.com.br\/?p=39559"},"modified":"2023-03-13T13:08:24","modified_gmt":"2023-03-13T16:08:24","slug":"inflacao-medida-pelo-inpc-avanca-para-077-em-fevereiro","status":"publish","type":"post","link":"https:\/\/jornalfatosenoticias.com.br\/index.php\/2023\/03\/13\/inflacao-medida-pelo-inpc-avanca-para-077-em-fevereiro\/","title":{"rendered":"Infla\u00e7\u00e3o medida pelo INPC avan\u00e7a para 0,77% em fevereiro"},"content":{"rendered":"\n<p><em><span class=\"has-inline-color has-black-color\">O percentual \u00e9 maior que o do janeiro, quando o \u00edndice ficou em 0,46%<\/span><\/em><\/p>\n\n\n\n<div class=\"wp-block-image\"><figure class=\"aligncenter size-large is-resized\"><img loading=\"lazy\" decoding=\"async\" src=\"https:\/\/jornalfatosenoticias.com.br\/wp-content\/uploads\/2022\/02\/Precisao-Contabilidade-1024x724.jpg\" alt=\"\" class=\"wp-image-28088\" width=\"363\" height=\"257\"\/><\/figure><\/div>\n\n\n\n<p>O \u00cdndice Nacional de Pre\u00e7os ao Consumidor (INPC) fechou o m\u00eas de fevereiro em 0,77%. O percentual \u00e9 maior que o do janeiro, quando o \u00edndice ficou em 0,46%. No ano, o indicador acumula alta de 1,23% e, nos \u00faltimos 12 meses, de 5,47%, o que significa um recuo em rela\u00e7\u00e3o aos 5,71% observados nos 12 meses imediatamente anteriores. Em fevereiro de 2022, a taxa ficou em 1%. O resultado foi divulgado na sexta-feira (10) pelo Instituto Brasileiro de Geografia e Estat\u00edstica (IBGE).<\/p>\n\n\n\n<div class=\"wp-block-image\"><figure class=\"aligncenter size-large\"><img loading=\"lazy\" decoding=\"async\" width=\"300\" height=\"222\" src=\"https:\/\/jornalfatosenoticias.com.br\/wp-content\/uploads\/2023\/03\/logo_Juliana-Graca.jpg\" alt=\"\" class=\"wp-image-39283\"\/><\/figure><\/div>\n\n\n\n<p>Contribuiu para o resultado a desacelera\u00e7\u00e3o de 0,52% em janeiro para 0,04% em fevereiro nos pre\u00e7os dos produtos aliment\u00edcios. Em sentido contr\u00e1rio, os produtos n\u00e3o aliment\u00edcios avan\u00e7aram e registraram em fevereiro alta de 1,01%, enquanto em janeiro o aumento tinha sido de 0,44%.<\/p>\n\n\n\n<div class=\"wp-block-image\"><figure class=\"aligncenter size-large is-resized\"><img loading=\"lazy\" decoding=\"async\" src=\"https:\/\/jornalfatosenoticias.com.br\/wp-content\/uploads\/2021\/10\/LOGO-JUNTOS-SOS-ES-AMBIENTAL.jpg\" alt=\"\" class=\"wp-image-23922\" width=\"337\" height=\"312\"\/><\/figure><\/div>\n\n\n\n<p><strong><span class=\"has-inline-color has-black-color\">Regi\u00f5es<br><\/span><\/strong>Conforme o indicador de fevereiro, todas as \u00e1reas apresentaram varia\u00e7\u00e3o positiva no m\u00eas. Bras\u00edlia foi a que teve menor resultado (0,34%), sob impacto das quedas nos pre\u00e7os da gasolina (-2,43%) e das passagens a\u00e9reas (-10,06%). J\u00e1 a maior varia\u00e7\u00e3o foi em Curitiba (1,02%), onde ocorreram eleva\u00e7\u00f5es de 6,22% na energia el\u00e9trica residencial e de 3,37% da gasolina.<\/p>\n\n\n\n<div class=\"wp-block-image\"><figure class=\"aligncenter size-large\"><img loading=\"lazy\" decoding=\"async\" width=\"729\" height=\"90\" src=\"https:\/\/jornalfatosenoticias.com.br\/wp-content\/uploads\/2020\/02\/Logo_Mizu.png\" alt=\"\" class=\"wp-image-1441\" srcset=\"https:\/\/jornalfatosenoticias.com.br\/wp-content\/uploads\/2020\/02\/Logo_Mizu.png 729w, https:\/\/jornalfatosenoticias.com.br\/wp-content\/uploads\/2020\/02\/Logo_Mizu-300x37.png 300w\" sizes=\"auto, (max-width: 729px) 100vw, 729px\" \/><\/figure><\/div>\n\n\n\n<p>\u201cPara o c\u00e1lculo do \u00edndice do m\u00eas, foram comparados os pre\u00e7os coletados no per\u00edodo de 28 de janeiro a 28 de fevereiro de 2023 (refer\u00eancia) com os pre\u00e7os vigentes no per\u00edodo de 28 de dezembro de 2022 a 27 de janeiro de 2023 (base)\u201d, informou o IBGE, em publica\u00e7\u00e3o no seu<em> site.<\/em><\/p>\n\n\n\n<div class=\"wp-block-image\"><figure class=\"aligncenter size-large is-resized\"><img loading=\"lazy\" decoding=\"async\" src=\"https:\/\/jornalfatosenoticias.com.br\/wp-content\/uploads\/2020\/02\/nova-logo-Marquetti.jpg\" alt=\"\" class=\"wp-image-22331\" width=\"316\" height=\"212\" srcset=\"https:\/\/jornalfatosenoticias.com.br\/wp-content\/uploads\/2020\/02\/nova-logo-Marquetti.jpg 643w, https:\/\/jornalfatosenoticias.com.br\/wp-content\/uploads\/2020\/02\/nova-logo-Marquetti-300x202.jpg 300w\" sizes=\"auto, (max-width: 316px) 100vw, 316px\" \/><\/figure><\/div>\n\n\n\n<p><strong><span class=\"has-inline-color has-black-color\">INPC<br><\/span><\/strong>De acordo com o IBGE, calculado desde 1979, o INPC abrange as fam\u00edlias com rendimentos de um a cinco sal\u00e1rios m\u00ednimos, residentes nas regi\u00f5es metropolitanas de Bel\u00e9m, Fortaleza, Recife, Salvador, Belo Horizonte, Vit\u00f3ria, Rio de Janeiro, S\u00e3o Paulo, Curitiba, Porto Alegre, al\u00e9m do Distrito Federal e dos munic\u00edpios de Goi\u00e2nia, Campo Grande, Rio Branco, S\u00e3o Lu\u00eds e Aracaju. As unidades de coleta do indicador s\u00e3o estabelecimentos comerciais e de presta\u00e7\u00e3o de servi\u00e7os, concession\u00e1rias de servi\u00e7os p\u00fablicos e internet e a pesquisa estende-se, em geral, do dia 1\u00ba a 30 do m\u00eas de refer\u00eancia.<\/p>\n\n\n\n<div class=\"wp-block-image\"><figure class=\"aligncenter size-large is-resized\"><img loading=\"lazy\" decoding=\"async\" src=\"https:\/\/jornalfatosenoticias.com.br\/wp-content\/uploads\/2022\/08\/logo-locau-veiculos-1024x573.png\" alt=\"\" class=\"wp-image-33078\" width=\"321\" height=\"179\"\/><\/figure><\/div>\n\n\n\n<p><strong><em>Fonte: <a href=\"https:\/\/gazetabrasil.com.br\/economia\/2023\/03\/10\/inflacao-medida-pelo-inpc-avanca-para-077-em-fevereiro\/\">Gazeta Brasil<\/a><\/em><\/strong><\/p>\n","protected":false},"excerpt":{"rendered":"<p>O percentual \u00e9 maior que o do janeiro, quando o \u00edndice ficou em 0,46% O \u00cdndice Nacional de Pre\u00e7os ao Consumidor (INPC) fechou o m\u00eas de fevereiro em 0,77%. O percentual \u00e9 maior que o do janeiro, quando o \u00edndice ficou em 0,46%. No ano, o indicador acumula alta de 1,23% e, nos \u00faltimos 12 [&hellip;]<\/p>\n","protected":false},"author":2,"featured_media":39560,"comment_status":"open","ping_status":"open","sticky":false,"template":"","format":"standard","meta":{"footnotes":""},"categories":[9],"tags":[18506,18504,18503,15213,18505],"class_list":["post-39559","post","type-post","status-publish","format-standard","has-post-thumbnail","hentry","category-economia","tag-caos-economico","tag-economia-ladeira-abaixo","tag-inflacao-2","tag-inpc","tag-tragedia-economica"],"yoast_head":"<!-- This site is optimized with the Yoast SEO plugin v26.5 - https:\/\/yoast.com\/wordpress\/plugins\/seo\/ -->\n<title>Infla\u00e7\u00e3o medida pelo INPC avan\u00e7a para 0,77% em fevereiro - Jornal Fatos e Not\u00edcias<\/title>\n<meta name=\"robots\" content=\"index, follow, max-snippet:-1, max-image-preview:large, max-video-preview:-1\" \/>\n<link rel=\"canonical\" href=\"https:\/\/jornalfatosenoticias.com.br\/index.php\/2023\/03\/13\/inflacao-medida-pelo-inpc-avanca-para-077-em-fevereiro\/\" \/>\n<meta property=\"og:locale\" content=\"pt_BR\" \/>\n<meta property=\"og:type\" content=\"article\" \/>\n<meta property=\"og:title\" content=\"Infla\u00e7\u00e3o medida pelo INPC avan\u00e7a para 0,77% em fevereiro - Jornal Fatos e Not\u00edcias\" \/>\n<meta property=\"og:description\" content=\"O percentual \u00e9 maior que o do janeiro, quando o \u00edndice ficou em 0,46% O \u00cdndice Nacional de Pre\u00e7os ao Consumidor (INPC) fechou o m\u00eas de fevereiro em 0,77%. O percentual \u00e9 maior que o do janeiro, quando o \u00edndice ficou em 0,46%. No ano, o indicador acumula alta de 1,23% e, nos \u00faltimos 12 [&hellip;]\" \/>\n<meta property=\"og:url\" content=\"https:\/\/jornalfatosenoticias.com.br\/index.php\/2023\/03\/13\/inflacao-medida-pelo-inpc-avanca-para-077-em-fevereiro\/\" \/>\n<meta property=\"og:site_name\" content=\"Jornal Fatos e Not\u00edcias\" \/>\n<meta property=\"article:published_time\" content=\"2023-03-13T16:08:23+00:00\" \/>\n<meta property=\"article:modified_time\" content=\"2023-03-13T16:08:24+00:00\" \/>\n<meta property=\"og:image\" content=\"https:\/\/jornalfatosenoticias.com.br\/wp-content\/uploads\/2023\/03\/inflacao_brasil.jpg\" \/>\n\t<meta property=\"og:image:width\" content=\"1000\" \/>\n\t<meta property=\"og:image:height\" content=\"562\" \/>\n\t<meta property=\"og:image:type\" content=\"image\/jpeg\" \/>\n<meta name=\"author\" content=\"Luzimara Fernandes\" \/>\n<meta name=\"twitter:card\" content=\"summary_large_image\" \/>\n<meta name=\"twitter:label1\" content=\"Escrito por\" \/>\n\t<meta name=\"twitter:data1\" content=\"Luzimara Fernandes\" \/>\n\t<meta name=\"twitter:label2\" content=\"Est. tempo de leitura\" \/>\n\t<meta name=\"twitter:data2\" content=\"2 minutos\" \/>\n<script type=\"application\/ld+json\" class=\"yoast-schema-graph\">{\"@context\":\"https:\/\/schema.org\",\"@graph\":[{\"@type\":\"Article\",\"@id\":\"https:\/\/jornalfatosenoticias.com.br\/index.php\/2023\/03\/13\/inflacao-medida-pelo-inpc-avanca-para-077-em-fevereiro\/#article\",\"isPartOf\":{\"@id\":\"https:\/\/jornalfatosenoticias.com.br\/index.php\/2023\/03\/13\/inflacao-medida-pelo-inpc-avanca-para-077-em-fevereiro\/\"},\"author\":{\"name\":\"Luzimara Fernandes\",\"@id\":\"https:\/\/jornalfatosenoticias.com.br\/#\/schema\/person\/d63837fa13ac8666eb9e74e0985d6f81\"},\"headline\":\"Infla\u00e7\u00e3o medida pelo INPC avan\u00e7a para 0,77% em fevereiro\",\"datePublished\":\"2023-03-13T16:08:23+00:00\",\"dateModified\":\"2023-03-13T16:08:24+00:00\",\"mainEntityOfPage\":{\"@id\":\"https:\/\/jornalfatosenoticias.com.br\/index.php\/2023\/03\/13\/inflacao-medida-pelo-inpc-avanca-para-077-em-fevereiro\/\"},\"wordCount\":374,\"commentCount\":0,\"publisher\":{\"@id\":\"https:\/\/jornalfatosenoticias.com.br\/#organization\"},\"image\":{\"@id\":\"https:\/\/jornalfatosenoticias.com.br\/index.php\/2023\/03\/13\/inflacao-medida-pelo-inpc-avanca-para-077-em-fevereiro\/#primaryimage\"},\"thumbnailUrl\":\"https:\/\/jornalfatosenoticias.com.br\/wp-content\/uploads\/2023\/03\/inflacao_brasil.jpg\",\"keywords\":[\"caos econ\u00f4mico\",\"economia ladeira abaixo\",\"infla\u00e7ao\",\"INPC\",\"trag\u00e9dia econ\u00f4mica\"],\"articleSection\":[\"Economia\"],\"inLanguage\":\"pt-BR\",\"potentialAction\":[{\"@type\":\"CommentAction\",\"name\":\"Comment\",\"target\":[\"https:\/\/jornalfatosenoticias.com.br\/index.php\/2023\/03\/13\/inflacao-medida-pelo-inpc-avanca-para-077-em-fevereiro\/#respond\"]}]},{\"@type\":\"WebPage\",\"@id\":\"https:\/\/jornalfatosenoticias.com.br\/index.php\/2023\/03\/13\/inflacao-medida-pelo-inpc-avanca-para-077-em-fevereiro\/\",\"url\":\"https:\/\/jornalfatosenoticias.com.br\/index.php\/2023\/03\/13\/inflacao-medida-pelo-inpc-avanca-para-077-em-fevereiro\/\",\"name\":\"Infla\u00e7\u00e3o medida pelo INPC avan\u00e7a para 0,77% em fevereiro - Jornal Fatos e Not\u00edcias\",\"isPartOf\":{\"@id\":\"https:\/\/jornalfatosenoticias.com.br\/#website\"},\"primaryImageOfPage\":{\"@id\":\"https:\/\/jornalfatosenoticias.com.br\/index.php\/2023\/03\/13\/inflacao-medida-pelo-inpc-avanca-para-077-em-fevereiro\/#primaryimage\"},\"image\":{\"@id\":\"https:\/\/jornalfatosenoticias.com.br\/index.php\/2023\/03\/13\/inflacao-medida-pelo-inpc-avanca-para-077-em-fevereiro\/#primaryimage\"},\"thumbnailUrl\":\"https:\/\/jornalfatosenoticias.com.br\/wp-content\/uploads\/2023\/03\/inflacao_brasil.jpg\",\"datePublished\":\"2023-03-13T16:08:23+00:00\",\"dateModified\":\"2023-03-13T16:08:24+00:00\",\"breadcrumb\":{\"@id\":\"https:\/\/jornalfatosenoticias.com.br\/index.php\/2023\/03\/13\/inflacao-medida-pelo-inpc-avanca-para-077-em-fevereiro\/#breadcrumb\"},\"inLanguage\":\"pt-BR\",\"potentialAction\":[{\"@type\":\"ReadAction\",\"target\":[\"https:\/\/jornalfatosenoticias.com.br\/index.php\/2023\/03\/13\/inflacao-medida-pelo-inpc-avanca-para-077-em-fevereiro\/\"]}]},{\"@type\":\"ImageObject\",\"inLanguage\":\"pt-BR\",\"@id\":\"https:\/\/jornalfatosenoticias.com.br\/index.php\/2023\/03\/13\/inflacao-medida-pelo-inpc-avanca-para-077-em-fevereiro\/#primaryimage\",\"url\":\"https:\/\/jornalfatosenoticias.com.br\/wp-content\/uploads\/2023\/03\/inflacao_brasil.jpg\",\"contentUrl\":\"https:\/\/jornalfatosenoticias.com.br\/wp-content\/uploads\/2023\/03\/inflacao_brasil.jpg\",\"width\":1000,\"height\":562},{\"@type\":\"BreadcrumbList\",\"@id\":\"https:\/\/jornalfatosenoticias.com.br\/index.php\/2023\/03\/13\/inflacao-medida-pelo-inpc-avanca-para-077-em-fevereiro\/#breadcrumb\",\"itemListElement\":[{\"@type\":\"ListItem\",\"position\":1,\"name\":\"In\u00edcio\",\"item\":\"https:\/\/jornalfatosenoticias.com.br\/\"},{\"@type\":\"ListItem\",\"position\":2,\"name\":\"Infla\u00e7\u00e3o medida pelo INPC avan\u00e7a para 0,77% em fevereiro\"}]},{\"@type\":\"WebSite\",\"@id\":\"https:\/\/jornalfatosenoticias.com.br\/#website\",\"url\":\"https:\/\/jornalfatosenoticias.com.br\/\",\"name\":\"Jornal Fatos e Not\u00edcias\",\"description\":\"Not\u00edcias em geral\",\"publisher\":{\"@id\":\"https:\/\/jornalfatosenoticias.com.br\/#organization\"},\"potentialAction\":[{\"@type\":\"SearchAction\",\"target\":{\"@type\":\"EntryPoint\",\"urlTemplate\":\"https:\/\/jornalfatosenoticias.com.br\/?s={search_term_string}\"},\"query-input\":{\"@type\":\"PropertyValueSpecification\",\"valueRequired\":true,\"valueName\":\"search_term_string\"}}],\"inLanguage\":\"pt-BR\"},{\"@type\":\"Organization\",\"@id\":\"https:\/\/jornalfatosenoticias.com.br\/#organization\",\"name\":\"Jornal Fatos e Not\u00edcias\",\"url\":\"https:\/\/jornalfatosenoticias.com.br\/\",\"logo\":{\"@type\":\"ImageObject\",\"inLanguage\":\"pt-BR\",\"@id\":\"https:\/\/jornalfatosenoticias.com.br\/#\/schema\/logo\/image\/\",\"url\":\"https:\/\/jornalfatosenoticias.com.br\/wp-content\/uploads\/2020\/02\/logo120.png\",\"contentUrl\":\"https:\/\/jornalfatosenoticias.com.br\/wp-content\/uploads\/2020\/02\/logo120.png\",\"width\":1227,\"height\":120,\"caption\":\"Jornal Fatos e Not\u00edcias\"},\"image\":{\"@id\":\"https:\/\/jornalfatosenoticias.com.br\/#\/schema\/logo\/image\/\"}},{\"@type\":\"Person\",\"@id\":\"https:\/\/jornalfatosenoticias.com.br\/#\/schema\/person\/d63837fa13ac8666eb9e74e0985d6f81\",\"name\":\"Luzimara Fernandes\",\"image\":{\"@type\":\"ImageObject\",\"inLanguage\":\"pt-BR\",\"@id\":\"https:\/\/jornalfatosenoticias.com.br\/#\/schema\/person\/image\/\",\"url\":\"https:\/\/jornalfatosenoticias.com.br\/wp-content\/uploads\/2025\/05\/EU_portal.jpg\",\"contentUrl\":\"https:\/\/jornalfatosenoticias.com.br\/wp-content\/uploads\/2025\/05\/EU_portal.jpg\",\"caption\":\"Luzimara Fernandes\"},\"description\":\"Jornalista MTB 2358-ES\",\"sameAs\":[\"https:\/\/jornalfatosenoticias.com.br\"],\"url\":\"https:\/\/jornalfatosenoticias.com.br\/index.php\/author\/luzimara\/\"}]}<\/script>\n<!-- \/ Yoast SEO plugin. -->","yoast_head_json":{"title":"Infla\u00e7\u00e3o medida pelo INPC avan\u00e7a para 0,77% em fevereiro - Jornal Fatos e Not\u00edcias","robots":{"index":"index","follow":"follow","max-snippet":"max-snippet:-1","max-image-preview":"max-image-preview:large","max-video-preview":"max-video-preview:-1"},"canonical":"https:\/\/jornalfatosenoticias.com.br\/index.php\/2023\/03\/13\/inflacao-medida-pelo-inpc-avanca-para-077-em-fevereiro\/","og_locale":"pt_BR","og_type":"article","og_title":"Infla\u00e7\u00e3o medida pelo INPC avan\u00e7a para 0,77% em fevereiro - Jornal Fatos e Not\u00edcias","og_description":"O percentual \u00e9 maior que o do janeiro, quando o \u00edndice ficou em 0,46% O \u00cdndice Nacional de Pre\u00e7os ao Consumidor (INPC) fechou o m\u00eas de fevereiro em 0,77%. O percentual \u00e9 maior que o do janeiro, quando o \u00edndice ficou em 0,46%. No ano, o indicador acumula alta de 1,23% e, nos \u00faltimos 12 [&hellip;]","og_url":"https:\/\/jornalfatosenoticias.com.br\/index.php\/2023\/03\/13\/inflacao-medida-pelo-inpc-avanca-para-077-em-fevereiro\/","og_site_name":"Jornal Fatos e Not\u00edcias","article_published_time":"2023-03-13T16:08:23+00:00","article_modified_time":"2023-03-13T16:08:24+00:00","og_image":[{"width":1000,"height":562,"url":"https:\/\/jornalfatosenoticias.com.br\/wp-content\/uploads\/2023\/03\/inflacao_brasil.jpg","type":"image\/jpeg"}],"author":"Luzimara Fernandes","twitter_card":"summary_large_image","twitter_misc":{"Escrito por":"Luzimara Fernandes","Est. tempo de leitura":"2 minutos"},"schema":{"@context":"https:\/\/schema.org","@graph":[{"@type":"Article","@id":"https:\/\/jornalfatosenoticias.com.br\/index.php\/2023\/03\/13\/inflacao-medida-pelo-inpc-avanca-para-077-em-fevereiro\/#article","isPartOf":{"@id":"https:\/\/jornalfatosenoticias.com.br\/index.php\/2023\/03\/13\/inflacao-medida-pelo-inpc-avanca-para-077-em-fevereiro\/"},"author":{"name":"Luzimara Fernandes","@id":"https:\/\/jornalfatosenoticias.com.br\/#\/schema\/person\/d63837fa13ac8666eb9e74e0985d6f81"},"headline":"Infla\u00e7\u00e3o medida pelo INPC avan\u00e7a para 0,77% em fevereiro","datePublished":"2023-03-13T16:08:23+00:00","dateModified":"2023-03-13T16:08:24+00:00","mainEntityOfPage":{"@id":"https:\/\/jornalfatosenoticias.com.br\/index.php\/2023\/03\/13\/inflacao-medida-pelo-inpc-avanca-para-077-em-fevereiro\/"},"wordCount":374,"commentCount":0,"publisher":{"@id":"https:\/\/jornalfatosenoticias.com.br\/#organization"},"image":{"@id":"https:\/\/jornalfatosenoticias.com.br\/index.php\/2023\/03\/13\/inflacao-medida-pelo-inpc-avanca-para-077-em-fevereiro\/#primaryimage"},"thumbnailUrl":"https:\/\/jornalfatosenoticias.com.br\/wp-content\/uploads\/2023\/03\/inflacao_brasil.jpg","keywords":["caos econ\u00f4mico","economia ladeira abaixo","infla\u00e7ao","INPC","trag\u00e9dia econ\u00f4mica"],"articleSection":["Economia"],"inLanguage":"pt-BR","potentialAction":[{"@type":"CommentAction","name":"Comment","target":["https:\/\/jornalfatosenoticias.com.br\/index.php\/2023\/03\/13\/inflacao-medida-pelo-inpc-avanca-para-077-em-fevereiro\/#respond"]}]},{"@type":"WebPage","@id":"https:\/\/jornalfatosenoticias.com.br\/index.php\/2023\/03\/13\/inflacao-medida-pelo-inpc-avanca-para-077-em-fevereiro\/","url":"https:\/\/jornalfatosenoticias.com.br\/index.php\/2023\/03\/13\/inflacao-medida-pelo-inpc-avanca-para-077-em-fevereiro\/","name":"Infla\u00e7\u00e3o medida pelo INPC avan\u00e7a para 0,77% em fevereiro - Jornal Fatos e Not\u00edcias","isPartOf":{"@id":"https:\/\/jornalfatosenoticias.com.br\/#website"},"primaryImageOfPage":{"@id":"https:\/\/jornalfatosenoticias.com.br\/index.php\/2023\/03\/13\/inflacao-medida-pelo-inpc-avanca-para-077-em-fevereiro\/#primaryimage"},"image":{"@id":"https:\/\/jornalfatosenoticias.com.br\/index.php\/2023\/03\/13\/inflacao-medida-pelo-inpc-avanca-para-077-em-fevereiro\/#primaryimage"},"thumbnailUrl":"https:\/\/jornalfatosenoticias.com.br\/wp-content\/uploads\/2023\/03\/inflacao_brasil.jpg","datePublished":"2023-03-13T16:08:23+00:00","dateModified":"2023-03-13T16:08:24+00:00","breadcrumb":{"@id":"https:\/\/jornalfatosenoticias.com.br\/index.php\/2023\/03\/13\/inflacao-medida-pelo-inpc-avanca-para-077-em-fevereiro\/#breadcrumb"},"inLanguage":"pt-BR","potentialAction":[{"@type":"ReadAction","target":["https:\/\/jornalfatosenoticias.com.br\/index.php\/2023\/03\/13\/inflacao-medida-pelo-inpc-avanca-para-077-em-fevereiro\/"]}]},{"@type":"ImageObject","inLanguage":"pt-BR","@id":"https:\/\/jornalfatosenoticias.com.br\/index.php\/2023\/03\/13\/inflacao-medida-pelo-inpc-avanca-para-077-em-fevereiro\/#primaryimage","url":"https:\/\/jornalfatosenoticias.com.br\/wp-content\/uploads\/2023\/03\/inflacao_brasil.jpg","contentUrl":"https:\/\/jornalfatosenoticias.com.br\/wp-content\/uploads\/2023\/03\/inflacao_brasil.jpg","width":1000,"height":562},{"@type":"BreadcrumbList","@id":"https:\/\/jornalfatosenoticias.com.br\/index.php\/2023\/03\/13\/inflacao-medida-pelo-inpc-avanca-para-077-em-fevereiro\/#breadcrumb","itemListElement":[{"@type":"ListItem","position":1,"name":"In\u00edcio","item":"https:\/\/jornalfatosenoticias.com.br\/"},{"@type":"ListItem","position":2,"name":"Infla\u00e7\u00e3o medida pelo INPC avan\u00e7a para 0,77% em fevereiro"}]},{"@type":"WebSite","@id":"https:\/\/jornalfatosenoticias.com.br\/#website","url":"https:\/\/jornalfatosenoticias.com.br\/","name":"Jornal Fatos e Not\u00edcias","description":"Not\u00edcias em geral","publisher":{"@id":"https:\/\/jornalfatosenoticias.com.br\/#organization"},"potentialAction":[{"@type":"SearchAction","target":{"@type":"EntryPoint","urlTemplate":"https:\/\/jornalfatosenoticias.com.br\/?s={search_term_string}"},"query-input":{"@type":"PropertyValueSpecification","valueRequired":true,"valueName":"search_term_string"}}],"inLanguage":"pt-BR"},{"@type":"Organization","@id":"https:\/\/jornalfatosenoticias.com.br\/#organization","name":"Jornal Fatos e Not\u00edcias","url":"https:\/\/jornalfatosenoticias.com.br\/","logo":{"@type":"ImageObject","inLanguage":"pt-BR","@id":"https:\/\/jornalfatosenoticias.com.br\/#\/schema\/logo\/image\/","url":"https:\/\/jornalfatosenoticias.com.br\/wp-content\/uploads\/2020\/02\/logo120.png","contentUrl":"https:\/\/jornalfatosenoticias.com.br\/wp-content\/uploads\/2020\/02\/logo120.png","width":1227,"height":120,"caption":"Jornal Fatos e Not\u00edcias"},"image":{"@id":"https:\/\/jornalfatosenoticias.com.br\/#\/schema\/logo\/image\/"}},{"@type":"Person","@id":"https:\/\/jornalfatosenoticias.com.br\/#\/schema\/person\/d63837fa13ac8666eb9e74e0985d6f81","name":"Luzimara Fernandes","image":{"@type":"ImageObject","inLanguage":"pt-BR","@id":"https:\/\/jornalfatosenoticias.com.br\/#\/schema\/person\/image\/","url":"https:\/\/jornalfatosenoticias.com.br\/wp-content\/uploads\/2025\/05\/EU_portal.jpg","contentUrl":"https:\/\/jornalfatosenoticias.com.br\/wp-content\/uploads\/2025\/05\/EU_portal.jpg","caption":"Luzimara Fernandes"},"description":"Jornalista MTB 2358-ES","sameAs":["https:\/\/jornalfatosenoticias.com.br"],"url":"https:\/\/jornalfatosenoticias.com.br\/index.php\/author\/luzimara\/"}]}},"cc_featured_image_caption":{"caption_text":"(Foto: Getty Images) ","source_text":"","source_url":""},"jetpack_featured_media_url":"https:\/\/jornalfatosenoticias.com.br\/wp-content\/uploads\/2023\/03\/inflacao_brasil.jpg","_links":{"self":[{"href":"https:\/\/jornalfatosenoticias.com.br\/index.php\/wp-json\/wp\/v2\/posts\/39559","targetHints":{"allow":["GET"]}}],"collection":[{"href":"https:\/\/jornalfatosenoticias.com.br\/index.php\/wp-json\/wp\/v2\/posts"}],"about":[{"href":"https:\/\/jornalfatosenoticias.com.br\/index.php\/wp-json\/wp\/v2\/types\/post"}],"author":[{"embeddable":true,"href":"https:\/\/jornalfatosenoticias.com.br\/index.php\/wp-json\/wp\/v2\/users\/2"}],"replies":[{"embeddable":true,"href":"https:\/\/jornalfatosenoticias.com.br\/index.php\/wp-json\/wp\/v2\/comments?post=39559"}],"version-history":[{"count":0,"href":"https:\/\/jornalfatosenoticias.com.br\/index.php\/wp-json\/wp\/v2\/posts\/39559\/revisions"}],"wp:featuredmedia":[{"embeddable":true,"href":"https:\/\/jornalfatosenoticias.com.br\/index.php\/wp-json\/wp\/v2\/media\/39560"}],"wp:attachment":[{"href":"https:\/\/jornalfatosenoticias.com.br\/index.php\/wp-json\/wp\/v2\/media?parent=39559"}],"wp:term":[{"taxonomy":"category","embeddable":true,"href":"https:\/\/jornalfatosenoticias.com.br\/index.php\/wp-json\/wp\/v2\/categories?post=39559"},{"taxonomy":"post_tag","embeddable":true,"href":"https:\/\/jornalfatosenoticias.com.br\/index.php\/wp-json\/wp\/v2\/tags?post=39559"}],"curies":[{"name":"wp","href":"https:\/\/api.w.org\/{rel}","templated":true}]}}