{"id":39562,"date":"2023-03-13T13:18:50","date_gmt":"2023-03-13T16:18:50","guid":{"rendered":"https:\/\/jornalfatosenoticias.com.br\/?p=39562"},"modified":"2023-03-13T13:18:50","modified_gmt":"2023-03-13T16:18:50","slug":"durante-seus-dois-primeiros-mandatos-lula-incorporou-559-presentes-ao-acervo-pessoal-antes-de-decisao-do-tcu","status":"publish","type":"post","link":"https:\/\/jornalfatosenoticias.com.br\/index.php\/2023\/03\/13\/durante-seus-dois-primeiros-mandatos-lula-incorporou-559-presentes-ao-acervo-pessoal-antes-de-decisao-do-tcu\/","title":{"rendered":"Durante seus dois primeiros mandatos, Lula incorporou 559 presentes ao acervo pessoal antes de decis\u00e3o do TCU"},"content":{"rendered":"\n<p><em><span class=\"has-inline-color has-black-color\">Do total de 568 objetos recebidos pelo petista, 559 foram incorporados ao acervo pessoal do atual governo<\/span><\/em><\/p>\n\n\n\n<div class=\"wp-block-image\"><figure class=\"aligncenter size-large\"><img loading=\"lazy\" decoding=\"async\" width=\"1024\" height=\"110\" src=\"https:\/\/jornalfatosenoticias.com.br\/wp-content\/uploads\/2022\/10\/Arte-jornal-Zucchi-1120x120_Prancheta-1-1024x110.jpg\" alt=\"\" class=\"wp-image-34772\" srcset=\"https:\/\/jornalfatosenoticias.com.br\/wp-content\/uploads\/2022\/10\/Arte-jornal-Zucchi-1120x120_Prancheta-1-1024x110.jpg 1024w, https:\/\/jornalfatosenoticias.com.br\/wp-content\/uploads\/2022\/10\/Arte-jornal-Zucchi-1120x120_Prancheta-1-300x32.jpg 300w, https:\/\/jornalfatosenoticias.com.br\/wp-content\/uploads\/2022\/10\/Arte-jornal-Zucchi-1120x120_Prancheta-1-768x82.jpg 768w, https:\/\/jornalfatosenoticias.com.br\/wp-content\/uploads\/2022\/10\/Arte-jornal-Zucchi-1120x120_Prancheta-1-1536x165.jpg 1536w, https:\/\/jornalfatosenoticias.com.br\/wp-content\/uploads\/2022\/10\/Arte-jornal-Zucchi-1120x120_Prancheta-1-2048x219.jpg 2048w\" sizes=\"auto, (max-width: 1024px) 100vw, 1024px\" \/><\/figure><\/div>\n\n\n\n<p>Luiz In\u00e1cio Lula da Silva (PT) recebeu 568 presentes durante audi\u00eancias no exterior ou em solo nacional, entre 2003 e 2010, nos seus dois primeiros mandatos. As informa\u00e7\u00f5es constam em relat\u00f3rio de auditoria do Tribunal de Contas da Uni\u00e3o (TCU).<br>De acordo com levantamento realizado pelo Gabinete Pessoal da Presid\u00eancia da Rep\u00fablica em 2016, na \u00e9poca, a maioria dos presentes ficou no acervo pessoal.<\/p>\n\n\n\n<div class=\"wp-block-image\"><figure class=\"aligncenter size-large\"><img loading=\"lazy\" decoding=\"async\" width=\"300\" height=\"300\" src=\"https:\/\/jornalfatosenoticias.com.br\/wp-content\/uploads\/2020\/02\/casa-do-torresmo_portal.jpg\" alt=\"\" class=\"wp-image-34472\" srcset=\"https:\/\/jornalfatosenoticias.com.br\/wp-content\/uploads\/2020\/02\/casa-do-torresmo_portal.jpg 300w, https:\/\/jornalfatosenoticias.com.br\/wp-content\/uploads\/2020\/02\/casa-do-torresmo_portal-150x150.jpg 150w\" sizes=\"auto, (max-width: 300px) 100vw, 300px\" \/><\/figure><\/div>\n\n\n\n<p>O relat\u00f3rio foi relatado pelo ministro Walter Alencar Rodrigues e aprovado em plen\u00e1rio no dia 31 de agosto de 2016. O TCU determinou \u00e0 Secretaria de Administra\u00e7\u00e3o da Presid\u00eancia da Rep\u00fablica naquele ano que todos os presentes recebidos por presidentes deveriam ser restitu\u00eddos para a Uni\u00e3o.<br>Os ex-presidentes s\u00f3 poderiam ficar com lembran\u00e7as de car\u00e1ter personal\u00edssimo ou de uso pessoal como roupas e perfumes. Os presentes foram entregues ou encaminhados para Lula durante visitas para os pa\u00edses.<\/p>\n\n\n\n<div class=\"wp-block-image\"><figure class=\"aligncenter size-large\"><img decoding=\"async\" src=\"https:\/\/jornalfatosenoticias.com.br\/wp-content\/uploads\/2023\/02\/faserra_portal.jpg\" alt=\"\" class=\"wp-image-38905\"\/><\/figure><\/div>\n\n\n\n<blockquote class=\"wp-block-quote is-layout-flow wp-block-quote-is-layout-flow\"><p><span class=\"has-inline-color has-luminous-vivid-orange-color\">Do total de 568 objetos recebidos pelo petista, 559 foram incorporados ao acervo pessoal do atual governo.<\/span><\/p><\/blockquote>\n\n\n\n<div class=\"wp-block-image\"><figure class=\"aligncenter size-large\"><img loading=\"lazy\" decoding=\"async\" width=\"1024\" height=\"100\" src=\"https:\/\/jornalfatosenoticias.com.br\/wp-content\/uploads\/2022\/05\/NOVA-LOGO-CESCONETTO-1024x100.jpg\" alt=\"\" class=\"wp-image-30792\" srcset=\"https:\/\/jornalfatosenoticias.com.br\/wp-content\/uploads\/2022\/05\/NOVA-LOGO-CESCONETTO-1024x100.jpg 1024w, https:\/\/jornalfatosenoticias.com.br\/wp-content\/uploads\/2022\/05\/NOVA-LOGO-CESCONETTO-300x29.jpg 300w, https:\/\/jornalfatosenoticias.com.br\/wp-content\/uploads\/2022\/05\/NOVA-LOGO-CESCONETTO-768x75.jpg 768w, https:\/\/jornalfatosenoticias.com.br\/wp-content\/uploads\/2022\/05\/NOVA-LOGO-CESCONETTO.jpg 1280w\" sizes=\"auto, (max-width: 1024px) 100vw, 1024px\" \/><\/figure><\/div>\n\n\n\n<p>Apenas nove presentes dados para Lula, no per\u00edodo 2003-2010, foram incorporados ao patrim\u00f4nio da Uni\u00e3o at\u00e9 2016, de acordo com o TCU. Isto \u00e9, eles foram catalogados para permanecer como acervo p\u00fablico no Pal\u00e1cio do Planalto, sede do Poder Executivo em Bras\u00edlia.<\/p>\n\n\n\n<div class=\"wp-block-image\"><figure class=\"aligncenter size-large is-resized\"><img loading=\"lazy\" decoding=\"async\" src=\"https:\/\/jornalfatosenoticias.com.br\/wp-content\/uploads\/2022\/10\/RC_800x750_page-0001.jpg\" alt=\"\" class=\"wp-image-35338\" width=\"288\" height=\"270\" srcset=\"https:\/\/jornalfatosenoticias.com.br\/wp-content\/uploads\/2022\/10\/RC_800x750_page-0001.jpg 400w, https:\/\/jornalfatosenoticias.com.br\/wp-content\/uploads\/2022\/10\/RC_800x750_page-0001-300x281.jpg 300w\" sizes=\"auto, (max-width: 288px) 100vw, 288px\" \/><\/figure><\/div>\n\n\n\n<blockquote class=\"wp-block-quote is-layout-flow wp-block-quote-is-layout-flow\"><p><span class=\"has-inline-color has-luminous-vivid-orange-color\">Segundo o TCU, ficou no acervo p\u00fablico apenas 1,58% de todos os objetos recebidos pela Presid\u00eancia da Rep\u00fablica durante o 1\u00ba e o 2\u00ba mandatos de Lula.<\/span><\/p><\/blockquote>\n\n\n\n<div class=\"wp-block-image\"><figure class=\"aligncenter size-large\"><img decoding=\"async\" src=\"https:\/\/jornalfatosenoticias.com.br\/wp-content\/uploads\/2020\/02\/Serra-Grande-1024x160.png\" alt=\"\" class=\"wp-image-7836\"\/><\/figure><\/div>\n\n\n\n<p>De acordo com o tribunal, a auditoria teve o objetivo de averiguar desvio ou desaparecimento de bens pertencentes \u00e0 Uni\u00e3o nos pal\u00e1cios do Planalto e da Alvorada at\u00e9 2016.<\/p>\n\n\n\n<div class=\"wp-block-image\"><figure class=\"aligncenter size-large is-resized\"><img loading=\"lazy\" decoding=\"async\" src=\"https:\/\/jornalfatosenoticias.com.br\/wp-content\/uploads\/2023\/03\/Crypton-1000-\u00d7-900-px.png\" alt=\"\" class=\"wp-image-39189\" width=\"284\" height=\"256\" srcset=\"https:\/\/jornalfatosenoticias.com.br\/wp-content\/uploads\/2023\/03\/Crypton-1000-\u00d7-900-px.png 1000w, https:\/\/jornalfatosenoticias.com.br\/wp-content\/uploads\/2023\/03\/Crypton-1000-\u00d7-900-px-300x270.png 300w, https:\/\/jornalfatosenoticias.com.br\/wp-content\/uploads\/2023\/03\/Crypton-1000-\u00d7-900-px-768x691.png 768w\" sizes=\"auto, (max-width: 284px) 100vw, 284px\" \/><\/figure><\/div>\n\n\n\n<p><strong><em>Fonte: <a href=\"https:\/\/gazetabrasil.com.br\/politica\/2023\/03\/09\/lula-incorporou-559-presentes-ao-acervo-pessoal-antes-de-decisao-do-tcu\/\">Gazeta Brasil<\/a><\/em><\/strong><\/p>\n","protected":false},"excerpt":{"rendered":"<p>Do total de 568 objetos recebidos pelo petista, 559 foram incorporados ao acervo pessoal do atual governo Luiz In\u00e1cio Lula da Silva (PT) recebeu 568 presentes durante audi\u00eancias no exterior ou em solo nacional, entre 2003 e 2010, nos seus dois primeiros mandatos. As informa\u00e7\u00f5es constam em relat\u00f3rio de auditoria do Tribunal de Contas da [&hellip;]<\/p>\n","protected":false},"author":2,"featured_media":39563,"comment_status":"open","ping_status":"open","sticky":false,"template":"","format":"standard","meta":{"footnotes":""},"categories":[10],"tags":[18507,6957,18508,7580,16434,14146],"class_list":["post-39562","post","type-post","status-publish","format-standard","has-post-thumbnail","hentry","category-politica","tag-acervo-pessoal","tag-furto","tag-governos-petistas","tag-lula","tag-presentes","tag-roubo"],"yoast_head":"<!-- This site is optimized with the Yoast SEO plugin v26.5 - https:\/\/yoast.com\/wordpress\/plugins\/seo\/ -->\n<title>Durante seus dois primeiros mandatos, Lula incorporou 559 presentes ao acervo pessoal antes de decis\u00e3o do TCU - Jornal Fatos e Not\u00edcias<\/title>\n<meta name=\"robots\" content=\"index, follow, max-snippet:-1, max-image-preview:large, max-video-preview:-1\" \/>\n<link rel=\"canonical\" href=\"https:\/\/jornalfatosenoticias.com.br\/index.php\/2023\/03\/13\/durante-seus-dois-primeiros-mandatos-lula-incorporou-559-presentes-ao-acervo-pessoal-antes-de-decisao-do-tcu\/\" \/>\n<meta property=\"og:locale\" content=\"pt_BR\" \/>\n<meta property=\"og:type\" content=\"article\" \/>\n<meta property=\"og:title\" content=\"Durante seus dois primeiros mandatos, Lula incorporou 559 presentes ao acervo pessoal antes de decis\u00e3o do TCU - Jornal Fatos e Not\u00edcias\" \/>\n<meta property=\"og:description\" content=\"Do total de 568 objetos recebidos pelo petista, 559 foram incorporados ao acervo pessoal do atual governo Luiz In\u00e1cio Lula da Silva (PT) recebeu 568 presentes durante audi\u00eancias no exterior ou em solo nacional, entre 2003 e 2010, nos seus dois primeiros mandatos. As informa\u00e7\u00f5es constam em relat\u00f3rio de auditoria do Tribunal de Contas da [&hellip;]\" \/>\n<meta property=\"og:url\" content=\"https:\/\/jornalfatosenoticias.com.br\/index.php\/2023\/03\/13\/durante-seus-dois-primeiros-mandatos-lula-incorporou-559-presentes-ao-acervo-pessoal-antes-de-decisao-do-tcu\/\" \/>\n<meta property=\"og:site_name\" content=\"Jornal Fatos e Not\u00edcias\" \/>\n<meta property=\"article:published_time\" content=\"2023-03-13T16:18:50+00:00\" \/>\n<meta property=\"og:image\" content=\"https:\/\/jornalfatosenoticias.com.br\/wp-content\/uploads\/2023\/03\/nine.jpg\" \/>\n\t<meta property=\"og:image:width\" content=\"1000\" \/>\n\t<meta property=\"og:image:height\" content=\"562\" \/>\n\t<meta property=\"og:image:type\" content=\"image\/jpeg\" \/>\n<meta name=\"author\" content=\"Luzimara Fernandes\" \/>\n<meta name=\"twitter:card\" content=\"summary_large_image\" \/>\n<meta name=\"twitter:label1\" content=\"Escrito por\" \/>\n\t<meta name=\"twitter:data1\" content=\"Luzimara Fernandes\" \/>\n\t<meta name=\"twitter:label2\" content=\"Est. tempo de leitura\" \/>\n\t<meta name=\"twitter:data2\" content=\"1 minuto\" \/>\n<script type=\"application\/ld+json\" class=\"yoast-schema-graph\">{\"@context\":\"https:\/\/schema.org\",\"@graph\":[{\"@type\":\"Article\",\"@id\":\"https:\/\/jornalfatosenoticias.com.br\/index.php\/2023\/03\/13\/durante-seus-dois-primeiros-mandatos-lula-incorporou-559-presentes-ao-acervo-pessoal-antes-de-decisao-do-tcu\/#article\",\"isPartOf\":{\"@id\":\"https:\/\/jornalfatosenoticias.com.br\/index.php\/2023\/03\/13\/durante-seus-dois-primeiros-mandatos-lula-incorporou-559-presentes-ao-acervo-pessoal-antes-de-decisao-do-tcu\/\"},\"author\":{\"name\":\"Luzimara Fernandes\",\"@id\":\"https:\/\/jornalfatosenoticias.com.br\/#\/schema\/person\/d63837fa13ac8666eb9e74e0985d6f81\"},\"headline\":\"Durante seus dois primeiros mandatos, Lula incorporou 559 presentes ao acervo pessoal antes de decis\u00e3o do TCU\",\"datePublished\":\"2023-03-13T16:18:50+00:00\",\"mainEntityOfPage\":{\"@id\":\"https:\/\/jornalfatosenoticias.com.br\/index.php\/2023\/03\/13\/durante-seus-dois-primeiros-mandatos-lula-incorporou-559-presentes-ao-acervo-pessoal-antes-de-decisao-do-tcu\/\"},\"wordCount\":304,\"commentCount\":0,\"publisher\":{\"@id\":\"https:\/\/jornalfatosenoticias.com.br\/#organization\"},\"image\":{\"@id\":\"https:\/\/jornalfatosenoticias.com.br\/index.php\/2023\/03\/13\/durante-seus-dois-primeiros-mandatos-lula-incorporou-559-presentes-ao-acervo-pessoal-antes-de-decisao-do-tcu\/#primaryimage\"},\"thumbnailUrl\":\"https:\/\/jornalfatosenoticias.com.br\/wp-content\/uploads\/2023\/03\/nine.jpg\",\"keywords\":[\"acervo pessoal\",\"furto\",\"governos petistas\",\"Lula\",\"presentes\",\"roubo\"],\"articleSection\":[\"Pol\u00edtica\"],\"inLanguage\":\"pt-BR\",\"potentialAction\":[{\"@type\":\"CommentAction\",\"name\":\"Comment\",\"target\":[\"https:\/\/jornalfatosenoticias.com.br\/index.php\/2023\/03\/13\/durante-seus-dois-primeiros-mandatos-lula-incorporou-559-presentes-ao-acervo-pessoal-antes-de-decisao-do-tcu\/#respond\"]}]},{\"@type\":\"WebPage\",\"@id\":\"https:\/\/jornalfatosenoticias.com.br\/index.php\/2023\/03\/13\/durante-seus-dois-primeiros-mandatos-lula-incorporou-559-presentes-ao-acervo-pessoal-antes-de-decisao-do-tcu\/\",\"url\":\"https:\/\/jornalfatosenoticias.com.br\/index.php\/2023\/03\/13\/durante-seus-dois-primeiros-mandatos-lula-incorporou-559-presentes-ao-acervo-pessoal-antes-de-decisao-do-tcu\/\",\"name\":\"Durante seus dois primeiros mandatos, Lula incorporou 559 presentes ao acervo pessoal antes de decis\u00e3o do TCU - Jornal Fatos e Not\u00edcias\",\"isPartOf\":{\"@id\":\"https:\/\/jornalfatosenoticias.com.br\/#website\"},\"primaryImageOfPage\":{\"@id\":\"https:\/\/jornalfatosenoticias.com.br\/index.php\/2023\/03\/13\/durante-seus-dois-primeiros-mandatos-lula-incorporou-559-presentes-ao-acervo-pessoal-antes-de-decisao-do-tcu\/#primaryimage\"},\"image\":{\"@id\":\"https:\/\/jornalfatosenoticias.com.br\/index.php\/2023\/03\/13\/durante-seus-dois-primeiros-mandatos-lula-incorporou-559-presentes-ao-acervo-pessoal-antes-de-decisao-do-tcu\/#primaryimage\"},\"thumbnailUrl\":\"https:\/\/jornalfatosenoticias.com.br\/wp-content\/uploads\/2023\/03\/nine.jpg\",\"datePublished\":\"2023-03-13T16:18:50+00:00\",\"breadcrumb\":{\"@id\":\"https:\/\/jornalfatosenoticias.com.br\/index.php\/2023\/03\/13\/durante-seus-dois-primeiros-mandatos-lula-incorporou-559-presentes-ao-acervo-pessoal-antes-de-decisao-do-tcu\/#breadcrumb\"},\"inLanguage\":\"pt-BR\",\"potentialAction\":[{\"@type\":\"ReadAction\",\"target\":[\"https:\/\/jornalfatosenoticias.com.br\/index.php\/2023\/03\/13\/durante-seus-dois-primeiros-mandatos-lula-incorporou-559-presentes-ao-acervo-pessoal-antes-de-decisao-do-tcu\/\"]}]},{\"@type\":\"ImageObject\",\"inLanguage\":\"pt-BR\",\"@id\":\"https:\/\/jornalfatosenoticias.com.br\/index.php\/2023\/03\/13\/durante-seus-dois-primeiros-mandatos-lula-incorporou-559-presentes-ao-acervo-pessoal-antes-de-decisao-do-tcu\/#primaryimage\",\"url\":\"https:\/\/jornalfatosenoticias.com.br\/wp-content\/uploads\/2023\/03\/nine.jpg\",\"contentUrl\":\"https:\/\/jornalfatosenoticias.com.br\/wp-content\/uploads\/2023\/03\/nine.jpg\",\"width\":1000,\"height\":562},{\"@type\":\"BreadcrumbList\",\"@id\":\"https:\/\/jornalfatosenoticias.com.br\/index.php\/2023\/03\/13\/durante-seus-dois-primeiros-mandatos-lula-incorporou-559-presentes-ao-acervo-pessoal-antes-de-decisao-do-tcu\/#breadcrumb\",\"itemListElement\":[{\"@type\":\"ListItem\",\"position\":1,\"name\":\"In\u00edcio\",\"item\":\"https:\/\/jornalfatosenoticias.com.br\/\"},{\"@type\":\"ListItem\",\"position\":2,\"name\":\"Durante seus dois primeiros mandatos, Lula incorporou 559 presentes ao acervo pessoal antes de decis\u00e3o do TCU\"}]},{\"@type\":\"WebSite\",\"@id\":\"https:\/\/jornalfatosenoticias.com.br\/#website\",\"url\":\"https:\/\/jornalfatosenoticias.com.br\/\",\"name\":\"Jornal Fatos e Not\u00edcias\",\"description\":\"Not\u00edcias em geral\",\"publisher\":{\"@id\":\"https:\/\/jornalfatosenoticias.com.br\/#organization\"},\"potentialAction\":[{\"@type\":\"SearchAction\",\"target\":{\"@type\":\"EntryPoint\",\"urlTemplate\":\"https:\/\/jornalfatosenoticias.com.br\/?s={search_term_string}\"},\"query-input\":{\"@type\":\"PropertyValueSpecification\",\"valueRequired\":true,\"valueName\":\"search_term_string\"}}],\"inLanguage\":\"pt-BR\"},{\"@type\":\"Organization\",\"@id\":\"https:\/\/jornalfatosenoticias.com.br\/#organization\",\"name\":\"Jornal Fatos e Not\u00edcias\",\"url\":\"https:\/\/jornalfatosenoticias.com.br\/\",\"logo\":{\"@type\":\"ImageObject\",\"inLanguage\":\"pt-BR\",\"@id\":\"https:\/\/jornalfatosenoticias.com.br\/#\/schema\/logo\/image\/\",\"url\":\"https:\/\/jornalfatosenoticias.com.br\/wp-content\/uploads\/2020\/02\/logo120.png\",\"contentUrl\":\"https:\/\/jornalfatosenoticias.com.br\/wp-content\/uploads\/2020\/02\/logo120.png\",\"width\":1227,\"height\":120,\"caption\":\"Jornal Fatos e Not\u00edcias\"},\"image\":{\"@id\":\"https:\/\/jornalfatosenoticias.com.br\/#\/schema\/logo\/image\/\"}},{\"@type\":\"Person\",\"@id\":\"https:\/\/jornalfatosenoticias.com.br\/#\/schema\/person\/d63837fa13ac8666eb9e74e0985d6f81\",\"name\":\"Luzimara Fernandes\",\"image\":{\"@type\":\"ImageObject\",\"inLanguage\":\"pt-BR\",\"@id\":\"https:\/\/jornalfatosenoticias.com.br\/#\/schema\/person\/image\/\",\"url\":\"https:\/\/jornalfatosenoticias.com.br\/wp-content\/uploads\/2025\/05\/EU_portal.jpg\",\"contentUrl\":\"https:\/\/jornalfatosenoticias.com.br\/wp-content\/uploads\/2025\/05\/EU_portal.jpg\",\"caption\":\"Luzimara Fernandes\"},\"description\":\"Jornalista MTB 2358-ES\",\"sameAs\":[\"https:\/\/jornalfatosenoticias.com.br\"],\"url\":\"https:\/\/jornalfatosenoticias.com.br\/index.php\/author\/luzimara\/\"}]}<\/script>\n<!-- \/ Yoast SEO plugin. -->","yoast_head_json":{"title":"Durante seus dois primeiros mandatos, Lula incorporou 559 presentes ao acervo pessoal antes de decis\u00e3o do TCU - Jornal Fatos e Not\u00edcias","robots":{"index":"index","follow":"follow","max-snippet":"max-snippet:-1","max-image-preview":"max-image-preview:large","max-video-preview":"max-video-preview:-1"},"canonical":"https:\/\/jornalfatosenoticias.com.br\/index.php\/2023\/03\/13\/durante-seus-dois-primeiros-mandatos-lula-incorporou-559-presentes-ao-acervo-pessoal-antes-de-decisao-do-tcu\/","og_locale":"pt_BR","og_type":"article","og_title":"Durante seus dois primeiros mandatos, Lula incorporou 559 presentes ao acervo pessoal antes de decis\u00e3o do TCU - Jornal Fatos e Not\u00edcias","og_description":"Do total de 568 objetos recebidos pelo petista, 559 foram incorporados ao acervo pessoal do atual governo Luiz In\u00e1cio Lula da Silva (PT) recebeu 568 presentes durante audi\u00eancias no exterior ou em solo nacional, entre 2003 e 2010, nos seus dois primeiros mandatos. As informa\u00e7\u00f5es constam em relat\u00f3rio de auditoria do Tribunal de Contas da [&hellip;]","og_url":"https:\/\/jornalfatosenoticias.com.br\/index.php\/2023\/03\/13\/durante-seus-dois-primeiros-mandatos-lula-incorporou-559-presentes-ao-acervo-pessoal-antes-de-decisao-do-tcu\/","og_site_name":"Jornal Fatos e Not\u00edcias","article_published_time":"2023-03-13T16:18:50+00:00","og_image":[{"width":1000,"height":562,"url":"https:\/\/jornalfatosenoticias.com.br\/wp-content\/uploads\/2023\/03\/nine.jpg","type":"image\/jpeg"}],"author":"Luzimara Fernandes","twitter_card":"summary_large_image","twitter_misc":{"Escrito por":"Luzimara Fernandes","Est. tempo de leitura":"1 minuto"},"schema":{"@context":"https:\/\/schema.org","@graph":[{"@type":"Article","@id":"https:\/\/jornalfatosenoticias.com.br\/index.php\/2023\/03\/13\/durante-seus-dois-primeiros-mandatos-lula-incorporou-559-presentes-ao-acervo-pessoal-antes-de-decisao-do-tcu\/#article","isPartOf":{"@id":"https:\/\/jornalfatosenoticias.com.br\/index.php\/2023\/03\/13\/durante-seus-dois-primeiros-mandatos-lula-incorporou-559-presentes-ao-acervo-pessoal-antes-de-decisao-do-tcu\/"},"author":{"name":"Luzimara Fernandes","@id":"https:\/\/jornalfatosenoticias.com.br\/#\/schema\/person\/d63837fa13ac8666eb9e74e0985d6f81"},"headline":"Durante seus dois primeiros mandatos, Lula incorporou 559 presentes ao acervo pessoal antes de decis\u00e3o do TCU","datePublished":"2023-03-13T16:18:50+00:00","mainEntityOfPage":{"@id":"https:\/\/jornalfatosenoticias.com.br\/index.php\/2023\/03\/13\/durante-seus-dois-primeiros-mandatos-lula-incorporou-559-presentes-ao-acervo-pessoal-antes-de-decisao-do-tcu\/"},"wordCount":304,"commentCount":0,"publisher":{"@id":"https:\/\/jornalfatosenoticias.com.br\/#organization"},"image":{"@id":"https:\/\/jornalfatosenoticias.com.br\/index.php\/2023\/03\/13\/durante-seus-dois-primeiros-mandatos-lula-incorporou-559-presentes-ao-acervo-pessoal-antes-de-decisao-do-tcu\/#primaryimage"},"thumbnailUrl":"https:\/\/jornalfatosenoticias.com.br\/wp-content\/uploads\/2023\/03\/nine.jpg","keywords":["acervo pessoal","furto","governos petistas","Lula","presentes","roubo"],"articleSection":["Pol\u00edtica"],"inLanguage":"pt-BR","potentialAction":[{"@type":"CommentAction","name":"Comment","target":["https:\/\/jornalfatosenoticias.com.br\/index.php\/2023\/03\/13\/durante-seus-dois-primeiros-mandatos-lula-incorporou-559-presentes-ao-acervo-pessoal-antes-de-decisao-do-tcu\/#respond"]}]},{"@type":"WebPage","@id":"https:\/\/jornalfatosenoticias.com.br\/index.php\/2023\/03\/13\/durante-seus-dois-primeiros-mandatos-lula-incorporou-559-presentes-ao-acervo-pessoal-antes-de-decisao-do-tcu\/","url":"https:\/\/jornalfatosenoticias.com.br\/index.php\/2023\/03\/13\/durante-seus-dois-primeiros-mandatos-lula-incorporou-559-presentes-ao-acervo-pessoal-antes-de-decisao-do-tcu\/","name":"Durante seus dois primeiros mandatos, Lula incorporou 559 presentes ao acervo pessoal antes de decis\u00e3o do TCU - Jornal Fatos e Not\u00edcias","isPartOf":{"@id":"https:\/\/jornalfatosenoticias.com.br\/#website"},"primaryImageOfPage":{"@id":"https:\/\/jornalfatosenoticias.com.br\/index.php\/2023\/03\/13\/durante-seus-dois-primeiros-mandatos-lula-incorporou-559-presentes-ao-acervo-pessoal-antes-de-decisao-do-tcu\/#primaryimage"},"image":{"@id":"https:\/\/jornalfatosenoticias.com.br\/index.php\/2023\/03\/13\/durante-seus-dois-primeiros-mandatos-lula-incorporou-559-presentes-ao-acervo-pessoal-antes-de-decisao-do-tcu\/#primaryimage"},"thumbnailUrl":"https:\/\/jornalfatosenoticias.com.br\/wp-content\/uploads\/2023\/03\/nine.jpg","datePublished":"2023-03-13T16:18:50+00:00","breadcrumb":{"@id":"https:\/\/jornalfatosenoticias.com.br\/index.php\/2023\/03\/13\/durante-seus-dois-primeiros-mandatos-lula-incorporou-559-presentes-ao-acervo-pessoal-antes-de-decisao-do-tcu\/#breadcrumb"},"inLanguage":"pt-BR","potentialAction":[{"@type":"ReadAction","target":["https:\/\/jornalfatosenoticias.com.br\/index.php\/2023\/03\/13\/durante-seus-dois-primeiros-mandatos-lula-incorporou-559-presentes-ao-acervo-pessoal-antes-de-decisao-do-tcu\/"]}]},{"@type":"ImageObject","inLanguage":"pt-BR","@id":"https:\/\/jornalfatosenoticias.com.br\/index.php\/2023\/03\/13\/durante-seus-dois-primeiros-mandatos-lula-incorporou-559-presentes-ao-acervo-pessoal-antes-de-decisao-do-tcu\/#primaryimage","url":"https:\/\/jornalfatosenoticias.com.br\/wp-content\/uploads\/2023\/03\/nine.jpg","contentUrl":"https:\/\/jornalfatosenoticias.com.br\/wp-content\/uploads\/2023\/03\/nine.jpg","width":1000,"height":562},{"@type":"BreadcrumbList","@id":"https:\/\/jornalfatosenoticias.com.br\/index.php\/2023\/03\/13\/durante-seus-dois-primeiros-mandatos-lula-incorporou-559-presentes-ao-acervo-pessoal-antes-de-decisao-do-tcu\/#breadcrumb","itemListElement":[{"@type":"ListItem","position":1,"name":"In\u00edcio","item":"https:\/\/jornalfatosenoticias.com.br\/"},{"@type":"ListItem","position":2,"name":"Durante seus dois primeiros mandatos, Lula incorporou 559 presentes ao acervo pessoal antes de decis\u00e3o do TCU"}]},{"@type":"WebSite","@id":"https:\/\/jornalfatosenoticias.com.br\/#website","url":"https:\/\/jornalfatosenoticias.com.br\/","name":"Jornal Fatos e Not\u00edcias","description":"Not\u00edcias em geral","publisher":{"@id":"https:\/\/jornalfatosenoticias.com.br\/#organization"},"potentialAction":[{"@type":"SearchAction","target":{"@type":"EntryPoint","urlTemplate":"https:\/\/jornalfatosenoticias.com.br\/?s={search_term_string}"},"query-input":{"@type":"PropertyValueSpecification","valueRequired":true,"valueName":"search_term_string"}}],"inLanguage":"pt-BR"},{"@type":"Organization","@id":"https:\/\/jornalfatosenoticias.com.br\/#organization","name":"Jornal Fatos e Not\u00edcias","url":"https:\/\/jornalfatosenoticias.com.br\/","logo":{"@type":"ImageObject","inLanguage":"pt-BR","@id":"https:\/\/jornalfatosenoticias.com.br\/#\/schema\/logo\/image\/","url":"https:\/\/jornalfatosenoticias.com.br\/wp-content\/uploads\/2020\/02\/logo120.png","contentUrl":"https:\/\/jornalfatosenoticias.com.br\/wp-content\/uploads\/2020\/02\/logo120.png","width":1227,"height":120,"caption":"Jornal Fatos e Not\u00edcias"},"image":{"@id":"https:\/\/jornalfatosenoticias.com.br\/#\/schema\/logo\/image\/"}},{"@type":"Person","@id":"https:\/\/jornalfatosenoticias.com.br\/#\/schema\/person\/d63837fa13ac8666eb9e74e0985d6f81","name":"Luzimara Fernandes","image":{"@type":"ImageObject","inLanguage":"pt-BR","@id":"https:\/\/jornalfatosenoticias.com.br\/#\/schema\/person\/image\/","url":"https:\/\/jornalfatosenoticias.com.br\/wp-content\/uploads\/2025\/05\/EU_portal.jpg","contentUrl":"https:\/\/jornalfatosenoticias.com.br\/wp-content\/uploads\/2025\/05\/EU_portal.jpg","caption":"Luzimara Fernandes"},"description":"Jornalista MTB 2358-ES","sameAs":["https:\/\/jornalfatosenoticias.com.br"],"url":"https:\/\/jornalfatosenoticias.com.br\/index.php\/author\/luzimara\/"}]}},"cc_featured_image_caption":{"caption_text":"(Foto: Ricardo Stuckert\/PR) ","source_text":"","source_url":""},"jetpack_featured_media_url":"https:\/\/jornalfatosenoticias.com.br\/wp-content\/uploads\/2023\/03\/nine.jpg","_links":{"self":[{"href":"https:\/\/jornalfatosenoticias.com.br\/index.php\/wp-json\/wp\/v2\/posts\/39562","targetHints":{"allow":["GET"]}}],"collection":[{"href":"https:\/\/jornalfatosenoticias.com.br\/index.php\/wp-json\/wp\/v2\/posts"}],"about":[{"href":"https:\/\/jornalfatosenoticias.com.br\/index.php\/wp-json\/wp\/v2\/types\/post"}],"author":[{"embeddable":true,"href":"https:\/\/jornalfatosenoticias.com.br\/index.php\/wp-json\/wp\/v2\/users\/2"}],"replies":[{"embeddable":true,"href":"https:\/\/jornalfatosenoticias.com.br\/index.php\/wp-json\/wp\/v2\/comments?post=39562"}],"version-history":[{"count":0,"href":"https:\/\/jornalfatosenoticias.com.br\/index.php\/wp-json\/wp\/v2\/posts\/39562\/revisions"}],"wp:featuredmedia":[{"embeddable":true,"href":"https:\/\/jornalfatosenoticias.com.br\/index.php\/wp-json\/wp\/v2\/media\/39563"}],"wp:attachment":[{"href":"https:\/\/jornalfatosenoticias.com.br\/index.php\/wp-json\/wp\/v2\/media?parent=39562"}],"wp:term":[{"taxonomy":"category","embeddable":true,"href":"https:\/\/jornalfatosenoticias.com.br\/index.php\/wp-json\/wp\/v2\/categories?post=39562"},{"taxonomy":"post_tag","embeddable":true,"href":"https:\/\/jornalfatosenoticias.com.br\/index.php\/wp-json\/wp\/v2\/tags?post=39562"}],"curies":[{"name":"wp","href":"https:\/\/api.w.org\/{rel}","templated":true}]}}