{"id":39586,"date":"2023-03-14T10:39:58","date_gmt":"2023-03-14T13:39:58","guid":{"rendered":"https:\/\/jornalfatosenoticias.com.br\/?p=39586"},"modified":"2023-03-14T10:40:00","modified_gmt":"2023-03-14T13:40:00","slug":"pilula-do-calor-pode-ser-capaz-de-manter-o-corpo-quente-mesmo-no-frio-extremo","status":"publish","type":"post","link":"https:\/\/jornalfatosenoticias.com.br\/index.php\/2023\/03\/14\/pilula-do-calor-pode-ser-capaz-de-manter-o-corpo-quente-mesmo-no-frio-extremo\/","title":{"rendered":"\u2018P\u00edlula do calor\u2019 pode ser capaz de manter o corpo quente mesmo no frio extremo"},"content":{"rendered":"\n<p><em><span class=\"has-inline-color has-black-color\">P\u00edlula de calor? Medicamento pode aquecer o corpo e impedir o frio<\/span><\/em><\/p>\n\n\n\n<div class=\"wp-block-image\"><figure class=\"aligncenter size-large\"><img decoding=\"async\" src=\"https:\/\/jornalfatosenoticias.com.br\/wp-content\/uploads\/2020\/02\/Serra-Grande-1024x160.png\" alt=\"\" class=\"wp-image-7836\"\/><\/figure><\/div>\n\n\n\n<p>Imagina que ao inv\u00e9s de precisar se empanturrar de casacos tudo o que voc\u00ea precisa para sair de casa no <a href=\"https:\/\/olhardigital.com.br\/2022\/12\/30\/ciencia-e-espaco\/entenda-a-ligacao-entre-o-aquecimento-global-e-o-frio-extremo\/amp\/\">frio\u00a0<\/a>\u00e9 de uma p\u00edlula? Cientistas americanos buscam desenvolver medicamentos capazes de aquecer o corpo, aumentando a resist\u00eancia \u00e0 exposi\u00e7\u00e3o ao\u00a0<a href=\"https:\/\/olhardigital.com.br\/2022\/05\/13\/ciencia-e-espaco\/chuva-congelante-ciclone-e-neve-frente-fria-historica-chegara-nos-proximos-dias\/amp\/\">frio<\/a>.<br>O projeto \u00e9 da Ag\u00eancia de Projetos de Pesquisa Avan\u00e7ada de Defesa (Darpa) e \u00e9 liderado pelo bioengenheiro da <a href=\"https:\/\/news.rice.edu\/news\/2023\/darpa-grant-will-fund-hunt-drug-can-keep-people-warm\">Rice University<\/a>, Jerzy Szablowski. A triagem ser\u00e1 feita buscando rem\u00e9dios capazes de adaptar o tecido adiposo marrom (BAT) ao frio. O BAT \u00e9 respons\u00e1vel por regular a temperatura corporal, quebrando a\u00e7\u00facar e outras mol\u00e9culas. De acordo com Szablowsk, a resposta do corpo ao frio envolve dois tipos de controle:<\/p>\n\n\n\n<div class=\"wp-block-image\"><figure class=\"aligncenter size-large is-resized\"><img loading=\"lazy\" decoding=\"async\" src=\"https:\/\/jornalfatosenoticias.com.br\/wp-content\/uploads\/2022\/02\/Precisao-Contabilidade-1024x724.jpg\" alt=\"\" class=\"wp-image-28088\" width=\"311\" height=\"220\"\/><\/figure><\/div>\n\n\n\n<p>\u2022 <strong><span class=\"has-inline-color has-black-color\">Tremores:<\/span><\/strong> quando o corpo come\u00e7a a tremer para aumentar a temperatura. No entanto, o processo \u00e9 inc\u00f4modo e causa outras consequ\u00eancias como cansa\u00e7o.<br>\u2022 <strong><span class=\"has-inline-color has-black-color\">Rea\u00e7\u00f5es qu\u00edmicas:<\/span><\/strong> nesse segundo modo, o BAT gera calor por meio de rea\u00e7\u00f5es qu\u00edmicas. No entanto, esse modo \u00e9 menos eficiente do que os tremores em seu objetivo.<br>O objetivo do novo estudo \u00e9 explorar essa segunda alternativa de uma forma que seja poss\u00edvel manter os benef\u00edcios dos tremores, mas sem que eles sejam necess\u00e1rios. <\/p>\n\n\n\n<div class=\"wp-block-image\"><figure class=\"aligncenter size-large\"><img loading=\"lazy\" decoding=\"async\" width=\"300\" height=\"222\" src=\"https:\/\/jornalfatosenoticias.com.br\/wp-content\/uploads\/2023\/03\/logo_Juliana-Graca.jpg\" alt=\"\" class=\"wp-image-39283\"\/><\/figure><\/div>\n\n\n\n<blockquote class=\"wp-block-quote is-layout-flow wp-block-quote-is-layout-flow\"><p><span class=\"has-inline-color has-luminous-vivid-orange-color\">Se voc\u00ea tem uma p\u00edlula que torna a gordura marrom mais ativa, em vez de passar semanas e semanas se adaptando ao frio, voc\u00ea pode ter um desempenho melhor em poucas horas\u201d, disse Miao-Hsueh Chen, professor associado de nutri\u00e7\u00e3o pedi\u00e1trica no Baylor College of Medicine e participante do estudo.<\/span><\/p><\/blockquote>\n\n\n\n<div class=\"wp-block-image\"><figure class=\"aligncenter size-large\"><img decoding=\"async\" src=\"https:\/\/jornalfatosenoticias.com.br\/wp-content\/uploads\/2020\/02\/logo_esteio.jpg\" alt=\"\" class=\"wp-image-1214\"\/><\/figure><\/div>\n\n\n\n<p>Ainda segundo os especialistas, o desenvolvimento da p\u00edlula envolve v\u00e1rios est\u00e1gios, cada um dos quais requer recursos e conhecimentos espec\u00edficos. N\u00e3o h\u00e1 previs\u00e3o para quando a droga vai ser selecionada e nem quando deve come\u00e7ar a funcionar.<\/p>\n\n\n\n<p><strong><em>Fonte: <a href=\"https:\/\/olhardigital.com.br\/2023\/03\/10\/ciencia-e-espaco\/pilula-do-calor-pode-ser-capaz-de-manter-o-corpo-quente-mesmo-no-frio-extremo\/amp\/\">Olhar Digital<\/a><\/em><\/strong><\/p>\n","protected":false},"excerpt":{"rendered":"<p>P\u00edlula de calor? Medicamento pode aquecer o corpo e impedir o frio Imagina que ao inv\u00e9s de precisar se empanturrar de casacos tudo o que voc\u00ea precisa para sair de casa no frio\u00a0\u00e9 de uma p\u00edlula? Cientistas americanos buscam desenvolver medicamentos capazes de aquecer o corpo, aumentando a resist\u00eancia \u00e0 exposi\u00e7\u00e3o ao\u00a0frio.O projeto \u00e9 da [&hellip;]<\/p>\n","protected":false},"author":2,"featured_media":39587,"comment_status":"open","ping_status":"open","sticky":false,"template":"","format":"standard","meta":{"footnotes":""},"categories":[11],"tags":[368,18520,2877,17603,1884,3262,18519,234],"class_list":["post-39586","post","type-post","status-publish","format-standard","has-post-thumbnail","hentry","category-saude","tag-calor","tag-corpo-quente","tag-frio","tag-frio-extremo","tag-medicamento","tag-pilula","tag-pilula-de-calor","tag-remedio"],"yoast_head":"<!-- This site is optimized with the Yoast SEO plugin v26.5 - https:\/\/yoast.com\/wordpress\/plugins\/seo\/ -->\n<title>\u2018P\u00edlula do calor\u2019 pode ser capaz de manter o corpo quente mesmo no frio extremo - Jornal Fatos e Not\u00edcias<\/title>\n<meta name=\"robots\" content=\"index, follow, max-snippet:-1, max-image-preview:large, max-video-preview:-1\" \/>\n<link rel=\"canonical\" href=\"https:\/\/jornalfatosenoticias.com.br\/index.php\/2023\/03\/14\/pilula-do-calor-pode-ser-capaz-de-manter-o-corpo-quente-mesmo-no-frio-extremo\/\" \/>\n<meta property=\"og:locale\" content=\"pt_BR\" \/>\n<meta property=\"og:type\" content=\"article\" \/>\n<meta property=\"og:title\" content=\"\u2018P\u00edlula do calor\u2019 pode ser capaz de manter o corpo quente mesmo no frio extremo - Jornal Fatos e Not\u00edcias\" \/>\n<meta property=\"og:description\" content=\"P\u00edlula de calor? Medicamento pode aquecer o corpo e impedir o frio Imagina que ao inv\u00e9s de precisar se empanturrar de casacos tudo o que voc\u00ea precisa para sair de casa no frio\u00a0\u00e9 de uma p\u00edlula? Cientistas americanos buscam desenvolver medicamentos capazes de aquecer o corpo, aumentando a resist\u00eancia \u00e0 exposi\u00e7\u00e3o ao\u00a0frio.O projeto \u00e9 da [&hellip;]\" \/>\n<meta property=\"og:url\" content=\"https:\/\/jornalfatosenoticias.com.br\/index.php\/2023\/03\/14\/pilula-do-calor-pode-ser-capaz-de-manter-o-corpo-quente-mesmo-no-frio-extremo\/\" \/>\n<meta property=\"og:site_name\" content=\"Jornal Fatos e Not\u00edcias\" \/>\n<meta property=\"article:published_time\" content=\"2023-03-14T13:39:58+00:00\" \/>\n<meta property=\"article:modified_time\" content=\"2023-03-14T13:40:00+00:00\" \/>\n<meta property=\"og:image\" content=\"https:\/\/jornalfatosenoticias.com.br\/wp-content\/uploads\/2023\/03\/PILULA-DO-CALOR.jpeg\" \/>\n\t<meta property=\"og:image:width\" content=\"1000\" \/>\n\t<meta property=\"og:image:height\" content=\"562\" \/>\n\t<meta property=\"og:image:type\" content=\"image\/jpeg\" \/>\n<meta name=\"author\" content=\"Luzimara Fernandes\" \/>\n<meta name=\"twitter:card\" content=\"summary_large_image\" \/>\n<meta name=\"twitter:label1\" content=\"Escrito por\" \/>\n\t<meta name=\"twitter:data1\" content=\"Luzimara Fernandes\" \/>\n\t<meta name=\"twitter:label2\" content=\"Est. tempo de leitura\" \/>\n\t<meta name=\"twitter:data2\" content=\"2 minutos\" \/>\n<script type=\"application\/ld+json\" class=\"yoast-schema-graph\">{\"@context\":\"https:\/\/schema.org\",\"@graph\":[{\"@type\":\"Article\",\"@id\":\"https:\/\/jornalfatosenoticias.com.br\/index.php\/2023\/03\/14\/pilula-do-calor-pode-ser-capaz-de-manter-o-corpo-quente-mesmo-no-frio-extremo\/#article\",\"isPartOf\":{\"@id\":\"https:\/\/jornalfatosenoticias.com.br\/index.php\/2023\/03\/14\/pilula-do-calor-pode-ser-capaz-de-manter-o-corpo-quente-mesmo-no-frio-extremo\/\"},\"author\":{\"name\":\"Luzimara Fernandes\",\"@id\":\"https:\/\/jornalfatosenoticias.com.br\/#\/schema\/person\/d63837fa13ac8666eb9e74e0985d6f81\"},\"headline\":\"\u2018P\u00edlula do calor\u2019 pode ser capaz de manter o corpo quente mesmo no frio extremo\",\"datePublished\":\"2023-03-14T13:39:58+00:00\",\"dateModified\":\"2023-03-14T13:40:00+00:00\",\"mainEntityOfPage\":{\"@id\":\"https:\/\/jornalfatosenoticias.com.br\/index.php\/2023\/03\/14\/pilula-do-calor-pode-ser-capaz-de-manter-o-corpo-quente-mesmo-no-frio-extremo\/\"},\"wordCount\":329,\"commentCount\":0,\"publisher\":{\"@id\":\"https:\/\/jornalfatosenoticias.com.br\/#organization\"},\"image\":{\"@id\":\"https:\/\/jornalfatosenoticias.com.br\/index.php\/2023\/03\/14\/pilula-do-calor-pode-ser-capaz-de-manter-o-corpo-quente-mesmo-no-frio-extremo\/#primaryimage\"},\"thumbnailUrl\":\"https:\/\/jornalfatosenoticias.com.br\/wp-content\/uploads\/2023\/03\/PILULA-DO-CALOR.jpeg\",\"keywords\":[\"calor\",\"corpo quente\",\"frio\",\"frio extremo\",\"medicamento\",\"p\u00edlula\",\"p\u00edlula de calor\",\"rem\u00e9dio\"],\"articleSection\":[\"Sa\u00fade\"],\"inLanguage\":\"pt-BR\",\"potentialAction\":[{\"@type\":\"CommentAction\",\"name\":\"Comment\",\"target\":[\"https:\/\/jornalfatosenoticias.com.br\/index.php\/2023\/03\/14\/pilula-do-calor-pode-ser-capaz-de-manter-o-corpo-quente-mesmo-no-frio-extremo\/#respond\"]}]},{\"@type\":\"WebPage\",\"@id\":\"https:\/\/jornalfatosenoticias.com.br\/index.php\/2023\/03\/14\/pilula-do-calor-pode-ser-capaz-de-manter-o-corpo-quente-mesmo-no-frio-extremo\/\",\"url\":\"https:\/\/jornalfatosenoticias.com.br\/index.php\/2023\/03\/14\/pilula-do-calor-pode-ser-capaz-de-manter-o-corpo-quente-mesmo-no-frio-extremo\/\",\"name\":\"\u2018P\u00edlula do calor\u2019 pode ser capaz de manter o corpo quente mesmo no frio extremo - Jornal Fatos e Not\u00edcias\",\"isPartOf\":{\"@id\":\"https:\/\/jornalfatosenoticias.com.br\/#website\"},\"primaryImageOfPage\":{\"@id\":\"https:\/\/jornalfatosenoticias.com.br\/index.php\/2023\/03\/14\/pilula-do-calor-pode-ser-capaz-de-manter-o-corpo-quente-mesmo-no-frio-extremo\/#primaryimage\"},\"image\":{\"@id\":\"https:\/\/jornalfatosenoticias.com.br\/index.php\/2023\/03\/14\/pilula-do-calor-pode-ser-capaz-de-manter-o-corpo-quente-mesmo-no-frio-extremo\/#primaryimage\"},\"thumbnailUrl\":\"https:\/\/jornalfatosenoticias.com.br\/wp-content\/uploads\/2023\/03\/PILULA-DO-CALOR.jpeg\",\"datePublished\":\"2023-03-14T13:39:58+00:00\",\"dateModified\":\"2023-03-14T13:40:00+00:00\",\"breadcrumb\":{\"@id\":\"https:\/\/jornalfatosenoticias.com.br\/index.php\/2023\/03\/14\/pilula-do-calor-pode-ser-capaz-de-manter-o-corpo-quente-mesmo-no-frio-extremo\/#breadcrumb\"},\"inLanguage\":\"pt-BR\",\"potentialAction\":[{\"@type\":\"ReadAction\",\"target\":[\"https:\/\/jornalfatosenoticias.com.br\/index.php\/2023\/03\/14\/pilula-do-calor-pode-ser-capaz-de-manter-o-corpo-quente-mesmo-no-frio-extremo\/\"]}]},{\"@type\":\"ImageObject\",\"inLanguage\":\"pt-BR\",\"@id\":\"https:\/\/jornalfatosenoticias.com.br\/index.php\/2023\/03\/14\/pilula-do-calor-pode-ser-capaz-de-manter-o-corpo-quente-mesmo-no-frio-extremo\/#primaryimage\",\"url\":\"https:\/\/jornalfatosenoticias.com.br\/wp-content\/uploads\/2023\/03\/PILULA-DO-CALOR.jpeg\",\"contentUrl\":\"https:\/\/jornalfatosenoticias.com.br\/wp-content\/uploads\/2023\/03\/PILULA-DO-CALOR.jpeg\",\"width\":1000,\"height\":562},{\"@type\":\"BreadcrumbList\",\"@id\":\"https:\/\/jornalfatosenoticias.com.br\/index.php\/2023\/03\/14\/pilula-do-calor-pode-ser-capaz-de-manter-o-corpo-quente-mesmo-no-frio-extremo\/#breadcrumb\",\"itemListElement\":[{\"@type\":\"ListItem\",\"position\":1,\"name\":\"In\u00edcio\",\"item\":\"https:\/\/jornalfatosenoticias.com.br\/\"},{\"@type\":\"ListItem\",\"position\":2,\"name\":\"\u2018P\u00edlula do calor\u2019 pode ser capaz de manter o corpo quente mesmo no frio extremo\"}]},{\"@type\":\"WebSite\",\"@id\":\"https:\/\/jornalfatosenoticias.com.br\/#website\",\"url\":\"https:\/\/jornalfatosenoticias.com.br\/\",\"name\":\"Jornal Fatos e Not\u00edcias\",\"description\":\"Not\u00edcias em geral\",\"publisher\":{\"@id\":\"https:\/\/jornalfatosenoticias.com.br\/#organization\"},\"potentialAction\":[{\"@type\":\"SearchAction\",\"target\":{\"@type\":\"EntryPoint\",\"urlTemplate\":\"https:\/\/jornalfatosenoticias.com.br\/?s={search_term_string}\"},\"query-input\":{\"@type\":\"PropertyValueSpecification\",\"valueRequired\":true,\"valueName\":\"search_term_string\"}}],\"inLanguage\":\"pt-BR\"},{\"@type\":\"Organization\",\"@id\":\"https:\/\/jornalfatosenoticias.com.br\/#organization\",\"name\":\"Jornal Fatos e Not\u00edcias\",\"url\":\"https:\/\/jornalfatosenoticias.com.br\/\",\"logo\":{\"@type\":\"ImageObject\",\"inLanguage\":\"pt-BR\",\"@id\":\"https:\/\/jornalfatosenoticias.com.br\/#\/schema\/logo\/image\/\",\"url\":\"https:\/\/jornalfatosenoticias.com.br\/wp-content\/uploads\/2020\/02\/logo120.png\",\"contentUrl\":\"https:\/\/jornalfatosenoticias.com.br\/wp-content\/uploads\/2020\/02\/logo120.png\",\"width\":1227,\"height\":120,\"caption\":\"Jornal Fatos e Not\u00edcias\"},\"image\":{\"@id\":\"https:\/\/jornalfatosenoticias.com.br\/#\/schema\/logo\/image\/\"}},{\"@type\":\"Person\",\"@id\":\"https:\/\/jornalfatosenoticias.com.br\/#\/schema\/person\/d63837fa13ac8666eb9e74e0985d6f81\",\"name\":\"Luzimara Fernandes\",\"image\":{\"@type\":\"ImageObject\",\"inLanguage\":\"pt-BR\",\"@id\":\"https:\/\/jornalfatosenoticias.com.br\/#\/schema\/person\/image\/\",\"url\":\"https:\/\/jornalfatosenoticias.com.br\/wp-content\/uploads\/2025\/05\/EU_portal.jpg\",\"contentUrl\":\"https:\/\/jornalfatosenoticias.com.br\/wp-content\/uploads\/2025\/05\/EU_portal.jpg\",\"caption\":\"Luzimara Fernandes\"},\"description\":\"Jornalista MTB 2358-ES\",\"sameAs\":[\"https:\/\/jornalfatosenoticias.com.br\"],\"url\":\"https:\/\/jornalfatosenoticias.com.br\/index.php\/author\/luzimara\/\"}]}<\/script>\n<!-- \/ Yoast SEO plugin. -->","yoast_head_json":{"title":"\u2018P\u00edlula do calor\u2019 pode ser capaz de manter o corpo quente mesmo no frio extremo - Jornal Fatos e Not\u00edcias","robots":{"index":"index","follow":"follow","max-snippet":"max-snippet:-1","max-image-preview":"max-image-preview:large","max-video-preview":"max-video-preview:-1"},"canonical":"https:\/\/jornalfatosenoticias.com.br\/index.php\/2023\/03\/14\/pilula-do-calor-pode-ser-capaz-de-manter-o-corpo-quente-mesmo-no-frio-extremo\/","og_locale":"pt_BR","og_type":"article","og_title":"\u2018P\u00edlula do calor\u2019 pode ser capaz de manter o corpo quente mesmo no frio extremo - Jornal Fatos e Not\u00edcias","og_description":"P\u00edlula de calor? Medicamento pode aquecer o corpo e impedir o frio Imagina que ao inv\u00e9s de precisar se empanturrar de casacos tudo o que voc\u00ea precisa para sair de casa no frio\u00a0\u00e9 de uma p\u00edlula? Cientistas americanos buscam desenvolver medicamentos capazes de aquecer o corpo, aumentando a resist\u00eancia \u00e0 exposi\u00e7\u00e3o ao\u00a0frio.O projeto \u00e9 da [&hellip;]","og_url":"https:\/\/jornalfatosenoticias.com.br\/index.php\/2023\/03\/14\/pilula-do-calor-pode-ser-capaz-de-manter-o-corpo-quente-mesmo-no-frio-extremo\/","og_site_name":"Jornal Fatos e Not\u00edcias","article_published_time":"2023-03-14T13:39:58+00:00","article_modified_time":"2023-03-14T13:40:00+00:00","og_image":[{"width":1000,"height":562,"url":"https:\/\/jornalfatosenoticias.com.br\/wp-content\/uploads\/2023\/03\/PILULA-DO-CALOR.jpeg","type":"image\/jpeg"}],"author":"Luzimara Fernandes","twitter_card":"summary_large_image","twitter_misc":{"Escrito por":"Luzimara Fernandes","Est. tempo de leitura":"2 minutos"},"schema":{"@context":"https:\/\/schema.org","@graph":[{"@type":"Article","@id":"https:\/\/jornalfatosenoticias.com.br\/index.php\/2023\/03\/14\/pilula-do-calor-pode-ser-capaz-de-manter-o-corpo-quente-mesmo-no-frio-extremo\/#article","isPartOf":{"@id":"https:\/\/jornalfatosenoticias.com.br\/index.php\/2023\/03\/14\/pilula-do-calor-pode-ser-capaz-de-manter-o-corpo-quente-mesmo-no-frio-extremo\/"},"author":{"name":"Luzimara Fernandes","@id":"https:\/\/jornalfatosenoticias.com.br\/#\/schema\/person\/d63837fa13ac8666eb9e74e0985d6f81"},"headline":"\u2018P\u00edlula do calor\u2019 pode ser capaz de manter o corpo quente mesmo no frio extremo","datePublished":"2023-03-14T13:39:58+00:00","dateModified":"2023-03-14T13:40:00+00:00","mainEntityOfPage":{"@id":"https:\/\/jornalfatosenoticias.com.br\/index.php\/2023\/03\/14\/pilula-do-calor-pode-ser-capaz-de-manter-o-corpo-quente-mesmo-no-frio-extremo\/"},"wordCount":329,"commentCount":0,"publisher":{"@id":"https:\/\/jornalfatosenoticias.com.br\/#organization"},"image":{"@id":"https:\/\/jornalfatosenoticias.com.br\/index.php\/2023\/03\/14\/pilula-do-calor-pode-ser-capaz-de-manter-o-corpo-quente-mesmo-no-frio-extremo\/#primaryimage"},"thumbnailUrl":"https:\/\/jornalfatosenoticias.com.br\/wp-content\/uploads\/2023\/03\/PILULA-DO-CALOR.jpeg","keywords":["calor","corpo quente","frio","frio extremo","medicamento","p\u00edlula","p\u00edlula de calor","rem\u00e9dio"],"articleSection":["Sa\u00fade"],"inLanguage":"pt-BR","potentialAction":[{"@type":"CommentAction","name":"Comment","target":["https:\/\/jornalfatosenoticias.com.br\/index.php\/2023\/03\/14\/pilula-do-calor-pode-ser-capaz-de-manter-o-corpo-quente-mesmo-no-frio-extremo\/#respond"]}]},{"@type":"WebPage","@id":"https:\/\/jornalfatosenoticias.com.br\/index.php\/2023\/03\/14\/pilula-do-calor-pode-ser-capaz-de-manter-o-corpo-quente-mesmo-no-frio-extremo\/","url":"https:\/\/jornalfatosenoticias.com.br\/index.php\/2023\/03\/14\/pilula-do-calor-pode-ser-capaz-de-manter-o-corpo-quente-mesmo-no-frio-extremo\/","name":"\u2018P\u00edlula do calor\u2019 pode ser capaz de manter o corpo quente mesmo no frio extremo - Jornal Fatos e Not\u00edcias","isPartOf":{"@id":"https:\/\/jornalfatosenoticias.com.br\/#website"},"primaryImageOfPage":{"@id":"https:\/\/jornalfatosenoticias.com.br\/index.php\/2023\/03\/14\/pilula-do-calor-pode-ser-capaz-de-manter-o-corpo-quente-mesmo-no-frio-extremo\/#primaryimage"},"image":{"@id":"https:\/\/jornalfatosenoticias.com.br\/index.php\/2023\/03\/14\/pilula-do-calor-pode-ser-capaz-de-manter-o-corpo-quente-mesmo-no-frio-extremo\/#primaryimage"},"thumbnailUrl":"https:\/\/jornalfatosenoticias.com.br\/wp-content\/uploads\/2023\/03\/PILULA-DO-CALOR.jpeg","datePublished":"2023-03-14T13:39:58+00:00","dateModified":"2023-03-14T13:40:00+00:00","breadcrumb":{"@id":"https:\/\/jornalfatosenoticias.com.br\/index.php\/2023\/03\/14\/pilula-do-calor-pode-ser-capaz-de-manter-o-corpo-quente-mesmo-no-frio-extremo\/#breadcrumb"},"inLanguage":"pt-BR","potentialAction":[{"@type":"ReadAction","target":["https:\/\/jornalfatosenoticias.com.br\/index.php\/2023\/03\/14\/pilula-do-calor-pode-ser-capaz-de-manter-o-corpo-quente-mesmo-no-frio-extremo\/"]}]},{"@type":"ImageObject","inLanguage":"pt-BR","@id":"https:\/\/jornalfatosenoticias.com.br\/index.php\/2023\/03\/14\/pilula-do-calor-pode-ser-capaz-de-manter-o-corpo-quente-mesmo-no-frio-extremo\/#primaryimage","url":"https:\/\/jornalfatosenoticias.com.br\/wp-content\/uploads\/2023\/03\/PILULA-DO-CALOR.jpeg","contentUrl":"https:\/\/jornalfatosenoticias.com.br\/wp-content\/uploads\/2023\/03\/PILULA-DO-CALOR.jpeg","width":1000,"height":562},{"@type":"BreadcrumbList","@id":"https:\/\/jornalfatosenoticias.com.br\/index.php\/2023\/03\/14\/pilula-do-calor-pode-ser-capaz-de-manter-o-corpo-quente-mesmo-no-frio-extremo\/#breadcrumb","itemListElement":[{"@type":"ListItem","position":1,"name":"In\u00edcio","item":"https:\/\/jornalfatosenoticias.com.br\/"},{"@type":"ListItem","position":2,"name":"\u2018P\u00edlula do calor\u2019 pode ser capaz de manter o corpo quente mesmo no frio extremo"}]},{"@type":"WebSite","@id":"https:\/\/jornalfatosenoticias.com.br\/#website","url":"https:\/\/jornalfatosenoticias.com.br\/","name":"Jornal Fatos e Not\u00edcias","description":"Not\u00edcias em geral","publisher":{"@id":"https:\/\/jornalfatosenoticias.com.br\/#organization"},"potentialAction":[{"@type":"SearchAction","target":{"@type":"EntryPoint","urlTemplate":"https:\/\/jornalfatosenoticias.com.br\/?s={search_term_string}"},"query-input":{"@type":"PropertyValueSpecification","valueRequired":true,"valueName":"search_term_string"}}],"inLanguage":"pt-BR"},{"@type":"Organization","@id":"https:\/\/jornalfatosenoticias.com.br\/#organization","name":"Jornal Fatos e Not\u00edcias","url":"https:\/\/jornalfatosenoticias.com.br\/","logo":{"@type":"ImageObject","inLanguage":"pt-BR","@id":"https:\/\/jornalfatosenoticias.com.br\/#\/schema\/logo\/image\/","url":"https:\/\/jornalfatosenoticias.com.br\/wp-content\/uploads\/2020\/02\/logo120.png","contentUrl":"https:\/\/jornalfatosenoticias.com.br\/wp-content\/uploads\/2020\/02\/logo120.png","width":1227,"height":120,"caption":"Jornal Fatos e Not\u00edcias"},"image":{"@id":"https:\/\/jornalfatosenoticias.com.br\/#\/schema\/logo\/image\/"}},{"@type":"Person","@id":"https:\/\/jornalfatosenoticias.com.br\/#\/schema\/person\/d63837fa13ac8666eb9e74e0985d6f81","name":"Luzimara Fernandes","image":{"@type":"ImageObject","inLanguage":"pt-BR","@id":"https:\/\/jornalfatosenoticias.com.br\/#\/schema\/person\/image\/","url":"https:\/\/jornalfatosenoticias.com.br\/wp-content\/uploads\/2025\/05\/EU_portal.jpg","contentUrl":"https:\/\/jornalfatosenoticias.com.br\/wp-content\/uploads\/2025\/05\/EU_portal.jpg","caption":"Luzimara Fernandes"},"description":"Jornalista MTB 2358-ES","sameAs":["https:\/\/jornalfatosenoticias.com.br"],"url":"https:\/\/jornalfatosenoticias.com.br\/index.php\/author\/luzimara\/"}]}},"cc_featured_image_caption":{"caption_text":"(Foto: Envato Elements)","source_text":"","source_url":""},"jetpack_featured_media_url":"https:\/\/jornalfatosenoticias.com.br\/wp-content\/uploads\/2023\/03\/PILULA-DO-CALOR.jpeg","_links":{"self":[{"href":"https:\/\/jornalfatosenoticias.com.br\/index.php\/wp-json\/wp\/v2\/posts\/39586","targetHints":{"allow":["GET"]}}],"collection":[{"href":"https:\/\/jornalfatosenoticias.com.br\/index.php\/wp-json\/wp\/v2\/posts"}],"about":[{"href":"https:\/\/jornalfatosenoticias.com.br\/index.php\/wp-json\/wp\/v2\/types\/post"}],"author":[{"embeddable":true,"href":"https:\/\/jornalfatosenoticias.com.br\/index.php\/wp-json\/wp\/v2\/users\/2"}],"replies":[{"embeddable":true,"href":"https:\/\/jornalfatosenoticias.com.br\/index.php\/wp-json\/wp\/v2\/comments?post=39586"}],"version-history":[{"count":0,"href":"https:\/\/jornalfatosenoticias.com.br\/index.php\/wp-json\/wp\/v2\/posts\/39586\/revisions"}],"wp:featuredmedia":[{"embeddable":true,"href":"https:\/\/jornalfatosenoticias.com.br\/index.php\/wp-json\/wp\/v2\/media\/39587"}],"wp:attachment":[{"href":"https:\/\/jornalfatosenoticias.com.br\/index.php\/wp-json\/wp\/v2\/media?parent=39586"}],"wp:term":[{"taxonomy":"category","embeddable":true,"href":"https:\/\/jornalfatosenoticias.com.br\/index.php\/wp-json\/wp\/v2\/categories?post=39586"},{"taxonomy":"post_tag","embeddable":true,"href":"https:\/\/jornalfatosenoticias.com.br\/index.php\/wp-json\/wp\/v2\/tags?post=39586"}],"curies":[{"name":"wp","href":"https:\/\/api.w.org\/{rel}","templated":true}]}}