{"id":39589,"date":"2023-03-14T10:50:09","date_gmt":"2023-03-14T13:50:09","guid":{"rendered":"https:\/\/jornalfatosenoticias.com.br\/?p=39589"},"modified":"2023-03-14T10:50:10","modified_gmt":"2023-03-14T13:50:10","slug":"estilista-desenvolve-fibra-textil-usando-algas-vermelhas","status":"publish","type":"post","link":"https:\/\/jornalfatosenoticias.com.br\/index.php\/2023\/03\/14\/estilista-desenvolve-fibra-textil-usando-algas-vermelhas\/","title":{"rendered":"Estilista desenvolve fibra t\u00eaxtil usando algas vermelhas"},"content":{"rendered":"\n<p><em><span class=\"has-inline-color has-black-color\">A brasileira Thamires Pontes realizou diversas pesquisas at\u00e9 criar a fibra biodegrad\u00e1vel<\/span><\/em><\/p>\n\n\n\n<div class=\"wp-block-image\"><figure class=\"aligncenter size-large\"><img loading=\"lazy\" decoding=\"async\" width=\"729\" height=\"90\" src=\"https:\/\/jornalfatosenoticias.com.br\/wp-content\/uploads\/2020\/02\/Logo_Mizu.png\" alt=\"\" class=\"wp-image-1441\" srcset=\"https:\/\/jornalfatosenoticias.com.br\/wp-content\/uploads\/2020\/02\/Logo_Mizu.png 729w, https:\/\/jornalfatosenoticias.com.br\/wp-content\/uploads\/2020\/02\/Logo_Mizu-300x37.png 300w\" sizes=\"auto, (max-width: 729px) 100vw, 729px\" \/><\/figure><\/div>\n\n\n\n<p>A produ\u00e7\u00e3o de roupas gera entre 2% a 8% das emiss\u00f5es globais de carbono, segundo a ONU, e um dos grandes fatores de impacto ambiental est\u00e1 na produ\u00e7\u00e3o dos tecidos. Buscando uma alternativa sustent\u00e1vel, a brasileira Thamires Pontes realizou diversas pesquisas de materiais at\u00e9 desenvolver uma fibra t\u00eaxtil biodegrad\u00e1vel com algas vermelhas.<br>Thamires estudou as algas vermelhas do tipo <em>Rhodophyta<\/em> e descobriu ser poss\u00edvel, a partir do \u00e1gar-\u00e1gar, desenvolver a fibra ecol\u00f3gica. A alga em quest\u00e3o \u00e9 fartamente encontrada no Nordeste brasileiro. <\/p>\n\n\n\n<div class=\"wp-block-image\"><figure class=\"aligncenter size-large is-resized\"><img loading=\"lazy\" decoding=\"async\" src=\"https:\/\/jornalfatosenoticias.com.br\/wp-content\/uploads\/2022\/07\/Logo-Grupo-SEI.jpg\" alt=\"\" class=\"wp-image-31973\" width=\"341\" height=\"179\" srcset=\"https:\/\/jornalfatosenoticias.com.br\/wp-content\/uploads\/2022\/07\/Logo-Grupo-SEI.jpg 713w, https:\/\/jornalfatosenoticias.com.br\/wp-content\/uploads\/2022\/07\/Logo-Grupo-SEI-300x158.jpg 300w\" sizes=\"auto, (max-width: 341px) 100vw, 341px\" \/><\/figure><\/div>\n\n\n\n<blockquote class=\"wp-block-quote is-layout-flow wp-block-quote-is-layout-flow\"><p><span class=\"has-inline-color has-luminous-vivid-orange-color\">O interesse por algas surgiu depois do desenvolvimento das fibras de \u00e1gar-\u00e1gar em meu mestrado e a partir de ent\u00e3o, com alguns parceiros, foram desenvolvidas pesquisas para <a href=\"https:\/\/ciclovivo.com.br\/inovacao\/inspiracao\/estudante-brasileira-cria-bioplastico-ecologico-feito-de-buriti\/\" target=\"_blank\" rel=\"noreferrer noopener\">biopl\u00e1sticos<\/a>, prote\u00ednas an\u00e1logas \u00e0s prote\u00ednas de origem animal, biofertilizantes e hidrocoloides \u2014 todos \u00e0 base de algas\u201d, diz Thamires, que \u00e9 estilista e Mestra em T\u00eaxtil e Moda, al\u00e9m de CEO da startup de biotecnologia, Phycolabs.<\/span><\/p><\/blockquote>\n\n\n\n<div class=\"wp-block-image\"><figure class=\"aligncenter size-large is-resized\"><img loading=\"lazy\" decoding=\"async\" src=\"https:\/\/jornalfatosenoticias.com.br\/wp-content\/uploads\/2020\/02\/casa-do-torresmo_portal.jpg\" alt=\"\" class=\"wp-image-34472\" width=\"265\" height=\"265\" srcset=\"https:\/\/jornalfatosenoticias.com.br\/wp-content\/uploads\/2020\/02\/casa-do-torresmo_portal.jpg 300w, https:\/\/jornalfatosenoticias.com.br\/wp-content\/uploads\/2020\/02\/casa-do-torresmo_portal-150x150.jpg 150w\" sizes=\"auto, (max-width: 265px) 100vw, 265px\" \/><\/figure><\/div>\n\n\n\n<p>De acordo com a startup, entre as vantagens do cultivo de algas marinhas podem ser citados o n\u00e3o uso de <a href=\"https:\/\/ciclovivo.com.br\/planeta\/crise-climatica\/proteger-terras-indigenas-e-chave-para-alcancar-metas-climaticas\/\" target=\"_blank\" rel=\"noreferrer noopener\">terras agricult\u00e1veis<\/a> ou pesticidas, o sequestro de carbono e a redu\u00e7\u00e3o da polui\u00e7\u00e3o das aguas costeiras. \u201cAs algas marinhas capturam de cinco a 20 vezes mais carbono do que as florestas terrestres por unidade de \u00e1rea, incluindo o armazenamento em profundidade oce\u00e2nica\u201d, destaca a Phycolabs. A estimativa \u00e9 que 0,03% de algas no mar \u00e9 capaz de absorver at\u00e9\u0301 6% de gases do efeito estufa por dia.<\/p>\n\n\n\n<div class=\"wp-block-image\"><figure class=\"aligncenter size-large is-resized\"><img loading=\"lazy\" decoding=\"async\" src=\"https:\/\/jornalfatosenoticias.com.br\/wp-content\/uploads\/2022\/10\/Arte-jornal-Zucchi-600x600_Prancheta-1-1024x1024.jpg\" alt=\"\" class=\"wp-image-34782\" width=\"271\" height=\"271\" srcset=\"https:\/\/jornalfatosenoticias.com.br\/wp-content\/uploads\/2022\/10\/Arte-jornal-Zucchi-600x600_Prancheta-1-1024x1024.jpg 1024w, https:\/\/jornalfatosenoticias.com.br\/wp-content\/uploads\/2022\/10\/Arte-jornal-Zucchi-600x600_Prancheta-1-300x300.jpg 300w, https:\/\/jornalfatosenoticias.com.br\/wp-content\/uploads\/2022\/10\/Arte-jornal-Zucchi-600x600_Prancheta-1-150x150.jpg 150w, https:\/\/jornalfatosenoticias.com.br\/wp-content\/uploads\/2022\/10\/Arte-jornal-Zucchi-600x600_Prancheta-1-768x768.jpg 768w, https:\/\/jornalfatosenoticias.com.br\/wp-content\/uploads\/2022\/10\/Arte-jornal-Zucchi-600x600_Prancheta-1.jpg 1250w\" sizes=\"auto, (max-width: 271px) 100vw, 271px\" \/><\/figure><\/div>\n\n\n\n<p><strong><span class=\"has-inline-color has-black-color\">Economia azul<br><\/span><\/strong>O modelo de circularidade tendo as algas como principal mat\u00e9ria-prima surgiu do entendimento que as fibras naturais de origem vegetal e muitas artificiais dependem de terras agricult\u00e1veis. Mas qual o problema? Com o aumento populacional, mais \u00e1reas ser\u00e3o requeridas para o plantio de <a href=\"https:\/\/ciclovivo.com.br\/inovacao\/inspiracao\/regenerando-o-solo-iniciativa-semeia-agua-no-cantareira\/\" target=\"_blank\" rel=\"noreferrer noopener\">alimentos<\/a>, colidindo com os interesses da ind\u00fastria que depende do cultivo de outros insumos.<\/p>\n\n\n\n<div class=\"wp-block-image\"><figure class=\"aligncenter size-large is-resized\"><img loading=\"lazy\" decoding=\"async\" src=\"https:\/\/jornalfatosenoticias.com.br\/wp-content\/uploads\/2022\/08\/logo-locau-veiculos-1024x573.png\" alt=\"\" class=\"wp-image-33078\" width=\"321\" height=\"179\"\/><\/figure><\/div>\n\n\n\n<p>A Phycolabs defende que, al\u00e9m de seguir pr\u00e1ticas sustent\u00e1veis, o uso de algas marinhas como mat\u00e9ria-prima estimula a chamada economia azul. O termo refere-se ao desenvolvimento sustent\u00e1vel dos recursos oce\u00e2nicos, favorecendo a cria\u00e7\u00e3o de empregos e meios de subsist\u00eancia e empregos ao mesmo tempo em que preserva os <a href=\"https:\/\/ciclovivo.com.br\/planeta\/desenvolvimento\/o-pescado-que-comemos-impacta-a-saude-dos-oceanos\/\" target=\"_blank\" rel=\"noreferrer noopener\">ecossistemas marinhos<\/a>.<\/p>\n\n\n\n<div class=\"wp-block-image\"><figure class=\"aligncenter size-large\"><img decoding=\"async\" src=\"https:\/\/jornalfatosenoticias.com.br\/wp-content\/uploads\/2020\/02\/barao-das-carnes-300x164-1.jpg\" alt=\"\" class=\"wp-image-34339\"\/><\/figure><\/div>\n\n\n\n<p>Em 2022, a fibra t\u00eaxtil org\u00e2nica ganhou incentivo para a realiza\u00e7\u00e3o de testes de uso, em escala industrial, apresentando bons resultados em resist\u00eancia e <a href=\"https:\/\/ciclovivo.com.br\/inovacao\/tecnologia\/pesquisa-identifica-50-colorantes-naturais-a-base-de-fungos-amazonicos\/\" target=\"_blank\" rel=\"noreferrer noopener\">tingimento<\/a>. Entre as iniciativas, a Phycolabs firmou parcerias com o Sebrae e o Senai. Al\u00e9m disso, o geneticista molecular, inventor e empres\u00e1rio, Dr. Scott Fahrenkrug tornou- se investidor da startup.<\/p>\n\n\n\n<div class=\"wp-block-image\"><figure class=\"aligncenter size-large\"><img decoding=\"async\" src=\"https:\/\/jornalfatosenoticias.com.br\/wp-content\/uploads\/2020\/02\/logo_esteio.jpg\" alt=\"\" class=\"wp-image-1214\"\/><\/figure><\/div>\n\n\n\n<blockquote class=\"wp-block-quote is-layout-flow wp-block-quote-is-layout-flow\"><p><span class=\"has-inline-color has-luminous-vivid-orange-color\">No contexto em que a ONU instituiu o per\u00edodo de 2021 a 2030 como a d\u00e9cada do Oceano, a descoberta ainda faz com que o Brasil seja um dos protagonistas para tornar o oceano saud\u00e1vel, produtivo e explorado de forma sustent\u00e1vel\u201d, conclui a empresa.<\/span><\/p><\/blockquote>\n\n\n\n<div class=\"wp-block-image\"><figure class=\"aligncenter size-large is-resized\"><img loading=\"lazy\" decoding=\"async\" src=\"https:\/\/jornalfatosenoticias.com.br\/wp-content\/uploads\/2021\/10\/LOGO-JUNTOS-SOS-ES-AMBIENTAL.jpg\" alt=\"\" class=\"wp-image-23922\" width=\"265\" height=\"246\"\/><\/figure><\/div>\n\n\n\n<p><strong><em>Fonte: <a href=\"https:\/\/ciclovivo.com.br\/inovacao\/tecnologia\/estilista-desenvolve-fibra-textil-usando-algas-vermelhas\/\">CicloVivo<\/a><\/em><\/strong><\/p>\n","protected":false},"excerpt":{"rendered":"<p>A brasileira Thamires Pontes realizou diversas pesquisas at\u00e9 criar a fibra biodegrad\u00e1vel A produ\u00e7\u00e3o de roupas gera entre 2% a 8% das emiss\u00f5es globais de carbono, segundo a ONU, e um dos grandes fatores de impacto ambiental est\u00e1 na produ\u00e7\u00e3o dos tecidos. Buscando uma alternativa sustent\u00e1vel, a brasileira Thamires Pontes realizou diversas pesquisas de materiais [&hellip;]<\/p>\n","protected":false},"author":2,"featured_media":39590,"comment_status":"open","ping_status":"open","sticky":false,"template":"","format":"standard","meta":{"footnotes":""},"categories":[3],"tags":[2268,18522,18525,18523,18521,2192,876,18524],"class_list":["post-39589","post","type-post","status-publish","format-standard","has-post-thumbnail","hentry","category-tecnologia","tag-algas","tag-algas-vermelhas","tag-fibra-biodegradavel","tag-fibra-textil","tag-industria-textil","tag-moda","tag-pesquisas","tag-thamires-pontes"],"yoast_head":"<!-- This site is optimized with the Yoast SEO plugin v26.5 - https:\/\/yoast.com\/wordpress\/plugins\/seo\/ -->\n<title>Estilista desenvolve fibra t\u00eaxtil usando algas vermelhas - Jornal Fatos e Not\u00edcias<\/title>\n<meta name=\"robots\" content=\"index, follow, max-snippet:-1, max-image-preview:large, max-video-preview:-1\" \/>\n<link rel=\"canonical\" href=\"https:\/\/jornalfatosenoticias.com.br\/index.php\/2023\/03\/14\/estilista-desenvolve-fibra-textil-usando-algas-vermelhas\/\" \/>\n<meta property=\"og:locale\" content=\"pt_BR\" \/>\n<meta property=\"og:type\" content=\"article\" \/>\n<meta property=\"og:title\" content=\"Estilista desenvolve fibra t\u00eaxtil usando algas vermelhas - Jornal Fatos e Not\u00edcias\" \/>\n<meta property=\"og:description\" content=\"A brasileira Thamires Pontes realizou diversas pesquisas at\u00e9 criar a fibra biodegrad\u00e1vel A produ\u00e7\u00e3o de roupas gera entre 2% a 8% das emiss\u00f5es globais de carbono, segundo a ONU, e um dos grandes fatores de impacto ambiental est\u00e1 na produ\u00e7\u00e3o dos tecidos. Buscando uma alternativa sustent\u00e1vel, a brasileira Thamires Pontes realizou diversas pesquisas de materiais [&hellip;]\" \/>\n<meta property=\"og:url\" content=\"https:\/\/jornalfatosenoticias.com.br\/index.php\/2023\/03\/14\/estilista-desenvolve-fibra-textil-usando-algas-vermelhas\/\" \/>\n<meta property=\"og:site_name\" content=\"Jornal Fatos e Not\u00edcias\" \/>\n<meta property=\"article:published_time\" content=\"2023-03-14T13:50:09+00:00\" \/>\n<meta property=\"article:modified_time\" content=\"2023-03-14T13:50:10+00:00\" \/>\n<meta property=\"og:image\" content=\"https:\/\/jornalfatosenoticias.com.br\/wp-content\/uploads\/2023\/03\/Fibra-alga-1.jpg\" \/>\n\t<meta property=\"og:image:width\" content=\"1000\" \/>\n\t<meta property=\"og:image:height\" content=\"500\" \/>\n\t<meta property=\"og:image:type\" content=\"image\/jpeg\" \/>\n<meta name=\"author\" content=\"Luzimara Fernandes\" \/>\n<meta name=\"twitter:card\" content=\"summary_large_image\" \/>\n<meta name=\"twitter:label1\" content=\"Escrito por\" \/>\n\t<meta name=\"twitter:data1\" content=\"Luzimara Fernandes\" \/>\n\t<meta name=\"twitter:label2\" content=\"Est. tempo de leitura\" \/>\n\t<meta name=\"twitter:data2\" content=\"2 minutos\" \/>\n<script type=\"application\/ld+json\" class=\"yoast-schema-graph\">{\"@context\":\"https:\/\/schema.org\",\"@graph\":[{\"@type\":\"Article\",\"@id\":\"https:\/\/jornalfatosenoticias.com.br\/index.php\/2023\/03\/14\/estilista-desenvolve-fibra-textil-usando-algas-vermelhas\/#article\",\"isPartOf\":{\"@id\":\"https:\/\/jornalfatosenoticias.com.br\/index.php\/2023\/03\/14\/estilista-desenvolve-fibra-textil-usando-algas-vermelhas\/\"},\"author\":{\"name\":\"Luzimara Fernandes\",\"@id\":\"https:\/\/jornalfatosenoticias.com.br\/#\/schema\/person\/d63837fa13ac8666eb9e74e0985d6f81\"},\"headline\":\"Estilista desenvolve fibra t\u00eaxtil usando algas vermelhas\",\"datePublished\":\"2023-03-14T13:50:09+00:00\",\"dateModified\":\"2023-03-14T13:50:10+00:00\",\"mainEntityOfPage\":{\"@id\":\"https:\/\/jornalfatosenoticias.com.br\/index.php\/2023\/03\/14\/estilista-desenvolve-fibra-textil-usando-algas-vermelhas\/\"},\"wordCount\":493,\"commentCount\":0,\"publisher\":{\"@id\":\"https:\/\/jornalfatosenoticias.com.br\/#organization\"},\"image\":{\"@id\":\"https:\/\/jornalfatosenoticias.com.br\/index.php\/2023\/03\/14\/estilista-desenvolve-fibra-textil-usando-algas-vermelhas\/#primaryimage\"},\"thumbnailUrl\":\"https:\/\/jornalfatosenoticias.com.br\/wp-content\/uploads\/2023\/03\/Fibra-alga-1.jpg\",\"keywords\":[\"algas\",\"algas vermelhas\",\"fibra biodegrad\u00e1vel\",\"fibra t\u00eaxtil\",\"ind\u00fastria t\u00eaxtil\",\"moda\",\"pesquisas\",\"Thamires Pontes\"],\"articleSection\":[\"Tecnologia &amp; Inova\u00e7\u00e3o\"],\"inLanguage\":\"pt-BR\",\"potentialAction\":[{\"@type\":\"CommentAction\",\"name\":\"Comment\",\"target\":[\"https:\/\/jornalfatosenoticias.com.br\/index.php\/2023\/03\/14\/estilista-desenvolve-fibra-textil-usando-algas-vermelhas\/#respond\"]}]},{\"@type\":\"WebPage\",\"@id\":\"https:\/\/jornalfatosenoticias.com.br\/index.php\/2023\/03\/14\/estilista-desenvolve-fibra-textil-usando-algas-vermelhas\/\",\"url\":\"https:\/\/jornalfatosenoticias.com.br\/index.php\/2023\/03\/14\/estilista-desenvolve-fibra-textil-usando-algas-vermelhas\/\",\"name\":\"Estilista desenvolve fibra t\u00eaxtil usando algas vermelhas - Jornal Fatos e Not\u00edcias\",\"isPartOf\":{\"@id\":\"https:\/\/jornalfatosenoticias.com.br\/#website\"},\"primaryImageOfPage\":{\"@id\":\"https:\/\/jornalfatosenoticias.com.br\/index.php\/2023\/03\/14\/estilista-desenvolve-fibra-textil-usando-algas-vermelhas\/#primaryimage\"},\"image\":{\"@id\":\"https:\/\/jornalfatosenoticias.com.br\/index.php\/2023\/03\/14\/estilista-desenvolve-fibra-textil-usando-algas-vermelhas\/#primaryimage\"},\"thumbnailUrl\":\"https:\/\/jornalfatosenoticias.com.br\/wp-content\/uploads\/2023\/03\/Fibra-alga-1.jpg\",\"datePublished\":\"2023-03-14T13:50:09+00:00\",\"dateModified\":\"2023-03-14T13:50:10+00:00\",\"breadcrumb\":{\"@id\":\"https:\/\/jornalfatosenoticias.com.br\/index.php\/2023\/03\/14\/estilista-desenvolve-fibra-textil-usando-algas-vermelhas\/#breadcrumb\"},\"inLanguage\":\"pt-BR\",\"potentialAction\":[{\"@type\":\"ReadAction\",\"target\":[\"https:\/\/jornalfatosenoticias.com.br\/index.php\/2023\/03\/14\/estilista-desenvolve-fibra-textil-usando-algas-vermelhas\/\"]}]},{\"@type\":\"ImageObject\",\"inLanguage\":\"pt-BR\",\"@id\":\"https:\/\/jornalfatosenoticias.com.br\/index.php\/2023\/03\/14\/estilista-desenvolve-fibra-textil-usando-algas-vermelhas\/#primaryimage\",\"url\":\"https:\/\/jornalfatosenoticias.com.br\/wp-content\/uploads\/2023\/03\/Fibra-alga-1.jpg\",\"contentUrl\":\"https:\/\/jornalfatosenoticias.com.br\/wp-content\/uploads\/2023\/03\/Fibra-alga-1.jpg\",\"width\":1000,\"height\":500},{\"@type\":\"BreadcrumbList\",\"@id\":\"https:\/\/jornalfatosenoticias.com.br\/index.php\/2023\/03\/14\/estilista-desenvolve-fibra-textil-usando-algas-vermelhas\/#breadcrumb\",\"itemListElement\":[{\"@type\":\"ListItem\",\"position\":1,\"name\":\"In\u00edcio\",\"item\":\"https:\/\/jornalfatosenoticias.com.br\/\"},{\"@type\":\"ListItem\",\"position\":2,\"name\":\"Estilista desenvolve fibra t\u00eaxtil usando algas vermelhas\"}]},{\"@type\":\"WebSite\",\"@id\":\"https:\/\/jornalfatosenoticias.com.br\/#website\",\"url\":\"https:\/\/jornalfatosenoticias.com.br\/\",\"name\":\"Jornal Fatos e Not\u00edcias\",\"description\":\"Not\u00edcias em geral\",\"publisher\":{\"@id\":\"https:\/\/jornalfatosenoticias.com.br\/#organization\"},\"potentialAction\":[{\"@type\":\"SearchAction\",\"target\":{\"@type\":\"EntryPoint\",\"urlTemplate\":\"https:\/\/jornalfatosenoticias.com.br\/?s={search_term_string}\"},\"query-input\":{\"@type\":\"PropertyValueSpecification\",\"valueRequired\":true,\"valueName\":\"search_term_string\"}}],\"inLanguage\":\"pt-BR\"},{\"@type\":\"Organization\",\"@id\":\"https:\/\/jornalfatosenoticias.com.br\/#organization\",\"name\":\"Jornal Fatos e Not\u00edcias\",\"url\":\"https:\/\/jornalfatosenoticias.com.br\/\",\"logo\":{\"@type\":\"ImageObject\",\"inLanguage\":\"pt-BR\",\"@id\":\"https:\/\/jornalfatosenoticias.com.br\/#\/schema\/logo\/image\/\",\"url\":\"https:\/\/jornalfatosenoticias.com.br\/wp-content\/uploads\/2020\/02\/logo120.png\",\"contentUrl\":\"https:\/\/jornalfatosenoticias.com.br\/wp-content\/uploads\/2020\/02\/logo120.png\",\"width\":1227,\"height\":120,\"caption\":\"Jornal Fatos e Not\u00edcias\"},\"image\":{\"@id\":\"https:\/\/jornalfatosenoticias.com.br\/#\/schema\/logo\/image\/\"}},{\"@type\":\"Person\",\"@id\":\"https:\/\/jornalfatosenoticias.com.br\/#\/schema\/person\/d63837fa13ac8666eb9e74e0985d6f81\",\"name\":\"Luzimara Fernandes\",\"image\":{\"@type\":\"ImageObject\",\"inLanguage\":\"pt-BR\",\"@id\":\"https:\/\/jornalfatosenoticias.com.br\/#\/schema\/person\/image\/\",\"url\":\"https:\/\/jornalfatosenoticias.com.br\/wp-content\/uploads\/2025\/05\/EU_portal.jpg\",\"contentUrl\":\"https:\/\/jornalfatosenoticias.com.br\/wp-content\/uploads\/2025\/05\/EU_portal.jpg\",\"caption\":\"Luzimara Fernandes\"},\"description\":\"Jornalista MTB 2358-ES\",\"sameAs\":[\"https:\/\/jornalfatosenoticias.com.br\"],\"url\":\"https:\/\/jornalfatosenoticias.com.br\/index.php\/author\/luzimara\/\"}]}<\/script>\n<!-- \/ Yoast SEO plugin. -->","yoast_head_json":{"title":"Estilista desenvolve fibra t\u00eaxtil usando algas vermelhas - Jornal Fatos e Not\u00edcias","robots":{"index":"index","follow":"follow","max-snippet":"max-snippet:-1","max-image-preview":"max-image-preview:large","max-video-preview":"max-video-preview:-1"},"canonical":"https:\/\/jornalfatosenoticias.com.br\/index.php\/2023\/03\/14\/estilista-desenvolve-fibra-textil-usando-algas-vermelhas\/","og_locale":"pt_BR","og_type":"article","og_title":"Estilista desenvolve fibra t\u00eaxtil usando algas vermelhas - Jornal Fatos e Not\u00edcias","og_description":"A brasileira Thamires Pontes realizou diversas pesquisas at\u00e9 criar a fibra biodegrad\u00e1vel A produ\u00e7\u00e3o de roupas gera entre 2% a 8% das emiss\u00f5es globais de carbono, segundo a ONU, e um dos grandes fatores de impacto ambiental est\u00e1 na produ\u00e7\u00e3o dos tecidos. Buscando uma alternativa sustent\u00e1vel, a brasileira Thamires Pontes realizou diversas pesquisas de materiais [&hellip;]","og_url":"https:\/\/jornalfatosenoticias.com.br\/index.php\/2023\/03\/14\/estilista-desenvolve-fibra-textil-usando-algas-vermelhas\/","og_site_name":"Jornal Fatos e Not\u00edcias","article_published_time":"2023-03-14T13:50:09+00:00","article_modified_time":"2023-03-14T13:50:10+00:00","og_image":[{"width":1000,"height":500,"url":"https:\/\/jornalfatosenoticias.com.br\/wp-content\/uploads\/2023\/03\/Fibra-alga-1.jpg","type":"image\/jpeg"}],"author":"Luzimara Fernandes","twitter_card":"summary_large_image","twitter_misc":{"Escrito por":"Luzimara Fernandes","Est. tempo de leitura":"2 minutos"},"schema":{"@context":"https:\/\/schema.org","@graph":[{"@type":"Article","@id":"https:\/\/jornalfatosenoticias.com.br\/index.php\/2023\/03\/14\/estilista-desenvolve-fibra-textil-usando-algas-vermelhas\/#article","isPartOf":{"@id":"https:\/\/jornalfatosenoticias.com.br\/index.php\/2023\/03\/14\/estilista-desenvolve-fibra-textil-usando-algas-vermelhas\/"},"author":{"name":"Luzimara Fernandes","@id":"https:\/\/jornalfatosenoticias.com.br\/#\/schema\/person\/d63837fa13ac8666eb9e74e0985d6f81"},"headline":"Estilista desenvolve fibra t\u00eaxtil usando algas vermelhas","datePublished":"2023-03-14T13:50:09+00:00","dateModified":"2023-03-14T13:50:10+00:00","mainEntityOfPage":{"@id":"https:\/\/jornalfatosenoticias.com.br\/index.php\/2023\/03\/14\/estilista-desenvolve-fibra-textil-usando-algas-vermelhas\/"},"wordCount":493,"commentCount":0,"publisher":{"@id":"https:\/\/jornalfatosenoticias.com.br\/#organization"},"image":{"@id":"https:\/\/jornalfatosenoticias.com.br\/index.php\/2023\/03\/14\/estilista-desenvolve-fibra-textil-usando-algas-vermelhas\/#primaryimage"},"thumbnailUrl":"https:\/\/jornalfatosenoticias.com.br\/wp-content\/uploads\/2023\/03\/Fibra-alga-1.jpg","keywords":["algas","algas vermelhas","fibra biodegrad\u00e1vel","fibra t\u00eaxtil","ind\u00fastria t\u00eaxtil","moda","pesquisas","Thamires Pontes"],"articleSection":["Tecnologia &amp; Inova\u00e7\u00e3o"],"inLanguage":"pt-BR","potentialAction":[{"@type":"CommentAction","name":"Comment","target":["https:\/\/jornalfatosenoticias.com.br\/index.php\/2023\/03\/14\/estilista-desenvolve-fibra-textil-usando-algas-vermelhas\/#respond"]}]},{"@type":"WebPage","@id":"https:\/\/jornalfatosenoticias.com.br\/index.php\/2023\/03\/14\/estilista-desenvolve-fibra-textil-usando-algas-vermelhas\/","url":"https:\/\/jornalfatosenoticias.com.br\/index.php\/2023\/03\/14\/estilista-desenvolve-fibra-textil-usando-algas-vermelhas\/","name":"Estilista desenvolve fibra t\u00eaxtil usando algas vermelhas - Jornal Fatos e Not\u00edcias","isPartOf":{"@id":"https:\/\/jornalfatosenoticias.com.br\/#website"},"primaryImageOfPage":{"@id":"https:\/\/jornalfatosenoticias.com.br\/index.php\/2023\/03\/14\/estilista-desenvolve-fibra-textil-usando-algas-vermelhas\/#primaryimage"},"image":{"@id":"https:\/\/jornalfatosenoticias.com.br\/index.php\/2023\/03\/14\/estilista-desenvolve-fibra-textil-usando-algas-vermelhas\/#primaryimage"},"thumbnailUrl":"https:\/\/jornalfatosenoticias.com.br\/wp-content\/uploads\/2023\/03\/Fibra-alga-1.jpg","datePublished":"2023-03-14T13:50:09+00:00","dateModified":"2023-03-14T13:50:10+00:00","breadcrumb":{"@id":"https:\/\/jornalfatosenoticias.com.br\/index.php\/2023\/03\/14\/estilista-desenvolve-fibra-textil-usando-algas-vermelhas\/#breadcrumb"},"inLanguage":"pt-BR","potentialAction":[{"@type":"ReadAction","target":["https:\/\/jornalfatosenoticias.com.br\/index.php\/2023\/03\/14\/estilista-desenvolve-fibra-textil-usando-algas-vermelhas\/"]}]},{"@type":"ImageObject","inLanguage":"pt-BR","@id":"https:\/\/jornalfatosenoticias.com.br\/index.php\/2023\/03\/14\/estilista-desenvolve-fibra-textil-usando-algas-vermelhas\/#primaryimage","url":"https:\/\/jornalfatosenoticias.com.br\/wp-content\/uploads\/2023\/03\/Fibra-alga-1.jpg","contentUrl":"https:\/\/jornalfatosenoticias.com.br\/wp-content\/uploads\/2023\/03\/Fibra-alga-1.jpg","width":1000,"height":500},{"@type":"BreadcrumbList","@id":"https:\/\/jornalfatosenoticias.com.br\/index.php\/2023\/03\/14\/estilista-desenvolve-fibra-textil-usando-algas-vermelhas\/#breadcrumb","itemListElement":[{"@type":"ListItem","position":1,"name":"In\u00edcio","item":"https:\/\/jornalfatosenoticias.com.br\/"},{"@type":"ListItem","position":2,"name":"Estilista desenvolve fibra t\u00eaxtil usando algas vermelhas"}]},{"@type":"WebSite","@id":"https:\/\/jornalfatosenoticias.com.br\/#website","url":"https:\/\/jornalfatosenoticias.com.br\/","name":"Jornal Fatos e Not\u00edcias","description":"Not\u00edcias em geral","publisher":{"@id":"https:\/\/jornalfatosenoticias.com.br\/#organization"},"potentialAction":[{"@type":"SearchAction","target":{"@type":"EntryPoint","urlTemplate":"https:\/\/jornalfatosenoticias.com.br\/?s={search_term_string}"},"query-input":{"@type":"PropertyValueSpecification","valueRequired":true,"valueName":"search_term_string"}}],"inLanguage":"pt-BR"},{"@type":"Organization","@id":"https:\/\/jornalfatosenoticias.com.br\/#organization","name":"Jornal Fatos e Not\u00edcias","url":"https:\/\/jornalfatosenoticias.com.br\/","logo":{"@type":"ImageObject","inLanguage":"pt-BR","@id":"https:\/\/jornalfatosenoticias.com.br\/#\/schema\/logo\/image\/","url":"https:\/\/jornalfatosenoticias.com.br\/wp-content\/uploads\/2020\/02\/logo120.png","contentUrl":"https:\/\/jornalfatosenoticias.com.br\/wp-content\/uploads\/2020\/02\/logo120.png","width":1227,"height":120,"caption":"Jornal Fatos e Not\u00edcias"},"image":{"@id":"https:\/\/jornalfatosenoticias.com.br\/#\/schema\/logo\/image\/"}},{"@type":"Person","@id":"https:\/\/jornalfatosenoticias.com.br\/#\/schema\/person\/d63837fa13ac8666eb9e74e0985d6f81","name":"Luzimara Fernandes","image":{"@type":"ImageObject","inLanguage":"pt-BR","@id":"https:\/\/jornalfatosenoticias.com.br\/#\/schema\/person\/image\/","url":"https:\/\/jornalfatosenoticias.com.br\/wp-content\/uploads\/2025\/05\/EU_portal.jpg","contentUrl":"https:\/\/jornalfatosenoticias.com.br\/wp-content\/uploads\/2025\/05\/EU_portal.jpg","caption":"Luzimara Fernandes"},"description":"Jornalista MTB 2358-ES","sameAs":["https:\/\/jornalfatosenoticias.com.br"],"url":"https:\/\/jornalfatosenoticias.com.br\/index.php\/author\/luzimara\/"}]}},"cc_featured_image_caption":{"caption_text":"(Foto: Divulga\u00e7\u00e3o) ","source_text":"","source_url":""},"jetpack_featured_media_url":"https:\/\/jornalfatosenoticias.com.br\/wp-content\/uploads\/2023\/03\/Fibra-alga-1.jpg","_links":{"self":[{"href":"https:\/\/jornalfatosenoticias.com.br\/index.php\/wp-json\/wp\/v2\/posts\/39589","targetHints":{"allow":["GET"]}}],"collection":[{"href":"https:\/\/jornalfatosenoticias.com.br\/index.php\/wp-json\/wp\/v2\/posts"}],"about":[{"href":"https:\/\/jornalfatosenoticias.com.br\/index.php\/wp-json\/wp\/v2\/types\/post"}],"author":[{"embeddable":true,"href":"https:\/\/jornalfatosenoticias.com.br\/index.php\/wp-json\/wp\/v2\/users\/2"}],"replies":[{"embeddable":true,"href":"https:\/\/jornalfatosenoticias.com.br\/index.php\/wp-json\/wp\/v2\/comments?post=39589"}],"version-history":[{"count":0,"href":"https:\/\/jornalfatosenoticias.com.br\/index.php\/wp-json\/wp\/v2\/posts\/39589\/revisions"}],"wp:featuredmedia":[{"embeddable":true,"href":"https:\/\/jornalfatosenoticias.com.br\/index.php\/wp-json\/wp\/v2\/media\/39590"}],"wp:attachment":[{"href":"https:\/\/jornalfatosenoticias.com.br\/index.php\/wp-json\/wp\/v2\/media?parent=39589"}],"wp:term":[{"taxonomy":"category","embeddable":true,"href":"https:\/\/jornalfatosenoticias.com.br\/index.php\/wp-json\/wp\/v2\/categories?post=39589"},{"taxonomy":"post_tag","embeddable":true,"href":"https:\/\/jornalfatosenoticias.com.br\/index.php\/wp-json\/wp\/v2\/tags?post=39589"}],"curies":[{"name":"wp","href":"https:\/\/api.w.org\/{rel}","templated":true}]}}