{"id":39592,"date":"2023-03-14T10:59:21","date_gmt":"2023-03-14T13:59:21","guid":{"rendered":"https:\/\/jornalfatosenoticias.com.br\/?p=39592"},"modified":"2023-03-14T10:59:22","modified_gmt":"2023-03-14T13:59:22","slug":"oslo-sera-primeira-cidade-do-mundo-a-ter-todo-transporte-publico-eletrico","status":"publish","type":"post","link":"https:\/\/jornalfatosenoticias.com.br\/index.php\/2023\/03\/14\/oslo-sera-primeira-cidade-do-mundo-a-ter-todo-transporte-publico-eletrico\/","title":{"rendered":"Oslo ser\u00e1 primeira cidade do mundo a ter todo transporte p\u00fablico el\u00e9trico"},"content":{"rendered":"\n<div class=\"wp-block-image\"><figure class=\"aligncenter size-large\"><img loading=\"lazy\" decoding=\"async\" width=\"1024\" height=\"109\" src=\"https:\/\/jornalfatosenoticias.com.br\/wp-content\/uploads\/2020\/02\/Propaganda-RC-Radiadores-Jornal_page-0001-1024x109.jpg\" alt=\"\" class=\"wp-image-35278\" srcset=\"https:\/\/jornalfatosenoticias.com.br\/wp-content\/uploads\/2020\/02\/Propaganda-RC-Radiadores-Jornal_page-0001-1024x109.jpg 1024w, https:\/\/jornalfatosenoticias.com.br\/wp-content\/uploads\/2020\/02\/Propaganda-RC-Radiadores-Jornal_page-0001-300x32.jpg 300w, https:\/\/jornalfatosenoticias.com.br\/wp-content\/uploads\/2020\/02\/Propaganda-RC-Radiadores-Jornal_page-0001-768x82.jpg 768w, https:\/\/jornalfatosenoticias.com.br\/wp-content\/uploads\/2020\/02\/Propaganda-RC-Radiadores-Jornal_page-0001.jpg 1220w\" sizes=\"auto, (max-width: 1024px) 100vw, 1024px\" \/><\/figure><\/div>\n\n\n\n<p>H\u00e1 v\u00e1rios anos a capital da <strong>Noruega<\/strong> vem investindo pesado para combater a <strong>polui\u00e7\u00e3o<\/strong> no pa\u00eds e diminuir sua <strong>pegada de carbono.<\/strong> Em 2015, <strong>Oslo <\/strong>se tornou a primeira capital do mundo a anunciar que cortaria investimentos em <strong>combust\u00edveis f\u00f3sseis,<\/strong> como petr\u00f3leo, carv\u00e3o e g\u00e1s. Meses depois <a href=\"https:\/\/conexaoplaneta.com.br\/blog\/oslo-vai-banir-carros-do-centro-da-cidade\/#fechar\">carros foram banidos do centro da cidade<\/a> e iniciou-se a constru\u00e7\u00e3o de 60 km de novas ciclovias. Dois anos depois, o governo local <a href=\"https:\/\/conexaoplaneta.com.br\/blog\/oslo-da-subsidio-para-populacao-de-us1-200-para-compra-de-bicicletas-eletricas\/\">come\u00e7ou a dar subs\u00eddios para a popula\u00e7\u00e3o de US$ 1.200 para a compra de bicicletas el\u00e9tricas.<\/a><\/p>\n\n\n\n<div class=\"wp-block-image\"><figure class=\"aligncenter size-large\"><img loading=\"lazy\" decoding=\"async\" width=\"300\" height=\"250\" src=\"https:\/\/jornalfatosenoticias.com.br\/wp-content\/uploads\/2022\/08\/arte-Casarao.jpg\" alt=\"\" class=\"wp-image-33178\"\/><\/figure><\/div>\n\n\n\n<p>Com a meta de ser um pa\u00eds<strong> carbono neutro<\/strong> at\u00e9 2030, agora a capital norueguesa inicia uma nova fase. At\u00e9 o final deste ano, todo o sistema de <strong>transporte p\u00fablico<\/strong> ser\u00e1 <strong>el\u00e9trico:<\/strong> trens, \u00f4nibus, trams e ferries ser\u00e3o movidos a eletricidade.<br>Parte da frota j\u00e1 tinha sido substitu\u00edda, mas nos pr\u00f3ximos meses cerca de 450 \u00f4nibus a diesel ser\u00e3o aposentados. A prefeitura acredita que o investimento de pouco mais de U$ 50 milh\u00f5es trar\u00e1 resultados de longo prazo. Apesar de ve\u00edculos el\u00e9tricos serem mais caros, sua manuten\u00e7\u00e3o \u00e9 bem mais barata.<\/p>\n\n\n\n<div class=\"wp-block-image\"><figure class=\"aligncenter size-large\"><img loading=\"lazy\" decoding=\"async\" width=\"1024\" height=\"100\" src=\"https:\/\/jornalfatosenoticias.com.br\/wp-content\/uploads\/2020\/02\/banner_ferramentas-1024x100.jpg\" alt=\"\" class=\"wp-image-1258\" srcset=\"https:\/\/jornalfatosenoticias.com.br\/wp-content\/uploads\/2020\/02\/banner_ferramentas-1024x100.jpg 1024w, https:\/\/jornalfatosenoticias.com.br\/wp-content\/uploads\/2020\/02\/banner_ferramentas-300x29.jpg 300w, https:\/\/jornalfatosenoticias.com.br\/wp-content\/uploads\/2020\/02\/banner_ferramentas-768x75.jpg 768w, https:\/\/jornalfatosenoticias.com.br\/wp-content\/uploads\/2020\/02\/banner_ferramentas.jpg 1227w\" sizes=\"auto, (max-width: 1024px) 100vw, 1024px\" \/><\/figure><\/div>\n\n\n\n<div class=\"wp-block-image\"><figure class=\"aligncenter size-large\"><img loading=\"lazy\" decoding=\"async\" width=\"1000\" height=\"717\" src=\"https:\/\/jornalfatosenoticias.com.br\/wp-content\/uploads\/2023\/03\/oslo-transporte-publico-eletrico-2.jpg\" alt=\"\" class=\"wp-image-39593\" srcset=\"https:\/\/jornalfatosenoticias.com.br\/wp-content\/uploads\/2023\/03\/oslo-transporte-publico-eletrico-2.jpg 1000w, https:\/\/jornalfatosenoticias.com.br\/wp-content\/uploads\/2023\/03\/oslo-transporte-publico-eletrico-2-300x215.jpg 300w, https:\/\/jornalfatosenoticias.com.br\/wp-content\/uploads\/2023\/03\/oslo-transporte-publico-eletrico-2-768x551.jpg 768w\" sizes=\"auto, (max-width: 1000px) 100vw, 1000px\" \/><figcaption><em><span class=\"has-inline-color has-black-color\">(Foto: Divulga\u00e7\u00e3o Ruter)<\/span><\/em><\/figcaption><\/figure><\/div>\n\n\n\n<div class=\"wp-block-image\"><figure class=\"aligncenter size-large is-resized\"><img loading=\"lazy\" decoding=\"async\" src=\"https:\/\/jornalfatosenoticias.com.br\/wp-content\/uploads\/2022\/08\/logo-locau-veiculos-1024x573.png\" alt=\"\" class=\"wp-image-33078\" width=\"319\" height=\"178\"\/><\/figure><\/div>\n\n\n\n<p>Al\u00e9m de diminuir significativamente a emiss\u00e3o de <strong>gases de efeito estufa,<\/strong> e assim, minimizar os impactos da <strong>crise clim\u00e1tica,<\/strong> as autoridades ressaltam a import\u00e2ncia na redu\u00e7\u00e3o da polui\u00e7\u00e3o sonora e do ar. Ve\u00edculos el\u00e9tricos s\u00e3o mais silenciosos e um relat\u00f3rio da Organiza\u00e7\u00e3o Mundial de Sa\u00fade (OMS), divulgado em 2022, alertou que a contamina\u00e7\u00e3o do ar \u00e9 uma das maiores amea\u00e7as \u00e0 sa\u00fade dos europeus. Mais de 300 mil mortes prematuras estiveram associadas a ela em 2019.<\/p>\n\n\n\n<div class=\"wp-block-image\"><figure class=\"aligncenter size-large is-resized\"><img loading=\"lazy\" decoding=\"async\" src=\"https:\/\/jornalfatosenoticias.com.br\/wp-content\/uploads\/2022\/02\/Precisao-Contabilidade-1024x724.jpg\" alt=\"\" class=\"wp-image-28088\" width=\"331\" height=\"234\"\/><\/figure><\/div>\n\n\n\n<p>E n\u00e3o \u00e9 s\u00f3 o transporte p\u00fablico que est\u00e1 sendo \u201celetrificado\u201d. Turistas que visitam a cidade tamb\u00e9m t\u00eam \u00e0 disposi\u00e7\u00e3o t\u00e1xis, shuttles e carros de aluguel el\u00e9tricos. Na verdade, ve\u00edculos movidos a gasolina ou diesel hoje em dia j\u00e1 s\u00e3o em menor n\u00fameros nas ruas de Oslo.<\/p>\n\n\n\n<div class=\"wp-block-image\"><figure class=\"aligncenter size-large is-resized\"><img loading=\"lazy\" decoding=\"async\" src=\"https:\/\/jornalfatosenoticias.com.br\/wp-content\/uploads\/2020\/02\/nova-logo-Marquetti.jpg\" alt=\"\" class=\"wp-image-22331\" width=\"292\" height=\"196\" srcset=\"https:\/\/jornalfatosenoticias.com.br\/wp-content\/uploads\/2020\/02\/nova-logo-Marquetti.jpg 643w, https:\/\/jornalfatosenoticias.com.br\/wp-content\/uploads\/2020\/02\/nova-logo-Marquetti-300x202.jpg 300w\" sizes=\"auto, (max-width: 292px) 100vw, 292px\" \/><\/figure><\/div>\n\n\n\n<p>Apesar das boas not\u00edcias, uma grande preocupa\u00e7\u00e3o de especialistas \u00e9 com o <strong>descarte das baterias<\/strong> el\u00e9tricas no futuro, afinal elas tamb\u00e9m ser\u00e3o fonte de polui\u00e7\u00e3o e poss\u00edvel <strong>impacto ambiental.<\/strong> Ademais, h\u00e1 um temor de como funcionar\u00e1 o mercado pela explora\u00e7\u00e3o de mat\u00e9rias-primas como o l\u00edtio, um dos principais componentes nesses motores sem combust\u00e3o. Muitos apostam que haver\u00e1 um boom de empresas de<strong> reciclagem<\/strong> de baterias, caso contr\u00e1rio o que veio para se tornar uma alternativa sustent\u00e1vel pode se transformar em um novo grande problema para o planeta.<\/p>\n\n\n\n<div class=\"wp-block-image\"><figure class=\"aligncenter size-large\"><img loading=\"lazy\" decoding=\"async\" width=\"1024\" height=\"110\" src=\"https:\/\/jornalfatosenoticias.com.br\/wp-content\/uploads\/2023\/03\/Crypton-1120-\u00d7-120-px-1-1024x110.png\" alt=\"\" class=\"wp-image-39211\" srcset=\"https:\/\/jornalfatosenoticias.com.br\/wp-content\/uploads\/2023\/03\/Crypton-1120-\u00d7-120-px-1-1024x110.png 1024w, https:\/\/jornalfatosenoticias.com.br\/wp-content\/uploads\/2023\/03\/Crypton-1120-\u00d7-120-px-1-300x32.png 300w, https:\/\/jornalfatosenoticias.com.br\/wp-content\/uploads\/2023\/03\/Crypton-1120-\u00d7-120-px-1-768x82.png 768w, https:\/\/jornalfatosenoticias.com.br\/wp-content\/uploads\/2023\/03\/Crypton-1120-\u00d7-120-px-1.png 1120w\" sizes=\"auto, (max-width: 1024px) 100vw, 1024px\" \/><\/figure><\/div>\n\n\n\n<p><strong><em>Fonte: <a href=\"https:\/\/conexaoplaneta.com.br\/blog\/oslo-sera-primeira-cidade-do-mundo-a-ter-todo-transporte-publico-eletrico\/\">Conex\u00e3o Planeta<\/a><\/em><\/strong><\/p>\n","protected":false},"excerpt":{"rendered":"<p>H\u00e1 v\u00e1rios anos a capital da Noruega vem investindo pesado para combater a polui\u00e7\u00e3o no pa\u00eds e diminuir sua pegada de carbono. Em 2015, Oslo se tornou a primeira capital do mundo a anunciar que cortaria investimentos em combust\u00edveis f\u00f3sseis, como petr\u00f3leo, carv\u00e3o e g\u00e1s. Meses depois carros foram banidos do centro da cidade e [&hellip;]<\/p>\n","protected":false},"author":2,"featured_media":39594,"comment_status":"open","ping_status":"open","sticky":false,"template":"","format":"standard","meta":{"footnotes":""},"categories":[9923],"tags":[10697,3059,11127,12307,17848,4024,6833,18526,804],"class_list":["post-39592","post","type-post","status-publish","format-standard","has-post-thumbnail","hentry","category-mobilidade","tag-carbono-neutro","tag-emissoes","tag-gases-de-efeito-estufa","tag-onibus","tag-oslo","tag-poluicao-do-ar","tag-transporte-publico","tag-transporte-publico-eletrico","tag-veiculos"],"yoast_head":"<!-- This site is optimized with the Yoast SEO plugin v26.5 - https:\/\/yoast.com\/wordpress\/plugins\/seo\/ -->\n<title>Oslo ser\u00e1 primeira cidade do mundo a ter todo transporte p\u00fablico el\u00e9trico - Jornal Fatos e Not\u00edcias<\/title>\n<meta name=\"robots\" content=\"index, follow, max-snippet:-1, max-image-preview:large, max-video-preview:-1\" \/>\n<link rel=\"canonical\" href=\"https:\/\/jornalfatosenoticias.com.br\/index.php\/2023\/03\/14\/oslo-sera-primeira-cidade-do-mundo-a-ter-todo-transporte-publico-eletrico\/\" \/>\n<meta property=\"og:locale\" content=\"pt_BR\" \/>\n<meta property=\"og:type\" content=\"article\" \/>\n<meta property=\"og:title\" content=\"Oslo ser\u00e1 primeira cidade do mundo a ter todo transporte p\u00fablico el\u00e9trico - Jornal Fatos e Not\u00edcias\" \/>\n<meta property=\"og:description\" content=\"H\u00e1 v\u00e1rios anos a capital da Noruega vem investindo pesado para combater a polui\u00e7\u00e3o no pa\u00eds e diminuir sua pegada de carbono. Em 2015, Oslo se tornou a primeira capital do mundo a anunciar que cortaria investimentos em combust\u00edveis f\u00f3sseis, como petr\u00f3leo, carv\u00e3o e g\u00e1s. Meses depois carros foram banidos do centro da cidade e [&hellip;]\" \/>\n<meta property=\"og:url\" content=\"https:\/\/jornalfatosenoticias.com.br\/index.php\/2023\/03\/14\/oslo-sera-primeira-cidade-do-mundo-a-ter-todo-transporte-publico-eletrico\/\" \/>\n<meta property=\"og:site_name\" content=\"Jornal Fatos e Not\u00edcias\" \/>\n<meta property=\"article:published_time\" content=\"2023-03-14T13:59:21+00:00\" \/>\n<meta property=\"article:modified_time\" content=\"2023-03-14T13:59:22+00:00\" \/>\n<meta property=\"og:image\" content=\"https:\/\/jornalfatosenoticias.com.br\/wp-content\/uploads\/2023\/03\/oslo-transporte-publico-eletrico-1.jpg\" \/>\n\t<meta property=\"og:image:width\" content=\"1000\" \/>\n\t<meta property=\"og:image:height\" content=\"572\" \/>\n\t<meta property=\"og:image:type\" content=\"image\/jpeg\" \/>\n<meta name=\"author\" content=\"Luzimara Fernandes\" \/>\n<meta name=\"twitter:card\" content=\"summary_large_image\" \/>\n<meta name=\"twitter:label1\" content=\"Escrito por\" \/>\n\t<meta name=\"twitter:data1\" content=\"Luzimara Fernandes\" \/>\n\t<meta name=\"twitter:label2\" content=\"Est. tempo de leitura\" \/>\n\t<meta name=\"twitter:data2\" content=\"2 minutos\" \/>\n<script type=\"application\/ld+json\" class=\"yoast-schema-graph\">{\"@context\":\"https:\/\/schema.org\",\"@graph\":[{\"@type\":\"Article\",\"@id\":\"https:\/\/jornalfatosenoticias.com.br\/index.php\/2023\/03\/14\/oslo-sera-primeira-cidade-do-mundo-a-ter-todo-transporte-publico-eletrico\/#article\",\"isPartOf\":{\"@id\":\"https:\/\/jornalfatosenoticias.com.br\/index.php\/2023\/03\/14\/oslo-sera-primeira-cidade-do-mundo-a-ter-todo-transporte-publico-eletrico\/\"},\"author\":{\"name\":\"Luzimara Fernandes\",\"@id\":\"https:\/\/jornalfatosenoticias.com.br\/#\/schema\/person\/d63837fa13ac8666eb9e74e0985d6f81\"},\"headline\":\"Oslo ser\u00e1 primeira cidade do mundo a ter todo transporte p\u00fablico el\u00e9trico\",\"datePublished\":\"2023-03-14T13:59:21+00:00\",\"dateModified\":\"2023-03-14T13:59:22+00:00\",\"mainEntityOfPage\":{\"@id\":\"https:\/\/jornalfatosenoticias.com.br\/index.php\/2023\/03\/14\/oslo-sera-primeira-cidade-do-mundo-a-ter-todo-transporte-publico-eletrico\/\"},\"wordCount\":456,\"commentCount\":0,\"publisher\":{\"@id\":\"https:\/\/jornalfatosenoticias.com.br\/#organization\"},\"image\":{\"@id\":\"https:\/\/jornalfatosenoticias.com.br\/index.php\/2023\/03\/14\/oslo-sera-primeira-cidade-do-mundo-a-ter-todo-transporte-publico-eletrico\/#primaryimage\"},\"thumbnailUrl\":\"https:\/\/jornalfatosenoticias.com.br\/wp-content\/uploads\/2023\/03\/oslo-transporte-publico-eletrico-1.jpg\",\"keywords\":[\"carbono neutro\",\"emiss\u00f5es\",\"gases de efeito estufa\",\"\u00f4nibus\",\"Oslo\",\"polui\u00e7\u00e3o do ar\",\"transporte p\u00fablico\",\"transporte p\u00fablico el\u00e9trico\",\"ve\u00edculos\"],\"articleSection\":[\"Mobilidade\"],\"inLanguage\":\"pt-BR\",\"potentialAction\":[{\"@type\":\"CommentAction\",\"name\":\"Comment\",\"target\":[\"https:\/\/jornalfatosenoticias.com.br\/index.php\/2023\/03\/14\/oslo-sera-primeira-cidade-do-mundo-a-ter-todo-transporte-publico-eletrico\/#respond\"]}]},{\"@type\":\"WebPage\",\"@id\":\"https:\/\/jornalfatosenoticias.com.br\/index.php\/2023\/03\/14\/oslo-sera-primeira-cidade-do-mundo-a-ter-todo-transporte-publico-eletrico\/\",\"url\":\"https:\/\/jornalfatosenoticias.com.br\/index.php\/2023\/03\/14\/oslo-sera-primeira-cidade-do-mundo-a-ter-todo-transporte-publico-eletrico\/\",\"name\":\"Oslo ser\u00e1 primeira cidade do mundo a ter todo transporte p\u00fablico el\u00e9trico - Jornal Fatos e Not\u00edcias\",\"isPartOf\":{\"@id\":\"https:\/\/jornalfatosenoticias.com.br\/#website\"},\"primaryImageOfPage\":{\"@id\":\"https:\/\/jornalfatosenoticias.com.br\/index.php\/2023\/03\/14\/oslo-sera-primeira-cidade-do-mundo-a-ter-todo-transporte-publico-eletrico\/#primaryimage\"},\"image\":{\"@id\":\"https:\/\/jornalfatosenoticias.com.br\/index.php\/2023\/03\/14\/oslo-sera-primeira-cidade-do-mundo-a-ter-todo-transporte-publico-eletrico\/#primaryimage\"},\"thumbnailUrl\":\"https:\/\/jornalfatosenoticias.com.br\/wp-content\/uploads\/2023\/03\/oslo-transporte-publico-eletrico-1.jpg\",\"datePublished\":\"2023-03-14T13:59:21+00:00\",\"dateModified\":\"2023-03-14T13:59:22+00:00\",\"breadcrumb\":{\"@id\":\"https:\/\/jornalfatosenoticias.com.br\/index.php\/2023\/03\/14\/oslo-sera-primeira-cidade-do-mundo-a-ter-todo-transporte-publico-eletrico\/#breadcrumb\"},\"inLanguage\":\"pt-BR\",\"potentialAction\":[{\"@type\":\"ReadAction\",\"target\":[\"https:\/\/jornalfatosenoticias.com.br\/index.php\/2023\/03\/14\/oslo-sera-primeira-cidade-do-mundo-a-ter-todo-transporte-publico-eletrico\/\"]}]},{\"@type\":\"ImageObject\",\"inLanguage\":\"pt-BR\",\"@id\":\"https:\/\/jornalfatosenoticias.com.br\/index.php\/2023\/03\/14\/oslo-sera-primeira-cidade-do-mundo-a-ter-todo-transporte-publico-eletrico\/#primaryimage\",\"url\":\"https:\/\/jornalfatosenoticias.com.br\/wp-content\/uploads\/2023\/03\/oslo-transporte-publico-eletrico-1.jpg\",\"contentUrl\":\"https:\/\/jornalfatosenoticias.com.br\/wp-content\/uploads\/2023\/03\/oslo-transporte-publico-eletrico-1.jpg\",\"width\":1000,\"height\":572,\"caption\":\"Markedsomr\u00e5de Nord\u00f8st. Foto: Fartein Rudjord\"},{\"@type\":\"BreadcrumbList\",\"@id\":\"https:\/\/jornalfatosenoticias.com.br\/index.php\/2023\/03\/14\/oslo-sera-primeira-cidade-do-mundo-a-ter-todo-transporte-publico-eletrico\/#breadcrumb\",\"itemListElement\":[{\"@type\":\"ListItem\",\"position\":1,\"name\":\"In\u00edcio\",\"item\":\"https:\/\/jornalfatosenoticias.com.br\/\"},{\"@type\":\"ListItem\",\"position\":2,\"name\":\"Oslo ser\u00e1 primeira cidade do mundo a ter todo transporte p\u00fablico el\u00e9trico\"}]},{\"@type\":\"WebSite\",\"@id\":\"https:\/\/jornalfatosenoticias.com.br\/#website\",\"url\":\"https:\/\/jornalfatosenoticias.com.br\/\",\"name\":\"Jornal Fatos e Not\u00edcias\",\"description\":\"Not\u00edcias em geral\",\"publisher\":{\"@id\":\"https:\/\/jornalfatosenoticias.com.br\/#organization\"},\"potentialAction\":[{\"@type\":\"SearchAction\",\"target\":{\"@type\":\"EntryPoint\",\"urlTemplate\":\"https:\/\/jornalfatosenoticias.com.br\/?s={search_term_string}\"},\"query-input\":{\"@type\":\"PropertyValueSpecification\",\"valueRequired\":true,\"valueName\":\"search_term_string\"}}],\"inLanguage\":\"pt-BR\"},{\"@type\":\"Organization\",\"@id\":\"https:\/\/jornalfatosenoticias.com.br\/#organization\",\"name\":\"Jornal Fatos e Not\u00edcias\",\"url\":\"https:\/\/jornalfatosenoticias.com.br\/\",\"logo\":{\"@type\":\"ImageObject\",\"inLanguage\":\"pt-BR\",\"@id\":\"https:\/\/jornalfatosenoticias.com.br\/#\/schema\/logo\/image\/\",\"url\":\"https:\/\/jornalfatosenoticias.com.br\/wp-content\/uploads\/2020\/02\/logo120.png\",\"contentUrl\":\"https:\/\/jornalfatosenoticias.com.br\/wp-content\/uploads\/2020\/02\/logo120.png\",\"width\":1227,\"height\":120,\"caption\":\"Jornal Fatos e Not\u00edcias\"},\"image\":{\"@id\":\"https:\/\/jornalfatosenoticias.com.br\/#\/schema\/logo\/image\/\"}},{\"@type\":\"Person\",\"@id\":\"https:\/\/jornalfatosenoticias.com.br\/#\/schema\/person\/d63837fa13ac8666eb9e74e0985d6f81\",\"name\":\"Luzimara Fernandes\",\"image\":{\"@type\":\"ImageObject\",\"inLanguage\":\"pt-BR\",\"@id\":\"https:\/\/jornalfatosenoticias.com.br\/#\/schema\/person\/image\/\",\"url\":\"https:\/\/jornalfatosenoticias.com.br\/wp-content\/uploads\/2025\/05\/EU_portal.jpg\",\"contentUrl\":\"https:\/\/jornalfatosenoticias.com.br\/wp-content\/uploads\/2025\/05\/EU_portal.jpg\",\"caption\":\"Luzimara Fernandes\"},\"description\":\"Jornalista MTB 2358-ES\",\"sameAs\":[\"https:\/\/jornalfatosenoticias.com.br\"],\"url\":\"https:\/\/jornalfatosenoticias.com.br\/index.php\/author\/luzimara\/\"}]}<\/script>\n<!-- \/ Yoast SEO plugin. -->","yoast_head_json":{"title":"Oslo ser\u00e1 primeira cidade do mundo a ter todo transporte p\u00fablico el\u00e9trico - Jornal Fatos e Not\u00edcias","robots":{"index":"index","follow":"follow","max-snippet":"max-snippet:-1","max-image-preview":"max-image-preview:large","max-video-preview":"max-video-preview:-1"},"canonical":"https:\/\/jornalfatosenoticias.com.br\/index.php\/2023\/03\/14\/oslo-sera-primeira-cidade-do-mundo-a-ter-todo-transporte-publico-eletrico\/","og_locale":"pt_BR","og_type":"article","og_title":"Oslo ser\u00e1 primeira cidade do mundo a ter todo transporte p\u00fablico el\u00e9trico - Jornal Fatos e Not\u00edcias","og_description":"H\u00e1 v\u00e1rios anos a capital da Noruega vem investindo pesado para combater a polui\u00e7\u00e3o no pa\u00eds e diminuir sua pegada de carbono. Em 2015, Oslo se tornou a primeira capital do mundo a anunciar que cortaria investimentos em combust\u00edveis f\u00f3sseis, como petr\u00f3leo, carv\u00e3o e g\u00e1s. Meses depois carros foram banidos do centro da cidade e [&hellip;]","og_url":"https:\/\/jornalfatosenoticias.com.br\/index.php\/2023\/03\/14\/oslo-sera-primeira-cidade-do-mundo-a-ter-todo-transporte-publico-eletrico\/","og_site_name":"Jornal Fatos e Not\u00edcias","article_published_time":"2023-03-14T13:59:21+00:00","article_modified_time":"2023-03-14T13:59:22+00:00","og_image":[{"width":1000,"height":572,"url":"https:\/\/jornalfatosenoticias.com.br\/wp-content\/uploads\/2023\/03\/oslo-transporte-publico-eletrico-1.jpg","type":"image\/jpeg"}],"author":"Luzimara Fernandes","twitter_card":"summary_large_image","twitter_misc":{"Escrito por":"Luzimara Fernandes","Est. tempo de leitura":"2 minutos"},"schema":{"@context":"https:\/\/schema.org","@graph":[{"@type":"Article","@id":"https:\/\/jornalfatosenoticias.com.br\/index.php\/2023\/03\/14\/oslo-sera-primeira-cidade-do-mundo-a-ter-todo-transporte-publico-eletrico\/#article","isPartOf":{"@id":"https:\/\/jornalfatosenoticias.com.br\/index.php\/2023\/03\/14\/oslo-sera-primeira-cidade-do-mundo-a-ter-todo-transporte-publico-eletrico\/"},"author":{"name":"Luzimara Fernandes","@id":"https:\/\/jornalfatosenoticias.com.br\/#\/schema\/person\/d63837fa13ac8666eb9e74e0985d6f81"},"headline":"Oslo ser\u00e1 primeira cidade do mundo a ter todo transporte p\u00fablico el\u00e9trico","datePublished":"2023-03-14T13:59:21+00:00","dateModified":"2023-03-14T13:59:22+00:00","mainEntityOfPage":{"@id":"https:\/\/jornalfatosenoticias.com.br\/index.php\/2023\/03\/14\/oslo-sera-primeira-cidade-do-mundo-a-ter-todo-transporte-publico-eletrico\/"},"wordCount":456,"commentCount":0,"publisher":{"@id":"https:\/\/jornalfatosenoticias.com.br\/#organization"},"image":{"@id":"https:\/\/jornalfatosenoticias.com.br\/index.php\/2023\/03\/14\/oslo-sera-primeira-cidade-do-mundo-a-ter-todo-transporte-publico-eletrico\/#primaryimage"},"thumbnailUrl":"https:\/\/jornalfatosenoticias.com.br\/wp-content\/uploads\/2023\/03\/oslo-transporte-publico-eletrico-1.jpg","keywords":["carbono neutro","emiss\u00f5es","gases de efeito estufa","\u00f4nibus","Oslo","polui\u00e7\u00e3o do ar","transporte p\u00fablico","transporte p\u00fablico el\u00e9trico","ve\u00edculos"],"articleSection":["Mobilidade"],"inLanguage":"pt-BR","potentialAction":[{"@type":"CommentAction","name":"Comment","target":["https:\/\/jornalfatosenoticias.com.br\/index.php\/2023\/03\/14\/oslo-sera-primeira-cidade-do-mundo-a-ter-todo-transporte-publico-eletrico\/#respond"]}]},{"@type":"WebPage","@id":"https:\/\/jornalfatosenoticias.com.br\/index.php\/2023\/03\/14\/oslo-sera-primeira-cidade-do-mundo-a-ter-todo-transporte-publico-eletrico\/","url":"https:\/\/jornalfatosenoticias.com.br\/index.php\/2023\/03\/14\/oslo-sera-primeira-cidade-do-mundo-a-ter-todo-transporte-publico-eletrico\/","name":"Oslo ser\u00e1 primeira cidade do mundo a ter todo transporte p\u00fablico el\u00e9trico - Jornal Fatos e Not\u00edcias","isPartOf":{"@id":"https:\/\/jornalfatosenoticias.com.br\/#website"},"primaryImageOfPage":{"@id":"https:\/\/jornalfatosenoticias.com.br\/index.php\/2023\/03\/14\/oslo-sera-primeira-cidade-do-mundo-a-ter-todo-transporte-publico-eletrico\/#primaryimage"},"image":{"@id":"https:\/\/jornalfatosenoticias.com.br\/index.php\/2023\/03\/14\/oslo-sera-primeira-cidade-do-mundo-a-ter-todo-transporte-publico-eletrico\/#primaryimage"},"thumbnailUrl":"https:\/\/jornalfatosenoticias.com.br\/wp-content\/uploads\/2023\/03\/oslo-transporte-publico-eletrico-1.jpg","datePublished":"2023-03-14T13:59:21+00:00","dateModified":"2023-03-14T13:59:22+00:00","breadcrumb":{"@id":"https:\/\/jornalfatosenoticias.com.br\/index.php\/2023\/03\/14\/oslo-sera-primeira-cidade-do-mundo-a-ter-todo-transporte-publico-eletrico\/#breadcrumb"},"inLanguage":"pt-BR","potentialAction":[{"@type":"ReadAction","target":["https:\/\/jornalfatosenoticias.com.br\/index.php\/2023\/03\/14\/oslo-sera-primeira-cidade-do-mundo-a-ter-todo-transporte-publico-eletrico\/"]}]},{"@type":"ImageObject","inLanguage":"pt-BR","@id":"https:\/\/jornalfatosenoticias.com.br\/index.php\/2023\/03\/14\/oslo-sera-primeira-cidade-do-mundo-a-ter-todo-transporte-publico-eletrico\/#primaryimage","url":"https:\/\/jornalfatosenoticias.com.br\/wp-content\/uploads\/2023\/03\/oslo-transporte-publico-eletrico-1.jpg","contentUrl":"https:\/\/jornalfatosenoticias.com.br\/wp-content\/uploads\/2023\/03\/oslo-transporte-publico-eletrico-1.jpg","width":1000,"height":572,"caption":"Markedsomr\u00e5de Nord\u00f8st. Foto: Fartein Rudjord"},{"@type":"BreadcrumbList","@id":"https:\/\/jornalfatosenoticias.com.br\/index.php\/2023\/03\/14\/oslo-sera-primeira-cidade-do-mundo-a-ter-todo-transporte-publico-eletrico\/#breadcrumb","itemListElement":[{"@type":"ListItem","position":1,"name":"In\u00edcio","item":"https:\/\/jornalfatosenoticias.com.br\/"},{"@type":"ListItem","position":2,"name":"Oslo ser\u00e1 primeira cidade do mundo a ter todo transporte p\u00fablico el\u00e9trico"}]},{"@type":"WebSite","@id":"https:\/\/jornalfatosenoticias.com.br\/#website","url":"https:\/\/jornalfatosenoticias.com.br\/","name":"Jornal Fatos e Not\u00edcias","description":"Not\u00edcias em geral","publisher":{"@id":"https:\/\/jornalfatosenoticias.com.br\/#organization"},"potentialAction":[{"@type":"SearchAction","target":{"@type":"EntryPoint","urlTemplate":"https:\/\/jornalfatosenoticias.com.br\/?s={search_term_string}"},"query-input":{"@type":"PropertyValueSpecification","valueRequired":true,"valueName":"search_term_string"}}],"inLanguage":"pt-BR"},{"@type":"Organization","@id":"https:\/\/jornalfatosenoticias.com.br\/#organization","name":"Jornal Fatos e Not\u00edcias","url":"https:\/\/jornalfatosenoticias.com.br\/","logo":{"@type":"ImageObject","inLanguage":"pt-BR","@id":"https:\/\/jornalfatosenoticias.com.br\/#\/schema\/logo\/image\/","url":"https:\/\/jornalfatosenoticias.com.br\/wp-content\/uploads\/2020\/02\/logo120.png","contentUrl":"https:\/\/jornalfatosenoticias.com.br\/wp-content\/uploads\/2020\/02\/logo120.png","width":1227,"height":120,"caption":"Jornal Fatos e Not\u00edcias"},"image":{"@id":"https:\/\/jornalfatosenoticias.com.br\/#\/schema\/logo\/image\/"}},{"@type":"Person","@id":"https:\/\/jornalfatosenoticias.com.br\/#\/schema\/person\/d63837fa13ac8666eb9e74e0985d6f81","name":"Luzimara Fernandes","image":{"@type":"ImageObject","inLanguage":"pt-BR","@id":"https:\/\/jornalfatosenoticias.com.br\/#\/schema\/person\/image\/","url":"https:\/\/jornalfatosenoticias.com.br\/wp-content\/uploads\/2025\/05\/EU_portal.jpg","contentUrl":"https:\/\/jornalfatosenoticias.com.br\/wp-content\/uploads\/2025\/05\/EU_portal.jpg","caption":"Luzimara Fernandes"},"description":"Jornalista MTB 2358-ES","sameAs":["https:\/\/jornalfatosenoticias.com.br"],"url":"https:\/\/jornalfatosenoticias.com.br\/index.php\/author\/luzimara\/"}]}},"cc_featured_image_caption":{"caption_text":"(Foto: Divulga\u00e7\u00e3o Ruter) ","source_text":"","source_url":""},"jetpack_featured_media_url":"https:\/\/jornalfatosenoticias.com.br\/wp-content\/uploads\/2023\/03\/oslo-transporte-publico-eletrico-1.jpg","_links":{"self":[{"href":"https:\/\/jornalfatosenoticias.com.br\/index.php\/wp-json\/wp\/v2\/posts\/39592","targetHints":{"allow":["GET"]}}],"collection":[{"href":"https:\/\/jornalfatosenoticias.com.br\/index.php\/wp-json\/wp\/v2\/posts"}],"about":[{"href":"https:\/\/jornalfatosenoticias.com.br\/index.php\/wp-json\/wp\/v2\/types\/post"}],"author":[{"embeddable":true,"href":"https:\/\/jornalfatosenoticias.com.br\/index.php\/wp-json\/wp\/v2\/users\/2"}],"replies":[{"embeddable":true,"href":"https:\/\/jornalfatosenoticias.com.br\/index.php\/wp-json\/wp\/v2\/comments?post=39592"}],"version-history":[{"count":0,"href":"https:\/\/jornalfatosenoticias.com.br\/index.php\/wp-json\/wp\/v2\/posts\/39592\/revisions"}],"wp:featuredmedia":[{"embeddable":true,"href":"https:\/\/jornalfatosenoticias.com.br\/index.php\/wp-json\/wp\/v2\/media\/39594"}],"wp:attachment":[{"href":"https:\/\/jornalfatosenoticias.com.br\/index.php\/wp-json\/wp\/v2\/media?parent=39592"}],"wp:term":[{"taxonomy":"category","embeddable":true,"href":"https:\/\/jornalfatosenoticias.com.br\/index.php\/wp-json\/wp\/v2\/categories?post=39592"},{"taxonomy":"post_tag","embeddable":true,"href":"https:\/\/jornalfatosenoticias.com.br\/index.php\/wp-json\/wp\/v2\/tags?post=39592"}],"curies":[{"name":"wp","href":"https:\/\/api.w.org\/{rel}","templated":true}]}}