{"id":39599,"date":"2023-03-14T11:58:25","date_gmt":"2023-03-14T14:58:25","guid":{"rendered":"https:\/\/jornalfatosenoticias.com.br\/?p=39599"},"modified":"2023-03-14T11:58:26","modified_gmt":"2023-03-14T14:58:26","slug":"aperto-de-mao-fraco-pode-indicar-depressao-afirma-estudo","status":"publish","type":"post","link":"https:\/\/jornalfatosenoticias.com.br\/index.php\/2023\/03\/14\/aperto-de-mao-fraco-pode-indicar-depressao-afirma-estudo\/","title":{"rendered":"Aperto de m\u00e3o fraco pode indicar depress\u00e3o, afirma estudo"},"content":{"rendered":"\n<p><em><span class=\"has-inline-color has-black-color\">Estudo sul-coreano apontou que o aperto de m\u00e3o fraco pode ser um indicador precoce de depress\u00e3o. Conhe\u00e7a os sintomas da doen\u00e7a<\/span><\/em><\/p>\n\n\n\n<div class=\"wp-block-image\"><figure class=\"aligncenter size-large\"><img loading=\"lazy\" decoding=\"async\" width=\"1024\" height=\"100\" src=\"https:\/\/jornalfatosenoticias.com.br\/wp-content\/uploads\/2022\/05\/NOVA-LOGO-CESCONETTO-1024x100.jpg\" alt=\"\" class=\"wp-image-30792\" srcset=\"https:\/\/jornalfatosenoticias.com.br\/wp-content\/uploads\/2022\/05\/NOVA-LOGO-CESCONETTO-1024x100.jpg 1024w, https:\/\/jornalfatosenoticias.com.br\/wp-content\/uploads\/2022\/05\/NOVA-LOGO-CESCONETTO-300x29.jpg 300w, https:\/\/jornalfatosenoticias.com.br\/wp-content\/uploads\/2022\/05\/NOVA-LOGO-CESCONETTO-768x75.jpg 768w, https:\/\/jornalfatosenoticias.com.br\/wp-content\/uploads\/2022\/05\/NOVA-LOGO-CESCONETTO.jpg 1280w\" sizes=\"auto, (max-width: 1024px) 100vw, 1024px\" \/><\/figure><\/div>\n\n\n\n<p>Cientistas da Faculdade de Medicina da Universidade Yonsei, na Coreia do Sul, sugerem que um simples aperto de m\u00e3o tem muito a dizer sobre uma pessoa, inclusive sobre sua sa\u00fade mental. O estudo sul-coreano apontou que uma pegada fraca pode ser um sinal precoce de depress\u00e3o. Para chegar a essa conclus\u00e3o, os pesquisadores avaliaram 51 mil adultos de seis pa\u00edses, todos tinham mais de 45 anos.<\/p>\n\n\n\n<div class=\"wp-block-image\"><figure class=\"aligncenter size-large is-resized\"><img loading=\"lazy\" decoding=\"async\" src=\"https:\/\/jornalfatosenoticias.com.br\/wp-content\/uploads\/2022\/10\/Arte-jornal-Zucchi-600x600_Prancheta-1-1024x1024.jpg\" alt=\"\" class=\"wp-image-34782\" width=\"296\" height=\"296\" srcset=\"https:\/\/jornalfatosenoticias.com.br\/wp-content\/uploads\/2022\/10\/Arte-jornal-Zucchi-600x600_Prancheta-1-1024x1024.jpg 1024w, https:\/\/jornalfatosenoticias.com.br\/wp-content\/uploads\/2022\/10\/Arte-jornal-Zucchi-600x600_Prancheta-1-300x300.jpg 300w, https:\/\/jornalfatosenoticias.com.br\/wp-content\/uploads\/2022\/10\/Arte-jornal-Zucchi-600x600_Prancheta-1-150x150.jpg 150w, https:\/\/jornalfatosenoticias.com.br\/wp-content\/uploads\/2022\/10\/Arte-jornal-Zucchi-600x600_Prancheta-1-768x768.jpg 768w, https:\/\/jornalfatosenoticias.com.br\/wp-content\/uploads\/2022\/10\/Arte-jornal-Zucchi-600x600_Prancheta-1.jpg 1250w\" sizes=\"auto, (max-width: 296px) 100vw, 296px\" \/><\/figure><\/div>\n\n\n\n<p>A equipe respons\u00e1vel pela pesquisa mediu a for\u00e7a de pegada dos volunt\u00e1rios com um dinam\u00f4metro. Mais tarde, eles compararam os resultados com uma avalia\u00e7\u00e3o de <a href=\"https:\/\/sportlife.com.br\/dieta-da-saude-mental-6-alimentos-que-combatem-a-ansiedade\/\">sa\u00fade mental<\/a>. Os respondentes deveriam avaliar afirma\u00e7\u00f5es como: \u201cEstou incomodado com coisas que geralmente n\u00e3o me preocupam\u201d e \u201cSenti que tudo o que fiz foi um esfor\u00e7o em v\u00e3o\u201d, por exemplo.<\/p>\n\n\n\n<div class=\"wp-block-image\"><figure class=\"aligncenter size-large\"><img loading=\"lazy\" decoding=\"async\" width=\"1024\" height=\"110\" src=\"https:\/\/jornalfatosenoticias.com.br\/wp-content\/uploads\/2023\/03\/Crypton-1120-\u00d7-120-px-1-1024x110.png\" alt=\"\" class=\"wp-image-39211\" srcset=\"https:\/\/jornalfatosenoticias.com.br\/wp-content\/uploads\/2023\/03\/Crypton-1120-\u00d7-120-px-1-1024x110.png 1024w, https:\/\/jornalfatosenoticias.com.br\/wp-content\/uploads\/2023\/03\/Crypton-1120-\u00d7-120-px-1-300x32.png 300w, https:\/\/jornalfatosenoticias.com.br\/wp-content\/uploads\/2023\/03\/Crypton-1120-\u00d7-120-px-1-768x82.png 768w, https:\/\/jornalfatosenoticias.com.br\/wp-content\/uploads\/2023\/03\/Crypton-1120-\u00d7-120-px-1.png 1120w\" sizes=\"auto, (max-width: 1024px) 100vw, 1024px\" \/><\/figure><\/div>\n\n\n\n<p>As pessoas que tinham menos for\u00e7as nas m\u00e3os apresentaram at\u00e9 tr\u00eas vezes mais chances de concordar com afirma\u00e7\u00f5es negativas, comportamento que j\u00e1 est\u00e1 associado \u00e0 depress\u00e3o. <\/p>\n\n\n\n<blockquote class=\"wp-block-quote is-layout-flow wp-block-quote-is-layout-flow\"><p><span class=\"has-inline-color has-luminous-vivid-orange-color\">A avalia\u00e7\u00e3o oportuna da for\u00e7a de preens\u00e3o manual pode ajudar na detec\u00e7\u00e3o precoce do risco de depress\u00e3o entre adultos de meia-idade e idosos\u201d, sugerem os autores do trabalho.<\/span><\/p><\/blockquote>\n\n\n\n<div class=\"wp-block-image\"><figure class=\"aligncenter size-large is-resized\"><img loading=\"lazy\" decoding=\"async\" src=\"https:\/\/jornalfatosenoticias.com.br\/wp-content\/uploads\/2022\/10\/RC_800x750_page-0001.jpg\" alt=\"\" class=\"wp-image-35338\" width=\"292\" height=\"273\" srcset=\"https:\/\/jornalfatosenoticias.com.br\/wp-content\/uploads\/2022\/10\/RC_800x750_page-0001.jpg 400w, https:\/\/jornalfatosenoticias.com.br\/wp-content\/uploads\/2022\/10\/RC_800x750_page-0001-300x281.jpg 300w\" sizes=\"auto, (max-width: 292px) 100vw, 292px\" \/><\/figure><\/div>\n\n\n\n<p>Os pesquisadores n\u00e3o definiram um motivo espec\u00edfico para a rela\u00e7\u00e3o entre a depress\u00e3o e a fraqueza das m\u00e3os. No entanto, eles sugerem que a pegada fraca pode estar associada \u00e0 car\u00eancia de atividades f\u00edsicas, que tamb\u00e9m costuma se relacionar \u00e0 <a href=\"https:\/\/www.saudeemdia.com.br\/noticias\/tratamento-da-depressao-vai-alem-dos-medicamentos-entenda.phtml\">deteriora\u00e7\u00e3o do bem-estar mental<\/a>. Os autores destacam que, embora o m\u00e9todo possa contribuir para o diagn\u00f3stico, n\u00e3o substitui uma avalia\u00e7\u00e3o psicol\u00f3gica adequada.<\/p>\n\n\n\n<div class=\"wp-block-image\"><figure class=\"aligncenter size-large is-resized\"><img loading=\"lazy\" decoding=\"async\" src=\"https:\/\/jornalfatosenoticias.com.br\/wp-content\/uploads\/2020\/02\/logo-Panper_portal.jpg\" alt=\"\" class=\"wp-image-34474\" width=\"342\" height=\"237\" srcset=\"https:\/\/jornalfatosenoticias.com.br\/wp-content\/uploads\/2020\/02\/logo-Panper_portal.jpg 400w, https:\/\/jornalfatosenoticias.com.br\/wp-content\/uploads\/2020\/02\/logo-Panper_portal-300x208.jpg 300w\" sizes=\"auto, (max-width: 342px) 100vw, 342px\" \/><\/figure><\/div>\n\n\n\n<p>A preval\u00eancia de depress\u00e3o ao longo da vida no Brasil est\u00e1 em torno de 15,5%, aponta o Minist\u00e9rio da Sa\u00fade. Ainda de acordo com a pasta, os sinais indicativos de depress\u00e3o s\u00e3o:<br><strong><span class=\"has-inline-color has-black-color\">\u2022 Humor depressivo: <\/span><\/strong>sensa\u00e7\u00e3o de tristeza, autodesvaloriza\u00e7\u00e3o e sentimento de culpa. Acreditam que perderam, de forma irrevers\u00edvel, a capacidade de sentir prazer ou alegria. Tudo parece vazio, o mundo \u00e9 visto sem cores, sem matizes de alegria. Muitos se mostram mais ap\u00e1ticos do que tristes, referindo \u201csentimento de falta de sentimento\u201d. Julgam-se um peso para os familiares e amigos, invocam a morte como forma de al\u00edvio para si e familiares. Fazem avalia\u00e7\u00e3o negativa acerca de si mesmo, do mundo e do futuro. Percebem as dificuldades como intranspon\u00edveis, tendo o desejo de p\u00f4r fim a um estado penoso. Al\u00e9m disso, os pensamentos suicidas variam desde o desejo de estar morto at\u00e9 planos detalhados de se matar. Esses pensamentos devem ser sistematicamente investigados;<\/p>\n\n\n\n<div class=\"wp-block-image\"><figure class=\"aligncenter size-large is-resized\"><img loading=\"lazy\" decoding=\"async\" src=\"https:\/\/jornalfatosenoticias.com.br\/wp-content\/uploads\/2022\/07\/Logo-Grupo-SEI.jpg\" alt=\"\" class=\"wp-image-31973\" width=\"339\" height=\"178\" srcset=\"https:\/\/jornalfatosenoticias.com.br\/wp-content\/uploads\/2022\/07\/Logo-Grupo-SEI.jpg 713w, https:\/\/jornalfatosenoticias.com.br\/wp-content\/uploads\/2022\/07\/Logo-Grupo-SEI-300x158.jpg 300w\" sizes=\"auto, (max-width: 339px) 100vw, 339px\" \/><\/figure><\/div>\n\n\n\n<p><br><strong><span class=\"has-inline-color has-black-color\">\u2022 Retardo motor,<\/span><\/strong> falta de energia, pregui\u00e7a ou cansa\u00e7o excessivo, lentifica\u00e7\u00e3o do pensamento, falta de concentra\u00e7\u00e3o, queixas de falta de mem\u00f3ria, de vontade e de iniciativa;<br><strong><span class=\"has-inline-color has-black-color\">\u2022 Ins\u00f4nia ou sonol\u00eancia:<\/span><\/strong> A ins\u00f4nia geralmente \u00e9 intermedi\u00e1ria ou terminal. A sonol\u00eancia est\u00e1 mais associada \u00e0 depress\u00e3o chamada At\u00edpica;<br>\u2022 Apetite: geralmente diminu\u00eddo, podendo ocorrer em algumas formas de depress\u00e3o aumento do apetite, com maior interesse por carboidratos e doces;<br><strong><span class=\"has-inline-color has-black-color\">\u2022 Redu\u00e7\u00e3o do interesse sexual;<br><\/span><\/strong><span class=\"has-inline-color has-black-color\"><strong>\u2022 Dores e sintomas f\u00edsicos difusos<\/strong><\/span> como mal-estar, cansa\u00e7o, queixas digestivas, dor no peito, taquicardia, sudorese.<\/p>\n\n\n\n<div class=\"wp-block-image\"><figure class=\"aligncenter size-large\"><img decoding=\"async\" src=\"https:\/\/jornalfatosenoticias.com.br\/wp-content\/uploads\/2020\/02\/barao-das-carnes-300x164-1.jpg\" alt=\"\" class=\"wp-image-34339\"\/><\/figure><\/div>\n\n\n\n<p><strong><em>Fonte: <a href=\"https:\/\/www.saudeemdia.com.br\/noticias\/aperto-de-mao-fraco-pode-indicar-depressao-afirma-estudo.phtml\">Sa\u00fade em Dia<\/a><\/em><\/strong><\/p>\n","protected":false},"excerpt":{"rendered":"<p>Estudo sul-coreano apontou que o aperto de m\u00e3o fraco pode ser um indicador precoce de depress\u00e3o. Conhe\u00e7a os sintomas da doen\u00e7a Cientistas da Faculdade de Medicina da Universidade Yonsei, na Coreia do Sul, sugerem que um simples aperto de m\u00e3o tem muito a dizer sobre uma pessoa, inclusive sobre sua sa\u00fade mental. O estudo sul-coreano [&hellip;]<\/p>\n","protected":false},"author":2,"featured_media":39600,"comment_status":"open","ping_status":"open","sticky":false,"template":"","format":"standard","meta":{"footnotes":""},"categories":[2522],"tags":[18529,3441,2375,18246,714,688],"class_list":["post-39599","post","type-post","status-publish","format-standard","has-post-thumbnail","hentry","category-comportamento","tag-aperto-de-mao","tag-coreia-do-sul","tag-depressao","tag-doenca-mental","tag-estudo","tag-saude-mental"],"yoast_head":"<!-- This site is optimized with the Yoast SEO plugin v26.5 - https:\/\/yoast.com\/wordpress\/plugins\/seo\/ -->\n<title>Aperto de m\u00e3o fraco pode indicar depress\u00e3o, afirma estudo - Jornal Fatos e Not\u00edcias<\/title>\n<meta name=\"robots\" content=\"index, follow, max-snippet:-1, max-image-preview:large, max-video-preview:-1\" \/>\n<link rel=\"canonical\" href=\"https:\/\/jornalfatosenoticias.com.br\/index.php\/2023\/03\/14\/aperto-de-mao-fraco-pode-indicar-depressao-afirma-estudo\/\" \/>\n<meta property=\"og:locale\" content=\"pt_BR\" \/>\n<meta property=\"og:type\" content=\"article\" \/>\n<meta property=\"og:title\" content=\"Aperto de m\u00e3o fraco pode indicar depress\u00e3o, afirma estudo - Jornal Fatos e Not\u00edcias\" \/>\n<meta property=\"og:description\" content=\"Estudo sul-coreano apontou que o aperto de m\u00e3o fraco pode ser um indicador precoce de depress\u00e3o. Conhe\u00e7a os sintomas da doen\u00e7a Cientistas da Faculdade de Medicina da Universidade Yonsei, na Coreia do Sul, sugerem que um simples aperto de m\u00e3o tem muito a dizer sobre uma pessoa, inclusive sobre sua sa\u00fade mental. O estudo sul-coreano [&hellip;]\" \/>\n<meta property=\"og:url\" content=\"https:\/\/jornalfatosenoticias.com.br\/index.php\/2023\/03\/14\/aperto-de-mao-fraco-pode-indicar-depressao-afirma-estudo\/\" \/>\n<meta property=\"og:site_name\" content=\"Jornal Fatos e Not\u00edcias\" \/>\n<meta property=\"article:published_time\" content=\"2023-03-14T14:58:25+00:00\" \/>\n<meta property=\"article:modified_time\" content=\"2023-03-14T14:58:26+00:00\" \/>\n<meta property=\"og:image\" content=\"https:\/\/jornalfatosenoticias.com.br\/wp-content\/uploads\/2023\/03\/APERTO-DE-MAO-DEPRESSAO.jpg\" \/>\n\t<meta property=\"og:image:width\" content=\"1000\" \/>\n\t<meta property=\"og:image:height\" content=\"597\" \/>\n\t<meta property=\"og:image:type\" content=\"image\/jpeg\" \/>\n<meta name=\"author\" content=\"Luzimara Fernandes\" \/>\n<meta name=\"twitter:card\" content=\"summary_large_image\" \/>\n<meta name=\"twitter:label1\" content=\"Escrito por\" \/>\n\t<meta name=\"twitter:data1\" content=\"Luzimara Fernandes\" \/>\n\t<meta name=\"twitter:label2\" content=\"Est. tempo de leitura\" \/>\n\t<meta name=\"twitter:data2\" content=\"3 minutos\" \/>\n<script type=\"application\/ld+json\" class=\"yoast-schema-graph\">{\"@context\":\"https:\/\/schema.org\",\"@graph\":[{\"@type\":\"Article\",\"@id\":\"https:\/\/jornalfatosenoticias.com.br\/index.php\/2023\/03\/14\/aperto-de-mao-fraco-pode-indicar-depressao-afirma-estudo\/#article\",\"isPartOf\":{\"@id\":\"https:\/\/jornalfatosenoticias.com.br\/index.php\/2023\/03\/14\/aperto-de-mao-fraco-pode-indicar-depressao-afirma-estudo\/\"},\"author\":{\"name\":\"Luzimara Fernandes\",\"@id\":\"https:\/\/jornalfatosenoticias.com.br\/#\/schema\/person\/d63837fa13ac8666eb9e74e0985d6f81\"},\"headline\":\"Aperto de m\u00e3o fraco pode indicar depress\u00e3o, afirma estudo\",\"datePublished\":\"2023-03-14T14:58:25+00:00\",\"dateModified\":\"2023-03-14T14:58:26+00:00\",\"mainEntityOfPage\":{\"@id\":\"https:\/\/jornalfatosenoticias.com.br\/index.php\/2023\/03\/14\/aperto-de-mao-fraco-pode-indicar-depressao-afirma-estudo\/\"},\"wordCount\":576,\"commentCount\":0,\"publisher\":{\"@id\":\"https:\/\/jornalfatosenoticias.com.br\/#organization\"},\"image\":{\"@id\":\"https:\/\/jornalfatosenoticias.com.br\/index.php\/2023\/03\/14\/aperto-de-mao-fraco-pode-indicar-depressao-afirma-estudo\/#primaryimage\"},\"thumbnailUrl\":\"https:\/\/jornalfatosenoticias.com.br\/wp-content\/uploads\/2023\/03\/APERTO-DE-MAO-DEPRESSAO.jpg\",\"keywords\":[\"aperto de m\u00e3o\",\"Coreia do Sul\",\"depress\u00e3o\",\"doen\u00e7a mental\",\"Estudo\",\"sa\u00fade mental\"],\"articleSection\":[\"Comportamento &amp; Equil\u00edbrio\"],\"inLanguage\":\"pt-BR\",\"potentialAction\":[{\"@type\":\"CommentAction\",\"name\":\"Comment\",\"target\":[\"https:\/\/jornalfatosenoticias.com.br\/index.php\/2023\/03\/14\/aperto-de-mao-fraco-pode-indicar-depressao-afirma-estudo\/#respond\"]}]},{\"@type\":\"WebPage\",\"@id\":\"https:\/\/jornalfatosenoticias.com.br\/index.php\/2023\/03\/14\/aperto-de-mao-fraco-pode-indicar-depressao-afirma-estudo\/\",\"url\":\"https:\/\/jornalfatosenoticias.com.br\/index.php\/2023\/03\/14\/aperto-de-mao-fraco-pode-indicar-depressao-afirma-estudo\/\",\"name\":\"Aperto de m\u00e3o fraco pode indicar depress\u00e3o, afirma estudo - Jornal Fatos e Not\u00edcias\",\"isPartOf\":{\"@id\":\"https:\/\/jornalfatosenoticias.com.br\/#website\"},\"primaryImageOfPage\":{\"@id\":\"https:\/\/jornalfatosenoticias.com.br\/index.php\/2023\/03\/14\/aperto-de-mao-fraco-pode-indicar-depressao-afirma-estudo\/#primaryimage\"},\"image\":{\"@id\":\"https:\/\/jornalfatosenoticias.com.br\/index.php\/2023\/03\/14\/aperto-de-mao-fraco-pode-indicar-depressao-afirma-estudo\/#primaryimage\"},\"thumbnailUrl\":\"https:\/\/jornalfatosenoticias.com.br\/wp-content\/uploads\/2023\/03\/APERTO-DE-MAO-DEPRESSAO.jpg\",\"datePublished\":\"2023-03-14T14:58:25+00:00\",\"dateModified\":\"2023-03-14T14:58:26+00:00\",\"breadcrumb\":{\"@id\":\"https:\/\/jornalfatosenoticias.com.br\/index.php\/2023\/03\/14\/aperto-de-mao-fraco-pode-indicar-depressao-afirma-estudo\/#breadcrumb\"},\"inLanguage\":\"pt-BR\",\"potentialAction\":[{\"@type\":\"ReadAction\",\"target\":[\"https:\/\/jornalfatosenoticias.com.br\/index.php\/2023\/03\/14\/aperto-de-mao-fraco-pode-indicar-depressao-afirma-estudo\/\"]}]},{\"@type\":\"ImageObject\",\"inLanguage\":\"pt-BR\",\"@id\":\"https:\/\/jornalfatosenoticias.com.br\/index.php\/2023\/03\/14\/aperto-de-mao-fraco-pode-indicar-depressao-afirma-estudo\/#primaryimage\",\"url\":\"https:\/\/jornalfatosenoticias.com.br\/wp-content\/uploads\/2023\/03\/APERTO-DE-MAO-DEPRESSAO.jpg\",\"contentUrl\":\"https:\/\/jornalfatosenoticias.com.br\/wp-content\/uploads\/2023\/03\/APERTO-DE-MAO-DEPRESSAO.jpg\",\"width\":1000,\"height\":597},{\"@type\":\"BreadcrumbList\",\"@id\":\"https:\/\/jornalfatosenoticias.com.br\/index.php\/2023\/03\/14\/aperto-de-mao-fraco-pode-indicar-depressao-afirma-estudo\/#breadcrumb\",\"itemListElement\":[{\"@type\":\"ListItem\",\"position\":1,\"name\":\"In\u00edcio\",\"item\":\"https:\/\/jornalfatosenoticias.com.br\/\"},{\"@type\":\"ListItem\",\"position\":2,\"name\":\"Aperto de m\u00e3o fraco pode indicar depress\u00e3o, afirma estudo\"}]},{\"@type\":\"WebSite\",\"@id\":\"https:\/\/jornalfatosenoticias.com.br\/#website\",\"url\":\"https:\/\/jornalfatosenoticias.com.br\/\",\"name\":\"Jornal Fatos e Not\u00edcias\",\"description\":\"Not\u00edcias em geral\",\"publisher\":{\"@id\":\"https:\/\/jornalfatosenoticias.com.br\/#organization\"},\"potentialAction\":[{\"@type\":\"SearchAction\",\"target\":{\"@type\":\"EntryPoint\",\"urlTemplate\":\"https:\/\/jornalfatosenoticias.com.br\/?s={search_term_string}\"},\"query-input\":{\"@type\":\"PropertyValueSpecification\",\"valueRequired\":true,\"valueName\":\"search_term_string\"}}],\"inLanguage\":\"pt-BR\"},{\"@type\":\"Organization\",\"@id\":\"https:\/\/jornalfatosenoticias.com.br\/#organization\",\"name\":\"Jornal Fatos e Not\u00edcias\",\"url\":\"https:\/\/jornalfatosenoticias.com.br\/\",\"logo\":{\"@type\":\"ImageObject\",\"inLanguage\":\"pt-BR\",\"@id\":\"https:\/\/jornalfatosenoticias.com.br\/#\/schema\/logo\/image\/\",\"url\":\"https:\/\/jornalfatosenoticias.com.br\/wp-content\/uploads\/2020\/02\/logo120.png\",\"contentUrl\":\"https:\/\/jornalfatosenoticias.com.br\/wp-content\/uploads\/2020\/02\/logo120.png\",\"width\":1227,\"height\":120,\"caption\":\"Jornal Fatos e Not\u00edcias\"},\"image\":{\"@id\":\"https:\/\/jornalfatosenoticias.com.br\/#\/schema\/logo\/image\/\"}},{\"@type\":\"Person\",\"@id\":\"https:\/\/jornalfatosenoticias.com.br\/#\/schema\/person\/d63837fa13ac8666eb9e74e0985d6f81\",\"name\":\"Luzimara Fernandes\",\"image\":{\"@type\":\"ImageObject\",\"inLanguage\":\"pt-BR\",\"@id\":\"https:\/\/jornalfatosenoticias.com.br\/#\/schema\/person\/image\/\",\"url\":\"https:\/\/jornalfatosenoticias.com.br\/wp-content\/uploads\/2025\/05\/EU_portal.jpg\",\"contentUrl\":\"https:\/\/jornalfatosenoticias.com.br\/wp-content\/uploads\/2025\/05\/EU_portal.jpg\",\"caption\":\"Luzimara Fernandes\"},\"description\":\"Jornalista MTB 2358-ES\",\"sameAs\":[\"https:\/\/jornalfatosenoticias.com.br\"],\"url\":\"https:\/\/jornalfatosenoticias.com.br\/index.php\/author\/luzimara\/\"}]}<\/script>\n<!-- \/ Yoast SEO plugin. -->","yoast_head_json":{"title":"Aperto de m\u00e3o fraco pode indicar depress\u00e3o, afirma estudo - Jornal Fatos e Not\u00edcias","robots":{"index":"index","follow":"follow","max-snippet":"max-snippet:-1","max-image-preview":"max-image-preview:large","max-video-preview":"max-video-preview:-1"},"canonical":"https:\/\/jornalfatosenoticias.com.br\/index.php\/2023\/03\/14\/aperto-de-mao-fraco-pode-indicar-depressao-afirma-estudo\/","og_locale":"pt_BR","og_type":"article","og_title":"Aperto de m\u00e3o fraco pode indicar depress\u00e3o, afirma estudo - Jornal Fatos e Not\u00edcias","og_description":"Estudo sul-coreano apontou que o aperto de m\u00e3o fraco pode ser um indicador precoce de depress\u00e3o. Conhe\u00e7a os sintomas da doen\u00e7a Cientistas da Faculdade de Medicina da Universidade Yonsei, na Coreia do Sul, sugerem que um simples aperto de m\u00e3o tem muito a dizer sobre uma pessoa, inclusive sobre sua sa\u00fade mental. O estudo sul-coreano [&hellip;]","og_url":"https:\/\/jornalfatosenoticias.com.br\/index.php\/2023\/03\/14\/aperto-de-mao-fraco-pode-indicar-depressao-afirma-estudo\/","og_site_name":"Jornal Fatos e Not\u00edcias","article_published_time":"2023-03-14T14:58:25+00:00","article_modified_time":"2023-03-14T14:58:26+00:00","og_image":[{"width":1000,"height":597,"url":"https:\/\/jornalfatosenoticias.com.br\/wp-content\/uploads\/2023\/03\/APERTO-DE-MAO-DEPRESSAO.jpg","type":"image\/jpeg"}],"author":"Luzimara Fernandes","twitter_card":"summary_large_image","twitter_misc":{"Escrito por":"Luzimara Fernandes","Est. tempo de leitura":"3 minutos"},"schema":{"@context":"https:\/\/schema.org","@graph":[{"@type":"Article","@id":"https:\/\/jornalfatosenoticias.com.br\/index.php\/2023\/03\/14\/aperto-de-mao-fraco-pode-indicar-depressao-afirma-estudo\/#article","isPartOf":{"@id":"https:\/\/jornalfatosenoticias.com.br\/index.php\/2023\/03\/14\/aperto-de-mao-fraco-pode-indicar-depressao-afirma-estudo\/"},"author":{"name":"Luzimara Fernandes","@id":"https:\/\/jornalfatosenoticias.com.br\/#\/schema\/person\/d63837fa13ac8666eb9e74e0985d6f81"},"headline":"Aperto de m\u00e3o fraco pode indicar depress\u00e3o, afirma estudo","datePublished":"2023-03-14T14:58:25+00:00","dateModified":"2023-03-14T14:58:26+00:00","mainEntityOfPage":{"@id":"https:\/\/jornalfatosenoticias.com.br\/index.php\/2023\/03\/14\/aperto-de-mao-fraco-pode-indicar-depressao-afirma-estudo\/"},"wordCount":576,"commentCount":0,"publisher":{"@id":"https:\/\/jornalfatosenoticias.com.br\/#organization"},"image":{"@id":"https:\/\/jornalfatosenoticias.com.br\/index.php\/2023\/03\/14\/aperto-de-mao-fraco-pode-indicar-depressao-afirma-estudo\/#primaryimage"},"thumbnailUrl":"https:\/\/jornalfatosenoticias.com.br\/wp-content\/uploads\/2023\/03\/APERTO-DE-MAO-DEPRESSAO.jpg","keywords":["aperto de m\u00e3o","Coreia do Sul","depress\u00e3o","doen\u00e7a mental","Estudo","sa\u00fade mental"],"articleSection":["Comportamento &amp; Equil\u00edbrio"],"inLanguage":"pt-BR","potentialAction":[{"@type":"CommentAction","name":"Comment","target":["https:\/\/jornalfatosenoticias.com.br\/index.php\/2023\/03\/14\/aperto-de-mao-fraco-pode-indicar-depressao-afirma-estudo\/#respond"]}]},{"@type":"WebPage","@id":"https:\/\/jornalfatosenoticias.com.br\/index.php\/2023\/03\/14\/aperto-de-mao-fraco-pode-indicar-depressao-afirma-estudo\/","url":"https:\/\/jornalfatosenoticias.com.br\/index.php\/2023\/03\/14\/aperto-de-mao-fraco-pode-indicar-depressao-afirma-estudo\/","name":"Aperto de m\u00e3o fraco pode indicar depress\u00e3o, afirma estudo - Jornal Fatos e Not\u00edcias","isPartOf":{"@id":"https:\/\/jornalfatosenoticias.com.br\/#website"},"primaryImageOfPage":{"@id":"https:\/\/jornalfatosenoticias.com.br\/index.php\/2023\/03\/14\/aperto-de-mao-fraco-pode-indicar-depressao-afirma-estudo\/#primaryimage"},"image":{"@id":"https:\/\/jornalfatosenoticias.com.br\/index.php\/2023\/03\/14\/aperto-de-mao-fraco-pode-indicar-depressao-afirma-estudo\/#primaryimage"},"thumbnailUrl":"https:\/\/jornalfatosenoticias.com.br\/wp-content\/uploads\/2023\/03\/APERTO-DE-MAO-DEPRESSAO.jpg","datePublished":"2023-03-14T14:58:25+00:00","dateModified":"2023-03-14T14:58:26+00:00","breadcrumb":{"@id":"https:\/\/jornalfatosenoticias.com.br\/index.php\/2023\/03\/14\/aperto-de-mao-fraco-pode-indicar-depressao-afirma-estudo\/#breadcrumb"},"inLanguage":"pt-BR","potentialAction":[{"@type":"ReadAction","target":["https:\/\/jornalfatosenoticias.com.br\/index.php\/2023\/03\/14\/aperto-de-mao-fraco-pode-indicar-depressao-afirma-estudo\/"]}]},{"@type":"ImageObject","inLanguage":"pt-BR","@id":"https:\/\/jornalfatosenoticias.com.br\/index.php\/2023\/03\/14\/aperto-de-mao-fraco-pode-indicar-depressao-afirma-estudo\/#primaryimage","url":"https:\/\/jornalfatosenoticias.com.br\/wp-content\/uploads\/2023\/03\/APERTO-DE-MAO-DEPRESSAO.jpg","contentUrl":"https:\/\/jornalfatosenoticias.com.br\/wp-content\/uploads\/2023\/03\/APERTO-DE-MAO-DEPRESSAO.jpg","width":1000,"height":597},{"@type":"BreadcrumbList","@id":"https:\/\/jornalfatosenoticias.com.br\/index.php\/2023\/03\/14\/aperto-de-mao-fraco-pode-indicar-depressao-afirma-estudo\/#breadcrumb","itemListElement":[{"@type":"ListItem","position":1,"name":"In\u00edcio","item":"https:\/\/jornalfatosenoticias.com.br\/"},{"@type":"ListItem","position":2,"name":"Aperto de m\u00e3o fraco pode indicar depress\u00e3o, afirma estudo"}]},{"@type":"WebSite","@id":"https:\/\/jornalfatosenoticias.com.br\/#website","url":"https:\/\/jornalfatosenoticias.com.br\/","name":"Jornal Fatos e Not\u00edcias","description":"Not\u00edcias em geral","publisher":{"@id":"https:\/\/jornalfatosenoticias.com.br\/#organization"},"potentialAction":[{"@type":"SearchAction","target":{"@type":"EntryPoint","urlTemplate":"https:\/\/jornalfatosenoticias.com.br\/?s={search_term_string}"},"query-input":{"@type":"PropertyValueSpecification","valueRequired":true,"valueName":"search_term_string"}}],"inLanguage":"pt-BR"},{"@type":"Organization","@id":"https:\/\/jornalfatosenoticias.com.br\/#organization","name":"Jornal Fatos e Not\u00edcias","url":"https:\/\/jornalfatosenoticias.com.br\/","logo":{"@type":"ImageObject","inLanguage":"pt-BR","@id":"https:\/\/jornalfatosenoticias.com.br\/#\/schema\/logo\/image\/","url":"https:\/\/jornalfatosenoticias.com.br\/wp-content\/uploads\/2020\/02\/logo120.png","contentUrl":"https:\/\/jornalfatosenoticias.com.br\/wp-content\/uploads\/2020\/02\/logo120.png","width":1227,"height":120,"caption":"Jornal Fatos e Not\u00edcias"},"image":{"@id":"https:\/\/jornalfatosenoticias.com.br\/#\/schema\/logo\/image\/"}},{"@type":"Person","@id":"https:\/\/jornalfatosenoticias.com.br\/#\/schema\/person\/d63837fa13ac8666eb9e74e0985d6f81","name":"Luzimara Fernandes","image":{"@type":"ImageObject","inLanguage":"pt-BR","@id":"https:\/\/jornalfatosenoticias.com.br\/#\/schema\/person\/image\/","url":"https:\/\/jornalfatosenoticias.com.br\/wp-content\/uploads\/2025\/05\/EU_portal.jpg","contentUrl":"https:\/\/jornalfatosenoticias.com.br\/wp-content\/uploads\/2025\/05\/EU_portal.jpg","caption":"Luzimara Fernandes"},"description":"Jornalista MTB 2358-ES","sameAs":["https:\/\/jornalfatosenoticias.com.br"],"url":"https:\/\/jornalfatosenoticias.com.br\/index.php\/author\/luzimara\/"}]}},"cc_featured_image_caption":{"caption_text":"(Foto: Shutterstock) ","source_text":"","source_url":""},"jetpack_featured_media_url":"https:\/\/jornalfatosenoticias.com.br\/wp-content\/uploads\/2023\/03\/APERTO-DE-MAO-DEPRESSAO.jpg","_links":{"self":[{"href":"https:\/\/jornalfatosenoticias.com.br\/index.php\/wp-json\/wp\/v2\/posts\/39599","targetHints":{"allow":["GET"]}}],"collection":[{"href":"https:\/\/jornalfatosenoticias.com.br\/index.php\/wp-json\/wp\/v2\/posts"}],"about":[{"href":"https:\/\/jornalfatosenoticias.com.br\/index.php\/wp-json\/wp\/v2\/types\/post"}],"author":[{"embeddable":true,"href":"https:\/\/jornalfatosenoticias.com.br\/index.php\/wp-json\/wp\/v2\/users\/2"}],"replies":[{"embeddable":true,"href":"https:\/\/jornalfatosenoticias.com.br\/index.php\/wp-json\/wp\/v2\/comments?post=39599"}],"version-history":[{"count":0,"href":"https:\/\/jornalfatosenoticias.com.br\/index.php\/wp-json\/wp\/v2\/posts\/39599\/revisions"}],"wp:featuredmedia":[{"embeddable":true,"href":"https:\/\/jornalfatosenoticias.com.br\/index.php\/wp-json\/wp\/v2\/media\/39600"}],"wp:attachment":[{"href":"https:\/\/jornalfatosenoticias.com.br\/index.php\/wp-json\/wp\/v2\/media?parent=39599"}],"wp:term":[{"taxonomy":"category","embeddable":true,"href":"https:\/\/jornalfatosenoticias.com.br\/index.php\/wp-json\/wp\/v2\/categories?post=39599"},{"taxonomy":"post_tag","embeddable":true,"href":"https:\/\/jornalfatosenoticias.com.br\/index.php\/wp-json\/wp\/v2\/tags?post=39599"}],"curies":[{"name":"wp","href":"https:\/\/api.w.org\/{rel}","templated":true}]}}